{"id":84164,"date":"2025-04-16T16:20:59","date_gmt":"2025-04-16T19:20:59","guid":{"rendered":"https:\/\/www.arquimaster.com.ar\/web\/?p=84164"},"modified":"2025-07-23T15:51:53","modified_gmt":"2025-07-23T18:51:53","slug":"restobar-cristobal-de-la-cruz-efeeme-arquitectos","status":"publish","type":"post","link":"https:\/\/www.arquimaster.com.ar\/web\/restobar-cristobal-de-la-cruz-efeeme-arquitectos\/","title":{"rendered":"Restobar Cristobal de la Cruz \/ EFEEME arquitectos"},"content":{"rendered":"<div style=\"margin-top: 0px; margin-bottom: 0px;\" class=\"sharethis-inline-share-buttons\" ><\/div><div class=\"b812932af2e751442846f039925109de\" data-index=\"1\" style=\"float: none; margin:25px 0 25px 0; text-align:center;\">\n<script async src=\"https:\/\/pagead2.googlesyndication.com\/pagead\/js\/adsbygoogle.js\"><\/script>\r\n<!-- Arquimaster (superior) -->\r\n<ins class=\"adsbygoogle\"\r\n     style=\"display:block\"\r\n     data-ad-client=\"ca-pub-6351072698456832\"\r\n     data-ad-slot=\"6455489680\"\r\n     data-ad-format=\"auto\"\r\n     data-full-width-responsive=\"true\"><\/ins>\r\n<script>\r\n     (adsbygoogle = window.adsbygoogle || []).push({});\r\n<\/script>\n<\/div>\n<p><strong>Restobar Cristobal de la Cruz<\/strong> (Villa Mar\u00eda, Pcia. de C\u00f3rdoba, Argentina) por <strong>EFEEME arquitectos<\/strong>. El proyecto se bas\u00f3 en el reciclaje de una antigua casona de principios del siglo XX, ubicada en una concurrida esquina c\u00e9ntrica de Villa Mar\u00eda, ciudad del interior de C\u00f3rdoba, Argentina. Esta construcci\u00f3n que data del a\u00f1o 1908 mantiene la impronta de \u00e9poca, donde el objetivo fue lograr un lenguaje totalizador tanto en el exterior como el interior, combinando elementos y materiales contempor\u00e1neos acordes con la nueva est\u00e9tica, pero en armon\u00eda con la construcci\u00f3n original.<\/p>\n<div id='gallery-1' class='gallery galleryid-84164 gallery-columns-3 gallery-size-thumbnail'><figure class='gallery-item'>\n\t\t\t<div class='gallery-icon landscape'>\n\t\t\t\t<a href='https:\/\/www.arquimaster.com.ar\/web\/wp-content\/uploads\/2025\/04\/cristobal_de_la_cruz_1.jpg' title=\"Restobar Cristobal de la Cruz \/ EFEEME arquitectos (\u00a9 Gonzalo Viramonte)\" data-rl_title=\"Restobar Cristobal de la Cruz \/ EFEEME arquitectos (\u00a9 Gonzalo Viramonte)\" class=\"rl-gallery-link\" data-rl_caption=\"Restobar Cristobal de la Cruz \/ EFEEME arquitectos (\u00a9 Gonzalo Viramonte)\" data-rel=\"lightbox-gallery-1\"><img loading=\"lazy\" decoding=\"async\" width=\"150\" height=\"150\" src=\"https:\/\/www.arquimaster.com.ar\/web\/wp-content\/uploads\/2025\/04\/cristobal_de_la_cruz_1-150x150.jpg\" class=\"attachment-thumbnail size-thumbnail\" alt=\"Restobar Cristobal de la Cruz \/ EFEEME arquitectos\" aria-describedby=\"gallery-1-84166\" \/><\/a>\n\t\t\t<\/div>\n\t\t\t\t<figcaption class='wp-caption-text gallery-caption' id='gallery-1-84166'>\n\t\t\t\tRestobar Cristobal de la Cruz \/ EFEEME arquitectos (\u00a9 Gonzalo Viramonte)\n\t\t\t\t<\/figcaption><\/figure><figure class='gallery-item'>\n\t\t\t<div class='gallery-icon landscape'>\n\t\t\t\t<a href='https:\/\/www.arquimaster.com.ar\/web\/wp-content\/uploads\/2025\/04\/cristobal_de_la_cruz_2.jpg' title=\"Restobar Cristobal de la Cruz \/ EFEEME arquitectos (\u00a9 Gonzalo Viramonte)\" data-rl_title=\"Restobar Cristobal de la Cruz \/ EFEEME arquitectos (\u00a9 Gonzalo Viramonte)\" class=\"rl-gallery-link\" data-rl_caption=\"Restobar Cristobal de la Cruz \/ EFEEME arquitectos (\u00a9 Gonzalo Viramonte)\" data-rel=\"lightbox-gallery-1\"><img loading=\"lazy\" decoding=\"async\" width=\"150\" height=\"150\" src=\"https:\/\/www.arquimaster.com.ar\/web\/wp-content\/uploads\/2025\/04\/cristobal_de_la_cruz_2-150x150.jpg\" class=\"attachment-thumbnail size-thumbnail\" alt=\"Restobar Cristobal de la Cruz \/ EFEEME arquitectos\" aria-describedby=\"gallery-1-84167\" \/><\/a>\n\t\t\t<\/div>\n\t\t\t\t<figcaption class='wp-caption-text gallery-caption' id='gallery-1-84167'>\n\t\t\t\tRestobar Cristobal de la Cruz \/ EFEEME arquitectos (\u00a9 Gonzalo Viramonte)\n\t\t\t\t<\/figcaption><\/figure><figure class='gallery-item'>\n\t\t\t<div class='gallery-icon landscape'>\n\t\t\t\t<a href='https:\/\/www.arquimaster.com.ar\/web\/wp-content\/uploads\/2025\/04\/cristobal_de_la_cruz_3.jpg' title=\"Restobar Cristobal de la Cruz \/ EFEEME arquitectos (\u00a9 Gonzalo Viramonte)\" data-rl_title=\"Restobar Cristobal de la Cruz \/ EFEEME arquitectos (\u00a9 Gonzalo Viramonte)\" class=\"rl-gallery-link\" data-rl_caption=\"Restobar Cristobal de la Cruz \/ EFEEME arquitectos (\u00a9 Gonzalo Viramonte)\" data-rel=\"lightbox-gallery-1\"><img loading=\"lazy\" decoding=\"async\" width=\"150\" height=\"150\" src=\"https:\/\/www.arquimaster.com.ar\/web\/wp-content\/uploads\/2025\/04\/cristobal_de_la_cruz_3-150x150.jpg\" class=\"attachment-thumbnail size-thumbnail\" alt=\"Restobar Cristobal de la Cruz \/ EFEEME arquitectos\" aria-describedby=\"gallery-1-84168\" \/><\/a>\n\t\t\t<\/div>\n\t\t\t\t<figcaption class='wp-caption-text gallery-caption' id='gallery-1-84168'>\n\t\t\t\tRestobar Cristobal de la Cruz \/ EFEEME arquitectos (\u00a9 Gonzalo Viramonte)\n\t\t\t\t<\/figcaption><\/figure><figure class='gallery-item'>\n\t\t\t<div class='gallery-icon landscape'>\n\t\t\t\t<a href='https:\/\/www.arquimaster.com.ar\/web\/wp-content\/uploads\/2025\/04\/cristobal_de_la_cruz_4.jpg' title=\"Restobar Cristobal de la Cruz \/ EFEEME arquitectos (\u00a9 Gonzalo Viramonte)\" data-rl_title=\"Restobar Cristobal de la Cruz \/ EFEEME arquitectos (\u00a9 Gonzalo Viramonte)\" class=\"rl-gallery-link\" data-rl_caption=\"Restobar Cristobal de la Cruz \/ EFEEME arquitectos (\u00a9 Gonzalo Viramonte)\" data-rel=\"lightbox-gallery-1\"><img loading=\"lazy\" decoding=\"async\" width=\"150\" height=\"150\" src=\"https:\/\/www.arquimaster.com.ar\/web\/wp-content\/uploads\/2025\/04\/cristobal_de_la_cruz_4-150x150.jpg\" class=\"attachment-thumbnail size-thumbnail\" alt=\"Restobar Cristobal de la Cruz \/ EFEEME arquitectos\" aria-describedby=\"gallery-1-84169\" \/><\/a>\n\t\t\t<\/div>\n\t\t\t\t<figcaption class='wp-caption-text gallery-caption' id='gallery-1-84169'>\n\t\t\t\tRestobar Cristobal de la Cruz \/ EFEEME arquitectos (\u00a9 Gonzalo Viramonte)\n\t\t\t\t<\/figcaption><\/figure><figure class='gallery-item'>\n\t\t\t<div class='gallery-icon landscape'>\n\t\t\t\t<a href='https:\/\/www.arquimaster.com.ar\/web\/wp-content\/uploads\/2025\/04\/cristobal_de_la_cruz_5.jpg' title=\"Restobar Cristobal de la Cruz \/ EFEEME arquitectos (\u00a9 Gonzalo Viramonte)\" data-rl_title=\"Restobar Cristobal de la Cruz \/ EFEEME arquitectos (\u00a9 Gonzalo Viramonte)\" class=\"rl-gallery-link\" data-rl_caption=\"Restobar Cristobal de la Cruz \/ EFEEME arquitectos (\u00a9 Gonzalo Viramonte)\" data-rel=\"lightbox-gallery-1\"><img loading=\"lazy\" decoding=\"async\" width=\"150\" height=\"150\" src=\"https:\/\/www.arquimaster.com.ar\/web\/wp-content\/uploads\/2025\/04\/cristobal_de_la_cruz_5-150x150.jpg\" class=\"attachment-thumbnail size-thumbnail\" alt=\"Restobar Cristobal de la Cruz \/ EFEEME arquitectos\" aria-describedby=\"gallery-1-84170\" \/><\/a>\n\t\t\t<\/div>\n\t\t\t\t<figcaption class='wp-caption-text gallery-caption' id='gallery-1-84170'>\n\t\t\t\tRestobar Cristobal de la Cruz \/ EFEEME arquitectos (\u00a9 Gonzalo Viramonte)\n\t\t\t\t<\/figcaption><\/figure><figure class='gallery-item'>\n\t\t\t<div class='gallery-icon landscape'>\n\t\t\t\t<a href='https:\/\/www.arquimaster.com.ar\/web\/wp-content\/uploads\/2025\/04\/cristobal_de_la_cruz_6.jpg' title=\"Restobar Cristobal de la Cruz \/ EFEEME arquitectos (\u00a9 Gonzalo Viramonte)\" data-rl_title=\"Restobar Cristobal de la Cruz \/ EFEEME arquitectos (\u00a9 Gonzalo Viramonte)\" class=\"rl-gallery-link\" data-rl_caption=\"Restobar Cristobal de la Cruz \/ EFEEME arquitectos (\u00a9 Gonzalo Viramonte)\" data-rel=\"lightbox-gallery-1\"><img loading=\"lazy\" decoding=\"async\" width=\"150\" height=\"150\" src=\"https:\/\/www.arquimaster.com.ar\/web\/wp-content\/uploads\/2025\/04\/cristobal_de_la_cruz_6-150x150.jpg\" class=\"attachment-thumbnail size-thumbnail\" alt=\"Restobar Cristobal de la Cruz \/ EFEEME arquitectos\" aria-describedby=\"gallery-1-84171\" \/><\/a>\n\t\t\t<\/div>\n\t\t\t\t<figcaption class='wp-caption-text gallery-caption' id='gallery-1-84171'>\n\t\t\t\tRestobar Cristobal de la Cruz \/ EFEEME arquitectos (\u00a9 Gonzalo Viramonte)\n\t\t\t\t<\/figcaption><\/figure><figure class='gallery-item'>\n\t\t\t<div class='gallery-icon landscape'>\n\t\t\t\t<a href='https:\/\/www.arquimaster.com.ar\/web\/wp-content\/uploads\/2025\/04\/cristobal_de_la_cruz_7.jpg' title=\"Restobar Cristobal de la Cruz \/ EFEEME arquitectos (\u00a9 Gonzalo Viramonte)\" data-rl_title=\"Restobar Cristobal de la Cruz \/ EFEEME arquitectos (\u00a9 Gonzalo Viramonte)\" class=\"rl-gallery-link\" data-rl_caption=\"Restobar Cristobal de la Cruz \/ EFEEME arquitectos (\u00a9 Gonzalo Viramonte)\" data-rel=\"lightbox-gallery-1\"><img loading=\"lazy\" decoding=\"async\" width=\"150\" height=\"150\" src=\"https:\/\/www.arquimaster.com.ar\/web\/wp-content\/uploads\/2025\/04\/cristobal_de_la_cruz_7-150x150.jpg\" class=\"attachment-thumbnail size-thumbnail\" alt=\"Restobar Cristobal de la Cruz \/ EFEEME arquitectos\" aria-describedby=\"gallery-1-84172\" \/><\/a>\n\t\t\t<\/div>\n\t\t\t\t<figcaption class='wp-caption-text gallery-caption' id='gallery-1-84172'>\n\t\t\t\tRestobar Cristobal de la Cruz \/ EFEEME arquitectos (\u00a9 Gonzalo Viramonte)\n\t\t\t\t<\/figcaption><\/figure><figure class='gallery-item'>\n\t\t\t<div class='gallery-icon landscape'>\n\t\t\t\t<a href='https:\/\/www.arquimaster.com.ar\/web\/wp-content\/uploads\/2025\/04\/cristobal_de_la_cruz_8.jpg' title=\"Restobar Cristobal de la Cruz \/ EFEEME arquitectos (\u00a9 Gonzalo Viramonte)\" data-rl_title=\"Restobar Cristobal de la Cruz \/ EFEEME arquitectos (\u00a9 Gonzalo Viramonte)\" class=\"rl-gallery-link\" data-rl_caption=\"Restobar Cristobal de la Cruz \/ EFEEME arquitectos (\u00a9 Gonzalo Viramonte)\" data-rel=\"lightbox-gallery-1\"><img loading=\"lazy\" decoding=\"async\" width=\"150\" height=\"150\" src=\"https:\/\/www.arquimaster.com.ar\/web\/wp-content\/uploads\/2025\/04\/cristobal_de_la_cruz_8-150x150.jpg\" class=\"attachment-thumbnail size-thumbnail\" alt=\"Restobar Cristobal de la Cruz \/ EFEEME arquitectos\" aria-describedby=\"gallery-1-84173\" \/><\/a>\n\t\t\t<\/div>\n\t\t\t\t<figcaption class='wp-caption-text gallery-caption' id='gallery-1-84173'>\n\t\t\t\tRestobar Cristobal de la Cruz \/ EFEEME arquitectos (\u00a9 Gonzalo Viramonte)\n\t\t\t\t<\/figcaption><\/figure><figure class='gallery-item'>\n\t\t\t<div class='gallery-icon landscape'>\n\t\t\t\t<a href='https:\/\/www.arquimaster.com.ar\/web\/wp-content\/uploads\/2025\/04\/cristobal_de_la_cruz_9.jpg' title=\"Restobar Cristobal de la Cruz \/ EFEEME arquitectos (\u00a9 Gonzalo Viramonte)\" data-rl_title=\"Restobar Cristobal de la Cruz \/ EFEEME arquitectos (\u00a9 Gonzalo Viramonte)\" class=\"rl-gallery-link\" data-rl_caption=\"Restobar Cristobal de la Cruz \/ EFEEME arquitectos (\u00a9 Gonzalo Viramonte)\" data-rel=\"lightbox-gallery-1\"><img loading=\"lazy\" decoding=\"async\" width=\"150\" height=\"150\" src=\"https:\/\/www.arquimaster.com.ar\/web\/wp-content\/uploads\/2025\/04\/cristobal_de_la_cruz_9-150x150.jpg\" class=\"attachment-thumbnail size-thumbnail\" alt=\"Restobar Cristobal de la Cruz \/ EFEEME arquitectos\" aria-describedby=\"gallery-1-84174\" \/><\/a>\n\t\t\t<\/div>\n\t\t\t\t<figcaption class='wp-caption-text gallery-caption' id='gallery-1-84174'>\n\t\t\t\tRestobar Cristobal de la Cruz \/ EFEEME arquitectos (\u00a9 Gonzalo Viramonte)\n\t\t\t\t<\/figcaption><\/figure><figure class='gallery-item'>\n\t\t\t<div class='gallery-icon landscape'>\n\t\t\t\t<a href='https:\/\/www.arquimaster.com.ar\/web\/wp-content\/uploads\/2025\/04\/cristobal_de_la_cruz_10.jpg' title=\"Restobar Cristobal de la Cruz \/ EFEEME arquitectos (\u00a9 Gonzalo Viramonte)\" data-rl_title=\"Restobar Cristobal de la Cruz \/ EFEEME arquitectos (\u00a9 Gonzalo Viramonte)\" class=\"rl-gallery-link\" data-rl_caption=\"Restobar Cristobal de la Cruz \/ EFEEME arquitectos (\u00a9 Gonzalo Viramonte)\" data-rel=\"lightbox-gallery-1\"><img loading=\"lazy\" decoding=\"async\" width=\"150\" height=\"150\" src=\"https:\/\/www.arquimaster.com.ar\/web\/wp-content\/uploads\/2025\/04\/cristobal_de_la_cruz_10-150x150.jpg\" class=\"attachment-thumbnail size-thumbnail\" alt=\"Restobar Cristobal de la Cruz \/ EFEEME arquitectos\" aria-describedby=\"gallery-1-84175\" \/><\/a>\n\t\t\t<\/div>\n\t\t\t\t<figcaption class='wp-caption-text gallery-caption' id='gallery-1-84175'>\n\t\t\t\tRestobar Cristobal de la Cruz \/ EFEEME arquitectos (\u00a9 Gonzalo Viramonte)\n\t\t\t\t<\/figcaption><\/figure><figure class='gallery-item'>\n\t\t\t<div class='gallery-icon landscape'>\n\t\t\t\t<a href='https:\/\/www.arquimaster.com.ar\/web\/wp-content\/uploads\/2025\/04\/cristobal_de_la_cruz_11.jpg' title=\"Restobar Cristobal de la Cruz \/ EFEEME arquitectos (\u00a9 Gonzalo Viramonte)\" data-rl_title=\"Restobar Cristobal de la Cruz \/ EFEEME arquitectos (\u00a9 Gonzalo Viramonte)\" class=\"rl-gallery-link\" data-rl_caption=\"Restobar Cristobal de la Cruz \/ EFEEME arquitectos (\u00a9 Gonzalo Viramonte)\" data-rel=\"lightbox-gallery-1\"><img loading=\"lazy\" decoding=\"async\" width=\"150\" height=\"150\" src=\"https:\/\/www.arquimaster.com.ar\/web\/wp-content\/uploads\/2025\/04\/cristobal_de_la_cruz_11-150x150.jpg\" class=\"attachment-thumbnail size-thumbnail\" alt=\"Restobar Cristobal de la Cruz \/ EFEEME arquitectos\" aria-describedby=\"gallery-1-84176\" \/><\/a>\n\t\t\t<\/div>\n\t\t\t\t<figcaption class='wp-caption-text gallery-caption' id='gallery-1-84176'>\n\t\t\t\tRestobar Cristobal de la Cruz \/ EFEEME arquitectos (\u00a9 Gonzalo Viramonte)\n\t\t\t\t<\/figcaption><\/figure><figure class='gallery-item'>\n\t\t\t<div class='gallery-icon landscape'>\n\t\t\t\t<a href='https:\/\/www.arquimaster.com.ar\/web\/wp-content\/uploads\/2025\/04\/cristobal_de_la_cruz_12.jpg' title=\"Restobar Cristobal de la Cruz \/ EFEEME arquitectos (\u00a9 Gonzalo Viramonte)\" data-rl_title=\"Restobar Cristobal de la Cruz \/ EFEEME arquitectos (\u00a9 Gonzalo Viramonte)\" class=\"rl-gallery-link\" data-rl_caption=\"Restobar Cristobal de la Cruz \/ EFEEME arquitectos (\u00a9 Gonzalo Viramonte)\" data-rel=\"lightbox-gallery-1\"><img loading=\"lazy\" decoding=\"async\" width=\"150\" height=\"150\" src=\"https:\/\/www.arquimaster.com.ar\/web\/wp-content\/uploads\/2025\/04\/cristobal_de_la_cruz_12-150x150.jpg\" class=\"attachment-thumbnail size-thumbnail\" alt=\"Restobar Cristobal de la Cruz \/ EFEEME arquitectos\" aria-describedby=\"gallery-1-84177\" \/><\/a>\n\t\t\t<\/div>\n\t\t\t\t<figcaption class='wp-caption-text gallery-caption' id='gallery-1-84177'>\n\t\t\t\tRestobar Cristobal de la Cruz \/ EFEEME arquitectos (\u00a9 Gonzalo Viramonte)\n\t\t\t\t<\/figcaption><\/figure><figure class='gallery-item'>\n\t\t\t<div class='gallery-icon landscape'>\n\t\t\t\t<a href='https:\/\/www.arquimaster.com.ar\/web\/wp-content\/uploads\/2025\/04\/cristobal_de_la_cruz_13.jpg' title=\"Restobar Cristobal de la Cruz \/ EFEEME arquitectos (\u00a9 Gonzalo Viramonte)\" data-rl_title=\"Restobar Cristobal de la Cruz \/ EFEEME arquitectos (\u00a9 Gonzalo Viramonte)\" class=\"rl-gallery-link\" data-rl_caption=\"Restobar Cristobal de la Cruz \/ EFEEME arquitectos (\u00a9 Gonzalo Viramonte)\" data-rel=\"lightbox-gallery-1\"><img loading=\"lazy\" decoding=\"async\" width=\"150\" height=\"150\" src=\"https:\/\/www.arquimaster.com.ar\/web\/wp-content\/uploads\/2025\/04\/cristobal_de_la_cruz_13-150x150.jpg\" class=\"attachment-thumbnail size-thumbnail\" alt=\"Restobar Cristobal de la Cruz \/ EFEEME arquitectos\" aria-describedby=\"gallery-1-84178\" \/><\/a>\n\t\t\t<\/div>\n\t\t\t\t<figcaption class='wp-caption-text gallery-caption' id='gallery-1-84178'>\n\t\t\t\tRestobar Cristobal de la Cruz \/ EFEEME arquitectos (\u00a9 Gonzalo Viramonte)\n\t\t\t\t<\/figcaption><\/figure><figure class='gallery-item'>\n\t\t\t<div class='gallery-icon landscape'>\n\t\t\t\t<a href='https:\/\/www.arquimaster.com.ar\/web\/wp-content\/uploads\/2025\/04\/cristobal_de_la_cruz_14.jpg' title=\"Restobar Cristobal de la Cruz \/ EFEEME arquitectos (\u00a9 Gonzalo Viramonte)\" data-rl_title=\"Restobar Cristobal de la Cruz \/ EFEEME arquitectos (\u00a9 Gonzalo Viramonte)\" class=\"rl-gallery-link\" data-rl_caption=\"Restobar Cristobal de la Cruz \/ EFEEME arquitectos (\u00a9 Gonzalo Viramonte)\" data-rel=\"lightbox-gallery-1\"><img loading=\"lazy\" decoding=\"async\" width=\"150\" height=\"150\" src=\"https:\/\/www.arquimaster.com.ar\/web\/wp-content\/uploads\/2025\/04\/cristobal_de_la_cruz_14-150x150.jpg\" class=\"attachment-thumbnail size-thumbnail\" alt=\"Restobar Cristobal de la Cruz \/ EFEEME arquitectos\" aria-describedby=\"gallery-1-84179\" \/><\/a>\n\t\t\t<\/div>\n\t\t\t\t<figcaption class='wp-caption-text gallery-caption' id='gallery-1-84179'>\n\t\t\t\tRestobar Cristobal de la Cruz \/ EFEEME arquitectos (\u00a9 Gonzalo Viramonte)\n\t\t\t\t<\/figcaption><\/figure><figure class='gallery-item'>\n\t\t\t<div class='gallery-icon landscape'>\n\t\t\t\t<a href='https:\/\/www.arquimaster.com.ar\/web\/wp-content\/uploads\/2025\/04\/cristobal_de_la_cruz_15.jpg' title=\"Restobar Cristobal de la Cruz \/ EFEEME arquitectos (\u00a9 Gonzalo Viramonte)\" data-rl_title=\"Restobar Cristobal de la Cruz \/ EFEEME arquitectos (\u00a9 Gonzalo Viramonte)\" class=\"rl-gallery-link\" data-rl_caption=\"Restobar Cristobal de la Cruz \/ EFEEME arquitectos (\u00a9 Gonzalo Viramonte)\" data-rel=\"lightbox-gallery-1\"><img loading=\"lazy\" decoding=\"async\" width=\"150\" height=\"150\" src=\"https:\/\/www.arquimaster.com.ar\/web\/wp-content\/uploads\/2025\/04\/cristobal_de_la_cruz_15-150x150.jpg\" class=\"attachment-thumbnail size-thumbnail\" alt=\"Restobar Cristobal de la Cruz \/ EFEEME arquitectos\" aria-describedby=\"gallery-1-84180\" \/><\/a>\n\t\t\t<\/div>\n\t\t\t\t<figcaption class='wp-caption-text gallery-caption' id='gallery-1-84180'>\n\t\t\t\tRestobar Cristobal de la Cruz \/ EFEEME arquitectos (\u00a9 Gonzalo Viramonte)\n\t\t\t\t<\/figcaption><\/figure><figure class='gallery-item'>\n\t\t\t<div class='gallery-icon landscape'>\n\t\t\t\t<a href='https:\/\/www.arquimaster.com.ar\/web\/wp-content\/uploads\/2025\/04\/cristobal_de_la_cruz_16.jpg' title=\"Restobar Cristobal de la Cruz \/ EFEEME arquitectos (\u00a9 Gonzalo Viramonte)\" data-rl_title=\"Restobar Cristobal de la Cruz \/ EFEEME arquitectos (\u00a9 Gonzalo Viramonte)\" class=\"rl-gallery-link\" data-rl_caption=\"Restobar Cristobal de la Cruz \/ EFEEME arquitectos (\u00a9 Gonzalo Viramonte)\" data-rel=\"lightbox-gallery-1\"><img loading=\"lazy\" decoding=\"async\" width=\"150\" height=\"150\" src=\"https:\/\/www.arquimaster.com.ar\/web\/wp-content\/uploads\/2025\/04\/cristobal_de_la_cruz_16-150x150.jpg\" class=\"attachment-thumbnail size-thumbnail\" alt=\"Restobar Cristobal de la Cruz \/ EFEEME arquitectos\" aria-describedby=\"gallery-1-84181\" srcset=\"https:\/\/www.arquimaster.com.ar\/web\/wp-content\/uploads\/2025\/04\/cristobal_de_la_cruz_16-150x150.jpg 150w, https:\/\/www.arquimaster.com.ar\/web\/wp-content\/uploads\/2025\/04\/cristobal_de_la_cruz_16-768x768.jpg 768w, https:\/\/www.arquimaster.com.ar\/web\/wp-content\/uploads\/2025\/04\/cristobal_de_la_cruz_16.jpg 1500w\" sizes=\"auto, (max-width: 150px) 100vw, 150px\" \/><\/a>\n\t\t\t<\/div>\n\t\t\t\t<figcaption class='wp-caption-text gallery-caption' id='gallery-1-84181'>\n\t\t\t\tRestobar Cristobal de la Cruz \/ EFEEME arquitectos (\u00a9 Gonzalo Viramonte)\n\t\t\t\t<\/figcaption><\/figure><figure class='gallery-item'>\n\t\t\t<div class='gallery-icon landscape'>\n\t\t\t\t<a href='https:\/\/www.arquimaster.com.ar\/web\/wp-content\/uploads\/2025\/04\/cristobal_de_la_cruz_17.jpg' title=\"Restobar Cristobal de la Cruz \/ EFEEME arquitectos (\u00a9 Gonzalo Viramonte)\" data-rl_title=\"Restobar Cristobal de la Cruz \/ EFEEME arquitectos (\u00a9 Gonzalo Viramonte)\" class=\"rl-gallery-link\" data-rl_caption=\"Restobar Cristobal de la Cruz \/ EFEEME arquitectos (\u00a9 Gonzalo Viramonte)\" data-rel=\"lightbox-gallery-1\"><img loading=\"lazy\" decoding=\"async\" width=\"150\" height=\"150\" src=\"https:\/\/www.arquimaster.com.ar\/web\/wp-content\/uploads\/2025\/04\/cristobal_de_la_cruz_17-150x150.jpg\" class=\"attachment-thumbnail size-thumbnail\" alt=\"Restobar Cristobal de la Cruz \/ EFEEME arquitectos\" aria-describedby=\"gallery-1-84182\" \/><\/a>\n\t\t\t<\/div>\n\t\t\t\t<figcaption class='wp-caption-text gallery-caption' id='gallery-1-84182'>\n\t\t\t\tRestobar Cristobal de la Cruz \/ EFEEME arquitectos (\u00a9 Gonzalo Viramonte)\n\t\t\t\t<\/figcaption><\/figure><figure class='gallery-item'>\n\t\t\t<div class='gallery-icon landscape'>\n\t\t\t\t<a href='https:\/\/www.arquimaster.com.ar\/web\/wp-content\/uploads\/2025\/04\/cristobal_de_la_cruz_18.jpg' title=\"Restobar Cristobal de la Cruz \/ EFEEME arquitectos (\u00a9 Gonzalo Viramonte)\" data-rl_title=\"Restobar Cristobal de la Cruz \/ EFEEME arquitectos (\u00a9 Gonzalo Viramonte)\" class=\"rl-gallery-link\" data-rl_caption=\"Restobar Cristobal de la Cruz \/ EFEEME arquitectos (\u00a9 Gonzalo Viramonte)\" data-rel=\"lightbox-gallery-1\"><img loading=\"lazy\" decoding=\"async\" width=\"150\" height=\"150\" src=\"https:\/\/www.arquimaster.com.ar\/web\/wp-content\/uploads\/2025\/04\/cristobal_de_la_cruz_18-150x150.jpg\" class=\"attachment-thumbnail size-thumbnail\" alt=\"Restobar Cristobal de la Cruz \/ EFEEME arquitectos\" aria-describedby=\"gallery-1-84183\" \/><\/a>\n\t\t\t<\/div>\n\t\t\t\t<figcaption class='wp-caption-text gallery-caption' id='gallery-1-84183'>\n\t\t\t\tRestobar Cristobal de la Cruz \/ EFEEME arquitectos (\u00a9 Gonzalo Viramonte)\n\t\t\t\t<\/figcaption><\/figure><figure class='gallery-item'>\n\t\t\t<div class='gallery-icon landscape'>\n\t\t\t\t<a href='https:\/\/www.arquimaster.com.ar\/web\/wp-content\/uploads\/2025\/04\/cristobal_de_la_cruz_19.jpg' title=\"Restobar Cristobal de la Cruz \/ EFEEME arquitectos (\u00a9 Gonzalo Viramonte)\" data-rl_title=\"Restobar Cristobal de la Cruz \/ EFEEME arquitectos (\u00a9 Gonzalo Viramonte)\" class=\"rl-gallery-link\" data-rl_caption=\"Restobar Cristobal de la Cruz \/ EFEEME arquitectos (\u00a9 Gonzalo Viramonte)\" data-rel=\"lightbox-gallery-1\"><img loading=\"lazy\" decoding=\"async\" width=\"150\" height=\"150\" src=\"https:\/\/www.arquimaster.com.ar\/web\/wp-content\/uploads\/2025\/04\/cristobal_de_la_cruz_19-150x150.jpg\" class=\"attachment-thumbnail size-thumbnail\" alt=\"Restobar Cristobal de la Cruz \/ EFEEME arquitectos\" aria-describedby=\"gallery-1-84184\" \/><\/a>\n\t\t\t<\/div>\n\t\t\t\t<figcaption class='wp-caption-text gallery-caption' id='gallery-1-84184'>\n\t\t\t\tRestobar Cristobal de la Cruz \/ EFEEME arquitectos (\u00a9 Gonzalo Viramonte)\n\t\t\t\t<\/figcaption><\/figure><figure class='gallery-item'>\n\t\t\t<div class='gallery-icon landscape'>\n\t\t\t\t<a href='https:\/\/www.arquimaster.com.ar\/web\/wp-content\/uploads\/2025\/04\/cristobal_de_la_cruz_20.jpg' title=\"Restobar Cristobal de la Cruz \/ EFEEME arquitectos (\u00a9 Gonzalo Viramonte)\" data-rl_title=\"Restobar Cristobal de la Cruz \/ EFEEME arquitectos (\u00a9 Gonzalo Viramonte)\" class=\"rl-gallery-link\" data-rl_caption=\"Restobar Cristobal de la Cruz \/ EFEEME arquitectos (\u00a9 Gonzalo Viramonte)\" data-rel=\"lightbox-gallery-1\"><img loading=\"lazy\" decoding=\"async\" width=\"150\" height=\"150\" src=\"https:\/\/www.arquimaster.com.ar\/web\/wp-content\/uploads\/2025\/04\/cristobal_de_la_cruz_20-150x150.jpg\" class=\"attachment-thumbnail size-thumbnail\" alt=\"Restobar Cristobal de la Cruz \/ EFEEME arquitectos\" aria-describedby=\"gallery-1-84185\" \/><\/a>\n\t\t\t<\/div>\n\t\t\t\t<figcaption class='wp-caption-text gallery-caption' id='gallery-1-84185'>\n\t\t\t\tRestobar Cristobal de la Cruz \/ EFEEME arquitectos (\u00a9 Gonzalo Viramonte)\n\t\t\t\t<\/figcaption><\/figure><figure class='gallery-item'>\n\t\t\t<div class='gallery-icon landscape'>\n\t\t\t\t<a href='https:\/\/www.arquimaster.com.ar\/web\/wp-content\/uploads\/2025\/04\/cristobal_de_la_cruz_21.jpg' title=\"Restobar Cristobal de la Cruz \/ EFEEME arquitectos (\u00a9 Gonzalo Viramonte)\" data-rl_title=\"Restobar Cristobal de la Cruz \/ EFEEME arquitectos (\u00a9 Gonzalo Viramonte)\" class=\"rl-gallery-link\" data-rl_caption=\"Restobar Cristobal de la Cruz \/ EFEEME arquitectos (\u00a9 Gonzalo Viramonte)\" data-rel=\"lightbox-gallery-1\"><img loading=\"lazy\" decoding=\"async\" width=\"150\" height=\"150\" src=\"https:\/\/www.arquimaster.com.ar\/web\/wp-content\/uploads\/2025\/04\/cristobal_de_la_cruz_21-150x150.jpg\" class=\"attachment-thumbnail size-thumbnail\" alt=\"Restobar Cristobal de la Cruz \/ EFEEME arquitectos\" aria-describedby=\"gallery-1-84186\" \/><\/a>\n\t\t\t<\/div>\n\t\t\t\t<figcaption class='wp-caption-text gallery-caption' id='gallery-1-84186'>\n\t\t\t\tRestobar Cristobal de la Cruz \/ EFEEME arquitectos (\u00a9 Gonzalo Viramonte)\n\t\t\t\t<\/figcaption><\/figure><figure class='gallery-item'>\n\t\t\t<div class='gallery-icon landscape'>\n\t\t\t\t<a href='https:\/\/www.arquimaster.com.ar\/web\/wp-content\/uploads\/2025\/04\/cristobal_de_la_cruz_22.jpg' title=\"Restobar Cristobal de la Cruz \/ EFEEME arquitectos (\u00a9 Gonzalo Viramonte)\" data-rl_title=\"Restobar Cristobal de la Cruz \/ EFEEME arquitectos (\u00a9 Gonzalo Viramonte)\" class=\"rl-gallery-link\" data-rl_caption=\"Restobar Cristobal de la Cruz \/ EFEEME arquitectos (\u00a9 Gonzalo Viramonte)\" data-rel=\"lightbox-gallery-1\"><img loading=\"lazy\" decoding=\"async\" width=\"150\" height=\"150\" src=\"https:\/\/www.arquimaster.com.ar\/web\/wp-content\/uploads\/2025\/04\/cristobal_de_la_cruz_22-150x150.jpg\" class=\"attachment-thumbnail size-thumbnail\" alt=\"Restobar Cristobal de la Cruz \/ EFEEME arquitectos\" aria-describedby=\"gallery-1-84187\" \/><\/a>\n\t\t\t<\/div>\n\t\t\t\t<figcaption class='wp-caption-text gallery-caption' id='gallery-1-84187'>\n\t\t\t\tRestobar Cristobal de la Cruz \/ EFEEME arquitectos (\u00a9 Gonzalo Viramonte)\n\t\t\t\t<\/figcaption><\/figure><figure class='gallery-item'>\n\t\t\t<div class='gallery-icon landscape'>\n\t\t\t\t<a href='https:\/\/www.arquimaster.com.ar\/web\/wp-content\/uploads\/2025\/04\/cristobal_de_la_cruz_23.jpg' title=\"Restobar Cristobal de la Cruz \/ EFEEME arquitectos (\u00a9 Gonzalo Viramonte)\" data-rl_title=\"Restobar Cristobal de la Cruz \/ EFEEME arquitectos (\u00a9 Gonzalo Viramonte)\" class=\"rl-gallery-link\" data-rl_caption=\"Restobar Cristobal de la Cruz \/ EFEEME arquitectos (\u00a9 Gonzalo Viramonte)\" data-rel=\"lightbox-gallery-1\"><img loading=\"lazy\" decoding=\"async\" width=\"150\" height=\"150\" src=\"https:\/\/www.arquimaster.com.ar\/web\/wp-content\/uploads\/2025\/04\/cristobal_de_la_cruz_23-150x150.jpg\" class=\"attachment-thumbnail size-thumbnail\" alt=\"Restobar Cristobal de la Cruz \/ EFEEME arquitectos\" aria-describedby=\"gallery-1-84188\" \/><\/a>\n\t\t\t<\/div>\n\t\t\t\t<figcaption class='wp-caption-text gallery-caption' id='gallery-1-84188'>\n\t\t\t\tRestobar Cristobal de la Cruz \/ EFEEME arquitectos (\u00a9 Gonzalo Viramonte)\n\t\t\t\t<\/figcaption><\/figure><figure class='gallery-item'>\n\t\t\t<div class='gallery-icon portrait'>\n\t\t\t\t<a href='https:\/\/www.arquimaster.com.ar\/web\/wp-content\/uploads\/2025\/04\/cristobal_de_la_cruz_24.jpg' title=\"Restobar Cristobal de la Cruz \/ EFEEME arquitectos (\u00a9 Gonzalo Viramonte)\" data-rl_title=\"Restobar Cristobal de la Cruz \/ EFEEME arquitectos (\u00a9 Gonzalo Viramonte)\" class=\"rl-gallery-link\" data-rl_caption=\"Restobar Cristobal de la Cruz \/ EFEEME arquitectos (\u00a9 Gonzalo Viramonte)\" data-rel=\"lightbox-gallery-1\"><img loading=\"lazy\" decoding=\"async\" width=\"150\" height=\"150\" src=\"https:\/\/www.arquimaster.com.ar\/web\/wp-content\/uploads\/2025\/04\/cristobal_de_la_cruz_24-150x150.jpg\" class=\"attachment-thumbnail size-thumbnail\" alt=\"Restobar Cristobal de la Cruz \/ EFEEME arquitectos\" aria-describedby=\"gallery-1-84189\" \/><\/a>\n\t\t\t<\/div>\n\t\t\t\t<figcaption class='wp-caption-text gallery-caption' id='gallery-1-84189'>\n\t\t\t\tRestobar Cristobal de la Cruz \/ EFEEME arquitectos (\u00a9 Gonzalo Viramonte)\n\t\t\t\t<\/figcaption><\/figure><figure class='gallery-item'>\n\t\t\t<div class='gallery-icon landscape'>\n\t\t\t\t<a href='https:\/\/www.arquimaster.com.ar\/web\/wp-content\/uploads\/2025\/04\/cristobal_de_la_cruz_25.jpg' title=\"Restobar Cristobal de la Cruz \/ EFEEME arquitectos (\u00a9 Gonzalo Viramonte)\" data-rl_title=\"Restobar Cristobal de la Cruz \/ EFEEME arquitectos (\u00a9 Gonzalo Viramonte)\" class=\"rl-gallery-link\" data-rl_caption=\"Restobar Cristobal de la Cruz \/ EFEEME arquitectos (\u00a9 Gonzalo Viramonte)\" data-rel=\"lightbox-gallery-1\"><img loading=\"lazy\" decoding=\"async\" width=\"150\" height=\"150\" src=\"https:\/\/www.arquimaster.com.ar\/web\/wp-content\/uploads\/2025\/04\/cristobal_de_la_cruz_25-150x150.jpg\" class=\"attachment-thumbnail size-thumbnail\" alt=\"Restobar Cristobal de la Cruz \/ EFEEME arquitectos\" aria-describedby=\"gallery-1-84190\" \/><\/a>\n\t\t\t<\/div>\n\t\t\t\t<figcaption class='wp-caption-text gallery-caption' id='gallery-1-84190'>\n\t\t\t\tRestobar Cristobal de la Cruz \/ EFEEME arquitectos (\u00a9 Gonzalo Viramonte)\n\t\t\t\t<\/figcaption><\/figure><figure class='gallery-item'>\n\t\t\t<div class='gallery-icon portrait'>\n\t\t\t\t<a href='https:\/\/www.arquimaster.com.ar\/web\/wp-content\/uploads\/2025\/04\/cristobal_de_la_cruz_26.jpg' title=\"Restobar Cristobal de la Cruz \/ EFEEME arquitectos (\u00a9 Gonzalo Viramonte)\" data-rl_title=\"Restobar Cristobal de la Cruz \/ EFEEME arquitectos (\u00a9 Gonzalo Viramonte)\" class=\"rl-gallery-link\" data-rl_caption=\"Restobar Cristobal de la Cruz \/ EFEEME arquitectos (\u00a9 Gonzalo Viramonte)\" data-rel=\"lightbox-gallery-1\"><img loading=\"lazy\" decoding=\"async\" width=\"150\" height=\"150\" src=\"https:\/\/www.arquimaster.com.ar\/web\/wp-content\/uploads\/2025\/04\/cristobal_de_la_cruz_26-150x150.jpg\" class=\"attachment-thumbnail size-thumbnail\" alt=\"Restobar Cristobal de la Cruz \/ EFEEME arquitectos\" aria-describedby=\"gallery-1-84191\" \/><\/a>\n\t\t\t<\/div>\n\t\t\t\t<figcaption class='wp-caption-text gallery-caption' id='gallery-1-84191'>\n\t\t\t\tRestobar Cristobal de la Cruz \/ EFEEME arquitectos (\u00a9 Gonzalo Viramonte)\n\t\t\t\t<\/figcaption><\/figure><figure class='gallery-item'>\n\t\t\t<div class='gallery-icon landscape'>\n\t\t\t\t<a href='https:\/\/www.arquimaster.com.ar\/web\/wp-content\/uploads\/2025\/04\/cristobal_de_la_cruz_27.jpg' title=\"Restobar Cristobal de la Cruz \/ EFEEME arquitectos (\u00a9 Gonzalo Viramonte)\" data-rl_title=\"Restobar Cristobal de la Cruz \/ EFEEME arquitectos (\u00a9 Gonzalo Viramonte)\" class=\"rl-gallery-link\" data-rl_caption=\"Restobar Cristobal de la Cruz \/ EFEEME arquitectos (\u00a9 Gonzalo Viramonte)\" data-rel=\"lightbox-gallery-1\"><img loading=\"lazy\" decoding=\"async\" width=\"150\" height=\"150\" src=\"https:\/\/www.arquimaster.com.ar\/web\/wp-content\/uploads\/2025\/04\/cristobal_de_la_cruz_27-150x150.jpg\" class=\"attachment-thumbnail size-thumbnail\" alt=\"Restobar Cristobal de la Cruz \/ EFEEME arquitectos\" aria-describedby=\"gallery-1-84192\" \/><\/a>\n\t\t\t<\/div>\n\t\t\t\t<figcaption class='wp-caption-text gallery-caption' id='gallery-1-84192'>\n\t\t\t\tRestobar Cristobal de la Cruz \/ EFEEME arquitectos (\u00a9 Gonzalo Viramonte)\n\t\t\t\t<\/figcaption><\/figure><figure class='gallery-item'>\n\t\t\t<div class='gallery-icon landscape'>\n\t\t\t\t<a href='https:\/\/www.arquimaster.com.ar\/web\/wp-content\/uploads\/2025\/04\/cristobal_de_la_cruz_28.jpg' title=\"Restobar Cristobal de la Cruz \/ EFEEME arquitectos (\u00a9 Gonzalo Viramonte)\" data-rl_title=\"Restobar Cristobal de la Cruz \/ EFEEME arquitectos (\u00a9 Gonzalo Viramonte)\" class=\"rl-gallery-link\" data-rl_caption=\"Restobar Cristobal de la Cruz \/ EFEEME arquitectos (\u00a9 Gonzalo Viramonte)\" data-rel=\"lightbox-gallery-1\"><img loading=\"lazy\" decoding=\"async\" width=\"150\" height=\"150\" src=\"https:\/\/www.arquimaster.com.ar\/web\/wp-content\/uploads\/2025\/04\/cristobal_de_la_cruz_28-150x150.jpg\" class=\"attachment-thumbnail size-thumbnail\" alt=\"Restobar Cristobal de la Cruz \/ EFEEME arquitectos\" aria-describedby=\"gallery-1-84193\" \/><\/a>\n\t\t\t<\/div>\n\t\t\t\t<figcaption class='wp-caption-text gallery-caption' id='gallery-1-84193'>\n\t\t\t\tRestobar Cristobal de la Cruz \/ EFEEME arquitectos (\u00a9 Gonzalo Viramonte)\n\t\t\t\t<\/figcaption><\/figure><figure class='gallery-item'>\n\t\t\t<div class='gallery-icon landscape'>\n\t\t\t\t<a href='https:\/\/www.arquimaster.com.ar\/web\/wp-content\/uploads\/2025\/04\/cristobal_de_la_cruz_29.jpg' title=\"Restobar Cristobal de la Cruz \/ EFEEME arquitectos (\u00a9 Gonzalo Viramonte)\" data-rl_title=\"Restobar Cristobal de la Cruz \/ EFEEME arquitectos (\u00a9 Gonzalo Viramonte)\" class=\"rl-gallery-link\" data-rl_caption=\"Restobar Cristobal de la Cruz \/ EFEEME arquitectos (\u00a9 Gonzalo Viramonte)\" data-rel=\"lightbox-gallery-1\"><img loading=\"lazy\" decoding=\"async\" width=\"150\" height=\"150\" src=\"https:\/\/www.arquimaster.com.ar\/web\/wp-content\/uploads\/2025\/04\/cristobal_de_la_cruz_29-150x150.jpg\" class=\"attachment-thumbnail size-thumbnail\" alt=\"Restobar Cristobal de la Cruz \/ EFEEME arquitectos\" aria-describedby=\"gallery-1-84194\" \/><\/a>\n\t\t\t<\/div>\n\t\t\t\t<figcaption class='wp-caption-text gallery-caption' id='gallery-1-84194'>\n\t\t\t\tRestobar Cristobal de la Cruz \/ EFEEME arquitectos (\u00a9 Gonzalo Viramonte)\n\t\t\t\t<\/figcaption><\/figure><figure class='gallery-item'>\n\t\t\t<div class='gallery-icon portrait'>\n\t\t\t\t<a href='https:\/\/www.arquimaster.com.ar\/web\/wp-content\/uploads\/2025\/04\/cristobal_de_la_cruz_30.jpg' title=\"Restobar Cristobal de la Cruz \/ EFEEME arquitectos (\u00a9 Gonzalo Viramonte)\" data-rl_title=\"Restobar Cristobal de la Cruz \/ EFEEME arquitectos (\u00a9 Gonzalo Viramonte)\" class=\"rl-gallery-link\" data-rl_caption=\"Restobar Cristobal de la Cruz \/ EFEEME arquitectos (\u00a9 Gonzalo Viramonte)\" data-rel=\"lightbox-gallery-1\"><img loading=\"lazy\" decoding=\"async\" width=\"150\" height=\"150\" src=\"https:\/\/www.arquimaster.com.ar\/web\/wp-content\/uploads\/2025\/04\/cristobal_de_la_cruz_30-150x150.jpg\" class=\"attachment-thumbnail size-thumbnail\" alt=\"Restobar Cristobal de la Cruz \/ EFEEME arquitectos\" aria-describedby=\"gallery-1-84195\" \/><\/a>\n\t\t\t<\/div>\n\t\t\t\t<figcaption class='wp-caption-text gallery-caption' id='gallery-1-84195'>\n\t\t\t\tRestobar Cristobal de la Cruz \/ EFEEME arquitectos (\u00a9 Gonzalo Viramonte)\n\t\t\t\t<\/figcaption><\/figure><figure class='gallery-item'>\n\t\t\t<div class='gallery-icon portrait'>\n\t\t\t\t<a href='https:\/\/www.arquimaster.com.ar\/web\/wp-content\/uploads\/2025\/04\/cristobal_de_la_cruz_31.jpg' title=\"Restobar Cristobal de la Cruz \/ EFEEME arquitectos (\u00a9 Gonzalo Viramonte)\" data-rl_title=\"Restobar Cristobal de la Cruz \/ EFEEME arquitectos (\u00a9 Gonzalo Viramonte)\" class=\"rl-gallery-link\" data-rl_caption=\"Restobar Cristobal de la Cruz \/ EFEEME arquitectos (\u00a9 Gonzalo Viramonte)\" data-rel=\"lightbox-gallery-1\"><img loading=\"lazy\" decoding=\"async\" width=\"150\" height=\"150\" src=\"https:\/\/www.arquimaster.com.ar\/web\/wp-content\/uploads\/2025\/04\/cristobal_de_la_cruz_31-150x150.jpg\" class=\"attachment-thumbnail size-thumbnail\" alt=\"Restobar Cristobal de la Cruz \/ EFEEME arquitectos\" aria-describedby=\"gallery-1-84196\" \/><\/a>\n\t\t\t<\/div>\n\t\t\t\t<figcaption class='wp-caption-text gallery-caption' id='gallery-1-84196'>\n\t\t\t\tRestobar Cristobal de la Cruz \/ EFEEME arquitectos (\u00a9 Gonzalo Viramonte)\n\t\t\t\t<\/figcaption><\/figure><figure class='gallery-item'>\n\t\t\t<div class='gallery-icon landscape'>\n\t\t\t\t<a href='https:\/\/www.arquimaster.com.ar\/web\/wp-content\/uploads\/2025\/04\/cristobal_de_la_cruz_32.jpg' title=\"Restobar Cristobal de la Cruz \/ EFEEME arquitectos (\u00a9 Gonzalo Viramonte)\" data-rl_title=\"Restobar Cristobal de la Cruz \/ EFEEME arquitectos (\u00a9 Gonzalo Viramonte)\" class=\"rl-gallery-link\" data-rl_caption=\"Restobar Cristobal de la Cruz \/ EFEEME arquitectos (\u00a9 Gonzalo Viramonte)\" data-rel=\"lightbox-gallery-1\"><img loading=\"lazy\" decoding=\"async\" width=\"150\" height=\"150\" src=\"https:\/\/www.arquimaster.com.ar\/web\/wp-content\/uploads\/2025\/04\/cristobal_de_la_cruz_32-150x150.jpg\" class=\"attachment-thumbnail size-thumbnail\" alt=\"Restobar Cristobal de la Cruz \/ EFEEME arquitectos\" aria-describedby=\"gallery-1-84197\" \/><\/a>\n\t\t\t<\/div>\n\t\t\t\t<figcaption class='wp-caption-text gallery-caption' id='gallery-1-84197'>\n\t\t\t\tRestobar Cristobal de la Cruz \/ EFEEME arquitectos (\u00a9 Gonzalo Viramonte)\n\t\t\t\t<\/figcaption><\/figure><figure class='gallery-item'>\n\t\t\t<div class='gallery-icon portrait'>\n\t\t\t\t<a href='https:\/\/www.arquimaster.com.ar\/web\/wp-content\/uploads\/2025\/04\/cristobal_de_la_cruz_33.jpg' title=\"Restobar Cristobal de la Cruz \/ EFEEME arquitectos (\u00a9 Gonzalo Viramonte)\" data-rl_title=\"Restobar Cristobal de la Cruz \/ EFEEME arquitectos (\u00a9 Gonzalo Viramonte)\" class=\"rl-gallery-link\" data-rl_caption=\"Restobar Cristobal de la Cruz \/ EFEEME arquitectos (\u00a9 Gonzalo Viramonte)\" data-rel=\"lightbox-gallery-1\"><img loading=\"lazy\" decoding=\"async\" width=\"150\" height=\"150\" src=\"https:\/\/www.arquimaster.com.ar\/web\/wp-content\/uploads\/2025\/04\/cristobal_de_la_cruz_33-150x150.jpg\" class=\"attachment-thumbnail size-thumbnail\" alt=\"Restobar Cristobal de la Cruz \/ EFEEME arquitectos\" aria-describedby=\"gallery-1-84198\" \/><\/a>\n\t\t\t<\/div>\n\t\t\t\t<figcaption class='wp-caption-text gallery-caption' id='gallery-1-84198'>\n\t\t\t\tRestobar Cristobal de la Cruz \/ EFEEME arquitectos (\u00a9 Gonzalo Viramonte)\n\t\t\t\t<\/figcaption><\/figure><figure class='gallery-item'>\n\t\t\t<div class='gallery-icon landscape'>\n\t\t\t\t<a href='https:\/\/www.arquimaster.com.ar\/web\/wp-content\/uploads\/2025\/04\/cristobal_de_la_cruz_34.jpg' title=\"Restobar Cristobal de la Cruz \/ EFEEME arquitectos (\u00a9 Gonzalo Viramonte)\" data-rl_title=\"Restobar Cristobal de la Cruz \/ EFEEME arquitectos (\u00a9 Gonzalo Viramonte)\" class=\"rl-gallery-link\" data-rl_caption=\"Restobar Cristobal de la Cruz \/ EFEEME arquitectos (\u00a9 Gonzalo Viramonte)\" data-rel=\"lightbox-gallery-1\"><img loading=\"lazy\" decoding=\"async\" width=\"150\" height=\"150\" src=\"https:\/\/www.arquimaster.com.ar\/web\/wp-content\/uploads\/2025\/04\/cristobal_de_la_cruz_34-150x150.jpg\" class=\"attachment-thumbnail size-thumbnail\" alt=\"Restobar Cristobal de la Cruz \/ EFEEME arquitectos\" aria-describedby=\"gallery-1-84199\" \/><\/a>\n\t\t\t<\/div>\n\t\t\t\t<figcaption class='wp-caption-text gallery-caption' id='gallery-1-84199'>\n\t\t\t\tRestobar Cristobal de la Cruz \/ EFEEME arquitectos (\u00a9 Gonzalo Viramonte)\n\t\t\t\t<\/figcaption><\/figure><figure class='gallery-item'>\n\t\t\t<div class='gallery-icon landscape'>\n\t\t\t\t<a href='https:\/\/www.arquimaster.com.ar\/web\/wp-content\/uploads\/2025\/04\/cristobal_de_la_cruz_35.jpg' title=\"Restobar Cristobal de la Cruz \/ EFEEME arquitectos (\u00a9 Gonzalo Viramonte)\" data-rl_title=\"Restobar Cristobal de la Cruz \/ EFEEME arquitectos (\u00a9 Gonzalo Viramonte)\" class=\"rl-gallery-link\" data-rl_caption=\"Restobar Cristobal de la Cruz \/ EFEEME arquitectos (\u00a9 Gonzalo Viramonte)\" data-rel=\"lightbox-gallery-1\"><img loading=\"lazy\" decoding=\"async\" width=\"150\" height=\"150\" src=\"https:\/\/www.arquimaster.com.ar\/web\/wp-content\/uploads\/2025\/04\/cristobal_de_la_cruz_35-150x150.jpg\" class=\"attachment-thumbnail size-thumbnail\" alt=\"Restobar Cristobal de la Cruz \/ EFEEME arquitectos\" aria-describedby=\"gallery-1-84200\" \/><\/a>\n\t\t\t<\/div>\n\t\t\t\t<figcaption class='wp-caption-text gallery-caption' id='gallery-1-84200'>\n\t\t\t\tRestobar Cristobal de la Cruz \/ EFEEME arquitectos (\u00a9 Gonzalo Viramonte)\n\t\t\t\t<\/figcaption><\/figure><figure class='gallery-item'>\n\t\t\t<div class='gallery-icon portrait'>\n\t\t\t\t<a href='https:\/\/www.arquimaster.com.ar\/web\/wp-content\/uploads\/2025\/04\/cristobal_de_la_cruz_36.jpg' title=\"Restobar Cristobal de la Cruz \/ EFEEME arquitectos (\u00a9 Gonzalo Viramonte)\" data-rl_title=\"Restobar Cristobal de la Cruz \/ EFEEME arquitectos (\u00a9 Gonzalo Viramonte)\" class=\"rl-gallery-link\" data-rl_caption=\"Restobar Cristobal de la Cruz \/ EFEEME arquitectos (\u00a9 Gonzalo Viramonte)\" data-rel=\"lightbox-gallery-1\"><img loading=\"lazy\" decoding=\"async\" width=\"150\" height=\"150\" src=\"https:\/\/www.arquimaster.com.ar\/web\/wp-content\/uploads\/2025\/04\/cristobal_de_la_cruz_36-150x150.jpg\" class=\"attachment-thumbnail size-thumbnail\" alt=\"Restobar Cristobal de la Cruz \/ EFEEME arquitectos\" aria-describedby=\"gallery-1-84201\" \/><\/a>\n\t\t\t<\/div>\n\t\t\t\t<figcaption class='wp-caption-text gallery-caption' id='gallery-1-84201'>\n\t\t\t\tRestobar Cristobal de la Cruz \/ EFEEME arquitectos (\u00a9 Gonzalo Viramonte)\n\t\t\t\t<\/figcaption><\/figure><figure class='gallery-item'>\n\t\t\t<div class='gallery-icon landscape'>\n\t\t\t\t<a href='https:\/\/www.arquimaster.com.ar\/web\/wp-content\/uploads\/2025\/04\/cristobal_de_la_cruz_37.jpg' title=\"Restobar Cristobal de la Cruz \/ EFEEME arquitectos (\u00a9 Gonzalo Viramonte)\" data-rl_title=\"Restobar Cristobal de la Cruz \/ EFEEME arquitectos (\u00a9 Gonzalo Viramonte)\" class=\"rl-gallery-link\" data-rl_caption=\"Restobar Cristobal de la Cruz \/ EFEEME arquitectos (\u00a9 Gonzalo Viramonte)\" data-rel=\"lightbox-gallery-1\"><img loading=\"lazy\" decoding=\"async\" width=\"150\" height=\"150\" src=\"https:\/\/www.arquimaster.com.ar\/web\/wp-content\/uploads\/2025\/04\/cristobal_de_la_cruz_37-150x150.jpg\" class=\"attachment-thumbnail size-thumbnail\" alt=\"Restobar Cristobal de la Cruz \/ EFEEME arquitectos\" aria-describedby=\"gallery-1-84202\" \/><\/a>\n\t\t\t<\/div>\n\t\t\t\t<figcaption class='wp-caption-text gallery-caption' id='gallery-1-84202'>\n\t\t\t\tRestobar Cristobal de la Cruz \/ EFEEME arquitectos (\u00a9 Gonzalo Viramonte)\n\t\t\t\t<\/figcaption><\/figure><figure class='gallery-item'>\n\t\t\t<div class='gallery-icon portrait'>\n\t\t\t\t<a href='https:\/\/www.arquimaster.com.ar\/web\/wp-content\/uploads\/2025\/04\/cristobal_de_la_cruz_38.jpg' title=\"Restobar Cristobal de la Cruz \/ EFEEME arquitectos (\u00a9 Gonzalo Viramonte)\" data-rl_title=\"Restobar Cristobal de la Cruz \/ EFEEME arquitectos (\u00a9 Gonzalo Viramonte)\" class=\"rl-gallery-link\" data-rl_caption=\"Restobar Cristobal de la Cruz \/ EFEEME arquitectos (\u00a9 Gonzalo Viramonte)\" data-rel=\"lightbox-gallery-1\"><img loading=\"lazy\" decoding=\"async\" width=\"150\" height=\"150\" src=\"https:\/\/www.arquimaster.com.ar\/web\/wp-content\/uploads\/2025\/04\/cristobal_de_la_cruz_38-150x150.jpg\" class=\"attachment-thumbnail size-thumbnail\" alt=\"Restobar Cristobal de la Cruz \/ EFEEME arquitectos\" aria-describedby=\"gallery-1-84203\" \/><\/a>\n\t\t\t<\/div>\n\t\t\t\t<figcaption class='wp-caption-text gallery-caption' id='gallery-1-84203'>\n\t\t\t\tRestobar Cristobal de la Cruz \/ EFEEME arquitectos (\u00a9 Gonzalo Viramonte)\n\t\t\t\t<\/figcaption><\/figure><figure class='gallery-item'>\n\t\t\t<div class='gallery-icon portrait'>\n\t\t\t\t<a href='https:\/\/www.arquimaster.com.ar\/web\/wp-content\/uploads\/2025\/04\/cristobal_de_la_cruz_39.jpg' title=\"Restobar Cristobal de la Cruz \/ EFEEME arquitectos (\u00a9 Gonzalo Viramonte)\" data-rl_title=\"Restobar Cristobal de la Cruz \/ EFEEME arquitectos (\u00a9 Gonzalo Viramonte)\" class=\"rl-gallery-link\" data-rl_caption=\"Restobar Cristobal de la Cruz \/ EFEEME arquitectos (\u00a9 Gonzalo Viramonte)\" data-rel=\"lightbox-gallery-1\"><img loading=\"lazy\" decoding=\"async\" width=\"150\" height=\"150\" src=\"https:\/\/www.arquimaster.com.ar\/web\/wp-content\/uploads\/2025\/04\/cristobal_de_la_cruz_39-150x150.jpg\" class=\"attachment-thumbnail size-thumbnail\" alt=\"Restobar Cristobal de la Cruz \/ EFEEME arquitectos\" aria-describedby=\"gallery-1-84204\" \/><\/a>\n\t\t\t<\/div>\n\t\t\t\t<figcaption class='wp-caption-text gallery-caption' id='gallery-1-84204'>\n\t\t\t\tRestobar Cristobal de la Cruz \/ EFEEME arquitectos (\u00a9 Gonzalo Viramonte)\n\t\t\t\t<\/figcaption><\/figure><figure class='gallery-item'>\n\t\t\t<div class='gallery-icon landscape'>\n\t\t\t\t<a href='https:\/\/www.arquimaster.com.ar\/web\/wp-content\/uploads\/2025\/04\/cristobal_de_la_cruz_40.jpg' title=\"Restobar Cristobal de la Cruz \/ EFEEME arquitectos (\u00a9 Gonzalo Viramonte)\" data-rl_title=\"Restobar Cristobal de la Cruz \/ EFEEME arquitectos (\u00a9 Gonzalo Viramonte)\" class=\"rl-gallery-link\" data-rl_caption=\"Restobar Cristobal de la Cruz \/ EFEEME arquitectos (\u00a9 Gonzalo Viramonte)\" data-rel=\"lightbox-gallery-1\"><img loading=\"lazy\" decoding=\"async\" width=\"150\" height=\"150\" src=\"https:\/\/www.arquimaster.com.ar\/web\/wp-content\/uploads\/2025\/04\/cristobal_de_la_cruz_40-150x150.jpg\" class=\"attachment-thumbnail size-thumbnail\" alt=\"Restobar Cristobal de la Cruz \/ EFEEME arquitectos\" aria-describedby=\"gallery-1-84205\" \/><\/a>\n\t\t\t<\/div>\n\t\t\t\t<figcaption class='wp-caption-text gallery-caption' id='gallery-1-84205'>\n\t\t\t\tRestobar Cristobal de la Cruz \/ EFEEME arquitectos (\u00a9 Gonzalo Viramonte)\n\t\t\t\t<\/figcaption><\/figure><figure class='gallery-item'>\n\t\t\t<div class='gallery-icon landscape'>\n\t\t\t\t<a href='https:\/\/www.arquimaster.com.ar\/web\/wp-content\/uploads\/2025\/04\/cristobal_de_la_cruz_41.jpg' title=\"Restobar Cristobal de la Cruz \/ EFEEME arquitectos (\u00a9 Gonzalo Viramonte)\" data-rl_title=\"Restobar Cristobal de la Cruz \/ EFEEME arquitectos (\u00a9 Gonzalo Viramonte)\" class=\"rl-gallery-link\" data-rl_caption=\"Restobar Cristobal de la Cruz \/ EFEEME arquitectos (\u00a9 Gonzalo Viramonte)\" data-rel=\"lightbox-gallery-1\"><img loading=\"lazy\" decoding=\"async\" width=\"150\" height=\"150\" src=\"https:\/\/www.arquimaster.com.ar\/web\/wp-content\/uploads\/2025\/04\/cristobal_de_la_cruz_41-150x150.jpg\" class=\"attachment-thumbnail size-thumbnail\" alt=\"Restobar Cristobal de la Cruz \/ EFEEME arquitectos\" aria-describedby=\"gallery-1-84206\" \/><\/a>\n\t\t\t<\/div>\n\t\t\t\t<figcaption class='wp-caption-text gallery-caption' id='gallery-1-84206'>\n\t\t\t\tRestobar Cristobal de la Cruz \/ EFEEME arquitectos (\u00a9 Gonzalo Viramonte)\n\t\t\t\t<\/figcaption><\/figure><figure class='gallery-item'>\n\t\t\t<div class='gallery-icon landscape'>\n\t\t\t\t<a href='https:\/\/www.arquimaster.com.ar\/web\/wp-content\/uploads\/2025\/04\/cristobal_de_la_cruz_42.jpg' title=\"Restobar Cristobal de la Cruz \/ EFEEME arquitectos (\u00a9 Gonzalo Viramonte)\" data-rl_title=\"Restobar Cristobal de la Cruz \/ EFEEME arquitectos (\u00a9 Gonzalo Viramonte)\" class=\"rl-gallery-link\" data-rl_caption=\"Restobar Cristobal de la Cruz \/ EFEEME arquitectos (\u00a9 Gonzalo Viramonte)\" data-rel=\"lightbox-gallery-1\"><img loading=\"lazy\" decoding=\"async\" width=\"150\" height=\"150\" src=\"https:\/\/www.arquimaster.com.ar\/web\/wp-content\/uploads\/2025\/04\/cristobal_de_la_cruz_42-150x150.jpg\" class=\"attachment-thumbnail size-thumbnail\" alt=\"Restobar Cristobal de la Cruz \/ EFEEME arquitectos\" aria-describedby=\"gallery-1-84207\" \/><\/a>\n\t\t\t<\/div>\n\t\t\t\t<figcaption class='wp-caption-text gallery-caption' id='gallery-1-84207'>\n\t\t\t\tRestobar Cristobal de la Cruz \/ EFEEME arquitectos (\u00a9 Gonzalo Viramonte)\n\t\t\t\t<\/figcaption><\/figure><figure class='gallery-item'>\n\t\t\t<div class='gallery-icon landscape'>\n\t\t\t\t<a href='https:\/\/www.arquimaster.com.ar\/web\/wp-content\/uploads\/2025\/04\/cristobal_de_la_cruz_43.jpg' title=\"Restobar Cristobal de la Cruz \/ EFEEME arquitectos (\u00a9 Gonzalo Viramonte)\" data-rl_title=\"Restobar Cristobal de la Cruz \/ EFEEME arquitectos (\u00a9 Gonzalo Viramonte)\" class=\"rl-gallery-link\" data-rl_caption=\"Restobar Cristobal de la Cruz \/ EFEEME arquitectos (\u00a9 Gonzalo Viramonte)\" data-rel=\"lightbox-gallery-1\"><img loading=\"lazy\" decoding=\"async\" width=\"150\" height=\"150\" src=\"https:\/\/www.arquimaster.com.ar\/web\/wp-content\/uploads\/2025\/04\/cristobal_de_la_cruz_43-150x150.jpg\" class=\"attachment-thumbnail size-thumbnail\" alt=\"Restobar Cristobal de la Cruz \/ EFEEME arquitectos\" aria-describedby=\"gallery-1-84208\" \/><\/a>\n\t\t\t<\/div>\n\t\t\t\t<figcaption class='wp-caption-text gallery-caption' id='gallery-1-84208'>\n\t\t\t\tRestobar Cristobal de la Cruz \/ EFEEME arquitectos (\u00a9 Gonzalo Viramonte)\n\t\t\t\t<\/figcaption><\/figure><figure class='gallery-item'>\n\t\t\t<div class='gallery-icon landscape'>\n\t\t\t\t<a href='https:\/\/www.arquimaster.com.ar\/web\/wp-content\/uploads\/2025\/04\/cristobal_de_la_cruz_44.jpg' title=\"Restobar Cristobal de la Cruz \/ EFEEME arquitectos (\u00a9 Gonzalo Viramonte)\" data-rl_title=\"Restobar Cristobal de la Cruz \/ EFEEME arquitectos (\u00a9 Gonzalo Viramonte)\" class=\"rl-gallery-link\" data-rl_caption=\"Restobar Cristobal de la Cruz \/ EFEEME arquitectos (\u00a9 Gonzalo Viramonte)\" data-rel=\"lightbox-gallery-1\"><img loading=\"lazy\" decoding=\"async\" width=\"150\" height=\"150\" src=\"https:\/\/www.arquimaster.com.ar\/web\/wp-content\/uploads\/2025\/04\/cristobal_de_la_cruz_44-150x150.jpg\" class=\"attachment-thumbnail size-thumbnail\" alt=\"Restobar Cristobal de la Cruz \/ EFEEME arquitectos\" aria-describedby=\"gallery-1-84209\" \/><\/a>\n\t\t\t<\/div>\n\t\t\t\t<figcaption class='wp-caption-text gallery-caption' id='gallery-1-84209'>\n\t\t\t\tRestobar Cristobal de la Cruz \/ EFEEME arquitectos (\u00a9 Gonzalo Viramonte)\n\t\t\t\t<\/figcaption><\/figure><figure class='gallery-item'>\n\t\t\t<div class='gallery-icon landscape'>\n\t\t\t\t<a href='https:\/\/www.arquimaster.com.ar\/web\/wp-content\/uploads\/2025\/04\/cristobal_de_la_cruz_45.jpg' title=\"Restobar Cristobal de la Cruz \/ EFEEME arquitectos (\u00a9 Gonzalo Viramonte)\" data-rl_title=\"Restobar Cristobal de la Cruz \/ EFEEME arquitectos (\u00a9 Gonzalo Viramonte)\" class=\"rl-gallery-link\" data-rl_caption=\"Restobar Cristobal de la Cruz \/ EFEEME arquitectos (\u00a9 Gonzalo Viramonte)\" data-rel=\"lightbox-gallery-1\"><img loading=\"lazy\" decoding=\"async\" width=\"150\" height=\"150\" src=\"https:\/\/www.arquimaster.com.ar\/web\/wp-content\/uploads\/2025\/04\/cristobal_de_la_cruz_45-150x150.jpg\" class=\"attachment-thumbnail size-thumbnail\" alt=\"Restobar Cristobal de la Cruz \/ EFEEME arquitectos\" aria-describedby=\"gallery-1-84210\" \/><\/a>\n\t\t\t<\/div>\n\t\t\t\t<figcaption class='wp-caption-text gallery-caption' id='gallery-1-84210'>\n\t\t\t\tRestobar Cristobal de la Cruz \/ EFEEME arquitectos (\u00a9 Gonzalo Viramonte)\n\t\t\t\t<\/figcaption><\/figure><figure class='gallery-item'>\n\t\t\t<div class='gallery-icon landscape'>\n\t\t\t\t<a href='https:\/\/www.arquimaster.com.ar\/web\/wp-content\/uploads\/2025\/04\/cristobal_de_la_cruz_46.jpg' title=\"Restobar Cristobal de la Cruz \/ EFEEME arquitectos (\u00a9 Gonzalo Viramonte)\" data-rl_title=\"Restobar Cristobal de la Cruz \/ EFEEME arquitectos (\u00a9 Gonzalo Viramonte)\" class=\"rl-gallery-link\" data-rl_caption=\"Restobar Cristobal de la Cruz \/ EFEEME arquitectos (\u00a9 Gonzalo Viramonte)\" data-rel=\"lightbox-gallery-1\"><img loading=\"lazy\" decoding=\"async\" width=\"150\" height=\"150\" src=\"https:\/\/www.arquimaster.com.ar\/web\/wp-content\/uploads\/2025\/04\/cristobal_de_la_cruz_46-150x150.jpg\" class=\"attachment-thumbnail size-thumbnail\" alt=\"Restobar Cristobal de la Cruz \/ EFEEME arquitectos\" aria-describedby=\"gallery-1-84211\" \/><\/a>\n\t\t\t<\/div>\n\t\t\t\t<figcaption class='wp-caption-text gallery-caption' id='gallery-1-84211'>\n\t\t\t\tRestobar Cristobal de la Cruz \/ EFEEME arquitectos (\u00a9 Gonzalo Viramonte)\n\t\t\t\t<\/figcaption><\/figure><figure class='gallery-item'>\n\t\t\t<div class='gallery-icon portrait'>\n\t\t\t\t<a href='https:\/\/www.arquimaster.com.ar\/web\/wp-content\/uploads\/2025\/04\/cristobal_de_la_cruz_47.jpg' title=\"Restobar Cristobal de la Cruz \/ EFEEME arquitectos (\u00a9 Gonzalo Viramonte)\" data-rl_title=\"Restobar Cristobal de la Cruz \/ EFEEME arquitectos (\u00a9 Gonzalo Viramonte)\" class=\"rl-gallery-link\" data-rl_caption=\"Restobar Cristobal de la Cruz \/ EFEEME arquitectos (\u00a9 Gonzalo Viramonte)\" data-rel=\"lightbox-gallery-1\"><img loading=\"lazy\" decoding=\"async\" width=\"150\" height=\"150\" src=\"https:\/\/www.arquimaster.com.ar\/web\/wp-content\/uploads\/2025\/04\/cristobal_de_la_cruz_47-150x150.jpg\" class=\"attachment-thumbnail size-thumbnail\" alt=\"Restobar Cristobal de la Cruz \/ EFEEME arquitectos\" aria-describedby=\"gallery-1-84212\" \/><\/a>\n\t\t\t<\/div>\n\t\t\t\t<figcaption class='wp-caption-text gallery-caption' id='gallery-1-84212'>\n\t\t\t\tRestobar Cristobal de la Cruz \/ EFEEME arquitectos (\u00a9 Gonzalo Viramonte)\n\t\t\t\t<\/figcaption><\/figure><figure class='gallery-item'>\n\t\t\t<div class='gallery-icon landscape'>\n\t\t\t\t<a href='https:\/\/www.arquimaster.com.ar\/web\/wp-content\/uploads\/2025\/04\/cristobal_de_la_cruz_48.jpg' title=\"Restobar Cristobal de la Cruz \/ EFEEME arquitectos (\u00a9 Gonzalo Viramonte)\" data-rl_title=\"Restobar Cristobal de la Cruz \/ EFEEME arquitectos (\u00a9 Gonzalo Viramonte)\" class=\"rl-gallery-link\" data-rl_caption=\"Restobar Cristobal de la Cruz \/ EFEEME arquitectos (\u00a9 Gonzalo Viramonte)\" data-rel=\"lightbox-gallery-1\"><img loading=\"lazy\" decoding=\"async\" width=\"150\" height=\"150\" src=\"https:\/\/www.arquimaster.com.ar\/web\/wp-content\/uploads\/2025\/04\/cristobal_de_la_cruz_48-150x150.jpg\" class=\"attachment-thumbnail size-thumbnail\" alt=\"Restobar Cristobal de la Cruz \/ EFEEME arquitectos\" aria-describedby=\"gallery-1-84213\" \/><\/a>\n\t\t\t<\/div>\n\t\t\t\t<figcaption class='wp-caption-text gallery-caption' id='gallery-1-84213'>\n\t\t\t\tRestobar Cristobal de la Cruz \/ EFEEME arquitectos (\u00a9 Gonzalo Viramonte)\n\t\t\t\t<\/figcaption><\/figure><figure class='gallery-item'>\n\t\t\t<div class='gallery-icon landscape'>\n\t\t\t\t<a href='https:\/\/www.arquimaster.com.ar\/web\/wp-content\/uploads\/2025\/04\/cristobal_de_la_cruz_49.jpg' title=\"Restobar Cristobal de la Cruz \/ EFEEME arquitectos (\u00a9 Gonzalo Viramonte)\" data-rl_title=\"Restobar Cristobal de la Cruz \/ EFEEME arquitectos (\u00a9 Gonzalo Viramonte)\" class=\"rl-gallery-link\" data-rl_caption=\"Restobar Cristobal de la Cruz \/ EFEEME arquitectos (\u00a9 Gonzalo Viramonte)\" data-rel=\"lightbox-gallery-1\"><img loading=\"lazy\" decoding=\"async\" width=\"150\" height=\"150\" src=\"https:\/\/www.arquimaster.com.ar\/web\/wp-content\/uploads\/2025\/04\/cristobal_de_la_cruz_49-150x150.jpg\" class=\"attachment-thumbnail size-thumbnail\" alt=\"Restobar Cristobal de la Cruz \/ EFEEME arquitectos\" aria-describedby=\"gallery-1-84214\" \/><\/a>\n\t\t\t<\/div>\n\t\t\t\t<figcaption class='wp-caption-text gallery-caption' id='gallery-1-84214'>\n\t\t\t\tRestobar Cristobal de la Cruz \/ EFEEME arquitectos (\u00a9 Gonzalo Viramonte)\n\t\t\t\t<\/figcaption><\/figure><figure class='gallery-item'>\n\t\t\t<div class='gallery-icon landscape'>\n\t\t\t\t<a href='https:\/\/www.arquimaster.com.ar\/web\/wp-content\/uploads\/2025\/04\/cristobal_de_la_cruz_50.jpg' title=\"Restobar Cristobal de la Cruz \/ EFEEME arquitectos (\u00a9 Gonzalo Viramonte)\" data-rl_title=\"Restobar Cristobal de la Cruz \/ EFEEME arquitectos (\u00a9 Gonzalo Viramonte)\" class=\"rl-gallery-link\" data-rl_caption=\"Restobar Cristobal de la Cruz \/ EFEEME arquitectos (\u00a9 Gonzalo Viramonte)\" data-rel=\"lightbox-gallery-1\"><img loading=\"lazy\" decoding=\"async\" width=\"150\" height=\"150\" src=\"https:\/\/www.arquimaster.com.ar\/web\/wp-content\/uploads\/2025\/04\/cristobal_de_la_cruz_50-150x150.jpg\" class=\"attachment-thumbnail size-thumbnail\" alt=\"Restobar Cristobal de la Cruz \/ EFEEME arquitectos\" aria-describedby=\"gallery-1-84215\" \/><\/a>\n\t\t\t<\/div>\n\t\t\t\t<figcaption class='wp-caption-text gallery-caption' id='gallery-1-84215'>\n\t\t\t\tRestobar Cristobal de la Cruz \/ EFEEME arquitectos (\u00a9 Gonzalo Viramonte)\n\t\t\t\t<\/figcaption><\/figure><figure class='gallery-item'>\n\t\t\t<div class='gallery-icon landscape'>\n\t\t\t\t<a href='https:\/\/www.arquimaster.com.ar\/web\/wp-content\/uploads\/2025\/04\/cristobal_de_la_cruz_51.jpg' title=\"Restobar Cristobal de la Cruz \/ EFEEME arquitectos (\u00a9 Gonzalo Viramonte)\" data-rl_title=\"Restobar Cristobal de la Cruz \/ EFEEME arquitectos (\u00a9 Gonzalo Viramonte)\" class=\"rl-gallery-link\" data-rl_caption=\"Restobar Cristobal de la Cruz \/ EFEEME arquitectos (\u00a9 Gonzalo Viramonte)\" data-rel=\"lightbox-gallery-1\"><img loading=\"lazy\" decoding=\"async\" width=\"150\" height=\"150\" src=\"https:\/\/www.arquimaster.com.ar\/web\/wp-content\/uploads\/2025\/04\/cristobal_de_la_cruz_51-150x150.jpg\" class=\"attachment-thumbnail size-thumbnail\" alt=\"Restobar Cristobal de la Cruz \/ EFEEME arquitectos\" aria-describedby=\"gallery-1-84216\" \/><\/a>\n\t\t\t<\/div>\n\t\t\t\t<figcaption class='wp-caption-text gallery-caption' id='gallery-1-84216'>\n\t\t\t\tRestobar Cristobal de la Cruz \/ EFEEME arquitectos (\u00a9 Gonzalo Viramonte)\n\t\t\t\t<\/figcaption><\/figure><figure class='gallery-item'>\n\t\t\t<div class='gallery-icon portrait'>\n\t\t\t\t<a href='https:\/\/www.arquimaster.com.ar\/web\/wp-content\/uploads\/2025\/04\/cristobal_de_la_cruz_52.jpg' title=\"Restobar Cristobal de la Cruz \/ EFEEME arquitectos (\u00a9 Gonzalo Viramonte)\" data-rl_title=\"Restobar Cristobal de la Cruz \/ EFEEME arquitectos (\u00a9 Gonzalo Viramonte)\" class=\"rl-gallery-link\" data-rl_caption=\"Restobar Cristobal de la Cruz \/ EFEEME arquitectos (\u00a9 Gonzalo Viramonte)\" data-rel=\"lightbox-gallery-1\"><img loading=\"lazy\" decoding=\"async\" width=\"150\" height=\"150\" src=\"https:\/\/www.arquimaster.com.ar\/web\/wp-content\/uploads\/2025\/04\/cristobal_de_la_cruz_52-150x150.jpg\" class=\"attachment-thumbnail size-thumbnail\" alt=\"Restobar Cristobal de la Cruz \/ EFEEME arquitectos\" aria-describedby=\"gallery-1-84217\" \/><\/a>\n\t\t\t<\/div>\n\t\t\t\t<figcaption class='wp-caption-text gallery-caption' id='gallery-1-84217'>\n\t\t\t\tRestobar Cristobal de la Cruz \/ EFEEME arquitectos (\u00a9 Gonzalo Viramonte)\n\t\t\t\t<\/figcaption><\/figure><figure class='gallery-item'>\n\t\t\t<div class='gallery-icon portrait'>\n\t\t\t\t<a href='https:\/\/www.arquimaster.com.ar\/web\/wp-content\/uploads\/2025\/04\/cristobal_de_la_cruz_53.jpg' title=\"Restobar Cristobal de la Cruz \/ EFEEME arquitectos (\u00a9 Gonzalo Viramonte)\" data-rl_title=\"Restobar Cristobal de la Cruz \/ EFEEME arquitectos (\u00a9 Gonzalo Viramonte)\" class=\"rl-gallery-link\" data-rl_caption=\"Restobar Cristobal de la Cruz \/ EFEEME arquitectos (\u00a9 Gonzalo Viramonte)\" data-rel=\"lightbox-gallery-1\"><img loading=\"lazy\" decoding=\"async\" width=\"150\" height=\"150\" src=\"https:\/\/www.arquimaster.com.ar\/web\/wp-content\/uploads\/2025\/04\/cristobal_de_la_cruz_53-150x150.jpg\" class=\"attachment-thumbnail size-thumbnail\" alt=\"Restobar Cristobal de la Cruz \/ EFEEME arquitectos\" aria-describedby=\"gallery-1-84218\" \/><\/a>\n\t\t\t<\/div>\n\t\t\t\t<figcaption class='wp-caption-text gallery-caption' id='gallery-1-84218'>\n\t\t\t\tRestobar Cristobal de la Cruz \/ EFEEME arquitectos (\u00a9 Gonzalo Viramonte)\n\t\t\t\t<\/figcaption><\/figure><figure class='gallery-item'>\n\t\t\t<div class='gallery-icon landscape'>\n\t\t\t\t<a href='https:\/\/www.arquimaster.com.ar\/web\/wp-content\/uploads\/2025\/04\/cristobal_de_la_cruz_54.jpg' title=\"Restobar Cristobal de la Cruz \/ EFEEME arquitectos (\u00a9 Gonzalo Viramonte)\" data-rl_title=\"Restobar Cristobal de la Cruz \/ EFEEME arquitectos (\u00a9 Gonzalo Viramonte)\" class=\"rl-gallery-link\" data-rl_caption=\"Restobar Cristobal de la Cruz \/ EFEEME arquitectos (\u00a9 Gonzalo Viramonte)\" data-rel=\"lightbox-gallery-1\"><img loading=\"lazy\" decoding=\"async\" width=\"150\" height=\"150\" src=\"https:\/\/www.arquimaster.com.ar\/web\/wp-content\/uploads\/2025\/04\/cristobal_de_la_cruz_54-150x150.jpg\" class=\"attachment-thumbnail size-thumbnail\" alt=\"Restobar Cristobal de la Cruz \/ EFEEME arquitectos\" aria-describedby=\"gallery-1-84219\" \/><\/a>\n\t\t\t<\/div>\n\t\t\t\t<figcaption class='wp-caption-text gallery-caption' id='gallery-1-84219'>\n\t\t\t\tRestobar Cristobal de la Cruz \/ EFEEME arquitectos (\u00a9 Gonzalo Viramonte)\n\t\t\t\t<\/figcaption><\/figure><figure class='gallery-item'>\n\t\t\t<div class='gallery-icon landscape'>\n\t\t\t\t<a href='https:\/\/www.arquimaster.com.ar\/web\/wp-content\/uploads\/2025\/04\/cristobal_de_la_cruz_55.jpg' title=\"Restobar Cristobal de la Cruz \/ EFEEME arquitectos (\u00a9 Gonzalo Viramonte)\" data-rl_title=\"Restobar Cristobal de la Cruz \/ EFEEME arquitectos (\u00a9 Gonzalo Viramonte)\" class=\"rl-gallery-link\" data-rl_caption=\"Restobar Cristobal de la Cruz \/ EFEEME arquitectos (\u00a9 Gonzalo Viramonte)\" data-rel=\"lightbox-gallery-1\"><img loading=\"lazy\" decoding=\"async\" width=\"150\" height=\"150\" src=\"https:\/\/www.arquimaster.com.ar\/web\/wp-content\/uploads\/2025\/04\/cristobal_de_la_cruz_55-150x150.jpg\" class=\"attachment-thumbnail size-thumbnail\" alt=\"Restobar Cristobal de la Cruz \/ EFEEME arquitectos\" aria-describedby=\"gallery-1-84220\" \/><\/a>\n\t\t\t<\/div>\n\t\t\t\t<figcaption class='wp-caption-text gallery-caption' id='gallery-1-84220'>\n\t\t\t\tRestobar Cristobal de la Cruz \/ EFEEME arquitectos (\u00a9 Gonzalo Viramonte)\n\t\t\t\t<\/figcaption><\/figure><figure class='gallery-item'>\n\t\t\t<div class='gallery-icon portrait'>\n\t\t\t\t<a href='https:\/\/www.arquimaster.com.ar\/web\/wp-content\/uploads\/2025\/04\/cristobal_de_la_cruz_56.jpg' title=\"Restobar Cristobal de la Cruz \/ EFEEME arquitectos (\u00a9 Gonzalo Viramonte)\" data-rl_title=\"Restobar Cristobal de la Cruz \/ EFEEME arquitectos (\u00a9 Gonzalo Viramonte)\" class=\"rl-gallery-link\" data-rl_caption=\"Restobar Cristobal de la Cruz \/ EFEEME arquitectos (\u00a9 Gonzalo Viramonte)\" data-rel=\"lightbox-gallery-1\"><img loading=\"lazy\" decoding=\"async\" width=\"150\" height=\"150\" src=\"https:\/\/www.arquimaster.com.ar\/web\/wp-content\/uploads\/2025\/04\/cristobal_de_la_cruz_56-150x150.jpg\" class=\"attachment-thumbnail size-thumbnail\" alt=\"Restobar Cristobal de la Cruz \/ EFEEME arquitectos\" aria-describedby=\"gallery-1-84221\" \/><\/a>\n\t\t\t<\/div>\n\t\t\t\t<figcaption class='wp-caption-text gallery-caption' id='gallery-1-84221'>\n\t\t\t\tRestobar Cristobal de la Cruz \/ EFEEME arquitectos (\u00a9 Gonzalo Viramonte)\n\t\t\t\t<\/figcaption><\/figure><figure class='gallery-item'>\n\t\t\t<div class='gallery-icon portrait'>\n\t\t\t\t<a href='https:\/\/www.arquimaster.com.ar\/web\/wp-content\/uploads\/2025\/04\/cristobal_de_la_cruz_57.jpg' title=\"Restobar Cristobal de la Cruz \/ EFEEME arquitectos (\u00a9 Gonzalo Viramonte)\" data-rl_title=\"Restobar Cristobal de la Cruz \/ EFEEME arquitectos (\u00a9 Gonzalo Viramonte)\" class=\"rl-gallery-link\" data-rl_caption=\"Restobar Cristobal de la Cruz \/ EFEEME arquitectos (\u00a9 Gonzalo Viramonte)\" data-rel=\"lightbox-gallery-1\"><img loading=\"lazy\" decoding=\"async\" width=\"150\" height=\"150\" src=\"https:\/\/www.arquimaster.com.ar\/web\/wp-content\/uploads\/2025\/04\/cristobal_de_la_cruz_57-150x150.jpg\" class=\"attachment-thumbnail size-thumbnail\" alt=\"Restobar Cristobal de la Cruz \/ EFEEME arquitectos\" aria-describedby=\"gallery-1-84222\" \/><\/a>\n\t\t\t<\/div>\n\t\t\t\t<figcaption class='wp-caption-text gallery-caption' id='gallery-1-84222'>\n\t\t\t\tRestobar Cristobal de la Cruz \/ EFEEME arquitectos (\u00a9 Gonzalo Viramonte)\n\t\t\t\t<\/figcaption><\/figure><figure class='gallery-item'>\n\t\t\t<div class='gallery-icon portrait'>\n\t\t\t\t<a href='https:\/\/www.arquimaster.com.ar\/web\/wp-content\/uploads\/2025\/04\/cristobal_de_la_cruz_58.jpg' title=\"Restobar Cristobal de la Cruz \/ EFEEME arquitectos (\u00a9 Gonzalo Viramonte)\" data-rl_title=\"Restobar Cristobal de la Cruz \/ EFEEME arquitectos (\u00a9 Gonzalo Viramonte)\" class=\"rl-gallery-link\" data-rl_caption=\"Restobar Cristobal de la Cruz \/ EFEEME arquitectos (\u00a9 Gonzalo Viramonte)\" data-rel=\"lightbox-gallery-1\"><img loading=\"lazy\" decoding=\"async\" width=\"150\" height=\"150\" src=\"https:\/\/www.arquimaster.com.ar\/web\/wp-content\/uploads\/2025\/04\/cristobal_de_la_cruz_58-150x150.jpg\" class=\"attachment-thumbnail size-thumbnail\" alt=\"Restobar Cristobal de la Cruz \/ EFEEME arquitectos\" aria-describedby=\"gallery-1-84223\" \/><\/a>\n\t\t\t<\/div>\n\t\t\t\t<figcaption class='wp-caption-text gallery-caption' id='gallery-1-84223'>\n\t\t\t\tRestobar Cristobal de la Cruz \/ EFEEME arquitectos (\u00a9 Gonzalo Viramonte)\n\t\t\t\t<\/figcaption><\/figure><figure class='gallery-item'>\n\t\t\t<div class='gallery-icon portrait'>\n\t\t\t\t<a href='https:\/\/www.arquimaster.com.ar\/web\/wp-content\/uploads\/2025\/04\/cristobal_de_la_cruz_59.jpg' title=\"Restobar Cristobal de la Cruz \/ EFEEME arquitectos (\u00a9 Gonzalo Viramonte)\" data-rl_title=\"Restobar Cristobal de la Cruz \/ EFEEME arquitectos (\u00a9 Gonzalo Viramonte)\" class=\"rl-gallery-link\" data-rl_caption=\"Restobar Cristobal de la Cruz \/ EFEEME arquitectos (\u00a9 Gonzalo Viramonte)\" data-rel=\"lightbox-gallery-1\"><img loading=\"lazy\" decoding=\"async\" width=\"150\" height=\"150\" src=\"https:\/\/www.arquimaster.com.ar\/web\/wp-content\/uploads\/2025\/04\/cristobal_de_la_cruz_59-150x150.jpg\" class=\"attachment-thumbnail size-thumbnail\" alt=\"Restobar Cristobal de la Cruz \/ EFEEME arquitectos\" aria-describedby=\"gallery-1-84224\" \/><\/a>\n\t\t\t<\/div>\n\t\t\t\t<figcaption class='wp-caption-text gallery-caption' id='gallery-1-84224'>\n\t\t\t\tRestobar Cristobal de la Cruz \/ EFEEME arquitectos (\u00a9 Gonzalo Viramonte)\n\t\t\t\t<\/figcaption><\/figure><figure class='gallery-item'>\n\t\t\t<div class='gallery-icon landscape'>\n\t\t\t\t<a href='https:\/\/www.arquimaster.com.ar\/web\/wp-content\/uploads\/2025\/04\/cristobal_de_la_cruz_60.jpg' title=\"Restobar Cristobal de la Cruz \/ EFEEME arquitectos (planta baja)\" data-rl_title=\"Restobar Cristobal de la Cruz \/ EFEEME arquitectos (planta baja)\" class=\"rl-gallery-link\" data-rl_caption=\"Restobar Cristobal de la Cruz \/ EFEEME arquitectos (planta baja)\" data-rel=\"lightbox-gallery-1\"><img loading=\"lazy\" decoding=\"async\" width=\"150\" height=\"150\" src=\"https:\/\/www.arquimaster.com.ar\/web\/wp-content\/uploads\/2025\/04\/cristobal_de_la_cruz_60-150x150.jpg\" class=\"attachment-thumbnail size-thumbnail\" alt=\"Restobar Cristobal de la Cruz \/ EFEEME arquitectos\" aria-describedby=\"gallery-1-84225\" \/><\/a>\n\t\t\t<\/div>\n\t\t\t\t<figcaption class='wp-caption-text gallery-caption' id='gallery-1-84225'>\n\t\t\t\tRestobar Cristobal de la Cruz \/ EFEEME arquitectos (planta baja)\n\t\t\t\t<\/figcaption><\/figure><figure class='gallery-item'>\n\t\t\t<div class='gallery-icon landscape'>\n\t\t\t\t<a href='https:\/\/www.arquimaster.com.ar\/web\/wp-content\/uploads\/2025\/04\/cristobal_de_la_cruz_61.jpg' title=\"Restobar Cristobal de la Cruz \/ EFEEME arquitectos (planta entrepiso)\" data-rl_title=\"Restobar Cristobal de la Cruz \/ EFEEME arquitectos (planta entrepiso)\" class=\"rl-gallery-link\" data-rl_caption=\"Restobar Cristobal de la Cruz \/ EFEEME arquitectos (planta entrepiso)\" data-rel=\"lightbox-gallery-1\"><img loading=\"lazy\" decoding=\"async\" width=\"150\" height=\"150\" src=\"https:\/\/www.arquimaster.com.ar\/web\/wp-content\/uploads\/2025\/04\/cristobal_de_la_cruz_61-150x150.jpg\" class=\"attachment-thumbnail size-thumbnail\" alt=\"Restobar Cristobal de la Cruz \/ EFEEME arquitectos\" aria-describedby=\"gallery-1-84226\" \/><\/a>\n\t\t\t<\/div>\n\t\t\t\t<figcaption class='wp-caption-text gallery-caption' id='gallery-1-84226'>\n\t\t\t\tRestobar Cristobal de la Cruz \/ EFEEME arquitectos (planta entrepiso)\n\t\t\t\t<\/figcaption><\/figure><figure class='gallery-item'>\n\t\t\t<div class='gallery-icon landscape'>\n\t\t\t\t<a href='https:\/\/www.arquimaster.com.ar\/web\/wp-content\/uploads\/2025\/04\/cristobal_de_la_cruz_62.jpg' title=\"Restobar Cristobal de la Cruz \/ EFEEME arquitectos (corte)\" data-rl_title=\"Restobar Cristobal de la Cruz \/ EFEEME arquitectos (corte)\" class=\"rl-gallery-link\" data-rl_caption=\"Restobar Cristobal de la Cruz \/ EFEEME arquitectos (corte)\" data-rel=\"lightbox-gallery-1\"><img loading=\"lazy\" decoding=\"async\" width=\"150\" height=\"150\" src=\"https:\/\/www.arquimaster.com.ar\/web\/wp-content\/uploads\/2025\/04\/cristobal_de_la_cruz_62-150x150.jpg\" class=\"attachment-thumbnail size-thumbnail\" alt=\"Restobar Cristobal de la Cruz \/ EFEEME arquitectos\" aria-describedby=\"gallery-1-84227\" \/><\/a>\n\t\t\t<\/div>\n\t\t\t\t<figcaption class='wp-caption-text gallery-caption' id='gallery-1-84227'>\n\t\t\t\tRestobar Cristobal de la Cruz \/ EFEEME arquitectos (corte)\n\t\t\t\t<\/figcaption><\/figure><figure class='gallery-item'>\n\t\t\t<div class='gallery-icon landscape'>\n\t\t\t\t<a href='https:\/\/www.arquimaster.com.ar\/web\/wp-content\/uploads\/2025\/04\/cristobal_de_la_cruz_63.jpg' title=\"Restobar Cristobal de la Cruz \/ EFEEME arquitectos (corte)\" data-rl_title=\"Restobar Cristobal de la Cruz \/ EFEEME arquitectos (corte)\" class=\"rl-gallery-link\" data-rl_caption=\"Restobar Cristobal de la Cruz \/ EFEEME arquitectos (corte)\" data-rel=\"lightbox-gallery-1\"><img loading=\"lazy\" decoding=\"async\" width=\"150\" height=\"150\" src=\"https:\/\/www.arquimaster.com.ar\/web\/wp-content\/uploads\/2025\/04\/cristobal_de_la_cruz_63-150x150.jpg\" class=\"attachment-thumbnail size-thumbnail\" alt=\"Restobar Cristobal de la Cruz \/ EFEEME arquitectos\" aria-describedby=\"gallery-1-84228\" \/><\/a>\n\t\t\t<\/div>\n\t\t\t\t<figcaption class='wp-caption-text gallery-caption' id='gallery-1-84228'>\n\t\t\t\tRestobar Cristobal de la Cruz \/ EFEEME arquitectos (corte)\n\t\t\t\t<\/figcaption><\/figure><figure class='gallery-item'>\n\t\t\t<div class='gallery-icon landscape'>\n\t\t\t\t<a href='https:\/\/www.arquimaster.com.ar\/web\/wp-content\/uploads\/2025\/04\/cristobal_de_la_cruz_64.jpg' title=\"Restobar Cristobal de la Cruz \/ EFEEME arquitectos (axonometria)\" data-rl_title=\"Restobar Cristobal de la Cruz \/ EFEEME arquitectos (axonometria)\" class=\"rl-gallery-link\" data-rl_caption=\"Restobar Cristobal de la Cruz \/ EFEEME arquitectos (axonometria)\" data-rel=\"lightbox-gallery-1\"><img loading=\"lazy\" decoding=\"async\" width=\"150\" height=\"150\" src=\"https:\/\/www.arquimaster.com.ar\/web\/wp-content\/uploads\/2025\/04\/cristobal_de_la_cruz_64-150x150.jpg\" class=\"attachment-thumbnail size-thumbnail\" alt=\"Restobar Cristobal de la Cruz \/ EFEEME arquitectos\" aria-describedby=\"gallery-1-84229\" \/><\/a>\n\t\t\t<\/div>\n\t\t\t\t<figcaption class='wp-caption-text gallery-caption' id='gallery-1-84229'>\n\t\t\t\tRestobar Cristobal de la Cruz \/ EFEEME arquitectos (axonometria)\n\t\t\t\t<\/figcaption><\/figure>\n\t\t<\/div>\n\n<p>El proyecto se estructura en dos grandes sectores: el sal\u00f3n principal y la zona de servicios, ambos adaptados a las divisiones existentes de la construcci\u00f3n.<\/p>\n<p>La distribuci\u00f3n espacial del sal\u00f3n principal, se define por la adici\u00f3n de un entrepiso que balconea sobre la imponente doble altura del techo original y a su vez hace de marquesina al espacio de la barra en la planta baja.<\/p>\n<p>El entrepiso, un espacio angosto y m\u00e1s \u00edntimo, pero a su vez conectado visual y espacialmente, busca emular la est\u00e9tica de los antiguos balcones coloniales y genera el peso visual necesario para equilibrar la proporci\u00f3n espacial. Dos murales de grandes dimensiones le otorgan color, textura y dinamismo a toda la composici\u00f3n.<\/p>\n<p>Para dotar de escala al sal\u00f3n principal se propuso una serie de l\u00e1mparas suspendidas con altura variable distribuidas en casi la totalidad de su superficie, elementos que moldean el espacio y otorgan al usuario, simult\u00e1neamente, una sensaci\u00f3n de amplitud y resguardado en planta baja y un efecto et\u00e9reo desde el entrepiso.<\/p>\n<p>La iluminaci\u00f3n indirecta otorgada por estas luminarias enaltecen la est\u00e9tica de tirantear\u00eda de madera y bovedillas del techo original encontrado en \u00f3ptimas condiciones de conservaci\u00f3n. Cuatro tragaluces circulares sobre el sector de la escalera refuerzan el paso de luz natural durante el d\u00eda a este sector.<\/p>\n<p>Las terminaciones, los detalles y el mobiliario en general son el perfecto contraste entre lo vintage y lo moderno, combinando paredes de ladrillo crudo, revestimiento de madera decapada, cielorraso de chapa oxidada, piezas de hierro, madera y tapizados de diversos estampados con acentos de iluminaci\u00f3n, color y vegetaci\u00f3n.<\/p>\n<p>El restobar es el segundo encargo del mismo comitente con 6 a\u00f1os de diferencia. La g\u00e9nesis proyectual surge a partir de una dial\u00e9ctica est\u00e9tico\/conceptual entre la b\u00fasqueda que inspiro y dio origen al nombre del primer bar Crist\u00f3bal de la Cruz [por Crist\u00f3bal Col\u00f3n] y su segundo emprendimiento Isabel de la Cruz [por Isabel la Cat\u00f3lica].<\/p>\n<p>Isabel de la Cruz deb\u00eda representar una mujer\/reina trasgresora, resiliente e ic\u00f3nica. La materializaci\u00f3n incorpora elementos y colores que pueden asociarse con facilidad a esta premisa.<\/p>\n<p>La distribuci\u00f3n general de planta baja se encuentra sectorizada por mobiliarios fijos tipo living, realizados a partir de tubos de espuma de polietileno expandido (comercializados como flota flota) forrados con telas con dise\u00f1os de autor\u00eda propia.<\/p>\n<p>La corona del cielorraso en planta baja sufre una metamorfosis mat\u00e9rica y morfol\u00f3gica hasta transformarse en una imponente ara\u00f1a de influencias barrocas realizada con mangueras pl\u00e1sticas, agua con tintura anilina e iluminaci\u00f3n tipo led, vinculando con dinamismo y continuidad narrativa ambas plantas.<\/p>\n<p>Las tramas romboidales se evidencian en diferentes escalas y materialidades, son un elemento narrativo que se despliega desde el exterior al interior. Al tratarse de materiales y composiciones de alta densidad, optamos por contrastarlo con muros lisos que tienen un degradee de color realizado artesanalmente desde el cielorraso al piso que permitan un dialogo y no una competencia con los elementos estructurales del espacio.<\/p>\n<p>El piso, las tapas de las mesas, la escalera y la mesada del bar fueron realizados con terrazo de dise\u00f1os y colores pensados espec\u00edficamente para este proyecto dentro del mismo esquema compositivo.<\/p>\n<p>El restobar ocupa la totalidad del lote y se concibe como un contenedor permeable que dialoga con la din\u00e1mica del sector peatonal que lo circunda. El gran ventanal de planta baja, hace de carta de presentaci\u00f3n desde el exterior evidenciando al usuario lo que sucede en el interior, creando situaciones interesantes para ver y ser vistos.<\/p>\n<p>El velo que reviste la fachada existente, hace de tamiz y parasol, cualificando y revelando intersticios del interior de planta alta, sector de caracter\u00edsticas mas privadas, a la vez que enaltece y otorga de escala la esquina del paseo peatonal.<\/p>\n<p><strong>M\u00e9todo de comunicaci\u00f3n peatonal<\/strong><br \/>La comunicaci\u00f3n desde sus logo e isotipo emula el mismo sistema conformado por una trama y fondo cuya naturaleza esta expresada a trav\u00e9s del ave f\u00e9nix. Los ba\u00f1os son unisex y est\u00e1n plagados de peque\u00f1os detalles que plantean siempre el mismo discurso pol\u00edtico: Donde reina el amor, sobran las leyes.<\/p>\n\n\n<div style=\"height:20px\" aria-hidden=\"true\" class=\"wp-block-spacer\"><\/div>\n\n\n\n<p class=\"has-background\" style=\"background-color:#eaeaea\"><strong>Ficha t\u00e9cnica<\/strong><br>Nombre: Cristobal de la Cruz [restobar + pasteler\u00eda boutique Misscaroline]<br>Ubicaci\u00f3n: Villa Mar\u00eda, Pcia. de C\u00f3rdoba, Argentina<br>Arquitectos: EFEEME arquitectos [Flavio Diaz, Marina Alves Carneiro]<br>Artista Pl\u00e1stico: Nani Cabral<br>Dise\u00f1o Gr\u00e1fico: Aldana Cismondi<br>Carpinter\u00eda y herrer\u00eda: Alberto Raga\u00a0<br>Carpinter\u00eda, herrer\u00eda y restauraci\u00f3n en obra: Carlos Miret<br>Instalaciones el\u00e9ctricas e iluminaci\u00f3n: Victor Becerra<br>Instalaciones sanitarias: Javier Toledo<br>Trabajos de alba\u00f1iler\u00eda, pintura y restauraciones en obra: Rene Lopez, Luis Callejo<br>Carteler\u00eda exterior e interior: Alejandro Paviolo, Eduardo Veronesse<br>Superficie: 237 m2<br>A\u00f1o Proyecto: 2020<br>Fotografias: Gonzalo Viramonte<br>Sitio web: https:\/\/efeemearq.com.ar<br>Instagram: @efeemearquitectos<\/p>\n\n\n\n<div style=\"height:40px\" aria-hidden=\"true\" class=\"wp-block-spacer\"><\/div>\n\n\n<p><strong><em>English version<\/em><\/strong><\/p>\n<p><em>The project was based on the recycling of an old house from the early twentieth century, located in a busy downtown corner of Villa Mar\u00eda, a city in the interior of C\u00f3rdoba, Argentina.<\/em><\/p>\n<p><em>This construction, which dates back to 1908, maintains the imprint of the period, where the objective was to achieve a totalizing language both on the exterior and on the interior, combining contemporary elements and materials in accordance with the new aesthetics, but in harmony with the original construction.<\/em><\/p>\n<p><em>The project is structured in two large sectors: the main hall and the service area, both adapted to the existing divisions of the building.<\/em><\/p>\n<p><em>The spatial distribution of the main living room is defined by the addition of a mezzanine that balconies over the imposing double height of the original ceiling and in turn acts as a canopy for the bar space on the ground floor.<\/em><\/p>\n<p><em>The mezzanine, a narrow and more intimate space, but at the same time visually and spatially connected, seeks to emulate the aesthetics of the old colonial balconies and generates the necessary visual weight to balance the spatial proportion. Two large murals give color, texture and dynamism to the entire composition.<\/em><\/p>\n<p><em>To give scale to the main hall, a series of suspended lamps with variable height distributed over almost its entire surface was proposed, elements that shape the space and give the user, simultaneously, a feeling of spaciousness and shelter on the ground floor and an ethereal effect from the mezzanine.<\/em><\/p>\n<p><em>The indirect lighting provided by these luminaires enhances the aesthetics of wooden braces and vaults of the original ceiling found in optimal conditions of conservation. Four circular skylights over the staircase sector reinforce the passage of natural light during the day to this sector.<\/em><\/p>\n<p><em>The finishes, details and furniture in general are the perfect contrast between vintage and modern, combining raw brick walls, pickled wood cladding, rusty sheet metal ceiling, iron pieces, wood and upholstery of various patterns with accents of lighting, color and vegetation.<\/em><\/p>\n<p><em>The restobar is located on a busy corner in the downtown area of Villa Mar\u00eda, C\u00f3rdoba, Argentina. It is the second commission from the same client 6 years apart.<\/em><\/p>\n<p><em>The genesis of the project arises from an aesthetic\/conceptual dialectic between the search that inspired and gave rise to the name of the first bar Crist\u00f3bal de la Cruz [after Christopher Columbus] and his second venture Isabel de la Cruz [after Isabel the Catholic].<\/em><\/p>\n<p><em>Isabel de la Cruz had to represent a transgressive, resilient and iconic woman\/queen. The materialization incorporates elements and colors that can be easily associated with this premise.<\/em><\/p>\n<p><em>The general distribution of the ground floor is sectored by fixed living-type furniture, made from expanded polyethylene foam tubes (marketed as flota flota) lined with fabrics with designs of their own authorship. The crown of the ceiling on the ground floor undergoes a material and morphological metamorphosis until it is transformed into an imposing chandelier of baroque influences made with plastic hoses, water with aniline dye and LED lighting, linking both floors with dynamism and narrative continuity.<\/em><\/p>\n<p><em>The rhomboidal plots are evident in different scales and materialities, they are a narrative element that unfolds from the outside to the inside. As these are high-density materials and compositions, we chose to contrast it with smooth walls that have a color gradient made by hand from the ceiling to the floor that allow a dialogue and not a competition with the structural elements of the space.<\/em><\/p>\n<p><em>The floor, the table tops, the staircase and the bar counter were made with terrazzo of designs and colors designed specifically for this project within the same compositional scheme.<\/em><\/p>\n<p><em>The restobar occupies the entire lot and is conceived as a permeable container that dialogues with the dynamics of the pedestrian sector that surrounds it. The large window on the ground floor acts as a letter of introduction from the outside, showing the user what is happening inside, creating interesting situations to see and be seen.<\/em><\/p>\n<p><em>The veil that covers the existing fa\u00e7ade acts as a sieve and parasol, qualifying and revealing interstices of the interior of the upper floor, a sector with more private characteristics, while enhancing and giving scale to the corner of the pedestrian walkway.<\/em><\/p>\n<p><strong><em>Pedestrian communication method<\/em><\/strong><br \/><em>The communication from its logo and isotype emulates the same system made up of a plot and background whose nature is expressed through the phoenix. The bathrooms are unisex and are full of small details that always raise the same political discourse: Where love reigns, laws are superfluous.<\/em><\/p>\n<div style=\"font-size: 0px; height: 0px; line-height: 0px; margin: 0; padding: 0; clear: both;\"><\/div><div style=\"margin-top: 0px; margin-bottom: 0px;\" class=\"sharethis-inline-share-buttons\" ><\/div>","protected":false},"excerpt":{"rendered":"<p>Reciclaje de una antigua casona combinando elementos y materiales contempor\u00e1neos&#8230;<\/p>\n","protected":false},"author":1,"featured_media":84165,"comment_status":"closed","ping_status":"closed","sticky":false,"template":"","format":"standard","meta":{"_uag_custom_page_level_css":"","footnotes":""},"categories":[75,1],"tags":[14,1233,5794,228,8190,8191,1460,6526,8192,8193,257,8084,791],"class_list":["post-84164","post","type-post","status-publish","format-standard","has-post-thumbnail","hentry","category-arquitectura-comercial","category-proyecto","tag-argentina","tag-arquitectura-comercial-2","tag-arquitectura-gastronomica","tag-cordoba","tag-efeeme-arquitectos","tag-flavio-diaz","tag-gastronomia","tag-local-de-comidas","tag-marina-alves-carneiro","tag-pasteleria","tag-restaurante","tag-restobar","tag-villa-maria","generate-columns","tablet-grid-50","mobile-grid-100","grid-parent","grid-50"],"yoast_head":"<!-- This site is optimized with the Yoast SEO plugin v27.3 - https:\/\/yoast.com\/product\/yoast-seo-wordpress\/ -->\n<title>Restobar Cristobal de la Cruz \/ EFEEME arquitectos - Arquimaster<\/title>\n<meta name=\"description\" content=\"Reciclaje de una antigua casona logrando un lenguaje totalizador que combina elementos y materiales contempor\u00e1neos en armon\u00eda con la construcci\u00f3n original.\" \/>\n<meta name=\"robots\" content=\"index, follow, max-snippet:-1, max-image-preview:large, max-video-preview:-1\" \/>\n<link rel=\"canonical\" href=\"https:\/\/www.arquimaster.com.ar\/web\/restobar-cristobal-de-la-cruz-efeeme-arquitectos\/\" \/>\n<meta property=\"og:locale\" content=\"es_ES\" \/>\n<meta property=\"og:type\" content=\"article\" \/>\n<meta property=\"og:title\" content=\"Restobar Cristobal de la Cruz \/ EFEEME arquitectos\" \/>\n<meta property=\"og:description\" content=\"Reciclaje de una antigua casona logrando un lenguaje totalizador que combina elementos y materiales contempor\u00e1neos en armon\u00eda con la construcci\u00f3n original.\" \/>\n<meta property=\"og:url\" content=\"https:\/\/www.arquimaster.com.ar\/web\/restobar-cristobal-de-la-cruz-efeeme-arquitectos\/\" \/>\n<meta property=\"og:site_name\" content=\"Arquimaster\" \/>\n<meta property=\"article:publisher\" content=\"http:\/\/www.facebook.com\/ARQUIMASTER.com.ar\" \/>\n<meta property=\"article:published_time\" content=\"2025-04-16T19:20:59+00:00\" \/>\n<meta property=\"article:modified_time\" content=\"2025-07-23T18:51:53+00:00\" \/>\n<meta property=\"og:image\" content=\"https:\/\/www.arquimaster.com.ar\/web\/wp-content\/uploads\/2025\/04\/cristobal_de_la_cruz_slide.jpg\" \/>\n\t<meta property=\"og:image:width\" content=\"698\" \/>\n\t<meta property=\"og:image:height\" content=\"364\" \/>\n\t<meta property=\"og:image:type\" content=\"image\/jpeg\" \/>\n<meta name=\"author\" content=\"Arquimaster\" \/>\n<meta name=\"twitter:card\" content=\"summary_large_image\" \/>\n<meta name=\"twitter:title\" content=\"Restobar Cristobal de la Cruz \/ EFEEME arquitectos\" \/>\n<meta name=\"twitter:description\" content=\"Reciclaje de una antigua casona logrando un lenguaje totalizador que combina elementos y materiales contempor\u00e1neos en armon\u00eda con la construcci\u00f3n original.\" \/>\n<meta name=\"twitter:image\" content=\"https:\/\/www.arquimaster.com.ar\/web\/wp-content\/uploads\/2025\/04\/cristobal_de_la_cruz_slide.jpg\" \/>\n<meta name=\"twitter:creator\" content=\"@arquimaster\" \/>\n<meta name=\"twitter:site\" content=\"@arquimaster\" \/>\n<meta name=\"twitter:label1\" content=\"Escrito por\" \/>\n\t<meta name=\"twitter:data1\" content=\"Arquimaster\" \/>\n\t<meta name=\"twitter:label2\" content=\"Tiempo de lectura\" \/>\n\t<meta name=\"twitter:data2\" content=\"8 minutos\" \/>\n<script type=\"application\/ld+json\" class=\"yoast-schema-graph\">{\"@context\":\"https:\\\/\\\/schema.org\",\"@graph\":[{\"@type\":\"Article\",\"@id\":\"https:\\\/\\\/www.arquimaster.com.ar\\\/web\\\/restobar-cristobal-de-la-cruz-efeeme-arquitectos\\\/#article\",\"isPartOf\":{\"@id\":\"https:\\\/\\\/www.arquimaster.com.ar\\\/web\\\/restobar-cristobal-de-la-cruz-efeeme-arquitectos\\\/\"},\"author\":{\"name\":\"Arquimaster\",\"@id\":\"https:\\\/\\\/www.arquimaster.com.ar\\\/web\\\/#\\\/schema\\\/person\\\/359e9f7c00193fcde068e0dd2ceb0028\"},\"headline\":\"Restobar Cristobal de la Cruz \\\/ EFEEME arquitectos\",\"datePublished\":\"2025-04-16T19:20:59+00:00\",\"dateModified\":\"2025-07-23T18:51:53+00:00\",\"mainEntityOfPage\":{\"@id\":\"https:\\\/\\\/www.arquimaster.com.ar\\\/web\\\/restobar-cristobal-de-la-cruz-efeeme-arquitectos\\\/\"},\"wordCount\":1696,\"publisher\":{\"@id\":\"https:\\\/\\\/www.arquimaster.com.ar\\\/web\\\/#organization\"},\"image\":{\"@id\":\"https:\\\/\\\/www.arquimaster.com.ar\\\/web\\\/restobar-cristobal-de-la-cruz-efeeme-arquitectos\\\/#primaryimage\"},\"thumbnailUrl\":\"https:\\\/\\\/www.arquimaster.com.ar\\\/web\\\/wp-content\\\/uploads\\\/2025\\\/04\\\/cristobal_de_la_cruz_slide.jpg\",\"keywords\":[\"Argentina\",\"arquitectura comercial\",\"arquitectura gastronomica\",\"C\u00f3rdoba\",\"EFEEME arquitectos\",\"Flavio Diaz\",\"gastronomia\",\"local de comidas\",\"Marina Alves Carneiro\",\"pasteler\u00eda\",\"restaurante\",\"restobar\",\"Villa Mar\u00eda\"],\"articleSection\":[\"Arquitectura comercial\",\"Proyecto\"],\"inLanguage\":\"es\"},{\"@type\":\"WebPage\",\"@id\":\"https:\\\/\\\/www.arquimaster.com.ar\\\/web\\\/restobar-cristobal-de-la-cruz-efeeme-arquitectos\\\/\",\"url\":\"https:\\\/\\\/www.arquimaster.com.ar\\\/web\\\/restobar-cristobal-de-la-cruz-efeeme-arquitectos\\\/\",\"name\":\"Restobar Cristobal de la Cruz \\\/ EFEEME arquitectos - Arquimaster\",\"isPartOf\":{\"@id\":\"https:\\\/\\\/www.arquimaster.com.ar\\\/web\\\/#website\"},\"primaryImageOfPage\":{\"@id\":\"https:\\\/\\\/www.arquimaster.com.ar\\\/web\\\/restobar-cristobal-de-la-cruz-efeeme-arquitectos\\\/#primaryimage\"},\"image\":{\"@id\":\"https:\\\/\\\/www.arquimaster.com.ar\\\/web\\\/restobar-cristobal-de-la-cruz-efeeme-arquitectos\\\/#primaryimage\"},\"thumbnailUrl\":\"https:\\\/\\\/www.arquimaster.com.ar\\\/web\\\/wp-content\\\/uploads\\\/2025\\\/04\\\/cristobal_de_la_cruz_slide.jpg\",\"datePublished\":\"2025-04-16T19:20:59+00:00\",\"dateModified\":\"2025-07-23T18:51:53+00:00\",\"description\":\"Reciclaje de una antigua casona logrando un lenguaje totalizador que combina elementos y materiales contempor\u00e1neos en armon\u00eda con la construcci\u00f3n original.\",\"breadcrumb\":{\"@id\":\"https:\\\/\\\/www.arquimaster.com.ar\\\/web\\\/restobar-cristobal-de-la-cruz-efeeme-arquitectos\\\/#breadcrumb\"},\"inLanguage\":\"es\",\"potentialAction\":[{\"@type\":\"ReadAction\",\"target\":[\"https:\\\/\\\/www.arquimaster.com.ar\\\/web\\\/restobar-cristobal-de-la-cruz-efeeme-arquitectos\\\/\"]}]},{\"@type\":\"ImageObject\",\"inLanguage\":\"es\",\"@id\":\"https:\\\/\\\/www.arquimaster.com.ar\\\/web\\\/restobar-cristobal-de-la-cruz-efeeme-arquitectos\\\/#primaryimage\",\"url\":\"https:\\\/\\\/www.arquimaster.com.ar\\\/web\\\/wp-content\\\/uploads\\\/2025\\\/04\\\/cristobal_de_la_cruz_slide.jpg\",\"contentUrl\":\"https:\\\/\\\/www.arquimaster.com.ar\\\/web\\\/wp-content\\\/uploads\\\/2025\\\/04\\\/cristobal_de_la_cruz_slide.jpg\",\"width\":698,\"height\":364,\"caption\":\"Restobar Cristobal de la Cruz \\\/ EFEEME arquitectos\"},{\"@type\":\"BreadcrumbList\",\"@id\":\"https:\\\/\\\/www.arquimaster.com.ar\\\/web\\\/restobar-cristobal-de-la-cruz-efeeme-arquitectos\\\/#breadcrumb\",\"itemListElement\":[{\"@type\":\"ListItem\",\"position\":1,\"name\":\"Portada\",\"item\":\"https:\\\/\\\/www.arquimaster.com.ar\\\/web\\\/\"},{\"@type\":\"ListItem\",\"position\":2,\"name\":\"Restobar Cristobal de la Cruz \\\/ EFEEME arquitectos\"}]},{\"@type\":\"WebSite\",\"@id\":\"https:\\\/\\\/www.arquimaster.com.ar\\\/web\\\/#website\",\"url\":\"https:\\\/\\\/www.arquimaster.com.ar\\\/web\\\/\",\"name\":\"Arquimaster\",\"description\":\"Web de arquitectura, dise\u00f1o y construccion\",\"publisher\":{\"@id\":\"https:\\\/\\\/www.arquimaster.com.ar\\\/web\\\/#organization\"},\"potentialAction\":[{\"@type\":\"SearchAction\",\"target\":{\"@type\":\"EntryPoint\",\"urlTemplate\":\"https:\\\/\\\/www.arquimaster.com.ar\\\/web\\\/?s={search_term_string}\"},\"query-input\":{\"@type\":\"PropertyValueSpecification\",\"valueRequired\":true,\"valueName\":\"search_term_string\"}}],\"inLanguage\":\"es\"},{\"@type\":\"Organization\",\"@id\":\"https:\\\/\\\/www.arquimaster.com.ar\\\/web\\\/#organization\",\"name\":\"Arquimaster\",\"url\":\"https:\\\/\\\/www.arquimaster.com.ar\\\/web\\\/\",\"logo\":{\"@type\":\"ImageObject\",\"inLanguage\":\"es\",\"@id\":\"https:\\\/\\\/www.arquimaster.com.ar\\\/web\\\/#\\\/schema\\\/logo\\\/image\\\/\",\"url\":\"https:\\\/\\\/www.arquimaster.com.ar\\\/web\\\/wp-content\\\/uploads\\\/2022\\\/06\\\/arquimaster.png\",\"contentUrl\":\"https:\\\/\\\/www.arquimaster.com.ar\\\/web\\\/wp-content\\\/uploads\\\/2022\\\/06\\\/arquimaster.png\",\"width\":594,\"height\":78,\"caption\":\"Arquimaster\"},\"image\":{\"@id\":\"https:\\\/\\\/www.arquimaster.com.ar\\\/web\\\/#\\\/schema\\\/logo\\\/image\\\/\"},\"sameAs\":[\"http:\\\/\\\/www.facebook.com\\\/ARQUIMASTER.com.ar\",\"https:\\\/\\\/x.com\\\/arquimaster\",\"https:\\\/\\\/www.instagram.com\\\/arquimasterblog\\\/\",\"https:\\\/\\\/www.linkedin.com\\\/company\\\/arquimaster\",\"https:\\\/\\\/www.pinterest.com\\\/arquimaster\",\"https:\\\/\\\/t.me\\\/arquimaster\"]},{\"@type\":\"Person\",\"@id\":\"https:\\\/\\\/www.arquimaster.com.ar\\\/web\\\/#\\\/schema\\\/person\\\/359e9f7c00193fcde068e0dd2ceb0028\",\"name\":\"Arquimaster\"}]}<\/script>\n<!-- \/ Yoast SEO plugin. -->","yoast_head_json":{"title":"Restobar Cristobal de la Cruz \/ EFEEME arquitectos - Arquimaster","description":"Reciclaje de una antigua casona logrando un lenguaje totalizador que combina elementos y materiales contempor\u00e1neos en armon\u00eda con la construcci\u00f3n original.","robots":{"index":"index","follow":"follow","max-snippet":"max-snippet:-1","max-image-preview":"max-image-preview:large","max-video-preview":"max-video-preview:-1"},"canonical":"https:\/\/www.arquimaster.com.ar\/web\/restobar-cristobal-de-la-cruz-efeeme-arquitectos\/","og_locale":"es_ES","og_type":"article","og_title":"Restobar Cristobal de la Cruz \/ EFEEME arquitectos","og_description":"Reciclaje de una antigua casona logrando un lenguaje totalizador que combina elementos y materiales contempor\u00e1neos en armon\u00eda con la construcci\u00f3n original.","og_url":"https:\/\/www.arquimaster.com.ar\/web\/restobar-cristobal-de-la-cruz-efeeme-arquitectos\/","og_site_name":"Arquimaster","article_publisher":"http:\/\/www.facebook.com\/ARQUIMASTER.com.ar","article_published_time":"2025-04-16T19:20:59+00:00","article_modified_time":"2025-07-23T18:51:53+00:00","og_image":[{"width":698,"height":364,"url":"https:\/\/www.arquimaster.com.ar\/web\/wp-content\/uploads\/2025\/04\/cristobal_de_la_cruz_slide.jpg","type":"image\/jpeg"}],"author":"Arquimaster","twitter_card":"summary_large_image","twitter_title":"Restobar Cristobal de la Cruz \/ EFEEME arquitectos","twitter_description":"Reciclaje de una antigua casona logrando un lenguaje totalizador que combina elementos y materiales contempor\u00e1neos en armon\u00eda con la construcci\u00f3n original.","twitter_image":"https:\/\/www.arquimaster.com.ar\/web\/wp-content\/uploads\/2025\/04\/cristobal_de_la_cruz_slide.jpg","twitter_creator":"@arquimaster","twitter_site":"@arquimaster","twitter_misc":{"Escrito por":"Arquimaster","Tiempo de lectura":"8 minutos"},"schema":{"@context":"https:\/\/schema.org","@graph":[{"@type":"Article","@id":"https:\/\/www.arquimaster.com.ar\/web\/restobar-cristobal-de-la-cruz-efeeme-arquitectos\/#article","isPartOf":{"@id":"https:\/\/www.arquimaster.com.ar\/web\/restobar-cristobal-de-la-cruz-efeeme-arquitectos\/"},"author":{"name":"Arquimaster","@id":"https:\/\/www.arquimaster.com.ar\/web\/#\/schema\/person\/359e9f7c00193fcde068e0dd2ceb0028"},"headline":"Restobar Cristobal de la Cruz \/ EFEEME arquitectos","datePublished":"2025-04-16T19:20:59+00:00","dateModified":"2025-07-23T18:51:53+00:00","mainEntityOfPage":{"@id":"https:\/\/www.arquimaster.com.ar\/web\/restobar-cristobal-de-la-cruz-efeeme-arquitectos\/"},"wordCount":1696,"publisher":{"@id":"https:\/\/www.arquimaster.com.ar\/web\/#organization"},"image":{"@id":"https:\/\/www.arquimaster.com.ar\/web\/restobar-cristobal-de-la-cruz-efeeme-arquitectos\/#primaryimage"},"thumbnailUrl":"https:\/\/www.arquimaster.com.ar\/web\/wp-content\/uploads\/2025\/04\/cristobal_de_la_cruz_slide.jpg","keywords":["Argentina","arquitectura comercial","arquitectura gastronomica","C\u00f3rdoba","EFEEME arquitectos","Flavio Diaz","gastronomia","local de comidas","Marina Alves Carneiro","pasteler\u00eda","restaurante","restobar","Villa Mar\u00eda"],"articleSection":["Arquitectura comercial","Proyecto"],"inLanguage":"es"},{"@type":"WebPage","@id":"https:\/\/www.arquimaster.com.ar\/web\/restobar-cristobal-de-la-cruz-efeeme-arquitectos\/","url":"https:\/\/www.arquimaster.com.ar\/web\/restobar-cristobal-de-la-cruz-efeeme-arquitectos\/","name":"Restobar Cristobal de la Cruz \/ EFEEME arquitectos - Arquimaster","isPartOf":{"@id":"https:\/\/www.arquimaster.com.ar\/web\/#website"},"primaryImageOfPage":{"@id":"https:\/\/www.arquimaster.com.ar\/web\/restobar-cristobal-de-la-cruz-efeeme-arquitectos\/#primaryimage"},"image":{"@id":"https:\/\/www.arquimaster.com.ar\/web\/restobar-cristobal-de-la-cruz-efeeme-arquitectos\/#primaryimage"},"thumbnailUrl":"https:\/\/www.arquimaster.com.ar\/web\/wp-content\/uploads\/2025\/04\/cristobal_de_la_cruz_slide.jpg","datePublished":"2025-04-16T19:20:59+00:00","dateModified":"2025-07-23T18:51:53+00:00","description":"Reciclaje de una antigua casona logrando un lenguaje totalizador que combina elementos y materiales contempor\u00e1neos en armon\u00eda con la construcci\u00f3n original.","breadcrumb":{"@id":"https:\/\/www.arquimaster.com.ar\/web\/restobar-cristobal-de-la-cruz-efeeme-arquitectos\/#breadcrumb"},"inLanguage":"es","potentialAction":[{"@type":"ReadAction","target":["https:\/\/www.arquimaster.com.ar\/web\/restobar-cristobal-de-la-cruz-efeeme-arquitectos\/"]}]},{"@type":"ImageObject","inLanguage":"es","@id":"https:\/\/www.arquimaster.com.ar\/web\/restobar-cristobal-de-la-cruz-efeeme-arquitectos\/#primaryimage","url":"https:\/\/www.arquimaster.com.ar\/web\/wp-content\/uploads\/2025\/04\/cristobal_de_la_cruz_slide.jpg","contentUrl":"https:\/\/www.arquimaster.com.ar\/web\/wp-content\/uploads\/2025\/04\/cristobal_de_la_cruz_slide.jpg","width":698,"height":364,"caption":"Restobar Cristobal de la Cruz \/ EFEEME arquitectos"},{"@type":"BreadcrumbList","@id":"https:\/\/www.arquimaster.com.ar\/web\/restobar-cristobal-de-la-cruz-efeeme-arquitectos\/#breadcrumb","itemListElement":[{"@type":"ListItem","position":1,"name":"Portada","item":"https:\/\/www.arquimaster.com.ar\/web\/"},{"@type":"ListItem","position":2,"name":"Restobar Cristobal de la Cruz \/ EFEEME arquitectos"}]},{"@type":"WebSite","@id":"https:\/\/www.arquimaster.com.ar\/web\/#website","url":"https:\/\/www.arquimaster.com.ar\/web\/","name":"Arquimaster","description":"Web de arquitectura, dise\u00f1o y construccion","publisher":{"@id":"https:\/\/www.arquimaster.com.ar\/web\/#organization"},"potentialAction":[{"@type":"SearchAction","target":{"@type":"EntryPoint","urlTemplate":"https:\/\/www.arquimaster.com.ar\/web\/?s={search_term_string}"},"query-input":{"@type":"PropertyValueSpecification","valueRequired":true,"valueName":"search_term_string"}}],"inLanguage":"es"},{"@type":"Organization","@id":"https:\/\/www.arquimaster.com.ar\/web\/#organization","name":"Arquimaster","url":"https:\/\/www.arquimaster.com.ar\/web\/","logo":{"@type":"ImageObject","inLanguage":"es","@id":"https:\/\/www.arquimaster.com.ar\/web\/#\/schema\/logo\/image\/","url":"https:\/\/www.arquimaster.com.ar\/web\/wp-content\/uploads\/2022\/06\/arquimaster.png","contentUrl":"https:\/\/www.arquimaster.com.ar\/web\/wp-content\/uploads\/2022\/06\/arquimaster.png","width":594,"height":78,"caption":"Arquimaster"},"image":{"@id":"https:\/\/www.arquimaster.com.ar\/web\/#\/schema\/logo\/image\/"},"sameAs":["http:\/\/www.facebook.com\/ARQUIMASTER.com.ar","https:\/\/x.com\/arquimaster","https:\/\/www.instagram.com\/arquimasterblog\/","https:\/\/www.linkedin.com\/company\/arquimaster","https:\/\/www.pinterest.com\/arquimaster","https:\/\/t.me\/arquimaster"]},{"@type":"Person","@id":"https:\/\/www.arquimaster.com.ar\/web\/#\/schema\/person\/359e9f7c00193fcde068e0dd2ceb0028","name":"Arquimaster"}]}},"uagb_featured_image_src":{"full":["https:\/\/www.arquimaster.com.ar\/web\/wp-content\/uploads\/2025\/04\/cristobal_de_la_cruz_slide.jpg",698,364,false],"thumbnail":["https:\/\/www.arquimaster.com.ar\/web\/wp-content\/uploads\/2025\/04\/cristobal_de_la_cruz_slide-150x150.jpg",150,150,true],"medium":["https:\/\/www.arquimaster.com.ar\/web\/wp-content\/uploads\/2025\/04\/cristobal_de_la_cruz_slide.jpg",698,364,false],"medium_large":["https:\/\/www.arquimaster.com.ar\/web\/wp-content\/uploads\/2025\/04\/cristobal_de_la_cruz_slide.jpg",698,364,false],"large":["https:\/\/www.arquimaster.com.ar\/web\/wp-content\/uploads\/2025\/04\/cristobal_de_la_cruz_slide.jpg",698,364,false],"1536x1536":["https:\/\/www.arquimaster.com.ar\/web\/wp-content\/uploads\/2025\/04\/cristobal_de_la_cruz_slide.jpg",698,364,false],"2048x2048":["https:\/\/www.arquimaster.com.ar\/web\/wp-content\/uploads\/2025\/04\/cristobal_de_la_cruz_slide.jpg",698,364,false]},"uagb_author_info":{"display_name":"Arquimaster","author_link":"https:\/\/www.arquimaster.com.ar\/web\/author\/arquimaster\/"},"uagb_comment_info":0,"uagb_excerpt":"Reciclaje de una antigua casona combinando elementos y materiales contempor\u00e1neos...","_links":{"self":[{"href":"https:\/\/www.arquimaster.com.ar\/web\/wp-json\/wp\/v2\/posts\/84164","targetHints":{"allow":["GET"]}}],"collection":[{"href":"https:\/\/www.arquimaster.com.ar\/web\/wp-json\/wp\/v2\/posts"}],"about":[{"href":"https:\/\/www.arquimaster.com.ar\/web\/wp-json\/wp\/v2\/types\/post"}],"author":[{"embeddable":true,"href":"https:\/\/www.arquimaster.com.ar\/web\/wp-json\/wp\/v2\/users\/1"}],"replies":[{"embeddable":true,"href":"https:\/\/www.arquimaster.com.ar\/web\/wp-json\/wp\/v2\/comments?post=84164"}],"version-history":[{"count":2,"href":"https:\/\/www.arquimaster.com.ar\/web\/wp-json\/wp\/v2\/posts\/84164\/revisions"}],"predecessor-version":[{"id":85022,"href":"https:\/\/www.arquimaster.com.ar\/web\/wp-json\/wp\/v2\/posts\/84164\/revisions\/85022"}],"wp:featuredmedia":[{"embeddable":true,"href":"https:\/\/www.arquimaster.com.ar\/web\/wp-json\/wp\/v2\/media\/84165"}],"wp:attachment":[{"href":"https:\/\/www.arquimaster.com.ar\/web\/wp-json\/wp\/v2\/media?parent=84164"}],"wp:term":[{"taxonomy":"category","embeddable":true,"href":"https:\/\/www.arquimaster.com.ar\/web\/wp-json\/wp\/v2\/categories?post=84164"},{"taxonomy":"post_tag","embeddable":true,"href":"https:\/\/www.arquimaster.com.ar\/web\/wp-json\/wp\/v2\/tags?post=84164"}],"curies":[{"name":"wp","href":"https:\/\/api.w.org\/{rel}","templated":true}]}}