{"id":84231,"date":"2025-04-16T16:39:57","date_gmt":"2025-04-16T19:39:57","guid":{"rendered":"https:\/\/www.arquimaster.com.ar\/web\/?p=84231"},"modified":"2025-07-23T15:50:39","modified_gmt":"2025-07-23T18:50:39","slug":"la-casa-escondida-makin-molowny-portela","status":"publish","type":"post","link":"https:\/\/www.arquimaster.com.ar\/web\/la-casa-escondida-makin-molowny-portela\/","title":{"rendered":"La Casa Escondida \/ Makin Molowny Portela"},"content":{"rendered":"<div style=\"margin-top: 0px; margin-bottom: 0px;\" class=\"sharethis-inline-share-buttons\" ><\/div><div class=\"b812932af2e751442846f039925109de\" data-index=\"1\" style=\"float: none; margin:25px 0 25px 0; text-align:center;\">\n<script async src=\"https:\/\/pagead2.googlesyndication.com\/pagead\/js\/adsbygoogle.js\"><\/script>\r\n<!-- Arquimaster (superior) -->\r\n<ins class=\"adsbygoogle\"\r\n     style=\"display:block\"\r\n     data-ad-client=\"ca-pub-6351072698456832\"\r\n     data-ad-slot=\"6455489680\"\r\n     data-ad-format=\"auto\"\r\n     data-full-width-responsive=\"true\"><\/ins>\r\n<script>\r\n     (adsbygoogle = window.adsbygoogle || []).push({});\r\n<\/script>\n<\/div>\n<p><strong>La Casa Escondida<\/strong> (San Crist\u00f3bal de La Laguna, Tenerife, Espa\u00f1a) por <strong>Makin Molowny Portela<\/strong>. En el entorno rural conocido como Jardina, en la periferia urbana de la ciudad de San Crist\u00f3bal de La Laguna (Tenerife), se localiza un solar de forma rectangular, cuyo lado de menor dimensi\u00f3n da frente a una v\u00eda estrecha de escaso inter\u00e9s.<\/p>\n<div id='gallery-1' class='gallery galleryid-84231 gallery-columns-3 gallery-size-thumbnail'><figure class='gallery-item'>\n\t\t\t<div class='gallery-icon portrait'>\n\t\t\t\t<a href='https:\/\/www.arquimaster.com.ar\/web\/wp-content\/uploads\/2025\/04\/la_casa_escondida_1.jpg' title=\"La Casa Escondida \/ Makin Molowny Portela (\u00a9 Flavio Dorta)\" data-rl_title=\"La Casa Escondida \/ Makin Molowny Portela (\u00a9 Flavio Dorta)\" class=\"rl-gallery-link\" data-rl_caption=\"La Casa Escondida \/ Makin Molowny Portela (\u00a9 Flavio Dorta)\" data-rel=\"lightbox-gallery-1\"><img loading=\"lazy\" decoding=\"async\" width=\"150\" height=\"150\" src=\"https:\/\/www.arquimaster.com.ar\/web\/wp-content\/uploads\/2025\/04\/la_casa_escondida_1-150x150.jpg\" class=\"attachment-thumbnail size-thumbnail\" alt=\"La Casa Escondida \/ Makin Molowny Portela\" aria-describedby=\"gallery-1-84233\" \/><\/a>\n\t\t\t<\/div>\n\t\t\t\t<figcaption class='wp-caption-text gallery-caption' id='gallery-1-84233'>\n\t\t\t\tLa Casa Escondida \/ Makin Molowny Portela (\u00a9 Flavio Dorta)\n\t\t\t\t<\/figcaption><\/figure><figure class='gallery-item'>\n\t\t\t<div class='gallery-icon portrait'>\n\t\t\t\t<a href='https:\/\/www.arquimaster.com.ar\/web\/wp-content\/uploads\/2025\/04\/la_casa_escondida_2.jpg' title=\"La Casa Escondida \/ Makin Molowny Portela (\u00a9 Flavio Dorta)\" data-rl_title=\"La Casa Escondida \/ Makin Molowny Portela (\u00a9 Flavio Dorta)\" class=\"rl-gallery-link\" data-rl_caption=\"La Casa Escondida \/ Makin Molowny Portela (\u00a9 Flavio Dorta)\" data-rel=\"lightbox-gallery-1\"><img loading=\"lazy\" decoding=\"async\" width=\"150\" height=\"150\" src=\"https:\/\/www.arquimaster.com.ar\/web\/wp-content\/uploads\/2025\/04\/la_casa_escondida_2-150x150.jpg\" class=\"attachment-thumbnail size-thumbnail\" alt=\"La Casa Escondida \/ Makin Molowny Portela\" aria-describedby=\"gallery-1-84234\" \/><\/a>\n\t\t\t<\/div>\n\t\t\t\t<figcaption class='wp-caption-text gallery-caption' id='gallery-1-84234'>\n\t\t\t\tLa Casa Escondida \/ Makin Molowny Portela (\u00a9 Flavio Dorta)\n\t\t\t\t<\/figcaption><\/figure><figure class='gallery-item'>\n\t\t\t<div class='gallery-icon landscape'>\n\t\t\t\t<a href='https:\/\/www.arquimaster.com.ar\/web\/wp-content\/uploads\/2025\/04\/la_casa_escondida_3.jpg' title=\"La Casa Escondida \/ Makin Molowny Portela (\u00a9 Flavio Dorta)\" data-rl_title=\"La Casa Escondida \/ Makin Molowny Portela (\u00a9 Flavio Dorta)\" class=\"rl-gallery-link\" data-rl_caption=\"La Casa Escondida \/ Makin Molowny Portela (\u00a9 Flavio Dorta)\" data-rel=\"lightbox-gallery-1\"><img loading=\"lazy\" decoding=\"async\" width=\"150\" height=\"150\" src=\"https:\/\/www.arquimaster.com.ar\/web\/wp-content\/uploads\/2025\/04\/la_casa_escondida_3-150x150.jpg\" class=\"attachment-thumbnail size-thumbnail\" alt=\"La Casa Escondida \/ Makin Molowny Portela\" aria-describedby=\"gallery-1-84235\" \/><\/a>\n\t\t\t<\/div>\n\t\t\t\t<figcaption class='wp-caption-text gallery-caption' id='gallery-1-84235'>\n\t\t\t\tLa Casa Escondida \/ Makin Molowny Portela (\u00a9 Flavio Dorta)\n\t\t\t\t<\/figcaption><\/figure><figure class='gallery-item'>\n\t\t\t<div class='gallery-icon landscape'>\n\t\t\t\t<a href='https:\/\/www.arquimaster.com.ar\/web\/wp-content\/uploads\/2025\/04\/la_casa_escondida_4.jpg' title=\"La Casa Escondida \/ Makin Molowny Portela (\u00a9 Flavio Dorta)\" data-rl_title=\"La Casa Escondida \/ Makin Molowny Portela (\u00a9 Flavio Dorta)\" class=\"rl-gallery-link\" data-rl_caption=\"La Casa Escondida \/ Makin Molowny Portela (\u00a9 Flavio Dorta)\" data-rel=\"lightbox-gallery-1\"><img loading=\"lazy\" decoding=\"async\" width=\"150\" height=\"150\" src=\"https:\/\/www.arquimaster.com.ar\/web\/wp-content\/uploads\/2025\/04\/la_casa_escondida_4-150x150.jpg\" class=\"attachment-thumbnail size-thumbnail\" alt=\"La Casa Escondida \/ Makin Molowny Portela\" aria-describedby=\"gallery-1-84236\" \/><\/a>\n\t\t\t<\/div>\n\t\t\t\t<figcaption class='wp-caption-text gallery-caption' id='gallery-1-84236'>\n\t\t\t\tLa Casa Escondida \/ Makin Molowny Portela (\u00a9 Flavio Dorta)\n\t\t\t\t<\/figcaption><\/figure><figure class='gallery-item'>\n\t\t\t<div class='gallery-icon portrait'>\n\t\t\t\t<a href='https:\/\/www.arquimaster.com.ar\/web\/wp-content\/uploads\/2025\/04\/la_casa_escondida_5.jpg' title=\"La Casa Escondida \/ Makin Molowny Portela (\u00a9 Flavio Dorta)\" data-rl_title=\"La Casa Escondida \/ Makin Molowny Portela (\u00a9 Flavio Dorta)\" class=\"rl-gallery-link\" data-rl_caption=\"La Casa Escondida \/ Makin Molowny Portela (\u00a9 Flavio Dorta)\" data-rel=\"lightbox-gallery-1\"><img loading=\"lazy\" decoding=\"async\" width=\"150\" height=\"150\" src=\"https:\/\/www.arquimaster.com.ar\/web\/wp-content\/uploads\/2025\/04\/la_casa_escondida_5-150x150.jpg\" class=\"attachment-thumbnail size-thumbnail\" alt=\"La Casa Escondida \/ Makin Molowny Portela\" aria-describedby=\"gallery-1-84237\" \/><\/a>\n\t\t\t<\/div>\n\t\t\t\t<figcaption class='wp-caption-text gallery-caption' id='gallery-1-84237'>\n\t\t\t\tLa Casa Escondida \/ Makin Molowny Portela (\u00a9 Flavio Dorta)\n\t\t\t\t<\/figcaption><\/figure><figure class='gallery-item'>\n\t\t\t<div class='gallery-icon landscape'>\n\t\t\t\t<a href='https:\/\/www.arquimaster.com.ar\/web\/wp-content\/uploads\/2025\/04\/la_casa_escondida_6.jpg' title=\"La Casa Escondida \/ Makin Molowny Portela (\u00a9 Flavio Dorta)\" data-rl_title=\"La Casa Escondida \/ Makin Molowny Portela (\u00a9 Flavio Dorta)\" class=\"rl-gallery-link\" data-rl_caption=\"La Casa Escondida \/ Makin Molowny Portela (\u00a9 Flavio Dorta)\" data-rel=\"lightbox-gallery-1\"><img loading=\"lazy\" decoding=\"async\" width=\"150\" height=\"150\" src=\"https:\/\/www.arquimaster.com.ar\/web\/wp-content\/uploads\/2025\/04\/la_casa_escondida_6-150x150.jpg\" class=\"attachment-thumbnail size-thumbnail\" alt=\"La Casa Escondida \/ Makin Molowny Portela\" aria-describedby=\"gallery-1-84238\" \/><\/a>\n\t\t\t<\/div>\n\t\t\t\t<figcaption class='wp-caption-text gallery-caption' id='gallery-1-84238'>\n\t\t\t\tLa Casa Escondida \/ Makin Molowny Portela (\u00a9 Flavio Dorta)\n\t\t\t\t<\/figcaption><\/figure><figure class='gallery-item'>\n\t\t\t<div class='gallery-icon landscape'>\n\t\t\t\t<a href='https:\/\/www.arquimaster.com.ar\/web\/wp-content\/uploads\/2025\/04\/la_casa_escondida_7.jpg' title=\"La Casa Escondida \/ Makin Molowny Portela (\u00a9 Flavio Dorta)\" data-rl_title=\"La Casa Escondida \/ Makin Molowny Portela (\u00a9 Flavio Dorta)\" class=\"rl-gallery-link\" data-rl_caption=\"La Casa Escondida \/ Makin Molowny Portela (\u00a9 Flavio Dorta)\" data-rel=\"lightbox-gallery-1\"><img loading=\"lazy\" decoding=\"async\" width=\"150\" height=\"150\" src=\"https:\/\/www.arquimaster.com.ar\/web\/wp-content\/uploads\/2025\/04\/la_casa_escondida_7-150x150.jpg\" class=\"attachment-thumbnail size-thumbnail\" alt=\"La Casa Escondida \/ Makin Molowny Portela\" aria-describedby=\"gallery-1-84239\" \/><\/a>\n\t\t\t<\/div>\n\t\t\t\t<figcaption class='wp-caption-text gallery-caption' id='gallery-1-84239'>\n\t\t\t\tLa Casa Escondida \/ Makin Molowny Portela (\u00a9 Flavio Dorta)\n\t\t\t\t<\/figcaption><\/figure><figure class='gallery-item'>\n\t\t\t<div class='gallery-icon portrait'>\n\t\t\t\t<a href='https:\/\/www.arquimaster.com.ar\/web\/wp-content\/uploads\/2025\/04\/la_casa_escondida_8.jpg' title=\"La Casa Escondida \/ Makin Molowny Portela (\u00a9 Flavio Dorta)\" data-rl_title=\"La Casa Escondida \/ Makin Molowny Portela (\u00a9 Flavio Dorta)\" class=\"rl-gallery-link\" data-rl_caption=\"La Casa Escondida \/ Makin Molowny Portela (\u00a9 Flavio Dorta)\" data-rel=\"lightbox-gallery-1\"><img loading=\"lazy\" decoding=\"async\" width=\"150\" height=\"150\" src=\"https:\/\/www.arquimaster.com.ar\/web\/wp-content\/uploads\/2025\/04\/la_casa_escondida_8-150x150.jpg\" class=\"attachment-thumbnail size-thumbnail\" alt=\"La Casa Escondida \/ Makin Molowny Portela\" aria-describedby=\"gallery-1-84240\" \/><\/a>\n\t\t\t<\/div>\n\t\t\t\t<figcaption class='wp-caption-text gallery-caption' id='gallery-1-84240'>\n\t\t\t\tLa Casa Escondida \/ Makin Molowny Portela (\u00a9 Flavio Dorta)\n\t\t\t\t<\/figcaption><\/figure><figure class='gallery-item'>\n\t\t\t<div class='gallery-icon landscape'>\n\t\t\t\t<a href='https:\/\/www.arquimaster.com.ar\/web\/wp-content\/uploads\/2025\/04\/la_casa_escondida_9.jpg' title=\"La Casa Escondida \/ Makin Molowny Portela (\u00a9 Flavio Dorta)\" data-rl_title=\"La Casa Escondida \/ Makin Molowny Portela (\u00a9 Flavio Dorta)\" class=\"rl-gallery-link\" data-rl_caption=\"La Casa Escondida \/ Makin Molowny Portela (\u00a9 Flavio Dorta)\" data-rel=\"lightbox-gallery-1\"><img loading=\"lazy\" decoding=\"async\" width=\"150\" height=\"150\" src=\"https:\/\/www.arquimaster.com.ar\/web\/wp-content\/uploads\/2025\/04\/la_casa_escondida_9-150x150.jpg\" class=\"attachment-thumbnail size-thumbnail\" alt=\"La Casa Escondida \/ Makin Molowny Portela\" aria-describedby=\"gallery-1-84241\" \/><\/a>\n\t\t\t<\/div>\n\t\t\t\t<figcaption class='wp-caption-text gallery-caption' id='gallery-1-84241'>\n\t\t\t\tLa Casa Escondida \/ Makin Molowny Portela (\u00a9 Flavio Dorta)\n\t\t\t\t<\/figcaption><\/figure><figure class='gallery-item'>\n\t\t\t<div class='gallery-icon landscape'>\n\t\t\t\t<a href='https:\/\/www.arquimaster.com.ar\/web\/wp-content\/uploads\/2025\/04\/la_casa_escondida_10.jpg' title=\"La Casa Escondida \/ Makin Molowny Portela (\u00a9 Flavio Dorta)\" data-rl_title=\"La Casa Escondida \/ Makin Molowny Portela (\u00a9 Flavio Dorta)\" class=\"rl-gallery-link\" data-rl_caption=\"La Casa Escondida \/ Makin Molowny Portela (\u00a9 Flavio Dorta)\" data-rel=\"lightbox-gallery-1\"><img loading=\"lazy\" decoding=\"async\" width=\"150\" height=\"150\" src=\"https:\/\/www.arquimaster.com.ar\/web\/wp-content\/uploads\/2025\/04\/la_casa_escondida_10-150x150.jpg\" class=\"attachment-thumbnail size-thumbnail\" alt=\"La Casa Escondida \/ Makin Molowny Portela\" aria-describedby=\"gallery-1-84242\" \/><\/a>\n\t\t\t<\/div>\n\t\t\t\t<figcaption class='wp-caption-text gallery-caption' id='gallery-1-84242'>\n\t\t\t\tLa Casa Escondida \/ Makin Molowny Portela (\u00a9 Flavio Dorta)\n\t\t\t\t<\/figcaption><\/figure><figure class='gallery-item'>\n\t\t\t<div class='gallery-icon portrait'>\n\t\t\t\t<a href='https:\/\/www.arquimaster.com.ar\/web\/wp-content\/uploads\/2025\/04\/la_casa_escondida_11.jpg' title=\"La Casa Escondida \/ Makin Molowny Portela (\u00a9 Flavio Dorta)\" data-rl_title=\"La Casa Escondida \/ Makin Molowny Portela (\u00a9 Flavio Dorta)\" class=\"rl-gallery-link\" data-rl_caption=\"La Casa Escondida \/ Makin Molowny Portela (\u00a9 Flavio Dorta)\" data-rel=\"lightbox-gallery-1\"><img loading=\"lazy\" decoding=\"async\" width=\"150\" height=\"150\" src=\"https:\/\/www.arquimaster.com.ar\/web\/wp-content\/uploads\/2025\/04\/la_casa_escondida_11-150x150.jpg\" class=\"attachment-thumbnail size-thumbnail\" alt=\"La Casa Escondida \/ Makin Molowny Portela\" aria-describedby=\"gallery-1-84243\" \/><\/a>\n\t\t\t<\/div>\n\t\t\t\t<figcaption class='wp-caption-text gallery-caption' id='gallery-1-84243'>\n\t\t\t\tLa Casa Escondida \/ Makin Molowny Portela (\u00a9 Flavio Dorta)\n\t\t\t\t<\/figcaption><\/figure><figure class='gallery-item'>\n\t\t\t<div class='gallery-icon portrait'>\n\t\t\t\t<a href='https:\/\/www.arquimaster.com.ar\/web\/wp-content\/uploads\/2025\/04\/la_casa_escondida_12.jpg' title=\"La Casa Escondida \/ Makin Molowny Portela (planta baja)\" data-rl_title=\"La Casa Escondida \/ Makin Molowny Portela (planta baja)\" class=\"rl-gallery-link\" data-rl_caption=\"La Casa Escondida \/ Makin Molowny Portela (planta baja)\" data-rel=\"lightbox-gallery-1\"><img loading=\"lazy\" decoding=\"async\" width=\"150\" height=\"150\" src=\"https:\/\/www.arquimaster.com.ar\/web\/wp-content\/uploads\/2025\/04\/la_casa_escondida_12-150x150.jpg\" class=\"attachment-thumbnail size-thumbnail\" alt=\"La Casa Escondida \/ Makin Molowny Portela\" aria-describedby=\"gallery-1-84244\" \/><\/a>\n\t\t\t<\/div>\n\t\t\t\t<figcaption class='wp-caption-text gallery-caption' id='gallery-1-84244'>\n\t\t\t\tLa Casa Escondida \/ Makin Molowny Portela (planta baja)\n\t\t\t\t<\/figcaption><\/figure><figure class='gallery-item'>\n\t\t\t<div class='gallery-icon portrait'>\n\t\t\t\t<a href='https:\/\/www.arquimaster.com.ar\/web\/wp-content\/uploads\/2025\/04\/la_casa_escondida_13.jpg' title=\"La Casa Escondida \/ Makin Molowny Portela (planta nivel 1)\" data-rl_title=\"La Casa Escondida \/ Makin Molowny Portela (planta nivel 1)\" class=\"rl-gallery-link\" data-rl_caption=\"La Casa Escondida \/ Makin Molowny Portela (planta nivel 1)\" data-rel=\"lightbox-gallery-1\"><img loading=\"lazy\" decoding=\"async\" width=\"150\" height=\"150\" src=\"https:\/\/www.arquimaster.com.ar\/web\/wp-content\/uploads\/2025\/04\/la_casa_escondida_13-150x150.jpg\" class=\"attachment-thumbnail size-thumbnail\" alt=\"La Casa Escondida \/ Makin Molowny Portela\" aria-describedby=\"gallery-1-84245\" \/><\/a>\n\t\t\t<\/div>\n\t\t\t\t<figcaption class='wp-caption-text gallery-caption' id='gallery-1-84245'>\n\t\t\t\tLa Casa Escondida \/ Makin Molowny Portela (planta nivel 1)\n\t\t\t\t<\/figcaption><\/figure><figure class='gallery-item'>\n\t\t\t<div class='gallery-icon portrait'>\n\t\t\t\t<a href='https:\/\/www.arquimaster.com.ar\/web\/wp-content\/uploads\/2025\/04\/la_casa_escondida_14.jpg' title=\"La Casa Escondida \/ Makin Molowny Portela (planta nivel 2)\" data-rl_title=\"La Casa Escondida \/ Makin Molowny Portela (planta nivel 2)\" class=\"rl-gallery-link\" data-rl_caption=\"La Casa Escondida \/ Makin Molowny Portela (planta nivel 2)\" data-rel=\"lightbox-gallery-1\"><img loading=\"lazy\" decoding=\"async\" width=\"150\" height=\"150\" src=\"https:\/\/www.arquimaster.com.ar\/web\/wp-content\/uploads\/2025\/04\/la_casa_escondida_14-150x150.jpg\" class=\"attachment-thumbnail size-thumbnail\" alt=\"La Casa Escondida \/ Makin Molowny Portela\" aria-describedby=\"gallery-1-84246\" \/><\/a>\n\t\t\t<\/div>\n\t\t\t\t<figcaption class='wp-caption-text gallery-caption' id='gallery-1-84246'>\n\t\t\t\tLa Casa Escondida \/ Makin Molowny Portela (planta nivel 2)\n\t\t\t\t<\/figcaption><\/figure><figure class='gallery-item'>\n\t\t\t<div class='gallery-icon portrait'>\n\t\t\t\t<a href='https:\/\/www.arquimaster.com.ar\/web\/wp-content\/uploads\/2025\/04\/la_casa_escondida_15.jpg' title=\"La Casa Escondida \/ Makin Molowny Portela (planta de techos)\" data-rl_title=\"La Casa Escondida \/ Makin Molowny Portela (planta de techos)\" class=\"rl-gallery-link\" data-rl_caption=\"La Casa Escondida \/ Makin Molowny Portela (planta de techos)\" data-rel=\"lightbox-gallery-1\"><img loading=\"lazy\" decoding=\"async\" width=\"150\" height=\"150\" src=\"https:\/\/www.arquimaster.com.ar\/web\/wp-content\/uploads\/2025\/04\/la_casa_escondida_15-150x150.jpg\" class=\"attachment-thumbnail size-thumbnail\" alt=\"La Casa Escondida \/ Makin Molowny Portela\" aria-describedby=\"gallery-1-84247\" \/><\/a>\n\t\t\t<\/div>\n\t\t\t\t<figcaption class='wp-caption-text gallery-caption' id='gallery-1-84247'>\n\t\t\t\tLa Casa Escondida \/ Makin Molowny Portela (planta de techos)\n\t\t\t\t<\/figcaption><\/figure><figure class='gallery-item'>\n\t\t\t<div class='gallery-icon landscape'>\n\t\t\t\t<a href='https:\/\/www.arquimaster.com.ar\/web\/wp-content\/uploads\/2025\/04\/la_casa_escondida_16.jpg' title=\"La Casa Escondida \/ Makin Molowny Portela (corte)\" data-rl_title=\"La Casa Escondida \/ Makin Molowny Portela (corte)\" class=\"rl-gallery-link\" data-rl_caption=\"La Casa Escondida \/ Makin Molowny Portela (corte)\" data-rel=\"lightbox-gallery-1\"><img loading=\"lazy\" decoding=\"async\" width=\"150\" height=\"150\" src=\"https:\/\/www.arquimaster.com.ar\/web\/wp-content\/uploads\/2025\/04\/la_casa_escondida_16-150x150.jpg\" class=\"attachment-thumbnail size-thumbnail\" alt=\"La Casa Escondida \/ Makin Molowny Portela\" aria-describedby=\"gallery-1-84248\" \/><\/a>\n\t\t\t<\/div>\n\t\t\t\t<figcaption class='wp-caption-text gallery-caption' id='gallery-1-84248'>\n\t\t\t\tLa Casa Escondida \/ Makin Molowny Portela (corte)\n\t\t\t\t<\/figcaption><\/figure><figure class='gallery-item'>\n\t\t\t<div class='gallery-icon landscape'>\n\t\t\t\t<a href='https:\/\/www.arquimaster.com.ar\/web\/wp-content\/uploads\/2025\/04\/la_casa_escondida_17.jpg' title=\"La Casa Escondida \/ Makin Molowny Portela (vistas)\" data-rl_title=\"La Casa Escondida \/ Makin Molowny Portela (vistas)\" class=\"rl-gallery-link\" data-rl_caption=\"La Casa Escondida \/ Makin Molowny Portela (vistas)\" data-rel=\"lightbox-gallery-1\"><img loading=\"lazy\" decoding=\"async\" width=\"150\" height=\"150\" src=\"https:\/\/www.arquimaster.com.ar\/web\/wp-content\/uploads\/2025\/04\/la_casa_escondida_17-150x150.jpg\" class=\"attachment-thumbnail size-thumbnail\" alt=\"La Casa Escondida \/ Makin Molowny Portela\" aria-describedby=\"gallery-1-84249\" \/><\/a>\n\t\t\t<\/div>\n\t\t\t\t<figcaption class='wp-caption-text gallery-caption' id='gallery-1-84249'>\n\t\t\t\tLa Casa Escondida \/ Makin Molowny Portela (vistas)\n\t\t\t\t<\/figcaption><\/figure>\n\t\t<\/div>\n\n<p>Sobre una calle en pendiente, con una acera estrecha y una edificaci\u00f3n de autoconstrucci\u00f3n sin enfoscar que se levanta frente al terreno, surge una intervenci\u00f3n que desaf\u00eda la dureza del entorno, d\u00e1ndole la espalda, ocult\u00e1ndose de \u00e9l, generando su propio refugio. La vivienda se concibe como un abrigo que se resguarda del exterior, mientras se abre generosamente a las vistas imponentes que se despliegan en el extremo opuesto de la parcela.<\/p>\n<p>Tras una contundente fachada, compuesta por cuatro vigas de hormig\u00f3n visto, la casa preserva la intimidad de sus habitantes. Las vigas, desnudas, se separan ligeramente unas de otras, suavizando la dureza de la estructura, mientras una leve permeabilidad ofrece un vistazo fugaz de lo que ocurre m\u00e1s all\u00e1 de los l\u00edmites de la parcela.<\/p>\n<p>Fruto de esta respuesta al entorno y en combinaci\u00f3n con el retranqueo propuesto en la envolvente de la vivienda, aparecen espacios exteriores tan cautivadores como el patio de acceso.<\/p>\n<p>La adici\u00f3n de espacios de diversa naturaleza se convierte en el hilo conductor de este proyecto, trabajando esta fusi\u00f3n tanto en vertical como en horizontal, donde la permeabilidad de las separaciones o la consecuci\u00f3n de ambientes de distinta \u00edndole ampl\u00edan la sensaci\u00f3n espacial de una vivienda que, aunque de dimensiones contenidas, parece abarcar mucho m\u00e1s de lo que su estructura aparenta.<\/p>\n<p>El acceso a la vivienda se realiza mediante un vest\u00edbulo de doble altura en el que la ligereza de una escalera sin tabicas ofrece una experiencia sensorial que cautiva al usuario. Ubicada en esta planta, se encuentra la zona de d\u00eda, un espacio fluido que borra los l\u00edmites entre lo interior y lo exterior gracias a los amplios ventanales.<\/p>\n<p>Un conjunto de ambientes entrelazados que dan paso al jard\u00edn, integr\u00e1ndolo de manera natural en el espacio habitable, extendiendo los l\u00edmites del sal\u00f3n a los propios de la parcela y alargando las vistas interiores hasta el horizonte azul del cielo.<\/p>\n<p>La planta superior alberga las estancias m\u00e1s privadas de la casa, la zona de noche. En esta ocasi\u00f3n los espacios se acotan cuidadosamente, buscando la intimidad que estas \u00e1reas merecen, pero sin dejar de lado el concepto de adici\u00f3n de espacios de distinta naturaleza que gu\u00eda el desarrollo del proyecto.<\/p>\n<p>La habitaci\u00f3n principal se expande, duplicando su superficie al incorporar la terraza contigua, que se integra al espacio interior a trav\u00e9s de un gran ventanal. No obstante, la sensaci\u00f3n de amplitud se eleva a\u00fan m\u00e1s al contemplar, desde cualquier rinc\u00f3n, las vistas del lejano casco hist\u00f3rico de San Crist\u00f3bal de La Laguna con el majestuoso Teide como tel\u00f3n de fondo.<\/p>\n<p>Desde los dormitorios individuales se vive una experiencia similar. En este caso, el paisaje que se observa es esencialmente arquitect\u00f3nico, enmarcado por las s\u00f3lidas vigas de hormig\u00f3n que definen el espacio de acceso, creando una sensaci\u00f3n de refugio y protecci\u00f3n m\u00e1s all\u00e1 de los l\u00edmites de la envolvente.<\/p>\n\n\n<div style=\"height:20px\" aria-hidden=\"true\" class=\"wp-block-spacer\"><\/div>\n\n\n\n<p class=\"has-background\" style=\"background-color:#eaeaea\"><strong>Ficha t\u00e9cnica<\/strong><br>Nombre: La Casa Escondida<br>Ubicaci\u00f3n: San Crist\u00f3bal de La Laguna, Tenerife, Espa\u00f1a<br>Oficina de arquitectura: Makin Molowny Portela<br>Fotografias: Flavio Dorta<br>Sitio web: https:\/\/makinmolownyportela.com<\/p>\n\n\n\n<div style=\"height:40px\" aria-hidden=\"true\" class=\"wp-block-spacer\"><\/div>\n\n<div style=\"font-size: 0px; height: 0px; line-height: 0px; margin: 0; padding: 0; clear: both;\"><\/div><div style=\"margin-top: 0px; margin-bottom: 0px;\" class=\"sharethis-inline-share-buttons\" ><\/div>","protected":false},"excerpt":{"rendered":"<p>Un abrigo que se resguarda del exterior y se abre generosamente a las vistas imponentes&#8230;<\/p>\n","protected":false},"author":1,"featured_media":84251,"comment_status":"closed","ping_status":"closed","sticky":false,"template":"","format":"standard","meta":{"_uag_custom_page_level_css":"","footnotes":""},"categories":[1,83],"tags":[4282,104,5830,1492,684,254],"class_list":["post-84231","post","type-post","status-publish","format-standard","has-post-thumbnail","hentry","category-proyecto","category-vivienda-unifamiliar","tag-arquitectura-residencial","tag-espana","tag-makin-molowny-portela","tag-san-cristobal-de-la-laguna","tag-tenerife","tag-vivienda-unifamiliar-2","generate-columns","tablet-grid-50","mobile-grid-100","grid-parent","grid-50"],"yoast_head":"<!-- This site is optimized with the Yoast SEO plugin v27.3 - https:\/\/yoast.com\/product\/yoast-seo-wordpress\/ -->\n<title>La Casa Escondida \/ Makin Molowny Portela - Arquimaster<\/title>\n<meta name=\"description\" content=\"La vivienda se concibe como un abrigo que se resguarda del exterior, mientras se abre generosamente a las vistas imponentes que se despliegan en el extremo opuesto de la parcela.\" \/>\n<meta name=\"robots\" content=\"index, follow, max-snippet:-1, max-image-preview:large, max-video-preview:-1\" \/>\n<link rel=\"canonical\" href=\"https:\/\/www.arquimaster.com.ar\/web\/la-casa-escondida-makin-molowny-portela\/\" \/>\n<meta property=\"og:locale\" content=\"es_ES\" \/>\n<meta property=\"og:type\" content=\"article\" \/>\n<meta property=\"og:title\" content=\"La Casa Escondida \/ Makin Molowny Portela\" \/>\n<meta property=\"og:description\" content=\"La vivienda se concibe como un abrigo que se resguarda del exterior, mientras se abre generosamente a las vistas imponentes que se despliegan en el extremo opuesto de la parcela.\" \/>\n<meta property=\"og:url\" content=\"https:\/\/www.arquimaster.com.ar\/web\/la-casa-escondida-makin-molowny-portela\/\" \/>\n<meta property=\"og:site_name\" content=\"Arquimaster\" \/>\n<meta property=\"article:publisher\" content=\"http:\/\/www.facebook.com\/ARQUIMASTER.com.ar\" \/>\n<meta property=\"article:published_time\" content=\"2025-04-16T19:39:57+00:00\" \/>\n<meta property=\"article:modified_time\" content=\"2025-07-23T18:50:39+00:00\" \/>\n<meta property=\"og:image\" content=\"https:\/\/www.arquimaster.com.ar\/web\/wp-content\/uploads\/2025\/04\/la_casa_escondida_v2_slide.jpg\" \/>\n\t<meta property=\"og:image:width\" content=\"698\" \/>\n\t<meta property=\"og:image:height\" content=\"364\" \/>\n\t<meta property=\"og:image:type\" content=\"image\/jpeg\" \/>\n<meta name=\"author\" content=\"Arquimaster\" \/>\n<meta name=\"twitter:card\" content=\"summary_large_image\" \/>\n<meta name=\"twitter:title\" content=\"La Casa Escondida \/ Makin Molowny Portela\" \/>\n<meta name=\"twitter:description\" content=\"La vivienda se concibe como un abrigo que se resguarda del exterior, mientras se abre generosamente a las vistas imponentes que se despliegan en el extremo opuesto de la parcela.\" \/>\n<meta name=\"twitter:image\" content=\"https:\/\/www.arquimaster.com.ar\/web\/wp-content\/uploads\/2025\/04\/la_casa_escondida_v2_slide.jpg\" \/>\n<meta name=\"twitter:creator\" content=\"@arquimaster\" \/>\n<meta name=\"twitter:site\" content=\"@arquimaster\" \/>\n<meta name=\"twitter:label1\" content=\"Escrito por\" \/>\n\t<meta name=\"twitter:data1\" content=\"Arquimaster\" \/>\n\t<meta name=\"twitter:label2\" content=\"Tiempo de lectura\" \/>\n\t<meta name=\"twitter:data2\" content=\"3 minutos\" \/>\n<script type=\"application\/ld+json\" class=\"yoast-schema-graph\">{\"@context\":\"https:\\\/\\\/schema.org\",\"@graph\":[{\"@type\":\"Article\",\"@id\":\"https:\\\/\\\/www.arquimaster.com.ar\\\/web\\\/la-casa-escondida-makin-molowny-portela\\\/#article\",\"isPartOf\":{\"@id\":\"https:\\\/\\\/www.arquimaster.com.ar\\\/web\\\/la-casa-escondida-makin-molowny-portela\\\/\"},\"author\":{\"name\":\"Arquimaster\",\"@id\":\"https:\\\/\\\/www.arquimaster.com.ar\\\/web\\\/#\\\/schema\\\/person\\\/359e9f7c00193fcde068e0dd2ceb0028\"},\"headline\":\"La Casa Escondida \\\/ Makin Molowny Portela\",\"datePublished\":\"2025-04-16T19:39:57+00:00\",\"dateModified\":\"2025-07-23T18:50:39+00:00\",\"mainEntityOfPage\":{\"@id\":\"https:\\\/\\\/www.arquimaster.com.ar\\\/web\\\/la-casa-escondida-makin-molowny-portela\\\/\"},\"wordCount\":615,\"publisher\":{\"@id\":\"https:\\\/\\\/www.arquimaster.com.ar\\\/web\\\/#organization\"},\"image\":{\"@id\":\"https:\\\/\\\/www.arquimaster.com.ar\\\/web\\\/la-casa-escondida-makin-molowny-portela\\\/#primaryimage\"},\"thumbnailUrl\":\"https:\\\/\\\/www.arquimaster.com.ar\\\/web\\\/wp-content\\\/uploads\\\/2025\\\/04\\\/la_casa_escondida_v2_slide.jpg\",\"keywords\":[\"arquitectura residencial\",\"Espa\u00f1a\",\"Makin Molowny Portela\",\"San Crist\u00f3bal de La Laguna\",\"Tenerife\",\"vivienda unifamiliar\"],\"articleSection\":[\"Proyecto\",\"Vivienda unifamiliar y PH\"],\"inLanguage\":\"es\"},{\"@type\":\"WebPage\",\"@id\":\"https:\\\/\\\/www.arquimaster.com.ar\\\/web\\\/la-casa-escondida-makin-molowny-portela\\\/\",\"url\":\"https:\\\/\\\/www.arquimaster.com.ar\\\/web\\\/la-casa-escondida-makin-molowny-portela\\\/\",\"name\":\"La Casa Escondida \\\/ Makin Molowny Portela - Arquimaster\",\"isPartOf\":{\"@id\":\"https:\\\/\\\/www.arquimaster.com.ar\\\/web\\\/#website\"},\"primaryImageOfPage\":{\"@id\":\"https:\\\/\\\/www.arquimaster.com.ar\\\/web\\\/la-casa-escondida-makin-molowny-portela\\\/#primaryimage\"},\"image\":{\"@id\":\"https:\\\/\\\/www.arquimaster.com.ar\\\/web\\\/la-casa-escondida-makin-molowny-portela\\\/#primaryimage\"},\"thumbnailUrl\":\"https:\\\/\\\/www.arquimaster.com.ar\\\/web\\\/wp-content\\\/uploads\\\/2025\\\/04\\\/la_casa_escondida_v2_slide.jpg\",\"datePublished\":\"2025-04-16T19:39:57+00:00\",\"dateModified\":\"2025-07-23T18:50:39+00:00\",\"description\":\"La vivienda se concibe como un abrigo que se resguarda del exterior, mientras se abre generosamente a las vistas imponentes que se despliegan en el extremo opuesto de la parcela.\",\"breadcrumb\":{\"@id\":\"https:\\\/\\\/www.arquimaster.com.ar\\\/web\\\/la-casa-escondida-makin-molowny-portela\\\/#breadcrumb\"},\"inLanguage\":\"es\",\"potentialAction\":[{\"@type\":\"ReadAction\",\"target\":[\"https:\\\/\\\/www.arquimaster.com.ar\\\/web\\\/la-casa-escondida-makin-molowny-portela\\\/\"]}]},{\"@type\":\"ImageObject\",\"inLanguage\":\"es\",\"@id\":\"https:\\\/\\\/www.arquimaster.com.ar\\\/web\\\/la-casa-escondida-makin-molowny-portela\\\/#primaryimage\",\"url\":\"https:\\\/\\\/www.arquimaster.com.ar\\\/web\\\/wp-content\\\/uploads\\\/2025\\\/04\\\/la_casa_escondida_v2_slide.jpg\",\"contentUrl\":\"https:\\\/\\\/www.arquimaster.com.ar\\\/web\\\/wp-content\\\/uploads\\\/2025\\\/04\\\/la_casa_escondida_v2_slide.jpg\",\"width\":698,\"height\":364,\"caption\":\"La Casa Escondida \\\/ Makin Molowny Portela\"},{\"@type\":\"BreadcrumbList\",\"@id\":\"https:\\\/\\\/www.arquimaster.com.ar\\\/web\\\/la-casa-escondida-makin-molowny-portela\\\/#breadcrumb\",\"itemListElement\":[{\"@type\":\"ListItem\",\"position\":1,\"name\":\"Portada\",\"item\":\"https:\\\/\\\/www.arquimaster.com.ar\\\/web\\\/\"},{\"@type\":\"ListItem\",\"position\":2,\"name\":\"La Casa Escondida \\\/ Makin Molowny Portela\"}]},{\"@type\":\"WebSite\",\"@id\":\"https:\\\/\\\/www.arquimaster.com.ar\\\/web\\\/#website\",\"url\":\"https:\\\/\\\/www.arquimaster.com.ar\\\/web\\\/\",\"name\":\"Arquimaster\",\"description\":\"Web de arquitectura, dise\u00f1o y construccion\",\"publisher\":{\"@id\":\"https:\\\/\\\/www.arquimaster.com.ar\\\/web\\\/#organization\"},\"potentialAction\":[{\"@type\":\"SearchAction\",\"target\":{\"@type\":\"EntryPoint\",\"urlTemplate\":\"https:\\\/\\\/www.arquimaster.com.ar\\\/web\\\/?s={search_term_string}\"},\"query-input\":{\"@type\":\"PropertyValueSpecification\",\"valueRequired\":true,\"valueName\":\"search_term_string\"}}],\"inLanguage\":\"es\"},{\"@type\":\"Organization\",\"@id\":\"https:\\\/\\\/www.arquimaster.com.ar\\\/web\\\/#organization\",\"name\":\"Arquimaster\",\"url\":\"https:\\\/\\\/www.arquimaster.com.ar\\\/web\\\/\",\"logo\":{\"@type\":\"ImageObject\",\"inLanguage\":\"es\",\"@id\":\"https:\\\/\\\/www.arquimaster.com.ar\\\/web\\\/#\\\/schema\\\/logo\\\/image\\\/\",\"url\":\"https:\\\/\\\/www.arquimaster.com.ar\\\/web\\\/wp-content\\\/uploads\\\/2022\\\/06\\\/arquimaster.png\",\"contentUrl\":\"https:\\\/\\\/www.arquimaster.com.ar\\\/web\\\/wp-content\\\/uploads\\\/2022\\\/06\\\/arquimaster.png\",\"width\":594,\"height\":78,\"caption\":\"Arquimaster\"},\"image\":{\"@id\":\"https:\\\/\\\/www.arquimaster.com.ar\\\/web\\\/#\\\/schema\\\/logo\\\/image\\\/\"},\"sameAs\":[\"http:\\\/\\\/www.facebook.com\\\/ARQUIMASTER.com.ar\",\"https:\\\/\\\/x.com\\\/arquimaster\",\"https:\\\/\\\/www.instagram.com\\\/arquimasterblog\\\/\",\"https:\\\/\\\/www.linkedin.com\\\/company\\\/arquimaster\",\"https:\\\/\\\/www.pinterest.com\\\/arquimaster\",\"https:\\\/\\\/t.me\\\/arquimaster\"]},{\"@type\":\"Person\",\"@id\":\"https:\\\/\\\/www.arquimaster.com.ar\\\/web\\\/#\\\/schema\\\/person\\\/359e9f7c00193fcde068e0dd2ceb0028\",\"name\":\"Arquimaster\"}]}<\/script>\n<!-- \/ Yoast SEO plugin. -->","yoast_head_json":{"title":"La Casa Escondida \/ Makin Molowny Portela - Arquimaster","description":"La vivienda se concibe como un abrigo que se resguarda del exterior, mientras se abre generosamente a las vistas imponentes que se despliegan en el extremo opuesto de la parcela.","robots":{"index":"index","follow":"follow","max-snippet":"max-snippet:-1","max-image-preview":"max-image-preview:large","max-video-preview":"max-video-preview:-1"},"canonical":"https:\/\/www.arquimaster.com.ar\/web\/la-casa-escondida-makin-molowny-portela\/","og_locale":"es_ES","og_type":"article","og_title":"La Casa Escondida \/ Makin Molowny Portela","og_description":"La vivienda se concibe como un abrigo que se resguarda del exterior, mientras se abre generosamente a las vistas imponentes que se despliegan en el extremo opuesto de la parcela.","og_url":"https:\/\/www.arquimaster.com.ar\/web\/la-casa-escondida-makin-molowny-portela\/","og_site_name":"Arquimaster","article_publisher":"http:\/\/www.facebook.com\/ARQUIMASTER.com.ar","article_published_time":"2025-04-16T19:39:57+00:00","article_modified_time":"2025-07-23T18:50:39+00:00","og_image":[{"width":698,"height":364,"url":"https:\/\/www.arquimaster.com.ar\/web\/wp-content\/uploads\/2025\/04\/la_casa_escondida_v2_slide.jpg","type":"image\/jpeg"}],"author":"Arquimaster","twitter_card":"summary_large_image","twitter_title":"La Casa Escondida \/ Makin Molowny Portela","twitter_description":"La vivienda se concibe como un abrigo que se resguarda del exterior, mientras se abre generosamente a las vistas imponentes que se despliegan en el extremo opuesto de la parcela.","twitter_image":"https:\/\/www.arquimaster.com.ar\/web\/wp-content\/uploads\/2025\/04\/la_casa_escondida_v2_slide.jpg","twitter_creator":"@arquimaster","twitter_site":"@arquimaster","twitter_misc":{"Escrito por":"Arquimaster","Tiempo de lectura":"3 minutos"},"schema":{"@context":"https:\/\/schema.org","@graph":[{"@type":"Article","@id":"https:\/\/www.arquimaster.com.ar\/web\/la-casa-escondida-makin-molowny-portela\/#article","isPartOf":{"@id":"https:\/\/www.arquimaster.com.ar\/web\/la-casa-escondida-makin-molowny-portela\/"},"author":{"name":"Arquimaster","@id":"https:\/\/www.arquimaster.com.ar\/web\/#\/schema\/person\/359e9f7c00193fcde068e0dd2ceb0028"},"headline":"La Casa Escondida \/ Makin Molowny Portela","datePublished":"2025-04-16T19:39:57+00:00","dateModified":"2025-07-23T18:50:39+00:00","mainEntityOfPage":{"@id":"https:\/\/www.arquimaster.com.ar\/web\/la-casa-escondida-makin-molowny-portela\/"},"wordCount":615,"publisher":{"@id":"https:\/\/www.arquimaster.com.ar\/web\/#organization"},"image":{"@id":"https:\/\/www.arquimaster.com.ar\/web\/la-casa-escondida-makin-molowny-portela\/#primaryimage"},"thumbnailUrl":"https:\/\/www.arquimaster.com.ar\/web\/wp-content\/uploads\/2025\/04\/la_casa_escondida_v2_slide.jpg","keywords":["arquitectura residencial","Espa\u00f1a","Makin Molowny Portela","San Crist\u00f3bal de La Laguna","Tenerife","vivienda unifamiliar"],"articleSection":["Proyecto","Vivienda unifamiliar y PH"],"inLanguage":"es"},{"@type":"WebPage","@id":"https:\/\/www.arquimaster.com.ar\/web\/la-casa-escondida-makin-molowny-portela\/","url":"https:\/\/www.arquimaster.com.ar\/web\/la-casa-escondida-makin-molowny-portela\/","name":"La Casa Escondida \/ Makin Molowny Portela - Arquimaster","isPartOf":{"@id":"https:\/\/www.arquimaster.com.ar\/web\/#website"},"primaryImageOfPage":{"@id":"https:\/\/www.arquimaster.com.ar\/web\/la-casa-escondida-makin-molowny-portela\/#primaryimage"},"image":{"@id":"https:\/\/www.arquimaster.com.ar\/web\/la-casa-escondida-makin-molowny-portela\/#primaryimage"},"thumbnailUrl":"https:\/\/www.arquimaster.com.ar\/web\/wp-content\/uploads\/2025\/04\/la_casa_escondida_v2_slide.jpg","datePublished":"2025-04-16T19:39:57+00:00","dateModified":"2025-07-23T18:50:39+00:00","description":"La vivienda se concibe como un abrigo que se resguarda del exterior, mientras se abre generosamente a las vistas imponentes que se despliegan en el extremo opuesto de la parcela.","breadcrumb":{"@id":"https:\/\/www.arquimaster.com.ar\/web\/la-casa-escondida-makin-molowny-portela\/#breadcrumb"},"inLanguage":"es","potentialAction":[{"@type":"ReadAction","target":["https:\/\/www.arquimaster.com.ar\/web\/la-casa-escondida-makin-molowny-portela\/"]}]},{"@type":"ImageObject","inLanguage":"es","@id":"https:\/\/www.arquimaster.com.ar\/web\/la-casa-escondida-makin-molowny-portela\/#primaryimage","url":"https:\/\/www.arquimaster.com.ar\/web\/wp-content\/uploads\/2025\/04\/la_casa_escondida_v2_slide.jpg","contentUrl":"https:\/\/www.arquimaster.com.ar\/web\/wp-content\/uploads\/2025\/04\/la_casa_escondida_v2_slide.jpg","width":698,"height":364,"caption":"La Casa Escondida \/ Makin Molowny Portela"},{"@type":"BreadcrumbList","@id":"https:\/\/www.arquimaster.com.ar\/web\/la-casa-escondida-makin-molowny-portela\/#breadcrumb","itemListElement":[{"@type":"ListItem","position":1,"name":"Portada","item":"https:\/\/www.arquimaster.com.ar\/web\/"},{"@type":"ListItem","position":2,"name":"La Casa Escondida \/ Makin Molowny Portela"}]},{"@type":"WebSite","@id":"https:\/\/www.arquimaster.com.ar\/web\/#website","url":"https:\/\/www.arquimaster.com.ar\/web\/","name":"Arquimaster","description":"Web de arquitectura, dise\u00f1o y construccion","publisher":{"@id":"https:\/\/www.arquimaster.com.ar\/web\/#organization"},"potentialAction":[{"@type":"SearchAction","target":{"@type":"EntryPoint","urlTemplate":"https:\/\/www.arquimaster.com.ar\/web\/?s={search_term_string}"},"query-input":{"@type":"PropertyValueSpecification","valueRequired":true,"valueName":"search_term_string"}}],"inLanguage":"es"},{"@type":"Organization","@id":"https:\/\/www.arquimaster.com.ar\/web\/#organization","name":"Arquimaster","url":"https:\/\/www.arquimaster.com.ar\/web\/","logo":{"@type":"ImageObject","inLanguage":"es","@id":"https:\/\/www.arquimaster.com.ar\/web\/#\/schema\/logo\/image\/","url":"https:\/\/www.arquimaster.com.ar\/web\/wp-content\/uploads\/2022\/06\/arquimaster.png","contentUrl":"https:\/\/www.arquimaster.com.ar\/web\/wp-content\/uploads\/2022\/06\/arquimaster.png","width":594,"height":78,"caption":"Arquimaster"},"image":{"@id":"https:\/\/www.arquimaster.com.ar\/web\/#\/schema\/logo\/image\/"},"sameAs":["http:\/\/www.facebook.com\/ARQUIMASTER.com.ar","https:\/\/x.com\/arquimaster","https:\/\/www.instagram.com\/arquimasterblog\/","https:\/\/www.linkedin.com\/company\/arquimaster","https:\/\/www.pinterest.com\/arquimaster","https:\/\/t.me\/arquimaster"]},{"@type":"Person","@id":"https:\/\/www.arquimaster.com.ar\/web\/#\/schema\/person\/359e9f7c00193fcde068e0dd2ceb0028","name":"Arquimaster"}]}},"uagb_featured_image_src":{"full":["https:\/\/www.arquimaster.com.ar\/web\/wp-content\/uploads\/2025\/04\/la_casa_escondida_v2_slide.jpg",698,364,false],"thumbnail":["https:\/\/www.arquimaster.com.ar\/web\/wp-content\/uploads\/2025\/04\/la_casa_escondida_v2_slide-150x150.jpg",150,150,true],"medium":["https:\/\/www.arquimaster.com.ar\/web\/wp-content\/uploads\/2025\/04\/la_casa_escondida_v2_slide.jpg",698,364,false],"medium_large":["https:\/\/www.arquimaster.com.ar\/web\/wp-content\/uploads\/2025\/04\/la_casa_escondida_v2_slide.jpg",698,364,false],"large":["https:\/\/www.arquimaster.com.ar\/web\/wp-content\/uploads\/2025\/04\/la_casa_escondida_v2_slide.jpg",698,364,false],"1536x1536":["https:\/\/www.arquimaster.com.ar\/web\/wp-content\/uploads\/2025\/04\/la_casa_escondida_v2_slide.jpg",698,364,false],"2048x2048":["https:\/\/www.arquimaster.com.ar\/web\/wp-content\/uploads\/2025\/04\/la_casa_escondida_v2_slide.jpg",698,364,false]},"uagb_author_info":{"display_name":"Arquimaster","author_link":"https:\/\/www.arquimaster.com.ar\/web\/author\/arquimaster\/"},"uagb_comment_info":0,"uagb_excerpt":"Un abrigo que se resguarda del exterior y se abre generosamente a las vistas imponentes...","_links":{"self":[{"href":"https:\/\/www.arquimaster.com.ar\/web\/wp-json\/wp\/v2\/posts\/84231","targetHints":{"allow":["GET"]}}],"collection":[{"href":"https:\/\/www.arquimaster.com.ar\/web\/wp-json\/wp\/v2\/posts"}],"about":[{"href":"https:\/\/www.arquimaster.com.ar\/web\/wp-json\/wp\/v2\/types\/post"}],"author":[{"embeddable":true,"href":"https:\/\/www.arquimaster.com.ar\/web\/wp-json\/wp\/v2\/users\/1"}],"replies":[{"embeddable":true,"href":"https:\/\/www.arquimaster.com.ar\/web\/wp-json\/wp\/v2\/comments?post=84231"}],"version-history":[{"count":2,"href":"https:\/\/www.arquimaster.com.ar\/web\/wp-json\/wp\/v2\/posts\/84231\/revisions"}],"predecessor-version":[{"id":85020,"href":"https:\/\/www.arquimaster.com.ar\/web\/wp-json\/wp\/v2\/posts\/84231\/revisions\/85020"}],"wp:featuredmedia":[{"embeddable":true,"href":"https:\/\/www.arquimaster.com.ar\/web\/wp-json\/wp\/v2\/media\/84251"}],"wp:attachment":[{"href":"https:\/\/www.arquimaster.com.ar\/web\/wp-json\/wp\/v2\/media?parent=84231"}],"wp:term":[{"taxonomy":"category","embeddable":true,"href":"https:\/\/www.arquimaster.com.ar\/web\/wp-json\/wp\/v2\/categories?post=84231"},{"taxonomy":"post_tag","embeddable":true,"href":"https:\/\/www.arquimaster.com.ar\/web\/wp-json\/wp\/v2\/tags?post=84231"}],"curies":[{"name":"wp","href":"https:\/\/api.w.org\/{rel}","templated":true}]}}