{"id":84254,"date":"2025-04-23T16:58:37","date_gmt":"2025-04-23T19:58:37","guid":{"rendered":"https:\/\/www.arquimaster.com.ar\/web\/?p=84254"},"modified":"2025-07-23T15:30:08","modified_gmt":"2025-07-23T18:30:08","slug":"casa-zenzy-di-frenna-arquitectos","status":"publish","type":"post","link":"https:\/\/www.arquimaster.com.ar\/web\/casa-zenzy-di-frenna-arquitectos\/","title":{"rendered":"Casa Zenzy \/ Di Frenna Arquitectos"},"content":{"rendered":"<div style=\"margin-top: 0px; margin-bottom: 0px;\" class=\"sharethis-inline-share-buttons\" ><\/div><div class=\"b812932af2e751442846f039925109de\" data-index=\"1\" style=\"float: none; margin:25px 0 25px 0; text-align:center;\">\n<script async src=\"https:\/\/pagead2.googlesyndication.com\/pagead\/js\/adsbygoogle.js\"><\/script>\r\n<!-- Arquimaster (superior) -->\r\n<ins class=\"adsbygoogle\"\r\n     style=\"display:block\"\r\n     data-ad-client=\"ca-pub-6351072698456832\"\r\n     data-ad-slot=\"6455489680\"\r\n     data-ad-format=\"auto\"\r\n     data-full-width-responsive=\"true\"><\/ins>\r\n<script>\r\n     (adsbygoogle = window.adsbygoogle || []).push({});\r\n<\/script>\n<\/div>\n<p><strong>Casa Zenzy<\/strong> (Altozano, Cuauht\u00e9moc, Colima, M\u00e9xico) por <strong>Di Frenna Arquitectos<\/strong>. En el ser humano reside una necesidad inherente de encontrar armon\u00eda con el entorno que le rodea. En la constante b\u00fasqueda de un equilibrio entre la vida interior y exterior, nace este proyecto arquitect\u00f3nico que no solo satisface las necesidades funcionales de sus habitantes, sino que tambi\u00e9n establece un di\u00e1logo profundo con la naturaleza y la filosof\u00eda del espacio.<\/p>\n<div id='gallery-1' class='gallery galleryid-84254 gallery-columns-3 gallery-size-thumbnail'><figure class='gallery-item'>\n\t\t\t<div class='gallery-icon landscape'>\n\t\t\t\t<a href='https:\/\/www.arquimaster.com.ar\/web\/wp-content\/uploads\/2025\/04\/casa_zenzy_1.jpg' title=\"Casa Zenzy \/ Di Frenna Arquitectos (\u00a9 Lorena Darquea)\" data-rl_title=\"Casa Zenzy \/ Di Frenna Arquitectos (\u00a9 Lorena Darquea)\" class=\"rl-gallery-link\" data-rl_caption=\"Casa Zenzy \/ Di Frenna Arquitectos (\u00a9 Lorena Darquea)\" data-rel=\"lightbox-gallery-1\"><img loading=\"lazy\" decoding=\"async\" width=\"150\" height=\"150\" src=\"https:\/\/www.arquimaster.com.ar\/web\/wp-content\/uploads\/2025\/04\/casa_zenzy_1-150x150.jpg\" class=\"attachment-thumbnail size-thumbnail\" alt=\"Casa Zenzy \/ Di Frenna Arquitectos\" aria-describedby=\"gallery-1-84256\" \/><\/a>\n\t\t\t<\/div>\n\t\t\t\t<figcaption class='wp-caption-text gallery-caption' id='gallery-1-84256'>\n\t\t\t\tCasa Zenzy \/ Di Frenna Arquitectos (\u00a9 Lorena Darquea)\n\t\t\t\t<\/figcaption><\/figure><figure class='gallery-item'>\n\t\t\t<div class='gallery-icon portrait'>\n\t\t\t\t<a href='https:\/\/www.arquimaster.com.ar\/web\/wp-content\/uploads\/2025\/04\/casa_zenzy_2.jpg' title=\"Casa Zenzy \/ Di Frenna Arquitectos (\u00a9 Lorena Darquea)\" data-rl_title=\"Casa Zenzy \/ Di Frenna Arquitectos (\u00a9 Lorena Darquea)\" class=\"rl-gallery-link\" data-rl_caption=\"Casa Zenzy \/ Di Frenna Arquitectos (\u00a9 Lorena Darquea)\" data-rel=\"lightbox-gallery-1\"><img loading=\"lazy\" decoding=\"async\" width=\"150\" height=\"150\" src=\"https:\/\/www.arquimaster.com.ar\/web\/wp-content\/uploads\/2025\/04\/casa_zenzy_2-150x150.jpg\" class=\"attachment-thumbnail size-thumbnail\" alt=\"Casa Zenzy \/ Di Frenna Arquitectos\" aria-describedby=\"gallery-1-84257\" \/><\/a>\n\t\t\t<\/div>\n\t\t\t\t<figcaption class='wp-caption-text gallery-caption' id='gallery-1-84257'>\n\t\t\t\tCasa Zenzy \/ Di Frenna Arquitectos (\u00a9 Lorena Darquea)\n\t\t\t\t<\/figcaption><\/figure><figure class='gallery-item'>\n\t\t\t<div class='gallery-icon landscape'>\n\t\t\t\t<a href='https:\/\/www.arquimaster.com.ar\/web\/wp-content\/uploads\/2025\/04\/casa_zenzy_3.jpg' title=\"Casa Zenzy \/ Di Frenna Arquitectos (\u00a9 Lorena Darquea)\" data-rl_title=\"Casa Zenzy \/ Di Frenna Arquitectos (\u00a9 Lorena Darquea)\" class=\"rl-gallery-link\" data-rl_caption=\"Casa Zenzy \/ Di Frenna Arquitectos (\u00a9 Lorena Darquea)\" data-rel=\"lightbox-gallery-1\"><img loading=\"lazy\" decoding=\"async\" width=\"150\" height=\"150\" src=\"https:\/\/www.arquimaster.com.ar\/web\/wp-content\/uploads\/2025\/04\/casa_zenzy_3-150x150.jpg\" class=\"attachment-thumbnail size-thumbnail\" alt=\"Casa Zenzy \/ Di Frenna Arquitectos\" aria-describedby=\"gallery-1-84258\" \/><\/a>\n\t\t\t<\/div>\n\t\t\t\t<figcaption class='wp-caption-text gallery-caption' id='gallery-1-84258'>\n\t\t\t\tCasa Zenzy \/ Di Frenna Arquitectos (\u00a9 Lorena Darquea)\n\t\t\t\t<\/figcaption><\/figure><figure class='gallery-item'>\n\t\t\t<div class='gallery-icon portrait'>\n\t\t\t\t<a href='https:\/\/www.arquimaster.com.ar\/web\/wp-content\/uploads\/2025\/04\/casa_zenzy_4.jpg' title=\"Casa Zenzy \/ Di Frenna Arquitectos (\u00a9 Lorena Darquea)\" data-rl_title=\"Casa Zenzy \/ Di Frenna Arquitectos (\u00a9 Lorena Darquea)\" class=\"rl-gallery-link\" data-rl_caption=\"Casa Zenzy \/ Di Frenna Arquitectos (\u00a9 Lorena Darquea)\" data-rel=\"lightbox-gallery-1\"><img loading=\"lazy\" decoding=\"async\" width=\"150\" height=\"150\" src=\"https:\/\/www.arquimaster.com.ar\/web\/wp-content\/uploads\/2025\/04\/casa_zenzy_4-150x150.jpg\" class=\"attachment-thumbnail size-thumbnail\" alt=\"Casa Zenzy \/ Di Frenna Arquitectos\" aria-describedby=\"gallery-1-84259\" \/><\/a>\n\t\t\t<\/div>\n\t\t\t\t<figcaption class='wp-caption-text gallery-caption' id='gallery-1-84259'>\n\t\t\t\tCasa Zenzy \/ Di Frenna Arquitectos (\u00a9 Lorena Darquea)\n\t\t\t\t<\/figcaption><\/figure><figure class='gallery-item'>\n\t\t\t<div class='gallery-icon portrait'>\n\t\t\t\t<a href='https:\/\/www.arquimaster.com.ar\/web\/wp-content\/uploads\/2025\/04\/casa_zenzy_5.jpg' title=\"Casa Zenzy \/ Di Frenna Arquitectos (\u00a9 Lorena Darquea)\" data-rl_title=\"Casa Zenzy \/ Di Frenna Arquitectos (\u00a9 Lorena Darquea)\" class=\"rl-gallery-link\" data-rl_caption=\"Casa Zenzy \/ Di Frenna Arquitectos (\u00a9 Lorena Darquea)\" data-rel=\"lightbox-gallery-1\"><img loading=\"lazy\" decoding=\"async\" width=\"150\" height=\"150\" src=\"https:\/\/www.arquimaster.com.ar\/web\/wp-content\/uploads\/2025\/04\/casa_zenzy_5-150x150.jpg\" class=\"attachment-thumbnail size-thumbnail\" alt=\"Casa Zenzy \/ Di Frenna Arquitectos\" aria-describedby=\"gallery-1-84260\" \/><\/a>\n\t\t\t<\/div>\n\t\t\t\t<figcaption class='wp-caption-text gallery-caption' id='gallery-1-84260'>\n\t\t\t\tCasa Zenzy \/ Di Frenna Arquitectos (\u00a9 Lorena Darquea)\n\t\t\t\t<\/figcaption><\/figure><figure class='gallery-item'>\n\t\t\t<div class='gallery-icon portrait'>\n\t\t\t\t<a href='https:\/\/www.arquimaster.com.ar\/web\/wp-content\/uploads\/2025\/04\/casa_zenzy_6.jpg' title=\"Casa Zenzy \/ Di Frenna Arquitectos (\u00a9 Lorena Darquea)\" data-rl_title=\"Casa Zenzy \/ Di Frenna Arquitectos (\u00a9 Lorena Darquea)\" class=\"rl-gallery-link\" data-rl_caption=\"Casa Zenzy \/ Di Frenna Arquitectos (\u00a9 Lorena Darquea)\" data-rel=\"lightbox-gallery-1\"><img loading=\"lazy\" decoding=\"async\" width=\"150\" height=\"150\" src=\"https:\/\/www.arquimaster.com.ar\/web\/wp-content\/uploads\/2025\/04\/casa_zenzy_6-150x150.jpg\" class=\"attachment-thumbnail size-thumbnail\" alt=\"Casa Zenzy \/ Di Frenna Arquitectos\" aria-describedby=\"gallery-1-84261\" \/><\/a>\n\t\t\t<\/div>\n\t\t\t\t<figcaption class='wp-caption-text gallery-caption' id='gallery-1-84261'>\n\t\t\t\tCasa Zenzy \/ Di Frenna Arquitectos (\u00a9 Lorena Darquea)\n\t\t\t\t<\/figcaption><\/figure><figure class='gallery-item'>\n\t\t\t<div class='gallery-icon landscape'>\n\t\t\t\t<a href='https:\/\/www.arquimaster.com.ar\/web\/wp-content\/uploads\/2025\/04\/casa_zenzy_7.jpg' title=\"Casa Zenzy \/ Di Frenna Arquitectos (\u00a9 Lorena Darquea)\" data-rl_title=\"Casa Zenzy \/ Di Frenna Arquitectos (\u00a9 Lorena Darquea)\" class=\"rl-gallery-link\" data-rl_caption=\"Casa Zenzy \/ Di Frenna Arquitectos (\u00a9 Lorena Darquea)\" data-rel=\"lightbox-gallery-1\"><img loading=\"lazy\" decoding=\"async\" width=\"150\" height=\"150\" src=\"https:\/\/www.arquimaster.com.ar\/web\/wp-content\/uploads\/2025\/04\/casa_zenzy_7-150x150.jpg\" class=\"attachment-thumbnail size-thumbnail\" alt=\"Casa Zenzy \/ Di Frenna Arquitectos\" aria-describedby=\"gallery-1-84262\" \/><\/a>\n\t\t\t<\/div>\n\t\t\t\t<figcaption class='wp-caption-text gallery-caption' id='gallery-1-84262'>\n\t\t\t\tCasa Zenzy \/ Di Frenna Arquitectos (\u00a9 Lorena Darquea)\n\t\t\t\t<\/figcaption><\/figure><figure class='gallery-item'>\n\t\t\t<div class='gallery-icon landscape'>\n\t\t\t\t<a href='https:\/\/www.arquimaster.com.ar\/web\/wp-content\/uploads\/2025\/04\/casa_zenzy_8.jpg' title=\"Casa Zenzy \/ Di Frenna Arquitectos (\u00a9 Lorena Darquea)\" data-rl_title=\"Casa Zenzy \/ Di Frenna Arquitectos (\u00a9 Lorena Darquea)\" class=\"rl-gallery-link\" data-rl_caption=\"Casa Zenzy \/ Di Frenna Arquitectos (\u00a9 Lorena Darquea)\" data-rel=\"lightbox-gallery-1\"><img loading=\"lazy\" decoding=\"async\" width=\"150\" height=\"150\" src=\"https:\/\/www.arquimaster.com.ar\/web\/wp-content\/uploads\/2025\/04\/casa_zenzy_8-150x150.jpg\" class=\"attachment-thumbnail size-thumbnail\" alt=\"Casa Zenzy \/ Di Frenna Arquitectos\" aria-describedby=\"gallery-1-84263\" \/><\/a>\n\t\t\t<\/div>\n\t\t\t\t<figcaption class='wp-caption-text gallery-caption' id='gallery-1-84263'>\n\t\t\t\tCasa Zenzy \/ Di Frenna Arquitectos (\u00a9 Lorena Darquea)\n\t\t\t\t<\/figcaption><\/figure><figure class='gallery-item'>\n\t\t\t<div class='gallery-icon portrait'>\n\t\t\t\t<a href='https:\/\/www.arquimaster.com.ar\/web\/wp-content\/uploads\/2025\/04\/casa_zenzy_9.jpg' title=\"Casa Zenzy \/ Di Frenna Arquitectos (\u00a9 Lorena Darquea)\" data-rl_title=\"Casa Zenzy \/ Di Frenna Arquitectos (\u00a9 Lorena Darquea)\" class=\"rl-gallery-link\" data-rl_caption=\"Casa Zenzy \/ Di Frenna Arquitectos (\u00a9 Lorena Darquea)\" data-rel=\"lightbox-gallery-1\"><img loading=\"lazy\" decoding=\"async\" width=\"150\" height=\"150\" src=\"https:\/\/www.arquimaster.com.ar\/web\/wp-content\/uploads\/2025\/04\/casa_zenzy_9-150x150.jpg\" class=\"attachment-thumbnail size-thumbnail\" alt=\"Casa Zenzy \/ Di Frenna Arquitectos\" aria-describedby=\"gallery-1-84264\" \/><\/a>\n\t\t\t<\/div>\n\t\t\t\t<figcaption class='wp-caption-text gallery-caption' id='gallery-1-84264'>\n\t\t\t\tCasa Zenzy \/ Di Frenna Arquitectos (\u00a9 Lorena Darquea)\n\t\t\t\t<\/figcaption><\/figure><figure class='gallery-item'>\n\t\t\t<div class='gallery-icon portrait'>\n\t\t\t\t<a href='https:\/\/www.arquimaster.com.ar\/web\/wp-content\/uploads\/2025\/04\/casa_zenzy_10.jpg' title=\"Casa Zenzy \/ Di Frenna Arquitectos (\u00a9 Lorena Darquea)\" data-rl_title=\"Casa Zenzy \/ Di Frenna Arquitectos (\u00a9 Lorena Darquea)\" class=\"rl-gallery-link\" data-rl_caption=\"Casa Zenzy \/ Di Frenna Arquitectos (\u00a9 Lorena Darquea)\" data-rel=\"lightbox-gallery-1\"><img loading=\"lazy\" decoding=\"async\" width=\"150\" height=\"150\" src=\"https:\/\/www.arquimaster.com.ar\/web\/wp-content\/uploads\/2025\/04\/casa_zenzy_10-150x150.jpg\" class=\"attachment-thumbnail size-thumbnail\" alt=\"Casa Zenzy \/ Di Frenna Arquitectos\" aria-describedby=\"gallery-1-84265\" \/><\/a>\n\t\t\t<\/div>\n\t\t\t\t<figcaption class='wp-caption-text gallery-caption' id='gallery-1-84265'>\n\t\t\t\tCasa Zenzy \/ Di Frenna Arquitectos (\u00a9 Lorena Darquea)\n\t\t\t\t<\/figcaption><\/figure><figure class='gallery-item'>\n\t\t\t<div class='gallery-icon portrait'>\n\t\t\t\t<a href='https:\/\/www.arquimaster.com.ar\/web\/wp-content\/uploads\/2025\/04\/casa_zenzy_11.jpg' title=\"Casa Zenzy \/ Di Frenna Arquitectos (\u00a9 Lorena Darquea)\" data-rl_title=\"Casa Zenzy \/ Di Frenna Arquitectos (\u00a9 Lorena Darquea)\" class=\"rl-gallery-link\" data-rl_caption=\"Casa Zenzy \/ Di Frenna Arquitectos (\u00a9 Lorena Darquea)\" data-rel=\"lightbox-gallery-1\"><img loading=\"lazy\" decoding=\"async\" width=\"150\" height=\"150\" src=\"https:\/\/www.arquimaster.com.ar\/web\/wp-content\/uploads\/2025\/04\/casa_zenzy_11-150x150.jpg\" class=\"attachment-thumbnail size-thumbnail\" alt=\"Casa Zenzy \/ Di Frenna Arquitectos\" aria-describedby=\"gallery-1-84266\" \/><\/a>\n\t\t\t<\/div>\n\t\t\t\t<figcaption class='wp-caption-text gallery-caption' id='gallery-1-84266'>\n\t\t\t\tCasa Zenzy \/ Di Frenna Arquitectos (\u00a9 Lorena Darquea)\n\t\t\t\t<\/figcaption><\/figure><figure class='gallery-item'>\n\t\t\t<div class='gallery-icon portrait'>\n\t\t\t\t<a href='https:\/\/www.arquimaster.com.ar\/web\/wp-content\/uploads\/2025\/04\/casa_zenzy_12.jpg' title=\"Casa Zenzy \/ Di Frenna Arquitectos (\u00a9 Lorena Darquea)\" data-rl_title=\"Casa Zenzy \/ Di Frenna Arquitectos (\u00a9 Lorena Darquea)\" class=\"rl-gallery-link\" data-rl_caption=\"Casa Zenzy \/ Di Frenna Arquitectos (\u00a9 Lorena Darquea)\" data-rel=\"lightbox-gallery-1\"><img loading=\"lazy\" decoding=\"async\" width=\"150\" height=\"150\" src=\"https:\/\/www.arquimaster.com.ar\/web\/wp-content\/uploads\/2025\/04\/casa_zenzy_12-150x150.jpg\" class=\"attachment-thumbnail size-thumbnail\" alt=\"Casa Zenzy \/ Di Frenna Arquitectos\" aria-describedby=\"gallery-1-84267\" \/><\/a>\n\t\t\t<\/div>\n\t\t\t\t<figcaption class='wp-caption-text gallery-caption' id='gallery-1-84267'>\n\t\t\t\tCasa Zenzy \/ Di Frenna Arquitectos (\u00a9 Lorena Darquea)\n\t\t\t\t<\/figcaption><\/figure><figure class='gallery-item'>\n\t\t\t<div class='gallery-icon portrait'>\n\t\t\t\t<a href='https:\/\/www.arquimaster.com.ar\/web\/wp-content\/uploads\/2025\/04\/casa_zenzy_13.jpg' title=\"Casa Zenzy \/ Di Frenna Arquitectos (\u00a9 Lorena Darquea)\" data-rl_title=\"Casa Zenzy \/ Di Frenna Arquitectos (\u00a9 Lorena Darquea)\" class=\"rl-gallery-link\" data-rl_caption=\"Casa Zenzy \/ Di Frenna Arquitectos (\u00a9 Lorena Darquea)\" data-rel=\"lightbox-gallery-1\"><img loading=\"lazy\" decoding=\"async\" width=\"150\" height=\"150\" src=\"https:\/\/www.arquimaster.com.ar\/web\/wp-content\/uploads\/2025\/04\/casa_zenzy_13-150x150.jpg\" class=\"attachment-thumbnail size-thumbnail\" alt=\"Casa Zenzy \/ Di Frenna Arquitectos\" aria-describedby=\"gallery-1-84268\" \/><\/a>\n\t\t\t<\/div>\n\t\t\t\t<figcaption class='wp-caption-text gallery-caption' id='gallery-1-84268'>\n\t\t\t\tCasa Zenzy \/ Di Frenna Arquitectos (\u00a9 Lorena Darquea)\n\t\t\t\t<\/figcaption><\/figure><figure class='gallery-item'>\n\t\t\t<div class='gallery-icon portrait'>\n\t\t\t\t<a href='https:\/\/www.arquimaster.com.ar\/web\/wp-content\/uploads\/2025\/04\/casa_zenzy_14.jpg' title=\"Casa Zenzy \/ Di Frenna Arquitectos (\u00a9 Lorena Darquea)\" data-rl_title=\"Casa Zenzy \/ Di Frenna Arquitectos (\u00a9 Lorena Darquea)\" class=\"rl-gallery-link\" data-rl_caption=\"Casa Zenzy \/ Di Frenna Arquitectos (\u00a9 Lorena Darquea)\" data-rel=\"lightbox-gallery-1\"><img loading=\"lazy\" decoding=\"async\" width=\"150\" height=\"150\" src=\"https:\/\/www.arquimaster.com.ar\/web\/wp-content\/uploads\/2025\/04\/casa_zenzy_14-150x150.jpg\" class=\"attachment-thumbnail size-thumbnail\" alt=\"Casa Zenzy \/ Di Frenna Arquitectos\" aria-describedby=\"gallery-1-84269\" \/><\/a>\n\t\t\t<\/div>\n\t\t\t\t<figcaption class='wp-caption-text gallery-caption' id='gallery-1-84269'>\n\t\t\t\tCasa Zenzy \/ Di Frenna Arquitectos (\u00a9 Lorena Darquea)\n\t\t\t\t<\/figcaption><\/figure><figure class='gallery-item'>\n\t\t\t<div class='gallery-icon portrait'>\n\t\t\t\t<a href='https:\/\/www.arquimaster.com.ar\/web\/wp-content\/uploads\/2025\/04\/casa_zenzy_15.jpg' title=\"Casa Zenzy \/ Di Frenna Arquitectos (\u00a9 Lorena Darquea)\" data-rl_title=\"Casa Zenzy \/ Di Frenna Arquitectos (\u00a9 Lorena Darquea)\" class=\"rl-gallery-link\" data-rl_caption=\"Casa Zenzy \/ Di Frenna Arquitectos (\u00a9 Lorena Darquea)\" data-rel=\"lightbox-gallery-1\"><img loading=\"lazy\" decoding=\"async\" width=\"150\" height=\"150\" src=\"https:\/\/www.arquimaster.com.ar\/web\/wp-content\/uploads\/2025\/04\/casa_zenzy_15-150x150.jpg\" class=\"attachment-thumbnail size-thumbnail\" alt=\"Casa Zenzy \/ Di Frenna Arquitectos\" aria-describedby=\"gallery-1-84270\" \/><\/a>\n\t\t\t<\/div>\n\t\t\t\t<figcaption class='wp-caption-text gallery-caption' id='gallery-1-84270'>\n\t\t\t\tCasa Zenzy \/ Di Frenna Arquitectos (\u00a9 Lorena Darquea)\n\t\t\t\t<\/figcaption><\/figure><figure class='gallery-item'>\n\t\t\t<div class='gallery-icon portrait'>\n\t\t\t\t<a href='https:\/\/www.arquimaster.com.ar\/web\/wp-content\/uploads\/2025\/04\/casa_zenzy_16.jpg' title=\"Casa Zenzy \/ Di Frenna Arquitectos (\u00a9 Lorena Darquea)\" data-rl_title=\"Casa Zenzy \/ Di Frenna Arquitectos (\u00a9 Lorena Darquea)\" class=\"rl-gallery-link\" data-rl_caption=\"Casa Zenzy \/ Di Frenna Arquitectos (\u00a9 Lorena Darquea)\" data-rel=\"lightbox-gallery-1\"><img loading=\"lazy\" decoding=\"async\" width=\"150\" height=\"150\" src=\"https:\/\/www.arquimaster.com.ar\/web\/wp-content\/uploads\/2025\/04\/casa_zenzy_16-150x150.jpg\" class=\"attachment-thumbnail size-thumbnail\" alt=\"Casa Zenzy \/ Di Frenna Arquitectos\" aria-describedby=\"gallery-1-84271\" \/><\/a>\n\t\t\t<\/div>\n\t\t\t\t<figcaption class='wp-caption-text gallery-caption' id='gallery-1-84271'>\n\t\t\t\tCasa Zenzy \/ Di Frenna Arquitectos (\u00a9 Lorena Darquea)\n\t\t\t\t<\/figcaption><\/figure><figure class='gallery-item'>\n\t\t\t<div class='gallery-icon landscape'>\n\t\t\t\t<a href='https:\/\/www.arquimaster.com.ar\/web\/wp-content\/uploads\/2025\/04\/casa_zenzy_17.jpg' title=\"Casa Zenzy \/ Di Frenna Arquitectos (\u00a9 Lorena Darquea)\" data-rl_title=\"Casa Zenzy \/ Di Frenna Arquitectos (\u00a9 Lorena Darquea)\" class=\"rl-gallery-link\" data-rl_caption=\"Casa Zenzy \/ Di Frenna Arquitectos (\u00a9 Lorena Darquea)\" data-rel=\"lightbox-gallery-1\"><img loading=\"lazy\" decoding=\"async\" width=\"150\" height=\"150\" src=\"https:\/\/www.arquimaster.com.ar\/web\/wp-content\/uploads\/2025\/04\/casa_zenzy_17-150x150.jpg\" class=\"attachment-thumbnail size-thumbnail\" alt=\"Casa Zenzy \/ Di Frenna Arquitectos\" aria-describedby=\"gallery-1-84272\" \/><\/a>\n\t\t\t<\/div>\n\t\t\t\t<figcaption class='wp-caption-text gallery-caption' id='gallery-1-84272'>\n\t\t\t\tCasa Zenzy \/ Di Frenna Arquitectos (\u00a9 Lorena Darquea)\n\t\t\t\t<\/figcaption><\/figure><figure class='gallery-item'>\n\t\t\t<div class='gallery-icon portrait'>\n\t\t\t\t<a href='https:\/\/www.arquimaster.com.ar\/web\/wp-content\/uploads\/2025\/04\/casa_zenzy_18.jpg' title=\"Casa Zenzy \/ Di Frenna Arquitectos (\u00a9 Lorena Darquea)\" data-rl_title=\"Casa Zenzy \/ Di Frenna Arquitectos (\u00a9 Lorena Darquea)\" class=\"rl-gallery-link\" data-rl_caption=\"Casa Zenzy \/ Di Frenna Arquitectos (\u00a9 Lorena Darquea)\" data-rel=\"lightbox-gallery-1\"><img loading=\"lazy\" decoding=\"async\" width=\"150\" height=\"150\" src=\"https:\/\/www.arquimaster.com.ar\/web\/wp-content\/uploads\/2025\/04\/casa_zenzy_18-150x150.jpg\" class=\"attachment-thumbnail size-thumbnail\" alt=\"Casa Zenzy \/ Di Frenna Arquitectos\" aria-describedby=\"gallery-1-84273\" \/><\/a>\n\t\t\t<\/div>\n\t\t\t\t<figcaption class='wp-caption-text gallery-caption' id='gallery-1-84273'>\n\t\t\t\tCasa Zenzy \/ Di Frenna Arquitectos (\u00a9 Lorena Darquea)\n\t\t\t\t<\/figcaption><\/figure><figure class='gallery-item'>\n\t\t\t<div class='gallery-icon portrait'>\n\t\t\t\t<a href='https:\/\/www.arquimaster.com.ar\/web\/wp-content\/uploads\/2025\/04\/casa_zenzy_19.jpg' title=\"Casa Zenzy \/ Di Frenna Arquitectos (\u00a9 Lorena Darquea)\" data-rl_title=\"Casa Zenzy \/ Di Frenna Arquitectos (\u00a9 Lorena Darquea)\" class=\"rl-gallery-link\" data-rl_caption=\"Casa Zenzy \/ Di Frenna Arquitectos (\u00a9 Lorena Darquea)\" data-rel=\"lightbox-gallery-1\"><img loading=\"lazy\" decoding=\"async\" width=\"150\" height=\"150\" src=\"https:\/\/www.arquimaster.com.ar\/web\/wp-content\/uploads\/2025\/04\/casa_zenzy_19-150x150.jpg\" class=\"attachment-thumbnail size-thumbnail\" alt=\"Casa Zenzy \/ Di Frenna Arquitectos\" aria-describedby=\"gallery-1-84274\" \/><\/a>\n\t\t\t<\/div>\n\t\t\t\t<figcaption class='wp-caption-text gallery-caption' id='gallery-1-84274'>\n\t\t\t\tCasa Zenzy \/ Di Frenna Arquitectos (\u00a9 Lorena Darquea)\n\t\t\t\t<\/figcaption><\/figure><figure class='gallery-item'>\n\t\t\t<div class='gallery-icon portrait'>\n\t\t\t\t<a href='https:\/\/www.arquimaster.com.ar\/web\/wp-content\/uploads\/2025\/04\/casa_zenzy_20.jpg' title=\"Casa Zenzy \/ Di Frenna Arquitectos (\u00a9 Lorena Darquea)\" data-rl_title=\"Casa Zenzy \/ Di Frenna Arquitectos (\u00a9 Lorena Darquea)\" class=\"rl-gallery-link\" data-rl_caption=\"Casa Zenzy \/ Di Frenna Arquitectos (\u00a9 Lorena Darquea)\" data-rel=\"lightbox-gallery-1\"><img loading=\"lazy\" decoding=\"async\" width=\"150\" height=\"150\" src=\"https:\/\/www.arquimaster.com.ar\/web\/wp-content\/uploads\/2025\/04\/casa_zenzy_20-150x150.jpg\" class=\"attachment-thumbnail size-thumbnail\" alt=\"Casa Zenzy \/ Di Frenna Arquitectos\" aria-describedby=\"gallery-1-84275\" \/><\/a>\n\t\t\t<\/div>\n\t\t\t\t<figcaption class='wp-caption-text gallery-caption' id='gallery-1-84275'>\n\t\t\t\tCasa Zenzy \/ Di Frenna Arquitectos (\u00a9 Lorena Darquea)\n\t\t\t\t<\/figcaption><\/figure><figure class='gallery-item'>\n\t\t\t<div class='gallery-icon portrait'>\n\t\t\t\t<a href='https:\/\/www.arquimaster.com.ar\/web\/wp-content\/uploads\/2025\/04\/casa_zenzy_21.jpg' title=\"Casa Zenzy \/ Di Frenna Arquitectos (\u00a9 Lorena Darquea)\" data-rl_title=\"Casa Zenzy \/ Di Frenna Arquitectos (\u00a9 Lorena Darquea)\" class=\"rl-gallery-link\" data-rl_caption=\"Casa Zenzy \/ Di Frenna Arquitectos (\u00a9 Lorena Darquea)\" data-rel=\"lightbox-gallery-1\"><img loading=\"lazy\" decoding=\"async\" width=\"150\" height=\"150\" src=\"https:\/\/www.arquimaster.com.ar\/web\/wp-content\/uploads\/2025\/04\/casa_zenzy_21-150x150.jpg\" class=\"attachment-thumbnail size-thumbnail\" alt=\"Casa Zenzy \/ Di Frenna Arquitectos\" aria-describedby=\"gallery-1-84276\" \/><\/a>\n\t\t\t<\/div>\n\t\t\t\t<figcaption class='wp-caption-text gallery-caption' id='gallery-1-84276'>\n\t\t\t\tCasa Zenzy \/ Di Frenna Arquitectos (\u00a9 Lorena Darquea)\n\t\t\t\t<\/figcaption><\/figure><figure class='gallery-item'>\n\t\t\t<div class='gallery-icon landscape'>\n\t\t\t\t<a href='https:\/\/www.arquimaster.com.ar\/web\/wp-content\/uploads\/2025\/04\/casa_zenzy_22.jpg' title=\"Casa Zenzy \/ Di Frenna Arquitectos (\u00a9 Lorena Darquea)\" data-rl_title=\"Casa Zenzy \/ Di Frenna Arquitectos (\u00a9 Lorena Darquea)\" class=\"rl-gallery-link\" data-rl_caption=\"Casa Zenzy \/ Di Frenna Arquitectos (\u00a9 Lorena Darquea)\" data-rel=\"lightbox-gallery-1\"><img loading=\"lazy\" decoding=\"async\" width=\"150\" height=\"150\" src=\"https:\/\/www.arquimaster.com.ar\/web\/wp-content\/uploads\/2025\/04\/casa_zenzy_22-150x150.jpg\" class=\"attachment-thumbnail size-thumbnail\" alt=\"Casa Zenzy \/ Di Frenna Arquitectos\" aria-describedby=\"gallery-1-84277\" \/><\/a>\n\t\t\t<\/div>\n\t\t\t\t<figcaption class='wp-caption-text gallery-caption' id='gallery-1-84277'>\n\t\t\t\tCasa Zenzy \/ Di Frenna Arquitectos (\u00a9 Lorena Darquea)\n\t\t\t\t<\/figcaption><\/figure><figure class='gallery-item'>\n\t\t\t<div class='gallery-icon landscape'>\n\t\t\t\t<a href='https:\/\/www.arquimaster.com.ar\/web\/wp-content\/uploads\/2025\/04\/casa_zenzy_23.jpg' title=\"Casa Zenzy \/ Di Frenna Arquitectos (\u00a9 Lorena Darquea)\" data-rl_title=\"Casa Zenzy \/ Di Frenna Arquitectos (\u00a9 Lorena Darquea)\" class=\"rl-gallery-link\" data-rl_caption=\"Casa Zenzy \/ Di Frenna Arquitectos (\u00a9 Lorena Darquea)\" data-rel=\"lightbox-gallery-1\"><img loading=\"lazy\" decoding=\"async\" width=\"150\" height=\"150\" src=\"https:\/\/www.arquimaster.com.ar\/web\/wp-content\/uploads\/2025\/04\/casa_zenzy_23-150x150.jpg\" class=\"attachment-thumbnail size-thumbnail\" alt=\"Casa Zenzy \/ Di Frenna Arquitectos\" aria-describedby=\"gallery-1-84278\" \/><\/a>\n\t\t\t<\/div>\n\t\t\t\t<figcaption class='wp-caption-text gallery-caption' id='gallery-1-84278'>\n\t\t\t\tCasa Zenzy \/ Di Frenna Arquitectos (\u00a9 Lorena Darquea)\n\t\t\t\t<\/figcaption><\/figure><figure class='gallery-item'>\n\t\t\t<div class='gallery-icon portrait'>\n\t\t\t\t<a href='https:\/\/www.arquimaster.com.ar\/web\/wp-content\/uploads\/2025\/04\/casa_zenzy_24.jpg' title=\"Casa Zenzy \/ Di Frenna Arquitectos (\u00a9 Lorena Darquea)\" data-rl_title=\"Casa Zenzy \/ Di Frenna Arquitectos (\u00a9 Lorena Darquea)\" class=\"rl-gallery-link\" data-rl_caption=\"Casa Zenzy \/ Di Frenna Arquitectos (\u00a9 Lorena Darquea)\" data-rel=\"lightbox-gallery-1\"><img loading=\"lazy\" decoding=\"async\" width=\"150\" height=\"150\" src=\"https:\/\/www.arquimaster.com.ar\/web\/wp-content\/uploads\/2025\/04\/casa_zenzy_24-150x150.jpg\" class=\"attachment-thumbnail size-thumbnail\" alt=\"Casa Zenzy \/ Di Frenna Arquitectos\" aria-describedby=\"gallery-1-84279\" \/><\/a>\n\t\t\t<\/div>\n\t\t\t\t<figcaption class='wp-caption-text gallery-caption' id='gallery-1-84279'>\n\t\t\t\tCasa Zenzy \/ Di Frenna Arquitectos (\u00a9 Lorena Darquea)\n\t\t\t\t<\/figcaption><\/figure><figure class='gallery-item'>\n\t\t\t<div class='gallery-icon portrait'>\n\t\t\t\t<a href='https:\/\/www.arquimaster.com.ar\/web\/wp-content\/uploads\/2025\/04\/casa_zenzy_25.jpg' title=\"Casa Zenzy \/ Di Frenna Arquitectos (\u00a9 Lorena Darquea)\" data-rl_title=\"Casa Zenzy \/ Di Frenna Arquitectos (\u00a9 Lorena Darquea)\" class=\"rl-gallery-link\" data-rl_caption=\"Casa Zenzy \/ Di Frenna Arquitectos (\u00a9 Lorena Darquea)\" data-rel=\"lightbox-gallery-1\"><img loading=\"lazy\" decoding=\"async\" width=\"150\" height=\"150\" src=\"https:\/\/www.arquimaster.com.ar\/web\/wp-content\/uploads\/2025\/04\/casa_zenzy_25-150x150.jpg\" class=\"attachment-thumbnail size-thumbnail\" alt=\"Casa Zenzy \/ Di Frenna Arquitectos\" aria-describedby=\"gallery-1-84280\" \/><\/a>\n\t\t\t<\/div>\n\t\t\t\t<figcaption class='wp-caption-text gallery-caption' id='gallery-1-84280'>\n\t\t\t\tCasa Zenzy \/ Di Frenna Arquitectos (\u00a9 Lorena Darquea)\n\t\t\t\t<\/figcaption><\/figure><figure class='gallery-item'>\n\t\t\t<div class='gallery-icon landscape'>\n\t\t\t\t<a href='https:\/\/www.arquimaster.com.ar\/web\/wp-content\/uploads\/2025\/04\/casa_zenzy_26.jpg' title=\"Casa Zenzy \/ Di Frenna Arquitectos (\u00a9 Lorena Darquea)\" data-rl_title=\"Casa Zenzy \/ Di Frenna Arquitectos (\u00a9 Lorena Darquea)\" class=\"rl-gallery-link\" data-rl_caption=\"Casa Zenzy \/ Di Frenna Arquitectos (\u00a9 Lorena Darquea)\" data-rel=\"lightbox-gallery-1\"><img loading=\"lazy\" decoding=\"async\" width=\"150\" height=\"150\" src=\"https:\/\/www.arquimaster.com.ar\/web\/wp-content\/uploads\/2025\/04\/casa_zenzy_26-150x150.jpg\" class=\"attachment-thumbnail size-thumbnail\" alt=\"Casa Zenzy \/ Di Frenna Arquitectos\" aria-describedby=\"gallery-1-84281\" \/><\/a>\n\t\t\t<\/div>\n\t\t\t\t<figcaption class='wp-caption-text gallery-caption' id='gallery-1-84281'>\n\t\t\t\tCasa Zenzy \/ Di Frenna Arquitectos (\u00a9 Lorena Darquea)\n\t\t\t\t<\/figcaption><\/figure><figure class='gallery-item'>\n\t\t\t<div class='gallery-icon portrait'>\n\t\t\t\t<a href='https:\/\/www.arquimaster.com.ar\/web\/wp-content\/uploads\/2025\/04\/casa_zenzy_27.jpg' title=\"Casa Zenzy \/ Di Frenna Arquitectos (\u00a9 Lorena Darquea)\" data-rl_title=\"Casa Zenzy \/ Di Frenna Arquitectos (\u00a9 Lorena Darquea)\" class=\"rl-gallery-link\" data-rl_caption=\"Casa Zenzy \/ Di Frenna Arquitectos (\u00a9 Lorena Darquea)\" data-rel=\"lightbox-gallery-1\"><img loading=\"lazy\" decoding=\"async\" width=\"150\" height=\"150\" src=\"https:\/\/www.arquimaster.com.ar\/web\/wp-content\/uploads\/2025\/04\/casa_zenzy_27-150x150.jpg\" class=\"attachment-thumbnail size-thumbnail\" alt=\"Casa Zenzy \/ Di Frenna Arquitectos\" aria-describedby=\"gallery-1-84282\" \/><\/a>\n\t\t\t<\/div>\n\t\t\t\t<figcaption class='wp-caption-text gallery-caption' id='gallery-1-84282'>\n\t\t\t\tCasa Zenzy \/ Di Frenna Arquitectos (\u00a9 Lorena Darquea)\n\t\t\t\t<\/figcaption><\/figure><figure class='gallery-item'>\n\t\t\t<div class='gallery-icon landscape'>\n\t\t\t\t<a href='https:\/\/www.arquimaster.com.ar\/web\/wp-content\/uploads\/2025\/04\/casa_zenzy_28.jpg' title=\"Casa Zenzy \/ Di Frenna Arquitectos (\u00a9 Lorena Darquea)\" data-rl_title=\"Casa Zenzy \/ Di Frenna Arquitectos (\u00a9 Lorena Darquea)\" class=\"rl-gallery-link\" data-rl_caption=\"Casa Zenzy \/ Di Frenna Arquitectos (\u00a9 Lorena Darquea)\" data-rel=\"lightbox-gallery-1\"><img loading=\"lazy\" decoding=\"async\" width=\"150\" height=\"150\" src=\"https:\/\/www.arquimaster.com.ar\/web\/wp-content\/uploads\/2025\/04\/casa_zenzy_28-150x150.jpg\" class=\"attachment-thumbnail size-thumbnail\" alt=\"Casa Zenzy \/ Di Frenna Arquitectos\" aria-describedby=\"gallery-1-84283\" \/><\/a>\n\t\t\t<\/div>\n\t\t\t\t<figcaption class='wp-caption-text gallery-caption' id='gallery-1-84283'>\n\t\t\t\tCasa Zenzy \/ Di Frenna Arquitectos (\u00a9 Lorena Darquea)\n\t\t\t\t<\/figcaption><\/figure><figure class='gallery-item'>\n\t\t\t<div class='gallery-icon portrait'>\n\t\t\t\t<a href='https:\/\/www.arquimaster.com.ar\/web\/wp-content\/uploads\/2025\/04\/casa_zenzy_29.jpg' title=\"Casa Zenzy \/ Di Frenna Arquitectos (\u00a9 Lorena Darquea)\" data-rl_title=\"Casa Zenzy \/ Di Frenna Arquitectos (\u00a9 Lorena Darquea)\" class=\"rl-gallery-link\" data-rl_caption=\"Casa Zenzy \/ Di Frenna Arquitectos (\u00a9 Lorena Darquea)\" data-rel=\"lightbox-gallery-1\"><img loading=\"lazy\" decoding=\"async\" width=\"150\" height=\"150\" src=\"https:\/\/www.arquimaster.com.ar\/web\/wp-content\/uploads\/2025\/04\/casa_zenzy_29-150x150.jpg\" class=\"attachment-thumbnail size-thumbnail\" alt=\"Casa Zenzy \/ Di Frenna Arquitectos\" aria-describedby=\"gallery-1-84284\" \/><\/a>\n\t\t\t<\/div>\n\t\t\t\t<figcaption class='wp-caption-text gallery-caption' id='gallery-1-84284'>\n\t\t\t\tCasa Zenzy \/ Di Frenna Arquitectos (\u00a9 Lorena Darquea)\n\t\t\t\t<\/figcaption><\/figure><figure class='gallery-item'>\n\t\t\t<div class='gallery-icon portrait'>\n\t\t\t\t<a href='https:\/\/www.arquimaster.com.ar\/web\/wp-content\/uploads\/2025\/04\/casa_zenzy_30.jpg' title=\"Casa Zenzy \/ Di Frenna Arquitectos (\u00a9 Lorena Darquea)\" data-rl_title=\"Casa Zenzy \/ Di Frenna Arquitectos (\u00a9 Lorena Darquea)\" class=\"rl-gallery-link\" data-rl_caption=\"Casa Zenzy \/ Di Frenna Arquitectos (\u00a9 Lorena Darquea)\" data-rel=\"lightbox-gallery-1\"><img loading=\"lazy\" decoding=\"async\" width=\"150\" height=\"150\" src=\"https:\/\/www.arquimaster.com.ar\/web\/wp-content\/uploads\/2025\/04\/casa_zenzy_30-150x150.jpg\" class=\"attachment-thumbnail size-thumbnail\" alt=\"Casa Zenzy \/ Di Frenna Arquitectos\" aria-describedby=\"gallery-1-84285\" \/><\/a>\n\t\t\t<\/div>\n\t\t\t\t<figcaption class='wp-caption-text gallery-caption' id='gallery-1-84285'>\n\t\t\t\tCasa Zenzy \/ Di Frenna Arquitectos (\u00a9 Lorena Darquea)\n\t\t\t\t<\/figcaption><\/figure><figure class='gallery-item'>\n\t\t\t<div class='gallery-icon landscape'>\n\t\t\t\t<a href='https:\/\/www.arquimaster.com.ar\/web\/wp-content\/uploads\/2025\/04\/casa_zenzy_31.jpg' title=\"Casa Zenzy \/ Di Frenna Arquitectos (\u00a9 Lorena Darquea)\" data-rl_title=\"Casa Zenzy \/ Di Frenna Arquitectos (\u00a9 Lorena Darquea)\" class=\"rl-gallery-link\" data-rl_caption=\"Casa Zenzy \/ Di Frenna Arquitectos (\u00a9 Lorena Darquea)\" data-rel=\"lightbox-gallery-1\"><img loading=\"lazy\" decoding=\"async\" width=\"150\" height=\"150\" src=\"https:\/\/www.arquimaster.com.ar\/web\/wp-content\/uploads\/2025\/04\/casa_zenzy_31-150x150.jpg\" class=\"attachment-thumbnail size-thumbnail\" alt=\"Casa Zenzy \/ Di Frenna Arquitectos\" aria-describedby=\"gallery-1-84286\" \/><\/a>\n\t\t\t<\/div>\n\t\t\t\t<figcaption class='wp-caption-text gallery-caption' id='gallery-1-84286'>\n\t\t\t\tCasa Zenzy \/ Di Frenna Arquitectos (\u00a9 Lorena Darquea)\n\t\t\t\t<\/figcaption><\/figure><figure class='gallery-item'>\n\t\t\t<div class='gallery-icon portrait'>\n\t\t\t\t<a href='https:\/\/www.arquimaster.com.ar\/web\/wp-content\/uploads\/2025\/04\/casa_zenzy_32.jpg' title=\"Casa Zenzy \/ Di Frenna Arquitectos (planta baja)\" data-rl_title=\"Casa Zenzy \/ Di Frenna Arquitectos (planta baja)\" class=\"rl-gallery-link\" data-rl_caption=\"Casa Zenzy \/ Di Frenna Arquitectos (planta baja)\" data-rel=\"lightbox-gallery-1\"><img loading=\"lazy\" decoding=\"async\" width=\"150\" height=\"150\" src=\"https:\/\/www.arquimaster.com.ar\/web\/wp-content\/uploads\/2025\/04\/casa_zenzy_32-150x150.jpg\" class=\"attachment-thumbnail size-thumbnail\" alt=\"Casa Zenzy \/ Di Frenna Arquitectos\" aria-describedby=\"gallery-1-84287\" \/><\/a>\n\t\t\t<\/div>\n\t\t\t\t<figcaption class='wp-caption-text gallery-caption' id='gallery-1-84287'>\n\t\t\t\tCasa Zenzy \/ Di Frenna Arquitectos (planta baja)\n\t\t\t\t<\/figcaption><\/figure><figure class='gallery-item'>\n\t\t\t<div class='gallery-icon portrait'>\n\t\t\t\t<a href='https:\/\/www.arquimaster.com.ar\/web\/wp-content\/uploads\/2025\/04\/casa_zenzy_33.jpg' title=\"Casa Zenzy \/ Di Frenna Arquitectos (planta alta)\" data-rl_title=\"Casa Zenzy \/ Di Frenna Arquitectos (planta alta)\" class=\"rl-gallery-link\" data-rl_caption=\"Casa Zenzy \/ Di Frenna Arquitectos (planta alta)\" data-rel=\"lightbox-gallery-1\"><img loading=\"lazy\" decoding=\"async\" width=\"150\" height=\"150\" src=\"https:\/\/www.arquimaster.com.ar\/web\/wp-content\/uploads\/2025\/04\/casa_zenzy_33-150x150.jpg\" class=\"attachment-thumbnail size-thumbnail\" alt=\"Casa Zenzy \/ Di Frenna Arquitectos\" aria-describedby=\"gallery-1-84288\" \/><\/a>\n\t\t\t<\/div>\n\t\t\t\t<figcaption class='wp-caption-text gallery-caption' id='gallery-1-84288'>\n\t\t\t\tCasa Zenzy \/ Di Frenna Arquitectos (planta alta)\n\t\t\t\t<\/figcaption><\/figure><figure class='gallery-item'>\n\t\t\t<div class='gallery-icon landscape'>\n\t\t\t\t<a href='https:\/\/www.arquimaster.com.ar\/web\/wp-content\/uploads\/2025\/04\/casa_zenzy_34.jpg' title=\"Casa Zenzy \/ Di Frenna Arquitectos (corte)\" data-rl_title=\"Casa Zenzy \/ Di Frenna Arquitectos (corte)\" class=\"rl-gallery-link\" data-rl_caption=\"Casa Zenzy \/ Di Frenna Arquitectos (corte)\" data-rel=\"lightbox-gallery-1\"><img loading=\"lazy\" decoding=\"async\" width=\"150\" height=\"150\" src=\"https:\/\/www.arquimaster.com.ar\/web\/wp-content\/uploads\/2025\/04\/casa_zenzy_34-150x150.jpg\" class=\"attachment-thumbnail size-thumbnail\" alt=\"Casa Zenzy \/ Di Frenna Arquitectos\" aria-describedby=\"gallery-1-84289\" \/><\/a>\n\t\t\t<\/div>\n\t\t\t\t<figcaption class='wp-caption-text gallery-caption' id='gallery-1-84289'>\n\t\t\t\tCasa Zenzy \/ Di Frenna Arquitectos (corte)\n\t\t\t\t<\/figcaption><\/figure><figure class='gallery-item'>\n\t\t\t<div class='gallery-icon landscape'>\n\t\t\t\t<a href='https:\/\/www.arquimaster.com.ar\/web\/wp-content\/uploads\/2025\/04\/casa_zenzy_35.jpg' title=\"Casa Zenzy \/ Di Frenna Arquitectos (vista)\" data-rl_title=\"Casa Zenzy \/ Di Frenna Arquitectos (vista)\" class=\"rl-gallery-link\" data-rl_caption=\"Casa Zenzy \/ Di Frenna Arquitectos (vista)\" data-rel=\"lightbox-gallery-1\"><img loading=\"lazy\" decoding=\"async\" width=\"150\" height=\"150\" src=\"https:\/\/www.arquimaster.com.ar\/web\/wp-content\/uploads\/2025\/04\/casa_zenzy_35-150x150.jpg\" class=\"attachment-thumbnail size-thumbnail\" alt=\"Casa Zenzy \/ Di Frenna Arquitectos\" aria-describedby=\"gallery-1-84290\" \/><\/a>\n\t\t\t<\/div>\n\t\t\t\t<figcaption class='wp-caption-text gallery-caption' id='gallery-1-84290'>\n\t\t\t\tCasa Zenzy \/ Di Frenna Arquitectos (vista)\n\t\t\t\t<\/figcaption><\/figure>\n\t\t<\/div>\n\n<p>Ubicada en la ciudad de Colima, la residencia se erige en un terreno privilegiado que ofrece vistas impresionantes del ic\u00f3nico Volc\u00e1n de Colima al norte y de la ciudad al sur. Esta residencia unifamiliar, aprovecha al m\u00e1ximo su emplazamiento espec\u00edfico al pie de un campo de golf, permitiendo que las vistas principales se orienten hacia amplias \u00e1reas verdes y, en algunos puntos, hacia el majestuoso volc\u00e1n.<\/p>\n<p>El clima en esta \u00e1rea, notablemente m\u00e1s fresco que el resto de la ciudad gracias a su altitud y la abundancia de suelos verdes, proporciona un escenario ideal para una vivienda que busca conectar profundamente con su entorno. La ubicaci\u00f3n de esta casa no solo ofrece una temperatura m\u00e1s agradable, sino tambi\u00e9n visuales de \u00e1reas abiertas y una vegetaci\u00f3n exuberante que enmarca la vida cotidiana de sus habitantes.<\/p>\n<p>El concepto general de la residencia combina una volumetr\u00eda clara, logrando un equilibrio entre la simplicidad y la imponencia. La materialidad de la casa, con el uso de madera, concreto y piedra, refleja un car\u00e1cter natural y acogedor, integr\u00e1ndose de manera arm\u00f3nica con el paisaje circundante. Esta elecci\u00f3n de materiales no solo aporta calidez y naturalidad, sino que tambi\u00e9n refuerza la sostenibilidad del proyecto, aprovechando recursos locales tanto en mano de obra como en materiales.<\/p>\n<p>La sostenibilidad en el dise\u00f1o se manifiesta en una simbiosis perfecta con el entorno, donde la naturaleza se convierte en un aliado en lugar de un desaf\u00edo. La ventilaci\u00f3n natural y la altura de los espacios interiores permiten que la casa respire con el ritmo del d\u00eda, reduciendo la dependencia de sistemas artificiales y abrazando la serenidad del clima local. Los amplios ventanales no solo ampl\u00edan el horizonte visual, sino que tambi\u00e9n invitan a la luz natural a narrar su historia a trav\u00e9s de cada rinc\u00f3n, creando una danza de sombras y brillos que evoluciona con el paso del tiempo.<\/p>\n<p>El programa arquitect\u00f3nico de la vivienda es una composici\u00f3n armoniosa de espacios dise\u00f1ados para la contemplaci\u00f3n y la convivencia. Cada habitaci\u00f3n se convierte en un santuario de tranquilidad, donde los materiales naturales y la iluminaci\u00f3n precisa crean una atm\u00f3sfera que invita a la introspecci\u00f3n. Las \u00e1reas comunes, que se extienden hacia el exterior, fomentan la conexi\u00f3n humana y el disfrute del entorno, mientras que los espacios privados ofrecen refugio y sosiego. En este hogar, cada detalle ha sido pensado para enriquecer la experiencia de habitar, transformando lo cotidiano en un acto de meditaci\u00f3n y reconexi\u00f3n con la esencia de la vida.<\/p>\n<p>La iluminaci\u00f3n, tanto natural como artificial, se ha dise\u00f1ado con intenciones espec\u00edficas. Aperturas cenitales y entradas precisas de luz solar destacan zonas espec\u00edficas del hogar, evitando el asoleamiento directo, pero acentuando superficies naturales como muros de piedra y concreto aparente. Este enfoque no solo cumple con una funci\u00f3n pr\u00e1ctica, sino que tambi\u00e9n a\u00f1ade un valor est\u00e9tico y emocional al espacio, creando atm\u00f3sferas que cambian con el paso del d\u00eda.<\/p>\n<p>La casa fue pensada para satisfacer el deseo de los clientes de mantener una clara separaci\u00f3n entre la vida interior y exterior de la casa, mientras se maximiza el contacto con el entorno natural. Por ello, se opt\u00f3 por una imponente doble altura en el \u00e1rea de convivencia diaria que ofrece una vista continua hacia el campo abierto y los \u00e1rboles del jard\u00edn.<\/p>\n<p>Este proyecto es un poema construido, un canto silente a la uni\u00f3n del ser humano con su entorno. Cada rinc\u00f3n, cada material, cada haz de luz est\u00e1 meticulosamente orquestado para suscitar una conexi\u00f3n profunda y contemplativa, donde el murmullo de la naturaleza y la quietud del hogar se entrelazan en una sinfon\u00eda de armon\u00eda y paz.<\/p>\n\n\n<div style=\"height:20px\" aria-hidden=\"true\" class=\"wp-block-spacer\"><\/div>\n\n\n\n<p class=\"has-background\" style=\"background-color:#eaeaea\"><strong>Ficha t\u00e9cnica<\/strong><br>Nombre: Casa Zenzy<br>Ubicaci\u00f3n: Altozano, Cuauht\u00e9moc, Colima, M\u00e9xico<br>Oficina de arquitectura: Di Frenna Arquitectos<br>Equipo de trabajo: Arq. Matia Di Frenna M\u00fcller, Arq. Jos\u00e9 Omar Anguiano de la Rosa, Ing. Juan Gerardo Guardado \u00c1vila<br>Fecha de inicio: 7 agosto 2021<br>Fecha de t\u00e9rmino: 2 enero 2024<br>\u00c1rea: 828 m2<br>Fotograf\u00eda: Lorena Darquea<br>Sitio web: https:\/\/difrennaarquitectos.com<br>Instagram: @difrenna.arquitectos<\/p>\n\n\n\n<div style=\"height:40px\" aria-hidden=\"true\" class=\"wp-block-spacer\"><\/div>\n\n\n<p><strong><em>English version<\/em><\/strong><\/p>\n<p><em>Inherent in human beings is the need to find harmony with their surrounding environment. In the constant quest for a balance between interior and exterior life, this architectural project emerges, satisfying not only the functional needs of its inhabitants but also establishing a profound dialogue with nature and the philosophy of space.<\/em><\/p>\n<p><em>Located in the city of Colima, the residence stands on a privileged plot that offers stunning views of the iconic Colima Volcano to the north and the city to the south. This single-family home maximizes its specific location near a golf course, allowing the main views to be oriented towards wide green areas and, at some points, towards the majestic volcano.<\/em><\/p>\n<p><em>The climate in this area, noticeably cooler than the rest of the city due to its altitude and the abundance of landscape, provides an ideal setting for a home that seeks to deeply connect with its surroundings. The location of this house not only offers a more pleasant temperature but also visuals of open areas and lush vegetation that frame the daily life of its inhabitants.<\/em><\/p>\n<p><em>The overall concept of the residence combines clear volumetry, achieving a balance between simplicity and grandeur. The materiality of the house, with the use of wood, concrete, and stone, reflects a natural and welcoming character, harmoniously integrating with the surrounding landscape. This choice of materials not only brings warmth and naturalness but also reinforces the sustainability of the project, utilizing local resources in both labor and materials.<\/em><\/p>\n<p><em>Sustainability in the design manifests in a perfect symbiosis with the environment, where nature becomes an ally rather than a challenge. Natural ventilation and the height of the interior spaces allow the house to breathe with the rhythm of the day, reducing dependency on artificial systems and embracing the serenity of the local climate. Large windows not only expand the visual horizon but also invite natural light to tell its story through every corner, creating rhythm in shadows and highlights that evolves as time passes by.<\/em><\/p>\n<p><em>The architectural program of the house is a harmonious composition of spaces designed for contemplation and conviviality. Each room becomes a sanctuary of tranquility, where natural materials and precise lighting create an atmosphere that invites introspection.<\/em><\/p>\n<p><em>Common areas, extending outward, foster human connection and enjoyment of the environment, while private spaces offer refuge and quietude. In this home, every detail has been thought out to enrich the living experience, transforming the everyday into an act of meditation and reconnection with the essence of life.<\/em><\/p>\n<p><em>Lighting, both natural and artificial, has been designed with specific intentions. Skylights and precise entries of sunlight highlight specific areas of the home, avoiding direct sun exposure while accentuating natural surfaces such as stone and exposed concrete walls.<\/em><\/p>\n<p><em>This approach not only serves a practical function but also adds aesthetic and emotional value to the space, creating atmospheres that change throughout the day.<\/em><\/p>\n<p><em>The house was conceived to meet the clients&#8217; desire to maintain a clear separation between the interior and exterior life of the house while maximizing contact with the natural environment. Thus, an imposing double height in the daily living area was chosen, offering a continuous view towards the open field and the garden trees.<\/em><\/p>\n<p><em>This project is a built poem, a silent ode to the union of human beings with their surroundings. Every corner, every material, every beam of light is meticulously orchestrated to evoke a deep and contemplative connection, where the murmur of nature and the stillness of the home intertwine in a symphony of harmony and peace.<\/em><\/p>\n<div style=\"font-size: 0px; height: 0px; line-height: 0px; margin: 0; padding: 0; clear: both;\"><\/div><div style=\"margin-top: 0px; margin-bottom: 0px;\" class=\"sharethis-inline-share-buttons\" ><\/div>","protected":false},"excerpt":{"rendered":"<p>El proyecto establece un di\u00e1logo profundo con la naturaleza y la filosof\u00eda del espacio&#8230;<\/p>\n","protected":false},"author":1,"featured_media":84255,"comment_status":"closed","ping_status":"closed","sticky":false,"template":"","format":"standard","meta":{"_uag_custom_page_level_css":"","footnotes":""},"categories":[1,83],"tags":[8096,4282,7089,8095,7088,7090,24,254],"class_list":["post-84254","post","type-post","status-publish","format-standard","has-post-thumbnail","hentry","category-proyecto","category-vivienda-unifamiliar","tag-altozano","tag-arquitectura-residencial","tag-colima","tag-cuauhtemoc","tag-di-frenna-arquitectos","tag-matia-di-frenna-muller","tag-mexico","tag-vivienda-unifamiliar-2","generate-columns","tablet-grid-50","mobile-grid-100","grid-parent","grid-50"],"yoast_head":"<!-- This site is optimized with the Yoast SEO plugin v27.3 - https:\/\/yoast.com\/product\/yoast-seo-wordpress\/ -->\n<title>Casa Zenzy \/ Di Frenna Arquitectos - Arquimaster<\/title>\n<meta name=\"description\" content=\"El proyecto satisface las necesidades funcionales de sus habitantes y establece un di\u00e1logo profundo con la naturaleza y la filosof\u00eda del espacio.\" \/>\n<meta name=\"robots\" content=\"index, follow, max-snippet:-1, max-image-preview:large, max-video-preview:-1\" \/>\n<link rel=\"canonical\" href=\"https:\/\/www.arquimaster.com.ar\/web\/casa-zenzy-di-frenna-arquitectos\/\" \/>\n<meta property=\"og:locale\" content=\"es_ES\" \/>\n<meta property=\"og:type\" content=\"article\" \/>\n<meta property=\"og:title\" content=\"Casa Zenzy \/ Di Frenna Arquitectos\" \/>\n<meta property=\"og:description\" content=\"El proyecto satisface las necesidades funcionales de sus habitantes y establece un di\u00e1logo profundo con la naturaleza y la filosof\u00eda del espacio.\" \/>\n<meta property=\"og:url\" content=\"https:\/\/www.arquimaster.com.ar\/web\/casa-zenzy-di-frenna-arquitectos\/\" \/>\n<meta property=\"og:site_name\" content=\"Arquimaster\" \/>\n<meta property=\"article:publisher\" content=\"http:\/\/www.facebook.com\/ARQUIMASTER.com.ar\" \/>\n<meta property=\"article:published_time\" content=\"2025-04-23T19:58:37+00:00\" \/>\n<meta property=\"article:modified_time\" content=\"2025-07-23T18:30:08+00:00\" \/>\n<meta property=\"og:image\" content=\"https:\/\/www.arquimaster.com.ar\/web\/wp-content\/uploads\/2025\/04\/casa_zenzy_slide.jpg\" \/>\n\t<meta property=\"og:image:width\" content=\"698\" \/>\n\t<meta property=\"og:image:height\" content=\"364\" \/>\n\t<meta property=\"og:image:type\" content=\"image\/jpeg\" \/>\n<meta name=\"author\" content=\"Arquimaster\" \/>\n<meta name=\"twitter:card\" content=\"summary_large_image\" \/>\n<meta name=\"twitter:description\" content=\"El proyecto satisface las necesidades funcionales de sus habitantes y establece un di\u00e1logo profundo con la naturaleza y la filosof\u00eda del espacio.\" \/>\n<meta name=\"twitter:image\" content=\"https:\/\/www.arquimaster.com.ar\/web\/wp-content\/uploads\/2025\/04\/casa_zenzy_slide.jpg\" \/>\n<meta name=\"twitter:creator\" content=\"@arquimaster\" \/>\n<meta name=\"twitter:site\" content=\"@arquimaster\" \/>\n<meta name=\"twitter:label1\" content=\"Escrito por\" \/>\n\t<meta name=\"twitter:data1\" content=\"Arquimaster\" \/>\n\t<meta name=\"twitter:label2\" content=\"Tiempo de lectura\" \/>\n\t<meta name=\"twitter:data2\" content=\"7 minutos\" \/>\n<script type=\"application\/ld+json\" class=\"yoast-schema-graph\">{\"@context\":\"https:\\\/\\\/schema.org\",\"@graph\":[{\"@type\":\"Article\",\"@id\":\"https:\\\/\\\/www.arquimaster.com.ar\\\/web\\\/casa-zenzy-di-frenna-arquitectos\\\/#article\",\"isPartOf\":{\"@id\":\"https:\\\/\\\/www.arquimaster.com.ar\\\/web\\\/casa-zenzy-di-frenna-arquitectos\\\/\"},\"author\":{\"name\":\"Arquimaster\",\"@id\":\"https:\\\/\\\/www.arquimaster.com.ar\\\/web\\\/#\\\/schema\\\/person\\\/359e9f7c00193fcde068e0dd2ceb0028\"},\"headline\":\"Casa Zenzy \\\/ Di Frenna Arquitectos\",\"datePublished\":\"2025-04-23T19:58:37+00:00\",\"dateModified\":\"2025-07-23T18:30:08+00:00\",\"mainEntityOfPage\":{\"@id\":\"https:\\\/\\\/www.arquimaster.com.ar\\\/web\\\/casa-zenzy-di-frenna-arquitectos\\\/\"},\"wordCount\":1385,\"publisher\":{\"@id\":\"https:\\\/\\\/www.arquimaster.com.ar\\\/web\\\/#organization\"},\"image\":{\"@id\":\"https:\\\/\\\/www.arquimaster.com.ar\\\/web\\\/casa-zenzy-di-frenna-arquitectos\\\/#primaryimage\"},\"thumbnailUrl\":\"https:\\\/\\\/www.arquimaster.com.ar\\\/web\\\/wp-content\\\/uploads\\\/2025\\\/04\\\/casa_zenzy_slide.jpg\",\"keywords\":[\"Altozano\",\"arquitectura residencial\",\"Colima\",\"Cuauhtemoc\",\"Di Frenna Arquitectos\",\"Matia Di Frenna M\u00fcller\",\"Mexico\",\"vivienda unifamiliar\"],\"articleSection\":[\"Proyecto\",\"Vivienda unifamiliar y PH\"],\"inLanguage\":\"es\"},{\"@type\":\"WebPage\",\"@id\":\"https:\\\/\\\/www.arquimaster.com.ar\\\/web\\\/casa-zenzy-di-frenna-arquitectos\\\/\",\"url\":\"https:\\\/\\\/www.arquimaster.com.ar\\\/web\\\/casa-zenzy-di-frenna-arquitectos\\\/\",\"name\":\"Casa Zenzy \\\/ Di Frenna Arquitectos - Arquimaster\",\"isPartOf\":{\"@id\":\"https:\\\/\\\/www.arquimaster.com.ar\\\/web\\\/#website\"},\"primaryImageOfPage\":{\"@id\":\"https:\\\/\\\/www.arquimaster.com.ar\\\/web\\\/casa-zenzy-di-frenna-arquitectos\\\/#primaryimage\"},\"image\":{\"@id\":\"https:\\\/\\\/www.arquimaster.com.ar\\\/web\\\/casa-zenzy-di-frenna-arquitectos\\\/#primaryimage\"},\"thumbnailUrl\":\"https:\\\/\\\/www.arquimaster.com.ar\\\/web\\\/wp-content\\\/uploads\\\/2025\\\/04\\\/casa_zenzy_slide.jpg\",\"datePublished\":\"2025-04-23T19:58:37+00:00\",\"dateModified\":\"2025-07-23T18:30:08+00:00\",\"description\":\"El proyecto satisface las necesidades funcionales de sus habitantes y establece un di\u00e1logo profundo con la naturaleza y la filosof\u00eda del espacio.\",\"breadcrumb\":{\"@id\":\"https:\\\/\\\/www.arquimaster.com.ar\\\/web\\\/casa-zenzy-di-frenna-arquitectos\\\/#breadcrumb\"},\"inLanguage\":\"es\",\"potentialAction\":[{\"@type\":\"ReadAction\",\"target\":[\"https:\\\/\\\/www.arquimaster.com.ar\\\/web\\\/casa-zenzy-di-frenna-arquitectos\\\/\"]}]},{\"@type\":\"ImageObject\",\"inLanguage\":\"es\",\"@id\":\"https:\\\/\\\/www.arquimaster.com.ar\\\/web\\\/casa-zenzy-di-frenna-arquitectos\\\/#primaryimage\",\"url\":\"https:\\\/\\\/www.arquimaster.com.ar\\\/web\\\/wp-content\\\/uploads\\\/2025\\\/04\\\/casa_zenzy_slide.jpg\",\"contentUrl\":\"https:\\\/\\\/www.arquimaster.com.ar\\\/web\\\/wp-content\\\/uploads\\\/2025\\\/04\\\/casa_zenzy_slide.jpg\",\"width\":698,\"height\":364,\"caption\":\"Casa Zenzy \\\/ Di Frenna Arquitectos\"},{\"@type\":\"BreadcrumbList\",\"@id\":\"https:\\\/\\\/www.arquimaster.com.ar\\\/web\\\/casa-zenzy-di-frenna-arquitectos\\\/#breadcrumb\",\"itemListElement\":[{\"@type\":\"ListItem\",\"position\":1,\"name\":\"Portada\",\"item\":\"https:\\\/\\\/www.arquimaster.com.ar\\\/web\\\/\"},{\"@type\":\"ListItem\",\"position\":2,\"name\":\"Casa Zenzy \\\/ Di Frenna Arquitectos\"}]},{\"@type\":\"WebSite\",\"@id\":\"https:\\\/\\\/www.arquimaster.com.ar\\\/web\\\/#website\",\"url\":\"https:\\\/\\\/www.arquimaster.com.ar\\\/web\\\/\",\"name\":\"Arquimaster\",\"description\":\"Web de arquitectura, dise\u00f1o y construccion\",\"publisher\":{\"@id\":\"https:\\\/\\\/www.arquimaster.com.ar\\\/web\\\/#organization\"},\"potentialAction\":[{\"@type\":\"SearchAction\",\"target\":{\"@type\":\"EntryPoint\",\"urlTemplate\":\"https:\\\/\\\/www.arquimaster.com.ar\\\/web\\\/?s={search_term_string}\"},\"query-input\":{\"@type\":\"PropertyValueSpecification\",\"valueRequired\":true,\"valueName\":\"search_term_string\"}}],\"inLanguage\":\"es\"},{\"@type\":\"Organization\",\"@id\":\"https:\\\/\\\/www.arquimaster.com.ar\\\/web\\\/#organization\",\"name\":\"Arquimaster\",\"url\":\"https:\\\/\\\/www.arquimaster.com.ar\\\/web\\\/\",\"logo\":{\"@type\":\"ImageObject\",\"inLanguage\":\"es\",\"@id\":\"https:\\\/\\\/www.arquimaster.com.ar\\\/web\\\/#\\\/schema\\\/logo\\\/image\\\/\",\"url\":\"https:\\\/\\\/www.arquimaster.com.ar\\\/web\\\/wp-content\\\/uploads\\\/2022\\\/06\\\/arquimaster.png\",\"contentUrl\":\"https:\\\/\\\/www.arquimaster.com.ar\\\/web\\\/wp-content\\\/uploads\\\/2022\\\/06\\\/arquimaster.png\",\"width\":594,\"height\":78,\"caption\":\"Arquimaster\"},\"image\":{\"@id\":\"https:\\\/\\\/www.arquimaster.com.ar\\\/web\\\/#\\\/schema\\\/logo\\\/image\\\/\"},\"sameAs\":[\"http:\\\/\\\/www.facebook.com\\\/ARQUIMASTER.com.ar\",\"https:\\\/\\\/x.com\\\/arquimaster\",\"https:\\\/\\\/www.instagram.com\\\/arquimasterblog\\\/\",\"https:\\\/\\\/www.linkedin.com\\\/company\\\/arquimaster\",\"https:\\\/\\\/www.pinterest.com\\\/arquimaster\",\"https:\\\/\\\/t.me\\\/arquimaster\"]},{\"@type\":\"Person\",\"@id\":\"https:\\\/\\\/www.arquimaster.com.ar\\\/web\\\/#\\\/schema\\\/person\\\/359e9f7c00193fcde068e0dd2ceb0028\",\"name\":\"Arquimaster\"}]}<\/script>\n<!-- \/ Yoast SEO plugin. -->","yoast_head_json":{"title":"Casa Zenzy \/ Di Frenna Arquitectos - Arquimaster","description":"El proyecto satisface las necesidades funcionales de sus habitantes y establece un di\u00e1logo profundo con la naturaleza y la filosof\u00eda del espacio.","robots":{"index":"index","follow":"follow","max-snippet":"max-snippet:-1","max-image-preview":"max-image-preview:large","max-video-preview":"max-video-preview:-1"},"canonical":"https:\/\/www.arquimaster.com.ar\/web\/casa-zenzy-di-frenna-arquitectos\/","og_locale":"es_ES","og_type":"article","og_title":"Casa Zenzy \/ Di Frenna Arquitectos","og_description":"El proyecto satisface las necesidades funcionales de sus habitantes y establece un di\u00e1logo profundo con la naturaleza y la filosof\u00eda del espacio.","og_url":"https:\/\/www.arquimaster.com.ar\/web\/casa-zenzy-di-frenna-arquitectos\/","og_site_name":"Arquimaster","article_publisher":"http:\/\/www.facebook.com\/ARQUIMASTER.com.ar","article_published_time":"2025-04-23T19:58:37+00:00","article_modified_time":"2025-07-23T18:30:08+00:00","og_image":[{"width":698,"height":364,"url":"https:\/\/www.arquimaster.com.ar\/web\/wp-content\/uploads\/2025\/04\/casa_zenzy_slide.jpg","type":"image\/jpeg"}],"author":"Arquimaster","twitter_card":"summary_large_image","twitter_description":"El proyecto satisface las necesidades funcionales de sus habitantes y establece un di\u00e1logo profundo con la naturaleza y la filosof\u00eda del espacio.","twitter_image":"https:\/\/www.arquimaster.com.ar\/web\/wp-content\/uploads\/2025\/04\/casa_zenzy_slide.jpg","twitter_creator":"@arquimaster","twitter_site":"@arquimaster","twitter_misc":{"Escrito por":"Arquimaster","Tiempo de lectura":"7 minutos"},"schema":{"@context":"https:\/\/schema.org","@graph":[{"@type":"Article","@id":"https:\/\/www.arquimaster.com.ar\/web\/casa-zenzy-di-frenna-arquitectos\/#article","isPartOf":{"@id":"https:\/\/www.arquimaster.com.ar\/web\/casa-zenzy-di-frenna-arquitectos\/"},"author":{"name":"Arquimaster","@id":"https:\/\/www.arquimaster.com.ar\/web\/#\/schema\/person\/359e9f7c00193fcde068e0dd2ceb0028"},"headline":"Casa Zenzy \/ Di Frenna Arquitectos","datePublished":"2025-04-23T19:58:37+00:00","dateModified":"2025-07-23T18:30:08+00:00","mainEntityOfPage":{"@id":"https:\/\/www.arquimaster.com.ar\/web\/casa-zenzy-di-frenna-arquitectos\/"},"wordCount":1385,"publisher":{"@id":"https:\/\/www.arquimaster.com.ar\/web\/#organization"},"image":{"@id":"https:\/\/www.arquimaster.com.ar\/web\/casa-zenzy-di-frenna-arquitectos\/#primaryimage"},"thumbnailUrl":"https:\/\/www.arquimaster.com.ar\/web\/wp-content\/uploads\/2025\/04\/casa_zenzy_slide.jpg","keywords":["Altozano","arquitectura residencial","Colima","Cuauhtemoc","Di Frenna Arquitectos","Matia Di Frenna M\u00fcller","Mexico","vivienda unifamiliar"],"articleSection":["Proyecto","Vivienda unifamiliar y PH"],"inLanguage":"es"},{"@type":"WebPage","@id":"https:\/\/www.arquimaster.com.ar\/web\/casa-zenzy-di-frenna-arquitectos\/","url":"https:\/\/www.arquimaster.com.ar\/web\/casa-zenzy-di-frenna-arquitectos\/","name":"Casa Zenzy \/ Di Frenna Arquitectos - Arquimaster","isPartOf":{"@id":"https:\/\/www.arquimaster.com.ar\/web\/#website"},"primaryImageOfPage":{"@id":"https:\/\/www.arquimaster.com.ar\/web\/casa-zenzy-di-frenna-arquitectos\/#primaryimage"},"image":{"@id":"https:\/\/www.arquimaster.com.ar\/web\/casa-zenzy-di-frenna-arquitectos\/#primaryimage"},"thumbnailUrl":"https:\/\/www.arquimaster.com.ar\/web\/wp-content\/uploads\/2025\/04\/casa_zenzy_slide.jpg","datePublished":"2025-04-23T19:58:37+00:00","dateModified":"2025-07-23T18:30:08+00:00","description":"El proyecto satisface las necesidades funcionales de sus habitantes y establece un di\u00e1logo profundo con la naturaleza y la filosof\u00eda del espacio.","breadcrumb":{"@id":"https:\/\/www.arquimaster.com.ar\/web\/casa-zenzy-di-frenna-arquitectos\/#breadcrumb"},"inLanguage":"es","potentialAction":[{"@type":"ReadAction","target":["https:\/\/www.arquimaster.com.ar\/web\/casa-zenzy-di-frenna-arquitectos\/"]}]},{"@type":"ImageObject","inLanguage":"es","@id":"https:\/\/www.arquimaster.com.ar\/web\/casa-zenzy-di-frenna-arquitectos\/#primaryimage","url":"https:\/\/www.arquimaster.com.ar\/web\/wp-content\/uploads\/2025\/04\/casa_zenzy_slide.jpg","contentUrl":"https:\/\/www.arquimaster.com.ar\/web\/wp-content\/uploads\/2025\/04\/casa_zenzy_slide.jpg","width":698,"height":364,"caption":"Casa Zenzy \/ Di Frenna Arquitectos"},{"@type":"BreadcrumbList","@id":"https:\/\/www.arquimaster.com.ar\/web\/casa-zenzy-di-frenna-arquitectos\/#breadcrumb","itemListElement":[{"@type":"ListItem","position":1,"name":"Portada","item":"https:\/\/www.arquimaster.com.ar\/web\/"},{"@type":"ListItem","position":2,"name":"Casa Zenzy \/ Di Frenna Arquitectos"}]},{"@type":"WebSite","@id":"https:\/\/www.arquimaster.com.ar\/web\/#website","url":"https:\/\/www.arquimaster.com.ar\/web\/","name":"Arquimaster","description":"Web de arquitectura, dise\u00f1o y construccion","publisher":{"@id":"https:\/\/www.arquimaster.com.ar\/web\/#organization"},"potentialAction":[{"@type":"SearchAction","target":{"@type":"EntryPoint","urlTemplate":"https:\/\/www.arquimaster.com.ar\/web\/?s={search_term_string}"},"query-input":{"@type":"PropertyValueSpecification","valueRequired":true,"valueName":"search_term_string"}}],"inLanguage":"es"},{"@type":"Organization","@id":"https:\/\/www.arquimaster.com.ar\/web\/#organization","name":"Arquimaster","url":"https:\/\/www.arquimaster.com.ar\/web\/","logo":{"@type":"ImageObject","inLanguage":"es","@id":"https:\/\/www.arquimaster.com.ar\/web\/#\/schema\/logo\/image\/","url":"https:\/\/www.arquimaster.com.ar\/web\/wp-content\/uploads\/2022\/06\/arquimaster.png","contentUrl":"https:\/\/www.arquimaster.com.ar\/web\/wp-content\/uploads\/2022\/06\/arquimaster.png","width":594,"height":78,"caption":"Arquimaster"},"image":{"@id":"https:\/\/www.arquimaster.com.ar\/web\/#\/schema\/logo\/image\/"},"sameAs":["http:\/\/www.facebook.com\/ARQUIMASTER.com.ar","https:\/\/x.com\/arquimaster","https:\/\/www.instagram.com\/arquimasterblog\/","https:\/\/www.linkedin.com\/company\/arquimaster","https:\/\/www.pinterest.com\/arquimaster","https:\/\/t.me\/arquimaster"]},{"@type":"Person","@id":"https:\/\/www.arquimaster.com.ar\/web\/#\/schema\/person\/359e9f7c00193fcde068e0dd2ceb0028","name":"Arquimaster"}]}},"uagb_featured_image_src":{"full":["https:\/\/www.arquimaster.com.ar\/web\/wp-content\/uploads\/2025\/04\/casa_zenzy_slide.jpg",698,364,false],"thumbnail":["https:\/\/www.arquimaster.com.ar\/web\/wp-content\/uploads\/2025\/04\/casa_zenzy_slide-150x150.jpg",150,150,true],"medium":["https:\/\/www.arquimaster.com.ar\/web\/wp-content\/uploads\/2025\/04\/casa_zenzy_slide.jpg",698,364,false],"medium_large":["https:\/\/www.arquimaster.com.ar\/web\/wp-content\/uploads\/2025\/04\/casa_zenzy_slide.jpg",698,364,false],"large":["https:\/\/www.arquimaster.com.ar\/web\/wp-content\/uploads\/2025\/04\/casa_zenzy_slide.jpg",698,364,false],"1536x1536":["https:\/\/www.arquimaster.com.ar\/web\/wp-content\/uploads\/2025\/04\/casa_zenzy_slide.jpg",698,364,false],"2048x2048":["https:\/\/www.arquimaster.com.ar\/web\/wp-content\/uploads\/2025\/04\/casa_zenzy_slide.jpg",698,364,false]},"uagb_author_info":{"display_name":"Arquimaster","author_link":"https:\/\/www.arquimaster.com.ar\/web\/author\/arquimaster\/"},"uagb_comment_info":0,"uagb_excerpt":"El proyecto establece un di\u00e1logo profundo con la naturaleza y la filosof\u00eda del espacio...","_links":{"self":[{"href":"https:\/\/www.arquimaster.com.ar\/web\/wp-json\/wp\/v2\/posts\/84254","targetHints":{"allow":["GET"]}}],"collection":[{"href":"https:\/\/www.arquimaster.com.ar\/web\/wp-json\/wp\/v2\/posts"}],"about":[{"href":"https:\/\/www.arquimaster.com.ar\/web\/wp-json\/wp\/v2\/types\/post"}],"author":[{"embeddable":true,"href":"https:\/\/www.arquimaster.com.ar\/web\/wp-json\/wp\/v2\/users\/1"}],"replies":[{"embeddable":true,"href":"https:\/\/www.arquimaster.com.ar\/web\/wp-json\/wp\/v2\/comments?post=84254"}],"version-history":[{"count":2,"href":"https:\/\/www.arquimaster.com.ar\/web\/wp-json\/wp\/v2\/posts\/84254\/revisions"}],"predecessor-version":[{"id":84988,"href":"https:\/\/www.arquimaster.com.ar\/web\/wp-json\/wp\/v2\/posts\/84254\/revisions\/84988"}],"wp:featuredmedia":[{"embeddable":true,"href":"https:\/\/www.arquimaster.com.ar\/web\/wp-json\/wp\/v2\/media\/84255"}],"wp:attachment":[{"href":"https:\/\/www.arquimaster.com.ar\/web\/wp-json\/wp\/v2\/media?parent=84254"}],"wp:term":[{"taxonomy":"category","embeddable":true,"href":"https:\/\/www.arquimaster.com.ar\/web\/wp-json\/wp\/v2\/categories?post=84254"},{"taxonomy":"post_tag","embeddable":true,"href":"https:\/\/www.arquimaster.com.ar\/web\/wp-json\/wp\/v2\/tags?post=84254"}],"curies":[{"name":"wp","href":"https:\/\/api.w.org\/{rel}","templated":true}]}}