{"id":84292,"date":"2025-04-23T17:25:31","date_gmt":"2025-04-23T20:25:31","guid":{"rendered":"https:\/\/www.arquimaster.com.ar\/web\/?p=84292"},"modified":"2025-07-23T15:30:06","modified_gmt":"2025-07-23T18:30:06","slug":"casa-foro-arq-juan-citroni","status":"publish","type":"post","link":"https:\/\/www.arquimaster.com.ar\/web\/casa-foro-arq-juan-citroni\/","title":{"rendered":"Casa Foro \/ Arq. Juan Citroni"},"content":{"rendered":"<div style=\"margin-top: 0px; margin-bottom: 0px;\" class=\"sharethis-inline-share-buttons\" ><\/div><div class=\"b812932af2e751442846f039925109de\" data-index=\"1\" style=\"float: none; margin:25px 0 25px 0; text-align:center;\">\n<script async src=\"https:\/\/pagead2.googlesyndication.com\/pagead\/js\/adsbygoogle.js\"><\/script>\r\n<!-- Arquimaster (superior) -->\r\n<ins class=\"adsbygoogle\"\r\n     style=\"display:block\"\r\n     data-ad-client=\"ca-pub-6351072698456832\"\r\n     data-ad-slot=\"6455489680\"\r\n     data-ad-format=\"auto\"\r\n     data-full-width-responsive=\"true\"><\/ins>\r\n<script>\r\n     (adsbygoogle = window.adsbygoogle || []).push({});\r\n<\/script>\n<\/div>\n<p><strong>Casa Foro<\/strong> (Pilar, Pcia. de Buenos Aires, Argentina) por <strong>Arq. Juan Citroni<\/strong>. La vivienda se ubica dentro de una urbanizaci\u00f3n cerrada, aplacada por construcciones homog\u00e9neas y sucesivas que se replican sistem\u00e1ticamente dentro del desarrollo inmobiliario. En este contexto, se toma la decisi\u00f3n de reconstruir el per\u00edmetro con el prop\u00f3sito de \u00abmirar hacia adentro\u00bb, que a partir de ciertas sustracciones volum\u00e9tricas permitan generar un recinto vaciado en su interior.<\/p>\n<div id='gallery-1' class='gallery galleryid-84292 gallery-columns-3 gallery-size-thumbnail'><figure class='gallery-item'>\n\t\t\t<div class='gallery-icon landscape'>\n\t\t\t\t<a href='https:\/\/www.arquimaster.com.ar\/web\/wp-content\/uploads\/2025\/04\/casa_foro_1.jpg' title=\"Casa Foro \/ Arq. Juan Citroni (\u00a9 Bruto Studio)\" data-rl_title=\"Casa Foro \/ Arq. Juan Citroni (\u00a9 Bruto Studio)\" class=\"rl-gallery-link\" data-rl_caption=\"Casa Foro \/ Arq. Juan Citroni (\u00a9 Bruto Studio)\" data-rel=\"lightbox-gallery-1\"><img loading=\"lazy\" decoding=\"async\" width=\"150\" height=\"150\" src=\"https:\/\/www.arquimaster.com.ar\/web\/wp-content\/uploads\/2025\/04\/casa_foro_1-150x150.jpg\" class=\"attachment-thumbnail size-thumbnail\" alt=\"Casa Foro \/ Arq. Juan Citroni\" aria-describedby=\"gallery-1-84294\" \/><\/a>\n\t\t\t<\/div>\n\t\t\t\t<figcaption class='wp-caption-text gallery-caption' id='gallery-1-84294'>\n\t\t\t\tCasa Foro \/ Arq. Juan Citroni (\u00a9 Bruto Studio)\n\t\t\t\t<\/figcaption><\/figure><figure class='gallery-item'>\n\t\t\t<div class='gallery-icon landscape'>\n\t\t\t\t<a href='https:\/\/www.arquimaster.com.ar\/web\/wp-content\/uploads\/2025\/04\/casa_foro_2.jpg' title=\"Casa Foro \/ Arq. Juan Citroni (\u00a9 Bruto Studio)\" data-rl_title=\"Casa Foro \/ Arq. Juan Citroni (\u00a9 Bruto Studio)\" class=\"rl-gallery-link\" data-rl_caption=\"Casa Foro \/ Arq. Juan Citroni (\u00a9 Bruto Studio)\" data-rel=\"lightbox-gallery-1\"><img loading=\"lazy\" decoding=\"async\" width=\"150\" height=\"150\" src=\"https:\/\/www.arquimaster.com.ar\/web\/wp-content\/uploads\/2025\/04\/casa_foro_2-150x150.jpg\" class=\"attachment-thumbnail size-thumbnail\" alt=\"Casa Foro \/ Arq. Juan Citroni\" aria-describedby=\"gallery-1-84295\" \/><\/a>\n\t\t\t<\/div>\n\t\t\t\t<figcaption class='wp-caption-text gallery-caption' id='gallery-1-84295'>\n\t\t\t\tCasa Foro \/ Arq. Juan Citroni (\u00a9 Bruto Studio)\n\t\t\t\t<\/figcaption><\/figure><figure class='gallery-item'>\n\t\t\t<div class='gallery-icon portrait'>\n\t\t\t\t<a href='https:\/\/www.arquimaster.com.ar\/web\/wp-content\/uploads\/2025\/04\/casa_foro_3.jpg' title=\"Casa Foro \/ Arq. Juan Citroni (\u00a9 Bruto Studio)\" data-rl_title=\"Casa Foro \/ Arq. Juan Citroni (\u00a9 Bruto Studio)\" class=\"rl-gallery-link\" data-rl_caption=\"Casa Foro \/ Arq. Juan Citroni (\u00a9 Bruto Studio)\" data-rel=\"lightbox-gallery-1\"><img loading=\"lazy\" decoding=\"async\" width=\"150\" height=\"150\" src=\"https:\/\/www.arquimaster.com.ar\/web\/wp-content\/uploads\/2025\/04\/casa_foro_3-150x150.jpg\" class=\"attachment-thumbnail size-thumbnail\" alt=\"Casa Foro \/ Arq. Juan Citroni\" aria-describedby=\"gallery-1-84296\" \/><\/a>\n\t\t\t<\/div>\n\t\t\t\t<figcaption class='wp-caption-text gallery-caption' id='gallery-1-84296'>\n\t\t\t\tCasa Foro \/ Arq. Juan Citroni (\u00a9 Bruto Studio)\n\t\t\t\t<\/figcaption><\/figure><figure class='gallery-item'>\n\t\t\t<div class='gallery-icon portrait'>\n\t\t\t\t<a href='https:\/\/www.arquimaster.com.ar\/web\/wp-content\/uploads\/2025\/04\/casa_foro_4.jpg' title=\"Casa Foro \/ Arq. Juan Citroni (\u00a9 Bruto Studio)\" data-rl_title=\"Casa Foro \/ Arq. Juan Citroni (\u00a9 Bruto Studio)\" class=\"rl-gallery-link\" data-rl_caption=\"Casa Foro \/ Arq. Juan Citroni (\u00a9 Bruto Studio)\" data-rel=\"lightbox-gallery-1\"><img loading=\"lazy\" decoding=\"async\" width=\"150\" height=\"150\" src=\"https:\/\/www.arquimaster.com.ar\/web\/wp-content\/uploads\/2025\/04\/casa_foro_4-150x150.jpg\" class=\"attachment-thumbnail size-thumbnail\" alt=\"Casa Foro \/ Arq. Juan Citroni\" aria-describedby=\"gallery-1-84297\" \/><\/a>\n\t\t\t<\/div>\n\t\t\t\t<figcaption class='wp-caption-text gallery-caption' id='gallery-1-84297'>\n\t\t\t\tCasa Foro \/ Arq. Juan Citroni (\u00a9 Bruto Studio)\n\t\t\t\t<\/figcaption><\/figure><figure class='gallery-item'>\n\t\t\t<div class='gallery-icon portrait'>\n\t\t\t\t<a href='https:\/\/www.arquimaster.com.ar\/web\/wp-content\/uploads\/2025\/04\/casa_foro_5.jpg' title=\"Casa Foro \/ Arq. Juan Citroni (\u00a9 Bruto Studio)\" data-rl_title=\"Casa Foro \/ Arq. Juan Citroni (\u00a9 Bruto Studio)\" class=\"rl-gallery-link\" data-rl_caption=\"Casa Foro \/ Arq. Juan Citroni (\u00a9 Bruto Studio)\" data-rel=\"lightbox-gallery-1\"><img loading=\"lazy\" decoding=\"async\" width=\"150\" height=\"150\" src=\"https:\/\/www.arquimaster.com.ar\/web\/wp-content\/uploads\/2025\/04\/casa_foro_5-150x150.jpg\" class=\"attachment-thumbnail size-thumbnail\" alt=\"Casa Foro \/ Arq. Juan Citroni\" aria-describedby=\"gallery-1-84298\" \/><\/a>\n\t\t\t<\/div>\n\t\t\t\t<figcaption class='wp-caption-text gallery-caption' id='gallery-1-84298'>\n\t\t\t\tCasa Foro \/ Arq. Juan Citroni (\u00a9 Bruto Studio)\n\t\t\t\t<\/figcaption><\/figure><figure class='gallery-item'>\n\t\t\t<div class='gallery-icon portrait'>\n\t\t\t\t<a href='https:\/\/www.arquimaster.com.ar\/web\/wp-content\/uploads\/2025\/04\/casa_foro_6.jpg' title=\"Casa Foro \/ Arq. Juan Citroni (\u00a9 Bruto Studio)\" data-rl_title=\"Casa Foro \/ Arq. Juan Citroni (\u00a9 Bruto Studio)\" class=\"rl-gallery-link\" data-rl_caption=\"Casa Foro \/ Arq. Juan Citroni (\u00a9 Bruto Studio)\" data-rel=\"lightbox-gallery-1\"><img loading=\"lazy\" decoding=\"async\" width=\"150\" height=\"150\" src=\"https:\/\/www.arquimaster.com.ar\/web\/wp-content\/uploads\/2025\/04\/casa_foro_6-150x150.jpg\" class=\"attachment-thumbnail size-thumbnail\" alt=\"Casa Foro \/ Arq. Juan Citroni\" aria-describedby=\"gallery-1-84299\" \/><\/a>\n\t\t\t<\/div>\n\t\t\t\t<figcaption class='wp-caption-text gallery-caption' id='gallery-1-84299'>\n\t\t\t\tCasa Foro \/ Arq. Juan Citroni (\u00a9 Bruto Studio)\n\t\t\t\t<\/figcaption><\/figure><figure class='gallery-item'>\n\t\t\t<div class='gallery-icon landscape'>\n\t\t\t\t<a href='https:\/\/www.arquimaster.com.ar\/web\/wp-content\/uploads\/2025\/04\/casa_foro_7.jpg' title=\"Casa Foro \/ Arq. Juan Citroni (\u00a9 Bruto Studio)\" data-rl_title=\"Casa Foro \/ Arq. Juan Citroni (\u00a9 Bruto Studio)\" class=\"rl-gallery-link\" data-rl_caption=\"Casa Foro \/ Arq. Juan Citroni (\u00a9 Bruto Studio)\" data-rel=\"lightbox-gallery-1\"><img loading=\"lazy\" decoding=\"async\" width=\"150\" height=\"150\" src=\"https:\/\/www.arquimaster.com.ar\/web\/wp-content\/uploads\/2025\/04\/casa_foro_7-150x150.jpg\" class=\"attachment-thumbnail size-thumbnail\" alt=\"Casa Foro \/ Arq. Juan Citroni\" aria-describedby=\"gallery-1-84300\" \/><\/a>\n\t\t\t<\/div>\n\t\t\t\t<figcaption class='wp-caption-text gallery-caption' id='gallery-1-84300'>\n\t\t\t\tCasa Foro \/ Arq. Juan Citroni (\u00a9 Bruto Studio)\n\t\t\t\t<\/figcaption><\/figure><figure class='gallery-item'>\n\t\t\t<div class='gallery-icon landscape'>\n\t\t\t\t<a href='https:\/\/www.arquimaster.com.ar\/web\/wp-content\/uploads\/2025\/04\/casa_foro_8.jpg' title=\"Casa Foro \/ Arq. Juan Citroni (\u00a9 Bruto Studio)\" data-rl_title=\"Casa Foro \/ Arq. Juan Citroni (\u00a9 Bruto Studio)\" class=\"rl-gallery-link\" data-rl_caption=\"Casa Foro \/ Arq. Juan Citroni (\u00a9 Bruto Studio)\" data-rel=\"lightbox-gallery-1\"><img loading=\"lazy\" decoding=\"async\" width=\"150\" height=\"150\" src=\"https:\/\/www.arquimaster.com.ar\/web\/wp-content\/uploads\/2025\/04\/casa_foro_8-150x150.jpg\" class=\"attachment-thumbnail size-thumbnail\" alt=\"Casa Foro \/ Arq. Juan Citroni\" aria-describedby=\"gallery-1-84301\" \/><\/a>\n\t\t\t<\/div>\n\t\t\t\t<figcaption class='wp-caption-text gallery-caption' id='gallery-1-84301'>\n\t\t\t\tCasa Foro \/ Arq. Juan Citroni (\u00a9 Bruto Studio)\n\t\t\t\t<\/figcaption><\/figure><figure class='gallery-item'>\n\t\t\t<div class='gallery-icon portrait'>\n\t\t\t\t<a href='https:\/\/www.arquimaster.com.ar\/web\/wp-content\/uploads\/2025\/04\/casa_foro_9.jpg' title=\"Casa Foro \/ Arq. Juan Citroni (\u00a9 Bruto Studio)\" data-rl_title=\"Casa Foro \/ Arq. Juan Citroni (\u00a9 Bruto Studio)\" class=\"rl-gallery-link\" data-rl_caption=\"Casa Foro \/ Arq. Juan Citroni (\u00a9 Bruto Studio)\" data-rel=\"lightbox-gallery-1\"><img loading=\"lazy\" decoding=\"async\" width=\"150\" height=\"150\" src=\"https:\/\/www.arquimaster.com.ar\/web\/wp-content\/uploads\/2025\/04\/casa_foro_9-150x150.jpg\" class=\"attachment-thumbnail size-thumbnail\" alt=\"Casa Foro \/ Arq. Juan Citroni\" aria-describedby=\"gallery-1-84302\" \/><\/a>\n\t\t\t<\/div>\n\t\t\t\t<figcaption class='wp-caption-text gallery-caption' id='gallery-1-84302'>\n\t\t\t\tCasa Foro \/ Arq. Juan Citroni (\u00a9 Bruto Studio)\n\t\t\t\t<\/figcaption><\/figure><figure class='gallery-item'>\n\t\t\t<div class='gallery-icon portrait'>\n\t\t\t\t<a href='https:\/\/www.arquimaster.com.ar\/web\/wp-content\/uploads\/2025\/04\/casa_foro_10.jpg' title=\"Casa Foro \/ Arq. Juan Citroni (\u00a9 Bruto Studio)\" data-rl_title=\"Casa Foro \/ Arq. Juan Citroni (\u00a9 Bruto Studio)\" class=\"rl-gallery-link\" data-rl_caption=\"Casa Foro \/ Arq. Juan Citroni (\u00a9 Bruto Studio)\" data-rel=\"lightbox-gallery-1\"><img loading=\"lazy\" decoding=\"async\" width=\"150\" height=\"150\" src=\"https:\/\/www.arquimaster.com.ar\/web\/wp-content\/uploads\/2025\/04\/casa_foro_10-150x150.jpg\" class=\"attachment-thumbnail size-thumbnail\" alt=\"Casa Foro \/ Arq. Juan Citroni\" aria-describedby=\"gallery-1-84303\" \/><\/a>\n\t\t\t<\/div>\n\t\t\t\t<figcaption class='wp-caption-text gallery-caption' id='gallery-1-84303'>\n\t\t\t\tCasa Foro \/ Arq. Juan Citroni (\u00a9 Bruto Studio)\n\t\t\t\t<\/figcaption><\/figure><figure class='gallery-item'>\n\t\t\t<div class='gallery-icon portrait'>\n\t\t\t\t<a href='https:\/\/www.arquimaster.com.ar\/web\/wp-content\/uploads\/2025\/04\/casa_foro_11.jpg' title=\"Casa Foro \/ Arq. Juan Citroni (\u00a9 Bruto Studio)\" data-rl_title=\"Casa Foro \/ Arq. Juan Citroni (\u00a9 Bruto Studio)\" class=\"rl-gallery-link\" data-rl_caption=\"Casa Foro \/ Arq. Juan Citroni (\u00a9 Bruto Studio)\" data-rel=\"lightbox-gallery-1\"><img loading=\"lazy\" decoding=\"async\" width=\"150\" height=\"150\" src=\"https:\/\/www.arquimaster.com.ar\/web\/wp-content\/uploads\/2025\/04\/casa_foro_11-150x150.jpg\" class=\"attachment-thumbnail size-thumbnail\" alt=\"Casa Foro \/ Arq. Juan Citroni\" aria-describedby=\"gallery-1-84304\" \/><\/a>\n\t\t\t<\/div>\n\t\t\t\t<figcaption class='wp-caption-text gallery-caption' id='gallery-1-84304'>\n\t\t\t\tCasa Foro \/ Arq. Juan Citroni (\u00a9 Bruto Studio)\n\t\t\t\t<\/figcaption><\/figure><figure class='gallery-item'>\n\t\t\t<div class='gallery-icon portrait'>\n\t\t\t\t<a href='https:\/\/www.arquimaster.com.ar\/web\/wp-content\/uploads\/2025\/04\/casa_foro_12.jpg' title=\"Casa Foro \/ Arq. Juan Citroni (\u00a9 Bruto Studio)\" data-rl_title=\"Casa Foro \/ Arq. Juan Citroni (\u00a9 Bruto Studio)\" class=\"rl-gallery-link\" data-rl_caption=\"Casa Foro \/ Arq. Juan Citroni (\u00a9 Bruto Studio)\" data-rel=\"lightbox-gallery-1\"><img loading=\"lazy\" decoding=\"async\" width=\"150\" height=\"150\" src=\"https:\/\/www.arquimaster.com.ar\/web\/wp-content\/uploads\/2025\/04\/casa_foro_12-150x150.jpg\" class=\"attachment-thumbnail size-thumbnail\" alt=\"Casa Foro \/ Arq. Juan Citroni\" aria-describedby=\"gallery-1-84305\" \/><\/a>\n\t\t\t<\/div>\n\t\t\t\t<figcaption class='wp-caption-text gallery-caption' id='gallery-1-84305'>\n\t\t\t\tCasa Foro \/ Arq. Juan Citroni (\u00a9 Bruto Studio)\n\t\t\t\t<\/figcaption><\/figure><figure class='gallery-item'>\n\t\t\t<div class='gallery-icon portrait'>\n\t\t\t\t<a href='https:\/\/www.arquimaster.com.ar\/web\/wp-content\/uploads\/2025\/04\/casa_foro_13.jpg' title=\"Casa Foro \/ Arq. Juan Citroni (\u00a9 Bruto Studio)\" data-rl_title=\"Casa Foro \/ Arq. Juan Citroni (\u00a9 Bruto Studio)\" class=\"rl-gallery-link\" data-rl_caption=\"Casa Foro \/ Arq. Juan Citroni (\u00a9 Bruto Studio)\" data-rel=\"lightbox-gallery-1\"><img loading=\"lazy\" decoding=\"async\" width=\"150\" height=\"150\" src=\"https:\/\/www.arquimaster.com.ar\/web\/wp-content\/uploads\/2025\/04\/casa_foro_13-150x150.jpg\" class=\"attachment-thumbnail size-thumbnail\" alt=\"Casa Foro \/ Arq. Juan Citroni\" aria-describedby=\"gallery-1-84306\" \/><\/a>\n\t\t\t<\/div>\n\t\t\t\t<figcaption class='wp-caption-text gallery-caption' id='gallery-1-84306'>\n\t\t\t\tCasa Foro \/ Arq. Juan Citroni (\u00a9 Bruto Studio)\n\t\t\t\t<\/figcaption><\/figure><figure class='gallery-item'>\n\t\t\t<div class='gallery-icon portrait'>\n\t\t\t\t<a href='https:\/\/www.arquimaster.com.ar\/web\/wp-content\/uploads\/2025\/04\/casa_foro_14.jpg' title=\"Casa Foro \/ Arq. Juan Citroni (\u00a9 Bruto Studio)\" data-rl_title=\"Casa Foro \/ Arq. Juan Citroni (\u00a9 Bruto Studio)\" class=\"rl-gallery-link\" data-rl_caption=\"Casa Foro \/ Arq. Juan Citroni (\u00a9 Bruto Studio)\" data-rel=\"lightbox-gallery-1\"><img loading=\"lazy\" decoding=\"async\" width=\"150\" height=\"150\" src=\"https:\/\/www.arquimaster.com.ar\/web\/wp-content\/uploads\/2025\/04\/casa_foro_14-150x150.jpg\" class=\"attachment-thumbnail size-thumbnail\" alt=\"Casa Foro \/ Arq. Juan Citroni\" aria-describedby=\"gallery-1-84307\" \/><\/a>\n\t\t\t<\/div>\n\t\t\t\t<figcaption class='wp-caption-text gallery-caption' id='gallery-1-84307'>\n\t\t\t\tCasa Foro \/ Arq. Juan Citroni (\u00a9 Bruto Studio)\n\t\t\t\t<\/figcaption><\/figure><figure class='gallery-item'>\n\t\t\t<div class='gallery-icon portrait'>\n\t\t\t\t<a href='https:\/\/www.arquimaster.com.ar\/web\/wp-content\/uploads\/2025\/04\/casa_foro_15.jpg' title=\"Casa Foro \/ Arq. Juan Citroni (\u00a9 Bruto Studio)\" data-rl_title=\"Casa Foro \/ Arq. Juan Citroni (\u00a9 Bruto Studio)\" class=\"rl-gallery-link\" data-rl_caption=\"Casa Foro \/ Arq. Juan Citroni (\u00a9 Bruto Studio)\" data-rel=\"lightbox-gallery-1\"><img loading=\"lazy\" decoding=\"async\" width=\"150\" height=\"150\" src=\"https:\/\/www.arquimaster.com.ar\/web\/wp-content\/uploads\/2025\/04\/casa_foro_15-150x150.jpg\" class=\"attachment-thumbnail size-thumbnail\" alt=\"Casa Foro \/ Arq. Juan Citroni\" aria-describedby=\"gallery-1-84308\" \/><\/a>\n\t\t\t<\/div>\n\t\t\t\t<figcaption class='wp-caption-text gallery-caption' id='gallery-1-84308'>\n\t\t\t\tCasa Foro \/ Arq. Juan Citroni (\u00a9 Bruto Studio)\n\t\t\t\t<\/figcaption><\/figure><figure class='gallery-item'>\n\t\t\t<div class='gallery-icon portrait'>\n\t\t\t\t<a href='https:\/\/www.arquimaster.com.ar\/web\/wp-content\/uploads\/2025\/04\/casa_foro_16.jpg' title=\"Casa Foro \/ Arq. Juan Citroni (\u00a9 Bruto Studio)\" data-rl_title=\"Casa Foro \/ Arq. Juan Citroni (\u00a9 Bruto Studio)\" class=\"rl-gallery-link\" data-rl_caption=\"Casa Foro \/ Arq. Juan Citroni (\u00a9 Bruto Studio)\" data-rel=\"lightbox-gallery-1\"><img loading=\"lazy\" decoding=\"async\" width=\"150\" height=\"150\" src=\"https:\/\/www.arquimaster.com.ar\/web\/wp-content\/uploads\/2025\/04\/casa_foro_16-150x150.jpg\" class=\"attachment-thumbnail size-thumbnail\" alt=\"Casa Foro \/ Arq. Juan Citroni\" aria-describedby=\"gallery-1-84309\" \/><\/a>\n\t\t\t<\/div>\n\t\t\t\t<figcaption class='wp-caption-text gallery-caption' id='gallery-1-84309'>\n\t\t\t\tCasa Foro \/ Arq. Juan Citroni (\u00a9 Bruto Studio)\n\t\t\t\t<\/figcaption><\/figure><figure class='gallery-item'>\n\t\t\t<div class='gallery-icon portrait'>\n\t\t\t\t<a href='https:\/\/www.arquimaster.com.ar\/web\/wp-content\/uploads\/2025\/04\/casa_foro_17.jpg' title=\"Casa Foro \/ Arq. Juan Citroni (\u00a9 Bruto Studio)\" data-rl_title=\"Casa Foro \/ Arq. Juan Citroni (\u00a9 Bruto Studio)\" class=\"rl-gallery-link\" data-rl_caption=\"Casa Foro \/ Arq. Juan Citroni (\u00a9 Bruto Studio)\" data-rel=\"lightbox-gallery-1\"><img loading=\"lazy\" decoding=\"async\" width=\"150\" height=\"150\" src=\"https:\/\/www.arquimaster.com.ar\/web\/wp-content\/uploads\/2025\/04\/casa_foro_17-150x150.jpg\" class=\"attachment-thumbnail size-thumbnail\" alt=\"Casa Foro \/ Arq. Juan Citroni\" aria-describedby=\"gallery-1-84310\" \/><\/a>\n\t\t\t<\/div>\n\t\t\t\t<figcaption class='wp-caption-text gallery-caption' id='gallery-1-84310'>\n\t\t\t\tCasa Foro \/ Arq. Juan Citroni (\u00a9 Bruto Studio)\n\t\t\t\t<\/figcaption><\/figure><figure class='gallery-item'>\n\t\t\t<div class='gallery-icon portrait'>\n\t\t\t\t<a href='https:\/\/www.arquimaster.com.ar\/web\/wp-content\/uploads\/2025\/04\/casa_foro_18.jpg' title=\"Casa Foro \/ Arq. Juan Citroni (\u00a9 Bruto Studio)\" data-rl_title=\"Casa Foro \/ Arq. Juan Citroni (\u00a9 Bruto Studio)\" class=\"rl-gallery-link\" data-rl_caption=\"Casa Foro \/ Arq. Juan Citroni (\u00a9 Bruto Studio)\" data-rel=\"lightbox-gallery-1\"><img loading=\"lazy\" decoding=\"async\" width=\"150\" height=\"150\" src=\"https:\/\/www.arquimaster.com.ar\/web\/wp-content\/uploads\/2025\/04\/casa_foro_18-150x150.jpg\" class=\"attachment-thumbnail size-thumbnail\" alt=\"Casa Foro \/ Arq. Juan Citroni\" aria-describedby=\"gallery-1-84311\" \/><\/a>\n\t\t\t<\/div>\n\t\t\t\t<figcaption class='wp-caption-text gallery-caption' id='gallery-1-84311'>\n\t\t\t\tCasa Foro \/ Arq. Juan Citroni (\u00a9 Bruto Studio)\n\t\t\t\t<\/figcaption><\/figure><figure class='gallery-item'>\n\t\t\t<div class='gallery-icon portrait'>\n\t\t\t\t<a href='https:\/\/www.arquimaster.com.ar\/web\/wp-content\/uploads\/2025\/04\/casa_foro_19.jpg' title=\"Casa Foro \/ Arq. Juan Citroni (\u00a9 Bruto Studio)\" data-rl_title=\"Casa Foro \/ Arq. Juan Citroni (\u00a9 Bruto Studio)\" class=\"rl-gallery-link\" data-rl_caption=\"Casa Foro \/ Arq. Juan Citroni (\u00a9 Bruto Studio)\" data-rel=\"lightbox-gallery-1\"><img loading=\"lazy\" decoding=\"async\" width=\"150\" height=\"150\" src=\"https:\/\/www.arquimaster.com.ar\/web\/wp-content\/uploads\/2025\/04\/casa_foro_19-150x150.jpg\" class=\"attachment-thumbnail size-thumbnail\" alt=\"Casa Foro \/ Arq. Juan Citroni\" aria-describedby=\"gallery-1-84312\" \/><\/a>\n\t\t\t<\/div>\n\t\t\t\t<figcaption class='wp-caption-text gallery-caption' id='gallery-1-84312'>\n\t\t\t\tCasa Foro \/ Arq. Juan Citroni (\u00a9 Bruto Studio)\n\t\t\t\t<\/figcaption><\/figure><figure class='gallery-item'>\n\t\t\t<div class='gallery-icon portrait'>\n\t\t\t\t<a href='https:\/\/www.arquimaster.com.ar\/web\/wp-content\/uploads\/2025\/04\/casa_foro_20.jpg' title=\"Casa Foro \/ Arq. Juan Citroni (\u00a9 Bruto Studio)\" data-rl_title=\"Casa Foro \/ Arq. Juan Citroni (\u00a9 Bruto Studio)\" class=\"rl-gallery-link\" data-rl_caption=\"Casa Foro \/ Arq. Juan Citroni (\u00a9 Bruto Studio)\" data-rel=\"lightbox-gallery-1\"><img loading=\"lazy\" decoding=\"async\" width=\"150\" height=\"150\" src=\"https:\/\/www.arquimaster.com.ar\/web\/wp-content\/uploads\/2025\/04\/casa_foro_20-150x150.jpg\" class=\"attachment-thumbnail size-thumbnail\" alt=\"Casa Foro \/ Arq. Juan Citroni\" aria-describedby=\"gallery-1-84313\" \/><\/a>\n\t\t\t<\/div>\n\t\t\t\t<figcaption class='wp-caption-text gallery-caption' id='gallery-1-84313'>\n\t\t\t\tCasa Foro \/ Arq. Juan Citroni (\u00a9 Bruto Studio)\n\t\t\t\t<\/figcaption><\/figure><figure class='gallery-item'>\n\t\t\t<div class='gallery-icon portrait'>\n\t\t\t\t<a href='https:\/\/www.arquimaster.com.ar\/web\/wp-content\/uploads\/2025\/04\/casa_foro_21.jpg' title=\"Casa Foro \/ Arq. Juan Citroni (\u00a9 Bruto Studio)\" data-rl_title=\"Casa Foro \/ Arq. Juan Citroni (\u00a9 Bruto Studio)\" class=\"rl-gallery-link\" data-rl_caption=\"Casa Foro \/ Arq. Juan Citroni (\u00a9 Bruto Studio)\" data-rel=\"lightbox-gallery-1\"><img loading=\"lazy\" decoding=\"async\" width=\"150\" height=\"150\" src=\"https:\/\/www.arquimaster.com.ar\/web\/wp-content\/uploads\/2025\/04\/casa_foro_21-150x150.jpg\" class=\"attachment-thumbnail size-thumbnail\" alt=\"Casa Foro \/ Arq. Juan Citroni\" aria-describedby=\"gallery-1-84314\" \/><\/a>\n\t\t\t<\/div>\n\t\t\t\t<figcaption class='wp-caption-text gallery-caption' id='gallery-1-84314'>\n\t\t\t\tCasa Foro \/ Arq. Juan Citroni (\u00a9 Bruto Studio)\n\t\t\t\t<\/figcaption><\/figure><figure class='gallery-item'>\n\t\t\t<div class='gallery-icon landscape'>\n\t\t\t\t<a href='https:\/\/www.arquimaster.com.ar\/web\/wp-content\/uploads\/2025\/04\/casa_foro_22.jpg' title=\"Casa Foro \/ Arq. Juan Citroni (\u00a9 Bruto Studio)\" data-rl_title=\"Casa Foro \/ Arq. Juan Citroni (\u00a9 Bruto Studio)\" class=\"rl-gallery-link\" data-rl_caption=\"Casa Foro \/ Arq. Juan Citroni (\u00a9 Bruto Studio)\" data-rel=\"lightbox-gallery-1\"><img loading=\"lazy\" decoding=\"async\" width=\"150\" height=\"150\" src=\"https:\/\/www.arquimaster.com.ar\/web\/wp-content\/uploads\/2025\/04\/casa_foro_22-150x150.jpg\" class=\"attachment-thumbnail size-thumbnail\" alt=\"Casa Foro \/ Arq. Juan Citroni\" aria-describedby=\"gallery-1-84315\" \/><\/a>\n\t\t\t<\/div>\n\t\t\t\t<figcaption class='wp-caption-text gallery-caption' id='gallery-1-84315'>\n\t\t\t\tCasa Foro \/ Arq. Juan Citroni (\u00a9 Bruto Studio)\n\t\t\t\t<\/figcaption><\/figure><figure class='gallery-item'>\n\t\t\t<div class='gallery-icon portrait'>\n\t\t\t\t<a href='https:\/\/www.arquimaster.com.ar\/web\/wp-content\/uploads\/2025\/04\/casa_foro_23.jpg' title=\"Casa Foro \/ Arq. Juan Citroni (\u00a9 Bruto Studio)\" data-rl_title=\"Casa Foro \/ Arq. Juan Citroni (\u00a9 Bruto Studio)\" class=\"rl-gallery-link\" data-rl_caption=\"Casa Foro \/ Arq. Juan Citroni (\u00a9 Bruto Studio)\" data-rel=\"lightbox-gallery-1\"><img loading=\"lazy\" decoding=\"async\" width=\"150\" height=\"150\" src=\"https:\/\/www.arquimaster.com.ar\/web\/wp-content\/uploads\/2025\/04\/casa_foro_23-150x150.jpg\" class=\"attachment-thumbnail size-thumbnail\" alt=\"Casa Foro \/ Arq. Juan Citroni\" aria-describedby=\"gallery-1-84316\" \/><\/a>\n\t\t\t<\/div>\n\t\t\t\t<figcaption class='wp-caption-text gallery-caption' id='gallery-1-84316'>\n\t\t\t\tCasa Foro \/ Arq. Juan Citroni (\u00a9 Bruto Studio)\n\t\t\t\t<\/figcaption><\/figure><figure class='gallery-item'>\n\t\t\t<div class='gallery-icon portrait'>\n\t\t\t\t<a href='https:\/\/www.arquimaster.com.ar\/web\/wp-content\/uploads\/2025\/04\/casa_foro_24.jpg' title=\"Casa Foro \/ Arq. Juan Citroni (\u00a9 Bruto Studio)\" data-rl_title=\"Casa Foro \/ Arq. Juan Citroni (\u00a9 Bruto Studio)\" class=\"rl-gallery-link\" data-rl_caption=\"Casa Foro \/ Arq. Juan Citroni (\u00a9 Bruto Studio)\" data-rel=\"lightbox-gallery-1\"><img loading=\"lazy\" decoding=\"async\" width=\"150\" height=\"150\" src=\"https:\/\/www.arquimaster.com.ar\/web\/wp-content\/uploads\/2025\/04\/casa_foro_24-150x150.jpg\" class=\"attachment-thumbnail size-thumbnail\" alt=\"Casa Foro \/ Arq. Juan Citroni\" aria-describedby=\"gallery-1-84317\" \/><\/a>\n\t\t\t<\/div>\n\t\t\t\t<figcaption class='wp-caption-text gallery-caption' id='gallery-1-84317'>\n\t\t\t\tCasa Foro \/ Arq. Juan Citroni (\u00a9 Bruto Studio)\n\t\t\t\t<\/figcaption><\/figure><figure class='gallery-item'>\n\t\t\t<div class='gallery-icon landscape'>\n\t\t\t\t<a href='https:\/\/www.arquimaster.com.ar\/web\/wp-content\/uploads\/2025\/04\/casa_foro_25.jpg' title=\"Casa Foro \/ Arq. Juan Citroni (\u00a9 Bruto Studio)\" data-rl_title=\"Casa Foro \/ Arq. Juan Citroni (\u00a9 Bruto Studio)\" class=\"rl-gallery-link\" data-rl_caption=\"Casa Foro \/ Arq. Juan Citroni (\u00a9 Bruto Studio)\" data-rel=\"lightbox-gallery-1\"><img loading=\"lazy\" decoding=\"async\" width=\"150\" height=\"150\" src=\"https:\/\/www.arquimaster.com.ar\/web\/wp-content\/uploads\/2025\/04\/casa_foro_25-150x150.jpg\" class=\"attachment-thumbnail size-thumbnail\" alt=\"Casa Foro \/ Arq. Juan Citroni\" aria-describedby=\"gallery-1-84318\" \/><\/a>\n\t\t\t<\/div>\n\t\t\t\t<figcaption class='wp-caption-text gallery-caption' id='gallery-1-84318'>\n\t\t\t\tCasa Foro \/ Arq. Juan Citroni (\u00a9 Bruto Studio)\n\t\t\t\t<\/figcaption><\/figure><figure class='gallery-item'>\n\t\t\t<div class='gallery-icon landscape'>\n\t\t\t\t<a href='https:\/\/www.arquimaster.com.ar\/web\/wp-content\/uploads\/2025\/04\/casa_foro_26.jpg' title=\"Casa Foro \/ Arq. Juan Citroni (\u00a9 Bruto Studio)\" data-rl_title=\"Casa Foro \/ Arq. Juan Citroni (\u00a9 Bruto Studio)\" class=\"rl-gallery-link\" data-rl_caption=\"Casa Foro \/ Arq. Juan Citroni (\u00a9 Bruto Studio)\" data-rel=\"lightbox-gallery-1\"><img loading=\"lazy\" decoding=\"async\" width=\"150\" height=\"150\" src=\"https:\/\/www.arquimaster.com.ar\/web\/wp-content\/uploads\/2025\/04\/casa_foro_26-150x150.jpg\" class=\"attachment-thumbnail size-thumbnail\" alt=\"Casa Foro \/ Arq. Juan Citroni\" aria-describedby=\"gallery-1-84319\" \/><\/a>\n\t\t\t<\/div>\n\t\t\t\t<figcaption class='wp-caption-text gallery-caption' id='gallery-1-84319'>\n\t\t\t\tCasa Foro \/ Arq. Juan Citroni (\u00a9 Bruto Studio)\n\t\t\t\t<\/figcaption><\/figure><figure class='gallery-item'>\n\t\t\t<div class='gallery-icon portrait'>\n\t\t\t\t<a href='https:\/\/www.arquimaster.com.ar\/web\/wp-content\/uploads\/2025\/04\/casa_foro_27.jpg' title=\"Casa Foro \/ Arq. Juan Citroni (\u00a9 Bruto Studio)\" data-rl_title=\"Casa Foro \/ Arq. Juan Citroni (\u00a9 Bruto Studio)\" class=\"rl-gallery-link\" data-rl_caption=\"Casa Foro \/ Arq. Juan Citroni (\u00a9 Bruto Studio)\" data-rel=\"lightbox-gallery-1\"><img loading=\"lazy\" decoding=\"async\" width=\"150\" height=\"150\" src=\"https:\/\/www.arquimaster.com.ar\/web\/wp-content\/uploads\/2025\/04\/casa_foro_27-150x150.jpg\" class=\"attachment-thumbnail size-thumbnail\" alt=\"Casa Foro \/ Arq. Juan Citroni\" aria-describedby=\"gallery-1-84320\" \/><\/a>\n\t\t\t<\/div>\n\t\t\t\t<figcaption class='wp-caption-text gallery-caption' id='gallery-1-84320'>\n\t\t\t\tCasa Foro \/ Arq. Juan Citroni (\u00a9 Bruto Studio)\n\t\t\t\t<\/figcaption><\/figure><figure class='gallery-item'>\n\t\t\t<div class='gallery-icon portrait'>\n\t\t\t\t<a href='https:\/\/www.arquimaster.com.ar\/web\/wp-content\/uploads\/2025\/04\/casa_foro_28.jpg' title=\"Casa Foro \/ Arq. Juan Citroni (\u00a9 Bruto Studio)\" data-rl_title=\"Casa Foro \/ Arq. Juan Citroni (\u00a9 Bruto Studio)\" class=\"rl-gallery-link\" data-rl_caption=\"Casa Foro \/ Arq. Juan Citroni (\u00a9 Bruto Studio)\" data-rel=\"lightbox-gallery-1\"><img loading=\"lazy\" decoding=\"async\" width=\"150\" height=\"150\" src=\"https:\/\/www.arquimaster.com.ar\/web\/wp-content\/uploads\/2025\/04\/casa_foro_28-150x150.jpg\" class=\"attachment-thumbnail size-thumbnail\" alt=\"Casa Foro \/ Arq. Juan Citroni\" aria-describedby=\"gallery-1-84321\" \/><\/a>\n\t\t\t<\/div>\n\t\t\t\t<figcaption class='wp-caption-text gallery-caption' id='gallery-1-84321'>\n\t\t\t\tCasa Foro \/ Arq. Juan Citroni (\u00a9 Bruto Studio)\n\t\t\t\t<\/figcaption><\/figure><figure class='gallery-item'>\n\t\t\t<div class='gallery-icon landscape'>\n\t\t\t\t<a href='https:\/\/www.arquimaster.com.ar\/web\/wp-content\/uploads\/2025\/04\/casa_foro_29.jpg' title=\"Casa Foro \/ Arq. Juan Citroni (\u00a9 Bruto Studio)\" data-rl_title=\"Casa Foro \/ Arq. Juan Citroni (\u00a9 Bruto Studio)\" class=\"rl-gallery-link\" data-rl_caption=\"Casa Foro \/ Arq. Juan Citroni (\u00a9 Bruto Studio)\" data-rel=\"lightbox-gallery-1\"><img loading=\"lazy\" decoding=\"async\" width=\"150\" height=\"150\" src=\"https:\/\/www.arquimaster.com.ar\/web\/wp-content\/uploads\/2025\/04\/casa_foro_29-150x150.jpg\" class=\"attachment-thumbnail size-thumbnail\" alt=\"Casa Foro \/ Arq. Juan Citroni\" aria-describedby=\"gallery-1-84322\" \/><\/a>\n\t\t\t<\/div>\n\t\t\t\t<figcaption class='wp-caption-text gallery-caption' id='gallery-1-84322'>\n\t\t\t\tCasa Foro \/ Arq. Juan Citroni (\u00a9 Bruto Studio)\n\t\t\t\t<\/figcaption><\/figure><figure class='gallery-item'>\n\t\t\t<div class='gallery-icon landscape'>\n\t\t\t\t<a href='https:\/\/www.arquimaster.com.ar\/web\/wp-content\/uploads\/2025\/04\/casa_foro_30.jpg' title=\"Casa Foro \/ Arq. Juan Citroni (\u00a9 Bruto Studio)\" data-rl_title=\"Casa Foro \/ Arq. Juan Citroni (\u00a9 Bruto Studio)\" class=\"rl-gallery-link\" data-rl_caption=\"Casa Foro \/ Arq. Juan Citroni (\u00a9 Bruto Studio)\" data-rel=\"lightbox-gallery-1\"><img loading=\"lazy\" decoding=\"async\" width=\"150\" height=\"150\" src=\"https:\/\/www.arquimaster.com.ar\/web\/wp-content\/uploads\/2025\/04\/casa_foro_30-150x150.jpg\" class=\"attachment-thumbnail size-thumbnail\" alt=\"Casa Foro \/ Arq. Juan Citroni\" aria-describedby=\"gallery-1-84323\" \/><\/a>\n\t\t\t<\/div>\n\t\t\t\t<figcaption class='wp-caption-text gallery-caption' id='gallery-1-84323'>\n\t\t\t\tCasa Foro \/ Arq. Juan Citroni (\u00a9 Bruto Studio)\n\t\t\t\t<\/figcaption><\/figure><figure class='gallery-item'>\n\t\t\t<div class='gallery-icon portrait'>\n\t\t\t\t<a href='https:\/\/www.arquimaster.com.ar\/web\/wp-content\/uploads\/2025\/04\/casa_foro_31.jpg' title=\"Casa Foro \/ Arq. Juan Citroni (\u00a9 Bruto Studio)\" data-rl_title=\"Casa Foro \/ Arq. Juan Citroni (\u00a9 Bruto Studio)\" class=\"rl-gallery-link\" data-rl_caption=\"Casa Foro \/ Arq. Juan Citroni (\u00a9 Bruto Studio)\" data-rel=\"lightbox-gallery-1\"><img loading=\"lazy\" decoding=\"async\" width=\"150\" height=\"150\" src=\"https:\/\/www.arquimaster.com.ar\/web\/wp-content\/uploads\/2025\/04\/casa_foro_31-150x150.jpg\" class=\"attachment-thumbnail size-thumbnail\" alt=\"Casa Foro \/ Arq. Juan Citroni\" aria-describedby=\"gallery-1-84324\" \/><\/a>\n\t\t\t<\/div>\n\t\t\t\t<figcaption class='wp-caption-text gallery-caption' id='gallery-1-84324'>\n\t\t\t\tCasa Foro \/ Arq. Juan Citroni (\u00a9 Bruto Studio)\n\t\t\t\t<\/figcaption><\/figure><figure class='gallery-item'>\n\t\t\t<div class='gallery-icon portrait'>\n\t\t\t\t<a href='https:\/\/www.arquimaster.com.ar\/web\/wp-content\/uploads\/2025\/04\/casa_foro_32.jpg' title=\"Casa Foro \/ Arq. Juan Citroni (\u00a9 Bruto Studio)\" data-rl_title=\"Casa Foro \/ Arq. Juan Citroni (\u00a9 Bruto Studio)\" class=\"rl-gallery-link\" data-rl_caption=\"Casa Foro \/ Arq. Juan Citroni (\u00a9 Bruto Studio)\" data-rel=\"lightbox-gallery-1\"><img loading=\"lazy\" decoding=\"async\" width=\"150\" height=\"150\" src=\"https:\/\/www.arquimaster.com.ar\/web\/wp-content\/uploads\/2025\/04\/casa_foro_32-150x150.jpg\" class=\"attachment-thumbnail size-thumbnail\" alt=\"Casa Foro \/ Arq. Juan Citroni\" aria-describedby=\"gallery-1-84325\" \/><\/a>\n\t\t\t<\/div>\n\t\t\t\t<figcaption class='wp-caption-text gallery-caption' id='gallery-1-84325'>\n\t\t\t\tCasa Foro \/ Arq. Juan Citroni (\u00a9 Bruto Studio)\n\t\t\t\t<\/figcaption><\/figure><figure class='gallery-item'>\n\t\t\t<div class='gallery-icon portrait'>\n\t\t\t\t<a href='https:\/\/www.arquimaster.com.ar\/web\/wp-content\/uploads\/2025\/04\/casa_foro_33.jpg' title=\"Casa Foro \/ Arq. Juan Citroni (\u00a9 Bruto Studio)\" data-rl_title=\"Casa Foro \/ Arq. Juan Citroni (\u00a9 Bruto Studio)\" class=\"rl-gallery-link\" data-rl_caption=\"Casa Foro \/ Arq. Juan Citroni (\u00a9 Bruto Studio)\" data-rel=\"lightbox-gallery-1\"><img loading=\"lazy\" decoding=\"async\" width=\"150\" height=\"150\" src=\"https:\/\/www.arquimaster.com.ar\/web\/wp-content\/uploads\/2025\/04\/casa_foro_33-150x150.jpg\" class=\"attachment-thumbnail size-thumbnail\" alt=\"Casa Foro \/ Arq. Juan Citroni\" aria-describedby=\"gallery-1-84326\" \/><\/a>\n\t\t\t<\/div>\n\t\t\t\t<figcaption class='wp-caption-text gallery-caption' id='gallery-1-84326'>\n\t\t\t\tCasa Foro \/ Arq. Juan Citroni (\u00a9 Bruto Studio)\n\t\t\t\t<\/figcaption><\/figure><figure class='gallery-item'>\n\t\t\t<div class='gallery-icon portrait'>\n\t\t\t\t<a href='https:\/\/www.arquimaster.com.ar\/web\/wp-content\/uploads\/2025\/04\/casa_foro_34.jpg' title=\"Casa Foro \/ Arq. Juan Citroni (\u00a9 Bruto Studio)\" data-rl_title=\"Casa Foro \/ Arq. Juan Citroni (\u00a9 Bruto Studio)\" class=\"rl-gallery-link\" data-rl_caption=\"Casa Foro \/ Arq. Juan Citroni (\u00a9 Bruto Studio)\" data-rel=\"lightbox-gallery-1\"><img loading=\"lazy\" decoding=\"async\" width=\"150\" height=\"150\" src=\"https:\/\/www.arquimaster.com.ar\/web\/wp-content\/uploads\/2025\/04\/casa_foro_34-150x150.jpg\" class=\"attachment-thumbnail size-thumbnail\" alt=\"Casa Foro \/ Arq. Juan Citroni\" aria-describedby=\"gallery-1-84327\" \/><\/a>\n\t\t\t<\/div>\n\t\t\t\t<figcaption class='wp-caption-text gallery-caption' id='gallery-1-84327'>\n\t\t\t\tCasa Foro \/ Arq. Juan Citroni (\u00a9 Bruto Studio)\n\t\t\t\t<\/figcaption><\/figure><figure class='gallery-item'>\n\t\t\t<div class='gallery-icon portrait'>\n\t\t\t\t<a href='https:\/\/www.arquimaster.com.ar\/web\/wp-content\/uploads\/2025\/04\/casa_foro_35.jpg' title=\"Casa Foro \/ Arq. Juan Citroni (\u00a9 Bruto Studio)\" data-rl_title=\"Casa Foro \/ Arq. Juan Citroni (\u00a9 Bruto Studio)\" class=\"rl-gallery-link\" data-rl_caption=\"Casa Foro \/ Arq. Juan Citroni (\u00a9 Bruto Studio)\" data-rel=\"lightbox-gallery-1\"><img loading=\"lazy\" decoding=\"async\" width=\"150\" height=\"150\" src=\"https:\/\/www.arquimaster.com.ar\/web\/wp-content\/uploads\/2025\/04\/casa_foro_35-150x150.jpg\" class=\"attachment-thumbnail size-thumbnail\" alt=\"Casa Foro \/ Arq. Juan Citroni\" aria-describedby=\"gallery-1-84328\" \/><\/a>\n\t\t\t<\/div>\n\t\t\t\t<figcaption class='wp-caption-text gallery-caption' id='gallery-1-84328'>\n\t\t\t\tCasa Foro \/ Arq. Juan Citroni (\u00a9 Bruto Studio)\n\t\t\t\t<\/figcaption><\/figure><figure class='gallery-item'>\n\t\t\t<div class='gallery-icon portrait'>\n\t\t\t\t<a href='https:\/\/www.arquimaster.com.ar\/web\/wp-content\/uploads\/2025\/04\/casa_foro_36.jpg' title=\"Casa Foro \/ Arq. Juan Citroni (\u00a9 Bruto Studio)\" data-rl_title=\"Casa Foro \/ Arq. Juan Citroni (\u00a9 Bruto Studio)\" class=\"rl-gallery-link\" data-rl_caption=\"Casa Foro \/ Arq. Juan Citroni (\u00a9 Bruto Studio)\" data-rel=\"lightbox-gallery-1\"><img loading=\"lazy\" decoding=\"async\" width=\"150\" height=\"150\" src=\"https:\/\/www.arquimaster.com.ar\/web\/wp-content\/uploads\/2025\/04\/casa_foro_36-150x150.jpg\" class=\"attachment-thumbnail size-thumbnail\" alt=\"Casa Foro \/ Arq. Juan Citroni\" aria-describedby=\"gallery-1-84329\" \/><\/a>\n\t\t\t<\/div>\n\t\t\t\t<figcaption class='wp-caption-text gallery-caption' id='gallery-1-84329'>\n\t\t\t\tCasa Foro \/ Arq. Juan Citroni (\u00a9 Bruto Studio)\n\t\t\t\t<\/figcaption><\/figure><figure class='gallery-item'>\n\t\t\t<div class='gallery-icon portrait'>\n\t\t\t\t<a href='https:\/\/www.arquimaster.com.ar\/web\/wp-content\/uploads\/2025\/04\/casa_foro_37.jpg' title=\"Casa Foro \/ Arq. Juan Citroni (\u00a9 Bruto Studio)\" data-rl_title=\"Casa Foro \/ Arq. Juan Citroni (\u00a9 Bruto Studio)\" class=\"rl-gallery-link\" data-rl_caption=\"Casa Foro \/ Arq. Juan Citroni (\u00a9 Bruto Studio)\" data-rel=\"lightbox-gallery-1\"><img loading=\"lazy\" decoding=\"async\" width=\"150\" height=\"150\" src=\"https:\/\/www.arquimaster.com.ar\/web\/wp-content\/uploads\/2025\/04\/casa_foro_37-150x150.jpg\" class=\"attachment-thumbnail size-thumbnail\" alt=\"Casa Foro \/ Arq. Juan Citroni\" aria-describedby=\"gallery-1-84330\" \/><\/a>\n\t\t\t<\/div>\n\t\t\t\t<figcaption class='wp-caption-text gallery-caption' id='gallery-1-84330'>\n\t\t\t\tCasa Foro \/ Arq. Juan Citroni (\u00a9 Bruto Studio)\n\t\t\t\t<\/figcaption><\/figure><figure class='gallery-item'>\n\t\t\t<div class='gallery-icon portrait'>\n\t\t\t\t<a href='https:\/\/www.arquimaster.com.ar\/web\/wp-content\/uploads\/2025\/04\/casa_foro_38.jpg' title=\"Casa Foro \/ Arq. Juan Citroni (\u00a9 Bruto Studio)\" data-rl_title=\"Casa Foro \/ Arq. Juan Citroni (\u00a9 Bruto Studio)\" class=\"rl-gallery-link\" data-rl_caption=\"Casa Foro \/ Arq. Juan Citroni (\u00a9 Bruto Studio)\" data-rel=\"lightbox-gallery-1\"><img loading=\"lazy\" decoding=\"async\" width=\"150\" height=\"150\" src=\"https:\/\/www.arquimaster.com.ar\/web\/wp-content\/uploads\/2025\/04\/casa_foro_38-150x150.jpg\" class=\"attachment-thumbnail size-thumbnail\" alt=\"Casa Foro \/ Arq. Juan Citroni\" aria-describedby=\"gallery-1-84331\" \/><\/a>\n\t\t\t<\/div>\n\t\t\t\t<figcaption class='wp-caption-text gallery-caption' id='gallery-1-84331'>\n\t\t\t\tCasa Foro \/ Arq. Juan Citroni (\u00a9 Bruto Studio)\n\t\t\t\t<\/figcaption><\/figure><figure class='gallery-item'>\n\t\t\t<div class='gallery-icon portrait'>\n\t\t\t\t<a href='https:\/\/www.arquimaster.com.ar\/web\/wp-content\/uploads\/2025\/04\/casa_foro_39.jpg' title=\"Casa Foro \/ Arq. Juan Citroni (\u00a9 Bruto Studio)\" data-rl_title=\"Casa Foro \/ Arq. Juan Citroni (\u00a9 Bruto Studio)\" class=\"rl-gallery-link\" data-rl_caption=\"Casa Foro \/ Arq. Juan Citroni (\u00a9 Bruto Studio)\" data-rel=\"lightbox-gallery-1\"><img loading=\"lazy\" decoding=\"async\" width=\"150\" height=\"150\" src=\"https:\/\/www.arquimaster.com.ar\/web\/wp-content\/uploads\/2025\/04\/casa_foro_39-150x150.jpg\" class=\"attachment-thumbnail size-thumbnail\" alt=\"Casa Foro \/ Arq. Juan Citroni\" aria-describedby=\"gallery-1-84332\" \/><\/a>\n\t\t\t<\/div>\n\t\t\t\t<figcaption class='wp-caption-text gallery-caption' id='gallery-1-84332'>\n\t\t\t\tCasa Foro \/ Arq. Juan Citroni (\u00a9 Bruto Studio)\n\t\t\t\t<\/figcaption><\/figure><figure class='gallery-item'>\n\t\t\t<div class='gallery-icon portrait'>\n\t\t\t\t<a href='https:\/\/www.arquimaster.com.ar\/web\/wp-content\/uploads\/2025\/04\/casa_foro_40.jpg' title=\"Casa Foro \/ Arq. Juan Citroni (\u00a9 Bruto Studio)\" data-rl_title=\"Casa Foro \/ Arq. Juan Citroni (\u00a9 Bruto Studio)\" class=\"rl-gallery-link\" data-rl_caption=\"Casa Foro \/ Arq. Juan Citroni (\u00a9 Bruto Studio)\" data-rel=\"lightbox-gallery-1\"><img loading=\"lazy\" decoding=\"async\" width=\"150\" height=\"150\" src=\"https:\/\/www.arquimaster.com.ar\/web\/wp-content\/uploads\/2025\/04\/casa_foro_40-150x150.jpg\" class=\"attachment-thumbnail size-thumbnail\" alt=\"Casa Foro \/ Arq. Juan Citroni\" aria-describedby=\"gallery-1-84333\" \/><\/a>\n\t\t\t<\/div>\n\t\t\t\t<figcaption class='wp-caption-text gallery-caption' id='gallery-1-84333'>\n\t\t\t\tCasa Foro \/ Arq. Juan Citroni (\u00a9 Bruto Studio)\n\t\t\t\t<\/figcaption><\/figure><figure class='gallery-item'>\n\t\t\t<div class='gallery-icon portrait'>\n\t\t\t\t<a href='https:\/\/www.arquimaster.com.ar\/web\/wp-content\/uploads\/2025\/04\/casa_foro_41.jpg' title=\"Casa Foro \/ Arq. Juan Citroni (\u00a9 Bruto Studio)\" data-rl_title=\"Casa Foro \/ Arq. Juan Citroni (\u00a9 Bruto Studio)\" class=\"rl-gallery-link\" data-rl_caption=\"Casa Foro \/ Arq. Juan Citroni (\u00a9 Bruto Studio)\" data-rel=\"lightbox-gallery-1\"><img loading=\"lazy\" decoding=\"async\" width=\"150\" height=\"150\" src=\"https:\/\/www.arquimaster.com.ar\/web\/wp-content\/uploads\/2025\/04\/casa_foro_41-150x150.jpg\" class=\"attachment-thumbnail size-thumbnail\" alt=\"Casa Foro \/ Arq. Juan Citroni\" aria-describedby=\"gallery-1-84334\" \/><\/a>\n\t\t\t<\/div>\n\t\t\t\t<figcaption class='wp-caption-text gallery-caption' id='gallery-1-84334'>\n\t\t\t\tCasa Foro \/ Arq. Juan Citroni (\u00a9 Bruto Studio)\n\t\t\t\t<\/figcaption><\/figure><figure class='gallery-item'>\n\t\t\t<div class='gallery-icon portrait'>\n\t\t\t\t<a href='https:\/\/www.arquimaster.com.ar\/web\/wp-content\/uploads\/2025\/04\/casa_foro_42.jpg' title=\"Casa Foro \/ Arq. Juan Citroni (\u00a9 Bruto Studio)\" data-rl_title=\"Casa Foro \/ Arq. Juan Citroni (\u00a9 Bruto Studio)\" class=\"rl-gallery-link\" data-rl_caption=\"Casa Foro \/ Arq. Juan Citroni (\u00a9 Bruto Studio)\" data-rel=\"lightbox-gallery-1\"><img loading=\"lazy\" decoding=\"async\" width=\"150\" height=\"150\" src=\"https:\/\/www.arquimaster.com.ar\/web\/wp-content\/uploads\/2025\/04\/casa_foro_42-150x150.jpg\" class=\"attachment-thumbnail size-thumbnail\" alt=\"Casa Foro \/ Arq. Juan Citroni\" aria-describedby=\"gallery-1-84335\" \/><\/a>\n\t\t\t<\/div>\n\t\t\t\t<figcaption class='wp-caption-text gallery-caption' id='gallery-1-84335'>\n\t\t\t\tCasa Foro \/ Arq. Juan Citroni (\u00a9 Bruto Studio)\n\t\t\t\t<\/figcaption><\/figure><figure class='gallery-item'>\n\t\t\t<div class='gallery-icon portrait'>\n\t\t\t\t<a href='https:\/\/www.arquimaster.com.ar\/web\/wp-content\/uploads\/2025\/04\/casa_foro_43.jpg' title=\"Casa Foro \/ Arq. Juan Citroni (\u00a9 Bruto Studio)\" data-rl_title=\"Casa Foro \/ Arq. Juan Citroni (\u00a9 Bruto Studio)\" class=\"rl-gallery-link\" data-rl_caption=\"Casa Foro \/ Arq. Juan Citroni (\u00a9 Bruto Studio)\" data-rel=\"lightbox-gallery-1\"><img loading=\"lazy\" decoding=\"async\" width=\"150\" height=\"150\" src=\"https:\/\/www.arquimaster.com.ar\/web\/wp-content\/uploads\/2025\/04\/casa_foro_43-150x150.jpg\" class=\"attachment-thumbnail size-thumbnail\" alt=\"Casa Foro \/ Arq. Juan Citroni\" aria-describedby=\"gallery-1-84336\" \/><\/a>\n\t\t\t<\/div>\n\t\t\t\t<figcaption class='wp-caption-text gallery-caption' id='gallery-1-84336'>\n\t\t\t\tCasa Foro \/ Arq. Juan Citroni (\u00a9 Bruto Studio)\n\t\t\t\t<\/figcaption><\/figure><figure class='gallery-item'>\n\t\t\t<div class='gallery-icon portrait'>\n\t\t\t\t<a href='https:\/\/www.arquimaster.com.ar\/web\/wp-content\/uploads\/2025\/04\/casa_foro_44.jpg' title=\"Casa Foro \/ Arq. Juan Citroni (\u00a9 Bruto Studio)\" data-rl_title=\"Casa Foro \/ Arq. Juan Citroni (\u00a9 Bruto Studio)\" class=\"rl-gallery-link\" data-rl_caption=\"Casa Foro \/ Arq. Juan Citroni (\u00a9 Bruto Studio)\" data-rel=\"lightbox-gallery-1\"><img loading=\"lazy\" decoding=\"async\" width=\"150\" height=\"150\" src=\"https:\/\/www.arquimaster.com.ar\/web\/wp-content\/uploads\/2025\/04\/casa_foro_44-150x150.jpg\" class=\"attachment-thumbnail size-thumbnail\" alt=\"Casa Foro \/ Arq. Juan Citroni\" aria-describedby=\"gallery-1-84337\" \/><\/a>\n\t\t\t<\/div>\n\t\t\t\t<figcaption class='wp-caption-text gallery-caption' id='gallery-1-84337'>\n\t\t\t\tCasa Foro \/ Arq. Juan Citroni (\u00a9 Bruto Studio)\n\t\t\t\t<\/figcaption><\/figure><figure class='gallery-item'>\n\t\t\t<div class='gallery-icon portrait'>\n\t\t\t\t<a href='https:\/\/www.arquimaster.com.ar\/web\/wp-content\/uploads\/2025\/04\/casa_foro_45.jpg' title=\"Casa Foro \/ Arq. Juan Citroni (\u00a9 Bruto Studio)\" data-rl_title=\"Casa Foro \/ Arq. Juan Citroni (\u00a9 Bruto Studio)\" class=\"rl-gallery-link\" data-rl_caption=\"Casa Foro \/ Arq. Juan Citroni (\u00a9 Bruto Studio)\" data-rel=\"lightbox-gallery-1\"><img loading=\"lazy\" decoding=\"async\" width=\"150\" height=\"150\" src=\"https:\/\/www.arquimaster.com.ar\/web\/wp-content\/uploads\/2025\/04\/casa_foro_45-150x150.jpg\" class=\"attachment-thumbnail size-thumbnail\" alt=\"Casa Foro \/ Arq. Juan Citroni\" aria-describedby=\"gallery-1-84338\" \/><\/a>\n\t\t\t<\/div>\n\t\t\t\t<figcaption class='wp-caption-text gallery-caption' id='gallery-1-84338'>\n\t\t\t\tCasa Foro \/ Arq. Juan Citroni (\u00a9 Bruto Studio)\n\t\t\t\t<\/figcaption><\/figure><figure class='gallery-item'>\n\t\t\t<div class='gallery-icon portrait'>\n\t\t\t\t<a href='https:\/\/www.arquimaster.com.ar\/web\/wp-content\/uploads\/2025\/04\/casa_foro_46.jpg' title=\"Casa Foro \/ Arq. Juan Citroni (\u00a9 Bruto Studio)\" data-rl_title=\"Casa Foro \/ Arq. Juan Citroni (\u00a9 Bruto Studio)\" class=\"rl-gallery-link\" data-rl_caption=\"Casa Foro \/ Arq. Juan Citroni (\u00a9 Bruto Studio)\" data-rel=\"lightbox-gallery-1\"><img loading=\"lazy\" decoding=\"async\" width=\"150\" height=\"150\" src=\"https:\/\/www.arquimaster.com.ar\/web\/wp-content\/uploads\/2025\/04\/casa_foro_46-150x150.jpg\" class=\"attachment-thumbnail size-thumbnail\" alt=\"Casa Foro \/ Arq. Juan Citroni\" aria-describedby=\"gallery-1-84339\" \/><\/a>\n\t\t\t<\/div>\n\t\t\t\t<figcaption class='wp-caption-text gallery-caption' id='gallery-1-84339'>\n\t\t\t\tCasa Foro \/ Arq. Juan Citroni (\u00a9 Bruto Studio)\n\t\t\t\t<\/figcaption><\/figure><figure class='gallery-item'>\n\t\t\t<div class='gallery-icon portrait'>\n\t\t\t\t<a href='https:\/\/www.arquimaster.com.ar\/web\/wp-content\/uploads\/2025\/04\/casa_foro_47.jpg' title=\"Casa Foro \/ Arq. Juan Citroni (\u00a9 Bruto Studio)\" data-rl_title=\"Casa Foro \/ Arq. Juan Citroni (\u00a9 Bruto Studio)\" class=\"rl-gallery-link\" data-rl_caption=\"Casa Foro \/ Arq. Juan Citroni (\u00a9 Bruto Studio)\" data-rel=\"lightbox-gallery-1\"><img loading=\"lazy\" decoding=\"async\" width=\"150\" height=\"150\" src=\"https:\/\/www.arquimaster.com.ar\/web\/wp-content\/uploads\/2025\/04\/casa_foro_47-150x150.jpg\" class=\"attachment-thumbnail size-thumbnail\" alt=\"Casa Foro \/ Arq. Juan Citroni\" aria-describedby=\"gallery-1-84340\" \/><\/a>\n\t\t\t<\/div>\n\t\t\t\t<figcaption class='wp-caption-text gallery-caption' id='gallery-1-84340'>\n\t\t\t\tCasa Foro \/ Arq. Juan Citroni (\u00a9 Bruto Studio)\n\t\t\t\t<\/figcaption><\/figure><figure class='gallery-item'>\n\t\t\t<div class='gallery-icon portrait'>\n\t\t\t\t<a href='https:\/\/www.arquimaster.com.ar\/web\/wp-content\/uploads\/2025\/04\/casa_foro_48.jpg' title=\"Casa Foro \/ Arq. Juan Citroni (\u00a9 Bruto Studio)\" data-rl_title=\"Casa Foro \/ Arq. Juan Citroni (\u00a9 Bruto Studio)\" class=\"rl-gallery-link\" data-rl_caption=\"Casa Foro \/ Arq. Juan Citroni (\u00a9 Bruto Studio)\" data-rel=\"lightbox-gallery-1\"><img loading=\"lazy\" decoding=\"async\" width=\"150\" height=\"150\" src=\"https:\/\/www.arquimaster.com.ar\/web\/wp-content\/uploads\/2025\/04\/casa_foro_48-150x150.jpg\" class=\"attachment-thumbnail size-thumbnail\" alt=\"Casa Foro \/ Arq. Juan Citroni\" aria-describedby=\"gallery-1-84341\" \/><\/a>\n\t\t\t<\/div>\n\t\t\t\t<figcaption class='wp-caption-text gallery-caption' id='gallery-1-84341'>\n\t\t\t\tCasa Foro \/ Arq. Juan Citroni (\u00a9 Bruto Studio)\n\t\t\t\t<\/figcaption><\/figure><figure class='gallery-item'>\n\t\t\t<div class='gallery-icon portrait'>\n\t\t\t\t<a href='https:\/\/www.arquimaster.com.ar\/web\/wp-content\/uploads\/2025\/04\/casa_foro_49.jpg' title=\"Casa Foro \/ Arq. Juan Citroni (\u00a9 Bruto Studio)\" data-rl_title=\"Casa Foro \/ Arq. Juan Citroni (\u00a9 Bruto Studio)\" class=\"rl-gallery-link\" data-rl_caption=\"Casa Foro \/ Arq. Juan Citroni (\u00a9 Bruto Studio)\" data-rel=\"lightbox-gallery-1\"><img loading=\"lazy\" decoding=\"async\" width=\"150\" height=\"150\" src=\"https:\/\/www.arquimaster.com.ar\/web\/wp-content\/uploads\/2025\/04\/casa_foro_49-150x150.jpg\" class=\"attachment-thumbnail size-thumbnail\" alt=\"Casa Foro \/ Arq. Juan Citroni\" aria-describedby=\"gallery-1-84342\" \/><\/a>\n\t\t\t<\/div>\n\t\t\t\t<figcaption class='wp-caption-text gallery-caption' id='gallery-1-84342'>\n\t\t\t\tCasa Foro \/ Arq. Juan Citroni (\u00a9 Bruto Studio)\n\t\t\t\t<\/figcaption><\/figure><figure class='gallery-item'>\n\t\t\t<div class='gallery-icon landscape'>\n\t\t\t\t<a href='https:\/\/www.arquimaster.com.ar\/web\/wp-content\/uploads\/2025\/04\/casa_foro_50.jpg' title=\"Casa Foro \/ Arq. Juan Citroni (\u00a9 Bruto Studio)\" data-rl_title=\"Casa Foro \/ Arq. Juan Citroni (\u00a9 Bruto Studio)\" class=\"rl-gallery-link\" data-rl_caption=\"Casa Foro \/ Arq. Juan Citroni (\u00a9 Bruto Studio)\" data-rel=\"lightbox-gallery-1\"><img loading=\"lazy\" decoding=\"async\" width=\"150\" height=\"150\" src=\"https:\/\/www.arquimaster.com.ar\/web\/wp-content\/uploads\/2025\/04\/casa_foro_50-150x150.jpg\" class=\"attachment-thumbnail size-thumbnail\" alt=\"Casa Foro \/ Arq. Juan Citroni\" aria-describedby=\"gallery-1-84343\" \/><\/a>\n\t\t\t<\/div>\n\t\t\t\t<figcaption class='wp-caption-text gallery-caption' id='gallery-1-84343'>\n\t\t\t\tCasa Foro \/ Arq. Juan Citroni (\u00a9 Bruto Studio)\n\t\t\t\t<\/figcaption><\/figure><figure class='gallery-item'>\n\t\t\t<div class='gallery-icon landscape'>\n\t\t\t\t<a href='https:\/\/www.arquimaster.com.ar\/web\/wp-content\/uploads\/2025\/04\/casa_foro_51.jpg' title=\"Casa Foro \/ Arq. Juan Citroni (\u00a9 Bruto Studio)\" data-rl_title=\"Casa Foro \/ Arq. Juan Citroni (\u00a9 Bruto Studio)\" class=\"rl-gallery-link\" data-rl_caption=\"Casa Foro \/ Arq. Juan Citroni (\u00a9 Bruto Studio)\" data-rel=\"lightbox-gallery-1\"><img loading=\"lazy\" decoding=\"async\" width=\"150\" height=\"150\" src=\"https:\/\/www.arquimaster.com.ar\/web\/wp-content\/uploads\/2025\/04\/casa_foro_51-150x150.jpg\" class=\"attachment-thumbnail size-thumbnail\" alt=\"Casa Foro \/ Arq. Juan Citroni\" aria-describedby=\"gallery-1-84344\" \/><\/a>\n\t\t\t<\/div>\n\t\t\t\t<figcaption class='wp-caption-text gallery-caption' id='gallery-1-84344'>\n\t\t\t\tCasa Foro \/ Arq. Juan Citroni (\u00a9 Bruto Studio)\n\t\t\t\t<\/figcaption><\/figure><figure class='gallery-item'>\n\t\t\t<div class='gallery-icon landscape'>\n\t\t\t\t<a href='https:\/\/www.arquimaster.com.ar\/web\/wp-content\/uploads\/2025\/04\/casa_foro_52.jpg' title=\"Casa Foro \/ Arq. Juan Citroni (\u00a9 Bruto Studio)\" data-rl_title=\"Casa Foro \/ Arq. Juan Citroni (\u00a9 Bruto Studio)\" class=\"rl-gallery-link\" data-rl_caption=\"Casa Foro \/ Arq. Juan Citroni (\u00a9 Bruto Studio)\" data-rel=\"lightbox-gallery-1\"><img loading=\"lazy\" decoding=\"async\" width=\"150\" height=\"150\" src=\"https:\/\/www.arquimaster.com.ar\/web\/wp-content\/uploads\/2025\/04\/casa_foro_52-150x150.jpg\" class=\"attachment-thumbnail size-thumbnail\" alt=\"Casa Foro \/ Arq. Juan Citroni\" aria-describedby=\"gallery-1-84345\" \/><\/a>\n\t\t\t<\/div>\n\t\t\t\t<figcaption class='wp-caption-text gallery-caption' id='gallery-1-84345'>\n\t\t\t\tCasa Foro \/ Arq. Juan Citroni (\u00a9 Bruto Studio)\n\t\t\t\t<\/figcaption><\/figure><figure class='gallery-item'>\n\t\t\t<div class='gallery-icon portrait'>\n\t\t\t\t<a href='https:\/\/www.arquimaster.com.ar\/web\/wp-content\/uploads\/2025\/04\/casa_foro_53.jpg' title=\"Casa Foro \/ Arq. Juan Citroni (planta)\" data-rl_title=\"Casa Foro \/ Arq. Juan Citroni (planta)\" class=\"rl-gallery-link\" data-rl_caption=\"Casa Foro \/ Arq. Juan Citroni (planta)\" data-rel=\"lightbox-gallery-1\"><img loading=\"lazy\" decoding=\"async\" width=\"150\" height=\"150\" src=\"https:\/\/www.arquimaster.com.ar\/web\/wp-content\/uploads\/2025\/04\/casa_foro_53-150x150.jpg\" class=\"attachment-thumbnail size-thumbnail\" alt=\"Casa Foro \/ Arq. Juan Citroni\" aria-describedby=\"gallery-1-84346\" \/><\/a>\n\t\t\t<\/div>\n\t\t\t\t<figcaption class='wp-caption-text gallery-caption' id='gallery-1-84346'>\n\t\t\t\tCasa Foro \/ Arq. Juan Citroni (planta)\n\t\t\t\t<\/figcaption><\/figure><figure class='gallery-item'>\n\t\t\t<div class='gallery-icon landscape'>\n\t\t\t\t<a href='https:\/\/www.arquimaster.com.ar\/web\/wp-content\/uploads\/2025\/04\/casa_foro_54.jpg' title=\"Casa Foro \/ Arq. Juan Citroni (corte)\" data-rl_title=\"Casa Foro \/ Arq. Juan Citroni (corte)\" class=\"rl-gallery-link\" data-rl_caption=\"Casa Foro \/ Arq. Juan Citroni (corte)\" data-rel=\"lightbox-gallery-1\"><img loading=\"lazy\" decoding=\"async\" width=\"150\" height=\"150\" src=\"https:\/\/www.arquimaster.com.ar\/web\/wp-content\/uploads\/2025\/04\/casa_foro_54-150x150.jpg\" class=\"attachment-thumbnail size-thumbnail\" alt=\"Casa Foro \/ Arq. Juan Citroni\" aria-describedby=\"gallery-1-84347\" \/><\/a>\n\t\t\t<\/div>\n\t\t\t\t<figcaption class='wp-caption-text gallery-caption' id='gallery-1-84347'>\n\t\t\t\tCasa Foro \/ Arq. Juan Citroni (corte)\n\t\t\t\t<\/figcaption><\/figure><figure class='gallery-item'>\n\t\t\t<div class='gallery-icon landscape'>\n\t\t\t\t<a href='https:\/\/www.arquimaster.com.ar\/web\/wp-content\/uploads\/2025\/04\/casa_foro_55.jpg' title=\"Casa Foro \/ Arq. Juan Citroni (corte)\" data-rl_title=\"Casa Foro \/ Arq. Juan Citroni (corte)\" class=\"rl-gallery-link\" data-rl_caption=\"Casa Foro \/ Arq. Juan Citroni (corte)\" data-rel=\"lightbox-gallery-1\"><img loading=\"lazy\" decoding=\"async\" width=\"150\" height=\"150\" src=\"https:\/\/www.arquimaster.com.ar\/web\/wp-content\/uploads\/2025\/04\/casa_foro_55-150x150.jpg\" class=\"attachment-thumbnail size-thumbnail\" alt=\"Casa Foro \/ Arq. Juan Citroni\" aria-describedby=\"gallery-1-84348\" \/><\/a>\n\t\t\t<\/div>\n\t\t\t\t<figcaption class='wp-caption-text gallery-caption' id='gallery-1-84348'>\n\t\t\t\tCasa Foro \/ Arq. Juan Citroni (corte)\n\t\t\t\t<\/figcaption><\/figure><figure class='gallery-item'>\n\t\t\t<div class='gallery-icon landscape'>\n\t\t\t\t<a href='https:\/\/www.arquimaster.com.ar\/web\/wp-content\/uploads\/2025\/04\/casa_foro_56.jpg' title=\"Casa Foro \/ Arq. Juan Citroni (vista)\" data-rl_title=\"Casa Foro \/ Arq. Juan Citroni (vista)\" class=\"rl-gallery-link\" data-rl_caption=\"Casa Foro \/ Arq. Juan Citroni (vista)\" data-rel=\"lightbox-gallery-1\"><img loading=\"lazy\" decoding=\"async\" width=\"150\" height=\"150\" src=\"https:\/\/www.arquimaster.com.ar\/web\/wp-content\/uploads\/2025\/04\/casa_foro_56-150x150.jpg\" class=\"attachment-thumbnail size-thumbnail\" alt=\"Casa Foro \/ Arq. Juan Citroni\" aria-describedby=\"gallery-1-84349\" \/><\/a>\n\t\t\t<\/div>\n\t\t\t\t<figcaption class='wp-caption-text gallery-caption' id='gallery-1-84349'>\n\t\t\t\tCasa Foro \/ Arq. Juan Citroni (vista)\n\t\t\t\t<\/figcaption><\/figure><figure class='gallery-item'>\n\t\t\t<div class='gallery-icon landscape'>\n\t\t\t\t<a href='https:\/\/www.arquimaster.com.ar\/web\/wp-content\/uploads\/2025\/04\/casa_foro_57.jpg' title=\"Casa Foro \/ Arq. Juan Citroni (vista)\" data-rl_title=\"Casa Foro \/ Arq. Juan Citroni (vista)\" class=\"rl-gallery-link\" data-rl_caption=\"Casa Foro \/ Arq. Juan Citroni (vista)\" data-rel=\"lightbox-gallery-1\"><img loading=\"lazy\" decoding=\"async\" width=\"150\" height=\"150\" src=\"https:\/\/www.arquimaster.com.ar\/web\/wp-content\/uploads\/2025\/04\/casa_foro_57-150x150.jpg\" class=\"attachment-thumbnail size-thumbnail\" alt=\"Casa Foro \/ Arq. Juan Citroni\" aria-describedby=\"gallery-1-84350\" \/><\/a>\n\t\t\t<\/div>\n\t\t\t\t<figcaption class='wp-caption-text gallery-caption' id='gallery-1-84350'>\n\t\t\t\tCasa Foro \/ Arq. Juan Citroni (vista)\n\t\t\t\t<\/figcaption><\/figure><figure class='gallery-item'>\n\t\t\t<div class='gallery-icon landscape'>\n\t\t\t\t<a href='https:\/\/www.arquimaster.com.ar\/web\/wp-content\/uploads\/2025\/04\/casa_foro_58.jpg' title=\"Casa Foro \/ Arq. Juan Citroni (vista)\" data-rl_title=\"Casa Foro \/ Arq. Juan Citroni (vista)\" class=\"rl-gallery-link\" data-rl_caption=\"Casa Foro \/ Arq. Juan Citroni (vista)\" data-rel=\"lightbox-gallery-1\"><img loading=\"lazy\" decoding=\"async\" width=\"150\" height=\"150\" src=\"https:\/\/www.arquimaster.com.ar\/web\/wp-content\/uploads\/2025\/04\/casa_foro_58-150x150.jpg\" class=\"attachment-thumbnail size-thumbnail\" alt=\"Casa Foro \/ Arq. Juan Citroni\" aria-describedby=\"gallery-1-84351\" \/><\/a>\n\t\t\t<\/div>\n\t\t\t\t<figcaption class='wp-caption-text gallery-caption' id='gallery-1-84351'>\n\t\t\t\tCasa Foro \/ Arq. Juan Citroni (vista)\n\t\t\t\t<\/figcaption><\/figure><figure class='gallery-item'>\n\t\t\t<div class='gallery-icon landscape'>\n\t\t\t\t<a href='https:\/\/www.arquimaster.com.ar\/web\/wp-content\/uploads\/2025\/04\/casa_foro_59.jpg' title=\"Casa Foro \/ Arq. Juan Citroni (vista)\" data-rl_title=\"Casa Foro \/ Arq. Juan Citroni (vista)\" class=\"rl-gallery-link\" data-rl_caption=\"Casa Foro \/ Arq. Juan Citroni (vista)\" data-rel=\"lightbox-gallery-1\"><img loading=\"lazy\" decoding=\"async\" width=\"150\" height=\"150\" src=\"https:\/\/www.arquimaster.com.ar\/web\/wp-content\/uploads\/2025\/04\/casa_foro_59-150x150.jpg\" class=\"attachment-thumbnail size-thumbnail\" alt=\"Casa Foro \/ Arq. Juan Citroni\" aria-describedby=\"gallery-1-84352\" \/><\/a>\n\t\t\t<\/div>\n\t\t\t\t<figcaption class='wp-caption-text gallery-caption' id='gallery-1-84352'>\n\t\t\t\tCasa Foro \/ Arq. Juan Citroni (vista)\n\t\t\t\t<\/figcaption><\/figure>\n\t\t<\/div>\n\n<p>En efecto, la vivienda se desarrolla en una \u00fanica planta que se articula volum\u00e9tricamente a partir de un patio interior que refleja la organizaci\u00f3n del programa, por el cual se accede a la misma. El patio toma la altura m\u00e1s baja de la cubierta, con el prop\u00f3sito de dar escala dom\u00e9stica hacia el interior y canalizar las aguas de lluvia a la manera de impluvium romano para luego ser reutilizadas.<\/p>\n<p>Reinterpretando el foro romano donde la plaza y el patio act\u00faan como puntos de encuentro social y familiar. El patio tambi\u00e9n es utilizado como recurso bioclim\u00e1tico, de asoleamiento y ventilaci\u00f3n, al mismo tiempo que conforma un \u00e1mbito protegido y al aire libre. En corte, se utiliza la l\u00ednea diagonal como recurso que junto a las superficies vidriadas u opacas resuelven las relaciones interior-exterior.<\/p>\n<p>La relaci\u00f3n coplanar de fachada y puerta se diluye mediante la desmaterializaci\u00f3n de la esquina, invitando a una serie de umbrales a traspasar hasta llegar al patio de acceso (atrio). En efecto, se establece un juego de inversi\u00f3n entre figura y fondo, es decir, lo que aparenta ser positivo se convierte en negativo y viceversa dependiendo la posici\u00f3n relativa del habitante. Donde la esquina se convierte en un lugar de la vivienda en relaci\u00f3n directa con la calle. Al mismo tiempo que act\u00faa como fuelle para otorgar mayor intimidad hacia el interior del programa.<\/p>\n<p>El \u00e1rea social integrada por el eje cocina-comedor-estar configuran un continuum calle-jard\u00edn articulados en sus extremos por el patio de acceso y la galer\u00eda. Por otra parte, el volumen de los dormitorios reconstruye el per\u00edmetro hacia el otro extremo. A su vez, la habitaci\u00f3n principal remata en un patio interior que lo resguarda y proporciona un lugar de mayor intimidad hacia el fondo del terreno.<\/p>\n<p>La estructura se resuelve con perfiles de chapa de acero galvanizado revestidos en chapa sinusoidal. En este sentido, se alternan las caras prepintadas color negro y su reverso color gris en relaci\u00f3n al concepto de fondo y figura que se plantea. En de virtud de aportar a la coherencia entre m\u00e9todo constructivo, espacialidad y lenguaje arquitect\u00f3nico, significante y significado.<\/p>\n<p>En conclusi\u00f3n, como hablamos de arquitectura, se construye un paisaje artificial en este caso impregnado de lenguaje con impronta industrial, donde muros y cubiertas forman parte de un sistema de pliegues que configuran la tect\u00f3nica.<\/p>\n<p>Parafraseando a Ittelson, \u00ab\u2026no se es sujeto de un entorno, se es participante. El entorno m\u00e1s que rodear, englute. Nadie puede ser identificado fuera de \u00e9l\u2026\u00bb.<\/p>\n\n\n<div style=\"height:20px\" aria-hidden=\"true\" class=\"wp-block-spacer\"><\/div>\n\n\n\n<p class=\"has-background\" style=\"background-color:#eaeaea\"><strong>Ficha t\u00e9cnica<\/strong><br>Nombre: Casa Foro<br>Ubicaci\u00f3n: Pilar, Pcia. de Buenos Aires, Argentina<br>Proyecto: Arq. Juan Citroni<br>Superfice total: 150 m2<br>Fotografia: Bruto Studio @brutostudio<br>Instagram: @juancitroni.arq<\/p>\n\n\n\n<div style=\"height:40px\" aria-hidden=\"true\" class=\"wp-block-spacer\"><\/div>\n\n\n\n<p><\/p>\n\n<div style=\"font-size: 0px; height: 0px; line-height: 0px; margin: 0; padding: 0; clear: both;\"><\/div><div style=\"margin-top: 0px; margin-bottom: 0px;\" class=\"sharethis-inline-share-buttons\" ><\/div>","protected":false},"excerpt":{"rendered":"<p>La casa se articula volum\u00e9tricamente a partir de un patio interior&#8230;<\/p>\n","protected":false},"author":1,"featured_media":84293,"comment_status":"closed","ping_status":"closed","sticky":false,"template":"","format":"standard","meta":{"_uag_custom_page_level_css":"","footnotes":""},"categories":[1,83],"tags":[14,4282,4853,16,7330,651,254],"class_list":["post-84292","post","type-post","status-publish","format-standard","has-post-thumbnail","hentry","category-proyecto","category-vivienda-unifamiliar","tag-argentina","tag-arquitectura-residencial","tag-barrio-cerrado","tag-buenos-aires","tag-juan-citroni","tag-pilar","tag-vivienda-unifamiliar-2","generate-columns","tablet-grid-50","mobile-grid-100","grid-parent","grid-50"],"yoast_head":"<!-- This site is optimized with the Yoast SEO plugin v27.3 - https:\/\/yoast.com\/product\/yoast-seo-wordpress\/ -->\n<title>Casa Foro \/ Arq. Juan Citroni - Arquimaster<\/title>\n<meta name=\"description\" content=\"La casa se articula volum\u00e9tricamente a partir de un patio interior que refleja la organizaci\u00f3n del programa, por el cual se accede a la misma.\" \/>\n<meta name=\"robots\" content=\"index, follow, max-snippet:-1, max-image-preview:large, max-video-preview:-1\" \/>\n<link rel=\"canonical\" href=\"https:\/\/www.arquimaster.com.ar\/web\/casa-foro-arq-juan-citroni\/\" \/>\n<meta property=\"og:locale\" content=\"es_ES\" \/>\n<meta property=\"og:type\" content=\"article\" \/>\n<meta property=\"og:title\" content=\"Casa Foro \/ Arq. Juan Citroni\" \/>\n<meta property=\"og:description\" content=\"La casa se articula volum\u00e9tricamente a partir de un patio interior que refleja la organizaci\u00f3n del programa, por el cual se accede a la misma.\" \/>\n<meta property=\"og:url\" content=\"https:\/\/www.arquimaster.com.ar\/web\/casa-foro-arq-juan-citroni\/\" \/>\n<meta property=\"og:site_name\" content=\"Arquimaster\" \/>\n<meta property=\"article:publisher\" content=\"http:\/\/www.facebook.com\/ARQUIMASTER.com.ar\" \/>\n<meta property=\"article:published_time\" content=\"2025-04-23T20:25:31+00:00\" \/>\n<meta property=\"article:modified_time\" content=\"2025-07-23T18:30:06+00:00\" \/>\n<meta property=\"og:image\" content=\"https:\/\/www.arquimaster.com.ar\/web\/wp-content\/uploads\/2025\/04\/casa_foro_slide.jpg\" \/>\n\t<meta property=\"og:image:width\" content=\"698\" \/>\n\t<meta property=\"og:image:height\" content=\"364\" \/>\n\t<meta property=\"og:image:type\" content=\"image\/jpeg\" \/>\n<meta name=\"author\" content=\"Arquimaster\" \/>\n<meta name=\"twitter:card\" content=\"summary_large_image\" \/>\n<meta name=\"twitter:title\" content=\"Casa Foro \/ Arq. Juan Citroni\" \/>\n<meta name=\"twitter:description\" content=\"La casa se articula volum\u00e9tricamente a partir de un patio interior que refleja la organizaci\u00f3n del programa, por el cual se accede a la misma.\" \/>\n<meta name=\"twitter:image\" content=\"https:\/\/www.arquimaster.com.ar\/web\/wp-content\/uploads\/2025\/04\/casa_foro_slide.jpg\" \/>\n<meta name=\"twitter:creator\" content=\"@arquimaster\" \/>\n<meta name=\"twitter:site\" content=\"@arquimaster\" \/>\n<meta name=\"twitter:label1\" content=\"Escrito por\" \/>\n\t<meta name=\"twitter:data1\" content=\"Arquimaster\" \/>\n\t<meta name=\"twitter:label2\" content=\"Tiempo de lectura\" \/>\n\t<meta name=\"twitter:data2\" content=\"3 minutos\" \/>\n<script type=\"application\/ld+json\" class=\"yoast-schema-graph\">{\"@context\":\"https:\\\/\\\/schema.org\",\"@graph\":[{\"@type\":\"Article\",\"@id\":\"https:\\\/\\\/www.arquimaster.com.ar\\\/web\\\/casa-foro-arq-juan-citroni\\\/#article\",\"isPartOf\":{\"@id\":\"https:\\\/\\\/www.arquimaster.com.ar\\\/web\\\/casa-foro-arq-juan-citroni\\\/\"},\"author\":{\"name\":\"Arquimaster\",\"@id\":\"https:\\\/\\\/www.arquimaster.com.ar\\\/web\\\/#\\\/schema\\\/person\\\/359e9f7c00193fcde068e0dd2ceb0028\"},\"headline\":\"Casa Foro \\\/ Arq. Juan Citroni\",\"datePublished\":\"2025-04-23T20:25:31+00:00\",\"dateModified\":\"2025-07-23T18:30:06+00:00\",\"mainEntityOfPage\":{\"@id\":\"https:\\\/\\\/www.arquimaster.com.ar\\\/web\\\/casa-foro-arq-juan-citroni\\\/\"},\"wordCount\":546,\"publisher\":{\"@id\":\"https:\\\/\\\/www.arquimaster.com.ar\\\/web\\\/#organization\"},\"image\":{\"@id\":\"https:\\\/\\\/www.arquimaster.com.ar\\\/web\\\/casa-foro-arq-juan-citroni\\\/#primaryimage\"},\"thumbnailUrl\":\"https:\\\/\\\/www.arquimaster.com.ar\\\/web\\\/wp-content\\\/uploads\\\/2025\\\/04\\\/casa_foro_slide.jpg\",\"keywords\":[\"Argentina\",\"arquitectura residencial\",\"barrio cerrado\",\"Buenos Aires\",\"Juan Citroni\",\"Pilar\",\"vivienda unifamiliar\"],\"articleSection\":[\"Proyecto\",\"Vivienda unifamiliar y PH\"],\"inLanguage\":\"es\"},{\"@type\":\"WebPage\",\"@id\":\"https:\\\/\\\/www.arquimaster.com.ar\\\/web\\\/casa-foro-arq-juan-citroni\\\/\",\"url\":\"https:\\\/\\\/www.arquimaster.com.ar\\\/web\\\/casa-foro-arq-juan-citroni\\\/\",\"name\":\"Casa Foro \\\/ Arq. Juan Citroni - Arquimaster\",\"isPartOf\":{\"@id\":\"https:\\\/\\\/www.arquimaster.com.ar\\\/web\\\/#website\"},\"primaryImageOfPage\":{\"@id\":\"https:\\\/\\\/www.arquimaster.com.ar\\\/web\\\/casa-foro-arq-juan-citroni\\\/#primaryimage\"},\"image\":{\"@id\":\"https:\\\/\\\/www.arquimaster.com.ar\\\/web\\\/casa-foro-arq-juan-citroni\\\/#primaryimage\"},\"thumbnailUrl\":\"https:\\\/\\\/www.arquimaster.com.ar\\\/web\\\/wp-content\\\/uploads\\\/2025\\\/04\\\/casa_foro_slide.jpg\",\"datePublished\":\"2025-04-23T20:25:31+00:00\",\"dateModified\":\"2025-07-23T18:30:06+00:00\",\"description\":\"La casa se articula volum\u00e9tricamente a partir de un patio interior que refleja la organizaci\u00f3n del programa, por el cual se accede a la misma.\",\"breadcrumb\":{\"@id\":\"https:\\\/\\\/www.arquimaster.com.ar\\\/web\\\/casa-foro-arq-juan-citroni\\\/#breadcrumb\"},\"inLanguage\":\"es\",\"potentialAction\":[{\"@type\":\"ReadAction\",\"target\":[\"https:\\\/\\\/www.arquimaster.com.ar\\\/web\\\/casa-foro-arq-juan-citroni\\\/\"]}]},{\"@type\":\"ImageObject\",\"inLanguage\":\"es\",\"@id\":\"https:\\\/\\\/www.arquimaster.com.ar\\\/web\\\/casa-foro-arq-juan-citroni\\\/#primaryimage\",\"url\":\"https:\\\/\\\/www.arquimaster.com.ar\\\/web\\\/wp-content\\\/uploads\\\/2025\\\/04\\\/casa_foro_slide.jpg\",\"contentUrl\":\"https:\\\/\\\/www.arquimaster.com.ar\\\/web\\\/wp-content\\\/uploads\\\/2025\\\/04\\\/casa_foro_slide.jpg\",\"width\":698,\"height\":364,\"caption\":\"Casa Foro \\\/ Arq. Juan Citroni\"},{\"@type\":\"BreadcrumbList\",\"@id\":\"https:\\\/\\\/www.arquimaster.com.ar\\\/web\\\/casa-foro-arq-juan-citroni\\\/#breadcrumb\",\"itemListElement\":[{\"@type\":\"ListItem\",\"position\":1,\"name\":\"Portada\",\"item\":\"https:\\\/\\\/www.arquimaster.com.ar\\\/web\\\/\"},{\"@type\":\"ListItem\",\"position\":2,\"name\":\"Casa Foro \\\/ Arq. Juan Citroni\"}]},{\"@type\":\"WebSite\",\"@id\":\"https:\\\/\\\/www.arquimaster.com.ar\\\/web\\\/#website\",\"url\":\"https:\\\/\\\/www.arquimaster.com.ar\\\/web\\\/\",\"name\":\"Arquimaster\",\"description\":\"Web de arquitectura, dise\u00f1o y construccion\",\"publisher\":{\"@id\":\"https:\\\/\\\/www.arquimaster.com.ar\\\/web\\\/#organization\"},\"potentialAction\":[{\"@type\":\"SearchAction\",\"target\":{\"@type\":\"EntryPoint\",\"urlTemplate\":\"https:\\\/\\\/www.arquimaster.com.ar\\\/web\\\/?s={search_term_string}\"},\"query-input\":{\"@type\":\"PropertyValueSpecification\",\"valueRequired\":true,\"valueName\":\"search_term_string\"}}],\"inLanguage\":\"es\"},{\"@type\":\"Organization\",\"@id\":\"https:\\\/\\\/www.arquimaster.com.ar\\\/web\\\/#organization\",\"name\":\"Arquimaster\",\"url\":\"https:\\\/\\\/www.arquimaster.com.ar\\\/web\\\/\",\"logo\":{\"@type\":\"ImageObject\",\"inLanguage\":\"es\",\"@id\":\"https:\\\/\\\/www.arquimaster.com.ar\\\/web\\\/#\\\/schema\\\/logo\\\/image\\\/\",\"url\":\"https:\\\/\\\/www.arquimaster.com.ar\\\/web\\\/wp-content\\\/uploads\\\/2022\\\/06\\\/arquimaster.png\",\"contentUrl\":\"https:\\\/\\\/www.arquimaster.com.ar\\\/web\\\/wp-content\\\/uploads\\\/2022\\\/06\\\/arquimaster.png\",\"width\":594,\"height\":78,\"caption\":\"Arquimaster\"},\"image\":{\"@id\":\"https:\\\/\\\/www.arquimaster.com.ar\\\/web\\\/#\\\/schema\\\/logo\\\/image\\\/\"},\"sameAs\":[\"http:\\\/\\\/www.facebook.com\\\/ARQUIMASTER.com.ar\",\"https:\\\/\\\/x.com\\\/arquimaster\",\"https:\\\/\\\/www.instagram.com\\\/arquimasterblog\\\/\",\"https:\\\/\\\/www.linkedin.com\\\/company\\\/arquimaster\",\"https:\\\/\\\/www.pinterest.com\\\/arquimaster\",\"https:\\\/\\\/t.me\\\/arquimaster\"]},{\"@type\":\"Person\",\"@id\":\"https:\\\/\\\/www.arquimaster.com.ar\\\/web\\\/#\\\/schema\\\/person\\\/359e9f7c00193fcde068e0dd2ceb0028\",\"name\":\"Arquimaster\"}]}<\/script>\n<!-- \/ Yoast SEO plugin. -->","yoast_head_json":{"title":"Casa Foro \/ Arq. Juan Citroni - Arquimaster","description":"La casa se articula volum\u00e9tricamente a partir de un patio interior que refleja la organizaci\u00f3n del programa, por el cual se accede a la misma.","robots":{"index":"index","follow":"follow","max-snippet":"max-snippet:-1","max-image-preview":"max-image-preview:large","max-video-preview":"max-video-preview:-1"},"canonical":"https:\/\/www.arquimaster.com.ar\/web\/casa-foro-arq-juan-citroni\/","og_locale":"es_ES","og_type":"article","og_title":"Casa Foro \/ Arq. Juan Citroni","og_description":"La casa se articula volum\u00e9tricamente a partir de un patio interior que refleja la organizaci\u00f3n del programa, por el cual se accede a la misma.","og_url":"https:\/\/www.arquimaster.com.ar\/web\/casa-foro-arq-juan-citroni\/","og_site_name":"Arquimaster","article_publisher":"http:\/\/www.facebook.com\/ARQUIMASTER.com.ar","article_published_time":"2025-04-23T20:25:31+00:00","article_modified_time":"2025-07-23T18:30:06+00:00","og_image":[{"width":698,"height":364,"url":"https:\/\/www.arquimaster.com.ar\/web\/wp-content\/uploads\/2025\/04\/casa_foro_slide.jpg","type":"image\/jpeg"}],"author":"Arquimaster","twitter_card":"summary_large_image","twitter_title":"Casa Foro \/ Arq. Juan Citroni","twitter_description":"La casa se articula volum\u00e9tricamente a partir de un patio interior que refleja la organizaci\u00f3n del programa, por el cual se accede a la misma.","twitter_image":"https:\/\/www.arquimaster.com.ar\/web\/wp-content\/uploads\/2025\/04\/casa_foro_slide.jpg","twitter_creator":"@arquimaster","twitter_site":"@arquimaster","twitter_misc":{"Escrito por":"Arquimaster","Tiempo de lectura":"3 minutos"},"schema":{"@context":"https:\/\/schema.org","@graph":[{"@type":"Article","@id":"https:\/\/www.arquimaster.com.ar\/web\/casa-foro-arq-juan-citroni\/#article","isPartOf":{"@id":"https:\/\/www.arquimaster.com.ar\/web\/casa-foro-arq-juan-citroni\/"},"author":{"name":"Arquimaster","@id":"https:\/\/www.arquimaster.com.ar\/web\/#\/schema\/person\/359e9f7c00193fcde068e0dd2ceb0028"},"headline":"Casa Foro \/ Arq. Juan Citroni","datePublished":"2025-04-23T20:25:31+00:00","dateModified":"2025-07-23T18:30:06+00:00","mainEntityOfPage":{"@id":"https:\/\/www.arquimaster.com.ar\/web\/casa-foro-arq-juan-citroni\/"},"wordCount":546,"publisher":{"@id":"https:\/\/www.arquimaster.com.ar\/web\/#organization"},"image":{"@id":"https:\/\/www.arquimaster.com.ar\/web\/casa-foro-arq-juan-citroni\/#primaryimage"},"thumbnailUrl":"https:\/\/www.arquimaster.com.ar\/web\/wp-content\/uploads\/2025\/04\/casa_foro_slide.jpg","keywords":["Argentina","arquitectura residencial","barrio cerrado","Buenos Aires","Juan Citroni","Pilar","vivienda unifamiliar"],"articleSection":["Proyecto","Vivienda unifamiliar y PH"],"inLanguage":"es"},{"@type":"WebPage","@id":"https:\/\/www.arquimaster.com.ar\/web\/casa-foro-arq-juan-citroni\/","url":"https:\/\/www.arquimaster.com.ar\/web\/casa-foro-arq-juan-citroni\/","name":"Casa Foro \/ Arq. Juan Citroni - Arquimaster","isPartOf":{"@id":"https:\/\/www.arquimaster.com.ar\/web\/#website"},"primaryImageOfPage":{"@id":"https:\/\/www.arquimaster.com.ar\/web\/casa-foro-arq-juan-citroni\/#primaryimage"},"image":{"@id":"https:\/\/www.arquimaster.com.ar\/web\/casa-foro-arq-juan-citroni\/#primaryimage"},"thumbnailUrl":"https:\/\/www.arquimaster.com.ar\/web\/wp-content\/uploads\/2025\/04\/casa_foro_slide.jpg","datePublished":"2025-04-23T20:25:31+00:00","dateModified":"2025-07-23T18:30:06+00:00","description":"La casa se articula volum\u00e9tricamente a partir de un patio interior que refleja la organizaci\u00f3n del programa, por el cual se accede a la misma.","breadcrumb":{"@id":"https:\/\/www.arquimaster.com.ar\/web\/casa-foro-arq-juan-citroni\/#breadcrumb"},"inLanguage":"es","potentialAction":[{"@type":"ReadAction","target":["https:\/\/www.arquimaster.com.ar\/web\/casa-foro-arq-juan-citroni\/"]}]},{"@type":"ImageObject","inLanguage":"es","@id":"https:\/\/www.arquimaster.com.ar\/web\/casa-foro-arq-juan-citroni\/#primaryimage","url":"https:\/\/www.arquimaster.com.ar\/web\/wp-content\/uploads\/2025\/04\/casa_foro_slide.jpg","contentUrl":"https:\/\/www.arquimaster.com.ar\/web\/wp-content\/uploads\/2025\/04\/casa_foro_slide.jpg","width":698,"height":364,"caption":"Casa Foro \/ Arq. Juan Citroni"},{"@type":"BreadcrumbList","@id":"https:\/\/www.arquimaster.com.ar\/web\/casa-foro-arq-juan-citroni\/#breadcrumb","itemListElement":[{"@type":"ListItem","position":1,"name":"Portada","item":"https:\/\/www.arquimaster.com.ar\/web\/"},{"@type":"ListItem","position":2,"name":"Casa Foro \/ Arq. Juan Citroni"}]},{"@type":"WebSite","@id":"https:\/\/www.arquimaster.com.ar\/web\/#website","url":"https:\/\/www.arquimaster.com.ar\/web\/","name":"Arquimaster","description":"Web de arquitectura, dise\u00f1o y construccion","publisher":{"@id":"https:\/\/www.arquimaster.com.ar\/web\/#organization"},"potentialAction":[{"@type":"SearchAction","target":{"@type":"EntryPoint","urlTemplate":"https:\/\/www.arquimaster.com.ar\/web\/?s={search_term_string}"},"query-input":{"@type":"PropertyValueSpecification","valueRequired":true,"valueName":"search_term_string"}}],"inLanguage":"es"},{"@type":"Organization","@id":"https:\/\/www.arquimaster.com.ar\/web\/#organization","name":"Arquimaster","url":"https:\/\/www.arquimaster.com.ar\/web\/","logo":{"@type":"ImageObject","inLanguage":"es","@id":"https:\/\/www.arquimaster.com.ar\/web\/#\/schema\/logo\/image\/","url":"https:\/\/www.arquimaster.com.ar\/web\/wp-content\/uploads\/2022\/06\/arquimaster.png","contentUrl":"https:\/\/www.arquimaster.com.ar\/web\/wp-content\/uploads\/2022\/06\/arquimaster.png","width":594,"height":78,"caption":"Arquimaster"},"image":{"@id":"https:\/\/www.arquimaster.com.ar\/web\/#\/schema\/logo\/image\/"},"sameAs":["http:\/\/www.facebook.com\/ARQUIMASTER.com.ar","https:\/\/x.com\/arquimaster","https:\/\/www.instagram.com\/arquimasterblog\/","https:\/\/www.linkedin.com\/company\/arquimaster","https:\/\/www.pinterest.com\/arquimaster","https:\/\/t.me\/arquimaster"]},{"@type":"Person","@id":"https:\/\/www.arquimaster.com.ar\/web\/#\/schema\/person\/359e9f7c00193fcde068e0dd2ceb0028","name":"Arquimaster"}]}},"uagb_featured_image_src":{"full":["https:\/\/www.arquimaster.com.ar\/web\/wp-content\/uploads\/2025\/04\/casa_foro_slide.jpg",698,364,false],"thumbnail":["https:\/\/www.arquimaster.com.ar\/web\/wp-content\/uploads\/2025\/04\/casa_foro_slide-150x150.jpg",150,150,true],"medium":["https:\/\/www.arquimaster.com.ar\/web\/wp-content\/uploads\/2025\/04\/casa_foro_slide.jpg",698,364,false],"medium_large":["https:\/\/www.arquimaster.com.ar\/web\/wp-content\/uploads\/2025\/04\/casa_foro_slide.jpg",698,364,false],"large":["https:\/\/www.arquimaster.com.ar\/web\/wp-content\/uploads\/2025\/04\/casa_foro_slide.jpg",698,364,false],"1536x1536":["https:\/\/www.arquimaster.com.ar\/web\/wp-content\/uploads\/2025\/04\/casa_foro_slide.jpg",698,364,false],"2048x2048":["https:\/\/www.arquimaster.com.ar\/web\/wp-content\/uploads\/2025\/04\/casa_foro_slide.jpg",698,364,false]},"uagb_author_info":{"display_name":"Arquimaster","author_link":"https:\/\/www.arquimaster.com.ar\/web\/author\/arquimaster\/"},"uagb_comment_info":0,"uagb_excerpt":"La casa se articula volum\u00e9tricamente a partir de un patio interior...","_links":{"self":[{"href":"https:\/\/www.arquimaster.com.ar\/web\/wp-json\/wp\/v2\/posts\/84292","targetHints":{"allow":["GET"]}}],"collection":[{"href":"https:\/\/www.arquimaster.com.ar\/web\/wp-json\/wp\/v2\/posts"}],"about":[{"href":"https:\/\/www.arquimaster.com.ar\/web\/wp-json\/wp\/v2\/types\/post"}],"author":[{"embeddable":true,"href":"https:\/\/www.arquimaster.com.ar\/web\/wp-json\/wp\/v2\/users\/1"}],"replies":[{"embeddable":true,"href":"https:\/\/www.arquimaster.com.ar\/web\/wp-json\/wp\/v2\/comments?post=84292"}],"version-history":[{"count":2,"href":"https:\/\/www.arquimaster.com.ar\/web\/wp-json\/wp\/v2\/posts\/84292\/revisions"}],"predecessor-version":[{"id":84987,"href":"https:\/\/www.arquimaster.com.ar\/web\/wp-json\/wp\/v2\/posts\/84292\/revisions\/84987"}],"wp:featuredmedia":[{"embeddable":true,"href":"https:\/\/www.arquimaster.com.ar\/web\/wp-json\/wp\/v2\/media\/84293"}],"wp:attachment":[{"href":"https:\/\/www.arquimaster.com.ar\/web\/wp-json\/wp\/v2\/media?parent=84292"}],"wp:term":[{"taxonomy":"category","embeddable":true,"href":"https:\/\/www.arquimaster.com.ar\/web\/wp-json\/wp\/v2\/categories?post=84292"},{"taxonomy":"post_tag","embeddable":true,"href":"https:\/\/www.arquimaster.com.ar\/web\/wp-json\/wp\/v2\/tags?post=84292"}],"curies":[{"name":"wp","href":"https:\/\/api.w.org\/{rel}","templated":true}]}}