{"id":84355,"date":"2025-04-23T17:42:35","date_gmt":"2025-04-23T20:42:35","guid":{"rendered":"https:\/\/www.arquimaster.com.ar\/web\/?p=84355"},"modified":"2025-07-23T15:29:44","modified_gmt":"2025-07-23T18:29:44","slug":"edificio-aurora-10-tiago-do-vale-arquitectos","status":"publish","type":"post","link":"https:\/\/www.arquimaster.com.ar\/web\/edificio-aurora-10-tiago-do-vale-arquitectos\/","title":{"rendered":"Edificio Aurora 10 \/ Tiago do Vale Arquitectos"},"content":{"rendered":"<div style=\"margin-top: 0px; margin-bottom: 0px;\" class=\"sharethis-inline-share-buttons\" ><\/div><div class=\"b812932af2e751442846f039925109de\" data-index=\"1\" style=\"float: none; margin:25px 0 25px 0; text-align:center;\">\n<script async src=\"https:\/\/pagead2.googlesyndication.com\/pagead\/js\/adsbygoogle.js\"><\/script>\r\n<!-- Arquimaster (superior) -->\r\n<ins class=\"adsbygoogle\"\r\n     style=\"display:block\"\r\n     data-ad-client=\"ca-pub-6351072698456832\"\r\n     data-ad-slot=\"6455489680\"\r\n     data-ad-format=\"auto\"\r\n     data-full-width-responsive=\"true\"><\/ins>\r\n<script>\r\n     (adsbygoogle = window.adsbygoogle || []).push({});\r\n<\/script>\n<\/div>\n<p><strong>Edificio Aurora 10<\/strong> (Ponte de Lima, Portugal) por <strong>Tiago do Vale Arquitectos<\/strong>. Dise\u00f1ar en urbanizaciones suburbanas es, en general, un desaf\u00edo urban\u00edstico de considerable envergadura: su trazado rara vez surge de intenciones estrat\u00e9gicas globales para la ciudad, lo que limita su capacidad para consolidar sus caracter\u00edsticas identitarias y urban\u00edsticas o para valorarlas, tanto en su rendimiento urbano como en la calidad de vida que proporcionan.<\/p>\n<div id='gallery-1' class='gallery galleryid-84355 gallery-columns-3 gallery-size-thumbnail'><figure class='gallery-item'>\n\t\t\t<div class='gallery-icon portrait'>\n\t\t\t\t<a href='https:\/\/www.arquimaster.com.ar\/web\/wp-content\/uploads\/2025\/04\/edificio_aurora_10_1.jpg' title=\"Edificio Aurora 10 \/ Tiago do Vale Arquitectos (\u00a9 Jo\u00e3o Morgado)\" data-rl_title=\"Edificio Aurora 10 \/ Tiago do Vale Arquitectos (\u00a9 Jo\u00e3o Morgado)\" class=\"rl-gallery-link\" data-rl_caption=\"Edificio Aurora 10 \/ Tiago do Vale Arquitectos (\u00a9 Jo\u00e3o Morgado)\" data-rel=\"lightbox-gallery-1\"><img loading=\"lazy\" decoding=\"async\" width=\"150\" height=\"150\" src=\"https:\/\/www.arquimaster.com.ar\/web\/wp-content\/uploads\/2025\/04\/edificio_aurora_10_1-150x150.jpg\" class=\"attachment-thumbnail size-thumbnail\" alt=\"Edificio Aurora 10 \/ Tiago do Vale Arquitectos\" aria-describedby=\"gallery-1-84357\" \/><\/a>\n\t\t\t<\/div>\n\t\t\t\t<figcaption class='wp-caption-text gallery-caption' id='gallery-1-84357'>\n\t\t\t\tEdificio Aurora 10 \/ Tiago do Vale Arquitectos (\u00a9 Jo\u00e3o Morgado)\n\t\t\t\t<\/figcaption><\/figure><figure class='gallery-item'>\n\t\t\t<div class='gallery-icon landscape'>\n\t\t\t\t<a href='https:\/\/www.arquimaster.com.ar\/web\/wp-content\/uploads\/2025\/04\/edificio_aurora_10_2.jpg' title=\"Edificio Aurora 10 \/ Tiago do Vale Arquitectos (\u00a9 Jo\u00e3o Morgado)\" data-rl_title=\"Edificio Aurora 10 \/ Tiago do Vale Arquitectos (\u00a9 Jo\u00e3o Morgado)\" class=\"rl-gallery-link\" data-rl_caption=\"Edificio Aurora 10 \/ Tiago do Vale Arquitectos (\u00a9 Jo\u00e3o Morgado)\" data-rel=\"lightbox-gallery-1\"><img loading=\"lazy\" decoding=\"async\" width=\"150\" height=\"150\" src=\"https:\/\/www.arquimaster.com.ar\/web\/wp-content\/uploads\/2025\/04\/edificio_aurora_10_2-150x150.jpg\" class=\"attachment-thumbnail size-thumbnail\" alt=\"Edificio Aurora 10 \/ Tiago do Vale Arquitectos\" aria-describedby=\"gallery-1-84358\" srcset=\"https:\/\/www.arquimaster.com.ar\/web\/wp-content\/uploads\/2025\/04\/edificio_aurora_10_2-150x150.jpg 150w, https:\/\/www.arquimaster.com.ar\/web\/wp-content\/uploads\/2025\/04\/edificio_aurora_10_2-768x768.jpg 768w, https:\/\/www.arquimaster.com.ar\/web\/wp-content\/uploads\/2025\/04\/edificio_aurora_10_2.jpg 1500w\" sizes=\"auto, (max-width: 150px) 100vw, 150px\" \/><\/a>\n\t\t\t<\/div>\n\t\t\t\t<figcaption class='wp-caption-text gallery-caption' id='gallery-1-84358'>\n\t\t\t\tEdificio Aurora 10 \/ Tiago do Vale Arquitectos (\u00a9 Jo\u00e3o Morgado)\n\t\t\t\t<\/figcaption><\/figure><figure class='gallery-item'>\n\t\t\t<div class='gallery-icon portrait'>\n\t\t\t\t<a href='https:\/\/www.arquimaster.com.ar\/web\/wp-content\/uploads\/2025\/04\/edificio_aurora_10_3.jpg' title=\"Edificio Aurora 10 \/ Tiago do Vale Arquitectos (\u00a9 Jo\u00e3o Morgado)\" data-rl_title=\"Edificio Aurora 10 \/ Tiago do Vale Arquitectos (\u00a9 Jo\u00e3o Morgado)\" class=\"rl-gallery-link\" data-rl_caption=\"Edificio Aurora 10 \/ Tiago do Vale Arquitectos (\u00a9 Jo\u00e3o Morgado)\" data-rel=\"lightbox-gallery-1\"><img loading=\"lazy\" decoding=\"async\" width=\"150\" height=\"150\" src=\"https:\/\/www.arquimaster.com.ar\/web\/wp-content\/uploads\/2025\/04\/edificio_aurora_10_3-150x150.jpg\" class=\"attachment-thumbnail size-thumbnail\" alt=\"Edificio Aurora 10 \/ Tiago do Vale Arquitectos\" aria-describedby=\"gallery-1-84359\" \/><\/a>\n\t\t\t<\/div>\n\t\t\t\t<figcaption class='wp-caption-text gallery-caption' id='gallery-1-84359'>\n\t\t\t\tEdificio Aurora 10 \/ Tiago do Vale Arquitectos (\u00a9 Jo\u00e3o Morgado)\n\t\t\t\t<\/figcaption><\/figure><figure class='gallery-item'>\n\t\t\t<div class='gallery-icon portrait'>\n\t\t\t\t<a href='https:\/\/www.arquimaster.com.ar\/web\/wp-content\/uploads\/2025\/04\/edificio_aurora_10_4.jpg' title=\"Edificio Aurora 10 \/ Tiago do Vale Arquitectos (\u00a9 Jo\u00e3o Morgado)\" data-rl_title=\"Edificio Aurora 10 \/ Tiago do Vale Arquitectos (\u00a9 Jo\u00e3o Morgado)\" class=\"rl-gallery-link\" data-rl_caption=\"Edificio Aurora 10 \/ Tiago do Vale Arquitectos (\u00a9 Jo\u00e3o Morgado)\" data-rel=\"lightbox-gallery-1\"><img loading=\"lazy\" decoding=\"async\" width=\"150\" height=\"150\" src=\"https:\/\/www.arquimaster.com.ar\/web\/wp-content\/uploads\/2025\/04\/edificio_aurora_10_4-150x150.jpg\" class=\"attachment-thumbnail size-thumbnail\" alt=\"Edificio Aurora 10 \/ Tiago do Vale Arquitectos\" aria-describedby=\"gallery-1-84360\" \/><\/a>\n\t\t\t<\/div>\n\t\t\t\t<figcaption class='wp-caption-text gallery-caption' id='gallery-1-84360'>\n\t\t\t\tEdificio Aurora 10 \/ Tiago do Vale Arquitectos (\u00a9 Jo\u00e3o Morgado)\n\t\t\t\t<\/figcaption><\/figure><figure class='gallery-item'>\n\t\t\t<div class='gallery-icon landscape'>\n\t\t\t\t<a href='https:\/\/www.arquimaster.com.ar\/web\/wp-content\/uploads\/2025\/04\/edificio_aurora_10_5.jpg' title=\"Edificio Aurora 10 \/ Tiago do Vale Arquitectos (\u00a9 Jo\u00e3o Morgado)\" data-rl_title=\"Edificio Aurora 10 \/ Tiago do Vale Arquitectos (\u00a9 Jo\u00e3o Morgado)\" class=\"rl-gallery-link\" data-rl_caption=\"Edificio Aurora 10 \/ Tiago do Vale Arquitectos (\u00a9 Jo\u00e3o Morgado)\" data-rel=\"lightbox-gallery-1\"><img loading=\"lazy\" decoding=\"async\" width=\"150\" height=\"150\" src=\"https:\/\/www.arquimaster.com.ar\/web\/wp-content\/uploads\/2025\/04\/edificio_aurora_10_5-150x150.jpg\" class=\"attachment-thumbnail size-thumbnail\" alt=\"Edificio Aurora 10 \/ Tiago do Vale Arquitectos\" aria-describedby=\"gallery-1-84361\" \/><\/a>\n\t\t\t<\/div>\n\t\t\t\t<figcaption class='wp-caption-text gallery-caption' id='gallery-1-84361'>\n\t\t\t\tEdificio Aurora 10 \/ Tiago do Vale Arquitectos (\u00a9 Jo\u00e3o Morgado)\n\t\t\t\t<\/figcaption><\/figure><figure class='gallery-item'>\n\t\t\t<div class='gallery-icon landscape'>\n\t\t\t\t<a href='https:\/\/www.arquimaster.com.ar\/web\/wp-content\/uploads\/2025\/04\/edificio_aurora_10_6.jpg' title=\"Edificio Aurora 10 \/ Tiago do Vale Arquitectos (\u00a9 Jo\u00e3o Morgado)\" data-rl_title=\"Edificio Aurora 10 \/ Tiago do Vale Arquitectos (\u00a9 Jo\u00e3o Morgado)\" class=\"rl-gallery-link\" data-rl_caption=\"Edificio Aurora 10 \/ Tiago do Vale Arquitectos (\u00a9 Jo\u00e3o Morgado)\" data-rel=\"lightbox-gallery-1\"><img loading=\"lazy\" decoding=\"async\" width=\"150\" height=\"150\" src=\"https:\/\/www.arquimaster.com.ar\/web\/wp-content\/uploads\/2025\/04\/edificio_aurora_10_6-150x150.jpg\" class=\"attachment-thumbnail size-thumbnail\" alt=\"Edificio Aurora 10 \/ Tiago do Vale Arquitectos\" aria-describedby=\"gallery-1-84362\" \/><\/a>\n\t\t\t<\/div>\n\t\t\t\t<figcaption class='wp-caption-text gallery-caption' id='gallery-1-84362'>\n\t\t\t\tEdificio Aurora 10 \/ Tiago do Vale Arquitectos (\u00a9 Jo\u00e3o Morgado)\n\t\t\t\t<\/figcaption><\/figure><figure class='gallery-item'>\n\t\t\t<div class='gallery-icon landscape'>\n\t\t\t\t<a href='https:\/\/www.arquimaster.com.ar\/web\/wp-content\/uploads\/2025\/04\/edificio_aurora_10_7.jpg' title=\"Edificio Aurora 10 \/ Tiago do Vale Arquitectos (\u00a9 Jo\u00e3o Morgado)\" data-rl_title=\"Edificio Aurora 10 \/ Tiago do Vale Arquitectos (\u00a9 Jo\u00e3o Morgado)\" class=\"rl-gallery-link\" data-rl_caption=\"Edificio Aurora 10 \/ Tiago do Vale Arquitectos (\u00a9 Jo\u00e3o Morgado)\" data-rel=\"lightbox-gallery-1\"><img loading=\"lazy\" decoding=\"async\" width=\"150\" height=\"150\" src=\"https:\/\/www.arquimaster.com.ar\/web\/wp-content\/uploads\/2025\/04\/edificio_aurora_10_7-150x150.jpg\" class=\"attachment-thumbnail size-thumbnail\" alt=\"Edificio Aurora 10 \/ Tiago do Vale Arquitectos\" aria-describedby=\"gallery-1-84363\" \/><\/a>\n\t\t\t<\/div>\n\t\t\t\t<figcaption class='wp-caption-text gallery-caption' id='gallery-1-84363'>\n\t\t\t\tEdificio Aurora 10 \/ Tiago do Vale Arquitectos (\u00a9 Jo\u00e3o Morgado)\n\t\t\t\t<\/figcaption><\/figure><figure class='gallery-item'>\n\t\t\t<div class='gallery-icon landscape'>\n\t\t\t\t<a href='https:\/\/www.arquimaster.com.ar\/web\/wp-content\/uploads\/2025\/04\/edificio_aurora_10_8.jpg' title=\"Edificio Aurora 10 \/ Tiago do Vale Arquitectos (\u00a9 Jo\u00e3o Morgado)\" data-rl_title=\"Edificio Aurora 10 \/ Tiago do Vale Arquitectos (\u00a9 Jo\u00e3o Morgado)\" class=\"rl-gallery-link\" data-rl_caption=\"Edificio Aurora 10 \/ Tiago do Vale Arquitectos (\u00a9 Jo\u00e3o Morgado)\" data-rel=\"lightbox-gallery-1\"><img loading=\"lazy\" decoding=\"async\" width=\"150\" height=\"150\" src=\"https:\/\/www.arquimaster.com.ar\/web\/wp-content\/uploads\/2025\/04\/edificio_aurora_10_8-150x150.jpg\" class=\"attachment-thumbnail size-thumbnail\" alt=\"Edificio Aurora 10 \/ Tiago do Vale Arquitectos\" aria-describedby=\"gallery-1-84364\" \/><\/a>\n\t\t\t<\/div>\n\t\t\t\t<figcaption class='wp-caption-text gallery-caption' id='gallery-1-84364'>\n\t\t\t\tEdificio Aurora 10 \/ Tiago do Vale Arquitectos (\u00a9 Jo\u00e3o Morgado)\n\t\t\t\t<\/figcaption><\/figure><figure class='gallery-item'>\n\t\t\t<div class='gallery-icon portrait'>\n\t\t\t\t<a href='https:\/\/www.arquimaster.com.ar\/web\/wp-content\/uploads\/2025\/04\/edificio_aurora_10_9.jpg' title=\"Edificio Aurora 10 \/ Tiago do Vale Arquitectos (\u00a9 Jo\u00e3o Morgado)\" data-rl_title=\"Edificio Aurora 10 \/ Tiago do Vale Arquitectos (\u00a9 Jo\u00e3o Morgado)\" class=\"rl-gallery-link\" data-rl_caption=\"Edificio Aurora 10 \/ Tiago do Vale Arquitectos (\u00a9 Jo\u00e3o Morgado)\" data-rel=\"lightbox-gallery-1\"><img loading=\"lazy\" decoding=\"async\" width=\"150\" height=\"150\" src=\"https:\/\/www.arquimaster.com.ar\/web\/wp-content\/uploads\/2025\/04\/edificio_aurora_10_9-150x150.jpg\" class=\"attachment-thumbnail size-thumbnail\" alt=\"Edificio Aurora 10 \/ Tiago do Vale Arquitectos\" aria-describedby=\"gallery-1-84365\" \/><\/a>\n\t\t\t<\/div>\n\t\t\t\t<figcaption class='wp-caption-text gallery-caption' id='gallery-1-84365'>\n\t\t\t\tEdificio Aurora 10 \/ Tiago do Vale Arquitectos (\u00a9 Jo\u00e3o Morgado)\n\t\t\t\t<\/figcaption><\/figure><figure class='gallery-item'>\n\t\t\t<div class='gallery-icon portrait'>\n\t\t\t\t<a href='https:\/\/www.arquimaster.com.ar\/web\/wp-content\/uploads\/2025\/04\/edificio_aurora_10_10.jpg' title=\"Edificio Aurora 10 \/ Tiago do Vale Arquitectos (\u00a9 Jo\u00e3o Morgado)\" data-rl_title=\"Edificio Aurora 10 \/ Tiago do Vale Arquitectos (\u00a9 Jo\u00e3o Morgado)\" class=\"rl-gallery-link\" data-rl_caption=\"Edificio Aurora 10 \/ Tiago do Vale Arquitectos (\u00a9 Jo\u00e3o Morgado)\" data-rel=\"lightbox-gallery-1\"><img loading=\"lazy\" decoding=\"async\" width=\"150\" height=\"150\" src=\"https:\/\/www.arquimaster.com.ar\/web\/wp-content\/uploads\/2025\/04\/edificio_aurora_10_10-150x150.jpg\" class=\"attachment-thumbnail size-thumbnail\" alt=\"Edificio Aurora 10 \/ Tiago do Vale Arquitectos\" aria-describedby=\"gallery-1-84366\" \/><\/a>\n\t\t\t<\/div>\n\t\t\t\t<figcaption class='wp-caption-text gallery-caption' id='gallery-1-84366'>\n\t\t\t\tEdificio Aurora 10 \/ Tiago do Vale Arquitectos (\u00a9 Jo\u00e3o Morgado)\n\t\t\t\t<\/figcaption><\/figure><figure class='gallery-item'>\n\t\t\t<div class='gallery-icon landscape'>\n\t\t\t\t<a href='https:\/\/www.arquimaster.com.ar\/web\/wp-content\/uploads\/2025\/04\/edificio_aurora_10_11.jpg' title=\"Edificio Aurora 10 \/ Tiago do Vale Arquitectos (\u00a9 Jo\u00e3o Morgado)\" data-rl_title=\"Edificio Aurora 10 \/ Tiago do Vale Arquitectos (\u00a9 Jo\u00e3o Morgado)\" class=\"rl-gallery-link\" data-rl_caption=\"Edificio Aurora 10 \/ Tiago do Vale Arquitectos (\u00a9 Jo\u00e3o Morgado)\" data-rel=\"lightbox-gallery-1\"><img loading=\"lazy\" decoding=\"async\" width=\"150\" height=\"150\" src=\"https:\/\/www.arquimaster.com.ar\/web\/wp-content\/uploads\/2025\/04\/edificio_aurora_10_11-150x150.jpg\" class=\"attachment-thumbnail size-thumbnail\" alt=\"Edificio Aurora 10 \/ Tiago do Vale Arquitectos\" aria-describedby=\"gallery-1-84367\" srcset=\"https:\/\/www.arquimaster.com.ar\/web\/wp-content\/uploads\/2025\/04\/edificio_aurora_10_11-150x150.jpg 150w, https:\/\/www.arquimaster.com.ar\/web\/wp-content\/uploads\/2025\/04\/edificio_aurora_10_11-768x768.jpg 768w, https:\/\/www.arquimaster.com.ar\/web\/wp-content\/uploads\/2025\/04\/edificio_aurora_10_11.jpg 1500w\" sizes=\"auto, (max-width: 150px) 100vw, 150px\" \/><\/a>\n\t\t\t<\/div>\n\t\t\t\t<figcaption class='wp-caption-text gallery-caption' id='gallery-1-84367'>\n\t\t\t\tEdificio Aurora 10 \/ Tiago do Vale Arquitectos (\u00a9 Jo\u00e3o Morgado)\n\t\t\t\t<\/figcaption><\/figure><figure class='gallery-item'>\n\t\t\t<div class='gallery-icon landscape'>\n\t\t\t\t<a href='https:\/\/www.arquimaster.com.ar\/web\/wp-content\/uploads\/2025\/04\/edificio_aurora_10_12.jpg' title=\"Edificio Aurora 10 \/ Tiago do Vale Arquitectos (\u00a9 Jo\u00e3o Morgado)\" data-rl_title=\"Edificio Aurora 10 \/ Tiago do Vale Arquitectos (\u00a9 Jo\u00e3o Morgado)\" class=\"rl-gallery-link\" data-rl_caption=\"Edificio Aurora 10 \/ Tiago do Vale Arquitectos (\u00a9 Jo\u00e3o Morgado)\" data-rel=\"lightbox-gallery-1\"><img loading=\"lazy\" decoding=\"async\" width=\"150\" height=\"150\" src=\"https:\/\/www.arquimaster.com.ar\/web\/wp-content\/uploads\/2025\/04\/edificio_aurora_10_12-150x150.jpg\" class=\"attachment-thumbnail size-thumbnail\" alt=\"Edificio Aurora 10 \/ Tiago do Vale Arquitectos\" aria-describedby=\"gallery-1-84368\" \/><\/a>\n\t\t\t<\/div>\n\t\t\t\t<figcaption class='wp-caption-text gallery-caption' id='gallery-1-84368'>\n\t\t\t\tEdificio Aurora 10 \/ Tiago do Vale Arquitectos (\u00a9 Jo\u00e3o Morgado)\n\t\t\t\t<\/figcaption><\/figure><figure class='gallery-item'>\n\t\t\t<div class='gallery-icon landscape'>\n\t\t\t\t<a href='https:\/\/www.arquimaster.com.ar\/web\/wp-content\/uploads\/2025\/04\/edificio_aurora_10_13.jpg' title=\"Edificio Aurora 10 \/ Tiago do Vale Arquitectos (\u00a9 Jo\u00e3o Morgado)\" data-rl_title=\"Edificio Aurora 10 \/ Tiago do Vale Arquitectos (\u00a9 Jo\u00e3o Morgado)\" class=\"rl-gallery-link\" data-rl_caption=\"Edificio Aurora 10 \/ Tiago do Vale Arquitectos (\u00a9 Jo\u00e3o Morgado)\" data-rel=\"lightbox-gallery-1\"><img loading=\"lazy\" decoding=\"async\" width=\"150\" height=\"150\" src=\"https:\/\/www.arquimaster.com.ar\/web\/wp-content\/uploads\/2025\/04\/edificio_aurora_10_13-150x150.jpg\" class=\"attachment-thumbnail size-thumbnail\" alt=\"Edificio Aurora 10 \/ Tiago do Vale Arquitectos\" aria-describedby=\"gallery-1-84369\" srcset=\"https:\/\/www.arquimaster.com.ar\/web\/wp-content\/uploads\/2025\/04\/edificio_aurora_10_13-150x150.jpg 150w, https:\/\/www.arquimaster.com.ar\/web\/wp-content\/uploads\/2025\/04\/edificio_aurora_10_13-768x768.jpg 768w, https:\/\/www.arquimaster.com.ar\/web\/wp-content\/uploads\/2025\/04\/edificio_aurora_10_13.jpg 1500w\" sizes=\"auto, (max-width: 150px) 100vw, 150px\" \/><\/a>\n\t\t\t<\/div>\n\t\t\t\t<figcaption class='wp-caption-text gallery-caption' id='gallery-1-84369'>\n\t\t\t\tEdificio Aurora 10 \/ Tiago do Vale Arquitectos (\u00a9 Jo\u00e3o Morgado)\n\t\t\t\t<\/figcaption><\/figure><figure class='gallery-item'>\n\t\t\t<div class='gallery-icon landscape'>\n\t\t\t\t<a href='https:\/\/www.arquimaster.com.ar\/web\/wp-content\/uploads\/2025\/04\/edificio_aurora_10_14.jpg' title=\"Edificio Aurora 10 \/ Tiago do Vale Arquitectos (\u00a9 Jo\u00e3o Morgado)\" data-rl_title=\"Edificio Aurora 10 \/ Tiago do Vale Arquitectos (\u00a9 Jo\u00e3o Morgado)\" class=\"rl-gallery-link\" data-rl_caption=\"Edificio Aurora 10 \/ Tiago do Vale Arquitectos (\u00a9 Jo\u00e3o Morgado)\" data-rel=\"lightbox-gallery-1\"><img loading=\"lazy\" decoding=\"async\" width=\"150\" height=\"150\" src=\"https:\/\/www.arquimaster.com.ar\/web\/wp-content\/uploads\/2025\/04\/edificio_aurora_10_14-150x150.jpg\" class=\"attachment-thumbnail size-thumbnail\" alt=\"Edificio Aurora 10 \/ Tiago do Vale Arquitectos\" aria-describedby=\"gallery-1-84370\" srcset=\"https:\/\/www.arquimaster.com.ar\/web\/wp-content\/uploads\/2025\/04\/edificio_aurora_10_14-150x150.jpg 150w, https:\/\/www.arquimaster.com.ar\/web\/wp-content\/uploads\/2025\/04\/edificio_aurora_10_14-768x768.jpg 768w, https:\/\/www.arquimaster.com.ar\/web\/wp-content\/uploads\/2025\/04\/edificio_aurora_10_14.jpg 1500w\" sizes=\"auto, (max-width: 150px) 100vw, 150px\" \/><\/a>\n\t\t\t<\/div>\n\t\t\t\t<figcaption class='wp-caption-text gallery-caption' id='gallery-1-84370'>\n\t\t\t\tEdificio Aurora 10 \/ Tiago do Vale Arquitectos (\u00a9 Jo\u00e3o Morgado)\n\t\t\t\t<\/figcaption><\/figure><figure class='gallery-item'>\n\t\t\t<div class='gallery-icon landscape'>\n\t\t\t\t<a href='https:\/\/www.arquimaster.com.ar\/web\/wp-content\/uploads\/2025\/04\/edificio_aurora_10_15.jpg' title=\"Edificio Aurora 10 \/ Tiago do Vale Arquitectos (\u00a9 Jo\u00e3o Morgado)\" data-rl_title=\"Edificio Aurora 10 \/ Tiago do Vale Arquitectos (\u00a9 Jo\u00e3o Morgado)\" class=\"rl-gallery-link\" data-rl_caption=\"Edificio Aurora 10 \/ Tiago do Vale Arquitectos (\u00a9 Jo\u00e3o Morgado)\" data-rel=\"lightbox-gallery-1\"><img loading=\"lazy\" decoding=\"async\" width=\"150\" height=\"150\" src=\"https:\/\/www.arquimaster.com.ar\/web\/wp-content\/uploads\/2025\/04\/edificio_aurora_10_15-150x150.jpg\" class=\"attachment-thumbnail size-thumbnail\" alt=\"Edificio Aurora 10 \/ Tiago do Vale Arquitectos\" aria-describedby=\"gallery-1-84371\" srcset=\"https:\/\/www.arquimaster.com.ar\/web\/wp-content\/uploads\/2025\/04\/edificio_aurora_10_15-150x150.jpg 150w, https:\/\/www.arquimaster.com.ar\/web\/wp-content\/uploads\/2025\/04\/edificio_aurora_10_15-768x767.jpg 768w, https:\/\/www.arquimaster.com.ar\/web\/wp-content\/uploads\/2025\/04\/edificio_aurora_10_15.jpg 1501w\" sizes=\"auto, (max-width: 150px) 100vw, 150px\" \/><\/a>\n\t\t\t<\/div>\n\t\t\t\t<figcaption class='wp-caption-text gallery-caption' id='gallery-1-84371'>\n\t\t\t\tEdificio Aurora 10 \/ Tiago do Vale Arquitectos (\u00a9 Jo\u00e3o Morgado)\n\t\t\t\t<\/figcaption><\/figure><figure class='gallery-item'>\n\t\t\t<div class='gallery-icon landscape'>\n\t\t\t\t<a href='https:\/\/www.arquimaster.com.ar\/web\/wp-content\/uploads\/2025\/04\/edificio_aurora_10_16.jpg' title=\"Edificio Aurora 10 \/ Tiago do Vale Arquitectos (\u00a9 Jo\u00e3o Morgado)\" data-rl_title=\"Edificio Aurora 10 \/ Tiago do Vale Arquitectos (\u00a9 Jo\u00e3o Morgado)\" class=\"rl-gallery-link\" data-rl_caption=\"Edificio Aurora 10 \/ Tiago do Vale Arquitectos (\u00a9 Jo\u00e3o Morgado)\" data-rel=\"lightbox-gallery-1\"><img loading=\"lazy\" decoding=\"async\" width=\"150\" height=\"150\" src=\"https:\/\/www.arquimaster.com.ar\/web\/wp-content\/uploads\/2025\/04\/edificio_aurora_10_16-150x150.jpg\" class=\"attachment-thumbnail size-thumbnail\" alt=\"Edificio Aurora 10 \/ Tiago do Vale Arquitectos\" aria-describedby=\"gallery-1-84372\" srcset=\"https:\/\/www.arquimaster.com.ar\/web\/wp-content\/uploads\/2025\/04\/edificio_aurora_10_16-150x150.jpg 150w, https:\/\/www.arquimaster.com.ar\/web\/wp-content\/uploads\/2025\/04\/edificio_aurora_10_16-768x768.jpg 768w, https:\/\/www.arquimaster.com.ar\/web\/wp-content\/uploads\/2025\/04\/edificio_aurora_10_16.jpg 1500w\" sizes=\"auto, (max-width: 150px) 100vw, 150px\" \/><\/a>\n\t\t\t<\/div>\n\t\t\t\t<figcaption class='wp-caption-text gallery-caption' id='gallery-1-84372'>\n\t\t\t\tEdificio Aurora 10 \/ Tiago do Vale Arquitectos (\u00a9 Jo\u00e3o Morgado)\n\t\t\t\t<\/figcaption><\/figure><figure class='gallery-item'>\n\t\t\t<div class='gallery-icon landscape'>\n\t\t\t\t<a href='https:\/\/www.arquimaster.com.ar\/web\/wp-content\/uploads\/2025\/04\/edificio_aurora_10_17.jpg' title=\"Edificio Aurora 10 \/ Tiago do Vale Arquitectos (\u00a9 Jo\u00e3o Morgado)\" data-rl_title=\"Edificio Aurora 10 \/ Tiago do Vale Arquitectos (\u00a9 Jo\u00e3o Morgado)\" class=\"rl-gallery-link\" data-rl_caption=\"Edificio Aurora 10 \/ Tiago do Vale Arquitectos (\u00a9 Jo\u00e3o Morgado)\" data-rel=\"lightbox-gallery-1\"><img loading=\"lazy\" decoding=\"async\" width=\"150\" height=\"150\" src=\"https:\/\/www.arquimaster.com.ar\/web\/wp-content\/uploads\/2025\/04\/edificio_aurora_10_17-150x150.jpg\" class=\"attachment-thumbnail size-thumbnail\" alt=\"Edificio Aurora 10 \/ Tiago do Vale Arquitectos\" aria-describedby=\"gallery-1-84373\" \/><\/a>\n\t\t\t<\/div>\n\t\t\t\t<figcaption class='wp-caption-text gallery-caption' id='gallery-1-84373'>\n\t\t\t\tEdificio Aurora 10 \/ Tiago do Vale Arquitectos (\u00a9 Jo\u00e3o Morgado)\n\t\t\t\t<\/figcaption><\/figure><figure class='gallery-item'>\n\t\t\t<div class='gallery-icon portrait'>\n\t\t\t\t<a href='https:\/\/www.arquimaster.com.ar\/web\/wp-content\/uploads\/2025\/04\/edificio_aurora_10_18.jpg' title=\"Edificio Aurora 10 \/ Tiago do Vale Arquitectos (\u00a9 Jo\u00e3o Morgado)\" data-rl_title=\"Edificio Aurora 10 \/ Tiago do Vale Arquitectos (\u00a9 Jo\u00e3o Morgado)\" class=\"rl-gallery-link\" data-rl_caption=\"Edificio Aurora 10 \/ Tiago do Vale Arquitectos (\u00a9 Jo\u00e3o Morgado)\" data-rel=\"lightbox-gallery-1\"><img loading=\"lazy\" decoding=\"async\" width=\"150\" height=\"150\" src=\"https:\/\/www.arquimaster.com.ar\/web\/wp-content\/uploads\/2025\/04\/edificio_aurora_10_18-150x150.jpg\" class=\"attachment-thumbnail size-thumbnail\" alt=\"Edificio Aurora 10 \/ Tiago do Vale Arquitectos\" aria-describedby=\"gallery-1-84374\" srcset=\"https:\/\/www.arquimaster.com.ar\/web\/wp-content\/uploads\/2025\/04\/edificio_aurora_10_18-150x150.jpg 150w, https:\/\/www.arquimaster.com.ar\/web\/wp-content\/uploads\/2025\/04\/edificio_aurora_10_18-768x769.jpg 768w, https:\/\/www.arquimaster.com.ar\/web\/wp-content\/uploads\/2025\/04\/edificio_aurora_10_18.jpg 1499w\" sizes=\"auto, (max-width: 150px) 100vw, 150px\" \/><\/a>\n\t\t\t<\/div>\n\t\t\t\t<figcaption class='wp-caption-text gallery-caption' id='gallery-1-84374'>\n\t\t\t\tEdificio Aurora 10 \/ Tiago do Vale Arquitectos (\u00a9 Jo\u00e3o Morgado)\n\t\t\t\t<\/figcaption><\/figure><figure class='gallery-item'>\n\t\t\t<div class='gallery-icon landscape'>\n\t\t\t\t<a href='https:\/\/www.arquimaster.com.ar\/web\/wp-content\/uploads\/2025\/04\/edificio_aurora_10_19.jpg' title=\"Edificio Aurora 10 \/ Tiago do Vale Arquitectos (\u00a9 Jo\u00e3o Morgado)\" data-rl_title=\"Edificio Aurora 10 \/ Tiago do Vale Arquitectos (\u00a9 Jo\u00e3o Morgado)\" class=\"rl-gallery-link\" data-rl_caption=\"Edificio Aurora 10 \/ Tiago do Vale Arquitectos (\u00a9 Jo\u00e3o Morgado)\" data-rel=\"lightbox-gallery-1\"><img loading=\"lazy\" decoding=\"async\" width=\"150\" height=\"150\" src=\"https:\/\/www.arquimaster.com.ar\/web\/wp-content\/uploads\/2025\/04\/edificio_aurora_10_19-150x150.jpg\" class=\"attachment-thumbnail size-thumbnail\" alt=\"Edificio Aurora 10 \/ Tiago do Vale Arquitectos\" aria-describedby=\"gallery-1-84375\" srcset=\"https:\/\/www.arquimaster.com.ar\/web\/wp-content\/uploads\/2025\/04\/edificio_aurora_10_19-150x150.jpg 150w, https:\/\/www.arquimaster.com.ar\/web\/wp-content\/uploads\/2025\/04\/edificio_aurora_10_19-768x768.jpg 768w, https:\/\/www.arquimaster.com.ar\/web\/wp-content\/uploads\/2025\/04\/edificio_aurora_10_19.jpg 1500w\" sizes=\"auto, (max-width: 150px) 100vw, 150px\" \/><\/a>\n\t\t\t<\/div>\n\t\t\t\t<figcaption class='wp-caption-text gallery-caption' id='gallery-1-84375'>\n\t\t\t\tEdificio Aurora 10 \/ Tiago do Vale Arquitectos (\u00a9 Jo\u00e3o Morgado)\n\t\t\t\t<\/figcaption><\/figure><figure class='gallery-item'>\n\t\t\t<div class='gallery-icon landscape'>\n\t\t\t\t<a href='https:\/\/www.arquimaster.com.ar\/web\/wp-content\/uploads\/2025\/04\/edificio_aurora_10_20.jpg' title=\"Edificio Aurora 10 \/ Tiago do Vale Arquitectos (\u00a9 Jo\u00e3o Morgado)\" data-rl_title=\"Edificio Aurora 10 \/ Tiago do Vale Arquitectos (\u00a9 Jo\u00e3o Morgado)\" class=\"rl-gallery-link\" data-rl_caption=\"Edificio Aurora 10 \/ Tiago do Vale Arquitectos (\u00a9 Jo\u00e3o Morgado)\" data-rel=\"lightbox-gallery-1\"><img loading=\"lazy\" decoding=\"async\" width=\"150\" height=\"150\" src=\"https:\/\/www.arquimaster.com.ar\/web\/wp-content\/uploads\/2025\/04\/edificio_aurora_10_20-150x150.jpg\" class=\"attachment-thumbnail size-thumbnail\" alt=\"Edificio Aurora 10 \/ Tiago do Vale Arquitectos\" aria-describedby=\"gallery-1-84376\" \/><\/a>\n\t\t\t<\/div>\n\t\t\t\t<figcaption class='wp-caption-text gallery-caption' id='gallery-1-84376'>\n\t\t\t\tEdificio Aurora 10 \/ Tiago do Vale Arquitectos (\u00a9 Jo\u00e3o Morgado)\n\t\t\t\t<\/figcaption><\/figure><figure class='gallery-item'>\n\t\t\t<div class='gallery-icon landscape'>\n\t\t\t\t<a href='https:\/\/www.arquimaster.com.ar\/web\/wp-content\/uploads\/2025\/04\/edificio_aurora_10_21.jpg' title=\"Edificio Aurora 10 \/ Tiago do Vale Arquitectos (\u00a9 Jo\u00e3o Morgado)\" data-rl_title=\"Edificio Aurora 10 \/ Tiago do Vale Arquitectos (\u00a9 Jo\u00e3o Morgado)\" class=\"rl-gallery-link\" data-rl_caption=\"Edificio Aurora 10 \/ Tiago do Vale Arquitectos (\u00a9 Jo\u00e3o Morgado)\" data-rel=\"lightbox-gallery-1\"><img loading=\"lazy\" decoding=\"async\" width=\"150\" height=\"150\" src=\"https:\/\/www.arquimaster.com.ar\/web\/wp-content\/uploads\/2025\/04\/edificio_aurora_10_21-150x150.jpg\" class=\"attachment-thumbnail size-thumbnail\" alt=\"Edificio Aurora 10 \/ Tiago do Vale Arquitectos\" aria-describedby=\"gallery-1-84377\" \/><\/a>\n\t\t\t<\/div>\n\t\t\t\t<figcaption class='wp-caption-text gallery-caption' id='gallery-1-84377'>\n\t\t\t\tEdificio Aurora 10 \/ Tiago do Vale Arquitectos (\u00a9 Jo\u00e3o Morgado)\n\t\t\t\t<\/figcaption><\/figure><figure class='gallery-item'>\n\t\t\t<div class='gallery-icon landscape'>\n\t\t\t\t<a href='https:\/\/www.arquimaster.com.ar\/web\/wp-content\/uploads\/2025\/04\/edificio_aurora_10_22.jpg' title=\"Edificio Aurora 10 \/ Tiago do Vale Arquitectos (\u00a9 Jo\u00e3o Morgado)\" data-rl_title=\"Edificio Aurora 10 \/ Tiago do Vale Arquitectos (\u00a9 Jo\u00e3o Morgado)\" class=\"rl-gallery-link\" data-rl_caption=\"Edificio Aurora 10 \/ Tiago do Vale Arquitectos (\u00a9 Jo\u00e3o Morgado)\" data-rel=\"lightbox-gallery-1\"><img loading=\"lazy\" decoding=\"async\" width=\"150\" height=\"150\" src=\"https:\/\/www.arquimaster.com.ar\/web\/wp-content\/uploads\/2025\/04\/edificio_aurora_10_22-150x150.jpg\" class=\"attachment-thumbnail size-thumbnail\" alt=\"Edificio Aurora 10 \/ Tiago do Vale Arquitectos\" aria-describedby=\"gallery-1-84378\" srcset=\"https:\/\/www.arquimaster.com.ar\/web\/wp-content\/uploads\/2025\/04\/edificio_aurora_10_22-150x150.jpg 150w, https:\/\/www.arquimaster.com.ar\/web\/wp-content\/uploads\/2025\/04\/edificio_aurora_10_22-768x767.jpg 768w, https:\/\/www.arquimaster.com.ar\/web\/wp-content\/uploads\/2025\/04\/edificio_aurora_10_22.jpg 1501w\" sizes=\"auto, (max-width: 150px) 100vw, 150px\" \/><\/a>\n\t\t\t<\/div>\n\t\t\t\t<figcaption class='wp-caption-text gallery-caption' id='gallery-1-84378'>\n\t\t\t\tEdificio Aurora 10 \/ Tiago do Vale Arquitectos (\u00a9 Jo\u00e3o Morgado)\n\t\t\t\t<\/figcaption><\/figure><figure class='gallery-item'>\n\t\t\t<div class='gallery-icon landscape'>\n\t\t\t\t<a href='https:\/\/www.arquimaster.com.ar\/web\/wp-content\/uploads\/2025\/04\/edificio_aurora_10_23.jpg' title=\"Edificio Aurora 10 \/ Tiago do Vale Arquitectos (\u00a9 Jo\u00e3o Morgado)\" data-rl_title=\"Edificio Aurora 10 \/ Tiago do Vale Arquitectos (\u00a9 Jo\u00e3o Morgado)\" class=\"rl-gallery-link\" data-rl_caption=\"Edificio Aurora 10 \/ Tiago do Vale Arquitectos (\u00a9 Jo\u00e3o Morgado)\" data-rel=\"lightbox-gallery-1\"><img loading=\"lazy\" decoding=\"async\" width=\"150\" height=\"150\" src=\"https:\/\/www.arquimaster.com.ar\/web\/wp-content\/uploads\/2025\/04\/edificio_aurora_10_23-150x150.jpg\" class=\"attachment-thumbnail size-thumbnail\" alt=\"Edificio Aurora 10 \/ Tiago do Vale Arquitectos\" aria-describedby=\"gallery-1-84379\" \/><\/a>\n\t\t\t<\/div>\n\t\t\t\t<figcaption class='wp-caption-text gallery-caption' id='gallery-1-84379'>\n\t\t\t\tEdificio Aurora 10 \/ Tiago do Vale Arquitectos (\u00a9 Jo\u00e3o Morgado)\n\t\t\t\t<\/figcaption><\/figure><figure class='gallery-item'>\n\t\t\t<div class='gallery-icon landscape'>\n\t\t\t\t<a href='https:\/\/www.arquimaster.com.ar\/web\/wp-content\/uploads\/2025\/04\/edificio_aurora_10_24.jpg' title=\"Edificio Aurora 10 \/ Tiago do Vale Arquitectos (\u00a9 Jo\u00e3o Morgado)\" data-rl_title=\"Edificio Aurora 10 \/ Tiago do Vale Arquitectos (\u00a9 Jo\u00e3o Morgado)\" class=\"rl-gallery-link\" data-rl_caption=\"Edificio Aurora 10 \/ Tiago do Vale Arquitectos (\u00a9 Jo\u00e3o Morgado)\" data-rel=\"lightbox-gallery-1\"><img loading=\"lazy\" decoding=\"async\" width=\"150\" height=\"150\" src=\"https:\/\/www.arquimaster.com.ar\/web\/wp-content\/uploads\/2025\/04\/edificio_aurora_10_24-150x150.jpg\" class=\"attachment-thumbnail size-thumbnail\" alt=\"Edificio Aurora 10 \/ Tiago do Vale Arquitectos\" aria-describedby=\"gallery-1-84380\" \/><\/a>\n\t\t\t<\/div>\n\t\t\t\t<figcaption class='wp-caption-text gallery-caption' id='gallery-1-84380'>\n\t\t\t\tEdificio Aurora 10 \/ Tiago do Vale Arquitectos (\u00a9 Jo\u00e3o Morgado)\n\t\t\t\t<\/figcaption><\/figure><figure class='gallery-item'>\n\t\t\t<div class='gallery-icon landscape'>\n\t\t\t\t<a href='https:\/\/www.arquimaster.com.ar\/web\/wp-content\/uploads\/2025\/04\/edificio_aurora_10_25.jpg' title=\"Edificio Aurora 10 \/ Tiago do Vale Arquitectos (\u00a9 Jo\u00e3o Morgado)\" data-rl_title=\"Edificio Aurora 10 \/ Tiago do Vale Arquitectos (\u00a9 Jo\u00e3o Morgado)\" class=\"rl-gallery-link\" data-rl_caption=\"Edificio Aurora 10 \/ Tiago do Vale Arquitectos (\u00a9 Jo\u00e3o Morgado)\" data-rel=\"lightbox-gallery-1\"><img loading=\"lazy\" decoding=\"async\" width=\"150\" height=\"150\" src=\"https:\/\/www.arquimaster.com.ar\/web\/wp-content\/uploads\/2025\/04\/edificio_aurora_10_25-150x150.jpg\" class=\"attachment-thumbnail size-thumbnail\" alt=\"Edificio Aurora 10 \/ Tiago do Vale Arquitectos\" aria-describedby=\"gallery-1-84381\" srcset=\"https:\/\/www.arquimaster.com.ar\/web\/wp-content\/uploads\/2025\/04\/edificio_aurora_10_25-150x150.jpg 150w, https:\/\/www.arquimaster.com.ar\/web\/wp-content\/uploads\/2025\/04\/edificio_aurora_10_25-768x768.jpg 768w, https:\/\/www.arquimaster.com.ar\/web\/wp-content\/uploads\/2025\/04\/edificio_aurora_10_25.jpg 1500w\" sizes=\"auto, (max-width: 150px) 100vw, 150px\" \/><\/a>\n\t\t\t<\/div>\n\t\t\t\t<figcaption class='wp-caption-text gallery-caption' id='gallery-1-84381'>\n\t\t\t\tEdificio Aurora 10 \/ Tiago do Vale Arquitectos (\u00a9 Jo\u00e3o Morgado)\n\t\t\t\t<\/figcaption><\/figure><figure class='gallery-item'>\n\t\t\t<div class='gallery-icon landscape'>\n\t\t\t\t<a href='https:\/\/www.arquimaster.com.ar\/web\/wp-content\/uploads\/2025\/04\/edificio_aurora_10_26.jpg' title=\"Edificio Aurora 10 \/ Tiago do Vale Arquitectos (\u00a9 Jo\u00e3o Morgado)\" data-rl_title=\"Edificio Aurora 10 \/ Tiago do Vale Arquitectos (\u00a9 Jo\u00e3o Morgado)\" class=\"rl-gallery-link\" data-rl_caption=\"Edificio Aurora 10 \/ Tiago do Vale Arquitectos (\u00a9 Jo\u00e3o Morgado)\" data-rel=\"lightbox-gallery-1\"><img loading=\"lazy\" decoding=\"async\" width=\"150\" height=\"150\" src=\"https:\/\/www.arquimaster.com.ar\/web\/wp-content\/uploads\/2025\/04\/edificio_aurora_10_26-150x150.jpg\" class=\"attachment-thumbnail size-thumbnail\" alt=\"Edificio Aurora 10 \/ Tiago do Vale Arquitectos\" aria-describedby=\"gallery-1-84382\" \/><\/a>\n\t\t\t<\/div>\n\t\t\t\t<figcaption class='wp-caption-text gallery-caption' id='gallery-1-84382'>\n\t\t\t\tEdificio Aurora 10 \/ Tiago do Vale Arquitectos (\u00a9 Jo\u00e3o Morgado)\n\t\t\t\t<\/figcaption><\/figure><figure class='gallery-item'>\n\t\t\t<div class='gallery-icon landscape'>\n\t\t\t\t<a href='https:\/\/www.arquimaster.com.ar\/web\/wp-content\/uploads\/2025\/04\/edificio_aurora_10_27.jpg' title=\"Edificio Aurora 10 \/ Tiago do Vale Arquitectos (\u00a9 Jo\u00e3o Morgado)\" data-rl_title=\"Edificio Aurora 10 \/ Tiago do Vale Arquitectos (\u00a9 Jo\u00e3o Morgado)\" class=\"rl-gallery-link\" data-rl_caption=\"Edificio Aurora 10 \/ Tiago do Vale Arquitectos (\u00a9 Jo\u00e3o Morgado)\" data-rel=\"lightbox-gallery-1\"><img loading=\"lazy\" decoding=\"async\" width=\"150\" height=\"150\" src=\"https:\/\/www.arquimaster.com.ar\/web\/wp-content\/uploads\/2025\/04\/edificio_aurora_10_27-150x150.jpg\" class=\"attachment-thumbnail size-thumbnail\" alt=\"Edificio Aurora 10 \/ Tiago do Vale Arquitectos\" aria-describedby=\"gallery-1-84383\" \/><\/a>\n\t\t\t<\/div>\n\t\t\t\t<figcaption class='wp-caption-text gallery-caption' id='gallery-1-84383'>\n\t\t\t\tEdificio Aurora 10 \/ Tiago do Vale Arquitectos (\u00a9 Jo\u00e3o Morgado)\n\t\t\t\t<\/figcaption><\/figure><figure class='gallery-item'>\n\t\t\t<div class='gallery-icon portrait'>\n\t\t\t\t<a href='https:\/\/www.arquimaster.com.ar\/web\/wp-content\/uploads\/2025\/04\/edificio_aurora_10_28.jpg' title=\"Edificio Aurora 10 \/ Tiago do Vale Arquitectos (\u00a9 Jo\u00e3o Morgado)\" data-rl_title=\"Edificio Aurora 10 \/ Tiago do Vale Arquitectos (\u00a9 Jo\u00e3o Morgado)\" class=\"rl-gallery-link\" data-rl_caption=\"Edificio Aurora 10 \/ Tiago do Vale Arquitectos (\u00a9 Jo\u00e3o Morgado)\" data-rel=\"lightbox-gallery-1\"><img loading=\"lazy\" decoding=\"async\" width=\"150\" height=\"150\" src=\"https:\/\/www.arquimaster.com.ar\/web\/wp-content\/uploads\/2025\/04\/edificio_aurora_10_28-150x150.jpg\" class=\"attachment-thumbnail size-thumbnail\" alt=\"Edificio Aurora 10 \/ Tiago do Vale Arquitectos\" aria-describedby=\"gallery-1-84384\" \/><\/a>\n\t\t\t<\/div>\n\t\t\t\t<figcaption class='wp-caption-text gallery-caption' id='gallery-1-84384'>\n\t\t\t\tEdificio Aurora 10 \/ Tiago do Vale Arquitectos (\u00a9 Jo\u00e3o Morgado)\n\t\t\t\t<\/figcaption><\/figure><figure class='gallery-item'>\n\t\t\t<div class='gallery-icon portrait'>\n\t\t\t\t<a href='https:\/\/www.arquimaster.com.ar\/web\/wp-content\/uploads\/2025\/04\/edificio_aurora_10_29.jpg' title=\"Edificio Aurora 10 \/ Tiago do Vale Arquitectos (\u00a9 Jo\u00e3o Morgado)\" data-rl_title=\"Edificio Aurora 10 \/ Tiago do Vale Arquitectos (\u00a9 Jo\u00e3o Morgado)\" class=\"rl-gallery-link\" data-rl_caption=\"Edificio Aurora 10 \/ Tiago do Vale Arquitectos (\u00a9 Jo\u00e3o Morgado)\" data-rel=\"lightbox-gallery-1\"><img loading=\"lazy\" decoding=\"async\" width=\"150\" height=\"150\" src=\"https:\/\/www.arquimaster.com.ar\/web\/wp-content\/uploads\/2025\/04\/edificio_aurora_10_29-150x150.jpg\" class=\"attachment-thumbnail size-thumbnail\" alt=\"Edificio Aurora 10 \/ Tiago do Vale Arquitectos\" aria-describedby=\"gallery-1-84385\" \/><\/a>\n\t\t\t<\/div>\n\t\t\t\t<figcaption class='wp-caption-text gallery-caption' id='gallery-1-84385'>\n\t\t\t\tEdificio Aurora 10 \/ Tiago do Vale Arquitectos (\u00a9 Jo\u00e3o Morgado)\n\t\t\t\t<\/figcaption><\/figure><figure class='gallery-item'>\n\t\t\t<div class='gallery-icon landscape'>\n\t\t\t\t<a href='https:\/\/www.arquimaster.com.ar\/web\/wp-content\/uploads\/2025\/04\/edificio_aurora_10_30.jpg' title=\"Edificio Aurora 10 \/ Tiago do Vale Arquitectos (\u00a9 Jo\u00e3o Morgado)\" data-rl_title=\"Edificio Aurora 10 \/ Tiago do Vale Arquitectos (\u00a9 Jo\u00e3o Morgado)\" class=\"rl-gallery-link\" data-rl_caption=\"Edificio Aurora 10 \/ Tiago do Vale Arquitectos (\u00a9 Jo\u00e3o Morgado)\" data-rel=\"lightbox-gallery-1\"><img loading=\"lazy\" decoding=\"async\" width=\"150\" height=\"150\" src=\"https:\/\/www.arquimaster.com.ar\/web\/wp-content\/uploads\/2025\/04\/edificio_aurora_10_30-150x150.jpg\" class=\"attachment-thumbnail size-thumbnail\" alt=\"Edificio Aurora 10 \/ Tiago do Vale Arquitectos\" aria-describedby=\"gallery-1-84386\" srcset=\"https:\/\/www.arquimaster.com.ar\/web\/wp-content\/uploads\/2025\/04\/edificio_aurora_10_30-150x150.jpg 150w, https:\/\/www.arquimaster.com.ar\/web\/wp-content\/uploads\/2025\/04\/edificio_aurora_10_30-768x768.jpg 768w, https:\/\/www.arquimaster.com.ar\/web\/wp-content\/uploads\/2025\/04\/edificio_aurora_10_30.jpg 1500w\" sizes=\"auto, (max-width: 150px) 100vw, 150px\" \/><\/a>\n\t\t\t<\/div>\n\t\t\t\t<figcaption class='wp-caption-text gallery-caption' id='gallery-1-84386'>\n\t\t\t\tEdificio Aurora 10 \/ Tiago do Vale Arquitectos (\u00a9 Jo\u00e3o Morgado)\n\t\t\t\t<\/figcaption><\/figure><figure class='gallery-item'>\n\t\t\t<div class='gallery-icon landscape'>\n\t\t\t\t<a href='https:\/\/www.arquimaster.com.ar\/web\/wp-content\/uploads\/2025\/04\/edificio_aurora_10_31.jpg' title=\"Edificio Aurora 10 \/ Tiago do Vale Arquitectos (\u00a9 Jo\u00e3o Morgado)\" data-rl_title=\"Edificio Aurora 10 \/ Tiago do Vale Arquitectos (\u00a9 Jo\u00e3o Morgado)\" class=\"rl-gallery-link\" data-rl_caption=\"Edificio Aurora 10 \/ Tiago do Vale Arquitectos (\u00a9 Jo\u00e3o Morgado)\" data-rel=\"lightbox-gallery-1\"><img loading=\"lazy\" decoding=\"async\" width=\"150\" height=\"150\" src=\"https:\/\/www.arquimaster.com.ar\/web\/wp-content\/uploads\/2025\/04\/edificio_aurora_10_31-150x150.jpg\" class=\"attachment-thumbnail size-thumbnail\" alt=\"Edificio Aurora 10 \/ Tiago do Vale Arquitectos\" aria-describedby=\"gallery-1-84387\" srcset=\"https:\/\/www.arquimaster.com.ar\/web\/wp-content\/uploads\/2025\/04\/edificio_aurora_10_31-150x150.jpg 150w, https:\/\/www.arquimaster.com.ar\/web\/wp-content\/uploads\/2025\/04\/edificio_aurora_10_31-768x768.jpg 768w, https:\/\/www.arquimaster.com.ar\/web\/wp-content\/uploads\/2025\/04\/edificio_aurora_10_31.jpg 1500w\" sizes=\"auto, (max-width: 150px) 100vw, 150px\" \/><\/a>\n\t\t\t<\/div>\n\t\t\t\t<figcaption class='wp-caption-text gallery-caption' id='gallery-1-84387'>\n\t\t\t\tEdificio Aurora 10 \/ Tiago do Vale Arquitectos (\u00a9 Jo\u00e3o Morgado)\n\t\t\t\t<\/figcaption><\/figure><figure class='gallery-item'>\n\t\t\t<div class='gallery-icon portrait'>\n\t\t\t\t<a href='https:\/\/www.arquimaster.com.ar\/web\/wp-content\/uploads\/2025\/04\/edificio_aurora_10_32.jpg' title=\"Edificio Aurora 10 \/ Tiago do Vale Arquitectos (\u00a9 Jo\u00e3o Morgado)\" data-rl_title=\"Edificio Aurora 10 \/ Tiago do Vale Arquitectos (\u00a9 Jo\u00e3o Morgado)\" class=\"rl-gallery-link\" data-rl_caption=\"Edificio Aurora 10 \/ Tiago do Vale Arquitectos (\u00a9 Jo\u00e3o Morgado)\" data-rel=\"lightbox-gallery-1\"><img loading=\"lazy\" decoding=\"async\" width=\"150\" height=\"150\" src=\"https:\/\/www.arquimaster.com.ar\/web\/wp-content\/uploads\/2025\/04\/edificio_aurora_10_32-150x150.jpg\" class=\"attachment-thumbnail size-thumbnail\" alt=\"Edificio Aurora 10 \/ Tiago do Vale Arquitectos\" aria-describedby=\"gallery-1-84388\" \/><\/a>\n\t\t\t<\/div>\n\t\t\t\t<figcaption class='wp-caption-text gallery-caption' id='gallery-1-84388'>\n\t\t\t\tEdificio Aurora 10 \/ Tiago do Vale Arquitectos (\u00a9 Jo\u00e3o Morgado)\n\t\t\t\t<\/figcaption><\/figure><figure class='gallery-item'>\n\t\t\t<div class='gallery-icon portrait'>\n\t\t\t\t<a href='https:\/\/www.arquimaster.com.ar\/web\/wp-content\/uploads\/2025\/04\/edificio_aurora_10_33.jpg' title=\"Edificio Aurora 10 \/ Tiago do Vale Arquitectos (\u00a9 Jo\u00e3o Morgado)\" data-rl_title=\"Edificio Aurora 10 \/ Tiago do Vale Arquitectos (\u00a9 Jo\u00e3o Morgado)\" class=\"rl-gallery-link\" data-rl_caption=\"Edificio Aurora 10 \/ Tiago do Vale Arquitectos (\u00a9 Jo\u00e3o Morgado)\" data-rel=\"lightbox-gallery-1\"><img loading=\"lazy\" decoding=\"async\" width=\"150\" height=\"150\" src=\"https:\/\/www.arquimaster.com.ar\/web\/wp-content\/uploads\/2025\/04\/edificio_aurora_10_33-150x150.jpg\" class=\"attachment-thumbnail size-thumbnail\" alt=\"Edificio Aurora 10 \/ Tiago do Vale Arquitectos\" aria-describedby=\"gallery-1-84389\" \/><\/a>\n\t\t\t<\/div>\n\t\t\t\t<figcaption class='wp-caption-text gallery-caption' id='gallery-1-84389'>\n\t\t\t\tEdificio Aurora 10 \/ Tiago do Vale Arquitectos (\u00a9 Jo\u00e3o Morgado)\n\t\t\t\t<\/figcaption><\/figure><figure class='gallery-item'>\n\t\t\t<div class='gallery-icon landscape'>\n\t\t\t\t<a href='https:\/\/www.arquimaster.com.ar\/web\/wp-content\/uploads\/2025\/04\/edificio_aurora_10_34.jpg' title=\"Edificio Aurora 10 \/ Tiago do Vale Arquitectos (\u00a9 Jo\u00e3o Morgado)\" data-rl_title=\"Edificio Aurora 10 \/ Tiago do Vale Arquitectos (\u00a9 Jo\u00e3o Morgado)\" class=\"rl-gallery-link\" data-rl_caption=\"Edificio Aurora 10 \/ Tiago do Vale Arquitectos (\u00a9 Jo\u00e3o Morgado)\" data-rel=\"lightbox-gallery-1\"><img loading=\"lazy\" decoding=\"async\" width=\"150\" height=\"150\" src=\"https:\/\/www.arquimaster.com.ar\/web\/wp-content\/uploads\/2025\/04\/edificio_aurora_10_34-150x150.jpg\" class=\"attachment-thumbnail size-thumbnail\" alt=\"Edificio Aurora 10 \/ Tiago do Vale Arquitectos\" aria-describedby=\"gallery-1-84390\" srcset=\"https:\/\/www.arquimaster.com.ar\/web\/wp-content\/uploads\/2025\/04\/edificio_aurora_10_34-150x150.jpg 150w, https:\/\/www.arquimaster.com.ar\/web\/wp-content\/uploads\/2025\/04\/edificio_aurora_10_34-768x768.jpg 768w, https:\/\/www.arquimaster.com.ar\/web\/wp-content\/uploads\/2025\/04\/edificio_aurora_10_34.jpg 1500w\" sizes=\"auto, (max-width: 150px) 100vw, 150px\" \/><\/a>\n\t\t\t<\/div>\n\t\t\t\t<figcaption class='wp-caption-text gallery-caption' id='gallery-1-84390'>\n\t\t\t\tEdificio Aurora 10 \/ Tiago do Vale Arquitectos (\u00a9 Jo\u00e3o Morgado)\n\t\t\t\t<\/figcaption><\/figure><figure class='gallery-item'>\n\t\t\t<div class='gallery-icon landscape'>\n\t\t\t\t<a href='https:\/\/www.arquimaster.com.ar\/web\/wp-content\/uploads\/2025\/04\/edificio_aurora_10_35.jpg' title=\"Edificio Aurora 10 \/ Tiago do Vale Arquitectos (\u00a9 Jo\u00e3o Morgado)\" data-rl_title=\"Edificio Aurora 10 \/ Tiago do Vale Arquitectos (\u00a9 Jo\u00e3o Morgado)\" class=\"rl-gallery-link\" data-rl_caption=\"Edificio Aurora 10 \/ Tiago do Vale Arquitectos (\u00a9 Jo\u00e3o Morgado)\" data-rel=\"lightbox-gallery-1\"><img loading=\"lazy\" decoding=\"async\" width=\"150\" height=\"150\" src=\"https:\/\/www.arquimaster.com.ar\/web\/wp-content\/uploads\/2025\/04\/edificio_aurora_10_35-150x150.jpg\" class=\"attachment-thumbnail size-thumbnail\" alt=\"Edificio Aurora 10 \/ Tiago do Vale Arquitectos\" aria-describedby=\"gallery-1-84391\" srcset=\"https:\/\/www.arquimaster.com.ar\/web\/wp-content\/uploads\/2025\/04\/edificio_aurora_10_35-150x150.jpg 150w, https:\/\/www.arquimaster.com.ar\/web\/wp-content\/uploads\/2025\/04\/edificio_aurora_10_35-768x768.jpg 768w, https:\/\/www.arquimaster.com.ar\/web\/wp-content\/uploads\/2025\/04\/edificio_aurora_10_35.jpg 1500w\" sizes=\"auto, (max-width: 150px) 100vw, 150px\" \/><\/a>\n\t\t\t<\/div>\n\t\t\t\t<figcaption class='wp-caption-text gallery-caption' id='gallery-1-84391'>\n\t\t\t\tEdificio Aurora 10 \/ Tiago do Vale Arquitectos (\u00a9 Jo\u00e3o Morgado)\n\t\t\t\t<\/figcaption><\/figure><figure class='gallery-item'>\n\t\t\t<div class='gallery-icon landscape'>\n\t\t\t\t<a href='https:\/\/www.arquimaster.com.ar\/web\/wp-content\/uploads\/2025\/04\/edificio_aurora_10_36.jpg' title=\"Edificio Aurora 10 \/ Tiago do Vale Arquitectos (\u00a9 Jo\u00e3o Morgado)\" data-rl_title=\"Edificio Aurora 10 \/ Tiago do Vale Arquitectos (\u00a9 Jo\u00e3o Morgado)\" class=\"rl-gallery-link\" data-rl_caption=\"Edificio Aurora 10 \/ Tiago do Vale Arquitectos (\u00a9 Jo\u00e3o Morgado)\" data-rel=\"lightbox-gallery-1\"><img loading=\"lazy\" decoding=\"async\" width=\"150\" height=\"150\" src=\"https:\/\/www.arquimaster.com.ar\/web\/wp-content\/uploads\/2025\/04\/edificio_aurora_10_36-150x150.jpg\" class=\"attachment-thumbnail size-thumbnail\" alt=\"Edificio Aurora 10 \/ Tiago do Vale Arquitectos\" aria-describedby=\"gallery-1-84392\" \/><\/a>\n\t\t\t<\/div>\n\t\t\t\t<figcaption class='wp-caption-text gallery-caption' id='gallery-1-84392'>\n\t\t\t\tEdificio Aurora 10 \/ Tiago do Vale Arquitectos (\u00a9 Jo\u00e3o Morgado)\n\t\t\t\t<\/figcaption><\/figure><figure class='gallery-item'>\n\t\t\t<div class='gallery-icon portrait'>\n\t\t\t\t<a href='https:\/\/www.arquimaster.com.ar\/web\/wp-content\/uploads\/2025\/04\/edificio_aurora_10_37.jpg' title=\"Edificio Aurora 10 \/ Tiago do Vale Arquitectos (\u00a9 Jo\u00e3o Morgado)\" data-rl_title=\"Edificio Aurora 10 \/ Tiago do Vale Arquitectos (\u00a9 Jo\u00e3o Morgado)\" class=\"rl-gallery-link\" data-rl_caption=\"Edificio Aurora 10 \/ Tiago do Vale Arquitectos (\u00a9 Jo\u00e3o Morgado)\" data-rel=\"lightbox-gallery-1\"><img loading=\"lazy\" decoding=\"async\" width=\"150\" height=\"150\" src=\"https:\/\/www.arquimaster.com.ar\/web\/wp-content\/uploads\/2025\/04\/edificio_aurora_10_37-150x150.jpg\" class=\"attachment-thumbnail size-thumbnail\" alt=\"Edificio Aurora 10 \/ Tiago do Vale Arquitectos\" aria-describedby=\"gallery-1-84393\" \/><\/a>\n\t\t\t<\/div>\n\t\t\t\t<figcaption class='wp-caption-text gallery-caption' id='gallery-1-84393'>\n\t\t\t\tEdificio Aurora 10 \/ Tiago do Vale Arquitectos (\u00a9 Jo\u00e3o Morgado)\n\t\t\t\t<\/figcaption><\/figure><figure class='gallery-item'>\n\t\t\t<div class='gallery-icon landscape'>\n\t\t\t\t<a href='https:\/\/www.arquimaster.com.ar\/web\/wp-content\/uploads\/2025\/04\/edificio_aurora_10_38.jpg' title=\"Edificio Aurora 10 \/ Tiago do Vale Arquitectos (\u00a9 Jo\u00e3o Morgado)\" data-rl_title=\"Edificio Aurora 10 \/ Tiago do Vale Arquitectos (\u00a9 Jo\u00e3o Morgado)\" class=\"rl-gallery-link\" data-rl_caption=\"Edificio Aurora 10 \/ Tiago do Vale Arquitectos (\u00a9 Jo\u00e3o Morgado)\" data-rel=\"lightbox-gallery-1\"><img loading=\"lazy\" decoding=\"async\" width=\"150\" height=\"150\" src=\"https:\/\/www.arquimaster.com.ar\/web\/wp-content\/uploads\/2025\/04\/edificio_aurora_10_38-150x150.jpg\" class=\"attachment-thumbnail size-thumbnail\" alt=\"Edificio Aurora 10 \/ Tiago do Vale Arquitectos\" aria-describedby=\"gallery-1-84394\" srcset=\"https:\/\/www.arquimaster.com.ar\/web\/wp-content\/uploads\/2025\/04\/edificio_aurora_10_38-150x150.jpg 150w, https:\/\/www.arquimaster.com.ar\/web\/wp-content\/uploads\/2025\/04\/edificio_aurora_10_38-768x768.jpg 768w, https:\/\/www.arquimaster.com.ar\/web\/wp-content\/uploads\/2025\/04\/edificio_aurora_10_38.jpg 1500w\" sizes=\"auto, (max-width: 150px) 100vw, 150px\" \/><\/a>\n\t\t\t<\/div>\n\t\t\t\t<figcaption class='wp-caption-text gallery-caption' id='gallery-1-84394'>\n\t\t\t\tEdificio Aurora 10 \/ Tiago do Vale Arquitectos (\u00a9 Jo\u00e3o Morgado)\n\t\t\t\t<\/figcaption><\/figure><figure class='gallery-item'>\n\t\t\t<div class='gallery-icon landscape'>\n\t\t\t\t<a href='https:\/\/www.arquimaster.com.ar\/web\/wp-content\/uploads\/2025\/04\/edificio_aurora_10_39.jpg' title=\"Edificio Aurora 10 \/ Tiago do Vale Arquitectos (\u00a9 Jo\u00e3o Morgado)\" data-rl_title=\"Edificio Aurora 10 \/ Tiago do Vale Arquitectos (\u00a9 Jo\u00e3o Morgado)\" class=\"rl-gallery-link\" data-rl_caption=\"Edificio Aurora 10 \/ Tiago do Vale Arquitectos (\u00a9 Jo\u00e3o Morgado)\" data-rel=\"lightbox-gallery-1\"><img loading=\"lazy\" decoding=\"async\" width=\"150\" height=\"150\" src=\"https:\/\/www.arquimaster.com.ar\/web\/wp-content\/uploads\/2025\/04\/edificio_aurora_10_39-150x150.jpg\" class=\"attachment-thumbnail size-thumbnail\" alt=\"Edificio Aurora 10 \/ Tiago do Vale Arquitectos\" aria-describedby=\"gallery-1-84395\" srcset=\"https:\/\/www.arquimaster.com.ar\/web\/wp-content\/uploads\/2025\/04\/edificio_aurora_10_39-150x150.jpg 150w, https:\/\/www.arquimaster.com.ar\/web\/wp-content\/uploads\/2025\/04\/edificio_aurora_10_39-768x768.jpg 768w, https:\/\/www.arquimaster.com.ar\/web\/wp-content\/uploads\/2025\/04\/edificio_aurora_10_39.jpg 1500w\" sizes=\"auto, (max-width: 150px) 100vw, 150px\" \/><\/a>\n\t\t\t<\/div>\n\t\t\t\t<figcaption class='wp-caption-text gallery-caption' id='gallery-1-84395'>\n\t\t\t\tEdificio Aurora 10 \/ Tiago do Vale Arquitectos (\u00a9 Jo\u00e3o Morgado)\n\t\t\t\t<\/figcaption><\/figure><figure class='gallery-item'>\n\t\t\t<div class='gallery-icon landscape'>\n\t\t\t\t<a href='https:\/\/www.arquimaster.com.ar\/web\/wp-content\/uploads\/2025\/04\/edificio_aurora_10_40.jpg' title=\"Edificio Aurora 10 \/ Tiago do Vale Arquitectos (\u00a9 Jo\u00e3o Morgado)\" data-rl_title=\"Edificio Aurora 10 \/ Tiago do Vale Arquitectos (\u00a9 Jo\u00e3o Morgado)\" class=\"rl-gallery-link\" data-rl_caption=\"Edificio Aurora 10 \/ Tiago do Vale Arquitectos (\u00a9 Jo\u00e3o Morgado)\" data-rel=\"lightbox-gallery-1\"><img loading=\"lazy\" decoding=\"async\" width=\"150\" height=\"150\" src=\"https:\/\/www.arquimaster.com.ar\/web\/wp-content\/uploads\/2025\/04\/edificio_aurora_10_40-150x150.jpg\" class=\"attachment-thumbnail size-thumbnail\" alt=\"Edificio Aurora 10 \/ Tiago do Vale Arquitectos\" aria-describedby=\"gallery-1-84396\" srcset=\"https:\/\/www.arquimaster.com.ar\/web\/wp-content\/uploads\/2025\/04\/edificio_aurora_10_40-150x150.jpg 150w, https:\/\/www.arquimaster.com.ar\/web\/wp-content\/uploads\/2025\/04\/edificio_aurora_10_40-768x768.jpg 768w, https:\/\/www.arquimaster.com.ar\/web\/wp-content\/uploads\/2025\/04\/edificio_aurora_10_40.jpg 1500w\" sizes=\"auto, (max-width: 150px) 100vw, 150px\" \/><\/a>\n\t\t\t<\/div>\n\t\t\t\t<figcaption class='wp-caption-text gallery-caption' id='gallery-1-84396'>\n\t\t\t\tEdificio Aurora 10 \/ Tiago do Vale Arquitectos (\u00a9 Jo\u00e3o Morgado)\n\t\t\t\t<\/figcaption><\/figure><figure class='gallery-item'>\n\t\t\t<div class='gallery-icon portrait'>\n\t\t\t\t<a href='https:\/\/www.arquimaster.com.ar\/web\/wp-content\/uploads\/2025\/04\/edificio_aurora_10_41.jpg' title=\"Edificio Aurora 10 \/ Tiago do Vale Arquitectos (\u00a9 Jo\u00e3o Morgado)\" data-rl_title=\"Edificio Aurora 10 \/ Tiago do Vale Arquitectos (\u00a9 Jo\u00e3o Morgado)\" class=\"rl-gallery-link\" data-rl_caption=\"Edificio Aurora 10 \/ Tiago do Vale Arquitectos (\u00a9 Jo\u00e3o Morgado)\" data-rel=\"lightbox-gallery-1\"><img loading=\"lazy\" decoding=\"async\" width=\"150\" height=\"150\" src=\"https:\/\/www.arquimaster.com.ar\/web\/wp-content\/uploads\/2025\/04\/edificio_aurora_10_41-150x150.jpg\" class=\"attachment-thumbnail size-thumbnail\" alt=\"Edificio Aurora 10 \/ Tiago do Vale Arquitectos\" aria-describedby=\"gallery-1-84397\" \/><\/a>\n\t\t\t<\/div>\n\t\t\t\t<figcaption class='wp-caption-text gallery-caption' id='gallery-1-84397'>\n\t\t\t\tEdificio Aurora 10 \/ Tiago do Vale Arquitectos (\u00a9 Jo\u00e3o Morgado)\n\t\t\t\t<\/figcaption><\/figure><figure class='gallery-item'>\n\t\t\t<div class='gallery-icon landscape'>\n\t\t\t\t<a href='https:\/\/www.arquimaster.com.ar\/web\/wp-content\/uploads\/2025\/04\/edificio_aurora_10_42.jpg' title=\"Edificio Aurora 10 \/ Tiago do Vale Arquitectos (\u00a9 Jo\u00e3o Morgado)\" data-rl_title=\"Edificio Aurora 10 \/ Tiago do Vale Arquitectos (\u00a9 Jo\u00e3o Morgado)\" class=\"rl-gallery-link\" data-rl_caption=\"Edificio Aurora 10 \/ Tiago do Vale Arquitectos (\u00a9 Jo\u00e3o Morgado)\" data-rel=\"lightbox-gallery-1\"><img loading=\"lazy\" decoding=\"async\" width=\"150\" height=\"150\" src=\"https:\/\/www.arquimaster.com.ar\/web\/wp-content\/uploads\/2025\/04\/edificio_aurora_10_42-150x150.jpg\" class=\"attachment-thumbnail size-thumbnail\" alt=\"Edificio Aurora 10 \/ Tiago do Vale Arquitectos\" aria-describedby=\"gallery-1-84398\" srcset=\"https:\/\/www.arquimaster.com.ar\/web\/wp-content\/uploads\/2025\/04\/edificio_aurora_10_42-150x150.jpg 150w, https:\/\/www.arquimaster.com.ar\/web\/wp-content\/uploads\/2025\/04\/edificio_aurora_10_42-768x768.jpg 768w, https:\/\/www.arquimaster.com.ar\/web\/wp-content\/uploads\/2025\/04\/edificio_aurora_10_42.jpg 1500w\" sizes=\"auto, (max-width: 150px) 100vw, 150px\" \/><\/a>\n\t\t\t<\/div>\n\t\t\t\t<figcaption class='wp-caption-text gallery-caption' id='gallery-1-84398'>\n\t\t\t\tEdificio Aurora 10 \/ Tiago do Vale Arquitectos (\u00a9 Jo\u00e3o Morgado)\n\t\t\t\t<\/figcaption><\/figure><figure class='gallery-item'>\n\t\t\t<div class='gallery-icon landscape'>\n\t\t\t\t<a href='https:\/\/www.arquimaster.com.ar\/web\/wp-content\/uploads\/2025\/04\/edificio_aurora_10_43.jpg' title=\"Edificio Aurora 10 \/ Tiago do Vale Arquitectos (\u00a9 Jo\u00e3o Morgado)\" data-rl_title=\"Edificio Aurora 10 \/ Tiago do Vale Arquitectos (\u00a9 Jo\u00e3o Morgado)\" class=\"rl-gallery-link\" data-rl_caption=\"Edificio Aurora 10 \/ Tiago do Vale Arquitectos (\u00a9 Jo\u00e3o Morgado)\" data-rel=\"lightbox-gallery-1\"><img loading=\"lazy\" decoding=\"async\" width=\"150\" height=\"150\" src=\"https:\/\/www.arquimaster.com.ar\/web\/wp-content\/uploads\/2025\/04\/edificio_aurora_10_43-150x150.jpg\" class=\"attachment-thumbnail size-thumbnail\" alt=\"Edificio Aurora 10 \/ Tiago do Vale Arquitectos\" aria-describedby=\"gallery-1-84399\" \/><\/a>\n\t\t\t<\/div>\n\t\t\t\t<figcaption class='wp-caption-text gallery-caption' id='gallery-1-84399'>\n\t\t\t\tEdificio Aurora 10 \/ Tiago do Vale Arquitectos (\u00a9 Jo\u00e3o Morgado)\n\t\t\t\t<\/figcaption><\/figure><figure class='gallery-item'>\n\t\t\t<div class='gallery-icon landscape'>\n\t\t\t\t<a href='https:\/\/www.arquimaster.com.ar\/web\/wp-content\/uploads\/2025\/04\/edificio_aurora_10_44.jpg' title=\"Edificio Aurora 10 \/ Tiago do Vale Arquitectos (\u00a9 Jo\u00e3o Morgado)\" data-rl_title=\"Edificio Aurora 10 \/ Tiago do Vale Arquitectos (\u00a9 Jo\u00e3o Morgado)\" class=\"rl-gallery-link\" data-rl_caption=\"Edificio Aurora 10 \/ Tiago do Vale Arquitectos (\u00a9 Jo\u00e3o Morgado)\" data-rel=\"lightbox-gallery-1\"><img loading=\"lazy\" decoding=\"async\" width=\"150\" height=\"150\" src=\"https:\/\/www.arquimaster.com.ar\/web\/wp-content\/uploads\/2025\/04\/edificio_aurora_10_44-150x150.jpg\" class=\"attachment-thumbnail size-thumbnail\" alt=\"Edificio Aurora 10 \/ Tiago do Vale Arquitectos\" aria-describedby=\"gallery-1-84400\" srcset=\"https:\/\/www.arquimaster.com.ar\/web\/wp-content\/uploads\/2025\/04\/edificio_aurora_10_44-150x150.jpg 150w, https:\/\/www.arquimaster.com.ar\/web\/wp-content\/uploads\/2025\/04\/edificio_aurora_10_44-768x768.jpg 768w, https:\/\/www.arquimaster.com.ar\/web\/wp-content\/uploads\/2025\/04\/edificio_aurora_10_44.jpg 1500w\" sizes=\"auto, (max-width: 150px) 100vw, 150px\" \/><\/a>\n\t\t\t<\/div>\n\t\t\t\t<figcaption class='wp-caption-text gallery-caption' id='gallery-1-84400'>\n\t\t\t\tEdificio Aurora 10 \/ Tiago do Vale Arquitectos (\u00a9 Jo\u00e3o Morgado)\n\t\t\t\t<\/figcaption><\/figure><figure class='gallery-item'>\n\t\t\t<div class='gallery-icon landscape'>\n\t\t\t\t<a href='https:\/\/www.arquimaster.com.ar\/web\/wp-content\/uploads\/2025\/04\/edificio_aurora_10_45.jpg' title=\"Edificio Aurora 10 \/ Tiago do Vale Arquitectos (\u00a9 Jo\u00e3o Morgado)\" data-rl_title=\"Edificio Aurora 10 \/ Tiago do Vale Arquitectos (\u00a9 Jo\u00e3o Morgado)\" class=\"rl-gallery-link\" data-rl_caption=\"Edificio Aurora 10 \/ Tiago do Vale Arquitectos (\u00a9 Jo\u00e3o Morgado)\" data-rel=\"lightbox-gallery-1\"><img loading=\"lazy\" decoding=\"async\" width=\"150\" height=\"150\" src=\"https:\/\/www.arquimaster.com.ar\/web\/wp-content\/uploads\/2025\/04\/edificio_aurora_10_45-150x150.jpg\" class=\"attachment-thumbnail size-thumbnail\" alt=\"Edificio Aurora 10 \/ Tiago do Vale Arquitectos\" aria-describedby=\"gallery-1-84401\" \/><\/a>\n\t\t\t<\/div>\n\t\t\t\t<figcaption class='wp-caption-text gallery-caption' id='gallery-1-84401'>\n\t\t\t\tEdificio Aurora 10 \/ Tiago do Vale Arquitectos (\u00a9 Jo\u00e3o Morgado)\n\t\t\t\t<\/figcaption><\/figure><figure class='gallery-item'>\n\t\t\t<div class='gallery-icon portrait'>\n\t\t\t\t<a href='https:\/\/www.arquimaster.com.ar\/web\/wp-content\/uploads\/2025\/04\/edificio_aurora_10_46.jpg' title=\"Edificio Aurora 10 \/ Tiago do Vale Arquitectos (\u00a9 Jo\u00e3o Morgado)\" data-rl_title=\"Edificio Aurora 10 \/ Tiago do Vale Arquitectos (\u00a9 Jo\u00e3o Morgado)\" class=\"rl-gallery-link\" data-rl_caption=\"Edificio Aurora 10 \/ Tiago do Vale Arquitectos (\u00a9 Jo\u00e3o Morgado)\" data-rel=\"lightbox-gallery-1\"><img loading=\"lazy\" decoding=\"async\" width=\"150\" height=\"150\" src=\"https:\/\/www.arquimaster.com.ar\/web\/wp-content\/uploads\/2025\/04\/edificio_aurora_10_46-150x150.jpg\" class=\"attachment-thumbnail size-thumbnail\" alt=\"Edificio Aurora 10 \/ Tiago do Vale Arquitectos\" aria-describedby=\"gallery-1-84402\" \/><\/a>\n\t\t\t<\/div>\n\t\t\t\t<figcaption class='wp-caption-text gallery-caption' id='gallery-1-84402'>\n\t\t\t\tEdificio Aurora 10 \/ Tiago do Vale Arquitectos (\u00a9 Jo\u00e3o Morgado)\n\t\t\t\t<\/figcaption><\/figure><figure class='gallery-item'>\n\t\t\t<div class='gallery-icon landscape'>\n\t\t\t\t<a href='https:\/\/www.arquimaster.com.ar\/web\/wp-content\/uploads\/2025\/04\/edificio_aurora_10_47.jpg' title=\"Edificio Aurora 10 \/ Tiago do Vale Arquitectos (implantaci\u00f3n)\" data-rl_title=\"Edificio Aurora 10 \/ Tiago do Vale Arquitectos (implantaci\u00f3n)\" class=\"rl-gallery-link\" data-rl_caption=\"Edificio Aurora 10 \/ Tiago do Vale Arquitectos (implantaci\u00f3n)\" data-rel=\"lightbox-gallery-1\"><img loading=\"lazy\" decoding=\"async\" width=\"150\" height=\"150\" src=\"https:\/\/www.arquimaster.com.ar\/web\/wp-content\/uploads\/2025\/04\/edificio_aurora_10_47-150x150.jpg\" class=\"attachment-thumbnail size-thumbnail\" alt=\"Edificio Aurora 10 \/ Tiago do Vale Arquitectos\" aria-describedby=\"gallery-1-84403\" \/><\/a>\n\t\t\t<\/div>\n\t\t\t\t<figcaption class='wp-caption-text gallery-caption' id='gallery-1-84403'>\n\t\t\t\tEdificio Aurora 10 \/ Tiago do Vale Arquitectos (implantaci\u00f3n)\n\t\t\t\t<\/figcaption><\/figure><figure class='gallery-item'>\n\t\t\t<div class='gallery-icon landscape'>\n\t\t\t\t<a href='https:\/\/www.arquimaster.com.ar\/web\/wp-content\/uploads\/2025\/04\/edificio_aurora_10_48.jpg' title=\"Edificio Aurora 10 \/ Tiago do Vale Arquitectos (implantaci\u00f3n)\" data-rl_title=\"Edificio Aurora 10 \/ Tiago do Vale Arquitectos (implantaci\u00f3n)\" class=\"rl-gallery-link\" data-rl_caption=\"Edificio Aurora 10 \/ Tiago do Vale Arquitectos (implantaci\u00f3n)\" data-rel=\"lightbox-gallery-1\"><img loading=\"lazy\" decoding=\"async\" width=\"150\" height=\"150\" src=\"https:\/\/www.arquimaster.com.ar\/web\/wp-content\/uploads\/2025\/04\/edificio_aurora_10_48-150x150.jpg\" class=\"attachment-thumbnail size-thumbnail\" alt=\"Edificio Aurora 10 \/ Tiago do Vale Arquitectos\" aria-describedby=\"gallery-1-84404\" \/><\/a>\n\t\t\t<\/div>\n\t\t\t\t<figcaption class='wp-caption-text gallery-caption' id='gallery-1-84404'>\n\t\t\t\tEdificio Aurora 10 \/ Tiago do Vale Arquitectos (implantaci\u00f3n)\n\t\t\t\t<\/figcaption><\/figure><figure class='gallery-item'>\n\t\t\t<div class='gallery-icon landscape'>\n\t\t\t\t<a href='https:\/\/www.arquimaster.com.ar\/web\/wp-content\/uploads\/2025\/04\/edificio_aurora_10_49.jpg' title=\"Edificio Aurora 10 \/ Tiago do Vale Arquitectos (planta tipo)\" data-rl_title=\"Edificio Aurora 10 \/ Tiago do Vale Arquitectos (planta tipo)\" class=\"rl-gallery-link\" data-rl_caption=\"Edificio Aurora 10 \/ Tiago do Vale Arquitectos (planta tipo)\" data-rel=\"lightbox-gallery-1\"><img loading=\"lazy\" decoding=\"async\" width=\"150\" height=\"150\" src=\"https:\/\/www.arquimaster.com.ar\/web\/wp-content\/uploads\/2025\/04\/edificio_aurora_10_49-150x150.jpg\" class=\"attachment-thumbnail size-thumbnail\" alt=\"Edificio Aurora 10 \/ Tiago do Vale Arquitectos\" aria-describedby=\"gallery-1-84405\" \/><\/a>\n\t\t\t<\/div>\n\t\t\t\t<figcaption class='wp-caption-text gallery-caption' id='gallery-1-84405'>\n\t\t\t\tEdificio Aurora 10 \/ Tiago do Vale Arquitectos (planta tipo)\n\t\t\t\t<\/figcaption><\/figure><figure class='gallery-item'>\n\t\t\t<div class='gallery-icon landscape'>\n\t\t\t\t<a href='https:\/\/www.arquimaster.com.ar\/web\/wp-content\/uploads\/2025\/04\/edificio_aurora_10_50.jpg' title=\"Edificio Aurora 10 \/ Tiago do Vale Arquitectos (sector planta tipo)\" data-rl_title=\"Edificio Aurora 10 \/ Tiago do Vale Arquitectos (sector planta tipo)\" class=\"rl-gallery-link\" data-rl_caption=\"Edificio Aurora 10 \/ Tiago do Vale Arquitectos (sector planta tipo)\" data-rel=\"lightbox-gallery-1\"><img loading=\"lazy\" decoding=\"async\" width=\"150\" height=\"150\" src=\"https:\/\/www.arquimaster.com.ar\/web\/wp-content\/uploads\/2025\/04\/edificio_aurora_10_50-150x150.jpg\" class=\"attachment-thumbnail size-thumbnail\" alt=\"Edificio Aurora 10 \/ Tiago do Vale Arquitectos\" aria-describedby=\"gallery-1-84406\" \/><\/a>\n\t\t\t<\/div>\n\t\t\t\t<figcaption class='wp-caption-text gallery-caption' id='gallery-1-84406'>\n\t\t\t\tEdificio Aurora 10 \/ Tiago do Vale Arquitectos (sector planta tipo)\n\t\t\t\t<\/figcaption><\/figure><figure class='gallery-item'>\n\t\t\t<div class='gallery-icon landscape'>\n\t\t\t\t<a href='https:\/\/www.arquimaster.com.ar\/web\/wp-content\/uploads\/2025\/04\/edificio_aurora_10_51.jpg' title=\"Edificio Aurora 10 \/ Tiago do Vale Arquitectos (croquis)\" data-rl_title=\"Edificio Aurora 10 \/ Tiago do Vale Arquitectos (croquis)\" class=\"rl-gallery-link\" data-rl_caption=\"Edificio Aurora 10 \/ Tiago do Vale Arquitectos (croquis)\" data-rel=\"lightbox-gallery-1\"><img loading=\"lazy\" decoding=\"async\" width=\"150\" height=\"150\" src=\"https:\/\/www.arquimaster.com.ar\/web\/wp-content\/uploads\/2025\/04\/edificio_aurora_10_51-150x150.jpg\" class=\"attachment-thumbnail size-thumbnail\" alt=\"Edificio Aurora 10 \/ Tiago do Vale Arquitectos\" aria-describedby=\"gallery-1-84407\" \/><\/a>\n\t\t\t<\/div>\n\t\t\t\t<figcaption class='wp-caption-text gallery-caption' id='gallery-1-84407'>\n\t\t\t\tEdificio Aurora 10 \/ Tiago do Vale Arquitectos (croquis)\n\t\t\t\t<\/figcaption><\/figure><figure class='gallery-item'>\n\t\t\t<div class='gallery-icon landscape'>\n\t\t\t\t<a href='https:\/\/www.arquimaster.com.ar\/web\/wp-content\/uploads\/2025\/04\/edificio_aurora_10_52.jpg' title=\"Edificio Aurora 10 \/ Tiago do Vale Arquitectos (proyectista) (\u00a9 Marco Mendez)\" data-rl_title=\"Edificio Aurora 10 \/ Tiago do Vale Arquitectos (proyectista) (\u00a9 Marco Mendez)\" class=\"rl-gallery-link\" data-rl_caption=\"Edificio Aurora 10 \/ Tiago do Vale Arquitectos (proyectista) (\u00a9 Marco Mendez)\" data-rel=\"lightbox-gallery-1\"><img loading=\"lazy\" decoding=\"async\" width=\"150\" height=\"150\" src=\"https:\/\/www.arquimaster.com.ar\/web\/wp-content\/uploads\/2025\/04\/edificio_aurora_10_52-150x150.jpg\" class=\"attachment-thumbnail size-thumbnail\" alt=\"Edificio Aurora 10 \/ Tiago do Vale Arquitectos\" aria-describedby=\"gallery-1-84408\" \/><\/a>\n\t\t\t<\/div>\n\t\t\t\t<figcaption class='wp-caption-text gallery-caption' id='gallery-1-84408'>\n\t\t\t\tEdificio Aurora 10 \/ Tiago do Vale Arquitectos (proyectista) (\u00a9 Marco Mendez)\n\t\t\t\t<\/figcaption><\/figure>\n\t\t<\/div>\n\n<p>El resultado es, en la mayor\u00eda de los casos, la producci\u00f3n de edificios que no establecen relaciones con su entorno, no crean lugares significativos y no dise\u00f1an las calles estructuradas y org\u00e1nicas que reconocemos en los tejidos urbanos consolidados y exitosos.<\/p>\n<p>El Edificio Aurora 10 tiene como objetivo mitigar algunas de las limitaciones de este tipo de operaci\u00f3n, reinterpretando el dise\u00f1o de la parcela de manera que, por un lado, responda a las caracter\u00edsticas del entorno y sus necesidades, buscando alineamientos visuales preexistentes, y, por otro lado, abra camino al establecimiento de continuidades, relaciones m\u00e1s ricas con el estado actual y con futuras intervenciones y, sobre todo, dise\u00f1ando y participando en el espacio p\u00fablico.<\/p>\n<p>Aunque el programa requiere un dise\u00f1o extremadamente racionalizado, el tratamiento de la fachada principal rompe el monolitismo impl\u00edcito con un delicado juego de luz y sombra que compone el fondo de la calle, sugiriendo paneles verticales que, simult\u00e1neamente, rompen con el gesto horizontal abstracto de los balcones -creando una interesante contradicci\u00f3n entre estos dos dispositivos formales, que var\u00eda con la luz: a veces m\u00e1s discreta, otras veces m\u00e1s afirmativa- y, al mismo tiempo, evocando los ritmos verticales caracter\u00edsticos de las densas calles de los centros urbanos consolidados.<\/p>\n<p>El \u00abespacio p\u00fablico\u00bb de los suburbios ha sido, por lo general, el espacio sobrante entre edificios dispersos: una circunstancia que no ha producido una ciudad cualificada.<\/p>\n<p>Como consecuencia, era central proponer un edificio atento a su contexto y capaz de participar activamente en el espacio urbano, ya sea extendiendo su programa multifuncional a los espacios de transici\u00f3n entre el dominio p\u00fablico y el privado, o cualificando esas \u00e1reas de uso com\u00fan, difuminando las fronteras entre el espacio p\u00fablico asociado a la calle y el espacio privado dentro de la parcela.<\/p>\n<p>Las aceras que limitan la v\u00eda se extienden hacia una galer\u00eda comercial cubierta, culminando el recorrido al norte en un acceso configurado simult\u00e1neamente como escalera y auditorio, proporcionando un espacio de descanso y reuni\u00f3n, que en su momento ser\u00e1 resguardado por un Jacarand\u00e1.<\/p>\n<p>Este dise\u00f1o sirve como base para el tema a partir del cual la caja de escaleras del cuerpo norte se destaca, dibujando un hito (que define la identidad del edificio pero que se expresa a escala urbana) que recoge elementos de las construcciones vecinas y que remata la larga calle en su alineaci\u00f3n, atento al contexto y dando una respuesta adecuada a su entorno.<\/p>\n<p>Con una planta altamente sistematizada, la estructura presenta un ritmo simple y regular.<\/p>\n<p>Esta estrategia, con un enfoque central en la eficiencia en el uso de las \u00e1reas construidas, evit\u00f3 geometr\u00edas complejas y \u00e1reas perdidas en las circulaciones, maximizando el espacio \u00fatil destinado a los usos principales.<\/p>\n<p>De este modo, se consigui\u00f3, en particular, dotar a los apartamentos de tres dormitorios de un espacio adicional, sin una funci\u00f3n predefinida, que puede ser apropiado de diversas maneras.<\/p>\n<p>Las zonas comunes se han tratado con la m\u00e1xima dignidad, siendo el primer contacto que tanto los visitantes como los residentes tienen con el edificio.<\/p>\n<p>Inspirados en el \u00abmedio de la casa\u00bb de la arquitectura popular de los Azores, los apartamentos de tres dormitorios presentan un espacio generoso relacionado con la entrada y las circulaciones interiores, sin funci\u00f3n espec\u00edfica, que puede ser apropiado para los usos m\u00e1s variados: espacio de estudio, taller, biblioteca, oficina, o incluso -mediante particionamiento adicional, separando el \u00e1rea de entrada de la zona de distribuci\u00f3n a los dormitorios- trasteros, espacio para tratamiento de ropa, despensa, vestidor, entre otros.<\/p>\n<p>El uso de este espacio est\u00e1 limitado \u00fanicamente por la imaginaci\u00f3n, pudiendo dar respuesta a necesidades dom\u00e9sticas suplementarias, acomodar hobbies de los residentes, peque\u00f1os negocios desde casa, o incluso necesidades transitorias y ocasionales que no pueden ser satisfechas en otras \u00e1reas del apartamento.<\/p>\n<p>Esta flexibilidad, que va m\u00e1s all\u00e1 de lo estrictamente funcional, constituye un fuerte precursor de calidad de vida en la vivienda.<\/p>\n<p>Los espacios presentan geometr\u00edas elementales, lo que permite su ocupaci\u00f3n de manera simple y eficiente.<\/p>\n<p>Los acabados se realizan con maderas nacionales (roble y casta\u00f1o) y m\u00e1rmol nacional (de Estremoz) en las zonas h\u00famedas.<\/p>\n<p>Los balcones dise\u00f1ados y los vanos acristalados retrocedidos permiten presentar una fachada integral de vidrio, aprovechando la vista panor\u00e1mica pero garantizando privacidad y minimizando las ganancias solares.<\/p>\n<p>El Edificio Aurora 10 pretende dotar la calle de un car\u00e1cter m\u00e1s urbano e integrado, utilizando la luz y la forma para transformar la matriz de la parcela en un objeto rico, abstracto y de gran ligereza, asentado sobre una base de granito extra\u00eddo localmente.<\/p>\n<p>A trav\u00e9s de un dise\u00f1o simult\u00e1neamente t\u00e9cnico y org\u00e1nico, simple y complejo, se enfatiza la importancia de incorporar la calle y el edificio, garantizando que la propuesta no se limite a existir, sino que tambi\u00e9n ofrezca algo a la calle, atenta a las escalas de la ciudad y de los barrios, y que pueda dejar pistas para la discusi\u00f3n y el dise\u00f1o de futuras intervenciones urbanas.<\/p>\n\n\n<div style=\"height:20px\" aria-hidden=\"true\" class=\"wp-block-spacer\"><\/div>\n\n\n\n<p class=\"has-background\" style=\"background-color:#eaeaea\"><strong>Ficha t\u00e9cnica<\/strong><br>Nombre: Edificio Aurora 10<br>Ubicaci\u00f3n: Ponte de Lima, Portugal<br>Arquitectura: Atelier Tiago do Vale, Arquitectos<br>Equipo de proyecto: Tiago do Vale, Adriana Gon\u00e7alves, con Paula Campos y Clementina Silva<br>Promotor: Rio Sul L.da<br>Construcci\u00f3n: Rio Sul L.da<br>Ingenier\u00eda: Ing. Eduarda Oliveira<br>Muebles: Redel Interiores<br>\u00c1rea de implantaci\u00f3n: 1247 m2<br>\u00c1rea de construcci\u00f3n: 4919 m2<br>A\u00f1o de proyecto: 2020-2021<br>A\u00f1o de construcci\u00f3n: 2021-2024<br>Fotograf\u00eda: Jo\u00e3o Morgado<br>Sitio web: https:\/\/tiagodovale.com<\/p>\n\n\n\n<div style=\"height:40px\" aria-hidden=\"true\" class=\"wp-block-spacer\"><\/div>\n\n\n<p><strong><em>English version<\/em><\/strong><\/p>\n<p><strong><em>Aurora 10 Building<\/em><\/strong><\/p>\n<p><em>Designing in suburban housing developments is, in general, an urbanistic challenge of considerable scale: their layouts rarely stem from overarching strategic intentions for the city, limiting its ability to consolidate its identity and urban characteristics or enhance them, both in terms of urban performance and the quality of life it provides.<\/em><\/p>\n<p><em>The result is, in most cases, the construction of buildings that do not establish relationships with their surroundings, fail to create meaningful places and do not produce the structured, organic streets we recognise in consolidated and successful urban areas.<\/em><\/p>\n<p><em>The Aurora 10 Building aims to mitigate some of the limitations of this type of development by reinterpreting the design of the plot in such a way that, on one hand, responds to the characteristics of the surrounding area and its needs, seeking existing visual alignments, and, on the other hand, paves the way for the establishment of continuities, richer relationships with present and future interventions, and, above all, participates in and designs public space.<\/em><\/p>\n<p><em>Although the programme requires an extremely rationalised design, the treatment of the main fa\u00e7ade breaks the monolithic feel with a delicate play of light and shadow that forms the backdrop to the street, suggesting vertical panels that simultaneously disrupt the abstract horizontal gesture of the balconies -creating an intriguing contradiction between these two formal devices, which changes with the light: sometimes more subtle, other times more assertive- while also referencing the vertical rhythms characteristic of the dense streets of consolidated city centres.<\/em><\/p>\n<p><em>The \u201cpublic space\u201d of the suburbs has generally consisted of the leftover areas between scattered buildings: a situation that has not produced qualified city.<\/em><\/p>\n<p><em>As a result, it was crucial to propose a building aware of its context and capable of actively participating in the urban space, either by extending its multifunctional programme into the transitional spaces between public and private domains, or by valuating those shared spaces, blurring the boundaries between the public realm associated with the street and the private space within the plot.<\/em><\/p>\n<p><em>The sidewalks that border the street extend into a covered commercial gallery, culminating in a northern access point configured simultaneously both as stairs and an auditorium, providing a space for rest and gathering, which a Jacaranda tree will shelter in time.<\/em><\/p>\n<p><em>This design serves as the foundation of the theme from which the staircase of the northern block emerges, creating a landmark (which defines the building\u2019s identity but expresses itself at an urban scale) that draws cues from the neighbouring constructions and crowns the long street that ends at its steps, mindful of the context and responding appropriately to its surroundings.<\/em><\/p>\n<p><em>With a highly systematised plan, the structure presents a simple and regular rhythm.<\/em><\/p>\n<p><em>This approach, together with a central focus on efficiency in the use of building areas, avoided complex geometries and lost space in circulation, maximising the usable space designated for the primary functions.<\/em><\/p>\n<p><em>Thus, it was possible, in particular, to provide the three-bedroom apartments with an additional space, without a predefined function, which can be appropriated in a variety of ways.<\/em><\/p>\n<p><em>The common areas were treated with the utmost dignity, as they represent the first contact both visitors and residents have with the building.<\/em><\/p>\n<p><em>Inspired by the \u00abmiddle-of-the-house\u00bb concept of Azorean vernacular architecture, the three-bedroom apartments feature a generous space related to the entrance and interior circulation, without a specific function, which can be adapted for various uses: study space, workshop, library, office, or even -through additional partitioning, separating the entrance area from the distribution space for the bedrooms- storage, laundry area, pantry, closet, among others.<\/em><\/p>\n<p><em>The use of this space is only limited by imagination, and it can meet supplementary domestic needs, accommodate residents\u2019 hobbies, small home businesses, or even transient and occasional needs that cannot be satisfied elsewhere in the apartment.<\/em><\/p>\n<p><em>This flexibility, which goes beyond the strictly functional, is a strong precursor of quality of life in housing.<\/em><\/p>\n<p><em>The spaces feature elementary geometries, allowing for simple and efficient occupation.<\/em><\/p>\n<p><em>The finishes are executed using domestic woods (oak and chestnut) and domestic (Estremoz) marble in the wet areas.<\/em><\/p>\n<p><em>The projecting balconies and recessed glazed openings allow for an integral glass fa\u00e7ade, making the most of the open view while guaranteeing privacy and minimising solar gains<\/em><\/p>\n<p><em>The Aurora 10 Building aims to imbue the street with a more urban and integrated character, using light and form to transform the lot&#8217;s framework into a rich, abstract, and remarkably lightweight object, resting on a base of locally quarried granite.<\/em><\/p>\n<p><em>Through a design that is both technical and organic, simple and complex, the importance of incorporating the street and the building is emphasised, ensuring that the proposal is not merely about it existing, but also offers something to the street, mindful of the scales of cities and neighbourhoods, and capable of leaving cues for the discussion and design of future urban interventions.<\/em><\/p>\n\n\n<div style=\"height:20px\" aria-hidden=\"true\" class=\"wp-block-spacer\"><\/div>\n\n\n<p><strong><em>Vers\u00e3o em portugu\u00eas<\/em><\/strong><\/p>\n<p><strong><em>Edif\u00edcio Aurora 10<\/em><\/strong><\/p>\n<p><em>Projetar em loteamentos suburbanos \u00e9, em geral, um desafio de monta: o seu plano raramente emana de vontades estrat\u00e9gicas transversais para a urbe, limitando a sua capacidade de consolidar as suas caracter\u00edsticas identit\u00e1rias e urban\u00edsticas ou de as valorizar, quer no seu desempenho urbano, quer na qualidade de vida que provisionam.<\/em><\/p>\n<p><em>O resultado \u00e9, frequentemente, a implanta\u00e7\u00e3o de pe\u00e7as que n\u00e3o estabelecem rela\u00e7\u00f5es com a envolvente, n\u00e3o criam lugares, nem desenham as ruas estruturadas e org\u00e2nicas que reconhecemos em tecido urbano consolidado e bem-sucedido.<\/em><\/p>\n<p><em>O Edif\u00edcio Aurora 10 pretende mitigar algumas das limita\u00e7\u00f5es deste tipo de opera\u00e7\u00e3o, reinterpretando o desenho do lote em m\u00e3os de uma forma que responda \u00e0s particularidades da envolvente e \u00e0s suas necessidades, procurando enfiamentos visuais preexistentes, abrindo caminho ao estabelecimento de continuidades, de rela\u00e7\u00f5es mais ricas com o seu contexto e com futuras interven\u00e7\u00f5es e, sobretudo, desenhando e participando no espa\u00e7o p\u00fablico.<\/em><\/p>\n<p><em>Embora o programa implique um desenho extremamente racionalizado, o tratamento da fachada principal quebra o monolitismo impl\u00edcito com um delicado jogo de luz e sombra que comp\u00f5e o cen\u00e1rio para a rua, sugerindo panos verticais que, simultaneamente, rompem com o gesto horizontal abstrato das varandas -criando uma estimulante contradi\u00e7\u00e3o entre estes dois dispositivos formais, vari\u00e1vel com a luz: \u00e0s vezes mais discreta, outras vezes mais afirmativa- e citam os ritmos verticais pr\u00f3prios das densas ruas dos centros consolidados.<\/em><\/p>\n<p><em>O \u00abespa\u00e7o p\u00fablico\u00bb das periferias tem sido, geralmente, o sobrante entre edif\u00edcios avulsos: uma circunst\u00e2ncia que n\u00e3o tem produzido cidade qualificada.<\/em><\/p>\n<p><em>Em consequ\u00eancia, era central propor um edif\u00edcio atento ao seu contexto e capaz de participar ativamente no espa\u00e7o urbano, quer estendendo o seu programa multifuncional para os espa\u00e7os de transi\u00e7\u00e3o entre o dom\u00ednio p\u00fablico e o dom\u00ednio privado, quer qualificando essas \u00e1reas de uso comum, diluindo as fronteiras entre o espa\u00e7o p\u00fablico associado \u00e0 rua e o espa\u00e7o privado do interior do lote.<\/em><\/p>\n<p><em>Os passeios que limitam a via prolongam-se para uma galeria comercial coberta, culminando o percurso a norte num acesso configurado simultaneamente como escada e audit\u00f3rio, providenciando um espa\u00e7o de descanso e de reuni\u00e3o, que um Jacarand\u00e1 a seu tempo abrigar\u00e1.<\/em><\/p>\n<p><em>Este desenho serve de base ao tema a partir do qual a caixa de escadas do corpo norte emana, desenhando um marco (que define a identidade do edif\u00edcio, mas que se exprime \u00e0 escala urbana) que recebe pistas das constru\u00e7\u00f5es vizinhas e que remata a longa rua no seu enfiamento, atento ao seu contexto e dando uma resposta ajustada \u00e0 sua envolvente.<\/em><\/p>\n<p><em>Com uma planta altamente sistematizada, a estrutura apresenta um ritmo simples e regular.<\/em><\/p>\n<p><em>Esta abordagem, com um foco central na efici\u00eancia no uso de \u00e1reas de constru\u00e7\u00e3o, evitou geometrias complexas e \u00e1reas perdidas em circula\u00e7\u00f5es, maximizando o espa\u00e7o \u00fatil destinado aos principais usos.<\/em><\/p>\n<p><em>Conseguiu-se assim, em particular, dotar os apartamentos T3 de um espa\u00e7o suplementar, sem fun\u00e7\u00e3o predefinida, apropri\u00e1vel das mais variadas formas.<\/em><\/p>\n<p><em>As zonas comuns foram tratadas com o m\u00e1ximo de dignidade, sendo o primeiro contacto que tanto visitantes como residentes t\u00eam com o edif\u00edcio.<\/em><\/p>\n<p><em>Com inspira\u00e7\u00e3o no \u00abmeio-da-casa\u00bb da arquitetura popular a\u00e7oriana, os apartamentos T3 apresentam um espa\u00e7o generoso relacionado com a entrada e as circula\u00e7\u00f5es interiores, sem fun\u00e7\u00e3o espec\u00edfica, que pode ser apropriado para os mais variados usos: espa\u00e7o de estudo, oficina, biblioteca, escrit\u00f3rio, ou at\u00e9 -recorrendo a compartimenta\u00e7\u00e3o suplementar e separando o espa\u00e7o de entrada da zona de distribui\u00e7\u00e3o para os quartos- arrumos, espa\u00e7o para tratamento de roupas, despensa, closet, entre outros.<\/em><\/p>\n<p><em>A utiliza\u00e7\u00e3o deste espa\u00e7o \u00e9 limitada apenas pela imagina\u00e7\u00e3o, podendo dar resposta a necessidades dom\u00e9sticas suplementares, acomodar hobbies dos residentes, pequenos neg\u00f3cios a partir de casa, ou at\u00e9 necessidades transit\u00f3rias e ocasionais que n\u00e3o podem ser satisfeitas noutros locais do apartamento.<\/em><\/p>\n<p><em>Esta flexibilidade, que se coloca para al\u00e9m do estritamente funcional, constitui um forte percursor de qualidade de vida na habita\u00e7\u00e3o.<\/em><\/p>\n<p><em>Os espa\u00e7os apresentam geometrias elementares, permitindo a sua ocupa\u00e7\u00e3o de forma simples e eficiente.<\/em><\/p>\n<p><em>Os acabamentos s\u00e3o executados com madeiras nacionais (carvalho e castanho) e com m\u00e1rmore de Estremoz nas zonas h\u00famidas.<\/em><\/p>\n<p><em>As varandas projetadas e v\u00e3os envidra\u00e7ados recuados permitem apresentar uma frente integral em vidro, tirando partido da vista desafogada, mas garantindo privacidade e minimizando ganhos solares.<\/em><\/p>\n<p><em>O Edif\u00edcio Aurora 10 pretende dotar a rua de um sentido mais urbano e integrado, utilizando a luz e a forma para transformar a matriz do loteamento num objeto rico, abstrato e de grande leveza, assente sobre uma base de granito de extrac\u00e7\u00e3o local.<\/em><\/p>\n<p><em>Atrav\u00e9s de um desenho simultaneamente t\u00e9cnico e org\u00e2nico, simples e complexo, enfatiza-se a import\u00e2ncia de incorporar rua e edif\u00edcio, garantido que a proposta n\u00e3o se limita a existir, mas que tamb\u00e9m oferece algo \u00e0 rua, atenta \u00e0s escalas da cidade e dos bairros, e que possa deixar pistas para a discuss\u00e3o e para o desenho de interven\u00e7\u00f5es urbanas futuras.<\/em><\/p>\n<div style=\"font-size: 0px; height: 0px; line-height: 0px; margin: 0; padding: 0; clear: both;\"><\/div><div style=\"margin-top: 0px; margin-bottom: 0px;\" class=\"sharethis-inline-share-buttons\" ><\/div>","protected":false},"excerpt":{"rendered":"<p>El tratamiento de la fachada principal rompe el monolitismo impl\u00edcito&#8230;<\/p>\n","protected":false},"author":1,"featured_media":84356,"comment_status":"closed","ping_status":"closed","sticky":false,"template":"","format":"standard","meta":{"_uag_custom_page_level_css":"","footnotes":""},"categories":[80,1],"tags":[4282,87,5128,671,6399,7618,5127,5539,91],"class_list":["post-84355","post","type-post","status-publish","format-standard","has-post-thumbnail","hentry","category-edificio-viviendas","category-proyecto","tag-arquitectura-residencial","tag-edificio-de-viviendas","tag-ponte-de-lima","tag-portugal","tag-tiago-do-vale","tag-tiago-do-vale-architects","tag-tiago-do-vale-arquitectos","tag-vivienda-colectiva","tag-vivienda-multifamiliar","generate-columns","tablet-grid-50","mobile-grid-100","grid-parent","grid-50"],"yoast_head":"<!-- This site is optimized with the Yoast SEO plugin v27.3 - https:\/\/yoast.com\/product\/yoast-seo-wordpress\/ -->\n<title>Edificio Aurora 10 \/ Tiago do Vale Arquitectos - Arquimaster<\/title>\n<meta name=\"description\" content=\"El tratamiento de la fachada principal rompe el monolitismo impl\u00edcito con un delicado juego de luz y sombra que compone el fondo de la calle.\" \/>\n<meta name=\"robots\" content=\"index, follow, max-snippet:-1, max-image-preview:large, max-video-preview:-1\" \/>\n<link rel=\"canonical\" href=\"https:\/\/www.arquimaster.com.ar\/web\/edificio-aurora-10-tiago-do-vale-arquitectos\/\" \/>\n<meta property=\"og:locale\" content=\"es_ES\" \/>\n<meta property=\"og:type\" content=\"article\" \/>\n<meta property=\"og:title\" content=\"Edificio Aurora 10 \/ Tiago do Vale Arquitectos\" \/>\n<meta property=\"og:description\" content=\"El tratamiento de la fachada principal rompe el monolitismo impl\u00edcito con un delicado juego de luz y sombra que compone el fondo de la calle.\" \/>\n<meta property=\"og:url\" content=\"https:\/\/www.arquimaster.com.ar\/web\/edificio-aurora-10-tiago-do-vale-arquitectos\/\" \/>\n<meta property=\"og:site_name\" content=\"Arquimaster\" \/>\n<meta property=\"article:publisher\" content=\"http:\/\/www.facebook.com\/ARQUIMASTER.com.ar\" \/>\n<meta property=\"article:published_time\" content=\"2025-04-23T20:42:35+00:00\" \/>\n<meta property=\"article:modified_time\" content=\"2025-07-23T18:29:44+00:00\" \/>\n<meta property=\"og:image\" content=\"https:\/\/www.arquimaster.com.ar\/web\/wp-content\/uploads\/2025\/04\/edificio_aurora_10_slide.jpg\" \/>\n\t<meta property=\"og:image:width\" content=\"698\" \/>\n\t<meta property=\"og:image:height\" content=\"364\" \/>\n\t<meta property=\"og:image:type\" content=\"image\/jpeg\" \/>\n<meta name=\"author\" content=\"Arquimaster\" \/>\n<meta name=\"twitter:card\" content=\"summary_large_image\" \/>\n<meta name=\"twitter:title\" content=\"Edificio Aurora 10 \/ Tiago do Vale Arquitectos\" \/>\n<meta name=\"twitter:description\" content=\"El tratamiento de la fachada principal rompe el monolitismo impl\u00edcito con un delicado juego de luz y sombra que compone el fondo de la calle.\" \/>\n<meta name=\"twitter:image\" content=\"https:\/\/www.arquimaster.com.ar\/web\/wp-content\/uploads\/2025\/04\/edificio_aurora_10_slide.jpg\" \/>\n<meta name=\"twitter:creator\" content=\"@arquimaster\" \/>\n<meta name=\"twitter:site\" content=\"@arquimaster\" \/>\n<meta name=\"twitter:label1\" content=\"Escrito por\" \/>\n\t<meta name=\"twitter:data1\" content=\"Arquimaster\" \/>\n\t<meta name=\"twitter:label2\" content=\"Tiempo de lectura\" \/>\n\t<meta name=\"twitter:data2\" content=\"12 minutos\" \/>\n<script type=\"application\/ld+json\" class=\"yoast-schema-graph\">{\"@context\":\"https:\\\/\\\/schema.org\",\"@graph\":[{\"@type\":\"Article\",\"@id\":\"https:\\\/\\\/www.arquimaster.com.ar\\\/web\\\/edificio-aurora-10-tiago-do-vale-arquitectos\\\/#article\",\"isPartOf\":{\"@id\":\"https:\\\/\\\/www.arquimaster.com.ar\\\/web\\\/edificio-aurora-10-tiago-do-vale-arquitectos\\\/\"},\"author\":{\"name\":\"Arquimaster\",\"@id\":\"https:\\\/\\\/www.arquimaster.com.ar\\\/web\\\/#\\\/schema\\\/person\\\/359e9f7c00193fcde068e0dd2ceb0028\"},\"headline\":\"Edificio Aurora 10 \\\/ Tiago do Vale Arquitectos\",\"datePublished\":\"2025-04-23T20:42:35+00:00\",\"dateModified\":\"2025-07-23T18:29:44+00:00\",\"mainEntityOfPage\":{\"@id\":\"https:\\\/\\\/www.arquimaster.com.ar\\\/web\\\/edificio-aurora-10-tiago-do-vale-arquitectos\\\/\"},\"wordCount\":2718,\"publisher\":{\"@id\":\"https:\\\/\\\/www.arquimaster.com.ar\\\/web\\\/#organization\"},\"image\":{\"@id\":\"https:\\\/\\\/www.arquimaster.com.ar\\\/web\\\/edificio-aurora-10-tiago-do-vale-arquitectos\\\/#primaryimage\"},\"thumbnailUrl\":\"https:\\\/\\\/www.arquimaster.com.ar\\\/web\\\/wp-content\\\/uploads\\\/2025\\\/04\\\/edificio_aurora_10_slide.jpg\",\"keywords\":[\"arquitectura residencial\",\"edificio de viviendas\",\"Ponte de Lima\",\"Portugal\",\"Tiago do Vale\",\"Tiago do Vale Architects\",\"Tiago Do Vale Arquitectos\",\"vivienda colectiva\",\"vivienda multifamiliar\"],\"articleSection\":[\"Edificios de viviendas\",\"Proyecto\"],\"inLanguage\":\"es\"},{\"@type\":\"WebPage\",\"@id\":\"https:\\\/\\\/www.arquimaster.com.ar\\\/web\\\/edificio-aurora-10-tiago-do-vale-arquitectos\\\/\",\"url\":\"https:\\\/\\\/www.arquimaster.com.ar\\\/web\\\/edificio-aurora-10-tiago-do-vale-arquitectos\\\/\",\"name\":\"Edificio Aurora 10 \\\/ Tiago do Vale Arquitectos - Arquimaster\",\"isPartOf\":{\"@id\":\"https:\\\/\\\/www.arquimaster.com.ar\\\/web\\\/#website\"},\"primaryImageOfPage\":{\"@id\":\"https:\\\/\\\/www.arquimaster.com.ar\\\/web\\\/edificio-aurora-10-tiago-do-vale-arquitectos\\\/#primaryimage\"},\"image\":{\"@id\":\"https:\\\/\\\/www.arquimaster.com.ar\\\/web\\\/edificio-aurora-10-tiago-do-vale-arquitectos\\\/#primaryimage\"},\"thumbnailUrl\":\"https:\\\/\\\/www.arquimaster.com.ar\\\/web\\\/wp-content\\\/uploads\\\/2025\\\/04\\\/edificio_aurora_10_slide.jpg\",\"datePublished\":\"2025-04-23T20:42:35+00:00\",\"dateModified\":\"2025-07-23T18:29:44+00:00\",\"description\":\"El tratamiento de la fachada principal rompe el monolitismo impl\u00edcito con un delicado juego de luz y sombra que compone el fondo de la calle.\",\"breadcrumb\":{\"@id\":\"https:\\\/\\\/www.arquimaster.com.ar\\\/web\\\/edificio-aurora-10-tiago-do-vale-arquitectos\\\/#breadcrumb\"},\"inLanguage\":\"es\",\"potentialAction\":[{\"@type\":\"ReadAction\",\"target\":[\"https:\\\/\\\/www.arquimaster.com.ar\\\/web\\\/edificio-aurora-10-tiago-do-vale-arquitectos\\\/\"]}]},{\"@type\":\"ImageObject\",\"inLanguage\":\"es\",\"@id\":\"https:\\\/\\\/www.arquimaster.com.ar\\\/web\\\/edificio-aurora-10-tiago-do-vale-arquitectos\\\/#primaryimage\",\"url\":\"https:\\\/\\\/www.arquimaster.com.ar\\\/web\\\/wp-content\\\/uploads\\\/2025\\\/04\\\/edificio_aurora_10_slide.jpg\",\"contentUrl\":\"https:\\\/\\\/www.arquimaster.com.ar\\\/web\\\/wp-content\\\/uploads\\\/2025\\\/04\\\/edificio_aurora_10_slide.jpg\",\"width\":698,\"height\":364,\"caption\":\"Edificio Aurora 10 \\\/ Tiago do Vale Arquitectos\"},{\"@type\":\"BreadcrumbList\",\"@id\":\"https:\\\/\\\/www.arquimaster.com.ar\\\/web\\\/edificio-aurora-10-tiago-do-vale-arquitectos\\\/#breadcrumb\",\"itemListElement\":[{\"@type\":\"ListItem\",\"position\":1,\"name\":\"Portada\",\"item\":\"https:\\\/\\\/www.arquimaster.com.ar\\\/web\\\/\"},{\"@type\":\"ListItem\",\"position\":2,\"name\":\"Edificio Aurora 10 \\\/ Tiago do Vale Arquitectos\"}]},{\"@type\":\"WebSite\",\"@id\":\"https:\\\/\\\/www.arquimaster.com.ar\\\/web\\\/#website\",\"url\":\"https:\\\/\\\/www.arquimaster.com.ar\\\/web\\\/\",\"name\":\"Arquimaster\",\"description\":\"Web de arquitectura, dise\u00f1o y construccion\",\"publisher\":{\"@id\":\"https:\\\/\\\/www.arquimaster.com.ar\\\/web\\\/#organization\"},\"potentialAction\":[{\"@type\":\"SearchAction\",\"target\":{\"@type\":\"EntryPoint\",\"urlTemplate\":\"https:\\\/\\\/www.arquimaster.com.ar\\\/web\\\/?s={search_term_string}\"},\"query-input\":{\"@type\":\"PropertyValueSpecification\",\"valueRequired\":true,\"valueName\":\"search_term_string\"}}],\"inLanguage\":\"es\"},{\"@type\":\"Organization\",\"@id\":\"https:\\\/\\\/www.arquimaster.com.ar\\\/web\\\/#organization\",\"name\":\"Arquimaster\",\"url\":\"https:\\\/\\\/www.arquimaster.com.ar\\\/web\\\/\",\"logo\":{\"@type\":\"ImageObject\",\"inLanguage\":\"es\",\"@id\":\"https:\\\/\\\/www.arquimaster.com.ar\\\/web\\\/#\\\/schema\\\/logo\\\/image\\\/\",\"url\":\"https:\\\/\\\/www.arquimaster.com.ar\\\/web\\\/wp-content\\\/uploads\\\/2022\\\/06\\\/arquimaster.png\",\"contentUrl\":\"https:\\\/\\\/www.arquimaster.com.ar\\\/web\\\/wp-content\\\/uploads\\\/2022\\\/06\\\/arquimaster.png\",\"width\":594,\"height\":78,\"caption\":\"Arquimaster\"},\"image\":{\"@id\":\"https:\\\/\\\/www.arquimaster.com.ar\\\/web\\\/#\\\/schema\\\/logo\\\/image\\\/\"},\"sameAs\":[\"http:\\\/\\\/www.facebook.com\\\/ARQUIMASTER.com.ar\",\"https:\\\/\\\/x.com\\\/arquimaster\",\"https:\\\/\\\/www.instagram.com\\\/arquimasterblog\\\/\",\"https:\\\/\\\/www.linkedin.com\\\/company\\\/arquimaster\",\"https:\\\/\\\/www.pinterest.com\\\/arquimaster\",\"https:\\\/\\\/t.me\\\/arquimaster\"]},{\"@type\":\"Person\",\"@id\":\"https:\\\/\\\/www.arquimaster.com.ar\\\/web\\\/#\\\/schema\\\/person\\\/359e9f7c00193fcde068e0dd2ceb0028\",\"name\":\"Arquimaster\"}]}<\/script>\n<!-- \/ Yoast SEO plugin. -->","yoast_head_json":{"title":"Edificio Aurora 10 \/ Tiago do Vale Arquitectos - Arquimaster","description":"El tratamiento de la fachada principal rompe el monolitismo impl\u00edcito con un delicado juego de luz y sombra que compone el fondo de la calle.","robots":{"index":"index","follow":"follow","max-snippet":"max-snippet:-1","max-image-preview":"max-image-preview:large","max-video-preview":"max-video-preview:-1"},"canonical":"https:\/\/www.arquimaster.com.ar\/web\/edificio-aurora-10-tiago-do-vale-arquitectos\/","og_locale":"es_ES","og_type":"article","og_title":"Edificio Aurora 10 \/ Tiago do Vale Arquitectos","og_description":"El tratamiento de la fachada principal rompe el monolitismo impl\u00edcito con un delicado juego de luz y sombra que compone el fondo de la calle.","og_url":"https:\/\/www.arquimaster.com.ar\/web\/edificio-aurora-10-tiago-do-vale-arquitectos\/","og_site_name":"Arquimaster","article_publisher":"http:\/\/www.facebook.com\/ARQUIMASTER.com.ar","article_published_time":"2025-04-23T20:42:35+00:00","article_modified_time":"2025-07-23T18:29:44+00:00","og_image":[{"width":698,"height":364,"url":"https:\/\/www.arquimaster.com.ar\/web\/wp-content\/uploads\/2025\/04\/edificio_aurora_10_slide.jpg","type":"image\/jpeg"}],"author":"Arquimaster","twitter_card":"summary_large_image","twitter_title":"Edificio Aurora 10 \/ Tiago do Vale Arquitectos","twitter_description":"El tratamiento de la fachada principal rompe el monolitismo impl\u00edcito con un delicado juego de luz y sombra que compone el fondo de la calle.","twitter_image":"https:\/\/www.arquimaster.com.ar\/web\/wp-content\/uploads\/2025\/04\/edificio_aurora_10_slide.jpg","twitter_creator":"@arquimaster","twitter_site":"@arquimaster","twitter_misc":{"Escrito por":"Arquimaster","Tiempo de lectura":"12 minutos"},"schema":{"@context":"https:\/\/schema.org","@graph":[{"@type":"Article","@id":"https:\/\/www.arquimaster.com.ar\/web\/edificio-aurora-10-tiago-do-vale-arquitectos\/#article","isPartOf":{"@id":"https:\/\/www.arquimaster.com.ar\/web\/edificio-aurora-10-tiago-do-vale-arquitectos\/"},"author":{"name":"Arquimaster","@id":"https:\/\/www.arquimaster.com.ar\/web\/#\/schema\/person\/359e9f7c00193fcde068e0dd2ceb0028"},"headline":"Edificio Aurora 10 \/ Tiago do Vale Arquitectos","datePublished":"2025-04-23T20:42:35+00:00","dateModified":"2025-07-23T18:29:44+00:00","mainEntityOfPage":{"@id":"https:\/\/www.arquimaster.com.ar\/web\/edificio-aurora-10-tiago-do-vale-arquitectos\/"},"wordCount":2718,"publisher":{"@id":"https:\/\/www.arquimaster.com.ar\/web\/#organization"},"image":{"@id":"https:\/\/www.arquimaster.com.ar\/web\/edificio-aurora-10-tiago-do-vale-arquitectos\/#primaryimage"},"thumbnailUrl":"https:\/\/www.arquimaster.com.ar\/web\/wp-content\/uploads\/2025\/04\/edificio_aurora_10_slide.jpg","keywords":["arquitectura residencial","edificio de viviendas","Ponte de Lima","Portugal","Tiago do Vale","Tiago do Vale Architects","Tiago Do Vale Arquitectos","vivienda colectiva","vivienda multifamiliar"],"articleSection":["Edificios de viviendas","Proyecto"],"inLanguage":"es"},{"@type":"WebPage","@id":"https:\/\/www.arquimaster.com.ar\/web\/edificio-aurora-10-tiago-do-vale-arquitectos\/","url":"https:\/\/www.arquimaster.com.ar\/web\/edificio-aurora-10-tiago-do-vale-arquitectos\/","name":"Edificio Aurora 10 \/ Tiago do Vale Arquitectos - Arquimaster","isPartOf":{"@id":"https:\/\/www.arquimaster.com.ar\/web\/#website"},"primaryImageOfPage":{"@id":"https:\/\/www.arquimaster.com.ar\/web\/edificio-aurora-10-tiago-do-vale-arquitectos\/#primaryimage"},"image":{"@id":"https:\/\/www.arquimaster.com.ar\/web\/edificio-aurora-10-tiago-do-vale-arquitectos\/#primaryimage"},"thumbnailUrl":"https:\/\/www.arquimaster.com.ar\/web\/wp-content\/uploads\/2025\/04\/edificio_aurora_10_slide.jpg","datePublished":"2025-04-23T20:42:35+00:00","dateModified":"2025-07-23T18:29:44+00:00","description":"El tratamiento de la fachada principal rompe el monolitismo impl\u00edcito con un delicado juego de luz y sombra que compone el fondo de la calle.","breadcrumb":{"@id":"https:\/\/www.arquimaster.com.ar\/web\/edificio-aurora-10-tiago-do-vale-arquitectos\/#breadcrumb"},"inLanguage":"es","potentialAction":[{"@type":"ReadAction","target":["https:\/\/www.arquimaster.com.ar\/web\/edificio-aurora-10-tiago-do-vale-arquitectos\/"]}]},{"@type":"ImageObject","inLanguage":"es","@id":"https:\/\/www.arquimaster.com.ar\/web\/edificio-aurora-10-tiago-do-vale-arquitectos\/#primaryimage","url":"https:\/\/www.arquimaster.com.ar\/web\/wp-content\/uploads\/2025\/04\/edificio_aurora_10_slide.jpg","contentUrl":"https:\/\/www.arquimaster.com.ar\/web\/wp-content\/uploads\/2025\/04\/edificio_aurora_10_slide.jpg","width":698,"height":364,"caption":"Edificio Aurora 10 \/ Tiago do Vale Arquitectos"},{"@type":"BreadcrumbList","@id":"https:\/\/www.arquimaster.com.ar\/web\/edificio-aurora-10-tiago-do-vale-arquitectos\/#breadcrumb","itemListElement":[{"@type":"ListItem","position":1,"name":"Portada","item":"https:\/\/www.arquimaster.com.ar\/web\/"},{"@type":"ListItem","position":2,"name":"Edificio Aurora 10 \/ Tiago do Vale Arquitectos"}]},{"@type":"WebSite","@id":"https:\/\/www.arquimaster.com.ar\/web\/#website","url":"https:\/\/www.arquimaster.com.ar\/web\/","name":"Arquimaster","description":"Web de arquitectura, dise\u00f1o y construccion","publisher":{"@id":"https:\/\/www.arquimaster.com.ar\/web\/#organization"},"potentialAction":[{"@type":"SearchAction","target":{"@type":"EntryPoint","urlTemplate":"https:\/\/www.arquimaster.com.ar\/web\/?s={search_term_string}"},"query-input":{"@type":"PropertyValueSpecification","valueRequired":true,"valueName":"search_term_string"}}],"inLanguage":"es"},{"@type":"Organization","@id":"https:\/\/www.arquimaster.com.ar\/web\/#organization","name":"Arquimaster","url":"https:\/\/www.arquimaster.com.ar\/web\/","logo":{"@type":"ImageObject","inLanguage":"es","@id":"https:\/\/www.arquimaster.com.ar\/web\/#\/schema\/logo\/image\/","url":"https:\/\/www.arquimaster.com.ar\/web\/wp-content\/uploads\/2022\/06\/arquimaster.png","contentUrl":"https:\/\/www.arquimaster.com.ar\/web\/wp-content\/uploads\/2022\/06\/arquimaster.png","width":594,"height":78,"caption":"Arquimaster"},"image":{"@id":"https:\/\/www.arquimaster.com.ar\/web\/#\/schema\/logo\/image\/"},"sameAs":["http:\/\/www.facebook.com\/ARQUIMASTER.com.ar","https:\/\/x.com\/arquimaster","https:\/\/www.instagram.com\/arquimasterblog\/","https:\/\/www.linkedin.com\/company\/arquimaster","https:\/\/www.pinterest.com\/arquimaster","https:\/\/t.me\/arquimaster"]},{"@type":"Person","@id":"https:\/\/www.arquimaster.com.ar\/web\/#\/schema\/person\/359e9f7c00193fcde068e0dd2ceb0028","name":"Arquimaster"}]}},"uagb_featured_image_src":{"full":["https:\/\/www.arquimaster.com.ar\/web\/wp-content\/uploads\/2025\/04\/edificio_aurora_10_slide.jpg",698,364,false],"thumbnail":["https:\/\/www.arquimaster.com.ar\/web\/wp-content\/uploads\/2025\/04\/edificio_aurora_10_slide-150x150.jpg",150,150,true],"medium":["https:\/\/www.arquimaster.com.ar\/web\/wp-content\/uploads\/2025\/04\/edificio_aurora_10_slide.jpg",698,364,false],"medium_large":["https:\/\/www.arquimaster.com.ar\/web\/wp-content\/uploads\/2025\/04\/edificio_aurora_10_slide.jpg",698,364,false],"large":["https:\/\/www.arquimaster.com.ar\/web\/wp-content\/uploads\/2025\/04\/edificio_aurora_10_slide.jpg",698,364,false],"1536x1536":["https:\/\/www.arquimaster.com.ar\/web\/wp-content\/uploads\/2025\/04\/edificio_aurora_10_slide.jpg",698,364,false],"2048x2048":["https:\/\/www.arquimaster.com.ar\/web\/wp-content\/uploads\/2025\/04\/edificio_aurora_10_slide.jpg",698,364,false]},"uagb_author_info":{"display_name":"Arquimaster","author_link":"https:\/\/www.arquimaster.com.ar\/web\/author\/arquimaster\/"},"uagb_comment_info":0,"uagb_excerpt":"El tratamiento de la fachada principal rompe el monolitismo impl\u00edcito...","_links":{"self":[{"href":"https:\/\/www.arquimaster.com.ar\/web\/wp-json\/wp\/v2\/posts\/84355","targetHints":{"allow":["GET"]}}],"collection":[{"href":"https:\/\/www.arquimaster.com.ar\/web\/wp-json\/wp\/v2\/posts"}],"about":[{"href":"https:\/\/www.arquimaster.com.ar\/web\/wp-json\/wp\/v2\/types\/post"}],"author":[{"embeddable":true,"href":"https:\/\/www.arquimaster.com.ar\/web\/wp-json\/wp\/v2\/users\/1"}],"replies":[{"embeddable":true,"href":"https:\/\/www.arquimaster.com.ar\/web\/wp-json\/wp\/v2\/comments?post=84355"}],"version-history":[{"count":2,"href":"https:\/\/www.arquimaster.com.ar\/web\/wp-json\/wp\/v2\/posts\/84355\/revisions"}],"predecessor-version":[{"id":84986,"href":"https:\/\/www.arquimaster.com.ar\/web\/wp-json\/wp\/v2\/posts\/84355\/revisions\/84986"}],"wp:featuredmedia":[{"embeddable":true,"href":"https:\/\/www.arquimaster.com.ar\/web\/wp-json\/wp\/v2\/media\/84356"}],"wp:attachment":[{"href":"https:\/\/www.arquimaster.com.ar\/web\/wp-json\/wp\/v2\/media?parent=84355"}],"wp:term":[{"taxonomy":"category","embeddable":true,"href":"https:\/\/www.arquimaster.com.ar\/web\/wp-json\/wp\/v2\/categories?post=84355"},{"taxonomy":"post_tag","embeddable":true,"href":"https:\/\/www.arquimaster.com.ar\/web\/wp-json\/wp\/v2\/tags?post=84355"}],"curies":[{"name":"wp","href":"https:\/\/api.w.org\/{rel}","templated":true}]}}