{"id":84507,"date":"2025-05-14T22:31:42","date_gmt":"2025-05-15T01:31:42","guid":{"rendered":"https:\/\/www.arquimaster.com.ar\/web\/?p=84507"},"modified":"2025-07-23T15:24:50","modified_gmt":"2025-07-23T18:24:50","slug":"loft-aguacate-racma-arquitectura","status":"publish","type":"post","link":"https:\/\/www.arquimaster.com.ar\/web\/loft-aguacate-racma-arquitectura\/","title":{"rendered":"Loft Aguacate \/ RACMA Arquitectura"},"content":{"rendered":"<div style=\"margin-top: 0px; margin-bottom: 0px;\" class=\"sharethis-inline-share-buttons\" ><\/div><div class=\"b812932af2e751442846f039925109de\" data-index=\"1\" style=\"float: none; margin:25px 0 25px 0; text-align:center;\">\n<script async src=\"https:\/\/pagead2.googlesyndication.com\/pagead\/js\/adsbygoogle.js\"><\/script>\r\n<!-- Arquimaster (superior) -->\r\n<ins class=\"adsbygoogle\"\r\n     style=\"display:block\"\r\n     data-ad-client=\"ca-pub-6351072698456832\"\r\n     data-ad-slot=\"6455489680\"\r\n     data-ad-format=\"auto\"\r\n     data-full-width-responsive=\"true\"><\/ins>\r\n<script>\r\n     (adsbygoogle = window.adsbygoogle || []).push({});\r\n<\/script>\n<\/div>\n<p><strong>Loft Aguacate<\/strong> (Texcoco, Estado de M\u00e9xico, M\u00e9xico) por <strong>RACMA Arquitectura<\/strong>. La primera solicitud, de esta pareja joven de profesionistas sin hijos, fue una casita convencional de 2 habitaciones, sin mayores pretensiones. Sin embargo, esa posibilidad no representaba en absoluto el esp\u00edritu libre y progresista, aunque un poco antisocial de la pareja.<\/p>\n<div id='gallery-1' class='gallery galleryid-84507 gallery-columns-3 gallery-size-thumbnail'><figure class='gallery-item'>\n\t\t\t<div class='gallery-icon landscape'>\n\t\t\t\t<a href='https:\/\/www.arquimaster.com.ar\/web\/wp-content\/uploads\/2025\/05\/loft_aguacate_1.jpg' title=\"Loft Aguacate \/ RACMA Arquitectura (\u00a9 Rub\u00e9n Calder\u00f3n)\" data-rl_title=\"Loft Aguacate \/ RACMA Arquitectura (\u00a9 Rub\u00e9n Calder\u00f3n)\" class=\"rl-gallery-link\" data-rl_caption=\"Loft Aguacate \/ RACMA Arquitectura (\u00a9 Rub\u00e9n Calder\u00f3n)\" data-rel=\"lightbox-gallery-1\"><img loading=\"lazy\" decoding=\"async\" width=\"150\" height=\"150\" src=\"https:\/\/www.arquimaster.com.ar\/web\/wp-content\/uploads\/2025\/05\/loft_aguacate_1-150x150.jpg\" class=\"attachment-thumbnail size-thumbnail\" alt=\"Loft Aguacate \/ RACMA Arquitectura\" aria-describedby=\"gallery-1-84509\" \/><\/a>\n\t\t\t<\/div>\n\t\t\t\t<figcaption class='wp-caption-text gallery-caption' id='gallery-1-84509'>\n\t\t\t\tLoft Aguacate \/ RACMA Arquitectura (\u00a9 Rub\u00e9n Calder\u00f3n)\n\t\t\t\t<\/figcaption><\/figure><figure class='gallery-item'>\n\t\t\t<div class='gallery-icon landscape'>\n\t\t\t\t<a href='https:\/\/www.arquimaster.com.ar\/web\/wp-content\/uploads\/2025\/05\/loft_aguacate_2.jpg' title=\"Loft Aguacate \/ RACMA Arquitectura (\u00a9 Rub\u00e9n Calder\u00f3n)\" data-rl_title=\"Loft Aguacate \/ RACMA Arquitectura (\u00a9 Rub\u00e9n Calder\u00f3n)\" class=\"rl-gallery-link\" data-rl_caption=\"Loft Aguacate \/ RACMA Arquitectura (\u00a9 Rub\u00e9n Calder\u00f3n)\" data-rel=\"lightbox-gallery-1\"><img loading=\"lazy\" decoding=\"async\" width=\"150\" height=\"150\" src=\"https:\/\/www.arquimaster.com.ar\/web\/wp-content\/uploads\/2025\/05\/loft_aguacate_2-150x150.jpg\" class=\"attachment-thumbnail size-thumbnail\" alt=\"Loft Aguacate \/ RACMA Arquitectura\" aria-describedby=\"gallery-1-84510\" \/><\/a>\n\t\t\t<\/div>\n\t\t\t\t<figcaption class='wp-caption-text gallery-caption' id='gallery-1-84510'>\n\t\t\t\tLoft Aguacate \/ RACMA Arquitectura (\u00a9 Rub\u00e9n Calder\u00f3n)\n\t\t\t\t<\/figcaption><\/figure><figure class='gallery-item'>\n\t\t\t<div class='gallery-icon landscape'>\n\t\t\t\t<a href='https:\/\/www.arquimaster.com.ar\/web\/wp-content\/uploads\/2025\/05\/loft_aguacate_3.jpg' title=\"Loft Aguacate \/ RACMA Arquitectura (\u00a9 Rub\u00e9n Calder\u00f3n)\" data-rl_title=\"Loft Aguacate \/ RACMA Arquitectura (\u00a9 Rub\u00e9n Calder\u00f3n)\" class=\"rl-gallery-link\" data-rl_caption=\"Loft Aguacate \/ RACMA Arquitectura (\u00a9 Rub\u00e9n Calder\u00f3n)\" data-rel=\"lightbox-gallery-1\"><img loading=\"lazy\" decoding=\"async\" width=\"150\" height=\"150\" src=\"https:\/\/www.arquimaster.com.ar\/web\/wp-content\/uploads\/2025\/05\/loft_aguacate_3-150x150.jpg\" class=\"attachment-thumbnail size-thumbnail\" alt=\"Loft Aguacate \/ RACMA Arquitectura\" aria-describedby=\"gallery-1-84511\" srcset=\"https:\/\/www.arquimaster.com.ar\/web\/wp-content\/uploads\/2025\/05\/loft_aguacate_3-150x150.jpg 150w, https:\/\/www.arquimaster.com.ar\/web\/wp-content\/uploads\/2025\/05\/loft_aguacate_3-768x765.jpg 768w, https:\/\/www.arquimaster.com.ar\/web\/wp-content\/uploads\/2025\/05\/loft_aguacate_3.jpg 1506w\" sizes=\"auto, (max-width: 150px) 100vw, 150px\" \/><\/a>\n\t\t\t<\/div>\n\t\t\t\t<figcaption class='wp-caption-text gallery-caption' id='gallery-1-84511'>\n\t\t\t\tLoft Aguacate \/ RACMA Arquitectura (\u00a9 Rub\u00e9n Calder\u00f3n)\n\t\t\t\t<\/figcaption><\/figure><figure class='gallery-item'>\n\t\t\t<div class='gallery-icon landscape'>\n\t\t\t\t<a href='https:\/\/www.arquimaster.com.ar\/web\/wp-content\/uploads\/2025\/05\/loft_aguacate_4.jpg' title=\"Loft Aguacate \/ RACMA Arquitectura (\u00a9 Rub\u00e9n Calder\u00f3n)\" data-rl_title=\"Loft Aguacate \/ RACMA Arquitectura (\u00a9 Rub\u00e9n Calder\u00f3n)\" class=\"rl-gallery-link\" data-rl_caption=\"Loft Aguacate \/ RACMA Arquitectura (\u00a9 Rub\u00e9n Calder\u00f3n)\" data-rel=\"lightbox-gallery-1\"><img loading=\"lazy\" decoding=\"async\" width=\"150\" height=\"150\" src=\"https:\/\/www.arquimaster.com.ar\/web\/wp-content\/uploads\/2025\/05\/loft_aguacate_4-150x150.jpg\" class=\"attachment-thumbnail size-thumbnail\" alt=\"Loft Aguacate \/ RACMA Arquitectura\" aria-describedby=\"gallery-1-84512\" \/><\/a>\n\t\t\t<\/div>\n\t\t\t\t<figcaption class='wp-caption-text gallery-caption' id='gallery-1-84512'>\n\t\t\t\tLoft Aguacate \/ RACMA Arquitectura (\u00a9 Rub\u00e9n Calder\u00f3n)\n\t\t\t\t<\/figcaption><\/figure><figure class='gallery-item'>\n\t\t\t<div class='gallery-icon landscape'>\n\t\t\t\t<a href='https:\/\/www.arquimaster.com.ar\/web\/wp-content\/uploads\/2025\/05\/loft_aguacate_5.jpg' title=\"Loft Aguacate \/ RACMA Arquitectura (\u00a9 Rub\u00e9n Calder\u00f3n)\" data-rl_title=\"Loft Aguacate \/ RACMA Arquitectura (\u00a9 Rub\u00e9n Calder\u00f3n)\" class=\"rl-gallery-link\" data-rl_caption=\"Loft Aguacate \/ RACMA Arquitectura (\u00a9 Rub\u00e9n Calder\u00f3n)\" data-rel=\"lightbox-gallery-1\"><img loading=\"lazy\" decoding=\"async\" width=\"150\" height=\"150\" src=\"https:\/\/www.arquimaster.com.ar\/web\/wp-content\/uploads\/2025\/05\/loft_aguacate_5-150x150.jpg\" class=\"attachment-thumbnail size-thumbnail\" alt=\"Loft Aguacate \/ RACMA Arquitectura\" aria-describedby=\"gallery-1-84513\" \/><\/a>\n\t\t\t<\/div>\n\t\t\t\t<figcaption class='wp-caption-text gallery-caption' id='gallery-1-84513'>\n\t\t\t\tLoft Aguacate \/ RACMA Arquitectura (\u00a9 Rub\u00e9n Calder\u00f3n)\n\t\t\t\t<\/figcaption><\/figure><figure class='gallery-item'>\n\t\t\t<div class='gallery-icon landscape'>\n\t\t\t\t<a href='https:\/\/www.arquimaster.com.ar\/web\/wp-content\/uploads\/2025\/05\/loft_aguacate_6.jpg' title=\"Loft Aguacate \/ RACMA Arquitectura (\u00a9 Rub\u00e9n Calder\u00f3n)\" data-rl_title=\"Loft Aguacate \/ RACMA Arquitectura (\u00a9 Rub\u00e9n Calder\u00f3n)\" class=\"rl-gallery-link\" data-rl_caption=\"Loft Aguacate \/ RACMA Arquitectura (\u00a9 Rub\u00e9n Calder\u00f3n)\" data-rel=\"lightbox-gallery-1\"><img loading=\"lazy\" decoding=\"async\" width=\"150\" height=\"150\" src=\"https:\/\/www.arquimaster.com.ar\/web\/wp-content\/uploads\/2025\/05\/loft_aguacate_6-150x150.jpg\" class=\"attachment-thumbnail size-thumbnail\" alt=\"Loft Aguacate \/ RACMA Arquitectura\" aria-describedby=\"gallery-1-84514\" srcset=\"https:\/\/www.arquimaster.com.ar\/web\/wp-content\/uploads\/2025\/05\/loft_aguacate_6-150x150.jpg 150w, https:\/\/www.arquimaster.com.ar\/web\/wp-content\/uploads\/2025\/05\/loft_aguacate_6-768x768.jpg 768w, https:\/\/www.arquimaster.com.ar\/web\/wp-content\/uploads\/2025\/05\/loft_aguacate_6.jpg 1500w\" sizes=\"auto, (max-width: 150px) 100vw, 150px\" \/><\/a>\n\t\t\t<\/div>\n\t\t\t\t<figcaption class='wp-caption-text gallery-caption' id='gallery-1-84514'>\n\t\t\t\tLoft Aguacate \/ RACMA Arquitectura (\u00a9 Rub\u00e9n Calder\u00f3n)\n\t\t\t\t<\/figcaption><\/figure><figure class='gallery-item'>\n\t\t\t<div class='gallery-icon portrait'>\n\t\t\t\t<a href='https:\/\/www.arquimaster.com.ar\/web\/wp-content\/uploads\/2025\/05\/loft_aguacate_7.jpg' title=\"Loft Aguacate \/ RACMA Arquitectura (\u00a9 Rub\u00e9n Calder\u00f3n)\" data-rl_title=\"Loft Aguacate \/ RACMA Arquitectura (\u00a9 Rub\u00e9n Calder\u00f3n)\" class=\"rl-gallery-link\" data-rl_caption=\"Loft Aguacate \/ RACMA Arquitectura (\u00a9 Rub\u00e9n Calder\u00f3n)\" data-rel=\"lightbox-gallery-1\"><img loading=\"lazy\" decoding=\"async\" width=\"150\" height=\"150\" src=\"https:\/\/www.arquimaster.com.ar\/web\/wp-content\/uploads\/2025\/05\/loft_aguacate_7-150x150.jpg\" class=\"attachment-thumbnail size-thumbnail\" alt=\"Loft Aguacate \/ RACMA Arquitectura\" aria-describedby=\"gallery-1-84515\" \/><\/a>\n\t\t\t<\/div>\n\t\t\t\t<figcaption class='wp-caption-text gallery-caption' id='gallery-1-84515'>\n\t\t\t\tLoft Aguacate \/ RACMA Arquitectura (\u00a9 Rub\u00e9n Calder\u00f3n)\n\t\t\t\t<\/figcaption><\/figure><figure class='gallery-item'>\n\t\t\t<div class='gallery-icon landscape'>\n\t\t\t\t<a href='https:\/\/www.arquimaster.com.ar\/web\/wp-content\/uploads\/2025\/05\/loft_aguacate_8.jpg' title=\"Loft Aguacate \/ RACMA Arquitectura (\u00a9 Rub\u00e9n Calder\u00f3n)\" data-rl_title=\"Loft Aguacate \/ RACMA Arquitectura (\u00a9 Rub\u00e9n Calder\u00f3n)\" class=\"rl-gallery-link\" data-rl_caption=\"Loft Aguacate \/ RACMA Arquitectura (\u00a9 Rub\u00e9n Calder\u00f3n)\" data-rel=\"lightbox-gallery-1\"><img loading=\"lazy\" decoding=\"async\" width=\"150\" height=\"150\" src=\"https:\/\/www.arquimaster.com.ar\/web\/wp-content\/uploads\/2025\/05\/loft_aguacate_8-150x150.jpg\" class=\"attachment-thumbnail size-thumbnail\" alt=\"Loft Aguacate \/ RACMA Arquitectura\" aria-describedby=\"gallery-1-84516\" srcset=\"https:\/\/www.arquimaster.com.ar\/web\/wp-content\/uploads\/2025\/05\/loft_aguacate_8-150x150.jpg 150w, https:\/\/www.arquimaster.com.ar\/web\/wp-content\/uploads\/2025\/05\/loft_aguacate_8-768x768.jpg 768w, https:\/\/www.arquimaster.com.ar\/web\/wp-content\/uploads\/2025\/05\/loft_aguacate_8.jpg 1500w\" sizes=\"auto, (max-width: 150px) 100vw, 150px\" \/><\/a>\n\t\t\t<\/div>\n\t\t\t\t<figcaption class='wp-caption-text gallery-caption' id='gallery-1-84516'>\n\t\t\t\tLoft Aguacate \/ RACMA Arquitectura (\u00a9 Rub\u00e9n Calder\u00f3n)\n\t\t\t\t<\/figcaption><\/figure><figure class='gallery-item'>\n\t\t\t<div class='gallery-icon landscape'>\n\t\t\t\t<a href='https:\/\/www.arquimaster.com.ar\/web\/wp-content\/uploads\/2025\/05\/loft_aguacate_9.jpg' title=\"Loft Aguacate \/ RACMA Arquitectura (\u00a9 Rub\u00e9n Calder\u00f3n)\" data-rl_title=\"Loft Aguacate \/ RACMA Arquitectura (\u00a9 Rub\u00e9n Calder\u00f3n)\" class=\"rl-gallery-link\" data-rl_caption=\"Loft Aguacate \/ RACMA Arquitectura (\u00a9 Rub\u00e9n Calder\u00f3n)\" data-rel=\"lightbox-gallery-1\"><img loading=\"lazy\" decoding=\"async\" width=\"150\" height=\"150\" src=\"https:\/\/www.arquimaster.com.ar\/web\/wp-content\/uploads\/2025\/05\/loft_aguacate_9-150x150.jpg\" class=\"attachment-thumbnail size-thumbnail\" alt=\"Loft Aguacate \/ RACMA Arquitectura\" aria-describedby=\"gallery-1-84517\" srcset=\"https:\/\/www.arquimaster.com.ar\/web\/wp-content\/uploads\/2025\/05\/loft_aguacate_9-150x150.jpg 150w, https:\/\/www.arquimaster.com.ar\/web\/wp-content\/uploads\/2025\/05\/loft_aguacate_9-768x763.jpg 768w, https:\/\/www.arquimaster.com.ar\/web\/wp-content\/uploads\/2025\/05\/loft_aguacate_9.jpg 1509w\" sizes=\"auto, (max-width: 150px) 100vw, 150px\" \/><\/a>\n\t\t\t<\/div>\n\t\t\t\t<figcaption class='wp-caption-text gallery-caption' id='gallery-1-84517'>\n\t\t\t\tLoft Aguacate \/ RACMA Arquitectura (\u00a9 Rub\u00e9n Calder\u00f3n)\n\t\t\t\t<\/figcaption><\/figure><figure class='gallery-item'>\n\t\t\t<div class='gallery-icon portrait'>\n\t\t\t\t<a href='https:\/\/www.arquimaster.com.ar\/web\/wp-content\/uploads\/2025\/05\/loft_aguacate_10.jpg' title=\"Loft Aguacate \/ RACMA Arquitectura (\u00a9 Rub\u00e9n Calder\u00f3n)\" data-rl_title=\"Loft Aguacate \/ RACMA Arquitectura (\u00a9 Rub\u00e9n Calder\u00f3n)\" class=\"rl-gallery-link\" data-rl_caption=\"Loft Aguacate \/ RACMA Arquitectura (\u00a9 Rub\u00e9n Calder\u00f3n)\" data-rel=\"lightbox-gallery-1\"><img loading=\"lazy\" decoding=\"async\" width=\"150\" height=\"150\" src=\"https:\/\/www.arquimaster.com.ar\/web\/wp-content\/uploads\/2025\/05\/loft_aguacate_10-150x150.jpg\" class=\"attachment-thumbnail size-thumbnail\" alt=\"Loft Aguacate \/ RACMA Arquitectura\" aria-describedby=\"gallery-1-84518\" \/><\/a>\n\t\t\t<\/div>\n\t\t\t\t<figcaption class='wp-caption-text gallery-caption' id='gallery-1-84518'>\n\t\t\t\tLoft Aguacate \/ RACMA Arquitectura (\u00a9 Rub\u00e9n Calder\u00f3n)\n\t\t\t\t<\/figcaption><\/figure><figure class='gallery-item'>\n\t\t\t<div class='gallery-icon portrait'>\n\t\t\t\t<a href='https:\/\/www.arquimaster.com.ar\/web\/wp-content\/uploads\/2025\/05\/loft_aguacate_11.jpg' title=\"Loft Aguacate \/ RACMA Arquitectura (\u00a9 Rub\u00e9n Calder\u00f3n)\" data-rl_title=\"Loft Aguacate \/ RACMA Arquitectura (\u00a9 Rub\u00e9n Calder\u00f3n)\" class=\"rl-gallery-link\" data-rl_caption=\"Loft Aguacate \/ RACMA Arquitectura (\u00a9 Rub\u00e9n Calder\u00f3n)\" data-rel=\"lightbox-gallery-1\"><img loading=\"lazy\" decoding=\"async\" width=\"150\" height=\"150\" src=\"https:\/\/www.arquimaster.com.ar\/web\/wp-content\/uploads\/2025\/05\/loft_aguacate_11-150x150.jpg\" class=\"attachment-thumbnail size-thumbnail\" alt=\"Loft Aguacate \/ RACMA Arquitectura\" aria-describedby=\"gallery-1-84519\" \/><\/a>\n\t\t\t<\/div>\n\t\t\t\t<figcaption class='wp-caption-text gallery-caption' id='gallery-1-84519'>\n\t\t\t\tLoft Aguacate \/ RACMA Arquitectura (\u00a9 Rub\u00e9n Calder\u00f3n)\n\t\t\t\t<\/figcaption><\/figure><figure class='gallery-item'>\n\t\t\t<div class='gallery-icon portrait'>\n\t\t\t\t<a href='https:\/\/www.arquimaster.com.ar\/web\/wp-content\/uploads\/2025\/05\/loft_aguacate_12.jpg' title=\"Loft Aguacate \/ RACMA Arquitectura (\u00a9 Rub\u00e9n Calder\u00f3n)\" data-rl_title=\"Loft Aguacate \/ RACMA Arquitectura (\u00a9 Rub\u00e9n Calder\u00f3n)\" class=\"rl-gallery-link\" data-rl_caption=\"Loft Aguacate \/ RACMA Arquitectura (\u00a9 Rub\u00e9n Calder\u00f3n)\" data-rel=\"lightbox-gallery-1\"><img loading=\"lazy\" decoding=\"async\" width=\"150\" height=\"150\" src=\"https:\/\/www.arquimaster.com.ar\/web\/wp-content\/uploads\/2025\/05\/loft_aguacate_12-150x150.jpg\" class=\"attachment-thumbnail size-thumbnail\" alt=\"Loft Aguacate \/ RACMA Arquitectura\" aria-describedby=\"gallery-1-84520\" \/><\/a>\n\t\t\t<\/div>\n\t\t\t\t<figcaption class='wp-caption-text gallery-caption' id='gallery-1-84520'>\n\t\t\t\tLoft Aguacate \/ RACMA Arquitectura (\u00a9 Rub\u00e9n Calder\u00f3n)\n\t\t\t\t<\/figcaption><\/figure><figure class='gallery-item'>\n\t\t\t<div class='gallery-icon landscape'>\n\t\t\t\t<a href='https:\/\/www.arquimaster.com.ar\/web\/wp-content\/uploads\/2025\/05\/loft_aguacate_13.jpg' title=\"Loft Aguacate \/ RACMA Arquitectura (\u00a9 Rub\u00e9n Calder\u00f3n)\" data-rl_title=\"Loft Aguacate \/ RACMA Arquitectura (\u00a9 Rub\u00e9n Calder\u00f3n)\" class=\"rl-gallery-link\" data-rl_caption=\"Loft Aguacate \/ RACMA Arquitectura (\u00a9 Rub\u00e9n Calder\u00f3n)\" data-rel=\"lightbox-gallery-1\"><img loading=\"lazy\" decoding=\"async\" width=\"150\" height=\"150\" src=\"https:\/\/www.arquimaster.com.ar\/web\/wp-content\/uploads\/2025\/05\/loft_aguacate_13-150x150.jpg\" class=\"attachment-thumbnail size-thumbnail\" alt=\"Loft Aguacate \/ RACMA Arquitectura\" aria-describedby=\"gallery-1-84521\" \/><\/a>\n\t\t\t<\/div>\n\t\t\t\t<figcaption class='wp-caption-text gallery-caption' id='gallery-1-84521'>\n\t\t\t\tLoft Aguacate \/ RACMA Arquitectura (\u00a9 Rub\u00e9n Calder\u00f3n)\n\t\t\t\t<\/figcaption><\/figure><figure class='gallery-item'>\n\t\t\t<div class='gallery-icon landscape'>\n\t\t\t\t<a href='https:\/\/www.arquimaster.com.ar\/web\/wp-content\/uploads\/2025\/05\/loft_aguacate_14.jpg' title=\"Loft Aguacate \/ RACMA Arquitectura (\u00a9 Rub\u00e9n Calder\u00f3n)\" data-rl_title=\"Loft Aguacate \/ RACMA Arquitectura (\u00a9 Rub\u00e9n Calder\u00f3n)\" class=\"rl-gallery-link\" data-rl_caption=\"Loft Aguacate \/ RACMA Arquitectura (\u00a9 Rub\u00e9n Calder\u00f3n)\" data-rel=\"lightbox-gallery-1\"><img loading=\"lazy\" decoding=\"async\" width=\"150\" height=\"150\" src=\"https:\/\/www.arquimaster.com.ar\/web\/wp-content\/uploads\/2025\/05\/loft_aguacate_14-150x150.jpg\" class=\"attachment-thumbnail size-thumbnail\" alt=\"Loft Aguacate \/ RACMA Arquitectura\" aria-describedby=\"gallery-1-84522\" srcset=\"https:\/\/www.arquimaster.com.ar\/web\/wp-content\/uploads\/2025\/05\/loft_aguacate_14-150x150.jpg 150w, https:\/\/www.arquimaster.com.ar\/web\/wp-content\/uploads\/2025\/05\/loft_aguacate_14-768x768.jpg 768w, https:\/\/www.arquimaster.com.ar\/web\/wp-content\/uploads\/2025\/05\/loft_aguacate_14.jpg 1500w\" sizes=\"auto, (max-width: 150px) 100vw, 150px\" \/><\/a>\n\t\t\t<\/div>\n\t\t\t\t<figcaption class='wp-caption-text gallery-caption' id='gallery-1-84522'>\n\t\t\t\tLoft Aguacate \/ RACMA Arquitectura (\u00a9 Rub\u00e9n Calder\u00f3n)\n\t\t\t\t<\/figcaption><\/figure><figure class='gallery-item'>\n\t\t\t<div class='gallery-icon landscape'>\n\t\t\t\t<a href='https:\/\/www.arquimaster.com.ar\/web\/wp-content\/uploads\/2025\/05\/loft_aguacate_15.jpg' title=\"Loft Aguacate \/ RACMA Arquitectura (\u00a9 Rub\u00e9n Calder\u00f3n)\" data-rl_title=\"Loft Aguacate \/ RACMA Arquitectura (\u00a9 Rub\u00e9n Calder\u00f3n)\" class=\"rl-gallery-link\" data-rl_caption=\"Loft Aguacate \/ RACMA Arquitectura (\u00a9 Rub\u00e9n Calder\u00f3n)\" data-rel=\"lightbox-gallery-1\"><img loading=\"lazy\" decoding=\"async\" width=\"150\" height=\"150\" src=\"https:\/\/www.arquimaster.com.ar\/web\/wp-content\/uploads\/2025\/05\/loft_aguacate_15-150x150.jpg\" class=\"attachment-thumbnail size-thumbnail\" alt=\"Loft Aguacate \/ RACMA Arquitectura\" aria-describedby=\"gallery-1-84523\" \/><\/a>\n\t\t\t<\/div>\n\t\t\t\t<figcaption class='wp-caption-text gallery-caption' id='gallery-1-84523'>\n\t\t\t\tLoft Aguacate \/ RACMA Arquitectura (\u00a9 Rub\u00e9n Calder\u00f3n)\n\t\t\t\t<\/figcaption><\/figure><figure class='gallery-item'>\n\t\t\t<div class='gallery-icon landscape'>\n\t\t\t\t<a href='https:\/\/www.arquimaster.com.ar\/web\/wp-content\/uploads\/2025\/05\/loft_aguacate_16.jpg' title=\"Loft Aguacate \/ RACMA Arquitectura (\u00a9 Rub\u00e9n Calder\u00f3n)\" data-rl_title=\"Loft Aguacate \/ RACMA Arquitectura (\u00a9 Rub\u00e9n Calder\u00f3n)\" class=\"rl-gallery-link\" data-rl_caption=\"Loft Aguacate \/ RACMA Arquitectura (\u00a9 Rub\u00e9n Calder\u00f3n)\" data-rel=\"lightbox-gallery-1\"><img loading=\"lazy\" decoding=\"async\" width=\"150\" height=\"150\" src=\"https:\/\/www.arquimaster.com.ar\/web\/wp-content\/uploads\/2025\/05\/loft_aguacate_16-150x150.jpg\" class=\"attachment-thumbnail size-thumbnail\" alt=\"Loft Aguacate \/ RACMA Arquitectura\" aria-describedby=\"gallery-1-84524\" \/><\/a>\n\t\t\t<\/div>\n\t\t\t\t<figcaption class='wp-caption-text gallery-caption' id='gallery-1-84524'>\n\t\t\t\tLoft Aguacate \/ RACMA Arquitectura (\u00a9 Rub\u00e9n Calder\u00f3n)\n\t\t\t\t<\/figcaption><\/figure><figure class='gallery-item'>\n\t\t\t<div class='gallery-icon portrait'>\n\t\t\t\t<a href='https:\/\/www.arquimaster.com.ar\/web\/wp-content\/uploads\/2025\/05\/loft_aguacate_17.jpg' title=\"Loft Aguacate \/ RACMA Arquitectura (\u00a9 Rub\u00e9n Calder\u00f3n)\" data-rl_title=\"Loft Aguacate \/ RACMA Arquitectura (\u00a9 Rub\u00e9n Calder\u00f3n)\" class=\"rl-gallery-link\" data-rl_caption=\"Loft Aguacate \/ RACMA Arquitectura (\u00a9 Rub\u00e9n Calder\u00f3n)\" data-rel=\"lightbox-gallery-1\"><img loading=\"lazy\" decoding=\"async\" width=\"150\" height=\"150\" src=\"https:\/\/www.arquimaster.com.ar\/web\/wp-content\/uploads\/2025\/05\/loft_aguacate_17-150x150.jpg\" class=\"attachment-thumbnail size-thumbnail\" alt=\"Loft Aguacate \/ RACMA Arquitectura\" aria-describedby=\"gallery-1-84525\" \/><\/a>\n\t\t\t<\/div>\n\t\t\t\t<figcaption class='wp-caption-text gallery-caption' id='gallery-1-84525'>\n\t\t\t\tLoft Aguacate \/ RACMA Arquitectura (\u00a9 Rub\u00e9n Calder\u00f3n)\n\t\t\t\t<\/figcaption><\/figure><figure class='gallery-item'>\n\t\t\t<div class='gallery-icon portrait'>\n\t\t\t\t<a href='https:\/\/www.arquimaster.com.ar\/web\/wp-content\/uploads\/2025\/05\/loft_aguacate_18.jpg' title=\"Loft Aguacate \/ RACMA Arquitectura (\u00a9 Rub\u00e9n Calder\u00f3n)\" data-rl_title=\"Loft Aguacate \/ RACMA Arquitectura (\u00a9 Rub\u00e9n Calder\u00f3n)\" class=\"rl-gallery-link\" data-rl_caption=\"Loft Aguacate \/ RACMA Arquitectura (\u00a9 Rub\u00e9n Calder\u00f3n)\" data-rel=\"lightbox-gallery-1\"><img loading=\"lazy\" decoding=\"async\" width=\"150\" height=\"150\" src=\"https:\/\/www.arquimaster.com.ar\/web\/wp-content\/uploads\/2025\/05\/loft_aguacate_18-150x150.jpg\" class=\"attachment-thumbnail size-thumbnail\" alt=\"Loft Aguacate \/ RACMA Arquitectura\" aria-describedby=\"gallery-1-84526\" \/><\/a>\n\t\t\t<\/div>\n\t\t\t\t<figcaption class='wp-caption-text gallery-caption' id='gallery-1-84526'>\n\t\t\t\tLoft Aguacate \/ RACMA Arquitectura (\u00a9 Rub\u00e9n Calder\u00f3n)\n\t\t\t\t<\/figcaption><\/figure><figure class='gallery-item'>\n\t\t\t<div class='gallery-icon portrait'>\n\t\t\t\t<a href='https:\/\/www.arquimaster.com.ar\/web\/wp-content\/uploads\/2025\/05\/loft_aguacate_19.jpg' title=\"Loft Aguacate \/ RACMA Arquitectura (\u00a9 Rub\u00e9n Calder\u00f3n)\" data-rl_title=\"Loft Aguacate \/ RACMA Arquitectura (\u00a9 Rub\u00e9n Calder\u00f3n)\" class=\"rl-gallery-link\" data-rl_caption=\"Loft Aguacate \/ RACMA Arquitectura (\u00a9 Rub\u00e9n Calder\u00f3n)\" data-rel=\"lightbox-gallery-1\"><img loading=\"lazy\" decoding=\"async\" width=\"150\" height=\"150\" src=\"https:\/\/www.arquimaster.com.ar\/web\/wp-content\/uploads\/2025\/05\/loft_aguacate_19-150x150.jpg\" class=\"attachment-thumbnail size-thumbnail\" alt=\"Loft Aguacate \/ RACMA Arquitectura\" aria-describedby=\"gallery-1-84527\" \/><\/a>\n\t\t\t<\/div>\n\t\t\t\t<figcaption class='wp-caption-text gallery-caption' id='gallery-1-84527'>\n\t\t\t\tLoft Aguacate \/ RACMA Arquitectura (\u00a9 Rub\u00e9n Calder\u00f3n)\n\t\t\t\t<\/figcaption><\/figure><figure class='gallery-item'>\n\t\t\t<div class='gallery-icon portrait'>\n\t\t\t\t<a href='https:\/\/www.arquimaster.com.ar\/web\/wp-content\/uploads\/2025\/05\/loft_aguacate_20.jpg' title=\"Loft Aguacate \/ RACMA Arquitectura (\u00a9 Rub\u00e9n Calder\u00f3n)\" data-rl_title=\"Loft Aguacate \/ RACMA Arquitectura (\u00a9 Rub\u00e9n Calder\u00f3n)\" class=\"rl-gallery-link\" data-rl_caption=\"Loft Aguacate \/ RACMA Arquitectura (\u00a9 Rub\u00e9n Calder\u00f3n)\" data-rel=\"lightbox-gallery-1\"><img loading=\"lazy\" decoding=\"async\" width=\"150\" height=\"150\" src=\"https:\/\/www.arquimaster.com.ar\/web\/wp-content\/uploads\/2025\/05\/loft_aguacate_20-150x150.jpg\" class=\"attachment-thumbnail size-thumbnail\" alt=\"Loft Aguacate \/ RACMA Arquitectura\" aria-describedby=\"gallery-1-84528\" \/><\/a>\n\t\t\t<\/div>\n\t\t\t\t<figcaption class='wp-caption-text gallery-caption' id='gallery-1-84528'>\n\t\t\t\tLoft Aguacate \/ RACMA Arquitectura (\u00a9 Rub\u00e9n Calder\u00f3n)\n\t\t\t\t<\/figcaption><\/figure><figure class='gallery-item'>\n\t\t\t<div class='gallery-icon landscape'>\n\t\t\t\t<a href='https:\/\/www.arquimaster.com.ar\/web\/wp-content\/uploads\/2025\/05\/loft_aguacate_21.jpg' title=\"Loft Aguacate \/ RACMA Arquitectura (\u00a9 Rub\u00e9n Calder\u00f3n)\" data-rl_title=\"Loft Aguacate \/ RACMA Arquitectura (\u00a9 Rub\u00e9n Calder\u00f3n)\" class=\"rl-gallery-link\" data-rl_caption=\"Loft Aguacate \/ RACMA Arquitectura (\u00a9 Rub\u00e9n Calder\u00f3n)\" data-rel=\"lightbox-gallery-1\"><img loading=\"lazy\" decoding=\"async\" width=\"150\" height=\"150\" src=\"https:\/\/www.arquimaster.com.ar\/web\/wp-content\/uploads\/2025\/05\/loft_aguacate_21-150x150.jpg\" class=\"attachment-thumbnail size-thumbnail\" alt=\"Loft Aguacate \/ RACMA Arquitectura\" aria-describedby=\"gallery-1-84529\" srcset=\"https:\/\/www.arquimaster.com.ar\/web\/wp-content\/uploads\/2025\/05\/loft_aguacate_21-150x150.jpg 150w, https:\/\/www.arquimaster.com.ar\/web\/wp-content\/uploads\/2025\/05\/loft_aguacate_21-768x768.jpg 768w, https:\/\/www.arquimaster.com.ar\/web\/wp-content\/uploads\/2025\/05\/loft_aguacate_21.jpg 1500w\" sizes=\"auto, (max-width: 150px) 100vw, 150px\" \/><\/a>\n\t\t\t<\/div>\n\t\t\t\t<figcaption class='wp-caption-text gallery-caption' id='gallery-1-84529'>\n\t\t\t\tLoft Aguacate \/ RACMA Arquitectura (\u00a9 Rub\u00e9n Calder\u00f3n)\n\t\t\t\t<\/figcaption><\/figure><figure class='gallery-item'>\n\t\t\t<div class='gallery-icon landscape'>\n\t\t\t\t<a href='https:\/\/www.arquimaster.com.ar\/web\/wp-content\/uploads\/2025\/05\/loft_aguacate_22.jpg' title=\"Loft Aguacate \/ RACMA Arquitectura (\u00a9 Rub\u00e9n Calder\u00f3n)\" data-rl_title=\"Loft Aguacate \/ RACMA Arquitectura (\u00a9 Rub\u00e9n Calder\u00f3n)\" class=\"rl-gallery-link\" data-rl_caption=\"Loft Aguacate \/ RACMA Arquitectura (\u00a9 Rub\u00e9n Calder\u00f3n)\" data-rel=\"lightbox-gallery-1\"><img loading=\"lazy\" decoding=\"async\" width=\"150\" height=\"150\" src=\"https:\/\/www.arquimaster.com.ar\/web\/wp-content\/uploads\/2025\/05\/loft_aguacate_22-150x150.jpg\" class=\"attachment-thumbnail size-thumbnail\" alt=\"Loft Aguacate \/ RACMA Arquitectura\" aria-describedby=\"gallery-1-84530\" srcset=\"https:\/\/www.arquimaster.com.ar\/web\/wp-content\/uploads\/2025\/05\/loft_aguacate_22-150x150.jpg 150w, https:\/\/www.arquimaster.com.ar\/web\/wp-content\/uploads\/2025\/05\/loft_aguacate_22-768x768.jpg 768w, https:\/\/www.arquimaster.com.ar\/web\/wp-content\/uploads\/2025\/05\/loft_aguacate_22.jpg 1500w\" sizes=\"auto, (max-width: 150px) 100vw, 150px\" \/><\/a>\n\t\t\t<\/div>\n\t\t\t\t<figcaption class='wp-caption-text gallery-caption' id='gallery-1-84530'>\n\t\t\t\tLoft Aguacate \/ RACMA Arquitectura (\u00a9 Rub\u00e9n Calder\u00f3n)\n\t\t\t\t<\/figcaption><\/figure><figure class='gallery-item'>\n\t\t\t<div class='gallery-icon landscape'>\n\t\t\t\t<a href='https:\/\/www.arquimaster.com.ar\/web\/wp-content\/uploads\/2025\/05\/loft_aguacate_23.jpg' title=\"Loft Aguacate \/ RACMA Arquitectura (\u00a9 Rub\u00e9n Calder\u00f3n)\" data-rl_title=\"Loft Aguacate \/ RACMA Arquitectura (\u00a9 Rub\u00e9n Calder\u00f3n)\" class=\"rl-gallery-link\" data-rl_caption=\"Loft Aguacate \/ RACMA Arquitectura (\u00a9 Rub\u00e9n Calder\u00f3n)\" data-rel=\"lightbox-gallery-1\"><img loading=\"lazy\" decoding=\"async\" width=\"150\" height=\"150\" src=\"https:\/\/www.arquimaster.com.ar\/web\/wp-content\/uploads\/2025\/05\/loft_aguacate_23-150x150.jpg\" class=\"attachment-thumbnail size-thumbnail\" alt=\"Loft Aguacate \/ RACMA Arquitectura\" aria-describedby=\"gallery-1-84531\" srcset=\"https:\/\/www.arquimaster.com.ar\/web\/wp-content\/uploads\/2025\/05\/loft_aguacate_23-150x150.jpg 150w, https:\/\/www.arquimaster.com.ar\/web\/wp-content\/uploads\/2025\/05\/loft_aguacate_23-768x768.jpg 768w, https:\/\/www.arquimaster.com.ar\/web\/wp-content\/uploads\/2025\/05\/loft_aguacate_23.jpg 1500w\" sizes=\"auto, (max-width: 150px) 100vw, 150px\" \/><\/a>\n\t\t\t<\/div>\n\t\t\t\t<figcaption class='wp-caption-text gallery-caption' id='gallery-1-84531'>\n\t\t\t\tLoft Aguacate \/ RACMA Arquitectura (\u00a9 Rub\u00e9n Calder\u00f3n)\n\t\t\t\t<\/figcaption><\/figure><figure class='gallery-item'>\n\t\t\t<div class='gallery-icon portrait'>\n\t\t\t\t<a href='https:\/\/www.arquimaster.com.ar\/web\/wp-content\/uploads\/2025\/05\/loft_aguacate_24.jpg' title=\"Loft Aguacate \/ RACMA Arquitectura (\u00a9 Rub\u00e9n Calder\u00f3n)\" data-rl_title=\"Loft Aguacate \/ RACMA Arquitectura (\u00a9 Rub\u00e9n Calder\u00f3n)\" class=\"rl-gallery-link\" data-rl_caption=\"Loft Aguacate \/ RACMA Arquitectura (\u00a9 Rub\u00e9n Calder\u00f3n)\" data-rel=\"lightbox-gallery-1\"><img loading=\"lazy\" decoding=\"async\" width=\"150\" height=\"150\" src=\"https:\/\/www.arquimaster.com.ar\/web\/wp-content\/uploads\/2025\/05\/loft_aguacate_24-150x150.jpg\" class=\"attachment-thumbnail size-thumbnail\" alt=\"Loft Aguacate \/ RACMA Arquitectura\" aria-describedby=\"gallery-1-84532\" \/><\/a>\n\t\t\t<\/div>\n\t\t\t\t<figcaption class='wp-caption-text gallery-caption' id='gallery-1-84532'>\n\t\t\t\tLoft Aguacate \/ RACMA Arquitectura (\u00a9 Rub\u00e9n Calder\u00f3n)\n\t\t\t\t<\/figcaption><\/figure><figure class='gallery-item'>\n\t\t\t<div class='gallery-icon portrait'>\n\t\t\t\t<a href='https:\/\/www.arquimaster.com.ar\/web\/wp-content\/uploads\/2025\/05\/loft_aguacate_25.jpg' title=\"Loft Aguacate \/ RACMA Arquitectura (\u00a9 Rub\u00e9n Calder\u00f3n)\" data-rl_title=\"Loft Aguacate \/ RACMA Arquitectura (\u00a9 Rub\u00e9n Calder\u00f3n)\" class=\"rl-gallery-link\" data-rl_caption=\"Loft Aguacate \/ RACMA Arquitectura (\u00a9 Rub\u00e9n Calder\u00f3n)\" data-rel=\"lightbox-gallery-1\"><img loading=\"lazy\" decoding=\"async\" width=\"150\" height=\"150\" src=\"https:\/\/www.arquimaster.com.ar\/web\/wp-content\/uploads\/2025\/05\/loft_aguacate_25-150x150.jpg\" class=\"attachment-thumbnail size-thumbnail\" alt=\"Loft Aguacate \/ RACMA Arquitectura\" aria-describedby=\"gallery-1-84533\" \/><\/a>\n\t\t\t<\/div>\n\t\t\t\t<figcaption class='wp-caption-text gallery-caption' id='gallery-1-84533'>\n\t\t\t\tLoft Aguacate \/ RACMA Arquitectura (\u00a9 Rub\u00e9n Calder\u00f3n)\n\t\t\t\t<\/figcaption><\/figure><figure class='gallery-item'>\n\t\t\t<div class='gallery-icon portrait'>\n\t\t\t\t<a href='https:\/\/www.arquimaster.com.ar\/web\/wp-content\/uploads\/2025\/05\/loft_aguacate_26.jpg' title=\"Loft Aguacate \/ RACMA Arquitectura (\u00a9 Rub\u00e9n Calder\u00f3n)\" data-rl_title=\"Loft Aguacate \/ RACMA Arquitectura (\u00a9 Rub\u00e9n Calder\u00f3n)\" class=\"rl-gallery-link\" data-rl_caption=\"Loft Aguacate \/ RACMA Arquitectura (\u00a9 Rub\u00e9n Calder\u00f3n)\" data-rel=\"lightbox-gallery-1\"><img loading=\"lazy\" decoding=\"async\" width=\"150\" height=\"150\" src=\"https:\/\/www.arquimaster.com.ar\/web\/wp-content\/uploads\/2025\/05\/loft_aguacate_26-150x150.jpg\" class=\"attachment-thumbnail size-thumbnail\" alt=\"Loft Aguacate \/ RACMA Arquitectura\" aria-describedby=\"gallery-1-84534\" \/><\/a>\n\t\t\t<\/div>\n\t\t\t\t<figcaption class='wp-caption-text gallery-caption' id='gallery-1-84534'>\n\t\t\t\tLoft Aguacate \/ RACMA Arquitectura (\u00a9 Rub\u00e9n Calder\u00f3n)\n\t\t\t\t<\/figcaption><\/figure><figure class='gallery-item'>\n\t\t\t<div class='gallery-icon portrait'>\n\t\t\t\t<a href='https:\/\/www.arquimaster.com.ar\/web\/wp-content\/uploads\/2025\/05\/loft_aguacate_27.jpg' title=\"Loft Aguacate \/ RACMA Arquitectura (\u00a9 Rub\u00e9n Calder\u00f3n)\" data-rl_title=\"Loft Aguacate \/ RACMA Arquitectura (\u00a9 Rub\u00e9n Calder\u00f3n)\" class=\"rl-gallery-link\" data-rl_caption=\"Loft Aguacate \/ RACMA Arquitectura (\u00a9 Rub\u00e9n Calder\u00f3n)\" data-rel=\"lightbox-gallery-1\"><img loading=\"lazy\" decoding=\"async\" width=\"150\" height=\"150\" src=\"https:\/\/www.arquimaster.com.ar\/web\/wp-content\/uploads\/2025\/05\/loft_aguacate_27-150x150.jpg\" class=\"attachment-thumbnail size-thumbnail\" alt=\"Loft Aguacate \/ RACMA Arquitectura\" aria-describedby=\"gallery-1-84535\" \/><\/a>\n\t\t\t<\/div>\n\t\t\t\t<figcaption class='wp-caption-text gallery-caption' id='gallery-1-84535'>\n\t\t\t\tLoft Aguacate \/ RACMA Arquitectura (\u00a9 Rub\u00e9n Calder\u00f3n)\n\t\t\t\t<\/figcaption><\/figure><figure class='gallery-item'>\n\t\t\t<div class='gallery-icon portrait'>\n\t\t\t\t<a href='https:\/\/www.arquimaster.com.ar\/web\/wp-content\/uploads\/2025\/05\/loft_aguacate_28.jpg' title=\"Loft Aguacate \/ RACMA Arquitectura (\u00a9 Rub\u00e9n Calder\u00f3n)\" data-rl_title=\"Loft Aguacate \/ RACMA Arquitectura (\u00a9 Rub\u00e9n Calder\u00f3n)\" class=\"rl-gallery-link\" data-rl_caption=\"Loft Aguacate \/ RACMA Arquitectura (\u00a9 Rub\u00e9n Calder\u00f3n)\" data-rel=\"lightbox-gallery-1\"><img loading=\"lazy\" decoding=\"async\" width=\"150\" height=\"150\" src=\"https:\/\/www.arquimaster.com.ar\/web\/wp-content\/uploads\/2025\/05\/loft_aguacate_28-150x150.jpg\" class=\"attachment-thumbnail size-thumbnail\" alt=\"Loft Aguacate \/ RACMA Arquitectura\" aria-describedby=\"gallery-1-84536\" \/><\/a>\n\t\t\t<\/div>\n\t\t\t\t<figcaption class='wp-caption-text gallery-caption' id='gallery-1-84536'>\n\t\t\t\tLoft Aguacate \/ RACMA Arquitectura (\u00a9 Rub\u00e9n Calder\u00f3n)\n\t\t\t\t<\/figcaption><\/figure><figure class='gallery-item'>\n\t\t\t<div class='gallery-icon portrait'>\n\t\t\t\t<a href='https:\/\/www.arquimaster.com.ar\/web\/wp-content\/uploads\/2025\/05\/loft_aguacate_29.jpg' title=\"Loft Aguacate \/ RACMA Arquitectura (\u00a9 Rub\u00e9n Calder\u00f3n)\" data-rl_title=\"Loft Aguacate \/ RACMA Arquitectura (\u00a9 Rub\u00e9n Calder\u00f3n)\" class=\"rl-gallery-link\" data-rl_caption=\"Loft Aguacate \/ RACMA Arquitectura (\u00a9 Rub\u00e9n Calder\u00f3n)\" data-rel=\"lightbox-gallery-1\"><img loading=\"lazy\" decoding=\"async\" width=\"150\" height=\"150\" src=\"https:\/\/www.arquimaster.com.ar\/web\/wp-content\/uploads\/2025\/05\/loft_aguacate_29-150x150.jpg\" class=\"attachment-thumbnail size-thumbnail\" alt=\"Loft Aguacate \/ RACMA Arquitectura\" aria-describedby=\"gallery-1-84537\" \/><\/a>\n\t\t\t<\/div>\n\t\t\t\t<figcaption class='wp-caption-text gallery-caption' id='gallery-1-84537'>\n\t\t\t\tLoft Aguacate \/ RACMA Arquitectura (\u00a9 Rub\u00e9n Calder\u00f3n)\n\t\t\t\t<\/figcaption><\/figure><figure class='gallery-item'>\n\t\t\t<div class='gallery-icon portrait'>\n\t\t\t\t<a href='https:\/\/www.arquimaster.com.ar\/web\/wp-content\/uploads\/2025\/05\/loft_aguacate_30.jpg' title=\"Loft Aguacate \/ RACMA Arquitectura (\u00a9 Rub\u00e9n Calder\u00f3n)\" data-rl_title=\"Loft Aguacate \/ RACMA Arquitectura (\u00a9 Rub\u00e9n Calder\u00f3n)\" class=\"rl-gallery-link\" data-rl_caption=\"Loft Aguacate \/ RACMA Arquitectura (\u00a9 Rub\u00e9n Calder\u00f3n)\" data-rel=\"lightbox-gallery-1\"><img loading=\"lazy\" decoding=\"async\" width=\"150\" height=\"150\" src=\"https:\/\/www.arquimaster.com.ar\/web\/wp-content\/uploads\/2025\/05\/loft_aguacate_30-150x150.jpg\" class=\"attachment-thumbnail size-thumbnail\" alt=\"Loft Aguacate \/ RACMA Arquitectura\" aria-describedby=\"gallery-1-84538\" \/><\/a>\n\t\t\t<\/div>\n\t\t\t\t<figcaption class='wp-caption-text gallery-caption' id='gallery-1-84538'>\n\t\t\t\tLoft Aguacate \/ RACMA Arquitectura (\u00a9 Rub\u00e9n Calder\u00f3n)\n\t\t\t\t<\/figcaption><\/figure><figure class='gallery-item'>\n\t\t\t<div class='gallery-icon portrait'>\n\t\t\t\t<a href='https:\/\/www.arquimaster.com.ar\/web\/wp-content\/uploads\/2025\/05\/loft_aguacate_31.jpg' title=\"Loft Aguacate \/ RACMA Arquitectura (\u00a9 Rub\u00e9n Calder\u00f3n)\" data-rl_title=\"Loft Aguacate \/ RACMA Arquitectura (\u00a9 Rub\u00e9n Calder\u00f3n)\" class=\"rl-gallery-link\" data-rl_caption=\"Loft Aguacate \/ RACMA Arquitectura (\u00a9 Rub\u00e9n Calder\u00f3n)\" data-rel=\"lightbox-gallery-1\"><img loading=\"lazy\" decoding=\"async\" width=\"150\" height=\"150\" src=\"https:\/\/www.arquimaster.com.ar\/web\/wp-content\/uploads\/2025\/05\/loft_aguacate_31-150x150.jpg\" class=\"attachment-thumbnail size-thumbnail\" alt=\"Loft Aguacate \/ RACMA Arquitectura\" aria-describedby=\"gallery-1-84539\" \/><\/a>\n\t\t\t<\/div>\n\t\t\t\t<figcaption class='wp-caption-text gallery-caption' id='gallery-1-84539'>\n\t\t\t\tLoft Aguacate \/ RACMA Arquitectura (\u00a9 Rub\u00e9n Calder\u00f3n)\n\t\t\t\t<\/figcaption><\/figure><figure class='gallery-item'>\n\t\t\t<div class='gallery-icon landscape'>\n\t\t\t\t<a href='https:\/\/www.arquimaster.com.ar\/web\/wp-content\/uploads\/2025\/05\/loft_aguacate_32.jpg' title=\"Loft Aguacate \/ RACMA Arquitectura (\u00a9 Rub\u00e9n Calder\u00f3n)\" data-rl_title=\"Loft Aguacate \/ RACMA Arquitectura (\u00a9 Rub\u00e9n Calder\u00f3n)\" class=\"rl-gallery-link\" data-rl_caption=\"Loft Aguacate \/ RACMA Arquitectura (\u00a9 Rub\u00e9n Calder\u00f3n)\" data-rel=\"lightbox-gallery-1\"><img loading=\"lazy\" decoding=\"async\" width=\"150\" height=\"150\" src=\"https:\/\/www.arquimaster.com.ar\/web\/wp-content\/uploads\/2025\/05\/loft_aguacate_32-150x150.jpg\" class=\"attachment-thumbnail size-thumbnail\" alt=\"Loft Aguacate \/ RACMA Arquitectura\" aria-describedby=\"gallery-1-84540\" srcset=\"https:\/\/www.arquimaster.com.ar\/web\/wp-content\/uploads\/2025\/05\/loft_aguacate_32-150x150.jpg 150w, https:\/\/www.arquimaster.com.ar\/web\/wp-content\/uploads\/2025\/05\/loft_aguacate_32-768x768.jpg 768w, https:\/\/www.arquimaster.com.ar\/web\/wp-content\/uploads\/2025\/05\/loft_aguacate_32.jpg 1500w\" sizes=\"auto, (max-width: 150px) 100vw, 150px\" \/><\/a>\n\t\t\t<\/div>\n\t\t\t\t<figcaption class='wp-caption-text gallery-caption' id='gallery-1-84540'>\n\t\t\t\tLoft Aguacate \/ RACMA Arquitectura (\u00a9 Rub\u00e9n Calder\u00f3n)\n\t\t\t\t<\/figcaption><\/figure><figure class='gallery-item'>\n\t\t\t<div class='gallery-icon portrait'>\n\t\t\t\t<a href='https:\/\/www.arquimaster.com.ar\/web\/wp-content\/uploads\/2025\/05\/loft_aguacate_33.jpg' title=\"Loft Aguacate \/ RACMA Arquitectura (\u00a9 Rub\u00e9n Calder\u00f3n)\" data-rl_title=\"Loft Aguacate \/ RACMA Arquitectura (\u00a9 Rub\u00e9n Calder\u00f3n)\" class=\"rl-gallery-link\" data-rl_caption=\"Loft Aguacate \/ RACMA Arquitectura (\u00a9 Rub\u00e9n Calder\u00f3n)\" data-rel=\"lightbox-gallery-1\"><img loading=\"lazy\" decoding=\"async\" width=\"150\" height=\"150\" src=\"https:\/\/www.arquimaster.com.ar\/web\/wp-content\/uploads\/2025\/05\/loft_aguacate_33-150x150.jpg\" class=\"attachment-thumbnail size-thumbnail\" alt=\"Loft Aguacate \/ RACMA Arquitectura\" aria-describedby=\"gallery-1-84541\" \/><\/a>\n\t\t\t<\/div>\n\t\t\t\t<figcaption class='wp-caption-text gallery-caption' id='gallery-1-84541'>\n\t\t\t\tLoft Aguacate \/ RACMA Arquitectura (\u00a9 Rub\u00e9n Calder\u00f3n)\n\t\t\t\t<\/figcaption><\/figure><figure class='gallery-item'>\n\t\t\t<div class='gallery-icon landscape'>\n\t\t\t\t<a href='https:\/\/www.arquimaster.com.ar\/web\/wp-content\/uploads\/2025\/05\/loft_aguacate_34.jpg' title=\"Loft Aguacate \/ RACMA Arquitectura (\u00a9 Rub\u00e9n Calder\u00f3n)\" data-rl_title=\"Loft Aguacate \/ RACMA Arquitectura (\u00a9 Rub\u00e9n Calder\u00f3n)\" class=\"rl-gallery-link\" data-rl_caption=\"Loft Aguacate \/ RACMA Arquitectura (\u00a9 Rub\u00e9n Calder\u00f3n)\" data-rel=\"lightbox-gallery-1\"><img loading=\"lazy\" decoding=\"async\" width=\"150\" height=\"150\" src=\"https:\/\/www.arquimaster.com.ar\/web\/wp-content\/uploads\/2025\/05\/loft_aguacate_34-150x150.jpg\" class=\"attachment-thumbnail size-thumbnail\" alt=\"Loft Aguacate \/ RACMA Arquitectura\" aria-describedby=\"gallery-1-84542\" srcset=\"https:\/\/www.arquimaster.com.ar\/web\/wp-content\/uploads\/2025\/05\/loft_aguacate_34-150x150.jpg 150w, https:\/\/www.arquimaster.com.ar\/web\/wp-content\/uploads\/2025\/05\/loft_aguacate_34-768x768.jpg 768w, https:\/\/www.arquimaster.com.ar\/web\/wp-content\/uploads\/2025\/05\/loft_aguacate_34.jpg 1500w\" sizes=\"auto, (max-width: 150px) 100vw, 150px\" \/><\/a>\n\t\t\t<\/div>\n\t\t\t\t<figcaption class='wp-caption-text gallery-caption' id='gallery-1-84542'>\n\t\t\t\tLoft Aguacate \/ RACMA Arquitectura (\u00a9 Rub\u00e9n Calder\u00f3n)\n\t\t\t\t<\/figcaption><\/figure><figure class='gallery-item'>\n\t\t\t<div class='gallery-icon portrait'>\n\t\t\t\t<a href='https:\/\/www.arquimaster.com.ar\/web\/wp-content\/uploads\/2025\/05\/loft_aguacate_35.jpg' title=\"Loft Aguacate \/ RACMA Arquitectura (\u00a9 Rub\u00e9n Calder\u00f3n)\" data-rl_title=\"Loft Aguacate \/ RACMA Arquitectura (\u00a9 Rub\u00e9n Calder\u00f3n)\" class=\"rl-gallery-link\" data-rl_caption=\"Loft Aguacate \/ RACMA Arquitectura (\u00a9 Rub\u00e9n Calder\u00f3n)\" data-rel=\"lightbox-gallery-1\"><img loading=\"lazy\" decoding=\"async\" width=\"150\" height=\"150\" src=\"https:\/\/www.arquimaster.com.ar\/web\/wp-content\/uploads\/2025\/05\/loft_aguacate_35-150x150.jpg\" class=\"attachment-thumbnail size-thumbnail\" alt=\"Loft Aguacate \/ RACMA Arquitectura\" aria-describedby=\"gallery-1-84543\" srcset=\"https:\/\/www.arquimaster.com.ar\/web\/wp-content\/uploads\/2025\/05\/loft_aguacate_35-150x150.jpg 150w, https:\/\/www.arquimaster.com.ar\/web\/wp-content\/uploads\/2025\/05\/loft_aguacate_35-768x771.jpg 768w, https:\/\/www.arquimaster.com.ar\/web\/wp-content\/uploads\/2025\/05\/loft_aguacate_35.jpg 1494w\" sizes=\"auto, (max-width: 150px) 100vw, 150px\" \/><\/a>\n\t\t\t<\/div>\n\t\t\t\t<figcaption class='wp-caption-text gallery-caption' id='gallery-1-84543'>\n\t\t\t\tLoft Aguacate \/ RACMA Arquitectura (\u00a9 Rub\u00e9n Calder\u00f3n)\n\t\t\t\t<\/figcaption><\/figure><figure class='gallery-item'>\n\t\t\t<div class='gallery-icon portrait'>\n\t\t\t\t<a href='https:\/\/www.arquimaster.com.ar\/web\/wp-content\/uploads\/2025\/05\/loft_aguacate_36.jpg' title=\"Loft Aguacate \/ RACMA Arquitectura (\u00a9 Rub\u00e9n Calder\u00f3n)\" data-rl_title=\"Loft Aguacate \/ RACMA Arquitectura (\u00a9 Rub\u00e9n Calder\u00f3n)\" class=\"rl-gallery-link\" data-rl_caption=\"Loft Aguacate \/ RACMA Arquitectura (\u00a9 Rub\u00e9n Calder\u00f3n)\" data-rel=\"lightbox-gallery-1\"><img loading=\"lazy\" decoding=\"async\" width=\"150\" height=\"150\" src=\"https:\/\/www.arquimaster.com.ar\/web\/wp-content\/uploads\/2025\/05\/loft_aguacate_36-150x150.jpg\" class=\"attachment-thumbnail size-thumbnail\" alt=\"Loft Aguacate \/ RACMA Arquitectura\" aria-describedby=\"gallery-1-84544\" \/><\/a>\n\t\t\t<\/div>\n\t\t\t\t<figcaption class='wp-caption-text gallery-caption' id='gallery-1-84544'>\n\t\t\t\tLoft Aguacate \/ RACMA Arquitectura (\u00a9 Rub\u00e9n Calder\u00f3n)\n\t\t\t\t<\/figcaption><\/figure><figure class='gallery-item'>\n\t\t\t<div class='gallery-icon landscape'>\n\t\t\t\t<a href='https:\/\/www.arquimaster.com.ar\/web\/wp-content\/uploads\/2025\/05\/loft_aguacate_37.jpg' title=\"Loft Aguacate \/ RACMA Arquitectura (\u00a9 Rub\u00e9n Calder\u00f3n)\" data-rl_title=\"Loft Aguacate \/ RACMA Arquitectura (\u00a9 Rub\u00e9n Calder\u00f3n)\" class=\"rl-gallery-link\" data-rl_caption=\"Loft Aguacate \/ RACMA Arquitectura (\u00a9 Rub\u00e9n Calder\u00f3n)\" data-rel=\"lightbox-gallery-1\"><img loading=\"lazy\" decoding=\"async\" width=\"150\" height=\"150\" src=\"https:\/\/www.arquimaster.com.ar\/web\/wp-content\/uploads\/2025\/05\/loft_aguacate_37-150x150.jpg\" class=\"attachment-thumbnail size-thumbnail\" alt=\"Loft Aguacate \/ RACMA Arquitectura\" aria-describedby=\"gallery-1-84545\" srcset=\"https:\/\/www.arquimaster.com.ar\/web\/wp-content\/uploads\/2025\/05\/loft_aguacate_37-150x150.jpg 150w, https:\/\/www.arquimaster.com.ar\/web\/wp-content\/uploads\/2025\/05\/loft_aguacate_37-768x763.jpg 768w, https:\/\/www.arquimaster.com.ar\/web\/wp-content\/uploads\/2025\/05\/loft_aguacate_37.jpg 1509w\" sizes=\"auto, (max-width: 150px) 100vw, 150px\" \/><\/a>\n\t\t\t<\/div>\n\t\t\t\t<figcaption class='wp-caption-text gallery-caption' id='gallery-1-84545'>\n\t\t\t\tLoft Aguacate \/ RACMA Arquitectura (\u00a9 Rub\u00e9n Calder\u00f3n)\n\t\t\t\t<\/figcaption><\/figure><figure class='gallery-item'>\n\t\t\t<div class='gallery-icon landscape'>\n\t\t\t\t<a href='https:\/\/www.arquimaster.com.ar\/web\/wp-content\/uploads\/2025\/05\/loft_aguacate_38.jpg' title=\"Loft Aguacate \/ RACMA Arquitectura (\u00a9 Rub\u00e9n Calder\u00f3n)\" data-rl_title=\"Loft Aguacate \/ RACMA Arquitectura (\u00a9 Rub\u00e9n Calder\u00f3n)\" class=\"rl-gallery-link\" data-rl_caption=\"Loft Aguacate \/ RACMA Arquitectura (\u00a9 Rub\u00e9n Calder\u00f3n)\" data-rel=\"lightbox-gallery-1\"><img loading=\"lazy\" decoding=\"async\" width=\"150\" height=\"150\" src=\"https:\/\/www.arquimaster.com.ar\/web\/wp-content\/uploads\/2025\/05\/loft_aguacate_38-150x150.jpg\" class=\"attachment-thumbnail size-thumbnail\" alt=\"Loft Aguacate \/ RACMA Arquitectura\" aria-describedby=\"gallery-1-84546\" srcset=\"https:\/\/www.arquimaster.com.ar\/web\/wp-content\/uploads\/2025\/05\/loft_aguacate_38-150x150.jpg 150w, https:\/\/www.arquimaster.com.ar\/web\/wp-content\/uploads\/2025\/05\/loft_aguacate_38-768x764.jpg 768w, https:\/\/www.arquimaster.com.ar\/web\/wp-content\/uploads\/2025\/05\/loft_aguacate_38.jpg 1507w\" sizes=\"auto, (max-width: 150px) 100vw, 150px\" \/><\/a>\n\t\t\t<\/div>\n\t\t\t\t<figcaption class='wp-caption-text gallery-caption' id='gallery-1-84546'>\n\t\t\t\tLoft Aguacate \/ RACMA Arquitectura (\u00a9 Rub\u00e9n Calder\u00f3n)\n\t\t\t\t<\/figcaption><\/figure><figure class='gallery-item'>\n\t\t\t<div class='gallery-icon portrait'>\n\t\t\t\t<a href='https:\/\/www.arquimaster.com.ar\/web\/wp-content\/uploads\/2025\/05\/loft_aguacate_39-scaled.jpg' title=\"Loft Aguacate \/ RACMA Arquitectura (planta baja)\" data-rl_title=\"Loft Aguacate \/ RACMA Arquitectura (planta baja)\" class=\"rl-gallery-link\" data-rl_caption=\"Loft Aguacate \/ RACMA Arquitectura (planta baja)\" data-rel=\"lightbox-gallery-1\"><img loading=\"lazy\" decoding=\"async\" width=\"150\" height=\"150\" src=\"https:\/\/www.arquimaster.com.ar\/web\/wp-content\/uploads\/2025\/05\/loft_aguacate_39-150x150.jpg\" class=\"attachment-thumbnail size-thumbnail\" alt=\"Loft Aguacate \/ RACMA Arquitectura\" aria-describedby=\"gallery-1-84547\" \/><\/a>\n\t\t\t<\/div>\n\t\t\t\t<figcaption class='wp-caption-text gallery-caption' id='gallery-1-84547'>\n\t\t\t\tLoft Aguacate \/ RACMA Arquitectura (planta baja)\n\t\t\t\t<\/figcaption><\/figure><figure class='gallery-item'>\n\t\t\t<div class='gallery-icon portrait'>\n\t\t\t\t<a href='https:\/\/www.arquimaster.com.ar\/web\/wp-content\/uploads\/2025\/05\/loft_aguacate_40-scaled.jpg' title=\"Loft Aguacate \/ RACMA Arquitectura (planta alta)\" data-rl_title=\"Loft Aguacate \/ RACMA Arquitectura (planta alta)\" class=\"rl-gallery-link\" data-rl_caption=\"Loft Aguacate \/ RACMA Arquitectura (planta alta)\" data-rel=\"lightbox-gallery-1\"><img loading=\"lazy\" decoding=\"async\" width=\"150\" height=\"150\" src=\"https:\/\/www.arquimaster.com.ar\/web\/wp-content\/uploads\/2025\/05\/loft_aguacate_40-150x150.jpg\" class=\"attachment-thumbnail size-thumbnail\" alt=\"Loft Aguacate \/ RACMA Arquitectura\" aria-describedby=\"gallery-1-84548\" \/><\/a>\n\t\t\t<\/div>\n\t\t\t\t<figcaption class='wp-caption-text gallery-caption' id='gallery-1-84548'>\n\t\t\t\tLoft Aguacate \/ RACMA Arquitectura (planta alta)\n\t\t\t\t<\/figcaption><\/figure><figure class='gallery-item'>\n\t\t\t<div class='gallery-icon portrait'>\n\t\t\t\t<a href='https:\/\/www.arquimaster.com.ar\/web\/wp-content\/uploads\/2025\/05\/loft_aguacate_41-scaled.jpg' title=\"Loft Aguacate \/ RACMA Arquitectura (planta de techos)\" data-rl_title=\"Loft Aguacate \/ RACMA Arquitectura (planta de techos)\" class=\"rl-gallery-link\" data-rl_caption=\"Loft Aguacate \/ RACMA Arquitectura (planta de techos)\" data-rel=\"lightbox-gallery-1\"><img loading=\"lazy\" decoding=\"async\" width=\"150\" height=\"150\" src=\"https:\/\/www.arquimaster.com.ar\/web\/wp-content\/uploads\/2025\/05\/loft_aguacate_41-150x150.jpg\" class=\"attachment-thumbnail size-thumbnail\" alt=\"Loft Aguacate \/ RACMA Arquitectura\" aria-describedby=\"gallery-1-84549\" \/><\/a>\n\t\t\t<\/div>\n\t\t\t\t<figcaption class='wp-caption-text gallery-caption' id='gallery-1-84549'>\n\t\t\t\tLoft Aguacate \/ RACMA Arquitectura (planta de techos)\n\t\t\t\t<\/figcaption><\/figure><figure class='gallery-item'>\n\t\t\t<div class='gallery-icon portrait'>\n\t\t\t\t<a href='https:\/\/www.arquimaster.com.ar\/web\/wp-content\/uploads\/2025\/05\/loft_aguacate_42-scaled.jpg' title=\"Loft Aguacate \/ RACMA Arquitectura (vistas)\" data-rl_title=\"Loft Aguacate \/ RACMA Arquitectura (vistas)\" class=\"rl-gallery-link\" data-rl_caption=\"Loft Aguacate \/ RACMA Arquitectura (vistas)\" data-rel=\"lightbox-gallery-1\"><img loading=\"lazy\" decoding=\"async\" width=\"150\" height=\"150\" src=\"https:\/\/www.arquimaster.com.ar\/web\/wp-content\/uploads\/2025\/05\/loft_aguacate_42-150x150.jpg\" class=\"attachment-thumbnail size-thumbnail\" alt=\"Loft Aguacate \/ RACMA Arquitectura\" aria-describedby=\"gallery-1-84550\" \/><\/a>\n\t\t\t<\/div>\n\t\t\t\t<figcaption class='wp-caption-text gallery-caption' id='gallery-1-84550'>\n\t\t\t\tLoft Aguacate \/ RACMA Arquitectura (vistas)\n\t\t\t\t<\/figcaption><\/figure><figure class='gallery-item'>\n\t\t\t<div class='gallery-icon portrait'>\n\t\t\t\t<a href='https:\/\/www.arquimaster.com.ar\/web\/wp-content\/uploads\/2025\/05\/loft_aguacate_43-scaled.jpg' title=\"Loft Aguacate \/ RACMA Arquitectura (vistas)\" data-rl_title=\"Loft Aguacate \/ RACMA Arquitectura (vistas)\" class=\"rl-gallery-link\" data-rl_caption=\"Loft Aguacate \/ RACMA Arquitectura (vistas)\" data-rel=\"lightbox-gallery-1\"><img loading=\"lazy\" decoding=\"async\" width=\"150\" height=\"150\" src=\"https:\/\/www.arquimaster.com.ar\/web\/wp-content\/uploads\/2025\/05\/loft_aguacate_43-150x150.jpg\" class=\"attachment-thumbnail size-thumbnail\" alt=\"Loft Aguacate \/ RACMA Arquitectura\" aria-describedby=\"gallery-1-84551\" \/><\/a>\n\t\t\t<\/div>\n\t\t\t\t<figcaption class='wp-caption-text gallery-caption' id='gallery-1-84551'>\n\t\t\t\tLoft Aguacate \/ RACMA Arquitectura (vistas)\n\t\t\t\t<\/figcaption><\/figure><figure class='gallery-item'>\n\t\t\t<div class='gallery-icon portrait'>\n\t\t\t\t<a href='https:\/\/www.arquimaster.com.ar\/web\/wp-content\/uploads\/2025\/05\/loft_aguacate_44-scaled.jpg' title=\"Loft Aguacate \/ RACMA Arquitectura (cortes)\" data-rl_title=\"Loft Aguacate \/ RACMA Arquitectura (cortes)\" class=\"rl-gallery-link\" data-rl_caption=\"Loft Aguacate \/ RACMA Arquitectura (cortes)\" data-rel=\"lightbox-gallery-1\"><img loading=\"lazy\" decoding=\"async\" width=\"150\" height=\"150\" src=\"https:\/\/www.arquimaster.com.ar\/web\/wp-content\/uploads\/2025\/05\/loft_aguacate_44-150x150.jpg\" class=\"attachment-thumbnail size-thumbnail\" alt=\"Loft Aguacate \/ RACMA Arquitectura\" aria-describedby=\"gallery-1-84552\" \/><\/a>\n\t\t\t<\/div>\n\t\t\t\t<figcaption class='wp-caption-text gallery-caption' id='gallery-1-84552'>\n\t\t\t\tLoft Aguacate \/ RACMA Arquitectura (cortes)\n\t\t\t\t<\/figcaption><\/figure><figure class='gallery-item'>\n\t\t\t<div class='gallery-icon portrait'>\n\t\t\t\t<a href='https:\/\/www.arquimaster.com.ar\/web\/wp-content\/uploads\/2025\/05\/loft_aguacate_45-scaled.jpg' title=\"Loft Aguacate \/ RACMA Arquitectura (cortes)\" data-rl_title=\"Loft Aguacate \/ RACMA Arquitectura (cortes)\" class=\"rl-gallery-link\" data-rl_caption=\"Loft Aguacate \/ RACMA Arquitectura (cortes)\" data-rel=\"lightbox-gallery-1\"><img loading=\"lazy\" decoding=\"async\" width=\"150\" height=\"150\" src=\"https:\/\/www.arquimaster.com.ar\/web\/wp-content\/uploads\/2025\/05\/loft_aguacate_45-150x150.jpg\" class=\"attachment-thumbnail size-thumbnail\" alt=\"Loft Aguacate \/ RACMA Arquitectura\" aria-describedby=\"gallery-1-84553\" \/><\/a>\n\t\t\t<\/div>\n\t\t\t\t<figcaption class='wp-caption-text gallery-caption' id='gallery-1-84553'>\n\t\t\t\tLoft Aguacate \/ RACMA Arquitectura (cortes)\n\t\t\t\t<\/figcaption><\/figure><figure class='gallery-item'>\n\t\t\t<div class='gallery-icon portrait'>\n\t\t\t\t<a href='https:\/\/www.arquimaster.com.ar\/web\/wp-content\/uploads\/2025\/05\/loft_aguacate_46-scaled.jpg' title=\"Loft Aguacate \/ RACMA Arquitectura (corte)\" data-rl_title=\"Loft Aguacate \/ RACMA Arquitectura (corte)\" class=\"rl-gallery-link\" data-rl_caption=\"Loft Aguacate \/ RACMA Arquitectura (corte)\" data-rel=\"lightbox-gallery-1\"><img loading=\"lazy\" decoding=\"async\" width=\"150\" height=\"150\" src=\"https:\/\/www.arquimaster.com.ar\/web\/wp-content\/uploads\/2025\/05\/loft_aguacate_46-150x150.jpg\" class=\"attachment-thumbnail size-thumbnail\" alt=\"Loft Aguacate \/ RACMA Arquitectura\" aria-describedby=\"gallery-1-84554\" \/><\/a>\n\t\t\t<\/div>\n\t\t\t\t<figcaption class='wp-caption-text gallery-caption' id='gallery-1-84554'>\n\t\t\t\tLoft Aguacate \/ RACMA Arquitectura (corte)\n\t\t\t\t<\/figcaption><\/figure>\n\t\t<\/div>\n\n<p>Nuestra propuesta entonces consisti\u00f3 en un loft, concebido como un espacio cerrado al exterior, cuya geometr\u00eda se convirtiese en una escultura urbana, y hacia el interior, un espacio fluido sin barreras f\u00edsicas, que otorgase versatilidad de usos flexibles.<\/p>\n<p>En resumen, un refugio, un peque\u00f1o oasis personal rodeado de jard\u00edn, y preservando el aguacate, que le di\u00f3 nombre\u00a0al\u00a0proyecto.<\/p>\n\n\n<div style=\"height:20px\" aria-hidden=\"true\" class=\"wp-block-spacer\"><\/div>\n\n\n\n<p class=\"has-background\" style=\"background-color:#eaeaea\"><strong>Ficha t\u00e9cnica<\/strong><br>Nombre: Loft Aguacate<br>Ubicaci\u00f3n: Texcoco, Estado de M\u00e9xico, M\u00e9xico<br>Despacho: RACMA Arquitectura<br>Arquitecto: Rub\u00e9n Calder\u00f3n<br>Arquitectura\/Interiores\/Construcci\u00f3n: RACMA Arquitectura<br>Superficie del terreno: 220 m2<br>Superficie construida: 105 m2<br>A\u00f1o: 2023<br>Fotograf\u00edas: Rub\u00e9n Calder\u00f3n<br>Sitio web: https:\/\/www.racma.mx<br>Instagram: @racmaarq<br>Facebook: RACMA Arquitectura<\/p>\n\n\n\n<div style=\"height:40px\" aria-hidden=\"true\" class=\"wp-block-spacer\"><\/div>\n\n\n<p><em><strong>English version<\/strong><\/em><\/p>\n<p><em>The first request, from this young couple of professionals without children, was a conventional 2-bedroom house, without major pretensions. However, that possibility did not at all represent the couple&#8217;s free and progressive, if slightly antisocial, spirit.<\/em><\/p>\n<p><em>Our proposal then consisted of a loft, conceived as a space closed to the outside, whose geometry would become an urban sculpture, and towards the interior, a fluid space without physical barriers, which would provide versatility of flexible uses.<\/em><\/p>\n<p><em>In short, a refuge, a small personal oasis surrounded by a garden, and preserving the avocado, which gave the project its name.<\/em><\/p>\n<div style=\"font-size: 0px; height: 0px; line-height: 0px; margin: 0; padding: 0; clear: both;\"><\/div><div style=\"margin-top: 0px; margin-bottom: 0px;\" class=\"sharethis-inline-share-buttons\" ><\/div>","protected":false},"excerpt":{"rendered":"<p>El proyecto es un refugio, un peque\u00f1o oasis personal rodeado de jard\u00edn&#8230;<\/p>\n","protected":false},"author":1,"featured_media":84508,"comment_status":"closed","ping_status":"closed","sticky":false,"template":"","format":"standard","meta":{"_uag_custom_page_level_css":"","footnotes":""},"categories":[1,83],"tags":[4282,3622,968,24,7990,7991,7989,254],"class_list":["post-84507","post","type-post","status-publish","format-standard","has-post-thumbnail","hentry","category-proyecto","category-vivienda-unifamiliar","tag-arquitectura-residencial","tag-estado-de-mexico","tag-loft","tag-mexico","tag-racma-arquitectura","tag-ruben-calderon","tag-texcoco","tag-vivienda-unifamiliar-2","generate-columns","tablet-grid-50","mobile-grid-100","grid-parent","grid-50"],"yoast_head":"<!-- This site is optimized with the Yoast SEO plugin v27.3 - https:\/\/yoast.com\/product\/yoast-seo-wordpress\/ -->\n<title>Loft Aguacate \/ RACMA Arquitectura - Arquimaster<\/title>\n<meta name=\"description\" content=\"Un refugio, un peque\u00f1o oasis personal rodeado de jard\u00edn, y preservando el aguacate, que le di\u00f3 nombre\u00a0al\u00a0proyecto.\" \/>\n<meta name=\"robots\" content=\"index, follow, max-snippet:-1, max-image-preview:large, max-video-preview:-1\" \/>\n<link rel=\"canonical\" href=\"https:\/\/www.arquimaster.com.ar\/web\/loft-aguacate-racma-arquitectura\/\" \/>\n<meta property=\"og:locale\" content=\"es_ES\" \/>\n<meta property=\"og:type\" content=\"article\" \/>\n<meta property=\"og:title\" content=\"Loft Aguacate \/ RACMA Arquitectura\" \/>\n<meta property=\"og:description\" content=\"Un refugio, un peque\u00f1o oasis personal rodeado de jard\u00edn, y preservando el aguacate, que le di\u00f3 nombre\u00a0al\u00a0proyecto.\" \/>\n<meta property=\"og:url\" content=\"https:\/\/www.arquimaster.com.ar\/web\/loft-aguacate-racma-arquitectura\/\" \/>\n<meta property=\"og:site_name\" content=\"Arquimaster\" \/>\n<meta property=\"article:publisher\" content=\"http:\/\/www.facebook.com\/ARQUIMASTER.com.ar\" \/>\n<meta property=\"article:published_time\" content=\"2025-05-15T01:31:42+00:00\" \/>\n<meta property=\"article:modified_time\" content=\"2025-07-23T18:24:50+00:00\" \/>\n<meta property=\"og:image\" content=\"https:\/\/www.arquimaster.com.ar\/web\/wp-content\/uploads\/2025\/05\/loft_aguacate_slide.jpg\" \/>\n\t<meta property=\"og:image:width\" content=\"698\" \/>\n\t<meta property=\"og:image:height\" content=\"364\" \/>\n\t<meta property=\"og:image:type\" content=\"image\/jpeg\" \/>\n<meta name=\"author\" content=\"Arquimaster\" \/>\n<meta name=\"twitter:card\" content=\"summary_large_image\" \/>\n<meta name=\"twitter:title\" content=\"Loft Aguacate \/ RACMA Arquitectura\" \/>\n<meta name=\"twitter:description\" content=\"Un refugio, un peque\u00f1o oasis personal rodeado de jard\u00edn, y preservando el aguacate, que le di\u00f3 nombre\u00a0al\u00a0proyecto.\" \/>\n<meta name=\"twitter:image\" content=\"https:\/\/www.arquimaster.com.ar\/web\/wp-content\/uploads\/2025\/05\/loft_aguacate_slide.jpg\" \/>\n<meta name=\"twitter:creator\" content=\"@arquimaster\" \/>\n<meta name=\"twitter:site\" content=\"@arquimaster\" \/>\n<meta name=\"twitter:label1\" content=\"Escrito por\" \/>\n\t<meta name=\"twitter:data1\" content=\"Arquimaster\" \/>\n\t<meta name=\"twitter:label2\" content=\"Tiempo de lectura\" \/>\n\t<meta name=\"twitter:data2\" content=\"2 minutos\" \/>\n<script type=\"application\/ld+json\" class=\"yoast-schema-graph\">{\"@context\":\"https:\\\/\\\/schema.org\",\"@graph\":[{\"@type\":\"Article\",\"@id\":\"https:\\\/\\\/www.arquimaster.com.ar\\\/web\\\/loft-aguacate-racma-arquitectura\\\/#article\",\"isPartOf\":{\"@id\":\"https:\\\/\\\/www.arquimaster.com.ar\\\/web\\\/loft-aguacate-racma-arquitectura\\\/\"},\"author\":{\"name\":\"Arquimaster\",\"@id\":\"https:\\\/\\\/www.arquimaster.com.ar\\\/web\\\/#\\\/schema\\\/person\\\/359e9f7c00193fcde068e0dd2ceb0028\"},\"headline\":\"Loft Aguacate \\\/ RACMA Arquitectura\",\"datePublished\":\"2025-05-15T01:31:42+00:00\",\"dateModified\":\"2025-07-23T18:24:50+00:00\",\"mainEntityOfPage\":{\"@id\":\"https:\\\/\\\/www.arquimaster.com.ar\\\/web\\\/loft-aguacate-racma-arquitectura\\\/\"},\"wordCount\":271,\"publisher\":{\"@id\":\"https:\\\/\\\/www.arquimaster.com.ar\\\/web\\\/#organization\"},\"image\":{\"@id\":\"https:\\\/\\\/www.arquimaster.com.ar\\\/web\\\/loft-aguacate-racma-arquitectura\\\/#primaryimage\"},\"thumbnailUrl\":\"https:\\\/\\\/www.arquimaster.com.ar\\\/web\\\/wp-content\\\/uploads\\\/2025\\\/05\\\/loft_aguacate_slide.jpg\",\"keywords\":[\"arquitectura residencial\",\"Estado de Mexico\",\"loft\",\"Mexico\",\"Racma Arquitectura\",\"Rub\u00e9n Calder\u00f3n\",\"Texcoco\",\"vivienda unifamiliar\"],\"articleSection\":[\"Proyecto\",\"Vivienda unifamiliar y PH\"],\"inLanguage\":\"es\"},{\"@type\":\"WebPage\",\"@id\":\"https:\\\/\\\/www.arquimaster.com.ar\\\/web\\\/loft-aguacate-racma-arquitectura\\\/\",\"url\":\"https:\\\/\\\/www.arquimaster.com.ar\\\/web\\\/loft-aguacate-racma-arquitectura\\\/\",\"name\":\"Loft Aguacate \\\/ RACMA Arquitectura - Arquimaster\",\"isPartOf\":{\"@id\":\"https:\\\/\\\/www.arquimaster.com.ar\\\/web\\\/#website\"},\"primaryImageOfPage\":{\"@id\":\"https:\\\/\\\/www.arquimaster.com.ar\\\/web\\\/loft-aguacate-racma-arquitectura\\\/#primaryimage\"},\"image\":{\"@id\":\"https:\\\/\\\/www.arquimaster.com.ar\\\/web\\\/loft-aguacate-racma-arquitectura\\\/#primaryimage\"},\"thumbnailUrl\":\"https:\\\/\\\/www.arquimaster.com.ar\\\/web\\\/wp-content\\\/uploads\\\/2025\\\/05\\\/loft_aguacate_slide.jpg\",\"datePublished\":\"2025-05-15T01:31:42+00:00\",\"dateModified\":\"2025-07-23T18:24:50+00:00\",\"description\":\"Un refugio, un peque\u00f1o oasis personal rodeado de jard\u00edn, y preservando el aguacate, que le di\u00f3 nombre\u00a0al\u00a0proyecto.\",\"breadcrumb\":{\"@id\":\"https:\\\/\\\/www.arquimaster.com.ar\\\/web\\\/loft-aguacate-racma-arquitectura\\\/#breadcrumb\"},\"inLanguage\":\"es\",\"potentialAction\":[{\"@type\":\"ReadAction\",\"target\":[\"https:\\\/\\\/www.arquimaster.com.ar\\\/web\\\/loft-aguacate-racma-arquitectura\\\/\"]}]},{\"@type\":\"ImageObject\",\"inLanguage\":\"es\",\"@id\":\"https:\\\/\\\/www.arquimaster.com.ar\\\/web\\\/loft-aguacate-racma-arquitectura\\\/#primaryimage\",\"url\":\"https:\\\/\\\/www.arquimaster.com.ar\\\/web\\\/wp-content\\\/uploads\\\/2025\\\/05\\\/loft_aguacate_slide.jpg\",\"contentUrl\":\"https:\\\/\\\/www.arquimaster.com.ar\\\/web\\\/wp-content\\\/uploads\\\/2025\\\/05\\\/loft_aguacate_slide.jpg\",\"width\":698,\"height\":364,\"caption\":\"Loft Aguacate \\\/ RACMA Arquitectura\"},{\"@type\":\"BreadcrumbList\",\"@id\":\"https:\\\/\\\/www.arquimaster.com.ar\\\/web\\\/loft-aguacate-racma-arquitectura\\\/#breadcrumb\",\"itemListElement\":[{\"@type\":\"ListItem\",\"position\":1,\"name\":\"Portada\",\"item\":\"https:\\\/\\\/www.arquimaster.com.ar\\\/web\\\/\"},{\"@type\":\"ListItem\",\"position\":2,\"name\":\"Loft Aguacate \\\/ RACMA Arquitectura\"}]},{\"@type\":\"WebSite\",\"@id\":\"https:\\\/\\\/www.arquimaster.com.ar\\\/web\\\/#website\",\"url\":\"https:\\\/\\\/www.arquimaster.com.ar\\\/web\\\/\",\"name\":\"Arquimaster\",\"description\":\"Web de arquitectura, dise\u00f1o y construccion\",\"publisher\":{\"@id\":\"https:\\\/\\\/www.arquimaster.com.ar\\\/web\\\/#organization\"},\"potentialAction\":[{\"@type\":\"SearchAction\",\"target\":{\"@type\":\"EntryPoint\",\"urlTemplate\":\"https:\\\/\\\/www.arquimaster.com.ar\\\/web\\\/?s={search_term_string}\"},\"query-input\":{\"@type\":\"PropertyValueSpecification\",\"valueRequired\":true,\"valueName\":\"search_term_string\"}}],\"inLanguage\":\"es\"},{\"@type\":\"Organization\",\"@id\":\"https:\\\/\\\/www.arquimaster.com.ar\\\/web\\\/#organization\",\"name\":\"Arquimaster\",\"url\":\"https:\\\/\\\/www.arquimaster.com.ar\\\/web\\\/\",\"logo\":{\"@type\":\"ImageObject\",\"inLanguage\":\"es\",\"@id\":\"https:\\\/\\\/www.arquimaster.com.ar\\\/web\\\/#\\\/schema\\\/logo\\\/image\\\/\",\"url\":\"https:\\\/\\\/www.arquimaster.com.ar\\\/web\\\/wp-content\\\/uploads\\\/2022\\\/06\\\/arquimaster.png\",\"contentUrl\":\"https:\\\/\\\/www.arquimaster.com.ar\\\/web\\\/wp-content\\\/uploads\\\/2022\\\/06\\\/arquimaster.png\",\"width\":594,\"height\":78,\"caption\":\"Arquimaster\"},\"image\":{\"@id\":\"https:\\\/\\\/www.arquimaster.com.ar\\\/web\\\/#\\\/schema\\\/logo\\\/image\\\/\"},\"sameAs\":[\"http:\\\/\\\/www.facebook.com\\\/ARQUIMASTER.com.ar\",\"https:\\\/\\\/x.com\\\/arquimaster\",\"https:\\\/\\\/www.instagram.com\\\/arquimasterblog\\\/\",\"https:\\\/\\\/www.linkedin.com\\\/company\\\/arquimaster\",\"https:\\\/\\\/www.pinterest.com\\\/arquimaster\",\"https:\\\/\\\/t.me\\\/arquimaster\"]},{\"@type\":\"Person\",\"@id\":\"https:\\\/\\\/www.arquimaster.com.ar\\\/web\\\/#\\\/schema\\\/person\\\/359e9f7c00193fcde068e0dd2ceb0028\",\"name\":\"Arquimaster\"}]}<\/script>\n<!-- \/ Yoast SEO plugin. -->","yoast_head_json":{"title":"Loft Aguacate \/ RACMA Arquitectura - Arquimaster","description":"Un refugio, un peque\u00f1o oasis personal rodeado de jard\u00edn, y preservando el aguacate, que le di\u00f3 nombre\u00a0al\u00a0proyecto.","robots":{"index":"index","follow":"follow","max-snippet":"max-snippet:-1","max-image-preview":"max-image-preview:large","max-video-preview":"max-video-preview:-1"},"canonical":"https:\/\/www.arquimaster.com.ar\/web\/loft-aguacate-racma-arquitectura\/","og_locale":"es_ES","og_type":"article","og_title":"Loft Aguacate \/ RACMA Arquitectura","og_description":"Un refugio, un peque\u00f1o oasis personal rodeado de jard\u00edn, y preservando el aguacate, que le di\u00f3 nombre\u00a0al\u00a0proyecto.","og_url":"https:\/\/www.arquimaster.com.ar\/web\/loft-aguacate-racma-arquitectura\/","og_site_name":"Arquimaster","article_publisher":"http:\/\/www.facebook.com\/ARQUIMASTER.com.ar","article_published_time":"2025-05-15T01:31:42+00:00","article_modified_time":"2025-07-23T18:24:50+00:00","og_image":[{"width":698,"height":364,"url":"https:\/\/www.arquimaster.com.ar\/web\/wp-content\/uploads\/2025\/05\/loft_aguacate_slide.jpg","type":"image\/jpeg"}],"author":"Arquimaster","twitter_card":"summary_large_image","twitter_title":"Loft Aguacate \/ RACMA Arquitectura","twitter_description":"Un refugio, un peque\u00f1o oasis personal rodeado de jard\u00edn, y preservando el aguacate, que le di\u00f3 nombre\u00a0al\u00a0proyecto.","twitter_image":"https:\/\/www.arquimaster.com.ar\/web\/wp-content\/uploads\/2025\/05\/loft_aguacate_slide.jpg","twitter_creator":"@arquimaster","twitter_site":"@arquimaster","twitter_misc":{"Escrito por":"Arquimaster","Tiempo de lectura":"2 minutos"},"schema":{"@context":"https:\/\/schema.org","@graph":[{"@type":"Article","@id":"https:\/\/www.arquimaster.com.ar\/web\/loft-aguacate-racma-arquitectura\/#article","isPartOf":{"@id":"https:\/\/www.arquimaster.com.ar\/web\/loft-aguacate-racma-arquitectura\/"},"author":{"name":"Arquimaster","@id":"https:\/\/www.arquimaster.com.ar\/web\/#\/schema\/person\/359e9f7c00193fcde068e0dd2ceb0028"},"headline":"Loft Aguacate \/ RACMA Arquitectura","datePublished":"2025-05-15T01:31:42+00:00","dateModified":"2025-07-23T18:24:50+00:00","mainEntityOfPage":{"@id":"https:\/\/www.arquimaster.com.ar\/web\/loft-aguacate-racma-arquitectura\/"},"wordCount":271,"publisher":{"@id":"https:\/\/www.arquimaster.com.ar\/web\/#organization"},"image":{"@id":"https:\/\/www.arquimaster.com.ar\/web\/loft-aguacate-racma-arquitectura\/#primaryimage"},"thumbnailUrl":"https:\/\/www.arquimaster.com.ar\/web\/wp-content\/uploads\/2025\/05\/loft_aguacate_slide.jpg","keywords":["arquitectura residencial","Estado de Mexico","loft","Mexico","Racma Arquitectura","Rub\u00e9n Calder\u00f3n","Texcoco","vivienda unifamiliar"],"articleSection":["Proyecto","Vivienda unifamiliar y PH"],"inLanguage":"es"},{"@type":"WebPage","@id":"https:\/\/www.arquimaster.com.ar\/web\/loft-aguacate-racma-arquitectura\/","url":"https:\/\/www.arquimaster.com.ar\/web\/loft-aguacate-racma-arquitectura\/","name":"Loft Aguacate \/ RACMA Arquitectura - Arquimaster","isPartOf":{"@id":"https:\/\/www.arquimaster.com.ar\/web\/#website"},"primaryImageOfPage":{"@id":"https:\/\/www.arquimaster.com.ar\/web\/loft-aguacate-racma-arquitectura\/#primaryimage"},"image":{"@id":"https:\/\/www.arquimaster.com.ar\/web\/loft-aguacate-racma-arquitectura\/#primaryimage"},"thumbnailUrl":"https:\/\/www.arquimaster.com.ar\/web\/wp-content\/uploads\/2025\/05\/loft_aguacate_slide.jpg","datePublished":"2025-05-15T01:31:42+00:00","dateModified":"2025-07-23T18:24:50+00:00","description":"Un refugio, un peque\u00f1o oasis personal rodeado de jard\u00edn, y preservando el aguacate, que le di\u00f3 nombre\u00a0al\u00a0proyecto.","breadcrumb":{"@id":"https:\/\/www.arquimaster.com.ar\/web\/loft-aguacate-racma-arquitectura\/#breadcrumb"},"inLanguage":"es","potentialAction":[{"@type":"ReadAction","target":["https:\/\/www.arquimaster.com.ar\/web\/loft-aguacate-racma-arquitectura\/"]}]},{"@type":"ImageObject","inLanguage":"es","@id":"https:\/\/www.arquimaster.com.ar\/web\/loft-aguacate-racma-arquitectura\/#primaryimage","url":"https:\/\/www.arquimaster.com.ar\/web\/wp-content\/uploads\/2025\/05\/loft_aguacate_slide.jpg","contentUrl":"https:\/\/www.arquimaster.com.ar\/web\/wp-content\/uploads\/2025\/05\/loft_aguacate_slide.jpg","width":698,"height":364,"caption":"Loft Aguacate \/ RACMA Arquitectura"},{"@type":"BreadcrumbList","@id":"https:\/\/www.arquimaster.com.ar\/web\/loft-aguacate-racma-arquitectura\/#breadcrumb","itemListElement":[{"@type":"ListItem","position":1,"name":"Portada","item":"https:\/\/www.arquimaster.com.ar\/web\/"},{"@type":"ListItem","position":2,"name":"Loft Aguacate \/ RACMA Arquitectura"}]},{"@type":"WebSite","@id":"https:\/\/www.arquimaster.com.ar\/web\/#website","url":"https:\/\/www.arquimaster.com.ar\/web\/","name":"Arquimaster","description":"Web de arquitectura, dise\u00f1o y construccion","publisher":{"@id":"https:\/\/www.arquimaster.com.ar\/web\/#organization"},"potentialAction":[{"@type":"SearchAction","target":{"@type":"EntryPoint","urlTemplate":"https:\/\/www.arquimaster.com.ar\/web\/?s={search_term_string}"},"query-input":{"@type":"PropertyValueSpecification","valueRequired":true,"valueName":"search_term_string"}}],"inLanguage":"es"},{"@type":"Organization","@id":"https:\/\/www.arquimaster.com.ar\/web\/#organization","name":"Arquimaster","url":"https:\/\/www.arquimaster.com.ar\/web\/","logo":{"@type":"ImageObject","inLanguage":"es","@id":"https:\/\/www.arquimaster.com.ar\/web\/#\/schema\/logo\/image\/","url":"https:\/\/www.arquimaster.com.ar\/web\/wp-content\/uploads\/2022\/06\/arquimaster.png","contentUrl":"https:\/\/www.arquimaster.com.ar\/web\/wp-content\/uploads\/2022\/06\/arquimaster.png","width":594,"height":78,"caption":"Arquimaster"},"image":{"@id":"https:\/\/www.arquimaster.com.ar\/web\/#\/schema\/logo\/image\/"},"sameAs":["http:\/\/www.facebook.com\/ARQUIMASTER.com.ar","https:\/\/x.com\/arquimaster","https:\/\/www.instagram.com\/arquimasterblog\/","https:\/\/www.linkedin.com\/company\/arquimaster","https:\/\/www.pinterest.com\/arquimaster","https:\/\/t.me\/arquimaster"]},{"@type":"Person","@id":"https:\/\/www.arquimaster.com.ar\/web\/#\/schema\/person\/359e9f7c00193fcde068e0dd2ceb0028","name":"Arquimaster"}]}},"uagb_featured_image_src":{"full":["https:\/\/www.arquimaster.com.ar\/web\/wp-content\/uploads\/2025\/05\/loft_aguacate_slide.jpg",698,364,false],"thumbnail":["https:\/\/www.arquimaster.com.ar\/web\/wp-content\/uploads\/2025\/05\/loft_aguacate_slide-150x150.jpg",150,150,true],"medium":["https:\/\/www.arquimaster.com.ar\/web\/wp-content\/uploads\/2025\/05\/loft_aguacate_slide.jpg",698,364,false],"medium_large":["https:\/\/www.arquimaster.com.ar\/web\/wp-content\/uploads\/2025\/05\/loft_aguacate_slide.jpg",698,364,false],"large":["https:\/\/www.arquimaster.com.ar\/web\/wp-content\/uploads\/2025\/05\/loft_aguacate_slide.jpg",698,364,false],"1536x1536":["https:\/\/www.arquimaster.com.ar\/web\/wp-content\/uploads\/2025\/05\/loft_aguacate_slide.jpg",698,364,false],"2048x2048":["https:\/\/www.arquimaster.com.ar\/web\/wp-content\/uploads\/2025\/05\/loft_aguacate_slide.jpg",698,364,false]},"uagb_author_info":{"display_name":"Arquimaster","author_link":"https:\/\/www.arquimaster.com.ar\/web\/author\/arquimaster\/"},"uagb_comment_info":0,"uagb_excerpt":"El proyecto es un refugio, un peque\u00f1o oasis personal rodeado de jard\u00edn...","_links":{"self":[{"href":"https:\/\/www.arquimaster.com.ar\/web\/wp-json\/wp\/v2\/posts\/84507","targetHints":{"allow":["GET"]}}],"collection":[{"href":"https:\/\/www.arquimaster.com.ar\/web\/wp-json\/wp\/v2\/posts"}],"about":[{"href":"https:\/\/www.arquimaster.com.ar\/web\/wp-json\/wp\/v2\/types\/post"}],"author":[{"embeddable":true,"href":"https:\/\/www.arquimaster.com.ar\/web\/wp-json\/wp\/v2\/users\/1"}],"replies":[{"embeddable":true,"href":"https:\/\/www.arquimaster.com.ar\/web\/wp-json\/wp\/v2\/comments?post=84507"}],"version-history":[{"count":2,"href":"https:\/\/www.arquimaster.com.ar\/web\/wp-json\/wp\/v2\/posts\/84507\/revisions"}],"predecessor-version":[{"id":84983,"href":"https:\/\/www.arquimaster.com.ar\/web\/wp-json\/wp\/v2\/posts\/84507\/revisions\/84983"}],"wp:featuredmedia":[{"embeddable":true,"href":"https:\/\/www.arquimaster.com.ar\/web\/wp-json\/wp\/v2\/media\/84508"}],"wp:attachment":[{"href":"https:\/\/www.arquimaster.com.ar\/web\/wp-json\/wp\/v2\/media?parent=84507"}],"wp:term":[{"taxonomy":"category","embeddable":true,"href":"https:\/\/www.arquimaster.com.ar\/web\/wp-json\/wp\/v2\/categories?post=84507"},{"taxonomy":"post_tag","embeddable":true,"href":"https:\/\/www.arquimaster.com.ar\/web\/wp-json\/wp\/v2\/tags?post=84507"}],"curies":[{"name":"wp","href":"https:\/\/api.w.org\/{rel}","templated":true}]}}