{"id":84635,"date":"2025-05-22T00:00:30","date_gmt":"2025-05-22T03:00:30","guid":{"rendered":"https:\/\/www.arquimaster.com.ar\/web\/?p=84635"},"modified":"2025-07-23T15:23:50","modified_gmt":"2025-07-23T18:23:50","slug":"casa-suiza-3-gm-arquitectos","status":"publish","type":"post","link":"https:\/\/www.arquimaster.com.ar\/web\/casa-suiza-3-gm-arquitectos\/","title":{"rendered":"Casa Suiza 3 \/ GM Arquitectos"},"content":{"rendered":"<div style=\"margin-top: 0px; margin-bottom: 0px;\" class=\"sharethis-inline-share-buttons\" ><\/div><div class=\"b812932af2e751442846f039925109de\" data-index=\"1\" style=\"float: none; margin:25px 0 25px 0; text-align:center;\">\n<script async src=\"https:\/\/pagead2.googlesyndication.com\/pagead\/js\/adsbygoogle.js\"><\/script>\r\n<!-- Arquimaster (superior) -->\r\n<ins class=\"adsbygoogle\"\r\n     style=\"display:block\"\r\n     data-ad-client=\"ca-pub-6351072698456832\"\r\n     data-ad-slot=\"6455489680\"\r\n     data-ad-format=\"auto\"\r\n     data-full-width-responsive=\"true\"><\/ins>\r\n<script>\r\n     (adsbygoogle = window.adsbygoogle || []).push({});\r\n<\/script>\n<\/div>\n<p><strong>Casa Suiza 3<\/strong> (Lomas de Angel\u00f3polis, Puebla, M\u00e9xico) por <strong>GM Arquitectos<\/strong>. Casa Suiza 3, es una propuesta arquitect\u00f3nica que destaca por su dise\u00f1o natural, arm\u00f3nico y contempor\u00e1neo, basado en el uso de materiales crudos como concretos aparentes y pulidos, tabique al natural, acero, cantera blanca y madera. Estos elementos, junto con una cuidadosa integraci\u00f3n de la luz natural mediante domos, ventanales y dobles alturas, generan espacios c\u00e1lidos, abiertos y en constante di\u00e1logo con el entorno.<\/p>\n<div id='gallery-1' class='gallery galleryid-84635 gallery-columns-3 gallery-size-thumbnail'><figure class='gallery-item'>\n\t\t\t<div class='gallery-icon landscape'>\n\t\t\t\t<a href='https:\/\/www.arquimaster.com.ar\/web\/wp-content\/uploads\/2025\/05\/casa_suiza_1.jpg' title=\"Casa Suiza 3 \/ GM Arquitectos (\u00a9 Hazel Aradillas)\" data-rl_title=\"Casa Suiza 3 \/ GM Arquitectos (\u00a9 Hazel Aradillas)\" class=\"rl-gallery-link\" data-rl_caption=\"Casa Suiza 3 \/ GM Arquitectos (\u00a9 Hazel Aradillas)\" data-rel=\"lightbox-gallery-1\"><img loading=\"lazy\" decoding=\"async\" width=\"150\" height=\"150\" src=\"https:\/\/www.arquimaster.com.ar\/web\/wp-content\/uploads\/2025\/05\/casa_suiza_1-150x150.jpg\" class=\"attachment-thumbnail size-thumbnail\" alt=\"Casa Suiza 3 \/ GM Arquitectos\" aria-describedby=\"gallery-1-84637\" \/><\/a>\n\t\t\t<\/div>\n\t\t\t\t<figcaption class='wp-caption-text gallery-caption' id='gallery-1-84637'>\n\t\t\t\tCasa Suiza 3 \/ GM Arquitectos (\u00a9 Hazel Aradillas)\n\t\t\t\t<\/figcaption><\/figure><figure class='gallery-item'>\n\t\t\t<div class='gallery-icon portrait'>\n\t\t\t\t<a href='https:\/\/www.arquimaster.com.ar\/web\/wp-content\/uploads\/2025\/05\/casa_suiza_2.jpg' title=\"Casa Suiza 3 \/ GM Arquitectos (\u00a9 Hazel Aradillas)\" data-rl_title=\"Casa Suiza 3 \/ GM Arquitectos (\u00a9 Hazel Aradillas)\" class=\"rl-gallery-link\" data-rl_caption=\"Casa Suiza 3 \/ GM Arquitectos (\u00a9 Hazel Aradillas)\" data-rel=\"lightbox-gallery-1\"><img loading=\"lazy\" decoding=\"async\" width=\"150\" height=\"150\" src=\"https:\/\/www.arquimaster.com.ar\/web\/wp-content\/uploads\/2025\/05\/casa_suiza_2-150x150.jpg\" class=\"attachment-thumbnail size-thumbnail\" alt=\"Casa Suiza 3 \/ GM Arquitectos\" aria-describedby=\"gallery-1-84638\" \/><\/a>\n\t\t\t<\/div>\n\t\t\t\t<figcaption class='wp-caption-text gallery-caption' id='gallery-1-84638'>\n\t\t\t\tCasa Suiza 3 \/ GM Arquitectos (\u00a9 Hazel Aradillas)\n\t\t\t\t<\/figcaption><\/figure><figure class='gallery-item'>\n\t\t\t<div class='gallery-icon landscape'>\n\t\t\t\t<a href='https:\/\/www.arquimaster.com.ar\/web\/wp-content\/uploads\/2025\/05\/casa_suiza_3.jpg' title=\"Casa Suiza 3 \/ GM Arquitectos (\u00a9 Hazel Aradillas)\" data-rl_title=\"Casa Suiza 3 \/ GM Arquitectos (\u00a9 Hazel Aradillas)\" class=\"rl-gallery-link\" data-rl_caption=\"Casa Suiza 3 \/ GM Arquitectos (\u00a9 Hazel Aradillas)\" data-rel=\"lightbox-gallery-1\"><img loading=\"lazy\" decoding=\"async\" width=\"150\" height=\"150\" src=\"https:\/\/www.arquimaster.com.ar\/web\/wp-content\/uploads\/2025\/05\/casa_suiza_3-150x150.jpg\" class=\"attachment-thumbnail size-thumbnail\" alt=\"Casa Suiza 3 \/ GM Arquitectos\" aria-describedby=\"gallery-1-84639\" \/><\/a>\n\t\t\t<\/div>\n\t\t\t\t<figcaption class='wp-caption-text gallery-caption' id='gallery-1-84639'>\n\t\t\t\tCasa Suiza 3 \/ GM Arquitectos (\u00a9 Hazel Aradillas)\n\t\t\t\t<\/figcaption><\/figure><figure class='gallery-item'>\n\t\t\t<div class='gallery-icon portrait'>\n\t\t\t\t<a href='https:\/\/www.arquimaster.com.ar\/web\/wp-content\/uploads\/2025\/05\/casa_suiza_4.jpg' title=\"Casa Suiza 3 \/ GM Arquitectos (\u00a9 Hazel Aradillas)\" data-rl_title=\"Casa Suiza 3 \/ GM Arquitectos (\u00a9 Hazel Aradillas)\" class=\"rl-gallery-link\" data-rl_caption=\"Casa Suiza 3 \/ GM Arquitectos (\u00a9 Hazel Aradillas)\" data-rel=\"lightbox-gallery-1\"><img loading=\"lazy\" decoding=\"async\" width=\"150\" height=\"150\" src=\"https:\/\/www.arquimaster.com.ar\/web\/wp-content\/uploads\/2025\/05\/casa_suiza_4-150x150.jpg\" class=\"attachment-thumbnail size-thumbnail\" alt=\"Casa Suiza 3 \/ GM Arquitectos\" aria-describedby=\"gallery-1-84640\" \/><\/a>\n\t\t\t<\/div>\n\t\t\t\t<figcaption class='wp-caption-text gallery-caption' id='gallery-1-84640'>\n\t\t\t\tCasa Suiza 3 \/ GM Arquitectos (\u00a9 Hazel Aradillas)\n\t\t\t\t<\/figcaption><\/figure><figure class='gallery-item'>\n\t\t\t<div class='gallery-icon portrait'>\n\t\t\t\t<a href='https:\/\/www.arquimaster.com.ar\/web\/wp-content\/uploads\/2025\/05\/casa_suiza_5.jpg' title=\"Casa Suiza 3 \/ GM Arquitectos (\u00a9 Hazel Aradillas)\" data-rl_title=\"Casa Suiza 3 \/ GM Arquitectos (\u00a9 Hazel Aradillas)\" class=\"rl-gallery-link\" data-rl_caption=\"Casa Suiza 3 \/ GM Arquitectos (\u00a9 Hazel Aradillas)\" data-rel=\"lightbox-gallery-1\"><img loading=\"lazy\" decoding=\"async\" width=\"150\" height=\"150\" src=\"https:\/\/www.arquimaster.com.ar\/web\/wp-content\/uploads\/2025\/05\/casa_suiza_5-150x150.jpg\" class=\"attachment-thumbnail size-thumbnail\" alt=\"Casa Suiza 3 \/ GM Arquitectos\" aria-describedby=\"gallery-1-84641\" \/><\/a>\n\t\t\t<\/div>\n\t\t\t\t<figcaption class='wp-caption-text gallery-caption' id='gallery-1-84641'>\n\t\t\t\tCasa Suiza 3 \/ GM Arquitectos (\u00a9 Hazel Aradillas)\n\t\t\t\t<\/figcaption><\/figure><figure class='gallery-item'>\n\t\t\t<div class='gallery-icon portrait'>\n\t\t\t\t<a href='https:\/\/www.arquimaster.com.ar\/web\/wp-content\/uploads\/2025\/05\/casa_suiza_6.jpg' title=\"Casa Suiza 3 \/ GM Arquitectos (\u00a9 Hazel Aradillas)\" data-rl_title=\"Casa Suiza 3 \/ GM Arquitectos (\u00a9 Hazel Aradillas)\" class=\"rl-gallery-link\" data-rl_caption=\"Casa Suiza 3 \/ GM Arquitectos (\u00a9 Hazel Aradillas)\" data-rel=\"lightbox-gallery-1\"><img loading=\"lazy\" decoding=\"async\" width=\"150\" height=\"150\" src=\"https:\/\/www.arquimaster.com.ar\/web\/wp-content\/uploads\/2025\/05\/casa_suiza_6-150x150.jpg\" class=\"attachment-thumbnail size-thumbnail\" alt=\"Casa Suiza 3 \/ GM Arquitectos\" aria-describedby=\"gallery-1-84642\" \/><\/a>\n\t\t\t<\/div>\n\t\t\t\t<figcaption class='wp-caption-text gallery-caption' id='gallery-1-84642'>\n\t\t\t\tCasa Suiza 3 \/ GM Arquitectos (\u00a9 Hazel Aradillas)\n\t\t\t\t<\/figcaption><\/figure><figure class='gallery-item'>\n\t\t\t<div class='gallery-icon landscape'>\n\t\t\t\t<a href='https:\/\/www.arquimaster.com.ar\/web\/wp-content\/uploads\/2025\/05\/casa_suiza_7.jpg' title=\"Casa Suiza 3 \/ GM Arquitectos (\u00a9 Hazel Aradillas)\" data-rl_title=\"Casa Suiza 3 \/ GM Arquitectos (\u00a9 Hazel Aradillas)\" class=\"rl-gallery-link\" data-rl_caption=\"Casa Suiza 3 \/ GM Arquitectos (\u00a9 Hazel Aradillas)\" data-rel=\"lightbox-gallery-1\"><img loading=\"lazy\" decoding=\"async\" width=\"150\" height=\"150\" src=\"https:\/\/www.arquimaster.com.ar\/web\/wp-content\/uploads\/2025\/05\/casa_suiza_7-150x150.jpg\" class=\"attachment-thumbnail size-thumbnail\" alt=\"Casa Suiza 3 \/ GM Arquitectos\" aria-describedby=\"gallery-1-84643\" \/><\/a>\n\t\t\t<\/div>\n\t\t\t\t<figcaption class='wp-caption-text gallery-caption' id='gallery-1-84643'>\n\t\t\t\tCasa Suiza 3 \/ GM Arquitectos (\u00a9 Hazel Aradillas)\n\t\t\t\t<\/figcaption><\/figure><figure class='gallery-item'>\n\t\t\t<div class='gallery-icon landscape'>\n\t\t\t\t<a href='https:\/\/www.arquimaster.com.ar\/web\/wp-content\/uploads\/2025\/05\/casa_suiza_8.jpg' title=\"Casa Suiza 3 \/ GM Arquitectos (\u00a9 Hazel Aradillas)\" data-rl_title=\"Casa Suiza 3 \/ GM Arquitectos (\u00a9 Hazel Aradillas)\" class=\"rl-gallery-link\" data-rl_caption=\"Casa Suiza 3 \/ GM Arquitectos (\u00a9 Hazel Aradillas)\" data-rel=\"lightbox-gallery-1\"><img loading=\"lazy\" decoding=\"async\" width=\"150\" height=\"150\" src=\"https:\/\/www.arquimaster.com.ar\/web\/wp-content\/uploads\/2025\/05\/casa_suiza_8-150x150.jpg\" class=\"attachment-thumbnail size-thumbnail\" alt=\"Casa Suiza 3 \/ GM Arquitectos\" aria-describedby=\"gallery-1-84644\" \/><\/a>\n\t\t\t<\/div>\n\t\t\t\t<figcaption class='wp-caption-text gallery-caption' id='gallery-1-84644'>\n\t\t\t\tCasa Suiza 3 \/ GM Arquitectos (\u00a9 Hazel Aradillas)\n\t\t\t\t<\/figcaption><\/figure><figure class='gallery-item'>\n\t\t\t<div class='gallery-icon landscape'>\n\t\t\t\t<a href='https:\/\/www.arquimaster.com.ar\/web\/wp-content\/uploads\/2025\/05\/casa_suiza_9.jpg' title=\"Casa Suiza 3 \/ GM Arquitectos (\u00a9 Hazel Aradillas)\" data-rl_title=\"Casa Suiza 3 \/ GM Arquitectos (\u00a9 Hazel Aradillas)\" class=\"rl-gallery-link\" data-rl_caption=\"Casa Suiza 3 \/ GM Arquitectos (\u00a9 Hazel Aradillas)\" data-rel=\"lightbox-gallery-1\"><img loading=\"lazy\" decoding=\"async\" width=\"150\" height=\"150\" src=\"https:\/\/www.arquimaster.com.ar\/web\/wp-content\/uploads\/2025\/05\/casa_suiza_9-150x150.jpg\" class=\"attachment-thumbnail size-thumbnail\" alt=\"Casa Suiza 3 \/ GM Arquitectos\" aria-describedby=\"gallery-1-84645\" \/><\/a>\n\t\t\t<\/div>\n\t\t\t\t<figcaption class='wp-caption-text gallery-caption' id='gallery-1-84645'>\n\t\t\t\tCasa Suiza 3 \/ GM Arquitectos (\u00a9 Hazel Aradillas)\n\t\t\t\t<\/figcaption><\/figure><figure class='gallery-item'>\n\t\t\t<div class='gallery-icon landscape'>\n\t\t\t\t<a href='https:\/\/www.arquimaster.com.ar\/web\/wp-content\/uploads\/2025\/05\/casa_suiza_10.jpg' title=\"Casa Suiza 3 \/ GM Arquitectos (\u00a9 Hazel Aradillas)\" data-rl_title=\"Casa Suiza 3 \/ GM Arquitectos (\u00a9 Hazel Aradillas)\" class=\"rl-gallery-link\" data-rl_caption=\"Casa Suiza 3 \/ GM Arquitectos (\u00a9 Hazel Aradillas)\" data-rel=\"lightbox-gallery-1\"><img loading=\"lazy\" decoding=\"async\" width=\"150\" height=\"150\" src=\"https:\/\/www.arquimaster.com.ar\/web\/wp-content\/uploads\/2025\/05\/casa_suiza_10-150x150.jpg\" class=\"attachment-thumbnail size-thumbnail\" alt=\"Casa Suiza 3 \/ GM Arquitectos\" aria-describedby=\"gallery-1-84646\" \/><\/a>\n\t\t\t<\/div>\n\t\t\t\t<figcaption class='wp-caption-text gallery-caption' id='gallery-1-84646'>\n\t\t\t\tCasa Suiza 3 \/ GM Arquitectos (\u00a9 Hazel Aradillas)\n\t\t\t\t<\/figcaption><\/figure><figure class='gallery-item'>\n\t\t\t<div class='gallery-icon landscape'>\n\t\t\t\t<a href='https:\/\/www.arquimaster.com.ar\/web\/wp-content\/uploads\/2025\/05\/casa_suiza_11.jpg' title=\"Casa Suiza 3 \/ GM Arquitectos (\u00a9 Hazel Aradillas)\" data-rl_title=\"Casa Suiza 3 \/ GM Arquitectos (\u00a9 Hazel Aradillas)\" class=\"rl-gallery-link\" data-rl_caption=\"Casa Suiza 3 \/ GM Arquitectos (\u00a9 Hazel Aradillas)\" data-rel=\"lightbox-gallery-1\"><img loading=\"lazy\" decoding=\"async\" width=\"150\" height=\"150\" src=\"https:\/\/www.arquimaster.com.ar\/web\/wp-content\/uploads\/2025\/05\/casa_suiza_11-150x150.jpg\" class=\"attachment-thumbnail size-thumbnail\" alt=\"Casa Suiza 3 \/ GM Arquitectos\" aria-describedby=\"gallery-1-84647\" \/><\/a>\n\t\t\t<\/div>\n\t\t\t\t<figcaption class='wp-caption-text gallery-caption' id='gallery-1-84647'>\n\t\t\t\tCasa Suiza 3 \/ GM Arquitectos (\u00a9 Hazel Aradillas)\n\t\t\t\t<\/figcaption><\/figure><figure class='gallery-item'>\n\t\t\t<div class='gallery-icon landscape'>\n\t\t\t\t<a href='https:\/\/www.arquimaster.com.ar\/web\/wp-content\/uploads\/2025\/05\/casa_suiza_12.jpg' title=\"Casa Suiza 3 \/ GM Arquitectos (\u00a9 Hazel Aradillas)\" data-rl_title=\"Casa Suiza 3 \/ GM Arquitectos (\u00a9 Hazel Aradillas)\" class=\"rl-gallery-link\" data-rl_caption=\"Casa Suiza 3 \/ GM Arquitectos (\u00a9 Hazel Aradillas)\" data-rel=\"lightbox-gallery-1\"><img loading=\"lazy\" decoding=\"async\" width=\"150\" height=\"150\" src=\"https:\/\/www.arquimaster.com.ar\/web\/wp-content\/uploads\/2025\/05\/casa_suiza_12-150x150.jpg\" class=\"attachment-thumbnail size-thumbnail\" alt=\"Casa Suiza 3 \/ GM Arquitectos\" aria-describedby=\"gallery-1-84648\" \/><\/a>\n\t\t\t<\/div>\n\t\t\t\t<figcaption class='wp-caption-text gallery-caption' id='gallery-1-84648'>\n\t\t\t\tCasa Suiza 3 \/ GM Arquitectos (\u00a9 Hazel Aradillas)\n\t\t\t\t<\/figcaption><\/figure><figure class='gallery-item'>\n\t\t\t<div class='gallery-icon landscape'>\n\t\t\t\t<a href='https:\/\/www.arquimaster.com.ar\/web\/wp-content\/uploads\/2025\/05\/casa_suiza_13.jpg' title=\"Casa Suiza 3 \/ GM Arquitectos (\u00a9 Hazel Aradillas)\" data-rl_title=\"Casa Suiza 3 \/ GM Arquitectos (\u00a9 Hazel Aradillas)\" class=\"rl-gallery-link\" data-rl_caption=\"Casa Suiza 3 \/ GM Arquitectos (\u00a9 Hazel Aradillas)\" data-rel=\"lightbox-gallery-1\"><img loading=\"lazy\" decoding=\"async\" width=\"150\" height=\"150\" src=\"https:\/\/www.arquimaster.com.ar\/web\/wp-content\/uploads\/2025\/05\/casa_suiza_13-150x150.jpg\" class=\"attachment-thumbnail size-thumbnail\" alt=\"Casa Suiza 3 \/ GM Arquitectos\" aria-describedby=\"gallery-1-84649\" \/><\/a>\n\t\t\t<\/div>\n\t\t\t\t<figcaption class='wp-caption-text gallery-caption' id='gallery-1-84649'>\n\t\t\t\tCasa Suiza 3 \/ GM Arquitectos (\u00a9 Hazel Aradillas)\n\t\t\t\t<\/figcaption><\/figure><figure class='gallery-item'>\n\t\t\t<div class='gallery-icon portrait'>\n\t\t\t\t<a href='https:\/\/www.arquimaster.com.ar\/web\/wp-content\/uploads\/2025\/05\/casa_suiza_14.jpg' title=\"Casa Suiza 3 \/ GM Arquitectos (\u00a9 Hazel Aradillas)\" data-rl_title=\"Casa Suiza 3 \/ GM Arquitectos (\u00a9 Hazel Aradillas)\" class=\"rl-gallery-link\" data-rl_caption=\"Casa Suiza 3 \/ GM Arquitectos (\u00a9 Hazel Aradillas)\" data-rel=\"lightbox-gallery-1\"><img loading=\"lazy\" decoding=\"async\" width=\"150\" height=\"150\" src=\"https:\/\/www.arquimaster.com.ar\/web\/wp-content\/uploads\/2025\/05\/casa_suiza_14-150x150.jpg\" class=\"attachment-thumbnail size-thumbnail\" alt=\"Casa Suiza 3 \/ GM Arquitectos\" aria-describedby=\"gallery-1-84650\" \/><\/a>\n\t\t\t<\/div>\n\t\t\t\t<figcaption class='wp-caption-text gallery-caption' id='gallery-1-84650'>\n\t\t\t\tCasa Suiza 3 \/ GM Arquitectos (\u00a9 Hazel Aradillas)\n\t\t\t\t<\/figcaption><\/figure><figure class='gallery-item'>\n\t\t\t<div class='gallery-icon portrait'>\n\t\t\t\t<a href='https:\/\/www.arquimaster.com.ar\/web\/wp-content\/uploads\/2025\/05\/casa_suiza_15.jpg' title=\"Casa Suiza 3 \/ GM Arquitectos (\u00a9 Hazel Aradillas)\" data-rl_title=\"Casa Suiza 3 \/ GM Arquitectos (\u00a9 Hazel Aradillas)\" class=\"rl-gallery-link\" data-rl_caption=\"Casa Suiza 3 \/ GM Arquitectos (\u00a9 Hazel Aradillas)\" data-rel=\"lightbox-gallery-1\"><img loading=\"lazy\" decoding=\"async\" width=\"150\" height=\"150\" src=\"https:\/\/www.arquimaster.com.ar\/web\/wp-content\/uploads\/2025\/05\/casa_suiza_15-150x150.jpg\" class=\"attachment-thumbnail size-thumbnail\" alt=\"Casa Suiza 3 \/ GM Arquitectos\" aria-describedby=\"gallery-1-84651\" \/><\/a>\n\t\t\t<\/div>\n\t\t\t\t<figcaption class='wp-caption-text gallery-caption' id='gallery-1-84651'>\n\t\t\t\tCasa Suiza 3 \/ GM Arquitectos (\u00a9 Hazel Aradillas)\n\t\t\t\t<\/figcaption><\/figure><figure class='gallery-item'>\n\t\t\t<div class='gallery-icon portrait'>\n\t\t\t\t<a href='https:\/\/www.arquimaster.com.ar\/web\/wp-content\/uploads\/2025\/05\/casa_suiza_16.jpg' title=\"Casa Suiza 3 \/ GM Arquitectos (\u00a9 Hazel Aradillas)\" data-rl_title=\"Casa Suiza 3 \/ GM Arquitectos (\u00a9 Hazel Aradillas)\" class=\"rl-gallery-link\" data-rl_caption=\"Casa Suiza 3 \/ GM Arquitectos (\u00a9 Hazel Aradillas)\" data-rel=\"lightbox-gallery-1\"><img loading=\"lazy\" decoding=\"async\" width=\"150\" height=\"150\" src=\"https:\/\/www.arquimaster.com.ar\/web\/wp-content\/uploads\/2025\/05\/casa_suiza_16-150x150.jpg\" class=\"attachment-thumbnail size-thumbnail\" alt=\"Casa Suiza 3 \/ GM Arquitectos\" aria-describedby=\"gallery-1-84652\" \/><\/a>\n\t\t\t<\/div>\n\t\t\t\t<figcaption class='wp-caption-text gallery-caption' id='gallery-1-84652'>\n\t\t\t\tCasa Suiza 3 \/ GM Arquitectos (\u00a9 Hazel Aradillas)\n\t\t\t\t<\/figcaption><\/figure><figure class='gallery-item'>\n\t\t\t<div class='gallery-icon landscape'>\n\t\t\t\t<a href='https:\/\/www.arquimaster.com.ar\/web\/wp-content\/uploads\/2025\/05\/casa_suiza_17.jpg' title=\"Casa Suiza 3 \/ GM Arquitectos (\u00a9 Hazel Aradillas)\" data-rl_title=\"Casa Suiza 3 \/ GM Arquitectos (\u00a9 Hazel Aradillas)\" class=\"rl-gallery-link\" data-rl_caption=\"Casa Suiza 3 \/ GM Arquitectos (\u00a9 Hazel Aradillas)\" data-rel=\"lightbox-gallery-1\"><img loading=\"lazy\" decoding=\"async\" width=\"150\" height=\"150\" src=\"https:\/\/www.arquimaster.com.ar\/web\/wp-content\/uploads\/2025\/05\/casa_suiza_17-150x150.jpg\" class=\"attachment-thumbnail size-thumbnail\" alt=\"Casa Suiza 3 \/ GM Arquitectos\" aria-describedby=\"gallery-1-84653\" \/><\/a>\n\t\t\t<\/div>\n\t\t\t\t<figcaption class='wp-caption-text gallery-caption' id='gallery-1-84653'>\n\t\t\t\tCasa Suiza 3 \/ GM Arquitectos (\u00a9 Hazel Aradillas)\n\t\t\t\t<\/figcaption><\/figure><figure class='gallery-item'>\n\t\t\t<div class='gallery-icon portrait'>\n\t\t\t\t<a href='https:\/\/www.arquimaster.com.ar\/web\/wp-content\/uploads\/2025\/05\/casa_suiza_18.jpg' title=\"Casa Suiza 3 \/ GM Arquitectos (planta subsuelo)\" data-rl_title=\"Casa Suiza 3 \/ GM Arquitectos (planta subsuelo)\" class=\"rl-gallery-link\" data-rl_caption=\"Casa Suiza 3 \/ GM Arquitectos (planta subsuelo)\" data-rel=\"lightbox-gallery-1\"><img loading=\"lazy\" decoding=\"async\" width=\"150\" height=\"150\" src=\"https:\/\/www.arquimaster.com.ar\/web\/wp-content\/uploads\/2025\/05\/casa_suiza_18-150x150.jpg\" class=\"attachment-thumbnail size-thumbnail\" alt=\"Casa Suiza 3 \/ GM Arquitectos\" aria-describedby=\"gallery-1-84654\" \/><\/a>\n\t\t\t<\/div>\n\t\t\t\t<figcaption class='wp-caption-text gallery-caption' id='gallery-1-84654'>\n\t\t\t\tCasa Suiza 3 \/ GM Arquitectos (planta subsuelo)\n\t\t\t\t<\/figcaption><\/figure><figure class='gallery-item'>\n\t\t\t<div class='gallery-icon portrait'>\n\t\t\t\t<a href='https:\/\/www.arquimaster.com.ar\/web\/wp-content\/uploads\/2025\/05\/casa_suiza_19.jpg' title=\"Casa Suiza 3 \/ GM Arquitectos (planta baja)\" data-rl_title=\"Casa Suiza 3 \/ GM Arquitectos (planta baja)\" class=\"rl-gallery-link\" data-rl_caption=\"Casa Suiza 3 \/ GM Arquitectos (planta baja)\" data-rel=\"lightbox-gallery-1\"><img loading=\"lazy\" decoding=\"async\" width=\"150\" height=\"150\" src=\"https:\/\/www.arquimaster.com.ar\/web\/wp-content\/uploads\/2025\/05\/casa_suiza_19-150x150.jpg\" class=\"attachment-thumbnail size-thumbnail\" alt=\"Casa Suiza 3 \/ GM Arquitectos\" aria-describedby=\"gallery-1-84655\" \/><\/a>\n\t\t\t<\/div>\n\t\t\t\t<figcaption class='wp-caption-text gallery-caption' id='gallery-1-84655'>\n\t\t\t\tCasa Suiza 3 \/ GM Arquitectos (planta baja)\n\t\t\t\t<\/figcaption><\/figure><figure class='gallery-item'>\n\t\t\t<div class='gallery-icon portrait'>\n\t\t\t\t<a href='https:\/\/www.arquimaster.com.ar\/web\/wp-content\/uploads\/2025\/05\/casa_suiza_20.jpg' title=\"Casa Suiza 3 \/ GM Arquitectos (planta alta)\" data-rl_title=\"Casa Suiza 3 \/ GM Arquitectos (planta alta)\" class=\"rl-gallery-link\" data-rl_caption=\"Casa Suiza 3 \/ GM Arquitectos (planta alta)\" data-rel=\"lightbox-gallery-1\"><img loading=\"lazy\" decoding=\"async\" width=\"150\" height=\"150\" src=\"https:\/\/www.arquimaster.com.ar\/web\/wp-content\/uploads\/2025\/05\/casa_suiza_20-150x150.jpg\" class=\"attachment-thumbnail size-thumbnail\" alt=\"Casa Suiza 3 \/ GM Arquitectos\" aria-describedby=\"gallery-1-84656\" \/><\/a>\n\t\t\t<\/div>\n\t\t\t\t<figcaption class='wp-caption-text gallery-caption' id='gallery-1-84656'>\n\t\t\t\tCasa Suiza 3 \/ GM Arquitectos (planta alta)\n\t\t\t\t<\/figcaption><\/figure><figure class='gallery-item'>\n\t\t\t<div class='gallery-icon portrait'>\n\t\t\t\t<a href='https:\/\/www.arquimaster.com.ar\/web\/wp-content\/uploads\/2025\/05\/casa_suiza_21.jpg' title=\"Casa Suiza 3 \/ GM Arquitectos (planta de techos)\" data-rl_title=\"Casa Suiza 3 \/ GM Arquitectos (planta de techos)\" class=\"rl-gallery-link\" data-rl_caption=\"Casa Suiza 3 \/ GM Arquitectos (planta de techos)\" data-rel=\"lightbox-gallery-1\"><img loading=\"lazy\" decoding=\"async\" width=\"150\" height=\"150\" src=\"https:\/\/www.arquimaster.com.ar\/web\/wp-content\/uploads\/2025\/05\/casa_suiza_21-150x150.jpg\" class=\"attachment-thumbnail size-thumbnail\" alt=\"Casa Suiza 3 \/ GM Arquitectos\" aria-describedby=\"gallery-1-84657\" \/><\/a>\n\t\t\t<\/div>\n\t\t\t\t<figcaption class='wp-caption-text gallery-caption' id='gallery-1-84657'>\n\t\t\t\tCasa Suiza 3 \/ GM Arquitectos (planta de techos)\n\t\t\t\t<\/figcaption><\/figure><figure class='gallery-item'>\n\t\t\t<div class='gallery-icon landscape'>\n\t\t\t\t<a href='https:\/\/www.arquimaster.com.ar\/web\/wp-content\/uploads\/2025\/05\/casa_suiza_22.jpg' title=\"Casa Suiza 3 \/ GM Arquitectos (vista frente)\" data-rl_title=\"Casa Suiza 3 \/ GM Arquitectos (vista frente)\" class=\"rl-gallery-link\" data-rl_caption=\"Casa Suiza 3 \/ GM Arquitectos (vista frente)\" data-rel=\"lightbox-gallery-1\"><img loading=\"lazy\" decoding=\"async\" width=\"150\" height=\"150\" src=\"https:\/\/www.arquimaster.com.ar\/web\/wp-content\/uploads\/2025\/05\/casa_suiza_22-150x150.jpg\" class=\"attachment-thumbnail size-thumbnail\" alt=\"Casa Suiza 3 \/ GM Arquitectos\" aria-describedby=\"gallery-1-84658\" \/><\/a>\n\t\t\t<\/div>\n\t\t\t\t<figcaption class='wp-caption-text gallery-caption' id='gallery-1-84658'>\n\t\t\t\tCasa Suiza 3 \/ GM Arquitectos (vista frente)\n\t\t\t\t<\/figcaption><\/figure><figure class='gallery-item'>\n\t\t\t<div class='gallery-icon landscape'>\n\t\t\t\t<a href='https:\/\/www.arquimaster.com.ar\/web\/wp-content\/uploads\/2025\/05\/casa_suiza_23.jpg' title=\"Casa Suiza 3 \/ GM Arquitectos (vista contrafrente)\" data-rl_title=\"Casa Suiza 3 \/ GM Arquitectos (vista contrafrente)\" class=\"rl-gallery-link\" data-rl_caption=\"Casa Suiza 3 \/ GM Arquitectos (vista contrafrente)\" data-rel=\"lightbox-gallery-1\"><img loading=\"lazy\" decoding=\"async\" width=\"150\" height=\"150\" src=\"https:\/\/www.arquimaster.com.ar\/web\/wp-content\/uploads\/2025\/05\/casa_suiza_23-150x150.jpg\" class=\"attachment-thumbnail size-thumbnail\" alt=\"Casa Suiza 3 \/ GM Arquitectos\" aria-describedby=\"gallery-1-84659\" \/><\/a>\n\t\t\t<\/div>\n\t\t\t\t<figcaption class='wp-caption-text gallery-caption' id='gallery-1-84659'>\n\t\t\t\tCasa Suiza 3 \/ GM Arquitectos (vista contrafrente)\n\t\t\t\t<\/figcaption><\/figure>\n\t\t<\/div>\n\n<p>Uno de los principales retos del proyecto fue optimizar cada metro cuadrado del terreno, que cuenta con dimensiones limitadas. Esta restricci\u00f3n espacial exigi\u00f3 un enfoque de dise\u00f1o altamente eficiente, donde cada decisi\u00f3n deb\u00eda sumar valor funcional y est\u00e9tico al conjunto. La distribuci\u00f3n abierta de la planta baja -que integra cocina, comedor, sala y terraza- responde a esta necesidad de aprovechar al m\u00e1ximo el espacio, eliminando barreras f\u00edsicas y visuales para crear una sensaci\u00f3n de amplitud.<\/p>\n<p>Asimismo, el proyecto se desarroll\u00f3 bajo una estrategia de optimizaci\u00f3n de recursos sin comprometer la calidad, calidez, armon\u00eda y comodidad arquitect\u00f3nica. La elecci\u00f3n de materiales honestos, accesibles y duraderos permiti\u00f3 mantener costos contenidos, al tiempo que se reforz\u00f3 la identidad est\u00e9tica de la casa. Esta econom\u00eda de medios se tradujo en soluciones creativas y funcionales que responden tanto a las necesidades del cliente como al entorno.<\/p>\n<p>En la planta alta se distribuyen tres habitaciones de dise\u00f1o funcional. La rec\u00e1mara principal se integra a un patio interior mediante un amplio ventanal, lo que permite una \u00f3ptima iluminaci\u00f3n y ventilaci\u00f3n natural sin comprometer la privacidad. Las dos habitaciones secundarias comparten un ba\u00f1o y una zona de lavabos, favoreciendo un uso eficiente del espacio.<\/p>\n<p>Por \u00faltimo, el proyecto incorpora un s\u00f3tano, concebido como un espacio introspectivo, ideal para actividades creativas como la m\u00fasica y el arte. Este espacio \u00edntimo fomenta la concentraci\u00f3n y la inspiraci\u00f3n, complementando el dise\u00f1o arquitect\u00f3nico con una dimensi\u00f3n personal y m\u00e1s \u00edntima.<\/p>\n<p>En conjunto, Casa Suiza 3 es una expresi\u00f3n de arquitectura honesta y sensible, donde la optimizaci\u00f3n del espacio, el uso consciente de los recursos y el respeto por los materiales confluyen para crear un hogar aut\u00e9ntico, habitable y lleno de vida. <\/p>\n\n\n<div style=\"height:20px\" aria-hidden=\"true\" class=\"wp-block-spacer\"><\/div>\n\n\n\n<p class=\"has-background\" style=\"background-color:#eaeaea\"><strong>Ficha t\u00e9cnica<\/strong><br>Nombre: Casa Suiza 3<br>Ubicaci\u00f3n: Calle Suiza N\u00ba 3, Parque Berna, Lomas de Angel\u00f3polis, Puebla, M\u00e9xico<br>Oficina de arquitectura: GM Arquitectos<br>A\u00f1o: 2024<br>Fotograf\u00eda: Hazel Aradillas<br>Sitio web: https:\/\/www.gmarquitectos.com<\/p>\n\n\n\n<div style=\"height:40px\" aria-hidden=\"true\" class=\"wp-block-spacer\"><\/div>\n\n<div style=\"font-size: 0px; height: 0px; line-height: 0px; margin: 0; padding: 0; clear: both;\"><\/div><div style=\"margin-top: 0px; margin-bottom: 0px;\" class=\"sharethis-inline-share-buttons\" ><\/div>","protected":false},"excerpt":{"rendered":"<p>Dise\u00f1o natural, arm\u00f3nico y contempor\u00e1neo, basado en el uso de materiales crudos&#8230;<\/p>\n","protected":false},"author":1,"featured_media":84636,"comment_status":"closed","ping_status":"closed","sticky":false,"template":"","format":"standard","meta":{"_uag_custom_page_level_css":"","footnotes":""},"categories":[1,83],"tags":[4282,8184,7416,24,970,254],"class_list":["post-84635","post","type-post","status-publish","format-standard","has-post-thumbnail","hentry","category-proyecto","category-vivienda-unifamiliar","tag-arquitectura-residencial","tag-gm-arquitectos","tag-lomas-de-angelopolis","tag-mexico","tag-puebla","tag-vivienda-unifamiliar-2","generate-columns","tablet-grid-50","mobile-grid-100","grid-parent","grid-50"],"yoast_head":"<!-- This site is optimized with the Yoast SEO plugin v27.3 - https:\/\/yoast.com\/product\/yoast-seo-wordpress\/ -->\n<title>Casa Suiza 3 \/ GM Arquitectos - Arquimaster<\/title>\n<meta name=\"description\" content=\"Propuesta arquitect\u00f3nica que destaca por su dise\u00f1o natural, arm\u00f3nico y contempor\u00e1neo, basado en el uso de materiales crudos.\" \/>\n<meta name=\"robots\" content=\"index, follow, max-snippet:-1, max-image-preview:large, max-video-preview:-1\" \/>\n<link rel=\"canonical\" href=\"https:\/\/www.arquimaster.com.ar\/web\/casa-suiza-3-gm-arquitectos\/\" \/>\n<meta property=\"og:locale\" content=\"es_ES\" \/>\n<meta property=\"og:type\" content=\"article\" \/>\n<meta property=\"og:title\" content=\"Casa Suiza 3 \/ GM Arquitectos\" \/>\n<meta property=\"og:description\" content=\"Propuesta arquitect\u00f3nica que destaca por su dise\u00f1o natural, arm\u00f3nico y contempor\u00e1neo, basado en el uso de materiales crudos.\" \/>\n<meta property=\"og:url\" content=\"https:\/\/www.arquimaster.com.ar\/web\/casa-suiza-3-gm-arquitectos\/\" \/>\n<meta property=\"og:site_name\" content=\"Arquimaster\" \/>\n<meta property=\"article:publisher\" content=\"http:\/\/www.facebook.com\/ARQUIMASTER.com.ar\" \/>\n<meta property=\"article:published_time\" content=\"2025-05-22T03:00:30+00:00\" \/>\n<meta property=\"article:modified_time\" content=\"2025-07-23T18:23:50+00:00\" \/>\n<meta property=\"og:image\" content=\"https:\/\/www.arquimaster.com.ar\/web\/wp-content\/uploads\/2025\/05\/casa_suiza_slide.jpg\" \/>\n\t<meta property=\"og:image:width\" content=\"698\" \/>\n\t<meta property=\"og:image:height\" content=\"364\" \/>\n\t<meta property=\"og:image:type\" content=\"image\/jpeg\" \/>\n<meta name=\"author\" content=\"Arquimaster\" \/>\n<meta name=\"twitter:card\" content=\"summary_large_image\" \/>\n<meta name=\"twitter:title\" content=\"Casa Suiza 3 \/ GM Arquitectos\" \/>\n<meta name=\"twitter:description\" content=\"Propuesta arquitect\u00f3nica que destaca por su dise\u00f1o natural, arm\u00f3nico y contempor\u00e1neo, basado en el uso de materiales crudos.\" \/>\n<meta name=\"twitter:image\" content=\"https:\/\/www.arquimaster.com.ar\/web\/wp-content\/uploads\/2025\/05\/casa_suiza_slide.jpg\" \/>\n<meta name=\"twitter:creator\" content=\"@arquimaster\" \/>\n<meta name=\"twitter:site\" content=\"@arquimaster\" \/>\n<meta name=\"twitter:label1\" content=\"Escrito por\" \/>\n\t<meta name=\"twitter:data1\" content=\"Arquimaster\" \/>\n\t<meta name=\"twitter:label2\" content=\"Tiempo de lectura\" \/>\n\t<meta name=\"twitter:data2\" content=\"2 minutos\" \/>\n<script type=\"application\/ld+json\" class=\"yoast-schema-graph\">{\"@context\":\"https:\\\/\\\/schema.org\",\"@graph\":[{\"@type\":\"Article\",\"@id\":\"https:\\\/\\\/www.arquimaster.com.ar\\\/web\\\/casa-suiza-3-gm-arquitectos\\\/#article\",\"isPartOf\":{\"@id\":\"https:\\\/\\\/www.arquimaster.com.ar\\\/web\\\/casa-suiza-3-gm-arquitectos\\\/\"},\"author\":{\"name\":\"Arquimaster\",\"@id\":\"https:\\\/\\\/www.arquimaster.com.ar\\\/web\\\/#\\\/schema\\\/person\\\/359e9f7c00193fcde068e0dd2ceb0028\"},\"headline\":\"Casa Suiza 3 \\\/ GM Arquitectos\",\"datePublished\":\"2025-05-22T03:00:30+00:00\",\"dateModified\":\"2025-07-23T18:23:50+00:00\",\"mainEntityOfPage\":{\"@id\":\"https:\\\/\\\/www.arquimaster.com.ar\\\/web\\\/casa-suiza-3-gm-arquitectos\\\/\"},\"wordCount\":433,\"publisher\":{\"@id\":\"https:\\\/\\\/www.arquimaster.com.ar\\\/web\\\/#organization\"},\"image\":{\"@id\":\"https:\\\/\\\/www.arquimaster.com.ar\\\/web\\\/casa-suiza-3-gm-arquitectos\\\/#primaryimage\"},\"thumbnailUrl\":\"https:\\\/\\\/www.arquimaster.com.ar\\\/web\\\/wp-content\\\/uploads\\\/2025\\\/05\\\/casa_suiza_slide.jpg\",\"keywords\":[\"arquitectura residencial\",\"GM Arquitectos\",\"Lomas de Angel\u00f3polis\",\"Mexico\",\"Puebla\",\"vivienda unifamiliar\"],\"articleSection\":[\"Proyecto\",\"Vivienda unifamiliar y PH\"],\"inLanguage\":\"es\"},{\"@type\":\"WebPage\",\"@id\":\"https:\\\/\\\/www.arquimaster.com.ar\\\/web\\\/casa-suiza-3-gm-arquitectos\\\/\",\"url\":\"https:\\\/\\\/www.arquimaster.com.ar\\\/web\\\/casa-suiza-3-gm-arquitectos\\\/\",\"name\":\"Casa Suiza 3 \\\/ GM Arquitectos - Arquimaster\",\"isPartOf\":{\"@id\":\"https:\\\/\\\/www.arquimaster.com.ar\\\/web\\\/#website\"},\"primaryImageOfPage\":{\"@id\":\"https:\\\/\\\/www.arquimaster.com.ar\\\/web\\\/casa-suiza-3-gm-arquitectos\\\/#primaryimage\"},\"image\":{\"@id\":\"https:\\\/\\\/www.arquimaster.com.ar\\\/web\\\/casa-suiza-3-gm-arquitectos\\\/#primaryimage\"},\"thumbnailUrl\":\"https:\\\/\\\/www.arquimaster.com.ar\\\/web\\\/wp-content\\\/uploads\\\/2025\\\/05\\\/casa_suiza_slide.jpg\",\"datePublished\":\"2025-05-22T03:00:30+00:00\",\"dateModified\":\"2025-07-23T18:23:50+00:00\",\"description\":\"Propuesta arquitect\u00f3nica que destaca por su dise\u00f1o natural, arm\u00f3nico y contempor\u00e1neo, basado en el uso de materiales crudos.\",\"breadcrumb\":{\"@id\":\"https:\\\/\\\/www.arquimaster.com.ar\\\/web\\\/casa-suiza-3-gm-arquitectos\\\/#breadcrumb\"},\"inLanguage\":\"es\",\"potentialAction\":[{\"@type\":\"ReadAction\",\"target\":[\"https:\\\/\\\/www.arquimaster.com.ar\\\/web\\\/casa-suiza-3-gm-arquitectos\\\/\"]}]},{\"@type\":\"ImageObject\",\"inLanguage\":\"es\",\"@id\":\"https:\\\/\\\/www.arquimaster.com.ar\\\/web\\\/casa-suiza-3-gm-arquitectos\\\/#primaryimage\",\"url\":\"https:\\\/\\\/www.arquimaster.com.ar\\\/web\\\/wp-content\\\/uploads\\\/2025\\\/05\\\/casa_suiza_slide.jpg\",\"contentUrl\":\"https:\\\/\\\/www.arquimaster.com.ar\\\/web\\\/wp-content\\\/uploads\\\/2025\\\/05\\\/casa_suiza_slide.jpg\",\"width\":698,\"height\":364,\"caption\":\"Casa Suiza 3 \\\/ GM Arquitectos\"},{\"@type\":\"BreadcrumbList\",\"@id\":\"https:\\\/\\\/www.arquimaster.com.ar\\\/web\\\/casa-suiza-3-gm-arquitectos\\\/#breadcrumb\",\"itemListElement\":[{\"@type\":\"ListItem\",\"position\":1,\"name\":\"Portada\",\"item\":\"https:\\\/\\\/www.arquimaster.com.ar\\\/web\\\/\"},{\"@type\":\"ListItem\",\"position\":2,\"name\":\"Casa Suiza 3 \\\/ GM Arquitectos\"}]},{\"@type\":\"WebSite\",\"@id\":\"https:\\\/\\\/www.arquimaster.com.ar\\\/web\\\/#website\",\"url\":\"https:\\\/\\\/www.arquimaster.com.ar\\\/web\\\/\",\"name\":\"Arquimaster\",\"description\":\"Web de arquitectura, dise\u00f1o y construccion\",\"publisher\":{\"@id\":\"https:\\\/\\\/www.arquimaster.com.ar\\\/web\\\/#organization\"},\"potentialAction\":[{\"@type\":\"SearchAction\",\"target\":{\"@type\":\"EntryPoint\",\"urlTemplate\":\"https:\\\/\\\/www.arquimaster.com.ar\\\/web\\\/?s={search_term_string}\"},\"query-input\":{\"@type\":\"PropertyValueSpecification\",\"valueRequired\":true,\"valueName\":\"search_term_string\"}}],\"inLanguage\":\"es\"},{\"@type\":\"Organization\",\"@id\":\"https:\\\/\\\/www.arquimaster.com.ar\\\/web\\\/#organization\",\"name\":\"Arquimaster\",\"url\":\"https:\\\/\\\/www.arquimaster.com.ar\\\/web\\\/\",\"logo\":{\"@type\":\"ImageObject\",\"inLanguage\":\"es\",\"@id\":\"https:\\\/\\\/www.arquimaster.com.ar\\\/web\\\/#\\\/schema\\\/logo\\\/image\\\/\",\"url\":\"https:\\\/\\\/www.arquimaster.com.ar\\\/web\\\/wp-content\\\/uploads\\\/2022\\\/06\\\/arquimaster.png\",\"contentUrl\":\"https:\\\/\\\/www.arquimaster.com.ar\\\/web\\\/wp-content\\\/uploads\\\/2022\\\/06\\\/arquimaster.png\",\"width\":594,\"height\":78,\"caption\":\"Arquimaster\"},\"image\":{\"@id\":\"https:\\\/\\\/www.arquimaster.com.ar\\\/web\\\/#\\\/schema\\\/logo\\\/image\\\/\"},\"sameAs\":[\"http:\\\/\\\/www.facebook.com\\\/ARQUIMASTER.com.ar\",\"https:\\\/\\\/x.com\\\/arquimaster\",\"https:\\\/\\\/www.instagram.com\\\/arquimasterblog\\\/\",\"https:\\\/\\\/www.linkedin.com\\\/company\\\/arquimaster\",\"https:\\\/\\\/www.pinterest.com\\\/arquimaster\",\"https:\\\/\\\/t.me\\\/arquimaster\"]},{\"@type\":\"Person\",\"@id\":\"https:\\\/\\\/www.arquimaster.com.ar\\\/web\\\/#\\\/schema\\\/person\\\/359e9f7c00193fcde068e0dd2ceb0028\",\"name\":\"Arquimaster\"}]}<\/script>\n<!-- \/ Yoast SEO plugin. -->","yoast_head_json":{"title":"Casa Suiza 3 \/ GM Arquitectos - Arquimaster","description":"Propuesta arquitect\u00f3nica que destaca por su dise\u00f1o natural, arm\u00f3nico y contempor\u00e1neo, basado en el uso de materiales crudos.","robots":{"index":"index","follow":"follow","max-snippet":"max-snippet:-1","max-image-preview":"max-image-preview:large","max-video-preview":"max-video-preview:-1"},"canonical":"https:\/\/www.arquimaster.com.ar\/web\/casa-suiza-3-gm-arquitectos\/","og_locale":"es_ES","og_type":"article","og_title":"Casa Suiza 3 \/ GM Arquitectos","og_description":"Propuesta arquitect\u00f3nica que destaca por su dise\u00f1o natural, arm\u00f3nico y contempor\u00e1neo, basado en el uso de materiales crudos.","og_url":"https:\/\/www.arquimaster.com.ar\/web\/casa-suiza-3-gm-arquitectos\/","og_site_name":"Arquimaster","article_publisher":"http:\/\/www.facebook.com\/ARQUIMASTER.com.ar","article_published_time":"2025-05-22T03:00:30+00:00","article_modified_time":"2025-07-23T18:23:50+00:00","og_image":[{"width":698,"height":364,"url":"https:\/\/www.arquimaster.com.ar\/web\/wp-content\/uploads\/2025\/05\/casa_suiza_slide.jpg","type":"image\/jpeg"}],"author":"Arquimaster","twitter_card":"summary_large_image","twitter_title":"Casa Suiza 3 \/ GM Arquitectos","twitter_description":"Propuesta arquitect\u00f3nica que destaca por su dise\u00f1o natural, arm\u00f3nico y contempor\u00e1neo, basado en el uso de materiales crudos.","twitter_image":"https:\/\/www.arquimaster.com.ar\/web\/wp-content\/uploads\/2025\/05\/casa_suiza_slide.jpg","twitter_creator":"@arquimaster","twitter_site":"@arquimaster","twitter_misc":{"Escrito por":"Arquimaster","Tiempo de lectura":"2 minutos"},"schema":{"@context":"https:\/\/schema.org","@graph":[{"@type":"Article","@id":"https:\/\/www.arquimaster.com.ar\/web\/casa-suiza-3-gm-arquitectos\/#article","isPartOf":{"@id":"https:\/\/www.arquimaster.com.ar\/web\/casa-suiza-3-gm-arquitectos\/"},"author":{"name":"Arquimaster","@id":"https:\/\/www.arquimaster.com.ar\/web\/#\/schema\/person\/359e9f7c00193fcde068e0dd2ceb0028"},"headline":"Casa Suiza 3 \/ GM Arquitectos","datePublished":"2025-05-22T03:00:30+00:00","dateModified":"2025-07-23T18:23:50+00:00","mainEntityOfPage":{"@id":"https:\/\/www.arquimaster.com.ar\/web\/casa-suiza-3-gm-arquitectos\/"},"wordCount":433,"publisher":{"@id":"https:\/\/www.arquimaster.com.ar\/web\/#organization"},"image":{"@id":"https:\/\/www.arquimaster.com.ar\/web\/casa-suiza-3-gm-arquitectos\/#primaryimage"},"thumbnailUrl":"https:\/\/www.arquimaster.com.ar\/web\/wp-content\/uploads\/2025\/05\/casa_suiza_slide.jpg","keywords":["arquitectura residencial","GM Arquitectos","Lomas de Angel\u00f3polis","Mexico","Puebla","vivienda unifamiliar"],"articleSection":["Proyecto","Vivienda unifamiliar y PH"],"inLanguage":"es"},{"@type":"WebPage","@id":"https:\/\/www.arquimaster.com.ar\/web\/casa-suiza-3-gm-arquitectos\/","url":"https:\/\/www.arquimaster.com.ar\/web\/casa-suiza-3-gm-arquitectos\/","name":"Casa Suiza 3 \/ GM Arquitectos - Arquimaster","isPartOf":{"@id":"https:\/\/www.arquimaster.com.ar\/web\/#website"},"primaryImageOfPage":{"@id":"https:\/\/www.arquimaster.com.ar\/web\/casa-suiza-3-gm-arquitectos\/#primaryimage"},"image":{"@id":"https:\/\/www.arquimaster.com.ar\/web\/casa-suiza-3-gm-arquitectos\/#primaryimage"},"thumbnailUrl":"https:\/\/www.arquimaster.com.ar\/web\/wp-content\/uploads\/2025\/05\/casa_suiza_slide.jpg","datePublished":"2025-05-22T03:00:30+00:00","dateModified":"2025-07-23T18:23:50+00:00","description":"Propuesta arquitect\u00f3nica que destaca por su dise\u00f1o natural, arm\u00f3nico y contempor\u00e1neo, basado en el uso de materiales crudos.","breadcrumb":{"@id":"https:\/\/www.arquimaster.com.ar\/web\/casa-suiza-3-gm-arquitectos\/#breadcrumb"},"inLanguage":"es","potentialAction":[{"@type":"ReadAction","target":["https:\/\/www.arquimaster.com.ar\/web\/casa-suiza-3-gm-arquitectos\/"]}]},{"@type":"ImageObject","inLanguage":"es","@id":"https:\/\/www.arquimaster.com.ar\/web\/casa-suiza-3-gm-arquitectos\/#primaryimage","url":"https:\/\/www.arquimaster.com.ar\/web\/wp-content\/uploads\/2025\/05\/casa_suiza_slide.jpg","contentUrl":"https:\/\/www.arquimaster.com.ar\/web\/wp-content\/uploads\/2025\/05\/casa_suiza_slide.jpg","width":698,"height":364,"caption":"Casa Suiza 3 \/ GM Arquitectos"},{"@type":"BreadcrumbList","@id":"https:\/\/www.arquimaster.com.ar\/web\/casa-suiza-3-gm-arquitectos\/#breadcrumb","itemListElement":[{"@type":"ListItem","position":1,"name":"Portada","item":"https:\/\/www.arquimaster.com.ar\/web\/"},{"@type":"ListItem","position":2,"name":"Casa Suiza 3 \/ GM Arquitectos"}]},{"@type":"WebSite","@id":"https:\/\/www.arquimaster.com.ar\/web\/#website","url":"https:\/\/www.arquimaster.com.ar\/web\/","name":"Arquimaster","description":"Web de arquitectura, dise\u00f1o y construccion","publisher":{"@id":"https:\/\/www.arquimaster.com.ar\/web\/#organization"},"potentialAction":[{"@type":"SearchAction","target":{"@type":"EntryPoint","urlTemplate":"https:\/\/www.arquimaster.com.ar\/web\/?s={search_term_string}"},"query-input":{"@type":"PropertyValueSpecification","valueRequired":true,"valueName":"search_term_string"}}],"inLanguage":"es"},{"@type":"Organization","@id":"https:\/\/www.arquimaster.com.ar\/web\/#organization","name":"Arquimaster","url":"https:\/\/www.arquimaster.com.ar\/web\/","logo":{"@type":"ImageObject","inLanguage":"es","@id":"https:\/\/www.arquimaster.com.ar\/web\/#\/schema\/logo\/image\/","url":"https:\/\/www.arquimaster.com.ar\/web\/wp-content\/uploads\/2022\/06\/arquimaster.png","contentUrl":"https:\/\/www.arquimaster.com.ar\/web\/wp-content\/uploads\/2022\/06\/arquimaster.png","width":594,"height":78,"caption":"Arquimaster"},"image":{"@id":"https:\/\/www.arquimaster.com.ar\/web\/#\/schema\/logo\/image\/"},"sameAs":["http:\/\/www.facebook.com\/ARQUIMASTER.com.ar","https:\/\/x.com\/arquimaster","https:\/\/www.instagram.com\/arquimasterblog\/","https:\/\/www.linkedin.com\/company\/arquimaster","https:\/\/www.pinterest.com\/arquimaster","https:\/\/t.me\/arquimaster"]},{"@type":"Person","@id":"https:\/\/www.arquimaster.com.ar\/web\/#\/schema\/person\/359e9f7c00193fcde068e0dd2ceb0028","name":"Arquimaster"}]}},"uagb_featured_image_src":{"full":["https:\/\/www.arquimaster.com.ar\/web\/wp-content\/uploads\/2025\/05\/casa_suiza_slide.jpg",698,364,false],"thumbnail":["https:\/\/www.arquimaster.com.ar\/web\/wp-content\/uploads\/2025\/05\/casa_suiza_slide-150x150.jpg",150,150,true],"medium":["https:\/\/www.arquimaster.com.ar\/web\/wp-content\/uploads\/2025\/05\/casa_suiza_slide.jpg",698,364,false],"medium_large":["https:\/\/www.arquimaster.com.ar\/web\/wp-content\/uploads\/2025\/05\/casa_suiza_slide.jpg",698,364,false],"large":["https:\/\/www.arquimaster.com.ar\/web\/wp-content\/uploads\/2025\/05\/casa_suiza_slide.jpg",698,364,false],"1536x1536":["https:\/\/www.arquimaster.com.ar\/web\/wp-content\/uploads\/2025\/05\/casa_suiza_slide.jpg",698,364,false],"2048x2048":["https:\/\/www.arquimaster.com.ar\/web\/wp-content\/uploads\/2025\/05\/casa_suiza_slide.jpg",698,364,false]},"uagb_author_info":{"display_name":"Arquimaster","author_link":"https:\/\/www.arquimaster.com.ar\/web\/author\/arquimaster\/"},"uagb_comment_info":0,"uagb_excerpt":"Dise\u00f1o natural, arm\u00f3nico y contempor\u00e1neo, basado en el uso de materiales crudos...","_links":{"self":[{"href":"https:\/\/www.arquimaster.com.ar\/web\/wp-json\/wp\/v2\/posts\/84635","targetHints":{"allow":["GET"]}}],"collection":[{"href":"https:\/\/www.arquimaster.com.ar\/web\/wp-json\/wp\/v2\/posts"}],"about":[{"href":"https:\/\/www.arquimaster.com.ar\/web\/wp-json\/wp\/v2\/types\/post"}],"author":[{"embeddable":true,"href":"https:\/\/www.arquimaster.com.ar\/web\/wp-json\/wp\/v2\/users\/1"}],"replies":[{"embeddable":true,"href":"https:\/\/www.arquimaster.com.ar\/web\/wp-json\/wp\/v2\/comments?post=84635"}],"version-history":[{"count":2,"href":"https:\/\/www.arquimaster.com.ar\/web\/wp-json\/wp\/v2\/posts\/84635\/revisions"}],"predecessor-version":[{"id":84978,"href":"https:\/\/www.arquimaster.com.ar\/web\/wp-json\/wp\/v2\/posts\/84635\/revisions\/84978"}],"wp:featuredmedia":[{"embeddable":true,"href":"https:\/\/www.arquimaster.com.ar\/web\/wp-json\/wp\/v2\/media\/84636"}],"wp:attachment":[{"href":"https:\/\/www.arquimaster.com.ar\/web\/wp-json\/wp\/v2\/media?parent=84635"}],"wp:term":[{"taxonomy":"category","embeddable":true,"href":"https:\/\/www.arquimaster.com.ar\/web\/wp-json\/wp\/v2\/categories?post=84635"},{"taxonomy":"post_tag","embeddable":true,"href":"https:\/\/www.arquimaster.com.ar\/web\/wp-json\/wp\/v2\/tags?post=84635"}],"curies":[{"name":"wp","href":"https:\/\/api.w.org\/{rel}","templated":true}]}}