{"id":8466,"date":"2014-07-20T20:46:15","date_gmt":"2014-07-20T20:46:15","guid":{"rendered":"http:\/\/www.arquimaster.com.ar\/web\/?p=8466"},"modified":"2026-03-28T17:50:27","modified_gmt":"2026-03-28T20:50:27","slug":"casa-foa-presento-al-ganador-de-la-beca-para-la-nueva-edicion","status":"publish","type":"post","link":"https:\/\/www.arquimaster.com.ar\/web\/casa-foa-presento-al-ganador-de-la-beca-para-la-nueva-edicion\/","title":{"rendered":"Casa FOA present\u00f3 al ganador de la beca para la nueva edici\u00f3n"},"content":{"rendered":"<div style=\"margin-top: 0px; margin-bottom: 0px;\" class=\"sharethis-inline-share-buttons\" ><\/div><div class=\"b812932af2e751442846f039925109de\" data-index=\"1\" style=\"float: none; margin:25px 0 25px 0; text-align:center;\">\n<script async src=\"https:\/\/pagead2.googlesyndication.com\/pagead\/js\/adsbygoogle.js\"><\/script>\r\n<!-- Arquimaster (superior) -->\r\n<ins class=\"adsbygoogle\"\r\n     style=\"display:block\"\r\n     data-ad-client=\"ca-pub-6351072698456832\"\r\n     data-ad-slot=\"6455489680\"\r\n     data-ad-format=\"auto\"\r\n     data-full-width-responsive=\"true\"><\/ins>\r\n<script>\r\n     (adsbygoogle = window.adsbygoogle || []).push({});\r\n<\/script>\n<\/div>\n<p><strong>Casa FOA<\/strong>, la exposici\u00f3n nacional de arquitectura, industria, dise\u00f1o interior y paisajismo, present\u00f3 a los ganadores de la <strong>Beca de Arquitectura e Interiorismo<\/strong> de la edici\u00f3n 2014.<\/p>\n<p>Bajo la tem\u00e1tica <strong>Home Office<\/strong>, se entregaron m\u00e1s de treinta y un proyectos, que fueron evaluados por el jurado para ganar un espacio en la exposici\u00f3n.<\/p>\n<p>El jurado fue integrado por los arquitectos Roberto Busnelli y Carolina Day en representaci\u00f3n de la Sociedad Central de Arquitectos, el arquitecto Julio Oropel en representaci\u00f3n de DArA y Casa FOA quienes destacaron el alto nivel de los proyectos presentados.<\/p>\n<p>El proyecto ganador del primer premio fue el de <strong>Marysol Kraviez, Valeria Matayoshi y Alexia Barousse<\/strong>, que fue elegido por sus caracter\u00edsticas destacables de sustentabilidad, econom\u00eda de recursos y mano de obra. El espacio presenta una correcta funcionalidad, respetando y enfatizando el espacio original y su c\u00fapula tan caracter\u00edstica.<\/p>\n<p>La utilizaci\u00f3n de diversos g\u00e9neros textiles, crea un espacio de destacable calidez y coherencia est\u00e9tica, logrando de \u00e9sta manera, un espacio \u00fanico, flexible y din\u00e1mico, en el cual con un recurso simple lograron satisfacer las diferentes situaciones funcionales. Se destac\u00f3 adem\u00e1s, la proyecci\u00f3n de los cortinados realizada en el solado, como una importante intervenci\u00f3n art\u00edstica.<\/p>\n<p>El segundo premio y la menci\u00f3n honor\u00edfica fue para <strong>Bel\u00e9n Anaya y Delfina Irigoin<\/strong>, elegido por su interpretaci\u00f3n del lugar y el clima mon\u00e1stico, sumado a un buen uso de la iluminaci\u00f3n y una correcta s\u00edntesis est\u00e9tica.<\/p>\n<p>Adem\u00e1s, recibieron menciones honor\u00edficas los siguientes proyectos:<\/p>\n<p><strong>Magdalena Rica, Paula Pintos y Candelaria Cadenas Madariaga<\/strong>, elegido por el correcto uso de los materiales y la iluminaci\u00f3n, que generan una gran atm\u00f3sfera, sumado a un espacio ordenado y prolijo, destacado por presentar medidas justas y calibradas.<\/p>\n<p><strong>Carola Moris y Juan Pedro Rubio<\/strong>, elecci\u00f3n del proyecto por el gran desaf\u00edo presentado en el desarrollo de nuevas tecnolog\u00edas siendo una propuesta innovadora en la cual con un \u00fanico recurso, se logr\u00f3 organizar funcionalmente diversas situaciones.<\/p>\n<p><strong>Mar\u00eda Luisa Echevarr\u00eda, Mar\u00eda Fernanda Gizzi, Miguel Echevarr\u00eda y Francisco Mira<\/strong>, destacado por su excelente s\u00edntesis conceptual, con un gran desarrollo del equipamiento y una nueva concepci\u00f3n edicular.<\/p>\n<p>Por otro lado, al igual que todos los a\u00f1os, se realiza tambi\u00e9n la <strong>Beca de Paisajismo<\/strong> y el<strong> Concurso de Bancos Urbanos<\/strong> con el fin de acompa\u00f1ar e impulsar a los nuevos proyectos.<\/p>\n<p>Casa FOA 2014 abrir\u00e1 sus puertas el 10 de octubre hasta el 16 de noviembre, en donde se podr\u00e1 disfrutar de objetos de arte, de dise\u00f1o, y un pulm\u00f3n verde intervenido con propuestas innovadoras de paisajismo. Se realizar\u00e1 en la reconocida e hist\u00f3rica Abad\u00eda de San Benito (Gorostiaga 1908, Ciudad de Buenos Aires) y contar\u00e1 con 45 espacios que ser\u00e1n intervenidos por los mejores dise\u00f1adores y arquitectos del pa\u00eds, en un total de 5000 metros cuadrados.<\/p>\n<p><strong>Acerca de Casa FOA<\/strong><br \/>\nCasa FOA, la exposici\u00f3n nacional de arquitectura, industria, dise\u00f1o interior y paisajismo, creada por iniciativa de Mercedes Malbran de Campos en el a\u00f1o 1985, con el objetivo de recaudar fondos para la Fundaci\u00f3n Oftalmol\u00f3gica Argentina Jorge Malbran. Casa FOA es un espacio emblem\u00e1tico del dise\u00f1o que congrega propuestas vanguardistas de las m\u00e1s variadas tendencias. Casa Foa es un referente indiscutido de la agenda cultural de la Argentina y una cita ineludible para conocer las \u00faltimas tendencias del dise\u00f1o. Es tambi\u00e9n un producto nacional, que a\u00f1o tras a\u00f1o trasciende internacionalmente.<\/p>\n<p><strong>Acerca de la Fundaci\u00f3n Oftalmol\u00f3gica Argentina Jorge Malbr\u00e1n<\/strong><br \/>\nLa Fundaci\u00f3n Oftalmol\u00f3gica Argentina Jorge Malbran, naci\u00f3 el 30 de noviembre de 1964. Creada por la inquietud e iniciativa del Doctor Enrique Segundo Malbran, con un prop\u00f3sito: La investigaci\u00f3n y docencia dentro de la oftalmolog\u00eda. La Fundaci\u00f3n, Instituto de docencia e investigaci\u00f3n es una instituci\u00f3n privada sin fines de lucro que, es la culminaci\u00f3n institucional de la particular actitud docente de Jorge Malbran inspirada en la m\u00e1xima de S\u00e9neca \u00ablos hombres aprenden mientras ense\u00f1an\u00bb. Durante m\u00e1s cuarenta y cinco a\u00f1os la Fundaci\u00f3n ha llevado una intensa actividad dentro del campo de la investigaci\u00f3n oftalmol\u00f3gica, la docencia y la ayuda a la comunidad.<\/p>\n\n<div style=\"font-size: 0px; height: 0px; line-height: 0px; margin: 0; padding: 0; clear: both;\"><\/div><div style=\"margin-top: 0px; margin-bottom: 0px;\" class=\"sharethis-inline-share-buttons\" ><\/div>","protected":false},"excerpt":{"rendered":"<p>Bajo la tem\u00e1tica Home Office, los proyectos fueron evaluados por un espacio en la exposici\u00f3n&#8230;<\/p>\n","protected":false},"author":1,"featured_media":8467,"comment_status":"closed","ping_status":"closed","sticky":false,"template":"","format":"standard","meta":{"_uag_custom_page_level_css":"","footnotes":""},"categories":[55,56],"tags":[2067,2287,2284,2066,2266,2285,2286],"class_list":["post-8466","post","type-post","status-publish","format-standard","has-post-thumbnail","hentry","category-diseno","category-diseno-interior-decoracion","tag-abadia-de-san-benito","tag-alexia-barousse","tag-beca-casa-foa","tag-casa-foa","tag-home-office","tag-marysol-kraviez","tag-valeria-matayoshi","generate-columns","tablet-grid-50","mobile-grid-100","grid-parent","grid-50"],"yoast_head":"<!-- This site is optimized with the Yoast SEO plugin v27.3 - https:\/\/yoast.com\/product\/yoast-seo-wordpress\/ -->\n<title>Casa FOA present\u00f3 al ganador de la beca para la nueva edici\u00f3n - Arquimaster<\/title>\n<meta name=\"robots\" content=\"index, follow, max-snippet:-1, max-image-preview:large, max-video-preview:-1\" \/>\n<link rel=\"canonical\" href=\"https:\/\/www.arquimaster.com.ar\/web\/casa-foa-presento-al-ganador-de-la-beca-para-la-nueva-edicion\/\" \/>\n<meta property=\"og:locale\" content=\"es_ES\" \/>\n<meta property=\"og:type\" content=\"article\" \/>\n<meta property=\"og:title\" content=\"Casa FOA present\u00f3 al ganador de la beca para la nueva edici\u00f3n - Arquimaster\" \/>\n<meta property=\"og:description\" content=\"Bajo la tem\u00e1tica Home Office, los proyectos fueron evaluados por un espacio en la exposici\u00f3n...\" \/>\n<meta property=\"og:url\" content=\"https:\/\/www.arquimaster.com.ar\/web\/casa-foa-presento-al-ganador-de-la-beca-para-la-nueva-edicion\/\" \/>\n<meta property=\"og:site_name\" content=\"Arquimaster\" \/>\n<meta property=\"article:publisher\" content=\"http:\/\/www.facebook.com\/ARQUIMASTER.com.ar\" \/>\n<meta property=\"article:published_time\" content=\"2014-07-20T20:46:15+00:00\" \/>\n<meta property=\"article:modified_time\" content=\"2026-03-28T20:50:27+00:00\" \/>\n<meta property=\"og:image\" content=\"https:\/\/www.arquimaster.com.ar\/web\/wp-content\/uploads\/2014\/07\/beca_casa_foa_abadia_slide.jpg\" \/>\n\t<meta property=\"og:image:width\" content=\"642\" \/>\n\t<meta property=\"og:image:height\" content=\"336\" \/>\n\t<meta property=\"og:image:type\" content=\"image\/jpeg\" \/>\n<meta name=\"author\" content=\"Arquimaster\" \/>\n<meta name=\"twitter:card\" content=\"summary_large_image\" \/>\n<meta name=\"twitter:creator\" content=\"@arquimaster\" \/>\n<meta name=\"twitter:site\" content=\"@arquimaster\" \/>\n<meta name=\"twitter:label1\" content=\"Escrito por\" \/>\n\t<meta name=\"twitter:data1\" content=\"Arquimaster\" \/>\n\t<meta name=\"twitter:label2\" content=\"Tiempo de lectura\" \/>\n\t<meta name=\"twitter:data2\" content=\"4 minutos\" \/>\n<script type=\"application\/ld+json\" class=\"yoast-schema-graph\">{\"@context\":\"https:\\\/\\\/schema.org\",\"@graph\":[{\"@type\":\"Article\",\"@id\":\"https:\\\/\\\/www.arquimaster.com.ar\\\/web\\\/casa-foa-presento-al-ganador-de-la-beca-para-la-nueva-edicion\\\/#article\",\"isPartOf\":{\"@id\":\"https:\\\/\\\/www.arquimaster.com.ar\\\/web\\\/casa-foa-presento-al-ganador-de-la-beca-para-la-nueva-edicion\\\/\"},\"author\":{\"name\":\"Arquimaster\",\"@id\":\"https:\\\/\\\/www.arquimaster.com.ar\\\/web\\\/#\\\/schema\\\/person\\\/359e9f7c00193fcde068e0dd2ceb0028\"},\"headline\":\"Casa FOA present\u00f3 al ganador de la beca para la nueva edici\u00f3n\",\"datePublished\":\"2014-07-20T20:46:15+00:00\",\"dateModified\":\"2026-03-28T20:50:27+00:00\",\"mainEntityOfPage\":{\"@id\":\"https:\\\/\\\/www.arquimaster.com.ar\\\/web\\\/casa-foa-presento-al-ganador-de-la-beca-para-la-nueva-edicion\\\/\"},\"wordCount\":742,\"publisher\":{\"@id\":\"https:\\\/\\\/www.arquimaster.com.ar\\\/web\\\/#organization\"},\"image\":{\"@id\":\"https:\\\/\\\/www.arquimaster.com.ar\\\/web\\\/casa-foa-presento-al-ganador-de-la-beca-para-la-nueva-edicion\\\/#primaryimage\"},\"thumbnailUrl\":\"https:\\\/\\\/www.arquimaster.com.ar\\\/web\\\/wp-content\\\/uploads\\\/2014\\\/07\\\/beca_casa_foa_abadia_slide.jpg\",\"keywords\":[\"Abad\u00eda de San Benito\",\"Alexia Barousse\",\"beca Casa FOA\",\"Casa FOA\",\"home office\",\"Marysol Kraviez\",\"Valeria Matayoshi\"],\"articleSection\":[\"Dise\u00f1o\",\"Dise\u00f1o interior y decoracion\"],\"inLanguage\":\"es\"},{\"@type\":\"WebPage\",\"@id\":\"https:\\\/\\\/www.arquimaster.com.ar\\\/web\\\/casa-foa-presento-al-ganador-de-la-beca-para-la-nueva-edicion\\\/\",\"url\":\"https:\\\/\\\/www.arquimaster.com.ar\\\/web\\\/casa-foa-presento-al-ganador-de-la-beca-para-la-nueva-edicion\\\/\",\"name\":\"Casa FOA present\u00f3 al ganador de la beca para la nueva edici\u00f3n - Arquimaster\",\"isPartOf\":{\"@id\":\"https:\\\/\\\/www.arquimaster.com.ar\\\/web\\\/#website\"},\"primaryImageOfPage\":{\"@id\":\"https:\\\/\\\/www.arquimaster.com.ar\\\/web\\\/casa-foa-presento-al-ganador-de-la-beca-para-la-nueva-edicion\\\/#primaryimage\"},\"image\":{\"@id\":\"https:\\\/\\\/www.arquimaster.com.ar\\\/web\\\/casa-foa-presento-al-ganador-de-la-beca-para-la-nueva-edicion\\\/#primaryimage\"},\"thumbnailUrl\":\"https:\\\/\\\/www.arquimaster.com.ar\\\/web\\\/wp-content\\\/uploads\\\/2014\\\/07\\\/beca_casa_foa_abadia_slide.jpg\",\"datePublished\":\"2014-07-20T20:46:15+00:00\",\"dateModified\":\"2026-03-28T20:50:27+00:00\",\"breadcrumb\":{\"@id\":\"https:\\\/\\\/www.arquimaster.com.ar\\\/web\\\/casa-foa-presento-al-ganador-de-la-beca-para-la-nueva-edicion\\\/#breadcrumb\"},\"inLanguage\":\"es\",\"potentialAction\":[{\"@type\":\"ReadAction\",\"target\":[\"https:\\\/\\\/www.arquimaster.com.ar\\\/web\\\/casa-foa-presento-al-ganador-de-la-beca-para-la-nueva-edicion\\\/\"]}]},{\"@type\":\"ImageObject\",\"inLanguage\":\"es\",\"@id\":\"https:\\\/\\\/www.arquimaster.com.ar\\\/web\\\/casa-foa-presento-al-ganador-de-la-beca-para-la-nueva-edicion\\\/#primaryimage\",\"url\":\"https:\\\/\\\/www.arquimaster.com.ar\\\/web\\\/wp-content\\\/uploads\\\/2014\\\/07\\\/beca_casa_foa_abadia_slide.jpg\",\"contentUrl\":\"https:\\\/\\\/www.arquimaster.com.ar\\\/web\\\/wp-content\\\/uploads\\\/2014\\\/07\\\/beca_casa_foa_abadia_slide.jpg\",\"width\":642,\"height\":336},{\"@type\":\"BreadcrumbList\",\"@id\":\"https:\\\/\\\/www.arquimaster.com.ar\\\/web\\\/casa-foa-presento-al-ganador-de-la-beca-para-la-nueva-edicion\\\/#breadcrumb\",\"itemListElement\":[{\"@type\":\"ListItem\",\"position\":1,\"name\":\"Portada\",\"item\":\"https:\\\/\\\/www.arquimaster.com.ar\\\/web\\\/\"},{\"@type\":\"ListItem\",\"position\":2,\"name\":\"Casa FOA present\u00f3 al ganador de la beca para la nueva edici\u00f3n\"}]},{\"@type\":\"WebSite\",\"@id\":\"https:\\\/\\\/www.arquimaster.com.ar\\\/web\\\/#website\",\"url\":\"https:\\\/\\\/www.arquimaster.com.ar\\\/web\\\/\",\"name\":\"Arquimaster\",\"description\":\"Web de arquitectura, dise\u00f1o y construccion\",\"publisher\":{\"@id\":\"https:\\\/\\\/www.arquimaster.com.ar\\\/web\\\/#organization\"},\"potentialAction\":[{\"@type\":\"SearchAction\",\"target\":{\"@type\":\"EntryPoint\",\"urlTemplate\":\"https:\\\/\\\/www.arquimaster.com.ar\\\/web\\\/?s={search_term_string}\"},\"query-input\":{\"@type\":\"PropertyValueSpecification\",\"valueRequired\":true,\"valueName\":\"search_term_string\"}}],\"inLanguage\":\"es\"},{\"@type\":\"Organization\",\"@id\":\"https:\\\/\\\/www.arquimaster.com.ar\\\/web\\\/#organization\",\"name\":\"Arquimaster\",\"url\":\"https:\\\/\\\/www.arquimaster.com.ar\\\/web\\\/\",\"logo\":{\"@type\":\"ImageObject\",\"inLanguage\":\"es\",\"@id\":\"https:\\\/\\\/www.arquimaster.com.ar\\\/web\\\/#\\\/schema\\\/logo\\\/image\\\/\",\"url\":\"https:\\\/\\\/www.arquimaster.com.ar\\\/web\\\/wp-content\\\/uploads\\\/2022\\\/06\\\/arquimaster.png\",\"contentUrl\":\"https:\\\/\\\/www.arquimaster.com.ar\\\/web\\\/wp-content\\\/uploads\\\/2022\\\/06\\\/arquimaster.png\",\"width\":594,\"height\":78,\"caption\":\"Arquimaster\"},\"image\":{\"@id\":\"https:\\\/\\\/www.arquimaster.com.ar\\\/web\\\/#\\\/schema\\\/logo\\\/image\\\/\"},\"sameAs\":[\"http:\\\/\\\/www.facebook.com\\\/ARQUIMASTER.com.ar\",\"https:\\\/\\\/x.com\\\/arquimaster\",\"https:\\\/\\\/www.instagram.com\\\/arquimasterblog\\\/\",\"https:\\\/\\\/www.linkedin.com\\\/company\\\/arquimaster\",\"https:\\\/\\\/www.pinterest.com\\\/arquimaster\",\"https:\\\/\\\/t.me\\\/arquimaster\"]},{\"@type\":\"Person\",\"@id\":\"https:\\\/\\\/www.arquimaster.com.ar\\\/web\\\/#\\\/schema\\\/person\\\/359e9f7c00193fcde068e0dd2ceb0028\",\"name\":\"Arquimaster\"}]}<\/script>\n<!-- \/ Yoast SEO plugin. -->","yoast_head_json":{"title":"Casa FOA present\u00f3 al ganador de la beca para la nueva edici\u00f3n - Arquimaster","robots":{"index":"index","follow":"follow","max-snippet":"max-snippet:-1","max-image-preview":"max-image-preview:large","max-video-preview":"max-video-preview:-1"},"canonical":"https:\/\/www.arquimaster.com.ar\/web\/casa-foa-presento-al-ganador-de-la-beca-para-la-nueva-edicion\/","og_locale":"es_ES","og_type":"article","og_title":"Casa FOA present\u00f3 al ganador de la beca para la nueva edici\u00f3n - Arquimaster","og_description":"Bajo la tem\u00e1tica Home Office, los proyectos fueron evaluados por un espacio en la exposici\u00f3n...","og_url":"https:\/\/www.arquimaster.com.ar\/web\/casa-foa-presento-al-ganador-de-la-beca-para-la-nueva-edicion\/","og_site_name":"Arquimaster","article_publisher":"http:\/\/www.facebook.com\/ARQUIMASTER.com.ar","article_published_time":"2014-07-20T20:46:15+00:00","article_modified_time":"2026-03-28T20:50:27+00:00","og_image":[{"width":642,"height":336,"url":"https:\/\/www.arquimaster.com.ar\/web\/wp-content\/uploads\/2014\/07\/beca_casa_foa_abadia_slide.jpg","type":"image\/jpeg"}],"author":"Arquimaster","twitter_card":"summary_large_image","twitter_creator":"@arquimaster","twitter_site":"@arquimaster","twitter_misc":{"Escrito por":"Arquimaster","Tiempo de lectura":"4 minutos"},"schema":{"@context":"https:\/\/schema.org","@graph":[{"@type":"Article","@id":"https:\/\/www.arquimaster.com.ar\/web\/casa-foa-presento-al-ganador-de-la-beca-para-la-nueva-edicion\/#article","isPartOf":{"@id":"https:\/\/www.arquimaster.com.ar\/web\/casa-foa-presento-al-ganador-de-la-beca-para-la-nueva-edicion\/"},"author":{"name":"Arquimaster","@id":"https:\/\/www.arquimaster.com.ar\/web\/#\/schema\/person\/359e9f7c00193fcde068e0dd2ceb0028"},"headline":"Casa FOA present\u00f3 al ganador de la beca para la nueva edici\u00f3n","datePublished":"2014-07-20T20:46:15+00:00","dateModified":"2026-03-28T20:50:27+00:00","mainEntityOfPage":{"@id":"https:\/\/www.arquimaster.com.ar\/web\/casa-foa-presento-al-ganador-de-la-beca-para-la-nueva-edicion\/"},"wordCount":742,"publisher":{"@id":"https:\/\/www.arquimaster.com.ar\/web\/#organization"},"image":{"@id":"https:\/\/www.arquimaster.com.ar\/web\/casa-foa-presento-al-ganador-de-la-beca-para-la-nueva-edicion\/#primaryimage"},"thumbnailUrl":"https:\/\/www.arquimaster.com.ar\/web\/wp-content\/uploads\/2014\/07\/beca_casa_foa_abadia_slide.jpg","keywords":["Abad\u00eda de San Benito","Alexia Barousse","beca Casa FOA","Casa FOA","home office","Marysol Kraviez","Valeria Matayoshi"],"articleSection":["Dise\u00f1o","Dise\u00f1o interior y decoracion"],"inLanguage":"es"},{"@type":"WebPage","@id":"https:\/\/www.arquimaster.com.ar\/web\/casa-foa-presento-al-ganador-de-la-beca-para-la-nueva-edicion\/","url":"https:\/\/www.arquimaster.com.ar\/web\/casa-foa-presento-al-ganador-de-la-beca-para-la-nueva-edicion\/","name":"Casa FOA present\u00f3 al ganador de la beca para la nueva edici\u00f3n - Arquimaster","isPartOf":{"@id":"https:\/\/www.arquimaster.com.ar\/web\/#website"},"primaryImageOfPage":{"@id":"https:\/\/www.arquimaster.com.ar\/web\/casa-foa-presento-al-ganador-de-la-beca-para-la-nueva-edicion\/#primaryimage"},"image":{"@id":"https:\/\/www.arquimaster.com.ar\/web\/casa-foa-presento-al-ganador-de-la-beca-para-la-nueva-edicion\/#primaryimage"},"thumbnailUrl":"https:\/\/www.arquimaster.com.ar\/web\/wp-content\/uploads\/2014\/07\/beca_casa_foa_abadia_slide.jpg","datePublished":"2014-07-20T20:46:15+00:00","dateModified":"2026-03-28T20:50:27+00:00","breadcrumb":{"@id":"https:\/\/www.arquimaster.com.ar\/web\/casa-foa-presento-al-ganador-de-la-beca-para-la-nueva-edicion\/#breadcrumb"},"inLanguage":"es","potentialAction":[{"@type":"ReadAction","target":["https:\/\/www.arquimaster.com.ar\/web\/casa-foa-presento-al-ganador-de-la-beca-para-la-nueva-edicion\/"]}]},{"@type":"ImageObject","inLanguage":"es","@id":"https:\/\/www.arquimaster.com.ar\/web\/casa-foa-presento-al-ganador-de-la-beca-para-la-nueva-edicion\/#primaryimage","url":"https:\/\/www.arquimaster.com.ar\/web\/wp-content\/uploads\/2014\/07\/beca_casa_foa_abadia_slide.jpg","contentUrl":"https:\/\/www.arquimaster.com.ar\/web\/wp-content\/uploads\/2014\/07\/beca_casa_foa_abadia_slide.jpg","width":642,"height":336},{"@type":"BreadcrumbList","@id":"https:\/\/www.arquimaster.com.ar\/web\/casa-foa-presento-al-ganador-de-la-beca-para-la-nueva-edicion\/#breadcrumb","itemListElement":[{"@type":"ListItem","position":1,"name":"Portada","item":"https:\/\/www.arquimaster.com.ar\/web\/"},{"@type":"ListItem","position":2,"name":"Casa FOA present\u00f3 al ganador de la beca para la nueva edici\u00f3n"}]},{"@type":"WebSite","@id":"https:\/\/www.arquimaster.com.ar\/web\/#website","url":"https:\/\/www.arquimaster.com.ar\/web\/","name":"Arquimaster","description":"Web de arquitectura, dise\u00f1o y construccion","publisher":{"@id":"https:\/\/www.arquimaster.com.ar\/web\/#organization"},"potentialAction":[{"@type":"SearchAction","target":{"@type":"EntryPoint","urlTemplate":"https:\/\/www.arquimaster.com.ar\/web\/?s={search_term_string}"},"query-input":{"@type":"PropertyValueSpecification","valueRequired":true,"valueName":"search_term_string"}}],"inLanguage":"es"},{"@type":"Organization","@id":"https:\/\/www.arquimaster.com.ar\/web\/#organization","name":"Arquimaster","url":"https:\/\/www.arquimaster.com.ar\/web\/","logo":{"@type":"ImageObject","inLanguage":"es","@id":"https:\/\/www.arquimaster.com.ar\/web\/#\/schema\/logo\/image\/","url":"https:\/\/www.arquimaster.com.ar\/web\/wp-content\/uploads\/2022\/06\/arquimaster.png","contentUrl":"https:\/\/www.arquimaster.com.ar\/web\/wp-content\/uploads\/2022\/06\/arquimaster.png","width":594,"height":78,"caption":"Arquimaster"},"image":{"@id":"https:\/\/www.arquimaster.com.ar\/web\/#\/schema\/logo\/image\/"},"sameAs":["http:\/\/www.facebook.com\/ARQUIMASTER.com.ar","https:\/\/x.com\/arquimaster","https:\/\/www.instagram.com\/arquimasterblog\/","https:\/\/www.linkedin.com\/company\/arquimaster","https:\/\/www.pinterest.com\/arquimaster","https:\/\/t.me\/arquimaster"]},{"@type":"Person","@id":"https:\/\/www.arquimaster.com.ar\/web\/#\/schema\/person\/359e9f7c00193fcde068e0dd2ceb0028","name":"Arquimaster"}]}},"uagb_featured_image_src":{"full":["https:\/\/www.arquimaster.com.ar\/web\/wp-content\/uploads\/2014\/07\/beca_casa_foa_abadia_slide.jpg",642,336,false],"thumbnail":["https:\/\/www.arquimaster.com.ar\/web\/wp-content\/uploads\/2014\/07\/beca_casa_foa_abadia_slide-150x150.jpg",150,150,true],"medium":["https:\/\/www.arquimaster.com.ar\/web\/wp-content\/uploads\/2014\/07\/beca_casa_foa_abadia_slide-300x157.jpg",300,157,true],"medium_large":["https:\/\/www.arquimaster.com.ar\/web\/wp-content\/uploads\/2014\/07\/beca_casa_foa_abadia_slide.jpg",642,336,false],"large":["https:\/\/www.arquimaster.com.ar\/web\/wp-content\/uploads\/2014\/07\/beca_casa_foa_abadia_slide.jpg",642,336,false],"1536x1536":["https:\/\/www.arquimaster.com.ar\/web\/wp-content\/uploads\/2014\/07\/beca_casa_foa_abadia_slide.jpg",642,336,false],"2048x2048":["https:\/\/www.arquimaster.com.ar\/web\/wp-content\/uploads\/2014\/07\/beca_casa_foa_abadia_slide.jpg",642,336,false]},"uagb_author_info":{"display_name":"Arquimaster","author_link":"https:\/\/www.arquimaster.com.ar\/web\/author\/arquimaster\/"},"uagb_comment_info":0,"uagb_excerpt":"Bajo la tem\u00e1tica Home Office, los proyectos fueron evaluados por un espacio en la exposici\u00f3n...","_links":{"self":[{"href":"https:\/\/www.arquimaster.com.ar\/web\/wp-json\/wp\/v2\/posts\/8466","targetHints":{"allow":["GET"]}}],"collection":[{"href":"https:\/\/www.arquimaster.com.ar\/web\/wp-json\/wp\/v2\/posts"}],"about":[{"href":"https:\/\/www.arquimaster.com.ar\/web\/wp-json\/wp\/v2\/types\/post"}],"author":[{"embeddable":true,"href":"https:\/\/www.arquimaster.com.ar\/web\/wp-json\/wp\/v2\/users\/1"}],"replies":[{"embeddable":true,"href":"https:\/\/www.arquimaster.com.ar\/web\/wp-json\/wp\/v2\/comments?post=8466"}],"version-history":[{"count":1,"href":"https:\/\/www.arquimaster.com.ar\/web\/wp-json\/wp\/v2\/posts\/8466\/revisions"}],"predecessor-version":[{"id":87912,"href":"https:\/\/www.arquimaster.com.ar\/web\/wp-json\/wp\/v2\/posts\/8466\/revisions\/87912"}],"wp:featuredmedia":[{"embeddable":true,"href":"https:\/\/www.arquimaster.com.ar\/web\/wp-json\/wp\/v2\/media\/8467"}],"wp:attachment":[{"href":"https:\/\/www.arquimaster.com.ar\/web\/wp-json\/wp\/v2\/media?parent=8466"}],"wp:term":[{"taxonomy":"category","embeddable":true,"href":"https:\/\/www.arquimaster.com.ar\/web\/wp-json\/wp\/v2\/categories?post=8466"},{"taxonomy":"post_tag","embeddable":true,"href":"https:\/\/www.arquimaster.com.ar\/web\/wp-json\/wp\/v2\/tags?post=8466"}],"curies":[{"name":"wp","href":"https:\/\/api.w.org\/{rel}","templated":true}]}}