{"id":84739,"date":"2025-06-18T18:35:33","date_gmt":"2025-06-18T21:35:33","guid":{"rendered":"https:\/\/www.arquimaster.com.ar\/web\/?p=84739"},"modified":"2025-07-23T15:20:53","modified_gmt":"2025-07-23T18:20:53","slug":"casa-manak-di-frenna-arquitectos","status":"publish","type":"post","link":"https:\/\/www.arquimaster.com.ar\/web\/casa-manak-di-frenna-arquitectos\/","title":{"rendered":"Casa Manak \/ Di Frenna Arquitectos"},"content":{"rendered":"<div style=\"margin-top: 0px; margin-bottom: 0px;\" class=\"sharethis-inline-share-buttons\" ><\/div><div class=\"b812932af2e751442846f039925109de\" data-index=\"1\" style=\"float: none; margin:25px 0 25px 0; text-align:center;\">\n<script async src=\"https:\/\/pagead2.googlesyndication.com\/pagead\/js\/adsbygoogle.js\"><\/script>\r\n<!-- Arquimaster (superior) -->\r\n<ins class=\"adsbygoogle\"\r\n     style=\"display:block\"\r\n     data-ad-client=\"ca-pub-6351072698456832\"\r\n     data-ad-slot=\"6455489680\"\r\n     data-ad-format=\"auto\"\r\n     data-full-width-responsive=\"true\"><\/ins>\r\n<script>\r\n     (adsbygoogle = window.adsbygoogle || []).push({});\r\n<\/script>\n<\/div>\n<p><strong>Casa Manak<\/strong> (Altozano, Cuauht\u00e9moc, Colima, M\u00e9xico) por <strong>Di Frenna arquitectos<\/strong>. Casa Manak nace con la intenci\u00f3n de fundirse con su contexto, abrazar la naturaleza y dejarse penetrar por ella. Es un refugio que dialoga con el entorno, respetando y enalteciendo su belleza. Sus ventanales enmarcan la vista hacia el campo de golf y las \u00e1reas verdes, prolongando los l\u00edmites de la casa hasta donde alcanza la mirada. As\u00ed, en la parte norte, la terraza de la rec\u00e1mara principal se convierte en un mirador privilegiado desde donde el volc\u00e1n se contempla en su majestuosidad cambiante.<\/p>\n<div id='gallery-1' class='gallery galleryid-84739 gallery-columns-3 gallery-size-thumbnail'><figure class='gallery-item'>\n\t\t\t<div class='gallery-icon landscape'>\n\t\t\t\t<a href='https:\/\/www.arquimaster.com.ar\/web\/wp-content\/uploads\/2025\/06\/casa_manak_1.jpg' title=\"Casa Manak \/ Di Frenna Arquitectos (\u00a9 Oscar Hern\u00e1ndez)\" data-rl_title=\"Casa Manak \/ Di Frenna Arquitectos (\u00a9 Oscar Hern\u00e1ndez)\" class=\"rl-gallery-link\" data-rl_caption=\"Casa Manak \/ Di Frenna Arquitectos (\u00a9 Oscar Hern\u00e1ndez)\" data-rel=\"lightbox-gallery-1\"><img loading=\"lazy\" decoding=\"async\" width=\"150\" height=\"150\" src=\"https:\/\/www.arquimaster.com.ar\/web\/wp-content\/uploads\/2025\/06\/casa_manak_1-150x150.jpg\" class=\"attachment-thumbnail size-thumbnail\" alt=\"Casa Manak \/ Di Frenna Arquitectos\" aria-describedby=\"gallery-1-84741\" \/><\/a>\n\t\t\t<\/div>\n\t\t\t\t<figcaption class='wp-caption-text gallery-caption' id='gallery-1-84741'>\n\t\t\t\tCasa Manak \/ Di Frenna Arquitectos (\u00a9 Oscar Hern\u00e1ndez)\n\t\t\t\t<\/figcaption><\/figure><figure class='gallery-item'>\n\t\t\t<div class='gallery-icon landscape'>\n\t\t\t\t<a href='https:\/\/www.arquimaster.com.ar\/web\/wp-content\/uploads\/2025\/06\/casa_manak_2.jpg' title=\"Casa Manak \/ Di Frenna Arquitectos (\u00a9 Oscar Hern\u00e1ndez)\" data-rl_title=\"Casa Manak \/ Di Frenna Arquitectos (\u00a9 Oscar Hern\u00e1ndez)\" class=\"rl-gallery-link\" data-rl_caption=\"Casa Manak \/ Di Frenna Arquitectos (\u00a9 Oscar Hern\u00e1ndez)\" data-rel=\"lightbox-gallery-1\"><img loading=\"lazy\" decoding=\"async\" width=\"150\" height=\"150\" src=\"https:\/\/www.arquimaster.com.ar\/web\/wp-content\/uploads\/2025\/06\/casa_manak_2-150x150.jpg\" class=\"attachment-thumbnail size-thumbnail\" alt=\"Casa Manak \/ Di Frenna Arquitectos\" aria-describedby=\"gallery-1-84742\" \/><\/a>\n\t\t\t<\/div>\n\t\t\t\t<figcaption class='wp-caption-text gallery-caption' id='gallery-1-84742'>\n\t\t\t\tCasa Manak \/ Di Frenna Arquitectos (\u00a9 Oscar Hern\u00e1ndez)\n\t\t\t\t<\/figcaption><\/figure><figure class='gallery-item'>\n\t\t\t<div class='gallery-icon portrait'>\n\t\t\t\t<a href='https:\/\/www.arquimaster.com.ar\/web\/wp-content\/uploads\/2025\/06\/casa_manak_3.jpg' title=\"Casa Manak \/ Di Frenna Arquitectos (\u00a9 Oscar Hern\u00e1ndez)\" data-rl_title=\"Casa Manak \/ Di Frenna Arquitectos (\u00a9 Oscar Hern\u00e1ndez)\" class=\"rl-gallery-link\" data-rl_caption=\"Casa Manak \/ Di Frenna Arquitectos (\u00a9 Oscar Hern\u00e1ndez)\" data-rel=\"lightbox-gallery-1\"><img loading=\"lazy\" decoding=\"async\" width=\"150\" height=\"150\" src=\"https:\/\/www.arquimaster.com.ar\/web\/wp-content\/uploads\/2025\/06\/casa_manak_3-150x150.jpg\" class=\"attachment-thumbnail size-thumbnail\" alt=\"Casa Manak \/ Di Frenna Arquitectos\" aria-describedby=\"gallery-1-84743\" \/><\/a>\n\t\t\t<\/div>\n\t\t\t\t<figcaption class='wp-caption-text gallery-caption' id='gallery-1-84743'>\n\t\t\t\tCasa Manak \/ Di Frenna Arquitectos (\u00a9 Oscar Hern\u00e1ndez)\n\t\t\t\t<\/figcaption><\/figure><figure class='gallery-item'>\n\t\t\t<div class='gallery-icon portrait'>\n\t\t\t\t<a href='https:\/\/www.arquimaster.com.ar\/web\/wp-content\/uploads\/2025\/06\/casa_manak_4.jpg' title=\"Casa Manak \/ Di Frenna Arquitectos (\u00a9 Oscar Hern\u00e1ndez)\" data-rl_title=\"Casa Manak \/ Di Frenna Arquitectos (\u00a9 Oscar Hern\u00e1ndez)\" class=\"rl-gallery-link\" data-rl_caption=\"Casa Manak \/ Di Frenna Arquitectos (\u00a9 Oscar Hern\u00e1ndez)\" data-rel=\"lightbox-gallery-1\"><img loading=\"lazy\" decoding=\"async\" width=\"150\" height=\"150\" src=\"https:\/\/www.arquimaster.com.ar\/web\/wp-content\/uploads\/2025\/06\/casa_manak_4-150x150.jpg\" class=\"attachment-thumbnail size-thumbnail\" alt=\"Casa Manak \/ Di Frenna Arquitectos\" aria-describedby=\"gallery-1-84744\" \/><\/a>\n\t\t\t<\/div>\n\t\t\t\t<figcaption class='wp-caption-text gallery-caption' id='gallery-1-84744'>\n\t\t\t\tCasa Manak \/ Di Frenna Arquitectos (\u00a9 Oscar Hern\u00e1ndez)\n\t\t\t\t<\/figcaption><\/figure><figure class='gallery-item'>\n\t\t\t<div class='gallery-icon landscape'>\n\t\t\t\t<a href='https:\/\/www.arquimaster.com.ar\/web\/wp-content\/uploads\/2025\/06\/casa_manak_5.jpg' title=\"Casa Manak \/ Di Frenna Arquitectos (\u00a9 Oscar Hern\u00e1ndez)\" data-rl_title=\"Casa Manak \/ Di Frenna Arquitectos (\u00a9 Oscar Hern\u00e1ndez)\" class=\"rl-gallery-link\" data-rl_caption=\"Casa Manak \/ Di Frenna Arquitectos (\u00a9 Oscar Hern\u00e1ndez)\" data-rel=\"lightbox-gallery-1\"><img loading=\"lazy\" decoding=\"async\" width=\"150\" height=\"150\" src=\"https:\/\/www.arquimaster.com.ar\/web\/wp-content\/uploads\/2025\/06\/casa_manak_5-150x150.jpg\" class=\"attachment-thumbnail size-thumbnail\" alt=\"Casa Manak \/ Di Frenna Arquitectos\" aria-describedby=\"gallery-1-84745\" \/><\/a>\n\t\t\t<\/div>\n\t\t\t\t<figcaption class='wp-caption-text gallery-caption' id='gallery-1-84745'>\n\t\t\t\tCasa Manak \/ Di Frenna Arquitectos (\u00a9 Oscar Hern\u00e1ndez)\n\t\t\t\t<\/figcaption><\/figure><figure class='gallery-item'>\n\t\t\t<div class='gallery-icon landscape'>\n\t\t\t\t<a href='https:\/\/www.arquimaster.com.ar\/web\/wp-content\/uploads\/2025\/06\/casa_manak_6.jpg' title=\"Casa Manak \/ Di Frenna Arquitectos (\u00a9 Oscar Hern\u00e1ndez)\" data-rl_title=\"Casa Manak \/ Di Frenna Arquitectos (\u00a9 Oscar Hern\u00e1ndez)\" class=\"rl-gallery-link\" data-rl_caption=\"Casa Manak \/ Di Frenna Arquitectos (\u00a9 Oscar Hern\u00e1ndez)\" data-rel=\"lightbox-gallery-1\"><img loading=\"lazy\" decoding=\"async\" width=\"150\" height=\"150\" src=\"https:\/\/www.arquimaster.com.ar\/web\/wp-content\/uploads\/2025\/06\/casa_manak_6-150x150.jpg\" class=\"attachment-thumbnail size-thumbnail\" alt=\"Casa Manak \/ Di Frenna Arquitectos\" aria-describedby=\"gallery-1-84746\" \/><\/a>\n\t\t\t<\/div>\n\t\t\t\t<figcaption class='wp-caption-text gallery-caption' id='gallery-1-84746'>\n\t\t\t\tCasa Manak \/ Di Frenna Arquitectos (\u00a9 Oscar Hern\u00e1ndez)\n\t\t\t\t<\/figcaption><\/figure><figure class='gallery-item'>\n\t\t\t<div class='gallery-icon landscape'>\n\t\t\t\t<a href='https:\/\/www.arquimaster.com.ar\/web\/wp-content\/uploads\/2025\/06\/casa_manak_7.jpg' title=\"Casa Manak \/ Di Frenna Arquitectos (\u00a9 Oscar Hern\u00e1ndez)\" data-rl_title=\"Casa Manak \/ Di Frenna Arquitectos (\u00a9 Oscar Hern\u00e1ndez)\" class=\"rl-gallery-link\" data-rl_caption=\"Casa Manak \/ Di Frenna Arquitectos (\u00a9 Oscar Hern\u00e1ndez)\" data-rel=\"lightbox-gallery-1\"><img loading=\"lazy\" decoding=\"async\" width=\"150\" height=\"150\" src=\"https:\/\/www.arquimaster.com.ar\/web\/wp-content\/uploads\/2025\/06\/casa_manak_7-150x150.jpg\" class=\"attachment-thumbnail size-thumbnail\" alt=\"Casa Manak \/ Di Frenna Arquitectos\" aria-describedby=\"gallery-1-84747\" \/><\/a>\n\t\t\t<\/div>\n\t\t\t\t<figcaption class='wp-caption-text gallery-caption' id='gallery-1-84747'>\n\t\t\t\tCasa Manak \/ Di Frenna Arquitectos (\u00a9 Oscar Hern\u00e1ndez)\n\t\t\t\t<\/figcaption><\/figure><figure class='gallery-item'>\n\t\t\t<div class='gallery-icon landscape'>\n\t\t\t\t<a href='https:\/\/www.arquimaster.com.ar\/web\/wp-content\/uploads\/2025\/06\/casa_manak_8.jpg' title=\"Casa Manak \/ Di Frenna Arquitectos (\u00a9 Oscar Hern\u00e1ndez)\" data-rl_title=\"Casa Manak \/ Di Frenna Arquitectos (\u00a9 Oscar Hern\u00e1ndez)\" class=\"rl-gallery-link\" data-rl_caption=\"Casa Manak \/ Di Frenna Arquitectos (\u00a9 Oscar Hern\u00e1ndez)\" data-rel=\"lightbox-gallery-1\"><img loading=\"lazy\" decoding=\"async\" width=\"150\" height=\"150\" src=\"https:\/\/www.arquimaster.com.ar\/web\/wp-content\/uploads\/2025\/06\/casa_manak_8-150x150.jpg\" class=\"attachment-thumbnail size-thumbnail\" alt=\"Casa Manak \/ Di Frenna Arquitectos\" aria-describedby=\"gallery-1-84748\" \/><\/a>\n\t\t\t<\/div>\n\t\t\t\t<figcaption class='wp-caption-text gallery-caption' id='gallery-1-84748'>\n\t\t\t\tCasa Manak \/ Di Frenna Arquitectos (\u00a9 Oscar Hern\u00e1ndez)\n\t\t\t\t<\/figcaption><\/figure><figure class='gallery-item'>\n\t\t\t<div class='gallery-icon landscape'>\n\t\t\t\t<a href='https:\/\/www.arquimaster.com.ar\/web\/wp-content\/uploads\/2025\/06\/casa_manak_9.jpg' title=\"Casa Manak \/ Di Frenna Arquitectos (\u00a9 Oscar Hern\u00e1ndez)\" data-rl_title=\"Casa Manak \/ Di Frenna Arquitectos (\u00a9 Oscar Hern\u00e1ndez)\" class=\"rl-gallery-link\" data-rl_caption=\"Casa Manak \/ Di Frenna Arquitectos (\u00a9 Oscar Hern\u00e1ndez)\" data-rel=\"lightbox-gallery-1\"><img loading=\"lazy\" decoding=\"async\" width=\"150\" height=\"150\" src=\"https:\/\/www.arquimaster.com.ar\/web\/wp-content\/uploads\/2025\/06\/casa_manak_9-150x150.jpg\" class=\"attachment-thumbnail size-thumbnail\" alt=\"Casa Manak \/ Di Frenna Arquitectos\" aria-describedby=\"gallery-1-84749\" \/><\/a>\n\t\t\t<\/div>\n\t\t\t\t<figcaption class='wp-caption-text gallery-caption' id='gallery-1-84749'>\n\t\t\t\tCasa Manak \/ Di Frenna Arquitectos (\u00a9 Oscar Hern\u00e1ndez)\n\t\t\t\t<\/figcaption><\/figure><figure class='gallery-item'>\n\t\t\t<div class='gallery-icon landscape'>\n\t\t\t\t<a href='https:\/\/www.arquimaster.com.ar\/web\/wp-content\/uploads\/2025\/06\/casa_manak_10.jpg' title=\"Casa Manak \/ Di Frenna Arquitectos (\u00a9 Oscar Hern\u00e1ndez)\" data-rl_title=\"Casa Manak \/ Di Frenna Arquitectos (\u00a9 Oscar Hern\u00e1ndez)\" class=\"rl-gallery-link\" data-rl_caption=\"Casa Manak \/ Di Frenna Arquitectos (\u00a9 Oscar Hern\u00e1ndez)\" data-rel=\"lightbox-gallery-1\"><img loading=\"lazy\" decoding=\"async\" width=\"150\" height=\"150\" src=\"https:\/\/www.arquimaster.com.ar\/web\/wp-content\/uploads\/2025\/06\/casa_manak_10-150x150.jpg\" class=\"attachment-thumbnail size-thumbnail\" alt=\"Casa Manak \/ Di Frenna Arquitectos\" aria-describedby=\"gallery-1-84750\" \/><\/a>\n\t\t\t<\/div>\n\t\t\t\t<figcaption class='wp-caption-text gallery-caption' id='gallery-1-84750'>\n\t\t\t\tCasa Manak \/ Di Frenna Arquitectos (\u00a9 Oscar Hern\u00e1ndez)\n\t\t\t\t<\/figcaption><\/figure><figure class='gallery-item'>\n\t\t\t<div class='gallery-icon landscape'>\n\t\t\t\t<a href='https:\/\/www.arquimaster.com.ar\/web\/wp-content\/uploads\/2025\/06\/casa_manak_11.jpg' title=\"Casa Manak \/ Di Frenna Arquitectos (\u00a9 Oscar Hern\u00e1ndez)\" data-rl_title=\"Casa Manak \/ Di Frenna Arquitectos (\u00a9 Oscar Hern\u00e1ndez)\" class=\"rl-gallery-link\" data-rl_caption=\"Casa Manak \/ Di Frenna Arquitectos (\u00a9 Oscar Hern\u00e1ndez)\" data-rel=\"lightbox-gallery-1\"><img loading=\"lazy\" decoding=\"async\" width=\"150\" height=\"150\" src=\"https:\/\/www.arquimaster.com.ar\/web\/wp-content\/uploads\/2025\/06\/casa_manak_11-150x150.jpg\" class=\"attachment-thumbnail size-thumbnail\" alt=\"Casa Manak \/ Di Frenna Arquitectos\" aria-describedby=\"gallery-1-84751\" \/><\/a>\n\t\t\t<\/div>\n\t\t\t\t<figcaption class='wp-caption-text gallery-caption' id='gallery-1-84751'>\n\t\t\t\tCasa Manak \/ Di Frenna Arquitectos (\u00a9 Oscar Hern\u00e1ndez)\n\t\t\t\t<\/figcaption><\/figure><figure class='gallery-item'>\n\t\t\t<div class='gallery-icon landscape'>\n\t\t\t\t<a href='https:\/\/www.arquimaster.com.ar\/web\/wp-content\/uploads\/2025\/06\/casa_manak_12.jpg' title=\"Casa Manak \/ Di Frenna Arquitectos (\u00a9 Oscar Hern\u00e1ndez)\" data-rl_title=\"Casa Manak \/ Di Frenna Arquitectos (\u00a9 Oscar Hern\u00e1ndez)\" class=\"rl-gallery-link\" data-rl_caption=\"Casa Manak \/ Di Frenna Arquitectos (\u00a9 Oscar Hern\u00e1ndez)\" data-rel=\"lightbox-gallery-1\"><img loading=\"lazy\" decoding=\"async\" width=\"150\" height=\"150\" src=\"https:\/\/www.arquimaster.com.ar\/web\/wp-content\/uploads\/2025\/06\/casa_manak_12-150x150.jpg\" class=\"attachment-thumbnail size-thumbnail\" alt=\"Casa Manak \/ Di Frenna Arquitectos\" aria-describedby=\"gallery-1-84752\" \/><\/a>\n\t\t\t<\/div>\n\t\t\t\t<figcaption class='wp-caption-text gallery-caption' id='gallery-1-84752'>\n\t\t\t\tCasa Manak \/ Di Frenna Arquitectos (\u00a9 Oscar Hern\u00e1ndez)\n\t\t\t\t<\/figcaption><\/figure><figure class='gallery-item'>\n\t\t\t<div class='gallery-icon landscape'>\n\t\t\t\t<a href='https:\/\/www.arquimaster.com.ar\/web\/wp-content\/uploads\/2025\/06\/casa_manak_13.jpg' title=\"Casa Manak \/ Di Frenna Arquitectos (\u00a9 Oscar Hern\u00e1ndez)\" data-rl_title=\"Casa Manak \/ Di Frenna Arquitectos (\u00a9 Oscar Hern\u00e1ndez)\" class=\"rl-gallery-link\" data-rl_caption=\"Casa Manak \/ Di Frenna Arquitectos (\u00a9 Oscar Hern\u00e1ndez)\" data-rel=\"lightbox-gallery-1\"><img loading=\"lazy\" decoding=\"async\" width=\"150\" height=\"150\" src=\"https:\/\/www.arquimaster.com.ar\/web\/wp-content\/uploads\/2025\/06\/casa_manak_13-150x150.jpg\" class=\"attachment-thumbnail size-thumbnail\" alt=\"Casa Manak \/ Di Frenna Arquitectos\" aria-describedby=\"gallery-1-84753\" \/><\/a>\n\t\t\t<\/div>\n\t\t\t\t<figcaption class='wp-caption-text gallery-caption' id='gallery-1-84753'>\n\t\t\t\tCasa Manak \/ Di Frenna Arquitectos (\u00a9 Oscar Hern\u00e1ndez)\n\t\t\t\t<\/figcaption><\/figure><figure class='gallery-item'>\n\t\t\t<div class='gallery-icon landscape'>\n\t\t\t\t<a href='https:\/\/www.arquimaster.com.ar\/web\/wp-content\/uploads\/2025\/06\/casa_manak_14.jpg' title=\"Casa Manak \/ Di Frenna Arquitectos (\u00a9 Oscar Hern\u00e1ndez)\" data-rl_title=\"Casa Manak \/ Di Frenna Arquitectos (\u00a9 Oscar Hern\u00e1ndez)\" class=\"rl-gallery-link\" data-rl_caption=\"Casa Manak \/ Di Frenna Arquitectos (\u00a9 Oscar Hern\u00e1ndez)\" data-rel=\"lightbox-gallery-1\"><img loading=\"lazy\" decoding=\"async\" width=\"150\" height=\"150\" src=\"https:\/\/www.arquimaster.com.ar\/web\/wp-content\/uploads\/2025\/06\/casa_manak_14-150x150.jpg\" class=\"attachment-thumbnail size-thumbnail\" alt=\"Casa Manak \/ Di Frenna Arquitectos\" aria-describedby=\"gallery-1-84754\" \/><\/a>\n\t\t\t<\/div>\n\t\t\t\t<figcaption class='wp-caption-text gallery-caption' id='gallery-1-84754'>\n\t\t\t\tCasa Manak \/ Di Frenna Arquitectos (\u00a9 Oscar Hern\u00e1ndez)\n\t\t\t\t<\/figcaption><\/figure><figure class='gallery-item'>\n\t\t\t<div class='gallery-icon landscape'>\n\t\t\t\t<a href='https:\/\/www.arquimaster.com.ar\/web\/wp-content\/uploads\/2025\/06\/casa_manak_15.jpg' title=\"Casa Manak \/ Di Frenna Arquitectos (\u00a9 Oscar Hern\u00e1ndez)\" data-rl_title=\"Casa Manak \/ Di Frenna Arquitectos (\u00a9 Oscar Hern\u00e1ndez)\" class=\"rl-gallery-link\" data-rl_caption=\"Casa Manak \/ Di Frenna Arquitectos (\u00a9 Oscar Hern\u00e1ndez)\" data-rel=\"lightbox-gallery-1\"><img loading=\"lazy\" decoding=\"async\" width=\"150\" height=\"150\" src=\"https:\/\/www.arquimaster.com.ar\/web\/wp-content\/uploads\/2025\/06\/casa_manak_15-150x150.jpg\" class=\"attachment-thumbnail size-thumbnail\" alt=\"Casa Manak \/ Di Frenna Arquitectos\" aria-describedby=\"gallery-1-84755\" \/><\/a>\n\t\t\t<\/div>\n\t\t\t\t<figcaption class='wp-caption-text gallery-caption' id='gallery-1-84755'>\n\t\t\t\tCasa Manak \/ Di Frenna Arquitectos (\u00a9 Oscar Hern\u00e1ndez)\n\t\t\t\t<\/figcaption><\/figure><figure class='gallery-item'>\n\t\t\t<div class='gallery-icon landscape'>\n\t\t\t\t<a href='https:\/\/www.arquimaster.com.ar\/web\/wp-content\/uploads\/2025\/06\/casa_manak_16.jpg' title=\"Casa Manak \/ Di Frenna Arquitectos (\u00a9 Oscar Hern\u00e1ndez)\" data-rl_title=\"Casa Manak \/ Di Frenna Arquitectos (\u00a9 Oscar Hern\u00e1ndez)\" class=\"rl-gallery-link\" data-rl_caption=\"Casa Manak \/ Di Frenna Arquitectos (\u00a9 Oscar Hern\u00e1ndez)\" data-rel=\"lightbox-gallery-1\"><img loading=\"lazy\" decoding=\"async\" width=\"150\" height=\"150\" src=\"https:\/\/www.arquimaster.com.ar\/web\/wp-content\/uploads\/2025\/06\/casa_manak_16-150x150.jpg\" class=\"attachment-thumbnail size-thumbnail\" alt=\"Casa Manak \/ Di Frenna Arquitectos\" aria-describedby=\"gallery-1-84756\" \/><\/a>\n\t\t\t<\/div>\n\t\t\t\t<figcaption class='wp-caption-text gallery-caption' id='gallery-1-84756'>\n\t\t\t\tCasa Manak \/ Di Frenna Arquitectos (\u00a9 Oscar Hern\u00e1ndez)\n\t\t\t\t<\/figcaption><\/figure><figure class='gallery-item'>\n\t\t\t<div class='gallery-icon portrait'>\n\t\t\t\t<a href='https:\/\/www.arquimaster.com.ar\/web\/wp-content\/uploads\/2025\/06\/casa_manak_17.jpg' title=\"Casa Manak \/ Di Frenna Arquitectos (\u00a9 Oscar Hern\u00e1ndez)\" data-rl_title=\"Casa Manak \/ Di Frenna Arquitectos (\u00a9 Oscar Hern\u00e1ndez)\" class=\"rl-gallery-link\" data-rl_caption=\"Casa Manak \/ Di Frenna Arquitectos (\u00a9 Oscar Hern\u00e1ndez)\" data-rel=\"lightbox-gallery-1\"><img loading=\"lazy\" decoding=\"async\" width=\"150\" height=\"150\" src=\"https:\/\/www.arquimaster.com.ar\/web\/wp-content\/uploads\/2025\/06\/casa_manak_17-150x150.jpg\" class=\"attachment-thumbnail size-thumbnail\" alt=\"Casa Manak \/ Di Frenna Arquitectos\" aria-describedby=\"gallery-1-84757\" \/><\/a>\n\t\t\t<\/div>\n\t\t\t\t<figcaption class='wp-caption-text gallery-caption' id='gallery-1-84757'>\n\t\t\t\tCasa Manak \/ Di Frenna Arquitectos (\u00a9 Oscar Hern\u00e1ndez)\n\t\t\t\t<\/figcaption><\/figure><figure class='gallery-item'>\n\t\t\t<div class='gallery-icon landscape'>\n\t\t\t\t<a href='https:\/\/www.arquimaster.com.ar\/web\/wp-content\/uploads\/2025\/06\/casa_manak_18.jpg' title=\"Casa Manak \/ Di Frenna Arquitectos (\u00a9 Oscar Hern\u00e1ndez)\" data-rl_title=\"Casa Manak \/ Di Frenna Arquitectos (\u00a9 Oscar Hern\u00e1ndez)\" class=\"rl-gallery-link\" data-rl_caption=\"Casa Manak \/ Di Frenna Arquitectos (\u00a9 Oscar Hern\u00e1ndez)\" data-rel=\"lightbox-gallery-1\"><img loading=\"lazy\" decoding=\"async\" width=\"150\" height=\"150\" src=\"https:\/\/www.arquimaster.com.ar\/web\/wp-content\/uploads\/2025\/06\/casa_manak_18-150x150.jpg\" class=\"attachment-thumbnail size-thumbnail\" alt=\"Casa Manak \/ Di Frenna Arquitectos\" aria-describedby=\"gallery-1-84758\" \/><\/a>\n\t\t\t<\/div>\n\t\t\t\t<figcaption class='wp-caption-text gallery-caption' id='gallery-1-84758'>\n\t\t\t\tCasa Manak \/ Di Frenna Arquitectos (\u00a9 Oscar Hern\u00e1ndez)\n\t\t\t\t<\/figcaption><\/figure><figure class='gallery-item'>\n\t\t\t<div class='gallery-icon landscape'>\n\t\t\t\t<a href='https:\/\/www.arquimaster.com.ar\/web\/wp-content\/uploads\/2025\/06\/casa_manak_19.jpg' title=\"Casa Manak \/ Di Frenna Arquitectos (\u00a9 Oscar Hern\u00e1ndez)\" data-rl_title=\"Casa Manak \/ Di Frenna Arquitectos (\u00a9 Oscar Hern\u00e1ndez)\" class=\"rl-gallery-link\" data-rl_caption=\"Casa Manak \/ Di Frenna Arquitectos (\u00a9 Oscar Hern\u00e1ndez)\" data-rel=\"lightbox-gallery-1\"><img loading=\"lazy\" decoding=\"async\" width=\"150\" height=\"150\" src=\"https:\/\/www.arquimaster.com.ar\/web\/wp-content\/uploads\/2025\/06\/casa_manak_19-150x150.jpg\" class=\"attachment-thumbnail size-thumbnail\" alt=\"Casa Manak \/ Di Frenna Arquitectos\" aria-describedby=\"gallery-1-84759\" \/><\/a>\n\t\t\t<\/div>\n\t\t\t\t<figcaption class='wp-caption-text gallery-caption' id='gallery-1-84759'>\n\t\t\t\tCasa Manak \/ Di Frenna Arquitectos (\u00a9 Oscar Hern\u00e1ndez)\n\t\t\t\t<\/figcaption><\/figure><figure class='gallery-item'>\n\t\t\t<div class='gallery-icon portrait'>\n\t\t\t\t<a href='https:\/\/www.arquimaster.com.ar\/web\/wp-content\/uploads\/2025\/06\/casa_manak_20.jpg' title=\"Casa Manak \/ Di Frenna Arquitectos (\u00a9 Oscar Hern\u00e1ndez)\" data-rl_title=\"Casa Manak \/ Di Frenna Arquitectos (\u00a9 Oscar Hern\u00e1ndez)\" class=\"rl-gallery-link\" data-rl_caption=\"Casa Manak \/ Di Frenna Arquitectos (\u00a9 Oscar Hern\u00e1ndez)\" data-rel=\"lightbox-gallery-1\"><img loading=\"lazy\" decoding=\"async\" width=\"150\" height=\"150\" src=\"https:\/\/www.arquimaster.com.ar\/web\/wp-content\/uploads\/2025\/06\/casa_manak_20-150x150.jpg\" class=\"attachment-thumbnail size-thumbnail\" alt=\"Casa Manak \/ Di Frenna Arquitectos\" aria-describedby=\"gallery-1-84760\" \/><\/a>\n\t\t\t<\/div>\n\t\t\t\t<figcaption class='wp-caption-text gallery-caption' id='gallery-1-84760'>\n\t\t\t\tCasa Manak \/ Di Frenna Arquitectos (\u00a9 Oscar Hern\u00e1ndez)\n\t\t\t\t<\/figcaption><\/figure><figure class='gallery-item'>\n\t\t\t<div class='gallery-icon landscape'>\n\t\t\t\t<a href='https:\/\/www.arquimaster.com.ar\/web\/wp-content\/uploads\/2025\/06\/casa_manak_21.jpg' title=\"Casa Manak \/ Di Frenna Arquitectos (\u00a9 Oscar Hern\u00e1ndez)\" data-rl_title=\"Casa Manak \/ Di Frenna Arquitectos (\u00a9 Oscar Hern\u00e1ndez)\" class=\"rl-gallery-link\" data-rl_caption=\"Casa Manak \/ Di Frenna Arquitectos (\u00a9 Oscar Hern\u00e1ndez)\" data-rel=\"lightbox-gallery-1\"><img loading=\"lazy\" decoding=\"async\" width=\"150\" height=\"150\" src=\"https:\/\/www.arquimaster.com.ar\/web\/wp-content\/uploads\/2025\/06\/casa_manak_21-150x150.jpg\" class=\"attachment-thumbnail size-thumbnail\" alt=\"Casa Manak \/ Di Frenna Arquitectos\" aria-describedby=\"gallery-1-84761\" \/><\/a>\n\t\t\t<\/div>\n\t\t\t\t<figcaption class='wp-caption-text gallery-caption' id='gallery-1-84761'>\n\t\t\t\tCasa Manak \/ Di Frenna Arquitectos (\u00a9 Oscar Hern\u00e1ndez)\n\t\t\t\t<\/figcaption><\/figure><figure class='gallery-item'>\n\t\t\t<div class='gallery-icon portrait'>\n\t\t\t\t<a href='https:\/\/www.arquimaster.com.ar\/web\/wp-content\/uploads\/2025\/06\/casa_manak_22.jpg' title=\"Casa Manak \/ Di Frenna Arquitectos (\u00a9 Oscar Hern\u00e1ndez)\" data-rl_title=\"Casa Manak \/ Di Frenna Arquitectos (\u00a9 Oscar Hern\u00e1ndez)\" class=\"rl-gallery-link\" data-rl_caption=\"Casa Manak \/ Di Frenna Arquitectos (\u00a9 Oscar Hern\u00e1ndez)\" data-rel=\"lightbox-gallery-1\"><img loading=\"lazy\" decoding=\"async\" width=\"150\" height=\"150\" src=\"https:\/\/www.arquimaster.com.ar\/web\/wp-content\/uploads\/2025\/06\/casa_manak_22-150x150.jpg\" class=\"attachment-thumbnail size-thumbnail\" alt=\"Casa Manak \/ Di Frenna Arquitectos\" aria-describedby=\"gallery-1-84762\" \/><\/a>\n\t\t\t<\/div>\n\t\t\t\t<figcaption class='wp-caption-text gallery-caption' id='gallery-1-84762'>\n\t\t\t\tCasa Manak \/ Di Frenna Arquitectos (\u00a9 Oscar Hern\u00e1ndez)\n\t\t\t\t<\/figcaption><\/figure><figure class='gallery-item'>\n\t\t\t<div class='gallery-icon portrait'>\n\t\t\t\t<a href='https:\/\/www.arquimaster.com.ar\/web\/wp-content\/uploads\/2025\/06\/casa_manak_23.jpg' title=\"Casa Manak \/ Di Frenna Arquitectos (\u00a9 Oscar Hern\u00e1ndez)\" data-rl_title=\"Casa Manak \/ Di Frenna Arquitectos (\u00a9 Oscar Hern\u00e1ndez)\" class=\"rl-gallery-link\" data-rl_caption=\"Casa Manak \/ Di Frenna Arquitectos (\u00a9 Oscar Hern\u00e1ndez)\" data-rel=\"lightbox-gallery-1\"><img loading=\"lazy\" decoding=\"async\" width=\"150\" height=\"150\" src=\"https:\/\/www.arquimaster.com.ar\/web\/wp-content\/uploads\/2025\/06\/casa_manak_23-150x150.jpg\" class=\"attachment-thumbnail size-thumbnail\" alt=\"Casa Manak \/ Di Frenna Arquitectos\" aria-describedby=\"gallery-1-84763\" \/><\/a>\n\t\t\t<\/div>\n\t\t\t\t<figcaption class='wp-caption-text gallery-caption' id='gallery-1-84763'>\n\t\t\t\tCasa Manak \/ Di Frenna Arquitectos (\u00a9 Oscar Hern\u00e1ndez)\n\t\t\t\t<\/figcaption><\/figure><figure class='gallery-item'>\n\t\t\t<div class='gallery-icon landscape'>\n\t\t\t\t<a href='https:\/\/www.arquimaster.com.ar\/web\/wp-content\/uploads\/2025\/06\/casa_manak_24.jpg' title=\"Casa Manak \/ Di Frenna Arquitectos (\u00a9 Oscar Hern\u00e1ndez)\" data-rl_title=\"Casa Manak \/ Di Frenna Arquitectos (\u00a9 Oscar Hern\u00e1ndez)\" class=\"rl-gallery-link\" data-rl_caption=\"Casa Manak \/ Di Frenna Arquitectos (\u00a9 Oscar Hern\u00e1ndez)\" data-rel=\"lightbox-gallery-1\"><img loading=\"lazy\" decoding=\"async\" width=\"150\" height=\"150\" src=\"https:\/\/www.arquimaster.com.ar\/web\/wp-content\/uploads\/2025\/06\/casa_manak_24-150x150.jpg\" class=\"attachment-thumbnail size-thumbnail\" alt=\"Casa Manak \/ Di Frenna Arquitectos\" aria-describedby=\"gallery-1-84764\" \/><\/a>\n\t\t\t<\/div>\n\t\t\t\t<figcaption class='wp-caption-text gallery-caption' id='gallery-1-84764'>\n\t\t\t\tCasa Manak \/ Di Frenna Arquitectos (\u00a9 Oscar Hern\u00e1ndez)\n\t\t\t\t<\/figcaption><\/figure><figure class='gallery-item'>\n\t\t\t<div class='gallery-icon landscape'>\n\t\t\t\t<a href='https:\/\/www.arquimaster.com.ar\/web\/wp-content\/uploads\/2025\/06\/casa_manak_25.jpg' title=\"Casa Manak \/ Di Frenna Arquitectos (\u00a9 Oscar Hern\u00e1ndez)\" data-rl_title=\"Casa Manak \/ Di Frenna Arquitectos (\u00a9 Oscar Hern\u00e1ndez)\" class=\"rl-gallery-link\" data-rl_caption=\"Casa Manak \/ Di Frenna Arquitectos (\u00a9 Oscar Hern\u00e1ndez)\" data-rel=\"lightbox-gallery-1\"><img loading=\"lazy\" decoding=\"async\" width=\"150\" height=\"150\" src=\"https:\/\/www.arquimaster.com.ar\/web\/wp-content\/uploads\/2025\/06\/casa_manak_25-150x150.jpg\" class=\"attachment-thumbnail size-thumbnail\" alt=\"Casa Manak \/ Di Frenna Arquitectos\" aria-describedby=\"gallery-1-84765\" \/><\/a>\n\t\t\t<\/div>\n\t\t\t\t<figcaption class='wp-caption-text gallery-caption' id='gallery-1-84765'>\n\t\t\t\tCasa Manak \/ Di Frenna Arquitectos (\u00a9 Oscar Hern\u00e1ndez)\n\t\t\t\t<\/figcaption><\/figure><figure class='gallery-item'>\n\t\t\t<div class='gallery-icon landscape'>\n\t\t\t\t<a href='https:\/\/www.arquimaster.com.ar\/web\/wp-content\/uploads\/2025\/06\/casa_manak_26.jpg' title=\"Casa Manak \/ Di Frenna Arquitectos (\u00a9 Oscar Hern\u00e1ndez)\" data-rl_title=\"Casa Manak \/ Di Frenna Arquitectos (\u00a9 Oscar Hern\u00e1ndez)\" class=\"rl-gallery-link\" data-rl_caption=\"Casa Manak \/ Di Frenna Arquitectos (\u00a9 Oscar Hern\u00e1ndez)\" data-rel=\"lightbox-gallery-1\"><img loading=\"lazy\" decoding=\"async\" width=\"150\" height=\"150\" src=\"https:\/\/www.arquimaster.com.ar\/web\/wp-content\/uploads\/2025\/06\/casa_manak_26-150x150.jpg\" class=\"attachment-thumbnail size-thumbnail\" alt=\"Casa Manak \/ Di Frenna Arquitectos\" aria-describedby=\"gallery-1-84766\" \/><\/a>\n\t\t\t<\/div>\n\t\t\t\t<figcaption class='wp-caption-text gallery-caption' id='gallery-1-84766'>\n\t\t\t\tCasa Manak \/ Di Frenna Arquitectos (\u00a9 Oscar Hern\u00e1ndez)\n\t\t\t\t<\/figcaption><\/figure><figure class='gallery-item'>\n\t\t\t<div class='gallery-icon landscape'>\n\t\t\t\t<a href='https:\/\/www.arquimaster.com.ar\/web\/wp-content\/uploads\/2025\/06\/casa_manak_27.jpg' title=\"Casa Manak \/ Di Frenna Arquitectos (\u00a9 Oscar Hern\u00e1ndez)\" data-rl_title=\"Casa Manak \/ Di Frenna Arquitectos (\u00a9 Oscar Hern\u00e1ndez)\" class=\"rl-gallery-link\" data-rl_caption=\"Casa Manak \/ Di Frenna Arquitectos (\u00a9 Oscar Hern\u00e1ndez)\" data-rel=\"lightbox-gallery-1\"><img loading=\"lazy\" decoding=\"async\" width=\"150\" height=\"150\" src=\"https:\/\/www.arquimaster.com.ar\/web\/wp-content\/uploads\/2025\/06\/casa_manak_27-150x150.jpg\" class=\"attachment-thumbnail size-thumbnail\" alt=\"Casa Manak \/ Di Frenna Arquitectos\" aria-describedby=\"gallery-1-84767\" \/><\/a>\n\t\t\t<\/div>\n\t\t\t\t<figcaption class='wp-caption-text gallery-caption' id='gallery-1-84767'>\n\t\t\t\tCasa Manak \/ Di Frenna Arquitectos (\u00a9 Oscar Hern\u00e1ndez)\n\t\t\t\t<\/figcaption><\/figure><figure class='gallery-item'>\n\t\t\t<div class='gallery-icon landscape'>\n\t\t\t\t<a href='https:\/\/www.arquimaster.com.ar\/web\/wp-content\/uploads\/2025\/06\/casa_manak_28.jpg' title=\"Casa Manak \/ Di Frenna Arquitectos (\u00a9 Oscar Hern\u00e1ndez)\" data-rl_title=\"Casa Manak \/ Di Frenna Arquitectos (\u00a9 Oscar Hern\u00e1ndez)\" class=\"rl-gallery-link\" data-rl_caption=\"Casa Manak \/ Di Frenna Arquitectos (\u00a9 Oscar Hern\u00e1ndez)\" data-rel=\"lightbox-gallery-1\"><img loading=\"lazy\" decoding=\"async\" width=\"150\" height=\"150\" src=\"https:\/\/www.arquimaster.com.ar\/web\/wp-content\/uploads\/2025\/06\/casa_manak_28-150x150.jpg\" class=\"attachment-thumbnail size-thumbnail\" alt=\"Casa Manak \/ Di Frenna Arquitectos\" aria-describedby=\"gallery-1-84768\" \/><\/a>\n\t\t\t<\/div>\n\t\t\t\t<figcaption class='wp-caption-text gallery-caption' id='gallery-1-84768'>\n\t\t\t\tCasa Manak \/ Di Frenna Arquitectos (\u00a9 Oscar Hern\u00e1ndez)\n\t\t\t\t<\/figcaption><\/figure><figure class='gallery-item'>\n\t\t\t<div class='gallery-icon landscape'>\n\t\t\t\t<a href='https:\/\/www.arquimaster.com.ar\/web\/wp-content\/uploads\/2025\/06\/casa_manak_29.jpg' title=\"Casa Manak \/ Di Frenna Arquitectos (\u00a9 Oscar Hern\u00e1ndez)\" data-rl_title=\"Casa Manak \/ Di Frenna Arquitectos (\u00a9 Oscar Hern\u00e1ndez)\" class=\"rl-gallery-link\" data-rl_caption=\"Casa Manak \/ Di Frenna Arquitectos (\u00a9 Oscar Hern\u00e1ndez)\" data-rel=\"lightbox-gallery-1\"><img loading=\"lazy\" decoding=\"async\" width=\"150\" height=\"150\" src=\"https:\/\/www.arquimaster.com.ar\/web\/wp-content\/uploads\/2025\/06\/casa_manak_29-150x150.jpg\" class=\"attachment-thumbnail size-thumbnail\" alt=\"Casa Manak \/ Di Frenna Arquitectos\" aria-describedby=\"gallery-1-84769\" \/><\/a>\n\t\t\t<\/div>\n\t\t\t\t<figcaption class='wp-caption-text gallery-caption' id='gallery-1-84769'>\n\t\t\t\tCasa Manak \/ Di Frenna Arquitectos (\u00a9 Oscar Hern\u00e1ndez)\n\t\t\t\t<\/figcaption><\/figure><figure class='gallery-item'>\n\t\t\t<div class='gallery-icon portrait'>\n\t\t\t\t<a href='https:\/\/www.arquimaster.com.ar\/web\/wp-content\/uploads\/2025\/06\/casa_manak_30.jpg' title=\"Casa Manak \/ Di Frenna Arquitectos (\u00a9 Oscar Hern\u00e1ndez)\" data-rl_title=\"Casa Manak \/ Di Frenna Arquitectos (\u00a9 Oscar Hern\u00e1ndez)\" class=\"rl-gallery-link\" data-rl_caption=\"Casa Manak \/ Di Frenna Arquitectos (\u00a9 Oscar Hern\u00e1ndez)\" data-rel=\"lightbox-gallery-1\"><img loading=\"lazy\" decoding=\"async\" width=\"150\" height=\"150\" src=\"https:\/\/www.arquimaster.com.ar\/web\/wp-content\/uploads\/2025\/06\/casa_manak_30-150x150.jpg\" class=\"attachment-thumbnail size-thumbnail\" alt=\"Casa Manak \/ Di Frenna Arquitectos\" aria-describedby=\"gallery-1-84770\" \/><\/a>\n\t\t\t<\/div>\n\t\t\t\t<figcaption class='wp-caption-text gallery-caption' id='gallery-1-84770'>\n\t\t\t\tCasa Manak \/ Di Frenna Arquitectos (\u00a9 Oscar Hern\u00e1ndez)\n\t\t\t\t<\/figcaption><\/figure><figure class='gallery-item'>\n\t\t\t<div class='gallery-icon portrait'>\n\t\t\t\t<a href='https:\/\/www.arquimaster.com.ar\/web\/wp-content\/uploads\/2025\/06\/casa_manak_31.jpg' title=\"Casa Manak \/ Di Frenna Arquitectos (\u00a9 Oscar Hern\u00e1ndez)\" data-rl_title=\"Casa Manak \/ Di Frenna Arquitectos (\u00a9 Oscar Hern\u00e1ndez)\" class=\"rl-gallery-link\" data-rl_caption=\"Casa Manak \/ Di Frenna Arquitectos (\u00a9 Oscar Hern\u00e1ndez)\" data-rel=\"lightbox-gallery-1\"><img loading=\"lazy\" decoding=\"async\" width=\"150\" height=\"150\" src=\"https:\/\/www.arquimaster.com.ar\/web\/wp-content\/uploads\/2025\/06\/casa_manak_31-150x150.jpg\" class=\"attachment-thumbnail size-thumbnail\" alt=\"Casa Manak \/ Di Frenna Arquitectos\" aria-describedby=\"gallery-1-84771\" \/><\/a>\n\t\t\t<\/div>\n\t\t\t\t<figcaption class='wp-caption-text gallery-caption' id='gallery-1-84771'>\n\t\t\t\tCasa Manak \/ Di Frenna Arquitectos (\u00a9 Oscar Hern\u00e1ndez)\n\t\t\t\t<\/figcaption><\/figure><figure class='gallery-item'>\n\t\t\t<div class='gallery-icon landscape'>\n\t\t\t\t<a href='https:\/\/www.arquimaster.com.ar\/web\/wp-content\/uploads\/2025\/06\/casa_manak_32.jpg' title=\"Casa Manak \/ Di Frenna Arquitectos (\u00a9 Oscar Hern\u00e1ndez)\" data-rl_title=\"Casa Manak \/ Di Frenna Arquitectos (\u00a9 Oscar Hern\u00e1ndez)\" class=\"rl-gallery-link\" data-rl_caption=\"Casa Manak \/ Di Frenna Arquitectos (\u00a9 Oscar Hern\u00e1ndez)\" data-rel=\"lightbox-gallery-1\"><img loading=\"lazy\" decoding=\"async\" width=\"150\" height=\"150\" src=\"https:\/\/www.arquimaster.com.ar\/web\/wp-content\/uploads\/2025\/06\/casa_manak_32-150x150.jpg\" class=\"attachment-thumbnail size-thumbnail\" alt=\"Casa Manak \/ Di Frenna Arquitectos\" aria-describedby=\"gallery-1-84772\" \/><\/a>\n\t\t\t<\/div>\n\t\t\t\t<figcaption class='wp-caption-text gallery-caption' id='gallery-1-84772'>\n\t\t\t\tCasa Manak \/ Di Frenna Arquitectos (\u00a9 Oscar Hern\u00e1ndez)\n\t\t\t\t<\/figcaption><\/figure><figure class='gallery-item'>\n\t\t\t<div class='gallery-icon portrait'>\n\t\t\t\t<a href='https:\/\/www.arquimaster.com.ar\/web\/wp-content\/uploads\/2025\/06\/casa_manak_33.jpg' title=\"Casa Manak \/ Di Frenna Arquitectos (planta baja)\" data-rl_title=\"Casa Manak \/ Di Frenna Arquitectos (planta baja)\" class=\"rl-gallery-link\" data-rl_caption=\"Casa Manak \/ Di Frenna Arquitectos (planta baja)\" data-rel=\"lightbox-gallery-1\"><img loading=\"lazy\" decoding=\"async\" width=\"150\" height=\"150\" src=\"https:\/\/www.arquimaster.com.ar\/web\/wp-content\/uploads\/2025\/06\/casa_manak_33-150x150.jpg\" class=\"attachment-thumbnail size-thumbnail\" alt=\"Casa Manak \/ Di Frenna Arquitectos\" aria-describedby=\"gallery-1-84773\" \/><\/a>\n\t\t\t<\/div>\n\t\t\t\t<figcaption class='wp-caption-text gallery-caption' id='gallery-1-84773'>\n\t\t\t\tCasa Manak \/ Di Frenna Arquitectos (planta baja)\n\t\t\t\t<\/figcaption><\/figure><figure class='gallery-item'>\n\t\t\t<div class='gallery-icon portrait'>\n\t\t\t\t<a href='https:\/\/www.arquimaster.com.ar\/web\/wp-content\/uploads\/2025\/06\/casa_manak_34.jpg' title=\"Casa Manak \/ Di Frenna Arquitectos (planta alta)\" data-rl_title=\"Casa Manak \/ Di Frenna Arquitectos (planta alta)\" class=\"rl-gallery-link\" data-rl_caption=\"Casa Manak \/ Di Frenna Arquitectos (planta alta)\" data-rel=\"lightbox-gallery-1\"><img loading=\"lazy\" decoding=\"async\" width=\"150\" height=\"150\" src=\"https:\/\/www.arquimaster.com.ar\/web\/wp-content\/uploads\/2025\/06\/casa_manak_34-150x150.jpg\" class=\"attachment-thumbnail size-thumbnail\" alt=\"Casa Manak \/ Di Frenna Arquitectos\" aria-describedby=\"gallery-1-84774\" \/><\/a>\n\t\t\t<\/div>\n\t\t\t\t<figcaption class='wp-caption-text gallery-caption' id='gallery-1-84774'>\n\t\t\t\tCasa Manak \/ Di Frenna Arquitectos (planta alta)\n\t\t\t\t<\/figcaption><\/figure><figure class='gallery-item'>\n\t\t\t<div class='gallery-icon landscape'>\n\t\t\t\t<a href='https:\/\/www.arquimaster.com.ar\/web\/wp-content\/uploads\/2025\/06\/casa_manak_35.jpg' title=\"Casa Manak \/ Di Frenna Arquitectos (corte)\" data-rl_title=\"Casa Manak \/ Di Frenna Arquitectos (corte)\" class=\"rl-gallery-link\" data-rl_caption=\"Casa Manak \/ Di Frenna Arquitectos (corte)\" data-rel=\"lightbox-gallery-1\"><img loading=\"lazy\" decoding=\"async\" width=\"150\" height=\"150\" src=\"https:\/\/www.arquimaster.com.ar\/web\/wp-content\/uploads\/2025\/06\/casa_manak_35-150x150.jpg\" class=\"attachment-thumbnail size-thumbnail\" alt=\"Casa Manak \/ Di Frenna Arquitectos\" aria-describedby=\"gallery-1-84775\" \/><\/a>\n\t\t\t<\/div>\n\t\t\t\t<figcaption class='wp-caption-text gallery-caption' id='gallery-1-84775'>\n\t\t\t\tCasa Manak \/ Di Frenna Arquitectos (corte)\n\t\t\t\t<\/figcaption><\/figure><figure class='gallery-item'>\n\t\t\t<div class='gallery-icon landscape'>\n\t\t\t\t<a href='https:\/\/www.arquimaster.com.ar\/web\/wp-content\/uploads\/2025\/06\/casa_manak_36.jpg' title=\"Casa Manak \/ Di Frenna Arquitectos (corte)\" data-rl_title=\"Casa Manak \/ Di Frenna Arquitectos (corte)\" class=\"rl-gallery-link\" data-rl_caption=\"Casa Manak \/ Di Frenna Arquitectos (corte)\" data-rel=\"lightbox-gallery-1\"><img loading=\"lazy\" decoding=\"async\" width=\"150\" height=\"150\" src=\"https:\/\/www.arquimaster.com.ar\/web\/wp-content\/uploads\/2025\/06\/casa_manak_36-150x150.jpg\" class=\"attachment-thumbnail size-thumbnail\" alt=\"Casa Manak \/ Di Frenna Arquitectos\" aria-describedby=\"gallery-1-84776\" \/><\/a>\n\t\t\t<\/div>\n\t\t\t\t<figcaption class='wp-caption-text gallery-caption' id='gallery-1-84776'>\n\t\t\t\tCasa Manak \/ Di Frenna Arquitectos (corte)\n\t\t\t\t<\/figcaption><\/figure><figure class='gallery-item'>\n\t\t\t<div class='gallery-icon landscape'>\n\t\t\t\t<a href='https:\/\/www.arquimaster.com.ar\/web\/wp-content\/uploads\/2025\/06\/casa_manak_37.jpg' title=\"Casa Manak \/ Di Frenna Arquitectos (vista)\" data-rl_title=\"Casa Manak \/ Di Frenna Arquitectos (vista)\" class=\"rl-gallery-link\" data-rl_caption=\"Casa Manak \/ Di Frenna Arquitectos (vista)\" data-rel=\"lightbox-gallery-1\"><img loading=\"lazy\" decoding=\"async\" width=\"150\" height=\"150\" src=\"https:\/\/www.arquimaster.com.ar\/web\/wp-content\/uploads\/2025\/06\/casa_manak_37-150x150.jpg\" class=\"attachment-thumbnail size-thumbnail\" alt=\"Casa Manak \/ Di Frenna Arquitectos\" aria-describedby=\"gallery-1-84777\" \/><\/a>\n\t\t\t<\/div>\n\t\t\t\t<figcaption class='wp-caption-text gallery-caption' id='gallery-1-84777'>\n\t\t\t\tCasa Manak \/ Di Frenna Arquitectos (vista)\n\t\t\t\t<\/figcaption><\/figure><figure class='gallery-item'>\n\t\t\t<div class='gallery-icon landscape'>\n\t\t\t\t<a href='https:\/\/www.arquimaster.com.ar\/web\/wp-content\/uploads\/2025\/06\/casa_manak_38.jpg' title=\"Casa Manak \/ Di Frenna Arquitectos (vista)\" data-rl_title=\"Casa Manak \/ Di Frenna Arquitectos (vista)\" class=\"rl-gallery-link\" data-rl_caption=\"Casa Manak \/ Di Frenna Arquitectos (vista)\" data-rel=\"lightbox-gallery-1\"><img loading=\"lazy\" decoding=\"async\" width=\"150\" height=\"150\" src=\"https:\/\/www.arquimaster.com.ar\/web\/wp-content\/uploads\/2025\/06\/casa_manak_38-150x150.jpg\" class=\"attachment-thumbnail size-thumbnail\" alt=\"Casa Manak \/ Di Frenna Arquitectos\" aria-describedby=\"gallery-1-84778\" \/><\/a>\n\t\t\t<\/div>\n\t\t\t\t<figcaption class='wp-caption-text gallery-caption' id='gallery-1-84778'>\n\t\t\t\tCasa Manak \/ Di Frenna Arquitectos (vista)\n\t\t\t\t<\/figcaption><\/figure><figure class='gallery-item'>\n\t\t\t<div class='gallery-icon landscape'>\n\t\t\t\t<a href='https:\/\/www.arquimaster.com.ar\/web\/wp-content\/uploads\/2025\/06\/casa_manak_39.jpg' title=\"Casa Manak \/ Di Frenna Arquitectos (vista)\" data-rl_title=\"Casa Manak \/ Di Frenna Arquitectos (vista)\" class=\"rl-gallery-link\" data-rl_caption=\"Casa Manak \/ Di Frenna Arquitectos (vista)\" data-rel=\"lightbox-gallery-1\"><img loading=\"lazy\" decoding=\"async\" width=\"150\" height=\"150\" src=\"https:\/\/www.arquimaster.com.ar\/web\/wp-content\/uploads\/2025\/06\/casa_manak_39-150x150.jpg\" class=\"attachment-thumbnail size-thumbnail\" alt=\"Casa Manak \/ Di Frenna Arquitectos\" aria-describedby=\"gallery-1-84779\" \/><\/a>\n\t\t\t<\/div>\n\t\t\t\t<figcaption class='wp-caption-text gallery-caption' id='gallery-1-84779'>\n\t\t\t\tCasa Manak \/ Di Frenna Arquitectos (vista)\n\t\t\t\t<\/figcaption><\/figure><figure class='gallery-item'>\n\t\t\t<div class='gallery-icon landscape'>\n\t\t\t\t<a href='https:\/\/www.arquimaster.com.ar\/web\/wp-content\/uploads\/2025\/06\/casa_manak_40.jpg' title=\"Casa Manak \/ Di Frenna Arquitectos (vista)\" data-rl_title=\"Casa Manak \/ Di Frenna Arquitectos (vista)\" class=\"rl-gallery-link\" data-rl_caption=\"Casa Manak \/ Di Frenna Arquitectos (vista)\" data-rel=\"lightbox-gallery-1\"><img loading=\"lazy\" decoding=\"async\" width=\"150\" height=\"150\" src=\"https:\/\/www.arquimaster.com.ar\/web\/wp-content\/uploads\/2025\/06\/casa_manak_40-150x150.jpg\" class=\"attachment-thumbnail size-thumbnail\" alt=\"Casa Manak \/ Di Frenna Arquitectos\" aria-describedby=\"gallery-1-84780\" \/><\/a>\n\t\t\t<\/div>\n\t\t\t\t<figcaption class='wp-caption-text gallery-caption' id='gallery-1-84780'>\n\t\t\t\tCasa Manak \/ Di Frenna Arquitectos (vista)\n\t\t\t\t<\/figcaption><\/figure>\n\t\t<\/div>\n\n<p>El coraz\u00f3n de la vivienda es un patio interior que ordena y conecta los espacios. M\u00e1s que un vac\u00edo, es un umbral, un n\u00facleo de luz y aire que permite que la casa respire, convirti\u00e9ndose en la tangente entre la arquitectura y el entorno natural. Su dise\u00f1o est\u00e1 pensado para enriquecer la experiencia de quienes lo habitan: la luz cambia a lo largo del d\u00eda, el viento se percibe entre las hojas y la lluvia deja su rastro en la piedra.<\/p>\n<p>La celos\u00eda de piedra volc\u00e1nica, elemento distintivo del proyecto, act\u00faa como un tamiz entre el interior y el exterior, es una capa que insin\u00faa sin mostrarlo todo, filtrando la luz y el viento, proyectando sombras que se desplazan con el tiempo. Este es tambi\u00e9n un acto po\u00e9tico: un homenaje al volc\u00e1n al que la casa dirige su mirada, integrando en su piel la memoria de la tierra que le da origen.\u00a0<\/p>\n<p>Los acabados no buscan imponerse, sino integrarse con la textura del paisaje, dialogando con la naturaleza sin competir con ella. La madera clara, la piedra natural, el concreto aparente y el chukum establecen una conversaci\u00f3n de tonalidades y sensaciones que evocan lo org\u00e1nico, lo perdurable, lo esencial. Cada material, con su p\u00e1tina y su peso, habla de la tierra, del paso del tiempo, de la vida que se despliega en el habitar cotidiano. Envejecer\u00e1n con la casa, transform\u00e1ndose con ella, en un proceso continuo de cambio y permanencia.<\/p>\n<p>Distribuida en dos niveles, la casa distingue con claridad los espacios p\u00fablicos y privados, buscando un balance entre la convivencia y la introspecci\u00f3n. En la planta baja, la vida se abre al encuentro: la sala, la cocina y la terraza con bar y alberca invitan a compartir, a disfrutar del paisaje sin barreras. Es un espacio que se extiende naturalmente hacia el exterior, donde la transici\u00f3n entre lo construido y lo natural se da sin imposiciones. En la planta alta, los espacios se repliegan en una intimidad cuidadosamente dispuesta: la sala de televisi\u00f3n, el estudio y las habitaciones encuentran en sus terrazas y vistas un refugio para la contemplaci\u00f3n y el descanso.<\/p>\n<p>Aqu\u00ed, la arquitectura no se impone, sino que acompa\u00f1a, permitiendo que el tiempo y las estaciones dibujen sus propios patrones en sus superficies. Es un recorrido donde la luz y la sombra modelan los espacios, generando un di\u00e1logo sutil entre la casa y su entorno.<\/p>\n\n\n<div style=\"height:20px\" aria-hidden=\"true\" class=\"wp-block-spacer\"><\/div>\n\n\n\n<p class=\"has-background\" style=\"background-color:#eaeaea\"><strong>Ficha t\u00e9cnica<\/strong><br>Nombre: Casa Manak<br>Ubicaci\u00f3n: Altozano, Cuauht\u00e9moc, Colima, M\u00e9xico<br>Oficina de arquitectura: Di Frenna arquitectos<br>Equipo de trabajo: Matia Di Frenna M\u00fcller, Arq. Paulina Cos\u00edo Alcantar, Ing. Juan G. Guardado \u00c1vila<br>Superficie construida: 589 m2<br>Fecha de inicio construcci\u00f3n: 20 de octubre 2025<br>Fecha de finalizaci\u00f3n construcci\u00f3n: 18 de enero 2025<br>Fotograf\u00edas:\u00a0Oscar Hern\u00e1ndez @ohfa__<br>Sitio web: https:\/\/difrennaarquitectos.com<br>Instagram: @difrenna.arquitectos<\/p>\n\n\n\n<div style=\"height:40px\" aria-hidden=\"true\" class=\"wp-block-spacer\"><\/div>\n\n<div style=\"font-size: 0px; height: 0px; line-height: 0px; margin: 0; padding: 0; clear: both;\"><\/div><div style=\"margin-top: 0px; margin-bottom: 0px;\" class=\"sharethis-inline-share-buttons\" ><\/div>","protected":false},"excerpt":{"rendered":"<p>El proyecto nace con la intenci\u00f3n de fundirse con su contexto&#8230;<\/p>\n","protected":false},"author":1,"featured_media":84740,"comment_status":"closed","ping_status":"closed","sticky":false,"template":"","format":"standard","meta":{"_uag_custom_page_level_css":"","footnotes":""},"categories":[1,83],"tags":[8096,4282,7089,8095,7088,7090,24,254],"class_list":["post-84739","post","type-post","status-publish","format-standard","has-post-thumbnail","hentry","category-proyecto","category-vivienda-unifamiliar","tag-altozano","tag-arquitectura-residencial","tag-colima","tag-cuauhtemoc","tag-di-frenna-arquitectos","tag-matia-di-frenna-muller","tag-mexico","tag-vivienda-unifamiliar-2","generate-columns","tablet-grid-50","mobile-grid-100","grid-parent","grid-50"],"yoast_head":"<!-- This site is optimized with the Yoast SEO plugin v27.3 - https:\/\/yoast.com\/product\/yoast-seo-wordpress\/ -->\n<title>Casa Manak \/ Di Frenna Arquitectos - Arquimaster<\/title>\n<meta name=\"description\" content=\"El proyecto nace con la intenci\u00f3n de fundirse con su contexto, abrazar la naturaleza y dejarse penetrar por ella.\" \/>\n<meta name=\"robots\" content=\"index, follow, max-snippet:-1, max-image-preview:large, max-video-preview:-1\" \/>\n<link rel=\"canonical\" href=\"https:\/\/www.arquimaster.com.ar\/web\/casa-manak-di-frenna-arquitectos\/\" \/>\n<meta property=\"og:locale\" content=\"es_ES\" \/>\n<meta property=\"og:type\" content=\"article\" \/>\n<meta property=\"og:title\" content=\"Casa Manak \/ Di Frenna Arquitectos\" \/>\n<meta property=\"og:description\" content=\"El proyecto nace con la intenci\u00f3n de fundirse con su contexto, abrazar la naturaleza y dejarse penetrar por ella.\" \/>\n<meta property=\"og:url\" content=\"https:\/\/www.arquimaster.com.ar\/web\/casa-manak-di-frenna-arquitectos\/\" \/>\n<meta property=\"og:site_name\" content=\"Arquimaster\" \/>\n<meta property=\"article:publisher\" content=\"http:\/\/www.facebook.com\/ARQUIMASTER.com.ar\" \/>\n<meta property=\"article:published_time\" content=\"2025-06-18T21:35:33+00:00\" \/>\n<meta property=\"article:modified_time\" content=\"2025-07-23T18:20:53+00:00\" \/>\n<meta property=\"og:image\" content=\"https:\/\/www.arquimaster.com.ar\/web\/wp-content\/uploads\/2025\/06\/casa_manak_slide.jpg\" \/>\n\t<meta property=\"og:image:width\" content=\"698\" \/>\n\t<meta property=\"og:image:height\" content=\"364\" \/>\n\t<meta property=\"og:image:type\" content=\"image\/jpeg\" \/>\n<meta name=\"author\" content=\"Arquimaster\" \/>\n<meta name=\"twitter:card\" content=\"summary_large_image\" \/>\n<meta name=\"twitter:title\" content=\"Casa Manak \/ Di Frenna Arquitectos\" \/>\n<meta name=\"twitter:description\" content=\"El proyecto nace con la intenci\u00f3n de fundirse con su contexto, abrazar la naturaleza y dejarse penetrar por ella.\" \/>\n<meta name=\"twitter:image\" content=\"https:\/\/www.arquimaster.com.ar\/web\/wp-content\/uploads\/2025\/06\/casa_manak_slide.jpg\" \/>\n<meta name=\"twitter:creator\" content=\"@arquimaster\" \/>\n<meta name=\"twitter:site\" content=\"@arquimaster\" \/>\n<meta name=\"twitter:label1\" content=\"Escrito por\" \/>\n\t<meta name=\"twitter:data1\" content=\"Arquimaster\" \/>\n\t<meta name=\"twitter:label2\" content=\"Tiempo de lectura\" \/>\n\t<meta name=\"twitter:data2\" content=\"3 minutos\" \/>\n<script type=\"application\/ld+json\" class=\"yoast-schema-graph\">{\"@context\":\"https:\\\/\\\/schema.org\",\"@graph\":[{\"@type\":\"Article\",\"@id\":\"https:\\\/\\\/www.arquimaster.com.ar\\\/web\\\/casa-manak-di-frenna-arquitectos\\\/#article\",\"isPartOf\":{\"@id\":\"https:\\\/\\\/www.arquimaster.com.ar\\\/web\\\/casa-manak-di-frenna-arquitectos\\\/\"},\"author\":{\"name\":\"Arquimaster\",\"@id\":\"https:\\\/\\\/www.arquimaster.com.ar\\\/web\\\/#\\\/schema\\\/person\\\/359e9f7c00193fcde068e0dd2ceb0028\"},\"headline\":\"Casa Manak \\\/ Di Frenna Arquitectos\",\"datePublished\":\"2025-06-18T21:35:33+00:00\",\"dateModified\":\"2025-07-23T18:20:53+00:00\",\"mainEntityOfPage\":{\"@id\":\"https:\\\/\\\/www.arquimaster.com.ar\\\/web\\\/casa-manak-di-frenna-arquitectos\\\/\"},\"wordCount\":597,\"publisher\":{\"@id\":\"https:\\\/\\\/www.arquimaster.com.ar\\\/web\\\/#organization\"},\"image\":{\"@id\":\"https:\\\/\\\/www.arquimaster.com.ar\\\/web\\\/casa-manak-di-frenna-arquitectos\\\/#primaryimage\"},\"thumbnailUrl\":\"https:\\\/\\\/www.arquimaster.com.ar\\\/web\\\/wp-content\\\/uploads\\\/2025\\\/06\\\/casa_manak_slide.jpg\",\"keywords\":[\"Altozano\",\"arquitectura residencial\",\"Colima\",\"Cuauhtemoc\",\"Di Frenna Arquitectos\",\"Matia Di Frenna M\u00fcller\",\"Mexico\",\"vivienda unifamiliar\"],\"articleSection\":[\"Proyecto\",\"Vivienda unifamiliar y PH\"],\"inLanguage\":\"es\"},{\"@type\":\"WebPage\",\"@id\":\"https:\\\/\\\/www.arquimaster.com.ar\\\/web\\\/casa-manak-di-frenna-arquitectos\\\/\",\"url\":\"https:\\\/\\\/www.arquimaster.com.ar\\\/web\\\/casa-manak-di-frenna-arquitectos\\\/\",\"name\":\"Casa Manak \\\/ Di Frenna Arquitectos - Arquimaster\",\"isPartOf\":{\"@id\":\"https:\\\/\\\/www.arquimaster.com.ar\\\/web\\\/#website\"},\"primaryImageOfPage\":{\"@id\":\"https:\\\/\\\/www.arquimaster.com.ar\\\/web\\\/casa-manak-di-frenna-arquitectos\\\/#primaryimage\"},\"image\":{\"@id\":\"https:\\\/\\\/www.arquimaster.com.ar\\\/web\\\/casa-manak-di-frenna-arquitectos\\\/#primaryimage\"},\"thumbnailUrl\":\"https:\\\/\\\/www.arquimaster.com.ar\\\/web\\\/wp-content\\\/uploads\\\/2025\\\/06\\\/casa_manak_slide.jpg\",\"datePublished\":\"2025-06-18T21:35:33+00:00\",\"dateModified\":\"2025-07-23T18:20:53+00:00\",\"description\":\"El proyecto nace con la intenci\u00f3n de fundirse con su contexto, abrazar la naturaleza y dejarse penetrar por ella.\",\"breadcrumb\":{\"@id\":\"https:\\\/\\\/www.arquimaster.com.ar\\\/web\\\/casa-manak-di-frenna-arquitectos\\\/#breadcrumb\"},\"inLanguage\":\"es\",\"potentialAction\":[{\"@type\":\"ReadAction\",\"target\":[\"https:\\\/\\\/www.arquimaster.com.ar\\\/web\\\/casa-manak-di-frenna-arquitectos\\\/\"]}]},{\"@type\":\"ImageObject\",\"inLanguage\":\"es\",\"@id\":\"https:\\\/\\\/www.arquimaster.com.ar\\\/web\\\/casa-manak-di-frenna-arquitectos\\\/#primaryimage\",\"url\":\"https:\\\/\\\/www.arquimaster.com.ar\\\/web\\\/wp-content\\\/uploads\\\/2025\\\/06\\\/casa_manak_slide.jpg\",\"contentUrl\":\"https:\\\/\\\/www.arquimaster.com.ar\\\/web\\\/wp-content\\\/uploads\\\/2025\\\/06\\\/casa_manak_slide.jpg\",\"width\":698,\"height\":364,\"caption\":\"Casa Manak \\\/ Di Frenna Arquitectos\"},{\"@type\":\"BreadcrumbList\",\"@id\":\"https:\\\/\\\/www.arquimaster.com.ar\\\/web\\\/casa-manak-di-frenna-arquitectos\\\/#breadcrumb\",\"itemListElement\":[{\"@type\":\"ListItem\",\"position\":1,\"name\":\"Portada\",\"item\":\"https:\\\/\\\/www.arquimaster.com.ar\\\/web\\\/\"},{\"@type\":\"ListItem\",\"position\":2,\"name\":\"Casa Manak \\\/ Di Frenna Arquitectos\"}]},{\"@type\":\"WebSite\",\"@id\":\"https:\\\/\\\/www.arquimaster.com.ar\\\/web\\\/#website\",\"url\":\"https:\\\/\\\/www.arquimaster.com.ar\\\/web\\\/\",\"name\":\"Arquimaster\",\"description\":\"Web de arquitectura, dise\u00f1o y construccion\",\"publisher\":{\"@id\":\"https:\\\/\\\/www.arquimaster.com.ar\\\/web\\\/#organization\"},\"potentialAction\":[{\"@type\":\"SearchAction\",\"target\":{\"@type\":\"EntryPoint\",\"urlTemplate\":\"https:\\\/\\\/www.arquimaster.com.ar\\\/web\\\/?s={search_term_string}\"},\"query-input\":{\"@type\":\"PropertyValueSpecification\",\"valueRequired\":true,\"valueName\":\"search_term_string\"}}],\"inLanguage\":\"es\"},{\"@type\":\"Organization\",\"@id\":\"https:\\\/\\\/www.arquimaster.com.ar\\\/web\\\/#organization\",\"name\":\"Arquimaster\",\"url\":\"https:\\\/\\\/www.arquimaster.com.ar\\\/web\\\/\",\"logo\":{\"@type\":\"ImageObject\",\"inLanguage\":\"es\",\"@id\":\"https:\\\/\\\/www.arquimaster.com.ar\\\/web\\\/#\\\/schema\\\/logo\\\/image\\\/\",\"url\":\"https:\\\/\\\/www.arquimaster.com.ar\\\/web\\\/wp-content\\\/uploads\\\/2022\\\/06\\\/arquimaster.png\",\"contentUrl\":\"https:\\\/\\\/www.arquimaster.com.ar\\\/web\\\/wp-content\\\/uploads\\\/2022\\\/06\\\/arquimaster.png\",\"width\":594,\"height\":78,\"caption\":\"Arquimaster\"},\"image\":{\"@id\":\"https:\\\/\\\/www.arquimaster.com.ar\\\/web\\\/#\\\/schema\\\/logo\\\/image\\\/\"},\"sameAs\":[\"http:\\\/\\\/www.facebook.com\\\/ARQUIMASTER.com.ar\",\"https:\\\/\\\/x.com\\\/arquimaster\",\"https:\\\/\\\/www.instagram.com\\\/arquimasterblog\\\/\",\"https:\\\/\\\/www.linkedin.com\\\/company\\\/arquimaster\",\"https:\\\/\\\/www.pinterest.com\\\/arquimaster\",\"https:\\\/\\\/t.me\\\/arquimaster\"]},{\"@type\":\"Person\",\"@id\":\"https:\\\/\\\/www.arquimaster.com.ar\\\/web\\\/#\\\/schema\\\/person\\\/359e9f7c00193fcde068e0dd2ceb0028\",\"name\":\"Arquimaster\"}]}<\/script>\n<!-- \/ Yoast SEO plugin. -->","yoast_head_json":{"title":"Casa Manak \/ Di Frenna Arquitectos - Arquimaster","description":"El proyecto nace con la intenci\u00f3n de fundirse con su contexto, abrazar la naturaleza y dejarse penetrar por ella.","robots":{"index":"index","follow":"follow","max-snippet":"max-snippet:-1","max-image-preview":"max-image-preview:large","max-video-preview":"max-video-preview:-1"},"canonical":"https:\/\/www.arquimaster.com.ar\/web\/casa-manak-di-frenna-arquitectos\/","og_locale":"es_ES","og_type":"article","og_title":"Casa Manak \/ Di Frenna Arquitectos","og_description":"El proyecto nace con la intenci\u00f3n de fundirse con su contexto, abrazar la naturaleza y dejarse penetrar por ella.","og_url":"https:\/\/www.arquimaster.com.ar\/web\/casa-manak-di-frenna-arquitectos\/","og_site_name":"Arquimaster","article_publisher":"http:\/\/www.facebook.com\/ARQUIMASTER.com.ar","article_published_time":"2025-06-18T21:35:33+00:00","article_modified_time":"2025-07-23T18:20:53+00:00","og_image":[{"width":698,"height":364,"url":"https:\/\/www.arquimaster.com.ar\/web\/wp-content\/uploads\/2025\/06\/casa_manak_slide.jpg","type":"image\/jpeg"}],"author":"Arquimaster","twitter_card":"summary_large_image","twitter_title":"Casa Manak \/ Di Frenna Arquitectos","twitter_description":"El proyecto nace con la intenci\u00f3n de fundirse con su contexto, abrazar la naturaleza y dejarse penetrar por ella.","twitter_image":"https:\/\/www.arquimaster.com.ar\/web\/wp-content\/uploads\/2025\/06\/casa_manak_slide.jpg","twitter_creator":"@arquimaster","twitter_site":"@arquimaster","twitter_misc":{"Escrito por":"Arquimaster","Tiempo de lectura":"3 minutos"},"schema":{"@context":"https:\/\/schema.org","@graph":[{"@type":"Article","@id":"https:\/\/www.arquimaster.com.ar\/web\/casa-manak-di-frenna-arquitectos\/#article","isPartOf":{"@id":"https:\/\/www.arquimaster.com.ar\/web\/casa-manak-di-frenna-arquitectos\/"},"author":{"name":"Arquimaster","@id":"https:\/\/www.arquimaster.com.ar\/web\/#\/schema\/person\/359e9f7c00193fcde068e0dd2ceb0028"},"headline":"Casa Manak \/ Di Frenna Arquitectos","datePublished":"2025-06-18T21:35:33+00:00","dateModified":"2025-07-23T18:20:53+00:00","mainEntityOfPage":{"@id":"https:\/\/www.arquimaster.com.ar\/web\/casa-manak-di-frenna-arquitectos\/"},"wordCount":597,"publisher":{"@id":"https:\/\/www.arquimaster.com.ar\/web\/#organization"},"image":{"@id":"https:\/\/www.arquimaster.com.ar\/web\/casa-manak-di-frenna-arquitectos\/#primaryimage"},"thumbnailUrl":"https:\/\/www.arquimaster.com.ar\/web\/wp-content\/uploads\/2025\/06\/casa_manak_slide.jpg","keywords":["Altozano","arquitectura residencial","Colima","Cuauhtemoc","Di Frenna Arquitectos","Matia Di Frenna M\u00fcller","Mexico","vivienda unifamiliar"],"articleSection":["Proyecto","Vivienda unifamiliar y PH"],"inLanguage":"es"},{"@type":"WebPage","@id":"https:\/\/www.arquimaster.com.ar\/web\/casa-manak-di-frenna-arquitectos\/","url":"https:\/\/www.arquimaster.com.ar\/web\/casa-manak-di-frenna-arquitectos\/","name":"Casa Manak \/ Di Frenna Arquitectos - Arquimaster","isPartOf":{"@id":"https:\/\/www.arquimaster.com.ar\/web\/#website"},"primaryImageOfPage":{"@id":"https:\/\/www.arquimaster.com.ar\/web\/casa-manak-di-frenna-arquitectos\/#primaryimage"},"image":{"@id":"https:\/\/www.arquimaster.com.ar\/web\/casa-manak-di-frenna-arquitectos\/#primaryimage"},"thumbnailUrl":"https:\/\/www.arquimaster.com.ar\/web\/wp-content\/uploads\/2025\/06\/casa_manak_slide.jpg","datePublished":"2025-06-18T21:35:33+00:00","dateModified":"2025-07-23T18:20:53+00:00","description":"El proyecto nace con la intenci\u00f3n de fundirse con su contexto, abrazar la naturaleza y dejarse penetrar por ella.","breadcrumb":{"@id":"https:\/\/www.arquimaster.com.ar\/web\/casa-manak-di-frenna-arquitectos\/#breadcrumb"},"inLanguage":"es","potentialAction":[{"@type":"ReadAction","target":["https:\/\/www.arquimaster.com.ar\/web\/casa-manak-di-frenna-arquitectos\/"]}]},{"@type":"ImageObject","inLanguage":"es","@id":"https:\/\/www.arquimaster.com.ar\/web\/casa-manak-di-frenna-arquitectos\/#primaryimage","url":"https:\/\/www.arquimaster.com.ar\/web\/wp-content\/uploads\/2025\/06\/casa_manak_slide.jpg","contentUrl":"https:\/\/www.arquimaster.com.ar\/web\/wp-content\/uploads\/2025\/06\/casa_manak_slide.jpg","width":698,"height":364,"caption":"Casa Manak \/ Di Frenna Arquitectos"},{"@type":"BreadcrumbList","@id":"https:\/\/www.arquimaster.com.ar\/web\/casa-manak-di-frenna-arquitectos\/#breadcrumb","itemListElement":[{"@type":"ListItem","position":1,"name":"Portada","item":"https:\/\/www.arquimaster.com.ar\/web\/"},{"@type":"ListItem","position":2,"name":"Casa Manak \/ Di Frenna Arquitectos"}]},{"@type":"WebSite","@id":"https:\/\/www.arquimaster.com.ar\/web\/#website","url":"https:\/\/www.arquimaster.com.ar\/web\/","name":"Arquimaster","description":"Web de arquitectura, dise\u00f1o y construccion","publisher":{"@id":"https:\/\/www.arquimaster.com.ar\/web\/#organization"},"potentialAction":[{"@type":"SearchAction","target":{"@type":"EntryPoint","urlTemplate":"https:\/\/www.arquimaster.com.ar\/web\/?s={search_term_string}"},"query-input":{"@type":"PropertyValueSpecification","valueRequired":true,"valueName":"search_term_string"}}],"inLanguage":"es"},{"@type":"Organization","@id":"https:\/\/www.arquimaster.com.ar\/web\/#organization","name":"Arquimaster","url":"https:\/\/www.arquimaster.com.ar\/web\/","logo":{"@type":"ImageObject","inLanguage":"es","@id":"https:\/\/www.arquimaster.com.ar\/web\/#\/schema\/logo\/image\/","url":"https:\/\/www.arquimaster.com.ar\/web\/wp-content\/uploads\/2022\/06\/arquimaster.png","contentUrl":"https:\/\/www.arquimaster.com.ar\/web\/wp-content\/uploads\/2022\/06\/arquimaster.png","width":594,"height":78,"caption":"Arquimaster"},"image":{"@id":"https:\/\/www.arquimaster.com.ar\/web\/#\/schema\/logo\/image\/"},"sameAs":["http:\/\/www.facebook.com\/ARQUIMASTER.com.ar","https:\/\/x.com\/arquimaster","https:\/\/www.instagram.com\/arquimasterblog\/","https:\/\/www.linkedin.com\/company\/arquimaster","https:\/\/www.pinterest.com\/arquimaster","https:\/\/t.me\/arquimaster"]},{"@type":"Person","@id":"https:\/\/www.arquimaster.com.ar\/web\/#\/schema\/person\/359e9f7c00193fcde068e0dd2ceb0028","name":"Arquimaster"}]}},"uagb_featured_image_src":{"full":["https:\/\/www.arquimaster.com.ar\/web\/wp-content\/uploads\/2025\/06\/casa_manak_slide.jpg",698,364,false],"thumbnail":["https:\/\/www.arquimaster.com.ar\/web\/wp-content\/uploads\/2025\/06\/casa_manak_slide-150x150.jpg",150,150,true],"medium":["https:\/\/www.arquimaster.com.ar\/web\/wp-content\/uploads\/2025\/06\/casa_manak_slide.jpg",698,364,false],"medium_large":["https:\/\/www.arquimaster.com.ar\/web\/wp-content\/uploads\/2025\/06\/casa_manak_slide.jpg",698,364,false],"large":["https:\/\/www.arquimaster.com.ar\/web\/wp-content\/uploads\/2025\/06\/casa_manak_slide.jpg",698,364,false],"1536x1536":["https:\/\/www.arquimaster.com.ar\/web\/wp-content\/uploads\/2025\/06\/casa_manak_slide.jpg",698,364,false],"2048x2048":["https:\/\/www.arquimaster.com.ar\/web\/wp-content\/uploads\/2025\/06\/casa_manak_slide.jpg",698,364,false]},"uagb_author_info":{"display_name":"Arquimaster","author_link":"https:\/\/www.arquimaster.com.ar\/web\/author\/arquimaster\/"},"uagb_comment_info":0,"uagb_excerpt":"El proyecto nace con la intenci\u00f3n de fundirse con su contexto...","_links":{"self":[{"href":"https:\/\/www.arquimaster.com.ar\/web\/wp-json\/wp\/v2\/posts\/84739","targetHints":{"allow":["GET"]}}],"collection":[{"href":"https:\/\/www.arquimaster.com.ar\/web\/wp-json\/wp\/v2\/posts"}],"about":[{"href":"https:\/\/www.arquimaster.com.ar\/web\/wp-json\/wp\/v2\/types\/post"}],"author":[{"embeddable":true,"href":"https:\/\/www.arquimaster.com.ar\/web\/wp-json\/wp\/v2\/users\/1"}],"replies":[{"embeddable":true,"href":"https:\/\/www.arquimaster.com.ar\/web\/wp-json\/wp\/v2\/comments?post=84739"}],"version-history":[{"count":2,"href":"https:\/\/www.arquimaster.com.ar\/web\/wp-json\/wp\/v2\/posts\/84739\/revisions"}],"predecessor-version":[{"id":84975,"href":"https:\/\/www.arquimaster.com.ar\/web\/wp-json\/wp\/v2\/posts\/84739\/revisions\/84975"}],"wp:featuredmedia":[{"embeddable":true,"href":"https:\/\/www.arquimaster.com.ar\/web\/wp-json\/wp\/v2\/media\/84740"}],"wp:attachment":[{"href":"https:\/\/www.arquimaster.com.ar\/web\/wp-json\/wp\/v2\/media?parent=84739"}],"wp:term":[{"taxonomy":"category","embeddable":true,"href":"https:\/\/www.arquimaster.com.ar\/web\/wp-json\/wp\/v2\/categories?post=84739"},{"taxonomy":"post_tag","embeddable":true,"href":"https:\/\/www.arquimaster.com.ar\/web\/wp-json\/wp\/v2\/tags?post=84739"}],"curies":[{"name":"wp","href":"https:\/\/api.w.org\/{rel}","templated":true}]}}