{"id":84833,"date":"2025-06-25T14:45:57","date_gmt":"2025-06-25T17:45:57","guid":{"rendered":"https:\/\/www.arquimaster.com.ar\/web\/?p=84833"},"modified":"2025-07-02T18:00:25","modified_gmt":"2025-07-02T21:00:25","slug":"edificio-de-viviendas-ch-28-concepto-taller-de-arquitectura","status":"publish","type":"post","link":"https:\/\/www.arquimaster.com.ar\/web\/edificio-de-viviendas-ch-28-concepto-taller-de-arquitectura\/","title":{"rendered":"Edificio de viviendas CH 28 \/ Concepto Taller de Arquitectura"},"content":{"rendered":"<div style=\"margin-top: 0px; margin-bottom: 0px;\" class=\"sharethis-inline-share-buttons\" ><\/div><div class=\"b812932af2e751442846f039925109de\" data-index=\"1\" style=\"float: none; margin:25px 0 25px 0; text-align:center;\">\n<script async src=\"https:\/\/pagead2.googlesyndication.com\/pagead\/js\/adsbygoogle.js\"><\/script>\r\n<!-- Arquimaster (superior) -->\r\n<ins class=\"adsbygoogle\"\r\n     style=\"display:block\"\r\n     data-ad-client=\"ca-pub-6351072698456832\"\r\n     data-ad-slot=\"6455489680\"\r\n     data-ad-format=\"auto\"\r\n     data-full-width-responsive=\"true\"><\/ins>\r\n<script>\r\n     (adsbygoogle = window.adsbygoogle || []).push({});\r\n<\/script>\n<\/div>\n<p><strong>Edificio de viviendas CH 28<\/strong> (Ciudad de M\u00e9xico, M\u00e9xico) por <strong>Concepto Taller de Arquitectura<\/strong>. CH 28 es un edificio habitacional situado en la Ciudad de M\u00e9xico, en una zona en constante auge urbano y cultural. Este barrio, conocido por su riqueza arquitect\u00f3nica, su vida peatonal y su crecimiento sostenido, se ha convertido en un punto clave para el desarrollo habitacional contempor\u00e1neo.<\/p>\n<div id='gallery-1' class='gallery galleryid-84833 gallery-columns-3 gallery-size-thumbnail'><figure class='gallery-item'>\n\t\t\t<div class='gallery-icon landscape'>\n\t\t\t\t<a href='https:\/\/www.arquimaster.com.ar\/web\/wp-content\/uploads\/2025\/06\/ch_28_1.jpg' title=\"Edificio de viviendas CH 28 \/ Concepto Taller de Arquitectura (\u00a9 Jaime Navarro)\" data-rl_title=\"Edificio de viviendas CH 28 \/ Concepto Taller de Arquitectura (\u00a9 Jaime Navarro)\" class=\"rl-gallery-link\" data-rl_caption=\"Edificio de viviendas CH 28 \/ Concepto Taller de Arquitectura (\u00a9 Jaime Navarro)\" data-rel=\"lightbox-gallery-1\"><img loading=\"lazy\" decoding=\"async\" width=\"150\" height=\"150\" src=\"https:\/\/www.arquimaster.com.ar\/web\/wp-content\/uploads\/2025\/06\/ch_28_1-150x150.jpg\" class=\"attachment-thumbnail size-thumbnail\" alt=\"Edificio de viviendas CH 28 \/ Concepto Taller de Arquitectura\" aria-describedby=\"gallery-1-84835\" \/><\/a>\n\t\t\t<\/div>\n\t\t\t\t<figcaption class='wp-caption-text gallery-caption' id='gallery-1-84835'>\n\t\t\t\tEdificio de viviendas CH 28 \/ Concepto Taller de Arquitectura (\u00a9 Jaime Navarro)\n\t\t\t\t<\/figcaption><\/figure><figure class='gallery-item'>\n\t\t\t<div class='gallery-icon landscape'>\n\t\t\t\t<a href='https:\/\/www.arquimaster.com.ar\/web\/wp-content\/uploads\/2025\/06\/ch_28_2.jpg' title=\"Edificio de viviendas CH 28 \/ Concepto Taller de Arquitectura (\u00a9 Jaime Navarro)\" data-rl_title=\"Edificio de viviendas CH 28 \/ Concepto Taller de Arquitectura (\u00a9 Jaime Navarro)\" class=\"rl-gallery-link\" data-rl_caption=\"Edificio de viviendas CH 28 \/ Concepto Taller de Arquitectura (\u00a9 Jaime Navarro)\" data-rel=\"lightbox-gallery-1\"><img loading=\"lazy\" decoding=\"async\" width=\"150\" height=\"150\" src=\"https:\/\/www.arquimaster.com.ar\/web\/wp-content\/uploads\/2025\/06\/ch_28_2-150x150.jpg\" class=\"attachment-thumbnail size-thumbnail\" alt=\"Edificio de viviendas CH 28 \/ Concepto Taller de Arquitectura\" aria-describedby=\"gallery-1-84836\" \/><\/a>\n\t\t\t<\/div>\n\t\t\t\t<figcaption class='wp-caption-text gallery-caption' id='gallery-1-84836'>\n\t\t\t\tEdificio de viviendas CH 28 \/ Concepto Taller de Arquitectura (\u00a9 Jaime Navarro)\n\t\t\t\t<\/figcaption><\/figure><figure class='gallery-item'>\n\t\t\t<div class='gallery-icon landscape'>\n\t\t\t\t<a href='https:\/\/www.arquimaster.com.ar\/web\/wp-content\/uploads\/2025\/06\/ch_28_3.jpg' title=\"Edificio de viviendas CH 28 \/ Concepto Taller de Arquitectura (\u00a9 Jaime Navarro)\" data-rl_title=\"Edificio de viviendas CH 28 \/ Concepto Taller de Arquitectura (\u00a9 Jaime Navarro)\" class=\"rl-gallery-link\" data-rl_caption=\"Edificio de viviendas CH 28 \/ Concepto Taller de Arquitectura (\u00a9 Jaime Navarro)\" data-rel=\"lightbox-gallery-1\"><img loading=\"lazy\" decoding=\"async\" width=\"150\" height=\"150\" src=\"https:\/\/www.arquimaster.com.ar\/web\/wp-content\/uploads\/2025\/06\/ch_28_3-150x150.jpg\" class=\"attachment-thumbnail size-thumbnail\" alt=\"Edificio de viviendas CH 28 \/ Concepto Taller de Arquitectura\" aria-describedby=\"gallery-1-84837\" \/><\/a>\n\t\t\t<\/div>\n\t\t\t\t<figcaption class='wp-caption-text gallery-caption' id='gallery-1-84837'>\n\t\t\t\tEdificio de viviendas CH 28 \/ Concepto Taller de Arquitectura (\u00a9 Jaime Navarro)\n\t\t\t\t<\/figcaption><\/figure><figure class='gallery-item'>\n\t\t\t<div class='gallery-icon portrait'>\n\t\t\t\t<a href='https:\/\/www.arquimaster.com.ar\/web\/wp-content\/uploads\/2025\/06\/ch_28_4.jpg' title=\"Edificio de viviendas CH 28 \/ Concepto Taller de Arquitectura (\u00a9 Jaime Navarro)\" data-rl_title=\"Edificio de viviendas CH 28 \/ Concepto Taller de Arquitectura (\u00a9 Jaime Navarro)\" class=\"rl-gallery-link\" data-rl_caption=\"Edificio de viviendas CH 28 \/ Concepto Taller de Arquitectura (\u00a9 Jaime Navarro)\" data-rel=\"lightbox-gallery-1\"><img loading=\"lazy\" decoding=\"async\" width=\"150\" height=\"150\" src=\"https:\/\/www.arquimaster.com.ar\/web\/wp-content\/uploads\/2025\/06\/ch_28_4-150x150.jpg\" class=\"attachment-thumbnail size-thumbnail\" alt=\"Edificio de viviendas CH 28 \/ Concepto Taller de Arquitectura\" aria-describedby=\"gallery-1-84838\" \/><\/a>\n\t\t\t<\/div>\n\t\t\t\t<figcaption class='wp-caption-text gallery-caption' id='gallery-1-84838'>\n\t\t\t\tEdificio de viviendas CH 28 \/ Concepto Taller de Arquitectura (\u00a9 Jaime Navarro)\n\t\t\t\t<\/figcaption><\/figure><figure class='gallery-item'>\n\t\t\t<div class='gallery-icon landscape'>\n\t\t\t\t<a href='https:\/\/www.arquimaster.com.ar\/web\/wp-content\/uploads\/2025\/06\/ch_28_5.jpg' title=\"Edificio de viviendas CH 28 \/ Concepto Taller de Arquitectura (\u00a9 Jaime Navarro)\" data-rl_title=\"Edificio de viviendas CH 28 \/ Concepto Taller de Arquitectura (\u00a9 Jaime Navarro)\" class=\"rl-gallery-link\" data-rl_caption=\"Edificio de viviendas CH 28 \/ Concepto Taller de Arquitectura (\u00a9 Jaime Navarro)\" data-rel=\"lightbox-gallery-1\"><img loading=\"lazy\" decoding=\"async\" width=\"150\" height=\"150\" src=\"https:\/\/www.arquimaster.com.ar\/web\/wp-content\/uploads\/2025\/06\/ch_28_5-150x150.jpg\" class=\"attachment-thumbnail size-thumbnail\" alt=\"Edificio de viviendas CH 28 \/ Concepto Taller de Arquitectura\" aria-describedby=\"gallery-1-84839\" \/><\/a>\n\t\t\t<\/div>\n\t\t\t\t<figcaption class='wp-caption-text gallery-caption' id='gallery-1-84839'>\n\t\t\t\tEdificio de viviendas CH 28 \/ Concepto Taller de Arquitectura (\u00a9 Jaime Navarro)\n\t\t\t\t<\/figcaption><\/figure><figure class='gallery-item'>\n\t\t\t<div class='gallery-icon landscape'>\n\t\t\t\t<a href='https:\/\/www.arquimaster.com.ar\/web\/wp-content\/uploads\/2025\/06\/ch_28_6.jpg' title=\"Edificio de viviendas CH 28 \/ Concepto Taller de Arquitectura (\u00a9 Jaime Navarro)\" data-rl_title=\"Edificio de viviendas CH 28 \/ Concepto Taller de Arquitectura (\u00a9 Jaime Navarro)\" class=\"rl-gallery-link\" data-rl_caption=\"Edificio de viviendas CH 28 \/ Concepto Taller de Arquitectura (\u00a9 Jaime Navarro)\" data-rel=\"lightbox-gallery-1\"><img loading=\"lazy\" decoding=\"async\" width=\"150\" height=\"150\" src=\"https:\/\/www.arquimaster.com.ar\/web\/wp-content\/uploads\/2025\/06\/ch_28_6-150x150.jpg\" class=\"attachment-thumbnail size-thumbnail\" alt=\"Edificio de viviendas CH 28 \/ Concepto Taller de Arquitectura\" aria-describedby=\"gallery-1-84840\" \/><\/a>\n\t\t\t<\/div>\n\t\t\t\t<figcaption class='wp-caption-text gallery-caption' id='gallery-1-84840'>\n\t\t\t\tEdificio de viviendas CH 28 \/ Concepto Taller de Arquitectura (\u00a9 Jaime Navarro)\n\t\t\t\t<\/figcaption><\/figure><figure class='gallery-item'>\n\t\t\t<div class='gallery-icon portrait'>\n\t\t\t\t<a href='https:\/\/www.arquimaster.com.ar\/web\/wp-content\/uploads\/2025\/06\/ch_28_7.jpg' title=\"Edificio de viviendas CH 28 \/ Concepto Taller de Arquitectura (\u00a9 Jaime Navarro)\" data-rl_title=\"Edificio de viviendas CH 28 \/ Concepto Taller de Arquitectura (\u00a9 Jaime Navarro)\" class=\"rl-gallery-link\" data-rl_caption=\"Edificio de viviendas CH 28 \/ Concepto Taller de Arquitectura (\u00a9 Jaime Navarro)\" data-rel=\"lightbox-gallery-1\"><img loading=\"lazy\" decoding=\"async\" width=\"150\" height=\"150\" src=\"https:\/\/www.arquimaster.com.ar\/web\/wp-content\/uploads\/2025\/06\/ch_28_7-150x150.jpg\" class=\"attachment-thumbnail size-thumbnail\" alt=\"Edificio de viviendas CH 28 \/ Concepto Taller de Arquitectura\" aria-describedby=\"gallery-1-84841\" \/><\/a>\n\t\t\t<\/div>\n\t\t\t\t<figcaption class='wp-caption-text gallery-caption' id='gallery-1-84841'>\n\t\t\t\tEdificio de viviendas CH 28 \/ Concepto Taller de Arquitectura (\u00a9 Jaime Navarro)\n\t\t\t\t<\/figcaption><\/figure><figure class='gallery-item'>\n\t\t\t<div class='gallery-icon landscape'>\n\t\t\t\t<a href='https:\/\/www.arquimaster.com.ar\/web\/wp-content\/uploads\/2025\/06\/ch_28_8.jpg' title=\"Edificio de viviendas CH 28 \/ Concepto Taller de Arquitectura (\u00a9 Jaime Navarro)\" data-rl_title=\"Edificio de viviendas CH 28 \/ Concepto Taller de Arquitectura (\u00a9 Jaime Navarro)\" class=\"rl-gallery-link\" data-rl_caption=\"Edificio de viviendas CH 28 \/ Concepto Taller de Arquitectura (\u00a9 Jaime Navarro)\" data-rel=\"lightbox-gallery-1\"><img loading=\"lazy\" decoding=\"async\" width=\"150\" height=\"150\" src=\"https:\/\/www.arquimaster.com.ar\/web\/wp-content\/uploads\/2025\/06\/ch_28_8-150x150.jpg\" class=\"attachment-thumbnail size-thumbnail\" alt=\"Edificio de viviendas CH 28 \/ Concepto Taller de Arquitectura\" aria-describedby=\"gallery-1-84842\" \/><\/a>\n\t\t\t<\/div>\n\t\t\t\t<figcaption class='wp-caption-text gallery-caption' id='gallery-1-84842'>\n\t\t\t\tEdificio de viviendas CH 28 \/ Concepto Taller de Arquitectura (\u00a9 Jaime Navarro)\n\t\t\t\t<\/figcaption><\/figure><figure class='gallery-item'>\n\t\t\t<div class='gallery-icon portrait'>\n\t\t\t\t<a href='https:\/\/www.arquimaster.com.ar\/web\/wp-content\/uploads\/2025\/06\/ch_28_9.jpg' title=\"Edificio de viviendas CH 28 \/ Concepto Taller de Arquitectura (\u00a9 Jaime Navarro)\" data-rl_title=\"Edificio de viviendas CH 28 \/ Concepto Taller de Arquitectura (\u00a9 Jaime Navarro)\" class=\"rl-gallery-link\" data-rl_caption=\"Edificio de viviendas CH 28 \/ Concepto Taller de Arquitectura (\u00a9 Jaime Navarro)\" data-rel=\"lightbox-gallery-1\"><img loading=\"lazy\" decoding=\"async\" width=\"150\" height=\"150\" src=\"https:\/\/www.arquimaster.com.ar\/web\/wp-content\/uploads\/2025\/06\/ch_28_9-150x150.jpg\" class=\"attachment-thumbnail size-thumbnail\" alt=\"Edificio de viviendas CH 28 \/ Concepto Taller de Arquitectura\" aria-describedby=\"gallery-1-84843\" \/><\/a>\n\t\t\t<\/div>\n\t\t\t\t<figcaption class='wp-caption-text gallery-caption' id='gallery-1-84843'>\n\t\t\t\tEdificio de viviendas CH 28 \/ Concepto Taller de Arquitectura (\u00a9 Jaime Navarro)\n\t\t\t\t<\/figcaption><\/figure><figure class='gallery-item'>\n\t\t\t<div class='gallery-icon landscape'>\n\t\t\t\t<a href='https:\/\/www.arquimaster.com.ar\/web\/wp-content\/uploads\/2025\/06\/ch_28_10.jpg' title=\"Edificio de viviendas CH 28 \/ Concepto Taller de Arquitectura (\u00a9 Jaime Navarro)\" data-rl_title=\"Edificio de viviendas CH 28 \/ Concepto Taller de Arquitectura (\u00a9 Jaime Navarro)\" class=\"rl-gallery-link\" data-rl_caption=\"Edificio de viviendas CH 28 \/ Concepto Taller de Arquitectura (\u00a9 Jaime Navarro)\" data-rel=\"lightbox-gallery-1\"><img loading=\"lazy\" decoding=\"async\" width=\"150\" height=\"150\" src=\"https:\/\/www.arquimaster.com.ar\/web\/wp-content\/uploads\/2025\/06\/ch_28_10-150x150.jpg\" class=\"attachment-thumbnail size-thumbnail\" alt=\"Edificio de viviendas CH 28 \/ Concepto Taller de Arquitectura\" aria-describedby=\"gallery-1-84844\" \/><\/a>\n\t\t\t<\/div>\n\t\t\t\t<figcaption class='wp-caption-text gallery-caption' id='gallery-1-84844'>\n\t\t\t\tEdificio de viviendas CH 28 \/ Concepto Taller de Arquitectura (\u00a9 Jaime Navarro)\n\t\t\t\t<\/figcaption><\/figure><figure class='gallery-item'>\n\t\t\t<div class='gallery-icon landscape'>\n\t\t\t\t<a href='https:\/\/www.arquimaster.com.ar\/web\/wp-content\/uploads\/2025\/06\/ch_28_11.jpg' title=\"Edificio de viviendas CH 28 \/ Concepto Taller de Arquitectura (\u00a9 Jaime Navarro)\" data-rl_title=\"Edificio de viviendas CH 28 \/ Concepto Taller de Arquitectura (\u00a9 Jaime Navarro)\" class=\"rl-gallery-link\" data-rl_caption=\"Edificio de viviendas CH 28 \/ Concepto Taller de Arquitectura (\u00a9 Jaime Navarro)\" data-rel=\"lightbox-gallery-1\"><img loading=\"lazy\" decoding=\"async\" width=\"150\" height=\"150\" src=\"https:\/\/www.arquimaster.com.ar\/web\/wp-content\/uploads\/2025\/06\/ch_28_11-150x150.jpg\" class=\"attachment-thumbnail size-thumbnail\" alt=\"Edificio de viviendas CH 28 \/ Concepto Taller de Arquitectura\" aria-describedby=\"gallery-1-84845\" \/><\/a>\n\t\t\t<\/div>\n\t\t\t\t<figcaption class='wp-caption-text gallery-caption' id='gallery-1-84845'>\n\t\t\t\tEdificio de viviendas CH 28 \/ Concepto Taller de Arquitectura (\u00a9 Jaime Navarro)\n\t\t\t\t<\/figcaption><\/figure><figure class='gallery-item'>\n\t\t\t<div class='gallery-icon landscape'>\n\t\t\t\t<a href='https:\/\/www.arquimaster.com.ar\/web\/wp-content\/uploads\/2025\/06\/ch_28_12.jpg' title=\"Edificio de viviendas CH 28 \/ Concepto Taller de Arquitectura (\u00a9 Jaime Navarro)\" data-rl_title=\"Edificio de viviendas CH 28 \/ Concepto Taller de Arquitectura (\u00a9 Jaime Navarro)\" class=\"rl-gallery-link\" data-rl_caption=\"Edificio de viviendas CH 28 \/ Concepto Taller de Arquitectura (\u00a9 Jaime Navarro)\" data-rel=\"lightbox-gallery-1\"><img loading=\"lazy\" decoding=\"async\" width=\"150\" height=\"150\" src=\"https:\/\/www.arquimaster.com.ar\/web\/wp-content\/uploads\/2025\/06\/ch_28_12-150x150.jpg\" class=\"attachment-thumbnail size-thumbnail\" alt=\"Edificio de viviendas CH 28 \/ Concepto Taller de Arquitectura\" aria-describedby=\"gallery-1-84846\" \/><\/a>\n\t\t\t<\/div>\n\t\t\t\t<figcaption class='wp-caption-text gallery-caption' id='gallery-1-84846'>\n\t\t\t\tEdificio de viviendas CH 28 \/ Concepto Taller de Arquitectura (\u00a9 Jaime Navarro)\n\t\t\t\t<\/figcaption><\/figure><figure class='gallery-item'>\n\t\t\t<div class='gallery-icon portrait'>\n\t\t\t\t<a href='https:\/\/www.arquimaster.com.ar\/web\/wp-content\/uploads\/2025\/06\/ch_28_13.jpg' title=\"Edificio de viviendas CH 28 \/ Concepto Taller de Arquitectura (\u00a9 Jaime Navarro)\" data-rl_title=\"Edificio de viviendas CH 28 \/ Concepto Taller de Arquitectura (\u00a9 Jaime Navarro)\" class=\"rl-gallery-link\" data-rl_caption=\"Edificio de viviendas CH 28 \/ Concepto Taller de Arquitectura (\u00a9 Jaime Navarro)\" data-rel=\"lightbox-gallery-1\"><img loading=\"lazy\" decoding=\"async\" width=\"150\" height=\"150\" src=\"https:\/\/www.arquimaster.com.ar\/web\/wp-content\/uploads\/2025\/06\/ch_28_13-150x150.jpg\" class=\"attachment-thumbnail size-thumbnail\" alt=\"Edificio de viviendas CH 28 \/ Concepto Taller de Arquitectura\" aria-describedby=\"gallery-1-84847\" \/><\/a>\n\t\t\t<\/div>\n\t\t\t\t<figcaption class='wp-caption-text gallery-caption' id='gallery-1-84847'>\n\t\t\t\tEdificio de viviendas CH 28 \/ Concepto Taller de Arquitectura (\u00a9 Jaime Navarro)\n\t\t\t\t<\/figcaption><\/figure><figure class='gallery-item'>\n\t\t\t<div class='gallery-icon landscape'>\n\t\t\t\t<a href='https:\/\/www.arquimaster.com.ar\/web\/wp-content\/uploads\/2025\/06\/ch_28_14.jpg' title=\"Edificio de viviendas CH 28 \/ Concepto Taller de Arquitectura (planta baja)\" data-rl_title=\"Edificio de viviendas CH 28 \/ Concepto Taller de Arquitectura (planta baja)\" class=\"rl-gallery-link\" data-rl_caption=\"Edificio de viviendas CH 28 \/ Concepto Taller de Arquitectura (planta baja)\" data-rel=\"lightbox-gallery-1\"><img loading=\"lazy\" decoding=\"async\" width=\"150\" height=\"150\" src=\"https:\/\/www.arquimaster.com.ar\/web\/wp-content\/uploads\/2025\/06\/ch_28_14-150x150.jpg\" class=\"attachment-thumbnail size-thumbnail\" alt=\"Edificio de viviendas CH 28 \/ Concepto Taller de Arquitectura\" aria-describedby=\"gallery-1-84848\" \/><\/a>\n\t\t\t<\/div>\n\t\t\t\t<figcaption class='wp-caption-text gallery-caption' id='gallery-1-84848'>\n\t\t\t\tEdificio de viviendas CH 28 \/ Concepto Taller de Arquitectura (planta baja)\n\t\t\t\t<\/figcaption><\/figure><figure class='gallery-item'>\n\t\t\t<div class='gallery-icon landscape'>\n\t\t\t\t<a href='https:\/\/www.arquimaster.com.ar\/web\/wp-content\/uploads\/2025\/06\/ch_28_15.jpg' title=\"Edificio de viviendas CH 28 \/ Concepto Taller de Arquitectura (planta primer piso)\" data-rl_title=\"Edificio de viviendas CH 28 \/ Concepto Taller de Arquitectura (planta primer piso)\" class=\"rl-gallery-link\" data-rl_caption=\"Edificio de viviendas CH 28 \/ Concepto Taller de Arquitectura (planta primer piso)\" data-rel=\"lightbox-gallery-1\"><img loading=\"lazy\" decoding=\"async\" width=\"150\" height=\"150\" src=\"https:\/\/www.arquimaster.com.ar\/web\/wp-content\/uploads\/2025\/06\/ch_28_15-150x150.jpg\" class=\"attachment-thumbnail size-thumbnail\" alt=\"Edificio de viviendas CH 28 \/ Concepto Taller de Arquitectura\" aria-describedby=\"gallery-1-84849\" \/><\/a>\n\t\t\t<\/div>\n\t\t\t\t<figcaption class='wp-caption-text gallery-caption' id='gallery-1-84849'>\n\t\t\t\tEdificio de viviendas CH 28 \/ Concepto Taller de Arquitectura (planta primer piso)\n\t\t\t\t<\/figcaption><\/figure><figure class='gallery-item'>\n\t\t\t<div class='gallery-icon landscape'>\n\t\t\t\t<a href='https:\/\/www.arquimaster.com.ar\/web\/wp-content\/uploads\/2025\/06\/ch_28_16.jpg' title=\"Edificio de viviendas CH 28 \/ Concepto Taller de Arquitectura (planta segundo piso)\" data-rl_title=\"Edificio de viviendas CH 28 \/ Concepto Taller de Arquitectura (planta segundo piso)\" class=\"rl-gallery-link\" data-rl_caption=\"Edificio de viviendas CH 28 \/ Concepto Taller de Arquitectura (planta segundo piso)\" data-rel=\"lightbox-gallery-1\"><img loading=\"lazy\" decoding=\"async\" width=\"150\" height=\"150\" src=\"https:\/\/www.arquimaster.com.ar\/web\/wp-content\/uploads\/2025\/06\/ch_28_16-150x150.jpg\" class=\"attachment-thumbnail size-thumbnail\" alt=\"Edificio de viviendas CH 28 \/ Concepto Taller de Arquitectura\" aria-describedby=\"gallery-1-84850\" \/><\/a>\n\t\t\t<\/div>\n\t\t\t\t<figcaption class='wp-caption-text gallery-caption' id='gallery-1-84850'>\n\t\t\t\tEdificio de viviendas CH 28 \/ Concepto Taller de Arquitectura (planta segundo piso)\n\t\t\t\t<\/figcaption><\/figure><figure class='gallery-item'>\n\t\t\t<div class='gallery-icon landscape'>\n\t\t\t\t<a href='https:\/\/www.arquimaster.com.ar\/web\/wp-content\/uploads\/2025\/06\/ch_28_17.jpg' title=\"Edificio de viviendas CH 28 \/ Concepto Taller de Arquitectura (planta azotea)\" data-rl_title=\"Edificio de viviendas CH 28 \/ Concepto Taller de Arquitectura (planta azotea)\" class=\"rl-gallery-link\" data-rl_caption=\"Edificio de viviendas CH 28 \/ Concepto Taller de Arquitectura (planta azotea)\" data-rel=\"lightbox-gallery-1\"><img loading=\"lazy\" decoding=\"async\" width=\"150\" height=\"150\" src=\"https:\/\/www.arquimaster.com.ar\/web\/wp-content\/uploads\/2025\/06\/ch_28_17-150x150.jpg\" class=\"attachment-thumbnail size-thumbnail\" alt=\"Edificio de viviendas CH 28 \/ Concepto Taller de Arquitectura\" aria-describedby=\"gallery-1-84851\" \/><\/a>\n\t\t\t<\/div>\n\t\t\t\t<figcaption class='wp-caption-text gallery-caption' id='gallery-1-84851'>\n\t\t\t\tEdificio de viviendas CH 28 \/ Concepto Taller de Arquitectura (planta azotea)\n\t\t\t\t<\/figcaption><\/figure><figure class='gallery-item'>\n\t\t\t<div class='gallery-icon portrait'>\n\t\t\t\t<a href='https:\/\/www.arquimaster.com.ar\/web\/wp-content\/uploads\/2025\/06\/ch_28_18.jpg' title=\"Edificio de viviendas CH 28 \/ Concepto Taller de Arquitectura (corte)\" data-rl_title=\"Edificio de viviendas CH 28 \/ Concepto Taller de Arquitectura (corte)\" class=\"rl-gallery-link\" data-rl_caption=\"Edificio de viviendas CH 28 \/ Concepto Taller de Arquitectura (corte)\" data-rel=\"lightbox-gallery-1\"><img loading=\"lazy\" decoding=\"async\" width=\"150\" height=\"150\" src=\"https:\/\/www.arquimaster.com.ar\/web\/wp-content\/uploads\/2025\/06\/ch_28_18-150x150.jpg\" class=\"attachment-thumbnail size-thumbnail\" alt=\"Edificio de viviendas CH 28 \/ Concepto Taller de Arquitectura\" aria-describedby=\"gallery-1-84852\" \/><\/a>\n\t\t\t<\/div>\n\t\t\t\t<figcaption class='wp-caption-text gallery-caption' id='gallery-1-84852'>\n\t\t\t\tEdificio de viviendas CH 28 \/ Concepto Taller de Arquitectura (corte)\n\t\t\t\t<\/figcaption><\/figure><figure class='gallery-item'>\n\t\t\t<div class='gallery-icon portrait'>\n\t\t\t\t<a href='https:\/\/www.arquimaster.com.ar\/web\/wp-content\/uploads\/2025\/06\/ch_28_19.jpg' title=\"Edificio de viviendas CH 28 \/ Concepto Taller de Arquitectura (corte)\" data-rl_title=\"Edificio de viviendas CH 28 \/ Concepto Taller de Arquitectura (corte)\" class=\"rl-gallery-link\" data-rl_caption=\"Edificio de viviendas CH 28 \/ Concepto Taller de Arquitectura (corte)\" data-rel=\"lightbox-gallery-1\"><img loading=\"lazy\" decoding=\"async\" width=\"150\" height=\"150\" src=\"https:\/\/www.arquimaster.com.ar\/web\/wp-content\/uploads\/2025\/06\/ch_28_19-150x150.jpg\" class=\"attachment-thumbnail size-thumbnail\" alt=\"Edificio de viviendas CH 28 \/ Concepto Taller de Arquitectura\" aria-describedby=\"gallery-1-84853\" \/><\/a>\n\t\t\t<\/div>\n\t\t\t\t<figcaption class='wp-caption-text gallery-caption' id='gallery-1-84853'>\n\t\t\t\tEdificio de viviendas CH 28 \/ Concepto Taller de Arquitectura (corte)\n\t\t\t\t<\/figcaption><\/figure><figure class='gallery-item'>\n\t\t\t<div class='gallery-icon landscape'>\n\t\t\t\t<a href='https:\/\/www.arquimaster.com.ar\/web\/wp-content\/uploads\/2025\/06\/ch_28_20.jpg' title=\"Edificio de viviendas CH 28 \/ Concepto Taller de Arquitectura (vista)\" data-rl_title=\"Edificio de viviendas CH 28 \/ Concepto Taller de Arquitectura (vista)\" class=\"rl-gallery-link\" data-rl_caption=\"Edificio de viviendas CH 28 \/ Concepto Taller de Arquitectura (vista)\" data-rel=\"lightbox-gallery-1\"><img loading=\"lazy\" decoding=\"async\" width=\"150\" height=\"150\" src=\"https:\/\/www.arquimaster.com.ar\/web\/wp-content\/uploads\/2025\/06\/ch_28_20-150x150.jpg\" class=\"attachment-thumbnail size-thumbnail\" alt=\"Edificio de viviendas CH 28 \/ Concepto Taller de Arquitectura\" aria-describedby=\"gallery-1-84854\" \/><\/a>\n\t\t\t<\/div>\n\t\t\t\t<figcaption class='wp-caption-text gallery-caption' id='gallery-1-84854'>\n\t\t\t\tEdificio de viviendas CH 28 \/ Concepto Taller de Arquitectura (vista)\n\t\t\t\t<\/figcaption><\/figure><figure class='gallery-item'>\n\t\t\t<div class='gallery-icon landscape'>\n\t\t\t\t<a href='https:\/\/www.arquimaster.com.ar\/web\/wp-content\/uploads\/2025\/06\/ch_28_21.jpg' title=\"Edificio de viviendas CH 28 \/ Concepto Taller de Arquitectura (vista)\" data-rl_title=\"Edificio de viviendas CH 28 \/ Concepto Taller de Arquitectura (vista)\" class=\"rl-gallery-link\" data-rl_caption=\"Edificio de viviendas CH 28 \/ Concepto Taller de Arquitectura (vista)\" data-rel=\"lightbox-gallery-1\"><img loading=\"lazy\" decoding=\"async\" width=\"150\" height=\"150\" src=\"https:\/\/www.arquimaster.com.ar\/web\/wp-content\/uploads\/2025\/06\/ch_28_21-150x150.jpg\" class=\"attachment-thumbnail size-thumbnail\" alt=\"Edificio de viviendas CH 28 \/ Concepto Taller de Arquitectura\" aria-describedby=\"gallery-1-84855\" \/><\/a>\n\t\t\t<\/div>\n\t\t\t\t<figcaption class='wp-caption-text gallery-caption' id='gallery-1-84855'>\n\t\t\t\tEdificio de viviendas CH 28 \/ Concepto Taller de Arquitectura (vista)\n\t\t\t\t<\/figcaption><\/figure><figure class='gallery-item'>\n\t\t\t<div class='gallery-icon landscape'>\n\t\t\t\t<a href='https:\/\/www.arquimaster.com.ar\/web\/wp-content\/uploads\/2025\/06\/ch_28_22.jpg' title=\"Edificio de viviendas CH 28 \/ Concepto Taller de Arquitectura (vista)\" data-rl_title=\"Edificio de viviendas CH 28 \/ Concepto Taller de Arquitectura (vista)\" class=\"rl-gallery-link\" data-rl_caption=\"Edificio de viviendas CH 28 \/ Concepto Taller de Arquitectura (vista)\" data-rel=\"lightbox-gallery-1\"><img loading=\"lazy\" decoding=\"async\" width=\"150\" height=\"150\" src=\"https:\/\/www.arquimaster.com.ar\/web\/wp-content\/uploads\/2025\/06\/ch_28_22-150x150.jpg\" class=\"attachment-thumbnail size-thumbnail\" alt=\"Edificio de viviendas CH 28 \/ Concepto Taller de Arquitectura\" aria-describedby=\"gallery-1-84856\" \/><\/a>\n\t\t\t<\/div>\n\t\t\t\t<figcaption class='wp-caption-text gallery-caption' id='gallery-1-84856'>\n\t\t\t\tEdificio de viviendas CH 28 \/ Concepto Taller de Arquitectura (vista)\n\t\t\t\t<\/figcaption><\/figure><figure class='gallery-item'>\n\t\t\t<div class='gallery-icon landscape'>\n\t\t\t\t<a href='https:\/\/www.arquimaster.com.ar\/web\/wp-content\/uploads\/2025\/06\/ch_28_23.jpg' title=\"Edificio de viviendas CH 28 \/ Concepto Taller de Arquitectura (vista)\" data-rl_title=\"Edificio de viviendas CH 28 \/ Concepto Taller de Arquitectura (vista)\" class=\"rl-gallery-link\" data-rl_caption=\"Edificio de viviendas CH 28 \/ Concepto Taller de Arquitectura (vista)\" data-rel=\"lightbox-gallery-1\"><img loading=\"lazy\" decoding=\"async\" width=\"150\" height=\"150\" src=\"https:\/\/www.arquimaster.com.ar\/web\/wp-content\/uploads\/2025\/06\/ch_28_23-150x150.jpg\" class=\"attachment-thumbnail size-thumbnail\" alt=\"Edificio de viviendas CH 28 \/ Concepto Taller de Arquitectura\" aria-describedby=\"gallery-1-84857\" \/><\/a>\n\t\t\t<\/div>\n\t\t\t\t<figcaption class='wp-caption-text gallery-caption' id='gallery-1-84857'>\n\t\t\t\tEdificio de viviendas CH 28 \/ Concepto Taller de Arquitectura (vista)\n\t\t\t\t<\/figcaption><\/figure><figure class='gallery-item'>\n\t\t\t<div class='gallery-icon landscape'>\n\t\t\t\t<a href='https:\/\/www.arquimaster.com.ar\/web\/wp-content\/uploads\/2025\/06\/ch_28_24.jpg' title=\"Edificio de viviendas CH 28 \/ Concepto Taller de Arquitectura (detalle)\" data-rl_title=\"Edificio de viviendas CH 28 \/ Concepto Taller de Arquitectura (detalle)\" class=\"rl-gallery-link\" data-rl_caption=\"Edificio de viviendas CH 28 \/ Concepto Taller de Arquitectura (detalle)\" data-rel=\"lightbox-gallery-1\"><img loading=\"lazy\" decoding=\"async\" width=\"150\" height=\"150\" src=\"https:\/\/www.arquimaster.com.ar\/web\/wp-content\/uploads\/2025\/06\/ch_28_24-150x150.jpg\" class=\"attachment-thumbnail size-thumbnail\" alt=\"Edificio de viviendas CH 28 \/ Concepto Taller de Arquitectura\" aria-describedby=\"gallery-1-84858\" \/><\/a>\n\t\t\t<\/div>\n\t\t\t\t<figcaption class='wp-caption-text gallery-caption' id='gallery-1-84858'>\n\t\t\t\tEdificio de viviendas CH 28 \/ Concepto Taller de Arquitectura (detalle)\n\t\t\t\t<\/figcaption><\/figure>\n\t\t<\/div>\n\n<p>En este contexto, CH 28 destaca por su integraci\u00f3n respetuosa con el entorno urbano y por el rescate de elementos hist\u00f3ricos. El dise\u00f1o arquitect\u00f3nico parte de la conservaci\u00f3n de una secci\u00f3n original de la fachada, la cual se convierte en el eje conceptual del proyecto.<\/p>\n<p>El proyecto nace a partir de la preexistencia: una fachada con valor patrimonial. Su conservaci\u00f3n no solo honra la historia del lugar, sino que tambi\u00e9n se convierte en el punto de partida para la creaci\u00f3n de un lenguaje arquitect\u00f3nico que mezcla lo tradicional con lo contempor\u00e1neo.<\/p>\n<p>El remetimiento del volumen principal y la fachada de cristal permiten abrir el edificio hacia la calle, creando una especie de vitrina urbana que revela y enmarca la historia arquitect\u00f3nica del sitio. Esta estrategia se refuerza con una peque\u00f1a plaza de acceso que, adem\u00e1s de recibir a los habitantes, genera una conexi\u00f3n visual y simb\u00f3lica con una casa vecina de valor art\u00edstico.<\/p>\n<p>Uno de los elementos m\u00e1s distintivos del edificio es el uso del ladrillo negro, dispuesto en patrones que crean textura y juego de sombras, aportando profundidad y dinamismo a la fachada. Este gesto contempor\u00e1neo convive con los detalles ornamentales de la fachada original, generando un contraste arm\u00f3nico.<\/p>\n<p>CH 28 busca establecer un di\u00e1logo entre el pasado y el presente mediante el contraste de materiales, vol\u00famenes y texturas. Esta convivencia se materializa a trav\u00e9s de una volumetr\u00eda contempor\u00e1nea que reinterpreta el contexto hist\u00f3rico sin perder su esencia.<\/p>\n\n\n<div style=\"height:20px\" aria-hidden=\"true\" class=\"wp-block-spacer\"><\/div>\n\n\n\n<p class=\"has-background\" style=\"background-color:#eaeaea\"><strong>Ficha t\u00e9cnica<\/strong><br>Nombre: CH 28<br>Ubicaci\u00f3n: Ciudad de M\u00e9xico, M\u00e9xico<br>Autor: Concepto Taller de Arquitectura<br>Arquitectos: Arq. Alberto Dana, Arq. Daniel Dana, Arq. Francisco Bello, Arq. \u00c1ngeles Rodr\u00edguez, Arq. Juan de Dios, Arq. Ricardo Cruz, Arq. Thal\u00eda Cruz<br>Renders: Arq. Alejandro Hern\u00e1ndez, Arq. Sarely Reyes<br>Superficie: 1419,91 m2<br>Fotograf\u00edas: Jaime Navarro, Hugo Eddy Malag\u00f3n Rojas<br>Sitio web: https:\/\/conceptotallerdearquitectura.com<\/p>\n\n\n\n<div style=\"height:40px\" aria-hidden=\"true\" class=\"wp-block-spacer\"><\/div>\n\n<div style=\"font-size: 0px; height: 0px; line-height: 0px; margin: 0; padding: 0; clear: both;\"><\/div><div style=\"margin-top: 0px; margin-bottom: 0px;\" class=\"sharethis-inline-share-buttons\" ><\/div>","protected":false},"excerpt":{"rendered":"<p>El edificio busca establecer un di\u00e1logo entre el pasado y el presente&#8230;<\/p>\n","protected":false},"author":1,"featured_media":84834,"comment_status":"closed","ping_status":"closed","sticky":false,"template":"","format":"standard","meta":{"_uag_custom_page_level_css":"","footnotes":""},"categories":[80,1],"tags":[4282,250,4914,87,24,5539,91],"class_list":["post-84833","post","type-post","status-publish","format-standard","has-post-thumbnail","hentry","category-edificio-viviendas","category-proyecto","tag-arquitectura-residencial","tag-ciudad-de-mexico","tag-concepto-taller-de-arquitectura","tag-edificio-de-viviendas","tag-mexico","tag-vivienda-colectiva","tag-vivienda-multifamiliar","generate-columns","tablet-grid-50","mobile-grid-100","grid-parent","grid-50"],"yoast_head":"<!-- This site is optimized with the Yoast SEO plugin v27.3 - https:\/\/yoast.com\/product\/yoast-seo-wordpress\/ -->\n<title>Edificio de viviendas CH 28 \/ Concepto Taller de Arquitectura - Arquimaster<\/title>\n<meta name=\"description\" content=\"El edificio busca establecer un di\u00e1logo entre el pasado y el presente mediante el contraste de materiales, vol\u00famenes y texturas.\" \/>\n<meta name=\"robots\" content=\"index, follow, max-snippet:-1, max-image-preview:large, max-video-preview:-1\" \/>\n<link rel=\"canonical\" href=\"https:\/\/www.arquimaster.com.ar\/web\/edificio-de-viviendas-ch-28-concepto-taller-de-arquitectura\/\" \/>\n<meta property=\"og:locale\" content=\"es_ES\" \/>\n<meta property=\"og:type\" content=\"article\" \/>\n<meta property=\"og:title\" content=\"Edificio de viviendas CH 28 \/ Concepto Taller de Arquitectura\" \/>\n<meta property=\"og:description\" content=\"El edificio busca establecer un di\u00e1logo entre el pasado y el presente mediante el contraste de materiales, vol\u00famenes y texturas.\" \/>\n<meta property=\"og:url\" content=\"https:\/\/www.arquimaster.com.ar\/web\/edificio-de-viviendas-ch-28-concepto-taller-de-arquitectura\/\" \/>\n<meta property=\"og:site_name\" content=\"Arquimaster\" \/>\n<meta property=\"article:publisher\" content=\"http:\/\/www.facebook.com\/ARQUIMASTER.com.ar\" \/>\n<meta property=\"article:published_time\" content=\"2025-06-25T17:45:57+00:00\" \/>\n<meta property=\"article:modified_time\" content=\"2025-07-02T21:00:25+00:00\" \/>\n<meta property=\"og:image\" content=\"https:\/\/www.arquimaster.com.ar\/web\/wp-content\/uploads\/2025\/06\/ch_28_slide.jpg\" \/>\n\t<meta property=\"og:image:width\" content=\"698\" \/>\n\t<meta property=\"og:image:height\" content=\"364\" \/>\n\t<meta property=\"og:image:type\" content=\"image\/jpeg\" \/>\n<meta name=\"author\" content=\"Arquimaster\" \/>\n<meta name=\"twitter:card\" content=\"summary_large_image\" \/>\n<meta name=\"twitter:title\" content=\"Edificio de viviendas CH 28 \/ Concepto Taller de Arquitectura\" \/>\n<meta name=\"twitter:description\" content=\"El edificio busca establecer un di\u00e1logo entre el pasado y el presente mediante el contraste de materiales, vol\u00famenes y texturas.\" \/>\n<meta name=\"twitter:image\" content=\"https:\/\/www.arquimaster.com.ar\/web\/wp-content\/uploads\/2025\/06\/ch_28_slide.jpg\" \/>\n<meta name=\"twitter:creator\" content=\"@arquimaster\" \/>\n<meta name=\"twitter:site\" content=\"@arquimaster\" \/>\n<meta name=\"twitter:label1\" content=\"Escrito por\" \/>\n\t<meta name=\"twitter:data1\" content=\"Arquimaster\" \/>\n\t<meta name=\"twitter:label2\" content=\"Tiempo de lectura\" \/>\n\t<meta name=\"twitter:data2\" content=\"2 minutos\" \/>\n<script type=\"application\/ld+json\" class=\"yoast-schema-graph\">{\"@context\":\"https:\\\/\\\/schema.org\",\"@graph\":[{\"@type\":\"Article\",\"@id\":\"https:\\\/\\\/www.arquimaster.com.ar\\\/web\\\/edificio-de-viviendas-ch-28-concepto-taller-de-arquitectura\\\/#article\",\"isPartOf\":{\"@id\":\"https:\\\/\\\/www.arquimaster.com.ar\\\/web\\\/edificio-de-viviendas-ch-28-concepto-taller-de-arquitectura\\\/\"},\"author\":{\"name\":\"Arquimaster\",\"@id\":\"https:\\\/\\\/www.arquimaster.com.ar\\\/web\\\/#\\\/schema\\\/person\\\/359e9f7c00193fcde068e0dd2ceb0028\"},\"headline\":\"Edificio de viviendas CH 28 \\\/ Concepto Taller de Arquitectura\",\"datePublished\":\"2025-06-25T17:45:57+00:00\",\"dateModified\":\"2025-07-02T21:00:25+00:00\",\"mainEntityOfPage\":{\"@id\":\"https:\\\/\\\/www.arquimaster.com.ar\\\/web\\\/edificio-de-viviendas-ch-28-concepto-taller-de-arquitectura\\\/\"},\"wordCount\":401,\"publisher\":{\"@id\":\"https:\\\/\\\/www.arquimaster.com.ar\\\/web\\\/#organization\"},\"image\":{\"@id\":\"https:\\\/\\\/www.arquimaster.com.ar\\\/web\\\/edificio-de-viviendas-ch-28-concepto-taller-de-arquitectura\\\/#primaryimage\"},\"thumbnailUrl\":\"https:\\\/\\\/www.arquimaster.com.ar\\\/web\\\/wp-content\\\/uploads\\\/2025\\\/06\\\/ch_28_slide.jpg\",\"keywords\":[\"arquitectura residencial\",\"Ciudad de Mexico\",\"Concepto Taller de Arquitectura\",\"edificio de viviendas\",\"Mexico\",\"vivienda colectiva\",\"vivienda multifamiliar\"],\"articleSection\":[\"Edificios de viviendas\",\"Proyecto\"],\"inLanguage\":\"es\"},{\"@type\":\"WebPage\",\"@id\":\"https:\\\/\\\/www.arquimaster.com.ar\\\/web\\\/edificio-de-viviendas-ch-28-concepto-taller-de-arquitectura\\\/\",\"url\":\"https:\\\/\\\/www.arquimaster.com.ar\\\/web\\\/edificio-de-viviendas-ch-28-concepto-taller-de-arquitectura\\\/\",\"name\":\"Edificio de viviendas CH 28 \\\/ Concepto Taller de Arquitectura - Arquimaster\",\"isPartOf\":{\"@id\":\"https:\\\/\\\/www.arquimaster.com.ar\\\/web\\\/#website\"},\"primaryImageOfPage\":{\"@id\":\"https:\\\/\\\/www.arquimaster.com.ar\\\/web\\\/edificio-de-viviendas-ch-28-concepto-taller-de-arquitectura\\\/#primaryimage\"},\"image\":{\"@id\":\"https:\\\/\\\/www.arquimaster.com.ar\\\/web\\\/edificio-de-viviendas-ch-28-concepto-taller-de-arquitectura\\\/#primaryimage\"},\"thumbnailUrl\":\"https:\\\/\\\/www.arquimaster.com.ar\\\/web\\\/wp-content\\\/uploads\\\/2025\\\/06\\\/ch_28_slide.jpg\",\"datePublished\":\"2025-06-25T17:45:57+00:00\",\"dateModified\":\"2025-07-02T21:00:25+00:00\",\"description\":\"El edificio busca establecer un di\u00e1logo entre el pasado y el presente mediante el contraste de materiales, vol\u00famenes y texturas.\",\"breadcrumb\":{\"@id\":\"https:\\\/\\\/www.arquimaster.com.ar\\\/web\\\/edificio-de-viviendas-ch-28-concepto-taller-de-arquitectura\\\/#breadcrumb\"},\"inLanguage\":\"es\",\"potentialAction\":[{\"@type\":\"ReadAction\",\"target\":[\"https:\\\/\\\/www.arquimaster.com.ar\\\/web\\\/edificio-de-viviendas-ch-28-concepto-taller-de-arquitectura\\\/\"]}]},{\"@type\":\"ImageObject\",\"inLanguage\":\"es\",\"@id\":\"https:\\\/\\\/www.arquimaster.com.ar\\\/web\\\/edificio-de-viviendas-ch-28-concepto-taller-de-arquitectura\\\/#primaryimage\",\"url\":\"https:\\\/\\\/www.arquimaster.com.ar\\\/web\\\/wp-content\\\/uploads\\\/2025\\\/06\\\/ch_28_slide.jpg\",\"contentUrl\":\"https:\\\/\\\/www.arquimaster.com.ar\\\/web\\\/wp-content\\\/uploads\\\/2025\\\/06\\\/ch_28_slide.jpg\",\"width\":698,\"height\":364,\"caption\":\"Edificio de viviendas CH 28 \\\/ Concepto Taller de Arquitectura\"},{\"@type\":\"BreadcrumbList\",\"@id\":\"https:\\\/\\\/www.arquimaster.com.ar\\\/web\\\/edificio-de-viviendas-ch-28-concepto-taller-de-arquitectura\\\/#breadcrumb\",\"itemListElement\":[{\"@type\":\"ListItem\",\"position\":1,\"name\":\"Portada\",\"item\":\"https:\\\/\\\/www.arquimaster.com.ar\\\/web\\\/\"},{\"@type\":\"ListItem\",\"position\":2,\"name\":\"Edificio de viviendas CH 28 \\\/ Concepto Taller de Arquitectura\"}]},{\"@type\":\"WebSite\",\"@id\":\"https:\\\/\\\/www.arquimaster.com.ar\\\/web\\\/#website\",\"url\":\"https:\\\/\\\/www.arquimaster.com.ar\\\/web\\\/\",\"name\":\"Arquimaster\",\"description\":\"Web de arquitectura, dise\u00f1o y construccion\",\"publisher\":{\"@id\":\"https:\\\/\\\/www.arquimaster.com.ar\\\/web\\\/#organization\"},\"potentialAction\":[{\"@type\":\"SearchAction\",\"target\":{\"@type\":\"EntryPoint\",\"urlTemplate\":\"https:\\\/\\\/www.arquimaster.com.ar\\\/web\\\/?s={search_term_string}\"},\"query-input\":{\"@type\":\"PropertyValueSpecification\",\"valueRequired\":true,\"valueName\":\"search_term_string\"}}],\"inLanguage\":\"es\"},{\"@type\":\"Organization\",\"@id\":\"https:\\\/\\\/www.arquimaster.com.ar\\\/web\\\/#organization\",\"name\":\"Arquimaster\",\"url\":\"https:\\\/\\\/www.arquimaster.com.ar\\\/web\\\/\",\"logo\":{\"@type\":\"ImageObject\",\"inLanguage\":\"es\",\"@id\":\"https:\\\/\\\/www.arquimaster.com.ar\\\/web\\\/#\\\/schema\\\/logo\\\/image\\\/\",\"url\":\"https:\\\/\\\/www.arquimaster.com.ar\\\/web\\\/wp-content\\\/uploads\\\/2022\\\/06\\\/arquimaster.png\",\"contentUrl\":\"https:\\\/\\\/www.arquimaster.com.ar\\\/web\\\/wp-content\\\/uploads\\\/2022\\\/06\\\/arquimaster.png\",\"width\":594,\"height\":78,\"caption\":\"Arquimaster\"},\"image\":{\"@id\":\"https:\\\/\\\/www.arquimaster.com.ar\\\/web\\\/#\\\/schema\\\/logo\\\/image\\\/\"},\"sameAs\":[\"http:\\\/\\\/www.facebook.com\\\/ARQUIMASTER.com.ar\",\"https:\\\/\\\/x.com\\\/arquimaster\",\"https:\\\/\\\/www.instagram.com\\\/arquimasterblog\\\/\",\"https:\\\/\\\/www.linkedin.com\\\/company\\\/arquimaster\",\"https:\\\/\\\/www.pinterest.com\\\/arquimaster\",\"https:\\\/\\\/t.me\\\/arquimaster\"]},{\"@type\":\"Person\",\"@id\":\"https:\\\/\\\/www.arquimaster.com.ar\\\/web\\\/#\\\/schema\\\/person\\\/359e9f7c00193fcde068e0dd2ceb0028\",\"name\":\"Arquimaster\"}]}<\/script>\n<!-- \/ Yoast SEO plugin. -->","yoast_head_json":{"title":"Edificio de viviendas CH 28 \/ Concepto Taller de Arquitectura - Arquimaster","description":"El edificio busca establecer un di\u00e1logo entre el pasado y el presente mediante el contraste de materiales, vol\u00famenes y texturas.","robots":{"index":"index","follow":"follow","max-snippet":"max-snippet:-1","max-image-preview":"max-image-preview:large","max-video-preview":"max-video-preview:-1"},"canonical":"https:\/\/www.arquimaster.com.ar\/web\/edificio-de-viviendas-ch-28-concepto-taller-de-arquitectura\/","og_locale":"es_ES","og_type":"article","og_title":"Edificio de viviendas CH 28 \/ Concepto Taller de Arquitectura","og_description":"El edificio busca establecer un di\u00e1logo entre el pasado y el presente mediante el contraste de materiales, vol\u00famenes y texturas.","og_url":"https:\/\/www.arquimaster.com.ar\/web\/edificio-de-viviendas-ch-28-concepto-taller-de-arquitectura\/","og_site_name":"Arquimaster","article_publisher":"http:\/\/www.facebook.com\/ARQUIMASTER.com.ar","article_published_time":"2025-06-25T17:45:57+00:00","article_modified_time":"2025-07-02T21:00:25+00:00","og_image":[{"width":698,"height":364,"url":"https:\/\/www.arquimaster.com.ar\/web\/wp-content\/uploads\/2025\/06\/ch_28_slide.jpg","type":"image\/jpeg"}],"author":"Arquimaster","twitter_card":"summary_large_image","twitter_title":"Edificio de viviendas CH 28 \/ Concepto Taller de Arquitectura","twitter_description":"El edificio busca establecer un di\u00e1logo entre el pasado y el presente mediante el contraste de materiales, vol\u00famenes y texturas.","twitter_image":"https:\/\/www.arquimaster.com.ar\/web\/wp-content\/uploads\/2025\/06\/ch_28_slide.jpg","twitter_creator":"@arquimaster","twitter_site":"@arquimaster","twitter_misc":{"Escrito por":"Arquimaster","Tiempo de lectura":"2 minutos"},"schema":{"@context":"https:\/\/schema.org","@graph":[{"@type":"Article","@id":"https:\/\/www.arquimaster.com.ar\/web\/edificio-de-viviendas-ch-28-concepto-taller-de-arquitectura\/#article","isPartOf":{"@id":"https:\/\/www.arquimaster.com.ar\/web\/edificio-de-viviendas-ch-28-concepto-taller-de-arquitectura\/"},"author":{"name":"Arquimaster","@id":"https:\/\/www.arquimaster.com.ar\/web\/#\/schema\/person\/359e9f7c00193fcde068e0dd2ceb0028"},"headline":"Edificio de viviendas CH 28 \/ Concepto Taller de Arquitectura","datePublished":"2025-06-25T17:45:57+00:00","dateModified":"2025-07-02T21:00:25+00:00","mainEntityOfPage":{"@id":"https:\/\/www.arquimaster.com.ar\/web\/edificio-de-viviendas-ch-28-concepto-taller-de-arquitectura\/"},"wordCount":401,"publisher":{"@id":"https:\/\/www.arquimaster.com.ar\/web\/#organization"},"image":{"@id":"https:\/\/www.arquimaster.com.ar\/web\/edificio-de-viviendas-ch-28-concepto-taller-de-arquitectura\/#primaryimage"},"thumbnailUrl":"https:\/\/www.arquimaster.com.ar\/web\/wp-content\/uploads\/2025\/06\/ch_28_slide.jpg","keywords":["arquitectura residencial","Ciudad de Mexico","Concepto Taller de Arquitectura","edificio de viviendas","Mexico","vivienda colectiva","vivienda multifamiliar"],"articleSection":["Edificios de viviendas","Proyecto"],"inLanguage":"es"},{"@type":"WebPage","@id":"https:\/\/www.arquimaster.com.ar\/web\/edificio-de-viviendas-ch-28-concepto-taller-de-arquitectura\/","url":"https:\/\/www.arquimaster.com.ar\/web\/edificio-de-viviendas-ch-28-concepto-taller-de-arquitectura\/","name":"Edificio de viviendas CH 28 \/ Concepto Taller de Arquitectura - Arquimaster","isPartOf":{"@id":"https:\/\/www.arquimaster.com.ar\/web\/#website"},"primaryImageOfPage":{"@id":"https:\/\/www.arquimaster.com.ar\/web\/edificio-de-viviendas-ch-28-concepto-taller-de-arquitectura\/#primaryimage"},"image":{"@id":"https:\/\/www.arquimaster.com.ar\/web\/edificio-de-viviendas-ch-28-concepto-taller-de-arquitectura\/#primaryimage"},"thumbnailUrl":"https:\/\/www.arquimaster.com.ar\/web\/wp-content\/uploads\/2025\/06\/ch_28_slide.jpg","datePublished":"2025-06-25T17:45:57+00:00","dateModified":"2025-07-02T21:00:25+00:00","description":"El edificio busca establecer un di\u00e1logo entre el pasado y el presente mediante el contraste de materiales, vol\u00famenes y texturas.","breadcrumb":{"@id":"https:\/\/www.arquimaster.com.ar\/web\/edificio-de-viviendas-ch-28-concepto-taller-de-arquitectura\/#breadcrumb"},"inLanguage":"es","potentialAction":[{"@type":"ReadAction","target":["https:\/\/www.arquimaster.com.ar\/web\/edificio-de-viviendas-ch-28-concepto-taller-de-arquitectura\/"]}]},{"@type":"ImageObject","inLanguage":"es","@id":"https:\/\/www.arquimaster.com.ar\/web\/edificio-de-viviendas-ch-28-concepto-taller-de-arquitectura\/#primaryimage","url":"https:\/\/www.arquimaster.com.ar\/web\/wp-content\/uploads\/2025\/06\/ch_28_slide.jpg","contentUrl":"https:\/\/www.arquimaster.com.ar\/web\/wp-content\/uploads\/2025\/06\/ch_28_slide.jpg","width":698,"height":364,"caption":"Edificio de viviendas CH 28 \/ Concepto Taller de Arquitectura"},{"@type":"BreadcrumbList","@id":"https:\/\/www.arquimaster.com.ar\/web\/edificio-de-viviendas-ch-28-concepto-taller-de-arquitectura\/#breadcrumb","itemListElement":[{"@type":"ListItem","position":1,"name":"Portada","item":"https:\/\/www.arquimaster.com.ar\/web\/"},{"@type":"ListItem","position":2,"name":"Edificio de viviendas CH 28 \/ Concepto Taller de Arquitectura"}]},{"@type":"WebSite","@id":"https:\/\/www.arquimaster.com.ar\/web\/#website","url":"https:\/\/www.arquimaster.com.ar\/web\/","name":"Arquimaster","description":"Web de arquitectura, dise\u00f1o y construccion","publisher":{"@id":"https:\/\/www.arquimaster.com.ar\/web\/#organization"},"potentialAction":[{"@type":"SearchAction","target":{"@type":"EntryPoint","urlTemplate":"https:\/\/www.arquimaster.com.ar\/web\/?s={search_term_string}"},"query-input":{"@type":"PropertyValueSpecification","valueRequired":true,"valueName":"search_term_string"}}],"inLanguage":"es"},{"@type":"Organization","@id":"https:\/\/www.arquimaster.com.ar\/web\/#organization","name":"Arquimaster","url":"https:\/\/www.arquimaster.com.ar\/web\/","logo":{"@type":"ImageObject","inLanguage":"es","@id":"https:\/\/www.arquimaster.com.ar\/web\/#\/schema\/logo\/image\/","url":"https:\/\/www.arquimaster.com.ar\/web\/wp-content\/uploads\/2022\/06\/arquimaster.png","contentUrl":"https:\/\/www.arquimaster.com.ar\/web\/wp-content\/uploads\/2022\/06\/arquimaster.png","width":594,"height":78,"caption":"Arquimaster"},"image":{"@id":"https:\/\/www.arquimaster.com.ar\/web\/#\/schema\/logo\/image\/"},"sameAs":["http:\/\/www.facebook.com\/ARQUIMASTER.com.ar","https:\/\/x.com\/arquimaster","https:\/\/www.instagram.com\/arquimasterblog\/","https:\/\/www.linkedin.com\/company\/arquimaster","https:\/\/www.pinterest.com\/arquimaster","https:\/\/t.me\/arquimaster"]},{"@type":"Person","@id":"https:\/\/www.arquimaster.com.ar\/web\/#\/schema\/person\/359e9f7c00193fcde068e0dd2ceb0028","name":"Arquimaster"}]}},"uagb_featured_image_src":{"full":["https:\/\/www.arquimaster.com.ar\/web\/wp-content\/uploads\/2025\/06\/ch_28_slide.jpg",698,364,false],"thumbnail":["https:\/\/www.arquimaster.com.ar\/web\/wp-content\/uploads\/2025\/06\/ch_28_slide-150x150.jpg",150,150,true],"medium":["https:\/\/www.arquimaster.com.ar\/web\/wp-content\/uploads\/2025\/06\/ch_28_slide.jpg",698,364,false],"medium_large":["https:\/\/www.arquimaster.com.ar\/web\/wp-content\/uploads\/2025\/06\/ch_28_slide.jpg",698,364,false],"large":["https:\/\/www.arquimaster.com.ar\/web\/wp-content\/uploads\/2025\/06\/ch_28_slide.jpg",698,364,false],"1536x1536":["https:\/\/www.arquimaster.com.ar\/web\/wp-content\/uploads\/2025\/06\/ch_28_slide.jpg",698,364,false],"2048x2048":["https:\/\/www.arquimaster.com.ar\/web\/wp-content\/uploads\/2025\/06\/ch_28_slide.jpg",698,364,false]},"uagb_author_info":{"display_name":"Arquimaster","author_link":"https:\/\/www.arquimaster.com.ar\/web\/author\/arquimaster\/"},"uagb_comment_info":0,"uagb_excerpt":"El edificio busca establecer un di\u00e1logo entre el pasado y el presente...","_links":{"self":[{"href":"https:\/\/www.arquimaster.com.ar\/web\/wp-json\/wp\/v2\/posts\/84833","targetHints":{"allow":["GET"]}}],"collection":[{"href":"https:\/\/www.arquimaster.com.ar\/web\/wp-json\/wp\/v2\/posts"}],"about":[{"href":"https:\/\/www.arquimaster.com.ar\/web\/wp-json\/wp\/v2\/types\/post"}],"author":[{"embeddable":true,"href":"https:\/\/www.arquimaster.com.ar\/web\/wp-json\/wp\/v2\/users\/1"}],"replies":[{"embeddable":true,"href":"https:\/\/www.arquimaster.com.ar\/web\/wp-json\/wp\/v2\/comments?post=84833"}],"version-history":[{"count":1,"href":"https:\/\/www.arquimaster.com.ar\/web\/wp-json\/wp\/v2\/posts\/84833\/revisions"}],"predecessor-version":[{"id":84859,"href":"https:\/\/www.arquimaster.com.ar\/web\/wp-json\/wp\/v2\/posts\/84833\/revisions\/84859"}],"wp:featuredmedia":[{"embeddable":true,"href":"https:\/\/www.arquimaster.com.ar\/web\/wp-json\/wp\/v2\/media\/84834"}],"wp:attachment":[{"href":"https:\/\/www.arquimaster.com.ar\/web\/wp-json\/wp\/v2\/media?parent=84833"}],"wp:term":[{"taxonomy":"category","embeddable":true,"href":"https:\/\/www.arquimaster.com.ar\/web\/wp-json\/wp\/v2\/categories?post=84833"},{"taxonomy":"post_tag","embeddable":true,"href":"https:\/\/www.arquimaster.com.ar\/web\/wp-json\/wp\/v2\/tags?post=84833"}],"curies":[{"name":"wp","href":"https:\/\/api.w.org\/{rel}","templated":true}]}}