{"id":8498,"date":"2014-07-20T23:05:00","date_gmt":"2014-07-20T23:05:00","guid":{"rendered":"http:\/\/www.arquimaster.com.ar\/web\/?p=8498"},"modified":"2026-03-28T17:50:14","modified_gmt":"2026-03-28T20:50:14","slug":"de-otro-tiempo-en-la-republica-oriental-del-uruguay","status":"publish","type":"post","link":"https:\/\/www.arquimaster.com.ar\/web\/de-otro-tiempo-en-la-republica-oriental-del-uruguay\/","title":{"rendered":"De otro Tiempo en la Rep\u00fablica Oriental del Uruguay"},"content":{"rendered":"<div style=\"margin-top: 0px; margin-bottom: 0px;\" class=\"sharethis-inline-share-buttons\" ><\/div><div class=\"b812932af2e751442846f039925109de\" data-index=\"1\" style=\"float: none; margin:25px 0 25px 0; text-align:center;\">\n<script async src=\"https:\/\/pagead2.googlesyndication.com\/pagead\/js\/adsbygoogle.js\"><\/script>\r\n<!-- Arquimaster (superior) -->\r\n<ins class=\"adsbygoogle\"\r\n     style=\"display:block\"\r\n     data-ad-client=\"ca-pub-6351072698456832\"\r\n     data-ad-slot=\"6455489680\"\r\n     data-ad-format=\"auto\"\r\n     data-full-width-responsive=\"true\"><\/ins>\r\n<script>\r\n     (adsbygoogle = window.adsbygoogle || []).push({});\r\n<\/script>\n<\/div>\n<p><em><strong>La empresa anuncia su expansi\u00f3n y presencia en nuevos mercados.<\/strong><\/em><\/p>\n<p>Si bien se busca un posicionamiento en toda la Rep\u00fablica Oriental del Uruguay, tanto en Montevideo como en el resto del pa\u00eds, el showroom se encuentra en el Design District de Punta del Este, zona exclusiva que marca tendencia en el mundo del dise\u00f1o.<\/p>\n<div id='gallery-1' class='gallery galleryid-8498 gallery-columns-3 gallery-size-thumbnail'><figure class='gallery-item'>\n\t\t\t<div class='gallery-icon landscape'>\n\t\t\t\t<a href='https:\/\/www.arquimaster.com.ar\/web\/wp-content\/uploads\/2014\/07\/dot_punta_del_este1.jpg' title=\"De otro Tiempo en la Rep\u00fablica Oriental del Uruguay\" data-rl_title=\"De otro Tiempo en la Rep\u00fablica Oriental del Uruguay\" class=\"rl-gallery-link\" data-rl_caption=\"De otro Tiempo en la Rep\u00fablica Oriental del Uruguay\" data-rel=\"lightbox-gallery-1\"><img loading=\"lazy\" decoding=\"async\" width=\"150\" height=\"150\" src=\"https:\/\/www.arquimaster.com.ar\/web\/wp-content\/uploads\/2014\/07\/dot_punta_del_este1-150x150.jpg\" class=\"attachment-thumbnail size-thumbnail\" alt=\"\" aria-describedby=\"gallery-1-8500\" srcset=\"https:\/\/www.arquimaster.com.ar\/web\/wp-content\/uploads\/2014\/07\/dot_punta_del_este1-150x150.jpg 150w, https:\/\/www.arquimaster.com.ar\/web\/wp-content\/uploads\/2014\/07\/dot_punta_del_este1-50x50.jpg 50w, https:\/\/www.arquimaster.com.ar\/web\/wp-content\/uploads\/2014\/07\/dot_punta_del_este1-125x125.jpg 125w\" sizes=\"auto, (max-width: 150px) 100vw, 150px\" \/><\/a>\n\t\t\t<\/div>\n\t\t\t\t<figcaption class='wp-caption-text gallery-caption' id='gallery-1-8500'>\n\t\t\t\tDe otro Tiempo en la Rep\u00fablica Oriental del Uruguay\n\t\t\t\t<\/figcaption><\/figure><figure class='gallery-item'>\n\t\t\t<div class='gallery-icon landscape'>\n\t\t\t\t<a href='https:\/\/www.arquimaster.com.ar\/web\/wp-content\/uploads\/2014\/07\/dot_punta_del_este2.jpg' title=\"De otro Tiempo en la Rep\u00fablica Oriental del Uruguay\" data-rl_title=\"De otro Tiempo en la Rep\u00fablica Oriental del Uruguay\" class=\"rl-gallery-link\" data-rl_caption=\"De otro Tiempo en la Rep\u00fablica Oriental del Uruguay\" data-rel=\"lightbox-gallery-1\"><img loading=\"lazy\" decoding=\"async\" width=\"150\" height=\"150\" src=\"https:\/\/www.arquimaster.com.ar\/web\/wp-content\/uploads\/2014\/07\/dot_punta_del_este2-150x150.jpg\" class=\"attachment-thumbnail size-thumbnail\" alt=\"\" aria-describedby=\"gallery-1-8501\" srcset=\"https:\/\/www.arquimaster.com.ar\/web\/wp-content\/uploads\/2014\/07\/dot_punta_del_este2-150x150.jpg 150w, https:\/\/www.arquimaster.com.ar\/web\/wp-content\/uploads\/2014\/07\/dot_punta_del_este2-50x50.jpg 50w, https:\/\/www.arquimaster.com.ar\/web\/wp-content\/uploads\/2014\/07\/dot_punta_del_este2-125x125.jpg 125w\" sizes=\"auto, (max-width: 150px) 100vw, 150px\" \/><\/a>\n\t\t\t<\/div>\n\t\t\t\t<figcaption class='wp-caption-text gallery-caption' id='gallery-1-8501'>\n\t\t\t\tDe otro Tiempo en la Rep\u00fablica Oriental del Uruguay\n\t\t\t\t<\/figcaption><\/figure><figure class='gallery-item'>\n\t\t\t<div class='gallery-icon portrait'>\n\t\t\t\t<a href='https:\/\/www.arquimaster.com.ar\/web\/wp-content\/uploads\/2014\/07\/dot_punta_del_este3.jpg' title=\"De otro Tiempo en la Rep\u00fablica Oriental del Uruguay\" data-rl_title=\"De otro Tiempo en la Rep\u00fablica Oriental del Uruguay\" class=\"rl-gallery-link\" data-rl_caption=\"De otro Tiempo en la Rep\u00fablica Oriental del Uruguay\" data-rel=\"lightbox-gallery-1\"><img loading=\"lazy\" decoding=\"async\" width=\"150\" height=\"150\" src=\"https:\/\/www.arquimaster.com.ar\/web\/wp-content\/uploads\/2014\/07\/dot_punta_del_este3-150x150.jpg\" class=\"attachment-thumbnail size-thumbnail\" alt=\"\" aria-describedby=\"gallery-1-8502\" srcset=\"https:\/\/www.arquimaster.com.ar\/web\/wp-content\/uploads\/2014\/07\/dot_punta_del_este3-150x150.jpg 150w, https:\/\/www.arquimaster.com.ar\/web\/wp-content\/uploads\/2014\/07\/dot_punta_del_este3-50x50.jpg 50w, https:\/\/www.arquimaster.com.ar\/web\/wp-content\/uploads\/2014\/07\/dot_punta_del_este3-125x125.jpg 125w\" sizes=\"auto, (max-width: 150px) 100vw, 150px\" \/><\/a>\n\t\t\t<\/div>\n\t\t\t\t<figcaption class='wp-caption-text gallery-caption' id='gallery-1-8502'>\n\t\t\t\tDe otro Tiempo en la Rep\u00fablica Oriental del Uruguay\n\t\t\t\t<\/figcaption><\/figure><figure class='gallery-item'>\n\t\t\t<div class='gallery-icon landscape'>\n\t\t\t\t<a href='https:\/\/www.arquimaster.com.ar\/web\/wp-content\/uploads\/2014\/07\/dot_punta_del_este4.jpg' title=\"De otro Tiempo en la Rep\u00fablica Oriental del Uruguay\" data-rl_title=\"De otro Tiempo en la Rep\u00fablica Oriental del Uruguay\" class=\"rl-gallery-link\" data-rl_caption=\"De otro Tiempo en la Rep\u00fablica Oriental del Uruguay\" data-rel=\"lightbox-gallery-1\"><img loading=\"lazy\" decoding=\"async\" width=\"150\" height=\"150\" src=\"https:\/\/www.arquimaster.com.ar\/web\/wp-content\/uploads\/2014\/07\/dot_punta_del_este4-150x150.jpg\" class=\"attachment-thumbnail size-thumbnail\" alt=\"\" aria-describedby=\"gallery-1-8503\" srcset=\"https:\/\/www.arquimaster.com.ar\/web\/wp-content\/uploads\/2014\/07\/dot_punta_del_este4-150x150.jpg 150w, https:\/\/www.arquimaster.com.ar\/web\/wp-content\/uploads\/2014\/07\/dot_punta_del_este4-50x50.jpg 50w, https:\/\/www.arquimaster.com.ar\/web\/wp-content\/uploads\/2014\/07\/dot_punta_del_este4-125x125.jpg 125w\" sizes=\"auto, (max-width: 150px) 100vw, 150px\" \/><\/a>\n\t\t\t<\/div>\n\t\t\t\t<figcaption class='wp-caption-text gallery-caption' id='gallery-1-8503'>\n\t\t\t\tDe otro Tiempo en la Rep\u00fablica Oriental del Uruguay\n\t\t\t\t<\/figcaption><\/figure><figure class='gallery-item'>\n\t\t\t<div class='gallery-icon landscape'>\n\t\t\t\t<a href='https:\/\/www.arquimaster.com.ar\/web\/wp-content\/uploads\/2014\/07\/dot_punta_del_este5.jpg' title=\"De otro Tiempo en la Rep\u00fablica Oriental del Uruguay\" data-rl_title=\"De otro Tiempo en la Rep\u00fablica Oriental del Uruguay\" class=\"rl-gallery-link\" data-rl_caption=\"De otro Tiempo en la Rep\u00fablica Oriental del Uruguay\" data-rel=\"lightbox-gallery-1\"><img loading=\"lazy\" decoding=\"async\" width=\"150\" height=\"150\" src=\"https:\/\/www.arquimaster.com.ar\/web\/wp-content\/uploads\/2014\/07\/dot_punta_del_este5-150x150.jpg\" class=\"attachment-thumbnail size-thumbnail\" alt=\"\" aria-describedby=\"gallery-1-8504\" srcset=\"https:\/\/www.arquimaster.com.ar\/web\/wp-content\/uploads\/2014\/07\/dot_punta_del_este5-150x150.jpg 150w, https:\/\/www.arquimaster.com.ar\/web\/wp-content\/uploads\/2014\/07\/dot_punta_del_este5-50x50.jpg 50w, https:\/\/www.arquimaster.com.ar\/web\/wp-content\/uploads\/2014\/07\/dot_punta_del_este5-125x125.jpg 125w\" sizes=\"auto, (max-width: 150px) 100vw, 150px\" \/><\/a>\n\t\t\t<\/div>\n\t\t\t\t<figcaption class='wp-caption-text gallery-caption' id='gallery-1-8504'>\n\t\t\t\tDe otro Tiempo en la Rep\u00fablica Oriental del Uruguay\n\t\t\t\t<\/figcaption><\/figure>\n\t\t<\/div>\n\n<p>El objetivo final es obtener en Uruguay, el mismo protagonismo que en la Argentina y para comenzar a conseguirlo, inauguraron el nuevo showroom en la prestigiosa Avenida Italia y calle Rimas.<\/p>\n<p>Respecto a la elecci\u00f3n del emplazamiento, <strong>Andr\u00e9s De C\u00e9sare<\/strong>, responsable Comercial de la firma, explica: <em>\u00abEl constante impulso econ\u00f3mico que experimenta ROU, sumado al boom de la construcci\u00f3n y a la necesidad latente del desembarco de nuevas tendencias en dise\u00f1o, hallamos una oportunidad muy interesante para nuestra marca. Queremos que nuestros amoblamientos est\u00e9n presentes en los principales desarrollos inmobiliarios que se concreten en suelo uruguayo\u00bb<\/em>.<\/p>\n<p>El nuevo espacio crea un entorno perfecto para presentar soluciones destinadas a una amplia gama de estilos de vida, ofreciendo amoblamientos funcionales que posibilitan disfrutar de los espacios y al mismo tiempo representan distintivos y exclusivos elementos de dise\u00f1o.<\/p>\n<p>El showroom cuenta con 250 metros cuadrados, que se convierten en el marco id\u00f3neo para exponer las exclusivas cocinas y vestidores. Las transparencias que materializan la fachada, dejan ver en profundidad los amoblamientos expuestos e invitan a descubrir el espacio en donde la calidez se fusiona con la atenci\u00f3n personalizada por parte de profesionales altamente capacitados.<\/p>\n\n<div style=\"font-size: 0px; height: 0px; line-height: 0px; margin: 0; padding: 0; clear: both;\"><\/div><div style=\"margin-top: 0px; margin-bottom: 0px;\" class=\"sharethis-inline-share-buttons\" ><\/div>","protected":false},"excerpt":{"rendered":"<p>La empresa anuncia su expansi\u00f3n y presencia en nuevos mercados&#8230;<\/p>\n","protected":false},"author":1,"featured_media":8499,"comment_status":"closed","ping_status":"closed","sticky":false,"template":"","format":"standard","meta":{"_uag_custom_page_level_css":"","footnotes":""},"categories":[55,56],"tags":[613,113,114,282,266],"class_list":["post-8498","post","type-post","status-publish","format-standard","has-post-thumbnail","hentry","category-diseno","category-diseno-interior-decoracion","tag-cocina","tag-de-otro-tiempo","tag-muebles-de-cocina","tag-punta-del-este","tag-uruguay","generate-columns","tablet-grid-50","mobile-grid-100","grid-parent","grid-50"],"yoast_head":"<!-- This site is optimized with the Yoast SEO plugin v27.3 - https:\/\/yoast.com\/product\/yoast-seo-wordpress\/ -->\n<title>De otro Tiempo en la Rep\u00fablica Oriental del Uruguay - Arquimaster<\/title>\n<meta name=\"robots\" content=\"index, follow, max-snippet:-1, max-image-preview:large, max-video-preview:-1\" \/>\n<link rel=\"canonical\" href=\"https:\/\/www.arquimaster.com.ar\/web\/de-otro-tiempo-en-la-republica-oriental-del-uruguay\/\" \/>\n<meta property=\"og:locale\" content=\"es_ES\" \/>\n<meta property=\"og:type\" content=\"article\" \/>\n<meta property=\"og:title\" content=\"De otro Tiempo en la Rep\u00fablica Oriental del Uruguay - Arquimaster\" \/>\n<meta property=\"og:description\" content=\"La empresa anuncia su expansi\u00f3n y presencia en nuevos mercados...\" \/>\n<meta property=\"og:url\" content=\"https:\/\/www.arquimaster.com.ar\/web\/de-otro-tiempo-en-la-republica-oriental-del-uruguay\/\" \/>\n<meta property=\"og:site_name\" content=\"Arquimaster\" \/>\n<meta property=\"article:publisher\" content=\"http:\/\/www.facebook.com\/ARQUIMASTER.com.ar\" \/>\n<meta property=\"article:published_time\" content=\"2014-07-20T23:05:00+00:00\" \/>\n<meta property=\"article:modified_time\" content=\"2026-03-28T20:50:14+00:00\" \/>\n<meta property=\"og:image\" content=\"https:\/\/www.arquimaster.com.ar\/web\/wp-content\/uploads\/2014\/07\/dot_punta_del_este_slide.jpg\" \/>\n\t<meta property=\"og:image:width\" content=\"642\" \/>\n\t<meta property=\"og:image:height\" content=\"336\" \/>\n\t<meta property=\"og:image:type\" content=\"image\/jpeg\" \/>\n<meta name=\"author\" content=\"Arquimaster\" \/>\n<meta name=\"twitter:card\" content=\"summary_large_image\" \/>\n<meta name=\"twitter:creator\" content=\"@arquimaster\" \/>\n<meta name=\"twitter:site\" content=\"@arquimaster\" \/>\n<meta name=\"twitter:label1\" content=\"Escrito por\" \/>\n\t<meta name=\"twitter:data1\" content=\"Arquimaster\" \/>\n\t<meta name=\"twitter:label2\" content=\"Tiempo de lectura\" \/>\n\t<meta name=\"twitter:data2\" content=\"2 minutos\" \/>\n<script type=\"application\/ld+json\" class=\"yoast-schema-graph\">{\"@context\":\"https:\\\/\\\/schema.org\",\"@graph\":[{\"@type\":\"Article\",\"@id\":\"https:\\\/\\\/www.arquimaster.com.ar\\\/web\\\/de-otro-tiempo-en-la-republica-oriental-del-uruguay\\\/#article\",\"isPartOf\":{\"@id\":\"https:\\\/\\\/www.arquimaster.com.ar\\\/web\\\/de-otro-tiempo-en-la-republica-oriental-del-uruguay\\\/\"},\"author\":{\"name\":\"Arquimaster\",\"@id\":\"https:\\\/\\\/www.arquimaster.com.ar\\\/web\\\/#\\\/schema\\\/person\\\/359e9f7c00193fcde068e0dd2ceb0028\"},\"headline\":\"De otro Tiempo en la Rep\u00fablica Oriental del Uruguay\",\"datePublished\":\"2014-07-20T23:05:00+00:00\",\"dateModified\":\"2026-03-28T20:50:14+00:00\",\"mainEntityOfPage\":{\"@id\":\"https:\\\/\\\/www.arquimaster.com.ar\\\/web\\\/de-otro-tiempo-en-la-republica-oriental-del-uruguay\\\/\"},\"wordCount\":272,\"publisher\":{\"@id\":\"https:\\\/\\\/www.arquimaster.com.ar\\\/web\\\/#organization\"},\"image\":{\"@id\":\"https:\\\/\\\/www.arquimaster.com.ar\\\/web\\\/de-otro-tiempo-en-la-republica-oriental-del-uruguay\\\/#primaryimage\"},\"thumbnailUrl\":\"https:\\\/\\\/www.arquimaster.com.ar\\\/web\\\/wp-content\\\/uploads\\\/2014\\\/07\\\/dot_punta_del_este_slide.jpg\",\"keywords\":[\"cocina\",\"De Otro Tiempo\",\"muebles de cocina\",\"Punta del Este\",\"Uruguay\"],\"articleSection\":[\"Dise\u00f1o\",\"Dise\u00f1o interior y decoracion\"],\"inLanguage\":\"es\"},{\"@type\":\"WebPage\",\"@id\":\"https:\\\/\\\/www.arquimaster.com.ar\\\/web\\\/de-otro-tiempo-en-la-republica-oriental-del-uruguay\\\/\",\"url\":\"https:\\\/\\\/www.arquimaster.com.ar\\\/web\\\/de-otro-tiempo-en-la-republica-oriental-del-uruguay\\\/\",\"name\":\"De otro Tiempo en la Rep\u00fablica Oriental del Uruguay - Arquimaster\",\"isPartOf\":{\"@id\":\"https:\\\/\\\/www.arquimaster.com.ar\\\/web\\\/#website\"},\"primaryImageOfPage\":{\"@id\":\"https:\\\/\\\/www.arquimaster.com.ar\\\/web\\\/de-otro-tiempo-en-la-republica-oriental-del-uruguay\\\/#primaryimage\"},\"image\":{\"@id\":\"https:\\\/\\\/www.arquimaster.com.ar\\\/web\\\/de-otro-tiempo-en-la-republica-oriental-del-uruguay\\\/#primaryimage\"},\"thumbnailUrl\":\"https:\\\/\\\/www.arquimaster.com.ar\\\/web\\\/wp-content\\\/uploads\\\/2014\\\/07\\\/dot_punta_del_este_slide.jpg\",\"datePublished\":\"2014-07-20T23:05:00+00:00\",\"dateModified\":\"2026-03-28T20:50:14+00:00\",\"breadcrumb\":{\"@id\":\"https:\\\/\\\/www.arquimaster.com.ar\\\/web\\\/de-otro-tiempo-en-la-republica-oriental-del-uruguay\\\/#breadcrumb\"},\"inLanguage\":\"es\",\"potentialAction\":[{\"@type\":\"ReadAction\",\"target\":[\"https:\\\/\\\/www.arquimaster.com.ar\\\/web\\\/de-otro-tiempo-en-la-republica-oriental-del-uruguay\\\/\"]}]},{\"@type\":\"ImageObject\",\"inLanguage\":\"es\",\"@id\":\"https:\\\/\\\/www.arquimaster.com.ar\\\/web\\\/de-otro-tiempo-en-la-republica-oriental-del-uruguay\\\/#primaryimage\",\"url\":\"https:\\\/\\\/www.arquimaster.com.ar\\\/web\\\/wp-content\\\/uploads\\\/2014\\\/07\\\/dot_punta_del_este_slide.jpg\",\"contentUrl\":\"https:\\\/\\\/www.arquimaster.com.ar\\\/web\\\/wp-content\\\/uploads\\\/2014\\\/07\\\/dot_punta_del_este_slide.jpg\",\"width\":642,\"height\":336},{\"@type\":\"BreadcrumbList\",\"@id\":\"https:\\\/\\\/www.arquimaster.com.ar\\\/web\\\/de-otro-tiempo-en-la-republica-oriental-del-uruguay\\\/#breadcrumb\",\"itemListElement\":[{\"@type\":\"ListItem\",\"position\":1,\"name\":\"Portada\",\"item\":\"https:\\\/\\\/www.arquimaster.com.ar\\\/web\\\/\"},{\"@type\":\"ListItem\",\"position\":2,\"name\":\"De otro Tiempo en la Rep\u00fablica Oriental del Uruguay\"}]},{\"@type\":\"WebSite\",\"@id\":\"https:\\\/\\\/www.arquimaster.com.ar\\\/web\\\/#website\",\"url\":\"https:\\\/\\\/www.arquimaster.com.ar\\\/web\\\/\",\"name\":\"Arquimaster\",\"description\":\"Web de arquitectura, dise\u00f1o y construccion\",\"publisher\":{\"@id\":\"https:\\\/\\\/www.arquimaster.com.ar\\\/web\\\/#organization\"},\"potentialAction\":[{\"@type\":\"SearchAction\",\"target\":{\"@type\":\"EntryPoint\",\"urlTemplate\":\"https:\\\/\\\/www.arquimaster.com.ar\\\/web\\\/?s={search_term_string}\"},\"query-input\":{\"@type\":\"PropertyValueSpecification\",\"valueRequired\":true,\"valueName\":\"search_term_string\"}}],\"inLanguage\":\"es\"},{\"@type\":\"Organization\",\"@id\":\"https:\\\/\\\/www.arquimaster.com.ar\\\/web\\\/#organization\",\"name\":\"Arquimaster\",\"url\":\"https:\\\/\\\/www.arquimaster.com.ar\\\/web\\\/\",\"logo\":{\"@type\":\"ImageObject\",\"inLanguage\":\"es\",\"@id\":\"https:\\\/\\\/www.arquimaster.com.ar\\\/web\\\/#\\\/schema\\\/logo\\\/image\\\/\",\"url\":\"https:\\\/\\\/www.arquimaster.com.ar\\\/web\\\/wp-content\\\/uploads\\\/2022\\\/06\\\/arquimaster.png\",\"contentUrl\":\"https:\\\/\\\/www.arquimaster.com.ar\\\/web\\\/wp-content\\\/uploads\\\/2022\\\/06\\\/arquimaster.png\",\"width\":594,\"height\":78,\"caption\":\"Arquimaster\"},\"image\":{\"@id\":\"https:\\\/\\\/www.arquimaster.com.ar\\\/web\\\/#\\\/schema\\\/logo\\\/image\\\/\"},\"sameAs\":[\"http:\\\/\\\/www.facebook.com\\\/ARQUIMASTER.com.ar\",\"https:\\\/\\\/x.com\\\/arquimaster\",\"https:\\\/\\\/www.instagram.com\\\/arquimasterblog\\\/\",\"https:\\\/\\\/www.linkedin.com\\\/company\\\/arquimaster\",\"https:\\\/\\\/www.pinterest.com\\\/arquimaster\",\"https:\\\/\\\/t.me\\\/arquimaster\"]},{\"@type\":\"Person\",\"@id\":\"https:\\\/\\\/www.arquimaster.com.ar\\\/web\\\/#\\\/schema\\\/person\\\/359e9f7c00193fcde068e0dd2ceb0028\",\"name\":\"Arquimaster\"}]}<\/script>\n<!-- \/ Yoast SEO plugin. -->","yoast_head_json":{"title":"De otro Tiempo en la Rep\u00fablica Oriental del Uruguay - Arquimaster","robots":{"index":"index","follow":"follow","max-snippet":"max-snippet:-1","max-image-preview":"max-image-preview:large","max-video-preview":"max-video-preview:-1"},"canonical":"https:\/\/www.arquimaster.com.ar\/web\/de-otro-tiempo-en-la-republica-oriental-del-uruguay\/","og_locale":"es_ES","og_type":"article","og_title":"De otro Tiempo en la Rep\u00fablica Oriental del Uruguay - Arquimaster","og_description":"La empresa anuncia su expansi\u00f3n y presencia en nuevos mercados...","og_url":"https:\/\/www.arquimaster.com.ar\/web\/de-otro-tiempo-en-la-republica-oriental-del-uruguay\/","og_site_name":"Arquimaster","article_publisher":"http:\/\/www.facebook.com\/ARQUIMASTER.com.ar","article_published_time":"2014-07-20T23:05:00+00:00","article_modified_time":"2026-03-28T20:50:14+00:00","og_image":[{"width":642,"height":336,"url":"https:\/\/www.arquimaster.com.ar\/web\/wp-content\/uploads\/2014\/07\/dot_punta_del_este_slide.jpg","type":"image\/jpeg"}],"author":"Arquimaster","twitter_card":"summary_large_image","twitter_creator":"@arquimaster","twitter_site":"@arquimaster","twitter_misc":{"Escrito por":"Arquimaster","Tiempo de lectura":"2 minutos"},"schema":{"@context":"https:\/\/schema.org","@graph":[{"@type":"Article","@id":"https:\/\/www.arquimaster.com.ar\/web\/de-otro-tiempo-en-la-republica-oriental-del-uruguay\/#article","isPartOf":{"@id":"https:\/\/www.arquimaster.com.ar\/web\/de-otro-tiempo-en-la-republica-oriental-del-uruguay\/"},"author":{"name":"Arquimaster","@id":"https:\/\/www.arquimaster.com.ar\/web\/#\/schema\/person\/359e9f7c00193fcde068e0dd2ceb0028"},"headline":"De otro Tiempo en la Rep\u00fablica Oriental del Uruguay","datePublished":"2014-07-20T23:05:00+00:00","dateModified":"2026-03-28T20:50:14+00:00","mainEntityOfPage":{"@id":"https:\/\/www.arquimaster.com.ar\/web\/de-otro-tiempo-en-la-republica-oriental-del-uruguay\/"},"wordCount":272,"publisher":{"@id":"https:\/\/www.arquimaster.com.ar\/web\/#organization"},"image":{"@id":"https:\/\/www.arquimaster.com.ar\/web\/de-otro-tiempo-en-la-republica-oriental-del-uruguay\/#primaryimage"},"thumbnailUrl":"https:\/\/www.arquimaster.com.ar\/web\/wp-content\/uploads\/2014\/07\/dot_punta_del_este_slide.jpg","keywords":["cocina","De Otro Tiempo","muebles de cocina","Punta del Este","Uruguay"],"articleSection":["Dise\u00f1o","Dise\u00f1o interior y decoracion"],"inLanguage":"es"},{"@type":"WebPage","@id":"https:\/\/www.arquimaster.com.ar\/web\/de-otro-tiempo-en-la-republica-oriental-del-uruguay\/","url":"https:\/\/www.arquimaster.com.ar\/web\/de-otro-tiempo-en-la-republica-oriental-del-uruguay\/","name":"De otro Tiempo en la Rep\u00fablica Oriental del Uruguay - Arquimaster","isPartOf":{"@id":"https:\/\/www.arquimaster.com.ar\/web\/#website"},"primaryImageOfPage":{"@id":"https:\/\/www.arquimaster.com.ar\/web\/de-otro-tiempo-en-la-republica-oriental-del-uruguay\/#primaryimage"},"image":{"@id":"https:\/\/www.arquimaster.com.ar\/web\/de-otro-tiempo-en-la-republica-oriental-del-uruguay\/#primaryimage"},"thumbnailUrl":"https:\/\/www.arquimaster.com.ar\/web\/wp-content\/uploads\/2014\/07\/dot_punta_del_este_slide.jpg","datePublished":"2014-07-20T23:05:00+00:00","dateModified":"2026-03-28T20:50:14+00:00","breadcrumb":{"@id":"https:\/\/www.arquimaster.com.ar\/web\/de-otro-tiempo-en-la-republica-oriental-del-uruguay\/#breadcrumb"},"inLanguage":"es","potentialAction":[{"@type":"ReadAction","target":["https:\/\/www.arquimaster.com.ar\/web\/de-otro-tiempo-en-la-republica-oriental-del-uruguay\/"]}]},{"@type":"ImageObject","inLanguage":"es","@id":"https:\/\/www.arquimaster.com.ar\/web\/de-otro-tiempo-en-la-republica-oriental-del-uruguay\/#primaryimage","url":"https:\/\/www.arquimaster.com.ar\/web\/wp-content\/uploads\/2014\/07\/dot_punta_del_este_slide.jpg","contentUrl":"https:\/\/www.arquimaster.com.ar\/web\/wp-content\/uploads\/2014\/07\/dot_punta_del_este_slide.jpg","width":642,"height":336},{"@type":"BreadcrumbList","@id":"https:\/\/www.arquimaster.com.ar\/web\/de-otro-tiempo-en-la-republica-oriental-del-uruguay\/#breadcrumb","itemListElement":[{"@type":"ListItem","position":1,"name":"Portada","item":"https:\/\/www.arquimaster.com.ar\/web\/"},{"@type":"ListItem","position":2,"name":"De otro Tiempo en la Rep\u00fablica Oriental del Uruguay"}]},{"@type":"WebSite","@id":"https:\/\/www.arquimaster.com.ar\/web\/#website","url":"https:\/\/www.arquimaster.com.ar\/web\/","name":"Arquimaster","description":"Web de arquitectura, dise\u00f1o y construccion","publisher":{"@id":"https:\/\/www.arquimaster.com.ar\/web\/#organization"},"potentialAction":[{"@type":"SearchAction","target":{"@type":"EntryPoint","urlTemplate":"https:\/\/www.arquimaster.com.ar\/web\/?s={search_term_string}"},"query-input":{"@type":"PropertyValueSpecification","valueRequired":true,"valueName":"search_term_string"}}],"inLanguage":"es"},{"@type":"Organization","@id":"https:\/\/www.arquimaster.com.ar\/web\/#organization","name":"Arquimaster","url":"https:\/\/www.arquimaster.com.ar\/web\/","logo":{"@type":"ImageObject","inLanguage":"es","@id":"https:\/\/www.arquimaster.com.ar\/web\/#\/schema\/logo\/image\/","url":"https:\/\/www.arquimaster.com.ar\/web\/wp-content\/uploads\/2022\/06\/arquimaster.png","contentUrl":"https:\/\/www.arquimaster.com.ar\/web\/wp-content\/uploads\/2022\/06\/arquimaster.png","width":594,"height":78,"caption":"Arquimaster"},"image":{"@id":"https:\/\/www.arquimaster.com.ar\/web\/#\/schema\/logo\/image\/"},"sameAs":["http:\/\/www.facebook.com\/ARQUIMASTER.com.ar","https:\/\/x.com\/arquimaster","https:\/\/www.instagram.com\/arquimasterblog\/","https:\/\/www.linkedin.com\/company\/arquimaster","https:\/\/www.pinterest.com\/arquimaster","https:\/\/t.me\/arquimaster"]},{"@type":"Person","@id":"https:\/\/www.arquimaster.com.ar\/web\/#\/schema\/person\/359e9f7c00193fcde068e0dd2ceb0028","name":"Arquimaster"}]}},"uagb_featured_image_src":{"full":["https:\/\/www.arquimaster.com.ar\/web\/wp-content\/uploads\/2014\/07\/dot_punta_del_este_slide.jpg",642,336,false],"thumbnail":["https:\/\/www.arquimaster.com.ar\/web\/wp-content\/uploads\/2014\/07\/dot_punta_del_este_slide-150x150.jpg",150,150,true],"medium":["https:\/\/www.arquimaster.com.ar\/web\/wp-content\/uploads\/2014\/07\/dot_punta_del_este_slide-300x157.jpg",300,157,true],"medium_large":["https:\/\/www.arquimaster.com.ar\/web\/wp-content\/uploads\/2014\/07\/dot_punta_del_este_slide.jpg",642,336,false],"large":["https:\/\/www.arquimaster.com.ar\/web\/wp-content\/uploads\/2014\/07\/dot_punta_del_este_slide.jpg",642,336,false],"1536x1536":["https:\/\/www.arquimaster.com.ar\/web\/wp-content\/uploads\/2014\/07\/dot_punta_del_este_slide.jpg",642,336,false],"2048x2048":["https:\/\/www.arquimaster.com.ar\/web\/wp-content\/uploads\/2014\/07\/dot_punta_del_este_slide.jpg",642,336,false]},"uagb_author_info":{"display_name":"Arquimaster","author_link":"https:\/\/www.arquimaster.com.ar\/web\/author\/arquimaster\/"},"uagb_comment_info":0,"uagb_excerpt":"La empresa anuncia su expansi\u00f3n y presencia en nuevos mercados...","_links":{"self":[{"href":"https:\/\/www.arquimaster.com.ar\/web\/wp-json\/wp\/v2\/posts\/8498","targetHints":{"allow":["GET"]}}],"collection":[{"href":"https:\/\/www.arquimaster.com.ar\/web\/wp-json\/wp\/v2\/posts"}],"about":[{"href":"https:\/\/www.arquimaster.com.ar\/web\/wp-json\/wp\/v2\/types\/post"}],"author":[{"embeddable":true,"href":"https:\/\/www.arquimaster.com.ar\/web\/wp-json\/wp\/v2\/users\/1"}],"replies":[{"embeddable":true,"href":"https:\/\/www.arquimaster.com.ar\/web\/wp-json\/wp\/v2\/comments?post=8498"}],"version-history":[{"count":1,"href":"https:\/\/www.arquimaster.com.ar\/web\/wp-json\/wp\/v2\/posts\/8498\/revisions"}],"predecessor-version":[{"id":87911,"href":"https:\/\/www.arquimaster.com.ar\/web\/wp-json\/wp\/v2\/posts\/8498\/revisions\/87911"}],"wp:featuredmedia":[{"embeddable":true,"href":"https:\/\/www.arquimaster.com.ar\/web\/wp-json\/wp\/v2\/media\/8499"}],"wp:attachment":[{"href":"https:\/\/www.arquimaster.com.ar\/web\/wp-json\/wp\/v2\/media?parent=8498"}],"wp:term":[{"taxonomy":"category","embeddable":true,"href":"https:\/\/www.arquimaster.com.ar\/web\/wp-json\/wp\/v2\/categories?post=8498"},{"taxonomy":"post_tag","embeddable":true,"href":"https:\/\/www.arquimaster.com.ar\/web\/wp-json\/wp\/v2\/tags?post=8498"}],"curies":[{"name":"wp","href":"https:\/\/api.w.org\/{rel}","templated":true}]}}