{"id":8600,"date":"2014-07-22T23:45:13","date_gmt":"2014-07-22T23:45:13","guid":{"rendered":"http:\/\/www.arquimaster.com.ar\/web\/?p=8600"},"modified":"2026-03-28T16:35:20","modified_gmt":"2026-03-28T19:35:20","slug":"madera-clara-en-el-bano-visualmente-ligero-con-una-nota-autentica","status":"publish","type":"post","link":"https:\/\/www.arquimaster.com.ar\/web\/madera-clara-en-el-bano-visualmente-ligero-con-una-nota-autentica\/","title":{"rendered":"Madera clara en el ba\u00f1o, visualmente ligero con una nota aut\u00e9ntica"},"content":{"rendered":"<div style=\"margin-top: 0px; margin-bottom: 0px;\" class=\"sharethis-inline-share-buttons\" ><\/div><div class=\"b812932af2e751442846f039925109de\" data-index=\"1\" style=\"float: none; margin:25px 0 25px 0; text-align:center;\">\n<script async src=\"https:\/\/pagead2.googlesyndication.com\/pagead\/js\/adsbygoogle.js\"><\/script>\r\n<!-- Arquimaster (superior) -->\r\n<ins class=\"adsbygoogle\"\r\n     style=\"display:block\"\r\n     data-ad-client=\"ca-pub-6351072698456832\"\r\n     data-ad-slot=\"6455489680\"\r\n     data-ad-format=\"auto\"\r\n     data-full-width-responsive=\"true\"><\/ins>\r\n<script>\r\n     (adsbygoogle = window.adsbygoogle || []).push({});\r\n<\/script>\n<\/div>\n<p>Un pedazo de naturaleza en el ba\u00f1o: la madera proporciona con su aspecto aut\u00e9ntico y su color un ambiente c\u00e1lido. Aparte de los matices oscuros como Nogal o Wenge los acabados de madera claros conquistan cada vez m\u00e1s el ba\u00f1o.<\/p>\n<div id='gallery-1' class='gallery galleryid-8600 gallery-columns-3 gallery-size-thumbnail'><figure class='gallery-item'>\n\t\t\t<div class='gallery-icon landscape'>\n\t\t\t\t<a href='https:\/\/www.arquimaster.com.ar\/web\/wp-content\/uploads\/2014\/07\/duravit_madera_clara11.jpg' title=\"Madera clara en el ba\u00f1o, visualmente ligero con una nota aut\u00e9ntica\" data-rl_title=\"Madera clara en el ba\u00f1o, visualmente ligero con una nota aut\u00e9ntica\" class=\"rl-gallery-link\" data-rl_caption=\"Madera clara en el ba\u00f1o, visualmente ligero con una nota aut\u00e9ntica\" data-rel=\"lightbox-gallery-1\"><img loading=\"lazy\" decoding=\"async\" width=\"150\" height=\"150\" src=\"https:\/\/www.arquimaster.com.ar\/web\/wp-content\/uploads\/2014\/07\/duravit_madera_clara11-150x150.jpg\" class=\"attachment-thumbnail size-thumbnail\" alt=\"\" aria-describedby=\"gallery-1-8607\" srcset=\"https:\/\/www.arquimaster.com.ar\/web\/wp-content\/uploads\/2014\/07\/duravit_madera_clara11-150x150.jpg 150w, https:\/\/www.arquimaster.com.ar\/web\/wp-content\/uploads\/2014\/07\/duravit_madera_clara11-50x50.jpg 50w, https:\/\/www.arquimaster.com.ar\/web\/wp-content\/uploads\/2014\/07\/duravit_madera_clara11-125x125.jpg 125w\" sizes=\"auto, (max-width: 150px) 100vw, 150px\" \/><\/a>\n\t\t\t<\/div>\n\t\t\t\t<figcaption class='wp-caption-text gallery-caption' id='gallery-1-8607'>\n\t\t\t\tMadera clara en el ba\u00f1o, visualmente ligero con una nota aut\u00e9ntica\n\t\t\t\t<\/figcaption><\/figure><figure class='gallery-item'>\n\t\t\t<div class='gallery-icon portrait'>\n\t\t\t\t<a href='https:\/\/www.arquimaster.com.ar\/web\/wp-content\/uploads\/2014\/07\/duravit_madera_clara2.jpg' title=\"Madera clara en el ba\u00f1o, visualmente ligero con una nota aut\u00e9ntica\" data-rl_title=\"Madera clara en el ba\u00f1o, visualmente ligero con una nota aut\u00e9ntica\" class=\"rl-gallery-link\" data-rl_caption=\"Madera clara en el ba\u00f1o, visualmente ligero con una nota aut\u00e9ntica\" data-rel=\"lightbox-gallery-1\"><img loading=\"lazy\" decoding=\"async\" width=\"150\" height=\"150\" src=\"https:\/\/www.arquimaster.com.ar\/web\/wp-content\/uploads\/2014\/07\/duravit_madera_clara2-150x150.jpg\" class=\"attachment-thumbnail size-thumbnail\" alt=\"\" aria-describedby=\"gallery-1-8603\" srcset=\"https:\/\/www.arquimaster.com.ar\/web\/wp-content\/uploads\/2014\/07\/duravit_madera_clara2-150x150.jpg 150w, https:\/\/www.arquimaster.com.ar\/web\/wp-content\/uploads\/2014\/07\/duravit_madera_clara2-50x50.jpg 50w, https:\/\/www.arquimaster.com.ar\/web\/wp-content\/uploads\/2014\/07\/duravit_madera_clara2-125x125.jpg 125w\" sizes=\"auto, (max-width: 150px) 100vw, 150px\" \/><\/a>\n\t\t\t<\/div>\n\t\t\t\t<figcaption class='wp-caption-text gallery-caption' id='gallery-1-8603'>\n\t\t\t\tMadera clara en el ba\u00f1o, visualmente ligero con una nota aut\u00e9ntica\n\t\t\t\t<\/figcaption><\/figure><figure class='gallery-item'>\n\t\t\t<div class='gallery-icon portrait'>\n\t\t\t\t<a href='https:\/\/www.arquimaster.com.ar\/web\/wp-content\/uploads\/2014\/07\/duravit_madera_clara3.jpg' title=\"Madera clara en el ba\u00f1o, visualmente ligero con una nota aut\u00e9ntica\" data-rl_title=\"Madera clara en el ba\u00f1o, visualmente ligero con una nota aut\u00e9ntica\" class=\"rl-gallery-link\" data-rl_caption=\"Madera clara en el ba\u00f1o, visualmente ligero con una nota aut\u00e9ntica\" data-rel=\"lightbox-gallery-1\"><img loading=\"lazy\" decoding=\"async\" width=\"150\" height=\"150\" src=\"https:\/\/www.arquimaster.com.ar\/web\/wp-content\/uploads\/2014\/07\/duravit_madera_clara3-150x150.jpg\" class=\"attachment-thumbnail size-thumbnail\" alt=\"\" aria-describedby=\"gallery-1-8604\" srcset=\"https:\/\/www.arquimaster.com.ar\/web\/wp-content\/uploads\/2014\/07\/duravit_madera_clara3-150x150.jpg 150w, https:\/\/www.arquimaster.com.ar\/web\/wp-content\/uploads\/2014\/07\/duravit_madera_clara3-50x50.jpg 50w, https:\/\/www.arquimaster.com.ar\/web\/wp-content\/uploads\/2014\/07\/duravit_madera_clara3-125x125.jpg 125w\" sizes=\"auto, (max-width: 150px) 100vw, 150px\" \/><\/a>\n\t\t\t<\/div>\n\t\t\t\t<figcaption class='wp-caption-text gallery-caption' id='gallery-1-8604'>\n\t\t\t\tMadera clara en el ba\u00f1o, visualmente ligero con una nota aut\u00e9ntica\n\t\t\t\t<\/figcaption><\/figure><figure class='gallery-item'>\n\t\t\t<div class='gallery-icon portrait'>\n\t\t\t\t<a href='https:\/\/www.arquimaster.com.ar\/web\/wp-content\/uploads\/2014\/07\/duravit_madera_clara4.jpg' title=\"Madera clara en el ba\u00f1o, visualmente ligero con una nota aut\u00e9ntica\" data-rl_title=\"Madera clara en el ba\u00f1o, visualmente ligero con una nota aut\u00e9ntica\" class=\"rl-gallery-link\" data-rl_caption=\"Madera clara en el ba\u00f1o, visualmente ligero con una nota aut\u00e9ntica\" data-rel=\"lightbox-gallery-1\"><img loading=\"lazy\" decoding=\"async\" width=\"150\" height=\"150\" src=\"https:\/\/www.arquimaster.com.ar\/web\/wp-content\/uploads\/2014\/07\/duravit_madera_clara4-150x150.jpg\" class=\"attachment-thumbnail size-thumbnail\" alt=\"\" aria-describedby=\"gallery-1-8605\" srcset=\"https:\/\/www.arquimaster.com.ar\/web\/wp-content\/uploads\/2014\/07\/duravit_madera_clara4-150x150.jpg 150w, https:\/\/www.arquimaster.com.ar\/web\/wp-content\/uploads\/2014\/07\/duravit_madera_clara4-50x50.jpg 50w, https:\/\/www.arquimaster.com.ar\/web\/wp-content\/uploads\/2014\/07\/duravit_madera_clara4-125x125.jpg 125w\" sizes=\"auto, (max-width: 150px) 100vw, 150px\" \/><\/a>\n\t\t\t<\/div>\n\t\t\t\t<figcaption class='wp-caption-text gallery-caption' id='gallery-1-8605'>\n\t\t\t\tMadera clara en el ba\u00f1o, visualmente ligero con una nota aut\u00e9ntica\n\t\t\t\t<\/figcaption><\/figure><figure class='gallery-item'>\n\t\t\t<div class='gallery-icon portrait'>\n\t\t\t\t<a href='https:\/\/www.arquimaster.com.ar\/web\/wp-content\/uploads\/2014\/07\/duravit_madera_clara5.jpg' title=\"Madera clara en el ba\u00f1o, visualmente ligero con una nota aut\u00e9ntica\" data-rl_title=\"Madera clara en el ba\u00f1o, visualmente ligero con una nota aut\u00e9ntica\" class=\"rl-gallery-link\" data-rl_caption=\"Madera clara en el ba\u00f1o, visualmente ligero con una nota aut\u00e9ntica\" data-rel=\"lightbox-gallery-1\"><img loading=\"lazy\" decoding=\"async\" width=\"150\" height=\"150\" src=\"https:\/\/www.arquimaster.com.ar\/web\/wp-content\/uploads\/2014\/07\/duravit_madera_clara5-150x150.jpg\" class=\"attachment-thumbnail size-thumbnail\" alt=\"\" aria-describedby=\"gallery-1-8606\" srcset=\"https:\/\/www.arquimaster.com.ar\/web\/wp-content\/uploads\/2014\/07\/duravit_madera_clara5-150x150.jpg 150w, https:\/\/www.arquimaster.com.ar\/web\/wp-content\/uploads\/2014\/07\/duravit_madera_clara5-50x50.jpg 50w, https:\/\/www.arquimaster.com.ar\/web\/wp-content\/uploads\/2014\/07\/duravit_madera_clara5-125x125.jpg 125w\" sizes=\"auto, (max-width: 150px) 100vw, 150px\" \/><\/a>\n\t\t\t<\/div>\n\t\t\t\t<figcaption class='wp-caption-text gallery-caption' id='gallery-1-8606'>\n\t\t\t\tMadera clara en el ba\u00f1o, visualmente ligero con una nota aut\u00e9ntica\n\t\t\t\t<\/figcaption><\/figure>\n\t\t<\/div>\n\n<p>Al contrario de los tonos oscuros las maderas claras manifiestan una ligereza \u00f3ptica. Las maderas del tipo roble reflejan la luz y ampl\u00edan as\u00ed, sobre todo, ba\u00f1os peque\u00f1os. Las maderas claras permiten muchas combinaciones y proporcionan oportunidades para el estilo propio.<\/p>\n<p>El dise\u00f1ador <strong>Kurt Merki Jr.<\/strong> interpreta los tonos de madera claros en su colecci\u00f3n de muebles Vero con una est\u00e9tica purista. La serie de Duravit con su elemental lenguaje de formas pone fuertes acentos en el espacio: las vetas son alineadas de forma horizontal y el tirador cromado colocado en vertical.<\/p>\n<p>Ambos detalles proporcionan en su interrelaci\u00f3n un aspecto muy expresivo. Los tonos claros de la madera aut\u00e9ntica del \u00abroble mediterr\u00e1neo\u00bb, aumentado por la iluminaci\u00f3n LED, crean un ambiente natural en el ba\u00f1o.<\/p>\n<p>Con sus delicadas proporciones y la fineza del dise\u00f1o, <strong>X-Large<\/strong> de <strong>Sieger Design<\/strong> acent\u00faa el car\u00e1cter arquitect\u00f3nico de la madera clara. Las l\u00edneas finas de la serie aportan una trasparencia visual al ba\u00f1o.<\/p>\n<p>El contorno del canto frontal del mueble dispone de un grosor de 24 mm pero visible solo en una altura reducida de 12 mm. Mediante este ajuste las encimeras y los muebles lavabos obtienen una l\u00ednea de sombra que los hace aparecer como si estuvieran flotando.<\/p>\n<p>En la chapa de madera aut\u00e9ntica de Roble cepillado X-Large convence con su aspecto natural en el ba\u00f1o. Otros siete acabados adicionales proporcionan espacio para una distribuci\u00f3n individualizado del color.<\/p>\n<p>El colectivo de dise\u00f1adores <strong>EOOS<\/strong> apuesta con la serie <strong>Delos<\/strong> por una elegancia estil\u00edstica y reducida en el ba\u00f1o. El dise\u00f1o geom\u00e9trico y estricto de la colecci\u00f3n de muebles no es interrumpido por ning\u00fan tirador.<\/p>\n<p>La puerta sobresale un poco lateralmente y permiten as\u00ed la apertura de los muebles. Con el aspecto de cepillado en relieve subraya la chapa de madera aut\u00e9ntica del roble claro el alto valor de la serie y proporciona al mismo tiempo una nota aut\u00e9ntica en el ba\u00f1o.<\/p>\n\n<div style=\"font-size: 0px; height: 0px; line-height: 0px; margin: 0; padding: 0; clear: both;\"><\/div><div style=\"margin-top: 0px; margin-bottom: 0px;\" class=\"sharethis-inline-share-buttons\" ><\/div>","protected":false},"excerpt":{"rendered":"<p>Al contrario de los tonos oscuros las maderas claras manifiestan una ligereza \u00f3ptica&#8230;<\/p>\n","protected":false},"author":1,"featured_media":8601,"comment_status":"closed","ping_status":"closed","sticky":false,"template":"","format":"standard","meta":{"_uag_custom_page_level_css":"","footnotes":""},"categories":[55,56],"tags":[327,332,2338,329,2312,2212,701,2210,2230,2339,2340,341,2341,340],"class_list":["post-8600","post","type-post","status-publish","format-standard","has-post-thumbnail","hentry","category-diseno","category-diseno-interior-decoracion","tag-bano","tag-cuarto-de-bano","tag-delos","tag-duravit","tag-eoos","tag-kurt-merki-jr","tag-madera","tag-muebles-de-bano","tag-nogal","tag-roble","tag-roble-mediterraneo","tag-sieger-design","tag-wenge","tag-x-large","generate-columns","tablet-grid-50","mobile-grid-100","grid-parent","grid-50"],"yoast_head":"<!-- This site is optimized with the Yoast SEO plugin v27.3 - https:\/\/yoast.com\/product\/yoast-seo-wordpress\/ -->\n<title>Madera clara en el ba\u00f1o, visualmente ligero con una nota aut\u00e9ntica - Arquimaster<\/title>\n<meta name=\"robots\" content=\"index, follow, max-snippet:-1, max-image-preview:large, max-video-preview:-1\" \/>\n<link rel=\"canonical\" href=\"https:\/\/www.arquimaster.com.ar\/web\/madera-clara-en-el-bano-visualmente-ligero-con-una-nota-autentica\/\" \/>\n<meta property=\"og:locale\" content=\"es_ES\" \/>\n<meta property=\"og:type\" content=\"article\" \/>\n<meta property=\"og:title\" content=\"Madera clara en el ba\u00f1o, visualmente ligero con una nota aut\u00e9ntica - Arquimaster\" \/>\n<meta property=\"og:description\" content=\"Al contrario de los tonos oscuros las maderas claras manifiestan una ligereza \u00f3ptica...\" \/>\n<meta property=\"og:url\" content=\"https:\/\/www.arquimaster.com.ar\/web\/madera-clara-en-el-bano-visualmente-ligero-con-una-nota-autentica\/\" \/>\n<meta property=\"og:site_name\" content=\"Arquimaster\" \/>\n<meta property=\"article:publisher\" content=\"http:\/\/www.facebook.com\/ARQUIMASTER.com.ar\" \/>\n<meta property=\"article:published_time\" content=\"2014-07-22T23:45:13+00:00\" \/>\n<meta property=\"article:modified_time\" content=\"2026-03-28T19:35:20+00:00\" \/>\n<meta property=\"og:image\" content=\"https:\/\/www.arquimaster.com.ar\/web\/wp-content\/uploads\/2014\/07\/duravit_madera_clara_slide.jpg\" \/>\n\t<meta property=\"og:image:width\" content=\"642\" \/>\n\t<meta property=\"og:image:height\" content=\"336\" \/>\n\t<meta property=\"og:image:type\" content=\"image\/jpeg\" \/>\n<meta name=\"author\" content=\"Arquimaster\" \/>\n<meta name=\"twitter:card\" content=\"summary_large_image\" \/>\n<meta name=\"twitter:creator\" content=\"@arquimaster\" \/>\n<meta name=\"twitter:site\" content=\"@arquimaster\" \/>\n<meta name=\"twitter:label1\" content=\"Escrito por\" \/>\n\t<meta name=\"twitter:data1\" content=\"Arquimaster\" \/>\n\t<meta name=\"twitter:label2\" content=\"Tiempo de lectura\" \/>\n\t<meta name=\"twitter:data2\" content=\"2 minutos\" \/>\n<script type=\"application\/ld+json\" class=\"yoast-schema-graph\">{\"@context\":\"https:\\\/\\\/schema.org\",\"@graph\":[{\"@type\":\"Article\",\"@id\":\"https:\\\/\\\/www.arquimaster.com.ar\\\/web\\\/madera-clara-en-el-bano-visualmente-ligero-con-una-nota-autentica\\\/#article\",\"isPartOf\":{\"@id\":\"https:\\\/\\\/www.arquimaster.com.ar\\\/web\\\/madera-clara-en-el-bano-visualmente-ligero-con-una-nota-autentica\\\/\"},\"author\":{\"name\":\"Arquimaster\",\"@id\":\"https:\\\/\\\/www.arquimaster.com.ar\\\/web\\\/#\\\/schema\\\/person\\\/359e9f7c00193fcde068e0dd2ceb0028\"},\"headline\":\"Madera clara en el ba\u00f1o, visualmente ligero con una nota aut\u00e9ntica\",\"datePublished\":\"2014-07-22T23:45:13+00:00\",\"dateModified\":\"2026-03-28T19:35:20+00:00\",\"mainEntityOfPage\":{\"@id\":\"https:\\\/\\\/www.arquimaster.com.ar\\\/web\\\/madera-clara-en-el-bano-visualmente-ligero-con-una-nota-autentica\\\/\"},\"wordCount\":406,\"publisher\":{\"@id\":\"https:\\\/\\\/www.arquimaster.com.ar\\\/web\\\/#organization\"},\"image\":{\"@id\":\"https:\\\/\\\/www.arquimaster.com.ar\\\/web\\\/madera-clara-en-el-bano-visualmente-ligero-con-una-nota-autentica\\\/#primaryimage\"},\"thumbnailUrl\":\"https:\\\/\\\/www.arquimaster.com.ar\\\/web\\\/wp-content\\\/uploads\\\/2014\\\/07\\\/duravit_madera_clara_slide.jpg\",\"keywords\":[\"ba\u00f1o\",\"cuarto de ba\u00f1o\",\"Delos\",\"Duravit\",\"EOOS\",\"Kurt Merki Jr.\",\"madera\",\"muebles de ba\u00f1o\",\"nogal\",\"roble\",\"roble mediterraneo\",\"Sieger Design\",\"wenge\",\"X-Large\"],\"articleSection\":[\"Dise\u00f1o\",\"Dise\u00f1o interior y decoracion\"],\"inLanguage\":\"es\"},{\"@type\":\"WebPage\",\"@id\":\"https:\\\/\\\/www.arquimaster.com.ar\\\/web\\\/madera-clara-en-el-bano-visualmente-ligero-con-una-nota-autentica\\\/\",\"url\":\"https:\\\/\\\/www.arquimaster.com.ar\\\/web\\\/madera-clara-en-el-bano-visualmente-ligero-con-una-nota-autentica\\\/\",\"name\":\"Madera clara en el ba\u00f1o, visualmente ligero con una nota aut\u00e9ntica - Arquimaster\",\"isPartOf\":{\"@id\":\"https:\\\/\\\/www.arquimaster.com.ar\\\/web\\\/#website\"},\"primaryImageOfPage\":{\"@id\":\"https:\\\/\\\/www.arquimaster.com.ar\\\/web\\\/madera-clara-en-el-bano-visualmente-ligero-con-una-nota-autentica\\\/#primaryimage\"},\"image\":{\"@id\":\"https:\\\/\\\/www.arquimaster.com.ar\\\/web\\\/madera-clara-en-el-bano-visualmente-ligero-con-una-nota-autentica\\\/#primaryimage\"},\"thumbnailUrl\":\"https:\\\/\\\/www.arquimaster.com.ar\\\/web\\\/wp-content\\\/uploads\\\/2014\\\/07\\\/duravit_madera_clara_slide.jpg\",\"datePublished\":\"2014-07-22T23:45:13+00:00\",\"dateModified\":\"2026-03-28T19:35:20+00:00\",\"breadcrumb\":{\"@id\":\"https:\\\/\\\/www.arquimaster.com.ar\\\/web\\\/madera-clara-en-el-bano-visualmente-ligero-con-una-nota-autentica\\\/#breadcrumb\"},\"inLanguage\":\"es\",\"potentialAction\":[{\"@type\":\"ReadAction\",\"target\":[\"https:\\\/\\\/www.arquimaster.com.ar\\\/web\\\/madera-clara-en-el-bano-visualmente-ligero-con-una-nota-autentica\\\/\"]}]},{\"@type\":\"ImageObject\",\"inLanguage\":\"es\",\"@id\":\"https:\\\/\\\/www.arquimaster.com.ar\\\/web\\\/madera-clara-en-el-bano-visualmente-ligero-con-una-nota-autentica\\\/#primaryimage\",\"url\":\"https:\\\/\\\/www.arquimaster.com.ar\\\/web\\\/wp-content\\\/uploads\\\/2014\\\/07\\\/duravit_madera_clara_slide.jpg\",\"contentUrl\":\"https:\\\/\\\/www.arquimaster.com.ar\\\/web\\\/wp-content\\\/uploads\\\/2014\\\/07\\\/duravit_madera_clara_slide.jpg\",\"width\":642,\"height\":336},{\"@type\":\"BreadcrumbList\",\"@id\":\"https:\\\/\\\/www.arquimaster.com.ar\\\/web\\\/madera-clara-en-el-bano-visualmente-ligero-con-una-nota-autentica\\\/#breadcrumb\",\"itemListElement\":[{\"@type\":\"ListItem\",\"position\":1,\"name\":\"Portada\",\"item\":\"https:\\\/\\\/www.arquimaster.com.ar\\\/web\\\/\"},{\"@type\":\"ListItem\",\"position\":2,\"name\":\"Madera clara en el ba\u00f1o, visualmente ligero con una nota aut\u00e9ntica\"}]},{\"@type\":\"WebSite\",\"@id\":\"https:\\\/\\\/www.arquimaster.com.ar\\\/web\\\/#website\",\"url\":\"https:\\\/\\\/www.arquimaster.com.ar\\\/web\\\/\",\"name\":\"Arquimaster\",\"description\":\"Web de arquitectura, dise\u00f1o y construccion\",\"publisher\":{\"@id\":\"https:\\\/\\\/www.arquimaster.com.ar\\\/web\\\/#organization\"},\"potentialAction\":[{\"@type\":\"SearchAction\",\"target\":{\"@type\":\"EntryPoint\",\"urlTemplate\":\"https:\\\/\\\/www.arquimaster.com.ar\\\/web\\\/?s={search_term_string}\"},\"query-input\":{\"@type\":\"PropertyValueSpecification\",\"valueRequired\":true,\"valueName\":\"search_term_string\"}}],\"inLanguage\":\"es\"},{\"@type\":\"Organization\",\"@id\":\"https:\\\/\\\/www.arquimaster.com.ar\\\/web\\\/#organization\",\"name\":\"Arquimaster\",\"url\":\"https:\\\/\\\/www.arquimaster.com.ar\\\/web\\\/\",\"logo\":{\"@type\":\"ImageObject\",\"inLanguage\":\"es\",\"@id\":\"https:\\\/\\\/www.arquimaster.com.ar\\\/web\\\/#\\\/schema\\\/logo\\\/image\\\/\",\"url\":\"https:\\\/\\\/www.arquimaster.com.ar\\\/web\\\/wp-content\\\/uploads\\\/2022\\\/06\\\/arquimaster.png\",\"contentUrl\":\"https:\\\/\\\/www.arquimaster.com.ar\\\/web\\\/wp-content\\\/uploads\\\/2022\\\/06\\\/arquimaster.png\",\"width\":594,\"height\":78,\"caption\":\"Arquimaster\"},\"image\":{\"@id\":\"https:\\\/\\\/www.arquimaster.com.ar\\\/web\\\/#\\\/schema\\\/logo\\\/image\\\/\"},\"sameAs\":[\"http:\\\/\\\/www.facebook.com\\\/ARQUIMASTER.com.ar\",\"https:\\\/\\\/x.com\\\/arquimaster\",\"https:\\\/\\\/www.instagram.com\\\/arquimasterblog\\\/\",\"https:\\\/\\\/www.linkedin.com\\\/company\\\/arquimaster\",\"https:\\\/\\\/www.pinterest.com\\\/arquimaster\",\"https:\\\/\\\/t.me\\\/arquimaster\"]},{\"@type\":\"Person\",\"@id\":\"https:\\\/\\\/www.arquimaster.com.ar\\\/web\\\/#\\\/schema\\\/person\\\/359e9f7c00193fcde068e0dd2ceb0028\",\"name\":\"Arquimaster\"}]}<\/script>\n<!-- \/ Yoast SEO plugin. -->","yoast_head_json":{"title":"Madera clara en el ba\u00f1o, visualmente ligero con una nota aut\u00e9ntica - Arquimaster","robots":{"index":"index","follow":"follow","max-snippet":"max-snippet:-1","max-image-preview":"max-image-preview:large","max-video-preview":"max-video-preview:-1"},"canonical":"https:\/\/www.arquimaster.com.ar\/web\/madera-clara-en-el-bano-visualmente-ligero-con-una-nota-autentica\/","og_locale":"es_ES","og_type":"article","og_title":"Madera clara en el ba\u00f1o, visualmente ligero con una nota aut\u00e9ntica - Arquimaster","og_description":"Al contrario de los tonos oscuros las maderas claras manifiestan una ligereza \u00f3ptica...","og_url":"https:\/\/www.arquimaster.com.ar\/web\/madera-clara-en-el-bano-visualmente-ligero-con-una-nota-autentica\/","og_site_name":"Arquimaster","article_publisher":"http:\/\/www.facebook.com\/ARQUIMASTER.com.ar","article_published_time":"2014-07-22T23:45:13+00:00","article_modified_time":"2026-03-28T19:35:20+00:00","og_image":[{"width":642,"height":336,"url":"https:\/\/www.arquimaster.com.ar\/web\/wp-content\/uploads\/2014\/07\/duravit_madera_clara_slide.jpg","type":"image\/jpeg"}],"author":"Arquimaster","twitter_card":"summary_large_image","twitter_creator":"@arquimaster","twitter_site":"@arquimaster","twitter_misc":{"Escrito por":"Arquimaster","Tiempo de lectura":"2 minutos"},"schema":{"@context":"https:\/\/schema.org","@graph":[{"@type":"Article","@id":"https:\/\/www.arquimaster.com.ar\/web\/madera-clara-en-el-bano-visualmente-ligero-con-una-nota-autentica\/#article","isPartOf":{"@id":"https:\/\/www.arquimaster.com.ar\/web\/madera-clara-en-el-bano-visualmente-ligero-con-una-nota-autentica\/"},"author":{"name":"Arquimaster","@id":"https:\/\/www.arquimaster.com.ar\/web\/#\/schema\/person\/359e9f7c00193fcde068e0dd2ceb0028"},"headline":"Madera clara en el ba\u00f1o, visualmente ligero con una nota aut\u00e9ntica","datePublished":"2014-07-22T23:45:13+00:00","dateModified":"2026-03-28T19:35:20+00:00","mainEntityOfPage":{"@id":"https:\/\/www.arquimaster.com.ar\/web\/madera-clara-en-el-bano-visualmente-ligero-con-una-nota-autentica\/"},"wordCount":406,"publisher":{"@id":"https:\/\/www.arquimaster.com.ar\/web\/#organization"},"image":{"@id":"https:\/\/www.arquimaster.com.ar\/web\/madera-clara-en-el-bano-visualmente-ligero-con-una-nota-autentica\/#primaryimage"},"thumbnailUrl":"https:\/\/www.arquimaster.com.ar\/web\/wp-content\/uploads\/2014\/07\/duravit_madera_clara_slide.jpg","keywords":["ba\u00f1o","cuarto de ba\u00f1o","Delos","Duravit","EOOS","Kurt Merki Jr.","madera","muebles de ba\u00f1o","nogal","roble","roble mediterraneo","Sieger Design","wenge","X-Large"],"articleSection":["Dise\u00f1o","Dise\u00f1o interior y decoracion"],"inLanguage":"es"},{"@type":"WebPage","@id":"https:\/\/www.arquimaster.com.ar\/web\/madera-clara-en-el-bano-visualmente-ligero-con-una-nota-autentica\/","url":"https:\/\/www.arquimaster.com.ar\/web\/madera-clara-en-el-bano-visualmente-ligero-con-una-nota-autentica\/","name":"Madera clara en el ba\u00f1o, visualmente ligero con una nota aut\u00e9ntica - Arquimaster","isPartOf":{"@id":"https:\/\/www.arquimaster.com.ar\/web\/#website"},"primaryImageOfPage":{"@id":"https:\/\/www.arquimaster.com.ar\/web\/madera-clara-en-el-bano-visualmente-ligero-con-una-nota-autentica\/#primaryimage"},"image":{"@id":"https:\/\/www.arquimaster.com.ar\/web\/madera-clara-en-el-bano-visualmente-ligero-con-una-nota-autentica\/#primaryimage"},"thumbnailUrl":"https:\/\/www.arquimaster.com.ar\/web\/wp-content\/uploads\/2014\/07\/duravit_madera_clara_slide.jpg","datePublished":"2014-07-22T23:45:13+00:00","dateModified":"2026-03-28T19:35:20+00:00","breadcrumb":{"@id":"https:\/\/www.arquimaster.com.ar\/web\/madera-clara-en-el-bano-visualmente-ligero-con-una-nota-autentica\/#breadcrumb"},"inLanguage":"es","potentialAction":[{"@type":"ReadAction","target":["https:\/\/www.arquimaster.com.ar\/web\/madera-clara-en-el-bano-visualmente-ligero-con-una-nota-autentica\/"]}]},{"@type":"ImageObject","inLanguage":"es","@id":"https:\/\/www.arquimaster.com.ar\/web\/madera-clara-en-el-bano-visualmente-ligero-con-una-nota-autentica\/#primaryimage","url":"https:\/\/www.arquimaster.com.ar\/web\/wp-content\/uploads\/2014\/07\/duravit_madera_clara_slide.jpg","contentUrl":"https:\/\/www.arquimaster.com.ar\/web\/wp-content\/uploads\/2014\/07\/duravit_madera_clara_slide.jpg","width":642,"height":336},{"@type":"BreadcrumbList","@id":"https:\/\/www.arquimaster.com.ar\/web\/madera-clara-en-el-bano-visualmente-ligero-con-una-nota-autentica\/#breadcrumb","itemListElement":[{"@type":"ListItem","position":1,"name":"Portada","item":"https:\/\/www.arquimaster.com.ar\/web\/"},{"@type":"ListItem","position":2,"name":"Madera clara en el ba\u00f1o, visualmente ligero con una nota aut\u00e9ntica"}]},{"@type":"WebSite","@id":"https:\/\/www.arquimaster.com.ar\/web\/#website","url":"https:\/\/www.arquimaster.com.ar\/web\/","name":"Arquimaster","description":"Web de arquitectura, dise\u00f1o y construccion","publisher":{"@id":"https:\/\/www.arquimaster.com.ar\/web\/#organization"},"potentialAction":[{"@type":"SearchAction","target":{"@type":"EntryPoint","urlTemplate":"https:\/\/www.arquimaster.com.ar\/web\/?s={search_term_string}"},"query-input":{"@type":"PropertyValueSpecification","valueRequired":true,"valueName":"search_term_string"}}],"inLanguage":"es"},{"@type":"Organization","@id":"https:\/\/www.arquimaster.com.ar\/web\/#organization","name":"Arquimaster","url":"https:\/\/www.arquimaster.com.ar\/web\/","logo":{"@type":"ImageObject","inLanguage":"es","@id":"https:\/\/www.arquimaster.com.ar\/web\/#\/schema\/logo\/image\/","url":"https:\/\/www.arquimaster.com.ar\/web\/wp-content\/uploads\/2022\/06\/arquimaster.png","contentUrl":"https:\/\/www.arquimaster.com.ar\/web\/wp-content\/uploads\/2022\/06\/arquimaster.png","width":594,"height":78,"caption":"Arquimaster"},"image":{"@id":"https:\/\/www.arquimaster.com.ar\/web\/#\/schema\/logo\/image\/"},"sameAs":["http:\/\/www.facebook.com\/ARQUIMASTER.com.ar","https:\/\/x.com\/arquimaster","https:\/\/www.instagram.com\/arquimasterblog\/","https:\/\/www.linkedin.com\/company\/arquimaster","https:\/\/www.pinterest.com\/arquimaster","https:\/\/t.me\/arquimaster"]},{"@type":"Person","@id":"https:\/\/www.arquimaster.com.ar\/web\/#\/schema\/person\/359e9f7c00193fcde068e0dd2ceb0028","name":"Arquimaster"}]}},"uagb_featured_image_src":{"full":["https:\/\/www.arquimaster.com.ar\/web\/wp-content\/uploads\/2014\/07\/duravit_madera_clara_slide.jpg",642,336,false],"thumbnail":["https:\/\/www.arquimaster.com.ar\/web\/wp-content\/uploads\/2014\/07\/duravit_madera_clara_slide-150x150.jpg",150,150,true],"medium":["https:\/\/www.arquimaster.com.ar\/web\/wp-content\/uploads\/2014\/07\/duravit_madera_clara_slide-300x157.jpg",300,157,true],"medium_large":["https:\/\/www.arquimaster.com.ar\/web\/wp-content\/uploads\/2014\/07\/duravit_madera_clara_slide.jpg",642,336,false],"large":["https:\/\/www.arquimaster.com.ar\/web\/wp-content\/uploads\/2014\/07\/duravit_madera_clara_slide.jpg",642,336,false],"1536x1536":["https:\/\/www.arquimaster.com.ar\/web\/wp-content\/uploads\/2014\/07\/duravit_madera_clara_slide.jpg",642,336,false],"2048x2048":["https:\/\/www.arquimaster.com.ar\/web\/wp-content\/uploads\/2014\/07\/duravit_madera_clara_slide.jpg",642,336,false]},"uagb_author_info":{"display_name":"Arquimaster","author_link":"https:\/\/www.arquimaster.com.ar\/web\/author\/arquimaster\/"},"uagb_comment_info":0,"uagb_excerpt":"Al contrario de los tonos oscuros las maderas claras manifiestan una ligereza \u00f3ptica...","_links":{"self":[{"href":"https:\/\/www.arquimaster.com.ar\/web\/wp-json\/wp\/v2\/posts\/8600","targetHints":{"allow":["GET"]}}],"collection":[{"href":"https:\/\/www.arquimaster.com.ar\/web\/wp-json\/wp\/v2\/posts"}],"about":[{"href":"https:\/\/www.arquimaster.com.ar\/web\/wp-json\/wp\/v2\/types\/post"}],"author":[{"embeddable":true,"href":"https:\/\/www.arquimaster.com.ar\/web\/wp-json\/wp\/v2\/users\/1"}],"replies":[{"embeddable":true,"href":"https:\/\/www.arquimaster.com.ar\/web\/wp-json\/wp\/v2\/comments?post=8600"}],"version-history":[{"count":1,"href":"https:\/\/www.arquimaster.com.ar\/web\/wp-json\/wp\/v2\/posts\/8600\/revisions"}],"predecessor-version":[{"id":87896,"href":"https:\/\/www.arquimaster.com.ar\/web\/wp-json\/wp\/v2\/posts\/8600\/revisions\/87896"}],"wp:featuredmedia":[{"embeddable":true,"href":"https:\/\/www.arquimaster.com.ar\/web\/wp-json\/wp\/v2\/media\/8601"}],"wp:attachment":[{"href":"https:\/\/www.arquimaster.com.ar\/web\/wp-json\/wp\/v2\/media?parent=8600"}],"wp:term":[{"taxonomy":"category","embeddable":true,"href":"https:\/\/www.arquimaster.com.ar\/web\/wp-json\/wp\/v2\/categories?post=8600"},{"taxonomy":"post_tag","embeddable":true,"href":"https:\/\/www.arquimaster.com.ar\/web\/wp-json\/wp\/v2\/tags?post=8600"}],"curies":[{"name":"wp","href":"https:\/\/api.w.org\/{rel}","templated":true}]}}