{"id":86705,"date":"2025-11-26T17:25:28","date_gmt":"2025-11-26T20:25:28","guid":{"rendered":"https:\/\/www.arquimaster.com.ar\/web\/?p=86705"},"modified":"2025-12-02T12:05:32","modified_gmt":"2025-12-02T15:05:32","slug":"oficinas-ams-contract-workplaces","status":"publish","type":"post","link":"https:\/\/www.arquimaster.com.ar\/web\/oficinas-ams-contract-workplaces\/","title":{"rendered":"Oficinas AMS \/ Contract Workplaces"},"content":{"rendered":"<div style=\"margin-top: 0px; margin-bottom: 0px;\" class=\"sharethis-inline-share-buttons\" ><\/div><div class=\"b812932af2e751442846f039925109de\" data-index=\"1\" style=\"float: none; margin:25px 0 25px 0; text-align:center;\">\n<script async src=\"https:\/\/pagead2.googlesyndication.com\/pagead\/js\/adsbygoogle.js\"><\/script>\r\n<!-- Arquimaster (superior) -->\r\n<ins class=\"adsbygoogle\"\r\n     style=\"display:block\"\r\n     data-ad-client=\"ca-pub-6351072698456832\"\r\n     data-ad-slot=\"6455489680\"\r\n     data-ad-format=\"auto\"\r\n     data-full-width-responsive=\"true\"><\/ins>\r\n<script>\r\n     (adsbygoogle = window.adsbygoogle || []).push({});\r\n<\/script>\n<\/div>\n<p><strong>Oficinas AMS<\/strong> (Montevideo, Uruguay) por <a href=\"https:\/\/www.arquimaster.com.ar\/web\/tag\/contract-workplaces\"><strong>Contract Workplaces<\/strong><\/a>. AMS es una empresa uruguaya de log\u00edstica y comercio exterior con m\u00e1s de 70 a\u00f1os de trayectoria en el mercado local. Su sede se encuentra en un edificio patrimonial en el centro hist\u00f3rico de la ciudad, construido en 1926 y que ha sido intervenido en m\u00faltiples ocasiones.\u00a0Originalmente un banco, el inmueble fue ocupado a lo largo del tiempo sin una estrategia definida, lo que result\u00f3 en una configuraci\u00f3n fragmentaria y sin identidad, con muchas divisiones, mamparas y lugares oscuros que no se adaptaba al tipo de programa y equipos con los que cuentan hoy.<\/p>\n<div id='gallery-1' class='gallery galleryid-86705 gallery-columns-3 gallery-size-thumbnail'><figure class='gallery-item'>\n\t\t\t<div class='gallery-icon landscape'>\n\t\t\t\t<a href='https:\/\/www.arquimaster.com.ar\/web\/wp-content\/uploads\/2025\/11\/oficinas_ams_1.jpg' title=\"Oficinas AMS \/ Contract Workplaces (\u00a9 Santiago Chaer)\" data-rl_title=\"Oficinas AMS \/ Contract Workplaces (\u00a9 Santiago Chaer)\" class=\"rl-gallery-link\" data-rl_caption=\"Oficinas AMS \/ Contract Workplaces (\u00a9 Santiago Chaer)\" data-rel=\"lightbox-gallery-1\"><img loading=\"lazy\" decoding=\"async\" width=\"150\" height=\"150\" src=\"https:\/\/www.arquimaster.com.ar\/web\/wp-content\/uploads\/2025\/11\/oficinas_ams_1-150x150.jpg\" class=\"attachment-thumbnail size-thumbnail\" alt=\"Oficinas AMS \/ Contract Workplaces\" aria-describedby=\"gallery-1-86707\" \/><\/a>\n\t\t\t<\/div>\n\t\t\t\t<figcaption class='wp-caption-text gallery-caption' id='gallery-1-86707'>\n\t\t\t\tOficinas AMS \/ Contract Workplaces (\u00a9 Santiago Chaer)\n\t\t\t\t<\/figcaption><\/figure><figure class='gallery-item'>\n\t\t\t<div class='gallery-icon landscape'>\n\t\t\t\t<a href='https:\/\/www.arquimaster.com.ar\/web\/wp-content\/uploads\/2025\/11\/oficinas_ams_2.jpg' title=\"Oficinas AMS \/ Contract Workplaces (\u00a9 Santiago Chaer)\" data-rl_title=\"Oficinas AMS \/ Contract Workplaces (\u00a9 Santiago Chaer)\" class=\"rl-gallery-link\" data-rl_caption=\"Oficinas AMS \/ Contract Workplaces (\u00a9 Santiago Chaer)\" data-rel=\"lightbox-gallery-1\"><img loading=\"lazy\" decoding=\"async\" width=\"150\" height=\"150\" src=\"https:\/\/www.arquimaster.com.ar\/web\/wp-content\/uploads\/2025\/11\/oficinas_ams_2-150x150.jpg\" class=\"attachment-thumbnail size-thumbnail\" alt=\"Oficinas AMS \/ Contract Workplaces\" aria-describedby=\"gallery-1-86708\" \/><\/a>\n\t\t\t<\/div>\n\t\t\t\t<figcaption class='wp-caption-text gallery-caption' id='gallery-1-86708'>\n\t\t\t\tOficinas AMS \/ Contract Workplaces (\u00a9 Santiago Chaer)\n\t\t\t\t<\/figcaption><\/figure><figure class='gallery-item'>\n\t\t\t<div class='gallery-icon landscape'>\n\t\t\t\t<a href='https:\/\/www.arquimaster.com.ar\/web\/wp-content\/uploads\/2025\/11\/oficinas_ams_3.jpg' title=\"Oficinas AMS \/ Contract Workplaces (\u00a9 Santiago Chaer)\" data-rl_title=\"Oficinas AMS \/ Contract Workplaces (\u00a9 Santiago Chaer)\" class=\"rl-gallery-link\" data-rl_caption=\"Oficinas AMS \/ Contract Workplaces (\u00a9 Santiago Chaer)\" data-rel=\"lightbox-gallery-1\"><img loading=\"lazy\" decoding=\"async\" width=\"150\" height=\"150\" src=\"https:\/\/www.arquimaster.com.ar\/web\/wp-content\/uploads\/2025\/11\/oficinas_ams_3-150x150.jpg\" class=\"attachment-thumbnail size-thumbnail\" alt=\"Oficinas AMS \/ Contract Workplaces\" aria-describedby=\"gallery-1-86709\" \/><\/a>\n\t\t\t<\/div>\n\t\t\t\t<figcaption class='wp-caption-text gallery-caption' id='gallery-1-86709'>\n\t\t\t\tOficinas AMS \/ Contract Workplaces (\u00a9 Santiago Chaer)\n\t\t\t\t<\/figcaption><\/figure><figure class='gallery-item'>\n\t\t\t<div class='gallery-icon landscape'>\n\t\t\t\t<a href='https:\/\/www.arquimaster.com.ar\/web\/wp-content\/uploads\/2025\/11\/oficinas_ams_4.jpg' title=\"Oficinas AMS \/ Contract Workplaces (\u00a9 Santiago Chaer)\" data-rl_title=\"Oficinas AMS \/ Contract Workplaces (\u00a9 Santiago Chaer)\" class=\"rl-gallery-link\" data-rl_caption=\"Oficinas AMS \/ Contract Workplaces (\u00a9 Santiago Chaer)\" data-rel=\"lightbox-gallery-1\"><img loading=\"lazy\" decoding=\"async\" width=\"150\" height=\"150\" src=\"https:\/\/www.arquimaster.com.ar\/web\/wp-content\/uploads\/2025\/11\/oficinas_ams_4-150x150.jpg\" class=\"attachment-thumbnail size-thumbnail\" alt=\"Oficinas AMS \/ Contract Workplaces\" aria-describedby=\"gallery-1-86710\" \/><\/a>\n\t\t\t<\/div>\n\t\t\t\t<figcaption class='wp-caption-text gallery-caption' id='gallery-1-86710'>\n\t\t\t\tOficinas AMS \/ Contract Workplaces (\u00a9 Santiago Chaer)\n\t\t\t\t<\/figcaption><\/figure><figure class='gallery-item'>\n\t\t\t<div class='gallery-icon landscape'>\n\t\t\t\t<a href='https:\/\/www.arquimaster.com.ar\/web\/wp-content\/uploads\/2025\/11\/oficinas_ams_5.jpg' title=\"Oficinas AMS \/ Contract Workplaces (\u00a9 Santiago Chaer)\" data-rl_title=\"Oficinas AMS \/ Contract Workplaces (\u00a9 Santiago Chaer)\" class=\"rl-gallery-link\" data-rl_caption=\"Oficinas AMS \/ Contract Workplaces (\u00a9 Santiago Chaer)\" data-rel=\"lightbox-gallery-1\"><img loading=\"lazy\" decoding=\"async\" width=\"150\" height=\"150\" src=\"https:\/\/www.arquimaster.com.ar\/web\/wp-content\/uploads\/2025\/11\/oficinas_ams_5-150x150.jpg\" class=\"attachment-thumbnail size-thumbnail\" alt=\"Oficinas AMS \/ Contract Workplaces\" aria-describedby=\"gallery-1-86711\" \/><\/a>\n\t\t\t<\/div>\n\t\t\t\t<figcaption class='wp-caption-text gallery-caption' id='gallery-1-86711'>\n\t\t\t\tOficinas AMS \/ Contract Workplaces (\u00a9 Santiago Chaer)\n\t\t\t\t<\/figcaption><\/figure><figure class='gallery-item'>\n\t\t\t<div class='gallery-icon landscape'>\n\t\t\t\t<a href='https:\/\/www.arquimaster.com.ar\/web\/wp-content\/uploads\/2025\/11\/oficinas_ams_6.jpg' title=\"Oficinas AMS \/ Contract Workplaces (\u00a9 Santiago Chaer)\" data-rl_title=\"Oficinas AMS \/ Contract Workplaces (\u00a9 Santiago Chaer)\" class=\"rl-gallery-link\" data-rl_caption=\"Oficinas AMS \/ Contract Workplaces (\u00a9 Santiago Chaer)\" data-rel=\"lightbox-gallery-1\"><img loading=\"lazy\" decoding=\"async\" width=\"150\" height=\"150\" src=\"https:\/\/www.arquimaster.com.ar\/web\/wp-content\/uploads\/2025\/11\/oficinas_ams_6-150x150.jpg\" class=\"attachment-thumbnail size-thumbnail\" alt=\"Oficinas AMS \/ Contract Workplaces\" aria-describedby=\"gallery-1-86712\" \/><\/a>\n\t\t\t<\/div>\n\t\t\t\t<figcaption class='wp-caption-text gallery-caption' id='gallery-1-86712'>\n\t\t\t\tOficinas AMS \/ Contract Workplaces (\u00a9 Santiago Chaer)\n\t\t\t\t<\/figcaption><\/figure><figure class='gallery-item'>\n\t\t\t<div class='gallery-icon landscape'>\n\t\t\t\t<a href='https:\/\/www.arquimaster.com.ar\/web\/wp-content\/uploads\/2025\/11\/oficinas_ams_7.jpg' title=\"Oficinas AMS \/ Contract Workplaces (\u00a9 Santiago Chaer)\" data-rl_title=\"Oficinas AMS \/ Contract Workplaces (\u00a9 Santiago Chaer)\" class=\"rl-gallery-link\" data-rl_caption=\"Oficinas AMS \/ Contract Workplaces (\u00a9 Santiago Chaer)\" data-rel=\"lightbox-gallery-1\"><img loading=\"lazy\" decoding=\"async\" width=\"150\" height=\"150\" src=\"https:\/\/www.arquimaster.com.ar\/web\/wp-content\/uploads\/2025\/11\/oficinas_ams_7-150x150.jpg\" class=\"attachment-thumbnail size-thumbnail\" alt=\"Oficinas AMS \/ Contract Workplaces\" aria-describedby=\"gallery-1-86713\" \/><\/a>\n\t\t\t<\/div>\n\t\t\t\t<figcaption class='wp-caption-text gallery-caption' id='gallery-1-86713'>\n\t\t\t\tOficinas AMS \/ Contract Workplaces (\u00a9 Santiago Chaer)\n\t\t\t\t<\/figcaption><\/figure><figure class='gallery-item'>\n\t\t\t<div class='gallery-icon landscape'>\n\t\t\t\t<a href='https:\/\/www.arquimaster.com.ar\/web\/wp-content\/uploads\/2025\/11\/oficinas_ams_8.jpg' title=\"Oficinas AMS \/ Contract Workplaces (\u00a9 Santiago Chaer)\" data-rl_title=\"Oficinas AMS \/ Contract Workplaces (\u00a9 Santiago Chaer)\" class=\"rl-gallery-link\" data-rl_caption=\"Oficinas AMS \/ Contract Workplaces (\u00a9 Santiago Chaer)\" data-rel=\"lightbox-gallery-1\"><img loading=\"lazy\" decoding=\"async\" width=\"150\" height=\"150\" src=\"https:\/\/www.arquimaster.com.ar\/web\/wp-content\/uploads\/2025\/11\/oficinas_ams_8-150x150.jpg\" class=\"attachment-thumbnail size-thumbnail\" alt=\"Oficinas AMS \/ Contract Workplaces\" aria-describedby=\"gallery-1-86714\" \/><\/a>\n\t\t\t<\/div>\n\t\t\t\t<figcaption class='wp-caption-text gallery-caption' id='gallery-1-86714'>\n\t\t\t\tOficinas AMS \/ Contract Workplaces (\u00a9 Santiago Chaer)\n\t\t\t\t<\/figcaption><\/figure><figure class='gallery-item'>\n\t\t\t<div class='gallery-icon landscape'>\n\t\t\t\t<a href='https:\/\/www.arquimaster.com.ar\/web\/wp-content\/uploads\/2025\/11\/oficinas_ams_9.jpg' title=\"Oficinas AMS \/ Contract Workplaces (\u00a9 Santiago Chaer)\" data-rl_title=\"Oficinas AMS \/ Contract Workplaces (\u00a9 Santiago Chaer)\" class=\"rl-gallery-link\" data-rl_caption=\"Oficinas AMS \/ Contract Workplaces (\u00a9 Santiago Chaer)\" data-rel=\"lightbox-gallery-1\"><img loading=\"lazy\" decoding=\"async\" width=\"150\" height=\"150\" src=\"https:\/\/www.arquimaster.com.ar\/web\/wp-content\/uploads\/2025\/11\/oficinas_ams_9-150x150.jpg\" class=\"attachment-thumbnail size-thumbnail\" alt=\"Oficinas AMS \/ Contract Workplaces\" aria-describedby=\"gallery-1-86715\" \/><\/a>\n\t\t\t<\/div>\n\t\t\t\t<figcaption class='wp-caption-text gallery-caption' id='gallery-1-86715'>\n\t\t\t\tOficinas AMS \/ Contract Workplaces (\u00a9 Santiago Chaer)\n\t\t\t\t<\/figcaption><\/figure><figure class='gallery-item'>\n\t\t\t<div class='gallery-icon landscape'>\n\t\t\t\t<a href='https:\/\/www.arquimaster.com.ar\/web\/wp-content\/uploads\/2025\/11\/oficinas_ams_10.jpg' title=\"Oficinas AMS \/ Contract Workplaces (\u00a9 Santiago Chaer)\" data-rl_title=\"Oficinas AMS \/ Contract Workplaces (\u00a9 Santiago Chaer)\" class=\"rl-gallery-link\" data-rl_caption=\"Oficinas AMS \/ Contract Workplaces (\u00a9 Santiago Chaer)\" data-rel=\"lightbox-gallery-1\"><img loading=\"lazy\" decoding=\"async\" width=\"150\" height=\"150\" src=\"https:\/\/www.arquimaster.com.ar\/web\/wp-content\/uploads\/2025\/11\/oficinas_ams_10-150x150.jpg\" class=\"attachment-thumbnail size-thumbnail\" alt=\"Oficinas AMS \/ Contract Workplaces\" aria-describedby=\"gallery-1-86716\" \/><\/a>\n\t\t\t<\/div>\n\t\t\t\t<figcaption class='wp-caption-text gallery-caption' id='gallery-1-86716'>\n\t\t\t\tOficinas AMS \/ Contract Workplaces (\u00a9 Santiago Chaer)\n\t\t\t\t<\/figcaption><\/figure><figure class='gallery-item'>\n\t\t\t<div class='gallery-icon landscape'>\n\t\t\t\t<a href='https:\/\/www.arquimaster.com.ar\/web\/wp-content\/uploads\/2025\/11\/oficinas_ams_11.jpg' title=\"Oficinas AMS \/ Contract Workplaces (\u00a9 Santiago Chaer)\" data-rl_title=\"Oficinas AMS \/ Contract Workplaces (\u00a9 Santiago Chaer)\" class=\"rl-gallery-link\" data-rl_caption=\"Oficinas AMS \/ Contract Workplaces (\u00a9 Santiago Chaer)\" data-rel=\"lightbox-gallery-1\"><img loading=\"lazy\" decoding=\"async\" width=\"150\" height=\"150\" src=\"https:\/\/www.arquimaster.com.ar\/web\/wp-content\/uploads\/2025\/11\/oficinas_ams_11-150x150.jpg\" class=\"attachment-thumbnail size-thumbnail\" alt=\"Oficinas AMS \/ Contract Workplaces\" aria-describedby=\"gallery-1-86717\" \/><\/a>\n\t\t\t<\/div>\n\t\t\t\t<figcaption class='wp-caption-text gallery-caption' id='gallery-1-86717'>\n\t\t\t\tOficinas AMS \/ Contract Workplaces (\u00a9 Santiago Chaer)\n\t\t\t\t<\/figcaption><\/figure><figure class='gallery-item'>\n\t\t\t<div class='gallery-icon landscape'>\n\t\t\t\t<a href='https:\/\/www.arquimaster.com.ar\/web\/wp-content\/uploads\/2025\/11\/oficinas_ams_12.jpg' title=\"Oficinas AMS \/ Contract Workplaces (planta nivel 1)\" data-rl_title=\"Oficinas AMS \/ Contract Workplaces (planta nivel 1)\" class=\"rl-gallery-link\" data-rl_caption=\"Oficinas AMS \/ Contract Workplaces (planta nivel 1)\" data-rel=\"lightbox-gallery-1\"><img loading=\"lazy\" decoding=\"async\" width=\"150\" height=\"150\" src=\"https:\/\/www.arquimaster.com.ar\/web\/wp-content\/uploads\/2025\/11\/oficinas_ams_12-150x150.jpg\" class=\"attachment-thumbnail size-thumbnail\" alt=\"Oficinas AMS \/ Contract Workplaces\" aria-describedby=\"gallery-1-86718\" \/><\/a>\n\t\t\t<\/div>\n\t\t\t\t<figcaption class='wp-caption-text gallery-caption' id='gallery-1-86718'>\n\t\t\t\tOficinas AMS \/ Contract Workplaces (planta nivel 1)\n\t\t\t\t<\/figcaption><\/figure><figure class='gallery-item'>\n\t\t\t<div class='gallery-icon landscape'>\n\t\t\t\t<a href='https:\/\/www.arquimaster.com.ar\/web\/wp-content\/uploads\/2025\/11\/oficinas_ams_13.jpg' title=\"Oficinas AMS \/ Contract Workplaces (planta nivel 2)\" data-rl_title=\"Oficinas AMS \/ Contract Workplaces (planta nivel 2)\" class=\"rl-gallery-link\" data-rl_caption=\"Oficinas AMS \/ Contract Workplaces (planta nivel 2)\" data-rel=\"lightbox-gallery-1\"><img loading=\"lazy\" decoding=\"async\" width=\"150\" height=\"150\" src=\"https:\/\/www.arquimaster.com.ar\/web\/wp-content\/uploads\/2025\/11\/oficinas_ams_13-150x150.jpg\" class=\"attachment-thumbnail size-thumbnail\" alt=\"Oficinas AMS \/ Contract Workplaces\" aria-describedby=\"gallery-1-86719\" \/><\/a>\n\t\t\t<\/div>\n\t\t\t\t<figcaption class='wp-caption-text gallery-caption' id='gallery-1-86719'>\n\t\t\t\tOficinas AMS \/ Contract Workplaces (planta nivel 2)\n\t\t\t\t<\/figcaption><\/figure><figure class='gallery-item'>\n\t\t\t<div class='gallery-icon landscape'>\n\t\t\t\t<a href='https:\/\/www.arquimaster.com.ar\/web\/wp-content\/uploads\/2025\/11\/oficinas_ams_14.jpg' title=\"Oficinas AMS \/ Contract Workplaces (planta nivel 3)\" data-rl_title=\"Oficinas AMS \/ Contract Workplaces (planta nivel 3)\" class=\"rl-gallery-link\" data-rl_caption=\"Oficinas AMS \/ Contract Workplaces (planta nivel 3)\" data-rel=\"lightbox-gallery-1\"><img loading=\"lazy\" decoding=\"async\" width=\"150\" height=\"150\" src=\"https:\/\/www.arquimaster.com.ar\/web\/wp-content\/uploads\/2025\/11\/oficinas_ams_14-150x150.jpg\" class=\"attachment-thumbnail size-thumbnail\" alt=\"Oficinas AMS \/ Contract Workplaces\" aria-describedby=\"gallery-1-86720\" \/><\/a>\n\t\t\t<\/div>\n\t\t\t\t<figcaption class='wp-caption-text gallery-caption' id='gallery-1-86720'>\n\t\t\t\tOficinas AMS \/ Contract Workplaces (planta nivel 3)\n\t\t\t\t<\/figcaption><\/figure>\n\t\t<\/div>\n\n<p>Con el objetivo de alinear el dise\u00f1o de los espacios con el perfil actual de la compa\u00f1\u00eda, AMS convoc\u00f3 a Contract Workplaces para realizar una transformaci\u00f3n integral que reflejara su nueva cultura, colaborativa, din\u00e1mica y moderna, en sinton\u00eda con un equipo joven y conectado.<\/p>\n<p>El concepto de dise\u00f1o se inspir\u00f3 en Montevideo como ciudad puerto, reflejando la conexi\u00f3n de AMS y las empresas alojadas en el edificio con la actividad portuaria. La propuesta reorganiz\u00f3 las oficinas en una planta abierta con un centro colaborativo y de reuni\u00f3n que fomenta la interacci\u00f3n entre los equipos. Esta configuraci\u00f3n favorece la proximidad entre \u00e1reas, fortalece el sentido de pertenencia y optimiza la funcionalidad del espacio.<\/p>\n<p>En la planta de acceso se cre\u00f3 un \u00abcaf\u00e9 work\u00bb, un espacio vers\u00e1til que combina zonas de reuni\u00f3n y auditorio, adem\u00e1s de salas de reuniones disponibles para alquiler. Tambi\u00e9n se incorpor\u00f3 un espacio colaborativo destinado a encuentros espont\u00e1neos que promueve un ambiente flexible y adaptable.<\/p>\n<p>Las zonas comunes fueron enriquecidas con la intervenci\u00f3n de un artista local, quien desarroll\u00f3 una obra gr\u00e1fica que recorre la escalera principal, dot\u00e1ndola de identidad y dinamismo.<\/p>\n<p>Uno de los desaf\u00edos m\u00e1s importantes fue mejorar la ac\u00fastica del espacio, lo que se logr\u00f3 mediante la incorporaci\u00f3n de paneles de fieltro para absorci\u00f3n sonora. Asimismo, superando las limitaciones de iluminaci\u00f3n natural disponible, se incluy\u00f3 una variedad de especies vegetales de interiores con soluciones adecuadas para cada sector.<\/p>\n<p>El arte tambi\u00e9n ocupa un lugar central en el proyecto. En el atrio de la escalera se instal\u00f3 una escultura del artista Gustavo Genta, un m\u00f3vil que aporta dinamismo y refuerza la identidad del espacio.<\/p>\n<p>En cuanto a los materiales, se utilizaron madera, piedra y tonos tierra para generar una atm\u00f3sfera c\u00e1lida y natural.<\/p>\n<p>La gr\u00e1fica aplicada a la se\u00f1al\u00e9tica y los murales incorpora un lenguaje industrial en sinton\u00eda con la tem\u00e1tica portuaria. La iluminaci\u00f3n fue dise\u00f1ada con especial atenci\u00f3n a los detalles: luminarias inspiradas en boyas, cuerdas colgadas y ret\u00edculas que evocan gr\u00faas y estructuras portuarias, refuerzan el concepto de dise\u00f1o.<\/p>\n<p>La paleta de colores incorpora tonos primarios como el azul y el verde combinados con la calidez de la madera. Se busc\u00f3 capturar la esencia de los puertos del mundo a trav\u00e9s de elementos tales como las pizarras que remiten a ventanas de buques y gr\u00e1ficas con l\u00edneas en movimiento. Y en el coraz\u00f3n de cada piso se crearon plazas verdes con mobiliario multifuncional, dise\u00f1ado para propiciar tanto las reuniones informales como los momentos de descanso y recreaci\u00f3n.<\/p>\n<p>El resultado de esta intervenci\u00f3n es un espacio que no solo refleja la identidad de AMS, sino que tambi\u00e9n responde a sus necesidades actuales de trabajo, promoviendo la colaboraci\u00f3n, la creatividad y el bienestar de sus ocupantes. La transformaci\u00f3n del edificio reafirma su valor patrimonial con un dise\u00f1o que equilibra historia, modernidad y funcionalidad.<\/p>\n\n\n<div style=\"height:20px\" aria-hidden=\"true\" class=\"wp-block-spacer\"><\/div>\n\n\n\n<p class=\"has-background\" style=\"background-color:#eaeaea\"><strong>Ficha t\u00e9cnica<\/strong><br>Nombre: Oficinas AMS<br>Ubicaci\u00f3n: Montevideo, Uruguay<br>Dise\u00f1o: Contract Workplaces<br>Construcci\u00f3n: Contract Workplaces<br>Actividad: Transporte y Log\u00edstica<br>Tipo de obra: Llave en mano<br>Superficie: 1100 m2<br>Plazo de la obra: 150 d\u00edas<br>A\u00f1o: 2024<br>Fotograf\u00edas: Santiago Chaer<br>Instagram: @contract_workplaces<\/p>\n\n\n\n<div style=\"height:40px\" aria-hidden=\"true\" class=\"wp-block-spacer\"><\/div>\n\n<div style=\"font-size: 0px; height: 0px; line-height: 0px; margin: 0; padding: 0; clear: both;\"><\/div><div style=\"margin-top: 0px; margin-bottom: 0px;\" class=\"sharethis-inline-share-buttons\" ><\/div>","protected":false},"excerpt":{"rendered":"<p>Un espacio que responde a las necesidades actuales de trabajo, promoviendo la colaboraci\u00f3n, la creatividad y el bienestar&#8230;<\/p>\n","protected":false},"author":1,"featured_media":86706,"comment_status":"closed","ping_status":"closed","sticky":false,"template":"","format":"standard","meta":{"_uag_custom_page_level_css":"","footnotes":""},"categories":[76,1],"tags":[1362,2673,1008,255,266,1292],"class_list":["post-86705","post","type-post","status-publish","format-standard","has-post-thumbnail","hentry","category-arquitectura-corporativa","category-proyecto","tag-arquitectura-corporativa-2","tag-contract-workplaces","tag-montevideo","tag-oficinas","tag-uruguay","tag-workplaces","generate-columns","tablet-grid-50","mobile-grid-100","grid-parent","grid-50"],"yoast_head":"<!-- This site is optimized with the Yoast SEO plugin v27.3 - https:\/\/yoast.com\/product\/yoast-seo-wordpress\/ -->\n<title>Oficinas AMS \/ Contract Workplaces - Arquimaster<\/title>\n<meta name=\"description\" content=\"Un espacio que responde a las necesidades actuales de trabajo, promoviendo la colaboraci\u00f3n, la creatividad y el bienestar de sus ocupantes.\" \/>\n<meta name=\"robots\" content=\"index, follow, max-snippet:-1, max-image-preview:large, max-video-preview:-1\" \/>\n<link rel=\"canonical\" href=\"https:\/\/www.arquimaster.com.ar\/web\/oficinas-ams-contract-workplaces\/\" \/>\n<meta property=\"og:locale\" content=\"es_ES\" \/>\n<meta property=\"og:type\" content=\"article\" \/>\n<meta property=\"og:title\" content=\"Oficinas AMS \/ Contract Workplaces\" \/>\n<meta property=\"og:description\" content=\"Un espacio que responde a las necesidades actuales de trabajo, promoviendo la colaboraci\u00f3n, la creatividad y el bienestar de sus ocupantes.\" \/>\n<meta property=\"og:url\" content=\"https:\/\/www.arquimaster.com.ar\/web\/oficinas-ams-contract-workplaces\/\" \/>\n<meta property=\"og:site_name\" content=\"Arquimaster\" \/>\n<meta property=\"article:publisher\" content=\"http:\/\/www.facebook.com\/ARQUIMASTER.com.ar\" \/>\n<meta property=\"article:published_time\" content=\"2025-11-26T20:25:28+00:00\" \/>\n<meta property=\"article:modified_time\" content=\"2025-12-02T15:05:32+00:00\" \/>\n<meta property=\"og:image\" content=\"https:\/\/www.arquimaster.com.ar\/web\/wp-content\/uploads\/2025\/11\/oficinas_ams_slide.jpg\" \/>\n\t<meta property=\"og:image:width\" content=\"698\" \/>\n\t<meta property=\"og:image:height\" content=\"364\" \/>\n\t<meta property=\"og:image:type\" content=\"image\/jpeg\" \/>\n<meta name=\"author\" content=\"Arquimaster\" \/>\n<meta name=\"twitter:card\" content=\"summary_large_image\" \/>\n<meta name=\"twitter:title\" content=\"Oficinas AMS \/ Contract Workplaces\" \/>\n<meta name=\"twitter:description\" content=\"Un espacio que responde a las necesidades actuales de trabajo, promoviendo la colaboraci\u00f3n, la creatividad y el bienestar de sus ocupantes.\" \/>\n<meta name=\"twitter:image\" content=\"https:\/\/www.arquimaster.com.ar\/web\/wp-content\/uploads\/2025\/11\/oficinas_ams_slide.jpg\" \/>\n<meta name=\"twitter:creator\" content=\"@arquimaster\" \/>\n<meta name=\"twitter:site\" content=\"@arquimaster\" \/>\n<meta name=\"twitter:label1\" content=\"Escrito por\" \/>\n\t<meta name=\"twitter:data1\" content=\"Arquimaster\" \/>\n\t<meta name=\"twitter:label2\" content=\"Tiempo de lectura\" \/>\n\t<meta name=\"twitter:data2\" content=\"4 minutos\" \/>\n<script type=\"application\/ld+json\" class=\"yoast-schema-graph\">{\"@context\":\"https:\\\/\\\/schema.org\",\"@graph\":[{\"@type\":\"Article\",\"@id\":\"https:\\\/\\\/www.arquimaster.com.ar\\\/web\\\/oficinas-ams-contract-workplaces\\\/#article\",\"isPartOf\":{\"@id\":\"https:\\\/\\\/www.arquimaster.com.ar\\\/web\\\/oficinas-ams-contract-workplaces\\\/\"},\"author\":{\"name\":\"Arquimaster\",\"@id\":\"https:\\\/\\\/www.arquimaster.com.ar\\\/web\\\/#\\\/schema\\\/person\\\/359e9f7c00193fcde068e0dd2ceb0028\"},\"headline\":\"Oficinas AMS \\\/ Contract Workplaces\",\"datePublished\":\"2025-11-26T20:25:28+00:00\",\"dateModified\":\"2025-12-02T15:05:32+00:00\",\"mainEntityOfPage\":{\"@id\":\"https:\\\/\\\/www.arquimaster.com.ar\\\/web\\\/oficinas-ams-contract-workplaces\\\/\"},\"wordCount\":669,\"publisher\":{\"@id\":\"https:\\\/\\\/www.arquimaster.com.ar\\\/web\\\/#organization\"},\"image\":{\"@id\":\"https:\\\/\\\/www.arquimaster.com.ar\\\/web\\\/oficinas-ams-contract-workplaces\\\/#primaryimage\"},\"thumbnailUrl\":\"https:\\\/\\\/www.arquimaster.com.ar\\\/web\\\/wp-content\\\/uploads\\\/2025\\\/11\\\/oficinas_ams_slide.jpg\",\"keywords\":[\"arquitectura corporativa\",\"Contract Workplaces\",\"Montevideo\",\"oficinas\",\"Uruguay\",\"workplaces\"],\"articleSection\":[\"Arquitectura corporativa\",\"Proyecto\"],\"inLanguage\":\"es\"},{\"@type\":\"WebPage\",\"@id\":\"https:\\\/\\\/www.arquimaster.com.ar\\\/web\\\/oficinas-ams-contract-workplaces\\\/\",\"url\":\"https:\\\/\\\/www.arquimaster.com.ar\\\/web\\\/oficinas-ams-contract-workplaces\\\/\",\"name\":\"Oficinas AMS \\\/ Contract Workplaces - Arquimaster\",\"isPartOf\":{\"@id\":\"https:\\\/\\\/www.arquimaster.com.ar\\\/web\\\/#website\"},\"primaryImageOfPage\":{\"@id\":\"https:\\\/\\\/www.arquimaster.com.ar\\\/web\\\/oficinas-ams-contract-workplaces\\\/#primaryimage\"},\"image\":{\"@id\":\"https:\\\/\\\/www.arquimaster.com.ar\\\/web\\\/oficinas-ams-contract-workplaces\\\/#primaryimage\"},\"thumbnailUrl\":\"https:\\\/\\\/www.arquimaster.com.ar\\\/web\\\/wp-content\\\/uploads\\\/2025\\\/11\\\/oficinas_ams_slide.jpg\",\"datePublished\":\"2025-11-26T20:25:28+00:00\",\"dateModified\":\"2025-12-02T15:05:32+00:00\",\"description\":\"Un espacio que responde a las necesidades actuales de trabajo, promoviendo la colaboraci\u00f3n, la creatividad y el bienestar de sus ocupantes.\",\"breadcrumb\":{\"@id\":\"https:\\\/\\\/www.arquimaster.com.ar\\\/web\\\/oficinas-ams-contract-workplaces\\\/#breadcrumb\"},\"inLanguage\":\"es\",\"potentialAction\":[{\"@type\":\"ReadAction\",\"target\":[\"https:\\\/\\\/www.arquimaster.com.ar\\\/web\\\/oficinas-ams-contract-workplaces\\\/\"]}]},{\"@type\":\"ImageObject\",\"inLanguage\":\"es\",\"@id\":\"https:\\\/\\\/www.arquimaster.com.ar\\\/web\\\/oficinas-ams-contract-workplaces\\\/#primaryimage\",\"url\":\"https:\\\/\\\/www.arquimaster.com.ar\\\/web\\\/wp-content\\\/uploads\\\/2025\\\/11\\\/oficinas_ams_slide.jpg\",\"contentUrl\":\"https:\\\/\\\/www.arquimaster.com.ar\\\/web\\\/wp-content\\\/uploads\\\/2025\\\/11\\\/oficinas_ams_slide.jpg\",\"width\":698,\"height\":364,\"caption\":\"Oficinas AMS \\\/ Contract Workplaces\"},{\"@type\":\"BreadcrumbList\",\"@id\":\"https:\\\/\\\/www.arquimaster.com.ar\\\/web\\\/oficinas-ams-contract-workplaces\\\/#breadcrumb\",\"itemListElement\":[{\"@type\":\"ListItem\",\"position\":1,\"name\":\"Portada\",\"item\":\"https:\\\/\\\/www.arquimaster.com.ar\\\/web\\\/\"},{\"@type\":\"ListItem\",\"position\":2,\"name\":\"Oficinas AMS \\\/ Contract Workplaces\"}]},{\"@type\":\"WebSite\",\"@id\":\"https:\\\/\\\/www.arquimaster.com.ar\\\/web\\\/#website\",\"url\":\"https:\\\/\\\/www.arquimaster.com.ar\\\/web\\\/\",\"name\":\"Arquimaster\",\"description\":\"Web de arquitectura, dise\u00f1o y construccion\",\"publisher\":{\"@id\":\"https:\\\/\\\/www.arquimaster.com.ar\\\/web\\\/#organization\"},\"potentialAction\":[{\"@type\":\"SearchAction\",\"target\":{\"@type\":\"EntryPoint\",\"urlTemplate\":\"https:\\\/\\\/www.arquimaster.com.ar\\\/web\\\/?s={search_term_string}\"},\"query-input\":{\"@type\":\"PropertyValueSpecification\",\"valueRequired\":true,\"valueName\":\"search_term_string\"}}],\"inLanguage\":\"es\"},{\"@type\":\"Organization\",\"@id\":\"https:\\\/\\\/www.arquimaster.com.ar\\\/web\\\/#organization\",\"name\":\"Arquimaster\",\"url\":\"https:\\\/\\\/www.arquimaster.com.ar\\\/web\\\/\",\"logo\":{\"@type\":\"ImageObject\",\"inLanguage\":\"es\",\"@id\":\"https:\\\/\\\/www.arquimaster.com.ar\\\/web\\\/#\\\/schema\\\/logo\\\/image\\\/\",\"url\":\"https:\\\/\\\/www.arquimaster.com.ar\\\/web\\\/wp-content\\\/uploads\\\/2022\\\/06\\\/arquimaster.png\",\"contentUrl\":\"https:\\\/\\\/www.arquimaster.com.ar\\\/web\\\/wp-content\\\/uploads\\\/2022\\\/06\\\/arquimaster.png\",\"width\":594,\"height\":78,\"caption\":\"Arquimaster\"},\"image\":{\"@id\":\"https:\\\/\\\/www.arquimaster.com.ar\\\/web\\\/#\\\/schema\\\/logo\\\/image\\\/\"},\"sameAs\":[\"http:\\\/\\\/www.facebook.com\\\/ARQUIMASTER.com.ar\",\"https:\\\/\\\/x.com\\\/arquimaster\",\"https:\\\/\\\/www.instagram.com\\\/arquimasterblog\\\/\",\"https:\\\/\\\/www.linkedin.com\\\/company\\\/arquimaster\",\"https:\\\/\\\/www.pinterest.com\\\/arquimaster\",\"https:\\\/\\\/t.me\\\/arquimaster\"]},{\"@type\":\"Person\",\"@id\":\"https:\\\/\\\/www.arquimaster.com.ar\\\/web\\\/#\\\/schema\\\/person\\\/359e9f7c00193fcde068e0dd2ceb0028\",\"name\":\"Arquimaster\"}]}<\/script>\n<!-- \/ Yoast SEO plugin. -->","yoast_head_json":{"title":"Oficinas AMS \/ Contract Workplaces - Arquimaster","description":"Un espacio que responde a las necesidades actuales de trabajo, promoviendo la colaboraci\u00f3n, la creatividad y el bienestar de sus ocupantes.","robots":{"index":"index","follow":"follow","max-snippet":"max-snippet:-1","max-image-preview":"max-image-preview:large","max-video-preview":"max-video-preview:-1"},"canonical":"https:\/\/www.arquimaster.com.ar\/web\/oficinas-ams-contract-workplaces\/","og_locale":"es_ES","og_type":"article","og_title":"Oficinas AMS \/ Contract Workplaces","og_description":"Un espacio que responde a las necesidades actuales de trabajo, promoviendo la colaboraci\u00f3n, la creatividad y el bienestar de sus ocupantes.","og_url":"https:\/\/www.arquimaster.com.ar\/web\/oficinas-ams-contract-workplaces\/","og_site_name":"Arquimaster","article_publisher":"http:\/\/www.facebook.com\/ARQUIMASTER.com.ar","article_published_time":"2025-11-26T20:25:28+00:00","article_modified_time":"2025-12-02T15:05:32+00:00","og_image":[{"width":698,"height":364,"url":"https:\/\/www.arquimaster.com.ar\/web\/wp-content\/uploads\/2025\/11\/oficinas_ams_slide.jpg","type":"image\/jpeg"}],"author":"Arquimaster","twitter_card":"summary_large_image","twitter_title":"Oficinas AMS \/ Contract Workplaces","twitter_description":"Un espacio que responde a las necesidades actuales de trabajo, promoviendo la colaboraci\u00f3n, la creatividad y el bienestar de sus ocupantes.","twitter_image":"https:\/\/www.arquimaster.com.ar\/web\/wp-content\/uploads\/2025\/11\/oficinas_ams_slide.jpg","twitter_creator":"@arquimaster","twitter_site":"@arquimaster","twitter_misc":{"Escrito por":"Arquimaster","Tiempo de lectura":"4 minutos"},"schema":{"@context":"https:\/\/schema.org","@graph":[{"@type":"Article","@id":"https:\/\/www.arquimaster.com.ar\/web\/oficinas-ams-contract-workplaces\/#article","isPartOf":{"@id":"https:\/\/www.arquimaster.com.ar\/web\/oficinas-ams-contract-workplaces\/"},"author":{"name":"Arquimaster","@id":"https:\/\/www.arquimaster.com.ar\/web\/#\/schema\/person\/359e9f7c00193fcde068e0dd2ceb0028"},"headline":"Oficinas AMS \/ Contract Workplaces","datePublished":"2025-11-26T20:25:28+00:00","dateModified":"2025-12-02T15:05:32+00:00","mainEntityOfPage":{"@id":"https:\/\/www.arquimaster.com.ar\/web\/oficinas-ams-contract-workplaces\/"},"wordCount":669,"publisher":{"@id":"https:\/\/www.arquimaster.com.ar\/web\/#organization"},"image":{"@id":"https:\/\/www.arquimaster.com.ar\/web\/oficinas-ams-contract-workplaces\/#primaryimage"},"thumbnailUrl":"https:\/\/www.arquimaster.com.ar\/web\/wp-content\/uploads\/2025\/11\/oficinas_ams_slide.jpg","keywords":["arquitectura corporativa","Contract Workplaces","Montevideo","oficinas","Uruguay","workplaces"],"articleSection":["Arquitectura corporativa","Proyecto"],"inLanguage":"es"},{"@type":"WebPage","@id":"https:\/\/www.arquimaster.com.ar\/web\/oficinas-ams-contract-workplaces\/","url":"https:\/\/www.arquimaster.com.ar\/web\/oficinas-ams-contract-workplaces\/","name":"Oficinas AMS \/ Contract Workplaces - Arquimaster","isPartOf":{"@id":"https:\/\/www.arquimaster.com.ar\/web\/#website"},"primaryImageOfPage":{"@id":"https:\/\/www.arquimaster.com.ar\/web\/oficinas-ams-contract-workplaces\/#primaryimage"},"image":{"@id":"https:\/\/www.arquimaster.com.ar\/web\/oficinas-ams-contract-workplaces\/#primaryimage"},"thumbnailUrl":"https:\/\/www.arquimaster.com.ar\/web\/wp-content\/uploads\/2025\/11\/oficinas_ams_slide.jpg","datePublished":"2025-11-26T20:25:28+00:00","dateModified":"2025-12-02T15:05:32+00:00","description":"Un espacio que responde a las necesidades actuales de trabajo, promoviendo la colaboraci\u00f3n, la creatividad y el bienestar de sus ocupantes.","breadcrumb":{"@id":"https:\/\/www.arquimaster.com.ar\/web\/oficinas-ams-contract-workplaces\/#breadcrumb"},"inLanguage":"es","potentialAction":[{"@type":"ReadAction","target":["https:\/\/www.arquimaster.com.ar\/web\/oficinas-ams-contract-workplaces\/"]}]},{"@type":"ImageObject","inLanguage":"es","@id":"https:\/\/www.arquimaster.com.ar\/web\/oficinas-ams-contract-workplaces\/#primaryimage","url":"https:\/\/www.arquimaster.com.ar\/web\/wp-content\/uploads\/2025\/11\/oficinas_ams_slide.jpg","contentUrl":"https:\/\/www.arquimaster.com.ar\/web\/wp-content\/uploads\/2025\/11\/oficinas_ams_slide.jpg","width":698,"height":364,"caption":"Oficinas AMS \/ Contract Workplaces"},{"@type":"BreadcrumbList","@id":"https:\/\/www.arquimaster.com.ar\/web\/oficinas-ams-contract-workplaces\/#breadcrumb","itemListElement":[{"@type":"ListItem","position":1,"name":"Portada","item":"https:\/\/www.arquimaster.com.ar\/web\/"},{"@type":"ListItem","position":2,"name":"Oficinas AMS \/ Contract Workplaces"}]},{"@type":"WebSite","@id":"https:\/\/www.arquimaster.com.ar\/web\/#website","url":"https:\/\/www.arquimaster.com.ar\/web\/","name":"Arquimaster","description":"Web de arquitectura, dise\u00f1o y construccion","publisher":{"@id":"https:\/\/www.arquimaster.com.ar\/web\/#organization"},"potentialAction":[{"@type":"SearchAction","target":{"@type":"EntryPoint","urlTemplate":"https:\/\/www.arquimaster.com.ar\/web\/?s={search_term_string}"},"query-input":{"@type":"PropertyValueSpecification","valueRequired":true,"valueName":"search_term_string"}}],"inLanguage":"es"},{"@type":"Organization","@id":"https:\/\/www.arquimaster.com.ar\/web\/#organization","name":"Arquimaster","url":"https:\/\/www.arquimaster.com.ar\/web\/","logo":{"@type":"ImageObject","inLanguage":"es","@id":"https:\/\/www.arquimaster.com.ar\/web\/#\/schema\/logo\/image\/","url":"https:\/\/www.arquimaster.com.ar\/web\/wp-content\/uploads\/2022\/06\/arquimaster.png","contentUrl":"https:\/\/www.arquimaster.com.ar\/web\/wp-content\/uploads\/2022\/06\/arquimaster.png","width":594,"height":78,"caption":"Arquimaster"},"image":{"@id":"https:\/\/www.arquimaster.com.ar\/web\/#\/schema\/logo\/image\/"},"sameAs":["http:\/\/www.facebook.com\/ARQUIMASTER.com.ar","https:\/\/x.com\/arquimaster","https:\/\/www.instagram.com\/arquimasterblog\/","https:\/\/www.linkedin.com\/company\/arquimaster","https:\/\/www.pinterest.com\/arquimaster","https:\/\/t.me\/arquimaster"]},{"@type":"Person","@id":"https:\/\/www.arquimaster.com.ar\/web\/#\/schema\/person\/359e9f7c00193fcde068e0dd2ceb0028","name":"Arquimaster"}]}},"uagb_featured_image_src":{"full":["https:\/\/www.arquimaster.com.ar\/web\/wp-content\/uploads\/2025\/11\/oficinas_ams_slide.jpg",698,364,false],"thumbnail":["https:\/\/www.arquimaster.com.ar\/web\/wp-content\/uploads\/2025\/11\/oficinas_ams_slide-150x150.jpg",150,150,true],"medium":["https:\/\/www.arquimaster.com.ar\/web\/wp-content\/uploads\/2025\/11\/oficinas_ams_slide.jpg",698,364,false],"medium_large":["https:\/\/www.arquimaster.com.ar\/web\/wp-content\/uploads\/2025\/11\/oficinas_ams_slide.jpg",698,364,false],"large":["https:\/\/www.arquimaster.com.ar\/web\/wp-content\/uploads\/2025\/11\/oficinas_ams_slide.jpg",698,364,false],"1536x1536":["https:\/\/www.arquimaster.com.ar\/web\/wp-content\/uploads\/2025\/11\/oficinas_ams_slide.jpg",698,364,false],"2048x2048":["https:\/\/www.arquimaster.com.ar\/web\/wp-content\/uploads\/2025\/11\/oficinas_ams_slide.jpg",698,364,false]},"uagb_author_info":{"display_name":"Arquimaster","author_link":"https:\/\/www.arquimaster.com.ar\/web\/author\/arquimaster\/"},"uagb_comment_info":0,"uagb_excerpt":"Un espacio que responde a las necesidades actuales de trabajo, promoviendo la colaboraci\u00f3n, la creatividad y el bienestar...","_links":{"self":[{"href":"https:\/\/www.arquimaster.com.ar\/web\/wp-json\/wp\/v2\/posts\/86705","targetHints":{"allow":["GET"]}}],"collection":[{"href":"https:\/\/www.arquimaster.com.ar\/web\/wp-json\/wp\/v2\/posts"}],"about":[{"href":"https:\/\/www.arquimaster.com.ar\/web\/wp-json\/wp\/v2\/types\/post"}],"author":[{"embeddable":true,"href":"https:\/\/www.arquimaster.com.ar\/web\/wp-json\/wp\/v2\/users\/1"}],"replies":[{"embeddable":true,"href":"https:\/\/www.arquimaster.com.ar\/web\/wp-json\/wp\/v2\/comments?post=86705"}],"version-history":[{"count":1,"href":"https:\/\/www.arquimaster.com.ar\/web\/wp-json\/wp\/v2\/posts\/86705\/revisions"}],"predecessor-version":[{"id":86721,"href":"https:\/\/www.arquimaster.com.ar\/web\/wp-json\/wp\/v2\/posts\/86705\/revisions\/86721"}],"wp:featuredmedia":[{"embeddable":true,"href":"https:\/\/www.arquimaster.com.ar\/web\/wp-json\/wp\/v2\/media\/86706"}],"wp:attachment":[{"href":"https:\/\/www.arquimaster.com.ar\/web\/wp-json\/wp\/v2\/media?parent=86705"}],"wp:term":[{"taxonomy":"category","embeddable":true,"href":"https:\/\/www.arquimaster.com.ar\/web\/wp-json\/wp\/v2\/categories?post=86705"},{"taxonomy":"post_tag","embeddable":true,"href":"https:\/\/www.arquimaster.com.ar\/web\/wp-json\/wp\/v2\/tags?post=86705"}],"curies":[{"name":"wp","href":"https:\/\/api.w.org\/{rel}","templated":true}]}}