{"id":86751,"date":"2025-12-03T14:17:28","date_gmt":"2025-12-03T17:17:28","guid":{"rendered":"https:\/\/www.arquimaster.com.ar\/web\/?p=86751"},"modified":"2025-12-05T12:49:51","modified_gmt":"2025-12-05T15:49:51","slug":"casa-encino-mital-arquitectura","status":"publish","type":"post","link":"https:\/\/www.arquimaster.com.ar\/web\/casa-encino-mital-arquitectura\/","title":{"rendered":"Casa Encino \/ Mital Arquitectura"},"content":{"rendered":"<div style=\"margin-top: 0px; margin-bottom: 0px;\" class=\"sharethis-inline-share-buttons\" ><\/div><div class=\"b812932af2e751442846f039925109de\" data-index=\"1\" style=\"float: none; margin:25px 0 25px 0; text-align:center;\">\n<script async src=\"https:\/\/pagead2.googlesyndication.com\/pagead\/js\/adsbygoogle.js\"><\/script>\r\n<!-- Arquimaster (superior) -->\r\n<ins class=\"adsbygoogle\"\r\n     style=\"display:block\"\r\n     data-ad-client=\"ca-pub-6351072698456832\"\r\n     data-ad-slot=\"6455489680\"\r\n     data-ad-format=\"auto\"\r\n     data-full-width-responsive=\"true\"><\/ins>\r\n<script>\r\n     (adsbygoogle = window.adsbygoogle || []).push({});\r\n<\/script>\n<\/div>\n<p><strong>Casa Encino<\/strong> (Manzanillo, Colima, M\u00e9xico) por <strong>Mital Arquitectura<\/strong>. En Manzanillo, Casa Encino representa un dise\u00f1o arquitect\u00f3nico contempor\u00e1neo que equilibra funcionalidad y est\u00e9tica. Su composici\u00f3n arquitect\u00f3nica juega con l\u00edneas rectas y elementos verticales, creando un dialogo visual entre elementos que activa y dinamiza el dise\u00f1o.<\/p>\n<div id='gallery-1' class='gallery galleryid-86751 gallery-columns-3 gallery-size-thumbnail'><figure class='gallery-item'>\n\t\t\t<div class='gallery-icon landscape'>\n\t\t\t\t<a href='https:\/\/www.arquimaster.com.ar\/web\/wp-content\/uploads\/2025\/12\/casa_encino_1.jpg' title=\"Casa Encino \/ Mital Arquitectura (\u00a9 Bryanespi)\" data-rl_title=\"Casa Encino \/ Mital Arquitectura (\u00a9 Bryanespi)\" class=\"rl-gallery-link\" data-rl_caption=\"Casa Encino \/ Mital Arquitectura (\u00a9 Bryanespi)\" data-rel=\"lightbox-gallery-1\"><img loading=\"lazy\" decoding=\"async\" width=\"150\" height=\"150\" src=\"https:\/\/www.arquimaster.com.ar\/web\/wp-content\/uploads\/2025\/12\/casa_encino_1-150x150.jpg\" class=\"attachment-thumbnail size-thumbnail\" alt=\"Casa Encino \/ Mital Arquitectura\" aria-describedby=\"gallery-1-86753\" \/><\/a>\n\t\t\t<\/div>\n\t\t\t\t<figcaption class='wp-caption-text gallery-caption' id='gallery-1-86753'>\n\t\t\t\tCasa Encino \/ Mital Arquitectura (\u00a9 Bryanespi)\n\t\t\t\t<\/figcaption><\/figure><figure class='gallery-item'>\n\t\t\t<div class='gallery-icon landscape'>\n\t\t\t\t<a href='https:\/\/www.arquimaster.com.ar\/web\/wp-content\/uploads\/2025\/12\/casa_encino_2.jpg' title=\"Casa Encino \/ Mital Arquitectura (\u00a9 Bryanespi)\" data-rl_title=\"Casa Encino \/ Mital Arquitectura (\u00a9 Bryanespi)\" class=\"rl-gallery-link\" data-rl_caption=\"Casa Encino \/ Mital Arquitectura (\u00a9 Bryanespi)\" data-rel=\"lightbox-gallery-1\"><img loading=\"lazy\" decoding=\"async\" width=\"150\" height=\"150\" src=\"https:\/\/www.arquimaster.com.ar\/web\/wp-content\/uploads\/2025\/12\/casa_encino_2-150x150.jpg\" class=\"attachment-thumbnail size-thumbnail\" alt=\"Casa Encino \/ Mital Arquitectura\" aria-describedby=\"gallery-1-86754\" \/><\/a>\n\t\t\t<\/div>\n\t\t\t\t<figcaption class='wp-caption-text gallery-caption' id='gallery-1-86754'>\n\t\t\t\tCasa Encino \/ Mital Arquitectura (\u00a9 Bryanespi)\n\t\t\t\t<\/figcaption><\/figure><figure class='gallery-item'>\n\t\t\t<div class='gallery-icon landscape'>\n\t\t\t\t<a href='https:\/\/www.arquimaster.com.ar\/web\/wp-content\/uploads\/2025\/12\/casa_encino_3.jpg' title=\"Casa Encino \/ Mital Arquitectura (\u00a9 Bryanespi)\" data-rl_title=\"Casa Encino \/ Mital Arquitectura (\u00a9 Bryanespi)\" class=\"rl-gallery-link\" data-rl_caption=\"Casa Encino \/ Mital Arquitectura (\u00a9 Bryanespi)\" data-rel=\"lightbox-gallery-1\"><img loading=\"lazy\" decoding=\"async\" width=\"150\" height=\"150\" src=\"https:\/\/www.arquimaster.com.ar\/web\/wp-content\/uploads\/2025\/12\/casa_encino_3-150x150.jpg\" class=\"attachment-thumbnail size-thumbnail\" alt=\"Casa Encino \/ Mital Arquitectura\" aria-describedby=\"gallery-1-86755\" \/><\/a>\n\t\t\t<\/div>\n\t\t\t\t<figcaption class='wp-caption-text gallery-caption' id='gallery-1-86755'>\n\t\t\t\tCasa Encino \/ Mital Arquitectura (\u00a9 Bryanespi)\n\t\t\t\t<\/figcaption><\/figure><figure class='gallery-item'>\n\t\t\t<div class='gallery-icon landscape'>\n\t\t\t\t<a href='https:\/\/www.arquimaster.com.ar\/web\/wp-content\/uploads\/2025\/12\/casa_encino_4.jpg' title=\"Casa Encino \/ Mital Arquitectura (\u00a9 Bryanespi)\" data-rl_title=\"Casa Encino \/ Mital Arquitectura (\u00a9 Bryanespi)\" class=\"rl-gallery-link\" data-rl_caption=\"Casa Encino \/ Mital Arquitectura (\u00a9 Bryanespi)\" data-rel=\"lightbox-gallery-1\"><img loading=\"lazy\" decoding=\"async\" width=\"150\" height=\"150\" src=\"https:\/\/www.arquimaster.com.ar\/web\/wp-content\/uploads\/2025\/12\/casa_encino_4-150x150.jpg\" class=\"attachment-thumbnail size-thumbnail\" alt=\"Casa Encino \/ Mital Arquitectura\" aria-describedby=\"gallery-1-86756\" \/><\/a>\n\t\t\t<\/div>\n\t\t\t\t<figcaption class='wp-caption-text gallery-caption' id='gallery-1-86756'>\n\t\t\t\tCasa Encino \/ Mital Arquitectura (\u00a9 Bryanespi)\n\t\t\t\t<\/figcaption><\/figure><figure class='gallery-item'>\n\t\t\t<div class='gallery-icon landscape'>\n\t\t\t\t<a href='https:\/\/www.arquimaster.com.ar\/web\/wp-content\/uploads\/2025\/12\/casa_encino_5.jpg' title=\"Casa Encino \/ Mital Arquitectura (\u00a9 Bryanespi)\" data-rl_title=\"Casa Encino \/ Mital Arquitectura (\u00a9 Bryanespi)\" class=\"rl-gallery-link\" data-rl_caption=\"Casa Encino \/ Mital Arquitectura (\u00a9 Bryanespi)\" data-rel=\"lightbox-gallery-1\"><img loading=\"lazy\" decoding=\"async\" width=\"150\" height=\"150\" src=\"https:\/\/www.arquimaster.com.ar\/web\/wp-content\/uploads\/2025\/12\/casa_encino_5-150x150.jpg\" class=\"attachment-thumbnail size-thumbnail\" alt=\"Casa Encino \/ Mital Arquitectura\" aria-describedby=\"gallery-1-86757\" \/><\/a>\n\t\t\t<\/div>\n\t\t\t\t<figcaption class='wp-caption-text gallery-caption' id='gallery-1-86757'>\n\t\t\t\tCasa Encino \/ Mital Arquitectura (\u00a9 Bryanespi)\n\t\t\t\t<\/figcaption><\/figure><figure class='gallery-item'>\n\t\t\t<div class='gallery-icon portrait'>\n\t\t\t\t<a href='https:\/\/www.arquimaster.com.ar\/web\/wp-content\/uploads\/2025\/12\/casa_encino_6.jpg' title=\"Casa Encino \/ Mital Arquitectura (\u00a9 Bryanespi)\" data-rl_title=\"Casa Encino \/ Mital Arquitectura (\u00a9 Bryanespi)\" class=\"rl-gallery-link\" data-rl_caption=\"Casa Encino \/ Mital Arquitectura (\u00a9 Bryanespi)\" data-rel=\"lightbox-gallery-1\"><img loading=\"lazy\" decoding=\"async\" width=\"150\" height=\"150\" src=\"https:\/\/www.arquimaster.com.ar\/web\/wp-content\/uploads\/2025\/12\/casa_encino_6-150x150.jpg\" class=\"attachment-thumbnail size-thumbnail\" alt=\"Casa Encino \/ Mital Arquitectura\" aria-describedby=\"gallery-1-86758\" \/><\/a>\n\t\t\t<\/div>\n\t\t\t\t<figcaption class='wp-caption-text gallery-caption' id='gallery-1-86758'>\n\t\t\t\tCasa Encino \/ Mital Arquitectura (\u00a9 Bryanespi)\n\t\t\t\t<\/figcaption><\/figure><figure class='gallery-item'>\n\t\t\t<div class='gallery-icon portrait'>\n\t\t\t\t<a href='https:\/\/www.arquimaster.com.ar\/web\/wp-content\/uploads\/2025\/12\/casa_encino_7.jpg' title=\"Casa Encino \/ Mital Arquitectura (\u00a9 Bryanespi)\" data-rl_title=\"Casa Encino \/ Mital Arquitectura (\u00a9 Bryanespi)\" class=\"rl-gallery-link\" data-rl_caption=\"Casa Encino \/ Mital Arquitectura (\u00a9 Bryanespi)\" data-rel=\"lightbox-gallery-1\"><img loading=\"lazy\" decoding=\"async\" width=\"150\" height=\"150\" src=\"https:\/\/www.arquimaster.com.ar\/web\/wp-content\/uploads\/2025\/12\/casa_encino_7-150x150.jpg\" class=\"attachment-thumbnail size-thumbnail\" alt=\"Casa Encino \/ Mital Arquitectura\" aria-describedby=\"gallery-1-86759\" \/><\/a>\n\t\t\t<\/div>\n\t\t\t\t<figcaption class='wp-caption-text gallery-caption' id='gallery-1-86759'>\n\t\t\t\tCasa Encino \/ Mital Arquitectura (\u00a9 Bryanespi)\n\t\t\t\t<\/figcaption><\/figure><figure class='gallery-item'>\n\t\t\t<div class='gallery-icon landscape'>\n\t\t\t\t<a href='https:\/\/www.arquimaster.com.ar\/web\/wp-content\/uploads\/2025\/12\/casa_encino_8.jpg' title=\"Casa Encino \/ Mital Arquitectura (\u00a9 Bryanespi)\" data-rl_title=\"Casa Encino \/ Mital Arquitectura (\u00a9 Bryanespi)\" class=\"rl-gallery-link\" data-rl_caption=\"Casa Encino \/ Mital Arquitectura (\u00a9 Bryanespi)\" data-rel=\"lightbox-gallery-1\"><img loading=\"lazy\" decoding=\"async\" width=\"150\" height=\"150\" src=\"https:\/\/www.arquimaster.com.ar\/web\/wp-content\/uploads\/2025\/12\/casa_encino_8-150x150.jpg\" class=\"attachment-thumbnail size-thumbnail\" alt=\"Casa Encino \/ Mital Arquitectura\" aria-describedby=\"gallery-1-86760\" \/><\/a>\n\t\t\t<\/div>\n\t\t\t\t<figcaption class='wp-caption-text gallery-caption' id='gallery-1-86760'>\n\t\t\t\tCasa Encino \/ Mital Arquitectura (\u00a9 Bryanespi)\n\t\t\t\t<\/figcaption><\/figure><figure class='gallery-item'>\n\t\t\t<div class='gallery-icon landscape'>\n\t\t\t\t<a href='https:\/\/www.arquimaster.com.ar\/web\/wp-content\/uploads\/2025\/12\/casa_encino_9.jpg' title=\"Casa Encino \/ Mital Arquitectura (\u00a9 Bryanespi)\" data-rl_title=\"Casa Encino \/ Mital Arquitectura (\u00a9 Bryanespi)\" class=\"rl-gallery-link\" data-rl_caption=\"Casa Encino \/ Mital Arquitectura (\u00a9 Bryanespi)\" data-rel=\"lightbox-gallery-1\"><img loading=\"lazy\" decoding=\"async\" width=\"150\" height=\"150\" src=\"https:\/\/www.arquimaster.com.ar\/web\/wp-content\/uploads\/2025\/12\/casa_encino_9-150x150.jpg\" class=\"attachment-thumbnail size-thumbnail\" alt=\"Casa Encino \/ Mital Arquitectura\" aria-describedby=\"gallery-1-86761\" \/><\/a>\n\t\t\t<\/div>\n\t\t\t\t<figcaption class='wp-caption-text gallery-caption' id='gallery-1-86761'>\n\t\t\t\tCasa Encino \/ Mital Arquitectura (\u00a9 Bryanespi)\n\t\t\t\t<\/figcaption><\/figure><figure class='gallery-item'>\n\t\t\t<div class='gallery-icon landscape'>\n\t\t\t\t<a href='https:\/\/www.arquimaster.com.ar\/web\/wp-content\/uploads\/2025\/12\/casa_encino_10.jpg' title=\"Casa Encino \/ Mital Arquitectura (\u00a9 Bryanespi)\" data-rl_title=\"Casa Encino \/ Mital Arquitectura (\u00a9 Bryanespi)\" class=\"rl-gallery-link\" data-rl_caption=\"Casa Encino \/ Mital Arquitectura (\u00a9 Bryanespi)\" data-rel=\"lightbox-gallery-1\"><img loading=\"lazy\" decoding=\"async\" width=\"150\" height=\"150\" src=\"https:\/\/www.arquimaster.com.ar\/web\/wp-content\/uploads\/2025\/12\/casa_encino_10-150x150.jpg\" class=\"attachment-thumbnail size-thumbnail\" alt=\"Casa Encino \/ Mital Arquitectura\" aria-describedby=\"gallery-1-86762\" \/><\/a>\n\t\t\t<\/div>\n\t\t\t\t<figcaption class='wp-caption-text gallery-caption' id='gallery-1-86762'>\n\t\t\t\tCasa Encino \/ Mital Arquitectura (\u00a9 Bryanespi)\n\t\t\t\t<\/figcaption><\/figure><figure class='gallery-item'>\n\t\t\t<div class='gallery-icon portrait'>\n\t\t\t\t<a href='https:\/\/www.arquimaster.com.ar\/web\/wp-content\/uploads\/2025\/12\/casa_encino_11.jpg' title=\"Casa Encino \/ Mital Arquitectura (\u00a9 Bryanespi)\" data-rl_title=\"Casa Encino \/ Mital Arquitectura (\u00a9 Bryanespi)\" class=\"rl-gallery-link\" data-rl_caption=\"Casa Encino \/ Mital Arquitectura (\u00a9 Bryanespi)\" data-rel=\"lightbox-gallery-1\"><img loading=\"lazy\" decoding=\"async\" width=\"150\" height=\"150\" src=\"https:\/\/www.arquimaster.com.ar\/web\/wp-content\/uploads\/2025\/12\/casa_encino_11-150x150.jpg\" class=\"attachment-thumbnail size-thumbnail\" alt=\"Casa Encino \/ Mital Arquitectura\" aria-describedby=\"gallery-1-86763\" \/><\/a>\n\t\t\t<\/div>\n\t\t\t\t<figcaption class='wp-caption-text gallery-caption' id='gallery-1-86763'>\n\t\t\t\tCasa Encino \/ Mital Arquitectura (\u00a9 Bryanespi)\n\t\t\t\t<\/figcaption><\/figure><figure class='gallery-item'>\n\t\t\t<div class='gallery-icon landscape'>\n\t\t\t\t<a href='https:\/\/www.arquimaster.com.ar\/web\/wp-content\/uploads\/2025\/12\/casa_encino_12.jpg' title=\"Casa Encino \/ Mital Arquitectura (\u00a9 Bryanespi)\" data-rl_title=\"Casa Encino \/ Mital Arquitectura (\u00a9 Bryanespi)\" class=\"rl-gallery-link\" data-rl_caption=\"Casa Encino \/ Mital Arquitectura (\u00a9 Bryanespi)\" data-rel=\"lightbox-gallery-1\"><img loading=\"lazy\" decoding=\"async\" width=\"150\" height=\"150\" src=\"https:\/\/www.arquimaster.com.ar\/web\/wp-content\/uploads\/2025\/12\/casa_encino_12-150x150.jpg\" class=\"attachment-thumbnail size-thumbnail\" alt=\"Casa Encino \/ Mital Arquitectura\" aria-describedby=\"gallery-1-86764\" \/><\/a>\n\t\t\t<\/div>\n\t\t\t\t<figcaption class='wp-caption-text gallery-caption' id='gallery-1-86764'>\n\t\t\t\tCasa Encino \/ Mital Arquitectura (\u00a9 Bryanespi)\n\t\t\t\t<\/figcaption><\/figure><figure class='gallery-item'>\n\t\t\t<div class='gallery-icon portrait'>\n\t\t\t\t<a href='https:\/\/www.arquimaster.com.ar\/web\/wp-content\/uploads\/2025\/12\/casa_encino_13.jpg' title=\"Casa Encino \/ Mital Arquitectura (\u00a9 Bryanespi)\" data-rl_title=\"Casa Encino \/ Mital Arquitectura (\u00a9 Bryanespi)\" class=\"rl-gallery-link\" data-rl_caption=\"Casa Encino \/ Mital Arquitectura (\u00a9 Bryanespi)\" data-rel=\"lightbox-gallery-1\"><img loading=\"lazy\" decoding=\"async\" width=\"150\" height=\"150\" src=\"https:\/\/www.arquimaster.com.ar\/web\/wp-content\/uploads\/2025\/12\/casa_encino_13-150x150.jpg\" class=\"attachment-thumbnail size-thumbnail\" alt=\"Casa Encino \/ Mital Arquitectura\" aria-describedby=\"gallery-1-86765\" \/><\/a>\n\t\t\t<\/div>\n\t\t\t\t<figcaption class='wp-caption-text gallery-caption' id='gallery-1-86765'>\n\t\t\t\tCasa Encino \/ Mital Arquitectura (\u00a9 Bryanespi)\n\t\t\t\t<\/figcaption><\/figure><figure class='gallery-item'>\n\t\t\t<div class='gallery-icon landscape'>\n\t\t\t\t<a href='https:\/\/www.arquimaster.com.ar\/web\/wp-content\/uploads\/2025\/12\/casa_encino_14.jpg' title=\"Casa Encino \/ Mital Arquitectura (\u00a9 Bryanespi)\" data-rl_title=\"Casa Encino \/ Mital Arquitectura (\u00a9 Bryanespi)\" class=\"rl-gallery-link\" data-rl_caption=\"Casa Encino \/ Mital Arquitectura (\u00a9 Bryanespi)\" data-rel=\"lightbox-gallery-1\"><img loading=\"lazy\" decoding=\"async\" width=\"150\" height=\"150\" src=\"https:\/\/www.arquimaster.com.ar\/web\/wp-content\/uploads\/2025\/12\/casa_encino_14-150x150.jpg\" class=\"attachment-thumbnail size-thumbnail\" alt=\"Casa Encino \/ Mital Arquitectura\" aria-describedby=\"gallery-1-86766\" \/><\/a>\n\t\t\t<\/div>\n\t\t\t\t<figcaption class='wp-caption-text gallery-caption' id='gallery-1-86766'>\n\t\t\t\tCasa Encino \/ Mital Arquitectura (\u00a9 Bryanespi)\n\t\t\t\t<\/figcaption><\/figure><figure class='gallery-item'>\n\t\t\t<div class='gallery-icon landscape'>\n\t\t\t\t<a href='https:\/\/www.arquimaster.com.ar\/web\/wp-content\/uploads\/2025\/12\/casa_encino_15.jpg' title=\"Casa Encino \/ Mital Arquitectura (\u00a9 Bryanespi)\" data-rl_title=\"Casa Encino \/ Mital Arquitectura (\u00a9 Bryanespi)\" class=\"rl-gallery-link\" data-rl_caption=\"Casa Encino \/ Mital Arquitectura (\u00a9 Bryanespi)\" data-rel=\"lightbox-gallery-1\"><img loading=\"lazy\" decoding=\"async\" width=\"150\" height=\"150\" src=\"https:\/\/www.arquimaster.com.ar\/web\/wp-content\/uploads\/2025\/12\/casa_encino_15-150x150.jpg\" class=\"attachment-thumbnail size-thumbnail\" alt=\"Casa Encino \/ Mital Arquitectura\" aria-describedby=\"gallery-1-86767\" \/><\/a>\n\t\t\t<\/div>\n\t\t\t\t<figcaption class='wp-caption-text gallery-caption' id='gallery-1-86767'>\n\t\t\t\tCasa Encino \/ Mital Arquitectura (\u00a9 Bryanespi)\n\t\t\t\t<\/figcaption><\/figure><figure class='gallery-item'>\n\t\t\t<div class='gallery-icon landscape'>\n\t\t\t\t<a href='https:\/\/www.arquimaster.com.ar\/web\/wp-content\/uploads\/2025\/12\/casa_encino_16.jpg' title=\"Casa Encino \/ Mital Arquitectura (\u00a9 Bryanespi)\" data-rl_title=\"Casa Encino \/ Mital Arquitectura (\u00a9 Bryanespi)\" class=\"rl-gallery-link\" data-rl_caption=\"Casa Encino \/ Mital Arquitectura (\u00a9 Bryanespi)\" data-rel=\"lightbox-gallery-1\"><img loading=\"lazy\" decoding=\"async\" width=\"150\" height=\"150\" src=\"https:\/\/www.arquimaster.com.ar\/web\/wp-content\/uploads\/2025\/12\/casa_encino_16-150x150.jpg\" class=\"attachment-thumbnail size-thumbnail\" alt=\"Casa Encino \/ Mital Arquitectura\" aria-describedby=\"gallery-1-86768\" \/><\/a>\n\t\t\t<\/div>\n\t\t\t\t<figcaption class='wp-caption-text gallery-caption' id='gallery-1-86768'>\n\t\t\t\tCasa Encino \/ Mital Arquitectura (\u00a9 Bryanespi)\n\t\t\t\t<\/figcaption><\/figure><figure class='gallery-item'>\n\t\t\t<div class='gallery-icon portrait'>\n\t\t\t\t<a href='https:\/\/www.arquimaster.com.ar\/web\/wp-content\/uploads\/2025\/12\/casa_encino_17.jpg' title=\"Casa Encino \/ Mital Arquitectura (\u00a9 Bryanespi)\" data-rl_title=\"Casa Encino \/ Mital Arquitectura (\u00a9 Bryanespi)\" class=\"rl-gallery-link\" data-rl_caption=\"Casa Encino \/ Mital Arquitectura (\u00a9 Bryanespi)\" data-rel=\"lightbox-gallery-1\"><img loading=\"lazy\" decoding=\"async\" width=\"150\" height=\"150\" src=\"https:\/\/www.arquimaster.com.ar\/web\/wp-content\/uploads\/2025\/12\/casa_encino_17-150x150.jpg\" class=\"attachment-thumbnail size-thumbnail\" alt=\"Casa Encino \/ Mital Arquitectura\" aria-describedby=\"gallery-1-86769\" \/><\/a>\n\t\t\t<\/div>\n\t\t\t\t<figcaption class='wp-caption-text gallery-caption' id='gallery-1-86769'>\n\t\t\t\tCasa Encino \/ Mital Arquitectura (\u00a9 Bryanespi)\n\t\t\t\t<\/figcaption><\/figure><figure class='gallery-item'>\n\t\t\t<div class='gallery-icon portrait'>\n\t\t\t\t<a href='https:\/\/www.arquimaster.com.ar\/web\/wp-content\/uploads\/2025\/12\/casa_encino_18.jpg' title=\"Casa Encino \/ Mital Arquitectura (\u00a9 Bryanespi)\" data-rl_title=\"Casa Encino \/ Mital Arquitectura (\u00a9 Bryanespi)\" class=\"rl-gallery-link\" data-rl_caption=\"Casa Encino \/ Mital Arquitectura (\u00a9 Bryanespi)\" data-rel=\"lightbox-gallery-1\"><img loading=\"lazy\" decoding=\"async\" width=\"150\" height=\"150\" src=\"https:\/\/www.arquimaster.com.ar\/web\/wp-content\/uploads\/2025\/12\/casa_encino_18-150x150.jpg\" class=\"attachment-thumbnail size-thumbnail\" alt=\"Casa Encino \/ Mital Arquitectura\" aria-describedby=\"gallery-1-86770\" \/><\/a>\n\t\t\t<\/div>\n\t\t\t\t<figcaption class='wp-caption-text gallery-caption' id='gallery-1-86770'>\n\t\t\t\tCasa Encino \/ Mital Arquitectura (\u00a9 Bryanespi)\n\t\t\t\t<\/figcaption><\/figure><figure class='gallery-item'>\n\t\t\t<div class='gallery-icon landscape'>\n\t\t\t\t<a href='https:\/\/www.arquimaster.com.ar\/web\/wp-content\/uploads\/2025\/12\/casa_encino_19.jpg' title=\"Casa Encino \/ Mital Arquitectura (\u00a9 Bryanespi)\" data-rl_title=\"Casa Encino \/ Mital Arquitectura (\u00a9 Bryanespi)\" class=\"rl-gallery-link\" data-rl_caption=\"Casa Encino \/ Mital Arquitectura (\u00a9 Bryanespi)\" data-rel=\"lightbox-gallery-1\"><img loading=\"lazy\" decoding=\"async\" width=\"150\" height=\"150\" src=\"https:\/\/www.arquimaster.com.ar\/web\/wp-content\/uploads\/2025\/12\/casa_encino_19-150x150.jpg\" class=\"attachment-thumbnail size-thumbnail\" alt=\"Casa Encino \/ Mital Arquitectura\" aria-describedby=\"gallery-1-86771\" \/><\/a>\n\t\t\t<\/div>\n\t\t\t\t<figcaption class='wp-caption-text gallery-caption' id='gallery-1-86771'>\n\t\t\t\tCasa Encino \/ Mital Arquitectura (\u00a9 Bryanespi)\n\t\t\t\t<\/figcaption><\/figure>\n\t\t<\/div>\n\n<p>Paredes verticales con detalles de iluminaci\u00f3n y ventanales que segmentan el volumen generan un juego de proporciones que rompe la rigidez ortogonal, introduciendo un ritmo visual. Luminarias de luz c\u00e1lida y fr\u00eda acent\u00faan diferentes momentos arquitect\u00f3nicos.<\/p>\n<p>La materialidad seleccionada comunica una est\u00e9tica contempor\u00e1nea: predominio del blanco en muros, herrajes y canceler\u00eda en negro, vidrios que generan transparencias, madera en elementos puntuales, concreto aparente en vol\u00famenes estructurales y porcelanatos con acabados de m\u00e1rmol negro y blanco.<\/p>\n<p>Cada material fue elegido no solo por su condici\u00f3n est\u00e9tica, sino por su capacidad de transformar la percepci\u00f3n espacial.<\/p>\n<p>Su distribuci\u00f3n ortogonal crea conexiones funcionales entre espacios que se integran armoniosamente hasta culminar en el elemento distintivo de Casa Encino: su \u00e1rea social externa. Una alberca acompa\u00f1ada por una cantina cubierta que ampl\u00eda las posibilidades de reuni\u00f3n e interacci\u00f3n, que invita a la convivencia y aprovecha el clima de Manzanillo.<\/p>\n<p>En esencia, Casa Encino representa una exploraci\u00f3n contempor\u00e1nea de la vivienda unifamiliar. Un proyecto que trasciende la mera resoluci\u00f3n funcional para convertirse en una experiencia arquitect\u00f3nica que celebra la simplicidad constructiva, la claridad geom\u00e9trica y la conexi\u00f3n \u00edntima entre sus espacios.<\/p>\n\n\n<div style=\"height:20px\" aria-hidden=\"true\" class=\"wp-block-spacer\"><\/div>\n\n\n\n<p class=\"has-background\" style=\"background-color:#eaeaea\"><strong>Ficha t\u00e9cnica<\/strong><br>Nombre: Casa Encino<br>Ubicaci\u00f3n: Manzanillo, Colima, M\u00e9xico<br>Oficina Arquitectura: Mital Arquitectura<br>Superficie: 288.97 m2<br>A\u00f1o de construcci\u00f3n (Inicio y fin): junio 2022 a mayo 2023<br>Fotograf\u00edas: Bryanespi @bryanespi_<br>Instagram: @mital_arquitectura<\/p>\n\n\n\n<div style=\"height:40px\" aria-hidden=\"true\" class=\"wp-block-spacer\"><\/div>\n\n<div style=\"font-size: 0px; height: 0px; line-height: 0px; margin: 0; padding: 0; clear: both;\"><\/div><div style=\"margin-top: 0px; margin-bottom: 0px;\" class=\"sharethis-inline-share-buttons\" ><\/div>","protected":false},"excerpt":{"rendered":"<p>Un dise\u00f1o arquitect\u00f3nico contempor\u00e1neo que equilibra funcionalidad y est\u00e9tica&#8230;<\/p>\n","protected":false},"author":1,"featured_media":86752,"comment_status":"closed","ping_status":"closed","sticky":false,"template":"","format":"standard","meta":{"_uag_custom_page_level_css":"","footnotes":""},"categories":[1,83],"tags":[4282,7089,8254,24,8255,254],"class_list":["post-86751","post","type-post","status-publish","format-standard","has-post-thumbnail","hentry","category-proyecto","category-vivienda-unifamiliar","tag-arquitectura-residencial","tag-colima","tag-manzanillo","tag-mexico","tag-mital-arquitectura","tag-vivienda-unifamiliar-2","generate-columns","tablet-grid-50","mobile-grid-100","grid-parent","grid-50"],"yoast_head":"<!-- This site is optimized with the Yoast SEO plugin v27.3 - https:\/\/yoast.com\/product\/yoast-seo-wordpress\/ -->\n<title>Casa Encino \/ Mital Arquitectura - Arquimaster<\/title>\n<meta name=\"description\" content=\"La composici\u00f3n arquitect\u00f3nica juega con l\u00edneas rectas y elementos verticales, creando un dialogo visual entre elementos que activa y dinamiza el dise\u00f1o.\" \/>\n<meta name=\"robots\" content=\"index, follow, max-snippet:-1, max-image-preview:large, max-video-preview:-1\" \/>\n<link rel=\"canonical\" href=\"https:\/\/www.arquimaster.com.ar\/web\/casa-encino-mital-arquitectura\/\" \/>\n<meta property=\"og:locale\" content=\"es_ES\" \/>\n<meta property=\"og:type\" content=\"article\" \/>\n<meta property=\"og:title\" content=\"Casa Encino \/ Mital Arquitectura\" \/>\n<meta property=\"og:description\" content=\"La composici\u00f3n arquitect\u00f3nica juega con l\u00edneas rectas y elementos verticales, creando un dialogo visual entre elementos que activa y dinamiza el dise\u00f1o.\" \/>\n<meta property=\"og:url\" content=\"https:\/\/www.arquimaster.com.ar\/web\/casa-encino-mital-arquitectura\/\" \/>\n<meta property=\"og:site_name\" content=\"Arquimaster\" \/>\n<meta property=\"article:publisher\" content=\"http:\/\/www.facebook.com\/ARQUIMASTER.com.ar\" \/>\n<meta property=\"article:published_time\" content=\"2025-12-03T17:17:28+00:00\" \/>\n<meta property=\"article:modified_time\" content=\"2025-12-05T15:49:51+00:00\" \/>\n<meta property=\"og:image\" content=\"https:\/\/www.arquimaster.com.ar\/web\/wp-content\/uploads\/2025\/12\/casa_encino_slide.jpg\" \/>\n\t<meta property=\"og:image:width\" content=\"698\" \/>\n\t<meta property=\"og:image:height\" content=\"364\" \/>\n\t<meta property=\"og:image:type\" content=\"image\/jpeg\" \/>\n<meta name=\"author\" content=\"Arquimaster\" \/>\n<meta name=\"twitter:card\" content=\"summary_large_image\" \/>\n<meta name=\"twitter:title\" content=\"Casa Encino \/ Mital Arquitectura\" \/>\n<meta name=\"twitter:description\" content=\"La composici\u00f3n arquitect\u00f3nica juega con l\u00edneas rectas y elementos verticales, creando un dialogo visual entre elementos que activa y dinamiza el dise\u00f1o.\" \/>\n<meta name=\"twitter:image\" content=\"https:\/\/www.arquimaster.com.ar\/web\/wp-content\/uploads\/2025\/12\/casa_encino_slide.jpg\" \/>\n<meta name=\"twitter:creator\" content=\"@arquimaster\" \/>\n<meta name=\"twitter:site\" content=\"@arquimaster\" \/>\n<meta name=\"twitter:label1\" content=\"Escrito por\" \/>\n\t<meta name=\"twitter:data1\" content=\"Arquimaster\" \/>\n\t<meta name=\"twitter:label2\" content=\"Tiempo de lectura\" \/>\n\t<meta name=\"twitter:data2\" content=\"2 minutos\" \/>\n<script type=\"application\/ld+json\" class=\"yoast-schema-graph\">{\"@context\":\"https:\\\/\\\/schema.org\",\"@graph\":[{\"@type\":\"Article\",\"@id\":\"https:\\\/\\\/www.arquimaster.com.ar\\\/web\\\/casa-encino-mital-arquitectura\\\/#article\",\"isPartOf\":{\"@id\":\"https:\\\/\\\/www.arquimaster.com.ar\\\/web\\\/casa-encino-mital-arquitectura\\\/\"},\"author\":{\"name\":\"Arquimaster\",\"@id\":\"https:\\\/\\\/www.arquimaster.com.ar\\\/web\\\/#\\\/schema\\\/person\\\/359e9f7c00193fcde068e0dd2ceb0028\"},\"headline\":\"Casa Encino \\\/ Mital Arquitectura\",\"datePublished\":\"2025-12-03T17:17:28+00:00\",\"dateModified\":\"2025-12-05T15:49:51+00:00\",\"mainEntityOfPage\":{\"@id\":\"https:\\\/\\\/www.arquimaster.com.ar\\\/web\\\/casa-encino-mital-arquitectura\\\/\"},\"wordCount\":304,\"publisher\":{\"@id\":\"https:\\\/\\\/www.arquimaster.com.ar\\\/web\\\/#organization\"},\"image\":{\"@id\":\"https:\\\/\\\/www.arquimaster.com.ar\\\/web\\\/casa-encino-mital-arquitectura\\\/#primaryimage\"},\"thumbnailUrl\":\"https:\\\/\\\/www.arquimaster.com.ar\\\/web\\\/wp-content\\\/uploads\\\/2025\\\/12\\\/casa_encino_slide.jpg\",\"keywords\":[\"arquitectura residencial\",\"Colima\",\"Manzanillo\",\"Mexico\",\"Mital Arquitectura\",\"vivienda unifamiliar\"],\"articleSection\":[\"Proyecto\",\"Vivienda unifamiliar y PH\"],\"inLanguage\":\"es\"},{\"@type\":\"WebPage\",\"@id\":\"https:\\\/\\\/www.arquimaster.com.ar\\\/web\\\/casa-encino-mital-arquitectura\\\/\",\"url\":\"https:\\\/\\\/www.arquimaster.com.ar\\\/web\\\/casa-encino-mital-arquitectura\\\/\",\"name\":\"Casa Encino \\\/ Mital Arquitectura - Arquimaster\",\"isPartOf\":{\"@id\":\"https:\\\/\\\/www.arquimaster.com.ar\\\/web\\\/#website\"},\"primaryImageOfPage\":{\"@id\":\"https:\\\/\\\/www.arquimaster.com.ar\\\/web\\\/casa-encino-mital-arquitectura\\\/#primaryimage\"},\"image\":{\"@id\":\"https:\\\/\\\/www.arquimaster.com.ar\\\/web\\\/casa-encino-mital-arquitectura\\\/#primaryimage\"},\"thumbnailUrl\":\"https:\\\/\\\/www.arquimaster.com.ar\\\/web\\\/wp-content\\\/uploads\\\/2025\\\/12\\\/casa_encino_slide.jpg\",\"datePublished\":\"2025-12-03T17:17:28+00:00\",\"dateModified\":\"2025-12-05T15:49:51+00:00\",\"description\":\"La composici\u00f3n arquitect\u00f3nica juega con l\u00edneas rectas y elementos verticales, creando un dialogo visual entre elementos que activa y dinamiza el dise\u00f1o.\",\"breadcrumb\":{\"@id\":\"https:\\\/\\\/www.arquimaster.com.ar\\\/web\\\/casa-encino-mital-arquitectura\\\/#breadcrumb\"},\"inLanguage\":\"es\",\"potentialAction\":[{\"@type\":\"ReadAction\",\"target\":[\"https:\\\/\\\/www.arquimaster.com.ar\\\/web\\\/casa-encino-mital-arquitectura\\\/\"]}]},{\"@type\":\"ImageObject\",\"inLanguage\":\"es\",\"@id\":\"https:\\\/\\\/www.arquimaster.com.ar\\\/web\\\/casa-encino-mital-arquitectura\\\/#primaryimage\",\"url\":\"https:\\\/\\\/www.arquimaster.com.ar\\\/web\\\/wp-content\\\/uploads\\\/2025\\\/12\\\/casa_encino_slide.jpg\",\"contentUrl\":\"https:\\\/\\\/www.arquimaster.com.ar\\\/web\\\/wp-content\\\/uploads\\\/2025\\\/12\\\/casa_encino_slide.jpg\",\"width\":698,\"height\":364,\"caption\":\"Casa Encino \\\/ Mital Arquitectura\"},{\"@type\":\"BreadcrumbList\",\"@id\":\"https:\\\/\\\/www.arquimaster.com.ar\\\/web\\\/casa-encino-mital-arquitectura\\\/#breadcrumb\",\"itemListElement\":[{\"@type\":\"ListItem\",\"position\":1,\"name\":\"Portada\",\"item\":\"https:\\\/\\\/www.arquimaster.com.ar\\\/web\\\/\"},{\"@type\":\"ListItem\",\"position\":2,\"name\":\"Casa Encino \\\/ Mital Arquitectura\"}]},{\"@type\":\"WebSite\",\"@id\":\"https:\\\/\\\/www.arquimaster.com.ar\\\/web\\\/#website\",\"url\":\"https:\\\/\\\/www.arquimaster.com.ar\\\/web\\\/\",\"name\":\"Arquimaster\",\"description\":\"Web de arquitectura, dise\u00f1o y construccion\",\"publisher\":{\"@id\":\"https:\\\/\\\/www.arquimaster.com.ar\\\/web\\\/#organization\"},\"potentialAction\":[{\"@type\":\"SearchAction\",\"target\":{\"@type\":\"EntryPoint\",\"urlTemplate\":\"https:\\\/\\\/www.arquimaster.com.ar\\\/web\\\/?s={search_term_string}\"},\"query-input\":{\"@type\":\"PropertyValueSpecification\",\"valueRequired\":true,\"valueName\":\"search_term_string\"}}],\"inLanguage\":\"es\"},{\"@type\":\"Organization\",\"@id\":\"https:\\\/\\\/www.arquimaster.com.ar\\\/web\\\/#organization\",\"name\":\"Arquimaster\",\"url\":\"https:\\\/\\\/www.arquimaster.com.ar\\\/web\\\/\",\"logo\":{\"@type\":\"ImageObject\",\"inLanguage\":\"es\",\"@id\":\"https:\\\/\\\/www.arquimaster.com.ar\\\/web\\\/#\\\/schema\\\/logo\\\/image\\\/\",\"url\":\"https:\\\/\\\/www.arquimaster.com.ar\\\/web\\\/wp-content\\\/uploads\\\/2022\\\/06\\\/arquimaster.png\",\"contentUrl\":\"https:\\\/\\\/www.arquimaster.com.ar\\\/web\\\/wp-content\\\/uploads\\\/2022\\\/06\\\/arquimaster.png\",\"width\":594,\"height\":78,\"caption\":\"Arquimaster\"},\"image\":{\"@id\":\"https:\\\/\\\/www.arquimaster.com.ar\\\/web\\\/#\\\/schema\\\/logo\\\/image\\\/\"},\"sameAs\":[\"http:\\\/\\\/www.facebook.com\\\/ARQUIMASTER.com.ar\",\"https:\\\/\\\/x.com\\\/arquimaster\",\"https:\\\/\\\/www.instagram.com\\\/arquimasterblog\\\/\",\"https:\\\/\\\/www.linkedin.com\\\/company\\\/arquimaster\",\"https:\\\/\\\/www.pinterest.com\\\/arquimaster\",\"https:\\\/\\\/t.me\\\/arquimaster\"]},{\"@type\":\"Person\",\"@id\":\"https:\\\/\\\/www.arquimaster.com.ar\\\/web\\\/#\\\/schema\\\/person\\\/359e9f7c00193fcde068e0dd2ceb0028\",\"name\":\"Arquimaster\"}]}<\/script>\n<!-- \/ Yoast SEO plugin. -->","yoast_head_json":{"title":"Casa Encino \/ Mital Arquitectura - Arquimaster","description":"La composici\u00f3n arquitect\u00f3nica juega con l\u00edneas rectas y elementos verticales, creando un dialogo visual entre elementos que activa y dinamiza el dise\u00f1o.","robots":{"index":"index","follow":"follow","max-snippet":"max-snippet:-1","max-image-preview":"max-image-preview:large","max-video-preview":"max-video-preview:-1"},"canonical":"https:\/\/www.arquimaster.com.ar\/web\/casa-encino-mital-arquitectura\/","og_locale":"es_ES","og_type":"article","og_title":"Casa Encino \/ Mital Arquitectura","og_description":"La composici\u00f3n arquitect\u00f3nica juega con l\u00edneas rectas y elementos verticales, creando un dialogo visual entre elementos que activa y dinamiza el dise\u00f1o.","og_url":"https:\/\/www.arquimaster.com.ar\/web\/casa-encino-mital-arquitectura\/","og_site_name":"Arquimaster","article_publisher":"http:\/\/www.facebook.com\/ARQUIMASTER.com.ar","article_published_time":"2025-12-03T17:17:28+00:00","article_modified_time":"2025-12-05T15:49:51+00:00","og_image":[{"width":698,"height":364,"url":"https:\/\/www.arquimaster.com.ar\/web\/wp-content\/uploads\/2025\/12\/casa_encino_slide.jpg","type":"image\/jpeg"}],"author":"Arquimaster","twitter_card":"summary_large_image","twitter_title":"Casa Encino \/ Mital Arquitectura","twitter_description":"La composici\u00f3n arquitect\u00f3nica juega con l\u00edneas rectas y elementos verticales, creando un dialogo visual entre elementos que activa y dinamiza el dise\u00f1o.","twitter_image":"https:\/\/www.arquimaster.com.ar\/web\/wp-content\/uploads\/2025\/12\/casa_encino_slide.jpg","twitter_creator":"@arquimaster","twitter_site":"@arquimaster","twitter_misc":{"Escrito por":"Arquimaster","Tiempo de lectura":"2 minutos"},"schema":{"@context":"https:\/\/schema.org","@graph":[{"@type":"Article","@id":"https:\/\/www.arquimaster.com.ar\/web\/casa-encino-mital-arquitectura\/#article","isPartOf":{"@id":"https:\/\/www.arquimaster.com.ar\/web\/casa-encino-mital-arquitectura\/"},"author":{"name":"Arquimaster","@id":"https:\/\/www.arquimaster.com.ar\/web\/#\/schema\/person\/359e9f7c00193fcde068e0dd2ceb0028"},"headline":"Casa Encino \/ Mital Arquitectura","datePublished":"2025-12-03T17:17:28+00:00","dateModified":"2025-12-05T15:49:51+00:00","mainEntityOfPage":{"@id":"https:\/\/www.arquimaster.com.ar\/web\/casa-encino-mital-arquitectura\/"},"wordCount":304,"publisher":{"@id":"https:\/\/www.arquimaster.com.ar\/web\/#organization"},"image":{"@id":"https:\/\/www.arquimaster.com.ar\/web\/casa-encino-mital-arquitectura\/#primaryimage"},"thumbnailUrl":"https:\/\/www.arquimaster.com.ar\/web\/wp-content\/uploads\/2025\/12\/casa_encino_slide.jpg","keywords":["arquitectura residencial","Colima","Manzanillo","Mexico","Mital Arquitectura","vivienda unifamiliar"],"articleSection":["Proyecto","Vivienda unifamiliar y PH"],"inLanguage":"es"},{"@type":"WebPage","@id":"https:\/\/www.arquimaster.com.ar\/web\/casa-encino-mital-arquitectura\/","url":"https:\/\/www.arquimaster.com.ar\/web\/casa-encino-mital-arquitectura\/","name":"Casa Encino \/ Mital Arquitectura - Arquimaster","isPartOf":{"@id":"https:\/\/www.arquimaster.com.ar\/web\/#website"},"primaryImageOfPage":{"@id":"https:\/\/www.arquimaster.com.ar\/web\/casa-encino-mital-arquitectura\/#primaryimage"},"image":{"@id":"https:\/\/www.arquimaster.com.ar\/web\/casa-encino-mital-arquitectura\/#primaryimage"},"thumbnailUrl":"https:\/\/www.arquimaster.com.ar\/web\/wp-content\/uploads\/2025\/12\/casa_encino_slide.jpg","datePublished":"2025-12-03T17:17:28+00:00","dateModified":"2025-12-05T15:49:51+00:00","description":"La composici\u00f3n arquitect\u00f3nica juega con l\u00edneas rectas y elementos verticales, creando un dialogo visual entre elementos que activa y dinamiza el dise\u00f1o.","breadcrumb":{"@id":"https:\/\/www.arquimaster.com.ar\/web\/casa-encino-mital-arquitectura\/#breadcrumb"},"inLanguage":"es","potentialAction":[{"@type":"ReadAction","target":["https:\/\/www.arquimaster.com.ar\/web\/casa-encino-mital-arquitectura\/"]}]},{"@type":"ImageObject","inLanguage":"es","@id":"https:\/\/www.arquimaster.com.ar\/web\/casa-encino-mital-arquitectura\/#primaryimage","url":"https:\/\/www.arquimaster.com.ar\/web\/wp-content\/uploads\/2025\/12\/casa_encino_slide.jpg","contentUrl":"https:\/\/www.arquimaster.com.ar\/web\/wp-content\/uploads\/2025\/12\/casa_encino_slide.jpg","width":698,"height":364,"caption":"Casa Encino \/ Mital Arquitectura"},{"@type":"BreadcrumbList","@id":"https:\/\/www.arquimaster.com.ar\/web\/casa-encino-mital-arquitectura\/#breadcrumb","itemListElement":[{"@type":"ListItem","position":1,"name":"Portada","item":"https:\/\/www.arquimaster.com.ar\/web\/"},{"@type":"ListItem","position":2,"name":"Casa Encino \/ Mital Arquitectura"}]},{"@type":"WebSite","@id":"https:\/\/www.arquimaster.com.ar\/web\/#website","url":"https:\/\/www.arquimaster.com.ar\/web\/","name":"Arquimaster","description":"Web de arquitectura, dise\u00f1o y construccion","publisher":{"@id":"https:\/\/www.arquimaster.com.ar\/web\/#organization"},"potentialAction":[{"@type":"SearchAction","target":{"@type":"EntryPoint","urlTemplate":"https:\/\/www.arquimaster.com.ar\/web\/?s={search_term_string}"},"query-input":{"@type":"PropertyValueSpecification","valueRequired":true,"valueName":"search_term_string"}}],"inLanguage":"es"},{"@type":"Organization","@id":"https:\/\/www.arquimaster.com.ar\/web\/#organization","name":"Arquimaster","url":"https:\/\/www.arquimaster.com.ar\/web\/","logo":{"@type":"ImageObject","inLanguage":"es","@id":"https:\/\/www.arquimaster.com.ar\/web\/#\/schema\/logo\/image\/","url":"https:\/\/www.arquimaster.com.ar\/web\/wp-content\/uploads\/2022\/06\/arquimaster.png","contentUrl":"https:\/\/www.arquimaster.com.ar\/web\/wp-content\/uploads\/2022\/06\/arquimaster.png","width":594,"height":78,"caption":"Arquimaster"},"image":{"@id":"https:\/\/www.arquimaster.com.ar\/web\/#\/schema\/logo\/image\/"},"sameAs":["http:\/\/www.facebook.com\/ARQUIMASTER.com.ar","https:\/\/x.com\/arquimaster","https:\/\/www.instagram.com\/arquimasterblog\/","https:\/\/www.linkedin.com\/company\/arquimaster","https:\/\/www.pinterest.com\/arquimaster","https:\/\/t.me\/arquimaster"]},{"@type":"Person","@id":"https:\/\/www.arquimaster.com.ar\/web\/#\/schema\/person\/359e9f7c00193fcde068e0dd2ceb0028","name":"Arquimaster"}]}},"uagb_featured_image_src":{"full":["https:\/\/www.arquimaster.com.ar\/web\/wp-content\/uploads\/2025\/12\/casa_encino_slide.jpg",698,364,false],"thumbnail":["https:\/\/www.arquimaster.com.ar\/web\/wp-content\/uploads\/2025\/12\/casa_encino_slide-150x150.jpg",150,150,true],"medium":["https:\/\/www.arquimaster.com.ar\/web\/wp-content\/uploads\/2025\/12\/casa_encino_slide.jpg",698,364,false],"medium_large":["https:\/\/www.arquimaster.com.ar\/web\/wp-content\/uploads\/2025\/12\/casa_encino_slide.jpg",698,364,false],"large":["https:\/\/www.arquimaster.com.ar\/web\/wp-content\/uploads\/2025\/12\/casa_encino_slide.jpg",698,364,false],"1536x1536":["https:\/\/www.arquimaster.com.ar\/web\/wp-content\/uploads\/2025\/12\/casa_encino_slide.jpg",698,364,false],"2048x2048":["https:\/\/www.arquimaster.com.ar\/web\/wp-content\/uploads\/2025\/12\/casa_encino_slide.jpg",698,364,false]},"uagb_author_info":{"display_name":"Arquimaster","author_link":"https:\/\/www.arquimaster.com.ar\/web\/author\/arquimaster\/"},"uagb_comment_info":0,"uagb_excerpt":"Un dise\u00f1o arquitect\u00f3nico contempor\u00e1neo que equilibra funcionalidad y est\u00e9tica...","_links":{"self":[{"href":"https:\/\/www.arquimaster.com.ar\/web\/wp-json\/wp\/v2\/posts\/86751","targetHints":{"allow":["GET"]}}],"collection":[{"href":"https:\/\/www.arquimaster.com.ar\/web\/wp-json\/wp\/v2\/posts"}],"about":[{"href":"https:\/\/www.arquimaster.com.ar\/web\/wp-json\/wp\/v2\/types\/post"}],"author":[{"embeddable":true,"href":"https:\/\/www.arquimaster.com.ar\/web\/wp-json\/wp\/v2\/users\/1"}],"replies":[{"embeddable":true,"href":"https:\/\/www.arquimaster.com.ar\/web\/wp-json\/wp\/v2\/comments?post=86751"}],"version-history":[{"count":1,"href":"https:\/\/www.arquimaster.com.ar\/web\/wp-json\/wp\/v2\/posts\/86751\/revisions"}],"predecessor-version":[{"id":86772,"href":"https:\/\/www.arquimaster.com.ar\/web\/wp-json\/wp\/v2\/posts\/86751\/revisions\/86772"}],"wp:featuredmedia":[{"embeddable":true,"href":"https:\/\/www.arquimaster.com.ar\/web\/wp-json\/wp\/v2\/media\/86752"}],"wp:attachment":[{"href":"https:\/\/www.arquimaster.com.ar\/web\/wp-json\/wp\/v2\/media?parent=86751"}],"wp:term":[{"taxonomy":"category","embeddable":true,"href":"https:\/\/www.arquimaster.com.ar\/web\/wp-json\/wp\/v2\/categories?post=86751"},{"taxonomy":"post_tag","embeddable":true,"href":"https:\/\/www.arquimaster.com.ar\/web\/wp-json\/wp\/v2\/tags?post=86751"}],"curies":[{"name":"wp","href":"https:\/\/api.w.org\/{rel}","templated":true}]}}