{"id":86880,"date":"2025-12-10T20:37:34","date_gmt":"2025-12-10T23:37:34","guid":{"rendered":"https:\/\/www.arquimaster.com.ar\/web\/?p=86880"},"modified":"2025-12-15T14:32:20","modified_gmt":"2025-12-15T17:32:20","slug":"oficinas-bayer-paraguay-contract-workplaces","status":"publish","type":"post","link":"https:\/\/www.arquimaster.com.ar\/web\/oficinas-bayer-paraguay-contract-workplaces\/","title":{"rendered":"Oficinas Bayer Paraguay \/ Contract Workplaces"},"content":{"rendered":"<div style=\"margin-top: 0px; margin-bottom: 0px;\" class=\"sharethis-inline-share-buttons\" ><\/div><div class=\"b812932af2e751442846f039925109de\" data-index=\"1\" style=\"float: none; margin:25px 0 25px 0; text-align:center;\">\n<script async src=\"https:\/\/pagead2.googlesyndication.com\/pagead\/js\/adsbygoogle.js\"><\/script>\r\n<!-- Arquimaster (superior) -->\r\n<ins class=\"adsbygoogle\"\r\n     style=\"display:block\"\r\n     data-ad-client=\"ca-pub-6351072698456832\"\r\n     data-ad-slot=\"6455489680\"\r\n     data-ad-format=\"auto\"\r\n     data-full-width-responsive=\"true\"><\/ins>\r\n<script>\r\n     (adsbygoogle = window.adsbygoogle || []).push({});\r\n<\/script>\n<\/div>\n<p><strong>Oficinas Bayer Paraguay<\/strong> (Asunci\u00f3n, Paraguay) por <a href=\"https:\/\/www.arquimaster.com.ar\/web\/tag\/contract-workplaces\"><strong>Contract Workplaces<\/strong><\/a>. Hacia fines de 2023, la empresa Bayer de Paraguay, presente en el pa\u00eds desde 1936, nos convoc\u00f3 a un concurso de dise\u00f1o para sus nuevas oficinas con el objetivo de adaptar su espacio de trabajo a las tendencias laborales actuales y optimizar el uso de la superficie disponible. La compa\u00f1\u00eda, que anteriormente ocupaba un edificio de 600 m2 distribuidos en cinco plantas, buscaba trasladarse a una oficina m\u00e1s compacta y eficiente, en sinton\u00eda con las necesidades derivadas de su modelo de trabajo h\u00edbrido.<\/p>\n<div id='gallery-1' class='gallery galleryid-86880 gallery-columns-3 gallery-size-thumbnail'><figure class='gallery-item'>\n\t\t\t<div class='gallery-icon landscape'>\n\t\t\t\t<a href='https:\/\/www.arquimaster.com.ar\/web\/wp-content\/uploads\/2025\/12\/bayer_paraguay_1.jpg' title=\"Oficinas Bayer Paraguay \/ Contract Workplaces (\u00a9 Sebasti\u00e1n Taveira)\" data-rl_title=\"Oficinas Bayer Paraguay \/ Contract Workplaces (\u00a9 Sebasti\u00e1n Taveira)\" class=\"rl-gallery-link\" data-rl_caption=\"Oficinas Bayer Paraguay \/ Contract Workplaces (\u00a9 Sebasti\u00e1n Taveira)\" data-rel=\"lightbox-gallery-1\"><img loading=\"lazy\" decoding=\"async\" width=\"150\" height=\"150\" src=\"https:\/\/www.arquimaster.com.ar\/web\/wp-content\/uploads\/2025\/12\/bayer_paraguay_1-150x150.jpg\" class=\"attachment-thumbnail size-thumbnail\" alt=\"Oficinas Bayer Paraguay \/ Contract Workplaces\" aria-describedby=\"gallery-1-86882\" \/><\/a>\n\t\t\t<\/div>\n\t\t\t\t<figcaption class='wp-caption-text gallery-caption' id='gallery-1-86882'>\n\t\t\t\tOficinas Bayer Paraguay \/ Contract Workplaces (\u00a9 Sebasti\u00e1n Taveira)\n\t\t\t\t<\/figcaption><\/figure><figure class='gallery-item'>\n\t\t\t<div class='gallery-icon landscape'>\n\t\t\t\t<a href='https:\/\/www.arquimaster.com.ar\/web\/wp-content\/uploads\/2025\/12\/bayer_paraguay_2.jpg' title=\"Oficinas Bayer Paraguay \/ Contract Workplaces (\u00a9 Sebasti\u00e1n Taveira)\" data-rl_title=\"Oficinas Bayer Paraguay \/ Contract Workplaces (\u00a9 Sebasti\u00e1n Taveira)\" class=\"rl-gallery-link\" data-rl_caption=\"Oficinas Bayer Paraguay \/ Contract Workplaces (\u00a9 Sebasti\u00e1n Taveira)\" data-rel=\"lightbox-gallery-1\"><img loading=\"lazy\" decoding=\"async\" width=\"150\" height=\"150\" src=\"https:\/\/www.arquimaster.com.ar\/web\/wp-content\/uploads\/2025\/12\/bayer_paraguay_2-150x150.jpg\" class=\"attachment-thumbnail size-thumbnail\" alt=\"Oficinas Bayer Paraguay \/ Contract Workplaces\" aria-describedby=\"gallery-1-86883\" \/><\/a>\n\t\t\t<\/div>\n\t\t\t\t<figcaption class='wp-caption-text gallery-caption' id='gallery-1-86883'>\n\t\t\t\tOficinas Bayer Paraguay \/ Contract Workplaces (\u00a9 Sebasti\u00e1n Taveira)\n\t\t\t\t<\/figcaption><\/figure><figure class='gallery-item'>\n\t\t\t<div class='gallery-icon landscape'>\n\t\t\t\t<a href='https:\/\/www.arquimaster.com.ar\/web\/wp-content\/uploads\/2025\/12\/bayer_paraguay_3.jpg' title=\"Oficinas Bayer Paraguay \/ Contract Workplaces (\u00a9 Sebasti\u00e1n Taveira)\" data-rl_title=\"Oficinas Bayer Paraguay \/ Contract Workplaces (\u00a9 Sebasti\u00e1n Taveira)\" class=\"rl-gallery-link\" data-rl_caption=\"Oficinas Bayer Paraguay \/ Contract Workplaces (\u00a9 Sebasti\u00e1n Taveira)\" data-rel=\"lightbox-gallery-1\"><img loading=\"lazy\" decoding=\"async\" width=\"150\" height=\"150\" src=\"https:\/\/www.arquimaster.com.ar\/web\/wp-content\/uploads\/2025\/12\/bayer_paraguay_3-150x150.jpg\" class=\"attachment-thumbnail size-thumbnail\" alt=\"Oficinas Bayer Paraguay \/ Contract Workplaces\" aria-describedby=\"gallery-1-86884\" \/><\/a>\n\t\t\t<\/div>\n\t\t\t\t<figcaption class='wp-caption-text gallery-caption' id='gallery-1-86884'>\n\t\t\t\tOficinas Bayer Paraguay \/ Contract Workplaces (\u00a9 Sebasti\u00e1n Taveira)\n\t\t\t\t<\/figcaption><\/figure><figure class='gallery-item'>\n\t\t\t<div class='gallery-icon landscape'>\n\t\t\t\t<a href='https:\/\/www.arquimaster.com.ar\/web\/wp-content\/uploads\/2025\/12\/bayer_paraguay_4.jpg' title=\"Oficinas Bayer Paraguay \/ Contract Workplaces (\u00a9 Sebasti\u00e1n Taveira)\" data-rl_title=\"Oficinas Bayer Paraguay \/ Contract Workplaces (\u00a9 Sebasti\u00e1n Taveira)\" class=\"rl-gallery-link\" data-rl_caption=\"Oficinas Bayer Paraguay \/ Contract Workplaces (\u00a9 Sebasti\u00e1n Taveira)\" data-rel=\"lightbox-gallery-1\"><img loading=\"lazy\" decoding=\"async\" width=\"150\" height=\"150\" src=\"https:\/\/www.arquimaster.com.ar\/web\/wp-content\/uploads\/2025\/12\/bayer_paraguay_4-150x150.jpg\" class=\"attachment-thumbnail size-thumbnail\" alt=\"Oficinas Bayer Paraguay \/ Contract Workplaces\" aria-describedby=\"gallery-1-86885\" \/><\/a>\n\t\t\t<\/div>\n\t\t\t\t<figcaption class='wp-caption-text gallery-caption' id='gallery-1-86885'>\n\t\t\t\tOficinas Bayer Paraguay \/ Contract Workplaces (\u00a9 Sebasti\u00e1n Taveira)\n\t\t\t\t<\/figcaption><\/figure><figure class='gallery-item'>\n\t\t\t<div class='gallery-icon landscape'>\n\t\t\t\t<a href='https:\/\/www.arquimaster.com.ar\/web\/wp-content\/uploads\/2025\/12\/bayer_paraguay_5.jpg' title=\"Oficinas Bayer Paraguay \/ Contract Workplaces (\u00a9 Sebasti\u00e1n Taveira)\" data-rl_title=\"Oficinas Bayer Paraguay \/ Contract Workplaces (\u00a9 Sebasti\u00e1n Taveira)\" class=\"rl-gallery-link\" data-rl_caption=\"Oficinas Bayer Paraguay \/ Contract Workplaces (\u00a9 Sebasti\u00e1n Taveira)\" data-rel=\"lightbox-gallery-1\"><img loading=\"lazy\" decoding=\"async\" width=\"150\" height=\"150\" src=\"https:\/\/www.arquimaster.com.ar\/web\/wp-content\/uploads\/2025\/12\/bayer_paraguay_5-150x150.jpg\" class=\"attachment-thumbnail size-thumbnail\" alt=\"Oficinas Bayer Paraguay \/ Contract Workplaces\" aria-describedby=\"gallery-1-86886\" \/><\/a>\n\t\t\t<\/div>\n\t\t\t\t<figcaption class='wp-caption-text gallery-caption' id='gallery-1-86886'>\n\t\t\t\tOficinas Bayer Paraguay \/ Contract Workplaces (\u00a9 Sebasti\u00e1n Taveira)\n\t\t\t\t<\/figcaption><\/figure><figure class='gallery-item'>\n\t\t\t<div class='gallery-icon landscape'>\n\t\t\t\t<a href='https:\/\/www.arquimaster.com.ar\/web\/wp-content\/uploads\/2025\/12\/bayer_paraguay_6.jpg' title=\"Oficinas Bayer Paraguay \/ Contract Workplaces (\u00a9 Sebasti\u00e1n Taveira)\" data-rl_title=\"Oficinas Bayer Paraguay \/ Contract Workplaces (\u00a9 Sebasti\u00e1n Taveira)\" class=\"rl-gallery-link\" data-rl_caption=\"Oficinas Bayer Paraguay \/ Contract Workplaces (\u00a9 Sebasti\u00e1n Taveira)\" data-rel=\"lightbox-gallery-1\"><img loading=\"lazy\" decoding=\"async\" width=\"150\" height=\"150\" src=\"https:\/\/www.arquimaster.com.ar\/web\/wp-content\/uploads\/2025\/12\/bayer_paraguay_6-150x150.jpg\" class=\"attachment-thumbnail size-thumbnail\" alt=\"Oficinas Bayer Paraguay \/ Contract Workplaces\" aria-describedby=\"gallery-1-86887\" \/><\/a>\n\t\t\t<\/div>\n\t\t\t\t<figcaption class='wp-caption-text gallery-caption' id='gallery-1-86887'>\n\t\t\t\tOficinas Bayer Paraguay \/ Contract Workplaces (\u00a9 Sebasti\u00e1n Taveira)\n\t\t\t\t<\/figcaption><\/figure><figure class='gallery-item'>\n\t\t\t<div class='gallery-icon landscape'>\n\t\t\t\t<a href='https:\/\/www.arquimaster.com.ar\/web\/wp-content\/uploads\/2025\/12\/bayer_paraguay_7.jpg' title=\"Oficinas Bayer Paraguay \/ Contract Workplaces (\u00a9 Sebasti\u00e1n Taveira)\" data-rl_title=\"Oficinas Bayer Paraguay \/ Contract Workplaces (\u00a9 Sebasti\u00e1n Taveira)\" class=\"rl-gallery-link\" data-rl_caption=\"Oficinas Bayer Paraguay \/ Contract Workplaces (\u00a9 Sebasti\u00e1n Taveira)\" data-rel=\"lightbox-gallery-1\"><img loading=\"lazy\" decoding=\"async\" width=\"150\" height=\"150\" src=\"https:\/\/www.arquimaster.com.ar\/web\/wp-content\/uploads\/2025\/12\/bayer_paraguay_7-150x150.jpg\" class=\"attachment-thumbnail size-thumbnail\" alt=\"Oficinas Bayer Paraguay \/ Contract Workplaces\" aria-describedby=\"gallery-1-86888\" \/><\/a>\n\t\t\t<\/div>\n\t\t\t\t<figcaption class='wp-caption-text gallery-caption' id='gallery-1-86888'>\n\t\t\t\tOficinas Bayer Paraguay \/ Contract Workplaces (\u00a9 Sebasti\u00e1n Taveira)\n\t\t\t\t<\/figcaption><\/figure><figure class='gallery-item'>\n\t\t\t<div class='gallery-icon landscape'>\n\t\t\t\t<a href='https:\/\/www.arquimaster.com.ar\/web\/wp-content\/uploads\/2025\/12\/bayer_paraguay_8.jpg' title=\"Oficinas Bayer Paraguay \/ Contract Workplaces (\u00a9 Sebasti\u00e1n Taveira)\" data-rl_title=\"Oficinas Bayer Paraguay \/ Contract Workplaces (\u00a9 Sebasti\u00e1n Taveira)\" class=\"rl-gallery-link\" data-rl_caption=\"Oficinas Bayer Paraguay \/ Contract Workplaces (\u00a9 Sebasti\u00e1n Taveira)\" data-rel=\"lightbox-gallery-1\"><img loading=\"lazy\" decoding=\"async\" width=\"150\" height=\"150\" src=\"https:\/\/www.arquimaster.com.ar\/web\/wp-content\/uploads\/2025\/12\/bayer_paraguay_8-150x150.jpg\" class=\"attachment-thumbnail size-thumbnail\" alt=\"Oficinas Bayer Paraguay \/ Contract Workplaces\" aria-describedby=\"gallery-1-86889\" \/><\/a>\n\t\t\t<\/div>\n\t\t\t\t<figcaption class='wp-caption-text gallery-caption' id='gallery-1-86889'>\n\t\t\t\tOficinas Bayer Paraguay \/ Contract Workplaces (\u00a9 Sebasti\u00e1n Taveira)\n\t\t\t\t<\/figcaption><\/figure><figure class='gallery-item'>\n\t\t\t<div class='gallery-icon landscape'>\n\t\t\t\t<a href='https:\/\/www.arquimaster.com.ar\/web\/wp-content\/uploads\/2025\/12\/bayer_paraguay_9.jpg' title=\"Oficinas Bayer Paraguay \/ Contract Workplaces (\u00a9 Sebasti\u00e1n Taveira)\" data-rl_title=\"Oficinas Bayer Paraguay \/ Contract Workplaces (\u00a9 Sebasti\u00e1n Taveira)\" class=\"rl-gallery-link\" data-rl_caption=\"Oficinas Bayer Paraguay \/ Contract Workplaces (\u00a9 Sebasti\u00e1n Taveira)\" data-rel=\"lightbox-gallery-1\"><img loading=\"lazy\" decoding=\"async\" width=\"150\" height=\"150\" src=\"https:\/\/www.arquimaster.com.ar\/web\/wp-content\/uploads\/2025\/12\/bayer_paraguay_9-150x150.jpg\" class=\"attachment-thumbnail size-thumbnail\" alt=\"Oficinas Bayer Paraguay \/ Contract Workplaces\" aria-describedby=\"gallery-1-86890\" \/><\/a>\n\t\t\t<\/div>\n\t\t\t\t<figcaption class='wp-caption-text gallery-caption' id='gallery-1-86890'>\n\t\t\t\tOficinas Bayer Paraguay \/ Contract Workplaces (\u00a9 Sebasti\u00e1n Taveira)\n\t\t\t\t<\/figcaption><\/figure><figure class='gallery-item'>\n\t\t\t<div class='gallery-icon landscape'>\n\t\t\t\t<a href='https:\/\/www.arquimaster.com.ar\/web\/wp-content\/uploads\/2025\/12\/bayer_paraguay_10.jpg' title=\"Oficinas Bayer Paraguay \/ Contract Workplaces (\u00a9 Sebasti\u00e1n Taveira)\" data-rl_title=\"Oficinas Bayer Paraguay \/ Contract Workplaces (\u00a9 Sebasti\u00e1n Taveira)\" class=\"rl-gallery-link\" data-rl_caption=\"Oficinas Bayer Paraguay \/ Contract Workplaces (\u00a9 Sebasti\u00e1n Taveira)\" data-rel=\"lightbox-gallery-1\"><img loading=\"lazy\" decoding=\"async\" width=\"150\" height=\"150\" src=\"https:\/\/www.arquimaster.com.ar\/web\/wp-content\/uploads\/2025\/12\/bayer_paraguay_10-150x150.jpg\" class=\"attachment-thumbnail size-thumbnail\" alt=\"Oficinas Bayer Paraguay \/ Contract Workplaces\" aria-describedby=\"gallery-1-86891\" \/><\/a>\n\t\t\t<\/div>\n\t\t\t\t<figcaption class='wp-caption-text gallery-caption' id='gallery-1-86891'>\n\t\t\t\tOficinas Bayer Paraguay \/ Contract Workplaces (\u00a9 Sebasti\u00e1n Taveira)\n\t\t\t\t<\/figcaption><\/figure><figure class='gallery-item'>\n\t\t\t<div class='gallery-icon landscape'>\n\t\t\t\t<a href='https:\/\/www.arquimaster.com.ar\/web\/wp-content\/uploads\/2025\/12\/bayer_paraguay_11.jpg' title=\"Oficinas Bayer Paraguay \/ Contract Workplaces (\u00a9 Sebasti\u00e1n Taveira)\" data-rl_title=\"Oficinas Bayer Paraguay \/ Contract Workplaces (\u00a9 Sebasti\u00e1n Taveira)\" class=\"rl-gallery-link\" data-rl_caption=\"Oficinas Bayer Paraguay \/ Contract Workplaces (\u00a9 Sebasti\u00e1n Taveira)\" data-rel=\"lightbox-gallery-1\"><img loading=\"lazy\" decoding=\"async\" width=\"150\" height=\"150\" src=\"https:\/\/www.arquimaster.com.ar\/web\/wp-content\/uploads\/2025\/12\/bayer_paraguay_11-150x150.jpg\" class=\"attachment-thumbnail size-thumbnail\" alt=\"Oficinas Bayer Paraguay \/ Contract Workplaces\" aria-describedby=\"gallery-1-86892\" \/><\/a>\n\t\t\t<\/div>\n\t\t\t\t<figcaption class='wp-caption-text gallery-caption' id='gallery-1-86892'>\n\t\t\t\tOficinas Bayer Paraguay \/ Contract Workplaces (\u00a9 Sebasti\u00e1n Taveira)\n\t\t\t\t<\/figcaption><\/figure><figure class='gallery-item'>\n\t\t\t<div class='gallery-icon landscape'>\n\t\t\t\t<a href='https:\/\/www.arquimaster.com.ar\/web\/wp-content\/uploads\/2025\/12\/bayer_paraguay_12.jpg' title=\"Oficinas Bayer Paraguay \/ Contract Workplaces (\u00a9 Sebasti\u00e1n Taveira)\" data-rl_title=\"Oficinas Bayer Paraguay \/ Contract Workplaces (\u00a9 Sebasti\u00e1n Taveira)\" class=\"rl-gallery-link\" data-rl_caption=\"Oficinas Bayer Paraguay \/ Contract Workplaces (\u00a9 Sebasti\u00e1n Taveira)\" data-rel=\"lightbox-gallery-1\"><img loading=\"lazy\" decoding=\"async\" width=\"150\" height=\"150\" src=\"https:\/\/www.arquimaster.com.ar\/web\/wp-content\/uploads\/2025\/12\/bayer_paraguay_12-150x150.jpg\" class=\"attachment-thumbnail size-thumbnail\" alt=\"Oficinas Bayer Paraguay \/ Contract Workplaces\" aria-describedby=\"gallery-1-86893\" \/><\/a>\n\t\t\t<\/div>\n\t\t\t\t<figcaption class='wp-caption-text gallery-caption' id='gallery-1-86893'>\n\t\t\t\tOficinas Bayer Paraguay \/ Contract Workplaces (\u00a9 Sebasti\u00e1n Taveira)\n\t\t\t\t<\/figcaption><\/figure><figure class='gallery-item'>\n\t\t\t<div class='gallery-icon landscape'>\n\t\t\t\t<a href='https:\/\/www.arquimaster.com.ar\/web\/wp-content\/uploads\/2025\/12\/bayer_paraguay_13.jpg' title=\"Oficinas Bayer Paraguay \/ Contract Workplaces (\u00a9 Sebasti\u00e1n Taveira)\" data-rl_title=\"Oficinas Bayer Paraguay \/ Contract Workplaces (\u00a9 Sebasti\u00e1n Taveira)\" class=\"rl-gallery-link\" data-rl_caption=\"Oficinas Bayer Paraguay \/ Contract Workplaces (\u00a9 Sebasti\u00e1n Taveira)\" data-rel=\"lightbox-gallery-1\"><img loading=\"lazy\" decoding=\"async\" width=\"150\" height=\"150\" src=\"https:\/\/www.arquimaster.com.ar\/web\/wp-content\/uploads\/2025\/12\/bayer_paraguay_13-150x150.jpg\" class=\"attachment-thumbnail size-thumbnail\" alt=\"Oficinas Bayer Paraguay \/ Contract Workplaces\" aria-describedby=\"gallery-1-86894\" \/><\/a>\n\t\t\t<\/div>\n\t\t\t\t<figcaption class='wp-caption-text gallery-caption' id='gallery-1-86894'>\n\t\t\t\tOficinas Bayer Paraguay \/ Contract Workplaces (\u00a9 Sebasti\u00e1n Taveira)\n\t\t\t\t<\/figcaption><\/figure><figure class='gallery-item'>\n\t\t\t<div class='gallery-icon landscape'>\n\t\t\t\t<a href='https:\/\/www.arquimaster.com.ar\/web\/wp-content\/uploads\/2025\/12\/bayer_paraguay_14.jpg' title=\"Oficinas Bayer Paraguay \/ Contract Workplaces (\u00a9 Sebasti\u00e1n Taveira)\" data-rl_title=\"Oficinas Bayer Paraguay \/ Contract Workplaces (\u00a9 Sebasti\u00e1n Taveira)\" class=\"rl-gallery-link\" data-rl_caption=\"Oficinas Bayer Paraguay \/ Contract Workplaces (\u00a9 Sebasti\u00e1n Taveira)\" data-rel=\"lightbox-gallery-1\"><img loading=\"lazy\" decoding=\"async\" width=\"150\" height=\"150\" src=\"https:\/\/www.arquimaster.com.ar\/web\/wp-content\/uploads\/2025\/12\/bayer_paraguay_14-150x150.jpg\" class=\"attachment-thumbnail size-thumbnail\" alt=\"Oficinas Bayer Paraguay \/ Contract Workplaces\" aria-describedby=\"gallery-1-86895\" \/><\/a>\n\t\t\t<\/div>\n\t\t\t\t<figcaption class='wp-caption-text gallery-caption' id='gallery-1-86895'>\n\t\t\t\tOficinas Bayer Paraguay \/ Contract Workplaces (\u00a9 Sebasti\u00e1n Taveira)\n\t\t\t\t<\/figcaption><\/figure><figure class='gallery-item'>\n\t\t\t<div class='gallery-icon landscape'>\n\t\t\t\t<a href='https:\/\/www.arquimaster.com.ar\/web\/wp-content\/uploads\/2025\/12\/bayer_paraguay_15.jpg' title=\"Oficinas Bayer Paraguay \/ Contract Workplaces (planta)\" data-rl_title=\"Oficinas Bayer Paraguay \/ Contract Workplaces (planta)\" class=\"rl-gallery-link\" data-rl_caption=\"Oficinas Bayer Paraguay \/ Contract Workplaces (planta)\" data-rel=\"lightbox-gallery-1\"><img loading=\"lazy\" decoding=\"async\" width=\"150\" height=\"150\" src=\"https:\/\/www.arquimaster.com.ar\/web\/wp-content\/uploads\/2025\/12\/bayer_paraguay_15-150x150.jpg\" class=\"attachment-thumbnail size-thumbnail\" alt=\"Oficinas Bayer Paraguay \/ Contract Workplaces\" aria-describedby=\"gallery-1-86896\" \/><\/a>\n\t\t\t<\/div>\n\t\t\t\t<figcaption class='wp-caption-text gallery-caption' id='gallery-1-86896'>\n\t\t\t\tOficinas Bayer Paraguay \/ Contract Workplaces (planta)\n\t\t\t\t<\/figcaption><\/figure>\n\t\t<\/div>\n\n<p>La elecci\u00f3n del nuevo espacio, de aproximadamente 400 m2, recay\u00f3 en \u00abThe Top\u00bb, un edificio corporativo de reciente construcci\u00f3n, dise\u00f1ado por el prestigioso estudio de arquitectura argentino MRAA (Mario Roberto \u00c1lvarez y Asociados), en el coraz\u00f3n del eje corporativo de Asunci\u00f3n.<\/p>\n<p>La propuesta busc\u00f3 combinar una marcada impronta paraguaya con un enfoque contempor\u00e1neo, integrando las \u00faltimas tendencias en el dise\u00f1o de oficinas: \u00e1reas de trabajo abiertas que se integran de manera fluida con las salas de reuni\u00f3n, fomentando un entorno colaborativo y distendido. Adem\u00e1s, el dise\u00f1o puso especial \u00e9nfasis en crear una experiencia espacial que promoviera el bienestar de los colaboradores.<\/p>\n<p>El \u00e1rea operativa se ubic\u00f3 sobre el per\u00edmetro de la planta para aprovechar la iluminaci\u00f3n natural y las vistas al exterior, mientras que los espacios alternativos, como los phone rooms y las salas de reuniones peque\u00f1as, se ubicaron cerca del n\u00facleo para facilitar la concentraci\u00f3n y permitir las conversaciones privadas. El acceso principal, con recepci\u00f3n y un living de espera, act\u00faa como un nexo entre las salas de reuniones m\u00e1s grandes y el \u00e1rea operativa.<\/p>\n<p>Para sectorizar las \u00e1reas de trabajo, se incorporaron contra la fachada dos salas de reuniones con una morfolog\u00eda disruptiva, a modo de caverna, revestidas en su exterior con una placa s\u00edmil madera. Estas estructuras no solo aportan identidad visual, sino que tambi\u00e9n fomentan la participaci\u00f3n activa, la colaboraci\u00f3n y la innovaci\u00f3n.<\/p>\n<p>En el extremo de la planta se ubicaron el Work Caf\u00e9 y la Sala de Innovaci\u00f3n, concebidos como espacios flexibles y distendidos que promueven la comunicaci\u00f3n, el intercambio de ideas y la interacci\u00f3n entre los colaboradores Para reforzar la identidad del lugar, se convoc\u00f3 a un reconocido artista paraguayo, Oz Montania, quien cre\u00f3 dos murales que reflejan los valores y principios de la compa\u00f1\u00eda.<\/p>\n<p>El dise\u00f1o interior se bas\u00f3 en una paleta crom\u00e1tica inspirada en la identidad corporativa y el entorno natural, aline\u00e1ndose con las tendencias contempor\u00e1neas y el concepto de bienestar biof\u00edlico. Las salas de reuniones se revistieron con alfombras en tonos vibrantes -verde lim\u00f3n, violeta y azul-, mientras que los revestimientos en madera laminada clara y el mobiliario en tonos blancos aportan calidez y luminosidad al espacio.<\/p>\n<p>Adem\u00e1s, se prioriz\u00f3 que todos los puestos de trabajo contar\u00e1n con vistas hacia el exterior, maximizando el uso de iluminaci\u00f3n natural. Las plantas se incorporaron como un recurso clave para conectar el interior con la naturaleza, utilizando el color verde como hilo conductor en todo el dise\u00f1o.<\/p>\n<p>Uno de los puntos destacados del proyecto es el mural abstracto que, a trav\u00e9s de una paleta inspirada en los colores predominantes de las alfombras y el mobiliario, aporta car\u00e1cter y refuerza la identidad del espacio. Adem\u00e1s, la incorporaci\u00f3n de materiales ac\u00fasticos y los tapizados optimizan la funcionalidad y el confort.<\/p>\n<p>Con esta intervenci\u00f3n, las nuevas oficinas de Bayer Paraguay se consolidan como un referente de dise\u00f1o contempor\u00e1neo, funcional y sostenible, alineado con las tendencias globales y las particularidades locales.<\/p>\n\n\n<div style=\"height:20px\" aria-hidden=\"true\" class=\"wp-block-spacer\"><\/div>\n\n\n\n<p class=\"has-background\" style=\"background-color:#eaeaea\"><strong>Ficha t\u00e9cnica<\/strong><br>Nombre: Oficinas Bayer Paraguay<br>Ubicaci\u00f3n: Asunci\u00f3n, Paraguay<br>Dise\u00f1o y Construcci\u00f3n llave en mano: Contract Workplaces<br>Cliente: Bayer<br>Actividad: Laboratorios &amp; Salud<br>Superficie: 400 m2<br>Plazo de la obra: 95 d\u00edas<br>A\u00f1o: 2024<br>Fotos: Sebasti\u00e1n Taveira para Contract Workplaces<br>Instagram: @contract_workplaces<\/p>\n\n\n\n<div style=\"height:40px\" aria-hidden=\"true\" class=\"wp-block-spacer\"><\/div>\n\n<div style=\"font-size: 0px; height: 0px; line-height: 0px; margin: 0; padding: 0; clear: both;\"><\/div><div style=\"margin-top: 0px; margin-bottom: 0px;\" class=\"sharethis-inline-share-buttons\" ><\/div>","protected":false},"excerpt":{"rendered":"<p>Enfoque contempor\u00e1neo que integra las \u00faltimas tendencias en el dise\u00f1o de oficinas&#8230;<\/p>\n","protected":false},"author":1,"featured_media":86881,"comment_status":"closed","ping_status":"closed","sticky":false,"template":"","format":"standard","meta":{"_uag_custom_page_level_css":"","footnotes":""},"categories":[76,1],"tags":[1362,1803,2673,255,93,1292],"class_list":["post-86880","post","type-post","status-publish","format-standard","has-post-thumbnail","hentry","category-arquitectura-corporativa","category-proyecto","tag-arquitectura-corporativa-2","tag-asuncion","tag-contract-workplaces","tag-oficinas","tag-paraguay","tag-workplaces","generate-columns","tablet-grid-50","mobile-grid-100","grid-parent","grid-50"],"yoast_head":"<!-- This site is optimized with the Yoast SEO plugin v27.3 - https:\/\/yoast.com\/product\/yoast-seo-wordpress\/ -->\n<title>Oficinas Bayer Paraguay \/ Contract Workplaces - Arquimaster<\/title>\n<meta name=\"description\" content=\"La propuesta busc\u00f3 combinar una marcada impronta paraguaya con un enfoque contempor\u00e1neo, integrando las \u00faltimas tendencias en el dise\u00f1o de oficinas.\" \/>\n<meta name=\"robots\" content=\"index, follow, max-snippet:-1, max-image-preview:large, max-video-preview:-1\" \/>\n<link rel=\"canonical\" href=\"https:\/\/www.arquimaster.com.ar\/web\/oficinas-bayer-paraguay-contract-workplaces\/\" \/>\n<meta property=\"og:locale\" content=\"es_ES\" \/>\n<meta property=\"og:type\" content=\"article\" \/>\n<meta property=\"og:title\" content=\"Oficinas Bayer Paraguay \/ Contract Workplaces\" \/>\n<meta property=\"og:description\" content=\"La propuesta busc\u00f3 combinar una marcada impronta paraguaya con un enfoque contempor\u00e1neo, integrando las \u00faltimas tendencias en el dise\u00f1o de oficinas.\" \/>\n<meta property=\"og:url\" content=\"https:\/\/www.arquimaster.com.ar\/web\/oficinas-bayer-paraguay-contract-workplaces\/\" \/>\n<meta property=\"og:site_name\" content=\"Arquimaster\" \/>\n<meta property=\"article:publisher\" content=\"http:\/\/www.facebook.com\/ARQUIMASTER.com.ar\" \/>\n<meta property=\"article:published_time\" content=\"2025-12-10T23:37:34+00:00\" \/>\n<meta property=\"article:modified_time\" content=\"2025-12-15T17:32:20+00:00\" \/>\n<meta property=\"og:image\" content=\"https:\/\/www.arquimaster.com.ar\/web\/wp-content\/uploads\/2025\/12\/bayer_paraguay_slide.jpg\" \/>\n\t<meta property=\"og:image:width\" content=\"698\" \/>\n\t<meta property=\"og:image:height\" content=\"364\" \/>\n\t<meta property=\"og:image:type\" content=\"image\/jpeg\" \/>\n<meta name=\"author\" content=\"Arquimaster\" \/>\n<meta name=\"twitter:card\" content=\"summary_large_image\" \/>\n<meta name=\"twitter:title\" content=\"Oficinas Bayer Paraguay \/ Contract Workplaces\" \/>\n<meta name=\"twitter:description\" content=\"La propuesta busc\u00f3 combinar una marcada impronta paraguaya con un enfoque contempor\u00e1neo, integrando las \u00faltimas tendencias en el dise\u00f1o de oficinas.\" \/>\n<meta name=\"twitter:image\" content=\"https:\/\/www.arquimaster.com.ar\/web\/wp-content\/uploads\/2025\/12\/bayer_paraguay_slide.jpg\" \/>\n<meta name=\"twitter:creator\" content=\"@arquimaster\" \/>\n<meta name=\"twitter:site\" content=\"@arquimaster\" \/>\n<meta name=\"twitter:label1\" content=\"Escrito por\" \/>\n\t<meta name=\"twitter:data1\" content=\"Arquimaster\" \/>\n\t<meta name=\"twitter:label2\" content=\"Tiempo de lectura\" \/>\n\t<meta name=\"twitter:data2\" content=\"4 minutos\" \/>\n<script type=\"application\/ld+json\" class=\"yoast-schema-graph\">{\"@context\":\"https:\\\/\\\/schema.org\",\"@graph\":[{\"@type\":\"Article\",\"@id\":\"https:\\\/\\\/www.arquimaster.com.ar\\\/web\\\/oficinas-bayer-paraguay-contract-workplaces\\\/#article\",\"isPartOf\":{\"@id\":\"https:\\\/\\\/www.arquimaster.com.ar\\\/web\\\/oficinas-bayer-paraguay-contract-workplaces\\\/\"},\"author\":{\"name\":\"Arquimaster\",\"@id\":\"https:\\\/\\\/www.arquimaster.com.ar\\\/web\\\/#\\\/schema\\\/person\\\/359e9f7c00193fcde068e0dd2ceb0028\"},\"headline\":\"Oficinas Bayer Paraguay \\\/ Contract Workplaces\",\"datePublished\":\"2025-12-10T23:37:34+00:00\",\"dateModified\":\"2025-12-15T17:32:20+00:00\",\"mainEntityOfPage\":{\"@id\":\"https:\\\/\\\/www.arquimaster.com.ar\\\/web\\\/oficinas-bayer-paraguay-contract-workplaces\\\/\"},\"wordCount\":673,\"publisher\":{\"@id\":\"https:\\\/\\\/www.arquimaster.com.ar\\\/web\\\/#organization\"},\"image\":{\"@id\":\"https:\\\/\\\/www.arquimaster.com.ar\\\/web\\\/oficinas-bayer-paraguay-contract-workplaces\\\/#primaryimage\"},\"thumbnailUrl\":\"https:\\\/\\\/www.arquimaster.com.ar\\\/web\\\/wp-content\\\/uploads\\\/2025\\\/12\\\/bayer_paraguay_slide.jpg\",\"keywords\":[\"arquitectura corporativa\",\"Asuncion\",\"Contract Workplaces\",\"oficinas\",\"Paraguay\",\"workplaces\"],\"articleSection\":[\"Arquitectura corporativa\",\"Proyecto\"],\"inLanguage\":\"es\"},{\"@type\":\"WebPage\",\"@id\":\"https:\\\/\\\/www.arquimaster.com.ar\\\/web\\\/oficinas-bayer-paraguay-contract-workplaces\\\/\",\"url\":\"https:\\\/\\\/www.arquimaster.com.ar\\\/web\\\/oficinas-bayer-paraguay-contract-workplaces\\\/\",\"name\":\"Oficinas Bayer Paraguay \\\/ Contract Workplaces - Arquimaster\",\"isPartOf\":{\"@id\":\"https:\\\/\\\/www.arquimaster.com.ar\\\/web\\\/#website\"},\"primaryImageOfPage\":{\"@id\":\"https:\\\/\\\/www.arquimaster.com.ar\\\/web\\\/oficinas-bayer-paraguay-contract-workplaces\\\/#primaryimage\"},\"image\":{\"@id\":\"https:\\\/\\\/www.arquimaster.com.ar\\\/web\\\/oficinas-bayer-paraguay-contract-workplaces\\\/#primaryimage\"},\"thumbnailUrl\":\"https:\\\/\\\/www.arquimaster.com.ar\\\/web\\\/wp-content\\\/uploads\\\/2025\\\/12\\\/bayer_paraguay_slide.jpg\",\"datePublished\":\"2025-12-10T23:37:34+00:00\",\"dateModified\":\"2025-12-15T17:32:20+00:00\",\"description\":\"La propuesta busc\u00f3 combinar una marcada impronta paraguaya con un enfoque contempor\u00e1neo, integrando las \u00faltimas tendencias en el dise\u00f1o de oficinas.\",\"breadcrumb\":{\"@id\":\"https:\\\/\\\/www.arquimaster.com.ar\\\/web\\\/oficinas-bayer-paraguay-contract-workplaces\\\/#breadcrumb\"},\"inLanguage\":\"es\",\"potentialAction\":[{\"@type\":\"ReadAction\",\"target\":[\"https:\\\/\\\/www.arquimaster.com.ar\\\/web\\\/oficinas-bayer-paraguay-contract-workplaces\\\/\"]}]},{\"@type\":\"ImageObject\",\"inLanguage\":\"es\",\"@id\":\"https:\\\/\\\/www.arquimaster.com.ar\\\/web\\\/oficinas-bayer-paraguay-contract-workplaces\\\/#primaryimage\",\"url\":\"https:\\\/\\\/www.arquimaster.com.ar\\\/web\\\/wp-content\\\/uploads\\\/2025\\\/12\\\/bayer_paraguay_slide.jpg\",\"contentUrl\":\"https:\\\/\\\/www.arquimaster.com.ar\\\/web\\\/wp-content\\\/uploads\\\/2025\\\/12\\\/bayer_paraguay_slide.jpg\",\"width\":698,\"height\":364,\"caption\":\"Oficinas Bayer Paraguay \\\/ Contract Workplaces\"},{\"@type\":\"BreadcrumbList\",\"@id\":\"https:\\\/\\\/www.arquimaster.com.ar\\\/web\\\/oficinas-bayer-paraguay-contract-workplaces\\\/#breadcrumb\",\"itemListElement\":[{\"@type\":\"ListItem\",\"position\":1,\"name\":\"Portada\",\"item\":\"https:\\\/\\\/www.arquimaster.com.ar\\\/web\\\/\"},{\"@type\":\"ListItem\",\"position\":2,\"name\":\"Oficinas Bayer Paraguay \\\/ Contract Workplaces\"}]},{\"@type\":\"WebSite\",\"@id\":\"https:\\\/\\\/www.arquimaster.com.ar\\\/web\\\/#website\",\"url\":\"https:\\\/\\\/www.arquimaster.com.ar\\\/web\\\/\",\"name\":\"Arquimaster\",\"description\":\"Web de arquitectura, dise\u00f1o y construccion\",\"publisher\":{\"@id\":\"https:\\\/\\\/www.arquimaster.com.ar\\\/web\\\/#organization\"},\"potentialAction\":[{\"@type\":\"SearchAction\",\"target\":{\"@type\":\"EntryPoint\",\"urlTemplate\":\"https:\\\/\\\/www.arquimaster.com.ar\\\/web\\\/?s={search_term_string}\"},\"query-input\":{\"@type\":\"PropertyValueSpecification\",\"valueRequired\":true,\"valueName\":\"search_term_string\"}}],\"inLanguage\":\"es\"},{\"@type\":\"Organization\",\"@id\":\"https:\\\/\\\/www.arquimaster.com.ar\\\/web\\\/#organization\",\"name\":\"Arquimaster\",\"url\":\"https:\\\/\\\/www.arquimaster.com.ar\\\/web\\\/\",\"logo\":{\"@type\":\"ImageObject\",\"inLanguage\":\"es\",\"@id\":\"https:\\\/\\\/www.arquimaster.com.ar\\\/web\\\/#\\\/schema\\\/logo\\\/image\\\/\",\"url\":\"https:\\\/\\\/www.arquimaster.com.ar\\\/web\\\/wp-content\\\/uploads\\\/2022\\\/06\\\/arquimaster.png\",\"contentUrl\":\"https:\\\/\\\/www.arquimaster.com.ar\\\/web\\\/wp-content\\\/uploads\\\/2022\\\/06\\\/arquimaster.png\",\"width\":594,\"height\":78,\"caption\":\"Arquimaster\"},\"image\":{\"@id\":\"https:\\\/\\\/www.arquimaster.com.ar\\\/web\\\/#\\\/schema\\\/logo\\\/image\\\/\"},\"sameAs\":[\"http:\\\/\\\/www.facebook.com\\\/ARQUIMASTER.com.ar\",\"https:\\\/\\\/x.com\\\/arquimaster\",\"https:\\\/\\\/www.instagram.com\\\/arquimasterblog\\\/\",\"https:\\\/\\\/www.linkedin.com\\\/company\\\/arquimaster\",\"https:\\\/\\\/www.pinterest.com\\\/arquimaster\",\"https:\\\/\\\/t.me\\\/arquimaster\"]},{\"@type\":\"Person\",\"@id\":\"https:\\\/\\\/www.arquimaster.com.ar\\\/web\\\/#\\\/schema\\\/person\\\/359e9f7c00193fcde068e0dd2ceb0028\",\"name\":\"Arquimaster\"}]}<\/script>\n<!-- \/ Yoast SEO plugin. -->","yoast_head_json":{"title":"Oficinas Bayer Paraguay \/ Contract Workplaces - Arquimaster","description":"La propuesta busc\u00f3 combinar una marcada impronta paraguaya con un enfoque contempor\u00e1neo, integrando las \u00faltimas tendencias en el dise\u00f1o de oficinas.","robots":{"index":"index","follow":"follow","max-snippet":"max-snippet:-1","max-image-preview":"max-image-preview:large","max-video-preview":"max-video-preview:-1"},"canonical":"https:\/\/www.arquimaster.com.ar\/web\/oficinas-bayer-paraguay-contract-workplaces\/","og_locale":"es_ES","og_type":"article","og_title":"Oficinas Bayer Paraguay \/ Contract Workplaces","og_description":"La propuesta busc\u00f3 combinar una marcada impronta paraguaya con un enfoque contempor\u00e1neo, integrando las \u00faltimas tendencias en el dise\u00f1o de oficinas.","og_url":"https:\/\/www.arquimaster.com.ar\/web\/oficinas-bayer-paraguay-contract-workplaces\/","og_site_name":"Arquimaster","article_publisher":"http:\/\/www.facebook.com\/ARQUIMASTER.com.ar","article_published_time":"2025-12-10T23:37:34+00:00","article_modified_time":"2025-12-15T17:32:20+00:00","og_image":[{"width":698,"height":364,"url":"https:\/\/www.arquimaster.com.ar\/web\/wp-content\/uploads\/2025\/12\/bayer_paraguay_slide.jpg","type":"image\/jpeg"}],"author":"Arquimaster","twitter_card":"summary_large_image","twitter_title":"Oficinas Bayer Paraguay \/ Contract Workplaces","twitter_description":"La propuesta busc\u00f3 combinar una marcada impronta paraguaya con un enfoque contempor\u00e1neo, integrando las \u00faltimas tendencias en el dise\u00f1o de oficinas.","twitter_image":"https:\/\/www.arquimaster.com.ar\/web\/wp-content\/uploads\/2025\/12\/bayer_paraguay_slide.jpg","twitter_creator":"@arquimaster","twitter_site":"@arquimaster","twitter_misc":{"Escrito por":"Arquimaster","Tiempo de lectura":"4 minutos"},"schema":{"@context":"https:\/\/schema.org","@graph":[{"@type":"Article","@id":"https:\/\/www.arquimaster.com.ar\/web\/oficinas-bayer-paraguay-contract-workplaces\/#article","isPartOf":{"@id":"https:\/\/www.arquimaster.com.ar\/web\/oficinas-bayer-paraguay-contract-workplaces\/"},"author":{"name":"Arquimaster","@id":"https:\/\/www.arquimaster.com.ar\/web\/#\/schema\/person\/359e9f7c00193fcde068e0dd2ceb0028"},"headline":"Oficinas Bayer Paraguay \/ Contract Workplaces","datePublished":"2025-12-10T23:37:34+00:00","dateModified":"2025-12-15T17:32:20+00:00","mainEntityOfPage":{"@id":"https:\/\/www.arquimaster.com.ar\/web\/oficinas-bayer-paraguay-contract-workplaces\/"},"wordCount":673,"publisher":{"@id":"https:\/\/www.arquimaster.com.ar\/web\/#organization"},"image":{"@id":"https:\/\/www.arquimaster.com.ar\/web\/oficinas-bayer-paraguay-contract-workplaces\/#primaryimage"},"thumbnailUrl":"https:\/\/www.arquimaster.com.ar\/web\/wp-content\/uploads\/2025\/12\/bayer_paraguay_slide.jpg","keywords":["arquitectura corporativa","Asuncion","Contract Workplaces","oficinas","Paraguay","workplaces"],"articleSection":["Arquitectura corporativa","Proyecto"],"inLanguage":"es"},{"@type":"WebPage","@id":"https:\/\/www.arquimaster.com.ar\/web\/oficinas-bayer-paraguay-contract-workplaces\/","url":"https:\/\/www.arquimaster.com.ar\/web\/oficinas-bayer-paraguay-contract-workplaces\/","name":"Oficinas Bayer Paraguay \/ Contract Workplaces - Arquimaster","isPartOf":{"@id":"https:\/\/www.arquimaster.com.ar\/web\/#website"},"primaryImageOfPage":{"@id":"https:\/\/www.arquimaster.com.ar\/web\/oficinas-bayer-paraguay-contract-workplaces\/#primaryimage"},"image":{"@id":"https:\/\/www.arquimaster.com.ar\/web\/oficinas-bayer-paraguay-contract-workplaces\/#primaryimage"},"thumbnailUrl":"https:\/\/www.arquimaster.com.ar\/web\/wp-content\/uploads\/2025\/12\/bayer_paraguay_slide.jpg","datePublished":"2025-12-10T23:37:34+00:00","dateModified":"2025-12-15T17:32:20+00:00","description":"La propuesta busc\u00f3 combinar una marcada impronta paraguaya con un enfoque contempor\u00e1neo, integrando las \u00faltimas tendencias en el dise\u00f1o de oficinas.","breadcrumb":{"@id":"https:\/\/www.arquimaster.com.ar\/web\/oficinas-bayer-paraguay-contract-workplaces\/#breadcrumb"},"inLanguage":"es","potentialAction":[{"@type":"ReadAction","target":["https:\/\/www.arquimaster.com.ar\/web\/oficinas-bayer-paraguay-contract-workplaces\/"]}]},{"@type":"ImageObject","inLanguage":"es","@id":"https:\/\/www.arquimaster.com.ar\/web\/oficinas-bayer-paraguay-contract-workplaces\/#primaryimage","url":"https:\/\/www.arquimaster.com.ar\/web\/wp-content\/uploads\/2025\/12\/bayer_paraguay_slide.jpg","contentUrl":"https:\/\/www.arquimaster.com.ar\/web\/wp-content\/uploads\/2025\/12\/bayer_paraguay_slide.jpg","width":698,"height":364,"caption":"Oficinas Bayer Paraguay \/ Contract Workplaces"},{"@type":"BreadcrumbList","@id":"https:\/\/www.arquimaster.com.ar\/web\/oficinas-bayer-paraguay-contract-workplaces\/#breadcrumb","itemListElement":[{"@type":"ListItem","position":1,"name":"Portada","item":"https:\/\/www.arquimaster.com.ar\/web\/"},{"@type":"ListItem","position":2,"name":"Oficinas Bayer Paraguay \/ Contract Workplaces"}]},{"@type":"WebSite","@id":"https:\/\/www.arquimaster.com.ar\/web\/#website","url":"https:\/\/www.arquimaster.com.ar\/web\/","name":"Arquimaster","description":"Web de arquitectura, dise\u00f1o y construccion","publisher":{"@id":"https:\/\/www.arquimaster.com.ar\/web\/#organization"},"potentialAction":[{"@type":"SearchAction","target":{"@type":"EntryPoint","urlTemplate":"https:\/\/www.arquimaster.com.ar\/web\/?s={search_term_string}"},"query-input":{"@type":"PropertyValueSpecification","valueRequired":true,"valueName":"search_term_string"}}],"inLanguage":"es"},{"@type":"Organization","@id":"https:\/\/www.arquimaster.com.ar\/web\/#organization","name":"Arquimaster","url":"https:\/\/www.arquimaster.com.ar\/web\/","logo":{"@type":"ImageObject","inLanguage":"es","@id":"https:\/\/www.arquimaster.com.ar\/web\/#\/schema\/logo\/image\/","url":"https:\/\/www.arquimaster.com.ar\/web\/wp-content\/uploads\/2022\/06\/arquimaster.png","contentUrl":"https:\/\/www.arquimaster.com.ar\/web\/wp-content\/uploads\/2022\/06\/arquimaster.png","width":594,"height":78,"caption":"Arquimaster"},"image":{"@id":"https:\/\/www.arquimaster.com.ar\/web\/#\/schema\/logo\/image\/"},"sameAs":["http:\/\/www.facebook.com\/ARQUIMASTER.com.ar","https:\/\/x.com\/arquimaster","https:\/\/www.instagram.com\/arquimasterblog\/","https:\/\/www.linkedin.com\/company\/arquimaster","https:\/\/www.pinterest.com\/arquimaster","https:\/\/t.me\/arquimaster"]},{"@type":"Person","@id":"https:\/\/www.arquimaster.com.ar\/web\/#\/schema\/person\/359e9f7c00193fcde068e0dd2ceb0028","name":"Arquimaster"}]}},"uagb_featured_image_src":{"full":["https:\/\/www.arquimaster.com.ar\/web\/wp-content\/uploads\/2025\/12\/bayer_paraguay_slide.jpg",698,364,false],"thumbnail":["https:\/\/www.arquimaster.com.ar\/web\/wp-content\/uploads\/2025\/12\/bayer_paraguay_slide-150x150.jpg",150,150,true],"medium":["https:\/\/www.arquimaster.com.ar\/web\/wp-content\/uploads\/2025\/12\/bayer_paraguay_slide.jpg",698,364,false],"medium_large":["https:\/\/www.arquimaster.com.ar\/web\/wp-content\/uploads\/2025\/12\/bayer_paraguay_slide.jpg",698,364,false],"large":["https:\/\/www.arquimaster.com.ar\/web\/wp-content\/uploads\/2025\/12\/bayer_paraguay_slide.jpg",698,364,false],"1536x1536":["https:\/\/www.arquimaster.com.ar\/web\/wp-content\/uploads\/2025\/12\/bayer_paraguay_slide.jpg",698,364,false],"2048x2048":["https:\/\/www.arquimaster.com.ar\/web\/wp-content\/uploads\/2025\/12\/bayer_paraguay_slide.jpg",698,364,false]},"uagb_author_info":{"display_name":"Arquimaster","author_link":"https:\/\/www.arquimaster.com.ar\/web\/author\/arquimaster\/"},"uagb_comment_info":0,"uagb_excerpt":"Enfoque contempor\u00e1neo que integra las \u00faltimas tendencias en el dise\u00f1o de oficinas...","_links":{"self":[{"href":"https:\/\/www.arquimaster.com.ar\/web\/wp-json\/wp\/v2\/posts\/86880","targetHints":{"allow":["GET"]}}],"collection":[{"href":"https:\/\/www.arquimaster.com.ar\/web\/wp-json\/wp\/v2\/posts"}],"about":[{"href":"https:\/\/www.arquimaster.com.ar\/web\/wp-json\/wp\/v2\/types\/post"}],"author":[{"embeddable":true,"href":"https:\/\/www.arquimaster.com.ar\/web\/wp-json\/wp\/v2\/users\/1"}],"replies":[{"embeddable":true,"href":"https:\/\/www.arquimaster.com.ar\/web\/wp-json\/wp\/v2\/comments?post=86880"}],"version-history":[{"count":1,"href":"https:\/\/www.arquimaster.com.ar\/web\/wp-json\/wp\/v2\/posts\/86880\/revisions"}],"predecessor-version":[{"id":86897,"href":"https:\/\/www.arquimaster.com.ar\/web\/wp-json\/wp\/v2\/posts\/86880\/revisions\/86897"}],"wp:featuredmedia":[{"embeddable":true,"href":"https:\/\/www.arquimaster.com.ar\/web\/wp-json\/wp\/v2\/media\/86881"}],"wp:attachment":[{"href":"https:\/\/www.arquimaster.com.ar\/web\/wp-json\/wp\/v2\/media?parent=86880"}],"wp:term":[{"taxonomy":"category","embeddable":true,"href":"https:\/\/www.arquimaster.com.ar\/web\/wp-json\/wp\/v2\/categories?post=86880"},{"taxonomy":"post_tag","embeddable":true,"href":"https:\/\/www.arquimaster.com.ar\/web\/wp-json\/wp\/v2\/tags?post=86880"}],"curies":[{"name":"wp","href":"https:\/\/api.w.org\/{rel}","templated":true}]}}