{"id":86898,"date":"2025-12-10T20:50:10","date_gmt":"2025-12-10T23:50:10","guid":{"rendered":"https:\/\/www.arquimaster.com.ar\/web\/?p=86898"},"modified":"2025-12-16T12:47:25","modified_gmt":"2025-12-16T15:47:25","slug":"casa-butterfly-tallerdarquitectura","status":"publish","type":"post","link":"https:\/\/www.arquimaster.com.ar\/web\/casa-butterfly-tallerdarquitectura\/","title":{"rendered":"Casa Butterfly \/ Tallerdarquitectura"},"content":{"rendered":"<div style=\"margin-top: 0px; margin-bottom: 0px;\" class=\"sharethis-inline-share-buttons\" ><\/div><div class=\"b812932af2e751442846f039925109de\" data-index=\"1\" style=\"float: none; margin:25px 0 25px 0; text-align:center;\">\n<script async src=\"https:\/\/pagead2.googlesyndication.com\/pagead\/js\/adsbygoogle.js\"><\/script>\r\n<!-- Arquimaster (superior) -->\r\n<ins class=\"adsbygoogle\"\r\n     style=\"display:block\"\r\n     data-ad-client=\"ca-pub-6351072698456832\"\r\n     data-ad-slot=\"6455489680\"\r\n     data-ad-format=\"auto\"\r\n     data-full-width-responsive=\"true\"><\/ins>\r\n<script>\r\n     (adsbygoogle = window.adsbygoogle || []).push({});\r\n<\/script>\n<\/div>\n<p><strong>Casa Butterfly<\/strong> (Vilopriu, Gerona, Espa\u00f1a) por <strong>Tallerdarquitectura<\/strong>. La cubierta tipo \u00abbutterfly\u00bb se populariz\u00f3 en la arquitectura en los EE.UU. a mediados del siglo XX. En la casa todo pasa bajo esta cubierta en V, que abriga los diversos espacios, forma los voladizos, protege del sol y la lluvia y evita la percepci\u00f3n de un gran volumen construido, integrando la arquitectura en el entorno rural.<\/p>\n<div id='gallery-1' class='gallery galleryid-86898 gallery-columns-3 gallery-size-thumbnail'><figure class='gallery-item'>\n\t\t\t<div class='gallery-icon landscape'>\n\t\t\t\t<a href='https:\/\/www.arquimaster.com.ar\/web\/wp-content\/uploads\/2025\/12\/casa_butterfly_1.jpg' title=\"Casa Butterfly \/ Tallerdarquitectura (\u00a9 Adri\u00e0 Goula)\" data-rl_title=\"Casa Butterfly \/ Tallerdarquitectura (\u00a9 Adri\u00e0 Goula)\" class=\"rl-gallery-link\" data-rl_caption=\"Casa Butterfly \/ Tallerdarquitectura (\u00a9 Adri\u00e0 Goula)\" data-rel=\"lightbox-gallery-1\"><img loading=\"lazy\" decoding=\"async\" width=\"150\" height=\"150\" src=\"https:\/\/www.arquimaster.com.ar\/web\/wp-content\/uploads\/2025\/12\/casa_butterfly_1-150x150.jpg\" class=\"attachment-thumbnail size-thumbnail\" alt=\"Casa Butterfly \/ Tallerdarquitectura\" aria-describedby=\"gallery-1-86900\" \/><\/a>\n\t\t\t<\/div>\n\t\t\t\t<figcaption class='wp-caption-text gallery-caption' id='gallery-1-86900'>\n\t\t\t\tCasa Butterfly \/ Tallerdarquitectura (\u00a9 Adri\u00e0 Goula)\n\t\t\t\t<\/figcaption><\/figure><figure class='gallery-item'>\n\t\t\t<div class='gallery-icon portrait'>\n\t\t\t\t<a href='https:\/\/www.arquimaster.com.ar\/web\/wp-content\/uploads\/2025\/12\/casa_butterfly_2.jpg' title=\"Casa Butterfly \/ Tallerdarquitectura (\u00a9 Adri\u00e0 Goula)\" data-rl_title=\"Casa Butterfly \/ Tallerdarquitectura (\u00a9 Adri\u00e0 Goula)\" class=\"rl-gallery-link\" data-rl_caption=\"Casa Butterfly \/ Tallerdarquitectura (\u00a9 Adri\u00e0 Goula)\" data-rel=\"lightbox-gallery-1\"><img loading=\"lazy\" decoding=\"async\" width=\"150\" height=\"150\" src=\"https:\/\/www.arquimaster.com.ar\/web\/wp-content\/uploads\/2025\/12\/casa_butterfly_2-150x150.jpg\" class=\"attachment-thumbnail size-thumbnail\" alt=\"Casa Butterfly \/ Tallerdarquitectura\" aria-describedby=\"gallery-1-86901\" \/><\/a>\n\t\t\t<\/div>\n\t\t\t\t<figcaption class='wp-caption-text gallery-caption' id='gallery-1-86901'>\n\t\t\t\tCasa Butterfly \/ Tallerdarquitectura (\u00a9 Adri\u00e0 Goula)\n\t\t\t\t<\/figcaption><\/figure><figure class='gallery-item'>\n\t\t\t<div class='gallery-icon portrait'>\n\t\t\t\t<a href='https:\/\/www.arquimaster.com.ar\/web\/wp-content\/uploads\/2025\/12\/casa_butterfly_3.jpg' title=\"Casa Butterfly \/ Tallerdarquitectura (\u00a9 Adri\u00e0 Goula)\" data-rl_title=\"Casa Butterfly \/ Tallerdarquitectura (\u00a9 Adri\u00e0 Goula)\" class=\"rl-gallery-link\" data-rl_caption=\"Casa Butterfly \/ Tallerdarquitectura (\u00a9 Adri\u00e0 Goula)\" data-rel=\"lightbox-gallery-1\"><img loading=\"lazy\" decoding=\"async\" width=\"150\" height=\"150\" src=\"https:\/\/www.arquimaster.com.ar\/web\/wp-content\/uploads\/2025\/12\/casa_butterfly_3-150x150.jpg\" class=\"attachment-thumbnail size-thumbnail\" alt=\"Casa Butterfly \/ Tallerdarquitectura\" aria-describedby=\"gallery-1-86902\" \/><\/a>\n\t\t\t<\/div>\n\t\t\t\t<figcaption class='wp-caption-text gallery-caption' id='gallery-1-86902'>\n\t\t\t\tCasa Butterfly \/ Tallerdarquitectura (\u00a9 Adri\u00e0 Goula)\n\t\t\t\t<\/figcaption><\/figure><figure class='gallery-item'>\n\t\t\t<div class='gallery-icon landscape'>\n\t\t\t\t<a href='https:\/\/www.arquimaster.com.ar\/web\/wp-content\/uploads\/2025\/12\/casa_butterfly_4.jpg' title=\"Casa Butterfly \/ Tallerdarquitectura (\u00a9 Adri\u00e0 Goula)\" data-rl_title=\"Casa Butterfly \/ Tallerdarquitectura (\u00a9 Adri\u00e0 Goula)\" class=\"rl-gallery-link\" data-rl_caption=\"Casa Butterfly \/ Tallerdarquitectura (\u00a9 Adri\u00e0 Goula)\" data-rel=\"lightbox-gallery-1\"><img loading=\"lazy\" decoding=\"async\" width=\"150\" height=\"150\" src=\"https:\/\/www.arquimaster.com.ar\/web\/wp-content\/uploads\/2025\/12\/casa_butterfly_4-150x150.jpg\" class=\"attachment-thumbnail size-thumbnail\" alt=\"Casa Butterfly \/ Tallerdarquitectura\" aria-describedby=\"gallery-1-86903\" \/><\/a>\n\t\t\t<\/div>\n\t\t\t\t<figcaption class='wp-caption-text gallery-caption' id='gallery-1-86903'>\n\t\t\t\tCasa Butterfly \/ Tallerdarquitectura (\u00a9 Adri\u00e0 Goula)\n\t\t\t\t<\/figcaption><\/figure><figure class='gallery-item'>\n\t\t\t<div class='gallery-icon landscape'>\n\t\t\t\t<a href='https:\/\/www.arquimaster.com.ar\/web\/wp-content\/uploads\/2025\/12\/casa_butterfly_5.jpg' title=\"Casa Butterfly \/ Tallerdarquitectura (\u00a9 Adri\u00e0 Goula)\" data-rl_title=\"Casa Butterfly \/ Tallerdarquitectura (\u00a9 Adri\u00e0 Goula)\" class=\"rl-gallery-link\" data-rl_caption=\"Casa Butterfly \/ Tallerdarquitectura (\u00a9 Adri\u00e0 Goula)\" data-rel=\"lightbox-gallery-1\"><img loading=\"lazy\" decoding=\"async\" width=\"150\" height=\"150\" src=\"https:\/\/www.arquimaster.com.ar\/web\/wp-content\/uploads\/2025\/12\/casa_butterfly_5-150x150.jpg\" class=\"attachment-thumbnail size-thumbnail\" alt=\"Casa Butterfly \/ Tallerdarquitectura\" aria-describedby=\"gallery-1-86904\" \/><\/a>\n\t\t\t<\/div>\n\t\t\t\t<figcaption class='wp-caption-text gallery-caption' id='gallery-1-86904'>\n\t\t\t\tCasa Butterfly \/ Tallerdarquitectura (\u00a9 Adri\u00e0 Goula)\n\t\t\t\t<\/figcaption><\/figure><figure class='gallery-item'>\n\t\t\t<div class='gallery-icon landscape'>\n\t\t\t\t<a href='https:\/\/www.arquimaster.com.ar\/web\/wp-content\/uploads\/2025\/12\/casa_butterfly_6.jpg' title=\"Casa Butterfly \/ Tallerdarquitectura (\u00a9 Adri\u00e0 Goula)\" data-rl_title=\"Casa Butterfly \/ Tallerdarquitectura (\u00a9 Adri\u00e0 Goula)\" class=\"rl-gallery-link\" data-rl_caption=\"Casa Butterfly \/ Tallerdarquitectura (\u00a9 Adri\u00e0 Goula)\" data-rel=\"lightbox-gallery-1\"><img loading=\"lazy\" decoding=\"async\" width=\"150\" height=\"150\" src=\"https:\/\/www.arquimaster.com.ar\/web\/wp-content\/uploads\/2025\/12\/casa_butterfly_6-150x150.jpg\" class=\"attachment-thumbnail size-thumbnail\" alt=\"Casa Butterfly \/ Tallerdarquitectura\" aria-describedby=\"gallery-1-86905\" \/><\/a>\n\t\t\t<\/div>\n\t\t\t\t<figcaption class='wp-caption-text gallery-caption' id='gallery-1-86905'>\n\t\t\t\tCasa Butterfly \/ Tallerdarquitectura (\u00a9 Adri\u00e0 Goula)\n\t\t\t\t<\/figcaption><\/figure><figure class='gallery-item'>\n\t\t\t<div class='gallery-icon portrait'>\n\t\t\t\t<a href='https:\/\/www.arquimaster.com.ar\/web\/wp-content\/uploads\/2025\/12\/casa_butterfly_7.jpg' title=\"Casa Butterfly \/ Tallerdarquitectura (\u00a9 Adri\u00e0 Goula)\" data-rl_title=\"Casa Butterfly \/ Tallerdarquitectura (\u00a9 Adri\u00e0 Goula)\" class=\"rl-gallery-link\" data-rl_caption=\"Casa Butterfly \/ Tallerdarquitectura (\u00a9 Adri\u00e0 Goula)\" data-rel=\"lightbox-gallery-1\"><img loading=\"lazy\" decoding=\"async\" width=\"150\" height=\"150\" src=\"https:\/\/www.arquimaster.com.ar\/web\/wp-content\/uploads\/2025\/12\/casa_butterfly_7-150x150.jpg\" class=\"attachment-thumbnail size-thumbnail\" alt=\"Casa Butterfly \/ Tallerdarquitectura\" aria-describedby=\"gallery-1-86906\" \/><\/a>\n\t\t\t<\/div>\n\t\t\t\t<figcaption class='wp-caption-text gallery-caption' id='gallery-1-86906'>\n\t\t\t\tCasa Butterfly \/ Tallerdarquitectura (\u00a9 Adri\u00e0 Goula)\n\t\t\t\t<\/figcaption><\/figure><figure class='gallery-item'>\n\t\t\t<div class='gallery-icon portrait'>\n\t\t\t\t<a href='https:\/\/www.arquimaster.com.ar\/web\/wp-content\/uploads\/2025\/12\/casa_butterfly_8.jpg' title=\"Casa Butterfly \/ Tallerdarquitectura (\u00a9 Adri\u00e0 Goula)\" data-rl_title=\"Casa Butterfly \/ Tallerdarquitectura (\u00a9 Adri\u00e0 Goula)\" class=\"rl-gallery-link\" data-rl_caption=\"Casa Butterfly \/ Tallerdarquitectura (\u00a9 Adri\u00e0 Goula)\" data-rel=\"lightbox-gallery-1\"><img loading=\"lazy\" decoding=\"async\" width=\"150\" height=\"150\" src=\"https:\/\/www.arquimaster.com.ar\/web\/wp-content\/uploads\/2025\/12\/casa_butterfly_8-150x150.jpg\" class=\"attachment-thumbnail size-thumbnail\" alt=\"Casa Butterfly \/ Tallerdarquitectura\" aria-describedby=\"gallery-1-86907\" \/><\/a>\n\t\t\t<\/div>\n\t\t\t\t<figcaption class='wp-caption-text gallery-caption' id='gallery-1-86907'>\n\t\t\t\tCasa Butterfly \/ Tallerdarquitectura (\u00a9 Adri\u00e0 Goula)\n\t\t\t\t<\/figcaption><\/figure><figure class='gallery-item'>\n\t\t\t<div class='gallery-icon landscape'>\n\t\t\t\t<a href='https:\/\/www.arquimaster.com.ar\/web\/wp-content\/uploads\/2025\/12\/casa_butterfly_9.jpg' title=\"Casa Butterfly \/ Tallerdarquitectura (\u00a9 Adri\u00e0 Goula)\" data-rl_title=\"Casa Butterfly \/ Tallerdarquitectura (\u00a9 Adri\u00e0 Goula)\" class=\"rl-gallery-link\" data-rl_caption=\"Casa Butterfly \/ Tallerdarquitectura (\u00a9 Adri\u00e0 Goula)\" data-rel=\"lightbox-gallery-1\"><img loading=\"lazy\" decoding=\"async\" width=\"150\" height=\"150\" src=\"https:\/\/www.arquimaster.com.ar\/web\/wp-content\/uploads\/2025\/12\/casa_butterfly_9-150x150.jpg\" class=\"attachment-thumbnail size-thumbnail\" alt=\"Casa Butterfly \/ Tallerdarquitectura\" aria-describedby=\"gallery-1-86908\" \/><\/a>\n\t\t\t<\/div>\n\t\t\t\t<figcaption class='wp-caption-text gallery-caption' id='gallery-1-86908'>\n\t\t\t\tCasa Butterfly \/ Tallerdarquitectura (\u00a9 Adri\u00e0 Goula)\n\t\t\t\t<\/figcaption><\/figure><figure class='gallery-item'>\n\t\t\t<div class='gallery-icon portrait'>\n\t\t\t\t<a href='https:\/\/www.arquimaster.com.ar\/web\/wp-content\/uploads\/2025\/12\/casa_butterfly_10.jpg' title=\"Casa Butterfly \/ Tallerdarquitectura (\u00a9 Adri\u00e0 Goula)\" data-rl_title=\"Casa Butterfly \/ Tallerdarquitectura (\u00a9 Adri\u00e0 Goula)\" class=\"rl-gallery-link\" data-rl_caption=\"Casa Butterfly \/ Tallerdarquitectura (\u00a9 Adri\u00e0 Goula)\" data-rel=\"lightbox-gallery-1\"><img loading=\"lazy\" decoding=\"async\" width=\"150\" height=\"150\" src=\"https:\/\/www.arquimaster.com.ar\/web\/wp-content\/uploads\/2025\/12\/casa_butterfly_10-150x150.jpg\" class=\"attachment-thumbnail size-thumbnail\" alt=\"Casa Butterfly \/ Tallerdarquitectura\" aria-describedby=\"gallery-1-86909\" \/><\/a>\n\t\t\t<\/div>\n\t\t\t\t<figcaption class='wp-caption-text gallery-caption' id='gallery-1-86909'>\n\t\t\t\tCasa Butterfly \/ Tallerdarquitectura (\u00a9 Adri\u00e0 Goula)\n\t\t\t\t<\/figcaption><\/figure><figure class='gallery-item'>\n\t\t\t<div class='gallery-icon portrait'>\n\t\t\t\t<a href='https:\/\/www.arquimaster.com.ar\/web\/wp-content\/uploads\/2025\/12\/casa_butterfly_11.jpg' title=\"Casa Butterfly \/ Tallerdarquitectura (\u00a9 Adri\u00e0 Goula)\" data-rl_title=\"Casa Butterfly \/ Tallerdarquitectura (\u00a9 Adri\u00e0 Goula)\" class=\"rl-gallery-link\" data-rl_caption=\"Casa Butterfly \/ Tallerdarquitectura (\u00a9 Adri\u00e0 Goula)\" data-rel=\"lightbox-gallery-1\"><img loading=\"lazy\" decoding=\"async\" width=\"150\" height=\"150\" src=\"https:\/\/www.arquimaster.com.ar\/web\/wp-content\/uploads\/2025\/12\/casa_butterfly_11-150x150.jpg\" class=\"attachment-thumbnail size-thumbnail\" alt=\"Casa Butterfly \/ Tallerdarquitectura\" aria-describedby=\"gallery-1-86910\" \/><\/a>\n\t\t\t<\/div>\n\t\t\t\t<figcaption class='wp-caption-text gallery-caption' id='gallery-1-86910'>\n\t\t\t\tCasa Butterfly \/ Tallerdarquitectura (\u00a9 Adri\u00e0 Goula)\n\t\t\t\t<\/figcaption><\/figure><figure class='gallery-item'>\n\t\t\t<div class='gallery-icon landscape'>\n\t\t\t\t<a href='https:\/\/www.arquimaster.com.ar\/web\/wp-content\/uploads\/2025\/12\/casa_butterfly_12.jpg' title=\"Casa Butterfly \/ Tallerdarquitectura (\u00a9 Adri\u00e0 Goula)\" data-rl_title=\"Casa Butterfly \/ Tallerdarquitectura (\u00a9 Adri\u00e0 Goula)\" class=\"rl-gallery-link\" data-rl_caption=\"Casa Butterfly \/ Tallerdarquitectura (\u00a9 Adri\u00e0 Goula)\" data-rel=\"lightbox-gallery-1\"><img loading=\"lazy\" decoding=\"async\" width=\"150\" height=\"150\" src=\"https:\/\/www.arquimaster.com.ar\/web\/wp-content\/uploads\/2025\/12\/casa_butterfly_12-150x150.jpg\" class=\"attachment-thumbnail size-thumbnail\" alt=\"Casa Butterfly \/ Tallerdarquitectura\" aria-describedby=\"gallery-1-86911\" \/><\/a>\n\t\t\t<\/div>\n\t\t\t\t<figcaption class='wp-caption-text gallery-caption' id='gallery-1-86911'>\n\t\t\t\tCasa Butterfly \/ Tallerdarquitectura (\u00a9 Adri\u00e0 Goula)\n\t\t\t\t<\/figcaption><\/figure><figure class='gallery-item'>\n\t\t\t<div class='gallery-icon landscape'>\n\t\t\t\t<a href='https:\/\/www.arquimaster.com.ar\/web\/wp-content\/uploads\/2025\/12\/casa_butterfly_13.jpg' title=\"Casa Butterfly \/ Tallerdarquitectura (\u00a9 Adri\u00e0 Goula)\" data-rl_title=\"Casa Butterfly \/ Tallerdarquitectura (\u00a9 Adri\u00e0 Goula)\" class=\"rl-gallery-link\" data-rl_caption=\"Casa Butterfly \/ Tallerdarquitectura (\u00a9 Adri\u00e0 Goula)\" data-rel=\"lightbox-gallery-1\"><img loading=\"lazy\" decoding=\"async\" width=\"150\" height=\"150\" src=\"https:\/\/www.arquimaster.com.ar\/web\/wp-content\/uploads\/2025\/12\/casa_butterfly_13-150x150.jpg\" class=\"attachment-thumbnail size-thumbnail\" alt=\"Casa Butterfly \/ Tallerdarquitectura\" aria-describedby=\"gallery-1-86912\" \/><\/a>\n\t\t\t<\/div>\n\t\t\t\t<figcaption class='wp-caption-text gallery-caption' id='gallery-1-86912'>\n\t\t\t\tCasa Butterfly \/ Tallerdarquitectura (\u00a9 Adri\u00e0 Goula)\n\t\t\t\t<\/figcaption><\/figure><figure class='gallery-item'>\n\t\t\t<div class='gallery-icon landscape'>\n\t\t\t\t<a href='https:\/\/www.arquimaster.com.ar\/web\/wp-content\/uploads\/2025\/12\/casa_butterfly_14.jpg' title=\"Casa Butterfly \/ Tallerdarquitectura (\u00a9 Adri\u00e0 Goula)\" data-rl_title=\"Casa Butterfly \/ Tallerdarquitectura (\u00a9 Adri\u00e0 Goula)\" class=\"rl-gallery-link\" data-rl_caption=\"Casa Butterfly \/ Tallerdarquitectura (\u00a9 Adri\u00e0 Goula)\" data-rel=\"lightbox-gallery-1\"><img loading=\"lazy\" decoding=\"async\" width=\"150\" height=\"150\" src=\"https:\/\/www.arquimaster.com.ar\/web\/wp-content\/uploads\/2025\/12\/casa_butterfly_14-150x150.jpg\" class=\"attachment-thumbnail size-thumbnail\" alt=\"Casa Butterfly \/ Tallerdarquitectura\" aria-describedby=\"gallery-1-86913\" \/><\/a>\n\t\t\t<\/div>\n\t\t\t\t<figcaption class='wp-caption-text gallery-caption' id='gallery-1-86913'>\n\t\t\t\tCasa Butterfly \/ Tallerdarquitectura (\u00a9 Adri\u00e0 Goula)\n\t\t\t\t<\/figcaption><\/figure><figure class='gallery-item'>\n\t\t\t<div class='gallery-icon landscape'>\n\t\t\t\t<a href='https:\/\/www.arquimaster.com.ar\/web\/wp-content\/uploads\/2025\/12\/casa_butterfly_15.jpg' title=\"Casa Butterfly \/ Tallerdarquitectura (\u00a9 Adri\u00e0 Goula)\" data-rl_title=\"Casa Butterfly \/ Tallerdarquitectura (\u00a9 Adri\u00e0 Goula)\" class=\"rl-gallery-link\" data-rl_caption=\"Casa Butterfly \/ Tallerdarquitectura (\u00a9 Adri\u00e0 Goula)\" data-rel=\"lightbox-gallery-1\"><img loading=\"lazy\" decoding=\"async\" width=\"150\" height=\"150\" src=\"https:\/\/www.arquimaster.com.ar\/web\/wp-content\/uploads\/2025\/12\/casa_butterfly_15-150x150.jpg\" class=\"attachment-thumbnail size-thumbnail\" alt=\"Casa Butterfly \/ Tallerdarquitectura\" aria-describedby=\"gallery-1-86914\" \/><\/a>\n\t\t\t<\/div>\n\t\t\t\t<figcaption class='wp-caption-text gallery-caption' id='gallery-1-86914'>\n\t\t\t\tCasa Butterfly \/ Tallerdarquitectura (\u00a9 Adri\u00e0 Goula)\n\t\t\t\t<\/figcaption><\/figure><figure class='gallery-item'>\n\t\t\t<div class='gallery-icon landscape'>\n\t\t\t\t<a href='https:\/\/www.arquimaster.com.ar\/web\/wp-content\/uploads\/2025\/12\/casa_butterfly_16.jpg' title=\"Casa Butterfly \/ Tallerdarquitectura (planta)\" data-rl_title=\"Casa Butterfly \/ Tallerdarquitectura (planta)\" class=\"rl-gallery-link\" data-rl_caption=\"Casa Butterfly \/ Tallerdarquitectura (planta)\" data-rel=\"lightbox-gallery-1\"><img loading=\"lazy\" decoding=\"async\" width=\"150\" height=\"150\" src=\"https:\/\/www.arquimaster.com.ar\/web\/wp-content\/uploads\/2025\/12\/casa_butterfly_16-150x150.jpg\" class=\"attachment-thumbnail size-thumbnail\" alt=\"Casa Butterfly \/ Tallerdarquitectura\" aria-describedby=\"gallery-1-86915\" srcset=\"https:\/\/www.arquimaster.com.ar\/web\/wp-content\/uploads\/2025\/12\/casa_butterfly_16-150x150.jpg 150w, https:\/\/www.arquimaster.com.ar\/web\/wp-content\/uploads\/2025\/12\/casa_butterfly_16-768x768.jpg 768w, https:\/\/www.arquimaster.com.ar\/web\/wp-content\/uploads\/2025\/12\/casa_butterfly_16-1536x1536.jpg 1536w, https:\/\/www.arquimaster.com.ar\/web\/wp-content\/uploads\/2025\/12\/casa_butterfly_16.jpg 2000w\" sizes=\"auto, (max-width: 150px) 100vw, 150px\" \/><\/a>\n\t\t\t<\/div>\n\t\t\t\t<figcaption class='wp-caption-text gallery-caption' id='gallery-1-86915'>\n\t\t\t\tCasa Butterfly \/ Tallerdarquitectura (planta)\n\t\t\t\t<\/figcaption><\/figure><figure class='gallery-item'>\n\t\t\t<div class='gallery-icon landscape'>\n\t\t\t\t<a href='https:\/\/www.arquimaster.com.ar\/web\/wp-content\/uploads\/2025\/12\/casa_butterfly_17.jpg' title=\"Casa Butterfly \/ Tallerdarquitectura (cortes)\" data-rl_title=\"Casa Butterfly \/ Tallerdarquitectura (cortes)\" class=\"rl-gallery-link\" data-rl_caption=\"Casa Butterfly \/ Tallerdarquitectura (cortes)\" data-rel=\"lightbox-gallery-1\"><img loading=\"lazy\" decoding=\"async\" width=\"150\" height=\"150\" src=\"https:\/\/www.arquimaster.com.ar\/web\/wp-content\/uploads\/2025\/12\/casa_butterfly_17-150x150.jpg\" class=\"attachment-thumbnail size-thumbnail\" alt=\"Casa Butterfly \/ Tallerdarquitectura\" aria-describedby=\"gallery-1-86916\" \/><\/a>\n\t\t\t<\/div>\n\t\t\t\t<figcaption class='wp-caption-text gallery-caption' id='gallery-1-86916'>\n\t\t\t\tCasa Butterfly \/ Tallerdarquitectura (cortes)\n\t\t\t\t<\/figcaption><\/figure><figure class='gallery-item'>\n\t\t\t<div class='gallery-icon landscape'>\n\t\t\t\t<a href='https:\/\/www.arquimaster.com.ar\/web\/wp-content\/uploads\/2025\/12\/casa_butterfly_18.jpg' title=\"Casa Butterfly \/ Tallerdarquitectura (vistas)\" data-rl_title=\"Casa Butterfly \/ Tallerdarquitectura (vistas)\" class=\"rl-gallery-link\" data-rl_caption=\"Casa Butterfly \/ Tallerdarquitectura (vistas)\" data-rel=\"lightbox-gallery-1\"><img loading=\"lazy\" decoding=\"async\" width=\"150\" height=\"150\" src=\"https:\/\/www.arquimaster.com.ar\/web\/wp-content\/uploads\/2025\/12\/casa_butterfly_18-150x150.jpg\" class=\"attachment-thumbnail size-thumbnail\" alt=\"Casa Butterfly \/ Tallerdarquitectura\" aria-describedby=\"gallery-1-86917\" \/><\/a>\n\t\t\t<\/div>\n\t\t\t\t<figcaption class='wp-caption-text gallery-caption' id='gallery-1-86917'>\n\t\t\t\tCasa Butterfly \/ Tallerdarquitectura (vistas)\n\t\t\t\t<\/figcaption><\/figure><figure class='gallery-item'>\n\t\t\t<div class='gallery-icon landscape'>\n\t\t\t\t<a href='https:\/\/www.arquimaster.com.ar\/web\/wp-content\/uploads\/2025\/12\/casa_butterfly_19.jpg' title=\"Casa Butterfly \/ Tallerdarquitectura (emplazamiento)\" data-rl_title=\"Casa Butterfly \/ Tallerdarquitectura (emplazamiento)\" class=\"rl-gallery-link\" data-rl_caption=\"Casa Butterfly \/ Tallerdarquitectura (emplazamiento)\" data-rel=\"lightbox-gallery-1\"><img loading=\"lazy\" decoding=\"async\" width=\"150\" height=\"150\" src=\"https:\/\/www.arquimaster.com.ar\/web\/wp-content\/uploads\/2025\/12\/casa_butterfly_19-150x150.jpg\" class=\"attachment-thumbnail size-thumbnail\" alt=\"Casa Butterfly \/ Tallerdarquitectura\" aria-describedby=\"gallery-1-86918\" srcset=\"https:\/\/www.arquimaster.com.ar\/web\/wp-content\/uploads\/2025\/12\/casa_butterfly_19-150x150.jpg 150w, https:\/\/www.arquimaster.com.ar\/web\/wp-content\/uploads\/2025\/12\/casa_butterfly_19-768x768.jpg 768w, https:\/\/www.arquimaster.com.ar\/web\/wp-content\/uploads\/2025\/12\/casa_butterfly_19-1536x1536.jpg 1536w, https:\/\/www.arquimaster.com.ar\/web\/wp-content\/uploads\/2025\/12\/casa_butterfly_19.jpg 2000w\" sizes=\"auto, (max-width: 150px) 100vw, 150px\" \/><\/a>\n\t\t\t<\/div>\n\t\t\t\t<figcaption class='wp-caption-text gallery-caption' id='gallery-1-86918'>\n\t\t\t\tCasa Butterfly \/ Tallerdarquitectura (emplazamiento)\n\t\t\t\t<\/figcaption><\/figure>\n\t\t<\/div>\n\n<p>Situada sobre una base de piedra, la casa surge en medio de una tupida valla arbustiva. Una serie de vol\u00famenes que se despliega entre patios, jardineras y parterres y finalmente se abre al jard\u00edn delantero.<\/p>\n<p>La secci\u00f3n explica la arquitectura, los vol\u00famenes, los espacios interiores y las conexiones con el jard\u00edn, la diversidad de relaciones entre el h\u00e1bitat y la naturaleza domesticada, con jardineras, parterres y arbolado a diferentes niveles.<\/p>\n<p>Es un mundo de reflejos y transparencias entre las plantas, los vidrios y los interiores, es como recorrer el jard\u00edn cada d\u00eda, con fragmentos de verde que se van sucediendo en el interior, cada rinc\u00f3n tiene su complementario fuera.<\/p>\n<p><strong>Los clientes<\/strong><br \/>Los clientes pidieron un patio con una casa y acto seguido dieron libertad total para poder dise\u00f1ar la vivienda. Creo que nunca volver\u00e9 a tener unos clientes que depositen tanta confianza en mi trabajo, es inusual que una vez definido el programa funcional de la vivienda (espacios necesarios para la vivienda), el cliente no tenga demandas y condicionantes para el proyecto. La verdad es que fue una suerte el acompa\u00f1amiento de los clientes en este proyecto.<\/p>\n<p><strong>El jard\u00edn<\/strong><br \/>La vegetaci\u00f3n y el entorno de la vivienda forma parte de la arquitectura. La arquitectura no se limita solo a los l\u00edmites construidos, va mucho m\u00e1s all\u00e1, porque los espacios se expanden y las sensaciones que se pueden crear con la arquitectura tienen que ver como estos espacios est\u00e1n formados, como se relaciona el volumen de la vivienda con su entorno, qu\u00e9 visuales se consiguen desde el interior de los espacios.<\/p>\n<p>Todo esto se convierte en esencial en este proyecto, porque desde los varios rincones de la vivienda se puede disfrutar de estos elementos vegetales y visuales, pero no de forma mon\u00f3tona, sino de forma diversa, porque cada espacio contiene su hom\u00f3logo al exterior; un patio, una jardinera, un parterre, una visual al vecindario rural, un conjunto de \u00e1rboles&#8230;<\/p>\n<p><strong>Una historia, un recorrido<\/strong><br \/>Los vol\u00famenes y los espacios invitan a que el recorrido interior sea m\u00e1s que un simple andar por dentro de la casa, porque igual que pasa en el exterior, su composici\u00f3n es diversa. Se transita de forma fluida pasando de espacios m\u00e1s \u00edntimos y acotados, como puede ser el dormitorio principal donde la sensaci\u00f3n puede ser la de estar en una caba\u00f1a de madera, hasta el estar de la vivienda que se abre completamente, con ventanales grandes y una altura de techo m\u00e1s alta, aqu\u00ed el espacio toma m\u00e1s importancia, es m\u00e1s protagonista de la historia.<\/p>\n<p>Entremedias la entrada que conduce y distribuye y el paso que con curvas sinuosas transportan a otro ambiente, diferente a los anteriores, una ventana que mira en el patio, con un banco de madera acompa\u00f1a el recorrido e invita a la pausa. Todo esto pasa dentro de esta casa, y se consigue con un trabajo detallado de los materiales, la relaci\u00f3n entre las piezas interiores, as\u00ed como a trav\u00e9s de las relaciones entre cada estancia y su exterior y la forma de la cubierta que permite crear espacios con alturas diferentes.<\/p>\n<p><strong>La sostenibilidad<\/strong><br \/>La vivienda tiene un consumo energ\u00e9tico muy bajo, principalmente porque se calienta de forma natural y se protege del sol en las \u00e9pocas calurosas tambi\u00e9n de forma natural. Por la disposici\u00f3n de las aperturas, la vivienda aprovecha al m\u00e1ximo la entrada del rayo del sol en invierno, mientras que en las \u00e9pocas calurosas se protege del sol mediante la propia vegetaci\u00f3n del contorno, que al ser de hoja caduca en verano hace sombra sobre la casa. La pergola, y los \u00abscreens\u00bb exteriores completan la acci\u00f3n contra el calentamiento de la vivienda.<\/p>\n<p>La calidad de las aperturas de madera permite un cierre optimo evitando p\u00e9rdidas energ\u00e9ticas por las carpinter\u00edas, que adem\u00e1s por su disposici\u00f3n en la vivienda permiten abrirse para crear una ventilaci\u00f3n natural cruzada, as\u00ed que en los anocheceres de verano el aire m\u00e1s fresco de las madrugadas puede circular y refrescar tambi\u00e9n de forma natural el interior de la vivienda.<\/p>\n<p>La elecci\u00f3n de los materiales, con la cubierta de madera prefabricada, la cer\u00e1mica y los revestimientos y pavimentos de baldosa cer\u00e1mica contribuyen tambi\u00e9n al bajo impacto ambiental en cuanto al ciclo de vida de los materiales.<\/p>\n<p><strong>La vegetaci\u00f3n<\/strong><br \/>Si la vegetaci\u00f3n es arquitectura merece un espacio propio. En este proyecto se definieron cinco elementos b\u00e1sicos para acompa\u00f1ar la vivienda.<\/p>\n<p>Las jardineras se aproximan a las ventanas y a las fachadas, hacen que los vol\u00famenes pierdan altura, reduzcan su magnitud y por tanto la casa quede m\u00e1s diluida en el entorno. Acercan las plantas a los vidrios de las ventanas, aproximando las plantas ornamentales o arom\u00e1ticas en el interior.<\/p>\n<p>Los parterres aportan este elemento vegetal al contorno de la casa, disminuyendo el efecto de edificio construido dentro del jard\u00edn y ampliando el \u00abverde\u00bb en el mismo.<\/p>\n<p>Los \u00e1rboles generan la sombra necesaria en verano y forman un peque\u00f1o bosque donde refugiarse. Adem\u00e1s de esto evitan la visual directa desde el exterior y disimulan los vol\u00famenes de la casa en el entorno rural.<\/p>\n<p>La valla, concebida como un margen natural m\u00e1s de los que hay en el entorno paisaj\u00edstico se forma con especies aut\u00f3ctonas, de bajo consumo h\u00eddrico. Este hecho con variedad de planta arbustiva para evitar el efecto de pantalla homog\u00e9nea, de forma que conforma un z\u00f3calo verde que todav\u00eda filtra m\u00e1s las miradas de la calle y aporta un tal\u00f3n de fondo desde la vivienda.<\/p>\n<p>Finalmente la superficie verde del terreno, que se deja con un crecimiento natural de las propias especies que crecen, as\u00ed como los espacios de tierra y grabas que acaban de completar las texturas exteriores. Solo una peque\u00f1a parte queda pavimentada, el resto se percibe como la suma de estos de elementos vegetales, desde las peque\u00f1as plantas hasta los \u00e1rboles.<\/p>\n\n\n<div style=\"height:20px\" aria-hidden=\"true\" class=\"wp-block-spacer\"><\/div>\n\n\n\n<p class=\"has-background\" style=\"background-color:#eaeaea\"><strong>Ficha t\u00e9cnica<\/strong><br>Nombre: Casa Butterfly<br>Ubicaci\u00f3n: Vilopriu, Gerona, Catalu\u00f1a, Espa\u00f1a<br>Oficina de arquitectura: Tallerdarquitectura<br>Arquitecto: Bernat Llaurad\u00f3 Auquer<br>Colaboradores: M\u00f2nica Mart\u00ed (paisajismo)<br>Constructora: Construccions Saduri-Peraferrer, SL<br>Superficie: 146 m2<br>A\u00f1o: 2025<br>Premios: Menci\u00f3n de Honor Premios de Arquitectura de Girona 2025<br>Fotograf\u00edas: Adri\u00e0 Goula<br>Instagram: @_tallerdarquitectura_<\/p>\n\n\n\n<div style=\"height:40px\" aria-hidden=\"true\" class=\"wp-block-spacer\"><\/div>\n\n<div style=\"font-size: 0px; height: 0px; line-height: 0px; margin: 0; padding: 0; clear: both;\"><\/div><div style=\"margin-top: 0px; margin-bottom: 0px;\" class=\"sharethis-inline-share-buttons\" ><\/div>","protected":false},"excerpt":{"rendered":"<p>Una cubierta en V abriga los diversos espacios, integrando la arquitectura en el entorno rural&#8230;<\/p>\n","protected":false},"author":1,"featured_media":86899,"comment_status":"closed","ping_status":"closed","sticky":false,"template":"","format":"standard","meta":{"_uag_custom_page_level_css":"","footnotes":""},"categories":[1,83],"tags":[4282,838,44,7340,104,7190,7380,555,8267,8268,254],"class_list":["post-86898","post","type-post","status-publish","format-standard","has-post-thumbnail","hentry","category-proyecto","category-vivienda-unifamiliar","tag-arquitectura-residencial","tag-arquitectura-sostenible","tag-arquitectura-sustentable","tag-cataluna","tag-espana","tag-gerona","tag-girona","tag-sostenibilidad","tag-tallerdarquitectura","tag-vilopriu","tag-vivienda-unifamiliar-2","generate-columns","tablet-grid-50","mobile-grid-100","grid-parent","grid-50"],"yoast_head":"<!-- This site is optimized with the Yoast SEO plugin v27.3 - https:\/\/yoast.com\/product\/yoast-seo-wordpress\/ -->\n<title>Casa Butterfly \/ Tallerdarquitectura - Arquimaster<\/title>\n<meta name=\"description\" content=\"Una cubierta en V abriga los diversos espacios, forma los voladizos, protege del sol y la lluvia y evita la percepci\u00f3n de un gran volumen construido, integrando la arquitectura en el entorno rural.\" \/>\n<meta name=\"robots\" content=\"index, follow, max-snippet:-1, max-image-preview:large, max-video-preview:-1\" \/>\n<link rel=\"canonical\" href=\"https:\/\/www.arquimaster.com.ar\/web\/casa-butterfly-tallerdarquitectura\/\" \/>\n<meta property=\"og:locale\" content=\"es_ES\" \/>\n<meta property=\"og:type\" content=\"article\" \/>\n<meta property=\"og:title\" content=\"Casa Butterfly \/ Tallerdarquitectura\" \/>\n<meta property=\"og:description\" content=\"Una cubierta en V abriga los diversos espacios, forma los voladizos, protege del sol y la lluvia y evita la percepci\u00f3n de un gran volumen construido, integrando la arquitectura en el entorno rural.\" \/>\n<meta property=\"og:url\" content=\"https:\/\/www.arquimaster.com.ar\/web\/casa-butterfly-tallerdarquitectura\/\" \/>\n<meta property=\"og:site_name\" content=\"Arquimaster\" \/>\n<meta property=\"article:publisher\" content=\"http:\/\/www.facebook.com\/ARQUIMASTER.com.ar\" \/>\n<meta property=\"article:published_time\" content=\"2025-12-10T23:50:10+00:00\" \/>\n<meta property=\"article:modified_time\" content=\"2025-12-16T15:47:25+00:00\" \/>\n<meta property=\"og:image\" content=\"https:\/\/www.arquimaster.com.ar\/web\/wp-content\/uploads\/2025\/12\/casa_butterfly_slide.jpg\" \/>\n\t<meta property=\"og:image:width\" content=\"698\" \/>\n\t<meta property=\"og:image:height\" content=\"364\" \/>\n\t<meta property=\"og:image:type\" content=\"image\/jpeg\" \/>\n<meta name=\"author\" content=\"Arquimaster\" \/>\n<meta name=\"twitter:card\" content=\"summary_large_image\" \/>\n<meta name=\"twitter:title\" content=\"Casa Butterfly \/ Tallerdarquitectura\" \/>\n<meta name=\"twitter:description\" content=\"Una cubierta en V abriga los diversos espacios, forma los voladizos, protege del sol y la lluvia y evita la percepci\u00f3n de un gran volumen construido, integrando la arquitectura en el entorno rural.\" \/>\n<meta name=\"twitter:image\" content=\"https:\/\/www.arquimaster.com.ar\/web\/wp-content\/uploads\/2025\/12\/casa_butterfly_slide.jpg\" \/>\n<meta name=\"twitter:creator\" content=\"@arquimaster\" \/>\n<meta name=\"twitter:site\" content=\"@arquimaster\" \/>\n<meta name=\"twitter:label1\" content=\"Escrito por\" \/>\n\t<meta name=\"twitter:data1\" content=\"Arquimaster\" \/>\n\t<meta name=\"twitter:label2\" content=\"Tiempo de lectura\" \/>\n\t<meta name=\"twitter:data2\" content=\"6 minutos\" \/>\n<script type=\"application\/ld+json\" class=\"yoast-schema-graph\">{\"@context\":\"https:\\\/\\\/schema.org\",\"@graph\":[{\"@type\":\"Article\",\"@id\":\"https:\\\/\\\/www.arquimaster.com.ar\\\/web\\\/casa-butterfly-tallerdarquitectura\\\/#article\",\"isPartOf\":{\"@id\":\"https:\\\/\\\/www.arquimaster.com.ar\\\/web\\\/casa-butterfly-tallerdarquitectura\\\/\"},\"author\":{\"name\":\"Arquimaster\",\"@id\":\"https:\\\/\\\/www.arquimaster.com.ar\\\/web\\\/#\\\/schema\\\/person\\\/359e9f7c00193fcde068e0dd2ceb0028\"},\"headline\":\"Casa Butterfly \\\/ Tallerdarquitectura\",\"datePublished\":\"2025-12-10T23:50:10+00:00\",\"dateModified\":\"2025-12-16T15:47:25+00:00\",\"mainEntityOfPage\":{\"@id\":\"https:\\\/\\\/www.arquimaster.com.ar\\\/web\\\/casa-butterfly-tallerdarquitectura\\\/\"},\"wordCount\":1145,\"publisher\":{\"@id\":\"https:\\\/\\\/www.arquimaster.com.ar\\\/web\\\/#organization\"},\"image\":{\"@id\":\"https:\\\/\\\/www.arquimaster.com.ar\\\/web\\\/casa-butterfly-tallerdarquitectura\\\/#primaryimage\"},\"thumbnailUrl\":\"https:\\\/\\\/www.arquimaster.com.ar\\\/web\\\/wp-content\\\/uploads\\\/2025\\\/12\\\/casa_butterfly_slide.jpg\",\"keywords\":[\"arquitectura residencial\",\"arquitectura sostenible\",\"arquitectura sustentable\",\"Catalu\u00f1a\",\"Espa\u00f1a\",\"Gerona\",\"Girona\",\"sostenibilidad\",\"Tallerdarquitectura\",\"Vilopriu\",\"vivienda unifamiliar\"],\"articleSection\":[\"Proyecto\",\"Vivienda unifamiliar y PH\"],\"inLanguage\":\"es\"},{\"@type\":\"WebPage\",\"@id\":\"https:\\\/\\\/www.arquimaster.com.ar\\\/web\\\/casa-butterfly-tallerdarquitectura\\\/\",\"url\":\"https:\\\/\\\/www.arquimaster.com.ar\\\/web\\\/casa-butterfly-tallerdarquitectura\\\/\",\"name\":\"Casa Butterfly \\\/ Tallerdarquitectura - Arquimaster\",\"isPartOf\":{\"@id\":\"https:\\\/\\\/www.arquimaster.com.ar\\\/web\\\/#website\"},\"primaryImageOfPage\":{\"@id\":\"https:\\\/\\\/www.arquimaster.com.ar\\\/web\\\/casa-butterfly-tallerdarquitectura\\\/#primaryimage\"},\"image\":{\"@id\":\"https:\\\/\\\/www.arquimaster.com.ar\\\/web\\\/casa-butterfly-tallerdarquitectura\\\/#primaryimage\"},\"thumbnailUrl\":\"https:\\\/\\\/www.arquimaster.com.ar\\\/web\\\/wp-content\\\/uploads\\\/2025\\\/12\\\/casa_butterfly_slide.jpg\",\"datePublished\":\"2025-12-10T23:50:10+00:00\",\"dateModified\":\"2025-12-16T15:47:25+00:00\",\"description\":\"Una cubierta en V abriga los diversos espacios, forma los voladizos, protege del sol y la lluvia y evita la percepci\u00f3n de un gran volumen construido, integrando la arquitectura en el entorno rural.\",\"breadcrumb\":{\"@id\":\"https:\\\/\\\/www.arquimaster.com.ar\\\/web\\\/casa-butterfly-tallerdarquitectura\\\/#breadcrumb\"},\"inLanguage\":\"es\",\"potentialAction\":[{\"@type\":\"ReadAction\",\"target\":[\"https:\\\/\\\/www.arquimaster.com.ar\\\/web\\\/casa-butterfly-tallerdarquitectura\\\/\"]}]},{\"@type\":\"ImageObject\",\"inLanguage\":\"es\",\"@id\":\"https:\\\/\\\/www.arquimaster.com.ar\\\/web\\\/casa-butterfly-tallerdarquitectura\\\/#primaryimage\",\"url\":\"https:\\\/\\\/www.arquimaster.com.ar\\\/web\\\/wp-content\\\/uploads\\\/2025\\\/12\\\/casa_butterfly_slide.jpg\",\"contentUrl\":\"https:\\\/\\\/www.arquimaster.com.ar\\\/web\\\/wp-content\\\/uploads\\\/2025\\\/12\\\/casa_butterfly_slide.jpg\",\"width\":698,\"height\":364,\"caption\":\"Casa Butterfly \\\/ Tallerdarquitectura\"},{\"@type\":\"BreadcrumbList\",\"@id\":\"https:\\\/\\\/www.arquimaster.com.ar\\\/web\\\/casa-butterfly-tallerdarquitectura\\\/#breadcrumb\",\"itemListElement\":[{\"@type\":\"ListItem\",\"position\":1,\"name\":\"Portada\",\"item\":\"https:\\\/\\\/www.arquimaster.com.ar\\\/web\\\/\"},{\"@type\":\"ListItem\",\"position\":2,\"name\":\"Casa Butterfly \\\/ Tallerdarquitectura\"}]},{\"@type\":\"WebSite\",\"@id\":\"https:\\\/\\\/www.arquimaster.com.ar\\\/web\\\/#website\",\"url\":\"https:\\\/\\\/www.arquimaster.com.ar\\\/web\\\/\",\"name\":\"Arquimaster\",\"description\":\"Web de arquitectura, dise\u00f1o y construccion\",\"publisher\":{\"@id\":\"https:\\\/\\\/www.arquimaster.com.ar\\\/web\\\/#organization\"},\"potentialAction\":[{\"@type\":\"SearchAction\",\"target\":{\"@type\":\"EntryPoint\",\"urlTemplate\":\"https:\\\/\\\/www.arquimaster.com.ar\\\/web\\\/?s={search_term_string}\"},\"query-input\":{\"@type\":\"PropertyValueSpecification\",\"valueRequired\":true,\"valueName\":\"search_term_string\"}}],\"inLanguage\":\"es\"},{\"@type\":\"Organization\",\"@id\":\"https:\\\/\\\/www.arquimaster.com.ar\\\/web\\\/#organization\",\"name\":\"Arquimaster\",\"url\":\"https:\\\/\\\/www.arquimaster.com.ar\\\/web\\\/\",\"logo\":{\"@type\":\"ImageObject\",\"inLanguage\":\"es\",\"@id\":\"https:\\\/\\\/www.arquimaster.com.ar\\\/web\\\/#\\\/schema\\\/logo\\\/image\\\/\",\"url\":\"https:\\\/\\\/www.arquimaster.com.ar\\\/web\\\/wp-content\\\/uploads\\\/2022\\\/06\\\/arquimaster.png\",\"contentUrl\":\"https:\\\/\\\/www.arquimaster.com.ar\\\/web\\\/wp-content\\\/uploads\\\/2022\\\/06\\\/arquimaster.png\",\"width\":594,\"height\":78,\"caption\":\"Arquimaster\"},\"image\":{\"@id\":\"https:\\\/\\\/www.arquimaster.com.ar\\\/web\\\/#\\\/schema\\\/logo\\\/image\\\/\"},\"sameAs\":[\"http:\\\/\\\/www.facebook.com\\\/ARQUIMASTER.com.ar\",\"https:\\\/\\\/x.com\\\/arquimaster\",\"https:\\\/\\\/www.instagram.com\\\/arquimasterblog\\\/\",\"https:\\\/\\\/www.linkedin.com\\\/company\\\/arquimaster\",\"https:\\\/\\\/www.pinterest.com\\\/arquimaster\",\"https:\\\/\\\/t.me\\\/arquimaster\"]},{\"@type\":\"Person\",\"@id\":\"https:\\\/\\\/www.arquimaster.com.ar\\\/web\\\/#\\\/schema\\\/person\\\/359e9f7c00193fcde068e0dd2ceb0028\",\"name\":\"Arquimaster\"}]}<\/script>\n<!-- \/ Yoast SEO plugin. -->","yoast_head_json":{"title":"Casa Butterfly \/ Tallerdarquitectura - Arquimaster","description":"Una cubierta en V abriga los diversos espacios, forma los voladizos, protege del sol y la lluvia y evita la percepci\u00f3n de un gran volumen construido, integrando la arquitectura en el entorno rural.","robots":{"index":"index","follow":"follow","max-snippet":"max-snippet:-1","max-image-preview":"max-image-preview:large","max-video-preview":"max-video-preview:-1"},"canonical":"https:\/\/www.arquimaster.com.ar\/web\/casa-butterfly-tallerdarquitectura\/","og_locale":"es_ES","og_type":"article","og_title":"Casa Butterfly \/ Tallerdarquitectura","og_description":"Una cubierta en V abriga los diversos espacios, forma los voladizos, protege del sol y la lluvia y evita la percepci\u00f3n de un gran volumen construido, integrando la arquitectura en el entorno rural.","og_url":"https:\/\/www.arquimaster.com.ar\/web\/casa-butterfly-tallerdarquitectura\/","og_site_name":"Arquimaster","article_publisher":"http:\/\/www.facebook.com\/ARQUIMASTER.com.ar","article_published_time":"2025-12-10T23:50:10+00:00","article_modified_time":"2025-12-16T15:47:25+00:00","og_image":[{"width":698,"height":364,"url":"https:\/\/www.arquimaster.com.ar\/web\/wp-content\/uploads\/2025\/12\/casa_butterfly_slide.jpg","type":"image\/jpeg"}],"author":"Arquimaster","twitter_card":"summary_large_image","twitter_title":"Casa Butterfly \/ Tallerdarquitectura","twitter_description":"Una cubierta en V abriga los diversos espacios, forma los voladizos, protege del sol y la lluvia y evita la percepci\u00f3n de un gran volumen construido, integrando la arquitectura en el entorno rural.","twitter_image":"https:\/\/www.arquimaster.com.ar\/web\/wp-content\/uploads\/2025\/12\/casa_butterfly_slide.jpg","twitter_creator":"@arquimaster","twitter_site":"@arquimaster","twitter_misc":{"Escrito por":"Arquimaster","Tiempo de lectura":"6 minutos"},"schema":{"@context":"https:\/\/schema.org","@graph":[{"@type":"Article","@id":"https:\/\/www.arquimaster.com.ar\/web\/casa-butterfly-tallerdarquitectura\/#article","isPartOf":{"@id":"https:\/\/www.arquimaster.com.ar\/web\/casa-butterfly-tallerdarquitectura\/"},"author":{"name":"Arquimaster","@id":"https:\/\/www.arquimaster.com.ar\/web\/#\/schema\/person\/359e9f7c00193fcde068e0dd2ceb0028"},"headline":"Casa Butterfly \/ Tallerdarquitectura","datePublished":"2025-12-10T23:50:10+00:00","dateModified":"2025-12-16T15:47:25+00:00","mainEntityOfPage":{"@id":"https:\/\/www.arquimaster.com.ar\/web\/casa-butterfly-tallerdarquitectura\/"},"wordCount":1145,"publisher":{"@id":"https:\/\/www.arquimaster.com.ar\/web\/#organization"},"image":{"@id":"https:\/\/www.arquimaster.com.ar\/web\/casa-butterfly-tallerdarquitectura\/#primaryimage"},"thumbnailUrl":"https:\/\/www.arquimaster.com.ar\/web\/wp-content\/uploads\/2025\/12\/casa_butterfly_slide.jpg","keywords":["arquitectura residencial","arquitectura sostenible","arquitectura sustentable","Catalu\u00f1a","Espa\u00f1a","Gerona","Girona","sostenibilidad","Tallerdarquitectura","Vilopriu","vivienda unifamiliar"],"articleSection":["Proyecto","Vivienda unifamiliar y PH"],"inLanguage":"es"},{"@type":"WebPage","@id":"https:\/\/www.arquimaster.com.ar\/web\/casa-butterfly-tallerdarquitectura\/","url":"https:\/\/www.arquimaster.com.ar\/web\/casa-butterfly-tallerdarquitectura\/","name":"Casa Butterfly \/ Tallerdarquitectura - Arquimaster","isPartOf":{"@id":"https:\/\/www.arquimaster.com.ar\/web\/#website"},"primaryImageOfPage":{"@id":"https:\/\/www.arquimaster.com.ar\/web\/casa-butterfly-tallerdarquitectura\/#primaryimage"},"image":{"@id":"https:\/\/www.arquimaster.com.ar\/web\/casa-butterfly-tallerdarquitectura\/#primaryimage"},"thumbnailUrl":"https:\/\/www.arquimaster.com.ar\/web\/wp-content\/uploads\/2025\/12\/casa_butterfly_slide.jpg","datePublished":"2025-12-10T23:50:10+00:00","dateModified":"2025-12-16T15:47:25+00:00","description":"Una cubierta en V abriga los diversos espacios, forma los voladizos, protege del sol y la lluvia y evita la percepci\u00f3n de un gran volumen construido, integrando la arquitectura en el entorno rural.","breadcrumb":{"@id":"https:\/\/www.arquimaster.com.ar\/web\/casa-butterfly-tallerdarquitectura\/#breadcrumb"},"inLanguage":"es","potentialAction":[{"@type":"ReadAction","target":["https:\/\/www.arquimaster.com.ar\/web\/casa-butterfly-tallerdarquitectura\/"]}]},{"@type":"ImageObject","inLanguage":"es","@id":"https:\/\/www.arquimaster.com.ar\/web\/casa-butterfly-tallerdarquitectura\/#primaryimage","url":"https:\/\/www.arquimaster.com.ar\/web\/wp-content\/uploads\/2025\/12\/casa_butterfly_slide.jpg","contentUrl":"https:\/\/www.arquimaster.com.ar\/web\/wp-content\/uploads\/2025\/12\/casa_butterfly_slide.jpg","width":698,"height":364,"caption":"Casa Butterfly \/ Tallerdarquitectura"},{"@type":"BreadcrumbList","@id":"https:\/\/www.arquimaster.com.ar\/web\/casa-butterfly-tallerdarquitectura\/#breadcrumb","itemListElement":[{"@type":"ListItem","position":1,"name":"Portada","item":"https:\/\/www.arquimaster.com.ar\/web\/"},{"@type":"ListItem","position":2,"name":"Casa Butterfly \/ Tallerdarquitectura"}]},{"@type":"WebSite","@id":"https:\/\/www.arquimaster.com.ar\/web\/#website","url":"https:\/\/www.arquimaster.com.ar\/web\/","name":"Arquimaster","description":"Web de arquitectura, dise\u00f1o y construccion","publisher":{"@id":"https:\/\/www.arquimaster.com.ar\/web\/#organization"},"potentialAction":[{"@type":"SearchAction","target":{"@type":"EntryPoint","urlTemplate":"https:\/\/www.arquimaster.com.ar\/web\/?s={search_term_string}"},"query-input":{"@type":"PropertyValueSpecification","valueRequired":true,"valueName":"search_term_string"}}],"inLanguage":"es"},{"@type":"Organization","@id":"https:\/\/www.arquimaster.com.ar\/web\/#organization","name":"Arquimaster","url":"https:\/\/www.arquimaster.com.ar\/web\/","logo":{"@type":"ImageObject","inLanguage":"es","@id":"https:\/\/www.arquimaster.com.ar\/web\/#\/schema\/logo\/image\/","url":"https:\/\/www.arquimaster.com.ar\/web\/wp-content\/uploads\/2022\/06\/arquimaster.png","contentUrl":"https:\/\/www.arquimaster.com.ar\/web\/wp-content\/uploads\/2022\/06\/arquimaster.png","width":594,"height":78,"caption":"Arquimaster"},"image":{"@id":"https:\/\/www.arquimaster.com.ar\/web\/#\/schema\/logo\/image\/"},"sameAs":["http:\/\/www.facebook.com\/ARQUIMASTER.com.ar","https:\/\/x.com\/arquimaster","https:\/\/www.instagram.com\/arquimasterblog\/","https:\/\/www.linkedin.com\/company\/arquimaster","https:\/\/www.pinterest.com\/arquimaster","https:\/\/t.me\/arquimaster"]},{"@type":"Person","@id":"https:\/\/www.arquimaster.com.ar\/web\/#\/schema\/person\/359e9f7c00193fcde068e0dd2ceb0028","name":"Arquimaster"}]}},"uagb_featured_image_src":{"full":["https:\/\/www.arquimaster.com.ar\/web\/wp-content\/uploads\/2025\/12\/casa_butterfly_slide.jpg",698,364,false],"thumbnail":["https:\/\/www.arquimaster.com.ar\/web\/wp-content\/uploads\/2025\/12\/casa_butterfly_slide-150x150.jpg",150,150,true],"medium":["https:\/\/www.arquimaster.com.ar\/web\/wp-content\/uploads\/2025\/12\/casa_butterfly_slide.jpg",698,364,false],"medium_large":["https:\/\/www.arquimaster.com.ar\/web\/wp-content\/uploads\/2025\/12\/casa_butterfly_slide.jpg",698,364,false],"large":["https:\/\/www.arquimaster.com.ar\/web\/wp-content\/uploads\/2025\/12\/casa_butterfly_slide.jpg",698,364,false],"1536x1536":["https:\/\/www.arquimaster.com.ar\/web\/wp-content\/uploads\/2025\/12\/casa_butterfly_slide.jpg",698,364,false],"2048x2048":["https:\/\/www.arquimaster.com.ar\/web\/wp-content\/uploads\/2025\/12\/casa_butterfly_slide.jpg",698,364,false]},"uagb_author_info":{"display_name":"Arquimaster","author_link":"https:\/\/www.arquimaster.com.ar\/web\/author\/arquimaster\/"},"uagb_comment_info":0,"uagb_excerpt":"Una cubierta en V abriga los diversos espacios, integrando la arquitectura en el entorno rural...","_links":{"self":[{"href":"https:\/\/www.arquimaster.com.ar\/web\/wp-json\/wp\/v2\/posts\/86898","targetHints":{"allow":["GET"]}}],"collection":[{"href":"https:\/\/www.arquimaster.com.ar\/web\/wp-json\/wp\/v2\/posts"}],"about":[{"href":"https:\/\/www.arquimaster.com.ar\/web\/wp-json\/wp\/v2\/types\/post"}],"author":[{"embeddable":true,"href":"https:\/\/www.arquimaster.com.ar\/web\/wp-json\/wp\/v2\/users\/1"}],"replies":[{"embeddable":true,"href":"https:\/\/www.arquimaster.com.ar\/web\/wp-json\/wp\/v2\/comments?post=86898"}],"version-history":[{"count":1,"href":"https:\/\/www.arquimaster.com.ar\/web\/wp-json\/wp\/v2\/posts\/86898\/revisions"}],"predecessor-version":[{"id":86919,"href":"https:\/\/www.arquimaster.com.ar\/web\/wp-json\/wp\/v2\/posts\/86898\/revisions\/86919"}],"wp:featuredmedia":[{"embeddable":true,"href":"https:\/\/www.arquimaster.com.ar\/web\/wp-json\/wp\/v2\/media\/86899"}],"wp:attachment":[{"href":"https:\/\/www.arquimaster.com.ar\/web\/wp-json\/wp\/v2\/media?parent=86898"}],"wp:term":[{"taxonomy":"category","embeddable":true,"href":"https:\/\/www.arquimaster.com.ar\/web\/wp-json\/wp\/v2\/categories?post=86898"},{"taxonomy":"post_tag","embeddable":true,"href":"https:\/\/www.arquimaster.com.ar\/web\/wp-json\/wp\/v2\/tags?post=86898"}],"curies":[{"name":"wp","href":"https:\/\/api.w.org\/{rel}","templated":true}]}}