{"id":8693,"date":"2014-07-26T17:42:47","date_gmt":"2014-07-26T17:42:47","guid":{"rendered":"http:\/\/www.arquimaster.com.ar\/web\/?p=8693"},"modified":"2026-03-27T20:28:19","modified_gmt":"2026-03-27T23:28:19","slug":"pvc-tecnocom-fortalece-su-red-de-elaboradores","status":"publish","type":"post","link":"https:\/\/www.arquimaster.com.ar\/web\/pvc-tecnocom-fortalece-su-red-de-elaboradores\/","title":{"rendered":"PVC Tecnocom fortalece su red de elaboradores"},"content":{"rendered":"<div style=\"margin-top: 0px; margin-bottom: 0px;\" class=\"sharethis-inline-share-buttons\" ><\/div><div class=\"b812932af2e751442846f039925109de\" data-index=\"1\" style=\"float: none; margin:25px 0 25px 0; text-align:center;\">\n<script async src=\"https:\/\/pagead2.googlesyndication.com\/pagead\/js\/adsbygoogle.js\"><\/script>\r\n<!-- Arquimaster (superior) -->\r\n<ins class=\"adsbygoogle\"\r\n     style=\"display:block\"\r\n     data-ad-client=\"ca-pub-6351072698456832\"\r\n     data-ad-slot=\"6455489680\"\r\n     data-ad-format=\"auto\"\r\n     data-full-width-responsive=\"true\"><\/ins>\r\n<script>\r\n     (adsbygoogle = window.adsbygoogle || []).push({});\r\n<\/script>\n<\/div>\n<p><em><strong>Abertecno SRL es uno de los Talleres Elaboradores Certificados de PVC Tecnocom que, desde el 2008, trabaja para abastecer a toda la regi\u00f3n pampeana de aberturas de PVC. Para este a\u00f1o proyecta ampliar su planta a 3.000 m2, lo que representar\u00e1 un aumento del 30% de su capacidad productiva.<\/strong><\/em><\/p>\n<div id='gallery-1' class='gallery galleryid-8693 gallery-columns-3 gallery-size-thumbnail'><figure class='gallery-item'>\n\t\t\t<div class='gallery-icon landscape'>\n\t\t\t\t<a href='https:\/\/www.arquimaster.com.ar\/web\/wp-content\/uploads\/2014\/07\/pvc_tecnocom_red_elaboradores1.jpg' title=\"PVC Tecnocom fortalece su red de elaboradores\" data-rl_title=\"PVC Tecnocom fortalece su red de elaboradores\" class=\"rl-gallery-link\" data-rl_caption=\"PVC Tecnocom fortalece su red de elaboradores\" data-rel=\"lightbox-gallery-1\"><img loading=\"lazy\" decoding=\"async\" width=\"150\" height=\"150\" src=\"https:\/\/www.arquimaster.com.ar\/web\/wp-content\/uploads\/2014\/07\/pvc_tecnocom_red_elaboradores1-150x150.jpg\" class=\"attachment-thumbnail size-thumbnail\" alt=\"\" aria-describedby=\"gallery-1-8695\" srcset=\"https:\/\/www.arquimaster.com.ar\/web\/wp-content\/uploads\/2014\/07\/pvc_tecnocom_red_elaboradores1-150x150.jpg 150w, https:\/\/www.arquimaster.com.ar\/web\/wp-content\/uploads\/2014\/07\/pvc_tecnocom_red_elaboradores1-50x50.jpg 50w, https:\/\/www.arquimaster.com.ar\/web\/wp-content\/uploads\/2014\/07\/pvc_tecnocom_red_elaboradores1-125x125.jpg 125w\" sizes=\"auto, (max-width: 150px) 100vw, 150px\" \/><\/a>\n\t\t\t<\/div>\n\t\t\t\t<figcaption class='wp-caption-text gallery-caption' id='gallery-1-8695'>\n\t\t\t\tPVC Tecnocom fortalece su red de elaboradores\n\t\t\t\t<\/figcaption><\/figure><figure class='gallery-item'>\n\t\t\t<div class='gallery-icon landscape'>\n\t\t\t\t<a href='https:\/\/www.arquimaster.com.ar\/web\/wp-content\/uploads\/2014\/07\/pvc_tecnocom_red_elaboradores2.jpg' title=\"PVC Tecnocom fortalece su red de elaboradores\" data-rl_title=\"PVC Tecnocom fortalece su red de elaboradores\" class=\"rl-gallery-link\" data-rl_caption=\"PVC Tecnocom fortalece su red de elaboradores\" data-rel=\"lightbox-gallery-1\"><img loading=\"lazy\" decoding=\"async\" width=\"150\" height=\"150\" src=\"https:\/\/www.arquimaster.com.ar\/web\/wp-content\/uploads\/2014\/07\/pvc_tecnocom_red_elaboradores2-150x150.jpg\" class=\"attachment-thumbnail size-thumbnail\" alt=\"\" aria-describedby=\"gallery-1-8696\" srcset=\"https:\/\/www.arquimaster.com.ar\/web\/wp-content\/uploads\/2014\/07\/pvc_tecnocom_red_elaboradores2-150x150.jpg 150w, https:\/\/www.arquimaster.com.ar\/web\/wp-content\/uploads\/2014\/07\/pvc_tecnocom_red_elaboradores2-50x50.jpg 50w, https:\/\/www.arquimaster.com.ar\/web\/wp-content\/uploads\/2014\/07\/pvc_tecnocom_red_elaboradores2-125x125.jpg 125w\" sizes=\"auto, (max-width: 150px) 100vw, 150px\" \/><\/a>\n\t\t\t<\/div>\n\t\t\t\t<figcaption class='wp-caption-text gallery-caption' id='gallery-1-8696'>\n\t\t\t\tPVC Tecnocom fortalece su red de elaboradores\n\t\t\t\t<\/figcaption><\/figure><figure class='gallery-item'>\n\t\t\t<div class='gallery-icon landscape'>\n\t\t\t\t<a href='https:\/\/www.arquimaster.com.ar\/web\/wp-content\/uploads\/2014\/07\/pvc_tecnocom_red_elaboradores3.jpg' title=\"PVC Tecnocom fortalece su red de elaboradores\" data-rl_title=\"PVC Tecnocom fortalece su red de elaboradores\" class=\"rl-gallery-link\" data-rl_caption=\"PVC Tecnocom fortalece su red de elaboradores\" data-rel=\"lightbox-gallery-1\"><img loading=\"lazy\" decoding=\"async\" width=\"150\" height=\"150\" src=\"https:\/\/www.arquimaster.com.ar\/web\/wp-content\/uploads\/2014\/07\/pvc_tecnocom_red_elaboradores3-150x150.jpg\" class=\"attachment-thumbnail size-thumbnail\" alt=\"\" aria-describedby=\"gallery-1-8697\" srcset=\"https:\/\/www.arquimaster.com.ar\/web\/wp-content\/uploads\/2014\/07\/pvc_tecnocom_red_elaboradores3-150x150.jpg 150w, https:\/\/www.arquimaster.com.ar\/web\/wp-content\/uploads\/2014\/07\/pvc_tecnocom_red_elaboradores3-50x50.jpg 50w, https:\/\/www.arquimaster.com.ar\/web\/wp-content\/uploads\/2014\/07\/pvc_tecnocom_red_elaboradores3-125x125.jpg 125w\" sizes=\"auto, (max-width: 150px) 100vw, 150px\" \/><\/a>\n\t\t\t<\/div>\n\t\t\t\t<figcaption class='wp-caption-text gallery-caption' id='gallery-1-8697'>\n\t\t\t\tPVC Tecnocom fortalece su red de elaboradores\n\t\t\t\t<\/figcaption><\/figure><figure class='gallery-item'>\n\t\t\t<div class='gallery-icon landscape'>\n\t\t\t\t<a href='https:\/\/www.arquimaster.com.ar\/web\/wp-content\/uploads\/2014\/07\/pvc_tecnocom_red_elaboradores4.jpg' title=\"PVC Tecnocom fortalece su red de elaboradores\" data-rl_title=\"PVC Tecnocom fortalece su red de elaboradores\" class=\"rl-gallery-link\" data-rl_caption=\"PVC Tecnocom fortalece su red de elaboradores\" data-rel=\"lightbox-gallery-1\"><img loading=\"lazy\" decoding=\"async\" width=\"150\" height=\"150\" src=\"https:\/\/www.arquimaster.com.ar\/web\/wp-content\/uploads\/2014\/07\/pvc_tecnocom_red_elaboradores4-150x150.jpg\" class=\"attachment-thumbnail size-thumbnail\" alt=\"\" aria-describedby=\"gallery-1-8699\" srcset=\"https:\/\/www.arquimaster.com.ar\/web\/wp-content\/uploads\/2014\/07\/pvc_tecnocom_red_elaboradores4-150x150.jpg 150w, https:\/\/www.arquimaster.com.ar\/web\/wp-content\/uploads\/2014\/07\/pvc_tecnocom_red_elaboradores4-50x50.jpg 50w, https:\/\/www.arquimaster.com.ar\/web\/wp-content\/uploads\/2014\/07\/pvc_tecnocom_red_elaboradores4-125x125.jpg 125w\" sizes=\"auto, (max-width: 150px) 100vw, 150px\" \/><\/a>\n\t\t\t<\/div>\n\t\t\t\t<figcaption class='wp-caption-text gallery-caption' id='gallery-1-8699'>\n\t\t\t\tPVC Tecnocom fortalece su red de elaboradores\n\t\t\t\t<\/figcaption><\/figure>\n\t\t<\/div>\n\n<p><strong>Abertecno SRL<\/strong> es un taller miembro de la <strong>Red Nacional de Elaboradores<\/strong> de <strong>PVC Tecnocom<\/strong>, con sede en la ciudad de Santa Rosa, en la Provincia de La Pampa. Gracias al crecimiento que experiment\u00f3 el mercado de aberturas de PVC durante estos a\u00f1os, y a la consolidaci\u00f3n de las ventas, han podido incorporar tecnolog\u00eda y ampliar sus \u00e1reas de producci\u00f3n, que hoy incluyen tres divisiones: aberturas de PVC, aberturas de aluminio, y la reciente instalaci\u00f3n de una f\u00e1brica de DVH.<\/p>\n<p>En la actualidad cuentan con m\u00e1s de 30 personas trabajando en forma permanente y un crecimiento en el \u00e1rea productiva de 1.000 m2 a 3.000 m2. Se encuentran invirtiendo en la llegada de seis nuevas m\u00e1quinas de \u00faltima generaci\u00f3n para el sector PVC, con el objetivo de aumentar la producci&amp;oacu te;n de aberturas en un 30 % aproximadamente.<\/p>\n<p><em>\u00abElegimos desarrollar aberturas de PVC por la creciente demanda a nivel mundial de materiales sustentables, y de aberturas que brinden ahorro de energ\u00e9tico, durabilidad y seguridad. La combinaci\u00f3n de aberturas de PVC con el vidrio de doble vidriado herm\u00e9tico, es la alternativa m\u00e1s eficaz para satisfacer esta necesidad\u00bb<\/em>, explica el Ingeniero <strong>Javier Ortiz<\/strong>, socio-gerente de Abertecno SRL.<\/p>\n<p>La f\u00e1brica de Abertecno SRL se encuentra ubicada en la Ciudad de Santa Rosa, con un showroom de ventas de 225 m2, donde se pueden observar todo el portfolio de productos. Pr\u00f3ximamente inaugurar\u00e1n en el Parque Industrial de la Ciudad las nuevas naves de fabricaci\u00f3n para las tres divisiones, con una superficie total de 3.000 m2.<\/p>\n<p><strong>Sobre PVC Tecnocom SA<\/strong><br \/>\nFundada en 1975, es la compa\u00f1\u00eda nacional l\u00edder en la elaboraci\u00f3n y comercializaci\u00f3n de productos basados en policloruro de vinilo (PVC) r\u00edgido y flexible, entre lo que se incluyen compuestos de PVC, tubos flexibles (mangueras) y productos el\u00e9ctricos (cajas, ca\u00f1os r\u00edgidos y anillados) y perfiles para aberturas. Es miembro de la AGBC (Argentina Green Building Council), ya que sus productos colaboran con el ahorro energ\u00e9tico, y su naturaleza es la sustentabilidad.<\/p>\n\n<div style=\"font-size: 0px; height: 0px; line-height: 0px; margin: 0; padding: 0; clear: both;\"><\/div><div style=\"margin-top: 0px; margin-bottom: 0px;\" class=\"sharethis-inline-share-buttons\" ><\/div>","protected":false},"excerpt":{"rendered":"<p>Abertecno SRL es uno de los Talleres Elaboradores Certificados de PVC Tecnocom&#8230;<\/p>\n","protected":false},"author":1,"featured_media":8694,"comment_status":"closed","ping_status":"closed","sticky":false,"template":"","format":"standard","meta":{"_uag_custom_page_level_css":"","footnotes":""},"categories":[40,64],"tags":[2372,636,1166,633,1761,2371],"class_list":["post-8693","post","type-post","status-publish","format-standard","has-post-thumbnail","hentry","category-construccion","category-empresas-construccion","tag-abertecno-srl","tag-aberturas","tag-dvh","tag-pvc","tag-pvc-tecnocom","tag-red-nacional-de-elaboradores","generate-columns","tablet-grid-50","mobile-grid-100","grid-parent","grid-50"],"yoast_head":"<!-- This site is optimized with the Yoast SEO plugin v27.3 - https:\/\/yoast.com\/product\/yoast-seo-wordpress\/ -->\n<title>PVC Tecnocom fortalece su red de elaboradores - Arquimaster<\/title>\n<meta name=\"robots\" content=\"index, follow, max-snippet:-1, max-image-preview:large, max-video-preview:-1\" \/>\n<link rel=\"canonical\" href=\"https:\/\/www.arquimaster.com.ar\/web\/pvc-tecnocom-fortalece-su-red-de-elaboradores\/\" \/>\n<meta property=\"og:locale\" content=\"es_ES\" \/>\n<meta property=\"og:type\" content=\"article\" \/>\n<meta property=\"og:title\" content=\"PVC Tecnocom fortalece su red de elaboradores - Arquimaster\" \/>\n<meta property=\"og:description\" content=\"Abertecno SRL es uno de los Talleres Elaboradores Certificados de PVC Tecnocom...\" \/>\n<meta property=\"og:url\" content=\"https:\/\/www.arquimaster.com.ar\/web\/pvc-tecnocom-fortalece-su-red-de-elaboradores\/\" \/>\n<meta property=\"og:site_name\" content=\"Arquimaster\" \/>\n<meta property=\"article:publisher\" content=\"http:\/\/www.facebook.com\/ARQUIMASTER.com.ar\" \/>\n<meta property=\"article:published_time\" content=\"2014-07-26T17:42:47+00:00\" \/>\n<meta property=\"article:modified_time\" content=\"2026-03-27T23:28:19+00:00\" \/>\n<meta property=\"og:image\" content=\"https:\/\/www.arquimaster.com.ar\/web\/wp-content\/uploads\/2014\/07\/pvc_tecnocom_red_elaboradores_slide.jpg\" \/>\n\t<meta property=\"og:image:width\" content=\"642\" \/>\n\t<meta property=\"og:image:height\" content=\"336\" \/>\n\t<meta property=\"og:image:type\" content=\"image\/jpeg\" \/>\n<meta name=\"author\" content=\"Arquimaster\" \/>\n<meta name=\"twitter:card\" content=\"summary_large_image\" \/>\n<meta name=\"twitter:creator\" content=\"@arquimaster\" \/>\n<meta name=\"twitter:site\" content=\"@arquimaster\" \/>\n<meta name=\"twitter:label1\" content=\"Escrito por\" \/>\n\t<meta name=\"twitter:data1\" content=\"Arquimaster\" \/>\n\t<meta name=\"twitter:label2\" content=\"Tiempo de lectura\" \/>\n\t<meta name=\"twitter:data2\" content=\"2 minutos\" \/>\n<script type=\"application\/ld+json\" class=\"yoast-schema-graph\">{\"@context\":\"https:\\\/\\\/schema.org\",\"@graph\":[{\"@type\":\"Article\",\"@id\":\"https:\\\/\\\/www.arquimaster.com.ar\\\/web\\\/pvc-tecnocom-fortalece-su-red-de-elaboradores\\\/#article\",\"isPartOf\":{\"@id\":\"https:\\\/\\\/www.arquimaster.com.ar\\\/web\\\/pvc-tecnocom-fortalece-su-red-de-elaboradores\\\/\"},\"author\":{\"name\":\"Arquimaster\",\"@id\":\"https:\\\/\\\/www.arquimaster.com.ar\\\/web\\\/#\\\/schema\\\/person\\\/359e9f7c00193fcde068e0dd2ceb0028\"},\"headline\":\"PVC Tecnocom fortalece su red de elaboradores\",\"datePublished\":\"2014-07-26T17:42:47+00:00\",\"dateModified\":\"2026-03-27T23:28:19+00:00\",\"mainEntityOfPage\":{\"@id\":\"https:\\\/\\\/www.arquimaster.com.ar\\\/web\\\/pvc-tecnocom-fortalece-su-red-de-elaboradores\\\/\"},\"wordCount\":406,\"publisher\":{\"@id\":\"https:\\\/\\\/www.arquimaster.com.ar\\\/web\\\/#organization\"},\"image\":{\"@id\":\"https:\\\/\\\/www.arquimaster.com.ar\\\/web\\\/pvc-tecnocom-fortalece-su-red-de-elaboradores\\\/#primaryimage\"},\"thumbnailUrl\":\"https:\\\/\\\/www.arquimaster.com.ar\\\/web\\\/wp-content\\\/uploads\\\/2014\\\/07\\\/pvc_tecnocom_red_elaboradores_slide.jpg\",\"keywords\":[\"Abertecno SRL\",\"aberturas\",\"DVH\",\"PVC\",\"PVC Tecnocom\",\"Red Nacional de Elaboradores\"],\"articleSection\":[\"Construccion\",\"Empresas de la construccion\"],\"inLanguage\":\"es\"},{\"@type\":\"WebPage\",\"@id\":\"https:\\\/\\\/www.arquimaster.com.ar\\\/web\\\/pvc-tecnocom-fortalece-su-red-de-elaboradores\\\/\",\"url\":\"https:\\\/\\\/www.arquimaster.com.ar\\\/web\\\/pvc-tecnocom-fortalece-su-red-de-elaboradores\\\/\",\"name\":\"PVC Tecnocom fortalece su red de elaboradores - Arquimaster\",\"isPartOf\":{\"@id\":\"https:\\\/\\\/www.arquimaster.com.ar\\\/web\\\/#website\"},\"primaryImageOfPage\":{\"@id\":\"https:\\\/\\\/www.arquimaster.com.ar\\\/web\\\/pvc-tecnocom-fortalece-su-red-de-elaboradores\\\/#primaryimage\"},\"image\":{\"@id\":\"https:\\\/\\\/www.arquimaster.com.ar\\\/web\\\/pvc-tecnocom-fortalece-su-red-de-elaboradores\\\/#primaryimage\"},\"thumbnailUrl\":\"https:\\\/\\\/www.arquimaster.com.ar\\\/web\\\/wp-content\\\/uploads\\\/2014\\\/07\\\/pvc_tecnocom_red_elaboradores_slide.jpg\",\"datePublished\":\"2014-07-26T17:42:47+00:00\",\"dateModified\":\"2026-03-27T23:28:19+00:00\",\"breadcrumb\":{\"@id\":\"https:\\\/\\\/www.arquimaster.com.ar\\\/web\\\/pvc-tecnocom-fortalece-su-red-de-elaboradores\\\/#breadcrumb\"},\"inLanguage\":\"es\",\"potentialAction\":[{\"@type\":\"ReadAction\",\"target\":[\"https:\\\/\\\/www.arquimaster.com.ar\\\/web\\\/pvc-tecnocom-fortalece-su-red-de-elaboradores\\\/\"]}]},{\"@type\":\"ImageObject\",\"inLanguage\":\"es\",\"@id\":\"https:\\\/\\\/www.arquimaster.com.ar\\\/web\\\/pvc-tecnocom-fortalece-su-red-de-elaboradores\\\/#primaryimage\",\"url\":\"https:\\\/\\\/www.arquimaster.com.ar\\\/web\\\/wp-content\\\/uploads\\\/2014\\\/07\\\/pvc_tecnocom_red_elaboradores_slide.jpg\",\"contentUrl\":\"https:\\\/\\\/www.arquimaster.com.ar\\\/web\\\/wp-content\\\/uploads\\\/2014\\\/07\\\/pvc_tecnocom_red_elaboradores_slide.jpg\",\"width\":642,\"height\":336},{\"@type\":\"BreadcrumbList\",\"@id\":\"https:\\\/\\\/www.arquimaster.com.ar\\\/web\\\/pvc-tecnocom-fortalece-su-red-de-elaboradores\\\/#breadcrumb\",\"itemListElement\":[{\"@type\":\"ListItem\",\"position\":1,\"name\":\"Portada\",\"item\":\"https:\\\/\\\/www.arquimaster.com.ar\\\/web\\\/\"},{\"@type\":\"ListItem\",\"position\":2,\"name\":\"PVC Tecnocom fortalece su red de elaboradores\"}]},{\"@type\":\"WebSite\",\"@id\":\"https:\\\/\\\/www.arquimaster.com.ar\\\/web\\\/#website\",\"url\":\"https:\\\/\\\/www.arquimaster.com.ar\\\/web\\\/\",\"name\":\"Arquimaster\",\"description\":\"Web de arquitectura, dise\u00f1o y construccion\",\"publisher\":{\"@id\":\"https:\\\/\\\/www.arquimaster.com.ar\\\/web\\\/#organization\"},\"potentialAction\":[{\"@type\":\"SearchAction\",\"target\":{\"@type\":\"EntryPoint\",\"urlTemplate\":\"https:\\\/\\\/www.arquimaster.com.ar\\\/web\\\/?s={search_term_string}\"},\"query-input\":{\"@type\":\"PropertyValueSpecification\",\"valueRequired\":true,\"valueName\":\"search_term_string\"}}],\"inLanguage\":\"es\"},{\"@type\":\"Organization\",\"@id\":\"https:\\\/\\\/www.arquimaster.com.ar\\\/web\\\/#organization\",\"name\":\"Arquimaster\",\"url\":\"https:\\\/\\\/www.arquimaster.com.ar\\\/web\\\/\",\"logo\":{\"@type\":\"ImageObject\",\"inLanguage\":\"es\",\"@id\":\"https:\\\/\\\/www.arquimaster.com.ar\\\/web\\\/#\\\/schema\\\/logo\\\/image\\\/\",\"url\":\"https:\\\/\\\/www.arquimaster.com.ar\\\/web\\\/wp-content\\\/uploads\\\/2022\\\/06\\\/arquimaster.png\",\"contentUrl\":\"https:\\\/\\\/www.arquimaster.com.ar\\\/web\\\/wp-content\\\/uploads\\\/2022\\\/06\\\/arquimaster.png\",\"width\":594,\"height\":78,\"caption\":\"Arquimaster\"},\"image\":{\"@id\":\"https:\\\/\\\/www.arquimaster.com.ar\\\/web\\\/#\\\/schema\\\/logo\\\/image\\\/\"},\"sameAs\":[\"http:\\\/\\\/www.facebook.com\\\/ARQUIMASTER.com.ar\",\"https:\\\/\\\/x.com\\\/arquimaster\",\"https:\\\/\\\/www.instagram.com\\\/arquimasterblog\\\/\",\"https:\\\/\\\/www.linkedin.com\\\/company\\\/arquimaster\",\"https:\\\/\\\/www.pinterest.com\\\/arquimaster\",\"https:\\\/\\\/t.me\\\/arquimaster\"]},{\"@type\":\"Person\",\"@id\":\"https:\\\/\\\/www.arquimaster.com.ar\\\/web\\\/#\\\/schema\\\/person\\\/359e9f7c00193fcde068e0dd2ceb0028\",\"name\":\"Arquimaster\"}]}<\/script>\n<!-- \/ Yoast SEO plugin. -->","yoast_head_json":{"title":"PVC Tecnocom fortalece su red de elaboradores - Arquimaster","robots":{"index":"index","follow":"follow","max-snippet":"max-snippet:-1","max-image-preview":"max-image-preview:large","max-video-preview":"max-video-preview:-1"},"canonical":"https:\/\/www.arquimaster.com.ar\/web\/pvc-tecnocom-fortalece-su-red-de-elaboradores\/","og_locale":"es_ES","og_type":"article","og_title":"PVC Tecnocom fortalece su red de elaboradores - Arquimaster","og_description":"Abertecno SRL es uno de los Talleres Elaboradores Certificados de PVC Tecnocom...","og_url":"https:\/\/www.arquimaster.com.ar\/web\/pvc-tecnocom-fortalece-su-red-de-elaboradores\/","og_site_name":"Arquimaster","article_publisher":"http:\/\/www.facebook.com\/ARQUIMASTER.com.ar","article_published_time":"2014-07-26T17:42:47+00:00","article_modified_time":"2026-03-27T23:28:19+00:00","og_image":[{"width":642,"height":336,"url":"https:\/\/www.arquimaster.com.ar\/web\/wp-content\/uploads\/2014\/07\/pvc_tecnocom_red_elaboradores_slide.jpg","type":"image\/jpeg"}],"author":"Arquimaster","twitter_card":"summary_large_image","twitter_creator":"@arquimaster","twitter_site":"@arquimaster","twitter_misc":{"Escrito por":"Arquimaster","Tiempo de lectura":"2 minutos"},"schema":{"@context":"https:\/\/schema.org","@graph":[{"@type":"Article","@id":"https:\/\/www.arquimaster.com.ar\/web\/pvc-tecnocom-fortalece-su-red-de-elaboradores\/#article","isPartOf":{"@id":"https:\/\/www.arquimaster.com.ar\/web\/pvc-tecnocom-fortalece-su-red-de-elaboradores\/"},"author":{"name":"Arquimaster","@id":"https:\/\/www.arquimaster.com.ar\/web\/#\/schema\/person\/359e9f7c00193fcde068e0dd2ceb0028"},"headline":"PVC Tecnocom fortalece su red de elaboradores","datePublished":"2014-07-26T17:42:47+00:00","dateModified":"2026-03-27T23:28:19+00:00","mainEntityOfPage":{"@id":"https:\/\/www.arquimaster.com.ar\/web\/pvc-tecnocom-fortalece-su-red-de-elaboradores\/"},"wordCount":406,"publisher":{"@id":"https:\/\/www.arquimaster.com.ar\/web\/#organization"},"image":{"@id":"https:\/\/www.arquimaster.com.ar\/web\/pvc-tecnocom-fortalece-su-red-de-elaboradores\/#primaryimage"},"thumbnailUrl":"https:\/\/www.arquimaster.com.ar\/web\/wp-content\/uploads\/2014\/07\/pvc_tecnocom_red_elaboradores_slide.jpg","keywords":["Abertecno SRL","aberturas","DVH","PVC","PVC Tecnocom","Red Nacional de Elaboradores"],"articleSection":["Construccion","Empresas de la construccion"],"inLanguage":"es"},{"@type":"WebPage","@id":"https:\/\/www.arquimaster.com.ar\/web\/pvc-tecnocom-fortalece-su-red-de-elaboradores\/","url":"https:\/\/www.arquimaster.com.ar\/web\/pvc-tecnocom-fortalece-su-red-de-elaboradores\/","name":"PVC Tecnocom fortalece su red de elaboradores - Arquimaster","isPartOf":{"@id":"https:\/\/www.arquimaster.com.ar\/web\/#website"},"primaryImageOfPage":{"@id":"https:\/\/www.arquimaster.com.ar\/web\/pvc-tecnocom-fortalece-su-red-de-elaboradores\/#primaryimage"},"image":{"@id":"https:\/\/www.arquimaster.com.ar\/web\/pvc-tecnocom-fortalece-su-red-de-elaboradores\/#primaryimage"},"thumbnailUrl":"https:\/\/www.arquimaster.com.ar\/web\/wp-content\/uploads\/2014\/07\/pvc_tecnocom_red_elaboradores_slide.jpg","datePublished":"2014-07-26T17:42:47+00:00","dateModified":"2026-03-27T23:28:19+00:00","breadcrumb":{"@id":"https:\/\/www.arquimaster.com.ar\/web\/pvc-tecnocom-fortalece-su-red-de-elaboradores\/#breadcrumb"},"inLanguage":"es","potentialAction":[{"@type":"ReadAction","target":["https:\/\/www.arquimaster.com.ar\/web\/pvc-tecnocom-fortalece-su-red-de-elaboradores\/"]}]},{"@type":"ImageObject","inLanguage":"es","@id":"https:\/\/www.arquimaster.com.ar\/web\/pvc-tecnocom-fortalece-su-red-de-elaboradores\/#primaryimage","url":"https:\/\/www.arquimaster.com.ar\/web\/wp-content\/uploads\/2014\/07\/pvc_tecnocom_red_elaboradores_slide.jpg","contentUrl":"https:\/\/www.arquimaster.com.ar\/web\/wp-content\/uploads\/2014\/07\/pvc_tecnocom_red_elaboradores_slide.jpg","width":642,"height":336},{"@type":"BreadcrumbList","@id":"https:\/\/www.arquimaster.com.ar\/web\/pvc-tecnocom-fortalece-su-red-de-elaboradores\/#breadcrumb","itemListElement":[{"@type":"ListItem","position":1,"name":"Portada","item":"https:\/\/www.arquimaster.com.ar\/web\/"},{"@type":"ListItem","position":2,"name":"PVC Tecnocom fortalece su red de elaboradores"}]},{"@type":"WebSite","@id":"https:\/\/www.arquimaster.com.ar\/web\/#website","url":"https:\/\/www.arquimaster.com.ar\/web\/","name":"Arquimaster","description":"Web de arquitectura, dise\u00f1o y construccion","publisher":{"@id":"https:\/\/www.arquimaster.com.ar\/web\/#organization"},"potentialAction":[{"@type":"SearchAction","target":{"@type":"EntryPoint","urlTemplate":"https:\/\/www.arquimaster.com.ar\/web\/?s={search_term_string}"},"query-input":{"@type":"PropertyValueSpecification","valueRequired":true,"valueName":"search_term_string"}}],"inLanguage":"es"},{"@type":"Organization","@id":"https:\/\/www.arquimaster.com.ar\/web\/#organization","name":"Arquimaster","url":"https:\/\/www.arquimaster.com.ar\/web\/","logo":{"@type":"ImageObject","inLanguage":"es","@id":"https:\/\/www.arquimaster.com.ar\/web\/#\/schema\/logo\/image\/","url":"https:\/\/www.arquimaster.com.ar\/web\/wp-content\/uploads\/2022\/06\/arquimaster.png","contentUrl":"https:\/\/www.arquimaster.com.ar\/web\/wp-content\/uploads\/2022\/06\/arquimaster.png","width":594,"height":78,"caption":"Arquimaster"},"image":{"@id":"https:\/\/www.arquimaster.com.ar\/web\/#\/schema\/logo\/image\/"},"sameAs":["http:\/\/www.facebook.com\/ARQUIMASTER.com.ar","https:\/\/x.com\/arquimaster","https:\/\/www.instagram.com\/arquimasterblog\/","https:\/\/www.linkedin.com\/company\/arquimaster","https:\/\/www.pinterest.com\/arquimaster","https:\/\/t.me\/arquimaster"]},{"@type":"Person","@id":"https:\/\/www.arquimaster.com.ar\/web\/#\/schema\/person\/359e9f7c00193fcde068e0dd2ceb0028","name":"Arquimaster"}]}},"uagb_featured_image_src":{"full":["https:\/\/www.arquimaster.com.ar\/web\/wp-content\/uploads\/2014\/07\/pvc_tecnocom_red_elaboradores_slide.jpg",642,336,false],"thumbnail":["https:\/\/www.arquimaster.com.ar\/web\/wp-content\/uploads\/2014\/07\/pvc_tecnocom_red_elaboradores_slide-150x150.jpg",150,150,true],"medium":["https:\/\/www.arquimaster.com.ar\/web\/wp-content\/uploads\/2014\/07\/pvc_tecnocom_red_elaboradores_slide-300x157.jpg",300,157,true],"medium_large":["https:\/\/www.arquimaster.com.ar\/web\/wp-content\/uploads\/2014\/07\/pvc_tecnocom_red_elaboradores_slide.jpg",642,336,false],"large":["https:\/\/www.arquimaster.com.ar\/web\/wp-content\/uploads\/2014\/07\/pvc_tecnocom_red_elaboradores_slide.jpg",642,336,false],"1536x1536":["https:\/\/www.arquimaster.com.ar\/web\/wp-content\/uploads\/2014\/07\/pvc_tecnocom_red_elaboradores_slide.jpg",642,336,false],"2048x2048":["https:\/\/www.arquimaster.com.ar\/web\/wp-content\/uploads\/2014\/07\/pvc_tecnocom_red_elaboradores_slide.jpg",642,336,false]},"uagb_author_info":{"display_name":"Arquimaster","author_link":"https:\/\/www.arquimaster.com.ar\/web\/author\/arquimaster\/"},"uagb_comment_info":0,"uagb_excerpt":"Abertecno SRL es uno de los Talleres Elaboradores Certificados de PVC Tecnocom...","_links":{"self":[{"href":"https:\/\/www.arquimaster.com.ar\/web\/wp-json\/wp\/v2\/posts\/8693","targetHints":{"allow":["GET"]}}],"collection":[{"href":"https:\/\/www.arquimaster.com.ar\/web\/wp-json\/wp\/v2\/posts"}],"about":[{"href":"https:\/\/www.arquimaster.com.ar\/web\/wp-json\/wp\/v2\/types\/post"}],"author":[{"embeddable":true,"href":"https:\/\/www.arquimaster.com.ar\/web\/wp-json\/wp\/v2\/users\/1"}],"replies":[{"embeddable":true,"href":"https:\/\/www.arquimaster.com.ar\/web\/wp-json\/wp\/v2\/comments?post=8693"}],"version-history":[{"count":2,"href":"https:\/\/www.arquimaster.com.ar\/web\/wp-json\/wp\/v2\/posts\/8693\/revisions"}],"predecessor-version":[{"id":87888,"href":"https:\/\/www.arquimaster.com.ar\/web\/wp-json\/wp\/v2\/posts\/8693\/revisions\/87888"}],"wp:featuredmedia":[{"embeddable":true,"href":"https:\/\/www.arquimaster.com.ar\/web\/wp-json\/wp\/v2\/media\/8694"}],"wp:attachment":[{"href":"https:\/\/www.arquimaster.com.ar\/web\/wp-json\/wp\/v2\/media?parent=8693"}],"wp:term":[{"taxonomy":"category","embeddable":true,"href":"https:\/\/www.arquimaster.com.ar\/web\/wp-json\/wp\/v2\/categories?post=8693"},{"taxonomy":"post_tag","embeddable":true,"href":"https:\/\/www.arquimaster.com.ar\/web\/wp-json\/wp\/v2\/tags?post=8693"}],"curies":[{"name":"wp","href":"https:\/\/api.w.org\/{rel}","templated":true}]}}