{"id":8718,"date":"2014-07-27T16:01:03","date_gmt":"2014-07-27T16:01:03","guid":{"rendered":"http:\/\/www.arquimaster.com.ar\/web\/?p=8718"},"modified":"2026-03-27T20:29:11","modified_gmt":"2026-03-27T23:29:11","slug":"los-beneficios-de-la-luz-natural-en-los-espacios-de-trabajo","status":"publish","type":"post","link":"https:\/\/www.arquimaster.com.ar\/web\/los-beneficios-de-la-luz-natural-en-los-espacios-de-trabajo\/","title":{"rendered":"Los beneficios de la luz natural en los espacios de trabajo"},"content":{"rendered":"<div style=\"margin-top: 0px; margin-bottom: 0px;\" class=\"sharethis-inline-share-buttons\" ><\/div><div class=\"b812932af2e751442846f039925109de\" data-index=\"1\" style=\"float: none; margin:25px 0 25px 0; text-align:center;\">\n<script async src=\"https:\/\/pagead2.googlesyndication.com\/pagead\/js\/adsbygoogle.js\"><\/script>\r\n<!-- Arquimaster (superior) -->\r\n<ins class=\"adsbygoogle\"\r\n     style=\"display:block\"\r\n     data-ad-client=\"ca-pub-6351072698456832\"\r\n     data-ad-slot=\"6455489680\"\r\n     data-ad-format=\"auto\"\r\n     data-full-width-responsive=\"true\"><\/ins>\r\n<script>\r\n     (adsbygoogle = window.adsbygoogle || []).push({});\r\n<\/script>\n<\/div>\n<p><em>\u00abEntre los factores que hay que tener en cuenta a la hora de dise\u00f1ar una oficina corporativa eficiente y saludable, la cantidad de luz natural con que contar\u00e1n los puestos de trabajo durante el d\u00eda es fundamental\u00bb<\/em>, afirma <strong>Victor Feingold<\/strong>, CEO de <strong>Contract<\/strong>, compa\u00f1\u00eda l\u00edder regional que se dedica a la conceptualizaci\u00f3n, dise\u00f1o y construcci\u00f3n de espacios de trabajo.<\/p>\n<div id='gallery-1' class='gallery galleryid-8718 gallery-columns-3 gallery-size-thumbnail'><figure class='gallery-item'>\n\t\t\t<div class='gallery-icon landscape'>\n\t\t\t\t<a href='https:\/\/www.arquimaster.com.ar\/web\/wp-content\/uploads\/2014\/07\/luz_natural_oficinas1.jpg' title=\"Los beneficios de la luz natural en los espacios de trabajo\" data-rl_title=\"Los beneficios de la luz natural en los espacios de trabajo\" class=\"rl-gallery-link\" data-rl_caption=\"Los beneficios de la luz natural en los espacios de trabajo\" data-rel=\"lightbox-gallery-1\"><img loading=\"lazy\" decoding=\"async\" width=\"150\" height=\"150\" src=\"https:\/\/www.arquimaster.com.ar\/web\/wp-content\/uploads\/2014\/07\/luz_natural_oficinas1-150x150.jpg\" class=\"attachment-thumbnail size-thumbnail\" alt=\"\" aria-describedby=\"gallery-1-8720\" srcset=\"https:\/\/www.arquimaster.com.ar\/web\/wp-content\/uploads\/2014\/07\/luz_natural_oficinas1-150x150.jpg 150w, https:\/\/www.arquimaster.com.ar\/web\/wp-content\/uploads\/2014\/07\/luz_natural_oficinas1-50x50.jpg 50w, https:\/\/www.arquimaster.com.ar\/web\/wp-content\/uploads\/2014\/07\/luz_natural_oficinas1-125x125.jpg 125w\" sizes=\"auto, (max-width: 150px) 100vw, 150px\" \/><\/a>\n\t\t\t<\/div>\n\t\t\t\t<figcaption class='wp-caption-text gallery-caption' id='gallery-1-8720'>\n\t\t\t\tLos beneficios de la luz natural en los espacios de trabajo\n\t\t\t\t<\/figcaption><\/figure><figure class='gallery-item'>\n\t\t\t<div class='gallery-icon landscape'>\n\t\t\t\t<a href='https:\/\/www.arquimaster.com.ar\/web\/wp-content\/uploads\/2014\/07\/luz_natural_oficinas2.jpg' title=\"Los beneficios de la luz natural en los espacios de trabajo\" data-rl_title=\"Los beneficios de la luz natural en los espacios de trabajo\" class=\"rl-gallery-link\" data-rl_caption=\"Los beneficios de la luz natural en los espacios de trabajo\" data-rel=\"lightbox-gallery-1\"><img loading=\"lazy\" decoding=\"async\" width=\"150\" height=\"150\" src=\"https:\/\/www.arquimaster.com.ar\/web\/wp-content\/uploads\/2014\/07\/luz_natural_oficinas2-150x150.jpg\" class=\"attachment-thumbnail size-thumbnail\" alt=\"\" aria-describedby=\"gallery-1-8721\" srcset=\"https:\/\/www.arquimaster.com.ar\/web\/wp-content\/uploads\/2014\/07\/luz_natural_oficinas2-150x150.jpg 150w, https:\/\/www.arquimaster.com.ar\/web\/wp-content\/uploads\/2014\/07\/luz_natural_oficinas2-50x50.jpg 50w, https:\/\/www.arquimaster.com.ar\/web\/wp-content\/uploads\/2014\/07\/luz_natural_oficinas2-125x125.jpg 125w\" sizes=\"auto, (max-width: 150px) 100vw, 150px\" \/><\/a>\n\t\t\t<\/div>\n\t\t\t\t<figcaption class='wp-caption-text gallery-caption' id='gallery-1-8721'>\n\t\t\t\tLos beneficios de la luz natural en los espacios de trabajo\n\t\t\t\t<\/figcaption><\/figure><figure class='gallery-item'>\n\t\t\t<div class='gallery-icon landscape'>\n\t\t\t\t<a href='https:\/\/www.arquimaster.com.ar\/web\/wp-content\/uploads\/2014\/07\/luz_natural_oficinas3.jpg' title=\"Los beneficios de la luz natural en los espacios de trabajo\" data-rl_title=\"Los beneficios de la luz natural en los espacios de trabajo\" class=\"rl-gallery-link\" data-rl_caption=\"Los beneficios de la luz natural en los espacios de trabajo\" data-rel=\"lightbox-gallery-1\"><img loading=\"lazy\" decoding=\"async\" width=\"150\" height=\"150\" src=\"https:\/\/www.arquimaster.com.ar\/web\/wp-content\/uploads\/2014\/07\/luz_natural_oficinas3-150x150.jpg\" class=\"attachment-thumbnail size-thumbnail\" alt=\"\" aria-describedby=\"gallery-1-8722\" srcset=\"https:\/\/www.arquimaster.com.ar\/web\/wp-content\/uploads\/2014\/07\/luz_natural_oficinas3-150x150.jpg 150w, https:\/\/www.arquimaster.com.ar\/web\/wp-content\/uploads\/2014\/07\/luz_natural_oficinas3-50x50.jpg 50w, https:\/\/www.arquimaster.com.ar\/web\/wp-content\/uploads\/2014\/07\/luz_natural_oficinas3-125x125.jpg 125w\" sizes=\"auto, (max-width: 150px) 100vw, 150px\" \/><\/a>\n\t\t\t<\/div>\n\t\t\t\t<figcaption class='wp-caption-text gallery-caption' id='gallery-1-8722'>\n\t\t\t\tLos beneficios de la luz natural en los espacios de trabajo\n\t\t\t\t<\/figcaption><\/figure><figure class='gallery-item'>\n\t\t\t<div class='gallery-icon landscape'>\n\t\t\t\t<a href='https:\/\/www.arquimaster.com.ar\/web\/wp-content\/uploads\/2014\/07\/luz_natural_oficinas4.jpg' title=\"Los beneficios de la luz natural en los espacios de trabajo\" data-rl_title=\"Los beneficios de la luz natural en los espacios de trabajo\" class=\"rl-gallery-link\" data-rl_caption=\"Los beneficios de la luz natural en los espacios de trabajo\" data-rel=\"lightbox-gallery-1\"><img loading=\"lazy\" decoding=\"async\" width=\"150\" height=\"150\" src=\"https:\/\/www.arquimaster.com.ar\/web\/wp-content\/uploads\/2014\/07\/luz_natural_oficinas4-150x150.jpg\" class=\"attachment-thumbnail size-thumbnail\" alt=\"\" aria-describedby=\"gallery-1-8723\" srcset=\"https:\/\/www.arquimaster.com.ar\/web\/wp-content\/uploads\/2014\/07\/luz_natural_oficinas4-150x150.jpg 150w, https:\/\/www.arquimaster.com.ar\/web\/wp-content\/uploads\/2014\/07\/luz_natural_oficinas4-50x50.jpg 50w, https:\/\/www.arquimaster.com.ar\/web\/wp-content\/uploads\/2014\/07\/luz_natural_oficinas4-125x125.jpg 125w\" sizes=\"auto, (max-width: 150px) 100vw, 150px\" \/><\/a>\n\t\t\t<\/div>\n\t\t\t\t<figcaption class='wp-caption-text gallery-caption' id='gallery-1-8723'>\n\t\t\t\tLos beneficios de la luz natural en los espacios de trabajo\n\t\t\t\t<\/figcaption><\/figure><figure class='gallery-item'>\n\t\t\t<div class='gallery-icon landscape'>\n\t\t\t\t<a href='https:\/\/www.arquimaster.com.ar\/web\/wp-content\/uploads\/2014\/07\/luz_natural_oficinas5.jpg' title=\"Los beneficios de la luz natural en los espacios de trabajo\" data-rl_title=\"Los beneficios de la luz natural en los espacios de trabajo\" class=\"rl-gallery-link\" data-rl_caption=\"Los beneficios de la luz natural en los espacios de trabajo\" data-rel=\"lightbox-gallery-1\"><img loading=\"lazy\" decoding=\"async\" width=\"150\" height=\"150\" src=\"https:\/\/www.arquimaster.com.ar\/web\/wp-content\/uploads\/2014\/07\/luz_natural_oficinas5-150x150.jpg\" class=\"attachment-thumbnail size-thumbnail\" alt=\"\" aria-describedby=\"gallery-1-8724\" srcset=\"https:\/\/www.arquimaster.com.ar\/web\/wp-content\/uploads\/2014\/07\/luz_natural_oficinas5-150x150.jpg 150w, https:\/\/www.arquimaster.com.ar\/web\/wp-content\/uploads\/2014\/07\/luz_natural_oficinas5-50x50.jpg 50w, https:\/\/www.arquimaster.com.ar\/web\/wp-content\/uploads\/2014\/07\/luz_natural_oficinas5-125x125.jpg 125w\" sizes=\"auto, (max-width: 150px) 100vw, 150px\" \/><\/a>\n\t\t\t<\/div>\n\t\t\t\t<figcaption class='wp-caption-text gallery-caption' id='gallery-1-8724'>\n\t\t\t\tLos beneficios de la luz natural en los espacios de trabajo\n\t\t\t\t<\/figcaption><\/figure>\n\t\t<\/div>\n\n<p>Debido a que la luz solar interviene en numerosos procesos biol\u00f3gicos mediante los ciclos naturales de luz y oscuridad, existe una estrecha relaci\u00f3n entre la luz natural y la salud f\u00edsica y emocional de una persona, por lo que es necesario encontrar soluciones de iluminaci\u00f3n que energicen el cuerpo y revitalicen la mente: cuando las personas se sienten mejor, trabajan mejor.<\/p>\n<p>En este sentido, el CEO de Contract asegura que el nivel \u00f3ptimo de iluminaci\u00f3n para una tarea determinada, es el que genera un mayor rendimiento con una m\u00ednima fatiga, consider\u00e1ndose tanto la tarea como las condiciones reales en que ser\u00e1 realizada.<\/p>\n<p><strong>C\u00f3mo aprovechar la luz natural<\/strong><br \/>\nLa cantidad de luz solar que ingresa efectivamente en los interiores de una oficina es fluctuante debido a factores tales como la orientaci\u00f3n del edificio y su contexto, su tama\u00f1o y morfolog\u00eda, las condiciones clim\u00e1ticas, el momento del d\u00eda, los tipos de aberturas, entre otros.<\/p>\n<p>Seg\u00fan Feingold, hay recursos clave para optimizar el aprovechamiento de la luz natural que ingresa en un espacio de trabajo:<\/p>\n<p>&#8211; Utilizar <strong>paneles divisorios bajos<\/strong> en las estaciones de trabajo.<\/p>\n<p>&#8211; Instalar <strong>divisores vidriados transparentes<\/strong> en despachos cerrados.<\/p>\n<p>&#8211; Priorizar la <strong>ubicaci\u00f3n de las \u00e1reas de trabajo<\/strong> operativo por sobre las jer\u00e1rquicas en zonas de mayor incidencia de luz natural.<\/p>\n<p>&#8211; Acondicionar los cristales con <strong>dispositivos de control solar<\/strong>.<\/p>\n<p>&#8211; Utilizar <strong>superficies difusoras de colores claros<\/strong> para que reflejen la luz solar hacia el interior en todas las direcciones del espacio. A tales efectos, pisos, tabiques y cielorrasos juegan un papel fundamental como superficies reflectantes.<\/p>\n<p>Debido a la variabilidad del recurso, siempre es necesario complementar la iluminaci\u00f3n natural con el alumbrado artificial. Actualmente es posible armonizar ambas fuentes de luz mediante la utilizaci\u00f3n de sistemas de control, consiguiendo de esta manera una reducci\u00f3n en el consumo de electricidad y un ahorro sustancial de energ\u00eda.<\/p>\n<p>Si consideramos que la iluminaci\u00f3n representa casi un 20% del gasto de electricidad total de una compa\u00f1\u00eda, contar con un sistema de iluminaci\u00f3n eficiente que contemple la optimizaci\u00f3n del uso de la luz natural, puede producir un <strong>ahorro energ\u00e9tico de hasta un 80%<\/strong>, al mismo tiempo que se contribuye a la reducci\u00f3n de la huella ecol\u00f3gica.<\/p>\n<p><em>\u00abUna buena aplicaci\u00f3n de la luz natural contribuye a crear un entorno m\u00e1s confortable y satisfactorio para los trabajadores, esto incide de manera directa en su productividad y genera un impacto positivo sobre la rentabilidad de las empresas\u00bb<\/em>, concluy\u00f3 Feingold.<\/p>\n<p><strong>Acerca de Contract<\/strong><br \/>\nContract es la empresa regional l\u00edder en conceptualizaci\u00f3n, dise\u00f1o y construcci\u00f3n de espacios de trabajo. Sus servicios integrales incluyen la consultor\u00eda inicial, space planning, workplace strategy, dise\u00f1o, proyecto ejecutivo, construcci\u00f3n, log\u00edstica de mudanza, change management y servicio post ocupaci\u00f3n. La compa\u00f1\u00eda desarrolla oficinas de alta performance, adaptadas a las necesidades de cada organizaci\u00f3n y alineadas a las \u00faltimas tendencias mundiales en arquitectura corporativa. La empresa cuenta con m\u00e1s de 200 profesionales, casi 1000 obras entregadas exitosamente y el respaldo de prestigiosas empresas que avalan la calidad y eficiencia del servicio. Contract tiene operaciones en Argentina, Uruguay, Chile, Per\u00fa y M\u00e9xico. Pr\u00f3ximamente iniciar\u00e1 operaciones en Ecuador, Panam\u00e1 y Paraguay.<\/p>\n\n<div style=\"font-size: 0px; height: 0px; line-height: 0px; margin: 0; padding: 0; clear: both;\"><\/div><div style=\"margin-top: 0px; margin-bottom: 0px;\" class=\"sharethis-inline-share-buttons\" ><\/div>","protected":false},"excerpt":{"rendered":"<p>Existe una estrecha relaci\u00f3n entre la luz natural y la salud f\u00edsica y emocional de una persona&#8230;<\/p>\n","protected":false},"author":1,"featured_media":8719,"comment_status":"closed","ping_status":"closed","sticky":false,"template":"","format":"standard","meta":{"_uag_custom_page_level_css":"","footnotes":""},"categories":[72,74],"tags":[1362,527,1294,1293,301,2378,255,1292],"class_list":["post-8718","post","type-post","status-publish","format-standard","has-post-thumbnail","hentry","category-articulos","category-notas-arquitectura","tag-arquitectura-corporativa-2","tag-contract","tag-diseno-de-oficinas","tag-espacios-de-trabajo","tag-iluminacion","tag-luz-natural","tag-oficinas","tag-workplaces","generate-columns","tablet-grid-50","mobile-grid-100","grid-parent","grid-50"],"yoast_head":"<!-- This site is optimized with the Yoast SEO plugin v27.3 - https:\/\/yoast.com\/product\/yoast-seo-wordpress\/ -->\n<title>Los beneficios de la luz natural en los espacios de trabajo - Arquimaster<\/title>\n<meta name=\"robots\" content=\"index, follow, max-snippet:-1, max-image-preview:large, max-video-preview:-1\" \/>\n<link rel=\"canonical\" href=\"https:\/\/www.arquimaster.com.ar\/web\/los-beneficios-de-la-luz-natural-en-los-espacios-de-trabajo\/\" \/>\n<meta property=\"og:locale\" content=\"es_ES\" \/>\n<meta property=\"og:type\" content=\"article\" \/>\n<meta property=\"og:title\" content=\"Los beneficios de la luz natural en los espacios de trabajo - Arquimaster\" \/>\n<meta property=\"og:description\" content=\"Existe una estrecha relaci\u00f3n entre la luz natural y la salud f\u00edsica y emocional de una persona...\" \/>\n<meta property=\"og:url\" content=\"https:\/\/www.arquimaster.com.ar\/web\/los-beneficios-de-la-luz-natural-en-los-espacios-de-trabajo\/\" \/>\n<meta property=\"og:site_name\" content=\"Arquimaster\" \/>\n<meta property=\"article:publisher\" content=\"http:\/\/www.facebook.com\/ARQUIMASTER.com.ar\" \/>\n<meta property=\"article:published_time\" content=\"2014-07-27T16:01:03+00:00\" \/>\n<meta property=\"article:modified_time\" content=\"2026-03-27T23:29:11+00:00\" \/>\n<meta property=\"og:image\" content=\"https:\/\/www.arquimaster.com.ar\/web\/wp-content\/uploads\/2014\/07\/luz_natural_oficinas_slide.jpg\" \/>\n\t<meta property=\"og:image:width\" content=\"642\" \/>\n\t<meta property=\"og:image:height\" content=\"336\" \/>\n\t<meta property=\"og:image:type\" content=\"image\/jpeg\" \/>\n<meta name=\"author\" content=\"Arquimaster\" \/>\n<meta name=\"twitter:card\" content=\"summary_large_image\" \/>\n<meta name=\"twitter:creator\" content=\"@arquimaster\" \/>\n<meta name=\"twitter:site\" content=\"@arquimaster\" \/>\n<meta name=\"twitter:label1\" content=\"Escrito por\" \/>\n\t<meta name=\"twitter:data1\" content=\"Arquimaster\" \/>\n\t<meta name=\"twitter:label2\" content=\"Tiempo de lectura\" \/>\n\t<meta name=\"twitter:data2\" content=\"3 minutos\" \/>\n<script type=\"application\/ld+json\" class=\"yoast-schema-graph\">{\"@context\":\"https:\\\/\\\/schema.org\",\"@graph\":[{\"@type\":\"Article\",\"@id\":\"https:\\\/\\\/www.arquimaster.com.ar\\\/web\\\/los-beneficios-de-la-luz-natural-en-los-espacios-de-trabajo\\\/#article\",\"isPartOf\":{\"@id\":\"https:\\\/\\\/www.arquimaster.com.ar\\\/web\\\/los-beneficios-de-la-luz-natural-en-los-espacios-de-trabajo\\\/\"},\"author\":{\"name\":\"Arquimaster\",\"@id\":\"https:\\\/\\\/www.arquimaster.com.ar\\\/web\\\/#\\\/schema\\\/person\\\/359e9f7c00193fcde068e0dd2ceb0028\"},\"headline\":\"Los beneficios de la luz natural en los espacios de trabajo\",\"datePublished\":\"2014-07-27T16:01:03+00:00\",\"dateModified\":\"2026-03-27T23:29:11+00:00\",\"mainEntityOfPage\":{\"@id\":\"https:\\\/\\\/www.arquimaster.com.ar\\\/web\\\/los-beneficios-de-la-luz-natural-en-los-espacios-de-trabajo\\\/\"},\"wordCount\":634,\"publisher\":{\"@id\":\"https:\\\/\\\/www.arquimaster.com.ar\\\/web\\\/#organization\"},\"image\":{\"@id\":\"https:\\\/\\\/www.arquimaster.com.ar\\\/web\\\/los-beneficios-de-la-luz-natural-en-los-espacios-de-trabajo\\\/#primaryimage\"},\"thumbnailUrl\":\"https:\\\/\\\/www.arquimaster.com.ar\\\/web\\\/wp-content\\\/uploads\\\/2014\\\/07\\\/luz_natural_oficinas_slide.jpg\",\"keywords\":[\"arquitectura corporativa\",\"Contract\",\"dise\u00f1o de oficinas\",\"espacios de trabajo\",\"iluminacion\",\"luz natural\",\"oficinas\",\"workplaces\"],\"articleSection\":[\"Articulos\",\"Temas de arquitectura y dise\u00f1o\"],\"inLanguage\":\"es\"},{\"@type\":\"WebPage\",\"@id\":\"https:\\\/\\\/www.arquimaster.com.ar\\\/web\\\/los-beneficios-de-la-luz-natural-en-los-espacios-de-trabajo\\\/\",\"url\":\"https:\\\/\\\/www.arquimaster.com.ar\\\/web\\\/los-beneficios-de-la-luz-natural-en-los-espacios-de-trabajo\\\/\",\"name\":\"Los beneficios de la luz natural en los espacios de trabajo - Arquimaster\",\"isPartOf\":{\"@id\":\"https:\\\/\\\/www.arquimaster.com.ar\\\/web\\\/#website\"},\"primaryImageOfPage\":{\"@id\":\"https:\\\/\\\/www.arquimaster.com.ar\\\/web\\\/los-beneficios-de-la-luz-natural-en-los-espacios-de-trabajo\\\/#primaryimage\"},\"image\":{\"@id\":\"https:\\\/\\\/www.arquimaster.com.ar\\\/web\\\/los-beneficios-de-la-luz-natural-en-los-espacios-de-trabajo\\\/#primaryimage\"},\"thumbnailUrl\":\"https:\\\/\\\/www.arquimaster.com.ar\\\/web\\\/wp-content\\\/uploads\\\/2014\\\/07\\\/luz_natural_oficinas_slide.jpg\",\"datePublished\":\"2014-07-27T16:01:03+00:00\",\"dateModified\":\"2026-03-27T23:29:11+00:00\",\"breadcrumb\":{\"@id\":\"https:\\\/\\\/www.arquimaster.com.ar\\\/web\\\/los-beneficios-de-la-luz-natural-en-los-espacios-de-trabajo\\\/#breadcrumb\"},\"inLanguage\":\"es\",\"potentialAction\":[{\"@type\":\"ReadAction\",\"target\":[\"https:\\\/\\\/www.arquimaster.com.ar\\\/web\\\/los-beneficios-de-la-luz-natural-en-los-espacios-de-trabajo\\\/\"]}]},{\"@type\":\"ImageObject\",\"inLanguage\":\"es\",\"@id\":\"https:\\\/\\\/www.arquimaster.com.ar\\\/web\\\/los-beneficios-de-la-luz-natural-en-los-espacios-de-trabajo\\\/#primaryimage\",\"url\":\"https:\\\/\\\/www.arquimaster.com.ar\\\/web\\\/wp-content\\\/uploads\\\/2014\\\/07\\\/luz_natural_oficinas_slide.jpg\",\"contentUrl\":\"https:\\\/\\\/www.arquimaster.com.ar\\\/web\\\/wp-content\\\/uploads\\\/2014\\\/07\\\/luz_natural_oficinas_slide.jpg\",\"width\":642,\"height\":336},{\"@type\":\"BreadcrumbList\",\"@id\":\"https:\\\/\\\/www.arquimaster.com.ar\\\/web\\\/los-beneficios-de-la-luz-natural-en-los-espacios-de-trabajo\\\/#breadcrumb\",\"itemListElement\":[{\"@type\":\"ListItem\",\"position\":1,\"name\":\"Portada\",\"item\":\"https:\\\/\\\/www.arquimaster.com.ar\\\/web\\\/\"},{\"@type\":\"ListItem\",\"position\":2,\"name\":\"Los beneficios de la luz natural en los espacios de trabajo\"}]},{\"@type\":\"WebSite\",\"@id\":\"https:\\\/\\\/www.arquimaster.com.ar\\\/web\\\/#website\",\"url\":\"https:\\\/\\\/www.arquimaster.com.ar\\\/web\\\/\",\"name\":\"Arquimaster\",\"description\":\"Web de arquitectura, dise\u00f1o y construccion\",\"publisher\":{\"@id\":\"https:\\\/\\\/www.arquimaster.com.ar\\\/web\\\/#organization\"},\"potentialAction\":[{\"@type\":\"SearchAction\",\"target\":{\"@type\":\"EntryPoint\",\"urlTemplate\":\"https:\\\/\\\/www.arquimaster.com.ar\\\/web\\\/?s={search_term_string}\"},\"query-input\":{\"@type\":\"PropertyValueSpecification\",\"valueRequired\":true,\"valueName\":\"search_term_string\"}}],\"inLanguage\":\"es\"},{\"@type\":\"Organization\",\"@id\":\"https:\\\/\\\/www.arquimaster.com.ar\\\/web\\\/#organization\",\"name\":\"Arquimaster\",\"url\":\"https:\\\/\\\/www.arquimaster.com.ar\\\/web\\\/\",\"logo\":{\"@type\":\"ImageObject\",\"inLanguage\":\"es\",\"@id\":\"https:\\\/\\\/www.arquimaster.com.ar\\\/web\\\/#\\\/schema\\\/logo\\\/image\\\/\",\"url\":\"https:\\\/\\\/www.arquimaster.com.ar\\\/web\\\/wp-content\\\/uploads\\\/2022\\\/06\\\/arquimaster.png\",\"contentUrl\":\"https:\\\/\\\/www.arquimaster.com.ar\\\/web\\\/wp-content\\\/uploads\\\/2022\\\/06\\\/arquimaster.png\",\"width\":594,\"height\":78,\"caption\":\"Arquimaster\"},\"image\":{\"@id\":\"https:\\\/\\\/www.arquimaster.com.ar\\\/web\\\/#\\\/schema\\\/logo\\\/image\\\/\"},\"sameAs\":[\"http:\\\/\\\/www.facebook.com\\\/ARQUIMASTER.com.ar\",\"https:\\\/\\\/x.com\\\/arquimaster\",\"https:\\\/\\\/www.instagram.com\\\/arquimasterblog\\\/\",\"https:\\\/\\\/www.linkedin.com\\\/company\\\/arquimaster\",\"https:\\\/\\\/www.pinterest.com\\\/arquimaster\",\"https:\\\/\\\/t.me\\\/arquimaster\"]},{\"@type\":\"Person\",\"@id\":\"https:\\\/\\\/www.arquimaster.com.ar\\\/web\\\/#\\\/schema\\\/person\\\/359e9f7c00193fcde068e0dd2ceb0028\",\"name\":\"Arquimaster\"}]}<\/script>\n<!-- \/ Yoast SEO plugin. -->","yoast_head_json":{"title":"Los beneficios de la luz natural en los espacios de trabajo - Arquimaster","robots":{"index":"index","follow":"follow","max-snippet":"max-snippet:-1","max-image-preview":"max-image-preview:large","max-video-preview":"max-video-preview:-1"},"canonical":"https:\/\/www.arquimaster.com.ar\/web\/los-beneficios-de-la-luz-natural-en-los-espacios-de-trabajo\/","og_locale":"es_ES","og_type":"article","og_title":"Los beneficios de la luz natural en los espacios de trabajo - Arquimaster","og_description":"Existe una estrecha relaci\u00f3n entre la luz natural y la salud f\u00edsica y emocional de una persona...","og_url":"https:\/\/www.arquimaster.com.ar\/web\/los-beneficios-de-la-luz-natural-en-los-espacios-de-trabajo\/","og_site_name":"Arquimaster","article_publisher":"http:\/\/www.facebook.com\/ARQUIMASTER.com.ar","article_published_time":"2014-07-27T16:01:03+00:00","article_modified_time":"2026-03-27T23:29:11+00:00","og_image":[{"width":642,"height":336,"url":"https:\/\/www.arquimaster.com.ar\/web\/wp-content\/uploads\/2014\/07\/luz_natural_oficinas_slide.jpg","type":"image\/jpeg"}],"author":"Arquimaster","twitter_card":"summary_large_image","twitter_creator":"@arquimaster","twitter_site":"@arquimaster","twitter_misc":{"Escrito por":"Arquimaster","Tiempo de lectura":"3 minutos"},"schema":{"@context":"https:\/\/schema.org","@graph":[{"@type":"Article","@id":"https:\/\/www.arquimaster.com.ar\/web\/los-beneficios-de-la-luz-natural-en-los-espacios-de-trabajo\/#article","isPartOf":{"@id":"https:\/\/www.arquimaster.com.ar\/web\/los-beneficios-de-la-luz-natural-en-los-espacios-de-trabajo\/"},"author":{"name":"Arquimaster","@id":"https:\/\/www.arquimaster.com.ar\/web\/#\/schema\/person\/359e9f7c00193fcde068e0dd2ceb0028"},"headline":"Los beneficios de la luz natural en los espacios de trabajo","datePublished":"2014-07-27T16:01:03+00:00","dateModified":"2026-03-27T23:29:11+00:00","mainEntityOfPage":{"@id":"https:\/\/www.arquimaster.com.ar\/web\/los-beneficios-de-la-luz-natural-en-los-espacios-de-trabajo\/"},"wordCount":634,"publisher":{"@id":"https:\/\/www.arquimaster.com.ar\/web\/#organization"},"image":{"@id":"https:\/\/www.arquimaster.com.ar\/web\/los-beneficios-de-la-luz-natural-en-los-espacios-de-trabajo\/#primaryimage"},"thumbnailUrl":"https:\/\/www.arquimaster.com.ar\/web\/wp-content\/uploads\/2014\/07\/luz_natural_oficinas_slide.jpg","keywords":["arquitectura corporativa","Contract","dise\u00f1o de oficinas","espacios de trabajo","iluminacion","luz natural","oficinas","workplaces"],"articleSection":["Articulos","Temas de arquitectura y dise\u00f1o"],"inLanguage":"es"},{"@type":"WebPage","@id":"https:\/\/www.arquimaster.com.ar\/web\/los-beneficios-de-la-luz-natural-en-los-espacios-de-trabajo\/","url":"https:\/\/www.arquimaster.com.ar\/web\/los-beneficios-de-la-luz-natural-en-los-espacios-de-trabajo\/","name":"Los beneficios de la luz natural en los espacios de trabajo - Arquimaster","isPartOf":{"@id":"https:\/\/www.arquimaster.com.ar\/web\/#website"},"primaryImageOfPage":{"@id":"https:\/\/www.arquimaster.com.ar\/web\/los-beneficios-de-la-luz-natural-en-los-espacios-de-trabajo\/#primaryimage"},"image":{"@id":"https:\/\/www.arquimaster.com.ar\/web\/los-beneficios-de-la-luz-natural-en-los-espacios-de-trabajo\/#primaryimage"},"thumbnailUrl":"https:\/\/www.arquimaster.com.ar\/web\/wp-content\/uploads\/2014\/07\/luz_natural_oficinas_slide.jpg","datePublished":"2014-07-27T16:01:03+00:00","dateModified":"2026-03-27T23:29:11+00:00","breadcrumb":{"@id":"https:\/\/www.arquimaster.com.ar\/web\/los-beneficios-de-la-luz-natural-en-los-espacios-de-trabajo\/#breadcrumb"},"inLanguage":"es","potentialAction":[{"@type":"ReadAction","target":["https:\/\/www.arquimaster.com.ar\/web\/los-beneficios-de-la-luz-natural-en-los-espacios-de-trabajo\/"]}]},{"@type":"ImageObject","inLanguage":"es","@id":"https:\/\/www.arquimaster.com.ar\/web\/los-beneficios-de-la-luz-natural-en-los-espacios-de-trabajo\/#primaryimage","url":"https:\/\/www.arquimaster.com.ar\/web\/wp-content\/uploads\/2014\/07\/luz_natural_oficinas_slide.jpg","contentUrl":"https:\/\/www.arquimaster.com.ar\/web\/wp-content\/uploads\/2014\/07\/luz_natural_oficinas_slide.jpg","width":642,"height":336},{"@type":"BreadcrumbList","@id":"https:\/\/www.arquimaster.com.ar\/web\/los-beneficios-de-la-luz-natural-en-los-espacios-de-trabajo\/#breadcrumb","itemListElement":[{"@type":"ListItem","position":1,"name":"Portada","item":"https:\/\/www.arquimaster.com.ar\/web\/"},{"@type":"ListItem","position":2,"name":"Los beneficios de la luz natural en los espacios de trabajo"}]},{"@type":"WebSite","@id":"https:\/\/www.arquimaster.com.ar\/web\/#website","url":"https:\/\/www.arquimaster.com.ar\/web\/","name":"Arquimaster","description":"Web de arquitectura, dise\u00f1o y construccion","publisher":{"@id":"https:\/\/www.arquimaster.com.ar\/web\/#organization"},"potentialAction":[{"@type":"SearchAction","target":{"@type":"EntryPoint","urlTemplate":"https:\/\/www.arquimaster.com.ar\/web\/?s={search_term_string}"},"query-input":{"@type":"PropertyValueSpecification","valueRequired":true,"valueName":"search_term_string"}}],"inLanguage":"es"},{"@type":"Organization","@id":"https:\/\/www.arquimaster.com.ar\/web\/#organization","name":"Arquimaster","url":"https:\/\/www.arquimaster.com.ar\/web\/","logo":{"@type":"ImageObject","inLanguage":"es","@id":"https:\/\/www.arquimaster.com.ar\/web\/#\/schema\/logo\/image\/","url":"https:\/\/www.arquimaster.com.ar\/web\/wp-content\/uploads\/2022\/06\/arquimaster.png","contentUrl":"https:\/\/www.arquimaster.com.ar\/web\/wp-content\/uploads\/2022\/06\/arquimaster.png","width":594,"height":78,"caption":"Arquimaster"},"image":{"@id":"https:\/\/www.arquimaster.com.ar\/web\/#\/schema\/logo\/image\/"},"sameAs":["http:\/\/www.facebook.com\/ARQUIMASTER.com.ar","https:\/\/x.com\/arquimaster","https:\/\/www.instagram.com\/arquimasterblog\/","https:\/\/www.linkedin.com\/company\/arquimaster","https:\/\/www.pinterest.com\/arquimaster","https:\/\/t.me\/arquimaster"]},{"@type":"Person","@id":"https:\/\/www.arquimaster.com.ar\/web\/#\/schema\/person\/359e9f7c00193fcde068e0dd2ceb0028","name":"Arquimaster"}]}},"uagb_featured_image_src":{"full":["https:\/\/www.arquimaster.com.ar\/web\/wp-content\/uploads\/2014\/07\/luz_natural_oficinas_slide.jpg",642,336,false],"thumbnail":["https:\/\/www.arquimaster.com.ar\/web\/wp-content\/uploads\/2014\/07\/luz_natural_oficinas_slide-150x150.jpg",150,150,true],"medium":["https:\/\/www.arquimaster.com.ar\/web\/wp-content\/uploads\/2014\/07\/luz_natural_oficinas_slide-300x157.jpg",300,157,true],"medium_large":["https:\/\/www.arquimaster.com.ar\/web\/wp-content\/uploads\/2014\/07\/luz_natural_oficinas_slide.jpg",642,336,false],"large":["https:\/\/www.arquimaster.com.ar\/web\/wp-content\/uploads\/2014\/07\/luz_natural_oficinas_slide.jpg",642,336,false],"1536x1536":["https:\/\/www.arquimaster.com.ar\/web\/wp-content\/uploads\/2014\/07\/luz_natural_oficinas_slide.jpg",642,336,false],"2048x2048":["https:\/\/www.arquimaster.com.ar\/web\/wp-content\/uploads\/2014\/07\/luz_natural_oficinas_slide.jpg",642,336,false]},"uagb_author_info":{"display_name":"Arquimaster","author_link":"https:\/\/www.arquimaster.com.ar\/web\/author\/arquimaster\/"},"uagb_comment_info":0,"uagb_excerpt":"Existe una estrecha relaci\u00f3n entre la luz natural y la salud f\u00edsica y emocional de una persona...","_links":{"self":[{"href":"https:\/\/www.arquimaster.com.ar\/web\/wp-json\/wp\/v2\/posts\/8718","targetHints":{"allow":["GET"]}}],"collection":[{"href":"https:\/\/www.arquimaster.com.ar\/web\/wp-json\/wp\/v2\/posts"}],"about":[{"href":"https:\/\/www.arquimaster.com.ar\/web\/wp-json\/wp\/v2\/types\/post"}],"author":[{"embeddable":true,"href":"https:\/\/www.arquimaster.com.ar\/web\/wp-json\/wp\/v2\/users\/1"}],"replies":[{"embeddable":true,"href":"https:\/\/www.arquimaster.com.ar\/web\/wp-json\/wp\/v2\/comments?post=8718"}],"version-history":[{"count":2,"href":"https:\/\/www.arquimaster.com.ar\/web\/wp-json\/wp\/v2\/posts\/8718\/revisions"}],"predecessor-version":[{"id":87892,"href":"https:\/\/www.arquimaster.com.ar\/web\/wp-json\/wp\/v2\/posts\/8718\/revisions\/87892"}],"wp:featuredmedia":[{"embeddable":true,"href":"https:\/\/www.arquimaster.com.ar\/web\/wp-json\/wp\/v2\/media\/8719"}],"wp:attachment":[{"href":"https:\/\/www.arquimaster.com.ar\/web\/wp-json\/wp\/v2\/media?parent=8718"}],"wp:term":[{"taxonomy":"category","embeddable":true,"href":"https:\/\/www.arquimaster.com.ar\/web\/wp-json\/wp\/v2\/categories?post=8718"},{"taxonomy":"post_tag","embeddable":true,"href":"https:\/\/www.arquimaster.com.ar\/web\/wp-json\/wp\/v2\/tags?post=8718"}],"curies":[{"name":"wp","href":"https:\/\/api.w.org\/{rel}","templated":true}]}}