{"id":88472,"date":"2026-04-28T13:54:39","date_gmt":"2026-04-28T16:54:39","guid":{"rendered":"https:\/\/www.arquimaster.com.ar\/web\/?p=88472"},"modified":"2026-04-28T13:54:46","modified_gmt":"2026-04-28T16:54:46","slug":"casa-rg-pepe-ramirez","status":"publish","type":"post","link":"https:\/\/www.arquimaster.com.ar\/web\/casa-rg-pepe-ramirez\/","title":{"rendered":"Casa RG \/ Pepe Ram\u00edrez"},"content":{"rendered":"<div style=\"margin-top: 0px; margin-bottom: 0px;\" class=\"sharethis-inline-share-buttons\" ><\/div><div class=\"b812932af2e751442846f039925109de\" data-index=\"1\" style=\"float: none; margin:25px 0 25px 0; text-align:center;\">\n<script async src=\"https:\/\/pagead2.googlesyndication.com\/pagead\/js\/adsbygoogle.js\"><\/script>\r\n<!-- Arquimaster (superior) -->\r\n<ins class=\"adsbygoogle\"\r\n     style=\"display:block\"\r\n     data-ad-client=\"ca-pub-6351072698456832\"\r\n     data-ad-slot=\"6455489680\"\r\n     data-ad-format=\"auto\"\r\n     data-full-width-responsive=\"true\"><\/ins>\r\n<script>\r\n     (adsbygoogle = window.adsbygoogle || []).push({});\r\n<\/script>\n<\/div>\n<p><strong>Casa RG<\/strong> (Morelia, Michoac\u00e1n, M\u00e9xico) por <strong>Pepe Ram\u00edrez<\/strong>. Casa RG es un proyecto dise\u00f1ado para una persona joven que gusta del dise\u00f1o, el arte, el mobiliario de la \u00e9poca moderna y amante de los vinos, quien solicita una vivienda contempor\u00e1nea que rompa con los esquemas cl\u00e1sicos de vivienda establecidos en los fraccionamientos privados, en los que predomina la apariencia vac\u00eda sobre la esencia.<\/p>\n<div id='gallery-1' class='gallery galleryid-88472 gallery-columns-3 gallery-size-thumbnail'><figure class='gallery-item'>\n\t\t\t<div class='gallery-icon portrait'>\n\t\t\t\t<a href='https:\/\/www.arquimaster.com.ar\/web\/wp-content\/uploads\/2026\/04\/casa_rg_pepe_ramirez_01.jpg' title=\"Casa RG \/ Pepe Ram\u00edrez (\u00a9 C\u00e9sar Belio)\" data-rl_title=\"Casa RG \/ Pepe Ram\u00edrez (\u00a9 C\u00e9sar Belio)\" class=\"rl-gallery-link\" data-rl_caption=\"Casa RG \/ Pepe Ram\u00edrez (\u00a9 C\u00e9sar Belio)\" data-rel=\"lightbox-gallery-1\"><img loading=\"lazy\" decoding=\"async\" width=\"150\" height=\"150\" src=\"https:\/\/www.arquimaster.com.ar\/web\/wp-content\/uploads\/2026\/04\/casa_rg_pepe_ramirez_01-150x150.jpg\" class=\"attachment-thumbnail size-thumbnail\" alt=\"Casa RG \/ Pepe Ram\u00edrez\" aria-describedby=\"gallery-1-88474\" \/><\/a>\n\t\t\t<\/div>\n\t\t\t\t<figcaption class='wp-caption-text gallery-caption' id='gallery-1-88474'>\n\t\t\t\tCasa RG \/ Pepe Ram\u00edrez (\u00a9 C\u00e9sar Belio)\n\t\t\t\t<\/figcaption><\/figure><figure class='gallery-item'>\n\t\t\t<div class='gallery-icon portrait'>\n\t\t\t\t<a href='https:\/\/www.arquimaster.com.ar\/web\/wp-content\/uploads\/2026\/04\/casa_rg_pepe_ramirez_02.jpg' title=\"Casa RG \/ Pepe Ram\u00edrez (\u00a9 C\u00e9sar Belio)\" data-rl_title=\"Casa RG \/ Pepe Ram\u00edrez (\u00a9 C\u00e9sar Belio)\" class=\"rl-gallery-link\" data-rl_caption=\"Casa RG \/ Pepe Ram\u00edrez (\u00a9 C\u00e9sar Belio)\" data-rel=\"lightbox-gallery-1\"><img loading=\"lazy\" decoding=\"async\" width=\"150\" height=\"150\" src=\"https:\/\/www.arquimaster.com.ar\/web\/wp-content\/uploads\/2026\/04\/casa_rg_pepe_ramirez_02-150x150.jpg\" class=\"attachment-thumbnail size-thumbnail\" alt=\"Casa RG \/ Pepe Ram\u00edrez\" aria-describedby=\"gallery-1-88475\" \/><\/a>\n\t\t\t<\/div>\n\t\t\t\t<figcaption class='wp-caption-text gallery-caption' id='gallery-1-88475'>\n\t\t\t\tCasa RG \/ Pepe Ram\u00edrez (\u00a9 C\u00e9sar Belio)\n\t\t\t\t<\/figcaption><\/figure><figure class='gallery-item'>\n\t\t\t<div class='gallery-icon portrait'>\n\t\t\t\t<a href='https:\/\/www.arquimaster.com.ar\/web\/wp-content\/uploads\/2026\/04\/casa_rg_pepe_ramirez_03.jpg' title=\"Casa RG \/ Pepe Ram\u00edrez (\u00a9 C\u00e9sar Belio)\" data-rl_title=\"Casa RG \/ Pepe Ram\u00edrez (\u00a9 C\u00e9sar Belio)\" class=\"rl-gallery-link\" data-rl_caption=\"Casa RG \/ Pepe Ram\u00edrez (\u00a9 C\u00e9sar Belio)\" data-rel=\"lightbox-gallery-1\"><img loading=\"lazy\" decoding=\"async\" width=\"150\" height=\"150\" src=\"https:\/\/www.arquimaster.com.ar\/web\/wp-content\/uploads\/2026\/04\/casa_rg_pepe_ramirez_03-150x150.jpg\" class=\"attachment-thumbnail size-thumbnail\" alt=\"Casa RG \/ Pepe Ram\u00edrez\" aria-describedby=\"gallery-1-88476\" \/><\/a>\n\t\t\t<\/div>\n\t\t\t\t<figcaption class='wp-caption-text gallery-caption' id='gallery-1-88476'>\n\t\t\t\tCasa RG \/ Pepe Ram\u00edrez (\u00a9 C\u00e9sar Belio)\n\t\t\t\t<\/figcaption><\/figure><figure class='gallery-item'>\n\t\t\t<div class='gallery-icon portrait'>\n\t\t\t\t<a href='https:\/\/www.arquimaster.com.ar\/web\/wp-content\/uploads\/2026\/04\/casa_rg_pepe_ramirez_04.jpg' title=\"Casa RG \/ Pepe Ram\u00edrez (\u00a9 C\u00e9sar Belio)\" data-rl_title=\"Casa RG \/ Pepe Ram\u00edrez (\u00a9 C\u00e9sar Belio)\" class=\"rl-gallery-link\" data-rl_caption=\"Casa RG \/ Pepe Ram\u00edrez (\u00a9 C\u00e9sar Belio)\" data-rel=\"lightbox-gallery-1\"><img loading=\"lazy\" decoding=\"async\" width=\"150\" height=\"150\" src=\"https:\/\/www.arquimaster.com.ar\/web\/wp-content\/uploads\/2026\/04\/casa_rg_pepe_ramirez_04-150x150.jpg\" class=\"attachment-thumbnail size-thumbnail\" alt=\"Casa RG \/ Pepe Ram\u00edrez\" aria-describedby=\"gallery-1-88477\" \/><\/a>\n\t\t\t<\/div>\n\t\t\t\t<figcaption class='wp-caption-text gallery-caption' id='gallery-1-88477'>\n\t\t\t\tCasa RG \/ Pepe Ram\u00edrez (\u00a9 C\u00e9sar Belio)\n\t\t\t\t<\/figcaption><\/figure><figure class='gallery-item'>\n\t\t\t<div class='gallery-icon portrait'>\n\t\t\t\t<a href='https:\/\/www.arquimaster.com.ar\/web\/wp-content\/uploads\/2026\/04\/casa_rg_pepe_ramirez_05.jpg' title=\"Casa RG \/ Pepe Ram\u00edrez (\u00a9 C\u00e9sar Belio)\" data-rl_title=\"Casa RG \/ Pepe Ram\u00edrez (\u00a9 C\u00e9sar Belio)\" class=\"rl-gallery-link\" data-rl_caption=\"Casa RG \/ Pepe Ram\u00edrez (\u00a9 C\u00e9sar Belio)\" data-rel=\"lightbox-gallery-1\"><img loading=\"lazy\" decoding=\"async\" width=\"150\" height=\"150\" src=\"https:\/\/www.arquimaster.com.ar\/web\/wp-content\/uploads\/2026\/04\/casa_rg_pepe_ramirez_05-150x150.jpg\" class=\"attachment-thumbnail size-thumbnail\" alt=\"Casa RG \/ Pepe Ram\u00edrez\" aria-describedby=\"gallery-1-88478\" \/><\/a>\n\t\t\t<\/div>\n\t\t\t\t<figcaption class='wp-caption-text gallery-caption' id='gallery-1-88478'>\n\t\t\t\tCasa RG \/ Pepe Ram\u00edrez (\u00a9 C\u00e9sar Belio)\n\t\t\t\t<\/figcaption><\/figure><figure class='gallery-item'>\n\t\t\t<div class='gallery-icon portrait'>\n\t\t\t\t<a href='https:\/\/www.arquimaster.com.ar\/web\/wp-content\/uploads\/2026\/04\/casa_rg_pepe_ramirez_06.jpg' title=\"Casa RG \/ Pepe Ram\u00edrez (\u00a9 C\u00e9sar Belio)\" data-rl_title=\"Casa RG \/ Pepe Ram\u00edrez (\u00a9 C\u00e9sar Belio)\" class=\"rl-gallery-link\" data-rl_caption=\"Casa RG \/ Pepe Ram\u00edrez (\u00a9 C\u00e9sar Belio)\" data-rel=\"lightbox-gallery-1\"><img loading=\"lazy\" decoding=\"async\" width=\"150\" height=\"150\" src=\"https:\/\/www.arquimaster.com.ar\/web\/wp-content\/uploads\/2026\/04\/casa_rg_pepe_ramirez_06-150x150.jpg\" class=\"attachment-thumbnail size-thumbnail\" alt=\"Casa RG \/ Pepe Ram\u00edrez\" aria-describedby=\"gallery-1-88479\" \/><\/a>\n\t\t\t<\/div>\n\t\t\t\t<figcaption class='wp-caption-text gallery-caption' id='gallery-1-88479'>\n\t\t\t\tCasa RG \/ Pepe Ram\u00edrez (\u00a9 C\u00e9sar Belio)\n\t\t\t\t<\/figcaption><\/figure><figure class='gallery-item'>\n\t\t\t<div class='gallery-icon portrait'>\n\t\t\t\t<a href='https:\/\/www.arquimaster.com.ar\/web\/wp-content\/uploads\/2026\/04\/casa_rg_pepe_ramirez_07.jpg' title=\"Casa RG \/ Pepe Ram\u00edrez (\u00a9 C\u00e9sar Belio)\" data-rl_title=\"Casa RG \/ Pepe Ram\u00edrez (\u00a9 C\u00e9sar Belio)\" class=\"rl-gallery-link\" data-rl_caption=\"Casa RG \/ Pepe Ram\u00edrez (\u00a9 C\u00e9sar Belio)\" data-rel=\"lightbox-gallery-1\"><img loading=\"lazy\" decoding=\"async\" width=\"150\" height=\"150\" src=\"https:\/\/www.arquimaster.com.ar\/web\/wp-content\/uploads\/2026\/04\/casa_rg_pepe_ramirez_07-150x150.jpg\" class=\"attachment-thumbnail size-thumbnail\" alt=\"Casa RG \/ Pepe Ram\u00edrez\" aria-describedby=\"gallery-1-88480\" \/><\/a>\n\t\t\t<\/div>\n\t\t\t\t<figcaption class='wp-caption-text gallery-caption' id='gallery-1-88480'>\n\t\t\t\tCasa RG \/ Pepe Ram\u00edrez (\u00a9 C\u00e9sar Belio)\n\t\t\t\t<\/figcaption><\/figure><figure class='gallery-item'>\n\t\t\t<div class='gallery-icon landscape'>\n\t\t\t\t<a href='https:\/\/www.arquimaster.com.ar\/web\/wp-content\/uploads\/2026\/04\/casa_rg_pepe_ramirez_08.jpg' title=\"Casa RG \/ Pepe Ram\u00edrez (\u00a9 C\u00e9sar Belio)\" data-rl_title=\"Casa RG \/ Pepe Ram\u00edrez (\u00a9 C\u00e9sar Belio)\" class=\"rl-gallery-link\" data-rl_caption=\"Casa RG \/ Pepe Ram\u00edrez (\u00a9 C\u00e9sar Belio)\" data-rel=\"lightbox-gallery-1\"><img loading=\"lazy\" decoding=\"async\" width=\"150\" height=\"150\" src=\"https:\/\/www.arquimaster.com.ar\/web\/wp-content\/uploads\/2026\/04\/casa_rg_pepe_ramirez_08-150x150.jpg\" class=\"attachment-thumbnail size-thumbnail\" alt=\"Casa RG \/ Pepe Ram\u00edrez\" aria-describedby=\"gallery-1-88481\" \/><\/a>\n\t\t\t<\/div>\n\t\t\t\t<figcaption class='wp-caption-text gallery-caption' id='gallery-1-88481'>\n\t\t\t\tCasa RG \/ Pepe Ram\u00edrez (\u00a9 C\u00e9sar Belio)\n\t\t\t\t<\/figcaption><\/figure><figure class='gallery-item'>\n\t\t\t<div class='gallery-icon landscape'>\n\t\t\t\t<a href='https:\/\/www.arquimaster.com.ar\/web\/wp-content\/uploads\/2026\/04\/casa_rg_pepe_ramirez_09.jpg' title=\"Casa RG \/ Pepe Ram\u00edrez (\u00a9 C\u00e9sar Belio)\" data-rl_title=\"Casa RG \/ Pepe Ram\u00edrez (\u00a9 C\u00e9sar Belio)\" class=\"rl-gallery-link\" data-rl_caption=\"Casa RG \/ Pepe Ram\u00edrez (\u00a9 C\u00e9sar Belio)\" data-rel=\"lightbox-gallery-1\"><img loading=\"lazy\" decoding=\"async\" width=\"150\" height=\"150\" src=\"https:\/\/www.arquimaster.com.ar\/web\/wp-content\/uploads\/2026\/04\/casa_rg_pepe_ramirez_09-150x150.jpg\" class=\"attachment-thumbnail size-thumbnail\" alt=\"Casa RG \/ Pepe Ram\u00edrez\" aria-describedby=\"gallery-1-88482\" \/><\/a>\n\t\t\t<\/div>\n\t\t\t\t<figcaption class='wp-caption-text gallery-caption' id='gallery-1-88482'>\n\t\t\t\tCasa RG \/ Pepe Ram\u00edrez (\u00a9 C\u00e9sar Belio)\n\t\t\t\t<\/figcaption><\/figure><figure class='gallery-item'>\n\t\t\t<div class='gallery-icon portrait'>\n\t\t\t\t<a href='https:\/\/www.arquimaster.com.ar\/web\/wp-content\/uploads\/2026\/04\/casa_rg_pepe_ramirez_010.jpg' title=\"Casa RG \/ Pepe Ram\u00edrez (\u00a9 C\u00e9sar Belio)\" data-rl_title=\"Casa RG \/ Pepe Ram\u00edrez (\u00a9 C\u00e9sar Belio)\" class=\"rl-gallery-link\" data-rl_caption=\"Casa RG \/ Pepe Ram\u00edrez (\u00a9 C\u00e9sar Belio)\" data-rel=\"lightbox-gallery-1\"><img loading=\"lazy\" decoding=\"async\" width=\"150\" height=\"150\" src=\"https:\/\/www.arquimaster.com.ar\/web\/wp-content\/uploads\/2026\/04\/casa_rg_pepe_ramirez_010-150x150.jpg\" class=\"attachment-thumbnail size-thumbnail\" alt=\"Casa RG \/ Pepe Ram\u00edrez\" aria-describedby=\"gallery-1-88483\" \/><\/a>\n\t\t\t<\/div>\n\t\t\t\t<figcaption class='wp-caption-text gallery-caption' id='gallery-1-88483'>\n\t\t\t\tCasa RG \/ Pepe Ram\u00edrez (\u00a9 C\u00e9sar Belio)\n\t\t\t\t<\/figcaption><\/figure><figure class='gallery-item'>\n\t\t\t<div class='gallery-icon portrait'>\n\t\t\t\t<a href='https:\/\/www.arquimaster.com.ar\/web\/wp-content\/uploads\/2026\/04\/casa_rg_pepe_ramirez_011.jpg' title=\"Casa RG \/ Pepe Ram\u00edrez (\u00a9 C\u00e9sar Belio)\" data-rl_title=\"Casa RG \/ Pepe Ram\u00edrez (\u00a9 C\u00e9sar Belio)\" class=\"rl-gallery-link\" data-rl_caption=\"Casa RG \/ Pepe Ram\u00edrez (\u00a9 C\u00e9sar Belio)\" data-rel=\"lightbox-gallery-1\"><img loading=\"lazy\" decoding=\"async\" width=\"150\" height=\"150\" src=\"https:\/\/www.arquimaster.com.ar\/web\/wp-content\/uploads\/2026\/04\/casa_rg_pepe_ramirez_011-150x150.jpg\" class=\"attachment-thumbnail size-thumbnail\" alt=\"Casa RG \/ Pepe Ram\u00edrez\" aria-describedby=\"gallery-1-88484\" \/><\/a>\n\t\t\t<\/div>\n\t\t\t\t<figcaption class='wp-caption-text gallery-caption' id='gallery-1-88484'>\n\t\t\t\tCasa RG \/ Pepe Ram\u00edrez (\u00a9 C\u00e9sar Belio)\n\t\t\t\t<\/figcaption><\/figure><figure class='gallery-item'>\n\t\t\t<div class='gallery-icon portrait'>\n\t\t\t\t<a href='https:\/\/www.arquimaster.com.ar\/web\/wp-content\/uploads\/2026\/04\/casa_rg_pepe_ramirez_012.jpg' title=\"Casa RG \/ Pepe Ram\u00edrez (\u00a9 C\u00e9sar Belio)\" data-rl_title=\"Casa RG \/ Pepe Ram\u00edrez (\u00a9 C\u00e9sar Belio)\" class=\"rl-gallery-link\" data-rl_caption=\"Casa RG \/ Pepe Ram\u00edrez (\u00a9 C\u00e9sar Belio)\" data-rel=\"lightbox-gallery-1\"><img loading=\"lazy\" decoding=\"async\" width=\"150\" height=\"150\" src=\"https:\/\/www.arquimaster.com.ar\/web\/wp-content\/uploads\/2026\/04\/casa_rg_pepe_ramirez_012-150x150.jpg\" class=\"attachment-thumbnail size-thumbnail\" alt=\"Casa RG \/ Pepe Ram\u00edrez\" aria-describedby=\"gallery-1-88485\" \/><\/a>\n\t\t\t<\/div>\n\t\t\t\t<figcaption class='wp-caption-text gallery-caption' id='gallery-1-88485'>\n\t\t\t\tCasa RG \/ Pepe Ram\u00edrez (\u00a9 C\u00e9sar Belio)\n\t\t\t\t<\/figcaption><\/figure><figure class='gallery-item'>\n\t\t\t<div class='gallery-icon portrait'>\n\t\t\t\t<a href='https:\/\/www.arquimaster.com.ar\/web\/wp-content\/uploads\/2026\/04\/casa_rg_pepe_ramirez_013.jpg' title=\"Casa RG \/ Pepe Ram\u00edrez (\u00a9 C\u00e9sar Belio)\" data-rl_title=\"Casa RG \/ Pepe Ram\u00edrez (\u00a9 C\u00e9sar Belio)\" class=\"rl-gallery-link\" data-rl_caption=\"Casa RG \/ Pepe Ram\u00edrez (\u00a9 C\u00e9sar Belio)\" data-rel=\"lightbox-gallery-1\"><img loading=\"lazy\" decoding=\"async\" width=\"150\" height=\"150\" src=\"https:\/\/www.arquimaster.com.ar\/web\/wp-content\/uploads\/2026\/04\/casa_rg_pepe_ramirez_013-150x150.jpg\" class=\"attachment-thumbnail size-thumbnail\" alt=\"Casa RG \/ Pepe Ram\u00edrez\" aria-describedby=\"gallery-1-88486\" \/><\/a>\n\t\t\t<\/div>\n\t\t\t\t<figcaption class='wp-caption-text gallery-caption' id='gallery-1-88486'>\n\t\t\t\tCasa RG \/ Pepe Ram\u00edrez (\u00a9 C\u00e9sar Belio)\n\t\t\t\t<\/figcaption><\/figure><figure class='gallery-item'>\n\t\t\t<div class='gallery-icon portrait'>\n\t\t\t\t<a href='https:\/\/www.arquimaster.com.ar\/web\/wp-content\/uploads\/2026\/04\/casa_rg_pepe_ramirez_014.jpg' title=\"Casa RG \/ Pepe Ram\u00edrez (\u00a9 C\u00e9sar Belio)\" data-rl_title=\"Casa RG \/ Pepe Ram\u00edrez (\u00a9 C\u00e9sar Belio)\" class=\"rl-gallery-link\" data-rl_caption=\"Casa RG \/ Pepe Ram\u00edrez (\u00a9 C\u00e9sar Belio)\" data-rel=\"lightbox-gallery-1\"><img loading=\"lazy\" decoding=\"async\" width=\"150\" height=\"150\" src=\"https:\/\/www.arquimaster.com.ar\/web\/wp-content\/uploads\/2026\/04\/casa_rg_pepe_ramirez_014-150x150.jpg\" class=\"attachment-thumbnail size-thumbnail\" alt=\"Casa RG \/ Pepe Ram\u00edrez\" aria-describedby=\"gallery-1-88487\" \/><\/a>\n\t\t\t<\/div>\n\t\t\t\t<figcaption class='wp-caption-text gallery-caption' id='gallery-1-88487'>\n\t\t\t\tCasa RG \/ Pepe Ram\u00edrez (\u00a9 C\u00e9sar Belio)\n\t\t\t\t<\/figcaption><\/figure><figure class='gallery-item'>\n\t\t\t<div class='gallery-icon portrait'>\n\t\t\t\t<a href='https:\/\/www.arquimaster.com.ar\/web\/wp-content\/uploads\/2026\/04\/casa_rg_pepe_ramirez_015.jpg' title=\"Casa RG \/ Pepe Ram\u00edrez (planta baja)\" data-rl_title=\"Casa RG \/ Pepe Ram\u00edrez (planta baja)\" class=\"rl-gallery-link\" data-rl_caption=\"Casa RG \/ Pepe Ram\u00edrez (planta baja)\" data-rel=\"lightbox-gallery-1\"><img loading=\"lazy\" decoding=\"async\" width=\"150\" height=\"150\" src=\"https:\/\/www.arquimaster.com.ar\/web\/wp-content\/uploads\/2026\/04\/casa_rg_pepe_ramirez_015-150x150.jpg\" class=\"attachment-thumbnail size-thumbnail\" alt=\"Casa RG \/ Pepe Ram\u00edrez\" aria-describedby=\"gallery-1-88488\" \/><\/a>\n\t\t\t<\/div>\n\t\t\t\t<figcaption class='wp-caption-text gallery-caption' id='gallery-1-88488'>\n\t\t\t\tCasa RG \/ Pepe Ram\u00edrez (planta baja)\n\t\t\t\t<\/figcaption><\/figure><figure class='gallery-item'>\n\t\t\t<div class='gallery-icon portrait'>\n\t\t\t\t<a href='https:\/\/www.arquimaster.com.ar\/web\/wp-content\/uploads\/2026\/04\/casa_rg_pepe_ramirez_016.jpg' title=\"Casa RG \/ Pepe Ram\u00edrez (planta primer nivel)\" data-rl_title=\"Casa RG \/ Pepe Ram\u00edrez (planta primer nivel)\" class=\"rl-gallery-link\" data-rl_caption=\"Casa RG \/ Pepe Ram\u00edrez (planta primer nivel)\" data-rel=\"lightbox-gallery-1\"><img loading=\"lazy\" decoding=\"async\" width=\"150\" height=\"150\" src=\"https:\/\/www.arquimaster.com.ar\/web\/wp-content\/uploads\/2026\/04\/casa_rg_pepe_ramirez_016-150x150.jpg\" class=\"attachment-thumbnail size-thumbnail\" alt=\"Casa RG \/ Pepe Ram\u00edrez\" aria-describedby=\"gallery-1-88489\" \/><\/a>\n\t\t\t<\/div>\n\t\t\t\t<figcaption class='wp-caption-text gallery-caption' id='gallery-1-88489'>\n\t\t\t\tCasa RG \/ Pepe Ram\u00edrez (planta primer nivel)\n\t\t\t\t<\/figcaption><\/figure><figure class='gallery-item'>\n\t\t\t<div class='gallery-icon portrait'>\n\t\t\t\t<a href='https:\/\/www.arquimaster.com.ar\/web\/wp-content\/uploads\/2026\/04\/casa_rg_pepe_ramirez_017.jpg' title=\"Casa RG \/ Pepe Ram\u00edrez (planta segundo nivel)\" data-rl_title=\"Casa RG \/ Pepe Ram\u00edrez (planta segundo nivel)\" class=\"rl-gallery-link\" data-rl_caption=\"Casa RG \/ Pepe Ram\u00edrez (planta segundo nivel)\" data-rel=\"lightbox-gallery-1\"><img loading=\"lazy\" decoding=\"async\" width=\"150\" height=\"150\" src=\"https:\/\/www.arquimaster.com.ar\/web\/wp-content\/uploads\/2026\/04\/casa_rg_pepe_ramirez_017-150x150.jpg\" class=\"attachment-thumbnail size-thumbnail\" alt=\"Casa RG \/ Pepe Ram\u00edrez\" aria-describedby=\"gallery-1-88490\" \/><\/a>\n\t\t\t<\/div>\n\t\t\t\t<figcaption class='wp-caption-text gallery-caption' id='gallery-1-88490'>\n\t\t\t\tCasa RG \/ Pepe Ram\u00edrez (planta segundo nivel)\n\t\t\t\t<\/figcaption><\/figure><figure class='gallery-item'>\n\t\t\t<div class='gallery-icon landscape'>\n\t\t\t\t<a href='https:\/\/www.arquimaster.com.ar\/web\/wp-content\/uploads\/2026\/04\/casa_rg_pepe_ramirez_018.jpg' title=\"Casa RG \/ Pepe Ram\u00edrez (corte)\" data-rl_title=\"Casa RG \/ Pepe Ram\u00edrez (corte)\" class=\"rl-gallery-link\" data-rl_caption=\"Casa RG \/ Pepe Ram\u00edrez (corte)\" data-rel=\"lightbox-gallery-1\"><img loading=\"lazy\" decoding=\"async\" width=\"150\" height=\"150\" src=\"https:\/\/www.arquimaster.com.ar\/web\/wp-content\/uploads\/2026\/04\/casa_rg_pepe_ramirez_018-150x150.jpg\" class=\"attachment-thumbnail size-thumbnail\" alt=\"Casa RG \/ Pepe Ram\u00edrez\" aria-describedby=\"gallery-1-88491\" \/><\/a>\n\t\t\t<\/div>\n\t\t\t\t<figcaption class='wp-caption-text gallery-caption' id='gallery-1-88491'>\n\t\t\t\tCasa RG \/ Pepe Ram\u00edrez (corte)\n\t\t\t\t<\/figcaption><\/figure><figure class='gallery-item'>\n\t\t\t<div class='gallery-icon portrait'>\n\t\t\t\t<a href='https:\/\/www.arquimaster.com.ar\/web\/wp-content\/uploads\/2026\/04\/casa_rg_pepe_ramirez_019.jpg' title=\"Casa RG \/ Pepe Ram\u00edrez (vista frente)\" data-rl_title=\"Casa RG \/ Pepe Ram\u00edrez (vista frente)\" class=\"rl-gallery-link\" data-rl_caption=\"Casa RG \/ Pepe Ram\u00edrez (vista frente)\" data-rel=\"lightbox-gallery-1\"><img loading=\"lazy\" decoding=\"async\" width=\"150\" height=\"150\" src=\"https:\/\/www.arquimaster.com.ar\/web\/wp-content\/uploads\/2026\/04\/casa_rg_pepe_ramirez_019-150x150.jpg\" class=\"attachment-thumbnail size-thumbnail\" alt=\"Casa RG \/ Pepe Ram\u00edrez\" aria-describedby=\"gallery-1-88492\" \/><\/a>\n\t\t\t<\/div>\n\t\t\t\t<figcaption class='wp-caption-text gallery-caption' id='gallery-1-88492'>\n\t\t\t\tCasa RG \/ Pepe Ram\u00edrez (vista frente)\n\t\t\t\t<\/figcaption><\/figure><figure class='gallery-item'>\n\t\t\t<div class='gallery-icon portrait'>\n\t\t\t\t<a href='https:\/\/www.arquimaster.com.ar\/web\/wp-content\/uploads\/2026\/04\/casa_rg_pepe_ramirez_020.jpg' title=\"Casa RG \/ Pepe Ram\u00edrez (vista contrafrente)\" data-rl_title=\"Casa RG \/ Pepe Ram\u00edrez (vista contrafrente)\" class=\"rl-gallery-link\" data-rl_caption=\"Casa RG \/ Pepe Ram\u00edrez (vista contrafrente)\" data-rel=\"lightbox-gallery-1\"><img loading=\"lazy\" decoding=\"async\" width=\"150\" height=\"150\" src=\"https:\/\/www.arquimaster.com.ar\/web\/wp-content\/uploads\/2026\/04\/casa_rg_pepe_ramirez_020-150x150.jpg\" class=\"attachment-thumbnail size-thumbnail\" alt=\"Casa RG \/ Pepe Ram\u00edrez\" aria-describedby=\"gallery-1-88493\" \/><\/a>\n\t\t\t<\/div>\n\t\t\t\t<figcaption class='wp-caption-text gallery-caption' id='gallery-1-88493'>\n\t\t\t\tCasa RG \/ Pepe Ram\u00edrez (vista contrafrente)\n\t\t\t\t<\/figcaption><\/figure>\n\t\t<\/div>\n\n<p>Se dise\u00f1o como una vivienda aparentemente callada que se cierra al exterior, pero que destaca por la fuerza de su volumetr\u00eda. Casa RG busca algo mas all\u00e1 de solo la apariencia, con materiales naturales, una paleta de colores neutra, iluminaci\u00f3n cenital y vanos que dirigen la vista hacia patios interiores busca generar un ambiente de tranquilidad, elegancia y naturalidad, en donde predomina la calidad espacial mas all\u00e1 de s\u00f3lo la apariencia.<\/p>\n<p>Una pantalla de concreto enmarcada por un volumen en forma de \u00abU\u00bb en volado, es la protagonista de este proyecto que est\u00e1 ubicado en un fraccionamiento privado con restricciones materiales, espaciales y en un lote medianero con 8.5 metros de frente y 20 metros de fondo, el dise\u00f1o se desarrolla de la siguiente manera.<\/p>\n<p>La vivienda se distribuye mediante un eje lateral que cruza el terreno de lado a lado en el sentido m\u00e1s largo y que contiene el \u00e1rea de acceso, escalera y un pasillo. Este eje se encarga de generar las conexiones con cada uno de los espacios del programa. Al ingresar a la vivienda el recibidor da la pauta a seguir, continuar hacia la sala, subir a segundo o tercer nivel o pasar a la sala de entretenimiento.<\/p>\n<p>Se desarrolla en tres niveles: el primer nivel contiene el acceso, ba\u00f1o completo, sala de televisi\u00f3n, sala de estar, cocina, comedor y jard\u00edn. El segundo nivel est\u00e1 conformado por recamara principal con ba\u00f1o y vestidor, dos recamaras secundarias con ba\u00f1o compartido. El tercer nivel incluye un \u00e1rea de servicio, terraza y un estudio.<\/p>\n<p>En esta casa se espera que la circulaci\u00f3n para llegar a los espacios del programa sea toda una experiencia de contemplaci\u00f3n. El sal\u00f3n de estar con vista a un jard\u00edn lateral, un mueble para colocar botellas de vino (que desde un principio fue una solicitud del cliente) y la doble altura con iluminaci\u00f3n cenital, hacen que este sea el espacio de mayor importancia de este proyecto y contiene todos los elementos que desde un principio solicito el cliente.<\/p>\n\n\n<div style=\"height:20px\" aria-hidden=\"true\" class=\"wp-block-spacer\"><\/div>\n\n\n\n<p class=\"has-background\" style=\"background-color:#eaeaea\"><strong>Ficha t\u00e9cnica<\/strong><br>Nombre: Casa RG<br>Ubicaci\u00f3n de la obra: Fraccionamiento Paseo del Parque, Morelia, Michoac\u00e1n, M\u00e9xico<br>Oficina de arquitectura: Pepe Ram\u00edrez<br>Superficie construida: 260 m2<br>A\u00f1o finalizaci\u00f3n construcci\u00f3n: 2025<br>Fotograf\u00edas: C\u00e9sar Belio<br>Instagram: @peperamirez.rm<\/p>\n\n\n\n<div style=\"height:40px\" aria-hidden=\"true\" class=\"wp-block-spacer\"><\/div>\n\n<div style=\"font-size: 0px; height: 0px; line-height: 0px; margin: 0; padding: 0; clear: both;\"><\/div><div style=\"margin-top: 0px; margin-bottom: 0px;\" class=\"sharethis-inline-share-buttons\" ><\/div>","protected":false},"excerpt":{"rendered":"<p>La vivienda se cierra al exterior pero se destaca por la fuerza de su volumetr\u00eda&#8230;<\/p>\n","protected":false},"author":1,"featured_media":88473,"comment_status":"closed","ping_status":"closed","sticky":false,"template":"","format":"standard","meta":{"_uag_custom_page_level_css":"","footnotes":""},"categories":[1,83],"tags":[4282,24,6565,6564,7802,254],"class_list":["post-88472","post","type-post","status-publish","format-standard","has-post-thumbnail","hentry","category-proyecto","category-vivienda-unifamiliar","tag-arquitectura-residencial","tag-mexico","tag-michoacan","tag-morelia","tag-pepe-ramirez","tag-vivienda-unifamiliar-2","generate-columns","tablet-grid-50","mobile-grid-100","grid-parent","grid-50"],"yoast_head":"<!-- This site is optimized with the Yoast SEO plugin v27.3 - https:\/\/yoast.com\/product\/yoast-seo-wordpress\/ -->\n<title>Casa RG \/ Pepe Ram\u00edrez - Arquimaster<\/title>\n<meta name=\"description\" content=\"Una vivienda aparentemente callada que se cierra al exterior, pero que destaca por la fuerza de su volumetr\u00eda.\" \/>\n<meta name=\"robots\" content=\"index, follow, max-snippet:-1, max-image-preview:large, max-video-preview:-1\" \/>\n<link rel=\"canonical\" href=\"https:\/\/www.arquimaster.com.ar\/web\/casa-rg-pepe-ramirez\/\" \/>\n<meta property=\"og:locale\" content=\"es_ES\" \/>\n<meta property=\"og:type\" content=\"article\" \/>\n<meta property=\"og:title\" content=\"Casa RG \/ Pepe Ram\u00edrez\" \/>\n<meta property=\"og:description\" content=\"Una vivienda aparentemente callada que se cierra al exterior, pero que destaca por la fuerza de su volumetr\u00eda.\" \/>\n<meta property=\"og:url\" content=\"https:\/\/www.arquimaster.com.ar\/web\/casa-rg-pepe-ramirez\/\" \/>\n<meta property=\"og:site_name\" content=\"Arquimaster\" \/>\n<meta property=\"article:publisher\" content=\"http:\/\/www.facebook.com\/ARQUIMASTER.com.ar\" \/>\n<meta property=\"article:published_time\" content=\"2026-04-28T16:54:39+00:00\" \/>\n<meta property=\"article:modified_time\" content=\"2026-04-28T16:54:46+00:00\" \/>\n<meta property=\"og:image\" content=\"https:\/\/www.arquimaster.com.ar\/web\/wp-content\/uploads\/2026\/04\/casa_rg_pepe_ramirez_slide.jpg\" \/>\n\t<meta property=\"og:image:width\" content=\"698\" \/>\n\t<meta property=\"og:image:height\" content=\"364\" \/>\n\t<meta property=\"og:image:type\" content=\"image\/jpeg\" \/>\n<meta name=\"author\" content=\"Arquimaster\" \/>\n<meta name=\"twitter:card\" content=\"summary_large_image\" \/>\n<meta name=\"twitter:title\" content=\"Casa RG \/ Pepe Ram\u00edrez\" \/>\n<meta name=\"twitter:description\" content=\"Una vivienda aparentemente callada que se cierra al exterior, pero que destaca por la fuerza de su volumetr\u00eda.\" \/>\n<meta name=\"twitter:image\" content=\"https:\/\/www.arquimaster.com.ar\/web\/wp-content\/uploads\/2026\/04\/casa_rg_pepe_ramirez_slide.jpg\" \/>\n<meta name=\"twitter:creator\" content=\"@arquimaster\" \/>\n<meta name=\"twitter:site\" content=\"@arquimaster\" \/>\n<meta name=\"twitter:label1\" content=\"Escrito por\" \/>\n\t<meta name=\"twitter:data1\" content=\"Arquimaster\" \/>\n\t<meta name=\"twitter:label2\" content=\"Tiempo de lectura\" \/>\n\t<meta name=\"twitter:data2\" content=\"3 minutos\" \/>\n<script type=\"application\/ld+json\" class=\"yoast-schema-graph\">{\"@context\":\"https:\\\/\\\/schema.org\",\"@graph\":[{\"@type\":\"Article\",\"@id\":\"https:\\\/\\\/www.arquimaster.com.ar\\\/web\\\/casa-rg-pepe-ramirez\\\/#article\",\"isPartOf\":{\"@id\":\"https:\\\/\\\/www.arquimaster.com.ar\\\/web\\\/casa-rg-pepe-ramirez\\\/\"},\"author\":{\"name\":\"Arquimaster\",\"@id\":\"https:\\\/\\\/www.arquimaster.com.ar\\\/web\\\/#\\\/schema\\\/person\\\/359e9f7c00193fcde068e0dd2ceb0028\"},\"headline\":\"Casa RG \\\/ Pepe Ram\u00edrez\",\"datePublished\":\"2026-04-28T16:54:39+00:00\",\"dateModified\":\"2026-04-28T16:54:46+00:00\",\"mainEntityOfPage\":{\"@id\":\"https:\\\/\\\/www.arquimaster.com.ar\\\/web\\\/casa-rg-pepe-ramirez\\\/\"},\"wordCount\":466,\"publisher\":{\"@id\":\"https:\\\/\\\/www.arquimaster.com.ar\\\/web\\\/#organization\"},\"image\":{\"@id\":\"https:\\\/\\\/www.arquimaster.com.ar\\\/web\\\/casa-rg-pepe-ramirez\\\/#primaryimage\"},\"thumbnailUrl\":\"https:\\\/\\\/www.arquimaster.com.ar\\\/web\\\/wp-content\\\/uploads\\\/2026\\\/04\\\/casa_rg_pepe_ramirez_slide.jpg\",\"keywords\":[\"arquitectura residencial\",\"Mexico\",\"Michoac\u00e1n\",\"Morelia\",\"Pepe Ram\u00edrez\",\"vivienda unifamiliar\"],\"articleSection\":[\"Proyecto\",\"Vivienda unifamiliar y PH\"],\"inLanguage\":\"es\"},{\"@type\":\"WebPage\",\"@id\":\"https:\\\/\\\/www.arquimaster.com.ar\\\/web\\\/casa-rg-pepe-ramirez\\\/\",\"url\":\"https:\\\/\\\/www.arquimaster.com.ar\\\/web\\\/casa-rg-pepe-ramirez\\\/\",\"name\":\"Casa RG \\\/ Pepe Ram\u00edrez - Arquimaster\",\"isPartOf\":{\"@id\":\"https:\\\/\\\/www.arquimaster.com.ar\\\/web\\\/#website\"},\"primaryImageOfPage\":{\"@id\":\"https:\\\/\\\/www.arquimaster.com.ar\\\/web\\\/casa-rg-pepe-ramirez\\\/#primaryimage\"},\"image\":{\"@id\":\"https:\\\/\\\/www.arquimaster.com.ar\\\/web\\\/casa-rg-pepe-ramirez\\\/#primaryimage\"},\"thumbnailUrl\":\"https:\\\/\\\/www.arquimaster.com.ar\\\/web\\\/wp-content\\\/uploads\\\/2026\\\/04\\\/casa_rg_pepe_ramirez_slide.jpg\",\"datePublished\":\"2026-04-28T16:54:39+00:00\",\"dateModified\":\"2026-04-28T16:54:46+00:00\",\"description\":\"Una vivienda aparentemente callada que se cierra al exterior, pero que destaca por la fuerza de su volumetr\u00eda.\",\"breadcrumb\":{\"@id\":\"https:\\\/\\\/www.arquimaster.com.ar\\\/web\\\/casa-rg-pepe-ramirez\\\/#breadcrumb\"},\"inLanguage\":\"es\",\"potentialAction\":[{\"@type\":\"ReadAction\",\"target\":[\"https:\\\/\\\/www.arquimaster.com.ar\\\/web\\\/casa-rg-pepe-ramirez\\\/\"]}]},{\"@type\":\"ImageObject\",\"inLanguage\":\"es\",\"@id\":\"https:\\\/\\\/www.arquimaster.com.ar\\\/web\\\/casa-rg-pepe-ramirez\\\/#primaryimage\",\"url\":\"https:\\\/\\\/www.arquimaster.com.ar\\\/web\\\/wp-content\\\/uploads\\\/2026\\\/04\\\/casa_rg_pepe_ramirez_slide.jpg\",\"contentUrl\":\"https:\\\/\\\/www.arquimaster.com.ar\\\/web\\\/wp-content\\\/uploads\\\/2026\\\/04\\\/casa_rg_pepe_ramirez_slide.jpg\",\"width\":698,\"height\":364,\"caption\":\"Casa RG \\\/ Pepe Ram\u00edrez\"},{\"@type\":\"BreadcrumbList\",\"@id\":\"https:\\\/\\\/www.arquimaster.com.ar\\\/web\\\/casa-rg-pepe-ramirez\\\/#breadcrumb\",\"itemListElement\":[{\"@type\":\"ListItem\",\"position\":1,\"name\":\"Portada\",\"item\":\"https:\\\/\\\/www.arquimaster.com.ar\\\/web\\\/\"},{\"@type\":\"ListItem\",\"position\":2,\"name\":\"Casa RG \\\/ Pepe Ram\u00edrez\"}]},{\"@type\":\"WebSite\",\"@id\":\"https:\\\/\\\/www.arquimaster.com.ar\\\/web\\\/#website\",\"url\":\"https:\\\/\\\/www.arquimaster.com.ar\\\/web\\\/\",\"name\":\"Arquimaster\",\"description\":\"Web de arquitectura, dise\u00f1o y construccion\",\"publisher\":{\"@id\":\"https:\\\/\\\/www.arquimaster.com.ar\\\/web\\\/#organization\"},\"potentialAction\":[{\"@type\":\"SearchAction\",\"target\":{\"@type\":\"EntryPoint\",\"urlTemplate\":\"https:\\\/\\\/www.arquimaster.com.ar\\\/web\\\/?s={search_term_string}\"},\"query-input\":{\"@type\":\"PropertyValueSpecification\",\"valueRequired\":true,\"valueName\":\"search_term_string\"}}],\"inLanguage\":\"es\"},{\"@type\":\"Organization\",\"@id\":\"https:\\\/\\\/www.arquimaster.com.ar\\\/web\\\/#organization\",\"name\":\"Arquimaster\",\"url\":\"https:\\\/\\\/www.arquimaster.com.ar\\\/web\\\/\",\"logo\":{\"@type\":\"ImageObject\",\"inLanguage\":\"es\",\"@id\":\"https:\\\/\\\/www.arquimaster.com.ar\\\/web\\\/#\\\/schema\\\/logo\\\/image\\\/\",\"url\":\"https:\\\/\\\/www.arquimaster.com.ar\\\/web\\\/wp-content\\\/uploads\\\/2022\\\/06\\\/arquimaster.png\",\"contentUrl\":\"https:\\\/\\\/www.arquimaster.com.ar\\\/web\\\/wp-content\\\/uploads\\\/2022\\\/06\\\/arquimaster.png\",\"width\":594,\"height\":78,\"caption\":\"Arquimaster\"},\"image\":{\"@id\":\"https:\\\/\\\/www.arquimaster.com.ar\\\/web\\\/#\\\/schema\\\/logo\\\/image\\\/\"},\"sameAs\":[\"http:\\\/\\\/www.facebook.com\\\/ARQUIMASTER.com.ar\",\"https:\\\/\\\/x.com\\\/arquimaster\",\"https:\\\/\\\/www.instagram.com\\\/arquimasterblog\\\/\",\"https:\\\/\\\/www.linkedin.com\\\/company\\\/arquimaster\",\"https:\\\/\\\/www.pinterest.com\\\/arquimaster\",\"https:\\\/\\\/t.me\\\/arquimaster\"]},{\"@type\":\"Person\",\"@id\":\"https:\\\/\\\/www.arquimaster.com.ar\\\/web\\\/#\\\/schema\\\/person\\\/359e9f7c00193fcde068e0dd2ceb0028\",\"name\":\"Arquimaster\"}]}<\/script>\n<!-- \/ Yoast SEO plugin. -->","yoast_head_json":{"title":"Casa RG \/ Pepe Ram\u00edrez - Arquimaster","description":"Una vivienda aparentemente callada que se cierra al exterior, pero que destaca por la fuerza de su volumetr\u00eda.","robots":{"index":"index","follow":"follow","max-snippet":"max-snippet:-1","max-image-preview":"max-image-preview:large","max-video-preview":"max-video-preview:-1"},"canonical":"https:\/\/www.arquimaster.com.ar\/web\/casa-rg-pepe-ramirez\/","og_locale":"es_ES","og_type":"article","og_title":"Casa RG \/ Pepe Ram\u00edrez","og_description":"Una vivienda aparentemente callada que se cierra al exterior, pero que destaca por la fuerza de su volumetr\u00eda.","og_url":"https:\/\/www.arquimaster.com.ar\/web\/casa-rg-pepe-ramirez\/","og_site_name":"Arquimaster","article_publisher":"http:\/\/www.facebook.com\/ARQUIMASTER.com.ar","article_published_time":"2026-04-28T16:54:39+00:00","article_modified_time":"2026-04-28T16:54:46+00:00","og_image":[{"width":698,"height":364,"url":"https:\/\/www.arquimaster.com.ar\/web\/wp-content\/uploads\/2026\/04\/casa_rg_pepe_ramirez_slide.jpg","type":"image\/jpeg"}],"author":"Arquimaster","twitter_card":"summary_large_image","twitter_title":"Casa RG \/ Pepe Ram\u00edrez","twitter_description":"Una vivienda aparentemente callada que se cierra al exterior, pero que destaca por la fuerza de su volumetr\u00eda.","twitter_image":"https:\/\/www.arquimaster.com.ar\/web\/wp-content\/uploads\/2026\/04\/casa_rg_pepe_ramirez_slide.jpg","twitter_creator":"@arquimaster","twitter_site":"@arquimaster","twitter_misc":{"Escrito por":"Arquimaster","Tiempo de lectura":"3 minutos"},"schema":{"@context":"https:\/\/schema.org","@graph":[{"@type":"Article","@id":"https:\/\/www.arquimaster.com.ar\/web\/casa-rg-pepe-ramirez\/#article","isPartOf":{"@id":"https:\/\/www.arquimaster.com.ar\/web\/casa-rg-pepe-ramirez\/"},"author":{"name":"Arquimaster","@id":"https:\/\/www.arquimaster.com.ar\/web\/#\/schema\/person\/359e9f7c00193fcde068e0dd2ceb0028"},"headline":"Casa RG \/ Pepe Ram\u00edrez","datePublished":"2026-04-28T16:54:39+00:00","dateModified":"2026-04-28T16:54:46+00:00","mainEntityOfPage":{"@id":"https:\/\/www.arquimaster.com.ar\/web\/casa-rg-pepe-ramirez\/"},"wordCount":466,"publisher":{"@id":"https:\/\/www.arquimaster.com.ar\/web\/#organization"},"image":{"@id":"https:\/\/www.arquimaster.com.ar\/web\/casa-rg-pepe-ramirez\/#primaryimage"},"thumbnailUrl":"https:\/\/www.arquimaster.com.ar\/web\/wp-content\/uploads\/2026\/04\/casa_rg_pepe_ramirez_slide.jpg","keywords":["arquitectura residencial","Mexico","Michoac\u00e1n","Morelia","Pepe Ram\u00edrez","vivienda unifamiliar"],"articleSection":["Proyecto","Vivienda unifamiliar y PH"],"inLanguage":"es"},{"@type":"WebPage","@id":"https:\/\/www.arquimaster.com.ar\/web\/casa-rg-pepe-ramirez\/","url":"https:\/\/www.arquimaster.com.ar\/web\/casa-rg-pepe-ramirez\/","name":"Casa RG \/ Pepe Ram\u00edrez - Arquimaster","isPartOf":{"@id":"https:\/\/www.arquimaster.com.ar\/web\/#website"},"primaryImageOfPage":{"@id":"https:\/\/www.arquimaster.com.ar\/web\/casa-rg-pepe-ramirez\/#primaryimage"},"image":{"@id":"https:\/\/www.arquimaster.com.ar\/web\/casa-rg-pepe-ramirez\/#primaryimage"},"thumbnailUrl":"https:\/\/www.arquimaster.com.ar\/web\/wp-content\/uploads\/2026\/04\/casa_rg_pepe_ramirez_slide.jpg","datePublished":"2026-04-28T16:54:39+00:00","dateModified":"2026-04-28T16:54:46+00:00","description":"Una vivienda aparentemente callada que se cierra al exterior, pero que destaca por la fuerza de su volumetr\u00eda.","breadcrumb":{"@id":"https:\/\/www.arquimaster.com.ar\/web\/casa-rg-pepe-ramirez\/#breadcrumb"},"inLanguage":"es","potentialAction":[{"@type":"ReadAction","target":["https:\/\/www.arquimaster.com.ar\/web\/casa-rg-pepe-ramirez\/"]}]},{"@type":"ImageObject","inLanguage":"es","@id":"https:\/\/www.arquimaster.com.ar\/web\/casa-rg-pepe-ramirez\/#primaryimage","url":"https:\/\/www.arquimaster.com.ar\/web\/wp-content\/uploads\/2026\/04\/casa_rg_pepe_ramirez_slide.jpg","contentUrl":"https:\/\/www.arquimaster.com.ar\/web\/wp-content\/uploads\/2026\/04\/casa_rg_pepe_ramirez_slide.jpg","width":698,"height":364,"caption":"Casa RG \/ Pepe Ram\u00edrez"},{"@type":"BreadcrumbList","@id":"https:\/\/www.arquimaster.com.ar\/web\/casa-rg-pepe-ramirez\/#breadcrumb","itemListElement":[{"@type":"ListItem","position":1,"name":"Portada","item":"https:\/\/www.arquimaster.com.ar\/web\/"},{"@type":"ListItem","position":2,"name":"Casa RG \/ Pepe Ram\u00edrez"}]},{"@type":"WebSite","@id":"https:\/\/www.arquimaster.com.ar\/web\/#website","url":"https:\/\/www.arquimaster.com.ar\/web\/","name":"Arquimaster","description":"Web de arquitectura, dise\u00f1o y construccion","publisher":{"@id":"https:\/\/www.arquimaster.com.ar\/web\/#organization"},"potentialAction":[{"@type":"SearchAction","target":{"@type":"EntryPoint","urlTemplate":"https:\/\/www.arquimaster.com.ar\/web\/?s={search_term_string}"},"query-input":{"@type":"PropertyValueSpecification","valueRequired":true,"valueName":"search_term_string"}}],"inLanguage":"es"},{"@type":"Organization","@id":"https:\/\/www.arquimaster.com.ar\/web\/#organization","name":"Arquimaster","url":"https:\/\/www.arquimaster.com.ar\/web\/","logo":{"@type":"ImageObject","inLanguage":"es","@id":"https:\/\/www.arquimaster.com.ar\/web\/#\/schema\/logo\/image\/","url":"https:\/\/www.arquimaster.com.ar\/web\/wp-content\/uploads\/2022\/06\/arquimaster.png","contentUrl":"https:\/\/www.arquimaster.com.ar\/web\/wp-content\/uploads\/2022\/06\/arquimaster.png","width":594,"height":78,"caption":"Arquimaster"},"image":{"@id":"https:\/\/www.arquimaster.com.ar\/web\/#\/schema\/logo\/image\/"},"sameAs":["http:\/\/www.facebook.com\/ARQUIMASTER.com.ar","https:\/\/x.com\/arquimaster","https:\/\/www.instagram.com\/arquimasterblog\/","https:\/\/www.linkedin.com\/company\/arquimaster","https:\/\/www.pinterest.com\/arquimaster","https:\/\/t.me\/arquimaster"]},{"@type":"Person","@id":"https:\/\/www.arquimaster.com.ar\/web\/#\/schema\/person\/359e9f7c00193fcde068e0dd2ceb0028","name":"Arquimaster"}]}},"uagb_featured_image_src":{"full":["https:\/\/www.arquimaster.com.ar\/web\/wp-content\/uploads\/2026\/04\/casa_rg_pepe_ramirez_slide.jpg",698,364,false],"thumbnail":["https:\/\/www.arquimaster.com.ar\/web\/wp-content\/uploads\/2026\/04\/casa_rg_pepe_ramirez_slide-150x150.jpg",150,150,true],"medium":["https:\/\/www.arquimaster.com.ar\/web\/wp-content\/uploads\/2026\/04\/casa_rg_pepe_ramirez_slide.jpg",698,364,false],"medium_large":["https:\/\/www.arquimaster.com.ar\/web\/wp-content\/uploads\/2026\/04\/casa_rg_pepe_ramirez_slide.jpg",698,364,false],"large":["https:\/\/www.arquimaster.com.ar\/web\/wp-content\/uploads\/2026\/04\/casa_rg_pepe_ramirez_slide.jpg",698,364,false],"1536x1536":["https:\/\/www.arquimaster.com.ar\/web\/wp-content\/uploads\/2026\/04\/casa_rg_pepe_ramirez_slide.jpg",698,364,false],"2048x2048":["https:\/\/www.arquimaster.com.ar\/web\/wp-content\/uploads\/2026\/04\/casa_rg_pepe_ramirez_slide.jpg",698,364,false]},"uagb_author_info":{"display_name":"Arquimaster","author_link":"https:\/\/www.arquimaster.com.ar\/web\/author\/arquimaster\/"},"uagb_comment_info":0,"uagb_excerpt":"La vivienda se cierra al exterior pero se destaca por la fuerza de su volumetr\u00eda...","_links":{"self":[{"href":"https:\/\/www.arquimaster.com.ar\/web\/wp-json\/wp\/v2\/posts\/88472","targetHints":{"allow":["GET"]}}],"collection":[{"href":"https:\/\/www.arquimaster.com.ar\/web\/wp-json\/wp\/v2\/posts"}],"about":[{"href":"https:\/\/www.arquimaster.com.ar\/web\/wp-json\/wp\/v2\/types\/post"}],"author":[{"embeddable":true,"href":"https:\/\/www.arquimaster.com.ar\/web\/wp-json\/wp\/v2\/users\/1"}],"replies":[{"embeddable":true,"href":"https:\/\/www.arquimaster.com.ar\/web\/wp-json\/wp\/v2\/comments?post=88472"}],"version-history":[{"count":1,"href":"https:\/\/www.arquimaster.com.ar\/web\/wp-json\/wp\/v2\/posts\/88472\/revisions"}],"predecessor-version":[{"id":88494,"href":"https:\/\/www.arquimaster.com.ar\/web\/wp-json\/wp\/v2\/posts\/88472\/revisions\/88494"}],"wp:featuredmedia":[{"embeddable":true,"href":"https:\/\/www.arquimaster.com.ar\/web\/wp-json\/wp\/v2\/media\/88473"}],"wp:attachment":[{"href":"https:\/\/www.arquimaster.com.ar\/web\/wp-json\/wp\/v2\/media?parent=88472"}],"wp:term":[{"taxonomy":"category","embeddable":true,"href":"https:\/\/www.arquimaster.com.ar\/web\/wp-json\/wp\/v2\/categories?post=88472"},{"taxonomy":"post_tag","embeddable":true,"href":"https:\/\/www.arquimaster.com.ar\/web\/wp-json\/wp\/v2\/tags?post=88472"}],"curies":[{"name":"wp","href":"https:\/\/api.w.org\/{rel}","templated":true}]}}