{"id":8923,"date":"2014-08-06T20:52:09","date_gmt":"2014-08-06T20:52:09","guid":{"rendered":"http:\/\/www.arquimaster.com.ar\/web\/?p=8923"},"modified":"2014-08-06T21:10:45","modified_gmt":"2014-08-06T21:10:45","slug":"bar-y-restaurant-victoria-brown-hm-arquitectos","status":"publish","type":"post","link":"https:\/\/www.arquimaster.com.ar\/web\/bar-y-restaurant-victoria-brown-hm-arquitectos\/","title":{"rendered":"Bar y Restaurant Victoria Brown \/ HM Arquitectos"},"content":{"rendered":"<div style=\"margin-top: 0px; margin-bottom: 0px;\" class=\"sharethis-inline-share-buttons\" ><\/div><div class=\"b812932af2e751442846f039925109de\" data-index=\"1\" style=\"float: none; margin:25px 0 25px 0; text-align:center;\">\n<script async src=\"https:\/\/pagead2.googlesyndication.com\/pagead\/js\/adsbygoogle.js\"><\/script>\r\n<!-- Arquimaster (superior) -->\r\n<ins class=\"adsbygoogle\"\r\n     style=\"display:block\"\r\n     data-ad-client=\"ca-pub-6351072698456832\"\r\n     data-ad-slot=\"6455489680\"\r\n     data-ad-format=\"auto\"\r\n     data-full-width-responsive=\"true\"><\/ins>\r\n<script>\r\n     (adsbygoogle = window.adsbygoogle || []).push({});\r\n<\/script>\n<\/div>\n<p><strong>Bar y Restaurant Victoria Brown<\/strong> (Ciudad de Buenos Aires) por <strong>HM Arquitectos<\/strong>. La propuesta de dise\u00f1o responde esencialmente a una imagen clara aportada por el cliente, la cual responde a una imagen y estilo particular de una \u00e9poca, de un esteticismo determinado y apuntado a un p\u00fablico sofisticado.<\/p>\n<div id='gallery-1' class='gallery galleryid-8923 gallery-columns-3 gallery-size-thumbnail'><figure class='gallery-item'>\n\t\t\t<div class='gallery-icon landscape'>\n\t\t\t\t<a href='https:\/\/www.arquimaster.com.ar\/web\/wp-content\/uploads\/2014\/08\/victoria_brown1.jpg' title=\"Bar y Restaurant Victoria Brown \/ HM Arquitectos (\u00a9 Andres Martellini)\" data-rl_title=\"Bar y Restaurant Victoria Brown \/ HM Arquitectos (\u00a9 Andres Martellini)\" class=\"rl-gallery-link\" data-rl_caption=\"Bar y Restaurant Victoria Brown \/ HM Arquitectos (\u00a9 Andres Martellini)\" data-rel=\"lightbox-gallery-1\"><img loading=\"lazy\" decoding=\"async\" width=\"150\" height=\"150\" src=\"https:\/\/www.arquimaster.com.ar\/web\/wp-content\/uploads\/2014\/08\/victoria_brown1-150x150.jpg\" class=\"attachment-thumbnail size-thumbnail\" alt=\"\" aria-describedby=\"gallery-1-8925\" srcset=\"https:\/\/www.arquimaster.com.ar\/web\/wp-content\/uploads\/2014\/08\/victoria_brown1-150x150.jpg 150w, https:\/\/www.arquimaster.com.ar\/web\/wp-content\/uploads\/2014\/08\/victoria_brown1-50x50.jpg 50w, https:\/\/www.arquimaster.com.ar\/web\/wp-content\/uploads\/2014\/08\/victoria_brown1-125x125.jpg 125w\" sizes=\"auto, (max-width: 150px) 100vw, 150px\" \/><\/a>\n\t\t\t<\/div>\n\t\t\t\t<figcaption class='wp-caption-text gallery-caption' id='gallery-1-8925'>\n\t\t\t\tBar y Restaurant Victoria Brown \/ HM Arquitectos (\u00a9 Andres Martellini)\n\t\t\t\t<\/figcaption><\/figure><figure class='gallery-item'>\n\t\t\t<div class='gallery-icon landscape'>\n\t\t\t\t<a href='https:\/\/www.arquimaster.com.ar\/web\/wp-content\/uploads\/2014\/08\/victoria_brown2.jpg' title=\"Bar y Restaurant Victoria Brown \/ HM Arquitectos (\u00a9 Andres Martellini)\" data-rl_title=\"Bar y Restaurant Victoria Brown \/ HM Arquitectos (\u00a9 Andres Martellini)\" class=\"rl-gallery-link\" data-rl_caption=\"Bar y Restaurant Victoria Brown \/ HM Arquitectos (\u00a9 Andres Martellini)\" data-rel=\"lightbox-gallery-1\"><img loading=\"lazy\" decoding=\"async\" width=\"150\" height=\"150\" src=\"https:\/\/www.arquimaster.com.ar\/web\/wp-content\/uploads\/2014\/08\/victoria_brown2-150x150.jpg\" class=\"attachment-thumbnail size-thumbnail\" alt=\"\" aria-describedby=\"gallery-1-8926\" srcset=\"https:\/\/www.arquimaster.com.ar\/web\/wp-content\/uploads\/2014\/08\/victoria_brown2-150x150.jpg 150w, https:\/\/www.arquimaster.com.ar\/web\/wp-content\/uploads\/2014\/08\/victoria_brown2-50x50.jpg 50w, https:\/\/www.arquimaster.com.ar\/web\/wp-content\/uploads\/2014\/08\/victoria_brown2-125x125.jpg 125w\" sizes=\"auto, (max-width: 150px) 100vw, 150px\" \/><\/a>\n\t\t\t<\/div>\n\t\t\t\t<figcaption class='wp-caption-text gallery-caption' id='gallery-1-8926'>\n\t\t\t\tBar y Restaurant Victoria Brown \/ HM Arquitectos (\u00a9 Andres Martellini)\n\t\t\t\t<\/figcaption><\/figure><figure class='gallery-item'>\n\t\t\t<div class='gallery-icon landscape'>\n\t\t\t\t<a href='https:\/\/www.arquimaster.com.ar\/web\/wp-content\/uploads\/2014\/08\/victoria_brown3.jpg' title=\"Bar y Restaurant Victoria Brown \/ HM Arquitectos (\u00a9 Andres Martellini)\" data-rl_title=\"Bar y Restaurant Victoria Brown \/ HM Arquitectos (\u00a9 Andres Martellini)\" class=\"rl-gallery-link\" data-rl_caption=\"Bar y Restaurant Victoria Brown \/ HM Arquitectos (\u00a9 Andres Martellini)\" data-rel=\"lightbox-gallery-1\"><img loading=\"lazy\" decoding=\"async\" width=\"150\" height=\"150\" src=\"https:\/\/www.arquimaster.com.ar\/web\/wp-content\/uploads\/2014\/08\/victoria_brown3-150x150.jpg\" class=\"attachment-thumbnail size-thumbnail\" alt=\"\" aria-describedby=\"gallery-1-8927\" srcset=\"https:\/\/www.arquimaster.com.ar\/web\/wp-content\/uploads\/2014\/08\/victoria_brown3-150x150.jpg 150w, https:\/\/www.arquimaster.com.ar\/web\/wp-content\/uploads\/2014\/08\/victoria_brown3-50x50.jpg 50w, https:\/\/www.arquimaster.com.ar\/web\/wp-content\/uploads\/2014\/08\/victoria_brown3-125x125.jpg 125w\" sizes=\"auto, (max-width: 150px) 100vw, 150px\" \/><\/a>\n\t\t\t<\/div>\n\t\t\t\t<figcaption class='wp-caption-text gallery-caption' id='gallery-1-8927'>\n\t\t\t\tBar y Restaurant Victoria Brown \/ HM Arquitectos (\u00a9 Andres Martellini)\n\t\t\t\t<\/figcaption><\/figure><figure class='gallery-item'>\n\t\t\t<div class='gallery-icon landscape'>\n\t\t\t\t<a href='https:\/\/www.arquimaster.com.ar\/web\/wp-content\/uploads\/2014\/08\/victoria_brown4.jpg' title=\"Bar y Restaurant Victoria Brown \/ HM Arquitectos (\u00a9 Andres Martellini)\" data-rl_title=\"Bar y Restaurant Victoria Brown \/ HM Arquitectos (\u00a9 Andres Martellini)\" class=\"rl-gallery-link\" data-rl_caption=\"Bar y Restaurant Victoria Brown \/ HM Arquitectos (\u00a9 Andres Martellini)\" data-rel=\"lightbox-gallery-1\"><img loading=\"lazy\" decoding=\"async\" width=\"150\" height=\"150\" src=\"https:\/\/www.arquimaster.com.ar\/web\/wp-content\/uploads\/2014\/08\/victoria_brown4-150x150.jpg\" class=\"attachment-thumbnail size-thumbnail\" alt=\"\" aria-describedby=\"gallery-1-8928\" srcset=\"https:\/\/www.arquimaster.com.ar\/web\/wp-content\/uploads\/2014\/08\/victoria_brown4-150x150.jpg 150w, https:\/\/www.arquimaster.com.ar\/web\/wp-content\/uploads\/2014\/08\/victoria_brown4-50x50.jpg 50w, https:\/\/www.arquimaster.com.ar\/web\/wp-content\/uploads\/2014\/08\/victoria_brown4-125x125.jpg 125w\" sizes=\"auto, (max-width: 150px) 100vw, 150px\" \/><\/a>\n\t\t\t<\/div>\n\t\t\t\t<figcaption class='wp-caption-text gallery-caption' id='gallery-1-8928'>\n\t\t\t\tBar y Restaurant Victoria Brown \/ HM Arquitectos (\u00a9 Andres Martellini)\n\t\t\t\t<\/figcaption><\/figure><figure class='gallery-item'>\n\t\t\t<div class='gallery-icon portrait'>\n\t\t\t\t<a href='https:\/\/www.arquimaster.com.ar\/web\/wp-content\/uploads\/2014\/08\/victoria_brown5.jpg' title=\"Bar y Restaurant Victoria Brown \/ HM Arquitectos (\u00a9 Andres Martellini)\" data-rl_title=\"Bar y Restaurant Victoria Brown \/ HM Arquitectos (\u00a9 Andres Martellini)\" class=\"rl-gallery-link\" data-rl_caption=\"Bar y Restaurant Victoria Brown \/ HM Arquitectos (\u00a9 Andres Martellini)\" data-rel=\"lightbox-gallery-1\"><img loading=\"lazy\" decoding=\"async\" width=\"150\" height=\"150\" src=\"https:\/\/www.arquimaster.com.ar\/web\/wp-content\/uploads\/2014\/08\/victoria_brown5-150x150.jpg\" class=\"attachment-thumbnail size-thumbnail\" alt=\"\" aria-describedby=\"gallery-1-8929\" srcset=\"https:\/\/www.arquimaster.com.ar\/web\/wp-content\/uploads\/2014\/08\/victoria_brown5-150x150.jpg 150w, https:\/\/www.arquimaster.com.ar\/web\/wp-content\/uploads\/2014\/08\/victoria_brown5-50x50.jpg 50w, https:\/\/www.arquimaster.com.ar\/web\/wp-content\/uploads\/2014\/08\/victoria_brown5-125x125.jpg 125w\" sizes=\"auto, (max-width: 150px) 100vw, 150px\" \/><\/a>\n\t\t\t<\/div>\n\t\t\t\t<figcaption class='wp-caption-text gallery-caption' id='gallery-1-8929'>\n\t\t\t\tBar y Restaurant Victoria Brown \/ HM Arquitectos (\u00a9 Andres Martellini)\n\t\t\t\t<\/figcaption><\/figure><figure class='gallery-item'>\n\t\t\t<div class='gallery-icon landscape'>\n\t\t\t\t<a href='https:\/\/www.arquimaster.com.ar\/web\/wp-content\/uploads\/2014\/08\/victoria_brown6.jpg' title=\"Bar y Restaurant Victoria Brown \/ HM Arquitectos (\u00a9 Andres Martellini)\" data-rl_title=\"Bar y Restaurant Victoria Brown \/ HM Arquitectos (\u00a9 Andres Martellini)\" class=\"rl-gallery-link\" data-rl_caption=\"Bar y Restaurant Victoria Brown \/ HM Arquitectos (\u00a9 Andres Martellini)\" data-rel=\"lightbox-gallery-1\"><img loading=\"lazy\" decoding=\"async\" width=\"150\" height=\"150\" src=\"https:\/\/www.arquimaster.com.ar\/web\/wp-content\/uploads\/2014\/08\/victoria_brown6-150x150.jpg\" class=\"attachment-thumbnail size-thumbnail\" alt=\"\" aria-describedby=\"gallery-1-8930\" srcset=\"https:\/\/www.arquimaster.com.ar\/web\/wp-content\/uploads\/2014\/08\/victoria_brown6-150x150.jpg 150w, https:\/\/www.arquimaster.com.ar\/web\/wp-content\/uploads\/2014\/08\/victoria_brown6-50x50.jpg 50w, https:\/\/www.arquimaster.com.ar\/web\/wp-content\/uploads\/2014\/08\/victoria_brown6-125x125.jpg 125w\" sizes=\"auto, (max-width: 150px) 100vw, 150px\" \/><\/a>\n\t\t\t<\/div>\n\t\t\t\t<figcaption class='wp-caption-text gallery-caption' id='gallery-1-8930'>\n\t\t\t\tBar y Restaurant Victoria Brown \/ HM Arquitectos (\u00a9 Andres Martellini)\n\t\t\t\t<\/figcaption><\/figure><figure class='gallery-item'>\n\t\t\t<div class='gallery-icon landscape'>\n\t\t\t\t<a href='https:\/\/www.arquimaster.com.ar\/web\/wp-content\/uploads\/2014\/08\/victoria_brown7.jpg' title=\"Bar y Restaurant Victoria Brown \/ HM Arquitectos (\u00a9 Andres Martellini)\" data-rl_title=\"Bar y Restaurant Victoria Brown \/ HM Arquitectos (\u00a9 Andres Martellini)\" class=\"rl-gallery-link\" data-rl_caption=\"Bar y Restaurant Victoria Brown \/ HM Arquitectos (\u00a9 Andres Martellini)\" data-rel=\"lightbox-gallery-1\"><img loading=\"lazy\" decoding=\"async\" width=\"150\" height=\"150\" src=\"https:\/\/www.arquimaster.com.ar\/web\/wp-content\/uploads\/2014\/08\/victoria_brown7-150x150.jpg\" class=\"attachment-thumbnail size-thumbnail\" alt=\"\" aria-describedby=\"gallery-1-8931\" srcset=\"https:\/\/www.arquimaster.com.ar\/web\/wp-content\/uploads\/2014\/08\/victoria_brown7-150x150.jpg 150w, https:\/\/www.arquimaster.com.ar\/web\/wp-content\/uploads\/2014\/08\/victoria_brown7-50x50.jpg 50w, https:\/\/www.arquimaster.com.ar\/web\/wp-content\/uploads\/2014\/08\/victoria_brown7-125x125.jpg 125w\" sizes=\"auto, (max-width: 150px) 100vw, 150px\" \/><\/a>\n\t\t\t<\/div>\n\t\t\t\t<figcaption class='wp-caption-text gallery-caption' id='gallery-1-8931'>\n\t\t\t\tBar y Restaurant Victoria Brown \/ HM Arquitectos (\u00a9 Andres Martellini)\n\t\t\t\t<\/figcaption><\/figure><figure class='gallery-item'>\n\t\t\t<div class='gallery-icon landscape'>\n\t\t\t\t<a href='https:\/\/www.arquimaster.com.ar\/web\/wp-content\/uploads\/2014\/08\/victoria_brown8.jpg' title=\"Bar y Restaurant Victoria Brown \/ HM Arquitectos (\u00a9 Andres Martellini)\" data-rl_title=\"Bar y Restaurant Victoria Brown \/ HM Arquitectos (\u00a9 Andres Martellini)\" class=\"rl-gallery-link\" data-rl_caption=\"Bar y Restaurant Victoria Brown \/ HM Arquitectos (\u00a9 Andres Martellini)\" data-rel=\"lightbox-gallery-1\"><img loading=\"lazy\" decoding=\"async\" width=\"150\" height=\"150\" src=\"https:\/\/www.arquimaster.com.ar\/web\/wp-content\/uploads\/2014\/08\/victoria_brown8-150x150.jpg\" class=\"attachment-thumbnail size-thumbnail\" alt=\"\" aria-describedby=\"gallery-1-8932\" srcset=\"https:\/\/www.arquimaster.com.ar\/web\/wp-content\/uploads\/2014\/08\/victoria_brown8-150x150.jpg 150w, https:\/\/www.arquimaster.com.ar\/web\/wp-content\/uploads\/2014\/08\/victoria_brown8-50x50.jpg 50w, https:\/\/www.arquimaster.com.ar\/web\/wp-content\/uploads\/2014\/08\/victoria_brown8-125x125.jpg 125w\" sizes=\"auto, (max-width: 150px) 100vw, 150px\" \/><\/a>\n\t\t\t<\/div>\n\t\t\t\t<figcaption class='wp-caption-text gallery-caption' id='gallery-1-8932'>\n\t\t\t\tBar y Restaurant Victoria Brown \/ HM Arquitectos (\u00a9 Andres Martellini)\n\t\t\t\t<\/figcaption><\/figure><figure class='gallery-item'>\n\t\t\t<div class='gallery-icon landscape'>\n\t\t\t\t<a href='https:\/\/www.arquimaster.com.ar\/web\/wp-content\/uploads\/2014\/08\/victoria_brown9.jpg' title=\"Bar y Restaurant Victoria Brown \/ HM Arquitectos (\u00a9 Andres Martellini)\" data-rl_title=\"Bar y Restaurant Victoria Brown \/ HM Arquitectos (\u00a9 Andres Martellini)\" class=\"rl-gallery-link\" data-rl_caption=\"Bar y Restaurant Victoria Brown \/ HM Arquitectos (\u00a9 Andres Martellini)\" data-rel=\"lightbox-gallery-1\"><img loading=\"lazy\" decoding=\"async\" width=\"150\" height=\"150\" src=\"https:\/\/www.arquimaster.com.ar\/web\/wp-content\/uploads\/2014\/08\/victoria_brown9-150x150.jpg\" class=\"attachment-thumbnail size-thumbnail\" alt=\"\" aria-describedby=\"gallery-1-8933\" srcset=\"https:\/\/www.arquimaster.com.ar\/web\/wp-content\/uploads\/2014\/08\/victoria_brown9-150x150.jpg 150w, https:\/\/www.arquimaster.com.ar\/web\/wp-content\/uploads\/2014\/08\/victoria_brown9-50x50.jpg 50w, https:\/\/www.arquimaster.com.ar\/web\/wp-content\/uploads\/2014\/08\/victoria_brown9-125x125.jpg 125w\" sizes=\"auto, (max-width: 150px) 100vw, 150px\" \/><\/a>\n\t\t\t<\/div>\n\t\t\t\t<figcaption class='wp-caption-text gallery-caption' id='gallery-1-8933'>\n\t\t\t\tBar y Restaurant Victoria Brown \/ HM Arquitectos (\u00a9 Andres Martellini)\n\t\t\t\t<\/figcaption><\/figure><figure class='gallery-item'>\n\t\t\t<div class='gallery-icon portrait'>\n\t\t\t\t<a href='https:\/\/www.arquimaster.com.ar\/web\/wp-content\/uploads\/2014\/08\/victoria_brown10.jpg' title=\"Bar y Restaurant Victoria Brown \/ HM Arquitectos (\u00a9 Andres Martellini)\" data-rl_title=\"Bar y Restaurant Victoria Brown \/ HM Arquitectos (\u00a9 Andres Martellini)\" class=\"rl-gallery-link\" data-rl_caption=\"Bar y Restaurant Victoria Brown \/ HM Arquitectos (\u00a9 Andres Martellini)\" data-rel=\"lightbox-gallery-1\"><img loading=\"lazy\" decoding=\"async\" width=\"150\" height=\"150\" src=\"https:\/\/www.arquimaster.com.ar\/web\/wp-content\/uploads\/2014\/08\/victoria_brown10-150x150.jpg\" class=\"attachment-thumbnail size-thumbnail\" alt=\"\" aria-describedby=\"gallery-1-8934\" srcset=\"https:\/\/www.arquimaster.com.ar\/web\/wp-content\/uploads\/2014\/08\/victoria_brown10-150x150.jpg 150w, https:\/\/www.arquimaster.com.ar\/web\/wp-content\/uploads\/2014\/08\/victoria_brown10-50x50.jpg 50w, https:\/\/www.arquimaster.com.ar\/web\/wp-content\/uploads\/2014\/08\/victoria_brown10-125x125.jpg 125w\" sizes=\"auto, (max-width: 150px) 100vw, 150px\" \/><\/a>\n\t\t\t<\/div>\n\t\t\t\t<figcaption class='wp-caption-text gallery-caption' id='gallery-1-8934'>\n\t\t\t\tBar y Restaurant Victoria Brown \/ HM Arquitectos (\u00a9 Andres Martellini)\n\t\t\t\t<\/figcaption><\/figure><figure class='gallery-item'>\n\t\t\t<div class='gallery-icon landscape'>\n\t\t\t\t<a href='https:\/\/www.arquimaster.com.ar\/web\/wp-content\/uploads\/2014\/08\/victoria_brown11.jpg' title=\"Bar y Restaurant Victoria Brown \/ HM Arquitectos (\u00a9 Andres Martellini)\" data-rl_title=\"Bar y Restaurant Victoria Brown \/ HM Arquitectos (\u00a9 Andres Martellini)\" class=\"rl-gallery-link\" data-rl_caption=\"Bar y Restaurant Victoria Brown \/ HM Arquitectos (\u00a9 Andres Martellini)\" data-rel=\"lightbox-gallery-1\"><img loading=\"lazy\" decoding=\"async\" width=\"150\" height=\"150\" src=\"https:\/\/www.arquimaster.com.ar\/web\/wp-content\/uploads\/2014\/08\/victoria_brown11-150x150.jpg\" class=\"attachment-thumbnail size-thumbnail\" alt=\"\" aria-describedby=\"gallery-1-8935\" srcset=\"https:\/\/www.arquimaster.com.ar\/web\/wp-content\/uploads\/2014\/08\/victoria_brown11-150x150.jpg 150w, https:\/\/www.arquimaster.com.ar\/web\/wp-content\/uploads\/2014\/08\/victoria_brown11-50x50.jpg 50w, https:\/\/www.arquimaster.com.ar\/web\/wp-content\/uploads\/2014\/08\/victoria_brown11-125x125.jpg 125w\" sizes=\"auto, (max-width: 150px) 100vw, 150px\" \/><\/a>\n\t\t\t<\/div>\n\t\t\t\t<figcaption class='wp-caption-text gallery-caption' id='gallery-1-8935'>\n\t\t\t\tBar y Restaurant Victoria Brown \/ HM Arquitectos (\u00a9 Andres Martellini)\n\t\t\t\t<\/figcaption><\/figure><figure class='gallery-item'>\n\t\t\t<div class='gallery-icon landscape'>\n\t\t\t\t<a href='https:\/\/www.arquimaster.com.ar\/web\/wp-content\/uploads\/2014\/08\/victoria_brown12.jpg' title=\"Bar y Restaurant Victoria Brown \/ HM Arquitectos (\u00a9 Andres Martellini)\" data-rl_title=\"Bar y Restaurant Victoria Brown \/ HM Arquitectos (\u00a9 Andres Martellini)\" class=\"rl-gallery-link\" data-rl_caption=\"Bar y Restaurant Victoria Brown \/ HM Arquitectos (\u00a9 Andres Martellini)\" data-rel=\"lightbox-gallery-1\"><img loading=\"lazy\" decoding=\"async\" width=\"150\" height=\"150\" src=\"https:\/\/www.arquimaster.com.ar\/web\/wp-content\/uploads\/2014\/08\/victoria_brown12-150x150.jpg\" class=\"attachment-thumbnail size-thumbnail\" alt=\"\" aria-describedby=\"gallery-1-8936\" srcset=\"https:\/\/www.arquimaster.com.ar\/web\/wp-content\/uploads\/2014\/08\/victoria_brown12-150x150.jpg 150w, https:\/\/www.arquimaster.com.ar\/web\/wp-content\/uploads\/2014\/08\/victoria_brown12-50x50.jpg 50w, https:\/\/www.arquimaster.com.ar\/web\/wp-content\/uploads\/2014\/08\/victoria_brown12-125x125.jpg 125w\" sizes=\"auto, (max-width: 150px) 100vw, 150px\" \/><\/a>\n\t\t\t<\/div>\n\t\t\t\t<figcaption class='wp-caption-text gallery-caption' id='gallery-1-8936'>\n\t\t\t\tBar y Restaurant Victoria Brown \/ HM Arquitectos (\u00a9 Andres Martellini)\n\t\t\t\t<\/figcaption><\/figure><figure class='gallery-item'>\n\t\t\t<div class='gallery-icon portrait'>\n\t\t\t\t<a href='https:\/\/www.arquimaster.com.ar\/web\/wp-content\/uploads\/2014\/08\/victoria_brown13.jpg' title=\"Bar y Restaurant Victoria Brown \/ HM Arquitectos (\u00a9 Andres Martellini)\" data-rl_title=\"Bar y Restaurant Victoria Brown \/ HM Arquitectos (\u00a9 Andres Martellini)\" class=\"rl-gallery-link\" data-rl_caption=\"Bar y Restaurant Victoria Brown \/ HM Arquitectos (\u00a9 Andres Martellini)\" data-rel=\"lightbox-gallery-1\"><img loading=\"lazy\" decoding=\"async\" width=\"150\" height=\"150\" src=\"https:\/\/www.arquimaster.com.ar\/web\/wp-content\/uploads\/2014\/08\/victoria_brown13-150x150.jpg\" class=\"attachment-thumbnail size-thumbnail\" alt=\"\" aria-describedby=\"gallery-1-8937\" srcset=\"https:\/\/www.arquimaster.com.ar\/web\/wp-content\/uploads\/2014\/08\/victoria_brown13-150x150.jpg 150w, https:\/\/www.arquimaster.com.ar\/web\/wp-content\/uploads\/2014\/08\/victoria_brown13-50x50.jpg 50w, https:\/\/www.arquimaster.com.ar\/web\/wp-content\/uploads\/2014\/08\/victoria_brown13-125x125.jpg 125w\" sizes=\"auto, (max-width: 150px) 100vw, 150px\" \/><\/a>\n\t\t\t<\/div>\n\t\t\t\t<figcaption class='wp-caption-text gallery-caption' id='gallery-1-8937'>\n\t\t\t\tBar y Restaurant Victoria Brown \/ HM Arquitectos (\u00a9 Andres Martellini)\n\t\t\t\t<\/figcaption><\/figure><figure class='gallery-item'>\n\t\t\t<div class='gallery-icon portrait'>\n\t\t\t\t<a href='https:\/\/www.arquimaster.com.ar\/web\/wp-content\/uploads\/2014\/08\/victoria_brown14.jpg' title=\"Bar y Restaurant Victoria Brown \/ HM Arquitectos (\u00a9 Andres Martellini)\" data-rl_title=\"Bar y Restaurant Victoria Brown \/ HM Arquitectos (\u00a9 Andres Martellini)\" class=\"rl-gallery-link\" data-rl_caption=\"Bar y Restaurant Victoria Brown \/ HM Arquitectos (\u00a9 Andres Martellini)\" data-rel=\"lightbox-gallery-1\"><img loading=\"lazy\" decoding=\"async\" width=\"150\" height=\"150\" src=\"https:\/\/www.arquimaster.com.ar\/web\/wp-content\/uploads\/2014\/08\/victoria_brown14-150x150.jpg\" class=\"attachment-thumbnail size-thumbnail\" alt=\"\" aria-describedby=\"gallery-1-8938\" srcset=\"https:\/\/www.arquimaster.com.ar\/web\/wp-content\/uploads\/2014\/08\/victoria_brown14-150x150.jpg 150w, https:\/\/www.arquimaster.com.ar\/web\/wp-content\/uploads\/2014\/08\/victoria_brown14-50x50.jpg 50w, https:\/\/www.arquimaster.com.ar\/web\/wp-content\/uploads\/2014\/08\/victoria_brown14-125x125.jpg 125w\" sizes=\"auto, (max-width: 150px) 100vw, 150px\" \/><\/a>\n\t\t\t<\/div>\n\t\t\t\t<figcaption class='wp-caption-text gallery-caption' id='gallery-1-8938'>\n\t\t\t\tBar y Restaurant Victoria Brown \/ HM Arquitectos (\u00a9 Andres Martellini)\n\t\t\t\t<\/figcaption><\/figure><figure class='gallery-item'>\n\t\t\t<div class='gallery-icon landscape'>\n\t\t\t\t<a href='https:\/\/www.arquimaster.com.ar\/web\/wp-content\/uploads\/2014\/08\/victoria_brown15.jpg' title=\"Bar y Restaurant Victoria Brown \/ HM Arquitectos (\u00a9 Andres Martellini)\" data-rl_title=\"Bar y Restaurant Victoria Brown \/ HM Arquitectos (\u00a9 Andres Martellini)\" class=\"rl-gallery-link\" data-rl_caption=\"Bar y Restaurant Victoria Brown \/ HM Arquitectos (\u00a9 Andres Martellini)\" data-rel=\"lightbox-gallery-1\"><img loading=\"lazy\" decoding=\"async\" width=\"150\" height=\"150\" src=\"https:\/\/www.arquimaster.com.ar\/web\/wp-content\/uploads\/2014\/08\/victoria_brown15-150x150.jpg\" class=\"attachment-thumbnail size-thumbnail\" alt=\"\" aria-describedby=\"gallery-1-8939\" srcset=\"https:\/\/www.arquimaster.com.ar\/web\/wp-content\/uploads\/2014\/08\/victoria_brown15-150x150.jpg 150w, https:\/\/www.arquimaster.com.ar\/web\/wp-content\/uploads\/2014\/08\/victoria_brown15-50x50.jpg 50w, https:\/\/www.arquimaster.com.ar\/web\/wp-content\/uploads\/2014\/08\/victoria_brown15-125x125.jpg 125w\" sizes=\"auto, (max-width: 150px) 100vw, 150px\" \/><\/a>\n\t\t\t<\/div>\n\t\t\t\t<figcaption class='wp-caption-text gallery-caption' id='gallery-1-8939'>\n\t\t\t\tBar y Restaurant Victoria Brown \/ HM Arquitectos (\u00a9 Andres Martellini)\n\t\t\t\t<\/figcaption><\/figure><figure class='gallery-item'>\n\t\t\t<div class='gallery-icon landscape'>\n\t\t\t\t<a href='https:\/\/www.arquimaster.com.ar\/web\/wp-content\/uploads\/2014\/08\/victoria_brown16.jpg' title=\"Bar y Restaurant Victoria Brown \/ HM Arquitectos (\u00a9 Andres Martellini)\" data-rl_title=\"Bar y Restaurant Victoria Brown \/ HM Arquitectos (\u00a9 Andres Martellini)\" class=\"rl-gallery-link\" data-rl_caption=\"Bar y Restaurant Victoria Brown \/ HM Arquitectos (\u00a9 Andres Martellini)\" data-rel=\"lightbox-gallery-1\"><img loading=\"lazy\" decoding=\"async\" width=\"150\" height=\"150\" src=\"https:\/\/www.arquimaster.com.ar\/web\/wp-content\/uploads\/2014\/08\/victoria_brown16-150x150.jpg\" class=\"attachment-thumbnail size-thumbnail\" alt=\"\" aria-describedby=\"gallery-1-8940\" srcset=\"https:\/\/www.arquimaster.com.ar\/web\/wp-content\/uploads\/2014\/08\/victoria_brown16-150x150.jpg 150w, https:\/\/www.arquimaster.com.ar\/web\/wp-content\/uploads\/2014\/08\/victoria_brown16-50x50.jpg 50w, https:\/\/www.arquimaster.com.ar\/web\/wp-content\/uploads\/2014\/08\/victoria_brown16-125x125.jpg 125w\" sizes=\"auto, (max-width: 150px) 100vw, 150px\" \/><\/a>\n\t\t\t<\/div>\n\t\t\t\t<figcaption class='wp-caption-text gallery-caption' id='gallery-1-8940'>\n\t\t\t\tBar y Restaurant Victoria Brown \/ HM Arquitectos (\u00a9 Andres Martellini)\n\t\t\t\t<\/figcaption><\/figure><figure class='gallery-item'>\n\t\t\t<div class='gallery-icon landscape'>\n\t\t\t\t<a href='https:\/\/www.arquimaster.com.ar\/web\/wp-content\/uploads\/2014\/08\/victoria_brown17.jpg' title=\"Bar y Restaurant Victoria Brown \/ HM Arquitectos (\u00a9 Andres Martellini)\" data-rl_title=\"Bar y Restaurant Victoria Brown \/ HM Arquitectos (\u00a9 Andres Martellini)\" class=\"rl-gallery-link\" data-rl_caption=\"Bar y Restaurant Victoria Brown \/ HM Arquitectos (\u00a9 Andres Martellini)\" data-rel=\"lightbox-gallery-1\"><img loading=\"lazy\" decoding=\"async\" width=\"150\" height=\"150\" src=\"https:\/\/www.arquimaster.com.ar\/web\/wp-content\/uploads\/2014\/08\/victoria_brown17-150x150.jpg\" class=\"attachment-thumbnail size-thumbnail\" alt=\"\" aria-describedby=\"gallery-1-8941\" srcset=\"https:\/\/www.arquimaster.com.ar\/web\/wp-content\/uploads\/2014\/08\/victoria_brown17-150x150.jpg 150w, https:\/\/www.arquimaster.com.ar\/web\/wp-content\/uploads\/2014\/08\/victoria_brown17-50x50.jpg 50w, https:\/\/www.arquimaster.com.ar\/web\/wp-content\/uploads\/2014\/08\/victoria_brown17-125x125.jpg 125w\" sizes=\"auto, (max-width: 150px) 100vw, 150px\" \/><\/a>\n\t\t\t<\/div>\n\t\t\t\t<figcaption class='wp-caption-text gallery-caption' id='gallery-1-8941'>\n\t\t\t\tBar y Restaurant Victoria Brown \/ HM Arquitectos (\u00a9 Andres Martellini)\n\t\t\t\t<\/figcaption><\/figure><figure class='gallery-item'>\n\t\t\t<div class='gallery-icon landscape'>\n\t\t\t\t<a href='https:\/\/www.arquimaster.com.ar\/web\/wp-content\/uploads\/2014\/08\/victoria_brown18.jpg' title=\"Bar y Restaurant Victoria Brown \/ HM Arquitectos (\u00a9 Andres Martellini)\" data-rl_title=\"Bar y Restaurant Victoria Brown \/ HM Arquitectos (\u00a9 Andres Martellini)\" class=\"rl-gallery-link\" data-rl_caption=\"Bar y Restaurant Victoria Brown \/ HM Arquitectos (\u00a9 Andres Martellini)\" data-rel=\"lightbox-gallery-1\"><img loading=\"lazy\" decoding=\"async\" width=\"150\" height=\"150\" src=\"https:\/\/www.arquimaster.com.ar\/web\/wp-content\/uploads\/2014\/08\/victoria_brown18-150x150.jpg\" class=\"attachment-thumbnail size-thumbnail\" alt=\"\" aria-describedby=\"gallery-1-8942\" srcset=\"https:\/\/www.arquimaster.com.ar\/web\/wp-content\/uploads\/2014\/08\/victoria_brown18-150x150.jpg 150w, https:\/\/www.arquimaster.com.ar\/web\/wp-content\/uploads\/2014\/08\/victoria_brown18-50x50.jpg 50w, https:\/\/www.arquimaster.com.ar\/web\/wp-content\/uploads\/2014\/08\/victoria_brown18-125x125.jpg 125w\" sizes=\"auto, (max-width: 150px) 100vw, 150px\" \/><\/a>\n\t\t\t<\/div>\n\t\t\t\t<figcaption class='wp-caption-text gallery-caption' id='gallery-1-8942'>\n\t\t\t\tBar y Restaurant Victoria Brown \/ HM Arquitectos (\u00a9 Andres Martellini)\n\t\t\t\t<\/figcaption><\/figure><figure class='gallery-item'>\n\t\t\t<div class='gallery-icon landscape'>\n\t\t\t\t<a href='https:\/\/www.arquimaster.com.ar\/web\/wp-content\/uploads\/2014\/08\/victoria_brown19.jpg' title=\"Bar y Restaurant Victoria Brown \/ HM Arquitectos (\u00a9 Andres Martellini)\" data-rl_title=\"Bar y Restaurant Victoria Brown \/ HM Arquitectos (\u00a9 Andres Martellini)\" class=\"rl-gallery-link\" data-rl_caption=\"Bar y Restaurant Victoria Brown \/ HM Arquitectos (\u00a9 Andres Martellini)\" data-rel=\"lightbox-gallery-1\"><img loading=\"lazy\" decoding=\"async\" width=\"150\" height=\"150\" src=\"https:\/\/www.arquimaster.com.ar\/web\/wp-content\/uploads\/2014\/08\/victoria_brown19-150x150.jpg\" class=\"attachment-thumbnail size-thumbnail\" alt=\"\" aria-describedby=\"gallery-1-8943\" srcset=\"https:\/\/www.arquimaster.com.ar\/web\/wp-content\/uploads\/2014\/08\/victoria_brown19-150x150.jpg 150w, https:\/\/www.arquimaster.com.ar\/web\/wp-content\/uploads\/2014\/08\/victoria_brown19-50x50.jpg 50w, https:\/\/www.arquimaster.com.ar\/web\/wp-content\/uploads\/2014\/08\/victoria_brown19-125x125.jpg 125w\" sizes=\"auto, (max-width: 150px) 100vw, 150px\" \/><\/a>\n\t\t\t<\/div>\n\t\t\t\t<figcaption class='wp-caption-text gallery-caption' id='gallery-1-8943'>\n\t\t\t\tBar y Restaurant Victoria Brown \/ HM Arquitectos (\u00a9 Andres Martellini)\n\t\t\t\t<\/figcaption><\/figure><figure class='gallery-item'>\n\t\t\t<div class='gallery-icon landscape'>\n\t\t\t\t<a href='https:\/\/www.arquimaster.com.ar\/web\/wp-content\/uploads\/2014\/08\/victoria_brown20.jpg' title=\"Bar y Restaurant Victoria Brown \/ HM Arquitectos (\u00a9 Andres Martellini)\" data-rl_title=\"Bar y Restaurant Victoria Brown \/ HM Arquitectos (\u00a9 Andres Martellini)\" class=\"rl-gallery-link\" data-rl_caption=\"Bar y Restaurant Victoria Brown \/ HM Arquitectos (\u00a9 Andres Martellini)\" data-rel=\"lightbox-gallery-1\"><img loading=\"lazy\" decoding=\"async\" width=\"150\" height=\"150\" src=\"https:\/\/www.arquimaster.com.ar\/web\/wp-content\/uploads\/2014\/08\/victoria_brown20-150x150.jpg\" class=\"attachment-thumbnail size-thumbnail\" alt=\"\" aria-describedby=\"gallery-1-8944\" srcset=\"https:\/\/www.arquimaster.com.ar\/web\/wp-content\/uploads\/2014\/08\/victoria_brown20-150x150.jpg 150w, https:\/\/www.arquimaster.com.ar\/web\/wp-content\/uploads\/2014\/08\/victoria_brown20-50x50.jpg 50w, https:\/\/www.arquimaster.com.ar\/web\/wp-content\/uploads\/2014\/08\/victoria_brown20-125x125.jpg 125w\" sizes=\"auto, (max-width: 150px) 100vw, 150px\" \/><\/a>\n\t\t\t<\/div>\n\t\t\t\t<figcaption class='wp-caption-text gallery-caption' id='gallery-1-8944'>\n\t\t\t\tBar y Restaurant Victoria Brown \/ HM Arquitectos (\u00a9 Andres Martellini)\n\t\t\t\t<\/figcaption><\/figure><figure class='gallery-item'>\n\t\t\t<div class='gallery-icon landscape'>\n\t\t\t\t<a href='https:\/\/www.arquimaster.com.ar\/web\/wp-content\/uploads\/2014\/08\/victoria_brown21.jpg' title=\"Bar y Restaurant Victoria Brown \/ HM Arquitectos (\u00a9 Andres Martellini)\" data-rl_title=\"Bar y Restaurant Victoria Brown \/ HM Arquitectos (\u00a9 Andres Martellini)\" class=\"rl-gallery-link\" data-rl_caption=\"Bar y Restaurant Victoria Brown \/ HM Arquitectos (\u00a9 Andres Martellini)\" data-rel=\"lightbox-gallery-1\"><img loading=\"lazy\" decoding=\"async\" width=\"150\" height=\"150\" src=\"https:\/\/www.arquimaster.com.ar\/web\/wp-content\/uploads\/2014\/08\/victoria_brown21-150x150.jpg\" class=\"attachment-thumbnail size-thumbnail\" alt=\"\" aria-describedby=\"gallery-1-8945\" srcset=\"https:\/\/www.arquimaster.com.ar\/web\/wp-content\/uploads\/2014\/08\/victoria_brown21-150x150.jpg 150w, https:\/\/www.arquimaster.com.ar\/web\/wp-content\/uploads\/2014\/08\/victoria_brown21-50x50.jpg 50w, https:\/\/www.arquimaster.com.ar\/web\/wp-content\/uploads\/2014\/08\/victoria_brown21-125x125.jpg 125w\" sizes=\"auto, (max-width: 150px) 100vw, 150px\" \/><\/a>\n\t\t\t<\/div>\n\t\t\t\t<figcaption class='wp-caption-text gallery-caption' id='gallery-1-8945'>\n\t\t\t\tBar y Restaurant Victoria Brown \/ HM Arquitectos (\u00a9 Andres Martellini)\n\t\t\t\t<\/figcaption><\/figure><figure class='gallery-item'>\n\t\t\t<div class='gallery-icon landscape'>\n\t\t\t\t<a href='https:\/\/www.arquimaster.com.ar\/web\/wp-content\/uploads\/2014\/08\/victoria_brown22.jpg' title=\"Bar y Restaurant Victoria Brown \/ HM Arquitectos (\u00a9 Andres Martellini)\" data-rl_title=\"Bar y Restaurant Victoria Brown \/ HM Arquitectos (\u00a9 Andres Martellini)\" class=\"rl-gallery-link\" data-rl_caption=\"Bar y Restaurant Victoria Brown \/ HM Arquitectos (\u00a9 Andres Martellini)\" data-rel=\"lightbox-gallery-1\"><img loading=\"lazy\" decoding=\"async\" width=\"150\" height=\"150\" src=\"https:\/\/www.arquimaster.com.ar\/web\/wp-content\/uploads\/2014\/08\/victoria_brown22-150x150.jpg\" class=\"attachment-thumbnail size-thumbnail\" alt=\"\" aria-describedby=\"gallery-1-8946\" srcset=\"https:\/\/www.arquimaster.com.ar\/web\/wp-content\/uploads\/2014\/08\/victoria_brown22-150x150.jpg 150w, https:\/\/www.arquimaster.com.ar\/web\/wp-content\/uploads\/2014\/08\/victoria_brown22-50x50.jpg 50w, https:\/\/www.arquimaster.com.ar\/web\/wp-content\/uploads\/2014\/08\/victoria_brown22-125x125.jpg 125w\" sizes=\"auto, (max-width: 150px) 100vw, 150px\" \/><\/a>\n\t\t\t<\/div>\n\t\t\t\t<figcaption class='wp-caption-text gallery-caption' id='gallery-1-8946'>\n\t\t\t\tBar y Restaurant Victoria Brown \/ HM Arquitectos (\u00a9 Andres Martellini)\n\t\t\t\t<\/figcaption><\/figure><figure class='gallery-item'>\n\t\t\t<div class='gallery-icon landscape'>\n\t\t\t\t<a href='https:\/\/www.arquimaster.com.ar\/web\/wp-content\/uploads\/2014\/08\/victoria_brown23.jpg' title=\"Bar y Restaurant Victoria Brown \/ HM Arquitectos (\u00a9 Andres Martellini)\" data-rl_title=\"Bar y Restaurant Victoria Brown \/ HM Arquitectos (\u00a9 Andres Martellini)\" class=\"rl-gallery-link\" data-rl_caption=\"Bar y Restaurant Victoria Brown \/ HM Arquitectos (\u00a9 Andres Martellini)\" data-rel=\"lightbox-gallery-1\"><img loading=\"lazy\" decoding=\"async\" width=\"150\" height=\"150\" src=\"https:\/\/www.arquimaster.com.ar\/web\/wp-content\/uploads\/2014\/08\/victoria_brown23-150x150.jpg\" class=\"attachment-thumbnail size-thumbnail\" alt=\"\" aria-describedby=\"gallery-1-8947\" srcset=\"https:\/\/www.arquimaster.com.ar\/web\/wp-content\/uploads\/2014\/08\/victoria_brown23-150x150.jpg 150w, https:\/\/www.arquimaster.com.ar\/web\/wp-content\/uploads\/2014\/08\/victoria_brown23-50x50.jpg 50w, https:\/\/www.arquimaster.com.ar\/web\/wp-content\/uploads\/2014\/08\/victoria_brown23-125x125.jpg 125w\" sizes=\"auto, (max-width: 150px) 100vw, 150px\" \/><\/a>\n\t\t\t<\/div>\n\t\t\t\t<figcaption class='wp-caption-text gallery-caption' id='gallery-1-8947'>\n\t\t\t\tBar y Restaurant Victoria Brown \/ HM Arquitectos (\u00a9 Andres Martellini)\n\t\t\t\t<\/figcaption><\/figure><figure class='gallery-item'>\n\t\t\t<div class='gallery-icon portrait'>\n\t\t\t\t<a href='https:\/\/www.arquimaster.com.ar\/web\/wp-content\/uploads\/2014\/08\/victoria_brown24.jpg' title=\"Bar y Restaurant Victoria Brown \/ HM Arquitectos (\u00a9 Andres Martellini)\" data-rl_title=\"Bar y Restaurant Victoria Brown \/ HM Arquitectos (\u00a9 Andres Martellini)\" class=\"rl-gallery-link\" data-rl_caption=\"Bar y Restaurant Victoria Brown \/ HM Arquitectos (\u00a9 Andres Martellini)\" data-rel=\"lightbox-gallery-1\"><img loading=\"lazy\" decoding=\"async\" width=\"150\" height=\"150\" src=\"https:\/\/www.arquimaster.com.ar\/web\/wp-content\/uploads\/2014\/08\/victoria_brown24-150x150.jpg\" class=\"attachment-thumbnail size-thumbnail\" alt=\"\" aria-describedby=\"gallery-1-8948\" srcset=\"https:\/\/www.arquimaster.com.ar\/web\/wp-content\/uploads\/2014\/08\/victoria_brown24-150x150.jpg 150w, https:\/\/www.arquimaster.com.ar\/web\/wp-content\/uploads\/2014\/08\/victoria_brown24-50x50.jpg 50w, https:\/\/www.arquimaster.com.ar\/web\/wp-content\/uploads\/2014\/08\/victoria_brown24-125x125.jpg 125w\" sizes=\"auto, (max-width: 150px) 100vw, 150px\" \/><\/a>\n\t\t\t<\/div>\n\t\t\t\t<figcaption class='wp-caption-text gallery-caption' id='gallery-1-8948'>\n\t\t\t\tBar y Restaurant Victoria Brown \/ HM Arquitectos (\u00a9 Andres Martellini)\n\t\t\t\t<\/figcaption><\/figure><figure class='gallery-item'>\n\t\t\t<div class='gallery-icon portrait'>\n\t\t\t\t<a href='https:\/\/www.arquimaster.com.ar\/web\/wp-content\/uploads\/2014\/08\/victoria_brown25.jpg' title=\"Bar y Restaurant Victoria Brown \/ HM Arquitectos (\u00a9 Andres Martellini)\" data-rl_title=\"Bar y Restaurant Victoria Brown \/ HM Arquitectos (\u00a9 Andres Martellini)\" class=\"rl-gallery-link\" data-rl_caption=\"Bar y Restaurant Victoria Brown \/ HM Arquitectos (\u00a9 Andres Martellini)\" data-rel=\"lightbox-gallery-1\"><img loading=\"lazy\" decoding=\"async\" width=\"150\" height=\"150\" src=\"https:\/\/www.arquimaster.com.ar\/web\/wp-content\/uploads\/2014\/08\/victoria_brown25-150x150.jpg\" class=\"attachment-thumbnail size-thumbnail\" alt=\"\" aria-describedby=\"gallery-1-8949\" srcset=\"https:\/\/www.arquimaster.com.ar\/web\/wp-content\/uploads\/2014\/08\/victoria_brown25-150x150.jpg 150w, https:\/\/www.arquimaster.com.ar\/web\/wp-content\/uploads\/2014\/08\/victoria_brown25-50x50.jpg 50w, https:\/\/www.arquimaster.com.ar\/web\/wp-content\/uploads\/2014\/08\/victoria_brown25-125x125.jpg 125w\" sizes=\"auto, (max-width: 150px) 100vw, 150px\" \/><\/a>\n\t\t\t<\/div>\n\t\t\t\t<figcaption class='wp-caption-text gallery-caption' id='gallery-1-8949'>\n\t\t\t\tBar y Restaurant Victoria Brown \/ HM Arquitectos (\u00a9 Andres Martellini)\n\t\t\t\t<\/figcaption><\/figure><figure class='gallery-item'>\n\t\t\t<div class='gallery-icon landscape'>\n\t\t\t\t<a href='https:\/\/www.arquimaster.com.ar\/web\/wp-content\/uploads\/2014\/08\/victoria_brown26.jpg' title=\"Bar y Restaurant Victoria Brown \/ HM Arquitectos (\u00a9 Andres Martellini)\" data-rl_title=\"Bar y Restaurant Victoria Brown \/ HM Arquitectos (\u00a9 Andres Martellini)\" class=\"rl-gallery-link\" data-rl_caption=\"Bar y Restaurant Victoria Brown \/ HM Arquitectos (\u00a9 Andres Martellini)\" data-rel=\"lightbox-gallery-1\"><img loading=\"lazy\" decoding=\"async\" width=\"150\" height=\"150\" src=\"https:\/\/www.arquimaster.com.ar\/web\/wp-content\/uploads\/2014\/08\/victoria_brown26-150x150.jpg\" class=\"attachment-thumbnail size-thumbnail\" alt=\"\" aria-describedby=\"gallery-1-8950\" srcset=\"https:\/\/www.arquimaster.com.ar\/web\/wp-content\/uploads\/2014\/08\/victoria_brown26-150x150.jpg 150w, https:\/\/www.arquimaster.com.ar\/web\/wp-content\/uploads\/2014\/08\/victoria_brown26-50x50.jpg 50w, https:\/\/www.arquimaster.com.ar\/web\/wp-content\/uploads\/2014\/08\/victoria_brown26-125x125.jpg 125w\" sizes=\"auto, (max-width: 150px) 100vw, 150px\" \/><\/a>\n\t\t\t<\/div>\n\t\t\t\t<figcaption class='wp-caption-text gallery-caption' id='gallery-1-8950'>\n\t\t\t\tBar y Restaurant Victoria Brown \/ HM Arquitectos (\u00a9 Andres Martellini)\n\t\t\t\t<\/figcaption><\/figure><figure class='gallery-item'>\n\t\t\t<div class='gallery-icon landscape'>\n\t\t\t\t<a href='https:\/\/www.arquimaster.com.ar\/web\/wp-content\/uploads\/2014\/08\/victoria_brown27.jpg' title=\"Bar y Restaurant Victoria Brown \/ HM Arquitectos (\u00a9 Andres Martellini)\" data-rl_title=\"Bar y Restaurant Victoria Brown \/ HM Arquitectos (\u00a9 Andres Martellini)\" class=\"rl-gallery-link\" data-rl_caption=\"Bar y Restaurant Victoria Brown \/ HM Arquitectos (\u00a9 Andres Martellini)\" data-rel=\"lightbox-gallery-1\"><img loading=\"lazy\" decoding=\"async\" width=\"150\" height=\"150\" src=\"https:\/\/www.arquimaster.com.ar\/web\/wp-content\/uploads\/2014\/08\/victoria_brown27-150x150.jpg\" class=\"attachment-thumbnail size-thumbnail\" alt=\"\" aria-describedby=\"gallery-1-8951\" srcset=\"https:\/\/www.arquimaster.com.ar\/web\/wp-content\/uploads\/2014\/08\/victoria_brown27-150x150.jpg 150w, https:\/\/www.arquimaster.com.ar\/web\/wp-content\/uploads\/2014\/08\/victoria_brown27-50x50.jpg 50w, https:\/\/www.arquimaster.com.ar\/web\/wp-content\/uploads\/2014\/08\/victoria_brown27-125x125.jpg 125w\" sizes=\"auto, (max-width: 150px) 100vw, 150px\" \/><\/a>\n\t\t\t<\/div>\n\t\t\t\t<figcaption class='wp-caption-text gallery-caption' id='gallery-1-8951'>\n\t\t\t\tBar y Restaurant Victoria Brown \/ HM Arquitectos (\u00a9 Andres Martellini)\n\t\t\t\t<\/figcaption><\/figure><figure class='gallery-item'>\n\t\t\t<div class='gallery-icon landscape'>\n\t\t\t\t<a href='https:\/\/www.arquimaster.com.ar\/web\/wp-content\/uploads\/2014\/08\/victoria_brown28.jpg' title=\"Bar y Restaurant Victoria Brown \/ HM Arquitectos (\u00a9 Andres Martellini)\" data-rl_title=\"Bar y Restaurant Victoria Brown \/ HM Arquitectos (\u00a9 Andres Martellini)\" class=\"rl-gallery-link\" data-rl_caption=\"Bar y Restaurant Victoria Brown \/ HM Arquitectos (\u00a9 Andres Martellini)\" data-rel=\"lightbox-gallery-1\"><img loading=\"lazy\" decoding=\"async\" width=\"150\" height=\"150\" src=\"https:\/\/www.arquimaster.com.ar\/web\/wp-content\/uploads\/2014\/08\/victoria_brown28-150x150.jpg\" class=\"attachment-thumbnail size-thumbnail\" alt=\"\" aria-describedby=\"gallery-1-8952\" srcset=\"https:\/\/www.arquimaster.com.ar\/web\/wp-content\/uploads\/2014\/08\/victoria_brown28-150x150.jpg 150w, https:\/\/www.arquimaster.com.ar\/web\/wp-content\/uploads\/2014\/08\/victoria_brown28-50x50.jpg 50w, https:\/\/www.arquimaster.com.ar\/web\/wp-content\/uploads\/2014\/08\/victoria_brown28-125x125.jpg 125w\" sizes=\"auto, (max-width: 150px) 100vw, 150px\" \/><\/a>\n\t\t\t<\/div>\n\t\t\t\t<figcaption class='wp-caption-text gallery-caption' id='gallery-1-8952'>\n\t\t\t\tBar y Restaurant Victoria Brown \/ HM Arquitectos (\u00a9 Andres Martellini)\n\t\t\t\t<\/figcaption><\/figure><figure class='gallery-item'>\n\t\t\t<div class='gallery-icon landscape'>\n\t\t\t\t<a href='https:\/\/www.arquimaster.com.ar\/web\/wp-content\/uploads\/2014\/08\/victoria_brown29.jpg' title=\"Bar y Restaurant Victoria Brown \/ HM Arquitectos (\u00a9 Andres Martellini)\" data-rl_title=\"Bar y Restaurant Victoria Brown \/ HM Arquitectos (\u00a9 Andres Martellini)\" class=\"rl-gallery-link\" data-rl_caption=\"Bar y Restaurant Victoria Brown \/ HM Arquitectos (\u00a9 Andres Martellini)\" data-rel=\"lightbox-gallery-1\"><img loading=\"lazy\" decoding=\"async\" width=\"150\" height=\"150\" src=\"https:\/\/www.arquimaster.com.ar\/web\/wp-content\/uploads\/2014\/08\/victoria_brown29-150x150.jpg\" class=\"attachment-thumbnail size-thumbnail\" alt=\"\" aria-describedby=\"gallery-1-8953\" srcset=\"https:\/\/www.arquimaster.com.ar\/web\/wp-content\/uploads\/2014\/08\/victoria_brown29-150x150.jpg 150w, https:\/\/www.arquimaster.com.ar\/web\/wp-content\/uploads\/2014\/08\/victoria_brown29-50x50.jpg 50w, https:\/\/www.arquimaster.com.ar\/web\/wp-content\/uploads\/2014\/08\/victoria_brown29-125x125.jpg 125w\" sizes=\"auto, (max-width: 150px) 100vw, 150px\" \/><\/a>\n\t\t\t<\/div>\n\t\t\t\t<figcaption class='wp-caption-text gallery-caption' id='gallery-1-8953'>\n\t\t\t\tBar y Restaurant Victoria Brown \/ HM Arquitectos (\u00a9 Andres Martellini)\n\t\t\t\t<\/figcaption><\/figure><figure class='gallery-item'>\n\t\t\t<div class='gallery-icon landscape'>\n\t\t\t\t<a href='https:\/\/www.arquimaster.com.ar\/web\/wp-content\/uploads\/2014\/08\/victoria_brown30.jpg' title=\"Bar y Restaurant Victoria Brown \/ HM Arquitectos (\u00a9 Andres Martellini)\" data-rl_title=\"Bar y Restaurant Victoria Brown \/ HM Arquitectos (\u00a9 Andres Martellini)\" class=\"rl-gallery-link\" data-rl_caption=\"Bar y Restaurant Victoria Brown \/ HM Arquitectos (\u00a9 Andres Martellini)\" data-rel=\"lightbox-gallery-1\"><img loading=\"lazy\" decoding=\"async\" width=\"150\" height=\"150\" src=\"https:\/\/www.arquimaster.com.ar\/web\/wp-content\/uploads\/2014\/08\/victoria_brown30-150x150.jpg\" class=\"attachment-thumbnail size-thumbnail\" alt=\"\" aria-describedby=\"gallery-1-8954\" srcset=\"https:\/\/www.arquimaster.com.ar\/web\/wp-content\/uploads\/2014\/08\/victoria_brown30-150x150.jpg 150w, https:\/\/www.arquimaster.com.ar\/web\/wp-content\/uploads\/2014\/08\/victoria_brown30-50x50.jpg 50w, https:\/\/www.arquimaster.com.ar\/web\/wp-content\/uploads\/2014\/08\/victoria_brown30-125x125.jpg 125w\" sizes=\"auto, (max-width: 150px) 100vw, 150px\" \/><\/a>\n\t\t\t<\/div>\n\t\t\t\t<figcaption class='wp-caption-text gallery-caption' id='gallery-1-8954'>\n\t\t\t\tBar y Restaurant Victoria Brown \/ HM Arquitectos (\u00a9 Andres Martellini)\n\t\t\t\t<\/figcaption><\/figure>\n\t\t<\/div>\n\n<p>La elecci\u00f3n de puertas \u00absecretas\u00bb revestidas en ladrillo para la circulaci\u00f3n, fueron una premisa que responde al concepto de bar clandestino. Al frente un caf\u00e9, cuyas caracter\u00edsticas responden a cierta tendencia.<\/p>\n<p>Entendiendo estas premisas y sin tener intenciones de replicar ni reproducir una \u00e9poca, la propuesta fue construir un patchwork de situaciones, disparadores conceptuales, que representen el clima pretendido.<\/p>\n<p>Espacialmente, la configuraci\u00f3n fabril es t\u00edpicamente et\u00e9rea, por lo que hubo una intensi\u00f3n clara de subdividir el espacio para generar una espacialidad controlada y de baja escala.<\/p>\n<p>La estrategia en el uso de tres \u00abestaciones\u00bb para cobijar \u00e1reas distintivas es el eje del proyecto, otorgando a la propuesta un \u00e1rea diferente de disfrute, ni vip ni barra, un tercer espacio: distintivo, pesado, tenue.<\/p>\n<p>Las conexiones entre las estaciones y la barra imitan el concepto de las destiladoras de whisky, pero cumplen una funci\u00f3n de iluminaci\u00f3n y de bodega.<\/p>\n<p>El \u00faltimo sal\u00f3n donde se arman salas de estar, est\u00e1 subdividido a trav\u00e9s de biombos tijera, los cuales eventualmente podr\u00e1n moverse para cambiar la distribuci\u00f3n.<\/p>\n<p>La elecci\u00f3n de las puertas tijeras resultan necesarias para mantener la imagen industrial y a su vez generar un espacio vers\u00e1til.<\/p>\n<div id='gallery-2' class='gallery galleryid-8923 gallery-columns-3 gallery-size-thumbnail'><figure class='gallery-item'>\n\t\t\t<div class='gallery-icon landscape'>\n\t\t\t\t<a href='https:\/\/www.arquimaster.com.ar\/web\/wp-content\/uploads\/2014\/08\/victoria_brown31.jpg' title=\"Bar y Restaurant Victoria Brown \/ HM Arquitectos (planta baja)\" data-rl_title=\"Bar y Restaurant Victoria Brown \/ HM Arquitectos (planta baja)\" class=\"rl-gallery-link\" data-rl_caption=\"Bar y Restaurant Victoria Brown \/ HM Arquitectos (planta baja)\" data-rel=\"lightbox-gallery-2\"><img loading=\"lazy\" decoding=\"async\" width=\"150\" height=\"150\" src=\"https:\/\/www.arquimaster.com.ar\/web\/wp-content\/uploads\/2014\/08\/victoria_brown31-150x150.jpg\" class=\"attachment-thumbnail size-thumbnail\" alt=\"\" aria-describedby=\"gallery-2-8955\" srcset=\"https:\/\/www.arquimaster.com.ar\/web\/wp-content\/uploads\/2014\/08\/victoria_brown31-150x150.jpg 150w, https:\/\/www.arquimaster.com.ar\/web\/wp-content\/uploads\/2014\/08\/victoria_brown31-50x50.jpg 50w, https:\/\/www.arquimaster.com.ar\/web\/wp-content\/uploads\/2014\/08\/victoria_brown31-125x125.jpg 125w\" sizes=\"auto, (max-width: 150px) 100vw, 150px\" \/><\/a>\n\t\t\t<\/div>\n\t\t\t\t<figcaption class='wp-caption-text gallery-caption' id='gallery-2-8955'>\n\t\t\t\tBar y Restaurant Victoria Brown \/ HM Arquitectos (planta baja)\n\t\t\t\t<\/figcaption><\/figure><figure class='gallery-item'>\n\t\t\t<div class='gallery-icon landscape'>\n\t\t\t\t<a href='https:\/\/www.arquimaster.com.ar\/web\/wp-content\/uploads\/2014\/08\/victoria_brown32.jpg' title=\"Bar y Restaurant Victoria Brown \/ HM Arquitectos (planta alta)\" data-rl_title=\"Bar y Restaurant Victoria Brown \/ HM Arquitectos (planta alta)\" class=\"rl-gallery-link\" data-rl_caption=\"Bar y Restaurant Victoria Brown \/ HM Arquitectos (planta alta)\" data-rel=\"lightbox-gallery-2\"><img loading=\"lazy\" decoding=\"async\" width=\"150\" height=\"150\" src=\"https:\/\/www.arquimaster.com.ar\/web\/wp-content\/uploads\/2014\/08\/victoria_brown32-150x150.jpg\" class=\"attachment-thumbnail size-thumbnail\" alt=\"\" aria-describedby=\"gallery-2-8956\" srcset=\"https:\/\/www.arquimaster.com.ar\/web\/wp-content\/uploads\/2014\/08\/victoria_brown32-150x150.jpg 150w, https:\/\/www.arquimaster.com.ar\/web\/wp-content\/uploads\/2014\/08\/victoria_brown32-50x50.jpg 50w, https:\/\/www.arquimaster.com.ar\/web\/wp-content\/uploads\/2014\/08\/victoria_brown32-125x125.jpg 125w\" sizes=\"auto, (max-width: 150px) 100vw, 150px\" \/><\/a>\n\t\t\t<\/div>\n\t\t\t\t<figcaption class='wp-caption-text gallery-caption' id='gallery-2-8956'>\n\t\t\t\tBar y Restaurant Victoria Brown \/ HM Arquitectos (planta alta)\n\t\t\t\t<\/figcaption><\/figure><figure class='gallery-item'>\n\t\t\t<div class='gallery-icon landscape'>\n\t\t\t\t<a href='https:\/\/www.arquimaster.com.ar\/web\/wp-content\/uploads\/2014\/08\/victoria_brown33.jpg' title=\"Bar y Restaurant Victoria Brown \/ HM Arquitectos (planta sotano)\" data-rl_title=\"Bar y Restaurant Victoria Brown \/ HM Arquitectos (planta sotano)\" class=\"rl-gallery-link\" data-rl_caption=\"Bar y Restaurant Victoria Brown \/ HM Arquitectos (planta sotano)\" data-rel=\"lightbox-gallery-2\"><img loading=\"lazy\" decoding=\"async\" width=\"150\" height=\"150\" src=\"https:\/\/www.arquimaster.com.ar\/web\/wp-content\/uploads\/2014\/08\/victoria_brown33-150x150.jpg\" class=\"attachment-thumbnail size-thumbnail\" alt=\"\" aria-describedby=\"gallery-2-8957\" srcset=\"https:\/\/www.arquimaster.com.ar\/web\/wp-content\/uploads\/2014\/08\/victoria_brown33-150x150.jpg 150w, https:\/\/www.arquimaster.com.ar\/web\/wp-content\/uploads\/2014\/08\/victoria_brown33-50x50.jpg 50w, https:\/\/www.arquimaster.com.ar\/web\/wp-content\/uploads\/2014\/08\/victoria_brown33-125x125.jpg 125w\" sizes=\"auto, (max-width: 150px) 100vw, 150px\" \/><\/a>\n\t\t\t<\/div>\n\t\t\t\t<figcaption class='wp-caption-text gallery-caption' id='gallery-2-8957'>\n\t\t\t\tBar y Restaurant Victoria Brown \/ HM Arquitectos (planta sotano)\n\t\t\t\t<\/figcaption><\/figure><figure class='gallery-item'>\n\t\t\t<div class='gallery-icon landscape'>\n\t\t\t\t<a href='https:\/\/www.arquimaster.com.ar\/web\/wp-content\/uploads\/2014\/08\/victoria_brown34.jpg' title=\"Bar y Restaurant Victoria Brown \/ HM Arquitectos (fachada)\" data-rl_title=\"Bar y Restaurant Victoria Brown \/ HM Arquitectos (fachada)\" class=\"rl-gallery-link\" data-rl_caption=\"Bar y Restaurant Victoria Brown \/ HM Arquitectos (fachada)\" data-rel=\"lightbox-gallery-2\"><img loading=\"lazy\" decoding=\"async\" width=\"150\" height=\"150\" src=\"https:\/\/www.arquimaster.com.ar\/web\/wp-content\/uploads\/2014\/08\/victoria_brown34-150x150.jpg\" class=\"attachment-thumbnail size-thumbnail\" alt=\"\" aria-describedby=\"gallery-2-8958\" srcset=\"https:\/\/www.arquimaster.com.ar\/web\/wp-content\/uploads\/2014\/08\/victoria_brown34-150x150.jpg 150w, https:\/\/www.arquimaster.com.ar\/web\/wp-content\/uploads\/2014\/08\/victoria_brown34-50x50.jpg 50w, https:\/\/www.arquimaster.com.ar\/web\/wp-content\/uploads\/2014\/08\/victoria_brown34-125x125.jpg 125w\" sizes=\"auto, (max-width: 150px) 100vw, 150px\" \/><\/a>\n\t\t\t<\/div>\n\t\t\t\t<figcaption class='wp-caption-text gallery-caption' id='gallery-2-8958'>\n\t\t\t\tBar y Restaurant Victoria Brown \/ HM Arquitectos (fachada)\n\t\t\t\t<\/figcaption><\/figure><figure class='gallery-item'>\n\t\t\t<div class='gallery-icon landscape'>\n\t\t\t\t<a href='https:\/\/www.arquimaster.com.ar\/web\/wp-content\/uploads\/2014\/08\/victoria_brown35.jpg' title=\"Bar y Restaurant Victoria Brown \/ HM Arquitectos (corte)\" data-rl_title=\"Bar y Restaurant Victoria Brown \/ HM Arquitectos (corte)\" class=\"rl-gallery-link\" data-rl_caption=\"Bar y Restaurant Victoria Brown \/ HM Arquitectos (corte)\" data-rel=\"lightbox-gallery-2\"><img loading=\"lazy\" decoding=\"async\" width=\"150\" height=\"150\" src=\"https:\/\/www.arquimaster.com.ar\/web\/wp-content\/uploads\/2014\/08\/victoria_brown35-150x150.jpg\" class=\"attachment-thumbnail size-thumbnail\" alt=\"\" aria-describedby=\"gallery-2-8959\" srcset=\"https:\/\/www.arquimaster.com.ar\/web\/wp-content\/uploads\/2014\/08\/victoria_brown35-150x150.jpg 150w, https:\/\/www.arquimaster.com.ar\/web\/wp-content\/uploads\/2014\/08\/victoria_brown35-50x50.jpg 50w, https:\/\/www.arquimaster.com.ar\/web\/wp-content\/uploads\/2014\/08\/victoria_brown35-125x125.jpg 125w\" sizes=\"auto, (max-width: 150px) 100vw, 150px\" \/><\/a>\n\t\t\t<\/div>\n\t\t\t\t<figcaption class='wp-caption-text gallery-caption' id='gallery-2-8959'>\n\t\t\t\tBar y Restaurant Victoria Brown \/ HM Arquitectos (corte)\n\t\t\t\t<\/figcaption><\/figure><figure class='gallery-item'>\n\t\t\t<div class='gallery-icon landscape'>\n\t\t\t\t<a href='https:\/\/www.arquimaster.com.ar\/web\/wp-content\/uploads\/2014\/08\/victoria_brown36.jpg' title=\"Bar y Restaurant Victoria Brown \/ HM Arquitectos (corte)\" data-rl_title=\"Bar y Restaurant Victoria Brown \/ HM Arquitectos (corte)\" class=\"rl-gallery-link\" data-rl_caption=\"Bar y Restaurant Victoria Brown \/ HM Arquitectos (corte)\" data-rel=\"lightbox-gallery-2\"><img loading=\"lazy\" decoding=\"async\" width=\"150\" height=\"150\" src=\"https:\/\/www.arquimaster.com.ar\/web\/wp-content\/uploads\/2014\/08\/victoria_brown36-150x150.jpg\" class=\"attachment-thumbnail size-thumbnail\" alt=\"\" aria-describedby=\"gallery-2-8960\" srcset=\"https:\/\/www.arquimaster.com.ar\/web\/wp-content\/uploads\/2014\/08\/victoria_brown36-150x150.jpg 150w, https:\/\/www.arquimaster.com.ar\/web\/wp-content\/uploads\/2014\/08\/victoria_brown36-50x50.jpg 50w, https:\/\/www.arquimaster.com.ar\/web\/wp-content\/uploads\/2014\/08\/victoria_brown36-125x125.jpg 125w\" sizes=\"auto, (max-width: 150px) 100vw, 150px\" \/><\/a>\n\t\t\t<\/div>\n\t\t\t\t<figcaption class='wp-caption-text gallery-caption' id='gallery-2-8960'>\n\t\t\t\tBar y Restaurant Victoria Brown \/ HM Arquitectos (corte)\n\t\t\t\t<\/figcaption><\/figure><figure class='gallery-item'>\n\t\t\t<div class='gallery-icon landscape'>\n\t\t\t\t<a href='https:\/\/www.arquimaster.com.ar\/web\/wp-content\/uploads\/2014\/08\/victoria_brown37.jpg' title=\"Bar y Restaurant Victoria Brown \/ HM Arquitectos (corte)\" data-rl_title=\"Bar y Restaurant Victoria Brown \/ HM Arquitectos (corte)\" class=\"rl-gallery-link\" data-rl_caption=\"Bar y Restaurant Victoria Brown \/ HM Arquitectos (corte)\" data-rel=\"lightbox-gallery-2\"><img loading=\"lazy\" decoding=\"async\" width=\"150\" height=\"150\" src=\"https:\/\/www.arquimaster.com.ar\/web\/wp-content\/uploads\/2014\/08\/victoria_brown37-150x150.jpg\" class=\"attachment-thumbnail size-thumbnail\" alt=\"\" aria-describedby=\"gallery-2-8961\" srcset=\"https:\/\/www.arquimaster.com.ar\/web\/wp-content\/uploads\/2014\/08\/victoria_brown37-150x150.jpg 150w, https:\/\/www.arquimaster.com.ar\/web\/wp-content\/uploads\/2014\/08\/victoria_brown37-50x50.jpg 50w, https:\/\/www.arquimaster.com.ar\/web\/wp-content\/uploads\/2014\/08\/victoria_brown37-125x125.jpg 125w\" sizes=\"auto, (max-width: 150px) 100vw, 150px\" \/><\/a>\n\t\t\t<\/div>\n\t\t\t\t<figcaption class='wp-caption-text gallery-caption' id='gallery-2-8961'>\n\t\t\t\tBar y Restaurant Victoria Brown \/ HM Arquitectos (corte)\n\t\t\t\t<\/figcaption><\/figure><figure class='gallery-item'>\n\t\t\t<div class='gallery-icon portrait'>\n\t\t\t\t<a href='https:\/\/www.arquimaster.com.ar\/web\/wp-content\/uploads\/2014\/08\/victoria_brown38.jpg' title=\"Bar y Restaurant Victoria Brown \/ HM Arquitectos (corte)\" data-rl_title=\"Bar y Restaurant Victoria Brown \/ HM Arquitectos (corte)\" class=\"rl-gallery-link\" data-rl_caption=\"Bar y Restaurant Victoria Brown \/ HM Arquitectos (corte)\" data-rel=\"lightbox-gallery-2\"><img loading=\"lazy\" decoding=\"async\" width=\"150\" height=\"150\" src=\"https:\/\/www.arquimaster.com.ar\/web\/wp-content\/uploads\/2014\/08\/victoria_brown38-150x150.jpg\" class=\"attachment-thumbnail size-thumbnail\" alt=\"\" aria-describedby=\"gallery-2-8962\" srcset=\"https:\/\/www.arquimaster.com.ar\/web\/wp-content\/uploads\/2014\/08\/victoria_brown38-150x150.jpg 150w, https:\/\/www.arquimaster.com.ar\/web\/wp-content\/uploads\/2014\/08\/victoria_brown38-50x50.jpg 50w, https:\/\/www.arquimaster.com.ar\/web\/wp-content\/uploads\/2014\/08\/victoria_brown38-125x125.jpg 125w\" sizes=\"auto, (max-width: 150px) 100vw, 150px\" \/><\/a>\n\t\t\t<\/div>\n\t\t\t\t<figcaption class='wp-caption-text gallery-caption' id='gallery-2-8962'>\n\t\t\t\tBar y Restaurant Victoria Brown \/ HM Arquitectos (corte)\n\t\t\t\t<\/figcaption><\/figure><figure class='gallery-item'>\n\t\t\t<div class='gallery-icon portrait'>\n\t\t\t\t<a href='https:\/\/www.arquimaster.com.ar\/web\/wp-content\/uploads\/2014\/08\/victoria_brown39.jpg' title=\"Bar y Restaurant Victoria Brown \/ HM Arquitectos (corte)\" data-rl_title=\"Bar y Restaurant Victoria Brown \/ HM Arquitectos (corte)\" class=\"rl-gallery-link\" data-rl_caption=\"Bar y Restaurant Victoria Brown \/ HM Arquitectos (corte)\" data-rel=\"lightbox-gallery-2\"><img loading=\"lazy\" decoding=\"async\" width=\"150\" height=\"150\" src=\"https:\/\/www.arquimaster.com.ar\/web\/wp-content\/uploads\/2014\/08\/victoria_brown39-150x150.jpg\" class=\"attachment-thumbnail size-thumbnail\" alt=\"\" aria-describedby=\"gallery-2-8963\" srcset=\"https:\/\/www.arquimaster.com.ar\/web\/wp-content\/uploads\/2014\/08\/victoria_brown39-150x150.jpg 150w, https:\/\/www.arquimaster.com.ar\/web\/wp-content\/uploads\/2014\/08\/victoria_brown39-50x50.jpg 50w, https:\/\/www.arquimaster.com.ar\/web\/wp-content\/uploads\/2014\/08\/victoria_brown39-125x125.jpg 125w\" sizes=\"auto, (max-width: 150px) 100vw, 150px\" \/><\/a>\n\t\t\t<\/div>\n\t\t\t\t<figcaption class='wp-caption-text gallery-caption' id='gallery-2-8963'>\n\t\t\t\tBar y Restaurant Victoria Brown \/ HM Arquitectos (corte)\n\t\t\t\t<\/figcaption><\/figure><figure class='gallery-item'>\n\t\t\t<div class='gallery-icon landscape'>\n\t\t\t\t<a href='https:\/\/www.arquimaster.com.ar\/web\/wp-content\/uploads\/2014\/08\/victoria_brown40.jpg' title=\"Bar y Restaurant Victoria Brown \/ HM Arquitectos (detalle)\" data-rl_title=\"Bar y Restaurant Victoria Brown \/ HM Arquitectos (detalle)\" class=\"rl-gallery-link\" data-rl_caption=\"Bar y Restaurant Victoria Brown \/ HM Arquitectos (detalle)\" data-rel=\"lightbox-gallery-2\"><img loading=\"lazy\" decoding=\"async\" width=\"150\" height=\"150\" src=\"https:\/\/www.arquimaster.com.ar\/web\/wp-content\/uploads\/2014\/08\/victoria_brown40-150x150.jpg\" class=\"attachment-thumbnail size-thumbnail\" alt=\"\" aria-describedby=\"gallery-2-8964\" srcset=\"https:\/\/www.arquimaster.com.ar\/web\/wp-content\/uploads\/2014\/08\/victoria_brown40-150x150.jpg 150w, https:\/\/www.arquimaster.com.ar\/web\/wp-content\/uploads\/2014\/08\/victoria_brown40-50x50.jpg 50w, https:\/\/www.arquimaster.com.ar\/web\/wp-content\/uploads\/2014\/08\/victoria_brown40-125x125.jpg 125w\" sizes=\"auto, (max-width: 150px) 100vw, 150px\" \/><\/a>\n\t\t\t<\/div>\n\t\t\t\t<figcaption class='wp-caption-text gallery-caption' id='gallery-2-8964'>\n\t\t\t\tBar y Restaurant Victoria Brown \/ HM Arquitectos (detalle)\n\t\t\t\t<\/figcaption><\/figure><figure class='gallery-item'>\n\t\t\t<div class='gallery-icon landscape'>\n\t\t\t\t<a href='https:\/\/www.arquimaster.com.ar\/web\/wp-content\/uploads\/2014\/08\/victoria_brown41.jpg' title=\"Bar y Restaurant Victoria Brown \/ HM Arquitectos (detalle)\" data-rl_title=\"Bar y Restaurant Victoria Brown \/ HM Arquitectos (detalle)\" class=\"rl-gallery-link\" data-rl_caption=\"Bar y Restaurant Victoria Brown \/ HM Arquitectos (detalle)\" data-rel=\"lightbox-gallery-2\"><img loading=\"lazy\" decoding=\"async\" width=\"150\" height=\"150\" src=\"https:\/\/www.arquimaster.com.ar\/web\/wp-content\/uploads\/2014\/08\/victoria_brown41-150x150.jpg\" class=\"attachment-thumbnail size-thumbnail\" alt=\"\" aria-describedby=\"gallery-2-8965\" srcset=\"https:\/\/www.arquimaster.com.ar\/web\/wp-content\/uploads\/2014\/08\/victoria_brown41-150x150.jpg 150w, https:\/\/www.arquimaster.com.ar\/web\/wp-content\/uploads\/2014\/08\/victoria_brown41-50x50.jpg 50w, https:\/\/www.arquimaster.com.ar\/web\/wp-content\/uploads\/2014\/08\/victoria_brown41-125x125.jpg 125w\" sizes=\"auto, (max-width: 150px) 100vw, 150px\" \/><\/a>\n\t\t\t<\/div>\n\t\t\t\t<figcaption class='wp-caption-text gallery-caption' id='gallery-2-8965'>\n\t\t\t\tBar y Restaurant Victoria Brown \/ HM Arquitectos (detalle)\n\t\t\t\t<\/figcaption><\/figure><figure class='gallery-item'>\n\t\t\t<div class='gallery-icon landscape'>\n\t\t\t\t<a href='https:\/\/www.arquimaster.com.ar\/web\/wp-content\/uploads\/2014\/08\/victoria_brown42.jpg' title=\"Bar y Restaurant Victoria Brown \/ HM Arquitectos (detalle)\" data-rl_title=\"Bar y Restaurant Victoria Brown \/ HM Arquitectos (detalle)\" class=\"rl-gallery-link\" data-rl_caption=\"Bar y Restaurant Victoria Brown \/ HM Arquitectos (detalle)\" data-rel=\"lightbox-gallery-2\"><img loading=\"lazy\" decoding=\"async\" width=\"150\" height=\"150\" src=\"https:\/\/www.arquimaster.com.ar\/web\/wp-content\/uploads\/2014\/08\/victoria_brown42-150x150.jpg\" class=\"attachment-thumbnail size-thumbnail\" alt=\"\" aria-describedby=\"gallery-2-8966\" srcset=\"https:\/\/www.arquimaster.com.ar\/web\/wp-content\/uploads\/2014\/08\/victoria_brown42-150x150.jpg 150w, https:\/\/www.arquimaster.com.ar\/web\/wp-content\/uploads\/2014\/08\/victoria_brown42-50x50.jpg 50w, https:\/\/www.arquimaster.com.ar\/web\/wp-content\/uploads\/2014\/08\/victoria_brown42-125x125.jpg 125w\" sizes=\"auto, (max-width: 150px) 100vw, 150px\" \/><\/a>\n\t\t\t<\/div>\n\t\t\t\t<figcaption class='wp-caption-text gallery-caption' id='gallery-2-8966'>\n\t\t\t\tBar y Restaurant Victoria Brown \/ HM Arquitectos (detalle)\n\t\t\t\t<\/figcaption><\/figure><figure class='gallery-item'>\n\t\t\t<div class='gallery-icon landscape'>\n\t\t\t\t<a href='https:\/\/www.arquimaster.com.ar\/web\/wp-content\/uploads\/2014\/08\/victoria_brown43.jpg' title=\"Bar y Restaurant Victoria Brown \/ HM Arquitectos (detalle)\" data-rl_title=\"Bar y Restaurant Victoria Brown \/ HM Arquitectos (detalle)\" class=\"rl-gallery-link\" data-rl_caption=\"Bar y Restaurant Victoria Brown \/ HM Arquitectos (detalle)\" data-rel=\"lightbox-gallery-2\"><img loading=\"lazy\" decoding=\"async\" width=\"150\" height=\"150\" src=\"https:\/\/www.arquimaster.com.ar\/web\/wp-content\/uploads\/2014\/08\/victoria_brown43-150x150.jpg\" class=\"attachment-thumbnail size-thumbnail\" alt=\"\" aria-describedby=\"gallery-2-8967\" srcset=\"https:\/\/www.arquimaster.com.ar\/web\/wp-content\/uploads\/2014\/08\/victoria_brown43-150x150.jpg 150w, https:\/\/www.arquimaster.com.ar\/web\/wp-content\/uploads\/2014\/08\/victoria_brown43-50x50.jpg 50w, https:\/\/www.arquimaster.com.ar\/web\/wp-content\/uploads\/2014\/08\/victoria_brown43-125x125.jpg 125w\" sizes=\"auto, (max-width: 150px) 100vw, 150px\" \/><\/a>\n\t\t\t<\/div>\n\t\t\t\t<figcaption class='wp-caption-text gallery-caption' id='gallery-2-8967'>\n\t\t\t\tBar y Restaurant Victoria Brown \/ HM Arquitectos (detalle)\n\t\t\t\t<\/figcaption><\/figure><figure class='gallery-item'>\n\t\t\t<div class='gallery-icon portrait'>\n\t\t\t\t<a href='https:\/\/www.arquimaster.com.ar\/web\/wp-content\/uploads\/2014\/08\/victoria_brown44.jpg' title=\"Bar y Restaurant Victoria Brown \/ HM Arquitectos (detalle)\" data-rl_title=\"Bar y Restaurant Victoria Brown \/ HM Arquitectos (detalle)\" class=\"rl-gallery-link\" data-rl_caption=\"Bar y Restaurant Victoria Brown \/ HM Arquitectos (detalle)\" data-rel=\"lightbox-gallery-2\"><img loading=\"lazy\" decoding=\"async\" width=\"150\" height=\"150\" src=\"https:\/\/www.arquimaster.com.ar\/web\/wp-content\/uploads\/2014\/08\/victoria_brown44-150x150.jpg\" class=\"attachment-thumbnail size-thumbnail\" alt=\"\" aria-describedby=\"gallery-2-8968\" srcset=\"https:\/\/www.arquimaster.com.ar\/web\/wp-content\/uploads\/2014\/08\/victoria_brown44-150x150.jpg 150w, https:\/\/www.arquimaster.com.ar\/web\/wp-content\/uploads\/2014\/08\/victoria_brown44-50x50.jpg 50w, https:\/\/www.arquimaster.com.ar\/web\/wp-content\/uploads\/2014\/08\/victoria_brown44-125x125.jpg 125w\" sizes=\"auto, (max-width: 150px) 100vw, 150px\" \/><\/a>\n\t\t\t<\/div>\n\t\t\t\t<figcaption class='wp-caption-text gallery-caption' id='gallery-2-8968'>\n\t\t\t\tBar y Restaurant Victoria Brown \/ HM Arquitectos (detalle)\n\t\t\t\t<\/figcaption><\/figure><figure class='gallery-item'>\n\t\t\t<div class='gallery-icon landscape'>\n\t\t\t\t<a href='https:\/\/www.arquimaster.com.ar\/web\/wp-content\/uploads\/2014\/08\/victoria_brown45.jpg' title=\"Bar y Restaurant Victoria Brown \/ HM Arquitectos (detalle)\" data-rl_title=\"Bar y Restaurant Victoria Brown \/ HM Arquitectos (detalle)\" class=\"rl-gallery-link\" data-rl_caption=\"Bar y Restaurant Victoria Brown \/ HM Arquitectos (detalle)\" data-rel=\"lightbox-gallery-2\"><img loading=\"lazy\" decoding=\"async\" width=\"150\" height=\"150\" src=\"https:\/\/www.arquimaster.com.ar\/web\/wp-content\/uploads\/2014\/08\/victoria_brown45-150x150.jpg\" class=\"attachment-thumbnail size-thumbnail\" alt=\"\" aria-describedby=\"gallery-2-8969\" srcset=\"https:\/\/www.arquimaster.com.ar\/web\/wp-content\/uploads\/2014\/08\/victoria_brown45-150x150.jpg 150w, https:\/\/www.arquimaster.com.ar\/web\/wp-content\/uploads\/2014\/08\/victoria_brown45-50x50.jpg 50w, https:\/\/www.arquimaster.com.ar\/web\/wp-content\/uploads\/2014\/08\/victoria_brown45-125x125.jpg 125w\" sizes=\"auto, (max-width: 150px) 100vw, 150px\" \/><\/a>\n\t\t\t<\/div>\n\t\t\t\t<figcaption class='wp-caption-text gallery-caption' id='gallery-2-8969'>\n\t\t\t\tBar y Restaurant Victoria Brown \/ HM Arquitectos (detalle)\n\t\t\t\t<\/figcaption><\/figure><figure class='gallery-item'>\n\t\t\t<div class='gallery-icon landscape'>\n\t\t\t\t<a href='https:\/\/www.arquimaster.com.ar\/web\/wp-content\/uploads\/2014\/08\/victoria_brown46.jpg' title=\"Bar y Restaurant Victoria Brown \/ HM Arquitectos (detalle)\" data-rl_title=\"Bar y Restaurant Victoria Brown \/ HM Arquitectos (detalle)\" class=\"rl-gallery-link\" data-rl_caption=\"Bar y Restaurant Victoria Brown \/ HM Arquitectos (detalle)\" data-rel=\"lightbox-gallery-2\"><img loading=\"lazy\" decoding=\"async\" width=\"150\" height=\"150\" src=\"https:\/\/www.arquimaster.com.ar\/web\/wp-content\/uploads\/2014\/08\/victoria_brown46-150x150.jpg\" class=\"attachment-thumbnail size-thumbnail\" alt=\"\" aria-describedby=\"gallery-2-8970\" srcset=\"https:\/\/www.arquimaster.com.ar\/web\/wp-content\/uploads\/2014\/08\/victoria_brown46-150x150.jpg 150w, https:\/\/www.arquimaster.com.ar\/web\/wp-content\/uploads\/2014\/08\/victoria_brown46-50x50.jpg 50w, https:\/\/www.arquimaster.com.ar\/web\/wp-content\/uploads\/2014\/08\/victoria_brown46-125x125.jpg 125w\" sizes=\"auto, (max-width: 150px) 100vw, 150px\" \/><\/a>\n\t\t\t<\/div>\n\t\t\t\t<figcaption class='wp-caption-text gallery-caption' id='gallery-2-8970'>\n\t\t\t\tBar y Restaurant Victoria Brown \/ HM Arquitectos (detalle)\n\t\t\t\t<\/figcaption><\/figure><figure class='gallery-item'>\n\t\t\t<div class='gallery-icon landscape'>\n\t\t\t\t<a href='https:\/\/www.arquimaster.com.ar\/web\/wp-content\/uploads\/2014\/08\/victoria_brown47.jpg' title=\"Bar y Restaurant Victoria Brown \/ HM Arquitectos (detalle)\" data-rl_title=\"Bar y Restaurant Victoria Brown \/ HM Arquitectos (detalle)\" class=\"rl-gallery-link\" data-rl_caption=\"Bar y Restaurant Victoria Brown \/ HM Arquitectos (detalle)\" data-rel=\"lightbox-gallery-2\"><img loading=\"lazy\" decoding=\"async\" width=\"150\" height=\"150\" src=\"https:\/\/www.arquimaster.com.ar\/web\/wp-content\/uploads\/2014\/08\/victoria_brown47-150x150.jpg\" class=\"attachment-thumbnail size-thumbnail\" alt=\"\" aria-describedby=\"gallery-2-8971\" srcset=\"https:\/\/www.arquimaster.com.ar\/web\/wp-content\/uploads\/2014\/08\/victoria_brown47-150x150.jpg 150w, https:\/\/www.arquimaster.com.ar\/web\/wp-content\/uploads\/2014\/08\/victoria_brown47-50x50.jpg 50w, https:\/\/www.arquimaster.com.ar\/web\/wp-content\/uploads\/2014\/08\/victoria_brown47-125x125.jpg 125w\" sizes=\"auto, (max-width: 150px) 100vw, 150px\" \/><\/a>\n\t\t\t<\/div>\n\t\t\t\t<figcaption class='wp-caption-text gallery-caption' id='gallery-2-8971'>\n\t\t\t\tBar y Restaurant Victoria Brown \/ HM Arquitectos (detalle)\n\t\t\t\t<\/figcaption><\/figure><figure class='gallery-item'>\n\t\t\t<div class='gallery-icon landscape'>\n\t\t\t\t<a href='https:\/\/www.arquimaster.com.ar\/web\/wp-content\/uploads\/2014\/08\/victoria_brown48.jpg' title=\"Bar y Restaurant Victoria Brown \/ HM Arquitectos (detalle)\" data-rl_title=\"Bar y Restaurant Victoria Brown \/ HM Arquitectos (detalle)\" class=\"rl-gallery-link\" data-rl_caption=\"Bar y Restaurant Victoria Brown \/ HM Arquitectos (detalle)\" data-rel=\"lightbox-gallery-2\"><img loading=\"lazy\" decoding=\"async\" width=\"150\" height=\"150\" src=\"https:\/\/www.arquimaster.com.ar\/web\/wp-content\/uploads\/2014\/08\/victoria_brown48-150x150.jpg\" class=\"attachment-thumbnail size-thumbnail\" alt=\"\" aria-describedby=\"gallery-2-8972\" srcset=\"https:\/\/www.arquimaster.com.ar\/web\/wp-content\/uploads\/2014\/08\/victoria_brown48-150x150.jpg 150w, https:\/\/www.arquimaster.com.ar\/web\/wp-content\/uploads\/2014\/08\/victoria_brown48-50x50.jpg 50w, https:\/\/www.arquimaster.com.ar\/web\/wp-content\/uploads\/2014\/08\/victoria_brown48-125x125.jpg 125w\" sizes=\"auto, (max-width: 150px) 100vw, 150px\" \/><\/a>\n\t\t\t<\/div>\n\t\t\t\t<figcaption class='wp-caption-text gallery-caption' id='gallery-2-8972'>\n\t\t\t\tBar y Restaurant Victoria Brown \/ HM Arquitectos (detalle)\n\t\t\t\t<\/figcaption><\/figure>\n\t\t<\/div>\n\n<p><strong>Materiales<\/strong><\/p>\n<p><strong>Caf\u00e9<\/strong><br \/>\n&#8211; Muro ladrillo existente pintado de blanco l\u00e1tex com\u00fan.<br \/>\n&#8211; Hierro ventanas vidrio repartido.<br \/>\n&#8211; Biblioteca: Ca\u00f1os de acero galvanizados pintadas en sint\u00e9tico gris y estantes de placas fen\u00f3licas.<br \/>\n&#8211; Cer\u00e1micos calc\u00e1reas en piso de colores negros y blancos.<br \/>\n&#8211; Cer\u00e1micos tipo azulejos de 10&#215;15 en muros.<br \/>\n&#8211; Barra revestida en acero inoxidable.<\/p>\n<p><strong>Ba\u00f1os<\/strong><br \/>\n&#8211; Cer\u00e1micos tipo azulejos de 10&#215;15 en muros.<br \/>\n&#8211; Ca\u00f1er\u00edas para grifer\u00edas en Hidrobronz engrampadas al exterior.<\/p>\n<p><strong>Bar &amp; Restaurant<\/strong><br \/>\n&#8211; Portones de hierro con sistema p\u00edvot revestidos con plazas fen\u00f3licas de madera MDF pintadas s\u00edmil antiguos ladrillos.<br \/>\n&#8211; Muro de Ladrillo com\u00fan y existentes tratados con pintura acr\u00edlica y l\u00e1tex.<br \/>\n&#8211; Tachos colgantes de 200 lts de aceite tratado con pinturas acr\u00edlicas color cobre.<br \/>\nCa\u00f1os galvanizados de 4&#8243; tratados con pinturas acr\u00edlicas color cobre.<br \/>\n&#8211; Construcci\u00f3n de barra: M\u00e1rmol piedra arabescato con iluminaci\u00f3n de tubos de luz c\u00e1lida. Contiene placas de chapa pintadas con acr\u00edlico color cobre.<br \/>\n&#8211; Construcci\u00f3n de Reloj con engranajes verticales: Hierro, placas fen\u00f3licas caladas.<br \/>\nContiene motores de baja revoluci\u00f3n para el movimiento continuo de los engranajes<br \/>\n&#8211; Construcci\u00f3n de Marquina: un torno y expendedora de aceite. Pintura sint\u00e9tica y patina. Contiene un aireador impulsora de aire para las burbujas, y motores de baja revoluci\u00f3n y luces de led.<br \/>\n&#8211; Utilizaci\u00f3n de Antiguas Puertas tijeras de hierro.<br \/>\n&#8211; Cielorraso de yeso en placas decorativas estilo Pompeya.<\/p>\n<p><strong>Dise\u00f1o<\/strong><\/p>\n<p><strong>Organizaci\u00f3n<\/strong><br \/>\nEl espacio donde se realizo la intervenci\u00f3n era un galp\u00f3n abandonado. Nada de lo existente salvo la cocina, podr\u00eda utilizarse para el nuevo proyecto. Organizativamente al estar dividi\u00f3 el espacio del bar respecto al del caf\u00e9, fue necesario que muchas \u00e1reas sean compartidas lo que significo realizar un dise\u00f1o en conjunto del espacio que permitiera esto.<\/p>\n<p><strong>Aislaciones<\/strong><br \/>\nFue necesario construir un per\u00edmetro de muro de ladrillo junto con aislaciones de diferente tipo (lana de vidrio y goma). La aislaci\u00f3n realizada en la cubierta se resolvi\u00f3 con celulosa proyectada.<\/p>\n<p><strong>Estructura<\/strong><br \/>\nPara la construcci\u00f3n de las tres estaciones centrales del sal\u00f3n, fue necesario colocar tubos estructurales soldados desde el antiguo techo del sal\u00f3n para soportar 12 viejos tanques.<\/p>\n<p><strong>Iluminaci\u00f3n<\/strong><br \/>\nToda la iluminaci\u00f3n fue instalada a trav\u00e9s de bandejas porta cables lo que permitieron su f\u00e1cil distribuci\u00f3n. La elecci\u00f3n de la iluminaci\u00f3n fue a trav\u00e9s de luces spot puntuales dimerizadas y led dimerizable.<\/p>\n<p><strong>Decoraci\u00f3n<\/strong><br \/>\nSe construyeron dos artefactos constituidos a trav\u00e9s de la uni\u00f3n de antiguos objetos y la construcci\u00f3n de nuevos. Ambos artefactos funcionan y tienen movimiento, por un lado un reloj dise\u00f1ado a trav\u00e9s de engranajes verticales, y por otro lado una maquina antigua del siglo XIX. Para el tratamiento de envejecimiento de los ladrillos se contrato a un escen\u00f3grafo especializado que realizo dichas tareas. El resultado es similar a una f\u00e1brica antigua de fines del siglo XIX.<\/p>\n<p><strong>Ficha tecnica<\/strong><br \/>\nNombre: Bar y Restaurant Victoria Brown<br \/>\nUbicaci\u00f3n: Costa Rica 4827, Ciudad de Buenos Aires, Argentina<br \/>\nProyecto, Direcci\u00f3n, Concepto, Interiorismo: HM Arquitectos (Fernando Hitzig &amp; Leonardo G. Militello)<br \/>\nDirecci\u00f3n de obra: Leonardo G. Militello<br \/>\nPromotor: The Edge SRL<br \/>\nEquipo de proyecto: Arq. Magdalena Molinari<br \/>\nConstructor: HM.Arquitectos<br \/>\nAsesor estructural: Carlos Gadini<br \/>\nAsesoramiento acustico: Ariel Sueiro<br \/>\nColaboradores: Branding: The brand bean. Escen\u00f3grafo (Reloj, Maquina, muros de ladrillo): Jer\u00f3nimo Basso. Muralista: Mart\u00edn Ron. Instalaci\u00f3n datos, c\u00e1maras, alarmas: Claudio Katcheroff<br \/>\nRenders: Bad Pic (Juan I. Rosales &amp; Lucia Stafforini)<br \/>\nFotograf\u00eda: Andres Martellini<br \/>\nPrograma: Bar &amp; Restaurant<br \/>\nSuperficie total cubierta: 377 m2<br \/>\nSuperficie total descubierta: 8 m2<br \/>\nA\u00f1o: 2013<\/p>\n<p><strong>Contacto:<\/strong> <a title=\"HM Arquitectos\" href=\"http:\/\/www.estudiohma.com\" target=\"_blank\">http:\/\/www.estudiohma.com<\/a><\/p>\n\n<div style=\"font-size: 0px; height: 0px; line-height: 0px; margin: 0; padding: 0; clear: both;\"><\/div><div style=\"margin-top: 0px; margin-bottom: 0px;\" class=\"sharethis-inline-share-buttons\" ><\/div>","protected":false},"excerpt":{"rendered":"<p>Patchwork de situaciones y disparadores conceptuales que representan clima de \u00e9poca&#8230;<\/p>\n","protected":false},"author":1,"featured_media":8924,"comment_status":"closed","ping_status":"closed","sticky":false,"template":"","format":"standard","meta":{"_uag_custom_page_level_css":"","footnotes":""},"categories":[75,1],"tags":[1233,923,1490,1489,1491,2483,912,257],"class_list":["post-8923","post","type-post","status-publish","format-standard","has-post-thumbnail","hentry","category-arquitectura-comercial","category-proyecto","tag-arquitectura-comercial-2","tag-bar","tag-fernando-hitzig","tag-hm-arquitectos","tag-leonardo-militello","tag-magdalena-molinari","tag-restauracion","tag-restaurante","generate-columns","tablet-grid-50","mobile-grid-100","grid-parent","grid-50"],"yoast_head":"<!-- This site is optimized with the Yoast SEO plugin v27.3 - https:\/\/yoast.com\/product\/yoast-seo-wordpress\/ -->\n<title>Bar y Restaurant Victoria Brown \/ HM Arquitectos - Arquimaster<\/title>\n<meta name=\"robots\" content=\"index, follow, max-snippet:-1, max-image-preview:large, max-video-preview:-1\" \/>\n<link rel=\"canonical\" href=\"https:\/\/www.arquimaster.com.ar\/web\/bar-y-restaurant-victoria-brown-hm-arquitectos\/\" \/>\n<meta property=\"og:locale\" content=\"es_ES\" \/>\n<meta property=\"og:type\" content=\"article\" \/>\n<meta property=\"og:title\" content=\"Bar y Restaurant Victoria Brown \/ HM Arquitectos - Arquimaster\" \/>\n<meta property=\"og:description\" content=\"Patchwork de situaciones y disparadores conceptuales que representan clima de \u00e9poca...\" \/>\n<meta property=\"og:url\" content=\"https:\/\/www.arquimaster.com.ar\/web\/bar-y-restaurant-victoria-brown-hm-arquitectos\/\" \/>\n<meta property=\"og:site_name\" content=\"Arquimaster\" \/>\n<meta property=\"article:publisher\" content=\"http:\/\/www.facebook.com\/ARQUIMASTER.com.ar\" \/>\n<meta property=\"article:published_time\" content=\"2014-08-06T20:52:09+00:00\" \/>\n<meta property=\"article:modified_time\" content=\"2014-08-06T21:10:45+00:00\" \/>\n<meta property=\"og:image\" content=\"https:\/\/www.arquimaster.com.ar\/web\/wp-content\/uploads\/2014\/08\/victoria_brown_slide.jpg\" \/>\n\t<meta property=\"og:image:width\" content=\"642\" \/>\n\t<meta property=\"og:image:height\" content=\"336\" \/>\n\t<meta property=\"og:image:type\" content=\"image\/jpeg\" \/>\n<meta name=\"author\" content=\"Arquimaster\" \/>\n<meta name=\"twitter:card\" content=\"summary_large_image\" \/>\n<meta name=\"twitter:creator\" content=\"@arquimaster\" \/>\n<meta name=\"twitter:site\" content=\"@arquimaster\" \/>\n<meta name=\"twitter:label1\" content=\"Escrito por\" \/>\n\t<meta name=\"twitter:data1\" content=\"Arquimaster\" \/>\n\t<meta name=\"twitter:label2\" content=\"Tiempo de lectura\" \/>\n\t<meta name=\"twitter:data2\" content=\"4 minutos\" \/>\n<script type=\"application\/ld+json\" class=\"yoast-schema-graph\">{\"@context\":\"https:\\\/\\\/schema.org\",\"@graph\":[{\"@type\":\"Article\",\"@id\":\"https:\\\/\\\/www.arquimaster.com.ar\\\/web\\\/bar-y-restaurant-victoria-brown-hm-arquitectos\\\/#article\",\"isPartOf\":{\"@id\":\"https:\\\/\\\/www.arquimaster.com.ar\\\/web\\\/bar-y-restaurant-victoria-brown-hm-arquitectos\\\/\"},\"author\":{\"name\":\"Arquimaster\",\"@id\":\"https:\\\/\\\/www.arquimaster.com.ar\\\/web\\\/#\\\/schema\\\/person\\\/359e9f7c00193fcde068e0dd2ceb0028\"},\"headline\":\"Bar y Restaurant Victoria Brown \\\/ HM Arquitectos\",\"datePublished\":\"2014-08-06T20:52:09+00:00\",\"dateModified\":\"2014-08-06T21:10:45+00:00\",\"mainEntityOfPage\":{\"@id\":\"https:\\\/\\\/www.arquimaster.com.ar\\\/web\\\/bar-y-restaurant-victoria-brown-hm-arquitectos\\\/\"},\"wordCount\":903,\"publisher\":{\"@id\":\"https:\\\/\\\/www.arquimaster.com.ar\\\/web\\\/#organization\"},\"image\":{\"@id\":\"https:\\\/\\\/www.arquimaster.com.ar\\\/web\\\/bar-y-restaurant-victoria-brown-hm-arquitectos\\\/#primaryimage\"},\"thumbnailUrl\":\"https:\\\/\\\/www.arquimaster.com.ar\\\/web\\\/wp-content\\\/uploads\\\/2014\\\/08\\\/victoria_brown_slide.jpg\",\"keywords\":[\"arquitectura comercial\",\"bar\",\"Fernando Hitzig\",\"HM Arquitectos\",\"Leonardo Militello\",\"Magdalena Molinari\",\"restauraci\u00f3n\",\"restaurante\"],\"articleSection\":[\"Arquitectura comercial\",\"Proyecto\"],\"inLanguage\":\"es\"},{\"@type\":\"WebPage\",\"@id\":\"https:\\\/\\\/www.arquimaster.com.ar\\\/web\\\/bar-y-restaurant-victoria-brown-hm-arquitectos\\\/\",\"url\":\"https:\\\/\\\/www.arquimaster.com.ar\\\/web\\\/bar-y-restaurant-victoria-brown-hm-arquitectos\\\/\",\"name\":\"Bar y Restaurant Victoria Brown \\\/ HM Arquitectos - Arquimaster\",\"isPartOf\":{\"@id\":\"https:\\\/\\\/www.arquimaster.com.ar\\\/web\\\/#website\"},\"primaryImageOfPage\":{\"@id\":\"https:\\\/\\\/www.arquimaster.com.ar\\\/web\\\/bar-y-restaurant-victoria-brown-hm-arquitectos\\\/#primaryimage\"},\"image\":{\"@id\":\"https:\\\/\\\/www.arquimaster.com.ar\\\/web\\\/bar-y-restaurant-victoria-brown-hm-arquitectos\\\/#primaryimage\"},\"thumbnailUrl\":\"https:\\\/\\\/www.arquimaster.com.ar\\\/web\\\/wp-content\\\/uploads\\\/2014\\\/08\\\/victoria_brown_slide.jpg\",\"datePublished\":\"2014-08-06T20:52:09+00:00\",\"dateModified\":\"2014-08-06T21:10:45+00:00\",\"breadcrumb\":{\"@id\":\"https:\\\/\\\/www.arquimaster.com.ar\\\/web\\\/bar-y-restaurant-victoria-brown-hm-arquitectos\\\/#breadcrumb\"},\"inLanguage\":\"es\",\"potentialAction\":[{\"@type\":\"ReadAction\",\"target\":[\"https:\\\/\\\/www.arquimaster.com.ar\\\/web\\\/bar-y-restaurant-victoria-brown-hm-arquitectos\\\/\"]}]},{\"@type\":\"ImageObject\",\"inLanguage\":\"es\",\"@id\":\"https:\\\/\\\/www.arquimaster.com.ar\\\/web\\\/bar-y-restaurant-victoria-brown-hm-arquitectos\\\/#primaryimage\",\"url\":\"https:\\\/\\\/www.arquimaster.com.ar\\\/web\\\/wp-content\\\/uploads\\\/2014\\\/08\\\/victoria_brown_slide.jpg\",\"contentUrl\":\"https:\\\/\\\/www.arquimaster.com.ar\\\/web\\\/wp-content\\\/uploads\\\/2014\\\/08\\\/victoria_brown_slide.jpg\",\"width\":642,\"height\":336},{\"@type\":\"BreadcrumbList\",\"@id\":\"https:\\\/\\\/www.arquimaster.com.ar\\\/web\\\/bar-y-restaurant-victoria-brown-hm-arquitectos\\\/#breadcrumb\",\"itemListElement\":[{\"@type\":\"ListItem\",\"position\":1,\"name\":\"Portada\",\"item\":\"https:\\\/\\\/www.arquimaster.com.ar\\\/web\\\/\"},{\"@type\":\"ListItem\",\"position\":2,\"name\":\"Bar y Restaurant Victoria Brown \\\/ HM Arquitectos\"}]},{\"@type\":\"WebSite\",\"@id\":\"https:\\\/\\\/www.arquimaster.com.ar\\\/web\\\/#website\",\"url\":\"https:\\\/\\\/www.arquimaster.com.ar\\\/web\\\/\",\"name\":\"Arquimaster\",\"description\":\"Web de arquitectura, dise\u00f1o y construccion\",\"publisher\":{\"@id\":\"https:\\\/\\\/www.arquimaster.com.ar\\\/web\\\/#organization\"},\"potentialAction\":[{\"@type\":\"SearchAction\",\"target\":{\"@type\":\"EntryPoint\",\"urlTemplate\":\"https:\\\/\\\/www.arquimaster.com.ar\\\/web\\\/?s={search_term_string}\"},\"query-input\":{\"@type\":\"PropertyValueSpecification\",\"valueRequired\":true,\"valueName\":\"search_term_string\"}}],\"inLanguage\":\"es\"},{\"@type\":\"Organization\",\"@id\":\"https:\\\/\\\/www.arquimaster.com.ar\\\/web\\\/#organization\",\"name\":\"Arquimaster\",\"url\":\"https:\\\/\\\/www.arquimaster.com.ar\\\/web\\\/\",\"logo\":{\"@type\":\"ImageObject\",\"inLanguage\":\"es\",\"@id\":\"https:\\\/\\\/www.arquimaster.com.ar\\\/web\\\/#\\\/schema\\\/logo\\\/image\\\/\",\"url\":\"https:\\\/\\\/www.arquimaster.com.ar\\\/web\\\/wp-content\\\/uploads\\\/2022\\\/06\\\/arquimaster.png\",\"contentUrl\":\"https:\\\/\\\/www.arquimaster.com.ar\\\/web\\\/wp-content\\\/uploads\\\/2022\\\/06\\\/arquimaster.png\",\"width\":594,\"height\":78,\"caption\":\"Arquimaster\"},\"image\":{\"@id\":\"https:\\\/\\\/www.arquimaster.com.ar\\\/web\\\/#\\\/schema\\\/logo\\\/image\\\/\"},\"sameAs\":[\"http:\\\/\\\/www.facebook.com\\\/ARQUIMASTER.com.ar\",\"https:\\\/\\\/x.com\\\/arquimaster\",\"https:\\\/\\\/www.instagram.com\\\/arquimasterblog\\\/\",\"https:\\\/\\\/www.linkedin.com\\\/company\\\/arquimaster\",\"https:\\\/\\\/www.pinterest.com\\\/arquimaster\",\"https:\\\/\\\/t.me\\\/arquimaster\"]},{\"@type\":\"Person\",\"@id\":\"https:\\\/\\\/www.arquimaster.com.ar\\\/web\\\/#\\\/schema\\\/person\\\/359e9f7c00193fcde068e0dd2ceb0028\",\"name\":\"Arquimaster\"}]}<\/script>\n<!-- \/ Yoast SEO plugin. -->","yoast_head_json":{"title":"Bar y Restaurant Victoria Brown \/ HM Arquitectos - Arquimaster","robots":{"index":"index","follow":"follow","max-snippet":"max-snippet:-1","max-image-preview":"max-image-preview:large","max-video-preview":"max-video-preview:-1"},"canonical":"https:\/\/www.arquimaster.com.ar\/web\/bar-y-restaurant-victoria-brown-hm-arquitectos\/","og_locale":"es_ES","og_type":"article","og_title":"Bar y Restaurant Victoria Brown \/ HM Arquitectos - Arquimaster","og_description":"Patchwork de situaciones y disparadores conceptuales que representan clima de \u00e9poca...","og_url":"https:\/\/www.arquimaster.com.ar\/web\/bar-y-restaurant-victoria-brown-hm-arquitectos\/","og_site_name":"Arquimaster","article_publisher":"http:\/\/www.facebook.com\/ARQUIMASTER.com.ar","article_published_time":"2014-08-06T20:52:09+00:00","article_modified_time":"2014-08-06T21:10:45+00:00","og_image":[{"width":642,"height":336,"url":"https:\/\/www.arquimaster.com.ar\/web\/wp-content\/uploads\/2014\/08\/victoria_brown_slide.jpg","type":"image\/jpeg"}],"author":"Arquimaster","twitter_card":"summary_large_image","twitter_creator":"@arquimaster","twitter_site":"@arquimaster","twitter_misc":{"Escrito por":"Arquimaster","Tiempo de lectura":"4 minutos"},"schema":{"@context":"https:\/\/schema.org","@graph":[{"@type":"Article","@id":"https:\/\/www.arquimaster.com.ar\/web\/bar-y-restaurant-victoria-brown-hm-arquitectos\/#article","isPartOf":{"@id":"https:\/\/www.arquimaster.com.ar\/web\/bar-y-restaurant-victoria-brown-hm-arquitectos\/"},"author":{"name":"Arquimaster","@id":"https:\/\/www.arquimaster.com.ar\/web\/#\/schema\/person\/359e9f7c00193fcde068e0dd2ceb0028"},"headline":"Bar y Restaurant Victoria Brown \/ HM Arquitectos","datePublished":"2014-08-06T20:52:09+00:00","dateModified":"2014-08-06T21:10:45+00:00","mainEntityOfPage":{"@id":"https:\/\/www.arquimaster.com.ar\/web\/bar-y-restaurant-victoria-brown-hm-arquitectos\/"},"wordCount":903,"publisher":{"@id":"https:\/\/www.arquimaster.com.ar\/web\/#organization"},"image":{"@id":"https:\/\/www.arquimaster.com.ar\/web\/bar-y-restaurant-victoria-brown-hm-arquitectos\/#primaryimage"},"thumbnailUrl":"https:\/\/www.arquimaster.com.ar\/web\/wp-content\/uploads\/2014\/08\/victoria_brown_slide.jpg","keywords":["arquitectura comercial","bar","Fernando Hitzig","HM Arquitectos","Leonardo Militello","Magdalena Molinari","restauraci\u00f3n","restaurante"],"articleSection":["Arquitectura comercial","Proyecto"],"inLanguage":"es"},{"@type":"WebPage","@id":"https:\/\/www.arquimaster.com.ar\/web\/bar-y-restaurant-victoria-brown-hm-arquitectos\/","url":"https:\/\/www.arquimaster.com.ar\/web\/bar-y-restaurant-victoria-brown-hm-arquitectos\/","name":"Bar y Restaurant Victoria Brown \/ HM Arquitectos - Arquimaster","isPartOf":{"@id":"https:\/\/www.arquimaster.com.ar\/web\/#website"},"primaryImageOfPage":{"@id":"https:\/\/www.arquimaster.com.ar\/web\/bar-y-restaurant-victoria-brown-hm-arquitectos\/#primaryimage"},"image":{"@id":"https:\/\/www.arquimaster.com.ar\/web\/bar-y-restaurant-victoria-brown-hm-arquitectos\/#primaryimage"},"thumbnailUrl":"https:\/\/www.arquimaster.com.ar\/web\/wp-content\/uploads\/2014\/08\/victoria_brown_slide.jpg","datePublished":"2014-08-06T20:52:09+00:00","dateModified":"2014-08-06T21:10:45+00:00","breadcrumb":{"@id":"https:\/\/www.arquimaster.com.ar\/web\/bar-y-restaurant-victoria-brown-hm-arquitectos\/#breadcrumb"},"inLanguage":"es","potentialAction":[{"@type":"ReadAction","target":["https:\/\/www.arquimaster.com.ar\/web\/bar-y-restaurant-victoria-brown-hm-arquitectos\/"]}]},{"@type":"ImageObject","inLanguage":"es","@id":"https:\/\/www.arquimaster.com.ar\/web\/bar-y-restaurant-victoria-brown-hm-arquitectos\/#primaryimage","url":"https:\/\/www.arquimaster.com.ar\/web\/wp-content\/uploads\/2014\/08\/victoria_brown_slide.jpg","contentUrl":"https:\/\/www.arquimaster.com.ar\/web\/wp-content\/uploads\/2014\/08\/victoria_brown_slide.jpg","width":642,"height":336},{"@type":"BreadcrumbList","@id":"https:\/\/www.arquimaster.com.ar\/web\/bar-y-restaurant-victoria-brown-hm-arquitectos\/#breadcrumb","itemListElement":[{"@type":"ListItem","position":1,"name":"Portada","item":"https:\/\/www.arquimaster.com.ar\/web\/"},{"@type":"ListItem","position":2,"name":"Bar y Restaurant Victoria Brown \/ HM Arquitectos"}]},{"@type":"WebSite","@id":"https:\/\/www.arquimaster.com.ar\/web\/#website","url":"https:\/\/www.arquimaster.com.ar\/web\/","name":"Arquimaster","description":"Web de arquitectura, dise\u00f1o y construccion","publisher":{"@id":"https:\/\/www.arquimaster.com.ar\/web\/#organization"},"potentialAction":[{"@type":"SearchAction","target":{"@type":"EntryPoint","urlTemplate":"https:\/\/www.arquimaster.com.ar\/web\/?s={search_term_string}"},"query-input":{"@type":"PropertyValueSpecification","valueRequired":true,"valueName":"search_term_string"}}],"inLanguage":"es"},{"@type":"Organization","@id":"https:\/\/www.arquimaster.com.ar\/web\/#organization","name":"Arquimaster","url":"https:\/\/www.arquimaster.com.ar\/web\/","logo":{"@type":"ImageObject","inLanguage":"es","@id":"https:\/\/www.arquimaster.com.ar\/web\/#\/schema\/logo\/image\/","url":"https:\/\/www.arquimaster.com.ar\/web\/wp-content\/uploads\/2022\/06\/arquimaster.png","contentUrl":"https:\/\/www.arquimaster.com.ar\/web\/wp-content\/uploads\/2022\/06\/arquimaster.png","width":594,"height":78,"caption":"Arquimaster"},"image":{"@id":"https:\/\/www.arquimaster.com.ar\/web\/#\/schema\/logo\/image\/"},"sameAs":["http:\/\/www.facebook.com\/ARQUIMASTER.com.ar","https:\/\/x.com\/arquimaster","https:\/\/www.instagram.com\/arquimasterblog\/","https:\/\/www.linkedin.com\/company\/arquimaster","https:\/\/www.pinterest.com\/arquimaster","https:\/\/t.me\/arquimaster"]},{"@type":"Person","@id":"https:\/\/www.arquimaster.com.ar\/web\/#\/schema\/person\/359e9f7c00193fcde068e0dd2ceb0028","name":"Arquimaster"}]}},"uagb_featured_image_src":{"full":["https:\/\/www.arquimaster.com.ar\/web\/wp-content\/uploads\/2014\/08\/victoria_brown_slide.jpg",642,336,false],"thumbnail":["https:\/\/www.arquimaster.com.ar\/web\/wp-content\/uploads\/2014\/08\/victoria_brown_slide-150x150.jpg",150,150,true],"medium":["https:\/\/www.arquimaster.com.ar\/web\/wp-content\/uploads\/2014\/08\/victoria_brown_slide-300x157.jpg",300,157,true],"medium_large":["https:\/\/www.arquimaster.com.ar\/web\/wp-content\/uploads\/2014\/08\/victoria_brown_slide.jpg",642,336,false],"large":["https:\/\/www.arquimaster.com.ar\/web\/wp-content\/uploads\/2014\/08\/victoria_brown_slide.jpg",642,336,false],"1536x1536":["https:\/\/www.arquimaster.com.ar\/web\/wp-content\/uploads\/2014\/08\/victoria_brown_slide.jpg",642,336,false],"2048x2048":["https:\/\/www.arquimaster.com.ar\/web\/wp-content\/uploads\/2014\/08\/victoria_brown_slide.jpg",642,336,false]},"uagb_author_info":{"display_name":"Arquimaster","author_link":"https:\/\/www.arquimaster.com.ar\/web\/author\/arquimaster\/"},"uagb_comment_info":0,"uagb_excerpt":"Patchwork de situaciones y disparadores conceptuales que representan clima de \u00e9poca...","_links":{"self":[{"href":"https:\/\/www.arquimaster.com.ar\/web\/wp-json\/wp\/v2\/posts\/8923","targetHints":{"allow":["GET"]}}],"collection":[{"href":"https:\/\/www.arquimaster.com.ar\/web\/wp-json\/wp\/v2\/posts"}],"about":[{"href":"https:\/\/www.arquimaster.com.ar\/web\/wp-json\/wp\/v2\/types\/post"}],"author":[{"embeddable":true,"href":"https:\/\/www.arquimaster.com.ar\/web\/wp-json\/wp\/v2\/users\/1"}],"replies":[{"embeddable":true,"href":"https:\/\/www.arquimaster.com.ar\/web\/wp-json\/wp\/v2\/comments?post=8923"}],"version-history":[{"count":0,"href":"https:\/\/www.arquimaster.com.ar\/web\/wp-json\/wp\/v2\/posts\/8923\/revisions"}],"wp:featuredmedia":[{"embeddable":true,"href":"https:\/\/www.arquimaster.com.ar\/web\/wp-json\/wp\/v2\/media\/8924"}],"wp:attachment":[{"href":"https:\/\/www.arquimaster.com.ar\/web\/wp-json\/wp\/v2\/media?parent=8923"}],"wp:term":[{"taxonomy":"category","embeddable":true,"href":"https:\/\/www.arquimaster.com.ar\/web\/wp-json\/wp\/v2\/categories?post=8923"},{"taxonomy":"post_tag","embeddable":true,"href":"https:\/\/www.arquimaster.com.ar\/web\/wp-json\/wp\/v2\/tags?post=8923"}],"curies":[{"name":"wp","href":"https:\/\/api.w.org\/{rel}","templated":true}]}}