{"id":9418,"date":"2014-09-05T21:15:21","date_gmt":"2014-09-05T21:15:21","guid":{"rendered":"http:\/\/www.arquimaster.com.ar\/web\/?p=9418"},"modified":"2014-09-06T21:21:54","modified_gmt":"2014-09-06T21:21:54","slug":"oficinas-ayesa-din-interiorismo","status":"publish","type":"post","link":"https:\/\/www.arquimaster.com.ar\/web\/oficinas-ayesa-din-interiorismo\/","title":{"rendered":"Oficinas Ayesa \/ DIN interiorismo"},"content":{"rendered":"<div style=\"margin-top: 0px; margin-bottom: 0px;\" class=\"sharethis-inline-share-buttons\" ><\/div><div class=\"b812932af2e751442846f039925109de\" data-index=\"1\" style=\"float: none; margin:25px 0 25px 0; text-align:center;\">\n<script async src=\"https:\/\/pagead2.googlesyndication.com\/pagead\/js\/adsbygoogle.js\"><\/script>\r\n<!-- Arquimaster (superior) -->\r\n<ins class=\"adsbygoogle\"\r\n     style=\"display:block\"\r\n     data-ad-client=\"ca-pub-6351072698456832\"\r\n     data-ad-slot=\"6455489680\"\r\n     data-ad-format=\"auto\"\r\n     data-full-width-responsive=\"true\"><\/ins>\r\n<script>\r\n     (adsbygoogle = window.adsbygoogle || []).push({});\r\n<\/script>\n<\/div>\n<p><strong>Oficinas Ayesa<\/strong> (Mexico DF) por<strong> DIN interiorismo<\/strong>. Para el proyecto de oficinas de la empresa de ingenier\u00eda m\u00e1s importante de Espa\u00f1a -con sucursales en varios pa\u00edses del mundo- el equipo de DIN interiorismo se enfrent\u00f3 a un dise\u00f1o ya establecido y operante, pero que carec\u00eda completamente de personalidad.<\/p>\n<div id='gallery-1' class='gallery galleryid-9418 gallery-columns-3 gallery-size-thumbnail'><figure class='gallery-item'>\n\t\t\t<div class='gallery-icon portrait'>\n\t\t\t\t<a href='https:\/\/www.arquimaster.com.ar\/web\/wp-content\/uploads\/2014\/09\/oficinas_ayesa1.jpg' title=\"Oficinas Ayesa \/ DIN interiorismo (\u00a9 Arturo Ch\u00e1vez)\" data-rl_title=\"Oficinas Ayesa \/ DIN interiorismo (\u00a9 Arturo Ch\u00e1vez)\" class=\"rl-gallery-link\" data-rl_caption=\"Oficinas Ayesa \/ DIN interiorismo (\u00a9 Arturo Ch\u00e1vez)\" data-rel=\"lightbox-gallery-1\"><img loading=\"lazy\" decoding=\"async\" width=\"150\" height=\"150\" src=\"https:\/\/www.arquimaster.com.ar\/web\/wp-content\/uploads\/2014\/09\/oficinas_ayesa1-150x150.jpg\" class=\"attachment-thumbnail size-thumbnail\" alt=\"\" aria-describedby=\"gallery-1-9420\" srcset=\"https:\/\/www.arquimaster.com.ar\/web\/wp-content\/uploads\/2014\/09\/oficinas_ayesa1-150x150.jpg 150w, https:\/\/www.arquimaster.com.ar\/web\/wp-content\/uploads\/2014\/09\/oficinas_ayesa1-50x50.jpg 50w, https:\/\/www.arquimaster.com.ar\/web\/wp-content\/uploads\/2014\/09\/oficinas_ayesa1-125x125.jpg 125w\" sizes=\"auto, (max-width: 150px) 100vw, 150px\" \/><\/a>\n\t\t\t<\/div>\n\t\t\t\t<figcaption class='wp-caption-text gallery-caption' id='gallery-1-9420'>\n\t\t\t\tOficinas Ayesa \/ DIN interiorismo (\u00a9 Arturo Ch\u00e1vez)\n\t\t\t\t<\/figcaption><\/figure><figure class='gallery-item'>\n\t\t\t<div class='gallery-icon landscape'>\n\t\t\t\t<a href='https:\/\/www.arquimaster.com.ar\/web\/wp-content\/uploads\/2014\/09\/oficinas_ayesa2.jpg' title=\"Oficinas Ayesa \/ DIN interiorismo (\u00a9 Arturo Ch\u00e1vez)\" data-rl_title=\"Oficinas Ayesa \/ DIN interiorismo (\u00a9 Arturo Ch\u00e1vez)\" class=\"rl-gallery-link\" data-rl_caption=\"Oficinas Ayesa \/ DIN interiorismo (\u00a9 Arturo Ch\u00e1vez)\" data-rel=\"lightbox-gallery-1\"><img loading=\"lazy\" decoding=\"async\" width=\"150\" height=\"150\" src=\"https:\/\/www.arquimaster.com.ar\/web\/wp-content\/uploads\/2014\/09\/oficinas_ayesa2-150x150.jpg\" class=\"attachment-thumbnail size-thumbnail\" alt=\"\" aria-describedby=\"gallery-1-9421\" srcset=\"https:\/\/www.arquimaster.com.ar\/web\/wp-content\/uploads\/2014\/09\/oficinas_ayesa2-150x150.jpg 150w, https:\/\/www.arquimaster.com.ar\/web\/wp-content\/uploads\/2014\/09\/oficinas_ayesa2-50x50.jpg 50w, https:\/\/www.arquimaster.com.ar\/web\/wp-content\/uploads\/2014\/09\/oficinas_ayesa2-125x125.jpg 125w\" sizes=\"auto, (max-width: 150px) 100vw, 150px\" \/><\/a>\n\t\t\t<\/div>\n\t\t\t\t<figcaption class='wp-caption-text gallery-caption' id='gallery-1-9421'>\n\t\t\t\tOficinas Ayesa \/ DIN interiorismo (\u00a9 Arturo Ch\u00e1vez)\n\t\t\t\t<\/figcaption><\/figure><figure class='gallery-item'>\n\t\t\t<div class='gallery-icon portrait'>\n\t\t\t\t<a href='https:\/\/www.arquimaster.com.ar\/web\/wp-content\/uploads\/2014\/09\/oficinas_ayesa3.jpg' title=\"Oficinas Ayesa \/ DIN interiorismo (\u00a9 Arturo Ch\u00e1vez)\" data-rl_title=\"Oficinas Ayesa \/ DIN interiorismo (\u00a9 Arturo Ch\u00e1vez)\" class=\"rl-gallery-link\" data-rl_caption=\"Oficinas Ayesa \/ DIN interiorismo (\u00a9 Arturo Ch\u00e1vez)\" data-rel=\"lightbox-gallery-1\"><img loading=\"lazy\" decoding=\"async\" width=\"150\" height=\"150\" src=\"https:\/\/www.arquimaster.com.ar\/web\/wp-content\/uploads\/2014\/09\/oficinas_ayesa3-150x150.jpg\" class=\"attachment-thumbnail size-thumbnail\" alt=\"\" aria-describedby=\"gallery-1-9422\" srcset=\"https:\/\/www.arquimaster.com.ar\/web\/wp-content\/uploads\/2014\/09\/oficinas_ayesa3-150x150.jpg 150w, https:\/\/www.arquimaster.com.ar\/web\/wp-content\/uploads\/2014\/09\/oficinas_ayesa3-50x50.jpg 50w, https:\/\/www.arquimaster.com.ar\/web\/wp-content\/uploads\/2014\/09\/oficinas_ayesa3-125x125.jpg 125w\" sizes=\"auto, (max-width: 150px) 100vw, 150px\" \/><\/a>\n\t\t\t<\/div>\n\t\t\t\t<figcaption class='wp-caption-text gallery-caption' id='gallery-1-9422'>\n\t\t\t\tOficinas Ayesa \/ DIN interiorismo (\u00a9 Arturo Ch\u00e1vez)\n\t\t\t\t<\/figcaption><\/figure><figure class='gallery-item'>\n\t\t\t<div class='gallery-icon portrait'>\n\t\t\t\t<a href='https:\/\/www.arquimaster.com.ar\/web\/wp-content\/uploads\/2014\/09\/oficinas_ayesa4.jpg' title=\"Oficinas Ayesa \/ DIN interiorismo (\u00a9 Arturo Ch\u00e1vez)\" data-rl_title=\"Oficinas Ayesa \/ DIN interiorismo (\u00a9 Arturo Ch\u00e1vez)\" class=\"rl-gallery-link\" data-rl_caption=\"Oficinas Ayesa \/ DIN interiorismo (\u00a9 Arturo Ch\u00e1vez)\" data-rel=\"lightbox-gallery-1\"><img loading=\"lazy\" decoding=\"async\" width=\"150\" height=\"150\" src=\"https:\/\/www.arquimaster.com.ar\/web\/wp-content\/uploads\/2014\/09\/oficinas_ayesa4-150x150.jpg\" class=\"attachment-thumbnail size-thumbnail\" alt=\"\" aria-describedby=\"gallery-1-9423\" srcset=\"https:\/\/www.arquimaster.com.ar\/web\/wp-content\/uploads\/2014\/09\/oficinas_ayesa4-150x150.jpg 150w, https:\/\/www.arquimaster.com.ar\/web\/wp-content\/uploads\/2014\/09\/oficinas_ayesa4-50x50.jpg 50w, https:\/\/www.arquimaster.com.ar\/web\/wp-content\/uploads\/2014\/09\/oficinas_ayesa4-125x125.jpg 125w\" sizes=\"auto, (max-width: 150px) 100vw, 150px\" \/><\/a>\n\t\t\t<\/div>\n\t\t\t\t<figcaption class='wp-caption-text gallery-caption' id='gallery-1-9423'>\n\t\t\t\tOficinas Ayesa \/ DIN interiorismo (\u00a9 Arturo Ch\u00e1vez)\n\t\t\t\t<\/figcaption><\/figure><figure class='gallery-item'>\n\t\t\t<div class='gallery-icon portrait'>\n\t\t\t\t<a href='https:\/\/www.arquimaster.com.ar\/web\/wp-content\/uploads\/2014\/09\/oficinas_ayesa5.jpg' title=\"Oficinas Ayesa \/ DIN interiorismo (\u00a9 Arturo Ch\u00e1vez)\" data-rl_title=\"Oficinas Ayesa \/ DIN interiorismo (\u00a9 Arturo Ch\u00e1vez)\" class=\"rl-gallery-link\" data-rl_caption=\"Oficinas Ayesa \/ DIN interiorismo (\u00a9 Arturo Ch\u00e1vez)\" data-rel=\"lightbox-gallery-1\"><img loading=\"lazy\" decoding=\"async\" width=\"150\" height=\"150\" src=\"https:\/\/www.arquimaster.com.ar\/web\/wp-content\/uploads\/2014\/09\/oficinas_ayesa5-150x150.jpg\" class=\"attachment-thumbnail size-thumbnail\" alt=\"\" aria-describedby=\"gallery-1-9424\" srcset=\"https:\/\/www.arquimaster.com.ar\/web\/wp-content\/uploads\/2014\/09\/oficinas_ayesa5-150x150.jpg 150w, https:\/\/www.arquimaster.com.ar\/web\/wp-content\/uploads\/2014\/09\/oficinas_ayesa5-50x50.jpg 50w, https:\/\/www.arquimaster.com.ar\/web\/wp-content\/uploads\/2014\/09\/oficinas_ayesa5-125x125.jpg 125w\" sizes=\"auto, (max-width: 150px) 100vw, 150px\" \/><\/a>\n\t\t\t<\/div>\n\t\t\t\t<figcaption class='wp-caption-text gallery-caption' id='gallery-1-9424'>\n\t\t\t\tOficinas Ayesa \/ DIN interiorismo (\u00a9 Arturo Ch\u00e1vez)\n\t\t\t\t<\/figcaption><\/figure><figure class='gallery-item'>\n\t\t\t<div class='gallery-icon landscape'>\n\t\t\t\t<a href='https:\/\/www.arquimaster.com.ar\/web\/wp-content\/uploads\/2014\/09\/oficinas_ayesa6.jpg' title=\"Oficinas Ayesa \/ DIN interiorismo (\u00a9 Arturo Ch\u00e1vez)\" data-rl_title=\"Oficinas Ayesa \/ DIN interiorismo (\u00a9 Arturo Ch\u00e1vez)\" class=\"rl-gallery-link\" data-rl_caption=\"Oficinas Ayesa \/ DIN interiorismo (\u00a9 Arturo Ch\u00e1vez)\" data-rel=\"lightbox-gallery-1\"><img loading=\"lazy\" decoding=\"async\" width=\"150\" height=\"150\" src=\"https:\/\/www.arquimaster.com.ar\/web\/wp-content\/uploads\/2014\/09\/oficinas_ayesa6-150x150.jpg\" class=\"attachment-thumbnail size-thumbnail\" alt=\"\" aria-describedby=\"gallery-1-9425\" srcset=\"https:\/\/www.arquimaster.com.ar\/web\/wp-content\/uploads\/2014\/09\/oficinas_ayesa6-150x150.jpg 150w, https:\/\/www.arquimaster.com.ar\/web\/wp-content\/uploads\/2014\/09\/oficinas_ayesa6-50x50.jpg 50w, https:\/\/www.arquimaster.com.ar\/web\/wp-content\/uploads\/2014\/09\/oficinas_ayesa6-125x125.jpg 125w\" sizes=\"auto, (max-width: 150px) 100vw, 150px\" \/><\/a>\n\t\t\t<\/div>\n\t\t\t\t<figcaption class='wp-caption-text gallery-caption' id='gallery-1-9425'>\n\t\t\t\tOficinas Ayesa \/ DIN interiorismo (\u00a9 Arturo Ch\u00e1vez)\n\t\t\t\t<\/figcaption><\/figure><figure class='gallery-item'>\n\t\t\t<div class='gallery-icon landscape'>\n\t\t\t\t<a href='https:\/\/www.arquimaster.com.ar\/web\/wp-content\/uploads\/2014\/09\/oficinas_ayesa7.jpg' title=\"Oficinas Ayesa \/ DIN interiorismo (\u00a9 Arturo Ch\u00e1vez)\" data-rl_title=\"Oficinas Ayesa \/ DIN interiorismo (\u00a9 Arturo Ch\u00e1vez)\" class=\"rl-gallery-link\" data-rl_caption=\"Oficinas Ayesa \/ DIN interiorismo (\u00a9 Arturo Ch\u00e1vez)\" data-rel=\"lightbox-gallery-1\"><img loading=\"lazy\" decoding=\"async\" width=\"150\" height=\"150\" src=\"https:\/\/www.arquimaster.com.ar\/web\/wp-content\/uploads\/2014\/09\/oficinas_ayesa7-150x150.jpg\" class=\"attachment-thumbnail size-thumbnail\" alt=\"\" aria-describedby=\"gallery-1-9426\" srcset=\"https:\/\/www.arquimaster.com.ar\/web\/wp-content\/uploads\/2014\/09\/oficinas_ayesa7-150x150.jpg 150w, https:\/\/www.arquimaster.com.ar\/web\/wp-content\/uploads\/2014\/09\/oficinas_ayesa7-50x50.jpg 50w, https:\/\/www.arquimaster.com.ar\/web\/wp-content\/uploads\/2014\/09\/oficinas_ayesa7-125x125.jpg 125w\" sizes=\"auto, (max-width: 150px) 100vw, 150px\" \/><\/a>\n\t\t\t<\/div>\n\t\t\t\t<figcaption class='wp-caption-text gallery-caption' id='gallery-1-9426'>\n\t\t\t\tOficinas Ayesa \/ DIN interiorismo (\u00a9 Arturo Ch\u00e1vez)\n\t\t\t\t<\/figcaption><\/figure><figure class='gallery-item'>\n\t\t\t<div class='gallery-icon landscape'>\n\t\t\t\t<a href='https:\/\/www.arquimaster.com.ar\/web\/wp-content\/uploads\/2014\/09\/oficinas_ayesa8.jpg' title=\"Oficinas Ayesa \/ DIN interiorismo (\u00a9 Arturo Ch\u00e1vez)\" data-rl_title=\"Oficinas Ayesa \/ DIN interiorismo (\u00a9 Arturo Ch\u00e1vez)\" class=\"rl-gallery-link\" data-rl_caption=\"Oficinas Ayesa \/ DIN interiorismo (\u00a9 Arturo Ch\u00e1vez)\" data-rel=\"lightbox-gallery-1\"><img loading=\"lazy\" decoding=\"async\" width=\"150\" height=\"150\" src=\"https:\/\/www.arquimaster.com.ar\/web\/wp-content\/uploads\/2014\/09\/oficinas_ayesa8-150x150.jpg\" class=\"attachment-thumbnail size-thumbnail\" alt=\"\" aria-describedby=\"gallery-1-9427\" srcset=\"https:\/\/www.arquimaster.com.ar\/web\/wp-content\/uploads\/2014\/09\/oficinas_ayesa8-150x150.jpg 150w, https:\/\/www.arquimaster.com.ar\/web\/wp-content\/uploads\/2014\/09\/oficinas_ayesa8-50x50.jpg 50w, https:\/\/www.arquimaster.com.ar\/web\/wp-content\/uploads\/2014\/09\/oficinas_ayesa8-125x125.jpg 125w\" sizes=\"auto, (max-width: 150px) 100vw, 150px\" \/><\/a>\n\t\t\t<\/div>\n\t\t\t\t<figcaption class='wp-caption-text gallery-caption' id='gallery-1-9427'>\n\t\t\t\tOficinas Ayesa \/ DIN interiorismo (\u00a9 Arturo Ch\u00e1vez)\n\t\t\t\t<\/figcaption><\/figure><figure class='gallery-item'>\n\t\t\t<div class='gallery-icon landscape'>\n\t\t\t\t<a href='https:\/\/www.arquimaster.com.ar\/web\/wp-content\/uploads\/2014\/09\/oficinas_ayesa9.jpg' title=\"Oficinas Ayesa \/ DIN interiorismo (\u00a9 Arturo Ch\u00e1vez)\" data-rl_title=\"Oficinas Ayesa \/ DIN interiorismo (\u00a9 Arturo Ch\u00e1vez)\" class=\"rl-gallery-link\" data-rl_caption=\"Oficinas Ayesa \/ DIN interiorismo (\u00a9 Arturo Ch\u00e1vez)\" data-rel=\"lightbox-gallery-1\"><img loading=\"lazy\" decoding=\"async\" width=\"150\" height=\"150\" src=\"https:\/\/www.arquimaster.com.ar\/web\/wp-content\/uploads\/2014\/09\/oficinas_ayesa9-150x150.jpg\" class=\"attachment-thumbnail size-thumbnail\" alt=\"\" aria-describedby=\"gallery-1-9428\" srcset=\"https:\/\/www.arquimaster.com.ar\/web\/wp-content\/uploads\/2014\/09\/oficinas_ayesa9-150x150.jpg 150w, https:\/\/www.arquimaster.com.ar\/web\/wp-content\/uploads\/2014\/09\/oficinas_ayesa9-50x50.jpg 50w, https:\/\/www.arquimaster.com.ar\/web\/wp-content\/uploads\/2014\/09\/oficinas_ayesa9-125x125.jpg 125w\" sizes=\"auto, (max-width: 150px) 100vw, 150px\" \/><\/a>\n\t\t\t<\/div>\n\t\t\t\t<figcaption class='wp-caption-text gallery-caption' id='gallery-1-9428'>\n\t\t\t\tOficinas Ayesa \/ DIN interiorismo (\u00a9 Arturo Ch\u00e1vez)\n\t\t\t\t<\/figcaption><\/figure><figure class='gallery-item'>\n\t\t\t<div class='gallery-icon landscape'>\n\t\t\t\t<a href='https:\/\/www.arquimaster.com.ar\/web\/wp-content\/uploads\/2014\/09\/oficinas_ayesa10.jpg' title=\"Oficinas Ayesa \/ DIN interiorismo (\u00a9 Arturo Ch\u00e1vez)\" data-rl_title=\"Oficinas Ayesa \/ DIN interiorismo (\u00a9 Arturo Ch\u00e1vez)\" class=\"rl-gallery-link\" data-rl_caption=\"Oficinas Ayesa \/ DIN interiorismo (\u00a9 Arturo Ch\u00e1vez)\" data-rel=\"lightbox-gallery-1\"><img loading=\"lazy\" decoding=\"async\" width=\"150\" height=\"150\" src=\"https:\/\/www.arquimaster.com.ar\/web\/wp-content\/uploads\/2014\/09\/oficinas_ayesa10-150x150.jpg\" class=\"attachment-thumbnail size-thumbnail\" alt=\"\" aria-describedby=\"gallery-1-9429\" srcset=\"https:\/\/www.arquimaster.com.ar\/web\/wp-content\/uploads\/2014\/09\/oficinas_ayesa10-150x150.jpg 150w, https:\/\/www.arquimaster.com.ar\/web\/wp-content\/uploads\/2014\/09\/oficinas_ayesa10-50x50.jpg 50w, https:\/\/www.arquimaster.com.ar\/web\/wp-content\/uploads\/2014\/09\/oficinas_ayesa10-125x125.jpg 125w\" sizes=\"auto, (max-width: 150px) 100vw, 150px\" \/><\/a>\n\t\t\t<\/div>\n\t\t\t\t<figcaption class='wp-caption-text gallery-caption' id='gallery-1-9429'>\n\t\t\t\tOficinas Ayesa \/ DIN interiorismo (\u00a9 Arturo Ch\u00e1vez)\n\t\t\t\t<\/figcaption><\/figure><figure class='gallery-item'>\n\t\t\t<div class='gallery-icon portrait'>\n\t\t\t\t<a href='https:\/\/www.arquimaster.com.ar\/web\/wp-content\/uploads\/2014\/09\/oficinas_ayesa11.jpg' title=\"Oficinas Ayesa \/ DIN interiorismo (\u00a9 Arturo Ch\u00e1vez)\" data-rl_title=\"Oficinas Ayesa \/ DIN interiorismo (\u00a9 Arturo Ch\u00e1vez)\" class=\"rl-gallery-link\" data-rl_caption=\"Oficinas Ayesa \/ DIN interiorismo (\u00a9 Arturo Ch\u00e1vez)\" data-rel=\"lightbox-gallery-1\"><img loading=\"lazy\" decoding=\"async\" width=\"150\" height=\"150\" src=\"https:\/\/www.arquimaster.com.ar\/web\/wp-content\/uploads\/2014\/09\/oficinas_ayesa11-150x150.jpg\" class=\"attachment-thumbnail size-thumbnail\" alt=\"\" aria-describedby=\"gallery-1-9430\" srcset=\"https:\/\/www.arquimaster.com.ar\/web\/wp-content\/uploads\/2014\/09\/oficinas_ayesa11-150x150.jpg 150w, https:\/\/www.arquimaster.com.ar\/web\/wp-content\/uploads\/2014\/09\/oficinas_ayesa11-50x50.jpg 50w, https:\/\/www.arquimaster.com.ar\/web\/wp-content\/uploads\/2014\/09\/oficinas_ayesa11-125x125.jpg 125w\" sizes=\"auto, (max-width: 150px) 100vw, 150px\" \/><\/a>\n\t\t\t<\/div>\n\t\t\t\t<figcaption class='wp-caption-text gallery-caption' id='gallery-1-9430'>\n\t\t\t\tOficinas Ayesa \/ DIN interiorismo (\u00a9 Arturo Ch\u00e1vez)\n\t\t\t\t<\/figcaption><\/figure><figure class='gallery-item'>\n\t\t\t<div class='gallery-icon landscape'>\n\t\t\t\t<a href='https:\/\/www.arquimaster.com.ar\/web\/wp-content\/uploads\/2014\/09\/oficinas_ayesa12.jpg' title=\"Oficinas Ayesa \/ DIN interiorismo (planta)\" data-rl_title=\"Oficinas Ayesa \/ DIN interiorismo (planta)\" class=\"rl-gallery-link\" data-rl_caption=\"Oficinas Ayesa \/ DIN interiorismo (planta)\" data-rel=\"lightbox-gallery-1\"><img loading=\"lazy\" decoding=\"async\" width=\"150\" height=\"150\" src=\"https:\/\/www.arquimaster.com.ar\/web\/wp-content\/uploads\/2014\/09\/oficinas_ayesa12-150x150.jpg\" class=\"attachment-thumbnail size-thumbnail\" alt=\"\" aria-describedby=\"gallery-1-9431\" srcset=\"https:\/\/www.arquimaster.com.ar\/web\/wp-content\/uploads\/2014\/09\/oficinas_ayesa12-150x150.jpg 150w, https:\/\/www.arquimaster.com.ar\/web\/wp-content\/uploads\/2014\/09\/oficinas_ayesa12-50x50.jpg 50w, https:\/\/www.arquimaster.com.ar\/web\/wp-content\/uploads\/2014\/09\/oficinas_ayesa12-125x125.jpg 125w\" sizes=\"auto, (max-width: 150px) 100vw, 150px\" \/><\/a>\n\t\t\t<\/div>\n\t\t\t\t<figcaption class='wp-caption-text gallery-caption' id='gallery-1-9431'>\n\t\t\t\tOficinas Ayesa \/ DIN interiorismo (planta)\n\t\t\t\t<\/figcaption><\/figure><figure class='gallery-item'>\n\t\t\t<div class='gallery-icon landscape'>\n\t\t\t\t<a href='https:\/\/www.arquimaster.com.ar\/web\/wp-content\/uploads\/2014\/09\/oficinas_ayesa13.jpg' title=\"Oficinas Ayesa \/ DIN interiorismo (planta)\" data-rl_title=\"Oficinas Ayesa \/ DIN interiorismo (planta)\" class=\"rl-gallery-link\" data-rl_caption=\"Oficinas Ayesa \/ DIN interiorismo (planta)\" data-rel=\"lightbox-gallery-1\"><img loading=\"lazy\" decoding=\"async\" width=\"150\" height=\"150\" src=\"https:\/\/www.arquimaster.com.ar\/web\/wp-content\/uploads\/2014\/09\/oficinas_ayesa13-150x150.jpg\" class=\"attachment-thumbnail size-thumbnail\" alt=\"\" aria-describedby=\"gallery-1-9432\" srcset=\"https:\/\/www.arquimaster.com.ar\/web\/wp-content\/uploads\/2014\/09\/oficinas_ayesa13-150x150.jpg 150w, https:\/\/www.arquimaster.com.ar\/web\/wp-content\/uploads\/2014\/09\/oficinas_ayesa13-50x50.jpg 50w, https:\/\/www.arquimaster.com.ar\/web\/wp-content\/uploads\/2014\/09\/oficinas_ayesa13-125x125.jpg 125w\" sizes=\"auto, (max-width: 150px) 100vw, 150px\" \/><\/a>\n\t\t\t<\/div>\n\t\t\t\t<figcaption class='wp-caption-text gallery-caption' id='gallery-1-9432'>\n\t\t\t\tOficinas Ayesa \/ DIN interiorismo (planta)\n\t\t\t\t<\/figcaption><\/figure>\n\t\t<\/div>\n\n<p>Transformar un proyecto ya listo es un gran reto, sobre todo porque hay que superar las barreras que establecen las operaciones diarias de la empresa.<\/p>\n<p>Tomando como hilo conductor los colores corporativos y la imagen que caracterizan a esta empresa, se incluy\u00f3 la alegr\u00eda del color en los espacios, que tambi\u00e9n se reconfiguraron para lograr un mayor dinamismo en la operaci\u00f3n.<\/p>\n<p>La optimizaci\u00f3n de los espacios de guardado, la substituci\u00f3n del mobiliario ejecutivo y diferentes acentos en la iluminaci\u00f3n ayudaron a dar una nueva atm\u00f3sfera a todas las \u00e1reas.<\/p>\n<p>Se hizo tambi\u00e9n un replanteamiento integral de la recepci\u00f3n y se coloc\u00f3 un muro, que adem\u00e1s de vestibular el ingreso sirve como espacio de exposici\u00f3n de los proyectos de la empresa.<\/p>\n<p>Tambi\u00e9n se hicieron importantes mejoras en una terraza que se utilizaba muy poco y el comedor. Se incluyeron en el programa otras salas de juntas y la nueva divisi\u00f3n de los espacios permiti\u00f3 la creaci\u00f3n de m\u00e1s zonas.<\/p>\n<p>El resultado es un espacio que se ve y se siente mucho m\u00e1s ordenado que crea un mejor ambiente tanto para los usuarios como para los visitantes y donde la comunicaci\u00f3n espacial est\u00e1 alineada con los objetivos de la empresa a nivel mundial.<\/p>\n<p><strong>Ficha tecnica<\/strong><br \/>\nNombre: Oficinas Ayesa<br \/>\nUbicaci\u00f3n: M\u00e9xico DF.<br \/>\nDise\u00f1o Interior: DIN interiorismo, Aurelio V\u00e1zquez<br \/>\n\u00c1rea: 895 m2<br \/>\nA\u00f1o: 2013<br \/>\nFotograf\u00eda: Arturo Ch\u00e1vez<\/p>\n<p><strong>Contacto:<\/strong> http:\/\/www.din.com.mx<\/p>\n\n<div style=\"font-size: 0px; height: 0px; line-height: 0px; margin: 0; padding: 0; clear: both;\"><\/div><div style=\"margin-top: 0px; margin-bottom: 0px;\" class=\"sharethis-inline-share-buttons\" ><\/div>","protected":false},"excerpt":{"rendered":"<p>Se incluy\u00f3 la alegr\u00eda del color en los espacios, que tambi\u00e9n se reconfiguraron&#8230;<\/p>\n","protected":false},"author":1,"featured_media":9419,"comment_status":"closed","ping_status":"closed","sticky":false,"template":"","format":"standard","meta":{"_uag_custom_page_level_css":"","footnotes":""},"categories":[76,1],"tags":[2159,2611,250,2158,1294,255],"class_list":["post-9418","post","type-post","status-publish","format-standard","has-post-thumbnail","hentry","category-arquitectura-corporativa","category-proyecto","tag-aurelio-vazquez","tag-ayesa","tag-ciudad-de-mexico","tag-din-interiorismo","tag-diseno-de-oficinas","tag-oficinas","generate-columns","tablet-grid-50","mobile-grid-100","grid-parent","grid-50"],"yoast_head":"<!-- This site is optimized with the Yoast SEO plugin v27.3 - https:\/\/yoast.com\/product\/yoast-seo-wordpress\/ -->\n<title>Oficinas Ayesa \/ DIN interiorismo - Arquimaster<\/title>\n<meta name=\"robots\" content=\"index, follow, max-snippet:-1, max-image-preview:large, max-video-preview:-1\" \/>\n<link rel=\"canonical\" href=\"https:\/\/www.arquimaster.com.ar\/web\/oficinas-ayesa-din-interiorismo\/\" \/>\n<meta property=\"og:locale\" content=\"es_ES\" \/>\n<meta property=\"og:type\" content=\"article\" \/>\n<meta property=\"og:title\" content=\"Oficinas Ayesa \/ DIN interiorismo - Arquimaster\" \/>\n<meta property=\"og:description\" content=\"Se incluy\u00f3 la alegr\u00eda del color en los espacios, que tambi\u00e9n se reconfiguraron...\" \/>\n<meta property=\"og:url\" content=\"https:\/\/www.arquimaster.com.ar\/web\/oficinas-ayesa-din-interiorismo\/\" \/>\n<meta property=\"og:site_name\" content=\"Arquimaster\" \/>\n<meta property=\"article:publisher\" content=\"http:\/\/www.facebook.com\/ARQUIMASTER.com.ar\" \/>\n<meta property=\"article:published_time\" content=\"2014-09-05T21:15:21+00:00\" \/>\n<meta property=\"article:modified_time\" content=\"2014-09-06T21:21:54+00:00\" \/>\n<meta property=\"og:image\" content=\"https:\/\/www.arquimaster.com.ar\/web\/wp-content\/uploads\/2014\/09\/oficinas_ayesa_slide.jpg\" \/>\n\t<meta property=\"og:image:width\" content=\"642\" \/>\n\t<meta property=\"og:image:height\" content=\"336\" \/>\n\t<meta property=\"og:image:type\" content=\"image\/jpeg\" \/>\n<meta name=\"author\" content=\"Arquimaster\" \/>\n<meta name=\"twitter:card\" content=\"summary_large_image\" \/>\n<meta name=\"twitter:creator\" content=\"@arquimaster\" \/>\n<meta name=\"twitter:site\" content=\"@arquimaster\" \/>\n<meta name=\"twitter:label1\" content=\"Escrito por\" \/>\n\t<meta name=\"twitter:data1\" content=\"Arquimaster\" \/>\n\t<meta name=\"twitter:label2\" content=\"Tiempo de lectura\" \/>\n\t<meta name=\"twitter:data2\" content=\"2 minutos\" \/>\n<script type=\"application\/ld+json\" class=\"yoast-schema-graph\">{\"@context\":\"https:\\\/\\\/schema.org\",\"@graph\":[{\"@type\":\"Article\",\"@id\":\"https:\\\/\\\/www.arquimaster.com.ar\\\/web\\\/oficinas-ayesa-din-interiorismo\\\/#article\",\"isPartOf\":{\"@id\":\"https:\\\/\\\/www.arquimaster.com.ar\\\/web\\\/oficinas-ayesa-din-interiorismo\\\/\"},\"author\":{\"name\":\"Arquimaster\",\"@id\":\"https:\\\/\\\/www.arquimaster.com.ar\\\/web\\\/#\\\/schema\\\/person\\\/359e9f7c00193fcde068e0dd2ceb0028\"},\"headline\":\"Oficinas Ayesa \\\/ DIN interiorismo\",\"datePublished\":\"2014-09-05T21:15:21+00:00\",\"dateModified\":\"2014-09-06T21:21:54+00:00\",\"mainEntityOfPage\":{\"@id\":\"https:\\\/\\\/www.arquimaster.com.ar\\\/web\\\/oficinas-ayesa-din-interiorismo\\\/\"},\"wordCount\":313,\"publisher\":{\"@id\":\"https:\\\/\\\/www.arquimaster.com.ar\\\/web\\\/#organization\"},\"image\":{\"@id\":\"https:\\\/\\\/www.arquimaster.com.ar\\\/web\\\/oficinas-ayesa-din-interiorismo\\\/#primaryimage\"},\"thumbnailUrl\":\"https:\\\/\\\/www.arquimaster.com.ar\\\/web\\\/wp-content\\\/uploads\\\/2014\\\/09\\\/oficinas_ayesa_slide.jpg\",\"keywords\":[\"Aurelio V\u00e1zquez\",\"Ayesa\",\"Ciudad de Mexico\",\"DIN interiorismo\",\"dise\u00f1o de oficinas\",\"oficinas\"],\"articleSection\":[\"Arquitectura corporativa\",\"Proyecto\"],\"inLanguage\":\"es\"},{\"@type\":\"WebPage\",\"@id\":\"https:\\\/\\\/www.arquimaster.com.ar\\\/web\\\/oficinas-ayesa-din-interiorismo\\\/\",\"url\":\"https:\\\/\\\/www.arquimaster.com.ar\\\/web\\\/oficinas-ayesa-din-interiorismo\\\/\",\"name\":\"Oficinas Ayesa \\\/ DIN interiorismo - Arquimaster\",\"isPartOf\":{\"@id\":\"https:\\\/\\\/www.arquimaster.com.ar\\\/web\\\/#website\"},\"primaryImageOfPage\":{\"@id\":\"https:\\\/\\\/www.arquimaster.com.ar\\\/web\\\/oficinas-ayesa-din-interiorismo\\\/#primaryimage\"},\"image\":{\"@id\":\"https:\\\/\\\/www.arquimaster.com.ar\\\/web\\\/oficinas-ayesa-din-interiorismo\\\/#primaryimage\"},\"thumbnailUrl\":\"https:\\\/\\\/www.arquimaster.com.ar\\\/web\\\/wp-content\\\/uploads\\\/2014\\\/09\\\/oficinas_ayesa_slide.jpg\",\"datePublished\":\"2014-09-05T21:15:21+00:00\",\"dateModified\":\"2014-09-06T21:21:54+00:00\",\"breadcrumb\":{\"@id\":\"https:\\\/\\\/www.arquimaster.com.ar\\\/web\\\/oficinas-ayesa-din-interiorismo\\\/#breadcrumb\"},\"inLanguage\":\"es\",\"potentialAction\":[{\"@type\":\"ReadAction\",\"target\":[\"https:\\\/\\\/www.arquimaster.com.ar\\\/web\\\/oficinas-ayesa-din-interiorismo\\\/\"]}]},{\"@type\":\"ImageObject\",\"inLanguage\":\"es\",\"@id\":\"https:\\\/\\\/www.arquimaster.com.ar\\\/web\\\/oficinas-ayesa-din-interiorismo\\\/#primaryimage\",\"url\":\"https:\\\/\\\/www.arquimaster.com.ar\\\/web\\\/wp-content\\\/uploads\\\/2014\\\/09\\\/oficinas_ayesa_slide.jpg\",\"contentUrl\":\"https:\\\/\\\/www.arquimaster.com.ar\\\/web\\\/wp-content\\\/uploads\\\/2014\\\/09\\\/oficinas_ayesa_slide.jpg\",\"width\":642,\"height\":336},{\"@type\":\"BreadcrumbList\",\"@id\":\"https:\\\/\\\/www.arquimaster.com.ar\\\/web\\\/oficinas-ayesa-din-interiorismo\\\/#breadcrumb\",\"itemListElement\":[{\"@type\":\"ListItem\",\"position\":1,\"name\":\"Portada\",\"item\":\"https:\\\/\\\/www.arquimaster.com.ar\\\/web\\\/\"},{\"@type\":\"ListItem\",\"position\":2,\"name\":\"Oficinas Ayesa \\\/ DIN interiorismo\"}]},{\"@type\":\"WebSite\",\"@id\":\"https:\\\/\\\/www.arquimaster.com.ar\\\/web\\\/#website\",\"url\":\"https:\\\/\\\/www.arquimaster.com.ar\\\/web\\\/\",\"name\":\"Arquimaster\",\"description\":\"Web de arquitectura, dise\u00f1o y construccion\",\"publisher\":{\"@id\":\"https:\\\/\\\/www.arquimaster.com.ar\\\/web\\\/#organization\"},\"potentialAction\":[{\"@type\":\"SearchAction\",\"target\":{\"@type\":\"EntryPoint\",\"urlTemplate\":\"https:\\\/\\\/www.arquimaster.com.ar\\\/web\\\/?s={search_term_string}\"},\"query-input\":{\"@type\":\"PropertyValueSpecification\",\"valueRequired\":true,\"valueName\":\"search_term_string\"}}],\"inLanguage\":\"es\"},{\"@type\":\"Organization\",\"@id\":\"https:\\\/\\\/www.arquimaster.com.ar\\\/web\\\/#organization\",\"name\":\"Arquimaster\",\"url\":\"https:\\\/\\\/www.arquimaster.com.ar\\\/web\\\/\",\"logo\":{\"@type\":\"ImageObject\",\"inLanguage\":\"es\",\"@id\":\"https:\\\/\\\/www.arquimaster.com.ar\\\/web\\\/#\\\/schema\\\/logo\\\/image\\\/\",\"url\":\"https:\\\/\\\/www.arquimaster.com.ar\\\/web\\\/wp-content\\\/uploads\\\/2022\\\/06\\\/arquimaster.png\",\"contentUrl\":\"https:\\\/\\\/www.arquimaster.com.ar\\\/web\\\/wp-content\\\/uploads\\\/2022\\\/06\\\/arquimaster.png\",\"width\":594,\"height\":78,\"caption\":\"Arquimaster\"},\"image\":{\"@id\":\"https:\\\/\\\/www.arquimaster.com.ar\\\/web\\\/#\\\/schema\\\/logo\\\/image\\\/\"},\"sameAs\":[\"http:\\\/\\\/www.facebook.com\\\/ARQUIMASTER.com.ar\",\"https:\\\/\\\/x.com\\\/arquimaster\",\"https:\\\/\\\/www.instagram.com\\\/arquimasterblog\\\/\",\"https:\\\/\\\/www.linkedin.com\\\/company\\\/arquimaster\",\"https:\\\/\\\/www.pinterest.com\\\/arquimaster\",\"https:\\\/\\\/t.me\\\/arquimaster\"]},{\"@type\":\"Person\",\"@id\":\"https:\\\/\\\/www.arquimaster.com.ar\\\/web\\\/#\\\/schema\\\/person\\\/359e9f7c00193fcde068e0dd2ceb0028\",\"name\":\"Arquimaster\"}]}<\/script>\n<!-- \/ Yoast SEO plugin. -->","yoast_head_json":{"title":"Oficinas Ayesa \/ DIN interiorismo - Arquimaster","robots":{"index":"index","follow":"follow","max-snippet":"max-snippet:-1","max-image-preview":"max-image-preview:large","max-video-preview":"max-video-preview:-1"},"canonical":"https:\/\/www.arquimaster.com.ar\/web\/oficinas-ayesa-din-interiorismo\/","og_locale":"es_ES","og_type":"article","og_title":"Oficinas Ayesa \/ DIN interiorismo - Arquimaster","og_description":"Se incluy\u00f3 la alegr\u00eda del color en los espacios, que tambi\u00e9n se reconfiguraron...","og_url":"https:\/\/www.arquimaster.com.ar\/web\/oficinas-ayesa-din-interiorismo\/","og_site_name":"Arquimaster","article_publisher":"http:\/\/www.facebook.com\/ARQUIMASTER.com.ar","article_published_time":"2014-09-05T21:15:21+00:00","article_modified_time":"2014-09-06T21:21:54+00:00","og_image":[{"width":642,"height":336,"url":"https:\/\/www.arquimaster.com.ar\/web\/wp-content\/uploads\/2014\/09\/oficinas_ayesa_slide.jpg","type":"image\/jpeg"}],"author":"Arquimaster","twitter_card":"summary_large_image","twitter_creator":"@arquimaster","twitter_site":"@arquimaster","twitter_misc":{"Escrito por":"Arquimaster","Tiempo de lectura":"2 minutos"},"schema":{"@context":"https:\/\/schema.org","@graph":[{"@type":"Article","@id":"https:\/\/www.arquimaster.com.ar\/web\/oficinas-ayesa-din-interiorismo\/#article","isPartOf":{"@id":"https:\/\/www.arquimaster.com.ar\/web\/oficinas-ayesa-din-interiorismo\/"},"author":{"name":"Arquimaster","@id":"https:\/\/www.arquimaster.com.ar\/web\/#\/schema\/person\/359e9f7c00193fcde068e0dd2ceb0028"},"headline":"Oficinas Ayesa \/ DIN interiorismo","datePublished":"2014-09-05T21:15:21+00:00","dateModified":"2014-09-06T21:21:54+00:00","mainEntityOfPage":{"@id":"https:\/\/www.arquimaster.com.ar\/web\/oficinas-ayesa-din-interiorismo\/"},"wordCount":313,"publisher":{"@id":"https:\/\/www.arquimaster.com.ar\/web\/#organization"},"image":{"@id":"https:\/\/www.arquimaster.com.ar\/web\/oficinas-ayesa-din-interiorismo\/#primaryimage"},"thumbnailUrl":"https:\/\/www.arquimaster.com.ar\/web\/wp-content\/uploads\/2014\/09\/oficinas_ayesa_slide.jpg","keywords":["Aurelio V\u00e1zquez","Ayesa","Ciudad de Mexico","DIN interiorismo","dise\u00f1o de oficinas","oficinas"],"articleSection":["Arquitectura corporativa","Proyecto"],"inLanguage":"es"},{"@type":"WebPage","@id":"https:\/\/www.arquimaster.com.ar\/web\/oficinas-ayesa-din-interiorismo\/","url":"https:\/\/www.arquimaster.com.ar\/web\/oficinas-ayesa-din-interiorismo\/","name":"Oficinas Ayesa \/ DIN interiorismo - Arquimaster","isPartOf":{"@id":"https:\/\/www.arquimaster.com.ar\/web\/#website"},"primaryImageOfPage":{"@id":"https:\/\/www.arquimaster.com.ar\/web\/oficinas-ayesa-din-interiorismo\/#primaryimage"},"image":{"@id":"https:\/\/www.arquimaster.com.ar\/web\/oficinas-ayesa-din-interiorismo\/#primaryimage"},"thumbnailUrl":"https:\/\/www.arquimaster.com.ar\/web\/wp-content\/uploads\/2014\/09\/oficinas_ayesa_slide.jpg","datePublished":"2014-09-05T21:15:21+00:00","dateModified":"2014-09-06T21:21:54+00:00","breadcrumb":{"@id":"https:\/\/www.arquimaster.com.ar\/web\/oficinas-ayesa-din-interiorismo\/#breadcrumb"},"inLanguage":"es","potentialAction":[{"@type":"ReadAction","target":["https:\/\/www.arquimaster.com.ar\/web\/oficinas-ayesa-din-interiorismo\/"]}]},{"@type":"ImageObject","inLanguage":"es","@id":"https:\/\/www.arquimaster.com.ar\/web\/oficinas-ayesa-din-interiorismo\/#primaryimage","url":"https:\/\/www.arquimaster.com.ar\/web\/wp-content\/uploads\/2014\/09\/oficinas_ayesa_slide.jpg","contentUrl":"https:\/\/www.arquimaster.com.ar\/web\/wp-content\/uploads\/2014\/09\/oficinas_ayesa_slide.jpg","width":642,"height":336},{"@type":"BreadcrumbList","@id":"https:\/\/www.arquimaster.com.ar\/web\/oficinas-ayesa-din-interiorismo\/#breadcrumb","itemListElement":[{"@type":"ListItem","position":1,"name":"Portada","item":"https:\/\/www.arquimaster.com.ar\/web\/"},{"@type":"ListItem","position":2,"name":"Oficinas Ayesa \/ DIN interiorismo"}]},{"@type":"WebSite","@id":"https:\/\/www.arquimaster.com.ar\/web\/#website","url":"https:\/\/www.arquimaster.com.ar\/web\/","name":"Arquimaster","description":"Web de arquitectura, dise\u00f1o y construccion","publisher":{"@id":"https:\/\/www.arquimaster.com.ar\/web\/#organization"},"potentialAction":[{"@type":"SearchAction","target":{"@type":"EntryPoint","urlTemplate":"https:\/\/www.arquimaster.com.ar\/web\/?s={search_term_string}"},"query-input":{"@type":"PropertyValueSpecification","valueRequired":true,"valueName":"search_term_string"}}],"inLanguage":"es"},{"@type":"Organization","@id":"https:\/\/www.arquimaster.com.ar\/web\/#organization","name":"Arquimaster","url":"https:\/\/www.arquimaster.com.ar\/web\/","logo":{"@type":"ImageObject","inLanguage":"es","@id":"https:\/\/www.arquimaster.com.ar\/web\/#\/schema\/logo\/image\/","url":"https:\/\/www.arquimaster.com.ar\/web\/wp-content\/uploads\/2022\/06\/arquimaster.png","contentUrl":"https:\/\/www.arquimaster.com.ar\/web\/wp-content\/uploads\/2022\/06\/arquimaster.png","width":594,"height":78,"caption":"Arquimaster"},"image":{"@id":"https:\/\/www.arquimaster.com.ar\/web\/#\/schema\/logo\/image\/"},"sameAs":["http:\/\/www.facebook.com\/ARQUIMASTER.com.ar","https:\/\/x.com\/arquimaster","https:\/\/www.instagram.com\/arquimasterblog\/","https:\/\/www.linkedin.com\/company\/arquimaster","https:\/\/www.pinterest.com\/arquimaster","https:\/\/t.me\/arquimaster"]},{"@type":"Person","@id":"https:\/\/www.arquimaster.com.ar\/web\/#\/schema\/person\/359e9f7c00193fcde068e0dd2ceb0028","name":"Arquimaster"}]}},"uagb_featured_image_src":{"full":["https:\/\/www.arquimaster.com.ar\/web\/wp-content\/uploads\/2014\/09\/oficinas_ayesa_slide.jpg",642,336,false],"thumbnail":["https:\/\/www.arquimaster.com.ar\/web\/wp-content\/uploads\/2014\/09\/oficinas_ayesa_slide-150x150.jpg",150,150,true],"medium":["https:\/\/www.arquimaster.com.ar\/web\/wp-content\/uploads\/2014\/09\/oficinas_ayesa_slide-300x157.jpg",300,157,true],"medium_large":["https:\/\/www.arquimaster.com.ar\/web\/wp-content\/uploads\/2014\/09\/oficinas_ayesa_slide.jpg",642,336,false],"large":["https:\/\/www.arquimaster.com.ar\/web\/wp-content\/uploads\/2014\/09\/oficinas_ayesa_slide.jpg",642,336,false],"1536x1536":["https:\/\/www.arquimaster.com.ar\/web\/wp-content\/uploads\/2014\/09\/oficinas_ayesa_slide.jpg",642,336,false],"2048x2048":["https:\/\/www.arquimaster.com.ar\/web\/wp-content\/uploads\/2014\/09\/oficinas_ayesa_slide.jpg",642,336,false]},"uagb_author_info":{"display_name":"Arquimaster","author_link":"https:\/\/www.arquimaster.com.ar\/web\/author\/arquimaster\/"},"uagb_comment_info":0,"uagb_excerpt":"Se incluy\u00f3 la alegr\u00eda del color en los espacios, que tambi\u00e9n se reconfiguraron...","_links":{"self":[{"href":"https:\/\/www.arquimaster.com.ar\/web\/wp-json\/wp\/v2\/posts\/9418","targetHints":{"allow":["GET"]}}],"collection":[{"href":"https:\/\/www.arquimaster.com.ar\/web\/wp-json\/wp\/v2\/posts"}],"about":[{"href":"https:\/\/www.arquimaster.com.ar\/web\/wp-json\/wp\/v2\/types\/post"}],"author":[{"embeddable":true,"href":"https:\/\/www.arquimaster.com.ar\/web\/wp-json\/wp\/v2\/users\/1"}],"replies":[{"embeddable":true,"href":"https:\/\/www.arquimaster.com.ar\/web\/wp-json\/wp\/v2\/comments?post=9418"}],"version-history":[{"count":0,"href":"https:\/\/www.arquimaster.com.ar\/web\/wp-json\/wp\/v2\/posts\/9418\/revisions"}],"wp:featuredmedia":[{"embeddable":true,"href":"https:\/\/www.arquimaster.com.ar\/web\/wp-json\/wp\/v2\/media\/9419"}],"wp:attachment":[{"href":"https:\/\/www.arquimaster.com.ar\/web\/wp-json\/wp\/v2\/media?parent=9418"}],"wp:term":[{"taxonomy":"category","embeddable":true,"href":"https:\/\/www.arquimaster.com.ar\/web\/wp-json\/wp\/v2\/categories?post=9418"},{"taxonomy":"post_tag","embeddable":true,"href":"https:\/\/www.arquimaster.com.ar\/web\/wp-json\/wp\/v2\/tags?post=9418"}],"curies":[{"name":"wp","href":"https:\/\/api.w.org\/{rel}","templated":true}]}}