{"id":9586,"date":"2014-09-14T22:48:04","date_gmt":"2014-09-14T22:48:04","guid":{"rendered":"http:\/\/www.arquimaster.com.ar\/web\/?p=9586"},"modified":"2014-09-20T22:39:26","modified_gmt":"2014-09-20T22:39:26","slug":"centro-multidisciplinario-la-planta-agraz-arquitectos","status":"publish","type":"post","link":"https:\/\/www.arquimaster.com.ar\/web\/centro-multidisciplinario-la-planta-agraz-arquitectos\/","title":{"rendered":"Centro Multidisciplinario La Planta \/ Agraz Arquitectos"},"content":{"rendered":"<div style=\"margin-top: 0px; margin-bottom: 0px;\" class=\"sharethis-inline-share-buttons\" ><\/div><div class=\"b812932af2e751442846f039925109de\" data-index=\"1\" style=\"float: none; margin:25px 0 25px 0; text-align:center;\">\n<script async src=\"https:\/\/pagead2.googlesyndication.com\/pagead\/js\/adsbygoogle.js\"><\/script>\r\n<!-- Arquimaster (superior) -->\r\n<ins class=\"adsbygoogle\"\r\n     style=\"display:block\"\r\n     data-ad-client=\"ca-pub-6351072698456832\"\r\n     data-ad-slot=\"6455489680\"\r\n     data-ad-format=\"auto\"\r\n     data-full-width-responsive=\"true\"><\/ins>\r\n<script>\r\n     (adsbygoogle = window.adsbygoogle || []).push({});\r\n<\/script>\n<\/div>\n<p><strong>Centro Multidisciplinario La Planta<\/strong> (Tlajomulco de Z\u00fa\u00f1iga, Jalisco, Mexico) por <strong>Agraz Arquitectos<\/strong>. Donde antes hab\u00eda materia org\u00e1nica en descomposici\u00f3n, ahora hay cultura, deporte y esparcimiento. Es la conversi\u00f3n de una planta de tratamiento de aguas negras en un centro multidisciplinario.<\/p>\n<div id='gallery-1' class='gallery galleryid-9586 gallery-columns-3 gallery-size-thumbnail'><figure class='gallery-item'>\n\t\t\t<div class='gallery-icon landscape'>\n\t\t\t\t<a href='https:\/\/www.arquimaster.com.ar\/web\/wp-content\/uploads\/2014\/09\/la_planta1.jpg' title=\"Centro Multidisciplinario La Planta \/ Agraz Arquitectos (\u00a9 Mito Covarrubias)\" data-rl_title=\"Centro Multidisciplinario La Planta \/ Agraz Arquitectos (\u00a9 Mito Covarrubias)\" class=\"rl-gallery-link\" data-rl_caption=\"Centro Multidisciplinario La Planta \/ Agraz Arquitectos (\u00a9 Mito Covarrubias)\" data-rel=\"lightbox-gallery-1\"><img loading=\"lazy\" decoding=\"async\" width=\"150\" height=\"150\" src=\"https:\/\/www.arquimaster.com.ar\/web\/wp-content\/uploads\/2014\/09\/la_planta1-150x150.jpg\" class=\"attachment-thumbnail size-thumbnail\" alt=\"\" aria-describedby=\"gallery-1-9588\" srcset=\"https:\/\/www.arquimaster.com.ar\/web\/wp-content\/uploads\/2014\/09\/la_planta1-150x150.jpg 150w, https:\/\/www.arquimaster.com.ar\/web\/wp-content\/uploads\/2014\/09\/la_planta1-50x50.jpg 50w, https:\/\/www.arquimaster.com.ar\/web\/wp-content\/uploads\/2014\/09\/la_planta1-125x125.jpg 125w\" sizes=\"auto, (max-width: 150px) 100vw, 150px\" \/><\/a>\n\t\t\t<\/div>\n\t\t\t\t<figcaption class='wp-caption-text gallery-caption' id='gallery-1-9588'>\n\t\t\t\tCentro Multidisciplinario La Planta \/ Agraz Arquitectos (\u00a9 Mito Covarrubias)\n\t\t\t\t<\/figcaption><\/figure><figure class='gallery-item'>\n\t\t\t<div class='gallery-icon landscape'>\n\t\t\t\t<a href='https:\/\/www.arquimaster.com.ar\/web\/wp-content\/uploads\/2014\/09\/la_planta2.jpg' title=\"Centro Multidisciplinario La Planta \/ Agraz Arquitectos (\u00a9 Mito Covarrubias)\" data-rl_title=\"Centro Multidisciplinario La Planta \/ Agraz Arquitectos (\u00a9 Mito Covarrubias)\" class=\"rl-gallery-link\" data-rl_caption=\"Centro Multidisciplinario La Planta \/ Agraz Arquitectos (\u00a9 Mito Covarrubias)\" data-rel=\"lightbox-gallery-1\"><img loading=\"lazy\" decoding=\"async\" width=\"150\" height=\"150\" src=\"https:\/\/www.arquimaster.com.ar\/web\/wp-content\/uploads\/2014\/09\/la_planta2-150x150.jpg\" class=\"attachment-thumbnail size-thumbnail\" alt=\"\" aria-describedby=\"gallery-1-9589\" srcset=\"https:\/\/www.arquimaster.com.ar\/web\/wp-content\/uploads\/2014\/09\/la_planta2-150x150.jpg 150w, https:\/\/www.arquimaster.com.ar\/web\/wp-content\/uploads\/2014\/09\/la_planta2-50x50.jpg 50w, https:\/\/www.arquimaster.com.ar\/web\/wp-content\/uploads\/2014\/09\/la_planta2-125x125.jpg 125w\" sizes=\"auto, (max-width: 150px) 100vw, 150px\" \/><\/a>\n\t\t\t<\/div>\n\t\t\t\t<figcaption class='wp-caption-text gallery-caption' id='gallery-1-9589'>\n\t\t\t\tCentro Multidisciplinario La Planta \/ Agraz Arquitectos (\u00a9 Mito Covarrubias)\n\t\t\t\t<\/figcaption><\/figure><figure class='gallery-item'>\n\t\t\t<div class='gallery-icon landscape'>\n\t\t\t\t<a href='https:\/\/www.arquimaster.com.ar\/web\/wp-content\/uploads\/2014\/09\/la_planta3.jpg' title=\"Centro Multidisciplinario La Planta \/ Agraz Arquitectos (\u00a9 Mito Covarrubias)\" data-rl_title=\"Centro Multidisciplinario La Planta \/ Agraz Arquitectos (\u00a9 Mito Covarrubias)\" class=\"rl-gallery-link\" data-rl_caption=\"Centro Multidisciplinario La Planta \/ Agraz Arquitectos (\u00a9 Mito Covarrubias)\" data-rel=\"lightbox-gallery-1\"><img loading=\"lazy\" decoding=\"async\" width=\"150\" height=\"150\" src=\"https:\/\/www.arquimaster.com.ar\/web\/wp-content\/uploads\/2014\/09\/la_planta3-150x150.jpg\" class=\"attachment-thumbnail size-thumbnail\" alt=\"\" aria-describedby=\"gallery-1-9590\" srcset=\"https:\/\/www.arquimaster.com.ar\/web\/wp-content\/uploads\/2014\/09\/la_planta3-150x150.jpg 150w, https:\/\/www.arquimaster.com.ar\/web\/wp-content\/uploads\/2014\/09\/la_planta3-50x50.jpg 50w, https:\/\/www.arquimaster.com.ar\/web\/wp-content\/uploads\/2014\/09\/la_planta3-125x125.jpg 125w\" sizes=\"auto, (max-width: 150px) 100vw, 150px\" \/><\/a>\n\t\t\t<\/div>\n\t\t\t\t<figcaption class='wp-caption-text gallery-caption' id='gallery-1-9590'>\n\t\t\t\tCentro Multidisciplinario La Planta \/ Agraz Arquitectos (\u00a9 Mito Covarrubias)\n\t\t\t\t<\/figcaption><\/figure><figure class='gallery-item'>\n\t\t\t<div class='gallery-icon landscape'>\n\t\t\t\t<a href='https:\/\/www.arquimaster.com.ar\/web\/wp-content\/uploads\/2014\/09\/la_planta4.jpg' title=\"Centro Multidisciplinario La Planta \/ Agraz Arquitectos (\u00a9 Mito Covarrubias)\" data-rl_title=\"Centro Multidisciplinario La Planta \/ Agraz Arquitectos (\u00a9 Mito Covarrubias)\" class=\"rl-gallery-link\" data-rl_caption=\"Centro Multidisciplinario La Planta \/ Agraz Arquitectos (\u00a9 Mito Covarrubias)\" data-rel=\"lightbox-gallery-1\"><img loading=\"lazy\" decoding=\"async\" width=\"150\" height=\"150\" src=\"https:\/\/www.arquimaster.com.ar\/web\/wp-content\/uploads\/2014\/09\/la_planta4-150x150.jpg\" class=\"attachment-thumbnail size-thumbnail\" alt=\"\" aria-describedby=\"gallery-1-9591\" srcset=\"https:\/\/www.arquimaster.com.ar\/web\/wp-content\/uploads\/2014\/09\/la_planta4-150x150.jpg 150w, https:\/\/www.arquimaster.com.ar\/web\/wp-content\/uploads\/2014\/09\/la_planta4-50x50.jpg 50w, https:\/\/www.arquimaster.com.ar\/web\/wp-content\/uploads\/2014\/09\/la_planta4-125x125.jpg 125w\" sizes=\"auto, (max-width: 150px) 100vw, 150px\" \/><\/a>\n\t\t\t<\/div>\n\t\t\t\t<figcaption class='wp-caption-text gallery-caption' id='gallery-1-9591'>\n\t\t\t\tCentro Multidisciplinario La Planta \/ Agraz Arquitectos (\u00a9 Mito Covarrubias)\n\t\t\t\t<\/figcaption><\/figure><figure class='gallery-item'>\n\t\t\t<div class='gallery-icon landscape'>\n\t\t\t\t<a href='https:\/\/www.arquimaster.com.ar\/web\/wp-content\/uploads\/2014\/09\/la_planta5.jpg' title=\"Centro Multidisciplinario La Planta \/ Agraz Arquitectos (\u00a9 Mito Covarrubias)\" data-rl_title=\"Centro Multidisciplinario La Planta \/ Agraz Arquitectos (\u00a9 Mito Covarrubias)\" class=\"rl-gallery-link\" data-rl_caption=\"Centro Multidisciplinario La Planta \/ Agraz Arquitectos (\u00a9 Mito Covarrubias)\" data-rel=\"lightbox-gallery-1\"><img loading=\"lazy\" decoding=\"async\" width=\"150\" height=\"150\" src=\"https:\/\/www.arquimaster.com.ar\/web\/wp-content\/uploads\/2014\/09\/la_planta5-150x150.jpg\" class=\"attachment-thumbnail size-thumbnail\" alt=\"\" aria-describedby=\"gallery-1-9592\" srcset=\"https:\/\/www.arquimaster.com.ar\/web\/wp-content\/uploads\/2014\/09\/la_planta5-150x150.jpg 150w, https:\/\/www.arquimaster.com.ar\/web\/wp-content\/uploads\/2014\/09\/la_planta5-50x50.jpg 50w, https:\/\/www.arquimaster.com.ar\/web\/wp-content\/uploads\/2014\/09\/la_planta5-125x125.jpg 125w\" sizes=\"auto, (max-width: 150px) 100vw, 150px\" \/><\/a>\n\t\t\t<\/div>\n\t\t\t\t<figcaption class='wp-caption-text gallery-caption' id='gallery-1-9592'>\n\t\t\t\tCentro Multidisciplinario La Planta \/ Agraz Arquitectos (\u00a9 Mito Covarrubias)\n\t\t\t\t<\/figcaption><\/figure><figure class='gallery-item'>\n\t\t\t<div class='gallery-icon portrait'>\n\t\t\t\t<a href='https:\/\/www.arquimaster.com.ar\/web\/wp-content\/uploads\/2014\/09\/la_planta6.jpg' title=\"Centro Multidisciplinario La Planta \/ Agraz Arquitectos (\u00a9 Mito Covarrubias)\" data-rl_title=\"Centro Multidisciplinario La Planta \/ Agraz Arquitectos (\u00a9 Mito Covarrubias)\" class=\"rl-gallery-link\" data-rl_caption=\"Centro Multidisciplinario La Planta \/ Agraz Arquitectos (\u00a9 Mito Covarrubias)\" data-rel=\"lightbox-gallery-1\"><img loading=\"lazy\" decoding=\"async\" width=\"150\" height=\"150\" src=\"https:\/\/www.arquimaster.com.ar\/web\/wp-content\/uploads\/2014\/09\/la_planta6-150x150.jpg\" class=\"attachment-thumbnail size-thumbnail\" alt=\"\" aria-describedby=\"gallery-1-9593\" srcset=\"https:\/\/www.arquimaster.com.ar\/web\/wp-content\/uploads\/2014\/09\/la_planta6-150x150.jpg 150w, https:\/\/www.arquimaster.com.ar\/web\/wp-content\/uploads\/2014\/09\/la_planta6-50x50.jpg 50w, https:\/\/www.arquimaster.com.ar\/web\/wp-content\/uploads\/2014\/09\/la_planta6-125x125.jpg 125w\" sizes=\"auto, (max-width: 150px) 100vw, 150px\" \/><\/a>\n\t\t\t<\/div>\n\t\t\t\t<figcaption class='wp-caption-text gallery-caption' id='gallery-1-9593'>\n\t\t\t\tCentro Multidisciplinario La Planta \/ Agraz Arquitectos (\u00a9 Mito Covarrubias)\n\t\t\t\t<\/figcaption><\/figure><figure class='gallery-item'>\n\t\t\t<div class='gallery-icon portrait'>\n\t\t\t\t<a href='https:\/\/www.arquimaster.com.ar\/web\/wp-content\/uploads\/2014\/09\/la_planta7.jpg' title=\"Centro Multidisciplinario La Planta \/ Agraz Arquitectos (\u00a9 Mito Covarrubias)\" data-rl_title=\"Centro Multidisciplinario La Planta \/ Agraz Arquitectos (\u00a9 Mito Covarrubias)\" class=\"rl-gallery-link\" data-rl_caption=\"Centro Multidisciplinario La Planta \/ Agraz Arquitectos (\u00a9 Mito Covarrubias)\" data-rel=\"lightbox-gallery-1\"><img loading=\"lazy\" decoding=\"async\" width=\"150\" height=\"150\" src=\"https:\/\/www.arquimaster.com.ar\/web\/wp-content\/uploads\/2014\/09\/la_planta7-150x150.jpg\" class=\"attachment-thumbnail size-thumbnail\" alt=\"\" aria-describedby=\"gallery-1-9594\" srcset=\"https:\/\/www.arquimaster.com.ar\/web\/wp-content\/uploads\/2014\/09\/la_planta7-150x150.jpg 150w, https:\/\/www.arquimaster.com.ar\/web\/wp-content\/uploads\/2014\/09\/la_planta7-50x50.jpg 50w, https:\/\/www.arquimaster.com.ar\/web\/wp-content\/uploads\/2014\/09\/la_planta7-125x125.jpg 125w\" sizes=\"auto, (max-width: 150px) 100vw, 150px\" \/><\/a>\n\t\t\t<\/div>\n\t\t\t\t<figcaption class='wp-caption-text gallery-caption' id='gallery-1-9594'>\n\t\t\t\tCentro Multidisciplinario La Planta \/ Agraz Arquitectos (\u00a9 Mito Covarrubias)\n\t\t\t\t<\/figcaption><\/figure><figure class='gallery-item'>\n\t\t\t<div class='gallery-icon portrait'>\n\t\t\t\t<a href='https:\/\/www.arquimaster.com.ar\/web\/wp-content\/uploads\/2014\/09\/la_planta8.jpg' title=\"Centro Multidisciplinario La Planta \/ Agraz Arquitectos (\u00a9 Mito Covarrubias)\" data-rl_title=\"Centro Multidisciplinario La Planta \/ Agraz Arquitectos (\u00a9 Mito Covarrubias)\" class=\"rl-gallery-link\" data-rl_caption=\"Centro Multidisciplinario La Planta \/ Agraz Arquitectos (\u00a9 Mito Covarrubias)\" data-rel=\"lightbox-gallery-1\"><img loading=\"lazy\" decoding=\"async\" width=\"150\" height=\"150\" src=\"https:\/\/www.arquimaster.com.ar\/web\/wp-content\/uploads\/2014\/09\/la_planta8-150x150.jpg\" class=\"attachment-thumbnail size-thumbnail\" alt=\"\" aria-describedby=\"gallery-1-9595\" srcset=\"https:\/\/www.arquimaster.com.ar\/web\/wp-content\/uploads\/2014\/09\/la_planta8-150x150.jpg 150w, https:\/\/www.arquimaster.com.ar\/web\/wp-content\/uploads\/2014\/09\/la_planta8-50x50.jpg 50w, https:\/\/www.arquimaster.com.ar\/web\/wp-content\/uploads\/2014\/09\/la_planta8-125x125.jpg 125w\" sizes=\"auto, (max-width: 150px) 100vw, 150px\" \/><\/a>\n\t\t\t<\/div>\n\t\t\t\t<figcaption class='wp-caption-text gallery-caption' id='gallery-1-9595'>\n\t\t\t\tCentro Multidisciplinario La Planta \/ Agraz Arquitectos (\u00a9 Mito Covarrubias)\n\t\t\t\t<\/figcaption><\/figure><figure class='gallery-item'>\n\t\t\t<div class='gallery-icon portrait'>\n\t\t\t\t<a href='https:\/\/www.arquimaster.com.ar\/web\/wp-content\/uploads\/2014\/09\/la_planta9.jpg' title=\"Centro Multidisciplinario La Planta \/ Agraz Arquitectos (\u00a9 Mito Covarrubias)\" data-rl_title=\"Centro Multidisciplinario La Planta \/ Agraz Arquitectos (\u00a9 Mito Covarrubias)\" class=\"rl-gallery-link\" data-rl_caption=\"Centro Multidisciplinario La Planta \/ Agraz Arquitectos (\u00a9 Mito Covarrubias)\" data-rel=\"lightbox-gallery-1\"><img loading=\"lazy\" decoding=\"async\" width=\"150\" height=\"150\" src=\"https:\/\/www.arquimaster.com.ar\/web\/wp-content\/uploads\/2014\/09\/la_planta9-150x150.jpg\" class=\"attachment-thumbnail size-thumbnail\" alt=\"\" aria-describedby=\"gallery-1-9596\" srcset=\"https:\/\/www.arquimaster.com.ar\/web\/wp-content\/uploads\/2014\/09\/la_planta9-150x150.jpg 150w, https:\/\/www.arquimaster.com.ar\/web\/wp-content\/uploads\/2014\/09\/la_planta9-50x50.jpg 50w, https:\/\/www.arquimaster.com.ar\/web\/wp-content\/uploads\/2014\/09\/la_planta9-125x125.jpg 125w\" sizes=\"auto, (max-width: 150px) 100vw, 150px\" \/><\/a>\n\t\t\t<\/div>\n\t\t\t\t<figcaption class='wp-caption-text gallery-caption' id='gallery-1-9596'>\n\t\t\t\tCentro Multidisciplinario La Planta \/ Agraz Arquitectos (\u00a9 Mito Covarrubias)\n\t\t\t\t<\/figcaption><\/figure><figure class='gallery-item'>\n\t\t\t<div class='gallery-icon portrait'>\n\t\t\t\t<a href='https:\/\/www.arquimaster.com.ar\/web\/wp-content\/uploads\/2014\/09\/la_planta10.jpg' title=\"Centro Multidisciplinario La Planta \/ Agraz Arquitectos (\u00a9 Mito Covarrubias)\" data-rl_title=\"Centro Multidisciplinario La Planta \/ Agraz Arquitectos (\u00a9 Mito Covarrubias)\" class=\"rl-gallery-link\" data-rl_caption=\"Centro Multidisciplinario La Planta \/ Agraz Arquitectos (\u00a9 Mito Covarrubias)\" data-rel=\"lightbox-gallery-1\"><img loading=\"lazy\" decoding=\"async\" width=\"150\" height=\"150\" src=\"https:\/\/www.arquimaster.com.ar\/web\/wp-content\/uploads\/2014\/09\/la_planta10-150x150.jpg\" class=\"attachment-thumbnail size-thumbnail\" alt=\"\" aria-describedby=\"gallery-1-9597\" srcset=\"https:\/\/www.arquimaster.com.ar\/web\/wp-content\/uploads\/2014\/09\/la_planta10-150x150.jpg 150w, https:\/\/www.arquimaster.com.ar\/web\/wp-content\/uploads\/2014\/09\/la_planta10-50x50.jpg 50w, https:\/\/www.arquimaster.com.ar\/web\/wp-content\/uploads\/2014\/09\/la_planta10-125x125.jpg 125w\" sizes=\"auto, (max-width: 150px) 100vw, 150px\" \/><\/a>\n\t\t\t<\/div>\n\t\t\t\t<figcaption class='wp-caption-text gallery-caption' id='gallery-1-9597'>\n\t\t\t\tCentro Multidisciplinario La Planta \/ Agraz Arquitectos (\u00a9 Mito Covarrubias)\n\t\t\t\t<\/figcaption><\/figure><figure class='gallery-item'>\n\t\t\t<div class='gallery-icon landscape'>\n\t\t\t\t<a href='https:\/\/www.arquimaster.com.ar\/web\/wp-content\/uploads\/2014\/09\/la_planta11.jpg' title=\"Centro Multidisciplinario La Planta \/ Agraz Arquitectos (\u00a9 Mito Covarrubias)\" data-rl_title=\"Centro Multidisciplinario La Planta \/ Agraz Arquitectos (\u00a9 Mito Covarrubias)\" class=\"rl-gallery-link\" data-rl_caption=\"Centro Multidisciplinario La Planta \/ Agraz Arquitectos (\u00a9 Mito Covarrubias)\" data-rel=\"lightbox-gallery-1\"><img loading=\"lazy\" decoding=\"async\" width=\"150\" height=\"150\" src=\"https:\/\/www.arquimaster.com.ar\/web\/wp-content\/uploads\/2014\/09\/la_planta11-150x150.jpg\" class=\"attachment-thumbnail size-thumbnail\" alt=\"\" aria-describedby=\"gallery-1-9598\" srcset=\"https:\/\/www.arquimaster.com.ar\/web\/wp-content\/uploads\/2014\/09\/la_planta11-150x150.jpg 150w, https:\/\/www.arquimaster.com.ar\/web\/wp-content\/uploads\/2014\/09\/la_planta11-50x50.jpg 50w, https:\/\/www.arquimaster.com.ar\/web\/wp-content\/uploads\/2014\/09\/la_planta11-125x125.jpg 125w\" sizes=\"auto, (max-width: 150px) 100vw, 150px\" \/><\/a>\n\t\t\t<\/div>\n\t\t\t\t<figcaption class='wp-caption-text gallery-caption' id='gallery-1-9598'>\n\t\t\t\tCentro Multidisciplinario La Planta \/ Agraz Arquitectos (\u00a9 Mito Covarrubias)\n\t\t\t\t<\/figcaption><\/figure><figure class='gallery-item'>\n\t\t\t<div class='gallery-icon portrait'>\n\t\t\t\t<a href='https:\/\/www.arquimaster.com.ar\/web\/wp-content\/uploads\/2014\/09\/la_planta12.jpg' title=\"Centro Multidisciplinario La Planta \/ Agraz Arquitectos (\u00a9 Mito Covarrubias)\" data-rl_title=\"Centro Multidisciplinario La Planta \/ Agraz Arquitectos (\u00a9 Mito Covarrubias)\" class=\"rl-gallery-link\" data-rl_caption=\"Centro Multidisciplinario La Planta \/ Agraz Arquitectos (\u00a9 Mito Covarrubias)\" data-rel=\"lightbox-gallery-1\"><img loading=\"lazy\" decoding=\"async\" width=\"150\" height=\"150\" src=\"https:\/\/www.arquimaster.com.ar\/web\/wp-content\/uploads\/2014\/09\/la_planta12-150x150.jpg\" class=\"attachment-thumbnail size-thumbnail\" alt=\"\" aria-describedby=\"gallery-1-9599\" srcset=\"https:\/\/www.arquimaster.com.ar\/web\/wp-content\/uploads\/2014\/09\/la_planta12-150x150.jpg 150w, https:\/\/www.arquimaster.com.ar\/web\/wp-content\/uploads\/2014\/09\/la_planta12-50x50.jpg 50w, https:\/\/www.arquimaster.com.ar\/web\/wp-content\/uploads\/2014\/09\/la_planta12-125x125.jpg 125w\" sizes=\"auto, (max-width: 150px) 100vw, 150px\" \/><\/a>\n\t\t\t<\/div>\n\t\t\t\t<figcaption class='wp-caption-text gallery-caption' id='gallery-1-9599'>\n\t\t\t\tCentro Multidisciplinario La Planta \/ Agraz Arquitectos (\u00a9 Mito Covarrubias)\n\t\t\t\t<\/figcaption><\/figure><figure class='gallery-item'>\n\t\t\t<div class='gallery-icon portrait'>\n\t\t\t\t<a href='https:\/\/www.arquimaster.com.ar\/web\/wp-content\/uploads\/2014\/09\/la_planta13.jpg' title=\"Centro Multidisciplinario La Planta \/ Agraz Arquitectos (\u00a9 Mito Covarrubias)\" data-rl_title=\"Centro Multidisciplinario La Planta \/ Agraz Arquitectos (\u00a9 Mito Covarrubias)\" class=\"rl-gallery-link\" data-rl_caption=\"Centro Multidisciplinario La Planta \/ Agraz Arquitectos (\u00a9 Mito Covarrubias)\" data-rel=\"lightbox-gallery-1\"><img loading=\"lazy\" decoding=\"async\" width=\"150\" height=\"150\" src=\"https:\/\/www.arquimaster.com.ar\/web\/wp-content\/uploads\/2014\/09\/la_planta13-150x150.jpg\" class=\"attachment-thumbnail size-thumbnail\" alt=\"\" aria-describedby=\"gallery-1-9600\" srcset=\"https:\/\/www.arquimaster.com.ar\/web\/wp-content\/uploads\/2014\/09\/la_planta13-150x150.jpg 150w, https:\/\/www.arquimaster.com.ar\/web\/wp-content\/uploads\/2014\/09\/la_planta13-50x50.jpg 50w, https:\/\/www.arquimaster.com.ar\/web\/wp-content\/uploads\/2014\/09\/la_planta13-125x125.jpg 125w\" sizes=\"auto, (max-width: 150px) 100vw, 150px\" \/><\/a>\n\t\t\t<\/div>\n\t\t\t\t<figcaption class='wp-caption-text gallery-caption' id='gallery-1-9600'>\n\t\t\t\tCentro Multidisciplinario La Planta \/ Agraz Arquitectos (\u00a9 Mito Covarrubias)\n\t\t\t\t<\/figcaption><\/figure><figure class='gallery-item'>\n\t\t\t<div class='gallery-icon landscape'>\n\t\t\t\t<a href='https:\/\/www.arquimaster.com.ar\/web\/wp-content\/uploads\/2014\/09\/la_planta14.jpg' title=\"Centro Multidisciplinario La Planta \/ Agraz Arquitectos (\u00a9 Mito Covarrubias)\" data-rl_title=\"Centro Multidisciplinario La Planta \/ Agraz Arquitectos (\u00a9 Mito Covarrubias)\" class=\"rl-gallery-link\" data-rl_caption=\"Centro Multidisciplinario La Planta \/ Agraz Arquitectos (\u00a9 Mito Covarrubias)\" data-rel=\"lightbox-gallery-1\"><img loading=\"lazy\" decoding=\"async\" width=\"150\" height=\"150\" src=\"https:\/\/www.arquimaster.com.ar\/web\/wp-content\/uploads\/2014\/09\/la_planta14-150x150.jpg\" class=\"attachment-thumbnail size-thumbnail\" alt=\"\" aria-describedby=\"gallery-1-9601\" srcset=\"https:\/\/www.arquimaster.com.ar\/web\/wp-content\/uploads\/2014\/09\/la_planta14-150x150.jpg 150w, https:\/\/www.arquimaster.com.ar\/web\/wp-content\/uploads\/2014\/09\/la_planta14-50x50.jpg 50w, https:\/\/www.arquimaster.com.ar\/web\/wp-content\/uploads\/2014\/09\/la_planta14-125x125.jpg 125w\" sizes=\"auto, (max-width: 150px) 100vw, 150px\" \/><\/a>\n\t\t\t<\/div>\n\t\t\t\t<figcaption class='wp-caption-text gallery-caption' id='gallery-1-9601'>\n\t\t\t\tCentro Multidisciplinario La Planta \/ Agraz Arquitectos (\u00a9 Mito Covarrubias)\n\t\t\t\t<\/figcaption><\/figure><figure class='gallery-item'>\n\t\t\t<div class='gallery-icon landscape'>\n\t\t\t\t<a href='https:\/\/www.arquimaster.com.ar\/web\/wp-content\/uploads\/2014\/09\/la_planta15.jpg' title=\"Centro Multidisciplinario La Planta \/ Agraz Arquitectos (\u00a9 Mito Covarrubias)\" data-rl_title=\"Centro Multidisciplinario La Planta \/ Agraz Arquitectos (\u00a9 Mito Covarrubias)\" class=\"rl-gallery-link\" data-rl_caption=\"Centro Multidisciplinario La Planta \/ Agraz Arquitectos (\u00a9 Mito Covarrubias)\" data-rel=\"lightbox-gallery-1\"><img loading=\"lazy\" decoding=\"async\" width=\"150\" height=\"150\" src=\"https:\/\/www.arquimaster.com.ar\/web\/wp-content\/uploads\/2014\/09\/la_planta15-150x150.jpg\" class=\"attachment-thumbnail size-thumbnail\" alt=\"\" aria-describedby=\"gallery-1-9602\" srcset=\"https:\/\/www.arquimaster.com.ar\/web\/wp-content\/uploads\/2014\/09\/la_planta15-150x150.jpg 150w, https:\/\/www.arquimaster.com.ar\/web\/wp-content\/uploads\/2014\/09\/la_planta15-50x50.jpg 50w, https:\/\/www.arquimaster.com.ar\/web\/wp-content\/uploads\/2014\/09\/la_planta15-125x125.jpg 125w\" sizes=\"auto, (max-width: 150px) 100vw, 150px\" \/><\/a>\n\t\t\t<\/div>\n\t\t\t\t<figcaption class='wp-caption-text gallery-caption' id='gallery-1-9602'>\n\t\t\t\tCentro Multidisciplinario La Planta \/ Agraz Arquitectos (\u00a9 Mito Covarrubias)\n\t\t\t\t<\/figcaption><\/figure><figure class='gallery-item'>\n\t\t\t<div class='gallery-icon portrait'>\n\t\t\t\t<a href='https:\/\/www.arquimaster.com.ar\/web\/wp-content\/uploads\/2014\/09\/la_planta16.jpg' title=\"Centro Multidisciplinario La Planta \/ Agraz Arquitectos (\u00a9 Mito Covarrubias)\" data-rl_title=\"Centro Multidisciplinario La Planta \/ Agraz Arquitectos (\u00a9 Mito Covarrubias)\" class=\"rl-gallery-link\" data-rl_caption=\"Centro Multidisciplinario La Planta \/ Agraz Arquitectos (\u00a9 Mito Covarrubias)\" data-rel=\"lightbox-gallery-1\"><img loading=\"lazy\" decoding=\"async\" width=\"150\" height=\"150\" src=\"https:\/\/www.arquimaster.com.ar\/web\/wp-content\/uploads\/2014\/09\/la_planta16-150x150.jpg\" class=\"attachment-thumbnail size-thumbnail\" alt=\"\" aria-describedby=\"gallery-1-9603\" srcset=\"https:\/\/www.arquimaster.com.ar\/web\/wp-content\/uploads\/2014\/09\/la_planta16-150x150.jpg 150w, https:\/\/www.arquimaster.com.ar\/web\/wp-content\/uploads\/2014\/09\/la_planta16-50x50.jpg 50w, https:\/\/www.arquimaster.com.ar\/web\/wp-content\/uploads\/2014\/09\/la_planta16-125x125.jpg 125w\" sizes=\"auto, (max-width: 150px) 100vw, 150px\" \/><\/a>\n\t\t\t<\/div>\n\t\t\t\t<figcaption class='wp-caption-text gallery-caption' id='gallery-1-9603'>\n\t\t\t\tCentro Multidisciplinario La Planta \/ Agraz Arquitectos (\u00a9 Mito Covarrubias)\n\t\t\t\t<\/figcaption><\/figure><figure class='gallery-item'>\n\t\t\t<div class='gallery-icon portrait'>\n\t\t\t\t<a href='https:\/\/www.arquimaster.com.ar\/web\/wp-content\/uploads\/2014\/09\/la_planta17.jpg' title=\"Centro Multidisciplinario La Planta \/ Agraz Arquitectos (\u00a9 Mito Covarrubias)\" data-rl_title=\"Centro Multidisciplinario La Planta \/ Agraz Arquitectos (\u00a9 Mito Covarrubias)\" class=\"rl-gallery-link\" data-rl_caption=\"Centro Multidisciplinario La Planta \/ Agraz Arquitectos (\u00a9 Mito Covarrubias)\" data-rel=\"lightbox-gallery-1\"><img loading=\"lazy\" decoding=\"async\" width=\"150\" height=\"150\" src=\"https:\/\/www.arquimaster.com.ar\/web\/wp-content\/uploads\/2014\/09\/la_planta17-150x150.jpg\" class=\"attachment-thumbnail size-thumbnail\" alt=\"\" aria-describedby=\"gallery-1-9604\" srcset=\"https:\/\/www.arquimaster.com.ar\/web\/wp-content\/uploads\/2014\/09\/la_planta17-150x150.jpg 150w, https:\/\/www.arquimaster.com.ar\/web\/wp-content\/uploads\/2014\/09\/la_planta17-50x50.jpg 50w, https:\/\/www.arquimaster.com.ar\/web\/wp-content\/uploads\/2014\/09\/la_planta17-125x125.jpg 125w\" sizes=\"auto, (max-width: 150px) 100vw, 150px\" \/><\/a>\n\t\t\t<\/div>\n\t\t\t\t<figcaption class='wp-caption-text gallery-caption' id='gallery-1-9604'>\n\t\t\t\tCentro Multidisciplinario La Planta \/ Agraz Arquitectos (\u00a9 Mito Covarrubias)\n\t\t\t\t<\/figcaption><\/figure><figure class='gallery-item'>\n\t\t\t<div class='gallery-icon landscape'>\n\t\t\t\t<a href='https:\/\/www.arquimaster.com.ar\/web\/wp-content\/uploads\/2014\/09\/la_planta181.jpg' title=\"Centro Multidisciplinario La Planta \/ Agraz Arquitectos (\u00a9 Mito Covarrubias)\" data-rl_title=\"Centro Multidisciplinario La Planta \/ Agraz Arquitectos (\u00a9 Mito Covarrubias)\" class=\"rl-gallery-link\" data-rl_caption=\"Centro Multidisciplinario La Planta \/ Agraz Arquitectos (\u00a9 Mito Covarrubias)\" data-rel=\"lightbox-gallery-1\"><img loading=\"lazy\" decoding=\"async\" width=\"150\" height=\"150\" src=\"https:\/\/www.arquimaster.com.ar\/web\/wp-content\/uploads\/2014\/09\/la_planta181-150x150.jpg\" class=\"attachment-thumbnail size-thumbnail\" alt=\"\" aria-describedby=\"gallery-1-9637\" srcset=\"https:\/\/www.arquimaster.com.ar\/web\/wp-content\/uploads\/2014\/09\/la_planta181-150x150.jpg 150w, https:\/\/www.arquimaster.com.ar\/web\/wp-content\/uploads\/2014\/09\/la_planta181-50x50.jpg 50w, https:\/\/www.arquimaster.com.ar\/web\/wp-content\/uploads\/2014\/09\/la_planta181-125x125.jpg 125w\" sizes=\"auto, (max-width: 150px) 100vw, 150px\" \/><\/a>\n\t\t\t<\/div>\n\t\t\t\t<figcaption class='wp-caption-text gallery-caption' id='gallery-1-9637'>\n\t\t\t\tCentro Multidisciplinario La Planta \/ Agraz Arquitectos (\u00a9 Mito Covarrubias)\n\t\t\t\t<\/figcaption><\/figure><figure class='gallery-item'>\n\t\t\t<div class='gallery-icon landscape'>\n\t\t\t\t<a href='https:\/\/www.arquimaster.com.ar\/web\/wp-content\/uploads\/2014\/09\/la_planta19.jpg' title=\"Centro Multidisciplinario La Planta \/ Agraz Arquitectos (\u00a9 Mito Covarrubias)\" data-rl_title=\"Centro Multidisciplinario La Planta \/ Agraz Arquitectos (\u00a9 Mito Covarrubias)\" class=\"rl-gallery-link\" data-rl_caption=\"Centro Multidisciplinario La Planta \/ Agraz Arquitectos (\u00a9 Mito Covarrubias)\" data-rel=\"lightbox-gallery-1\"><img loading=\"lazy\" decoding=\"async\" width=\"150\" height=\"150\" src=\"https:\/\/www.arquimaster.com.ar\/web\/wp-content\/uploads\/2014\/09\/la_planta19-150x150.jpg\" class=\"attachment-thumbnail size-thumbnail\" alt=\"\" aria-describedby=\"gallery-1-9606\" srcset=\"https:\/\/www.arquimaster.com.ar\/web\/wp-content\/uploads\/2014\/09\/la_planta19-150x150.jpg 150w, https:\/\/www.arquimaster.com.ar\/web\/wp-content\/uploads\/2014\/09\/la_planta19-50x50.jpg 50w, https:\/\/www.arquimaster.com.ar\/web\/wp-content\/uploads\/2014\/09\/la_planta19-125x125.jpg 125w\" sizes=\"auto, (max-width: 150px) 100vw, 150px\" \/><\/a>\n\t\t\t<\/div>\n\t\t\t\t<figcaption class='wp-caption-text gallery-caption' id='gallery-1-9606'>\n\t\t\t\tCentro Multidisciplinario La Planta \/ Agraz Arquitectos (\u00a9 Mito Covarrubias)\n\t\t\t\t<\/figcaption><\/figure><figure class='gallery-item'>\n\t\t\t<div class='gallery-icon landscape'>\n\t\t\t\t<a href='https:\/\/www.arquimaster.com.ar\/web\/wp-content\/uploads\/2014\/09\/la_planta20.jpg' title=\"Centro Multidisciplinario La Planta \/ Agraz Arquitectos (\u00a9 Mito Covarrubias)\" data-rl_title=\"Centro Multidisciplinario La Planta \/ Agraz Arquitectos (\u00a9 Mito Covarrubias)\" class=\"rl-gallery-link\" data-rl_caption=\"Centro Multidisciplinario La Planta \/ Agraz Arquitectos (\u00a9 Mito Covarrubias)\" data-rel=\"lightbox-gallery-1\"><img loading=\"lazy\" decoding=\"async\" width=\"150\" height=\"150\" src=\"https:\/\/www.arquimaster.com.ar\/web\/wp-content\/uploads\/2014\/09\/la_planta20-150x150.jpg\" class=\"attachment-thumbnail size-thumbnail\" alt=\"\" aria-describedby=\"gallery-1-9607\" srcset=\"https:\/\/www.arquimaster.com.ar\/web\/wp-content\/uploads\/2014\/09\/la_planta20-150x150.jpg 150w, https:\/\/www.arquimaster.com.ar\/web\/wp-content\/uploads\/2014\/09\/la_planta20-50x50.jpg 50w, https:\/\/www.arquimaster.com.ar\/web\/wp-content\/uploads\/2014\/09\/la_planta20-125x125.jpg 125w\" sizes=\"auto, (max-width: 150px) 100vw, 150px\" \/><\/a>\n\t\t\t<\/div>\n\t\t\t\t<figcaption class='wp-caption-text gallery-caption' id='gallery-1-9607'>\n\t\t\t\tCentro Multidisciplinario La Planta \/ Agraz Arquitectos (\u00a9 Mito Covarrubias)\n\t\t\t\t<\/figcaption><\/figure><figure class='gallery-item'>\n\t\t\t<div class='gallery-icon landscape'>\n\t\t\t\t<a href='https:\/\/www.arquimaster.com.ar\/web\/wp-content\/uploads\/2014\/09\/la_planta21.jpg' title=\"Centro Multidisciplinario La Planta \/ Agraz Arquitectos (\u00a9 Mito Covarrubias)\" data-rl_title=\"Centro Multidisciplinario La Planta \/ Agraz Arquitectos (\u00a9 Mito Covarrubias)\" class=\"rl-gallery-link\" data-rl_caption=\"Centro Multidisciplinario La Planta \/ Agraz Arquitectos (\u00a9 Mito Covarrubias)\" data-rel=\"lightbox-gallery-1\"><img loading=\"lazy\" decoding=\"async\" width=\"150\" height=\"150\" src=\"https:\/\/www.arquimaster.com.ar\/web\/wp-content\/uploads\/2014\/09\/la_planta21-150x150.jpg\" class=\"attachment-thumbnail size-thumbnail\" alt=\"\" aria-describedby=\"gallery-1-9608\" srcset=\"https:\/\/www.arquimaster.com.ar\/web\/wp-content\/uploads\/2014\/09\/la_planta21-150x150.jpg 150w, https:\/\/www.arquimaster.com.ar\/web\/wp-content\/uploads\/2014\/09\/la_planta21-50x50.jpg 50w, https:\/\/www.arquimaster.com.ar\/web\/wp-content\/uploads\/2014\/09\/la_planta21-125x125.jpg 125w\" sizes=\"auto, (max-width: 150px) 100vw, 150px\" \/><\/a>\n\t\t\t<\/div>\n\t\t\t\t<figcaption class='wp-caption-text gallery-caption' id='gallery-1-9608'>\n\t\t\t\tCentro Multidisciplinario La Planta \/ Agraz Arquitectos (\u00a9 Mito Covarrubias)\n\t\t\t\t<\/figcaption><\/figure><figure class='gallery-item'>\n\t\t\t<div class='gallery-icon landscape'>\n\t\t\t\t<a href='https:\/\/www.arquimaster.com.ar\/web\/wp-content\/uploads\/2014\/09\/la_planta22.jpg' title=\"Centro Multidisciplinario La Planta \/ Agraz Arquitectos (\u00a9 Mito Covarrubias)\" data-rl_title=\"Centro Multidisciplinario La Planta \/ Agraz Arquitectos (\u00a9 Mito Covarrubias)\" class=\"rl-gallery-link\" data-rl_caption=\"Centro Multidisciplinario La Planta \/ Agraz Arquitectos (\u00a9 Mito Covarrubias)\" data-rel=\"lightbox-gallery-1\"><img loading=\"lazy\" decoding=\"async\" width=\"150\" height=\"150\" src=\"https:\/\/www.arquimaster.com.ar\/web\/wp-content\/uploads\/2014\/09\/la_planta22-150x150.jpg\" class=\"attachment-thumbnail size-thumbnail\" alt=\"\" aria-describedby=\"gallery-1-9609\" srcset=\"https:\/\/www.arquimaster.com.ar\/web\/wp-content\/uploads\/2014\/09\/la_planta22-150x150.jpg 150w, https:\/\/www.arquimaster.com.ar\/web\/wp-content\/uploads\/2014\/09\/la_planta22-50x50.jpg 50w, https:\/\/www.arquimaster.com.ar\/web\/wp-content\/uploads\/2014\/09\/la_planta22-125x125.jpg 125w\" sizes=\"auto, (max-width: 150px) 100vw, 150px\" \/><\/a>\n\t\t\t<\/div>\n\t\t\t\t<figcaption class='wp-caption-text gallery-caption' id='gallery-1-9609'>\n\t\t\t\tCentro Multidisciplinario La Planta \/ Agraz Arquitectos (\u00a9 Mito Covarrubias)\n\t\t\t\t<\/figcaption><\/figure><figure class='gallery-item'>\n\t\t\t<div class='gallery-icon landscape'>\n\t\t\t\t<a href='https:\/\/www.arquimaster.com.ar\/web\/wp-content\/uploads\/2014\/09\/la_planta231.jpg' title=\"Centro Multidisciplinario La Planta \/ Agraz Arquitectos (\u00a9 Mito Covarrubias)\" data-rl_title=\"Centro Multidisciplinario La Planta \/ Agraz Arquitectos (\u00a9 Mito Covarrubias)\" class=\"rl-gallery-link\" data-rl_caption=\"Centro Multidisciplinario La Planta \/ Agraz Arquitectos (\u00a9 Mito Covarrubias)\" data-rel=\"lightbox-gallery-1\"><img loading=\"lazy\" decoding=\"async\" width=\"150\" height=\"150\" src=\"https:\/\/www.arquimaster.com.ar\/web\/wp-content\/uploads\/2014\/09\/la_planta231-150x150.jpg\" class=\"attachment-thumbnail size-thumbnail\" alt=\"\" aria-describedby=\"gallery-1-9638\" srcset=\"https:\/\/www.arquimaster.com.ar\/web\/wp-content\/uploads\/2014\/09\/la_planta231-150x150.jpg 150w, https:\/\/www.arquimaster.com.ar\/web\/wp-content\/uploads\/2014\/09\/la_planta231-50x50.jpg 50w, https:\/\/www.arquimaster.com.ar\/web\/wp-content\/uploads\/2014\/09\/la_planta231-125x125.jpg 125w\" sizes=\"auto, (max-width: 150px) 100vw, 150px\" \/><\/a>\n\t\t\t<\/div>\n\t\t\t\t<figcaption class='wp-caption-text gallery-caption' id='gallery-1-9638'>\n\t\t\t\tCentro Multidisciplinario La Planta \/ Agraz Arquitectos (\u00a9 Mito Covarrubias)\n\t\t\t\t<\/figcaption><\/figure><figure class='gallery-item'>\n\t\t\t<div class='gallery-icon landscape'>\n\t\t\t\t<a href='https:\/\/www.arquimaster.com.ar\/web\/wp-content\/uploads\/2014\/09\/la_planta24.jpg' title=\"Centro Multidisciplinario La Planta \/ Agraz Arquitectos (\u00a9 Mito Covarrubias)\" data-rl_title=\"Centro Multidisciplinario La Planta \/ Agraz Arquitectos (\u00a9 Mito Covarrubias)\" class=\"rl-gallery-link\" data-rl_caption=\"Centro Multidisciplinario La Planta \/ Agraz Arquitectos (\u00a9 Mito Covarrubias)\" data-rel=\"lightbox-gallery-1\"><img loading=\"lazy\" decoding=\"async\" width=\"150\" height=\"150\" src=\"https:\/\/www.arquimaster.com.ar\/web\/wp-content\/uploads\/2014\/09\/la_planta24-150x150.jpg\" class=\"attachment-thumbnail size-thumbnail\" alt=\"\" aria-describedby=\"gallery-1-9611\" srcset=\"https:\/\/www.arquimaster.com.ar\/web\/wp-content\/uploads\/2014\/09\/la_planta24-150x150.jpg 150w, https:\/\/www.arquimaster.com.ar\/web\/wp-content\/uploads\/2014\/09\/la_planta24-50x50.jpg 50w, https:\/\/www.arquimaster.com.ar\/web\/wp-content\/uploads\/2014\/09\/la_planta24-125x125.jpg 125w\" sizes=\"auto, (max-width: 150px) 100vw, 150px\" \/><\/a>\n\t\t\t<\/div>\n\t\t\t\t<figcaption class='wp-caption-text gallery-caption' id='gallery-1-9611'>\n\t\t\t\tCentro Multidisciplinario La Planta \/ Agraz Arquitectos (\u00a9 Mito Covarrubias)\n\t\t\t\t<\/figcaption><\/figure><figure class='gallery-item'>\n\t\t\t<div class='gallery-icon landscape'>\n\t\t\t\t<a href='https:\/\/www.arquimaster.com.ar\/web\/wp-content\/uploads\/2014\/09\/la_planta25.jpg' title=\"Centro Multidisciplinario La Planta \/ Agraz Arquitectos (\u00a9 Mito Covarrubias)\" data-rl_title=\"Centro Multidisciplinario La Planta \/ Agraz Arquitectos (\u00a9 Mito Covarrubias)\" class=\"rl-gallery-link\" data-rl_caption=\"Centro Multidisciplinario La Planta \/ Agraz Arquitectos (\u00a9 Mito Covarrubias)\" data-rel=\"lightbox-gallery-1\"><img loading=\"lazy\" decoding=\"async\" width=\"150\" height=\"150\" src=\"https:\/\/www.arquimaster.com.ar\/web\/wp-content\/uploads\/2014\/09\/la_planta25-150x150.jpg\" class=\"attachment-thumbnail size-thumbnail\" alt=\"\" aria-describedby=\"gallery-1-9612\" srcset=\"https:\/\/www.arquimaster.com.ar\/web\/wp-content\/uploads\/2014\/09\/la_planta25-150x150.jpg 150w, https:\/\/www.arquimaster.com.ar\/web\/wp-content\/uploads\/2014\/09\/la_planta25-50x50.jpg 50w, https:\/\/www.arquimaster.com.ar\/web\/wp-content\/uploads\/2014\/09\/la_planta25-125x125.jpg 125w\" sizes=\"auto, (max-width: 150px) 100vw, 150px\" \/><\/a>\n\t\t\t<\/div>\n\t\t\t\t<figcaption class='wp-caption-text gallery-caption' id='gallery-1-9612'>\n\t\t\t\tCentro Multidisciplinario La Planta \/ Agraz Arquitectos (\u00a9 Mito Covarrubias)\n\t\t\t\t<\/figcaption><\/figure><figure class='gallery-item'>\n\t\t\t<div class='gallery-icon landscape'>\n\t\t\t\t<a href='https:\/\/www.arquimaster.com.ar\/web\/wp-content\/uploads\/2014\/09\/la_planta26.jpg' title=\"Centro Multidisciplinario La Planta \/ Agraz Arquitectos (\u00a9 Mito Covarrubias)\" data-rl_title=\"Centro Multidisciplinario La Planta \/ Agraz Arquitectos (\u00a9 Mito Covarrubias)\" class=\"rl-gallery-link\" data-rl_caption=\"Centro Multidisciplinario La Planta \/ Agraz Arquitectos (\u00a9 Mito Covarrubias)\" data-rel=\"lightbox-gallery-1\"><img loading=\"lazy\" decoding=\"async\" width=\"150\" height=\"150\" src=\"https:\/\/www.arquimaster.com.ar\/web\/wp-content\/uploads\/2014\/09\/la_planta26-150x150.jpg\" class=\"attachment-thumbnail size-thumbnail\" alt=\"\" aria-describedby=\"gallery-1-9613\" srcset=\"https:\/\/www.arquimaster.com.ar\/web\/wp-content\/uploads\/2014\/09\/la_planta26-150x150.jpg 150w, https:\/\/www.arquimaster.com.ar\/web\/wp-content\/uploads\/2014\/09\/la_planta26-50x50.jpg 50w, https:\/\/www.arquimaster.com.ar\/web\/wp-content\/uploads\/2014\/09\/la_planta26-125x125.jpg 125w\" sizes=\"auto, (max-width: 150px) 100vw, 150px\" \/><\/a>\n\t\t\t<\/div>\n\t\t\t\t<figcaption class='wp-caption-text gallery-caption' id='gallery-1-9613'>\n\t\t\t\tCentro Multidisciplinario La Planta \/ Agraz Arquitectos (\u00a9 Mito Covarrubias)\n\t\t\t\t<\/figcaption><\/figure><figure class='gallery-item'>\n\t\t\t<div class='gallery-icon portrait'>\n\t\t\t\t<a href='https:\/\/www.arquimaster.com.ar\/web\/wp-content\/uploads\/2014\/09\/la_planta27.jpg' title=\"Centro Multidisciplinario La Planta \/ Agraz Arquitectos (\u00a9 Mito Covarrubias)\" data-rl_title=\"Centro Multidisciplinario La Planta \/ Agraz Arquitectos (\u00a9 Mito Covarrubias)\" class=\"rl-gallery-link\" data-rl_caption=\"Centro Multidisciplinario La Planta \/ Agraz Arquitectos (\u00a9 Mito Covarrubias)\" data-rel=\"lightbox-gallery-1\"><img loading=\"lazy\" decoding=\"async\" width=\"150\" height=\"150\" src=\"https:\/\/www.arquimaster.com.ar\/web\/wp-content\/uploads\/2014\/09\/la_planta27-150x150.jpg\" class=\"attachment-thumbnail size-thumbnail\" alt=\"\" aria-describedby=\"gallery-1-9614\" srcset=\"https:\/\/www.arquimaster.com.ar\/web\/wp-content\/uploads\/2014\/09\/la_planta27-150x150.jpg 150w, https:\/\/www.arquimaster.com.ar\/web\/wp-content\/uploads\/2014\/09\/la_planta27-50x50.jpg 50w, https:\/\/www.arquimaster.com.ar\/web\/wp-content\/uploads\/2014\/09\/la_planta27-125x125.jpg 125w\" sizes=\"auto, (max-width: 150px) 100vw, 150px\" \/><\/a>\n\t\t\t<\/div>\n\t\t\t\t<figcaption class='wp-caption-text gallery-caption' id='gallery-1-9614'>\n\t\t\t\tCentro Multidisciplinario La Planta \/ Agraz Arquitectos (\u00a9 Mito Covarrubias)\n\t\t\t\t<\/figcaption><\/figure><figure class='gallery-item'>\n\t\t\t<div class='gallery-icon landscape'>\n\t\t\t\t<a href='https:\/\/www.arquimaster.com.ar\/web\/wp-content\/uploads\/2014\/09\/la_planta28.jpg' title=\"Centro Multidisciplinario La Planta \/ Agraz Arquitectos (\u00a9 Mito Covarrubias)\" data-rl_title=\"Centro Multidisciplinario La Planta \/ Agraz Arquitectos (\u00a9 Mito Covarrubias)\" class=\"rl-gallery-link\" data-rl_caption=\"Centro Multidisciplinario La Planta \/ Agraz Arquitectos (\u00a9 Mito Covarrubias)\" data-rel=\"lightbox-gallery-1\"><img loading=\"lazy\" decoding=\"async\" width=\"150\" height=\"150\" src=\"https:\/\/www.arquimaster.com.ar\/web\/wp-content\/uploads\/2014\/09\/la_planta28-150x150.jpg\" class=\"attachment-thumbnail size-thumbnail\" alt=\"\" aria-describedby=\"gallery-1-9615\" srcset=\"https:\/\/www.arquimaster.com.ar\/web\/wp-content\/uploads\/2014\/09\/la_planta28-150x150.jpg 150w, https:\/\/www.arquimaster.com.ar\/web\/wp-content\/uploads\/2014\/09\/la_planta28-50x50.jpg 50w, https:\/\/www.arquimaster.com.ar\/web\/wp-content\/uploads\/2014\/09\/la_planta28-125x125.jpg 125w\" sizes=\"auto, (max-width: 150px) 100vw, 150px\" \/><\/a>\n\t\t\t<\/div>\n\t\t\t\t<figcaption class='wp-caption-text gallery-caption' id='gallery-1-9615'>\n\t\t\t\tCentro Multidisciplinario La Planta \/ Agraz Arquitectos (\u00a9 Mito Covarrubias)\n\t\t\t\t<\/figcaption><\/figure><figure class='gallery-item'>\n\t\t\t<div class='gallery-icon portrait'>\n\t\t\t\t<a href='https:\/\/www.arquimaster.com.ar\/web\/wp-content\/uploads\/2014\/09\/la_planta29.jpg' title=\"Centro Multidisciplinario La Planta \/ Agraz Arquitectos (\u00a9 Mito Covarrubias)\" data-rl_title=\"Centro Multidisciplinario La Planta \/ Agraz Arquitectos (\u00a9 Mito Covarrubias)\" class=\"rl-gallery-link\" data-rl_caption=\"Centro Multidisciplinario La Planta \/ Agraz Arquitectos (\u00a9 Mito Covarrubias)\" data-rel=\"lightbox-gallery-1\"><img loading=\"lazy\" decoding=\"async\" width=\"150\" height=\"150\" src=\"https:\/\/www.arquimaster.com.ar\/web\/wp-content\/uploads\/2014\/09\/la_planta29-150x150.jpg\" class=\"attachment-thumbnail size-thumbnail\" alt=\"\" aria-describedby=\"gallery-1-9616\" srcset=\"https:\/\/www.arquimaster.com.ar\/web\/wp-content\/uploads\/2014\/09\/la_planta29-150x150.jpg 150w, https:\/\/www.arquimaster.com.ar\/web\/wp-content\/uploads\/2014\/09\/la_planta29-50x50.jpg 50w, https:\/\/www.arquimaster.com.ar\/web\/wp-content\/uploads\/2014\/09\/la_planta29-125x125.jpg 125w\" sizes=\"auto, (max-width: 150px) 100vw, 150px\" \/><\/a>\n\t\t\t<\/div>\n\t\t\t\t<figcaption class='wp-caption-text gallery-caption' id='gallery-1-9616'>\n\t\t\t\tCentro Multidisciplinario La Planta \/ Agraz Arquitectos (\u00a9 Mito Covarrubias)\n\t\t\t\t<\/figcaption><\/figure><figure class='gallery-item'>\n\t\t\t<div class='gallery-icon portrait'>\n\t\t\t\t<a href='https:\/\/www.arquimaster.com.ar\/web\/wp-content\/uploads\/2014\/09\/la_planta30.jpg' title=\"Centro Multidisciplinario La Planta \/ Agraz Arquitectos (\u00a9 Mito Covarrubias)\" data-rl_title=\"Centro Multidisciplinario La Planta \/ Agraz Arquitectos (\u00a9 Mito Covarrubias)\" class=\"rl-gallery-link\" data-rl_caption=\"Centro Multidisciplinario La Planta \/ Agraz Arquitectos (\u00a9 Mito Covarrubias)\" data-rel=\"lightbox-gallery-1\"><img loading=\"lazy\" decoding=\"async\" width=\"150\" height=\"150\" src=\"https:\/\/www.arquimaster.com.ar\/web\/wp-content\/uploads\/2014\/09\/la_planta30-150x150.jpg\" class=\"attachment-thumbnail size-thumbnail\" alt=\"\" aria-describedby=\"gallery-1-9617\" srcset=\"https:\/\/www.arquimaster.com.ar\/web\/wp-content\/uploads\/2014\/09\/la_planta30-150x150.jpg 150w, https:\/\/www.arquimaster.com.ar\/web\/wp-content\/uploads\/2014\/09\/la_planta30-50x50.jpg 50w, https:\/\/www.arquimaster.com.ar\/web\/wp-content\/uploads\/2014\/09\/la_planta30-125x125.jpg 125w\" sizes=\"auto, (max-width: 150px) 100vw, 150px\" \/><\/a>\n\t\t\t<\/div>\n\t\t\t\t<figcaption class='wp-caption-text gallery-caption' id='gallery-1-9617'>\n\t\t\t\tCentro Multidisciplinario La Planta \/ Agraz Arquitectos (\u00a9 Mito Covarrubias)\n\t\t\t\t<\/figcaption><\/figure><figure class='gallery-item'>\n\t\t\t<div class='gallery-icon landscape'>\n\t\t\t\t<a href='https:\/\/www.arquimaster.com.ar\/web\/wp-content\/uploads\/2014\/09\/la_planta31.jpg' title=\"Centro Multidisciplinario La Planta \/ Agraz Arquitectos (estado original y actual)\" data-rl_title=\"Centro Multidisciplinario La Planta \/ Agraz Arquitectos (estado original y actual)\" class=\"rl-gallery-link\" data-rl_caption=\"Centro Multidisciplinario La Planta \/ Agraz Arquitectos (estado original y actual)\" data-rel=\"lightbox-gallery-1\"><img loading=\"lazy\" decoding=\"async\" width=\"150\" height=\"150\" src=\"https:\/\/www.arquimaster.com.ar\/web\/wp-content\/uploads\/2014\/09\/la_planta31-150x150.jpg\" class=\"attachment-thumbnail size-thumbnail\" alt=\"\" aria-describedby=\"gallery-1-9618\" srcset=\"https:\/\/www.arquimaster.com.ar\/web\/wp-content\/uploads\/2014\/09\/la_planta31-150x150.jpg 150w, https:\/\/www.arquimaster.com.ar\/web\/wp-content\/uploads\/2014\/09\/la_planta31-300x300.jpg 300w, https:\/\/www.arquimaster.com.ar\/web\/wp-content\/uploads\/2014\/09\/la_planta31-50x50.jpg 50w, https:\/\/www.arquimaster.com.ar\/web\/wp-content\/uploads\/2014\/09\/la_planta31-125x125.jpg 125w, https:\/\/www.arquimaster.com.ar\/web\/wp-content\/uploads\/2014\/09\/la_planta31.jpg 800w\" sizes=\"auto, (max-width: 150px) 100vw, 150px\" \/><\/a>\n\t\t\t<\/div>\n\t\t\t\t<figcaption class='wp-caption-text gallery-caption' id='gallery-1-9618'>\n\t\t\t\tCentro Multidisciplinario La Planta \/ Agraz Arquitectos (estado original y actual)\n\t\t\t\t<\/figcaption><\/figure><figure class='gallery-item'>\n\t\t\t<div class='gallery-icon portrait'>\n\t\t\t\t<a href='https:\/\/www.arquimaster.com.ar\/web\/wp-content\/uploads\/2014\/09\/la_planta32.jpg' title=\"Centro Multidisciplinario La Planta \/ Agraz Arquitectos (estado original)\" data-rl_title=\"Centro Multidisciplinario La Planta \/ Agraz Arquitectos (estado original)\" class=\"rl-gallery-link\" data-rl_caption=\"Centro Multidisciplinario La Planta \/ Agraz Arquitectos (estado original)\" data-rel=\"lightbox-gallery-1\"><img loading=\"lazy\" decoding=\"async\" width=\"150\" height=\"150\" src=\"https:\/\/www.arquimaster.com.ar\/web\/wp-content\/uploads\/2014\/09\/la_planta32-150x150.jpg\" class=\"attachment-thumbnail size-thumbnail\" alt=\"\" aria-describedby=\"gallery-1-9619\" srcset=\"https:\/\/www.arquimaster.com.ar\/web\/wp-content\/uploads\/2014\/09\/la_planta32-150x150.jpg 150w, https:\/\/www.arquimaster.com.ar\/web\/wp-content\/uploads\/2014\/09\/la_planta32-50x50.jpg 50w, https:\/\/www.arquimaster.com.ar\/web\/wp-content\/uploads\/2014\/09\/la_planta32-125x125.jpg 125w\" sizes=\"auto, (max-width: 150px) 100vw, 150px\" \/><\/a>\n\t\t\t<\/div>\n\t\t\t\t<figcaption class='wp-caption-text gallery-caption' id='gallery-1-9619'>\n\t\t\t\tCentro Multidisciplinario La Planta \/ Agraz Arquitectos (estado original)\n\t\t\t\t<\/figcaption><\/figure><figure class='gallery-item'>\n\t\t\t<div class='gallery-icon landscape'>\n\t\t\t\t<a href='https:\/\/www.arquimaster.com.ar\/web\/wp-content\/uploads\/2014\/09\/la_planta33.jpg' title=\"Centro Multidisciplinario La Planta \/ Agraz Arquitectos (estado original)\" data-rl_title=\"Centro Multidisciplinario La Planta \/ Agraz Arquitectos (estado original)\" class=\"rl-gallery-link\" data-rl_caption=\"Centro Multidisciplinario La Planta \/ Agraz Arquitectos (estado original)\" data-rel=\"lightbox-gallery-1\"><img loading=\"lazy\" decoding=\"async\" width=\"150\" height=\"150\" src=\"https:\/\/www.arquimaster.com.ar\/web\/wp-content\/uploads\/2014\/09\/la_planta33-150x150.jpg\" class=\"attachment-thumbnail size-thumbnail\" alt=\"\" aria-describedby=\"gallery-1-9620\" srcset=\"https:\/\/www.arquimaster.com.ar\/web\/wp-content\/uploads\/2014\/09\/la_planta33-150x150.jpg 150w, https:\/\/www.arquimaster.com.ar\/web\/wp-content\/uploads\/2014\/09\/la_planta33-50x50.jpg 50w, https:\/\/www.arquimaster.com.ar\/web\/wp-content\/uploads\/2014\/09\/la_planta33-125x125.jpg 125w\" sizes=\"auto, (max-width: 150px) 100vw, 150px\" \/><\/a>\n\t\t\t<\/div>\n\t\t\t\t<figcaption class='wp-caption-text gallery-caption' id='gallery-1-9620'>\n\t\t\t\tCentro Multidisciplinario La Planta \/ Agraz Arquitectos (estado original)\n\t\t\t\t<\/figcaption><\/figure><figure class='gallery-item'>\n\t\t\t<div class='gallery-icon landscape'>\n\t\t\t\t<a href='https:\/\/www.arquimaster.com.ar\/web\/wp-content\/uploads\/2014\/09\/la_planta34.jpg' title=\"Centro Multidisciplinario La Planta \/ Agraz Arquitectos (estado original)\" data-rl_title=\"Centro Multidisciplinario La Planta \/ Agraz Arquitectos (estado original)\" class=\"rl-gallery-link\" data-rl_caption=\"Centro Multidisciplinario La Planta \/ Agraz Arquitectos (estado original)\" data-rel=\"lightbox-gallery-1\"><img loading=\"lazy\" decoding=\"async\" width=\"150\" height=\"150\" src=\"https:\/\/www.arquimaster.com.ar\/web\/wp-content\/uploads\/2014\/09\/la_planta34-150x150.jpg\" class=\"attachment-thumbnail size-thumbnail\" alt=\"\" aria-describedby=\"gallery-1-9621\" srcset=\"https:\/\/www.arquimaster.com.ar\/web\/wp-content\/uploads\/2014\/09\/la_planta34-150x150.jpg 150w, https:\/\/www.arquimaster.com.ar\/web\/wp-content\/uploads\/2014\/09\/la_planta34-50x50.jpg 50w, https:\/\/www.arquimaster.com.ar\/web\/wp-content\/uploads\/2014\/09\/la_planta34-125x125.jpg 125w\" sizes=\"auto, (max-width: 150px) 100vw, 150px\" \/><\/a>\n\t\t\t<\/div>\n\t\t\t\t<figcaption class='wp-caption-text gallery-caption' id='gallery-1-9621'>\n\t\t\t\tCentro Multidisciplinario La Planta \/ Agraz Arquitectos (estado original)\n\t\t\t\t<\/figcaption><\/figure><figure class='gallery-item'>\n\t\t\t<div class='gallery-icon landscape'>\n\t\t\t\t<a href='https:\/\/www.arquimaster.com.ar\/web\/wp-content\/uploads\/2014\/09\/la_planta35.jpg' title=\"Centro Multidisciplinario La Planta \/ Agraz Arquitectos (estado original)\" data-rl_title=\"Centro Multidisciplinario La Planta \/ Agraz Arquitectos (estado original)\" class=\"rl-gallery-link\" data-rl_caption=\"Centro Multidisciplinario La Planta \/ Agraz Arquitectos (estado original)\" data-rel=\"lightbox-gallery-1\"><img loading=\"lazy\" decoding=\"async\" width=\"150\" height=\"150\" src=\"https:\/\/www.arquimaster.com.ar\/web\/wp-content\/uploads\/2014\/09\/la_planta35-150x150.jpg\" class=\"attachment-thumbnail size-thumbnail\" alt=\"\" aria-describedby=\"gallery-1-9622\" srcset=\"https:\/\/www.arquimaster.com.ar\/web\/wp-content\/uploads\/2014\/09\/la_planta35-150x150.jpg 150w, https:\/\/www.arquimaster.com.ar\/web\/wp-content\/uploads\/2014\/09\/la_planta35-50x50.jpg 50w, https:\/\/www.arquimaster.com.ar\/web\/wp-content\/uploads\/2014\/09\/la_planta35-125x125.jpg 125w\" sizes=\"auto, (max-width: 150px) 100vw, 150px\" \/><\/a>\n\t\t\t<\/div>\n\t\t\t\t<figcaption class='wp-caption-text gallery-caption' id='gallery-1-9622'>\n\t\t\t\tCentro Multidisciplinario La Planta \/ Agraz Arquitectos (estado original)\n\t\t\t\t<\/figcaption><\/figure><figure class='gallery-item'>\n\t\t\t<div class='gallery-icon landscape'>\n\t\t\t\t<a href='https:\/\/www.arquimaster.com.ar\/web\/wp-content\/uploads\/2014\/09\/la_planta36.jpg' title=\"Centro Multidisciplinario La Planta \/ Agraz Arquitectos (estado original)\" data-rl_title=\"Centro Multidisciplinario La Planta \/ Agraz Arquitectos (estado original)\" class=\"rl-gallery-link\" data-rl_caption=\"Centro Multidisciplinario La Planta \/ Agraz Arquitectos (estado original)\" data-rel=\"lightbox-gallery-1\"><img loading=\"lazy\" decoding=\"async\" width=\"150\" height=\"150\" src=\"https:\/\/www.arquimaster.com.ar\/web\/wp-content\/uploads\/2014\/09\/la_planta36-150x150.jpg\" class=\"attachment-thumbnail size-thumbnail\" alt=\"\" aria-describedby=\"gallery-1-9623\" srcset=\"https:\/\/www.arquimaster.com.ar\/web\/wp-content\/uploads\/2014\/09\/la_planta36-150x150.jpg 150w, https:\/\/www.arquimaster.com.ar\/web\/wp-content\/uploads\/2014\/09\/la_planta36-50x50.jpg 50w, https:\/\/www.arquimaster.com.ar\/web\/wp-content\/uploads\/2014\/09\/la_planta36-125x125.jpg 125w\" sizes=\"auto, (max-width: 150px) 100vw, 150px\" \/><\/a>\n\t\t\t<\/div>\n\t\t\t\t<figcaption class='wp-caption-text gallery-caption' id='gallery-1-9623'>\n\t\t\t\tCentro Multidisciplinario La Planta \/ Agraz Arquitectos (estado original)\n\t\t\t\t<\/figcaption><\/figure><figure class='gallery-item'>\n\t\t\t<div class='gallery-icon portrait'>\n\t\t\t\t<a href='https:\/\/www.arquimaster.com.ar\/web\/wp-content\/uploads\/2014\/09\/la_planta37.jpg' title=\"Centro Multidisciplinario La Planta \/ Agraz Arquitectos (planta baja)\" data-rl_title=\"Centro Multidisciplinario La Planta \/ Agraz Arquitectos (planta baja)\" class=\"rl-gallery-link\" data-rl_caption=\"Centro Multidisciplinario La Planta \/ Agraz Arquitectos (planta baja)\" data-rel=\"lightbox-gallery-1\"><img loading=\"lazy\" decoding=\"async\" width=\"150\" height=\"150\" src=\"https:\/\/www.arquimaster.com.ar\/web\/wp-content\/uploads\/2014\/09\/la_planta37-150x150.jpg\" class=\"attachment-thumbnail size-thumbnail\" alt=\"\" aria-describedby=\"gallery-1-9624\" srcset=\"https:\/\/www.arquimaster.com.ar\/web\/wp-content\/uploads\/2014\/09\/la_planta37-150x150.jpg 150w, https:\/\/www.arquimaster.com.ar\/web\/wp-content\/uploads\/2014\/09\/la_planta37-50x50.jpg 50w, https:\/\/www.arquimaster.com.ar\/web\/wp-content\/uploads\/2014\/09\/la_planta37-125x125.jpg 125w\" sizes=\"auto, (max-width: 150px) 100vw, 150px\" \/><\/a>\n\t\t\t<\/div>\n\t\t\t\t<figcaption class='wp-caption-text gallery-caption' id='gallery-1-9624'>\n\t\t\t\tCentro Multidisciplinario La Planta \/ Agraz Arquitectos (planta baja)\n\t\t\t\t<\/figcaption><\/figure><figure class='gallery-item'>\n\t\t\t<div class='gallery-icon portrait'>\n\t\t\t\t<a href='https:\/\/www.arquimaster.com.ar\/web\/wp-content\/uploads\/2014\/09\/la_planta38.jpg' title=\"Centro Multidisciplinario La Planta \/ Agraz Arquitectos (planta alta)\" data-rl_title=\"Centro Multidisciplinario La Planta \/ Agraz Arquitectos (planta alta)\" class=\"rl-gallery-link\" data-rl_caption=\"Centro Multidisciplinario La Planta \/ Agraz Arquitectos (planta alta)\" data-rel=\"lightbox-gallery-1\"><img loading=\"lazy\" decoding=\"async\" width=\"150\" height=\"150\" src=\"https:\/\/www.arquimaster.com.ar\/web\/wp-content\/uploads\/2014\/09\/la_planta38-150x150.jpg\" class=\"attachment-thumbnail size-thumbnail\" alt=\"\" aria-describedby=\"gallery-1-9625\" srcset=\"https:\/\/www.arquimaster.com.ar\/web\/wp-content\/uploads\/2014\/09\/la_planta38-150x150.jpg 150w, https:\/\/www.arquimaster.com.ar\/web\/wp-content\/uploads\/2014\/09\/la_planta38-50x50.jpg 50w, https:\/\/www.arquimaster.com.ar\/web\/wp-content\/uploads\/2014\/09\/la_planta38-125x125.jpg 125w\" sizes=\"auto, (max-width: 150px) 100vw, 150px\" \/><\/a>\n\t\t\t<\/div>\n\t\t\t\t<figcaption class='wp-caption-text gallery-caption' id='gallery-1-9625'>\n\t\t\t\tCentro Multidisciplinario La Planta \/ Agraz Arquitectos (planta alta)\n\t\t\t\t<\/figcaption><\/figure><figure class='gallery-item'>\n\t\t\t<div class='gallery-icon landscape'>\n\t\t\t\t<a href='https:\/\/www.arquimaster.com.ar\/web\/wp-content\/uploads\/2014\/09\/la_planta39.jpg' title=\"Centro Multidisciplinario La Planta \/ Agraz Arquitectos (corte)\" data-rl_title=\"Centro Multidisciplinario La Planta \/ Agraz Arquitectos (corte)\" class=\"rl-gallery-link\" data-rl_caption=\"Centro Multidisciplinario La Planta \/ Agraz Arquitectos (corte)\" data-rel=\"lightbox-gallery-1\"><img loading=\"lazy\" decoding=\"async\" width=\"150\" height=\"150\" src=\"https:\/\/www.arquimaster.com.ar\/web\/wp-content\/uploads\/2014\/09\/la_planta39-150x150.jpg\" class=\"attachment-thumbnail size-thumbnail\" alt=\"\" aria-describedby=\"gallery-1-9626\" srcset=\"https:\/\/www.arquimaster.com.ar\/web\/wp-content\/uploads\/2014\/09\/la_planta39-150x150.jpg 150w, https:\/\/www.arquimaster.com.ar\/web\/wp-content\/uploads\/2014\/09\/la_planta39-50x50.jpg 50w, https:\/\/www.arquimaster.com.ar\/web\/wp-content\/uploads\/2014\/09\/la_planta39-125x125.jpg 125w\" sizes=\"auto, (max-width: 150px) 100vw, 150px\" \/><\/a>\n\t\t\t<\/div>\n\t\t\t\t<figcaption class='wp-caption-text gallery-caption' id='gallery-1-9626'>\n\t\t\t\tCentro Multidisciplinario La Planta \/ Agraz Arquitectos (corte)\n\t\t\t\t<\/figcaption><\/figure><figure class='gallery-item'>\n\t\t\t<div class='gallery-icon landscape'>\n\t\t\t\t<a href='https:\/\/www.arquimaster.com.ar\/web\/wp-content\/uploads\/2014\/09\/la_planta40.jpg' title=\"Centro Multidisciplinario La Planta \/ Agraz Arquitectos (corte)\" data-rl_title=\"Centro Multidisciplinario La Planta \/ Agraz Arquitectos (corte)\" class=\"rl-gallery-link\" data-rl_caption=\"Centro Multidisciplinario La Planta \/ Agraz Arquitectos (corte)\" data-rel=\"lightbox-gallery-1\"><img loading=\"lazy\" decoding=\"async\" width=\"150\" height=\"150\" src=\"https:\/\/www.arquimaster.com.ar\/web\/wp-content\/uploads\/2014\/09\/la_planta40-150x150.jpg\" class=\"attachment-thumbnail size-thumbnail\" alt=\"\" aria-describedby=\"gallery-1-9627\" srcset=\"https:\/\/www.arquimaster.com.ar\/web\/wp-content\/uploads\/2014\/09\/la_planta40-150x150.jpg 150w, https:\/\/www.arquimaster.com.ar\/web\/wp-content\/uploads\/2014\/09\/la_planta40-50x50.jpg 50w, https:\/\/www.arquimaster.com.ar\/web\/wp-content\/uploads\/2014\/09\/la_planta40-125x125.jpg 125w\" sizes=\"auto, (max-width: 150px) 100vw, 150px\" \/><\/a>\n\t\t\t<\/div>\n\t\t\t\t<figcaption class='wp-caption-text gallery-caption' id='gallery-1-9627'>\n\t\t\t\tCentro Multidisciplinario La Planta \/ Agraz Arquitectos (corte)\n\t\t\t\t<\/figcaption><\/figure><figure class='gallery-item'>\n\t\t\t<div class='gallery-icon landscape'>\n\t\t\t\t<a href='https:\/\/www.arquimaster.com.ar\/web\/wp-content\/uploads\/2014\/09\/la_planta41.jpg' title=\"Centro Multidisciplinario La Planta \/ Agraz Arquitectos (referencias)\" data-rl_title=\"Centro Multidisciplinario La Planta \/ Agraz Arquitectos (referencias)\" class=\"rl-gallery-link\" data-rl_caption=\"Centro Multidisciplinario La Planta \/ Agraz Arquitectos (referencias)\" data-rel=\"lightbox-gallery-1\"><img loading=\"lazy\" decoding=\"async\" width=\"150\" height=\"150\" src=\"https:\/\/www.arquimaster.com.ar\/web\/wp-content\/uploads\/2014\/09\/la_planta41-150x150.jpg\" class=\"attachment-thumbnail size-thumbnail\" alt=\"\" aria-describedby=\"gallery-1-9628\" srcset=\"https:\/\/www.arquimaster.com.ar\/web\/wp-content\/uploads\/2014\/09\/la_planta41-150x150.jpg 150w, https:\/\/www.arquimaster.com.ar\/web\/wp-content\/uploads\/2014\/09\/la_planta41-50x50.jpg 50w, https:\/\/www.arquimaster.com.ar\/web\/wp-content\/uploads\/2014\/09\/la_planta41-125x125.jpg 125w\" sizes=\"auto, (max-width: 150px) 100vw, 150px\" \/><\/a>\n\t\t\t<\/div>\n\t\t\t\t<figcaption class='wp-caption-text gallery-caption' id='gallery-1-9628'>\n\t\t\t\tCentro Multidisciplinario La Planta \/ Agraz Arquitectos (referencias)\n\t\t\t\t<\/figcaption><\/figure><figure class='gallery-item'>\n\t\t\t<div class='gallery-icon landscape'>\n\t\t\t\t<a href='https:\/\/www.arquimaster.com.ar\/web\/wp-content\/uploads\/2014\/09\/la_planta42.jpg' title=\"Centro Multidisciplinario La Planta \/ Agraz Arquitectos (proceso conceptual)\" data-rl_title=\"Centro Multidisciplinario La Planta \/ Agraz Arquitectos (proceso conceptual)\" class=\"rl-gallery-link\" data-rl_caption=\"Centro Multidisciplinario La Planta \/ Agraz Arquitectos (proceso conceptual)\" data-rel=\"lightbox-gallery-1\"><img loading=\"lazy\" decoding=\"async\" width=\"150\" height=\"150\" src=\"https:\/\/www.arquimaster.com.ar\/web\/wp-content\/uploads\/2014\/09\/la_planta42-150x150.jpg\" class=\"attachment-thumbnail size-thumbnail\" alt=\"\" aria-describedby=\"gallery-1-9629\" srcset=\"https:\/\/www.arquimaster.com.ar\/web\/wp-content\/uploads\/2014\/09\/la_planta42-150x150.jpg 150w, https:\/\/www.arquimaster.com.ar\/web\/wp-content\/uploads\/2014\/09\/la_planta42-50x50.jpg 50w, https:\/\/www.arquimaster.com.ar\/web\/wp-content\/uploads\/2014\/09\/la_planta42-125x125.jpg 125w\" sizes=\"auto, (max-width: 150px) 100vw, 150px\" \/><\/a>\n\t\t\t<\/div>\n\t\t\t\t<figcaption class='wp-caption-text gallery-caption' id='gallery-1-9629'>\n\t\t\t\tCentro Multidisciplinario La Planta \/ Agraz Arquitectos (proceso conceptual)\n\t\t\t\t<\/figcaption><\/figure><figure class='gallery-item'>\n\t\t\t<div class='gallery-icon landscape'>\n\t\t\t\t<a href='https:\/\/www.arquimaster.com.ar\/web\/wp-content\/uploads\/2014\/09\/la_planta43.jpg' title=\"Centro Multidisciplinario La Planta \/ Agraz Arquitectos (proceso conceptual)\" data-rl_title=\"Centro Multidisciplinario La Planta \/ Agraz Arquitectos (proceso conceptual)\" class=\"rl-gallery-link\" data-rl_caption=\"Centro Multidisciplinario La Planta \/ Agraz Arquitectos (proceso conceptual)\" data-rel=\"lightbox-gallery-1\"><img loading=\"lazy\" decoding=\"async\" width=\"150\" height=\"150\" src=\"https:\/\/www.arquimaster.com.ar\/web\/wp-content\/uploads\/2014\/09\/la_planta43-150x150.jpg\" class=\"attachment-thumbnail size-thumbnail\" alt=\"\" aria-describedby=\"gallery-1-9630\" srcset=\"https:\/\/www.arquimaster.com.ar\/web\/wp-content\/uploads\/2014\/09\/la_planta43-150x150.jpg 150w, https:\/\/www.arquimaster.com.ar\/web\/wp-content\/uploads\/2014\/09\/la_planta43-50x50.jpg 50w, https:\/\/www.arquimaster.com.ar\/web\/wp-content\/uploads\/2014\/09\/la_planta43-125x125.jpg 125w\" sizes=\"auto, (max-width: 150px) 100vw, 150px\" \/><\/a>\n\t\t\t<\/div>\n\t\t\t\t<figcaption class='wp-caption-text gallery-caption' id='gallery-1-9630'>\n\t\t\t\tCentro Multidisciplinario La Planta \/ Agraz Arquitectos (proceso conceptual)\n\t\t\t\t<\/figcaption><\/figure><figure class='gallery-item'>\n\t\t\t<div class='gallery-icon landscape'>\n\t\t\t\t<a href='https:\/\/www.arquimaster.com.ar\/web\/wp-content\/uploads\/2014\/09\/la_planta44.jpg' title=\"Centro Multidisciplinario La Planta \/ Agraz Arquitectos (proceso conceptual)\" data-rl_title=\"Centro Multidisciplinario La Planta \/ Agraz Arquitectos (proceso conceptual)\" class=\"rl-gallery-link\" data-rl_caption=\"Centro Multidisciplinario La Planta \/ Agraz Arquitectos (proceso conceptual)\" data-rel=\"lightbox-gallery-1\"><img loading=\"lazy\" decoding=\"async\" width=\"150\" height=\"150\" src=\"https:\/\/www.arquimaster.com.ar\/web\/wp-content\/uploads\/2014\/09\/la_planta44-150x150.jpg\" class=\"attachment-thumbnail size-thumbnail\" alt=\"\" aria-describedby=\"gallery-1-9631\" srcset=\"https:\/\/www.arquimaster.com.ar\/web\/wp-content\/uploads\/2014\/09\/la_planta44-150x150.jpg 150w, https:\/\/www.arquimaster.com.ar\/web\/wp-content\/uploads\/2014\/09\/la_planta44-50x50.jpg 50w, https:\/\/www.arquimaster.com.ar\/web\/wp-content\/uploads\/2014\/09\/la_planta44-125x125.jpg 125w\" sizes=\"auto, (max-width: 150px) 100vw, 150px\" \/><\/a>\n\t\t\t<\/div>\n\t\t\t\t<figcaption class='wp-caption-text gallery-caption' id='gallery-1-9631'>\n\t\t\t\tCentro Multidisciplinario La Planta \/ Agraz Arquitectos (proceso conceptual)\n\t\t\t\t<\/figcaption><\/figure><figure class='gallery-item'>\n\t\t\t<div class='gallery-icon landscape'>\n\t\t\t\t<a href='https:\/\/www.arquimaster.com.ar\/web\/wp-content\/uploads\/2014\/09\/la_planta45.jpg' title=\"Centro Multidisciplinario La Planta \/ Agraz Arquitectos (proceso conceptual)\" data-rl_title=\"Centro Multidisciplinario La Planta \/ Agraz Arquitectos (proceso conceptual)\" class=\"rl-gallery-link\" data-rl_caption=\"Centro Multidisciplinario La Planta \/ Agraz Arquitectos (proceso conceptual)\" data-rel=\"lightbox-gallery-1\"><img loading=\"lazy\" decoding=\"async\" width=\"150\" height=\"150\" src=\"https:\/\/www.arquimaster.com.ar\/web\/wp-content\/uploads\/2014\/09\/la_planta45-150x150.jpg\" class=\"attachment-thumbnail size-thumbnail\" alt=\"\" aria-describedby=\"gallery-1-9632\" srcset=\"https:\/\/www.arquimaster.com.ar\/web\/wp-content\/uploads\/2014\/09\/la_planta45-150x150.jpg 150w, https:\/\/www.arquimaster.com.ar\/web\/wp-content\/uploads\/2014\/09\/la_planta45-50x50.jpg 50w, https:\/\/www.arquimaster.com.ar\/web\/wp-content\/uploads\/2014\/09\/la_planta45-125x125.jpg 125w\" sizes=\"auto, (max-width: 150px) 100vw, 150px\" \/><\/a>\n\t\t\t<\/div>\n\t\t\t\t<figcaption class='wp-caption-text gallery-caption' id='gallery-1-9632'>\n\t\t\t\tCentro Multidisciplinario La Planta \/ Agraz Arquitectos (proceso conceptual)\n\t\t\t\t<\/figcaption><\/figure><figure class='gallery-item'>\n\t\t\t<div class='gallery-icon landscape'>\n\t\t\t\t<a href='https:\/\/www.arquimaster.com.ar\/web\/wp-content\/uploads\/2014\/09\/la_planta46.jpg' title=\"Centro Multidisciplinario La Planta \/ Agraz Arquitectos (proceso conceptual)\" data-rl_title=\"Centro Multidisciplinario La Planta \/ Agraz Arquitectos (proceso conceptual)\" class=\"rl-gallery-link\" data-rl_caption=\"Centro Multidisciplinario La Planta \/ Agraz Arquitectos (proceso conceptual)\" data-rel=\"lightbox-gallery-1\"><img loading=\"lazy\" decoding=\"async\" width=\"150\" height=\"150\" src=\"https:\/\/www.arquimaster.com.ar\/web\/wp-content\/uploads\/2014\/09\/la_planta46-150x150.jpg\" class=\"attachment-thumbnail size-thumbnail\" alt=\"\" aria-describedby=\"gallery-1-9633\" srcset=\"https:\/\/www.arquimaster.com.ar\/web\/wp-content\/uploads\/2014\/09\/la_planta46-150x150.jpg 150w, https:\/\/www.arquimaster.com.ar\/web\/wp-content\/uploads\/2014\/09\/la_planta46-50x50.jpg 50w, https:\/\/www.arquimaster.com.ar\/web\/wp-content\/uploads\/2014\/09\/la_planta46-125x125.jpg 125w\" sizes=\"auto, (max-width: 150px) 100vw, 150px\" \/><\/a>\n\t\t\t<\/div>\n\t\t\t\t<figcaption class='wp-caption-text gallery-caption' id='gallery-1-9633'>\n\t\t\t\tCentro Multidisciplinario La Planta \/ Agraz Arquitectos (proceso conceptual)\n\t\t\t\t<\/figcaption><\/figure><figure class='gallery-item'>\n\t\t\t<div class='gallery-icon landscape'>\n\t\t\t\t<a href='https:\/\/www.arquimaster.com.ar\/web\/wp-content\/uploads\/2014\/09\/la_planta47.jpg' title=\"Centro Multidisciplinario La Planta \/ Agraz Arquitectos (proceso conceptual)\" data-rl_title=\"Centro Multidisciplinario La Planta \/ Agraz Arquitectos (proceso conceptual)\" class=\"rl-gallery-link\" data-rl_caption=\"Centro Multidisciplinario La Planta \/ Agraz Arquitectos (proceso conceptual)\" data-rel=\"lightbox-gallery-1\"><img loading=\"lazy\" decoding=\"async\" width=\"150\" height=\"150\" src=\"https:\/\/www.arquimaster.com.ar\/web\/wp-content\/uploads\/2014\/09\/la_planta47-150x150.jpg\" class=\"attachment-thumbnail size-thumbnail\" alt=\"\" aria-describedby=\"gallery-1-9634\" srcset=\"https:\/\/www.arquimaster.com.ar\/web\/wp-content\/uploads\/2014\/09\/la_planta47-150x150.jpg 150w, https:\/\/www.arquimaster.com.ar\/web\/wp-content\/uploads\/2014\/09\/la_planta47-50x50.jpg 50w, https:\/\/www.arquimaster.com.ar\/web\/wp-content\/uploads\/2014\/09\/la_planta47-125x125.jpg 125w\" sizes=\"auto, (max-width: 150px) 100vw, 150px\" \/><\/a>\n\t\t\t<\/div>\n\t\t\t\t<figcaption class='wp-caption-text gallery-caption' id='gallery-1-9634'>\n\t\t\t\tCentro Multidisciplinario La Planta \/ Agraz Arquitectos (proceso conceptual)\n\t\t\t\t<\/figcaption><\/figure><figure class='gallery-item'>\n\t\t\t<div class='gallery-icon landscape'>\n\t\t\t\t<a href='https:\/\/www.arquimaster.com.ar\/web\/wp-content\/uploads\/2014\/09\/la_planta48.jpg' title=\"Centro Multidisciplinario La Planta \/ Agraz Arquitectos (proceso conceptual)\" data-rl_title=\"Centro Multidisciplinario La Planta \/ Agraz Arquitectos (proceso conceptual)\" class=\"rl-gallery-link\" data-rl_caption=\"Centro Multidisciplinario La Planta \/ Agraz Arquitectos (proceso conceptual)\" data-rel=\"lightbox-gallery-1\"><img loading=\"lazy\" decoding=\"async\" width=\"150\" height=\"150\" src=\"https:\/\/www.arquimaster.com.ar\/web\/wp-content\/uploads\/2014\/09\/la_planta48-150x150.jpg\" class=\"attachment-thumbnail size-thumbnail\" alt=\"\" aria-describedby=\"gallery-1-9635\" srcset=\"https:\/\/www.arquimaster.com.ar\/web\/wp-content\/uploads\/2014\/09\/la_planta48-150x150.jpg 150w, https:\/\/www.arquimaster.com.ar\/web\/wp-content\/uploads\/2014\/09\/la_planta48-50x50.jpg 50w, https:\/\/www.arquimaster.com.ar\/web\/wp-content\/uploads\/2014\/09\/la_planta48-125x125.jpg 125w\" sizes=\"auto, (max-width: 150px) 100vw, 150px\" \/><\/a>\n\t\t\t<\/div>\n\t\t\t\t<figcaption class='wp-caption-text gallery-caption' id='gallery-1-9635'>\n\t\t\t\tCentro Multidisciplinario La Planta \/ Agraz Arquitectos (proceso conceptual)\n\t\t\t\t<\/figcaption><\/figure><figure class='gallery-item'>\n\t\t\t<div class='gallery-icon landscape'>\n\t\t\t\t<a href='https:\/\/www.arquimaster.com.ar\/web\/wp-content\/uploads\/2014\/09\/la_planta49.jpg' title=\"Centro Multidisciplinario La Planta \/ Agraz Arquitectos (proceso conceptual)\" data-rl_title=\"Centro Multidisciplinario La Planta \/ Agraz Arquitectos (proceso conceptual)\" class=\"rl-gallery-link\" data-rl_caption=\"Centro Multidisciplinario La Planta \/ Agraz Arquitectos (proceso conceptual)\" data-rel=\"lightbox-gallery-1\"><img loading=\"lazy\" decoding=\"async\" width=\"150\" height=\"150\" src=\"https:\/\/www.arquimaster.com.ar\/web\/wp-content\/uploads\/2014\/09\/la_planta49-150x150.jpg\" class=\"attachment-thumbnail size-thumbnail\" alt=\"\" aria-describedby=\"gallery-1-9636\" srcset=\"https:\/\/www.arquimaster.com.ar\/web\/wp-content\/uploads\/2014\/09\/la_planta49-150x150.jpg 150w, https:\/\/www.arquimaster.com.ar\/web\/wp-content\/uploads\/2014\/09\/la_planta49-50x50.jpg 50w, https:\/\/www.arquimaster.com.ar\/web\/wp-content\/uploads\/2014\/09\/la_planta49-125x125.jpg 125w\" sizes=\"auto, (max-width: 150px) 100vw, 150px\" \/><\/a>\n\t\t\t<\/div>\n\t\t\t\t<figcaption class='wp-caption-text gallery-caption' id='gallery-1-9636'>\n\t\t\t\tCentro Multidisciplinario La Planta \/ Agraz Arquitectos (proceso conceptual)\n\t\t\t\t<\/figcaption><\/figure>\n\t\t<\/div>\n\n<p>Luego de ser construido en Tlajomulco de Z\u00fa\u00f1iga hace casi dos d\u00e9cadas, el espacio nunca entra en funciones y prontamente ve sus contenidos entrar en un franco estado de putrefacci\u00f3n. A\u00f1os m\u00e1s tarde, las autoridades municipales convocan al gran desaf\u00edo de reaprovecharlo y resignificarlo.<\/p>\n<p>Se trata de unos canales que contienen agua entre muros de concreto de alta resistencia cuyo costo de demolici\u00f3n es infinitamente m\u00e1s alto que sacar provecho de ellos.<\/p>\n<p>La ecuaci\u00f3n demanda entonces, darle un nuevo uso a la instalaci\u00f3n y por ello, tras estudiar la estructura existente y medir las posibilidades, se plantea convertir esta planta de tratamiento en un centro multidisciplinario.<\/p>\n<p>Esto es: un lugar que de cabida a la cultura, al deporte y al esparcimiento, un sitio que produzca beneficio a las comunidades de Santa Fe y Chula Vista en el municipio de Tlajomulco.<\/p>\n<p>Para ello se limpian los canales de agua y se les construyen escaleras de acceso colando encima una gran cubierta de 450 metros cuadrados que tiene, en concreto de color integral, una pieza del artista pl\u00e1stico Francisco Morales la cual hace referencia a la cultura como factor de reintegraci\u00f3n social.<\/p>\n<p>Al colarse la cubierta, se logran seis salones con patio y ventana, lo que les da iluminaci\u00f3n y ventilaci\u00f3n natural, quit\u00e1ndoles toda sensaci\u00f3n de estar en subterr\u00e1neo.<\/p>\n<p>Las escaleras de ingreso a estos salones funcionan tambi\u00e9n como foro y es as\u00ed como los ni\u00f1os que estudian m\u00fasica ah\u00ed pueden atestiguar y disfrutar sentados del ensayo de una filarm\u00f3nica, en tanto que al lado puede haber un taller de pintura, una clase de ballet, de gimnasia ol\u00edmpica o un curso de graffiti, mientras que al otro lado algo de futbol y zumba.<\/p>\n<p>En planta alta, en la cubierta exterior, de igual manera se pueden alojar distintos eventos. Dentro de la estructura met\u00e1lica se hizo una p\u00e9rgola que le permitir\u00e1 a la gente sentarse a la sombra y tambi\u00e9n existe el proyecto de instalar unas lonas para que produzcan mayor protecci\u00f3n y con ello la posibilidad de muchas m\u00e1s actividades al aire libre.<\/p>\n<p>Asesorados por Adri\u00e1n Guerrero y con la participaci\u00f3n de Paco Morales, el proyecto de La Planta nos permite transformar lo que fue una planta de tratamiento de aguas negras en una que produce cultura, deporte y diversi\u00f3n para sus usuarios.<\/p>\n<p>Texto por Ana Guerrerosantos<\/p>\n<p><strong>Ficha tecnica<\/strong><br \/>\nNombre: La Planta<br \/>\nUbicaci\u00f3n: Municipio de Tlajomulco de Z\u00fa\u00f1iga, Jalisco, Mexico<br \/>\nAutores: Agraz Arquitectos S.C., Ricardo Agraz<br \/>\nColaboradores: Erick Mart\u00ednez, Miguel S\u00e1nchez, Juan Antonio Jaime, Brenda Barron, Blanca Moreno, Gabriela Villarreal, Javier Guti\u00e9rrez, Gabriel G\u00f3mez, Humberto Due\u00f1as, Marc Fern\u00e1ndez, Fernanda Palma, Israel Picos, Javier H. Aguirre, Leticia Macias<br \/>\nConstrucci\u00f3n: Direcci\u00f3n de Obras P\u00fablicas de Tlajomulco<br \/>\nMaestro Hugo Luna V\u00e1zquez, Coordinador de Proyectos Estrat\u00e9gicos<br \/>\nIng. David Miguel Zamora Bueno, Director de obras p\u00fablicas<br \/>\nLicitaci\u00f3n p\u00fablica: Gama Constructores y Asociados S.A. de C.V., Ing. Francisco Javier Peregrina Barajas<br \/>\nDirecci\u00f3n de arte: Francisco Morales Dufour, Adri\u00e1n Guerrero<br \/>\nCliente: H. Ayuntamiento de Tlajomulco, Jalisco. Ing. Enrique Alfaro Ram\u00edrez, Lic. Alberto Uribe Camacho, Lic. Ismael del Toro Castro<br \/>\nPremios: Menci\u00f3n Honor\u00edfica en la VII Bienal de Arquitectura Jalisciense 2013<br \/>\n\u00c1rea terreno: 32990 m2<br \/>\n\u00c1rea construida: 1375 m2<br \/>\nFecha de proyecto: 2011<br \/>\nFecha de obra: 2013<br \/>\nFotograf\u00eda: Mito Covarrubias<\/p>\n<p><strong>Contacto:<\/strong> <a title=\"Agraz Arquitectos\" href=\"http:\/\/www.agrazarquitectos.com\" target=\"_blank\">http:\/\/www.agrazarquitectos.com<\/a><\/p>\n\n<div style=\"font-size: 0px; height: 0px; line-height: 0px; margin: 0; padding: 0; clear: both;\"><\/div><div style=\"margin-top: 0px; margin-bottom: 0px;\" class=\"sharethis-inline-share-buttons\" ><\/div>","protected":false},"excerpt":{"rendered":"<p>Reconversi\u00f3n de una planta de tratamiento de aguas negras en un centro multidisciplinario&#8230;<\/p>\n","protected":false},"author":1,"featured_media":9587,"comment_status":"closed","ping_status":"closed","sticky":false,"template":"","format":"standard","meta":{"_uag_custom_page_level_css":"","footnotes":""},"categories":[784,1],"tags":[2500,787,2641,1052,24,2643,2502,2642],"class_list":["post-9586","post","type-post","status-publish","format-standard","has-post-thumbnail","hentry","category-edificios-para-la-cultura","category-proyecto","tag-agraz-arquitectos","tag-centro-cultural","tag-centro-multidisciplinario","tag-jalisco","tag-mexico","tag-reconversion","tag-ricardo-agraz","tag-tlajomulco-de-zuniga","generate-columns","tablet-grid-50","mobile-grid-100","grid-parent","grid-50"],"yoast_head":"<!-- This site is optimized with the Yoast SEO plugin v27.3 - https:\/\/yoast.com\/product\/yoast-seo-wordpress\/ -->\n<title>Centro Multidisciplinario La Planta \/ Agraz Arquitectos - Arquimaster<\/title>\n<meta name=\"robots\" content=\"index, follow, max-snippet:-1, max-image-preview:large, max-video-preview:-1\" \/>\n<link rel=\"canonical\" href=\"https:\/\/www.arquimaster.com.ar\/web\/centro-multidisciplinario-la-planta-agraz-arquitectos\/\" \/>\n<meta property=\"og:locale\" content=\"es_ES\" \/>\n<meta property=\"og:type\" content=\"article\" \/>\n<meta property=\"og:title\" content=\"Centro Multidisciplinario La Planta \/ Agraz Arquitectos - Arquimaster\" \/>\n<meta property=\"og:description\" content=\"Reconversi\u00f3n de una planta de tratamiento de aguas negras en un centro multidisciplinario...\" \/>\n<meta property=\"og:url\" content=\"https:\/\/www.arquimaster.com.ar\/web\/centro-multidisciplinario-la-planta-agraz-arquitectos\/\" \/>\n<meta property=\"og:site_name\" content=\"Arquimaster\" \/>\n<meta property=\"article:publisher\" content=\"http:\/\/www.facebook.com\/ARQUIMASTER.com.ar\" \/>\n<meta property=\"article:published_time\" content=\"2014-09-14T22:48:04+00:00\" \/>\n<meta property=\"article:modified_time\" content=\"2014-09-20T22:39:26+00:00\" \/>\n<meta property=\"og:image\" content=\"https:\/\/www.arquimaster.com.ar\/web\/wp-content\/uploads\/2014\/09\/la_planta_slide.jpg\" \/>\n\t<meta property=\"og:image:width\" content=\"642\" \/>\n\t<meta property=\"og:image:height\" content=\"336\" \/>\n\t<meta property=\"og:image:type\" content=\"image\/jpeg\" \/>\n<meta name=\"author\" content=\"Arquimaster\" \/>\n<meta name=\"twitter:card\" content=\"summary_large_image\" \/>\n<meta name=\"twitter:creator\" content=\"@arquimaster\" \/>\n<meta name=\"twitter:site\" content=\"@arquimaster\" \/>\n<meta name=\"twitter:label1\" content=\"Escrito por\" \/>\n\t<meta name=\"twitter:data1\" content=\"Arquimaster\" \/>\n\t<meta name=\"twitter:label2\" content=\"Tiempo de lectura\" \/>\n\t<meta name=\"twitter:data2\" content=\"3 minutos\" \/>\n<script type=\"application\/ld+json\" class=\"yoast-schema-graph\">{\"@context\":\"https:\\\/\\\/schema.org\",\"@graph\":[{\"@type\":\"Article\",\"@id\":\"https:\\\/\\\/www.arquimaster.com.ar\\\/web\\\/centro-multidisciplinario-la-planta-agraz-arquitectos\\\/#article\",\"isPartOf\":{\"@id\":\"https:\\\/\\\/www.arquimaster.com.ar\\\/web\\\/centro-multidisciplinario-la-planta-agraz-arquitectos\\\/\"},\"author\":{\"name\":\"Arquimaster\",\"@id\":\"https:\\\/\\\/www.arquimaster.com.ar\\\/web\\\/#\\\/schema\\\/person\\\/359e9f7c00193fcde068e0dd2ceb0028\"},\"headline\":\"Centro Multidisciplinario La Planta \\\/ Agraz Arquitectos\",\"datePublished\":\"2014-09-14T22:48:04+00:00\",\"dateModified\":\"2014-09-20T22:39:26+00:00\",\"mainEntityOfPage\":{\"@id\":\"https:\\\/\\\/www.arquimaster.com.ar\\\/web\\\/centro-multidisciplinario-la-planta-agraz-arquitectos\\\/\"},\"wordCount\":639,\"publisher\":{\"@id\":\"https:\\\/\\\/www.arquimaster.com.ar\\\/web\\\/#organization\"},\"image\":{\"@id\":\"https:\\\/\\\/www.arquimaster.com.ar\\\/web\\\/centro-multidisciplinario-la-planta-agraz-arquitectos\\\/#primaryimage\"},\"thumbnailUrl\":\"https:\\\/\\\/www.arquimaster.com.ar\\\/web\\\/wp-content\\\/uploads\\\/2014\\\/09\\\/la_planta_slide.jpg\",\"keywords\":[\"Agraz Arquitectos\",\"centro cultural\",\"centro multidisciplinario\",\"Jalisco\",\"Mexico\",\"reconversion\",\"Ricardo Agraz\",\"Tlajomulco de Z\u00fa\u00f1iga\"],\"articleSection\":[\"Edificios para la cultura\",\"Proyecto\"],\"inLanguage\":\"es\"},{\"@type\":\"WebPage\",\"@id\":\"https:\\\/\\\/www.arquimaster.com.ar\\\/web\\\/centro-multidisciplinario-la-planta-agraz-arquitectos\\\/\",\"url\":\"https:\\\/\\\/www.arquimaster.com.ar\\\/web\\\/centro-multidisciplinario-la-planta-agraz-arquitectos\\\/\",\"name\":\"Centro Multidisciplinario La Planta \\\/ Agraz Arquitectos - Arquimaster\",\"isPartOf\":{\"@id\":\"https:\\\/\\\/www.arquimaster.com.ar\\\/web\\\/#website\"},\"primaryImageOfPage\":{\"@id\":\"https:\\\/\\\/www.arquimaster.com.ar\\\/web\\\/centro-multidisciplinario-la-planta-agraz-arquitectos\\\/#primaryimage\"},\"image\":{\"@id\":\"https:\\\/\\\/www.arquimaster.com.ar\\\/web\\\/centro-multidisciplinario-la-planta-agraz-arquitectos\\\/#primaryimage\"},\"thumbnailUrl\":\"https:\\\/\\\/www.arquimaster.com.ar\\\/web\\\/wp-content\\\/uploads\\\/2014\\\/09\\\/la_planta_slide.jpg\",\"datePublished\":\"2014-09-14T22:48:04+00:00\",\"dateModified\":\"2014-09-20T22:39:26+00:00\",\"breadcrumb\":{\"@id\":\"https:\\\/\\\/www.arquimaster.com.ar\\\/web\\\/centro-multidisciplinario-la-planta-agraz-arquitectos\\\/#breadcrumb\"},\"inLanguage\":\"es\",\"potentialAction\":[{\"@type\":\"ReadAction\",\"target\":[\"https:\\\/\\\/www.arquimaster.com.ar\\\/web\\\/centro-multidisciplinario-la-planta-agraz-arquitectos\\\/\"]}]},{\"@type\":\"ImageObject\",\"inLanguage\":\"es\",\"@id\":\"https:\\\/\\\/www.arquimaster.com.ar\\\/web\\\/centro-multidisciplinario-la-planta-agraz-arquitectos\\\/#primaryimage\",\"url\":\"https:\\\/\\\/www.arquimaster.com.ar\\\/web\\\/wp-content\\\/uploads\\\/2014\\\/09\\\/la_planta_slide.jpg\",\"contentUrl\":\"https:\\\/\\\/www.arquimaster.com.ar\\\/web\\\/wp-content\\\/uploads\\\/2014\\\/09\\\/la_planta_slide.jpg\",\"width\":642,\"height\":336},{\"@type\":\"BreadcrumbList\",\"@id\":\"https:\\\/\\\/www.arquimaster.com.ar\\\/web\\\/centro-multidisciplinario-la-planta-agraz-arquitectos\\\/#breadcrumb\",\"itemListElement\":[{\"@type\":\"ListItem\",\"position\":1,\"name\":\"Portada\",\"item\":\"https:\\\/\\\/www.arquimaster.com.ar\\\/web\\\/\"},{\"@type\":\"ListItem\",\"position\":2,\"name\":\"Centro Multidisciplinario La Planta \\\/ Agraz Arquitectos\"}]},{\"@type\":\"WebSite\",\"@id\":\"https:\\\/\\\/www.arquimaster.com.ar\\\/web\\\/#website\",\"url\":\"https:\\\/\\\/www.arquimaster.com.ar\\\/web\\\/\",\"name\":\"Arquimaster\",\"description\":\"Web de arquitectura, dise\u00f1o y construccion\",\"publisher\":{\"@id\":\"https:\\\/\\\/www.arquimaster.com.ar\\\/web\\\/#organization\"},\"potentialAction\":[{\"@type\":\"SearchAction\",\"target\":{\"@type\":\"EntryPoint\",\"urlTemplate\":\"https:\\\/\\\/www.arquimaster.com.ar\\\/web\\\/?s={search_term_string}\"},\"query-input\":{\"@type\":\"PropertyValueSpecification\",\"valueRequired\":true,\"valueName\":\"search_term_string\"}}],\"inLanguage\":\"es\"},{\"@type\":\"Organization\",\"@id\":\"https:\\\/\\\/www.arquimaster.com.ar\\\/web\\\/#organization\",\"name\":\"Arquimaster\",\"url\":\"https:\\\/\\\/www.arquimaster.com.ar\\\/web\\\/\",\"logo\":{\"@type\":\"ImageObject\",\"inLanguage\":\"es\",\"@id\":\"https:\\\/\\\/www.arquimaster.com.ar\\\/web\\\/#\\\/schema\\\/logo\\\/image\\\/\",\"url\":\"https:\\\/\\\/www.arquimaster.com.ar\\\/web\\\/wp-content\\\/uploads\\\/2022\\\/06\\\/arquimaster.png\",\"contentUrl\":\"https:\\\/\\\/www.arquimaster.com.ar\\\/web\\\/wp-content\\\/uploads\\\/2022\\\/06\\\/arquimaster.png\",\"width\":594,\"height\":78,\"caption\":\"Arquimaster\"},\"image\":{\"@id\":\"https:\\\/\\\/www.arquimaster.com.ar\\\/web\\\/#\\\/schema\\\/logo\\\/image\\\/\"},\"sameAs\":[\"http:\\\/\\\/www.facebook.com\\\/ARQUIMASTER.com.ar\",\"https:\\\/\\\/x.com\\\/arquimaster\",\"https:\\\/\\\/www.instagram.com\\\/arquimasterblog\\\/\",\"https:\\\/\\\/www.linkedin.com\\\/company\\\/arquimaster\",\"https:\\\/\\\/www.pinterest.com\\\/arquimaster\",\"https:\\\/\\\/t.me\\\/arquimaster\"]},{\"@type\":\"Person\",\"@id\":\"https:\\\/\\\/www.arquimaster.com.ar\\\/web\\\/#\\\/schema\\\/person\\\/359e9f7c00193fcde068e0dd2ceb0028\",\"name\":\"Arquimaster\"}]}<\/script>\n<!-- \/ Yoast SEO plugin. -->","yoast_head_json":{"title":"Centro Multidisciplinario La Planta \/ Agraz Arquitectos - Arquimaster","robots":{"index":"index","follow":"follow","max-snippet":"max-snippet:-1","max-image-preview":"max-image-preview:large","max-video-preview":"max-video-preview:-1"},"canonical":"https:\/\/www.arquimaster.com.ar\/web\/centro-multidisciplinario-la-planta-agraz-arquitectos\/","og_locale":"es_ES","og_type":"article","og_title":"Centro Multidisciplinario La Planta \/ Agraz Arquitectos - Arquimaster","og_description":"Reconversi\u00f3n de una planta de tratamiento de aguas negras en un centro multidisciplinario...","og_url":"https:\/\/www.arquimaster.com.ar\/web\/centro-multidisciplinario-la-planta-agraz-arquitectos\/","og_site_name":"Arquimaster","article_publisher":"http:\/\/www.facebook.com\/ARQUIMASTER.com.ar","article_published_time":"2014-09-14T22:48:04+00:00","article_modified_time":"2014-09-20T22:39:26+00:00","og_image":[{"width":642,"height":336,"url":"https:\/\/www.arquimaster.com.ar\/web\/wp-content\/uploads\/2014\/09\/la_planta_slide.jpg","type":"image\/jpeg"}],"author":"Arquimaster","twitter_card":"summary_large_image","twitter_creator":"@arquimaster","twitter_site":"@arquimaster","twitter_misc":{"Escrito por":"Arquimaster","Tiempo de lectura":"3 minutos"},"schema":{"@context":"https:\/\/schema.org","@graph":[{"@type":"Article","@id":"https:\/\/www.arquimaster.com.ar\/web\/centro-multidisciplinario-la-planta-agraz-arquitectos\/#article","isPartOf":{"@id":"https:\/\/www.arquimaster.com.ar\/web\/centro-multidisciplinario-la-planta-agraz-arquitectos\/"},"author":{"name":"Arquimaster","@id":"https:\/\/www.arquimaster.com.ar\/web\/#\/schema\/person\/359e9f7c00193fcde068e0dd2ceb0028"},"headline":"Centro Multidisciplinario La Planta \/ Agraz Arquitectos","datePublished":"2014-09-14T22:48:04+00:00","dateModified":"2014-09-20T22:39:26+00:00","mainEntityOfPage":{"@id":"https:\/\/www.arquimaster.com.ar\/web\/centro-multidisciplinario-la-planta-agraz-arquitectos\/"},"wordCount":639,"publisher":{"@id":"https:\/\/www.arquimaster.com.ar\/web\/#organization"},"image":{"@id":"https:\/\/www.arquimaster.com.ar\/web\/centro-multidisciplinario-la-planta-agraz-arquitectos\/#primaryimage"},"thumbnailUrl":"https:\/\/www.arquimaster.com.ar\/web\/wp-content\/uploads\/2014\/09\/la_planta_slide.jpg","keywords":["Agraz Arquitectos","centro cultural","centro multidisciplinario","Jalisco","Mexico","reconversion","Ricardo Agraz","Tlajomulco de Z\u00fa\u00f1iga"],"articleSection":["Edificios para la cultura","Proyecto"],"inLanguage":"es"},{"@type":"WebPage","@id":"https:\/\/www.arquimaster.com.ar\/web\/centro-multidisciplinario-la-planta-agraz-arquitectos\/","url":"https:\/\/www.arquimaster.com.ar\/web\/centro-multidisciplinario-la-planta-agraz-arquitectos\/","name":"Centro Multidisciplinario La Planta \/ Agraz Arquitectos - Arquimaster","isPartOf":{"@id":"https:\/\/www.arquimaster.com.ar\/web\/#website"},"primaryImageOfPage":{"@id":"https:\/\/www.arquimaster.com.ar\/web\/centro-multidisciplinario-la-planta-agraz-arquitectos\/#primaryimage"},"image":{"@id":"https:\/\/www.arquimaster.com.ar\/web\/centro-multidisciplinario-la-planta-agraz-arquitectos\/#primaryimage"},"thumbnailUrl":"https:\/\/www.arquimaster.com.ar\/web\/wp-content\/uploads\/2014\/09\/la_planta_slide.jpg","datePublished":"2014-09-14T22:48:04+00:00","dateModified":"2014-09-20T22:39:26+00:00","breadcrumb":{"@id":"https:\/\/www.arquimaster.com.ar\/web\/centro-multidisciplinario-la-planta-agraz-arquitectos\/#breadcrumb"},"inLanguage":"es","potentialAction":[{"@type":"ReadAction","target":["https:\/\/www.arquimaster.com.ar\/web\/centro-multidisciplinario-la-planta-agraz-arquitectos\/"]}]},{"@type":"ImageObject","inLanguage":"es","@id":"https:\/\/www.arquimaster.com.ar\/web\/centro-multidisciplinario-la-planta-agraz-arquitectos\/#primaryimage","url":"https:\/\/www.arquimaster.com.ar\/web\/wp-content\/uploads\/2014\/09\/la_planta_slide.jpg","contentUrl":"https:\/\/www.arquimaster.com.ar\/web\/wp-content\/uploads\/2014\/09\/la_planta_slide.jpg","width":642,"height":336},{"@type":"BreadcrumbList","@id":"https:\/\/www.arquimaster.com.ar\/web\/centro-multidisciplinario-la-planta-agraz-arquitectos\/#breadcrumb","itemListElement":[{"@type":"ListItem","position":1,"name":"Portada","item":"https:\/\/www.arquimaster.com.ar\/web\/"},{"@type":"ListItem","position":2,"name":"Centro Multidisciplinario La Planta \/ Agraz Arquitectos"}]},{"@type":"WebSite","@id":"https:\/\/www.arquimaster.com.ar\/web\/#website","url":"https:\/\/www.arquimaster.com.ar\/web\/","name":"Arquimaster","description":"Web de arquitectura, dise\u00f1o y construccion","publisher":{"@id":"https:\/\/www.arquimaster.com.ar\/web\/#organization"},"potentialAction":[{"@type":"SearchAction","target":{"@type":"EntryPoint","urlTemplate":"https:\/\/www.arquimaster.com.ar\/web\/?s={search_term_string}"},"query-input":{"@type":"PropertyValueSpecification","valueRequired":true,"valueName":"search_term_string"}}],"inLanguage":"es"},{"@type":"Organization","@id":"https:\/\/www.arquimaster.com.ar\/web\/#organization","name":"Arquimaster","url":"https:\/\/www.arquimaster.com.ar\/web\/","logo":{"@type":"ImageObject","inLanguage":"es","@id":"https:\/\/www.arquimaster.com.ar\/web\/#\/schema\/logo\/image\/","url":"https:\/\/www.arquimaster.com.ar\/web\/wp-content\/uploads\/2022\/06\/arquimaster.png","contentUrl":"https:\/\/www.arquimaster.com.ar\/web\/wp-content\/uploads\/2022\/06\/arquimaster.png","width":594,"height":78,"caption":"Arquimaster"},"image":{"@id":"https:\/\/www.arquimaster.com.ar\/web\/#\/schema\/logo\/image\/"},"sameAs":["http:\/\/www.facebook.com\/ARQUIMASTER.com.ar","https:\/\/x.com\/arquimaster","https:\/\/www.instagram.com\/arquimasterblog\/","https:\/\/www.linkedin.com\/company\/arquimaster","https:\/\/www.pinterest.com\/arquimaster","https:\/\/t.me\/arquimaster"]},{"@type":"Person","@id":"https:\/\/www.arquimaster.com.ar\/web\/#\/schema\/person\/359e9f7c00193fcde068e0dd2ceb0028","name":"Arquimaster"}]}},"uagb_featured_image_src":{"full":["https:\/\/www.arquimaster.com.ar\/web\/wp-content\/uploads\/2014\/09\/la_planta_slide.jpg",642,336,false],"thumbnail":["https:\/\/www.arquimaster.com.ar\/web\/wp-content\/uploads\/2014\/09\/la_planta_slide-150x150.jpg",150,150,true],"medium":["https:\/\/www.arquimaster.com.ar\/web\/wp-content\/uploads\/2014\/09\/la_planta_slide-300x157.jpg",300,157,true],"medium_large":["https:\/\/www.arquimaster.com.ar\/web\/wp-content\/uploads\/2014\/09\/la_planta_slide.jpg",642,336,false],"large":["https:\/\/www.arquimaster.com.ar\/web\/wp-content\/uploads\/2014\/09\/la_planta_slide.jpg",642,336,false],"1536x1536":["https:\/\/www.arquimaster.com.ar\/web\/wp-content\/uploads\/2014\/09\/la_planta_slide.jpg",642,336,false],"2048x2048":["https:\/\/www.arquimaster.com.ar\/web\/wp-content\/uploads\/2014\/09\/la_planta_slide.jpg",642,336,false]},"uagb_author_info":{"display_name":"Arquimaster","author_link":"https:\/\/www.arquimaster.com.ar\/web\/author\/arquimaster\/"},"uagb_comment_info":0,"uagb_excerpt":"Reconversi\u00f3n de una planta de tratamiento de aguas negras en un centro multidisciplinario...","_links":{"self":[{"href":"https:\/\/www.arquimaster.com.ar\/web\/wp-json\/wp\/v2\/posts\/9586","targetHints":{"allow":["GET"]}}],"collection":[{"href":"https:\/\/www.arquimaster.com.ar\/web\/wp-json\/wp\/v2\/posts"}],"about":[{"href":"https:\/\/www.arquimaster.com.ar\/web\/wp-json\/wp\/v2\/types\/post"}],"author":[{"embeddable":true,"href":"https:\/\/www.arquimaster.com.ar\/web\/wp-json\/wp\/v2\/users\/1"}],"replies":[{"embeddable":true,"href":"https:\/\/www.arquimaster.com.ar\/web\/wp-json\/wp\/v2\/comments?post=9586"}],"version-history":[{"count":0,"href":"https:\/\/www.arquimaster.com.ar\/web\/wp-json\/wp\/v2\/posts\/9586\/revisions"}],"wp:featuredmedia":[{"embeddable":true,"href":"https:\/\/www.arquimaster.com.ar\/web\/wp-json\/wp\/v2\/media\/9587"}],"wp:attachment":[{"href":"https:\/\/www.arquimaster.com.ar\/web\/wp-json\/wp\/v2\/media?parent=9586"}],"wp:term":[{"taxonomy":"category","embeddable":true,"href":"https:\/\/www.arquimaster.com.ar\/web\/wp-json\/wp\/v2\/categories?post=9586"},{"taxonomy":"post_tag","embeddable":true,"href":"https:\/\/www.arquimaster.com.ar\/web\/wp-json\/wp\/v2\/tags?post=9586"}],"curies":[{"name":"wp","href":"https:\/\/api.w.org\/{rel}","templated":true}]}}