{"id":96,"date":"2013-11-21T18:03:01","date_gmt":"2013-11-21T18:03:01","guid":{"rendered":"http:\/\/www.arquimaster.com.ar\/web\/?p=96"},"modified":"2026-03-29T18:31:25","modified_gmt":"2026-03-29T21:31:25","slug":"masisa-y-el-diseno-de-interiores-en-inspira-2013","status":"publish","type":"post","link":"https:\/\/www.arquimaster.com.ar\/web\/masisa-y-el-diseno-de-interiores-en-inspira-2013\/","title":{"rendered":"Masisa y el dise\u00f1o de interiores en Inspira 2013"},"content":{"rendered":"<div style=\"margin-top: 0px; margin-bottom: 0px;\" class=\"sharethis-inline-share-buttons\" ><\/div><div class=\"b812932af2e751442846f039925109de\" data-index=\"1\" style=\"float: none; margin:25px 0 25px 0; text-align:center;\">\n<script async src=\"https:\/\/pagead2.googlesyndication.com\/pagead\/js\/adsbygoogle.js\"><\/script>\r\n<!-- Arquimaster (superior) -->\r\n<ins class=\"adsbygoogle\"\r\n     style=\"display:block\"\r\n     data-ad-client=\"ca-pub-6351072698456832\"\r\n     data-ad-slot=\"6455489680\"\r\n     data-ad-format=\"auto\"\r\n     data-full-width-responsive=\"true\"><\/ins>\r\n<script>\r\n     (adsbygoogle = window.adsbygoogle || []).push({});\r\n<\/script>\n<\/div>\n<p><em><strong>La compa\u00f1\u00eda estar\u00e1 presente en la primera edici\u00f3n de la exposici\u00f3n en la que se dar\u00e1 rienda suelta a la imaginaci\u00f3n y en donde destacados dise\u00f1adores formular\u00e1n su visi\u00f3n acerca de las \u00faltimas tendencias internacionales. La muestra organizada por el Estudio MODO CASA, tendr\u00e1 lugar en una antigua Casona de Palermo Viejo ubicada en Thames 1305 y podr\u00e1 visitarse del 15 al 24 de noviembre.<\/strong><\/em><\/p>\n<div id='gallery-1' class='gallery galleryid-96 gallery-columns-3 gallery-size-thumbnail'><figure class='gallery-item'>\n\t\t\t<div class='gallery-icon landscape'>\n\t\t\t\t<a href='https:\/\/www.arquimaster.com.ar\/web\/wp-content\/uploads\/2013\/12\/masisa_inspira1.jpg' title=\"Masisa y el dise\u00f1o de interiores en Inspira 2013\" data-rl_title=\"Masisa y el dise\u00f1o de interiores en Inspira 2013\" class=\"rl-gallery-link\" data-rl_caption=\"Masisa y el dise\u00f1o de interiores en Inspira 2013\" data-rel=\"lightbox-gallery-1\"><img loading=\"lazy\" decoding=\"async\" width=\"150\" height=\"150\" src=\"https:\/\/www.arquimaster.com.ar\/web\/wp-content\/uploads\/2013\/12\/masisa_inspira1-150x150.jpg\" class=\"attachment-thumbnail size-thumbnail\" alt=\"\" aria-describedby=\"gallery-1-102\" srcset=\"https:\/\/www.arquimaster.com.ar\/web\/wp-content\/uploads\/2013\/12\/masisa_inspira1-150x150.jpg 150w, https:\/\/www.arquimaster.com.ar\/web\/wp-content\/uploads\/2013\/12\/masisa_inspira1-50x50.jpg 50w, https:\/\/www.arquimaster.com.ar\/web\/wp-content\/uploads\/2013\/12\/masisa_inspira1-125x125.jpg 125w\" sizes=\"auto, (max-width: 150px) 100vw, 150px\" \/><\/a>\n\t\t\t<\/div>\n\t\t\t\t<figcaption class='wp-caption-text gallery-caption' id='gallery-1-102'>\n\t\t\t\tMasisa y el dise\u00f1o de interiores en Inspira 2013\n\t\t\t\t<\/figcaption><\/figure><figure class='gallery-item'>\n\t\t\t<div class='gallery-icon portrait'>\n\t\t\t\t<a href='https:\/\/www.arquimaster.com.ar\/web\/wp-content\/uploads\/2013\/12\/masisa_inspira2.jpg' title=\"Masisa y el dise\u00f1o de interiores en Inspira 2013\" data-rl_title=\"Masisa y el dise\u00f1o de interiores en Inspira 2013\" class=\"rl-gallery-link\" data-rl_caption=\"Masisa y el dise\u00f1o de interiores en Inspira 2013\" data-rel=\"lightbox-gallery-1\"><img loading=\"lazy\" decoding=\"async\" width=\"150\" height=\"150\" src=\"https:\/\/www.arquimaster.com.ar\/web\/wp-content\/uploads\/2013\/12\/masisa_inspira2-150x150.jpg\" class=\"attachment-thumbnail size-thumbnail\" alt=\"\" aria-describedby=\"gallery-1-103\" srcset=\"https:\/\/www.arquimaster.com.ar\/web\/wp-content\/uploads\/2013\/12\/masisa_inspira2-150x150.jpg 150w, https:\/\/www.arquimaster.com.ar\/web\/wp-content\/uploads\/2013\/12\/masisa_inspira2-50x50.jpg 50w, https:\/\/www.arquimaster.com.ar\/web\/wp-content\/uploads\/2013\/12\/masisa_inspira2-125x125.jpg 125w\" sizes=\"auto, (max-width: 150px) 100vw, 150px\" \/><\/a>\n\t\t\t<\/div>\n\t\t\t\t<figcaption class='wp-caption-text gallery-caption' id='gallery-1-103'>\n\t\t\t\tMasisa y el dise\u00f1o de interiores en Inspira 2013\n\t\t\t\t<\/figcaption><\/figure><figure class='gallery-item'>\n\t\t\t<div class='gallery-icon landscape'>\n\t\t\t\t<a href='https:\/\/www.arquimaster.com.ar\/web\/wp-content\/uploads\/2013\/12\/masisa_inspira6.jpg' title=\"Masisa y el dise\u00f1o de interiores en Inspira 2013\" data-rl_title=\"Masisa y el dise\u00f1o de interiores en Inspira 2013\" class=\"rl-gallery-link\" data-rl_caption=\"Masisa y el dise\u00f1o de interiores en Inspira 2013\" data-rel=\"lightbox-gallery-1\"><img loading=\"lazy\" decoding=\"async\" width=\"150\" height=\"150\" src=\"https:\/\/www.arquimaster.com.ar\/web\/wp-content\/uploads\/2013\/12\/masisa_inspira6-150x150.jpg\" class=\"attachment-thumbnail size-thumbnail\" alt=\"\" aria-describedby=\"gallery-1-107\" srcset=\"https:\/\/www.arquimaster.com.ar\/web\/wp-content\/uploads\/2013\/12\/masisa_inspira6-150x150.jpg 150w, https:\/\/www.arquimaster.com.ar\/web\/wp-content\/uploads\/2013\/12\/masisa_inspira6-50x50.jpg 50w, https:\/\/www.arquimaster.com.ar\/web\/wp-content\/uploads\/2013\/12\/masisa_inspira6-125x125.jpg 125w\" sizes=\"auto, (max-width: 150px) 100vw, 150px\" \/><\/a>\n\t\t\t<\/div>\n\t\t\t\t<figcaption class='wp-caption-text gallery-caption' id='gallery-1-107'>\n\t\t\t\tMasisa y el dise\u00f1o de interiores en Inspira 2013\n\t\t\t\t<\/figcaption><\/figure><figure class='gallery-item'>\n\t\t\t<div class='gallery-icon portrait'>\n\t\t\t\t<a href='https:\/\/www.arquimaster.com.ar\/web\/wp-content\/uploads\/2013\/12\/masisa_inspira7.jpg' title=\"Masisa y el dise\u00f1o de interiores en Inspira 2013\" data-rl_title=\"Masisa y el dise\u00f1o de interiores en Inspira 2013\" class=\"rl-gallery-link\" data-rl_caption=\"Masisa y el dise\u00f1o de interiores en Inspira 2013\" data-rel=\"lightbox-gallery-1\"><img loading=\"lazy\" decoding=\"async\" width=\"150\" height=\"150\" src=\"https:\/\/www.arquimaster.com.ar\/web\/wp-content\/uploads\/2013\/12\/masisa_inspira7-150x150.jpg\" class=\"attachment-thumbnail size-thumbnail\" alt=\"\" aria-describedby=\"gallery-1-108\" srcset=\"https:\/\/www.arquimaster.com.ar\/web\/wp-content\/uploads\/2013\/12\/masisa_inspira7-150x150.jpg 150w, https:\/\/www.arquimaster.com.ar\/web\/wp-content\/uploads\/2013\/12\/masisa_inspira7-50x50.jpg 50w, https:\/\/www.arquimaster.com.ar\/web\/wp-content\/uploads\/2013\/12\/masisa_inspira7-125x125.jpg 125w\" sizes=\"auto, (max-width: 150px) 100vw, 150px\" \/><\/a>\n\t\t\t<\/div>\n\t\t\t\t<figcaption class='wp-caption-text gallery-caption' id='gallery-1-108'>\n\t\t\t\tMasisa y el dise\u00f1o de interiores en Inspira 2013\n\t\t\t\t<\/figcaption><\/figure><figure class='gallery-item'>\n\t\t\t<div class='gallery-icon landscape'>\n\t\t\t\t<a href='https:\/\/www.arquimaster.com.ar\/web\/wp-content\/uploads\/2013\/12\/masisa_inspira3.jpg' title=\"Masisa y el dise\u00f1o de interiores en Inspira 2013\" data-rl_title=\"Masisa y el dise\u00f1o de interiores en Inspira 2013\" class=\"rl-gallery-link\" data-rl_caption=\"Masisa y el dise\u00f1o de interiores en Inspira 2013\" data-rel=\"lightbox-gallery-1\"><img loading=\"lazy\" decoding=\"async\" width=\"150\" height=\"150\" src=\"https:\/\/www.arquimaster.com.ar\/web\/wp-content\/uploads\/2013\/12\/masisa_inspira3-150x150.jpg\" class=\"attachment-thumbnail size-thumbnail\" alt=\"\" aria-describedby=\"gallery-1-104\" srcset=\"https:\/\/www.arquimaster.com.ar\/web\/wp-content\/uploads\/2013\/12\/masisa_inspira3-150x150.jpg 150w, https:\/\/www.arquimaster.com.ar\/web\/wp-content\/uploads\/2013\/12\/masisa_inspira3-50x50.jpg 50w, https:\/\/www.arquimaster.com.ar\/web\/wp-content\/uploads\/2013\/12\/masisa_inspira3-125x125.jpg 125w\" sizes=\"auto, (max-width: 150px) 100vw, 150px\" \/><\/a>\n\t\t\t<\/div>\n\t\t\t\t<figcaption class='wp-caption-text gallery-caption' id='gallery-1-104'>\n\t\t\t\tMasisa y el dise\u00f1o de interiores en Inspira 2013\n\t\t\t\t<\/figcaption><\/figure><figure class='gallery-item'>\n\t\t\t<div class='gallery-icon portrait'>\n\t\t\t\t<a href='https:\/\/www.arquimaster.com.ar\/web\/wp-content\/uploads\/2013\/12\/masisa_inspira4.jpg' title=\"Masisa y el dise\u00f1o de interiores en Inspira 2013\" data-rl_title=\"Masisa y el dise\u00f1o de interiores en Inspira 2013\" class=\"rl-gallery-link\" data-rl_caption=\"Masisa y el dise\u00f1o de interiores en Inspira 2013\" data-rel=\"lightbox-gallery-1\"><img loading=\"lazy\" decoding=\"async\" width=\"150\" height=\"150\" src=\"https:\/\/www.arquimaster.com.ar\/web\/wp-content\/uploads\/2013\/12\/masisa_inspira4-150x150.jpg\" class=\"attachment-thumbnail size-thumbnail\" alt=\"\" aria-describedby=\"gallery-1-105\" srcset=\"https:\/\/www.arquimaster.com.ar\/web\/wp-content\/uploads\/2013\/12\/masisa_inspira4-150x150.jpg 150w, https:\/\/www.arquimaster.com.ar\/web\/wp-content\/uploads\/2013\/12\/masisa_inspira4-50x50.jpg 50w, https:\/\/www.arquimaster.com.ar\/web\/wp-content\/uploads\/2013\/12\/masisa_inspira4-125x125.jpg 125w\" sizes=\"auto, (max-width: 150px) 100vw, 150px\" \/><\/a>\n\t\t\t<\/div>\n\t\t\t\t<figcaption class='wp-caption-text gallery-caption' id='gallery-1-105'>\n\t\t\t\tMasisa y el dise\u00f1o de interiores en Inspira 2013\n\t\t\t\t<\/figcaption><\/figure><figure class='gallery-item'>\n\t\t\t<div class='gallery-icon portrait'>\n\t\t\t\t<a href='https:\/\/www.arquimaster.com.ar\/web\/wp-content\/uploads\/2013\/12\/masisa_inspira5.jpg' title=\"Masisa y el dise\u00f1o de interiores en Inspira 2013\" data-rl_title=\"Masisa y el dise\u00f1o de interiores en Inspira 2013\" class=\"rl-gallery-link\" data-rl_caption=\"Masisa y el dise\u00f1o de interiores en Inspira 2013\" data-rel=\"lightbox-gallery-1\"><img loading=\"lazy\" decoding=\"async\" width=\"150\" height=\"150\" src=\"https:\/\/www.arquimaster.com.ar\/web\/wp-content\/uploads\/2013\/12\/masisa_inspira5-150x150.jpg\" class=\"attachment-thumbnail size-thumbnail\" alt=\"\" aria-describedby=\"gallery-1-106\" srcset=\"https:\/\/www.arquimaster.com.ar\/web\/wp-content\/uploads\/2013\/12\/masisa_inspira5-150x150.jpg 150w, https:\/\/www.arquimaster.com.ar\/web\/wp-content\/uploads\/2013\/12\/masisa_inspira5-50x50.jpg 50w, https:\/\/www.arquimaster.com.ar\/web\/wp-content\/uploads\/2013\/12\/masisa_inspira5-125x125.jpg 125w\" sizes=\"auto, (max-width: 150px) 100vw, 150px\" \/><\/a>\n\t\t\t<\/div>\n\t\t\t\t<figcaption class='wp-caption-text gallery-caption' id='gallery-1-106'>\n\t\t\t\tMasisa y el dise\u00f1o de interiores en Inspira 2013\n\t\t\t\t<\/figcaption><\/figure><figure class='gallery-item'>\n\t\t\t<div class='gallery-icon landscape'>\n\t\t\t\t<a href='https:\/\/www.arquimaster.com.ar\/web\/wp-content\/uploads\/2013\/12\/masisa_inspira11.jpg' title=\"Masisa y el dise\u00f1o de interiores en Inspira 2013\" data-rl_title=\"Masisa y el dise\u00f1o de interiores en Inspira 2013\" class=\"rl-gallery-link\" data-rl_caption=\"Masisa y el dise\u00f1o de interiores en Inspira 2013\" data-rel=\"lightbox-gallery-1\"><img loading=\"lazy\" decoding=\"async\" width=\"150\" height=\"150\" src=\"https:\/\/www.arquimaster.com.ar\/web\/wp-content\/uploads\/2013\/12\/masisa_inspira11-150x150.jpg\" class=\"attachment-thumbnail size-thumbnail\" alt=\"\" aria-describedby=\"gallery-1-98\" srcset=\"https:\/\/www.arquimaster.com.ar\/web\/wp-content\/uploads\/2013\/12\/masisa_inspira11-150x150.jpg 150w, https:\/\/www.arquimaster.com.ar\/web\/wp-content\/uploads\/2013\/12\/masisa_inspira11-50x50.jpg 50w, https:\/\/www.arquimaster.com.ar\/web\/wp-content\/uploads\/2013\/12\/masisa_inspira11-125x125.jpg 125w\" sizes=\"auto, (max-width: 150px) 100vw, 150px\" \/><\/a>\n\t\t\t<\/div>\n\t\t\t\t<figcaption class='wp-caption-text gallery-caption' id='gallery-1-98'>\n\t\t\t\tMasisa y el dise\u00f1o de interiores en Inspira 2013\n\t\t\t\t<\/figcaption><\/figure><figure class='gallery-item'>\n\t\t\t<div class='gallery-icon portrait'>\n\t\t\t\t<a href='https:\/\/www.arquimaster.com.ar\/web\/wp-content\/uploads\/2013\/12\/masisa_inspira12.jpg' title=\"Masisa y el dise\u00f1o de interiores en Inspira 2013\" data-rl_title=\"Masisa y el dise\u00f1o de interiores en Inspira 2013\" class=\"rl-gallery-link\" data-rl_caption=\"Masisa y el dise\u00f1o de interiores en Inspira 2013\" data-rel=\"lightbox-gallery-1\"><img loading=\"lazy\" decoding=\"async\" width=\"150\" height=\"150\" src=\"https:\/\/www.arquimaster.com.ar\/web\/wp-content\/uploads\/2013\/12\/masisa_inspira12-150x150.jpg\" class=\"attachment-thumbnail size-thumbnail\" alt=\"\" aria-describedby=\"gallery-1-99\" srcset=\"https:\/\/www.arquimaster.com.ar\/web\/wp-content\/uploads\/2013\/12\/masisa_inspira12-150x150.jpg 150w, https:\/\/www.arquimaster.com.ar\/web\/wp-content\/uploads\/2013\/12\/masisa_inspira12-50x50.jpg 50w, https:\/\/www.arquimaster.com.ar\/web\/wp-content\/uploads\/2013\/12\/masisa_inspira12-125x125.jpg 125w\" sizes=\"auto, (max-width: 150px) 100vw, 150px\" \/><\/a>\n\t\t\t<\/div>\n\t\t\t\t<figcaption class='wp-caption-text gallery-caption' id='gallery-1-99'>\n\t\t\t\tMasisa y el dise\u00f1o de interiores en Inspira 2013\n\t\t\t\t<\/figcaption><\/figure><figure class='gallery-item'>\n\t\t\t<div class='gallery-icon portrait'>\n\t\t\t\t<a href='https:\/\/www.arquimaster.com.ar\/web\/wp-content\/uploads\/2013\/12\/masisa_inspira8.jpg' title=\"Masisa y el dise\u00f1o de interiores en Inspira 2013\" data-rl_title=\"Masisa y el dise\u00f1o de interiores en Inspira 2013\" class=\"rl-gallery-link\" data-rl_caption=\"Masisa y el dise\u00f1o de interiores en Inspira 2013\" data-rel=\"lightbox-gallery-1\"><img loading=\"lazy\" decoding=\"async\" width=\"150\" height=\"150\" src=\"https:\/\/www.arquimaster.com.ar\/web\/wp-content\/uploads\/2013\/12\/masisa_inspira8-150x150.jpg\" class=\"attachment-thumbnail size-thumbnail\" alt=\"\" aria-describedby=\"gallery-1-109\" srcset=\"https:\/\/www.arquimaster.com.ar\/web\/wp-content\/uploads\/2013\/12\/masisa_inspira8-150x150.jpg 150w, https:\/\/www.arquimaster.com.ar\/web\/wp-content\/uploads\/2013\/12\/masisa_inspira8-50x50.jpg 50w, https:\/\/www.arquimaster.com.ar\/web\/wp-content\/uploads\/2013\/12\/masisa_inspira8-125x125.jpg 125w\" sizes=\"auto, (max-width: 150px) 100vw, 150px\" \/><\/a>\n\t\t\t<\/div>\n\t\t\t\t<figcaption class='wp-caption-text gallery-caption' id='gallery-1-109'>\n\t\t\t\tMasisa y el dise\u00f1o de interiores en Inspira 2013\n\t\t\t\t<\/figcaption><\/figure><figure class='gallery-item'>\n\t\t\t<div class='gallery-icon portrait'>\n\t\t\t\t<a href='https:\/\/www.arquimaster.com.ar\/web\/wp-content\/uploads\/2013\/12\/masisa_inspira9.jpg' title=\"Masisa y el dise\u00f1o de interiores en Inspira 2013\" data-rl_title=\"Masisa y el dise\u00f1o de interiores en Inspira 2013\" class=\"rl-gallery-link\" data-rl_caption=\"Masisa y el dise\u00f1o de interiores en Inspira 2013\" data-rel=\"lightbox-gallery-1\"><img loading=\"lazy\" decoding=\"async\" width=\"150\" height=\"150\" src=\"https:\/\/www.arquimaster.com.ar\/web\/wp-content\/uploads\/2013\/12\/masisa_inspira9-150x150.jpg\" class=\"attachment-thumbnail size-thumbnail\" alt=\"\" aria-describedby=\"gallery-1-110\" srcset=\"https:\/\/www.arquimaster.com.ar\/web\/wp-content\/uploads\/2013\/12\/masisa_inspira9-150x150.jpg 150w, https:\/\/www.arquimaster.com.ar\/web\/wp-content\/uploads\/2013\/12\/masisa_inspira9-50x50.jpg 50w, https:\/\/www.arquimaster.com.ar\/web\/wp-content\/uploads\/2013\/12\/masisa_inspira9-125x125.jpg 125w\" sizes=\"auto, (max-width: 150px) 100vw, 150px\" \/><\/a>\n\t\t\t<\/div>\n\t\t\t\t<figcaption class='wp-caption-text gallery-caption' id='gallery-1-110'>\n\t\t\t\tMasisa y el dise\u00f1o de interiores en Inspira 2013\n\t\t\t\t<\/figcaption><\/figure><figure class='gallery-item'>\n\t\t\t<div class='gallery-icon portrait'>\n\t\t\t\t<a href='https:\/\/www.arquimaster.com.ar\/web\/wp-content\/uploads\/2013\/12\/masisa_inspira10.jpg' title=\"Masisa y el dise\u00f1o de interiores en Inspira 2013\" data-rl_title=\"Masisa y el dise\u00f1o de interiores en Inspira 2013\" class=\"rl-gallery-link\" data-rl_caption=\"Masisa y el dise\u00f1o de interiores en Inspira 2013\" data-rel=\"lightbox-gallery-1\"><img loading=\"lazy\" decoding=\"async\" width=\"150\" height=\"150\" src=\"https:\/\/www.arquimaster.com.ar\/web\/wp-content\/uploads\/2013\/12\/masisa_inspira10-150x150.jpg\" class=\"attachment-thumbnail size-thumbnail\" alt=\"\" aria-describedby=\"gallery-1-111\" srcset=\"https:\/\/www.arquimaster.com.ar\/web\/wp-content\/uploads\/2013\/12\/masisa_inspira10-150x150.jpg 150w, https:\/\/www.arquimaster.com.ar\/web\/wp-content\/uploads\/2013\/12\/masisa_inspira10-50x50.jpg 50w, https:\/\/www.arquimaster.com.ar\/web\/wp-content\/uploads\/2013\/12\/masisa_inspira10-125x125.jpg 125w\" sizes=\"auto, (max-width: 150px) 100vw, 150px\" \/><\/a>\n\t\t\t<\/div>\n\t\t\t\t<figcaption class='wp-caption-text gallery-caption' id='gallery-1-111'>\n\t\t\t\tMasisa y el dise\u00f1o de interiores en Inspira 2013\n\t\t\t\t<\/figcaption><\/figure><figure class='gallery-item'>\n\t\t\t<div class='gallery-icon landscape'>\n\t\t\t\t<a href='https:\/\/www.arquimaster.com.ar\/web\/wp-content\/uploads\/2013\/12\/masisa_inspira14.jpg' title=\"Masisa y el dise\u00f1o de interiores en Inspira 2013\" data-rl_title=\"Masisa y el dise\u00f1o de interiores en Inspira 2013\" class=\"rl-gallery-link\" data-rl_caption=\"Masisa y el dise\u00f1o de interiores en Inspira 2013\" data-rel=\"lightbox-gallery-1\"><img loading=\"lazy\" decoding=\"async\" width=\"150\" height=\"150\" src=\"https:\/\/www.arquimaster.com.ar\/web\/wp-content\/uploads\/2013\/12\/masisa_inspira14-150x150.jpg\" class=\"attachment-thumbnail size-thumbnail\" alt=\"\" aria-describedby=\"gallery-1-101\" srcset=\"https:\/\/www.arquimaster.com.ar\/web\/wp-content\/uploads\/2013\/12\/masisa_inspira14-150x150.jpg 150w, https:\/\/www.arquimaster.com.ar\/web\/wp-content\/uploads\/2013\/12\/masisa_inspira14-50x50.jpg 50w, https:\/\/www.arquimaster.com.ar\/web\/wp-content\/uploads\/2013\/12\/masisa_inspira14-125x125.jpg 125w\" sizes=\"auto, (max-width: 150px) 100vw, 150px\" \/><\/a>\n\t\t\t<\/div>\n\t\t\t\t<figcaption class='wp-caption-text gallery-caption' id='gallery-1-101'>\n\t\t\t\tMasisa y el dise\u00f1o de interiores en Inspira 2013\n\t\t\t\t<\/figcaption><\/figure><figure class='gallery-item'>\n\t\t\t<div class='gallery-icon landscape'>\n\t\t\t\t<a href='https:\/\/www.arquimaster.com.ar\/web\/wp-content\/uploads\/2013\/12\/masisa_inspira13.jpg' title=\"Masisa y el dise\u00f1o de interiores en Inspira 2013\" data-rl_title=\"Masisa y el dise\u00f1o de interiores en Inspira 2013\" class=\"rl-gallery-link\" data-rl_caption=\"Masisa y el dise\u00f1o de interiores en Inspira 2013\" data-rel=\"lightbox-gallery-1\"><img loading=\"lazy\" decoding=\"async\" width=\"150\" height=\"150\" src=\"https:\/\/www.arquimaster.com.ar\/web\/wp-content\/uploads\/2013\/12\/masisa_inspira13-150x150.jpg\" class=\"attachment-thumbnail size-thumbnail\" alt=\"\" aria-describedby=\"gallery-1-100\" srcset=\"https:\/\/www.arquimaster.com.ar\/web\/wp-content\/uploads\/2013\/12\/masisa_inspira13-150x150.jpg 150w, https:\/\/www.arquimaster.com.ar\/web\/wp-content\/uploads\/2013\/12\/masisa_inspira13-50x50.jpg 50w, https:\/\/www.arquimaster.com.ar\/web\/wp-content\/uploads\/2013\/12\/masisa_inspira13-125x125.jpg 125w\" sizes=\"auto, (max-width: 150px) 100vw, 150px\" \/><\/a>\n\t\t\t<\/div>\n\t\t\t\t<figcaption class='wp-caption-text gallery-caption' id='gallery-1-100'>\n\t\t\t\tMasisa y el dise\u00f1o de interiores en Inspira 2013\n\t\t\t\t<\/figcaption><\/figure>\n\t\t<\/div>\n\n<p><strong>Masisa Argentina<\/strong>, empresa l\u00edder en la producci\u00f3n de tableros de madera para muebles y arquitectura de interiores, estar\u00e1 presente en la primera edici\u00f3n de la exposici\u00f3n<strong> Inspira 2013<\/strong>, iniciativa organizada por el <strong>estudio MODO CASA<\/strong>.<\/p>\n<p>Reconocidos dise\u00f1adores ser\u00e1n los responsables de crear el alma de la antigua casona de Palermo Viejo en donde se realizar\u00e1 la muestra. En ese marco los profesionales intervendr\u00e1n las \u00faltimas propuestas en tableros melam\u00ednicos presentados por Masisa creando ambientaciones con las tendencias en dise\u00f1o y decoraci\u00f3n de la temporada 2013\/2014.<\/p>\n<p>Los visitantes podr\u00e1n encontrar atractivas propuestas materializadas a partir de la aplicaci\u00f3n de las novedosas soluciones presentadas por Masisa. La calidez de la veta de la madera reflejada a trav\u00e9s de los dise\u00f1os texturados de la <strong>L\u00ednea Premium Touch<\/strong> ser\u00e1n protagonistas de los espacios de la muestra a trav\u00e9s de propuestas exclusivas.<\/p>\n<p>En esta oportunidad los profesionales eligieron los dise\u00f1os <strong>Teca Italia Touch<\/strong>, una madera marr\u00f3n con vetas en tono gris, <strong>Kenia Touch<\/strong>, una melamina de madera negra con vetas claras, y <strong>Toledo Touch<\/strong>, una madera marr\u00f3n oscura con vetas y marcas de sierra que le otorgan mayor realismo.<\/p>\n<p>Los rincones de la muestra fueron pensados para vivir inspirados en las vanguardias mundiales, sin dejar de lado la impronta local, su propia idiosincrasia e identidad, bajo las premisas de la tendencia actual, los distintos estilos de vida y el dise\u00f1o como eje unificador presente en todos los \u00e1mbitos de la vida cotidiana.<\/p>\n<p>Con la convicci\u00f3n de que el dise\u00f1o argentino se distingue en el mundo y con la certeza de que tiene un inmenso aporte por hacer, Masisa acompa\u00f1a nuevamente a los profesionales del sector. Los visitantes podr\u00e1n encontrar en la muestra diversas ideas para aplicar de una manera innovadora las \u00faltimas soluciones de la empresa l\u00edder en la producci\u00f3n de tableros de madera para muebles y arquitectura de interiores.<\/p>\n<p><strong>Sobre Masisa<\/strong><br \/>\nMasisa Argentina, con m\u00e1s de 20 a\u00f1os en el pa\u00eds, es la compa\u00f1\u00eda l\u00edder del mercado en dise\u00f1os melam\u00ednicos. Posee una planta industrial en la ciudad de concordia donde produce tableros de MDF, Aglomerado, Melaminas y Molduras. Todos los productos de Fibrof\u00e1cil de la compa\u00f1\u00eda poseen certificaci\u00f3n E1, que garantiza la baja emisi\u00f3n de formaldeh\u00eddo, y el certificado SCS que garantiza el porcentaje de materia prima renovable en su producci\u00f3n. Adem\u00e1s, en l\u00ednea con su compromiso por llevar a cabo una gesti\u00f3n basada en el triple resultado ambiental, social y econ\u00f3mico, Masisa Argentina es miembro del Green Building Argentina, y todos sus productos suman puntos para obtener la certificaci\u00f3n Leed.<\/p>\n\n<div style=\"font-size: 0px; height: 0px; line-height: 0px; margin: 0; padding: 0; clear: both;\"><\/div><div style=\"margin-top: 0px; margin-bottom: 0px;\" class=\"sharethis-inline-share-buttons\" ><\/div>","protected":false},"excerpt":{"rendered":"<p>Propuestas en tableros melam\u00ednicos creando ambientaciones con las tendencias en dise\u00f1o&#8230;<\/p>\n","protected":false},"author":1,"featured_media":97,"comment_status":"closed","ping_status":"closed","sticky":false,"template":"","format":"standard","meta":{"_uag_custom_page_level_css":"","footnotes":""},"categories":[55,56],"tags":[37,38,57,58,59],"class_list":["post-96","post","type-post","status-publish","format-standard","has-post-thumbnail","hentry","category-diseno","category-diseno-interior-decoracion","tag-decoracion","tag-diseno-interior","tag-inspira-2013","tag-masisa","tag-melamina","generate-columns","tablet-grid-50","mobile-grid-100","grid-parent","grid-50"],"yoast_head":"<!-- This site is optimized with the Yoast SEO plugin v27.3 - https:\/\/yoast.com\/product\/yoast-seo-wordpress\/ -->\n<title>Masisa y el dise\u00f1o de interiores en Inspira 2013 - Arquimaster<\/title>\n<meta name=\"robots\" content=\"index, follow, max-snippet:-1, max-image-preview:large, max-video-preview:-1\" \/>\n<link rel=\"canonical\" href=\"https:\/\/www.arquimaster.com.ar\/web\/masisa-y-el-diseno-de-interiores-en-inspira-2013\/\" \/>\n<meta property=\"og:locale\" content=\"es_ES\" \/>\n<meta property=\"og:type\" content=\"article\" \/>\n<meta property=\"og:title\" content=\"Masisa y el dise\u00f1o de interiores en Inspira 2013 - Arquimaster\" \/>\n<meta property=\"og:description\" content=\"Propuestas en tableros melam\u00ednicos creando ambientaciones con las tendencias en dise\u00f1o...\" \/>\n<meta property=\"og:url\" content=\"https:\/\/www.arquimaster.com.ar\/web\/masisa-y-el-diseno-de-interiores-en-inspira-2013\/\" \/>\n<meta property=\"og:site_name\" content=\"Arquimaster\" \/>\n<meta property=\"article:publisher\" content=\"http:\/\/www.facebook.com\/ARQUIMASTER.com.ar\" \/>\n<meta property=\"article:published_time\" content=\"2013-11-21T18:03:01+00:00\" \/>\n<meta property=\"article:modified_time\" content=\"2026-03-29T21:31:25+00:00\" \/>\n<meta property=\"og:image\" content=\"https:\/\/www.arquimaster.com.ar\/web\/wp-content\/uploads\/2013\/12\/masisa_inspira_slide.jpg\" \/>\n\t<meta property=\"og:image:width\" content=\"642\" \/>\n\t<meta property=\"og:image:height\" content=\"336\" \/>\n\t<meta property=\"og:image:type\" content=\"image\/jpeg\" \/>\n<meta name=\"author\" content=\"Arquimaster\" \/>\n<meta name=\"twitter:card\" content=\"summary_large_image\" \/>\n<meta name=\"twitter:creator\" content=\"@arquimaster\" \/>\n<meta name=\"twitter:site\" content=\"@arquimaster\" \/>\n<meta name=\"twitter:label1\" content=\"Escrito por\" \/>\n\t<meta name=\"twitter:data1\" content=\"Arquimaster\" \/>\n\t<meta name=\"twitter:label2\" content=\"Tiempo de lectura\" \/>\n\t<meta name=\"twitter:data2\" content=\"3 minutos\" \/>\n<script type=\"application\/ld+json\" class=\"yoast-schema-graph\">{\"@context\":\"https:\\\/\\\/schema.org\",\"@graph\":[{\"@type\":\"Article\",\"@id\":\"https:\\\/\\\/www.arquimaster.com.ar\\\/web\\\/masisa-y-el-diseno-de-interiores-en-inspira-2013\\\/#article\",\"isPartOf\":{\"@id\":\"https:\\\/\\\/www.arquimaster.com.ar\\\/web\\\/masisa-y-el-diseno-de-interiores-en-inspira-2013\\\/\"},\"author\":{\"name\":\"Arquimaster\",\"@id\":\"https:\\\/\\\/www.arquimaster.com.ar\\\/web\\\/#\\\/schema\\\/person\\\/359e9f7c00193fcde068e0dd2ceb0028\"},\"headline\":\"Masisa y el dise\u00f1o de interiores en Inspira 2013\",\"datePublished\":\"2013-11-21T18:03:01+00:00\",\"dateModified\":\"2026-03-29T21:31:25+00:00\",\"mainEntityOfPage\":{\"@id\":\"https:\\\/\\\/www.arquimaster.com.ar\\\/web\\\/masisa-y-el-diseno-de-interiores-en-inspira-2013\\\/\"},\"wordCount\":541,\"publisher\":{\"@id\":\"https:\\\/\\\/www.arquimaster.com.ar\\\/web\\\/#organization\"},\"image\":{\"@id\":\"https:\\\/\\\/www.arquimaster.com.ar\\\/web\\\/masisa-y-el-diseno-de-interiores-en-inspira-2013\\\/#primaryimage\"},\"thumbnailUrl\":\"https:\\\/\\\/www.arquimaster.com.ar\\\/web\\\/wp-content\\\/uploads\\\/2013\\\/12\\\/masisa_inspira_slide.jpg\",\"keywords\":[\"decoracion\",\"dise\u00f1o interior\",\"Inspira 2013\",\"Masisa\",\"melamina\"],\"articleSection\":[\"Dise\u00f1o\",\"Dise\u00f1o interior y decoracion\"],\"inLanguage\":\"es\"},{\"@type\":\"WebPage\",\"@id\":\"https:\\\/\\\/www.arquimaster.com.ar\\\/web\\\/masisa-y-el-diseno-de-interiores-en-inspira-2013\\\/\",\"url\":\"https:\\\/\\\/www.arquimaster.com.ar\\\/web\\\/masisa-y-el-diseno-de-interiores-en-inspira-2013\\\/\",\"name\":\"Masisa y el dise\u00f1o de interiores en Inspira 2013 - Arquimaster\",\"isPartOf\":{\"@id\":\"https:\\\/\\\/www.arquimaster.com.ar\\\/web\\\/#website\"},\"primaryImageOfPage\":{\"@id\":\"https:\\\/\\\/www.arquimaster.com.ar\\\/web\\\/masisa-y-el-diseno-de-interiores-en-inspira-2013\\\/#primaryimage\"},\"image\":{\"@id\":\"https:\\\/\\\/www.arquimaster.com.ar\\\/web\\\/masisa-y-el-diseno-de-interiores-en-inspira-2013\\\/#primaryimage\"},\"thumbnailUrl\":\"https:\\\/\\\/www.arquimaster.com.ar\\\/web\\\/wp-content\\\/uploads\\\/2013\\\/12\\\/masisa_inspira_slide.jpg\",\"datePublished\":\"2013-11-21T18:03:01+00:00\",\"dateModified\":\"2026-03-29T21:31:25+00:00\",\"breadcrumb\":{\"@id\":\"https:\\\/\\\/www.arquimaster.com.ar\\\/web\\\/masisa-y-el-diseno-de-interiores-en-inspira-2013\\\/#breadcrumb\"},\"inLanguage\":\"es\",\"potentialAction\":[{\"@type\":\"ReadAction\",\"target\":[\"https:\\\/\\\/www.arquimaster.com.ar\\\/web\\\/masisa-y-el-diseno-de-interiores-en-inspira-2013\\\/\"]}]},{\"@type\":\"ImageObject\",\"inLanguage\":\"es\",\"@id\":\"https:\\\/\\\/www.arquimaster.com.ar\\\/web\\\/masisa-y-el-diseno-de-interiores-en-inspira-2013\\\/#primaryimage\",\"url\":\"https:\\\/\\\/www.arquimaster.com.ar\\\/web\\\/wp-content\\\/uploads\\\/2013\\\/12\\\/masisa_inspira_slide.jpg\",\"contentUrl\":\"https:\\\/\\\/www.arquimaster.com.ar\\\/web\\\/wp-content\\\/uploads\\\/2013\\\/12\\\/masisa_inspira_slide.jpg\",\"width\":642,\"height\":336},{\"@type\":\"BreadcrumbList\",\"@id\":\"https:\\\/\\\/www.arquimaster.com.ar\\\/web\\\/masisa-y-el-diseno-de-interiores-en-inspira-2013\\\/#breadcrumb\",\"itemListElement\":[{\"@type\":\"ListItem\",\"position\":1,\"name\":\"Portada\",\"item\":\"https:\\\/\\\/www.arquimaster.com.ar\\\/web\\\/\"},{\"@type\":\"ListItem\",\"position\":2,\"name\":\"Masisa y el dise\u00f1o de interiores en Inspira 2013\"}]},{\"@type\":\"WebSite\",\"@id\":\"https:\\\/\\\/www.arquimaster.com.ar\\\/web\\\/#website\",\"url\":\"https:\\\/\\\/www.arquimaster.com.ar\\\/web\\\/\",\"name\":\"Arquimaster\",\"description\":\"Web de arquitectura, dise\u00f1o y construccion\",\"publisher\":{\"@id\":\"https:\\\/\\\/www.arquimaster.com.ar\\\/web\\\/#organization\"},\"potentialAction\":[{\"@type\":\"SearchAction\",\"target\":{\"@type\":\"EntryPoint\",\"urlTemplate\":\"https:\\\/\\\/www.arquimaster.com.ar\\\/web\\\/?s={search_term_string}\"},\"query-input\":{\"@type\":\"PropertyValueSpecification\",\"valueRequired\":true,\"valueName\":\"search_term_string\"}}],\"inLanguage\":\"es\"},{\"@type\":\"Organization\",\"@id\":\"https:\\\/\\\/www.arquimaster.com.ar\\\/web\\\/#organization\",\"name\":\"Arquimaster\",\"url\":\"https:\\\/\\\/www.arquimaster.com.ar\\\/web\\\/\",\"logo\":{\"@type\":\"ImageObject\",\"inLanguage\":\"es\",\"@id\":\"https:\\\/\\\/www.arquimaster.com.ar\\\/web\\\/#\\\/schema\\\/logo\\\/image\\\/\",\"url\":\"https:\\\/\\\/www.arquimaster.com.ar\\\/web\\\/wp-content\\\/uploads\\\/2022\\\/06\\\/arquimaster.png\",\"contentUrl\":\"https:\\\/\\\/www.arquimaster.com.ar\\\/web\\\/wp-content\\\/uploads\\\/2022\\\/06\\\/arquimaster.png\",\"width\":594,\"height\":78,\"caption\":\"Arquimaster\"},\"image\":{\"@id\":\"https:\\\/\\\/www.arquimaster.com.ar\\\/web\\\/#\\\/schema\\\/logo\\\/image\\\/\"},\"sameAs\":[\"http:\\\/\\\/www.facebook.com\\\/ARQUIMASTER.com.ar\",\"https:\\\/\\\/x.com\\\/arquimaster\",\"https:\\\/\\\/www.instagram.com\\\/arquimasterblog\\\/\",\"https:\\\/\\\/www.linkedin.com\\\/company\\\/arquimaster\",\"https:\\\/\\\/www.pinterest.com\\\/arquimaster\",\"https:\\\/\\\/t.me\\\/arquimaster\"]},{\"@type\":\"Person\",\"@id\":\"https:\\\/\\\/www.arquimaster.com.ar\\\/web\\\/#\\\/schema\\\/person\\\/359e9f7c00193fcde068e0dd2ceb0028\",\"name\":\"Arquimaster\"}]}<\/script>\n<!-- \/ Yoast SEO plugin. -->","yoast_head_json":{"title":"Masisa y el dise\u00f1o de interiores en Inspira 2013 - Arquimaster","robots":{"index":"index","follow":"follow","max-snippet":"max-snippet:-1","max-image-preview":"max-image-preview:large","max-video-preview":"max-video-preview:-1"},"canonical":"https:\/\/www.arquimaster.com.ar\/web\/masisa-y-el-diseno-de-interiores-en-inspira-2013\/","og_locale":"es_ES","og_type":"article","og_title":"Masisa y el dise\u00f1o de interiores en Inspira 2013 - Arquimaster","og_description":"Propuestas en tableros melam\u00ednicos creando ambientaciones con las tendencias en dise\u00f1o...","og_url":"https:\/\/www.arquimaster.com.ar\/web\/masisa-y-el-diseno-de-interiores-en-inspira-2013\/","og_site_name":"Arquimaster","article_publisher":"http:\/\/www.facebook.com\/ARQUIMASTER.com.ar","article_published_time":"2013-11-21T18:03:01+00:00","article_modified_time":"2026-03-29T21:31:25+00:00","og_image":[{"width":642,"height":336,"url":"https:\/\/www.arquimaster.com.ar\/web\/wp-content\/uploads\/2013\/12\/masisa_inspira_slide.jpg","type":"image\/jpeg"}],"author":"Arquimaster","twitter_card":"summary_large_image","twitter_creator":"@arquimaster","twitter_site":"@arquimaster","twitter_misc":{"Escrito por":"Arquimaster","Tiempo de lectura":"3 minutos"},"schema":{"@context":"https:\/\/schema.org","@graph":[{"@type":"Article","@id":"https:\/\/www.arquimaster.com.ar\/web\/masisa-y-el-diseno-de-interiores-en-inspira-2013\/#article","isPartOf":{"@id":"https:\/\/www.arquimaster.com.ar\/web\/masisa-y-el-diseno-de-interiores-en-inspira-2013\/"},"author":{"name":"Arquimaster","@id":"https:\/\/www.arquimaster.com.ar\/web\/#\/schema\/person\/359e9f7c00193fcde068e0dd2ceb0028"},"headline":"Masisa y el dise\u00f1o de interiores en Inspira 2013","datePublished":"2013-11-21T18:03:01+00:00","dateModified":"2026-03-29T21:31:25+00:00","mainEntityOfPage":{"@id":"https:\/\/www.arquimaster.com.ar\/web\/masisa-y-el-diseno-de-interiores-en-inspira-2013\/"},"wordCount":541,"publisher":{"@id":"https:\/\/www.arquimaster.com.ar\/web\/#organization"},"image":{"@id":"https:\/\/www.arquimaster.com.ar\/web\/masisa-y-el-diseno-de-interiores-en-inspira-2013\/#primaryimage"},"thumbnailUrl":"https:\/\/www.arquimaster.com.ar\/web\/wp-content\/uploads\/2013\/12\/masisa_inspira_slide.jpg","keywords":["decoracion","dise\u00f1o interior","Inspira 2013","Masisa","melamina"],"articleSection":["Dise\u00f1o","Dise\u00f1o interior y decoracion"],"inLanguage":"es"},{"@type":"WebPage","@id":"https:\/\/www.arquimaster.com.ar\/web\/masisa-y-el-diseno-de-interiores-en-inspira-2013\/","url":"https:\/\/www.arquimaster.com.ar\/web\/masisa-y-el-diseno-de-interiores-en-inspira-2013\/","name":"Masisa y el dise\u00f1o de interiores en Inspira 2013 - Arquimaster","isPartOf":{"@id":"https:\/\/www.arquimaster.com.ar\/web\/#website"},"primaryImageOfPage":{"@id":"https:\/\/www.arquimaster.com.ar\/web\/masisa-y-el-diseno-de-interiores-en-inspira-2013\/#primaryimage"},"image":{"@id":"https:\/\/www.arquimaster.com.ar\/web\/masisa-y-el-diseno-de-interiores-en-inspira-2013\/#primaryimage"},"thumbnailUrl":"https:\/\/www.arquimaster.com.ar\/web\/wp-content\/uploads\/2013\/12\/masisa_inspira_slide.jpg","datePublished":"2013-11-21T18:03:01+00:00","dateModified":"2026-03-29T21:31:25+00:00","breadcrumb":{"@id":"https:\/\/www.arquimaster.com.ar\/web\/masisa-y-el-diseno-de-interiores-en-inspira-2013\/#breadcrumb"},"inLanguage":"es","potentialAction":[{"@type":"ReadAction","target":["https:\/\/www.arquimaster.com.ar\/web\/masisa-y-el-diseno-de-interiores-en-inspira-2013\/"]}]},{"@type":"ImageObject","inLanguage":"es","@id":"https:\/\/www.arquimaster.com.ar\/web\/masisa-y-el-diseno-de-interiores-en-inspira-2013\/#primaryimage","url":"https:\/\/www.arquimaster.com.ar\/web\/wp-content\/uploads\/2013\/12\/masisa_inspira_slide.jpg","contentUrl":"https:\/\/www.arquimaster.com.ar\/web\/wp-content\/uploads\/2013\/12\/masisa_inspira_slide.jpg","width":642,"height":336},{"@type":"BreadcrumbList","@id":"https:\/\/www.arquimaster.com.ar\/web\/masisa-y-el-diseno-de-interiores-en-inspira-2013\/#breadcrumb","itemListElement":[{"@type":"ListItem","position":1,"name":"Portada","item":"https:\/\/www.arquimaster.com.ar\/web\/"},{"@type":"ListItem","position":2,"name":"Masisa y el dise\u00f1o de interiores en Inspira 2013"}]},{"@type":"WebSite","@id":"https:\/\/www.arquimaster.com.ar\/web\/#website","url":"https:\/\/www.arquimaster.com.ar\/web\/","name":"Arquimaster","description":"Web de arquitectura, dise\u00f1o y construccion","publisher":{"@id":"https:\/\/www.arquimaster.com.ar\/web\/#organization"},"potentialAction":[{"@type":"SearchAction","target":{"@type":"EntryPoint","urlTemplate":"https:\/\/www.arquimaster.com.ar\/web\/?s={search_term_string}"},"query-input":{"@type":"PropertyValueSpecification","valueRequired":true,"valueName":"search_term_string"}}],"inLanguage":"es"},{"@type":"Organization","@id":"https:\/\/www.arquimaster.com.ar\/web\/#organization","name":"Arquimaster","url":"https:\/\/www.arquimaster.com.ar\/web\/","logo":{"@type":"ImageObject","inLanguage":"es","@id":"https:\/\/www.arquimaster.com.ar\/web\/#\/schema\/logo\/image\/","url":"https:\/\/www.arquimaster.com.ar\/web\/wp-content\/uploads\/2022\/06\/arquimaster.png","contentUrl":"https:\/\/www.arquimaster.com.ar\/web\/wp-content\/uploads\/2022\/06\/arquimaster.png","width":594,"height":78,"caption":"Arquimaster"},"image":{"@id":"https:\/\/www.arquimaster.com.ar\/web\/#\/schema\/logo\/image\/"},"sameAs":["http:\/\/www.facebook.com\/ARQUIMASTER.com.ar","https:\/\/x.com\/arquimaster","https:\/\/www.instagram.com\/arquimasterblog\/","https:\/\/www.linkedin.com\/company\/arquimaster","https:\/\/www.pinterest.com\/arquimaster","https:\/\/t.me\/arquimaster"]},{"@type":"Person","@id":"https:\/\/www.arquimaster.com.ar\/web\/#\/schema\/person\/359e9f7c00193fcde068e0dd2ceb0028","name":"Arquimaster"}]}},"uagb_featured_image_src":{"full":["https:\/\/www.arquimaster.com.ar\/web\/wp-content\/uploads\/2013\/12\/masisa_inspira_slide.jpg",642,336,false],"thumbnail":["https:\/\/www.arquimaster.com.ar\/web\/wp-content\/uploads\/2013\/12\/masisa_inspira_slide-150x150.jpg",150,150,true],"medium":["https:\/\/www.arquimaster.com.ar\/web\/wp-content\/uploads\/2013\/12\/masisa_inspira_slide-300x157.jpg",300,157,true],"medium_large":["https:\/\/www.arquimaster.com.ar\/web\/wp-content\/uploads\/2013\/12\/masisa_inspira_slide.jpg",642,336,false],"large":["https:\/\/www.arquimaster.com.ar\/web\/wp-content\/uploads\/2013\/12\/masisa_inspira_slide.jpg",642,336,false],"1536x1536":["https:\/\/www.arquimaster.com.ar\/web\/wp-content\/uploads\/2013\/12\/masisa_inspira_slide.jpg",642,336,false],"2048x2048":["https:\/\/www.arquimaster.com.ar\/web\/wp-content\/uploads\/2013\/12\/masisa_inspira_slide.jpg",642,336,false]},"uagb_author_info":{"display_name":"Arquimaster","author_link":"https:\/\/www.arquimaster.com.ar\/web\/author\/arquimaster\/"},"uagb_comment_info":0,"uagb_excerpt":"Propuestas en tableros melam\u00ednicos creando ambientaciones con las tendencias en dise\u00f1o...","_links":{"self":[{"href":"https:\/\/www.arquimaster.com.ar\/web\/wp-json\/wp\/v2\/posts\/96","targetHints":{"allow":["GET"]}}],"collection":[{"href":"https:\/\/www.arquimaster.com.ar\/web\/wp-json\/wp\/v2\/posts"}],"about":[{"href":"https:\/\/www.arquimaster.com.ar\/web\/wp-json\/wp\/v2\/types\/post"}],"author":[{"embeddable":true,"href":"https:\/\/www.arquimaster.com.ar\/web\/wp-json\/wp\/v2\/users\/1"}],"replies":[{"embeddable":true,"href":"https:\/\/www.arquimaster.com.ar\/web\/wp-json\/wp\/v2\/comments?post=96"}],"version-history":[{"count":1,"href":"https:\/\/www.arquimaster.com.ar\/web\/wp-json\/wp\/v2\/posts\/96\/revisions"}],"predecessor-version":[{"id":88186,"href":"https:\/\/www.arquimaster.com.ar\/web\/wp-json\/wp\/v2\/posts\/96\/revisions\/88186"}],"wp:featuredmedia":[{"embeddable":true,"href":"https:\/\/www.arquimaster.com.ar\/web\/wp-json\/wp\/v2\/media\/97"}],"wp:attachment":[{"href":"https:\/\/www.arquimaster.com.ar\/web\/wp-json\/wp\/v2\/media?parent=96"}],"wp:term":[{"taxonomy":"category","embeddable":true,"href":"https:\/\/www.arquimaster.com.ar\/web\/wp-json\/wp\/v2\/categories?post=96"},{"taxonomy":"post_tag","embeddable":true,"href":"https:\/\/www.arquimaster.com.ar\/web\/wp-json\/wp\/v2\/tags?post=96"}],"curies":[{"name":"wp","href":"https:\/\/api.w.org\/{rel}","templated":true}]}}