{"id":9646,"date":"2014-09-20T21:17:09","date_gmt":"2014-09-20T21:17:09","guid":{"rendered":"http:\/\/www.arquimaster.com.ar\/web\/?p=9646"},"modified":"2014-09-20T21:17:09","modified_gmt":"2014-09-20T21:17:09","slug":"puesta-en-valor-de-local-de-antiguedades-adriana-piastrellini-y-equipo","status":"publish","type":"post","link":"https:\/\/www.arquimaster.com.ar\/web\/puesta-en-valor-de-local-de-antiguedades-adriana-piastrellini-y-equipo\/","title":{"rendered":"Puesta en valor de Local de Antig\u00fcedades \/ Adriana Piastrellini y equipo"},"content":{"rendered":"<div style=\"margin-top: 0px; margin-bottom: 0px;\" class=\"sharethis-inline-share-buttons\" ><\/div><div class=\"b812932af2e751442846f039925109de\" data-index=\"1\" style=\"float: none; margin:25px 0 25px 0; text-align:center;\">\n<script async src=\"https:\/\/pagead2.googlesyndication.com\/pagead\/js\/adsbygoogle.js\"><\/script>\r\n<!-- Arquimaster (superior) -->\r\n<ins class=\"adsbygoogle\"\r\n     style=\"display:block\"\r\n     data-ad-client=\"ca-pub-6351072698456832\"\r\n     data-ad-slot=\"6455489680\"\r\n     data-ad-format=\"auto\"\r\n     data-full-width-responsive=\"true\"><\/ins>\r\n<script>\r\n     (adsbygoogle = window.adsbygoogle || []).push({});\r\n<\/script>\n<\/div>\n<p><strong>Refuncionalizacion y puesta en valor de Local de Antig\u00fcedades Art Deco y Nouveau<\/strong> (San Telmo, Ciudad de Buenos Aires) por <strong>Arq. Adriana Piastrellini<\/strong> y colaboradores: Arq. Javier Iturrioz, Arq. Karina Pacifico, Arq. Jorge Bagnuoli, Arq. Laura Guevara, Arq. Ingrid Kopak, Luciana Sacchi, Martin Fern\u00e1ndez. El proyecto fue presentado al Premio a la mejor intervenci\u00f3n en obras que involucren el patrimonio edificado 2014 en la categoria B1. Recuperaci\u00f3n y puesta en valor obras de hasta 1000 m2.<\/p>\n<div id='gallery-1' class='gallery galleryid-9646 gallery-columns-3 gallery-size-thumbnail'><figure class='gallery-item'>\n\t\t\t<div class='gallery-icon portrait'>\n\t\t\t\t<a href='https:\/\/www.arquimaster.com.ar\/web\/wp-content\/uploads\/2014\/09\/local_antiguedades1.jpg' title=\"Puesta en valor de Local de Antig\u00fcedades \/ Adriana Piastrellini y equipo\" data-rl_title=\"Puesta en valor de Local de Antig\u00fcedades \/ Adriana Piastrellini y equipo\" class=\"rl-gallery-link\" data-rl_caption=\"Puesta en valor de Local de Antig\u00fcedades \/ Adriana Piastrellini y equipo\" data-rel=\"lightbox-gallery-1\"><img loading=\"lazy\" decoding=\"async\" width=\"150\" height=\"150\" src=\"https:\/\/www.arquimaster.com.ar\/web\/wp-content\/uploads\/2014\/09\/local_antiguedades1-150x150.jpg\" class=\"attachment-thumbnail size-thumbnail\" alt=\"\" aria-describedby=\"gallery-1-9648\" srcset=\"https:\/\/www.arquimaster.com.ar\/web\/wp-content\/uploads\/2014\/09\/local_antiguedades1-150x150.jpg 150w, https:\/\/www.arquimaster.com.ar\/web\/wp-content\/uploads\/2014\/09\/local_antiguedades1-50x50.jpg 50w, https:\/\/www.arquimaster.com.ar\/web\/wp-content\/uploads\/2014\/09\/local_antiguedades1-125x125.jpg 125w\" sizes=\"auto, (max-width: 150px) 100vw, 150px\" \/><\/a>\n\t\t\t<\/div>\n\t\t\t\t<figcaption class='wp-caption-text gallery-caption' id='gallery-1-9648'>\n\t\t\t\tPuesta en valor de Local de Antig\u00fcedades \/ Adriana Piastrellini y equipo\n\t\t\t\t<\/figcaption><\/figure><figure class='gallery-item'>\n\t\t\t<div class='gallery-icon landscape'>\n\t\t\t\t<a href='https:\/\/www.arquimaster.com.ar\/web\/wp-content\/uploads\/2014\/09\/local_antiguedades2.jpg' title=\"Puesta en valor de Local de Antig\u00fcedades \/ Adriana Piastrellini y equipo\" data-rl_title=\"Puesta en valor de Local de Antig\u00fcedades \/ Adriana Piastrellini y equipo\" class=\"rl-gallery-link\" data-rl_caption=\"Puesta en valor de Local de Antig\u00fcedades \/ Adriana Piastrellini y equipo\" data-rel=\"lightbox-gallery-1\"><img loading=\"lazy\" decoding=\"async\" width=\"150\" height=\"150\" src=\"https:\/\/www.arquimaster.com.ar\/web\/wp-content\/uploads\/2014\/09\/local_antiguedades2-150x150.jpg\" class=\"attachment-thumbnail size-thumbnail\" alt=\"\" aria-describedby=\"gallery-1-9649\" srcset=\"https:\/\/www.arquimaster.com.ar\/web\/wp-content\/uploads\/2014\/09\/local_antiguedades2-150x150.jpg 150w, https:\/\/www.arquimaster.com.ar\/web\/wp-content\/uploads\/2014\/09\/local_antiguedades2-50x50.jpg 50w, https:\/\/www.arquimaster.com.ar\/web\/wp-content\/uploads\/2014\/09\/local_antiguedades2-125x125.jpg 125w\" sizes=\"auto, (max-width: 150px) 100vw, 150px\" \/><\/a>\n\t\t\t<\/div>\n\t\t\t\t<figcaption class='wp-caption-text gallery-caption' id='gallery-1-9649'>\n\t\t\t\tPuesta en valor de Local de Antig\u00fcedades \/ Adriana Piastrellini y equipo\n\t\t\t\t<\/figcaption><\/figure><figure class='gallery-item'>\n\t\t\t<div class='gallery-icon landscape'>\n\t\t\t\t<a href='https:\/\/www.arquimaster.com.ar\/web\/wp-content\/uploads\/2014\/09\/local_antiguedades3.jpg' title=\"Puesta en valor de Local de Antig\u00fcedades \/ Adriana Piastrellini y equipo\" data-rl_title=\"Puesta en valor de Local de Antig\u00fcedades \/ Adriana Piastrellini y equipo\" class=\"rl-gallery-link\" data-rl_caption=\"Puesta en valor de Local de Antig\u00fcedades \/ Adriana Piastrellini y equipo\" data-rel=\"lightbox-gallery-1\"><img loading=\"lazy\" decoding=\"async\" width=\"150\" height=\"150\" src=\"https:\/\/www.arquimaster.com.ar\/web\/wp-content\/uploads\/2014\/09\/local_antiguedades3-150x150.jpg\" class=\"attachment-thumbnail size-thumbnail\" alt=\"\" aria-describedby=\"gallery-1-9650\" srcset=\"https:\/\/www.arquimaster.com.ar\/web\/wp-content\/uploads\/2014\/09\/local_antiguedades3-150x150.jpg 150w, https:\/\/www.arquimaster.com.ar\/web\/wp-content\/uploads\/2014\/09\/local_antiguedades3-50x50.jpg 50w, https:\/\/www.arquimaster.com.ar\/web\/wp-content\/uploads\/2014\/09\/local_antiguedades3-125x125.jpg 125w\" sizes=\"auto, (max-width: 150px) 100vw, 150px\" \/><\/a>\n\t\t\t<\/div>\n\t\t\t\t<figcaption class='wp-caption-text gallery-caption' id='gallery-1-9650'>\n\t\t\t\tPuesta en valor de Local de Antig\u00fcedades \/ Adriana Piastrellini y equipo\n\t\t\t\t<\/figcaption><\/figure><figure class='gallery-item'>\n\t\t\t<div class='gallery-icon portrait'>\n\t\t\t\t<a href='https:\/\/www.arquimaster.com.ar\/web\/wp-content\/uploads\/2014\/09\/local_antiguedades4.jpg' title=\"Puesta en valor de Local de Antig\u00fcedades \/ Adriana Piastrellini y equipo\" data-rl_title=\"Puesta en valor de Local de Antig\u00fcedades \/ Adriana Piastrellini y equipo\" class=\"rl-gallery-link\" data-rl_caption=\"Puesta en valor de Local de Antig\u00fcedades \/ Adriana Piastrellini y equipo\" data-rel=\"lightbox-gallery-1\"><img loading=\"lazy\" decoding=\"async\" width=\"150\" height=\"150\" src=\"https:\/\/www.arquimaster.com.ar\/web\/wp-content\/uploads\/2014\/09\/local_antiguedades4-150x150.jpg\" class=\"attachment-thumbnail size-thumbnail\" alt=\"\" aria-describedby=\"gallery-1-9651\" srcset=\"https:\/\/www.arquimaster.com.ar\/web\/wp-content\/uploads\/2014\/09\/local_antiguedades4-150x150.jpg 150w, https:\/\/www.arquimaster.com.ar\/web\/wp-content\/uploads\/2014\/09\/local_antiguedades4-50x50.jpg 50w, https:\/\/www.arquimaster.com.ar\/web\/wp-content\/uploads\/2014\/09\/local_antiguedades4-125x125.jpg 125w\" sizes=\"auto, (max-width: 150px) 100vw, 150px\" \/><\/a>\n\t\t\t<\/div>\n\t\t\t\t<figcaption class='wp-caption-text gallery-caption' id='gallery-1-9651'>\n\t\t\t\tPuesta en valor de Local de Antig\u00fcedades \/ Adriana Piastrellini y equipo\n\t\t\t\t<\/figcaption><\/figure><figure class='gallery-item'>\n\t\t\t<div class='gallery-icon landscape'>\n\t\t\t\t<a href='https:\/\/www.arquimaster.com.ar\/web\/wp-content\/uploads\/2014\/09\/local_antiguedades5.jpg' title=\"Puesta en valor de Local de Antig\u00fcedades \/ Adriana Piastrellini y equipo\" data-rl_title=\"Puesta en valor de Local de Antig\u00fcedades \/ Adriana Piastrellini y equipo\" class=\"rl-gallery-link\" data-rl_caption=\"Puesta en valor de Local de Antig\u00fcedades \/ Adriana Piastrellini y equipo\" data-rel=\"lightbox-gallery-1\"><img loading=\"lazy\" decoding=\"async\" width=\"150\" height=\"150\" src=\"https:\/\/www.arquimaster.com.ar\/web\/wp-content\/uploads\/2014\/09\/local_antiguedades5-150x150.jpg\" class=\"attachment-thumbnail size-thumbnail\" alt=\"\" aria-describedby=\"gallery-1-9652\" srcset=\"https:\/\/www.arquimaster.com.ar\/web\/wp-content\/uploads\/2014\/09\/local_antiguedades5-150x150.jpg 150w, https:\/\/www.arquimaster.com.ar\/web\/wp-content\/uploads\/2014\/09\/local_antiguedades5-50x50.jpg 50w, https:\/\/www.arquimaster.com.ar\/web\/wp-content\/uploads\/2014\/09\/local_antiguedades5-125x125.jpg 125w\" sizes=\"auto, (max-width: 150px) 100vw, 150px\" \/><\/a>\n\t\t\t<\/div>\n\t\t\t\t<figcaption class='wp-caption-text gallery-caption' id='gallery-1-9652'>\n\t\t\t\tPuesta en valor de Local de Antig\u00fcedades \/ Adriana Piastrellini y equipo\n\t\t\t\t<\/figcaption><\/figure><figure class='gallery-item'>\n\t\t\t<div class='gallery-icon landscape'>\n\t\t\t\t<a href='https:\/\/www.arquimaster.com.ar\/web\/wp-content\/uploads\/2014\/09\/local_antiguedades6.jpg' title=\"Puesta en valor de Local de Antig\u00fcedades \/ Adriana Piastrellini y equipo\" data-rl_title=\"Puesta en valor de Local de Antig\u00fcedades \/ Adriana Piastrellini y equipo\" class=\"rl-gallery-link\" data-rl_caption=\"Puesta en valor de Local de Antig\u00fcedades \/ Adriana Piastrellini y equipo\" data-rel=\"lightbox-gallery-1\"><img loading=\"lazy\" decoding=\"async\" width=\"150\" height=\"150\" src=\"https:\/\/www.arquimaster.com.ar\/web\/wp-content\/uploads\/2014\/09\/local_antiguedades6-150x150.jpg\" class=\"attachment-thumbnail size-thumbnail\" alt=\"\" aria-describedby=\"gallery-1-9653\" srcset=\"https:\/\/www.arquimaster.com.ar\/web\/wp-content\/uploads\/2014\/09\/local_antiguedades6-150x150.jpg 150w, https:\/\/www.arquimaster.com.ar\/web\/wp-content\/uploads\/2014\/09\/local_antiguedades6-50x50.jpg 50w, https:\/\/www.arquimaster.com.ar\/web\/wp-content\/uploads\/2014\/09\/local_antiguedades6-125x125.jpg 125w\" sizes=\"auto, (max-width: 150px) 100vw, 150px\" \/><\/a>\n\t\t\t<\/div>\n\t\t\t\t<figcaption class='wp-caption-text gallery-caption' id='gallery-1-9653'>\n\t\t\t\tPuesta en valor de Local de Antig\u00fcedades \/ Adriana Piastrellini y equipo\n\t\t\t\t<\/figcaption><\/figure><figure class='gallery-item'>\n\t\t\t<div class='gallery-icon landscape'>\n\t\t\t\t<a href='https:\/\/www.arquimaster.com.ar\/web\/wp-content\/uploads\/2014\/09\/local_antiguedades7.jpg' title=\"Puesta en valor de Local de Antig\u00fcedades \/ Adriana Piastrellini y equipo\" data-rl_title=\"Puesta en valor de Local de Antig\u00fcedades \/ Adriana Piastrellini y equipo\" class=\"rl-gallery-link\" data-rl_caption=\"Puesta en valor de Local de Antig\u00fcedades \/ Adriana Piastrellini y equipo\" data-rel=\"lightbox-gallery-1\"><img loading=\"lazy\" decoding=\"async\" width=\"150\" height=\"150\" src=\"https:\/\/www.arquimaster.com.ar\/web\/wp-content\/uploads\/2014\/09\/local_antiguedades7-150x150.jpg\" class=\"attachment-thumbnail size-thumbnail\" alt=\"\" aria-describedby=\"gallery-1-9654\" srcset=\"https:\/\/www.arquimaster.com.ar\/web\/wp-content\/uploads\/2014\/09\/local_antiguedades7-150x150.jpg 150w, https:\/\/www.arquimaster.com.ar\/web\/wp-content\/uploads\/2014\/09\/local_antiguedades7-50x50.jpg 50w, https:\/\/www.arquimaster.com.ar\/web\/wp-content\/uploads\/2014\/09\/local_antiguedades7-125x125.jpg 125w\" sizes=\"auto, (max-width: 150px) 100vw, 150px\" \/><\/a>\n\t\t\t<\/div>\n\t\t\t\t<figcaption class='wp-caption-text gallery-caption' id='gallery-1-9654'>\n\t\t\t\tPuesta en valor de Local de Antig\u00fcedades \/ Adriana Piastrellini y equipo\n\t\t\t\t<\/figcaption><\/figure><figure class='gallery-item'>\n\t\t\t<div class='gallery-icon landscape'>\n\t\t\t\t<a href='https:\/\/www.arquimaster.com.ar\/web\/wp-content\/uploads\/2014\/09\/local_antiguedades8.jpg' title=\"Puesta en valor de Local de Antig\u00fcedades \/ Adriana Piastrellini y equipo\" data-rl_title=\"Puesta en valor de Local de Antig\u00fcedades \/ Adriana Piastrellini y equipo\" class=\"rl-gallery-link\" data-rl_caption=\"Puesta en valor de Local de Antig\u00fcedades \/ Adriana Piastrellini y equipo\" data-rel=\"lightbox-gallery-1\"><img loading=\"lazy\" decoding=\"async\" width=\"150\" height=\"150\" src=\"https:\/\/www.arquimaster.com.ar\/web\/wp-content\/uploads\/2014\/09\/local_antiguedades8-150x150.jpg\" class=\"attachment-thumbnail size-thumbnail\" alt=\"\" aria-describedby=\"gallery-1-9655\" srcset=\"https:\/\/www.arquimaster.com.ar\/web\/wp-content\/uploads\/2014\/09\/local_antiguedades8-150x150.jpg 150w, https:\/\/www.arquimaster.com.ar\/web\/wp-content\/uploads\/2014\/09\/local_antiguedades8-50x50.jpg 50w, https:\/\/www.arquimaster.com.ar\/web\/wp-content\/uploads\/2014\/09\/local_antiguedades8-125x125.jpg 125w\" sizes=\"auto, (max-width: 150px) 100vw, 150px\" \/><\/a>\n\t\t\t<\/div>\n\t\t\t\t<figcaption class='wp-caption-text gallery-caption' id='gallery-1-9655'>\n\t\t\t\tPuesta en valor de Local de Antig\u00fcedades \/ Adriana Piastrellini y equipo\n\t\t\t\t<\/figcaption><\/figure><figure class='gallery-item'>\n\t\t\t<div class='gallery-icon landscape'>\n\t\t\t\t<a href='https:\/\/www.arquimaster.com.ar\/web\/wp-content\/uploads\/2014\/09\/local_antiguedades9.jpg' title=\"Puesta en valor de Local de Antig\u00fcedades \/ Adriana Piastrellini y equipo\" data-rl_title=\"Puesta en valor de Local de Antig\u00fcedades \/ Adriana Piastrellini y equipo\" class=\"rl-gallery-link\" data-rl_caption=\"Puesta en valor de Local de Antig\u00fcedades \/ Adriana Piastrellini y equipo\" data-rel=\"lightbox-gallery-1\"><img loading=\"lazy\" decoding=\"async\" width=\"150\" height=\"150\" src=\"https:\/\/www.arquimaster.com.ar\/web\/wp-content\/uploads\/2014\/09\/local_antiguedades9-150x150.jpg\" class=\"attachment-thumbnail size-thumbnail\" alt=\"\" aria-describedby=\"gallery-1-9656\" srcset=\"https:\/\/www.arquimaster.com.ar\/web\/wp-content\/uploads\/2014\/09\/local_antiguedades9-150x150.jpg 150w, https:\/\/www.arquimaster.com.ar\/web\/wp-content\/uploads\/2014\/09\/local_antiguedades9-50x50.jpg 50w, https:\/\/www.arquimaster.com.ar\/web\/wp-content\/uploads\/2014\/09\/local_antiguedades9-125x125.jpg 125w\" sizes=\"auto, (max-width: 150px) 100vw, 150px\" \/><\/a>\n\t\t\t<\/div>\n\t\t\t\t<figcaption class='wp-caption-text gallery-caption' id='gallery-1-9656'>\n\t\t\t\tPuesta en valor de Local de Antig\u00fcedades \/ Adriana Piastrellini y equipo\n\t\t\t\t<\/figcaption><\/figure><figure class='gallery-item'>\n\t\t\t<div class='gallery-icon landscape'>\n\t\t\t\t<a href='https:\/\/www.arquimaster.com.ar\/web\/wp-content\/uploads\/2014\/09\/local_antiguedades10.jpg' title=\"Puesta en valor de Local de Antig\u00fcedades \/ Adriana Piastrellini y equipo\" data-rl_title=\"Puesta en valor de Local de Antig\u00fcedades \/ Adriana Piastrellini y equipo\" class=\"rl-gallery-link\" data-rl_caption=\"Puesta en valor de Local de Antig\u00fcedades \/ Adriana Piastrellini y equipo\" data-rel=\"lightbox-gallery-1\"><img loading=\"lazy\" decoding=\"async\" width=\"150\" height=\"150\" src=\"https:\/\/www.arquimaster.com.ar\/web\/wp-content\/uploads\/2014\/09\/local_antiguedades10-150x150.jpg\" class=\"attachment-thumbnail size-thumbnail\" alt=\"\" aria-describedby=\"gallery-1-9657\" srcset=\"https:\/\/www.arquimaster.com.ar\/web\/wp-content\/uploads\/2014\/09\/local_antiguedades10-150x150.jpg 150w, https:\/\/www.arquimaster.com.ar\/web\/wp-content\/uploads\/2014\/09\/local_antiguedades10-50x50.jpg 50w, https:\/\/www.arquimaster.com.ar\/web\/wp-content\/uploads\/2014\/09\/local_antiguedades10-125x125.jpg 125w\" sizes=\"auto, (max-width: 150px) 100vw, 150px\" \/><\/a>\n\t\t\t<\/div>\n\t\t\t\t<figcaption class='wp-caption-text gallery-caption' id='gallery-1-9657'>\n\t\t\t\tPuesta en valor de Local de Antig\u00fcedades \/ Adriana Piastrellini y equipo\n\t\t\t\t<\/figcaption><\/figure><figure class='gallery-item'>\n\t\t\t<div class='gallery-icon landscape'>\n\t\t\t\t<a href='https:\/\/www.arquimaster.com.ar\/web\/wp-content\/uploads\/2014\/09\/local_antiguedades12.jpg' title=\"Puesta en valor de Local de Antig\u00fcedades \/ Adriana Piastrellini y equipo\" data-rl_title=\"Puesta en valor de Local de Antig\u00fcedades \/ Adriana Piastrellini y equipo\" class=\"rl-gallery-link\" data-rl_caption=\"Puesta en valor de Local de Antig\u00fcedades \/ Adriana Piastrellini y equipo\" data-rel=\"lightbox-gallery-1\"><img loading=\"lazy\" decoding=\"async\" width=\"150\" height=\"150\" src=\"https:\/\/www.arquimaster.com.ar\/web\/wp-content\/uploads\/2014\/09\/local_antiguedades12-150x150.jpg\" class=\"attachment-thumbnail size-thumbnail\" alt=\"\" aria-describedby=\"gallery-1-9659\" srcset=\"https:\/\/www.arquimaster.com.ar\/web\/wp-content\/uploads\/2014\/09\/local_antiguedades12-150x150.jpg 150w, https:\/\/www.arquimaster.com.ar\/web\/wp-content\/uploads\/2014\/09\/local_antiguedades12-50x50.jpg 50w, https:\/\/www.arquimaster.com.ar\/web\/wp-content\/uploads\/2014\/09\/local_antiguedades12-125x125.jpg 125w\" sizes=\"auto, (max-width: 150px) 100vw, 150px\" \/><\/a>\n\t\t\t<\/div>\n\t\t\t\t<figcaption class='wp-caption-text gallery-caption' id='gallery-1-9659'>\n\t\t\t\tPuesta en valor de Local de Antig\u00fcedades \/ Adriana Piastrellini y equipo\n\t\t\t\t<\/figcaption><\/figure><figure class='gallery-item'>\n\t\t\t<div class='gallery-icon landscape'>\n\t\t\t\t<a href='https:\/\/www.arquimaster.com.ar\/web\/wp-content\/uploads\/2014\/09\/local_antiguedades111.jpg' title=\"Puesta en valor de Local de Antig\u00fcedades \/ Adriana Piastrellini y equipo\" data-rl_title=\"Puesta en valor de Local de Antig\u00fcedades \/ Adriana Piastrellini y equipo\" class=\"rl-gallery-link\" data-rl_caption=\"Puesta en valor de Local de Antig\u00fcedades \/ Adriana Piastrellini y equipo\" data-rel=\"lightbox-gallery-1\"><img loading=\"lazy\" decoding=\"async\" width=\"150\" height=\"150\" src=\"https:\/\/www.arquimaster.com.ar\/web\/wp-content\/uploads\/2014\/09\/local_antiguedades111-150x150.jpg\" class=\"attachment-thumbnail size-thumbnail\" alt=\"\" aria-describedby=\"gallery-1-9684\" srcset=\"https:\/\/www.arquimaster.com.ar\/web\/wp-content\/uploads\/2014\/09\/local_antiguedades111-150x150.jpg 150w, https:\/\/www.arquimaster.com.ar\/web\/wp-content\/uploads\/2014\/09\/local_antiguedades111-50x50.jpg 50w, https:\/\/www.arquimaster.com.ar\/web\/wp-content\/uploads\/2014\/09\/local_antiguedades111-125x125.jpg 125w\" sizes=\"auto, (max-width: 150px) 100vw, 150px\" \/><\/a>\n\t\t\t<\/div>\n\t\t\t\t<figcaption class='wp-caption-text gallery-caption' id='gallery-1-9684'>\n\t\t\t\tPuesta en valor de Local de Antig\u00fcedades \/ Adriana Piastrellini y equipo\n\t\t\t\t<\/figcaption><\/figure><figure class='gallery-item'>\n\t\t\t<div class='gallery-icon landscape'>\n\t\t\t\t<a href='https:\/\/www.arquimaster.com.ar\/web\/wp-content\/uploads\/2014\/09\/local_antiguedades17.jpg' title=\"Puesta en valor de Local de Antig\u00fcedades \/ Adriana Piastrellini y equipo\" data-rl_title=\"Puesta en valor de Local de Antig\u00fcedades \/ Adriana Piastrellini y equipo\" class=\"rl-gallery-link\" data-rl_caption=\"Puesta en valor de Local de Antig\u00fcedades \/ Adriana Piastrellini y equipo\" data-rel=\"lightbox-gallery-1\"><img loading=\"lazy\" decoding=\"async\" width=\"150\" height=\"150\" src=\"https:\/\/www.arquimaster.com.ar\/web\/wp-content\/uploads\/2014\/09\/local_antiguedades17-150x150.jpg\" class=\"attachment-thumbnail size-thumbnail\" alt=\"\" aria-describedby=\"gallery-1-9664\" srcset=\"https:\/\/www.arquimaster.com.ar\/web\/wp-content\/uploads\/2014\/09\/local_antiguedades17-150x150.jpg 150w, https:\/\/www.arquimaster.com.ar\/web\/wp-content\/uploads\/2014\/09\/local_antiguedades17-50x50.jpg 50w, https:\/\/www.arquimaster.com.ar\/web\/wp-content\/uploads\/2014\/09\/local_antiguedades17-125x125.jpg 125w\" sizes=\"auto, (max-width: 150px) 100vw, 150px\" \/><\/a>\n\t\t\t<\/div>\n\t\t\t\t<figcaption class='wp-caption-text gallery-caption' id='gallery-1-9664'>\n\t\t\t\tPuesta en valor de Local de Antig\u00fcedades \/ Adriana Piastrellini y equipo\n\t\t\t\t<\/figcaption><\/figure><figure class='gallery-item'>\n\t\t\t<div class='gallery-icon landscape'>\n\t\t\t\t<a href='https:\/\/www.arquimaster.com.ar\/web\/wp-content\/uploads\/2014\/09\/local_antiguedades13.jpg' title=\"Puesta en valor de Local de Antig\u00fcedades \/ Adriana Piastrellini y equipo\" data-rl_title=\"Puesta en valor de Local de Antig\u00fcedades \/ Adriana Piastrellini y equipo\" class=\"rl-gallery-link\" data-rl_caption=\"Puesta en valor de Local de Antig\u00fcedades \/ Adriana Piastrellini y equipo\" data-rel=\"lightbox-gallery-1\"><img loading=\"lazy\" decoding=\"async\" width=\"150\" height=\"150\" src=\"https:\/\/www.arquimaster.com.ar\/web\/wp-content\/uploads\/2014\/09\/local_antiguedades13-150x150.jpg\" class=\"attachment-thumbnail size-thumbnail\" alt=\"\" aria-describedby=\"gallery-1-9660\" srcset=\"https:\/\/www.arquimaster.com.ar\/web\/wp-content\/uploads\/2014\/09\/local_antiguedades13-150x150.jpg 150w, https:\/\/www.arquimaster.com.ar\/web\/wp-content\/uploads\/2014\/09\/local_antiguedades13-50x50.jpg 50w, https:\/\/www.arquimaster.com.ar\/web\/wp-content\/uploads\/2014\/09\/local_antiguedades13-125x125.jpg 125w\" sizes=\"auto, (max-width: 150px) 100vw, 150px\" \/><\/a>\n\t\t\t<\/div>\n\t\t\t\t<figcaption class='wp-caption-text gallery-caption' id='gallery-1-9660'>\n\t\t\t\tPuesta en valor de Local de Antig\u00fcedades \/ Adriana Piastrellini y equipo\n\t\t\t\t<\/figcaption><\/figure><figure class='gallery-item'>\n\t\t\t<div class='gallery-icon landscape'>\n\t\t\t\t<a href='https:\/\/www.arquimaster.com.ar\/web\/wp-content\/uploads\/2014\/09\/local_antiguedades15.jpg' title=\"Puesta en valor de Local de Antig\u00fcedades \/ Adriana Piastrellini y equipo\" data-rl_title=\"Puesta en valor de Local de Antig\u00fcedades \/ Adriana Piastrellini y equipo\" class=\"rl-gallery-link\" data-rl_caption=\"Puesta en valor de Local de Antig\u00fcedades \/ Adriana Piastrellini y equipo\" data-rel=\"lightbox-gallery-1\"><img loading=\"lazy\" decoding=\"async\" width=\"150\" height=\"150\" src=\"https:\/\/www.arquimaster.com.ar\/web\/wp-content\/uploads\/2014\/09\/local_antiguedades15-150x150.jpg\" class=\"attachment-thumbnail size-thumbnail\" alt=\"\" aria-describedby=\"gallery-1-9662\" srcset=\"https:\/\/www.arquimaster.com.ar\/web\/wp-content\/uploads\/2014\/09\/local_antiguedades15-150x150.jpg 150w, https:\/\/www.arquimaster.com.ar\/web\/wp-content\/uploads\/2014\/09\/local_antiguedades15-50x50.jpg 50w, https:\/\/www.arquimaster.com.ar\/web\/wp-content\/uploads\/2014\/09\/local_antiguedades15-125x125.jpg 125w\" sizes=\"auto, (max-width: 150px) 100vw, 150px\" \/><\/a>\n\t\t\t<\/div>\n\t\t\t\t<figcaption class='wp-caption-text gallery-caption' id='gallery-1-9662'>\n\t\t\t\tPuesta en valor de Local de Antig\u00fcedades \/ Adriana Piastrellini y equipo\n\t\t\t\t<\/figcaption><\/figure><figure class='gallery-item'>\n\t\t\t<div class='gallery-icon landscape'>\n\t\t\t\t<a href='https:\/\/www.arquimaster.com.ar\/web\/wp-content\/uploads\/2014\/09\/local_antiguedades14.jpg' title=\"Puesta en valor de Local de Antig\u00fcedades \/ Adriana Piastrellini y equipo\" data-rl_title=\"Puesta en valor de Local de Antig\u00fcedades \/ Adriana Piastrellini y equipo\" class=\"rl-gallery-link\" data-rl_caption=\"Puesta en valor de Local de Antig\u00fcedades \/ Adriana Piastrellini y equipo\" data-rel=\"lightbox-gallery-1\"><img loading=\"lazy\" decoding=\"async\" width=\"150\" height=\"150\" src=\"https:\/\/www.arquimaster.com.ar\/web\/wp-content\/uploads\/2014\/09\/local_antiguedades14-150x150.jpg\" class=\"attachment-thumbnail size-thumbnail\" alt=\"\" aria-describedby=\"gallery-1-9661\" srcset=\"https:\/\/www.arquimaster.com.ar\/web\/wp-content\/uploads\/2014\/09\/local_antiguedades14-150x150.jpg 150w, https:\/\/www.arquimaster.com.ar\/web\/wp-content\/uploads\/2014\/09\/local_antiguedades14-50x50.jpg 50w, https:\/\/www.arquimaster.com.ar\/web\/wp-content\/uploads\/2014\/09\/local_antiguedades14-125x125.jpg 125w\" sizes=\"auto, (max-width: 150px) 100vw, 150px\" \/><\/a>\n\t\t\t<\/div>\n\t\t\t\t<figcaption class='wp-caption-text gallery-caption' id='gallery-1-9661'>\n\t\t\t\tPuesta en valor de Local de Antig\u00fcedades \/ Adriana Piastrellini y equipo\n\t\t\t\t<\/figcaption><\/figure><figure class='gallery-item'>\n\t\t\t<div class='gallery-icon landscape'>\n\t\t\t\t<a href='https:\/\/www.arquimaster.com.ar\/web\/wp-content\/uploads\/2014\/09\/local_antiguedades16.jpg' title=\"Puesta en valor de Local de Antig\u00fcedades \/ Adriana Piastrellini y equipo\" data-rl_title=\"Puesta en valor de Local de Antig\u00fcedades \/ Adriana Piastrellini y equipo\" class=\"rl-gallery-link\" data-rl_caption=\"Puesta en valor de Local de Antig\u00fcedades \/ Adriana Piastrellini y equipo\" data-rel=\"lightbox-gallery-1\"><img loading=\"lazy\" decoding=\"async\" width=\"150\" height=\"150\" src=\"https:\/\/www.arquimaster.com.ar\/web\/wp-content\/uploads\/2014\/09\/local_antiguedades16-150x150.jpg\" class=\"attachment-thumbnail size-thumbnail\" alt=\"\" aria-describedby=\"gallery-1-9663\" srcset=\"https:\/\/www.arquimaster.com.ar\/web\/wp-content\/uploads\/2014\/09\/local_antiguedades16-150x150.jpg 150w, https:\/\/www.arquimaster.com.ar\/web\/wp-content\/uploads\/2014\/09\/local_antiguedades16-50x50.jpg 50w, https:\/\/www.arquimaster.com.ar\/web\/wp-content\/uploads\/2014\/09\/local_antiguedades16-125x125.jpg 125w\" sizes=\"auto, (max-width: 150px) 100vw, 150px\" \/><\/a>\n\t\t\t<\/div>\n\t\t\t\t<figcaption class='wp-caption-text gallery-caption' id='gallery-1-9663'>\n\t\t\t\tPuesta en valor de Local de Antig\u00fcedades \/ Adriana Piastrellini y equipo\n\t\t\t\t<\/figcaption><\/figure><figure class='gallery-item'>\n\t\t\t<div class='gallery-icon landscape'>\n\t\t\t\t<a href='https:\/\/www.arquimaster.com.ar\/web\/wp-content\/uploads\/2014\/09\/local_antiguedades18.jpg' title=\"Puesta en valor de Local de Antig\u00fcedades \/ Adriana Piastrellini y equipo\" data-rl_title=\"Puesta en valor de Local de Antig\u00fcedades \/ Adriana Piastrellini y equipo\" class=\"rl-gallery-link\" data-rl_caption=\"Puesta en valor de Local de Antig\u00fcedades \/ Adriana Piastrellini y equipo\" data-rel=\"lightbox-gallery-1\"><img loading=\"lazy\" decoding=\"async\" width=\"150\" height=\"150\" src=\"https:\/\/www.arquimaster.com.ar\/web\/wp-content\/uploads\/2014\/09\/local_antiguedades18-150x150.jpg\" class=\"attachment-thumbnail size-thumbnail\" alt=\"\" aria-describedby=\"gallery-1-9665\" srcset=\"https:\/\/www.arquimaster.com.ar\/web\/wp-content\/uploads\/2014\/09\/local_antiguedades18-150x150.jpg 150w, https:\/\/www.arquimaster.com.ar\/web\/wp-content\/uploads\/2014\/09\/local_antiguedades18-50x50.jpg 50w, https:\/\/www.arquimaster.com.ar\/web\/wp-content\/uploads\/2014\/09\/local_antiguedades18-125x125.jpg 125w\" sizes=\"auto, (max-width: 150px) 100vw, 150px\" \/><\/a>\n\t\t\t<\/div>\n\t\t\t\t<figcaption class='wp-caption-text gallery-caption' id='gallery-1-9665'>\n\t\t\t\tPuesta en valor de Local de Antig\u00fcedades \/ Adriana Piastrellini y equipo\n\t\t\t\t<\/figcaption><\/figure><figure class='gallery-item'>\n\t\t\t<div class='gallery-icon portrait'>\n\t\t\t\t<a href='https:\/\/www.arquimaster.com.ar\/web\/wp-content\/uploads\/2014\/09\/local_antiguedades19.jpg' title=\"Puesta en valor de Local de Antig\u00fcedades \/ Adriana Piastrellini y equipo\" data-rl_title=\"Puesta en valor de Local de Antig\u00fcedades \/ Adriana Piastrellini y equipo\" class=\"rl-gallery-link\" data-rl_caption=\"Puesta en valor de Local de Antig\u00fcedades \/ Adriana Piastrellini y equipo\" data-rel=\"lightbox-gallery-1\"><img loading=\"lazy\" decoding=\"async\" width=\"150\" height=\"150\" src=\"https:\/\/www.arquimaster.com.ar\/web\/wp-content\/uploads\/2014\/09\/local_antiguedades19-150x150.jpg\" class=\"attachment-thumbnail size-thumbnail\" alt=\"\" aria-describedby=\"gallery-1-9666\" srcset=\"https:\/\/www.arquimaster.com.ar\/web\/wp-content\/uploads\/2014\/09\/local_antiguedades19-150x150.jpg 150w, https:\/\/www.arquimaster.com.ar\/web\/wp-content\/uploads\/2014\/09\/local_antiguedades19-50x50.jpg 50w, https:\/\/www.arquimaster.com.ar\/web\/wp-content\/uploads\/2014\/09\/local_antiguedades19-125x125.jpg 125w\" sizes=\"auto, (max-width: 150px) 100vw, 150px\" \/><\/a>\n\t\t\t<\/div>\n\t\t\t\t<figcaption class='wp-caption-text gallery-caption' id='gallery-1-9666'>\n\t\t\t\tPuesta en valor de Local de Antig\u00fcedades \/ Adriana Piastrellini y equipo\n\t\t\t\t<\/figcaption><\/figure><figure class='gallery-item'>\n\t\t\t<div class='gallery-icon landscape'>\n\t\t\t\t<a href='https:\/\/www.arquimaster.com.ar\/web\/wp-content\/uploads\/2014\/09\/local_antiguedades20.jpg' title=\"Puesta en valor de Local de Antig\u00fcedades \/ Adriana Piastrellini y equipo\" data-rl_title=\"Puesta en valor de Local de Antig\u00fcedades \/ Adriana Piastrellini y equipo\" class=\"rl-gallery-link\" data-rl_caption=\"Puesta en valor de Local de Antig\u00fcedades \/ Adriana Piastrellini y equipo\" data-rel=\"lightbox-gallery-1\"><img loading=\"lazy\" decoding=\"async\" width=\"150\" height=\"150\" src=\"https:\/\/www.arquimaster.com.ar\/web\/wp-content\/uploads\/2014\/09\/local_antiguedades20-150x150.jpg\" class=\"attachment-thumbnail size-thumbnail\" alt=\"\" aria-describedby=\"gallery-1-9667\" srcset=\"https:\/\/www.arquimaster.com.ar\/web\/wp-content\/uploads\/2014\/09\/local_antiguedades20-150x150.jpg 150w, https:\/\/www.arquimaster.com.ar\/web\/wp-content\/uploads\/2014\/09\/local_antiguedades20-50x50.jpg 50w, https:\/\/www.arquimaster.com.ar\/web\/wp-content\/uploads\/2014\/09\/local_antiguedades20-125x125.jpg 125w\" sizes=\"auto, (max-width: 150px) 100vw, 150px\" \/><\/a>\n\t\t\t<\/div>\n\t\t\t\t<figcaption class='wp-caption-text gallery-caption' id='gallery-1-9667'>\n\t\t\t\tPuesta en valor de Local de Antig\u00fcedades \/ Adriana Piastrellini y equipo\n\t\t\t\t<\/figcaption><\/figure><figure class='gallery-item'>\n\t\t\t<div class='gallery-icon landscape'>\n\t\t\t\t<a href='https:\/\/www.arquimaster.com.ar\/web\/wp-content\/uploads\/2014\/09\/local_antiguedades21.jpg' title=\"Puesta en valor de Local de Antig\u00fcedades \/ Adriana Piastrellini y equipo\" data-rl_title=\"Puesta en valor de Local de Antig\u00fcedades \/ Adriana Piastrellini y equipo\" class=\"rl-gallery-link\" data-rl_caption=\"Puesta en valor de Local de Antig\u00fcedades \/ Adriana Piastrellini y equipo\" data-rel=\"lightbox-gallery-1\"><img loading=\"lazy\" decoding=\"async\" width=\"150\" height=\"150\" src=\"https:\/\/www.arquimaster.com.ar\/web\/wp-content\/uploads\/2014\/09\/local_antiguedades21-150x150.jpg\" class=\"attachment-thumbnail size-thumbnail\" alt=\"\" aria-describedby=\"gallery-1-9668\" srcset=\"https:\/\/www.arquimaster.com.ar\/web\/wp-content\/uploads\/2014\/09\/local_antiguedades21-150x150.jpg 150w, https:\/\/www.arquimaster.com.ar\/web\/wp-content\/uploads\/2014\/09\/local_antiguedades21-50x50.jpg 50w, https:\/\/www.arquimaster.com.ar\/web\/wp-content\/uploads\/2014\/09\/local_antiguedades21-125x125.jpg 125w\" sizes=\"auto, (max-width: 150px) 100vw, 150px\" \/><\/a>\n\t\t\t<\/div>\n\t\t\t\t<figcaption class='wp-caption-text gallery-caption' id='gallery-1-9668'>\n\t\t\t\tPuesta en valor de Local de Antig\u00fcedades \/ Adriana Piastrellini y equipo\n\t\t\t\t<\/figcaption><\/figure><figure class='gallery-item'>\n\t\t\t<div class='gallery-icon landscape'>\n\t\t\t\t<a href='https:\/\/www.arquimaster.com.ar\/web\/wp-content\/uploads\/2014\/09\/local_antiguedades22.jpg' title=\"Puesta en valor de Local de Antig\u00fcedades \/ Adriana Piastrellini y equipo\" data-rl_title=\"Puesta en valor de Local de Antig\u00fcedades \/ Adriana Piastrellini y equipo\" class=\"rl-gallery-link\" data-rl_caption=\"Puesta en valor de Local de Antig\u00fcedades \/ Adriana Piastrellini y equipo\" data-rel=\"lightbox-gallery-1\"><img loading=\"lazy\" decoding=\"async\" width=\"150\" height=\"150\" src=\"https:\/\/www.arquimaster.com.ar\/web\/wp-content\/uploads\/2014\/09\/local_antiguedades22-150x150.jpg\" class=\"attachment-thumbnail size-thumbnail\" alt=\"\" aria-describedby=\"gallery-1-9669\" srcset=\"https:\/\/www.arquimaster.com.ar\/web\/wp-content\/uploads\/2014\/09\/local_antiguedades22-150x150.jpg 150w, https:\/\/www.arquimaster.com.ar\/web\/wp-content\/uploads\/2014\/09\/local_antiguedades22-50x50.jpg 50w, https:\/\/www.arquimaster.com.ar\/web\/wp-content\/uploads\/2014\/09\/local_antiguedades22-125x125.jpg 125w\" sizes=\"auto, (max-width: 150px) 100vw, 150px\" \/><\/a>\n\t\t\t<\/div>\n\t\t\t\t<figcaption class='wp-caption-text gallery-caption' id='gallery-1-9669'>\n\t\t\t\tPuesta en valor de Local de Antig\u00fcedades \/ Adriana Piastrellini y equipo\n\t\t\t\t<\/figcaption><\/figure><figure class='gallery-item'>\n\t\t\t<div class='gallery-icon landscape'>\n\t\t\t\t<a href='https:\/\/www.arquimaster.com.ar\/web\/wp-content\/uploads\/2014\/09\/local_antiguedades23.jpg' title=\"Puesta en valor de Local de Antig\u00fcedades \/ Adriana Piastrellini y equipo\" data-rl_title=\"Puesta en valor de Local de Antig\u00fcedades \/ Adriana Piastrellini y equipo\" class=\"rl-gallery-link\" data-rl_caption=\"Puesta en valor de Local de Antig\u00fcedades \/ Adriana Piastrellini y equipo\" data-rel=\"lightbox-gallery-1\"><img loading=\"lazy\" decoding=\"async\" width=\"150\" height=\"150\" src=\"https:\/\/www.arquimaster.com.ar\/web\/wp-content\/uploads\/2014\/09\/local_antiguedades23-150x150.jpg\" class=\"attachment-thumbnail size-thumbnail\" alt=\"\" aria-describedby=\"gallery-1-9670\" srcset=\"https:\/\/www.arquimaster.com.ar\/web\/wp-content\/uploads\/2014\/09\/local_antiguedades23-150x150.jpg 150w, https:\/\/www.arquimaster.com.ar\/web\/wp-content\/uploads\/2014\/09\/local_antiguedades23-50x50.jpg 50w, https:\/\/www.arquimaster.com.ar\/web\/wp-content\/uploads\/2014\/09\/local_antiguedades23-125x125.jpg 125w\" sizes=\"auto, (max-width: 150px) 100vw, 150px\" \/><\/a>\n\t\t\t<\/div>\n\t\t\t\t<figcaption class='wp-caption-text gallery-caption' id='gallery-1-9670'>\n\t\t\t\tPuesta en valor de Local de Antig\u00fcedades \/ Adriana Piastrellini y equipo\n\t\t\t\t<\/figcaption><\/figure><figure class='gallery-item'>\n\t\t\t<div class='gallery-icon landscape'>\n\t\t\t\t<a href='https:\/\/www.arquimaster.com.ar\/web\/wp-content\/uploads\/2014\/09\/local_antiguedades24.jpg' title=\"Puesta en valor de Local de Antig\u00fcedades \/ Adriana Piastrellini y equipo\" data-rl_title=\"Puesta en valor de Local de Antig\u00fcedades \/ Adriana Piastrellini y equipo\" class=\"rl-gallery-link\" data-rl_caption=\"Puesta en valor de Local de Antig\u00fcedades \/ Adriana Piastrellini y equipo\" data-rel=\"lightbox-gallery-1\"><img loading=\"lazy\" decoding=\"async\" width=\"150\" height=\"150\" src=\"https:\/\/www.arquimaster.com.ar\/web\/wp-content\/uploads\/2014\/09\/local_antiguedades24-150x150.jpg\" class=\"attachment-thumbnail size-thumbnail\" alt=\"\" aria-describedby=\"gallery-1-9671\" srcset=\"https:\/\/www.arquimaster.com.ar\/web\/wp-content\/uploads\/2014\/09\/local_antiguedades24-150x150.jpg 150w, https:\/\/www.arquimaster.com.ar\/web\/wp-content\/uploads\/2014\/09\/local_antiguedades24-50x50.jpg 50w, https:\/\/www.arquimaster.com.ar\/web\/wp-content\/uploads\/2014\/09\/local_antiguedades24-125x125.jpg 125w\" sizes=\"auto, (max-width: 150px) 100vw, 150px\" \/><\/a>\n\t\t\t<\/div>\n\t\t\t\t<figcaption class='wp-caption-text gallery-caption' id='gallery-1-9671'>\n\t\t\t\tPuesta en valor de Local de Antig\u00fcedades \/ Adriana Piastrellini y equipo\n\t\t\t\t<\/figcaption><\/figure><figure class='gallery-item'>\n\t\t\t<div class='gallery-icon landscape'>\n\t\t\t\t<a href='https:\/\/www.arquimaster.com.ar\/web\/wp-content\/uploads\/2014\/09\/local_antiguedades25.jpg' title=\"Puesta en valor de Local de Antig\u00fcedades \/ Adriana Piastrellini y equipo\" data-rl_title=\"Puesta en valor de Local de Antig\u00fcedades \/ Adriana Piastrellini y equipo\" class=\"rl-gallery-link\" data-rl_caption=\"Puesta en valor de Local de Antig\u00fcedades \/ Adriana Piastrellini y equipo\" data-rel=\"lightbox-gallery-1\"><img loading=\"lazy\" decoding=\"async\" width=\"150\" height=\"150\" src=\"https:\/\/www.arquimaster.com.ar\/web\/wp-content\/uploads\/2014\/09\/local_antiguedades25-150x150.jpg\" class=\"attachment-thumbnail size-thumbnail\" alt=\"\" aria-describedby=\"gallery-1-9672\" srcset=\"https:\/\/www.arquimaster.com.ar\/web\/wp-content\/uploads\/2014\/09\/local_antiguedades25-150x150.jpg 150w, https:\/\/www.arquimaster.com.ar\/web\/wp-content\/uploads\/2014\/09\/local_antiguedades25-50x50.jpg 50w, https:\/\/www.arquimaster.com.ar\/web\/wp-content\/uploads\/2014\/09\/local_antiguedades25-125x125.jpg 125w\" sizes=\"auto, (max-width: 150px) 100vw, 150px\" \/><\/a>\n\t\t\t<\/div>\n\t\t\t\t<figcaption class='wp-caption-text gallery-caption' id='gallery-1-9672'>\n\t\t\t\tPuesta en valor de Local de Antig\u00fcedades \/ Adriana Piastrellini y equipo\n\t\t\t\t<\/figcaption><\/figure><figure class='gallery-item'>\n\t\t\t<div class='gallery-icon landscape'>\n\t\t\t\t<a href='https:\/\/www.arquimaster.com.ar\/web\/wp-content\/uploads\/2014\/09\/local_antiguedades26.jpg' title=\"Puesta en valor de Local de Antig\u00fcedades \/ Adriana Piastrellini y equipo (planta)\" data-rl_title=\"Puesta en valor de Local de Antig\u00fcedades \/ Adriana Piastrellini y equipo (planta)\" class=\"rl-gallery-link\" data-rl_caption=\"Puesta en valor de Local de Antig\u00fcedades \/ Adriana Piastrellini y equipo (planta)\" data-rel=\"lightbox-gallery-1\"><img loading=\"lazy\" decoding=\"async\" width=\"150\" height=\"150\" src=\"https:\/\/www.arquimaster.com.ar\/web\/wp-content\/uploads\/2014\/09\/local_antiguedades26-150x150.jpg\" class=\"attachment-thumbnail size-thumbnail\" alt=\"\" aria-describedby=\"gallery-1-9673\" srcset=\"https:\/\/www.arquimaster.com.ar\/web\/wp-content\/uploads\/2014\/09\/local_antiguedades26-150x150.jpg 150w, https:\/\/www.arquimaster.com.ar\/web\/wp-content\/uploads\/2014\/09\/local_antiguedades26-50x50.jpg 50w, https:\/\/www.arquimaster.com.ar\/web\/wp-content\/uploads\/2014\/09\/local_antiguedades26-125x125.jpg 125w\" sizes=\"auto, (max-width: 150px) 100vw, 150px\" \/><\/a>\n\t\t\t<\/div>\n\t\t\t\t<figcaption class='wp-caption-text gallery-caption' id='gallery-1-9673'>\n\t\t\t\tPuesta en valor de Local de Antig\u00fcedades \/ Adriana Piastrellini y equipo (planta)\n\t\t\t\t<\/figcaption><\/figure><figure class='gallery-item'>\n\t\t\t<div class='gallery-icon landscape'>\n\t\t\t\t<a href='https:\/\/www.arquimaster.com.ar\/web\/wp-content\/uploads\/2014\/09\/local_antiguedades27.jpg' title=\"Puesta en valor de Local de Antig\u00fcedades \/ Adriana Piastrellini y equipo (corte)\" data-rl_title=\"Puesta en valor de Local de Antig\u00fcedades \/ Adriana Piastrellini y equipo (corte)\" class=\"rl-gallery-link\" data-rl_caption=\"Puesta en valor de Local de Antig\u00fcedades \/ Adriana Piastrellini y equipo (corte)\" data-rel=\"lightbox-gallery-1\"><img loading=\"lazy\" decoding=\"async\" width=\"150\" height=\"150\" src=\"https:\/\/www.arquimaster.com.ar\/web\/wp-content\/uploads\/2014\/09\/local_antiguedades27-150x150.jpg\" class=\"attachment-thumbnail size-thumbnail\" alt=\"\" aria-describedby=\"gallery-1-9674\" srcset=\"https:\/\/www.arquimaster.com.ar\/web\/wp-content\/uploads\/2014\/09\/local_antiguedades27-150x150.jpg 150w, https:\/\/www.arquimaster.com.ar\/web\/wp-content\/uploads\/2014\/09\/local_antiguedades27-50x50.jpg 50w, https:\/\/www.arquimaster.com.ar\/web\/wp-content\/uploads\/2014\/09\/local_antiguedades27-125x125.jpg 125w\" sizes=\"auto, (max-width: 150px) 100vw, 150px\" \/><\/a>\n\t\t\t<\/div>\n\t\t\t\t<figcaption class='wp-caption-text gallery-caption' id='gallery-1-9674'>\n\t\t\t\tPuesta en valor de Local de Antig\u00fcedades \/ Adriana Piastrellini y equipo (corte)\n\t\t\t\t<\/figcaption><\/figure><figure class='gallery-item'>\n\t\t\t<div class='gallery-icon landscape'>\n\t\t\t\t<a href='https:\/\/www.arquimaster.com.ar\/web\/wp-content\/uploads\/2014\/09\/local_antiguedades28.jpg' title=\"Puesta en valor de Local de Antig\u00fcedades \/ Adriana Piastrellini y equipo (corte)\" data-rl_title=\"Puesta en valor de Local de Antig\u00fcedades \/ Adriana Piastrellini y equipo (corte)\" class=\"rl-gallery-link\" data-rl_caption=\"Puesta en valor de Local de Antig\u00fcedades \/ Adriana Piastrellini y equipo (corte)\" data-rel=\"lightbox-gallery-1\"><img loading=\"lazy\" decoding=\"async\" width=\"150\" height=\"150\" src=\"https:\/\/www.arquimaster.com.ar\/web\/wp-content\/uploads\/2014\/09\/local_antiguedades28-150x150.jpg\" class=\"attachment-thumbnail size-thumbnail\" alt=\"\" aria-describedby=\"gallery-1-9675\" srcset=\"https:\/\/www.arquimaster.com.ar\/web\/wp-content\/uploads\/2014\/09\/local_antiguedades28-150x150.jpg 150w, https:\/\/www.arquimaster.com.ar\/web\/wp-content\/uploads\/2014\/09\/local_antiguedades28-50x50.jpg 50w, https:\/\/www.arquimaster.com.ar\/web\/wp-content\/uploads\/2014\/09\/local_antiguedades28-125x125.jpg 125w\" sizes=\"auto, (max-width: 150px) 100vw, 150px\" \/><\/a>\n\t\t\t<\/div>\n\t\t\t\t<figcaption class='wp-caption-text gallery-caption' id='gallery-1-9675'>\n\t\t\t\tPuesta en valor de Local de Antig\u00fcedades \/ Adriana Piastrellini y equipo (corte)\n\t\t\t\t<\/figcaption><\/figure><figure class='gallery-item'>\n\t\t\t<div class='gallery-icon landscape'>\n\t\t\t\t<a href='https:\/\/www.arquimaster.com.ar\/web\/wp-content\/uploads\/2014\/09\/local_antiguedades29.jpg' title=\"Puesta en valor de Local de Antig\u00fcedades \/ Adriana Piastrellini y equipo (detalle)\" data-rl_title=\"Puesta en valor de Local de Antig\u00fcedades \/ Adriana Piastrellini y equipo (detalle)\" class=\"rl-gallery-link\" data-rl_caption=\"Puesta en valor de Local de Antig\u00fcedades \/ Adriana Piastrellini y equipo (detalle)\" data-rel=\"lightbox-gallery-1\"><img loading=\"lazy\" decoding=\"async\" width=\"150\" height=\"150\" src=\"https:\/\/www.arquimaster.com.ar\/web\/wp-content\/uploads\/2014\/09\/local_antiguedades29-150x150.jpg\" class=\"attachment-thumbnail size-thumbnail\" alt=\"\" aria-describedby=\"gallery-1-9676\" srcset=\"https:\/\/www.arquimaster.com.ar\/web\/wp-content\/uploads\/2014\/09\/local_antiguedades29-150x150.jpg 150w, https:\/\/www.arquimaster.com.ar\/web\/wp-content\/uploads\/2014\/09\/local_antiguedades29-50x50.jpg 50w, https:\/\/www.arquimaster.com.ar\/web\/wp-content\/uploads\/2014\/09\/local_antiguedades29-125x125.jpg 125w\" sizes=\"auto, (max-width: 150px) 100vw, 150px\" \/><\/a>\n\t\t\t<\/div>\n\t\t\t\t<figcaption class='wp-caption-text gallery-caption' id='gallery-1-9676'>\n\t\t\t\tPuesta en valor de Local de Antig\u00fcedades \/ Adriana Piastrellini y equipo (detalle)\n\t\t\t\t<\/figcaption><\/figure><figure class='gallery-item'>\n\t\t\t<div class='gallery-icon portrait'>\n\t\t\t\t<a href='https:\/\/www.arquimaster.com.ar\/web\/wp-content\/uploads\/2014\/09\/local_antiguedades30.jpg' title=\"Puesta en valor de Local de Antig\u00fcedades \/ Adriana Piastrellini y equipo (estado original)\" data-rl_title=\"Puesta en valor de Local de Antig\u00fcedades \/ Adriana Piastrellini y equipo (estado original)\" class=\"rl-gallery-link\" data-rl_caption=\"Puesta en valor de Local de Antig\u00fcedades \/ Adriana Piastrellini y equipo (estado original)\" data-rel=\"lightbox-gallery-1\"><img loading=\"lazy\" decoding=\"async\" width=\"150\" height=\"150\" src=\"https:\/\/www.arquimaster.com.ar\/web\/wp-content\/uploads\/2014\/09\/local_antiguedades30-150x150.jpg\" class=\"attachment-thumbnail size-thumbnail\" alt=\"\" aria-describedby=\"gallery-1-9677\" srcset=\"https:\/\/www.arquimaster.com.ar\/web\/wp-content\/uploads\/2014\/09\/local_antiguedades30-150x150.jpg 150w, https:\/\/www.arquimaster.com.ar\/web\/wp-content\/uploads\/2014\/09\/local_antiguedades30-50x50.jpg 50w, https:\/\/www.arquimaster.com.ar\/web\/wp-content\/uploads\/2014\/09\/local_antiguedades30-125x125.jpg 125w\" sizes=\"auto, (max-width: 150px) 100vw, 150px\" \/><\/a>\n\t\t\t<\/div>\n\t\t\t\t<figcaption class='wp-caption-text gallery-caption' id='gallery-1-9677'>\n\t\t\t\tPuesta en valor de Local de Antig\u00fcedades \/ Adriana Piastrellini y equipo (estado original)\n\t\t\t\t<\/figcaption><\/figure><figure class='gallery-item'>\n\t\t\t<div class='gallery-icon portrait'>\n\t\t\t\t<a href='https:\/\/www.arquimaster.com.ar\/web\/wp-content\/uploads\/2014\/09\/local_antiguedades31.jpg' title=\"Puesta en valor de Local de Antig\u00fcedades \/ Adriana Piastrellini y equipo (construccion)\" data-rl_title=\"Puesta en valor de Local de Antig\u00fcedades \/ Adriana Piastrellini y equipo (construccion)\" class=\"rl-gallery-link\" data-rl_caption=\"Puesta en valor de Local de Antig\u00fcedades \/ Adriana Piastrellini y equipo (construccion)\" data-rel=\"lightbox-gallery-1\"><img loading=\"lazy\" decoding=\"async\" width=\"150\" height=\"150\" src=\"https:\/\/www.arquimaster.com.ar\/web\/wp-content\/uploads\/2014\/09\/local_antiguedades31-150x150.jpg\" class=\"attachment-thumbnail size-thumbnail\" alt=\"\" aria-describedby=\"gallery-1-9678\" srcset=\"https:\/\/www.arquimaster.com.ar\/web\/wp-content\/uploads\/2014\/09\/local_antiguedades31-150x150.jpg 150w, https:\/\/www.arquimaster.com.ar\/web\/wp-content\/uploads\/2014\/09\/local_antiguedades31-50x50.jpg 50w, https:\/\/www.arquimaster.com.ar\/web\/wp-content\/uploads\/2014\/09\/local_antiguedades31-125x125.jpg 125w\" sizes=\"auto, (max-width: 150px) 100vw, 150px\" \/><\/a>\n\t\t\t<\/div>\n\t\t\t\t<figcaption class='wp-caption-text gallery-caption' id='gallery-1-9678'>\n\t\t\t\tPuesta en valor de Local de Antig\u00fcedades \/ Adriana Piastrellini y equipo (construccion)\n\t\t\t\t<\/figcaption><\/figure><figure class='gallery-item'>\n\t\t\t<div class='gallery-icon landscape'>\n\t\t\t\t<a href='https:\/\/www.arquimaster.com.ar\/web\/wp-content\/uploads\/2014\/09\/local_antiguedades32.jpg' title=\"Puesta en valor de Local de Antig\u00fcedades \/ Adriana Piastrellini y equipo (construccion)\" data-rl_title=\"Puesta en valor de Local de Antig\u00fcedades \/ Adriana Piastrellini y equipo (construccion)\" class=\"rl-gallery-link\" data-rl_caption=\"Puesta en valor de Local de Antig\u00fcedades \/ Adriana Piastrellini y equipo (construccion)\" data-rel=\"lightbox-gallery-1\"><img loading=\"lazy\" decoding=\"async\" width=\"150\" height=\"150\" src=\"https:\/\/www.arquimaster.com.ar\/web\/wp-content\/uploads\/2014\/09\/local_antiguedades32-150x150.jpg\" class=\"attachment-thumbnail size-thumbnail\" alt=\"\" aria-describedby=\"gallery-1-9679\" srcset=\"https:\/\/www.arquimaster.com.ar\/web\/wp-content\/uploads\/2014\/09\/local_antiguedades32-150x150.jpg 150w, https:\/\/www.arquimaster.com.ar\/web\/wp-content\/uploads\/2014\/09\/local_antiguedades32-50x50.jpg 50w, https:\/\/www.arquimaster.com.ar\/web\/wp-content\/uploads\/2014\/09\/local_antiguedades32-125x125.jpg 125w\" sizes=\"auto, (max-width: 150px) 100vw, 150px\" \/><\/a>\n\t\t\t<\/div>\n\t\t\t\t<figcaption class='wp-caption-text gallery-caption' id='gallery-1-9679'>\n\t\t\t\tPuesta en valor de Local de Antig\u00fcedades \/ Adriana Piastrellini y equipo (construccion)\n\t\t\t\t<\/figcaption><\/figure><figure class='gallery-item'>\n\t\t\t<div class='gallery-icon landscape'>\n\t\t\t\t<a href='https:\/\/www.arquimaster.com.ar\/web\/wp-content\/uploads\/2014\/09\/local_antiguedades33.jpg' title=\"Puesta en valor de Local de Antig\u00fcedades \/ Adriana Piastrellini y equipo (construccion)\" data-rl_title=\"Puesta en valor de Local de Antig\u00fcedades \/ Adriana Piastrellini y equipo (construccion)\" class=\"rl-gallery-link\" data-rl_caption=\"Puesta en valor de Local de Antig\u00fcedades \/ Adriana Piastrellini y equipo (construccion)\" data-rel=\"lightbox-gallery-1\"><img loading=\"lazy\" decoding=\"async\" width=\"150\" height=\"150\" src=\"https:\/\/www.arquimaster.com.ar\/web\/wp-content\/uploads\/2014\/09\/local_antiguedades33-150x150.jpg\" class=\"attachment-thumbnail size-thumbnail\" alt=\"\" aria-describedby=\"gallery-1-9680\" srcset=\"https:\/\/www.arquimaster.com.ar\/web\/wp-content\/uploads\/2014\/09\/local_antiguedades33-150x150.jpg 150w, https:\/\/www.arquimaster.com.ar\/web\/wp-content\/uploads\/2014\/09\/local_antiguedades33-50x50.jpg 50w, https:\/\/www.arquimaster.com.ar\/web\/wp-content\/uploads\/2014\/09\/local_antiguedades33-125x125.jpg 125w\" sizes=\"auto, (max-width: 150px) 100vw, 150px\" \/><\/a>\n\t\t\t<\/div>\n\t\t\t\t<figcaption class='wp-caption-text gallery-caption' id='gallery-1-9680'>\n\t\t\t\tPuesta en valor de Local de Antig\u00fcedades \/ Adriana Piastrellini y equipo (construccion)\n\t\t\t\t<\/figcaption><\/figure><figure class='gallery-item'>\n\t\t\t<div class='gallery-icon landscape'>\n\t\t\t\t<a href='https:\/\/www.arquimaster.com.ar\/web\/wp-content\/uploads\/2014\/09\/local_antiguedades34.jpg' title=\"Puesta en valor de Local de Antig\u00fcedades \/ Adriana Piastrellini y equipo (construccion)\" data-rl_title=\"Puesta en valor de Local de Antig\u00fcedades \/ Adriana Piastrellini y equipo (construccion)\" class=\"rl-gallery-link\" data-rl_caption=\"Puesta en valor de Local de Antig\u00fcedades \/ Adriana Piastrellini y equipo (construccion)\" data-rel=\"lightbox-gallery-1\"><img loading=\"lazy\" decoding=\"async\" width=\"150\" height=\"150\" src=\"https:\/\/www.arquimaster.com.ar\/web\/wp-content\/uploads\/2014\/09\/local_antiguedades34-150x150.jpg\" class=\"attachment-thumbnail size-thumbnail\" alt=\"\" aria-describedby=\"gallery-1-9681\" srcset=\"https:\/\/www.arquimaster.com.ar\/web\/wp-content\/uploads\/2014\/09\/local_antiguedades34-150x150.jpg 150w, https:\/\/www.arquimaster.com.ar\/web\/wp-content\/uploads\/2014\/09\/local_antiguedades34-50x50.jpg 50w, https:\/\/www.arquimaster.com.ar\/web\/wp-content\/uploads\/2014\/09\/local_antiguedades34-125x125.jpg 125w\" sizes=\"auto, (max-width: 150px) 100vw, 150px\" \/><\/a>\n\t\t\t<\/div>\n\t\t\t\t<figcaption class='wp-caption-text gallery-caption' id='gallery-1-9681'>\n\t\t\t\tPuesta en valor de Local de Antig\u00fcedades \/ Adriana Piastrellini y equipo (construccion)\n\t\t\t\t<\/figcaption><\/figure><figure class='gallery-item'>\n\t\t\t<div class='gallery-icon landscape'>\n\t\t\t\t<a href='https:\/\/www.arquimaster.com.ar\/web\/wp-content\/uploads\/2014\/09\/local_antiguedades35.jpg' title=\"Puesta en valor de Local de Antig\u00fcedades \/ Adriana Piastrellini y equipo (construccion)\" data-rl_title=\"Puesta en valor de Local de Antig\u00fcedades \/ Adriana Piastrellini y equipo (construccion)\" class=\"rl-gallery-link\" data-rl_caption=\"Puesta en valor de Local de Antig\u00fcedades \/ Adriana Piastrellini y equipo (construccion)\" data-rel=\"lightbox-gallery-1\"><img loading=\"lazy\" decoding=\"async\" width=\"150\" height=\"150\" src=\"https:\/\/www.arquimaster.com.ar\/web\/wp-content\/uploads\/2014\/09\/local_antiguedades35-150x150.jpg\" class=\"attachment-thumbnail size-thumbnail\" alt=\"\" aria-describedby=\"gallery-1-9682\" srcset=\"https:\/\/www.arquimaster.com.ar\/web\/wp-content\/uploads\/2014\/09\/local_antiguedades35-150x150.jpg 150w, https:\/\/www.arquimaster.com.ar\/web\/wp-content\/uploads\/2014\/09\/local_antiguedades35-50x50.jpg 50w, https:\/\/www.arquimaster.com.ar\/web\/wp-content\/uploads\/2014\/09\/local_antiguedades35-125x125.jpg 125w\" sizes=\"auto, (max-width: 150px) 100vw, 150px\" \/><\/a>\n\t\t\t<\/div>\n\t\t\t\t<figcaption class='wp-caption-text gallery-caption' id='gallery-1-9682'>\n\t\t\t\tPuesta en valor de Local de Antig\u00fcedades \/ Adriana Piastrellini y equipo (construccion)\n\t\t\t\t<\/figcaption><\/figure><figure class='gallery-item'>\n\t\t\t<div class='gallery-icon landscape'>\n\t\t\t\t<a href='https:\/\/www.arquimaster.com.ar\/web\/wp-content\/uploads\/2014\/09\/local_antiguedades36.jpg' title=\"Puesta en valor de Local de Antig\u00fcedades \/ Adriana Piastrellini y equipo (construccion)\" data-rl_title=\"Puesta en valor de Local de Antig\u00fcedades \/ Adriana Piastrellini y equipo (construccion)\" class=\"rl-gallery-link\" data-rl_caption=\"Puesta en valor de Local de Antig\u00fcedades \/ Adriana Piastrellini y equipo (construccion)\" data-rel=\"lightbox-gallery-1\"><img loading=\"lazy\" decoding=\"async\" width=\"150\" height=\"150\" src=\"https:\/\/www.arquimaster.com.ar\/web\/wp-content\/uploads\/2014\/09\/local_antiguedades36-150x150.jpg\" class=\"attachment-thumbnail size-thumbnail\" alt=\"\" aria-describedby=\"gallery-1-9683\" srcset=\"https:\/\/www.arquimaster.com.ar\/web\/wp-content\/uploads\/2014\/09\/local_antiguedades36-150x150.jpg 150w, https:\/\/www.arquimaster.com.ar\/web\/wp-content\/uploads\/2014\/09\/local_antiguedades36-50x50.jpg 50w, https:\/\/www.arquimaster.com.ar\/web\/wp-content\/uploads\/2014\/09\/local_antiguedades36-125x125.jpg 125w\" sizes=\"auto, (max-width: 150px) 100vw, 150px\" \/><\/a>\n\t\t\t<\/div>\n\t\t\t\t<figcaption class='wp-caption-text gallery-caption' id='gallery-1-9683'>\n\t\t\t\tPuesta en valor de Local de Antig\u00fcedades \/ Adriana Piastrellini y equipo (construccion)\n\t\t\t\t<\/figcaption><\/figure>\n\t\t<\/div>\n\n<p>El antiguo edificio de corte industrial ubicado en la calle Defensa fue refuncionalizado e incoporado al circuito Balcarce-Chile como el mas distinguido local de Antig\u00fcedades Art Deco y Nouveau de San Telmo. Actualmente el circuito se caracteriza por la concentraci\u00f3n de oferta nocturna con sus tanguer\u00edas, bares, restaurantes de gran categor\u00eda y casas de espect\u00e1culo.<\/p>\n<p>Dentro de este circuito se reconocen los siguientes edificios o lugares significativos: Bas\u00edlica Nuestra Se\u00f1ora del Rosario \/ Convento de Santo Domingo (Av. Belgrano y Defensa), Pasaje 5 de Julio, Complejo Cultural y Deportivo Suterh (Ex usina y talleres del diario La Prensa) (Venezuela 330), Casa de Liniers (Venezuela 469), Ex Casa de la Moneda (Defensa 630), Ex imprenta Stiller y Laas (Ex Compa\u00f1\u00eda Sudamericana de Billetes de Banco SA) (Chile 249\/63), Pasaje San Lorenzo (Defensa y Paseo Col\u00f3n), Casa M\u00ednima (Pasaje San Lorenzo 380), El Zanj\u00f3n de Granados (Defensa 755), Casa de Jos\u00e9 Hern\u00e1ndez (M\u00e9xico 524), Ex Biblioteca Nacional (M\u00e9xico 564).<\/p>\n<p>La propuesta tuvo su inspiraci\u00f3n m\u00e1s en cuestiones fuera de las disciplinas rigurosas de los estilos Art Deco o Art Nouveau y se baso en criterios eclecticos y aspectos irradiados desde la sustentabilidad, la funcionalidad y la tecnolog\u00eda para dar respuesta al destino y uso del local y a su programa de necesidades.<\/p>\n<p>Se propuso una gran caja monocrom\u00e1tica envolvente de doble altura que permitiera a modo expografico crear escenarios para los objetos, esculturas, mobiliarios y luminarias exhibidos.<\/p>\n<p>Manteniendo las cabriadas met\u00e1licas originales se cambiaron las zinguerias y chapas de la cubierta existente por chapas t\u00e9rmicas de 5 cm de espesor permitiendo un clima agradable y control de la tramitaci\u00f3n t\u00e9rmica.<\/p>\n<p>La parte superior de la cubierta se reemplazo por paneles de vidrios dobles con DVH y filtro solar tonalizado, creando un amplio lucernario que aseguro el ingreso de luz natural.<\/p>\n<p>Para darle a los apoyos de las cabriadas en los muros medianeros una adecuada terminaci\u00f3n, se crearon unas falsas columnas en planta baja y alta con doble capitel, facilitando en su interior la ubicaci\u00f3n de las ca\u00f1er\u00edas de la instalaci\u00f3n el\u00e9ctrica para derivarla luego a las cabriadas donde se exhibir\u00edan las luminarias, permitiendo al cliente una optima visualizaci\u00f3n.<\/p>\n<p>En el esquema de planta se visualiza un importante proyecto estructural para adecuar y rectificar las falsas escuadras de las losas existentes, vincular las mismas en planta alta y ubicar la escalera, que paso a ocupar un papel principal en la composici\u00f3n espacial del conjunto.<\/p>\n<p>Las losas fueron vinculadas por dos losas sin columnas de casi 7 metros de largo y de las cuales se colg\u00f3 la escalera met\u00e1lica cuyo \u00fanico punto de apoyo esta en el arranque.<\/p>\n<p>La escalera tenia que ser resuelta dentro de las limitaciones espaciales, ser lo suficientemente amplia para permitir el ascenso y descenso del mobiliario, y tener la transparencia y elegancia adecuadas para permitir la continuidad visual del local, adopt\u00e1ndose la soluci\u00f3n de construirla met\u00e1licamente con pedadas libres.<\/p>\n<p>El local que antiguamente en su destino anterior respond\u00eda a la necesidad de carga y descarga tenia, como se aprecia en el corte longitudinal el nivel del piso original en el sector posterior elevado a +1.20 metros.<\/p>\n<p>Por consiguiente para lograr una unidad espacial, hubo que submurar, apuntalar las losas y realizar el corte de las bases para refundarlas a -1.20 metros a partir del nuevo nivel adoptado como piso terminado +- 0.00 metros.<\/p>\n<p>Tambi\u00e9n hubo que realizar el descenso de los pluviales y adecuar las pendientes con c\u00e1mara de desborde.<\/p>\n<p>En las terminaciones interiores se destaca el trabajo de molduras de yeser\u00eda en cielorraso dentro del estilo Art Deco.<\/p>\n<p>La fachada mantuvo sus vanos originales en planta baja y en planta alta, que ya hab\u00eda sufrido modificaciones y no correspond\u00eda a la originalidad del edificio.<\/p>\n<p>Se opto por ampliar los ventanales respetando las geometr\u00edas sim\u00e9tricas de la los vanos de planta baja.<\/p>\n<p><strong>Ficha tecnica<\/strong><br \/>\nNombre: Refuncionalizacion y puesta en valor de Local de Antig\u00fcedades Art Deco y Nouveau<br \/>\nUbicacion: Defensa 1057, Ciudad de Buenos Aires, Argentina<br \/>\nAutor: Arq. Adriana Piastrellini<br \/>\nColaboradores: Arq. Javier Iturrioz, Arq. Karina Pacifico, Arq. Jorge Bagnuoli, Arq. Laura Guevara, Arq. Ingrid Kopak, Luciana Sacchi, Martin Fern\u00e1ndez<br \/>\nSuperficie: 639 m2<\/p>\n\n<div style=\"font-size: 0px; height: 0px; line-height: 0px; margin: 0; padding: 0; clear: both;\"><\/div><div style=\"margin-top: 0px; margin-bottom: 0px;\" class=\"sharethis-inline-share-buttons\" ><\/div>","protected":false},"excerpt":{"rendered":"<p>Antiguo edificio de corte industrial refuncionalizado e incoporado al circuito Balcarce-Chile&#8230;<\/p>\n","protected":false},"author":1,"featured_media":9647,"comment_status":"closed","ping_status":"closed","sticky":false,"template":"","format":"standard","meta":{"_uag_custom_page_level_css":"","footnotes":""},"categories":[1,82],"tags":[1116,1513,1226,724,2298,2644],"class_list":["post-9646","post","type-post","status-publish","format-standard","has-post-thumbnail","hentry","category-proyecto","category-rehabilitaciones","tag-adriana-piastrellini","tag-local-comercial","tag-patrimonio","tag-puesta-en-valor","tag-refuncionalizacion","tag-san-telmo","generate-columns","tablet-grid-50","mobile-grid-100","grid-parent","grid-50"],"yoast_head":"<!-- This site is optimized with the Yoast SEO plugin v27.3 - https:\/\/yoast.com\/product\/yoast-seo-wordpress\/ -->\n<title>Puesta en valor de Local de Antig\u00fcedades \/ Adriana Piastrellini y equipo - Arquimaster<\/title>\n<meta name=\"robots\" content=\"index, follow, max-snippet:-1, max-image-preview:large, max-video-preview:-1\" \/>\n<link rel=\"canonical\" href=\"https:\/\/www.arquimaster.com.ar\/web\/puesta-en-valor-de-local-de-antiguedades-adriana-piastrellini-y-equipo\/\" \/>\n<meta property=\"og:locale\" content=\"es_ES\" \/>\n<meta property=\"og:type\" content=\"article\" \/>\n<meta property=\"og:title\" content=\"Puesta en valor de Local de Antig\u00fcedades \/ Adriana Piastrellini y equipo - Arquimaster\" \/>\n<meta property=\"og:description\" content=\"Antiguo edificio de corte industrial refuncionalizado e incoporado al circuito Balcarce-Chile...\" \/>\n<meta property=\"og:url\" content=\"https:\/\/www.arquimaster.com.ar\/web\/puesta-en-valor-de-local-de-antiguedades-adriana-piastrellini-y-equipo\/\" \/>\n<meta property=\"og:site_name\" content=\"Arquimaster\" \/>\n<meta property=\"article:publisher\" content=\"http:\/\/www.facebook.com\/ARQUIMASTER.com.ar\" \/>\n<meta property=\"article:published_time\" content=\"2014-09-20T21:17:09+00:00\" \/>\n<meta property=\"og:image\" content=\"https:\/\/www.arquimaster.com.ar\/web\/wp-content\/uploads\/2014\/09\/local_antiguedades_slide.jpg\" \/>\n\t<meta property=\"og:image:width\" content=\"642\" \/>\n\t<meta property=\"og:image:height\" content=\"336\" \/>\n\t<meta property=\"og:image:type\" content=\"image\/jpeg\" \/>\n<meta name=\"author\" content=\"Arquimaster\" \/>\n<meta name=\"twitter:card\" content=\"summary_large_image\" \/>\n<meta name=\"twitter:creator\" content=\"@arquimaster\" \/>\n<meta name=\"twitter:site\" content=\"@arquimaster\" \/>\n<meta name=\"twitter:label1\" content=\"Escrito por\" \/>\n\t<meta name=\"twitter:data1\" content=\"Arquimaster\" \/>\n\t<meta name=\"twitter:label2\" content=\"Tiempo de lectura\" \/>\n\t<meta name=\"twitter:data2\" content=\"4 minutos\" \/>\n<script type=\"application\/ld+json\" class=\"yoast-schema-graph\">{\"@context\":\"https:\\\/\\\/schema.org\",\"@graph\":[{\"@type\":\"Article\",\"@id\":\"https:\\\/\\\/www.arquimaster.com.ar\\\/web\\\/puesta-en-valor-de-local-de-antiguedades-adriana-piastrellini-y-equipo\\\/#article\",\"isPartOf\":{\"@id\":\"https:\\\/\\\/www.arquimaster.com.ar\\\/web\\\/puesta-en-valor-de-local-de-antiguedades-adriana-piastrellini-y-equipo\\\/\"},\"author\":{\"name\":\"Arquimaster\",\"@id\":\"https:\\\/\\\/www.arquimaster.com.ar\\\/web\\\/#\\\/schema\\\/person\\\/359e9f7c00193fcde068e0dd2ceb0028\"},\"headline\":\"Puesta en valor de Local de Antig\u00fcedades \\\/ Adriana Piastrellini y equipo\",\"datePublished\":\"2014-09-20T21:17:09+00:00\",\"mainEntityOfPage\":{\"@id\":\"https:\\\/\\\/www.arquimaster.com.ar\\\/web\\\/puesta-en-valor-de-local-de-antiguedades-adriana-piastrellini-y-equipo\\\/\"},\"wordCount\":807,\"publisher\":{\"@id\":\"https:\\\/\\\/www.arquimaster.com.ar\\\/web\\\/#organization\"},\"image\":{\"@id\":\"https:\\\/\\\/www.arquimaster.com.ar\\\/web\\\/puesta-en-valor-de-local-de-antiguedades-adriana-piastrellini-y-equipo\\\/#primaryimage\"},\"thumbnailUrl\":\"https:\\\/\\\/www.arquimaster.com.ar\\\/web\\\/wp-content\\\/uploads\\\/2014\\\/09\\\/local_antiguedades_slide.jpg\",\"keywords\":[\"Adriana Piastrellini\",\"locales comerciales\",\"patrimonio\",\"puesta en valor\",\"refuncionalizaci\u00f3n\",\"San Telmo\"],\"articleSection\":[\"Proyecto\",\"Rehabilitaciones y ampliaciones\"],\"inLanguage\":\"es\"},{\"@type\":\"WebPage\",\"@id\":\"https:\\\/\\\/www.arquimaster.com.ar\\\/web\\\/puesta-en-valor-de-local-de-antiguedades-adriana-piastrellini-y-equipo\\\/\",\"url\":\"https:\\\/\\\/www.arquimaster.com.ar\\\/web\\\/puesta-en-valor-de-local-de-antiguedades-adriana-piastrellini-y-equipo\\\/\",\"name\":\"Puesta en valor de Local de Antig\u00fcedades \\\/ Adriana Piastrellini y equipo - Arquimaster\",\"isPartOf\":{\"@id\":\"https:\\\/\\\/www.arquimaster.com.ar\\\/web\\\/#website\"},\"primaryImageOfPage\":{\"@id\":\"https:\\\/\\\/www.arquimaster.com.ar\\\/web\\\/puesta-en-valor-de-local-de-antiguedades-adriana-piastrellini-y-equipo\\\/#primaryimage\"},\"image\":{\"@id\":\"https:\\\/\\\/www.arquimaster.com.ar\\\/web\\\/puesta-en-valor-de-local-de-antiguedades-adriana-piastrellini-y-equipo\\\/#primaryimage\"},\"thumbnailUrl\":\"https:\\\/\\\/www.arquimaster.com.ar\\\/web\\\/wp-content\\\/uploads\\\/2014\\\/09\\\/local_antiguedades_slide.jpg\",\"datePublished\":\"2014-09-20T21:17:09+00:00\",\"breadcrumb\":{\"@id\":\"https:\\\/\\\/www.arquimaster.com.ar\\\/web\\\/puesta-en-valor-de-local-de-antiguedades-adriana-piastrellini-y-equipo\\\/#breadcrumb\"},\"inLanguage\":\"es\",\"potentialAction\":[{\"@type\":\"ReadAction\",\"target\":[\"https:\\\/\\\/www.arquimaster.com.ar\\\/web\\\/puesta-en-valor-de-local-de-antiguedades-adriana-piastrellini-y-equipo\\\/\"]}]},{\"@type\":\"ImageObject\",\"inLanguage\":\"es\",\"@id\":\"https:\\\/\\\/www.arquimaster.com.ar\\\/web\\\/puesta-en-valor-de-local-de-antiguedades-adriana-piastrellini-y-equipo\\\/#primaryimage\",\"url\":\"https:\\\/\\\/www.arquimaster.com.ar\\\/web\\\/wp-content\\\/uploads\\\/2014\\\/09\\\/local_antiguedades_slide.jpg\",\"contentUrl\":\"https:\\\/\\\/www.arquimaster.com.ar\\\/web\\\/wp-content\\\/uploads\\\/2014\\\/09\\\/local_antiguedades_slide.jpg\",\"width\":642,\"height\":336},{\"@type\":\"BreadcrumbList\",\"@id\":\"https:\\\/\\\/www.arquimaster.com.ar\\\/web\\\/puesta-en-valor-de-local-de-antiguedades-adriana-piastrellini-y-equipo\\\/#breadcrumb\",\"itemListElement\":[{\"@type\":\"ListItem\",\"position\":1,\"name\":\"Portada\",\"item\":\"https:\\\/\\\/www.arquimaster.com.ar\\\/web\\\/\"},{\"@type\":\"ListItem\",\"position\":2,\"name\":\"Puesta en valor de Local de Antig\u00fcedades \\\/ Adriana Piastrellini y equipo\"}]},{\"@type\":\"WebSite\",\"@id\":\"https:\\\/\\\/www.arquimaster.com.ar\\\/web\\\/#website\",\"url\":\"https:\\\/\\\/www.arquimaster.com.ar\\\/web\\\/\",\"name\":\"Arquimaster\",\"description\":\"Web de arquitectura, dise\u00f1o y construccion\",\"publisher\":{\"@id\":\"https:\\\/\\\/www.arquimaster.com.ar\\\/web\\\/#organization\"},\"potentialAction\":[{\"@type\":\"SearchAction\",\"target\":{\"@type\":\"EntryPoint\",\"urlTemplate\":\"https:\\\/\\\/www.arquimaster.com.ar\\\/web\\\/?s={search_term_string}\"},\"query-input\":{\"@type\":\"PropertyValueSpecification\",\"valueRequired\":true,\"valueName\":\"search_term_string\"}}],\"inLanguage\":\"es\"},{\"@type\":\"Organization\",\"@id\":\"https:\\\/\\\/www.arquimaster.com.ar\\\/web\\\/#organization\",\"name\":\"Arquimaster\",\"url\":\"https:\\\/\\\/www.arquimaster.com.ar\\\/web\\\/\",\"logo\":{\"@type\":\"ImageObject\",\"inLanguage\":\"es\",\"@id\":\"https:\\\/\\\/www.arquimaster.com.ar\\\/web\\\/#\\\/schema\\\/logo\\\/image\\\/\",\"url\":\"https:\\\/\\\/www.arquimaster.com.ar\\\/web\\\/wp-content\\\/uploads\\\/2022\\\/06\\\/arquimaster.png\",\"contentUrl\":\"https:\\\/\\\/www.arquimaster.com.ar\\\/web\\\/wp-content\\\/uploads\\\/2022\\\/06\\\/arquimaster.png\",\"width\":594,\"height\":78,\"caption\":\"Arquimaster\"},\"image\":{\"@id\":\"https:\\\/\\\/www.arquimaster.com.ar\\\/web\\\/#\\\/schema\\\/logo\\\/image\\\/\"},\"sameAs\":[\"http:\\\/\\\/www.facebook.com\\\/ARQUIMASTER.com.ar\",\"https:\\\/\\\/x.com\\\/arquimaster\",\"https:\\\/\\\/www.instagram.com\\\/arquimasterblog\\\/\",\"https:\\\/\\\/www.linkedin.com\\\/company\\\/arquimaster\",\"https:\\\/\\\/www.pinterest.com\\\/arquimaster\",\"https:\\\/\\\/t.me\\\/arquimaster\"]},{\"@type\":\"Person\",\"@id\":\"https:\\\/\\\/www.arquimaster.com.ar\\\/web\\\/#\\\/schema\\\/person\\\/359e9f7c00193fcde068e0dd2ceb0028\",\"name\":\"Arquimaster\"}]}<\/script>\n<!-- \/ Yoast SEO plugin. -->","yoast_head_json":{"title":"Puesta en valor de Local de Antig\u00fcedades \/ Adriana Piastrellini y equipo - Arquimaster","robots":{"index":"index","follow":"follow","max-snippet":"max-snippet:-1","max-image-preview":"max-image-preview:large","max-video-preview":"max-video-preview:-1"},"canonical":"https:\/\/www.arquimaster.com.ar\/web\/puesta-en-valor-de-local-de-antiguedades-adriana-piastrellini-y-equipo\/","og_locale":"es_ES","og_type":"article","og_title":"Puesta en valor de Local de Antig\u00fcedades \/ Adriana Piastrellini y equipo - Arquimaster","og_description":"Antiguo edificio de corte industrial refuncionalizado e incoporado al circuito Balcarce-Chile...","og_url":"https:\/\/www.arquimaster.com.ar\/web\/puesta-en-valor-de-local-de-antiguedades-adriana-piastrellini-y-equipo\/","og_site_name":"Arquimaster","article_publisher":"http:\/\/www.facebook.com\/ARQUIMASTER.com.ar","article_published_time":"2014-09-20T21:17:09+00:00","og_image":[{"width":642,"height":336,"url":"https:\/\/www.arquimaster.com.ar\/web\/wp-content\/uploads\/2014\/09\/local_antiguedades_slide.jpg","type":"image\/jpeg"}],"author":"Arquimaster","twitter_card":"summary_large_image","twitter_creator":"@arquimaster","twitter_site":"@arquimaster","twitter_misc":{"Escrito por":"Arquimaster","Tiempo de lectura":"4 minutos"},"schema":{"@context":"https:\/\/schema.org","@graph":[{"@type":"Article","@id":"https:\/\/www.arquimaster.com.ar\/web\/puesta-en-valor-de-local-de-antiguedades-adriana-piastrellini-y-equipo\/#article","isPartOf":{"@id":"https:\/\/www.arquimaster.com.ar\/web\/puesta-en-valor-de-local-de-antiguedades-adriana-piastrellini-y-equipo\/"},"author":{"name":"Arquimaster","@id":"https:\/\/www.arquimaster.com.ar\/web\/#\/schema\/person\/359e9f7c00193fcde068e0dd2ceb0028"},"headline":"Puesta en valor de Local de Antig\u00fcedades \/ Adriana Piastrellini y equipo","datePublished":"2014-09-20T21:17:09+00:00","mainEntityOfPage":{"@id":"https:\/\/www.arquimaster.com.ar\/web\/puesta-en-valor-de-local-de-antiguedades-adriana-piastrellini-y-equipo\/"},"wordCount":807,"publisher":{"@id":"https:\/\/www.arquimaster.com.ar\/web\/#organization"},"image":{"@id":"https:\/\/www.arquimaster.com.ar\/web\/puesta-en-valor-de-local-de-antiguedades-adriana-piastrellini-y-equipo\/#primaryimage"},"thumbnailUrl":"https:\/\/www.arquimaster.com.ar\/web\/wp-content\/uploads\/2014\/09\/local_antiguedades_slide.jpg","keywords":["Adriana Piastrellini","locales comerciales","patrimonio","puesta en valor","refuncionalizaci\u00f3n","San Telmo"],"articleSection":["Proyecto","Rehabilitaciones y ampliaciones"],"inLanguage":"es"},{"@type":"WebPage","@id":"https:\/\/www.arquimaster.com.ar\/web\/puesta-en-valor-de-local-de-antiguedades-adriana-piastrellini-y-equipo\/","url":"https:\/\/www.arquimaster.com.ar\/web\/puesta-en-valor-de-local-de-antiguedades-adriana-piastrellini-y-equipo\/","name":"Puesta en valor de Local de Antig\u00fcedades \/ Adriana Piastrellini y equipo - Arquimaster","isPartOf":{"@id":"https:\/\/www.arquimaster.com.ar\/web\/#website"},"primaryImageOfPage":{"@id":"https:\/\/www.arquimaster.com.ar\/web\/puesta-en-valor-de-local-de-antiguedades-adriana-piastrellini-y-equipo\/#primaryimage"},"image":{"@id":"https:\/\/www.arquimaster.com.ar\/web\/puesta-en-valor-de-local-de-antiguedades-adriana-piastrellini-y-equipo\/#primaryimage"},"thumbnailUrl":"https:\/\/www.arquimaster.com.ar\/web\/wp-content\/uploads\/2014\/09\/local_antiguedades_slide.jpg","datePublished":"2014-09-20T21:17:09+00:00","breadcrumb":{"@id":"https:\/\/www.arquimaster.com.ar\/web\/puesta-en-valor-de-local-de-antiguedades-adriana-piastrellini-y-equipo\/#breadcrumb"},"inLanguage":"es","potentialAction":[{"@type":"ReadAction","target":["https:\/\/www.arquimaster.com.ar\/web\/puesta-en-valor-de-local-de-antiguedades-adriana-piastrellini-y-equipo\/"]}]},{"@type":"ImageObject","inLanguage":"es","@id":"https:\/\/www.arquimaster.com.ar\/web\/puesta-en-valor-de-local-de-antiguedades-adriana-piastrellini-y-equipo\/#primaryimage","url":"https:\/\/www.arquimaster.com.ar\/web\/wp-content\/uploads\/2014\/09\/local_antiguedades_slide.jpg","contentUrl":"https:\/\/www.arquimaster.com.ar\/web\/wp-content\/uploads\/2014\/09\/local_antiguedades_slide.jpg","width":642,"height":336},{"@type":"BreadcrumbList","@id":"https:\/\/www.arquimaster.com.ar\/web\/puesta-en-valor-de-local-de-antiguedades-adriana-piastrellini-y-equipo\/#breadcrumb","itemListElement":[{"@type":"ListItem","position":1,"name":"Portada","item":"https:\/\/www.arquimaster.com.ar\/web\/"},{"@type":"ListItem","position":2,"name":"Puesta en valor de Local de Antig\u00fcedades \/ Adriana Piastrellini y equipo"}]},{"@type":"WebSite","@id":"https:\/\/www.arquimaster.com.ar\/web\/#website","url":"https:\/\/www.arquimaster.com.ar\/web\/","name":"Arquimaster","description":"Web de arquitectura, dise\u00f1o y construccion","publisher":{"@id":"https:\/\/www.arquimaster.com.ar\/web\/#organization"},"potentialAction":[{"@type":"SearchAction","target":{"@type":"EntryPoint","urlTemplate":"https:\/\/www.arquimaster.com.ar\/web\/?s={search_term_string}"},"query-input":{"@type":"PropertyValueSpecification","valueRequired":true,"valueName":"search_term_string"}}],"inLanguage":"es"},{"@type":"Organization","@id":"https:\/\/www.arquimaster.com.ar\/web\/#organization","name":"Arquimaster","url":"https:\/\/www.arquimaster.com.ar\/web\/","logo":{"@type":"ImageObject","inLanguage":"es","@id":"https:\/\/www.arquimaster.com.ar\/web\/#\/schema\/logo\/image\/","url":"https:\/\/www.arquimaster.com.ar\/web\/wp-content\/uploads\/2022\/06\/arquimaster.png","contentUrl":"https:\/\/www.arquimaster.com.ar\/web\/wp-content\/uploads\/2022\/06\/arquimaster.png","width":594,"height":78,"caption":"Arquimaster"},"image":{"@id":"https:\/\/www.arquimaster.com.ar\/web\/#\/schema\/logo\/image\/"},"sameAs":["http:\/\/www.facebook.com\/ARQUIMASTER.com.ar","https:\/\/x.com\/arquimaster","https:\/\/www.instagram.com\/arquimasterblog\/","https:\/\/www.linkedin.com\/company\/arquimaster","https:\/\/www.pinterest.com\/arquimaster","https:\/\/t.me\/arquimaster"]},{"@type":"Person","@id":"https:\/\/www.arquimaster.com.ar\/web\/#\/schema\/person\/359e9f7c00193fcde068e0dd2ceb0028","name":"Arquimaster"}]}},"uagb_featured_image_src":{"full":["https:\/\/www.arquimaster.com.ar\/web\/wp-content\/uploads\/2014\/09\/local_antiguedades_slide.jpg",642,336,false],"thumbnail":["https:\/\/www.arquimaster.com.ar\/web\/wp-content\/uploads\/2014\/09\/local_antiguedades_slide-150x150.jpg",150,150,true],"medium":["https:\/\/www.arquimaster.com.ar\/web\/wp-content\/uploads\/2014\/09\/local_antiguedades_slide-300x157.jpg",300,157,true],"medium_large":["https:\/\/www.arquimaster.com.ar\/web\/wp-content\/uploads\/2014\/09\/local_antiguedades_slide.jpg",642,336,false],"large":["https:\/\/www.arquimaster.com.ar\/web\/wp-content\/uploads\/2014\/09\/local_antiguedades_slide.jpg",642,336,false],"1536x1536":["https:\/\/www.arquimaster.com.ar\/web\/wp-content\/uploads\/2014\/09\/local_antiguedades_slide.jpg",642,336,false],"2048x2048":["https:\/\/www.arquimaster.com.ar\/web\/wp-content\/uploads\/2014\/09\/local_antiguedades_slide.jpg",642,336,false]},"uagb_author_info":{"display_name":"Arquimaster","author_link":"https:\/\/www.arquimaster.com.ar\/web\/author\/arquimaster\/"},"uagb_comment_info":0,"uagb_excerpt":"Antiguo edificio de corte industrial refuncionalizado e incoporado al circuito Balcarce-Chile...","_links":{"self":[{"href":"https:\/\/www.arquimaster.com.ar\/web\/wp-json\/wp\/v2\/posts\/9646","targetHints":{"allow":["GET"]}}],"collection":[{"href":"https:\/\/www.arquimaster.com.ar\/web\/wp-json\/wp\/v2\/posts"}],"about":[{"href":"https:\/\/www.arquimaster.com.ar\/web\/wp-json\/wp\/v2\/types\/post"}],"author":[{"embeddable":true,"href":"https:\/\/www.arquimaster.com.ar\/web\/wp-json\/wp\/v2\/users\/1"}],"replies":[{"embeddable":true,"href":"https:\/\/www.arquimaster.com.ar\/web\/wp-json\/wp\/v2\/comments?post=9646"}],"version-history":[{"count":0,"href":"https:\/\/www.arquimaster.com.ar\/web\/wp-json\/wp\/v2\/posts\/9646\/revisions"}],"wp:featuredmedia":[{"embeddable":true,"href":"https:\/\/www.arquimaster.com.ar\/web\/wp-json\/wp\/v2\/media\/9647"}],"wp:attachment":[{"href":"https:\/\/www.arquimaster.com.ar\/web\/wp-json\/wp\/v2\/media?parent=9646"}],"wp:term":[{"taxonomy":"category","embeddable":true,"href":"https:\/\/www.arquimaster.com.ar\/web\/wp-json\/wp\/v2\/categories?post=9646"},{"taxonomy":"post_tag","embeddable":true,"href":"https:\/\/www.arquimaster.com.ar\/web\/wp-json\/wp\/v2\/tags?post=9646"}],"curies":[{"name":"wp","href":"https:\/\/api.w.org\/{rel}","templated":true}]}}