{"id":9906,"date":"2014-10-04T14:58:45","date_gmt":"2014-10-04T14:58:45","guid":{"rendered":"http:\/\/www.arquimaster.com.ar\/web\/?p=9906"},"modified":"2014-10-04T21:10:13","modified_gmt":"2014-10-04T21:10:13","slug":"proyecto-centro-islamico-y-mezquita-martina-de-barba","status":"publish","type":"post","link":"https:\/\/www.arquimaster.com.ar\/web\/proyecto-centro-islamico-y-mezquita-martina-de-barba\/","title":{"rendered":"Proyecto Centro isl\u00e1mico y mezquita \/ Martina De Barba"},"content":{"rendered":"<div style=\"margin-top: 0px; margin-bottom: 0px;\" class=\"sharethis-inline-share-buttons\" ><\/div><div class=\"b812932af2e751442846f039925109de\" data-index=\"1\" style=\"float: none; margin:25px 0 25px 0; text-align:center;\">\n<script async src=\"https:\/\/pagead2.googlesyndication.com\/pagead\/js\/adsbygoogle.js\"><\/script>\r\n<!-- Arquimaster (superior) -->\r\n<ins class=\"adsbygoogle\"\r\n     style=\"display:block\"\r\n     data-ad-client=\"ca-pub-6351072698456832\"\r\n     data-ad-slot=\"6455489680\"\r\n     data-ad-format=\"auto\"\r\n     data-full-width-responsive=\"true\"><\/ins>\r\n<script>\r\n     (adsbygoogle = window.adsbygoogle || []).push({});\r\n<\/script>\n<\/div>\n<p><strong>Proyecto Centro isl\u00e1mico y mezquita<\/strong> (Barcelona, Espa\u00f1a) por <strong>Martina De Barba<\/strong>. Proyecto realizado en el marco de la c\u00e1tedra Gallego (cuarto a\u00f1o) de la Escuela T\u00e9cnica Superior de Arquitectura de Barcelona.<\/p>\n<div id='gallery-1' class='gallery galleryid-9906 gallery-columns-3 gallery-size-thumbnail'><figure class='gallery-item'>\n\t\t\t<div class='gallery-icon landscape'>\n\t\t\t\t<a href='https:\/\/www.arquimaster.com.ar\/web\/wp-content\/uploads\/2014\/10\/centro_islamico_mezquita1.jpg' title=\"Proyecto Centro isl\u00e1mico y mezquita \/ Martina De Barba\" data-rl_title=\"Proyecto Centro isl\u00e1mico y mezquita \/ Martina De Barba\" class=\"rl-gallery-link\" data-rl_caption=\"Proyecto Centro isl\u00e1mico y mezquita \/ Martina De Barba\" data-rel=\"lightbox-gallery-1\"><img loading=\"lazy\" decoding=\"async\" width=\"150\" height=\"150\" src=\"https:\/\/www.arquimaster.com.ar\/web\/wp-content\/uploads\/2014\/10\/centro_islamico_mezquita1-150x150.jpg\" class=\"attachment-thumbnail size-thumbnail\" alt=\"\" aria-describedby=\"gallery-1-9908\" srcset=\"https:\/\/www.arquimaster.com.ar\/web\/wp-content\/uploads\/2014\/10\/centro_islamico_mezquita1-150x150.jpg 150w, https:\/\/www.arquimaster.com.ar\/web\/wp-content\/uploads\/2014\/10\/centro_islamico_mezquita1-50x50.jpg 50w, https:\/\/www.arquimaster.com.ar\/web\/wp-content\/uploads\/2014\/10\/centro_islamico_mezquita1-125x125.jpg 125w\" sizes=\"auto, (max-width: 150px) 100vw, 150px\" \/><\/a>\n\t\t\t<\/div>\n\t\t\t\t<figcaption class='wp-caption-text gallery-caption' id='gallery-1-9908'>\n\t\t\t\tProyecto Centro isl\u00e1mico y mezquita \/ Martina De Barba\n\t\t\t\t<\/figcaption><\/figure><figure class='gallery-item'>\n\t\t\t<div class='gallery-icon landscape'>\n\t\t\t\t<a href='https:\/\/www.arquimaster.com.ar\/web\/wp-content\/uploads\/2014\/10\/centro_islamico_mezquita2.jpg' title=\"Proyecto Centro isl\u00e1mico y mezquita \/ Martina De Barba\" data-rl_title=\"Proyecto Centro isl\u00e1mico y mezquita \/ Martina De Barba\" class=\"rl-gallery-link\" data-rl_caption=\"Proyecto Centro isl\u00e1mico y mezquita \/ Martina De Barba\" data-rel=\"lightbox-gallery-1\"><img loading=\"lazy\" decoding=\"async\" width=\"150\" height=\"150\" src=\"https:\/\/www.arquimaster.com.ar\/web\/wp-content\/uploads\/2014\/10\/centro_islamico_mezquita2-150x150.jpg\" class=\"attachment-thumbnail size-thumbnail\" alt=\"\" aria-describedby=\"gallery-1-9909\" srcset=\"https:\/\/www.arquimaster.com.ar\/web\/wp-content\/uploads\/2014\/10\/centro_islamico_mezquita2-150x150.jpg 150w, https:\/\/www.arquimaster.com.ar\/web\/wp-content\/uploads\/2014\/10\/centro_islamico_mezquita2-50x50.jpg 50w, https:\/\/www.arquimaster.com.ar\/web\/wp-content\/uploads\/2014\/10\/centro_islamico_mezquita2-125x125.jpg 125w\" sizes=\"auto, (max-width: 150px) 100vw, 150px\" \/><\/a>\n\t\t\t<\/div>\n\t\t\t\t<figcaption class='wp-caption-text gallery-caption' id='gallery-1-9909'>\n\t\t\t\tProyecto Centro isl\u00e1mico y mezquita \/ Martina De Barba\n\t\t\t\t<\/figcaption><\/figure><figure class='gallery-item'>\n\t\t\t<div class='gallery-icon landscape'>\n\t\t\t\t<a href='https:\/\/www.arquimaster.com.ar\/web\/wp-content\/uploads\/2014\/10\/centro_islamico_mezquita3.jpg' title=\"Proyecto Centro isl\u00e1mico y mezquita \/ Martina De Barba\" data-rl_title=\"Proyecto Centro isl\u00e1mico y mezquita \/ Martina De Barba\" class=\"rl-gallery-link\" data-rl_caption=\"Proyecto Centro isl\u00e1mico y mezquita \/ Martina De Barba\" data-rel=\"lightbox-gallery-1\"><img loading=\"lazy\" decoding=\"async\" width=\"150\" height=\"150\" src=\"https:\/\/www.arquimaster.com.ar\/web\/wp-content\/uploads\/2014\/10\/centro_islamico_mezquita3-150x150.jpg\" class=\"attachment-thumbnail size-thumbnail\" alt=\"\" aria-describedby=\"gallery-1-9910\" srcset=\"https:\/\/www.arquimaster.com.ar\/web\/wp-content\/uploads\/2014\/10\/centro_islamico_mezquita3-150x150.jpg 150w, https:\/\/www.arquimaster.com.ar\/web\/wp-content\/uploads\/2014\/10\/centro_islamico_mezquita3-50x50.jpg 50w, https:\/\/www.arquimaster.com.ar\/web\/wp-content\/uploads\/2014\/10\/centro_islamico_mezquita3-125x125.jpg 125w\" sizes=\"auto, (max-width: 150px) 100vw, 150px\" \/><\/a>\n\t\t\t<\/div>\n\t\t\t\t<figcaption class='wp-caption-text gallery-caption' id='gallery-1-9910'>\n\t\t\t\tProyecto Centro isl\u00e1mico y mezquita \/ Martina De Barba\n\t\t\t\t<\/figcaption><\/figure><figure class='gallery-item'>\n\t\t\t<div class='gallery-icon landscape'>\n\t\t\t\t<a href='https:\/\/www.arquimaster.com.ar\/web\/wp-content\/uploads\/2014\/10\/centro_islamico_mezquita4.jpg' title=\"Proyecto Centro isl\u00e1mico y mezquita \/ Martina De Barba\" data-rl_title=\"Proyecto Centro isl\u00e1mico y mezquita \/ Martina De Barba\" class=\"rl-gallery-link\" data-rl_caption=\"Proyecto Centro isl\u00e1mico y mezquita \/ Martina De Barba\" data-rel=\"lightbox-gallery-1\"><img loading=\"lazy\" decoding=\"async\" width=\"150\" height=\"150\" src=\"https:\/\/www.arquimaster.com.ar\/web\/wp-content\/uploads\/2014\/10\/centro_islamico_mezquita4-150x150.jpg\" class=\"attachment-thumbnail size-thumbnail\" alt=\"\" aria-describedby=\"gallery-1-9911\" srcset=\"https:\/\/www.arquimaster.com.ar\/web\/wp-content\/uploads\/2014\/10\/centro_islamico_mezquita4-150x150.jpg 150w, https:\/\/www.arquimaster.com.ar\/web\/wp-content\/uploads\/2014\/10\/centro_islamico_mezquita4-50x50.jpg 50w, https:\/\/www.arquimaster.com.ar\/web\/wp-content\/uploads\/2014\/10\/centro_islamico_mezquita4-125x125.jpg 125w\" sizes=\"auto, (max-width: 150px) 100vw, 150px\" \/><\/a>\n\t\t\t<\/div>\n\t\t\t\t<figcaption class='wp-caption-text gallery-caption' id='gallery-1-9911'>\n\t\t\t\tProyecto Centro isl\u00e1mico y mezquita \/ Martina De Barba\n\t\t\t\t<\/figcaption><\/figure><figure class='gallery-item'>\n\t\t\t<div class='gallery-icon landscape'>\n\t\t\t\t<a href='https:\/\/www.arquimaster.com.ar\/web\/wp-content\/uploads\/2014\/10\/centro_islamico_mezquita5.jpg' title=\"Proyecto Centro isl\u00e1mico y mezquita \/ Martina De Barba\" data-rl_title=\"Proyecto Centro isl\u00e1mico y mezquita \/ Martina De Barba\" class=\"rl-gallery-link\" data-rl_caption=\"Proyecto Centro isl\u00e1mico y mezquita \/ Martina De Barba\" data-rel=\"lightbox-gallery-1\"><img loading=\"lazy\" decoding=\"async\" width=\"150\" height=\"150\" src=\"https:\/\/www.arquimaster.com.ar\/web\/wp-content\/uploads\/2014\/10\/centro_islamico_mezquita5-150x150.jpg\" class=\"attachment-thumbnail size-thumbnail\" alt=\"\" aria-describedby=\"gallery-1-9912\" srcset=\"https:\/\/www.arquimaster.com.ar\/web\/wp-content\/uploads\/2014\/10\/centro_islamico_mezquita5-150x150.jpg 150w, https:\/\/www.arquimaster.com.ar\/web\/wp-content\/uploads\/2014\/10\/centro_islamico_mezquita5-50x50.jpg 50w, https:\/\/www.arquimaster.com.ar\/web\/wp-content\/uploads\/2014\/10\/centro_islamico_mezquita5-125x125.jpg 125w\" sizes=\"auto, (max-width: 150px) 100vw, 150px\" \/><\/a>\n\t\t\t<\/div>\n\t\t\t\t<figcaption class='wp-caption-text gallery-caption' id='gallery-1-9912'>\n\t\t\t\tProyecto Centro isl\u00e1mico y mezquita \/ Martina De Barba\n\t\t\t\t<\/figcaption><\/figure><figure class='gallery-item'>\n\t\t\t<div class='gallery-icon landscape'>\n\t\t\t\t<a href='https:\/\/www.arquimaster.com.ar\/web\/wp-content\/uploads\/2014\/10\/centro_islamico_mezquita6.jpg' title=\"Proyecto Centro isl\u00e1mico y mezquita \/ Martina De Barba\" data-rl_title=\"Proyecto Centro isl\u00e1mico y mezquita \/ Martina De Barba\" class=\"rl-gallery-link\" data-rl_caption=\"Proyecto Centro isl\u00e1mico y mezquita \/ Martina De Barba\" data-rel=\"lightbox-gallery-1\"><img loading=\"lazy\" decoding=\"async\" width=\"150\" height=\"150\" src=\"https:\/\/www.arquimaster.com.ar\/web\/wp-content\/uploads\/2014\/10\/centro_islamico_mezquita6-150x150.jpg\" class=\"attachment-thumbnail size-thumbnail\" alt=\"\" aria-describedby=\"gallery-1-9913\" srcset=\"https:\/\/www.arquimaster.com.ar\/web\/wp-content\/uploads\/2014\/10\/centro_islamico_mezquita6-150x150.jpg 150w, https:\/\/www.arquimaster.com.ar\/web\/wp-content\/uploads\/2014\/10\/centro_islamico_mezquita6-50x50.jpg 50w, https:\/\/www.arquimaster.com.ar\/web\/wp-content\/uploads\/2014\/10\/centro_islamico_mezquita6-125x125.jpg 125w\" sizes=\"auto, (max-width: 150px) 100vw, 150px\" \/><\/a>\n\t\t\t<\/div>\n\t\t\t\t<figcaption class='wp-caption-text gallery-caption' id='gallery-1-9913'>\n\t\t\t\tProyecto Centro isl\u00e1mico y mezquita \/ Martina De Barba\n\t\t\t\t<\/figcaption><\/figure><figure class='gallery-item'>\n\t\t\t<div class='gallery-icon landscape'>\n\t\t\t\t<a href='https:\/\/www.arquimaster.com.ar\/web\/wp-content\/uploads\/2014\/10\/centro_islamico_mezquita7.jpg' title=\"Proyecto Centro isl\u00e1mico y mezquita \/ Martina De Barba\" data-rl_title=\"Proyecto Centro isl\u00e1mico y mezquita \/ Martina De Barba\" class=\"rl-gallery-link\" data-rl_caption=\"Proyecto Centro isl\u00e1mico y mezquita \/ Martina De Barba\" data-rel=\"lightbox-gallery-1\"><img loading=\"lazy\" decoding=\"async\" width=\"150\" height=\"150\" src=\"https:\/\/www.arquimaster.com.ar\/web\/wp-content\/uploads\/2014\/10\/centro_islamico_mezquita7-150x150.jpg\" class=\"attachment-thumbnail size-thumbnail\" alt=\"\" aria-describedby=\"gallery-1-9914\" srcset=\"https:\/\/www.arquimaster.com.ar\/web\/wp-content\/uploads\/2014\/10\/centro_islamico_mezquita7-150x150.jpg 150w, https:\/\/www.arquimaster.com.ar\/web\/wp-content\/uploads\/2014\/10\/centro_islamico_mezquita7-50x50.jpg 50w, https:\/\/www.arquimaster.com.ar\/web\/wp-content\/uploads\/2014\/10\/centro_islamico_mezquita7-125x125.jpg 125w\" sizes=\"auto, (max-width: 150px) 100vw, 150px\" \/><\/a>\n\t\t\t<\/div>\n\t\t\t\t<figcaption class='wp-caption-text gallery-caption' id='gallery-1-9914'>\n\t\t\t\tProyecto Centro isl\u00e1mico y mezquita \/ Martina De Barba\n\t\t\t\t<\/figcaption><\/figure><figure class='gallery-item'>\n\t\t\t<div class='gallery-icon landscape'>\n\t\t\t\t<a href='https:\/\/www.arquimaster.com.ar\/web\/wp-content\/uploads\/2014\/10\/centro_islamico_mezquita8.jpg' title=\"Proyecto Centro isl\u00e1mico y mezquita \/ Martina De Barba\" data-rl_title=\"Proyecto Centro isl\u00e1mico y mezquita \/ Martina De Barba\" class=\"rl-gallery-link\" data-rl_caption=\"Proyecto Centro isl\u00e1mico y mezquita \/ Martina De Barba\" data-rel=\"lightbox-gallery-1\"><img loading=\"lazy\" decoding=\"async\" width=\"150\" height=\"150\" src=\"https:\/\/www.arquimaster.com.ar\/web\/wp-content\/uploads\/2014\/10\/centro_islamico_mezquita8-150x150.jpg\" class=\"attachment-thumbnail size-thumbnail\" alt=\"\" aria-describedby=\"gallery-1-9915\" srcset=\"https:\/\/www.arquimaster.com.ar\/web\/wp-content\/uploads\/2014\/10\/centro_islamico_mezquita8-150x150.jpg 150w, https:\/\/www.arquimaster.com.ar\/web\/wp-content\/uploads\/2014\/10\/centro_islamico_mezquita8-50x50.jpg 50w, https:\/\/www.arquimaster.com.ar\/web\/wp-content\/uploads\/2014\/10\/centro_islamico_mezquita8-125x125.jpg 125w\" sizes=\"auto, (max-width: 150px) 100vw, 150px\" \/><\/a>\n\t\t\t<\/div>\n\t\t\t\t<figcaption class='wp-caption-text gallery-caption' id='gallery-1-9915'>\n\t\t\t\tProyecto Centro isl\u00e1mico y mezquita \/ Martina De Barba\n\t\t\t\t<\/figcaption><\/figure><figure class='gallery-item'>\n\t\t\t<div class='gallery-icon portrait'>\n\t\t\t\t<a href='https:\/\/www.arquimaster.com.ar\/web\/wp-content\/uploads\/2014\/10\/centro_islamico_mezquita9.jpg' title=\"Proyecto Centro isl\u00e1mico y mezquita \/ Martina De Barba\" data-rl_title=\"Proyecto Centro isl\u00e1mico y mezquita \/ Martina De Barba\" class=\"rl-gallery-link\" data-rl_caption=\"Proyecto Centro isl\u00e1mico y mezquita \/ Martina De Barba\" data-rel=\"lightbox-gallery-1\"><img loading=\"lazy\" decoding=\"async\" width=\"150\" height=\"150\" src=\"https:\/\/www.arquimaster.com.ar\/web\/wp-content\/uploads\/2014\/10\/centro_islamico_mezquita9-150x150.jpg\" class=\"attachment-thumbnail size-thumbnail\" alt=\"\" aria-describedby=\"gallery-1-9916\" srcset=\"https:\/\/www.arquimaster.com.ar\/web\/wp-content\/uploads\/2014\/10\/centro_islamico_mezquita9-150x150.jpg 150w, https:\/\/www.arquimaster.com.ar\/web\/wp-content\/uploads\/2014\/10\/centro_islamico_mezquita9-50x50.jpg 50w, https:\/\/www.arquimaster.com.ar\/web\/wp-content\/uploads\/2014\/10\/centro_islamico_mezquita9-125x125.jpg 125w\" sizes=\"auto, (max-width: 150px) 100vw, 150px\" \/><\/a>\n\t\t\t<\/div>\n\t\t\t\t<figcaption class='wp-caption-text gallery-caption' id='gallery-1-9916'>\n\t\t\t\tProyecto Centro isl\u00e1mico y mezquita \/ Martina De Barba\n\t\t\t\t<\/figcaption><\/figure><figure class='gallery-item'>\n\t\t\t<div class='gallery-icon portrait'>\n\t\t\t\t<a href='https:\/\/www.arquimaster.com.ar\/web\/wp-content\/uploads\/2014\/10\/centro_islamico_mezquita101.jpg' title=\"Proyecto Centro isl\u00e1mico y mezquita \/ Martina De Barba\" data-rl_title=\"Proyecto Centro isl\u00e1mico y mezquita \/ Martina De Barba\" class=\"rl-gallery-link\" data-rl_caption=\"Proyecto Centro isl\u00e1mico y mezquita \/ Martina De Barba\" data-rel=\"lightbox-gallery-1\"><img loading=\"lazy\" decoding=\"async\" width=\"150\" height=\"150\" src=\"https:\/\/www.arquimaster.com.ar\/web\/wp-content\/uploads\/2014\/10\/centro_islamico_mezquita101-150x150.jpg\" class=\"attachment-thumbnail size-thumbnail\" alt=\"\" aria-describedby=\"gallery-1-9926\" srcset=\"https:\/\/www.arquimaster.com.ar\/web\/wp-content\/uploads\/2014\/10\/centro_islamico_mezquita101-150x150.jpg 150w, https:\/\/www.arquimaster.com.ar\/web\/wp-content\/uploads\/2014\/10\/centro_islamico_mezquita101-50x50.jpg 50w, https:\/\/www.arquimaster.com.ar\/web\/wp-content\/uploads\/2014\/10\/centro_islamico_mezquita101-125x125.jpg 125w\" sizes=\"auto, (max-width: 150px) 100vw, 150px\" \/><\/a>\n\t\t\t<\/div>\n\t\t\t\t<figcaption class='wp-caption-text gallery-caption' id='gallery-1-9926'>\n\t\t\t\tProyecto Centro isl\u00e1mico y mezquita \/ Martina De Barba\n\t\t\t\t<\/figcaption><\/figure><figure class='gallery-item'>\n\t\t\t<div class='gallery-icon portrait'>\n\t\t\t\t<a href='https:\/\/www.arquimaster.com.ar\/web\/wp-content\/uploads\/2014\/10\/centro_islamico_mezquita11.jpg' title=\"Proyecto Centro isl\u00e1mico y mezquita \/ Martina De Barba\" data-rl_title=\"Proyecto Centro isl\u00e1mico y mezquita \/ Martina De Barba\" class=\"rl-gallery-link\" data-rl_caption=\"Proyecto Centro isl\u00e1mico y mezquita \/ Martina De Barba\" data-rel=\"lightbox-gallery-1\"><img loading=\"lazy\" decoding=\"async\" width=\"150\" height=\"150\" src=\"https:\/\/www.arquimaster.com.ar\/web\/wp-content\/uploads\/2014\/10\/centro_islamico_mezquita11-150x150.jpg\" class=\"attachment-thumbnail size-thumbnail\" alt=\"\" aria-describedby=\"gallery-1-9918\" srcset=\"https:\/\/www.arquimaster.com.ar\/web\/wp-content\/uploads\/2014\/10\/centro_islamico_mezquita11-150x150.jpg 150w, https:\/\/www.arquimaster.com.ar\/web\/wp-content\/uploads\/2014\/10\/centro_islamico_mezquita11-50x50.jpg 50w, https:\/\/www.arquimaster.com.ar\/web\/wp-content\/uploads\/2014\/10\/centro_islamico_mezquita11-125x125.jpg 125w\" sizes=\"auto, (max-width: 150px) 100vw, 150px\" \/><\/a>\n\t\t\t<\/div>\n\t\t\t\t<figcaption class='wp-caption-text gallery-caption' id='gallery-1-9918'>\n\t\t\t\tProyecto Centro isl\u00e1mico y mezquita \/ Martina De Barba\n\t\t\t\t<\/figcaption><\/figure><figure class='gallery-item'>\n\t\t\t<div class='gallery-icon portrait'>\n\t\t\t\t<a href='https:\/\/www.arquimaster.com.ar\/web\/wp-content\/uploads\/2014\/10\/centro_islamico_mezquita12.jpg' title=\"Proyecto Centro isl\u00e1mico y mezquita \/ Martina De Barba\" data-rl_title=\"Proyecto Centro isl\u00e1mico y mezquita \/ Martina De Barba\" class=\"rl-gallery-link\" data-rl_caption=\"Proyecto Centro isl\u00e1mico y mezquita \/ Martina De Barba\" data-rel=\"lightbox-gallery-1\"><img loading=\"lazy\" decoding=\"async\" width=\"150\" height=\"150\" src=\"https:\/\/www.arquimaster.com.ar\/web\/wp-content\/uploads\/2014\/10\/centro_islamico_mezquita12-150x150.jpg\" class=\"attachment-thumbnail size-thumbnail\" alt=\"\" aria-describedby=\"gallery-1-9919\" srcset=\"https:\/\/www.arquimaster.com.ar\/web\/wp-content\/uploads\/2014\/10\/centro_islamico_mezquita12-150x150.jpg 150w, https:\/\/www.arquimaster.com.ar\/web\/wp-content\/uploads\/2014\/10\/centro_islamico_mezquita12-50x50.jpg 50w, https:\/\/www.arquimaster.com.ar\/web\/wp-content\/uploads\/2014\/10\/centro_islamico_mezquita12-125x125.jpg 125w\" sizes=\"auto, (max-width: 150px) 100vw, 150px\" \/><\/a>\n\t\t\t<\/div>\n\t\t\t\t<figcaption class='wp-caption-text gallery-caption' id='gallery-1-9919'>\n\t\t\t\tProyecto Centro isl\u00e1mico y mezquita \/ Martina De Barba\n\t\t\t\t<\/figcaption><\/figure><figure class='gallery-item'>\n\t\t\t<div class='gallery-icon landscape'>\n\t\t\t\t<a href='https:\/\/www.arquimaster.com.ar\/web\/wp-content\/uploads\/2014\/10\/centro_islamico_mezquita13.jpg' title=\"Proyecto Centro isl\u00e1mico y mezquita \/ Martina De Barba\" data-rl_title=\"Proyecto Centro isl\u00e1mico y mezquita \/ Martina De Barba\" class=\"rl-gallery-link\" data-rl_caption=\"Proyecto Centro isl\u00e1mico y mezquita \/ Martina De Barba\" data-rel=\"lightbox-gallery-1\"><img loading=\"lazy\" decoding=\"async\" width=\"150\" height=\"150\" src=\"https:\/\/www.arquimaster.com.ar\/web\/wp-content\/uploads\/2014\/10\/centro_islamico_mezquita13-150x150.jpg\" class=\"attachment-thumbnail size-thumbnail\" alt=\"\" aria-describedby=\"gallery-1-9920\" srcset=\"https:\/\/www.arquimaster.com.ar\/web\/wp-content\/uploads\/2014\/10\/centro_islamico_mezquita13-150x150.jpg 150w, https:\/\/www.arquimaster.com.ar\/web\/wp-content\/uploads\/2014\/10\/centro_islamico_mezquita13-50x50.jpg 50w, https:\/\/www.arquimaster.com.ar\/web\/wp-content\/uploads\/2014\/10\/centro_islamico_mezquita13-125x125.jpg 125w\" sizes=\"auto, (max-width: 150px) 100vw, 150px\" \/><\/a>\n\t\t\t<\/div>\n\t\t\t\t<figcaption class='wp-caption-text gallery-caption' id='gallery-1-9920'>\n\t\t\t\tProyecto Centro isl\u00e1mico y mezquita \/ Martina De Barba\n\t\t\t\t<\/figcaption><\/figure><figure class='gallery-item'>\n\t\t\t<div class='gallery-icon landscape'>\n\t\t\t\t<a href='https:\/\/www.arquimaster.com.ar\/web\/wp-content\/uploads\/2014\/10\/centro_islamico_mezquita14.jpg' title=\"Proyecto Centro isl\u00e1mico y mezquita \/ Martina De Barba\" data-rl_title=\"Proyecto Centro isl\u00e1mico y mezquita \/ Martina De Barba\" class=\"rl-gallery-link\" data-rl_caption=\"Proyecto Centro isl\u00e1mico y mezquita \/ Martina De Barba\" data-rel=\"lightbox-gallery-1\"><img loading=\"lazy\" decoding=\"async\" width=\"150\" height=\"150\" src=\"https:\/\/www.arquimaster.com.ar\/web\/wp-content\/uploads\/2014\/10\/centro_islamico_mezquita14-150x150.jpg\" class=\"attachment-thumbnail size-thumbnail\" alt=\"\" aria-describedby=\"gallery-1-9921\" srcset=\"https:\/\/www.arquimaster.com.ar\/web\/wp-content\/uploads\/2014\/10\/centro_islamico_mezquita14-150x150.jpg 150w, https:\/\/www.arquimaster.com.ar\/web\/wp-content\/uploads\/2014\/10\/centro_islamico_mezquita14-50x50.jpg 50w, https:\/\/www.arquimaster.com.ar\/web\/wp-content\/uploads\/2014\/10\/centro_islamico_mezquita14-125x125.jpg 125w\" sizes=\"auto, (max-width: 150px) 100vw, 150px\" \/><\/a>\n\t\t\t<\/div>\n\t\t\t\t<figcaption class='wp-caption-text gallery-caption' id='gallery-1-9921'>\n\t\t\t\tProyecto Centro isl\u00e1mico y mezquita \/ Martina De Barba\n\t\t\t\t<\/figcaption><\/figure><figure class='gallery-item'>\n\t\t\t<div class='gallery-icon landscape'>\n\t\t\t\t<a href='https:\/\/www.arquimaster.com.ar\/web\/wp-content\/uploads\/2014\/10\/centro_islamico_mezquita15.jpg' title=\"Proyecto Centro isl\u00e1mico y mezquita \/ Martina De Barba\" data-rl_title=\"Proyecto Centro isl\u00e1mico y mezquita \/ Martina De Barba\" class=\"rl-gallery-link\" data-rl_caption=\"Proyecto Centro isl\u00e1mico y mezquita \/ Martina De Barba\" data-rel=\"lightbox-gallery-1\"><img loading=\"lazy\" decoding=\"async\" width=\"150\" height=\"150\" src=\"https:\/\/www.arquimaster.com.ar\/web\/wp-content\/uploads\/2014\/10\/centro_islamico_mezquita15-150x150.jpg\" class=\"attachment-thumbnail size-thumbnail\" alt=\"\" aria-describedby=\"gallery-1-9922\" srcset=\"https:\/\/www.arquimaster.com.ar\/web\/wp-content\/uploads\/2014\/10\/centro_islamico_mezquita15-150x150.jpg 150w, https:\/\/www.arquimaster.com.ar\/web\/wp-content\/uploads\/2014\/10\/centro_islamico_mezquita15-50x50.jpg 50w, https:\/\/www.arquimaster.com.ar\/web\/wp-content\/uploads\/2014\/10\/centro_islamico_mezquita15-125x125.jpg 125w\" sizes=\"auto, (max-width: 150px) 100vw, 150px\" \/><\/a>\n\t\t\t<\/div>\n\t\t\t\t<figcaption class='wp-caption-text gallery-caption' id='gallery-1-9922'>\n\t\t\t\tProyecto Centro isl\u00e1mico y mezquita \/ Martina De Barba\n\t\t\t\t<\/figcaption><\/figure><figure class='gallery-item'>\n\t\t\t<div class='gallery-icon landscape'>\n\t\t\t\t<a href='https:\/\/www.arquimaster.com.ar\/web\/wp-content\/uploads\/2014\/10\/centro_islamico_mezquita16.jpg' title=\"Proyecto Centro isl\u00e1mico y mezquita \/ Martina De Barba\" data-rl_title=\"Proyecto Centro isl\u00e1mico y mezquita \/ Martina De Barba\" class=\"rl-gallery-link\" data-rl_caption=\"Proyecto Centro isl\u00e1mico y mezquita \/ Martina De Barba\" data-rel=\"lightbox-gallery-1\"><img loading=\"lazy\" decoding=\"async\" width=\"150\" height=\"150\" src=\"https:\/\/www.arquimaster.com.ar\/web\/wp-content\/uploads\/2014\/10\/centro_islamico_mezquita16-150x150.jpg\" class=\"attachment-thumbnail size-thumbnail\" alt=\"\" aria-describedby=\"gallery-1-9923\" srcset=\"https:\/\/www.arquimaster.com.ar\/web\/wp-content\/uploads\/2014\/10\/centro_islamico_mezquita16-150x150.jpg 150w, https:\/\/www.arquimaster.com.ar\/web\/wp-content\/uploads\/2014\/10\/centro_islamico_mezquita16-50x50.jpg 50w, https:\/\/www.arquimaster.com.ar\/web\/wp-content\/uploads\/2014\/10\/centro_islamico_mezquita16-125x125.jpg 125w\" sizes=\"auto, (max-width: 150px) 100vw, 150px\" \/><\/a>\n\t\t\t<\/div>\n\t\t\t\t<figcaption class='wp-caption-text gallery-caption' id='gallery-1-9923'>\n\t\t\t\tProyecto Centro isl\u00e1mico y mezquita \/ Martina De Barba\n\t\t\t\t<\/figcaption><\/figure><figure class='gallery-item'>\n\t\t\t<div class='gallery-icon landscape'>\n\t\t\t\t<a href='https:\/\/www.arquimaster.com.ar\/web\/wp-content\/uploads\/2014\/10\/centro_islamico_mezquita17.jpg' title=\"Proyecto Centro isl\u00e1mico y mezquita \/ Martina De Barba\" data-rl_title=\"Proyecto Centro isl\u00e1mico y mezquita \/ Martina De Barba\" class=\"rl-gallery-link\" data-rl_caption=\"Proyecto Centro isl\u00e1mico y mezquita \/ Martina De Barba\" data-rel=\"lightbox-gallery-1\"><img loading=\"lazy\" decoding=\"async\" width=\"150\" height=\"150\" src=\"https:\/\/www.arquimaster.com.ar\/web\/wp-content\/uploads\/2014\/10\/centro_islamico_mezquita17-150x150.jpg\" class=\"attachment-thumbnail size-thumbnail\" alt=\"\" aria-describedby=\"gallery-1-9924\" srcset=\"https:\/\/www.arquimaster.com.ar\/web\/wp-content\/uploads\/2014\/10\/centro_islamico_mezquita17-150x150.jpg 150w, https:\/\/www.arquimaster.com.ar\/web\/wp-content\/uploads\/2014\/10\/centro_islamico_mezquita17-50x50.jpg 50w, https:\/\/www.arquimaster.com.ar\/web\/wp-content\/uploads\/2014\/10\/centro_islamico_mezquita17-125x125.jpg 125w\" sizes=\"auto, (max-width: 150px) 100vw, 150px\" \/><\/a>\n\t\t\t<\/div>\n\t\t\t\t<figcaption class='wp-caption-text gallery-caption' id='gallery-1-9924'>\n\t\t\t\tProyecto Centro isl\u00e1mico y mezquita \/ Martina De Barba\n\t\t\t\t<\/figcaption><\/figure><figure class='gallery-item'>\n\t\t\t<div class='gallery-icon landscape'>\n\t\t\t\t<a href='https:\/\/www.arquimaster.com.ar\/web\/wp-content\/uploads\/2014\/10\/centro_islamico_mezquita18.jpg' title=\"Proyecto Centro isl\u00e1mico y mezquita \/ Martina De Barba\" data-rl_title=\"Proyecto Centro isl\u00e1mico y mezquita \/ Martina De Barba\" class=\"rl-gallery-link\" data-rl_caption=\"Proyecto Centro isl\u00e1mico y mezquita \/ Martina De Barba\" data-rel=\"lightbox-gallery-1\"><img loading=\"lazy\" decoding=\"async\" width=\"150\" height=\"150\" src=\"https:\/\/www.arquimaster.com.ar\/web\/wp-content\/uploads\/2014\/10\/centro_islamico_mezquita18-150x150.jpg\" class=\"attachment-thumbnail size-thumbnail\" alt=\"\" aria-describedby=\"gallery-1-9925\" srcset=\"https:\/\/www.arquimaster.com.ar\/web\/wp-content\/uploads\/2014\/10\/centro_islamico_mezquita18-150x150.jpg 150w, https:\/\/www.arquimaster.com.ar\/web\/wp-content\/uploads\/2014\/10\/centro_islamico_mezquita18-50x50.jpg 50w, https:\/\/www.arquimaster.com.ar\/web\/wp-content\/uploads\/2014\/10\/centro_islamico_mezquita18-125x125.jpg 125w\" sizes=\"auto, (max-width: 150px) 100vw, 150px\" \/><\/a>\n\t\t\t<\/div>\n\t\t\t\t<figcaption class='wp-caption-text gallery-caption' id='gallery-1-9925'>\n\t\t\t\tProyecto Centro isl\u00e1mico y mezquita \/ Martina De Barba\n\t\t\t\t<\/figcaption><\/figure>\n\t\t<\/div>\n\n<p>El desaf\u00edo del proyecto radicaba en la aceptaci\u00f3n de una cultura en conexi\u00f3n con otra. La expresi\u00f3n de un mundo isl\u00e1mico en un contexto occidental. Es por esto que la manera de aproximaci\u00f3n al proyecto ha sido primero por una inmersi\u00f3n no solo en el mundo \u00e1rabe, sino tambi\u00e9n en el mundo musulm\u00e1n, apuntando a un proyecto propositivo desde lo conceptual y a su vez intentando reflejar soluciones a la complejidad program\u00e1tica.<\/p>\n<p><strong>Investigaci\u00f3n<\/strong><\/p>\n<p>La caligraf\u00eda \u00e1rabe es un elemento de tal importancia en la configuraci\u00f3n de los elementos arquitect\u00f3nicos que es imposible pensar en un espacio de estas ra\u00edces sin que forme parte. Hablan de conceptos de gran importancia en el islam, como la relaci\u00f3n el mundo terrenal y con Dios. Conceptos que lograron salir de la abstracci\u00f3n para formar elementos tangibles.<\/p>\n<p>El empleo abundante y reiterativo en las obras hace que se deje de considerar un objeto decorativo y se tome como una pieza fundamental, la cual no se disgrega del resto de los elementos estructurales. Con este planteo los elementos que se utilizan para la decoraci\u00f3n superficial, adquieren otra dimensi\u00f3n y posibilidades dentro del proyecto arquitect\u00f3nico.<\/p>\n<p>Surge de esto la utilizaci\u00f3n de la expresividad de las piezas estructurales, unidades configuradoras que son aut\u00f3nomas en cuanto a forma pero al mismo tiempo constituyen la unidad total del conjunto.<\/p>\n<p><strong>Programa<\/strong><\/p>\n<p>La ubicaci\u00f3n del terreno es sobre Av. Parellel, la cual vinculo los barrios Poble Sec, Raval y San Antonio.<\/p>\n<p>La implantaci\u00f3n libera parte del terreno a modo de vacio p\u00fablico en relaci\u00f3n con la plaza existente, que enmarca el acceso al centro isl\u00e1mico a trav\u00e9s de un primer patio cerrado. El mismo funciona como patio de abluciones y entrada a la mezquita, y al mismo tiempo al edificio.<\/p>\n<p>El funcionamiento general del edificio se da a partir de una clara diferenciaci\u00f3n entre la parte religiosa, que alberga la mezquita con sus servicios y el resto del programa.<\/p>\n<p>Esta organizaci\u00f3n permite mantener una privacidad e introspecci\u00f3n en la parte del rezo y a su vez liberar el resto del programa para generar continuidades espaciales entre los diversos programas restantes que incluyen hall, sala de exposiciones, auditorio y biblioteca. Esta parte funciona m\u00e1s como un centro cultural donde el no practicante est\u00e1 invitado a sumergirse en la cultura musulmana.<\/p>\n<p>Para permitir la conexiones entre programas se dispuso de n\u00facleos de servicios independientes, organizados verticalmente. Estos se iluminan naturalmente por una serie de patios privados que dan al pulm\u00f3n de manzana.<\/p>\n<p><strong>Sistema<\/strong><\/p>\n<p>El proyecto se conforma a trav\u00e9s de una serie de p\u00f3rticos cada 2,5 metros. Esto permite una claridad estructural y constructiva. El sistema a su vez, tiene alteraciones especificas en los sitios donde se desea enmarcar algo en particular como puede ser el acceso o circulaciones horizontales.<\/p>\n<p>La flexibilidad del sistema se encuentra en la forma que se le dan a los mismos a partir de la voluntad espacial, alterando sutilmente sus alturas o proporciones. Se genera un efecto visual del conjunto inspirado en la superposici\u00f3n utilizada en la caligraf\u00eda \u00e1rabe.<\/p>\n<p><strong>Materia<\/strong><\/p>\n<p>La b\u00fasqueda material se centr\u00f3 en investigar la posibilidad de transparencia al conjunto. Entender el interior y exterior no como una oposici\u00f3n sino como la manera de vincular estos dos mundos.<\/p>\n<p>El espacio fluye de un lugar a otro, se desmaterializa, por lo que no hay rupturas entre los espacios. Como dir\u00eda Soriano: \u00abLa estructura solo sirve para construir un techo\u00bb.<\/p>\n<p><strong>Ficha tecnica<\/strong><br \/>\nNombre: Centro isl\u00e1mico y mezquita<br \/>\nUbicaci\u00f3n: Av. Parallel, Barcelona, Espa\u00f1a<br \/>\nAutora: Estudiante Martina De Barba<br \/>\nUniversidad: Escuela T\u00e9cnica Superior de Arquitectura de Barcelona<br \/>\nC\u00e1tedra: Gallego<br \/>\nTutor: Mart\u00ed Sanz<br \/>\nGrado: cuarto a\u00f1o<br \/>\nEscala: Large<br \/>\nMaterialidad: acero<br \/>\nPrograma: religioso y centro cultural<br \/>\nA\u00f1o: 2014<\/p>\n<p><strong>Contacto:<\/strong> martinadebarba(arroba)hotmail.com<\/p>\n\n<div style=\"font-size: 0px; height: 0px; line-height: 0px; margin: 0; padding: 0; clear: both;\"><\/div><div style=\"margin-top: 0px; margin-bottom: 0px;\" class=\"sharethis-inline-share-buttons\" ><\/div>","protected":false},"excerpt":{"rendered":"<p>El desaf\u00edo del proyecto radicaba en la aceptaci\u00f3n de una cultura en conexi\u00f3n con otra&#8230;<\/p>\n","protected":false},"author":1,"featured_media":9907,"comment_status":"closed","ping_status":"closed","sticky":false,"template":"","format":"standard","meta":{"_uag_custom_page_level_css":"","footnotes":""},"categories":[587,1,407],"tags":[679,787,2668,1264,408,2003,2670,2669],"class_list":["post-9906","post","type-post","status-publish","format-standard","has-post-thumbnail","hentry","category-arquitectura-religiosa","category-proyecto","category-proyectos-estudiantes","tag-barcelona","tag-centro-cultural","tag-centro-islamico","tag-escuela-tecnica-superior-de-arquitectura","tag-estudiantes","tag-etsab","tag-martina-de-barba","tag-mezquita","generate-columns","tablet-grid-50","mobile-grid-100","grid-parent","grid-50"],"yoast_head":"<!-- This site is optimized with the Yoast SEO plugin v27.3 - https:\/\/yoast.com\/product\/yoast-seo-wordpress\/ -->\n<title>Proyecto Centro isl\u00e1mico y mezquita \/ Martina De Barba - Arquimaster<\/title>\n<meta name=\"robots\" content=\"index, follow, max-snippet:-1, max-image-preview:large, max-video-preview:-1\" \/>\n<link rel=\"canonical\" href=\"https:\/\/www.arquimaster.com.ar\/web\/proyecto-centro-islamico-y-mezquita-martina-de-barba\/\" \/>\n<meta property=\"og:locale\" content=\"es_ES\" \/>\n<meta property=\"og:type\" content=\"article\" \/>\n<meta property=\"og:title\" content=\"Proyecto Centro isl\u00e1mico y mezquita \/ Martina De Barba - Arquimaster\" \/>\n<meta property=\"og:description\" content=\"El desaf\u00edo del proyecto radicaba en la aceptaci\u00f3n de una cultura en conexi\u00f3n con otra...\" \/>\n<meta property=\"og:url\" content=\"https:\/\/www.arquimaster.com.ar\/web\/proyecto-centro-islamico-y-mezquita-martina-de-barba\/\" \/>\n<meta property=\"og:site_name\" content=\"Arquimaster\" \/>\n<meta property=\"article:publisher\" content=\"http:\/\/www.facebook.com\/ARQUIMASTER.com.ar\" \/>\n<meta property=\"article:published_time\" content=\"2014-10-04T14:58:45+00:00\" \/>\n<meta property=\"article:modified_time\" content=\"2014-10-04T21:10:13+00:00\" \/>\n<meta property=\"og:image\" content=\"https:\/\/www.arquimaster.com.ar\/web\/wp-content\/uploads\/2014\/10\/centro_islamico_mezquita_slide.jpg\" \/>\n\t<meta property=\"og:image:width\" content=\"642\" \/>\n\t<meta property=\"og:image:height\" content=\"336\" \/>\n\t<meta property=\"og:image:type\" content=\"image\/jpeg\" \/>\n<meta name=\"author\" content=\"Arquimaster\" \/>\n<meta name=\"twitter:card\" content=\"summary_large_image\" \/>\n<meta name=\"twitter:creator\" content=\"@arquimaster\" \/>\n<meta name=\"twitter:site\" content=\"@arquimaster\" \/>\n<meta name=\"twitter:label1\" content=\"Escrito por\" \/>\n\t<meta name=\"twitter:data1\" content=\"Arquimaster\" \/>\n\t<meta name=\"twitter:label2\" content=\"Tiempo de lectura\" \/>\n\t<meta name=\"twitter:data2\" content=\"3 minutos\" \/>\n<script type=\"application\/ld+json\" class=\"yoast-schema-graph\">{\"@context\":\"https:\\\/\\\/schema.org\",\"@graph\":[{\"@type\":\"Article\",\"@id\":\"https:\\\/\\\/www.arquimaster.com.ar\\\/web\\\/proyecto-centro-islamico-y-mezquita-martina-de-barba\\\/#article\",\"isPartOf\":{\"@id\":\"https:\\\/\\\/www.arquimaster.com.ar\\\/web\\\/proyecto-centro-islamico-y-mezquita-martina-de-barba\\\/\"},\"author\":{\"name\":\"Arquimaster\",\"@id\":\"https:\\\/\\\/www.arquimaster.com.ar\\\/web\\\/#\\\/schema\\\/person\\\/359e9f7c00193fcde068e0dd2ceb0028\"},\"headline\":\"Proyecto Centro isl\u00e1mico y mezquita \\\/ Martina De Barba\",\"datePublished\":\"2014-10-04T14:58:45+00:00\",\"dateModified\":\"2014-10-04T21:10:13+00:00\",\"mainEntityOfPage\":{\"@id\":\"https:\\\/\\\/www.arquimaster.com.ar\\\/web\\\/proyecto-centro-islamico-y-mezquita-martina-de-barba\\\/\"},\"wordCount\":706,\"publisher\":{\"@id\":\"https:\\\/\\\/www.arquimaster.com.ar\\\/web\\\/#organization\"},\"image\":{\"@id\":\"https:\\\/\\\/www.arquimaster.com.ar\\\/web\\\/proyecto-centro-islamico-y-mezquita-martina-de-barba\\\/#primaryimage\"},\"thumbnailUrl\":\"https:\\\/\\\/www.arquimaster.com.ar\\\/web\\\/wp-content\\\/uploads\\\/2014\\\/10\\\/centro_islamico_mezquita_slide.jpg\",\"keywords\":[\"Barcelona\",\"centro cultural\",\"centro islamico\",\"Escuela T\u00e9cnica Superior de Arquitectura\",\"estudiantes\",\"ETSAB\",\"Martina De Barba\",\"mezquita\"],\"articleSection\":[\"Arquitectura religiosa\",\"Proyecto\",\"Proyectos de estudiantes\"],\"inLanguage\":\"es\"},{\"@type\":\"WebPage\",\"@id\":\"https:\\\/\\\/www.arquimaster.com.ar\\\/web\\\/proyecto-centro-islamico-y-mezquita-martina-de-barba\\\/\",\"url\":\"https:\\\/\\\/www.arquimaster.com.ar\\\/web\\\/proyecto-centro-islamico-y-mezquita-martina-de-barba\\\/\",\"name\":\"Proyecto Centro isl\u00e1mico y mezquita \\\/ Martina De Barba - Arquimaster\",\"isPartOf\":{\"@id\":\"https:\\\/\\\/www.arquimaster.com.ar\\\/web\\\/#website\"},\"primaryImageOfPage\":{\"@id\":\"https:\\\/\\\/www.arquimaster.com.ar\\\/web\\\/proyecto-centro-islamico-y-mezquita-martina-de-barba\\\/#primaryimage\"},\"image\":{\"@id\":\"https:\\\/\\\/www.arquimaster.com.ar\\\/web\\\/proyecto-centro-islamico-y-mezquita-martina-de-barba\\\/#primaryimage\"},\"thumbnailUrl\":\"https:\\\/\\\/www.arquimaster.com.ar\\\/web\\\/wp-content\\\/uploads\\\/2014\\\/10\\\/centro_islamico_mezquita_slide.jpg\",\"datePublished\":\"2014-10-04T14:58:45+00:00\",\"dateModified\":\"2014-10-04T21:10:13+00:00\",\"breadcrumb\":{\"@id\":\"https:\\\/\\\/www.arquimaster.com.ar\\\/web\\\/proyecto-centro-islamico-y-mezquita-martina-de-barba\\\/#breadcrumb\"},\"inLanguage\":\"es\",\"potentialAction\":[{\"@type\":\"ReadAction\",\"target\":[\"https:\\\/\\\/www.arquimaster.com.ar\\\/web\\\/proyecto-centro-islamico-y-mezquita-martina-de-barba\\\/\"]}]},{\"@type\":\"ImageObject\",\"inLanguage\":\"es\",\"@id\":\"https:\\\/\\\/www.arquimaster.com.ar\\\/web\\\/proyecto-centro-islamico-y-mezquita-martina-de-barba\\\/#primaryimage\",\"url\":\"https:\\\/\\\/www.arquimaster.com.ar\\\/web\\\/wp-content\\\/uploads\\\/2014\\\/10\\\/centro_islamico_mezquita_slide.jpg\",\"contentUrl\":\"https:\\\/\\\/www.arquimaster.com.ar\\\/web\\\/wp-content\\\/uploads\\\/2014\\\/10\\\/centro_islamico_mezquita_slide.jpg\",\"width\":642,\"height\":336},{\"@type\":\"BreadcrumbList\",\"@id\":\"https:\\\/\\\/www.arquimaster.com.ar\\\/web\\\/proyecto-centro-islamico-y-mezquita-martina-de-barba\\\/#breadcrumb\",\"itemListElement\":[{\"@type\":\"ListItem\",\"position\":1,\"name\":\"Portada\",\"item\":\"https:\\\/\\\/www.arquimaster.com.ar\\\/web\\\/\"},{\"@type\":\"ListItem\",\"position\":2,\"name\":\"Proyecto Centro isl\u00e1mico y mezquita \\\/ Martina De Barba\"}]},{\"@type\":\"WebSite\",\"@id\":\"https:\\\/\\\/www.arquimaster.com.ar\\\/web\\\/#website\",\"url\":\"https:\\\/\\\/www.arquimaster.com.ar\\\/web\\\/\",\"name\":\"Arquimaster\",\"description\":\"Web de arquitectura, dise\u00f1o y construccion\",\"publisher\":{\"@id\":\"https:\\\/\\\/www.arquimaster.com.ar\\\/web\\\/#organization\"},\"potentialAction\":[{\"@type\":\"SearchAction\",\"target\":{\"@type\":\"EntryPoint\",\"urlTemplate\":\"https:\\\/\\\/www.arquimaster.com.ar\\\/web\\\/?s={search_term_string}\"},\"query-input\":{\"@type\":\"PropertyValueSpecification\",\"valueRequired\":true,\"valueName\":\"search_term_string\"}}],\"inLanguage\":\"es\"},{\"@type\":\"Organization\",\"@id\":\"https:\\\/\\\/www.arquimaster.com.ar\\\/web\\\/#organization\",\"name\":\"Arquimaster\",\"url\":\"https:\\\/\\\/www.arquimaster.com.ar\\\/web\\\/\",\"logo\":{\"@type\":\"ImageObject\",\"inLanguage\":\"es\",\"@id\":\"https:\\\/\\\/www.arquimaster.com.ar\\\/web\\\/#\\\/schema\\\/logo\\\/image\\\/\",\"url\":\"https:\\\/\\\/www.arquimaster.com.ar\\\/web\\\/wp-content\\\/uploads\\\/2022\\\/06\\\/arquimaster.png\",\"contentUrl\":\"https:\\\/\\\/www.arquimaster.com.ar\\\/web\\\/wp-content\\\/uploads\\\/2022\\\/06\\\/arquimaster.png\",\"width\":594,\"height\":78,\"caption\":\"Arquimaster\"},\"image\":{\"@id\":\"https:\\\/\\\/www.arquimaster.com.ar\\\/web\\\/#\\\/schema\\\/logo\\\/image\\\/\"},\"sameAs\":[\"http:\\\/\\\/www.facebook.com\\\/ARQUIMASTER.com.ar\",\"https:\\\/\\\/x.com\\\/arquimaster\",\"https:\\\/\\\/www.instagram.com\\\/arquimasterblog\\\/\",\"https:\\\/\\\/www.linkedin.com\\\/company\\\/arquimaster\",\"https:\\\/\\\/www.pinterest.com\\\/arquimaster\",\"https:\\\/\\\/t.me\\\/arquimaster\"]},{\"@type\":\"Person\",\"@id\":\"https:\\\/\\\/www.arquimaster.com.ar\\\/web\\\/#\\\/schema\\\/person\\\/359e9f7c00193fcde068e0dd2ceb0028\",\"name\":\"Arquimaster\"}]}<\/script>\n<!-- \/ Yoast SEO plugin. -->","yoast_head_json":{"title":"Proyecto Centro isl\u00e1mico y mezquita \/ Martina De Barba - Arquimaster","robots":{"index":"index","follow":"follow","max-snippet":"max-snippet:-1","max-image-preview":"max-image-preview:large","max-video-preview":"max-video-preview:-1"},"canonical":"https:\/\/www.arquimaster.com.ar\/web\/proyecto-centro-islamico-y-mezquita-martina-de-barba\/","og_locale":"es_ES","og_type":"article","og_title":"Proyecto Centro isl\u00e1mico y mezquita \/ Martina De Barba - Arquimaster","og_description":"El desaf\u00edo del proyecto radicaba en la aceptaci\u00f3n de una cultura en conexi\u00f3n con otra...","og_url":"https:\/\/www.arquimaster.com.ar\/web\/proyecto-centro-islamico-y-mezquita-martina-de-barba\/","og_site_name":"Arquimaster","article_publisher":"http:\/\/www.facebook.com\/ARQUIMASTER.com.ar","article_published_time":"2014-10-04T14:58:45+00:00","article_modified_time":"2014-10-04T21:10:13+00:00","og_image":[{"width":642,"height":336,"url":"https:\/\/www.arquimaster.com.ar\/web\/wp-content\/uploads\/2014\/10\/centro_islamico_mezquita_slide.jpg","type":"image\/jpeg"}],"author":"Arquimaster","twitter_card":"summary_large_image","twitter_creator":"@arquimaster","twitter_site":"@arquimaster","twitter_misc":{"Escrito por":"Arquimaster","Tiempo de lectura":"3 minutos"},"schema":{"@context":"https:\/\/schema.org","@graph":[{"@type":"Article","@id":"https:\/\/www.arquimaster.com.ar\/web\/proyecto-centro-islamico-y-mezquita-martina-de-barba\/#article","isPartOf":{"@id":"https:\/\/www.arquimaster.com.ar\/web\/proyecto-centro-islamico-y-mezquita-martina-de-barba\/"},"author":{"name":"Arquimaster","@id":"https:\/\/www.arquimaster.com.ar\/web\/#\/schema\/person\/359e9f7c00193fcde068e0dd2ceb0028"},"headline":"Proyecto Centro isl\u00e1mico y mezquita \/ Martina De Barba","datePublished":"2014-10-04T14:58:45+00:00","dateModified":"2014-10-04T21:10:13+00:00","mainEntityOfPage":{"@id":"https:\/\/www.arquimaster.com.ar\/web\/proyecto-centro-islamico-y-mezquita-martina-de-barba\/"},"wordCount":706,"publisher":{"@id":"https:\/\/www.arquimaster.com.ar\/web\/#organization"},"image":{"@id":"https:\/\/www.arquimaster.com.ar\/web\/proyecto-centro-islamico-y-mezquita-martina-de-barba\/#primaryimage"},"thumbnailUrl":"https:\/\/www.arquimaster.com.ar\/web\/wp-content\/uploads\/2014\/10\/centro_islamico_mezquita_slide.jpg","keywords":["Barcelona","centro cultural","centro islamico","Escuela T\u00e9cnica Superior de Arquitectura","estudiantes","ETSAB","Martina De Barba","mezquita"],"articleSection":["Arquitectura religiosa","Proyecto","Proyectos de estudiantes"],"inLanguage":"es"},{"@type":"WebPage","@id":"https:\/\/www.arquimaster.com.ar\/web\/proyecto-centro-islamico-y-mezquita-martina-de-barba\/","url":"https:\/\/www.arquimaster.com.ar\/web\/proyecto-centro-islamico-y-mezquita-martina-de-barba\/","name":"Proyecto Centro isl\u00e1mico y mezquita \/ Martina De Barba - Arquimaster","isPartOf":{"@id":"https:\/\/www.arquimaster.com.ar\/web\/#website"},"primaryImageOfPage":{"@id":"https:\/\/www.arquimaster.com.ar\/web\/proyecto-centro-islamico-y-mezquita-martina-de-barba\/#primaryimage"},"image":{"@id":"https:\/\/www.arquimaster.com.ar\/web\/proyecto-centro-islamico-y-mezquita-martina-de-barba\/#primaryimage"},"thumbnailUrl":"https:\/\/www.arquimaster.com.ar\/web\/wp-content\/uploads\/2014\/10\/centro_islamico_mezquita_slide.jpg","datePublished":"2014-10-04T14:58:45+00:00","dateModified":"2014-10-04T21:10:13+00:00","breadcrumb":{"@id":"https:\/\/www.arquimaster.com.ar\/web\/proyecto-centro-islamico-y-mezquita-martina-de-barba\/#breadcrumb"},"inLanguage":"es","potentialAction":[{"@type":"ReadAction","target":["https:\/\/www.arquimaster.com.ar\/web\/proyecto-centro-islamico-y-mezquita-martina-de-barba\/"]}]},{"@type":"ImageObject","inLanguage":"es","@id":"https:\/\/www.arquimaster.com.ar\/web\/proyecto-centro-islamico-y-mezquita-martina-de-barba\/#primaryimage","url":"https:\/\/www.arquimaster.com.ar\/web\/wp-content\/uploads\/2014\/10\/centro_islamico_mezquita_slide.jpg","contentUrl":"https:\/\/www.arquimaster.com.ar\/web\/wp-content\/uploads\/2014\/10\/centro_islamico_mezquita_slide.jpg","width":642,"height":336},{"@type":"BreadcrumbList","@id":"https:\/\/www.arquimaster.com.ar\/web\/proyecto-centro-islamico-y-mezquita-martina-de-barba\/#breadcrumb","itemListElement":[{"@type":"ListItem","position":1,"name":"Portada","item":"https:\/\/www.arquimaster.com.ar\/web\/"},{"@type":"ListItem","position":2,"name":"Proyecto Centro isl\u00e1mico y mezquita \/ Martina De Barba"}]},{"@type":"WebSite","@id":"https:\/\/www.arquimaster.com.ar\/web\/#website","url":"https:\/\/www.arquimaster.com.ar\/web\/","name":"Arquimaster","description":"Web de arquitectura, dise\u00f1o y construccion","publisher":{"@id":"https:\/\/www.arquimaster.com.ar\/web\/#organization"},"potentialAction":[{"@type":"SearchAction","target":{"@type":"EntryPoint","urlTemplate":"https:\/\/www.arquimaster.com.ar\/web\/?s={search_term_string}"},"query-input":{"@type":"PropertyValueSpecification","valueRequired":true,"valueName":"search_term_string"}}],"inLanguage":"es"},{"@type":"Organization","@id":"https:\/\/www.arquimaster.com.ar\/web\/#organization","name":"Arquimaster","url":"https:\/\/www.arquimaster.com.ar\/web\/","logo":{"@type":"ImageObject","inLanguage":"es","@id":"https:\/\/www.arquimaster.com.ar\/web\/#\/schema\/logo\/image\/","url":"https:\/\/www.arquimaster.com.ar\/web\/wp-content\/uploads\/2022\/06\/arquimaster.png","contentUrl":"https:\/\/www.arquimaster.com.ar\/web\/wp-content\/uploads\/2022\/06\/arquimaster.png","width":594,"height":78,"caption":"Arquimaster"},"image":{"@id":"https:\/\/www.arquimaster.com.ar\/web\/#\/schema\/logo\/image\/"},"sameAs":["http:\/\/www.facebook.com\/ARQUIMASTER.com.ar","https:\/\/x.com\/arquimaster","https:\/\/www.instagram.com\/arquimasterblog\/","https:\/\/www.linkedin.com\/company\/arquimaster","https:\/\/www.pinterest.com\/arquimaster","https:\/\/t.me\/arquimaster"]},{"@type":"Person","@id":"https:\/\/www.arquimaster.com.ar\/web\/#\/schema\/person\/359e9f7c00193fcde068e0dd2ceb0028","name":"Arquimaster"}]}},"uagb_featured_image_src":{"full":["https:\/\/www.arquimaster.com.ar\/web\/wp-content\/uploads\/2014\/10\/centro_islamico_mezquita_slide.jpg",642,336,false],"thumbnail":["https:\/\/www.arquimaster.com.ar\/web\/wp-content\/uploads\/2014\/10\/centro_islamico_mezquita_slide-150x150.jpg",150,150,true],"medium":["https:\/\/www.arquimaster.com.ar\/web\/wp-content\/uploads\/2014\/10\/centro_islamico_mezquita_slide-300x157.jpg",300,157,true],"medium_large":["https:\/\/www.arquimaster.com.ar\/web\/wp-content\/uploads\/2014\/10\/centro_islamico_mezquita_slide.jpg",642,336,false],"large":["https:\/\/www.arquimaster.com.ar\/web\/wp-content\/uploads\/2014\/10\/centro_islamico_mezquita_slide.jpg",642,336,false],"1536x1536":["https:\/\/www.arquimaster.com.ar\/web\/wp-content\/uploads\/2014\/10\/centro_islamico_mezquita_slide.jpg",642,336,false],"2048x2048":["https:\/\/www.arquimaster.com.ar\/web\/wp-content\/uploads\/2014\/10\/centro_islamico_mezquita_slide.jpg",642,336,false]},"uagb_author_info":{"display_name":"Arquimaster","author_link":"https:\/\/www.arquimaster.com.ar\/web\/author\/arquimaster\/"},"uagb_comment_info":0,"uagb_excerpt":"El desaf\u00edo del proyecto radicaba en la aceptaci\u00f3n de una cultura en conexi\u00f3n con otra...","_links":{"self":[{"href":"https:\/\/www.arquimaster.com.ar\/web\/wp-json\/wp\/v2\/posts\/9906","targetHints":{"allow":["GET"]}}],"collection":[{"href":"https:\/\/www.arquimaster.com.ar\/web\/wp-json\/wp\/v2\/posts"}],"about":[{"href":"https:\/\/www.arquimaster.com.ar\/web\/wp-json\/wp\/v2\/types\/post"}],"author":[{"embeddable":true,"href":"https:\/\/www.arquimaster.com.ar\/web\/wp-json\/wp\/v2\/users\/1"}],"replies":[{"embeddable":true,"href":"https:\/\/www.arquimaster.com.ar\/web\/wp-json\/wp\/v2\/comments?post=9906"}],"version-history":[{"count":0,"href":"https:\/\/www.arquimaster.com.ar\/web\/wp-json\/wp\/v2\/posts\/9906\/revisions"}],"wp:featuredmedia":[{"embeddable":true,"href":"https:\/\/www.arquimaster.com.ar\/web\/wp-json\/wp\/v2\/media\/9907"}],"wp:attachment":[{"href":"https:\/\/www.arquimaster.com.ar\/web\/wp-json\/wp\/v2\/media?parent=9906"}],"wp:term":[{"taxonomy":"category","embeddable":true,"href":"https:\/\/www.arquimaster.com.ar\/web\/wp-json\/wp\/v2\/categories?post=9906"},{"taxonomy":"post_tag","embeddable":true,"href":"https:\/\/www.arquimaster.com.ar\/web\/wp-json\/wp\/v2\/tags?post=9906"}],"curies":[{"name":"wp","href":"https:\/\/api.w.org\/{rel}","templated":true}]}}