{"id":9990,"date":"2014-10-07T22:00:18","date_gmt":"2014-10-07T22:00:18","guid":{"rendered":"http:\/\/www.arquimaster.com.ar\/web\/?p=9990"},"modified":"2014-10-08T02:43:40","modified_gmt":"2014-10-08T02:43:40","slug":"living-espacio-13-casa-foa-2014-grace-devecyan","status":"publish","type":"post","link":"https:\/\/www.arquimaster.com.ar\/web\/living-espacio-13-casa-foa-2014-grace-devecyan\/","title":{"rendered":"Living (Espacio 13 Casa FOA 2014) \/ Grace Devecyan"},"content":{"rendered":"<div style=\"margin-top: 0px; margin-bottom: 0px;\" class=\"sharethis-inline-share-buttons\" ><\/div><div class=\"b812932af2e751442846f039925109de\" data-index=\"1\" style=\"float: none; margin:25px 0 25px 0; text-align:center;\">\n<script async src=\"https:\/\/pagead2.googlesyndication.com\/pagead\/js\/adsbygoogle.js\"><\/script>\r\n<!-- Arquimaster (superior) -->\r\n<ins class=\"adsbygoogle\"\r\n     style=\"display:block\"\r\n     data-ad-client=\"ca-pub-6351072698456832\"\r\n     data-ad-slot=\"6455489680\"\r\n     data-ad-format=\"auto\"\r\n     data-full-width-responsive=\"true\"><\/ins>\r\n<script>\r\n     (adsbygoogle = window.adsbygoogle || []).push({});\r\n<\/script>\n<\/div>\n<p><strong>Living \u00abEsperando al Principito\u00bb<\/strong> (Espacio 13 Casa FOA 2014 La Abadia) por<strong> Grace Devecyan<\/strong>. La clave del espacio est\u00e1 en la espacialidad de un ambiente peque\u00f1o, pero c\u00f3modo y vers\u00e1til, la armon\u00eda en la diferencia a trav\u00e9s del uso de estilos diversos y el arte aplicado para crear un mundo \u00fanico y propio.<\/p>\n<div id='gallery-1' class='gallery galleryid-9990 gallery-columns-3 gallery-size-thumbnail'><figure class='gallery-item'>\n\t\t\t<div class='gallery-icon landscape'>\n\t\t\t\t<a href='https:\/\/www.arquimaster.com.ar\/web\/wp-content\/uploads\/2014\/10\/espacio13_casafoa2014_1.jpg' title=\"Living (Espacio 13 Casa FOA 2014) \/ Grace Devecyan (\u00a9 Pompi Gutnisky)\" data-rl_title=\"Living (Espacio 13 Casa FOA 2014) \/ Grace Devecyan (\u00a9 Pompi Gutnisky)\" class=\"rl-gallery-link\" data-rl_caption=\"Living (Espacio 13 Casa FOA 2014) \/ Grace Devecyan (\u00a9 Pompi Gutnisky)\" data-rel=\"lightbox-gallery-1\"><img loading=\"lazy\" decoding=\"async\" width=\"150\" height=\"150\" src=\"https:\/\/www.arquimaster.com.ar\/web\/wp-content\/uploads\/2014\/10\/espacio13_casafoa2014_1-150x150.jpg\" class=\"attachment-thumbnail size-thumbnail\" alt=\"\" aria-describedby=\"gallery-1-9992\" srcset=\"https:\/\/www.arquimaster.com.ar\/web\/wp-content\/uploads\/2014\/10\/espacio13_casafoa2014_1-150x150.jpg 150w, https:\/\/www.arquimaster.com.ar\/web\/wp-content\/uploads\/2014\/10\/espacio13_casafoa2014_1-50x50.jpg 50w, https:\/\/www.arquimaster.com.ar\/web\/wp-content\/uploads\/2014\/10\/espacio13_casafoa2014_1-125x125.jpg 125w\" sizes=\"auto, (max-width: 150px) 100vw, 150px\" \/><\/a>\n\t\t\t<\/div>\n\t\t\t\t<figcaption class='wp-caption-text gallery-caption' id='gallery-1-9992'>\n\t\t\t\tLiving (Espacio 13 Casa FOA 2014) \/ Grace Devecyan (\u00a9 Pompi Gutnisky)\n\t\t\t\t<\/figcaption><\/figure><figure class='gallery-item'>\n\t\t\t<div class='gallery-icon portrait'>\n\t\t\t\t<a href='https:\/\/www.arquimaster.com.ar\/web\/wp-content\/uploads\/2014\/10\/espacio13_casafoa2014_2.jpg' title=\"Living (Espacio 13 Casa FOA 2014) \/ Grace Devecyan (\u00a9 Pompi Gutnisky)\" data-rl_title=\"Living (Espacio 13 Casa FOA 2014) \/ Grace Devecyan (\u00a9 Pompi Gutnisky)\" class=\"rl-gallery-link\" data-rl_caption=\"Living (Espacio 13 Casa FOA 2014) \/ Grace Devecyan (\u00a9 Pompi Gutnisky)\" data-rel=\"lightbox-gallery-1\"><img loading=\"lazy\" decoding=\"async\" width=\"150\" height=\"150\" src=\"https:\/\/www.arquimaster.com.ar\/web\/wp-content\/uploads\/2014\/10\/espacio13_casafoa2014_2-150x150.jpg\" class=\"attachment-thumbnail size-thumbnail\" alt=\"\" aria-describedby=\"gallery-1-9993\" srcset=\"https:\/\/www.arquimaster.com.ar\/web\/wp-content\/uploads\/2014\/10\/espacio13_casafoa2014_2-150x150.jpg 150w, https:\/\/www.arquimaster.com.ar\/web\/wp-content\/uploads\/2014\/10\/espacio13_casafoa2014_2-50x50.jpg 50w, https:\/\/www.arquimaster.com.ar\/web\/wp-content\/uploads\/2014\/10\/espacio13_casafoa2014_2-125x125.jpg 125w\" sizes=\"auto, (max-width: 150px) 100vw, 150px\" \/><\/a>\n\t\t\t<\/div>\n\t\t\t\t<figcaption class='wp-caption-text gallery-caption' id='gallery-1-9993'>\n\t\t\t\tLiving (Espacio 13 Casa FOA 2014) \/ Grace Devecyan (\u00a9 Pompi Gutnisky)\n\t\t\t\t<\/figcaption><\/figure><figure class='gallery-item'>\n\t\t\t<div class='gallery-icon portrait'>\n\t\t\t\t<a href='https:\/\/www.arquimaster.com.ar\/web\/wp-content\/uploads\/2014\/10\/espacio13_casafoa2014_3.jpg' title=\"Living (Espacio 13 Casa FOA 2014) \/ Grace Devecyan (\u00a9 Pompi Gutnisky)\" data-rl_title=\"Living (Espacio 13 Casa FOA 2014) \/ Grace Devecyan (\u00a9 Pompi Gutnisky)\" class=\"rl-gallery-link\" data-rl_caption=\"Living (Espacio 13 Casa FOA 2014) \/ Grace Devecyan (\u00a9 Pompi Gutnisky)\" data-rel=\"lightbox-gallery-1\"><img loading=\"lazy\" decoding=\"async\" width=\"150\" height=\"150\" src=\"https:\/\/www.arquimaster.com.ar\/web\/wp-content\/uploads\/2014\/10\/espacio13_casafoa2014_3-150x150.jpg\" class=\"attachment-thumbnail size-thumbnail\" alt=\"\" aria-describedby=\"gallery-1-9994\" srcset=\"https:\/\/www.arquimaster.com.ar\/web\/wp-content\/uploads\/2014\/10\/espacio13_casafoa2014_3-150x150.jpg 150w, https:\/\/www.arquimaster.com.ar\/web\/wp-content\/uploads\/2014\/10\/espacio13_casafoa2014_3-50x50.jpg 50w, https:\/\/www.arquimaster.com.ar\/web\/wp-content\/uploads\/2014\/10\/espacio13_casafoa2014_3-125x125.jpg 125w\" sizes=\"auto, (max-width: 150px) 100vw, 150px\" \/><\/a>\n\t\t\t<\/div>\n\t\t\t\t<figcaption class='wp-caption-text gallery-caption' id='gallery-1-9994'>\n\t\t\t\tLiving (Espacio 13 Casa FOA 2014) \/ Grace Devecyan (\u00a9 Pompi Gutnisky)\n\t\t\t\t<\/figcaption><\/figure><figure class='gallery-item'>\n\t\t\t<div class='gallery-icon portrait'>\n\t\t\t\t<a href='https:\/\/www.arquimaster.com.ar\/web\/wp-content\/uploads\/2014\/10\/espacio13_casafoa2014_4.jpg' title=\"Living (Espacio 13 Casa FOA 2014) \/ Grace Devecyan (\u00a9 Pompi Gutnisky)\" data-rl_title=\"Living (Espacio 13 Casa FOA 2014) \/ Grace Devecyan (\u00a9 Pompi Gutnisky)\" class=\"rl-gallery-link\" data-rl_caption=\"Living (Espacio 13 Casa FOA 2014) \/ Grace Devecyan (\u00a9 Pompi Gutnisky)\" data-rel=\"lightbox-gallery-1\"><img loading=\"lazy\" decoding=\"async\" width=\"150\" height=\"150\" src=\"https:\/\/www.arquimaster.com.ar\/web\/wp-content\/uploads\/2014\/10\/espacio13_casafoa2014_4-150x150.jpg\" class=\"attachment-thumbnail size-thumbnail\" alt=\"\" aria-describedby=\"gallery-1-9995\" srcset=\"https:\/\/www.arquimaster.com.ar\/web\/wp-content\/uploads\/2014\/10\/espacio13_casafoa2014_4-150x150.jpg 150w, https:\/\/www.arquimaster.com.ar\/web\/wp-content\/uploads\/2014\/10\/espacio13_casafoa2014_4-50x50.jpg 50w, https:\/\/www.arquimaster.com.ar\/web\/wp-content\/uploads\/2014\/10\/espacio13_casafoa2014_4-125x125.jpg 125w\" sizes=\"auto, (max-width: 150px) 100vw, 150px\" \/><\/a>\n\t\t\t<\/div>\n\t\t\t\t<figcaption class='wp-caption-text gallery-caption' id='gallery-1-9995'>\n\t\t\t\tLiving (Espacio 13 Casa FOA 2014) \/ Grace Devecyan (\u00a9 Pompi Gutnisky)\n\t\t\t\t<\/figcaption><\/figure><figure class='gallery-item'>\n\t\t\t<div class='gallery-icon portrait'>\n\t\t\t\t<a href='https:\/\/www.arquimaster.com.ar\/web\/wp-content\/uploads\/2014\/10\/espacio13_casafoa2014_5.jpg' title=\"Living (Espacio 13 Casa FOA 2014) \/ Grace Devecyan (\u00a9 Pompi Gutnisky)\" data-rl_title=\"Living (Espacio 13 Casa FOA 2014) \/ Grace Devecyan (\u00a9 Pompi Gutnisky)\" class=\"rl-gallery-link\" data-rl_caption=\"Living (Espacio 13 Casa FOA 2014) \/ Grace Devecyan (\u00a9 Pompi Gutnisky)\" data-rel=\"lightbox-gallery-1\"><img loading=\"lazy\" decoding=\"async\" width=\"150\" height=\"150\" src=\"https:\/\/www.arquimaster.com.ar\/web\/wp-content\/uploads\/2014\/10\/espacio13_casafoa2014_5-150x150.jpg\" class=\"attachment-thumbnail size-thumbnail\" alt=\"\" aria-describedby=\"gallery-1-9996\" srcset=\"https:\/\/www.arquimaster.com.ar\/web\/wp-content\/uploads\/2014\/10\/espacio13_casafoa2014_5-150x150.jpg 150w, https:\/\/www.arquimaster.com.ar\/web\/wp-content\/uploads\/2014\/10\/espacio13_casafoa2014_5-50x50.jpg 50w, https:\/\/www.arquimaster.com.ar\/web\/wp-content\/uploads\/2014\/10\/espacio13_casafoa2014_5-125x125.jpg 125w\" sizes=\"auto, (max-width: 150px) 100vw, 150px\" \/><\/a>\n\t\t\t<\/div>\n\t\t\t\t<figcaption class='wp-caption-text gallery-caption' id='gallery-1-9996'>\n\t\t\t\tLiving (Espacio 13 Casa FOA 2014) \/ Grace Devecyan (\u00a9 Pompi Gutnisky)\n\t\t\t\t<\/figcaption><\/figure><figure class='gallery-item'>\n\t\t\t<div class='gallery-icon portrait'>\n\t\t\t\t<a href='https:\/\/www.arquimaster.com.ar\/web\/wp-content\/uploads\/2014\/10\/espacio13_casafoa2014_6.jpg' title=\"Living (Espacio 13 Casa FOA 2014) \/ Grace Devecyan (\u00a9 Pompi Gutnisky)\" data-rl_title=\"Living (Espacio 13 Casa FOA 2014) \/ Grace Devecyan (\u00a9 Pompi Gutnisky)\" class=\"rl-gallery-link\" data-rl_caption=\"Living (Espacio 13 Casa FOA 2014) \/ Grace Devecyan (\u00a9 Pompi Gutnisky)\" data-rel=\"lightbox-gallery-1\"><img loading=\"lazy\" decoding=\"async\" width=\"150\" height=\"150\" src=\"https:\/\/www.arquimaster.com.ar\/web\/wp-content\/uploads\/2014\/10\/espacio13_casafoa2014_6-150x150.jpg\" class=\"attachment-thumbnail size-thumbnail\" alt=\"\" aria-describedby=\"gallery-1-9997\" srcset=\"https:\/\/www.arquimaster.com.ar\/web\/wp-content\/uploads\/2014\/10\/espacio13_casafoa2014_6-150x150.jpg 150w, https:\/\/www.arquimaster.com.ar\/web\/wp-content\/uploads\/2014\/10\/espacio13_casafoa2014_6-50x50.jpg 50w, https:\/\/www.arquimaster.com.ar\/web\/wp-content\/uploads\/2014\/10\/espacio13_casafoa2014_6-125x125.jpg 125w\" sizes=\"auto, (max-width: 150px) 100vw, 150px\" \/><\/a>\n\t\t\t<\/div>\n\t\t\t\t<figcaption class='wp-caption-text gallery-caption' id='gallery-1-9997'>\n\t\t\t\tLiving (Espacio 13 Casa FOA 2014) \/ Grace Devecyan (\u00a9 Pompi Gutnisky)\n\t\t\t\t<\/figcaption><\/figure><figure class='gallery-item'>\n\t\t\t<div class='gallery-icon portrait'>\n\t\t\t\t<a href='https:\/\/www.arquimaster.com.ar\/web\/wp-content\/uploads\/2014\/10\/espacio13_casafoa2014_7.jpg' title=\"Living (Espacio 13 Casa FOA 2014) \/ Grace Devecyan (\u00a9 Pompi Gutnisky)\" data-rl_title=\"Living (Espacio 13 Casa FOA 2014) \/ Grace Devecyan (\u00a9 Pompi Gutnisky)\" class=\"rl-gallery-link\" data-rl_caption=\"Living (Espacio 13 Casa FOA 2014) \/ Grace Devecyan (\u00a9 Pompi Gutnisky)\" data-rel=\"lightbox-gallery-1\"><img loading=\"lazy\" decoding=\"async\" width=\"150\" height=\"150\" src=\"https:\/\/www.arquimaster.com.ar\/web\/wp-content\/uploads\/2014\/10\/espacio13_casafoa2014_7-150x150.jpg\" class=\"attachment-thumbnail size-thumbnail\" alt=\"\" aria-describedby=\"gallery-1-9998\" srcset=\"https:\/\/www.arquimaster.com.ar\/web\/wp-content\/uploads\/2014\/10\/espacio13_casafoa2014_7-150x150.jpg 150w, https:\/\/www.arquimaster.com.ar\/web\/wp-content\/uploads\/2014\/10\/espacio13_casafoa2014_7-50x50.jpg 50w, https:\/\/www.arquimaster.com.ar\/web\/wp-content\/uploads\/2014\/10\/espacio13_casafoa2014_7-125x125.jpg 125w\" sizes=\"auto, (max-width: 150px) 100vw, 150px\" \/><\/a>\n\t\t\t<\/div>\n\t\t\t\t<figcaption class='wp-caption-text gallery-caption' id='gallery-1-9998'>\n\t\t\t\tLiving (Espacio 13 Casa FOA 2014) \/ Grace Devecyan (\u00a9 Pompi Gutnisky)\n\t\t\t\t<\/figcaption><\/figure><figure class='gallery-item'>\n\t\t\t<div class='gallery-icon portrait'>\n\t\t\t\t<a href='https:\/\/www.arquimaster.com.ar\/web\/wp-content\/uploads\/2014\/10\/espacio13_casafoa2014_8.jpg' title=\"Living (Espacio 13 Casa FOA 2014) \/ Grace Devecyan (\u00a9 Pompi Gutnisky)\" data-rl_title=\"Living (Espacio 13 Casa FOA 2014) \/ Grace Devecyan (\u00a9 Pompi Gutnisky)\" class=\"rl-gallery-link\" data-rl_caption=\"Living (Espacio 13 Casa FOA 2014) \/ Grace Devecyan (\u00a9 Pompi Gutnisky)\" data-rel=\"lightbox-gallery-1\"><img loading=\"lazy\" decoding=\"async\" width=\"150\" height=\"150\" src=\"https:\/\/www.arquimaster.com.ar\/web\/wp-content\/uploads\/2014\/10\/espacio13_casafoa2014_8-150x150.jpg\" class=\"attachment-thumbnail size-thumbnail\" alt=\"\" aria-describedby=\"gallery-1-9999\" srcset=\"https:\/\/www.arquimaster.com.ar\/web\/wp-content\/uploads\/2014\/10\/espacio13_casafoa2014_8-150x150.jpg 150w, https:\/\/www.arquimaster.com.ar\/web\/wp-content\/uploads\/2014\/10\/espacio13_casafoa2014_8-50x50.jpg 50w, https:\/\/www.arquimaster.com.ar\/web\/wp-content\/uploads\/2014\/10\/espacio13_casafoa2014_8-125x125.jpg 125w\" sizes=\"auto, (max-width: 150px) 100vw, 150px\" \/><\/a>\n\t\t\t<\/div>\n\t\t\t\t<figcaption class='wp-caption-text gallery-caption' id='gallery-1-9999'>\n\t\t\t\tLiving (Espacio 13 Casa FOA 2014) \/ Grace Devecyan (\u00a9 Pompi Gutnisky)\n\t\t\t\t<\/figcaption><\/figure><figure class='gallery-item'>\n\t\t\t<div class='gallery-icon portrait'>\n\t\t\t\t<a href='https:\/\/www.arquimaster.com.ar\/web\/wp-content\/uploads\/2014\/10\/espacio13_casafoa2014_9.jpg' title=\"Living (Espacio 13 Casa FOA 2014) \/ Grace Devecyan (\u00a9 Pompi Gutnisky)\" data-rl_title=\"Living (Espacio 13 Casa FOA 2014) \/ Grace Devecyan (\u00a9 Pompi Gutnisky)\" class=\"rl-gallery-link\" data-rl_caption=\"Living (Espacio 13 Casa FOA 2014) \/ Grace Devecyan (\u00a9 Pompi Gutnisky)\" data-rel=\"lightbox-gallery-1\"><img loading=\"lazy\" decoding=\"async\" width=\"150\" height=\"150\" src=\"https:\/\/www.arquimaster.com.ar\/web\/wp-content\/uploads\/2014\/10\/espacio13_casafoa2014_9-150x150.jpg\" class=\"attachment-thumbnail size-thumbnail\" alt=\"\" aria-describedby=\"gallery-1-10000\" srcset=\"https:\/\/www.arquimaster.com.ar\/web\/wp-content\/uploads\/2014\/10\/espacio13_casafoa2014_9-150x150.jpg 150w, https:\/\/www.arquimaster.com.ar\/web\/wp-content\/uploads\/2014\/10\/espacio13_casafoa2014_9-50x50.jpg 50w, https:\/\/www.arquimaster.com.ar\/web\/wp-content\/uploads\/2014\/10\/espacio13_casafoa2014_9-125x125.jpg 125w\" sizes=\"auto, (max-width: 150px) 100vw, 150px\" \/><\/a>\n\t\t\t<\/div>\n\t\t\t\t<figcaption class='wp-caption-text gallery-caption' id='gallery-1-10000'>\n\t\t\t\tLiving (Espacio 13 Casa FOA 2014) \/ Grace Devecyan (\u00a9 Pompi Gutnisky)\n\t\t\t\t<\/figcaption><\/figure><figure class='gallery-item'>\n\t\t\t<div class='gallery-icon portrait'>\n\t\t\t\t<a href='https:\/\/www.arquimaster.com.ar\/web\/wp-content\/uploads\/2014\/10\/espacio13_casafoa2014_10.jpg' title=\"Living (Espacio 13 Casa FOA 2014) \/ Grace Devecyan (\u00a9 Pompi Gutnisky)\" data-rl_title=\"Living (Espacio 13 Casa FOA 2014) \/ Grace Devecyan (\u00a9 Pompi Gutnisky)\" class=\"rl-gallery-link\" data-rl_caption=\"Living (Espacio 13 Casa FOA 2014) \/ Grace Devecyan (\u00a9 Pompi Gutnisky)\" data-rel=\"lightbox-gallery-1\"><img loading=\"lazy\" decoding=\"async\" width=\"150\" height=\"150\" src=\"https:\/\/www.arquimaster.com.ar\/web\/wp-content\/uploads\/2014\/10\/espacio13_casafoa2014_10-150x150.jpg\" class=\"attachment-thumbnail size-thumbnail\" alt=\"\" aria-describedby=\"gallery-1-10001\" srcset=\"https:\/\/www.arquimaster.com.ar\/web\/wp-content\/uploads\/2014\/10\/espacio13_casafoa2014_10-150x150.jpg 150w, https:\/\/www.arquimaster.com.ar\/web\/wp-content\/uploads\/2014\/10\/espacio13_casafoa2014_10-50x50.jpg 50w, https:\/\/www.arquimaster.com.ar\/web\/wp-content\/uploads\/2014\/10\/espacio13_casafoa2014_10-125x125.jpg 125w\" sizes=\"auto, (max-width: 150px) 100vw, 150px\" \/><\/a>\n\t\t\t<\/div>\n\t\t\t\t<figcaption class='wp-caption-text gallery-caption' id='gallery-1-10001'>\n\t\t\t\tLiving (Espacio 13 Casa FOA 2014) \/ Grace Devecyan (\u00a9 Pompi Gutnisky)\n\t\t\t\t<\/figcaption><\/figure><figure class='gallery-item'>\n\t\t\t<div class='gallery-icon portrait'>\n\t\t\t\t<a href='https:\/\/www.arquimaster.com.ar\/web\/wp-content\/uploads\/2014\/10\/espacio13_casafoa2014_11.jpg' title=\"Living (Espacio 13 Casa FOA 2014) \/ Grace Devecyan (\u00a9 Pompi Gutnisky)\" data-rl_title=\"Living (Espacio 13 Casa FOA 2014) \/ Grace Devecyan (\u00a9 Pompi Gutnisky)\" class=\"rl-gallery-link\" data-rl_caption=\"Living (Espacio 13 Casa FOA 2014) \/ Grace Devecyan (\u00a9 Pompi Gutnisky)\" data-rel=\"lightbox-gallery-1\"><img loading=\"lazy\" decoding=\"async\" width=\"150\" height=\"150\" src=\"https:\/\/www.arquimaster.com.ar\/web\/wp-content\/uploads\/2014\/10\/espacio13_casafoa2014_11-150x150.jpg\" class=\"attachment-thumbnail size-thumbnail\" alt=\"\" aria-describedby=\"gallery-1-10002\" srcset=\"https:\/\/www.arquimaster.com.ar\/web\/wp-content\/uploads\/2014\/10\/espacio13_casafoa2014_11-150x150.jpg 150w, https:\/\/www.arquimaster.com.ar\/web\/wp-content\/uploads\/2014\/10\/espacio13_casafoa2014_11-50x50.jpg 50w, https:\/\/www.arquimaster.com.ar\/web\/wp-content\/uploads\/2014\/10\/espacio13_casafoa2014_11-125x125.jpg 125w\" sizes=\"auto, (max-width: 150px) 100vw, 150px\" \/><\/a>\n\t\t\t<\/div>\n\t\t\t\t<figcaption class='wp-caption-text gallery-caption' id='gallery-1-10002'>\n\t\t\t\tLiving (Espacio 13 Casa FOA 2014) \/ Grace Devecyan (\u00a9 Pompi Gutnisky)\n\t\t\t\t<\/figcaption><\/figure><figure class='gallery-item'>\n\t\t\t<div class='gallery-icon portrait'>\n\t\t\t\t<a href='https:\/\/www.arquimaster.com.ar\/web\/wp-content\/uploads\/2014\/10\/espacio13_casafoa2014_12.jpg' title=\"Living (Espacio 13 Casa FOA 2014) \/ Grace Devecyan (\u00a9 Pompi Gutnisky)\" data-rl_title=\"Living (Espacio 13 Casa FOA 2014) \/ Grace Devecyan (\u00a9 Pompi Gutnisky)\" class=\"rl-gallery-link\" data-rl_caption=\"Living (Espacio 13 Casa FOA 2014) \/ Grace Devecyan (\u00a9 Pompi Gutnisky)\" data-rel=\"lightbox-gallery-1\"><img loading=\"lazy\" decoding=\"async\" width=\"150\" height=\"150\" src=\"https:\/\/www.arquimaster.com.ar\/web\/wp-content\/uploads\/2014\/10\/espacio13_casafoa2014_12-150x150.jpg\" class=\"attachment-thumbnail size-thumbnail\" alt=\"\" aria-describedby=\"gallery-1-10003\" srcset=\"https:\/\/www.arquimaster.com.ar\/web\/wp-content\/uploads\/2014\/10\/espacio13_casafoa2014_12-150x150.jpg 150w, https:\/\/www.arquimaster.com.ar\/web\/wp-content\/uploads\/2014\/10\/espacio13_casafoa2014_12-50x50.jpg 50w, https:\/\/www.arquimaster.com.ar\/web\/wp-content\/uploads\/2014\/10\/espacio13_casafoa2014_12-125x125.jpg 125w\" sizes=\"auto, (max-width: 150px) 100vw, 150px\" \/><\/a>\n\t\t\t<\/div>\n\t\t\t\t<figcaption class='wp-caption-text gallery-caption' id='gallery-1-10003'>\n\t\t\t\tLiving (Espacio 13 Casa FOA 2014) \/ Grace Devecyan (\u00a9 Pompi Gutnisky)\n\t\t\t\t<\/figcaption><\/figure><figure class='gallery-item'>\n\t\t\t<div class='gallery-icon portrait'>\n\t\t\t\t<a href='https:\/\/www.arquimaster.com.ar\/web\/wp-content\/uploads\/2014\/10\/espacio13_casafoa2014_13.jpg' title=\"Living (Espacio 13 Casa FOA 2014) \/ Grace Devecyan (\u00a9 Pompi Gutnisky)\" data-rl_title=\"Living (Espacio 13 Casa FOA 2014) \/ Grace Devecyan (\u00a9 Pompi Gutnisky)\" class=\"rl-gallery-link\" data-rl_caption=\"Living (Espacio 13 Casa FOA 2014) \/ Grace Devecyan (\u00a9 Pompi Gutnisky)\" data-rel=\"lightbox-gallery-1\"><img loading=\"lazy\" decoding=\"async\" width=\"150\" height=\"150\" src=\"https:\/\/www.arquimaster.com.ar\/web\/wp-content\/uploads\/2014\/10\/espacio13_casafoa2014_13-150x150.jpg\" class=\"attachment-thumbnail size-thumbnail\" alt=\"\" aria-describedby=\"gallery-1-10004\" srcset=\"https:\/\/www.arquimaster.com.ar\/web\/wp-content\/uploads\/2014\/10\/espacio13_casafoa2014_13-150x150.jpg 150w, https:\/\/www.arquimaster.com.ar\/web\/wp-content\/uploads\/2014\/10\/espacio13_casafoa2014_13-50x50.jpg 50w, https:\/\/www.arquimaster.com.ar\/web\/wp-content\/uploads\/2014\/10\/espacio13_casafoa2014_13-125x125.jpg 125w\" sizes=\"auto, (max-width: 150px) 100vw, 150px\" \/><\/a>\n\t\t\t<\/div>\n\t\t\t\t<figcaption class='wp-caption-text gallery-caption' id='gallery-1-10004'>\n\t\t\t\tLiving (Espacio 13 Casa FOA 2014) \/ Grace Devecyan (\u00a9 Pompi Gutnisky)\n\t\t\t\t<\/figcaption><\/figure><figure class='gallery-item'>\n\t\t\t<div class='gallery-icon portrait'>\n\t\t\t\t<a href='https:\/\/www.arquimaster.com.ar\/web\/wp-content\/uploads\/2014\/10\/espacio13_casafoa2014_14.jpg' title=\"Living (Espacio 13 Casa FOA 2014) \/ Grace Devecyan (\u00a9 Pompi Gutnisky)\" data-rl_title=\"Living (Espacio 13 Casa FOA 2014) \/ Grace Devecyan (\u00a9 Pompi Gutnisky)\" class=\"rl-gallery-link\" data-rl_caption=\"Living (Espacio 13 Casa FOA 2014) \/ Grace Devecyan (\u00a9 Pompi Gutnisky)\" data-rel=\"lightbox-gallery-1\"><img loading=\"lazy\" decoding=\"async\" width=\"150\" height=\"150\" src=\"https:\/\/www.arquimaster.com.ar\/web\/wp-content\/uploads\/2014\/10\/espacio13_casafoa2014_14-150x150.jpg\" class=\"attachment-thumbnail size-thumbnail\" alt=\"\" aria-describedby=\"gallery-1-10005\" srcset=\"https:\/\/www.arquimaster.com.ar\/web\/wp-content\/uploads\/2014\/10\/espacio13_casafoa2014_14-150x150.jpg 150w, https:\/\/www.arquimaster.com.ar\/web\/wp-content\/uploads\/2014\/10\/espacio13_casafoa2014_14-50x50.jpg 50w, https:\/\/www.arquimaster.com.ar\/web\/wp-content\/uploads\/2014\/10\/espacio13_casafoa2014_14-125x125.jpg 125w\" sizes=\"auto, (max-width: 150px) 100vw, 150px\" \/><\/a>\n\t\t\t<\/div>\n\t\t\t\t<figcaption class='wp-caption-text gallery-caption' id='gallery-1-10005'>\n\t\t\t\tLiving (Espacio 13 Casa FOA 2014) \/ Grace Devecyan (\u00a9 Pompi Gutnisky)\n\t\t\t\t<\/figcaption><\/figure><figure class='gallery-item'>\n\t\t\t<div class='gallery-icon portrait'>\n\t\t\t\t<a href='https:\/\/www.arquimaster.com.ar\/web\/wp-content\/uploads\/2014\/10\/espacio13_casafoa2014_15.jpg' title=\"Living (Espacio 13 Casa FOA 2014) \/ Grace Devecyan (\u00a9 Pompi Gutnisky)\" data-rl_title=\"Living (Espacio 13 Casa FOA 2014) \/ Grace Devecyan (\u00a9 Pompi Gutnisky)\" class=\"rl-gallery-link\" data-rl_caption=\"Living (Espacio 13 Casa FOA 2014) \/ Grace Devecyan (\u00a9 Pompi Gutnisky)\" data-rel=\"lightbox-gallery-1\"><img loading=\"lazy\" decoding=\"async\" width=\"150\" height=\"150\" src=\"https:\/\/www.arquimaster.com.ar\/web\/wp-content\/uploads\/2014\/10\/espacio13_casafoa2014_15-150x150.jpg\" class=\"attachment-thumbnail size-thumbnail\" alt=\"\" aria-describedby=\"gallery-1-10006\" srcset=\"https:\/\/www.arquimaster.com.ar\/web\/wp-content\/uploads\/2014\/10\/espacio13_casafoa2014_15-150x150.jpg 150w, https:\/\/www.arquimaster.com.ar\/web\/wp-content\/uploads\/2014\/10\/espacio13_casafoa2014_15-50x50.jpg 50w, https:\/\/www.arquimaster.com.ar\/web\/wp-content\/uploads\/2014\/10\/espacio13_casafoa2014_15-125x125.jpg 125w\" sizes=\"auto, (max-width: 150px) 100vw, 150px\" \/><\/a>\n\t\t\t<\/div>\n\t\t\t\t<figcaption class='wp-caption-text gallery-caption' id='gallery-1-10006'>\n\t\t\t\tLiving (Espacio 13 Casa FOA 2014) \/ Grace Devecyan (\u00a9 Pompi Gutnisky)\n\t\t\t\t<\/figcaption><\/figure><figure class='gallery-item'>\n\t\t\t<div class='gallery-icon portrait'>\n\t\t\t\t<a href='https:\/\/www.arquimaster.com.ar\/web\/wp-content\/uploads\/2014\/10\/espacio13_casafoa2014_16.jpg' title=\"Living (Espacio 13 Casa FOA 2014) \/ Grace Devecyan (\u00a9 Pompi Gutnisky)\" data-rl_title=\"Living (Espacio 13 Casa FOA 2014) \/ Grace Devecyan (\u00a9 Pompi Gutnisky)\" class=\"rl-gallery-link\" data-rl_caption=\"Living (Espacio 13 Casa FOA 2014) \/ Grace Devecyan (\u00a9 Pompi Gutnisky)\" data-rel=\"lightbox-gallery-1\"><img loading=\"lazy\" decoding=\"async\" width=\"150\" height=\"150\" src=\"https:\/\/www.arquimaster.com.ar\/web\/wp-content\/uploads\/2014\/10\/espacio13_casafoa2014_16-150x150.jpg\" class=\"attachment-thumbnail size-thumbnail\" alt=\"\" aria-describedby=\"gallery-1-10007\" srcset=\"https:\/\/www.arquimaster.com.ar\/web\/wp-content\/uploads\/2014\/10\/espacio13_casafoa2014_16-150x150.jpg 150w, https:\/\/www.arquimaster.com.ar\/web\/wp-content\/uploads\/2014\/10\/espacio13_casafoa2014_16-50x50.jpg 50w, https:\/\/www.arquimaster.com.ar\/web\/wp-content\/uploads\/2014\/10\/espacio13_casafoa2014_16-125x125.jpg 125w\" sizes=\"auto, (max-width: 150px) 100vw, 150px\" \/><\/a>\n\t\t\t<\/div>\n\t\t\t\t<figcaption class='wp-caption-text gallery-caption' id='gallery-1-10007'>\n\t\t\t\tLiving (Espacio 13 Casa FOA 2014) \/ Grace Devecyan (\u00a9 Pompi Gutnisky)\n\t\t\t\t<\/figcaption><\/figure><figure class='gallery-item'>\n\t\t\t<div class='gallery-icon landscape'>\n\t\t\t\t<a href='https:\/\/www.arquimaster.com.ar\/web\/wp-content\/uploads\/2014\/10\/espacio13_casafoa2014_27.jpg' title=\"Living (Espacio 13 Casa FOA 2014) \/ Grace Devecyan (\u00a9 Casa FOA)\" data-rl_title=\"Living (Espacio 13 Casa FOA 2014) \/ Grace Devecyan (\u00a9 Casa FOA)\" class=\"rl-gallery-link\" data-rl_caption=\"Living (Espacio 13 Casa FOA 2014) \/ Grace Devecyan (\u00a9 Casa FOA)\" data-rel=\"lightbox-gallery-1\"><img loading=\"lazy\" decoding=\"async\" width=\"150\" height=\"150\" src=\"https:\/\/www.arquimaster.com.ar\/web\/wp-content\/uploads\/2014\/10\/espacio13_casafoa2014_27-150x150.jpg\" class=\"attachment-thumbnail size-thumbnail\" alt=\"\" aria-describedby=\"gallery-1-10020\" srcset=\"https:\/\/www.arquimaster.com.ar\/web\/wp-content\/uploads\/2014\/10\/espacio13_casafoa2014_27-150x150.jpg 150w, https:\/\/www.arquimaster.com.ar\/web\/wp-content\/uploads\/2014\/10\/espacio13_casafoa2014_27-50x50.jpg 50w, https:\/\/www.arquimaster.com.ar\/web\/wp-content\/uploads\/2014\/10\/espacio13_casafoa2014_27-125x125.jpg 125w\" sizes=\"auto, (max-width: 150px) 100vw, 150px\" \/><\/a>\n\t\t\t<\/div>\n\t\t\t\t<figcaption class='wp-caption-text gallery-caption' id='gallery-1-10020'>\n\t\t\t\tLiving (Espacio 13 Casa FOA 2014) \/ Grace Devecyan (\u00a9 Casa FOA)\n\t\t\t\t<\/figcaption><\/figure><figure class='gallery-item'>\n\t\t\t<div class='gallery-icon landscape'>\n\t\t\t\t<a href='https:\/\/www.arquimaster.com.ar\/web\/wp-content\/uploads\/2014\/10\/espacio13_casafoa2014_28.jpg' title=\"Living (Espacio 13 Casa FOA 2014) \/ Grace Devecyan (\u00a9 Casa FOA)\" data-rl_title=\"Living (Espacio 13 Casa FOA 2014) \/ Grace Devecyan (\u00a9 Casa FOA)\" class=\"rl-gallery-link\" data-rl_caption=\"Living (Espacio 13 Casa FOA 2014) \/ Grace Devecyan (\u00a9 Casa FOA)\" data-rel=\"lightbox-gallery-1\"><img loading=\"lazy\" decoding=\"async\" width=\"150\" height=\"150\" src=\"https:\/\/www.arquimaster.com.ar\/web\/wp-content\/uploads\/2014\/10\/espacio13_casafoa2014_28-150x150.jpg\" class=\"attachment-thumbnail size-thumbnail\" alt=\"\" aria-describedby=\"gallery-1-10021\" srcset=\"https:\/\/www.arquimaster.com.ar\/web\/wp-content\/uploads\/2014\/10\/espacio13_casafoa2014_28-150x150.jpg 150w, https:\/\/www.arquimaster.com.ar\/web\/wp-content\/uploads\/2014\/10\/espacio13_casafoa2014_28-50x50.jpg 50w, https:\/\/www.arquimaster.com.ar\/web\/wp-content\/uploads\/2014\/10\/espacio13_casafoa2014_28-125x125.jpg 125w\" sizes=\"auto, (max-width: 150px) 100vw, 150px\" \/><\/a>\n\t\t\t<\/div>\n\t\t\t\t<figcaption class='wp-caption-text gallery-caption' id='gallery-1-10021'>\n\t\t\t\tLiving (Espacio 13 Casa FOA 2014) \/ Grace Devecyan (\u00a9 Casa FOA)\n\t\t\t\t<\/figcaption><\/figure><figure class='gallery-item'>\n\t\t\t<div class='gallery-icon landscape'>\n\t\t\t\t<a href='https:\/\/www.arquimaster.com.ar\/web\/wp-content\/uploads\/2014\/10\/espacio13_casafoa2014_17.jpg' title=\"Living (Espacio 13 Casa FOA 2014) \/ Grace Devecyan\" data-rl_title=\"Living (Espacio 13 Casa FOA 2014) \/ Grace Devecyan\" class=\"rl-gallery-link\" data-rl_caption=\"Living (Espacio 13 Casa FOA 2014) \/ Grace Devecyan\" data-rel=\"lightbox-gallery-1\"><img loading=\"lazy\" decoding=\"async\" width=\"150\" height=\"150\" src=\"https:\/\/www.arquimaster.com.ar\/web\/wp-content\/uploads\/2014\/10\/espacio13_casafoa2014_17-150x150.jpg\" class=\"attachment-thumbnail size-thumbnail\" alt=\"\" aria-describedby=\"gallery-1-10008\" srcset=\"https:\/\/www.arquimaster.com.ar\/web\/wp-content\/uploads\/2014\/10\/espacio13_casafoa2014_17-150x150.jpg 150w, https:\/\/www.arquimaster.com.ar\/web\/wp-content\/uploads\/2014\/10\/espacio13_casafoa2014_17-50x50.jpg 50w, https:\/\/www.arquimaster.com.ar\/web\/wp-content\/uploads\/2014\/10\/espacio13_casafoa2014_17-125x125.jpg 125w\" sizes=\"auto, (max-width: 150px) 100vw, 150px\" \/><\/a>\n\t\t\t<\/div>\n\t\t\t\t<figcaption class='wp-caption-text gallery-caption' id='gallery-1-10008'>\n\t\t\t\tLiving (Espacio 13 Casa FOA 2014) \/ Grace Devecyan\n\t\t\t\t<\/figcaption><\/figure><figure class='gallery-item'>\n\t\t\t<div class='gallery-icon landscape'>\n\t\t\t\t<a href='https:\/\/www.arquimaster.com.ar\/web\/wp-content\/uploads\/2014\/10\/espacio13_casafoa2014_18.jpg' title=\"Living (Espacio 13 Casa FOA 2014) \/ Grace Devecyan\" data-rl_title=\"Living (Espacio 13 Casa FOA 2014) \/ Grace Devecyan\" class=\"rl-gallery-link\" data-rl_caption=\"Living (Espacio 13 Casa FOA 2014) \/ Grace Devecyan\" data-rel=\"lightbox-gallery-1\"><img loading=\"lazy\" decoding=\"async\" width=\"150\" height=\"150\" src=\"https:\/\/www.arquimaster.com.ar\/web\/wp-content\/uploads\/2014\/10\/espacio13_casafoa2014_18-150x150.jpg\" class=\"attachment-thumbnail size-thumbnail\" alt=\"\" aria-describedby=\"gallery-1-10009\" srcset=\"https:\/\/www.arquimaster.com.ar\/web\/wp-content\/uploads\/2014\/10\/espacio13_casafoa2014_18-150x150.jpg 150w, https:\/\/www.arquimaster.com.ar\/web\/wp-content\/uploads\/2014\/10\/espacio13_casafoa2014_18-50x50.jpg 50w, https:\/\/www.arquimaster.com.ar\/web\/wp-content\/uploads\/2014\/10\/espacio13_casafoa2014_18-125x125.jpg 125w\" sizes=\"auto, (max-width: 150px) 100vw, 150px\" \/><\/a>\n\t\t\t<\/div>\n\t\t\t\t<figcaption class='wp-caption-text gallery-caption' id='gallery-1-10009'>\n\t\t\t\tLiving (Espacio 13 Casa FOA 2014) \/ Grace Devecyan\n\t\t\t\t<\/figcaption><\/figure><figure class='gallery-item'>\n\t\t\t<div class='gallery-icon landscape'>\n\t\t\t\t<a href='https:\/\/www.arquimaster.com.ar\/web\/wp-content\/uploads\/2014\/10\/espacio13_casafoa2014_19.jpg' title=\"Living (Espacio 13 Casa FOA 2014) \/ Grace Devecyan\" data-rl_title=\"Living (Espacio 13 Casa FOA 2014) \/ Grace Devecyan\" class=\"rl-gallery-link\" data-rl_caption=\"Living (Espacio 13 Casa FOA 2014) \/ Grace Devecyan\" data-rel=\"lightbox-gallery-1\"><img loading=\"lazy\" decoding=\"async\" width=\"150\" height=\"150\" src=\"https:\/\/www.arquimaster.com.ar\/web\/wp-content\/uploads\/2014\/10\/espacio13_casafoa2014_19-150x150.jpg\" class=\"attachment-thumbnail size-thumbnail\" alt=\"\" aria-describedby=\"gallery-1-10010\" srcset=\"https:\/\/www.arquimaster.com.ar\/web\/wp-content\/uploads\/2014\/10\/espacio13_casafoa2014_19-150x150.jpg 150w, https:\/\/www.arquimaster.com.ar\/web\/wp-content\/uploads\/2014\/10\/espacio13_casafoa2014_19-50x50.jpg 50w, https:\/\/www.arquimaster.com.ar\/web\/wp-content\/uploads\/2014\/10\/espacio13_casafoa2014_19-125x125.jpg 125w\" sizes=\"auto, (max-width: 150px) 100vw, 150px\" \/><\/a>\n\t\t\t<\/div>\n\t\t\t\t<figcaption class='wp-caption-text gallery-caption' id='gallery-1-10010'>\n\t\t\t\tLiving (Espacio 13 Casa FOA 2014) \/ Grace Devecyan\n\t\t\t\t<\/figcaption><\/figure><figure class='gallery-item'>\n\t\t\t<div class='gallery-icon landscape'>\n\t\t\t\t<a href='https:\/\/www.arquimaster.com.ar\/web\/wp-content\/uploads\/2014\/10\/espacio13_casafoa2014_20.jpg' title=\"Living (Espacio 13 Casa FOA 2014) \/ Grace Devecyan\" data-rl_title=\"Living (Espacio 13 Casa FOA 2014) \/ Grace Devecyan\" class=\"rl-gallery-link\" data-rl_caption=\"Living (Espacio 13 Casa FOA 2014) \/ Grace Devecyan\" data-rel=\"lightbox-gallery-1\"><img loading=\"lazy\" decoding=\"async\" width=\"150\" height=\"150\" src=\"https:\/\/www.arquimaster.com.ar\/web\/wp-content\/uploads\/2014\/10\/espacio13_casafoa2014_20-150x150.jpg\" class=\"attachment-thumbnail size-thumbnail\" alt=\"\" aria-describedby=\"gallery-1-10011\" srcset=\"https:\/\/www.arquimaster.com.ar\/web\/wp-content\/uploads\/2014\/10\/espacio13_casafoa2014_20-150x150.jpg 150w, https:\/\/www.arquimaster.com.ar\/web\/wp-content\/uploads\/2014\/10\/espacio13_casafoa2014_20-50x50.jpg 50w, https:\/\/www.arquimaster.com.ar\/web\/wp-content\/uploads\/2014\/10\/espacio13_casafoa2014_20-125x125.jpg 125w\" sizes=\"auto, (max-width: 150px) 100vw, 150px\" \/><\/a>\n\t\t\t<\/div>\n\t\t\t\t<figcaption class='wp-caption-text gallery-caption' id='gallery-1-10011'>\n\t\t\t\tLiving (Espacio 13 Casa FOA 2014) \/ Grace Devecyan\n\t\t\t\t<\/figcaption><\/figure><figure class='gallery-item'>\n\t\t\t<div class='gallery-icon portrait'>\n\t\t\t\t<a href='https:\/\/www.arquimaster.com.ar\/web\/wp-content\/uploads\/2014\/10\/espacio13_casafoa2014_21.jpg' title=\"Living (Espacio 13 Casa FOA 2014) \/ Grace Devecyan\" data-rl_title=\"Living (Espacio 13 Casa FOA 2014) \/ Grace Devecyan\" class=\"rl-gallery-link\" data-rl_caption=\"Living (Espacio 13 Casa FOA 2014) \/ Grace Devecyan\" data-rel=\"lightbox-gallery-1\"><img loading=\"lazy\" decoding=\"async\" width=\"150\" height=\"150\" src=\"https:\/\/www.arquimaster.com.ar\/web\/wp-content\/uploads\/2014\/10\/espacio13_casafoa2014_21-150x150.jpg\" class=\"attachment-thumbnail size-thumbnail\" alt=\"\" aria-describedby=\"gallery-1-10012\" srcset=\"https:\/\/www.arquimaster.com.ar\/web\/wp-content\/uploads\/2014\/10\/espacio13_casafoa2014_21-150x150.jpg 150w, https:\/\/www.arquimaster.com.ar\/web\/wp-content\/uploads\/2014\/10\/espacio13_casafoa2014_21-50x50.jpg 50w, https:\/\/www.arquimaster.com.ar\/web\/wp-content\/uploads\/2014\/10\/espacio13_casafoa2014_21-125x125.jpg 125w\" sizes=\"auto, (max-width: 150px) 100vw, 150px\" \/><\/a>\n\t\t\t<\/div>\n\t\t\t\t<figcaption class='wp-caption-text gallery-caption' id='gallery-1-10012'>\n\t\t\t\tLiving (Espacio 13 Casa FOA 2014) \/ Grace Devecyan\n\t\t\t\t<\/figcaption><\/figure><figure class='gallery-item'>\n\t\t\t<div class='gallery-icon portrait'>\n\t\t\t\t<a href='https:\/\/www.arquimaster.com.ar\/web\/wp-content\/uploads\/2014\/10\/espacio13_casafoa2014_22.jpg' title=\"Living (Espacio 13 Casa FOA 2014) \/ Grace Devecyan\" data-rl_title=\"Living (Espacio 13 Casa FOA 2014) \/ Grace Devecyan\" class=\"rl-gallery-link\" data-rl_caption=\"Living (Espacio 13 Casa FOA 2014) \/ Grace Devecyan\" data-rel=\"lightbox-gallery-1\"><img loading=\"lazy\" decoding=\"async\" width=\"150\" height=\"150\" src=\"https:\/\/www.arquimaster.com.ar\/web\/wp-content\/uploads\/2014\/10\/espacio13_casafoa2014_22-150x150.jpg\" class=\"attachment-thumbnail size-thumbnail\" alt=\"\" aria-describedby=\"gallery-1-10013\" srcset=\"https:\/\/www.arquimaster.com.ar\/web\/wp-content\/uploads\/2014\/10\/espacio13_casafoa2014_22-150x150.jpg 150w, https:\/\/www.arquimaster.com.ar\/web\/wp-content\/uploads\/2014\/10\/espacio13_casafoa2014_22-50x50.jpg 50w, https:\/\/www.arquimaster.com.ar\/web\/wp-content\/uploads\/2014\/10\/espacio13_casafoa2014_22-125x125.jpg 125w\" sizes=\"auto, (max-width: 150px) 100vw, 150px\" \/><\/a>\n\t\t\t<\/div>\n\t\t\t\t<figcaption class='wp-caption-text gallery-caption' id='gallery-1-10013'>\n\t\t\t\tLiving (Espacio 13 Casa FOA 2014) \/ Grace Devecyan\n\t\t\t\t<\/figcaption><\/figure><figure class='gallery-item'>\n\t\t\t<div class='gallery-icon portrait'>\n\t\t\t\t<a href='https:\/\/www.arquimaster.com.ar\/web\/wp-content\/uploads\/2014\/10\/espacio13_casafoa2014_23.jpg' title=\"Living (Espacio 13 Casa FOA 2014) \/ Grace Devecyan\" data-rl_title=\"Living (Espacio 13 Casa FOA 2014) \/ Grace Devecyan\" class=\"rl-gallery-link\" data-rl_caption=\"Living (Espacio 13 Casa FOA 2014) \/ Grace Devecyan\" data-rel=\"lightbox-gallery-1\"><img loading=\"lazy\" decoding=\"async\" width=\"150\" height=\"150\" src=\"https:\/\/www.arquimaster.com.ar\/web\/wp-content\/uploads\/2014\/10\/espacio13_casafoa2014_23-150x150.jpg\" class=\"attachment-thumbnail size-thumbnail\" alt=\"\" aria-describedby=\"gallery-1-10014\" srcset=\"https:\/\/www.arquimaster.com.ar\/web\/wp-content\/uploads\/2014\/10\/espacio13_casafoa2014_23-150x150.jpg 150w, https:\/\/www.arquimaster.com.ar\/web\/wp-content\/uploads\/2014\/10\/espacio13_casafoa2014_23-50x50.jpg 50w, https:\/\/www.arquimaster.com.ar\/web\/wp-content\/uploads\/2014\/10\/espacio13_casafoa2014_23-125x125.jpg 125w\" sizes=\"auto, (max-width: 150px) 100vw, 150px\" \/><\/a>\n\t\t\t<\/div>\n\t\t\t\t<figcaption class='wp-caption-text gallery-caption' id='gallery-1-10014'>\n\t\t\t\tLiving (Espacio 13 Casa FOA 2014) \/ Grace Devecyan\n\t\t\t\t<\/figcaption><\/figure><figure class='gallery-item'>\n\t\t\t<div class='gallery-icon landscape'>\n\t\t\t\t<a href='https:\/\/www.arquimaster.com.ar\/web\/wp-content\/uploads\/2014\/10\/espacio13_casafoa2014_24.jpg' title=\"Living (Espacio 13 Casa FOA 2014) \/ Grace Devecyan\" data-rl_title=\"Living (Espacio 13 Casa FOA 2014) \/ Grace Devecyan\" class=\"rl-gallery-link\" data-rl_caption=\"Living (Espacio 13 Casa FOA 2014) \/ Grace Devecyan\" data-rel=\"lightbox-gallery-1\"><img loading=\"lazy\" decoding=\"async\" width=\"150\" height=\"150\" src=\"https:\/\/www.arquimaster.com.ar\/web\/wp-content\/uploads\/2014\/10\/espacio13_casafoa2014_24-150x150.jpg\" class=\"attachment-thumbnail size-thumbnail\" alt=\"\" aria-describedby=\"gallery-1-10015\" srcset=\"https:\/\/www.arquimaster.com.ar\/web\/wp-content\/uploads\/2014\/10\/espacio13_casafoa2014_24-150x150.jpg 150w, https:\/\/www.arquimaster.com.ar\/web\/wp-content\/uploads\/2014\/10\/espacio13_casafoa2014_24-50x50.jpg 50w, https:\/\/www.arquimaster.com.ar\/web\/wp-content\/uploads\/2014\/10\/espacio13_casafoa2014_24-125x125.jpg 125w\" sizes=\"auto, (max-width: 150px) 100vw, 150px\" \/><\/a>\n\t\t\t<\/div>\n\t\t\t\t<figcaption class='wp-caption-text gallery-caption' id='gallery-1-10015'>\n\t\t\t\tLiving (Espacio 13 Casa FOA 2014) \/ Grace Devecyan\n\t\t\t\t<\/figcaption><\/figure><figure class='gallery-item'>\n\t\t\t<div class='gallery-icon landscape'>\n\t\t\t\t<a href='https:\/\/www.arquimaster.com.ar\/web\/wp-content\/uploads\/2014\/10\/espacio13_casafoa2014_25.jpg' title=\"Living (Espacio 13 Casa FOA 2014) \/ Grace Devecyan\" data-rl_title=\"Living (Espacio 13 Casa FOA 2014) \/ Grace Devecyan\" class=\"rl-gallery-link\" data-rl_caption=\"Living (Espacio 13 Casa FOA 2014) \/ Grace Devecyan\" data-rel=\"lightbox-gallery-1\"><img loading=\"lazy\" decoding=\"async\" width=\"150\" height=\"150\" src=\"https:\/\/www.arquimaster.com.ar\/web\/wp-content\/uploads\/2014\/10\/espacio13_casafoa2014_25-150x150.jpg\" class=\"attachment-thumbnail size-thumbnail\" alt=\"\" aria-describedby=\"gallery-1-10016\" srcset=\"https:\/\/www.arquimaster.com.ar\/web\/wp-content\/uploads\/2014\/10\/espacio13_casafoa2014_25-150x150.jpg 150w, https:\/\/www.arquimaster.com.ar\/web\/wp-content\/uploads\/2014\/10\/espacio13_casafoa2014_25-50x50.jpg 50w, https:\/\/www.arquimaster.com.ar\/web\/wp-content\/uploads\/2014\/10\/espacio13_casafoa2014_25-125x125.jpg 125w\" sizes=\"auto, (max-width: 150px) 100vw, 150px\" \/><\/a>\n\t\t\t<\/div>\n\t\t\t\t<figcaption class='wp-caption-text gallery-caption' id='gallery-1-10016'>\n\t\t\t\tLiving (Espacio 13 Casa FOA 2014) \/ Grace Devecyan\n\t\t\t\t<\/figcaption><\/figure><figure class='gallery-item'>\n\t\t\t<div class='gallery-icon landscape'>\n\t\t\t\t<a href='https:\/\/www.arquimaster.com.ar\/web\/wp-content\/uploads\/2014\/10\/espacio13_casafoa2014_26.jpg' title=\"Living (Espacio 13 Casa FOA 2014) \/ Grace Devecyan\" data-rl_title=\"Living (Espacio 13 Casa FOA 2014) \/ Grace Devecyan\" class=\"rl-gallery-link\" data-rl_caption=\"Living (Espacio 13 Casa FOA 2014) \/ Grace Devecyan\" data-rel=\"lightbox-gallery-1\"><img loading=\"lazy\" decoding=\"async\" width=\"150\" height=\"150\" src=\"https:\/\/www.arquimaster.com.ar\/web\/wp-content\/uploads\/2014\/10\/espacio13_casafoa2014_26-150x150.jpg\" class=\"attachment-thumbnail size-thumbnail\" alt=\"\" aria-describedby=\"gallery-1-10017\" srcset=\"https:\/\/www.arquimaster.com.ar\/web\/wp-content\/uploads\/2014\/10\/espacio13_casafoa2014_26-150x150.jpg 150w, https:\/\/www.arquimaster.com.ar\/web\/wp-content\/uploads\/2014\/10\/espacio13_casafoa2014_26-50x50.jpg 50w, https:\/\/www.arquimaster.com.ar\/web\/wp-content\/uploads\/2014\/10\/espacio13_casafoa2014_26-125x125.jpg 125w\" sizes=\"auto, (max-width: 150px) 100vw, 150px\" \/><\/a>\n\t\t\t<\/div>\n\t\t\t\t<figcaption class='wp-caption-text gallery-caption' id='gallery-1-10017'>\n\t\t\t\tLiving (Espacio 13 Casa FOA 2014) \/ Grace Devecyan\n\t\t\t\t<\/figcaption><\/figure>\n\t\t<\/div>\n\n<p><em>\u00abEsta vez me atrev\u00ed a jugar. A jugar con mi infancia, a jugar con el tiempo\u00bb<\/em> (Grace Devecyan).<\/p>\n<p>\u00abEsperando al Principito\u00bb transcurre en una casa donde habita una mujer que espera a su pr\u00edncipe y sue\u00f1a que \u00e9l la rescata.<\/p>\n<p>El living es escenario y refugio, donde la dimensi\u00f3n del tiempo es otra: puede dilatarse o detenerse por amor (<em>\u00ab&#8230;si me dices, por ejemplo, que vienes a las cuatro de la tarde, comenzar\u00e9 a ser feliz desde las tres\u00bb<\/em> *), o en funci\u00f3n a aquellas acciones o personas a quienes se lo dedicamos (<em>\u00ab&#8230;el tiempo que dedicas a tu rosa es lo que hace que tu rosa sea tan importante\u00bb<\/em> *).<\/p>\n<p>Grace Devecyan sue\u00f1a con un tiempo m\u00e1gico y lo traslada con sutileza a la puesta en escena de su espacio, donde la clave est\u00e1 en tres puntos cardinales: la espacialidad de un ambiente peque\u00f1o, pero c\u00f3modo y vers\u00e1til; la armon\u00eda en la diferencia a trav\u00e9s del uso de estilos diversos y, en tercer lugar, el arte aplicado: g\u00e9neros, luminarias y muebles intervenidos por artistas para crear un mundo \u00fanico y propio.<\/p>\n<p><em>\u00abMotivada por la locaci\u00f3n, intento respetar el esp\u00edritu de recogimiento y silencio que brotan de La Abad\u00eda, reflejado en paletas de colores que transmitan serenidad\u00bb<\/em> (Grace Devecyan).<\/p>\n<p>Desde lo formal, la interpretaci\u00f3n en el espacio busca apelar a los sensorial, a lo emotivo: pisos y techos de madera, alfombras envejecidas, una gran biblioteca, paredes enteladas en lienzo pintado a mano.<\/p>\n<p>Una ara\u00f1a antigua, una obra de arte en gran tama\u00f1o, una escultura en alambre y el espejo intervenido con una frase del libro de Saint-Exup\u00e9ry completan la escena y la transforman en un refugio fuera de este tiempo que, como la experiencia de la lectura, nos lleva a un mundo aleg\u00f3rico y feliz.<\/p>\n<p>* El Principito, Saint-Exup\u00e9ry.<\/p>\n<p>&nbsp;<\/p>\n<p><strong>Acerca de Grace Devecyan<\/strong><\/p>\n<p>Si hubiese que definir un estilo, la decoradora Grace Devecyan se acercar\u00eda a la decoraci\u00f3n emocional, a trav\u00e9s de una intensa b\u00fasqueda hacia la armon\u00eda y la evocaci\u00f3n de sensaciones.<\/p>\n<p>Autodidacta y con una marcada vocaci\u00f3n est\u00e9tica, Grace Devecyan (Buenos Aires, 1970) dio sus primeros pasos creativos estudiando cocina y luego escuchando la voz de amigos y conocidos que le insist\u00edan en reformar, decorar e intervenir decorativamente sus viviendas y variados espacios.<\/p>\n<p><em>\u00abProyecto con la intenci\u00f3n de que mis espacios reflejen de manera arm\u00f3nica y equilibrada aquello que los due\u00f1os de casa quieran transmitir, respetando su estilo de vida y sus preferencias\u00bb<\/em> (Grace Devecyan).<\/p>\n<p>Como sucede cuando alguien posee tanto talento, la voz se corri\u00f3 y a\u00f1os m\u00e1s tarde lleg\u00f3 la propuesta de trabajar en Estilo Pilar. Su primer participaci\u00f3n fue tan elogiada, que al a\u00f1o siguiente fue convocada de nuevo y durante varios a\u00f1os sus espacios se volvieron un cl\u00e1sico en aquella muestra.<\/p>\n<p><em>\u00abBusco evocar sensaciones a trav\u00e9s de los cinco sentidos. La armon\u00eda de los colores, la suavidad de los textiles, el aroma de las flores frescas, los sonidos de cada casa, el placer por la buena mesa. Me inspiro en la naturaleza, el arte, los viajes, el ritmo de las ciudades, la moda\u00bb<\/em> (Grace Devecyan).<\/p>\n<p>Hoy con gran entusiasmo y emoci\u00f3n, desembarca con su primera participaci\u00f3n en Casa FOA\u00a0 2014 La Abadia, y sorprende con un fascinante mundo aleg\u00f3rico inspirado en su libro m\u00e1s querido, El Principito de Saint-Exup\u00e9ry.<\/p>\n<p>&nbsp;<\/p>\n<p><strong>Contacto<\/strong><br \/>\n<a title=\"Grace Devecyan\" href=\"http:\/\/www.gracedevecyan.com\" target=\"_blank\">http:\/\/www.gracedevecyan.com<\/a><\/p>\n<p>Fotos cortesia de Grace Devecyan<\/p>\n\n<div style=\"font-size: 0px; height: 0px; line-height: 0px; margin: 0; padding: 0; clear: both;\"><\/div><div style=\"margin-top: 0px; margin-bottom: 0px;\" class=\"sharethis-inline-share-buttons\" ><\/div>","protected":false},"excerpt":{"rendered":"<p>\u00abEsperando al Principito\u00bb transcurre en una casa donde habita una mujer que espera&#8230;<\/p>\n","protected":false},"author":1,"featured_media":9991,"comment_status":"closed","ping_status":"closed","sticky":false,"template":"","format":"standard","meta":{"_uag_custom_page_level_css":"","footnotes":""},"categories":[2680,55],"tags":[2066,3524,37,1697,1401,2683,2681,2682],"class_list":["post-9990","post","type-post","status-publish","format-standard","has-post-thumbnail","hentry","category-casa-foa-2014","category-diseno","tag-casa-foa","tag-casa-foa-2014","tag-decoracion","tag-diseno-de-interiores","tag-foa","tag-grace-devecyan","tag-la-abadia","tag-living","generate-columns","tablet-grid-50","mobile-grid-100","grid-parent","grid-50"],"yoast_head":"<!-- This site is optimized with the Yoast SEO plugin v27.3 - https:\/\/yoast.com\/product\/yoast-seo-wordpress\/ -->\n<title>Living (Espacio 13 Casa FOA 2014) \/ Grace Devecyan - Arquimaster<\/title>\n<meta name=\"robots\" content=\"index, follow, max-snippet:-1, max-image-preview:large, max-video-preview:-1\" \/>\n<link rel=\"canonical\" href=\"https:\/\/www.arquimaster.com.ar\/web\/living-espacio-13-casa-foa-2014-grace-devecyan\/\" \/>\n<meta property=\"og:locale\" content=\"es_ES\" \/>\n<meta property=\"og:type\" content=\"article\" \/>\n<meta property=\"og:title\" content=\"Living (Espacio 13 Casa FOA 2014) \/ Grace Devecyan - Arquimaster\" \/>\n<meta property=\"og:description\" content=\"&quot;Esperando al Principito&quot; transcurre en una casa donde habita una mujer que espera...\" \/>\n<meta property=\"og:url\" content=\"https:\/\/www.arquimaster.com.ar\/web\/living-espacio-13-casa-foa-2014-grace-devecyan\/\" \/>\n<meta property=\"og:site_name\" content=\"Arquimaster\" \/>\n<meta property=\"article:publisher\" content=\"http:\/\/www.facebook.com\/ARQUIMASTER.com.ar\" \/>\n<meta property=\"article:published_time\" content=\"2014-10-07T22:00:18+00:00\" \/>\n<meta property=\"article:modified_time\" content=\"2014-10-08T02:43:40+00:00\" \/>\n<meta property=\"og:image\" content=\"https:\/\/www.arquimaster.com.ar\/web\/wp-content\/uploads\/2014\/10\/espacio13_casafoa2014_slide.jpg\" \/>\n\t<meta property=\"og:image:width\" content=\"642\" \/>\n\t<meta property=\"og:image:height\" content=\"336\" \/>\n\t<meta property=\"og:image:type\" content=\"image\/jpeg\" \/>\n<meta name=\"author\" content=\"Arquimaster\" \/>\n<meta name=\"twitter:card\" content=\"summary_large_image\" \/>\n<meta name=\"twitter:creator\" content=\"@arquimaster\" \/>\n<meta name=\"twitter:site\" content=\"@arquimaster\" \/>\n<meta name=\"twitter:label1\" content=\"Escrito por\" \/>\n\t<meta name=\"twitter:data1\" content=\"Arquimaster\" \/>\n\t<meta name=\"twitter:label2\" content=\"Tiempo de lectura\" \/>\n\t<meta name=\"twitter:data2\" content=\"3 minutos\" \/>\n<script type=\"application\/ld+json\" class=\"yoast-schema-graph\">{\"@context\":\"https:\\\/\\\/schema.org\",\"@graph\":[{\"@type\":\"Article\",\"@id\":\"https:\\\/\\\/www.arquimaster.com.ar\\\/web\\\/living-espacio-13-casa-foa-2014-grace-devecyan\\\/#article\",\"isPartOf\":{\"@id\":\"https:\\\/\\\/www.arquimaster.com.ar\\\/web\\\/living-espacio-13-casa-foa-2014-grace-devecyan\\\/\"},\"author\":{\"name\":\"Arquimaster\",\"@id\":\"https:\\\/\\\/www.arquimaster.com.ar\\\/web\\\/#\\\/schema\\\/person\\\/359e9f7c00193fcde068e0dd2ceb0028\"},\"headline\":\"Living (Espacio 13 Casa FOA 2014) \\\/ Grace Devecyan\",\"datePublished\":\"2014-10-07T22:00:18+00:00\",\"dateModified\":\"2014-10-08T02:43:40+00:00\",\"mainEntityOfPage\":{\"@id\":\"https:\\\/\\\/www.arquimaster.com.ar\\\/web\\\/living-espacio-13-casa-foa-2014-grace-devecyan\\\/\"},\"wordCount\":664,\"publisher\":{\"@id\":\"https:\\\/\\\/www.arquimaster.com.ar\\\/web\\\/#organization\"},\"image\":{\"@id\":\"https:\\\/\\\/www.arquimaster.com.ar\\\/web\\\/living-espacio-13-casa-foa-2014-grace-devecyan\\\/#primaryimage\"},\"thumbnailUrl\":\"https:\\\/\\\/www.arquimaster.com.ar\\\/web\\\/wp-content\\\/uploads\\\/2014\\\/10\\\/espacio13_casafoa2014_slide.jpg\",\"keywords\":[\"Casa FOA\",\"Casa FOA 2014\",\"decoracion\",\"dise\u00f1o de interiores\",\"FOA\",\"Grace Devecyan\",\"La Abadia\",\"living\"],\"articleSection\":[\"Casa FOA 2014\",\"Dise\u00f1o\"],\"inLanguage\":\"es\"},{\"@type\":\"WebPage\",\"@id\":\"https:\\\/\\\/www.arquimaster.com.ar\\\/web\\\/living-espacio-13-casa-foa-2014-grace-devecyan\\\/\",\"url\":\"https:\\\/\\\/www.arquimaster.com.ar\\\/web\\\/living-espacio-13-casa-foa-2014-grace-devecyan\\\/\",\"name\":\"Living (Espacio 13 Casa FOA 2014) \\\/ Grace Devecyan - Arquimaster\",\"isPartOf\":{\"@id\":\"https:\\\/\\\/www.arquimaster.com.ar\\\/web\\\/#website\"},\"primaryImageOfPage\":{\"@id\":\"https:\\\/\\\/www.arquimaster.com.ar\\\/web\\\/living-espacio-13-casa-foa-2014-grace-devecyan\\\/#primaryimage\"},\"image\":{\"@id\":\"https:\\\/\\\/www.arquimaster.com.ar\\\/web\\\/living-espacio-13-casa-foa-2014-grace-devecyan\\\/#primaryimage\"},\"thumbnailUrl\":\"https:\\\/\\\/www.arquimaster.com.ar\\\/web\\\/wp-content\\\/uploads\\\/2014\\\/10\\\/espacio13_casafoa2014_slide.jpg\",\"datePublished\":\"2014-10-07T22:00:18+00:00\",\"dateModified\":\"2014-10-08T02:43:40+00:00\",\"breadcrumb\":{\"@id\":\"https:\\\/\\\/www.arquimaster.com.ar\\\/web\\\/living-espacio-13-casa-foa-2014-grace-devecyan\\\/#breadcrumb\"},\"inLanguage\":\"es\",\"potentialAction\":[{\"@type\":\"ReadAction\",\"target\":[\"https:\\\/\\\/www.arquimaster.com.ar\\\/web\\\/living-espacio-13-casa-foa-2014-grace-devecyan\\\/\"]}]},{\"@type\":\"ImageObject\",\"inLanguage\":\"es\",\"@id\":\"https:\\\/\\\/www.arquimaster.com.ar\\\/web\\\/living-espacio-13-casa-foa-2014-grace-devecyan\\\/#primaryimage\",\"url\":\"https:\\\/\\\/www.arquimaster.com.ar\\\/web\\\/wp-content\\\/uploads\\\/2014\\\/10\\\/espacio13_casafoa2014_slide.jpg\",\"contentUrl\":\"https:\\\/\\\/www.arquimaster.com.ar\\\/web\\\/wp-content\\\/uploads\\\/2014\\\/10\\\/espacio13_casafoa2014_slide.jpg\",\"width\":642,\"height\":336},{\"@type\":\"BreadcrumbList\",\"@id\":\"https:\\\/\\\/www.arquimaster.com.ar\\\/web\\\/living-espacio-13-casa-foa-2014-grace-devecyan\\\/#breadcrumb\",\"itemListElement\":[{\"@type\":\"ListItem\",\"position\":1,\"name\":\"Portada\",\"item\":\"https:\\\/\\\/www.arquimaster.com.ar\\\/web\\\/\"},{\"@type\":\"ListItem\",\"position\":2,\"name\":\"Living (Espacio 13 Casa FOA 2014) \\\/ Grace Devecyan\"}]},{\"@type\":\"WebSite\",\"@id\":\"https:\\\/\\\/www.arquimaster.com.ar\\\/web\\\/#website\",\"url\":\"https:\\\/\\\/www.arquimaster.com.ar\\\/web\\\/\",\"name\":\"Arquimaster\",\"description\":\"Web de arquitectura, dise\u00f1o y construccion\",\"publisher\":{\"@id\":\"https:\\\/\\\/www.arquimaster.com.ar\\\/web\\\/#organization\"},\"potentialAction\":[{\"@type\":\"SearchAction\",\"target\":{\"@type\":\"EntryPoint\",\"urlTemplate\":\"https:\\\/\\\/www.arquimaster.com.ar\\\/web\\\/?s={search_term_string}\"},\"query-input\":{\"@type\":\"PropertyValueSpecification\",\"valueRequired\":true,\"valueName\":\"search_term_string\"}}],\"inLanguage\":\"es\"},{\"@type\":\"Organization\",\"@id\":\"https:\\\/\\\/www.arquimaster.com.ar\\\/web\\\/#organization\",\"name\":\"Arquimaster\",\"url\":\"https:\\\/\\\/www.arquimaster.com.ar\\\/web\\\/\",\"logo\":{\"@type\":\"ImageObject\",\"inLanguage\":\"es\",\"@id\":\"https:\\\/\\\/www.arquimaster.com.ar\\\/web\\\/#\\\/schema\\\/logo\\\/image\\\/\",\"url\":\"https:\\\/\\\/www.arquimaster.com.ar\\\/web\\\/wp-content\\\/uploads\\\/2022\\\/06\\\/arquimaster.png\",\"contentUrl\":\"https:\\\/\\\/www.arquimaster.com.ar\\\/web\\\/wp-content\\\/uploads\\\/2022\\\/06\\\/arquimaster.png\",\"width\":594,\"height\":78,\"caption\":\"Arquimaster\"},\"image\":{\"@id\":\"https:\\\/\\\/www.arquimaster.com.ar\\\/web\\\/#\\\/schema\\\/logo\\\/image\\\/\"},\"sameAs\":[\"http:\\\/\\\/www.facebook.com\\\/ARQUIMASTER.com.ar\",\"https:\\\/\\\/x.com\\\/arquimaster\",\"https:\\\/\\\/www.instagram.com\\\/arquimasterblog\\\/\",\"https:\\\/\\\/www.linkedin.com\\\/company\\\/arquimaster\",\"https:\\\/\\\/www.pinterest.com\\\/arquimaster\",\"https:\\\/\\\/t.me\\\/arquimaster\"]},{\"@type\":\"Person\",\"@id\":\"https:\\\/\\\/www.arquimaster.com.ar\\\/web\\\/#\\\/schema\\\/person\\\/359e9f7c00193fcde068e0dd2ceb0028\",\"name\":\"Arquimaster\"}]}<\/script>\n<!-- \/ Yoast SEO plugin. -->","yoast_head_json":{"title":"Living (Espacio 13 Casa FOA 2014) \/ Grace Devecyan - Arquimaster","robots":{"index":"index","follow":"follow","max-snippet":"max-snippet:-1","max-image-preview":"max-image-preview:large","max-video-preview":"max-video-preview:-1"},"canonical":"https:\/\/www.arquimaster.com.ar\/web\/living-espacio-13-casa-foa-2014-grace-devecyan\/","og_locale":"es_ES","og_type":"article","og_title":"Living (Espacio 13 Casa FOA 2014) \/ Grace Devecyan - Arquimaster","og_description":"\"Esperando al Principito\" transcurre en una casa donde habita una mujer que espera...","og_url":"https:\/\/www.arquimaster.com.ar\/web\/living-espacio-13-casa-foa-2014-grace-devecyan\/","og_site_name":"Arquimaster","article_publisher":"http:\/\/www.facebook.com\/ARQUIMASTER.com.ar","article_published_time":"2014-10-07T22:00:18+00:00","article_modified_time":"2014-10-08T02:43:40+00:00","og_image":[{"width":642,"height":336,"url":"https:\/\/www.arquimaster.com.ar\/web\/wp-content\/uploads\/2014\/10\/espacio13_casafoa2014_slide.jpg","type":"image\/jpeg"}],"author":"Arquimaster","twitter_card":"summary_large_image","twitter_creator":"@arquimaster","twitter_site":"@arquimaster","twitter_misc":{"Escrito por":"Arquimaster","Tiempo de lectura":"3 minutos"},"schema":{"@context":"https:\/\/schema.org","@graph":[{"@type":"Article","@id":"https:\/\/www.arquimaster.com.ar\/web\/living-espacio-13-casa-foa-2014-grace-devecyan\/#article","isPartOf":{"@id":"https:\/\/www.arquimaster.com.ar\/web\/living-espacio-13-casa-foa-2014-grace-devecyan\/"},"author":{"name":"Arquimaster","@id":"https:\/\/www.arquimaster.com.ar\/web\/#\/schema\/person\/359e9f7c00193fcde068e0dd2ceb0028"},"headline":"Living (Espacio 13 Casa FOA 2014) \/ Grace Devecyan","datePublished":"2014-10-07T22:00:18+00:00","dateModified":"2014-10-08T02:43:40+00:00","mainEntityOfPage":{"@id":"https:\/\/www.arquimaster.com.ar\/web\/living-espacio-13-casa-foa-2014-grace-devecyan\/"},"wordCount":664,"publisher":{"@id":"https:\/\/www.arquimaster.com.ar\/web\/#organization"},"image":{"@id":"https:\/\/www.arquimaster.com.ar\/web\/living-espacio-13-casa-foa-2014-grace-devecyan\/#primaryimage"},"thumbnailUrl":"https:\/\/www.arquimaster.com.ar\/web\/wp-content\/uploads\/2014\/10\/espacio13_casafoa2014_slide.jpg","keywords":["Casa FOA","Casa FOA 2014","decoracion","dise\u00f1o de interiores","FOA","Grace Devecyan","La Abadia","living"],"articleSection":["Casa FOA 2014","Dise\u00f1o"],"inLanguage":"es"},{"@type":"WebPage","@id":"https:\/\/www.arquimaster.com.ar\/web\/living-espacio-13-casa-foa-2014-grace-devecyan\/","url":"https:\/\/www.arquimaster.com.ar\/web\/living-espacio-13-casa-foa-2014-grace-devecyan\/","name":"Living (Espacio 13 Casa FOA 2014) \/ Grace Devecyan - Arquimaster","isPartOf":{"@id":"https:\/\/www.arquimaster.com.ar\/web\/#website"},"primaryImageOfPage":{"@id":"https:\/\/www.arquimaster.com.ar\/web\/living-espacio-13-casa-foa-2014-grace-devecyan\/#primaryimage"},"image":{"@id":"https:\/\/www.arquimaster.com.ar\/web\/living-espacio-13-casa-foa-2014-grace-devecyan\/#primaryimage"},"thumbnailUrl":"https:\/\/www.arquimaster.com.ar\/web\/wp-content\/uploads\/2014\/10\/espacio13_casafoa2014_slide.jpg","datePublished":"2014-10-07T22:00:18+00:00","dateModified":"2014-10-08T02:43:40+00:00","breadcrumb":{"@id":"https:\/\/www.arquimaster.com.ar\/web\/living-espacio-13-casa-foa-2014-grace-devecyan\/#breadcrumb"},"inLanguage":"es","potentialAction":[{"@type":"ReadAction","target":["https:\/\/www.arquimaster.com.ar\/web\/living-espacio-13-casa-foa-2014-grace-devecyan\/"]}]},{"@type":"ImageObject","inLanguage":"es","@id":"https:\/\/www.arquimaster.com.ar\/web\/living-espacio-13-casa-foa-2014-grace-devecyan\/#primaryimage","url":"https:\/\/www.arquimaster.com.ar\/web\/wp-content\/uploads\/2014\/10\/espacio13_casafoa2014_slide.jpg","contentUrl":"https:\/\/www.arquimaster.com.ar\/web\/wp-content\/uploads\/2014\/10\/espacio13_casafoa2014_slide.jpg","width":642,"height":336},{"@type":"BreadcrumbList","@id":"https:\/\/www.arquimaster.com.ar\/web\/living-espacio-13-casa-foa-2014-grace-devecyan\/#breadcrumb","itemListElement":[{"@type":"ListItem","position":1,"name":"Portada","item":"https:\/\/www.arquimaster.com.ar\/web\/"},{"@type":"ListItem","position":2,"name":"Living (Espacio 13 Casa FOA 2014) \/ Grace Devecyan"}]},{"@type":"WebSite","@id":"https:\/\/www.arquimaster.com.ar\/web\/#website","url":"https:\/\/www.arquimaster.com.ar\/web\/","name":"Arquimaster","description":"Web de arquitectura, dise\u00f1o y construccion","publisher":{"@id":"https:\/\/www.arquimaster.com.ar\/web\/#organization"},"potentialAction":[{"@type":"SearchAction","target":{"@type":"EntryPoint","urlTemplate":"https:\/\/www.arquimaster.com.ar\/web\/?s={search_term_string}"},"query-input":{"@type":"PropertyValueSpecification","valueRequired":true,"valueName":"search_term_string"}}],"inLanguage":"es"},{"@type":"Organization","@id":"https:\/\/www.arquimaster.com.ar\/web\/#organization","name":"Arquimaster","url":"https:\/\/www.arquimaster.com.ar\/web\/","logo":{"@type":"ImageObject","inLanguage":"es","@id":"https:\/\/www.arquimaster.com.ar\/web\/#\/schema\/logo\/image\/","url":"https:\/\/www.arquimaster.com.ar\/web\/wp-content\/uploads\/2022\/06\/arquimaster.png","contentUrl":"https:\/\/www.arquimaster.com.ar\/web\/wp-content\/uploads\/2022\/06\/arquimaster.png","width":594,"height":78,"caption":"Arquimaster"},"image":{"@id":"https:\/\/www.arquimaster.com.ar\/web\/#\/schema\/logo\/image\/"},"sameAs":["http:\/\/www.facebook.com\/ARQUIMASTER.com.ar","https:\/\/x.com\/arquimaster","https:\/\/www.instagram.com\/arquimasterblog\/","https:\/\/www.linkedin.com\/company\/arquimaster","https:\/\/www.pinterest.com\/arquimaster","https:\/\/t.me\/arquimaster"]},{"@type":"Person","@id":"https:\/\/www.arquimaster.com.ar\/web\/#\/schema\/person\/359e9f7c00193fcde068e0dd2ceb0028","name":"Arquimaster"}]}},"uagb_featured_image_src":{"full":["https:\/\/www.arquimaster.com.ar\/web\/wp-content\/uploads\/2014\/10\/espacio13_casafoa2014_slide.jpg",642,336,false],"thumbnail":["https:\/\/www.arquimaster.com.ar\/web\/wp-content\/uploads\/2014\/10\/espacio13_casafoa2014_slide-150x150.jpg",150,150,true],"medium":["https:\/\/www.arquimaster.com.ar\/web\/wp-content\/uploads\/2014\/10\/espacio13_casafoa2014_slide-300x157.jpg",300,157,true],"medium_large":["https:\/\/www.arquimaster.com.ar\/web\/wp-content\/uploads\/2014\/10\/espacio13_casafoa2014_slide.jpg",642,336,false],"large":["https:\/\/www.arquimaster.com.ar\/web\/wp-content\/uploads\/2014\/10\/espacio13_casafoa2014_slide.jpg",642,336,false],"1536x1536":["https:\/\/www.arquimaster.com.ar\/web\/wp-content\/uploads\/2014\/10\/espacio13_casafoa2014_slide.jpg",642,336,false],"2048x2048":["https:\/\/www.arquimaster.com.ar\/web\/wp-content\/uploads\/2014\/10\/espacio13_casafoa2014_slide.jpg",642,336,false]},"uagb_author_info":{"display_name":"Arquimaster","author_link":"https:\/\/www.arquimaster.com.ar\/web\/author\/arquimaster\/"},"uagb_comment_info":0,"uagb_excerpt":"\"Esperando al Principito\" transcurre en una casa donde habita una mujer que espera...","_links":{"self":[{"href":"https:\/\/www.arquimaster.com.ar\/web\/wp-json\/wp\/v2\/posts\/9990","targetHints":{"allow":["GET"]}}],"collection":[{"href":"https:\/\/www.arquimaster.com.ar\/web\/wp-json\/wp\/v2\/posts"}],"about":[{"href":"https:\/\/www.arquimaster.com.ar\/web\/wp-json\/wp\/v2\/types\/post"}],"author":[{"embeddable":true,"href":"https:\/\/www.arquimaster.com.ar\/web\/wp-json\/wp\/v2\/users\/1"}],"replies":[{"embeddable":true,"href":"https:\/\/www.arquimaster.com.ar\/web\/wp-json\/wp\/v2\/comments?post=9990"}],"version-history":[{"count":0,"href":"https:\/\/www.arquimaster.com.ar\/web\/wp-json\/wp\/v2\/posts\/9990\/revisions"}],"wp:featuredmedia":[{"embeddable":true,"href":"https:\/\/www.arquimaster.com.ar\/web\/wp-json\/wp\/v2\/media\/9991"}],"wp:attachment":[{"href":"https:\/\/www.arquimaster.com.ar\/web\/wp-json\/wp\/v2\/media?parent=9990"}],"wp:term":[{"taxonomy":"category","embeddable":true,"href":"https:\/\/www.arquimaster.com.ar\/web\/wp-json\/wp\/v2\/categories?post=9990"},{"taxonomy":"post_tag","embeddable":true,"href":"https:\/\/www.arquimaster.com.ar\/web\/wp-json\/wp\/v2\/tags?post=9990"}],"curies":[{"name":"wp","href":"https:\/\/api.w.org\/{rel}","templated":true}]}}